{"id":536299,"date":"2024-03-21T15:15:48","date_gmt":"2024-03-21T18:15:48","guid":{"rendered":"https:\/\/www.suno.com.br\/noticias\/?p=536299"},"modified":"2024-03-21T15:15:55","modified_gmt":"2024-03-21T18:15:55","slug":"weg-wege3-alta-por-que-gpj","status":"publish","type":"post","link":"https:\/\/www.suno.com.br\/noticias\/weg-wege3-alta-por-que-gpj\/","title":{"rendered":"Weg (WEGE3): a\u00e7\u00f5es lideram ganhos no Ibovespa nesta quinta; saiba por qu\u00ea"},"content":{"rendered":"<p>As a\u00e7\u00f5es da <a href=\"https:\/\/www.suno.com.br\/acoes\/WEGE3\/\"><strong>Weg<\/strong> (WEGE3)<\/a> disparam nesta quinta-feira (21) no Ibovespa, liderando os ganhos do \u00edndice, com empresas de perfil mais defensivo sendo beneficiadas pela aprecia\u00e7\u00e3o do d\u00f3lar, segundo analista. <\/p>\t<div class=\"wrapper-featured-image\">\n\t\t<figure class=\"spotlightImg\">\n\n\t\t\t<picture>\n\t\t\t\t<source media=\"(max-width: 768px)\" srcset=\"https:\/\/files.sunoresearch.com.br\/n\/uploads\/2023\/07\/we-wege3-400x200.jpg\">\n\t\t\t\t<img loading=\"lazy\" decoding=\"async\" class=\"newsContent__article__imgCapa lazyloadDisabled \" src=\"https:\/\/files.sunoresearch.com.br\/n\/uploads\/2023\/07\/we-wege3-800x450.jpg\" width=\"800\" height=\"450\" alt=\"Weg (WEGE3): a\u00e7\u00f5es lideram ganhos no Ibovespa nesta quinta; saiba por qu\u00ea\" fetchpriority=high \/>\n\t\t\t<\/picture>\n\n\t\t\t<figcaption class=\"wp-caption-text wp-caption-text--show\">Weg (WEGE3). Foto: Reprodu\u00e7\u00e3o.<\/figcaption>\n\t\t<\/figure>\n\t<\/div>\n\n\n\n\n\n\n\n\t<p>\n\t\t<a href=\"\" target=\"_blank\" data-element=\"shortcode-suno-banner\" title=\"Banner SUNO, clique e saiba mais\">\n\t\t\t<picture>\n\t\t\t\t<source media=\"(max-width: 500px)\" srcset=\"\">\n\t\t\t\t<img class=\"newsContent__article__imgCapa newsContent__article__imgCapa--banner\"\n\t\t\t\t\tsrc=\"\"\n\t\t\t\t\tdata-promo-id=\"250708\"\t\t\t\t\t\t\t\t\t\t\t\t\t\t\talt=\"\"\n\t\t\t\t>\n\t\t\t<\/picture>\n\t\t<\/a>\n\t<\/p>\n\n\n\n\n\n<p>No intradia, as <strong><a href=\"https:\/\/www.suno.com.br\/artigos\/o-que-sao-acoes-ordinarias-preferenciais-e-units\/\">a\u00e7\u00f5es <\/a>da Weg <\/strong>(<strong>WEGE3<\/strong>) saltavam 2,11%, cotadas a R$ 39,65. <\/p>\n\n\n\n<div class=\"pluginQuotation\">\n  <p class=\"ticker\">\n    Cota\u00e7\u00e3o <span>WEGE3<\/span>\n  <\/p>\n  <div class=\"info\">\n    <div class=\"leftSide\">\n      Gr\u00e1fico gerado em: 21\/03\/2024    <\/div>\n\t\t\t\t\t<div class=\"rightSide\">\n\t\t\t\t\t<span class=\"period\">\n\t\t\t\t\t\t1 Dia\t\t\t\t\t<\/span>\n\t\t\t<\/div>\n\t\t  <\/div>\n\n  <div id=\"chart-89c50f5893d3ee2b9d1eff0bc60d92b1\" data-block-hash=\"89c50f5893d3ee2b9d1eff0bc60d92b1\"  class=\"chart\" style=\"width:100%;height:400px;\"><\/div>\n\n  <div class=\"pluginQuotation__footer\">\n    <div class=\"dataChart\">\n\n      <div class=\"dataChart__div1 variation\">\n        <div class=\"value-positive\">\n          1,82 (+0,71%)        <\/div>\n        <div class=\"text\">\n          Varia\u00e7\u00e3o do per\u00edodo\n        <\/div>\n      <\/div>\n\n      <div class=\"dataChart__div2 minMax\">\n        <div class=\"value\">\n          R$\u00a038,91        <\/div>\n        <div class=\"text\">\n          M\u00ednima\n        <\/div>\n      <\/div>\n\n      <div class=\"dataChart__div3 minMax\">\n        <div class=\"value\">\n          R$\u00a039,62        <\/div>\n        <div class=\"text\">\n          M\u00e1xima\n        <\/div>\n      <\/div>\n\n\t\t\t<div class=\"dataChart__div4 rightSide\">\n\t\t\t\t<div class=\"analiticaSource\">\n\t\t\t\t\t<span>\n\t\t\t\t\t\tFonte:\n\t\t\t\t\t<\/span>\n\t\t\t\t\t<img decoding=\"async\" class=\"analiticaLogo\" src=\"https:\/\/www.suno.com.br\/noticias\/wp-content\/plugins\/suno-block-ticker-quotation\/src\/suno-analitica-logo.png\" alt=\"Logo Suno Anal\u00edtica\" \/>\n\t\t\t\t<\/div>\n\n\t\t\t\t<a href=\"https:\/\/www.suno.com.br\/analitica\/acoes\/WEGE3\" target=\"_blank\">\n\t\t\t\t\t<span>\n\t\t\t\t\t\tVer mais cota\u00e7\u00f5es\n\t\t\t\t\t<\/span>\n\t\t\t\t\t<svg xmlns=\"http:\/\/www.w3.org\/2000\/svg\" width=\"9\" height=\"8\" viewBox=\"0 0 9 8\" fill=\"none\">\n\t\t\t\t\t\t<path d=\"M4.20996 0L3.50496 0.705L6.29496 3.5H0.209961V4.5H6.29496L3.50496 7.295L4.20996 8L8.20996 4L4.20996 0Z\" fill=\"#D42126\" \/>\n\t\t\t\t\t<\/svg>\n\t\t\t\t<\/a>\n    <\/div>\n\n    <\/div>\n  <\/div>\n<\/div>\n\n\n<script type=\"text\/javascript\">\n  let chart_89c50f5893d3ee2b9d1eff0bc60d92b1 = document.getElementById('chart-89c50f5893d3ee2b9d1eff0bc60d92b1');\n  let data_json_89c50f5893d3ee2b9d1eff0bc60d92b1 = \"[{\\\"date\\\":\\\"21\\\\\\\/03\\\\\\\/24 10:50\\\",\\\"value\\\":38.91},{\\\"date\\\":\\\"21\\\\\\\/03\\\\\\\/24 10:52\\\",\\\"value\\\":38.95},{\\\"date\\\":\\\"21\\\\\\\/03\\\\\\\/24 10:54\\\",\\\"value\\\":39.04},{\\\"date\\\":\\\"21\\\\\\\/03\\\\\\\/24 10:56\\\",\\\"value\\\":39.04},{\\\"date\\\":\\\"21\\\\\\\/03\\\\\\\/24 10:58\\\",\\\"value\\\":39.02},{\\\"date\\\":\\\"21\\\\\\\/03\\\\\\\/24 11:00\\\",\\\"value\\\":39},{\\\"date\\\":\\\"21\\\\\\\/03\\\\\\\/24 11:02\\\",\\\"value\\\":39.06},{\\\"date\\\":\\\"21\\\\\\\/03\\\\\\\/24 11:04\\\",\\\"value\\\":39.05},{\\\"date\\\":\\\"21\\\\\\\/03\\\\\\\/24 11:06\\\",\\\"value\\\":39.12},{\\\"date\\\":\\\"21\\\\\\\/03\\\\\\\/24 11:08\\\",\\\"value\\\":39.15},{\\\"date\\\":\\\"21\\\\\\\/03\\\\\\\/24 11:10\\\",\\\"value\\\":39.11},{\\\"date\\\":\\\"21\\\\\\\/03\\\\\\\/24 11:12\\\",\\\"value\\\":39.08},{\\\"date\\\":\\\"21\\\\\\\/03\\\\\\\/24 11:14\\\",\\\"value\\\":39.07},{\\\"date\\\":\\\"21\\\\\\\/03\\\\\\\/24 11:16\\\",\\\"value\\\":39.1},{\\\"date\\\":\\\"21\\\\\\\/03\\\\\\\/24 11:18\\\",\\\"value\\\":39.13},{\\\"date\\\":\\\"21\\\\\\\/03\\\\\\\/24 11:20\\\",\\\"value\\\":39.17},{\\\"date\\\":\\\"21\\\\\\\/03\\\\\\\/24 11:22\\\",\\\"value\\\":39.15},{\\\"date\\\":\\\"21\\\\\\\/03\\\\\\\/24 11:24\\\",\\\"value\\\":39.14},{\\\"date\\\":\\\"21\\\\\\\/03\\\\\\\/24 11:26\\\",\\\"value\\\":39.15},{\\\"date\\\":\\\"21\\\\\\\/03\\\\\\\/24 11:28\\\",\\\"value\\\":39.14},{\\\"date\\\":\\\"21\\\\\\\/03\\\\\\\/24 11:30\\\",\\\"value\\\":39.62},{\\\"date\\\":\\\"21\\\\\\\/03\\\\\\\/24 11:32\\\",\\\"value\\\":39.22},{\\\"date\\\":\\\"21\\\\\\\/03\\\\\\\/24 11:34\\\",\\\"value\\\":39.62}]\";\n  let isPositive_89c50f5893d3ee2b9d1eff0bc60d92b1 = true;\n\n  let color_89c50f5893d3ee2b9d1eff0bc60d92b1 = isPositive_89c50f5893d3ee2b9d1eff0bc60d92b1 ? '#3AB53A' : '#D92C2D';\n\n  let data_89c50f5893d3ee2b9d1eff0bc60d92b1 = JSON.parse(data_json_89c50f5893d3ee2b9d1eff0bc60d92b1);\n\n  const result_89c50f5893d3ee2b9d1eff0bc60d92b1 = {\n    date: [],\n    value: [],\n  };\n\n  data_89c50f5893d3ee2b9d1eff0bc60d92b1.forEach((item) => {\n    result_89c50f5893d3ee2b9d1eff0bc60d92b1.date.push(item.date);\n    result_89c50f5893d3ee2b9d1eff0bc60d92b1.value.push(Number(item.value));\n  });\n\n  let option_89c50f5893d3ee2b9d1eff0bc60d92b1 = {\n    \/\/ variavel de cor global\n    color: [color_89c50f5893d3ee2b9d1eff0bc60d92b1],\n    title: {\n      text: '',\n    },\n    tooltip: {\n      trigger: 'axis',\n      axisPointer: {\n        type: 'cross',\n        label: {\n          \/\/ cor dos valores em X e Y\n          backgroundColor: color_89c50f5893d3ee2b9d1eff0bc60d92b1,\n          formatter: (value) => {\n            if (typeof value.value === 'number') {\n              return Number(value.value).toLocaleString('pt-br', {\n                style: 'currency',\n                currency: 'BRL'\n              });\n            }\n            return value.value;\n          },\n        },\n      },\n      valueFormatter: (value) => Number(value).toLocaleString('pt-br', {\n        style: 'currency',\n        currency: 'BRL'\n      }),\n    },\n    legend: {\n      \/\/ data: ['Valor de Fechamento'],\n      show: false,\n    },\n    toolbox: {\n      feature: {\n        saveAsImage: {\n          show: false,\n        },\n      },\n    },\n    grid: {\n      left: '0px',\n      right: '0px',\n      bottom: '0px',\n      containLabel: true,\n    },\n    xAxis: [{\n      type: 'category',\n      data: result_89c50f5893d3ee2b9d1eff0bc60d92b1.date,\n      boundaryGap: true,\n    }],\n    yAxis: [{\n      type: 'value',\n      min: Math.min(...result_89c50f5893d3ee2b9d1eff0bc60d92b1.value),\n      max: Math.max(...result_89c50f5893d3ee2b9d1eff0bc60d92b1.value),\n      axisLabel: {\n        formatter: (value) => value.toLocaleString('pt-br', {\n          style: 'currency',\n          currency: 'BRL'\n        }),\n      },\n    }],\n    series: [{\n      name: 'Valor de Fechamento',\n      type: 'line',\n      stack: 'Total',\n      \/\/ cor do grafico\n      areaStyle: {},\n      emphasis: {\n        focus: 'series',\n      },\n      data: result_89c50f5893d3ee2b9d1eff0bc60d92b1.value,\n      \/\/ cor da linha\n      lineStyle: {\n        color: color_89c50f5893d3ee2b9d1eff0bc60d92b1,\n      },\n    }, ],\n  };\n\n\twindow.chart_89c50f5893d3ee2b9d1eff0bc60d92b1 = {\n\t\tel: chart_89c50f5893d3ee2b9d1eff0bc60d92b1,\n\t\toption: option_89c50f5893d3ee2b9d1eff0bc60d92b1\t};\n\n\n<\/script>\n\n\n\n<p>Rafael Passos, s\u00f3cio e analista da Ajax Asset Management, explica que a alta da Weg est\u00e1 bastante relacionada \u00e0 caracter\u00edstica do ativo. Segundo ele, com a aprecia\u00e7\u00e3o do d\u00f3lar, pap\u00e9is considerados defensivos tendem a se favorecer mais deste cen\u00e1rio.<\/p>\n\n\n\n<p>&#8220;A Weg hoje se beneficia hoje dessa receita dolarizada e, querendo ou n\u00e3o, possui grande parte da exposi\u00e7\u00e3o dela geogr\u00e1fica fora do Brasil. Ent\u00e3o a gente tem um pouco mais de resili\u00eancia com rela\u00e7\u00e3o \u00e0 resultado, e muito mais previsibilidade com rela\u00e7\u00e3o \u00e0 caixa&#8221;, explica.<\/p>\n\n\n\n<p>Ainda de acordo com o analista, a not\u00edcia divulgada pela ag\u00eancia Bloomberg de que a BYD resolveu aumentar em 80% os investimentos em sua f\u00e1brica na Bahia, a primeira fora da \u00c1sia, tamb\u00e9m acaba beneficiando os <strong>pap\u00e9is da Weg<\/strong>. <\/p>\n\n\n\n<p>Ao todo, segundo a publica\u00e7\u00e3o, a gigante chinesa de carros el\u00e9tricos planeja investir R$ 5,5 bilh\u00f5es no complexo, comparado a R$ 3 bilh\u00f5es anunciados inicialmente no ano passado. A produ\u00e7\u00e3o completa deve come\u00e7ar entre 2024 e 2025, e ter\u00e1 <a href=\"https:\/\/www.suno.com.br\/artigos\/capacidade-instalada\/\">capacidade instalada<\/a> de 150 mil ve\u00edculos por ano na primeira fase de implanta\u00e7\u00e3o, podendo chegar a 300 mil ve\u00edculos em uma segunda etapa.<\/p>\n\n\n\t<p>\n\t\t<a href=\"https:\/\/lp.suno.com.br\/ebook-como-analisar-uma-acao\/\" target=\"_blank\" data-element=\"shortcode-suno-banner\" title=\"Banner SUNO, clique e saiba mais\">\n\t\t\t<picture>\n\t\t\t\t<source media=\"(max-width: 500px)\" srcset=\"https:\/\/files.sunoresearch.com.br\/n\/uploads\/2023\/03\/Ebook-Acoes-Mobile.jpg\">\n\t\t\t\t<img class=\"newsContent__article__imgCapa newsContent__article__imgCapa--banner\"\n\t\t\t\t\tsrc=\"https:\/\/files.sunoresearch.com.br\/n\/uploads\/2023\/03\/Ebook-Acoes-Desktop.jpg\"\n\t\t\t\t\tdata-promo-id=\"378302\"\t\t\t\t\t\t\t\t\t\twidth='1420' height='286'\t\t\t\t\talt=\"https:\/\/files.sunoresearch.com.br\/n\/uploads\/2023\/03\/Ebook-Acoes-Desktop.jpg\"\n\t\t\t\t>\n\t\t\t<\/picture>\n\t\t<\/a>\n\t<\/p>\n\n\n\n\n\n<h2 class=\"wp-block-heading\">Weg (WEGE3) anuncia pagamento de R$ 242,34 milh\u00f5es em JCP; veja valor por a\u00e7\u00e3o<\/h2>\n\n\n\n<p>Na \u00faltima ter\u00e7a-feira (19), o conselho de administra\u00e7\u00e3o da Weg<strong> <\/strong>anunciou um novo pagamento de <a href=\"https:\/\/www.suno.com.br\/artigos\/entenda-o-jcp\/\">juros sobre capital pr\u00f3prio<\/a> (JCP), no valor de R$ 242,34 milh\u00f5es. Os juros sobre capital pr\u00f3prio da Weg ter\u00e3o o valor de R$ 0,057764706 por a\u00e7\u00e3o.<\/p>\n\n\n\n<p>Por outro lado, considerando a dedu\u00e7\u00e3o do imposto de renda na fonte devida a esse tipo de provento, com uma al\u00edquota de 15%, o valor l\u00edquido por a\u00e7\u00e3o ser\u00e1 de R$ 0,0491.<\/p>\n\n\n\n<p>Essa tributa\u00e7\u00e3o n\u00e3o ser\u00e1 devida aos investidores que comprovarem ser imunes ou isentos at\u00e9 o dia 22 de mar\u00e7o de 2024, juntamente ao Bradesco, que \u00e9 a institui\u00e7\u00e3o financeira escrituraria das a\u00e7\u00f5es da empresa.<\/p>\n\n\n\n<p>Os JCP da Weg ser\u00e3o pagos no dia 14 de agosto de 2024, sendo destinados somente aos titulares de <a href=\"https:\/\/www.suno.com.br\/artigos\/acoes-escriturais\/\">a\u00e7\u00f5es escriturais<\/a> at\u00e9 22 de mar\u00e7o de 2024. A partir do preg\u00e3o seguinte, dia 25, as a\u00e7\u00f5es adquiridas n\u00e3o ser\u00e3o contabilizadas na distribui\u00e7\u00e3o de proventos.<\/p>\n\n\n\n<p>Os proventos da Weg<strong> <\/strong>v\u00e3o ser imputados aos <a href=\"https:\/\/www.suno.com.br\/guias\/dividendos\/\">dividendos<\/a> obrigat\u00f3rios da companhia, em linha com a determina\u00e7\u00e3o do artigo 37 do seu <a href=\"https:\/\/www.suno.com.br\/artigos\/estatuto-social\/\">estatuto social<\/a>.<\/p>\n\n\n\n<h2 class=\"wp-block-heading\">Ita\u00fa BBA recomenda compra das a\u00e7\u00f5es da Weg<\/h2>\n\n\n\n<p>Os especialistas do Ita\u00fa BBA divulgaram um novo relat\u00f3rio sobre a Weg recentemente, e elevaram sua recomenda\u00e7\u00e3o para as a\u00e7\u00f5es da empresa, que passou a ser \u2018outperform\u2019, correspondente a \u2018compra\u2019. O pre\u00e7o-alvo colocado \u00e9 de R$ 47,00.<\/p>\n\n\n\n<p>A atualiza\u00e7\u00e3o da recomenda\u00e7\u00e3o das a\u00e7\u00f5es da Weg<strong> <\/strong>ocorreu depois de um rebaixamento em maio de 2023, ap\u00f3s as a\u00e7\u00f5es registrarem uma performance abaixo do Ibovespa em 30%.<\/p>\n\n\n\n<p>De acordo com os analistas da institui\u00e7\u00e3o, a perspectiva mais construtiva sobre a Weg se baseia em certas tend\u00eancias, dentre elas, as perspectivas de crescimento, que podem acelerar conforme a demanda por produtos de ciclo curto aumente de forma gradual durante este ano.<\/p>\n\n\n\n<p>Para o Ita\u00fa BBA, as expectativas de rentabilidade da <strong>Weg<\/strong> podem ter uma melhora, conforme a press\u00e3o sobre os pre\u00e7os fique cada vez mais perto de seu fim.<\/p>\n\n\n\t<p>\n\t\t<a href=\"https:\/\/lp.suno.com.br\/plataforma-de-controle-de-investimentos\/\" target=\"_blank\" data-element=\"shortcode-suno-banner\" title=\"Banner SUNO, clique e saiba mais\">\n\t\t\t<picture>\n\t\t\t\t<source media=\"(max-width: 500px)\" srcset=\"https:\/\/files.sunoresearch.com.br\/n\/uploads\/2023\/03\/400x300-Controle-de-Investimentos.png\">\n\t\t\t\t<img class=\"newsContent__article__imgCapa newsContent__article__imgCapa--banner\"\n\t\t\t\t\tsrc=\"https:\/\/files.sunoresearch.com.br\/n\/uploads\/2023\/03\/1420x240-Controle-de-Investimentos.png\"\n\t\t\t\t\tdata-promo-id=\"383162\"\t\t\t\t\t\t\t\t\t\twidth='1420' height='240'\t\t\t\t\talt=\"https:\/\/files.sunoresearch.com.br\/n\/uploads\/2023\/03\/1420x240-Controle-de-Investimentos.png\"\n\t\t\t\t>\n\t\t\t<\/picture>\n\t\t<\/a>\n\t<\/p>\n\n\n","protected":false},"excerpt":{"rendered":"<p>As a\u00e7\u00f5es da Weg (WEGE3) disparam nesta quinta-feira (21) no Ibovespa, liderando os ganhos do \u00edndice, com empresas de perfil mais defensivo sendo beneficiadas pela aprecia\u00e7\u00e3o do d\u00f3lar, segundo analista. Weg (WEGE3). Foto: Reprodu\u00e7\u00e3o. No intradia, as a\u00e7\u00f5es da Weg (WEGE3) saltavam 2,11%, cotadas a R$ 39,65. Rafael Passos, s\u00f3cio e analista da Ajax Asset [&hellip;]<\/p>\n","protected":false},"author":313,"featured_media":435026,"comment_status":"closed","ping_status":"closed","sticky":false,"template":"","format":"standard","meta":[],"categories":[64],"tags":[286,105816,681],"suno_strategy":[],"class_list":["post-536299","post","type-post","status-publish","format-standard","has-post-thumbnail","hentry","category-negocios","tag-acoes","tag-especialistas","tag-weg-wege3"],"yoast_head":"<!-- This site is optimized with the Yoast SEO plugin v24.4 - https:\/\/yoast.com\/wordpress\/plugins\/seo\/ -->\n<title>Weg (WEGE3): por que as a\u00e7\u00f5es saltam nesta quinta?<\/title>\n<meta name=\"description\" content=\"As a\u00e7\u00f5es de Weg (WEGE3) disparam nesta quinta-feira (21) no Ibovespa, liderando os ganhos do \u00edndice. Saiba o por qu\u00ea as a\u00e7\u00f5es de Weg sobem.\" \/>\n<meta name=\"robots\" content=\"index, follow, max-snippet:-1, max-image-preview:large, max-video-preview:-1\" \/>\n<link rel=\"canonical\" href=\"https:\/\/www.suno.com.br\/noticias\/weg-wege3-alta-por-que-gpj\/\" \/>\n<meta property=\"og:locale\" content=\"pt_BR\" \/>\n<meta property=\"og:type\" content=\"article\" \/>\n<meta property=\"og:title\" content=\"Weg (WEGE3): por que as a\u00e7\u00f5es saltam nesta quinta?\" \/>\n<meta property=\"og:description\" content=\"As a\u00e7\u00f5es de Weg (WEGE3) disparam nesta quinta-feira (21) no Ibovespa, liderando os ganhos do \u00edndice. Saiba o por qu\u00ea as a\u00e7\u00f5es de Weg sobem.\" \/>\n<meta property=\"og:url\" content=\"https:\/\/www.suno.com.br\/noticias\/weg-wege3-alta-por-que-gpj\/\" \/>\n<meta property=\"og:site_name\" content=\"Suno Not\u00edcias\" \/>\n<meta property=\"article:publisher\" content=\"https:\/\/facebook.com\/sunoresearch\" \/>\n<meta property=\"og:image\" content=\"https:\/\/files.sunoresearch.com.br\/n\/uploads\/2023\/07\/we-wege3.jpg\" \/>\n\t<meta property=\"og:image:width\" content=\"1200\" \/>\n\t<meta property=\"og:image:height\" content=\"675\" \/>\n\t<meta property=\"og:image:type\" content=\"image\/jpeg\" \/>\n<meta name=\"author\" content=\"Giovanni Porf\u00edrio Jacomino\" \/>\n<meta name=\"twitter:card\" content=\"summary_large_image\" \/>\n<meta name=\"twitter:creator\" content=\"@sunoresearch\" \/>\n<meta name=\"twitter:site\" content=\"@sunoresearch\" \/>\n<meta name=\"twitter:label1\" content=\"Escrito por\" \/>\n\t<meta name=\"twitter:data1\" content=\"Giovanni Porf\u00edrio Jacomino\" \/>\n\t<meta name=\"twitter:label2\" content=\"Est. tempo de leitura\" \/>\n\t<meta name=\"twitter:data2\" content=\"4 minutos\" \/>\n<script type=\"application\/ld+json\" class=\"yoast-schema-graph\">{\"@context\":\"https:\/\/schema.org\",\"@graph\":[{\"@type\":\"NewsArticle\",\"@id\":\"https:\/\/www.suno.com.br\/noticias\/weg-wege3-alta-por-que-gpj\/#article\",\"isPartOf\":{\"@id\":\"https:\/\/www.suno.com.br\/noticias\/weg-wege3-alta-por-que-gpj\/\"},\"author\":{\"name\":\"Giovanni Porf\u00edrio Jacomino\",\"@id\":\"https:\/\/www.suno.com.br\/noticias\/#\/schema\/person\/d0f32748bbca4bee871fa191ee4e2d40\"},\"headline\":\"Weg (WEGE3): a\u00e7\u00f5es lideram ganhos no Ibovespa nesta quinta; saiba por qu\u00ea\",\"datePublished\":\"2024-03-21T18:15:48+00:00\",\"dateModified\":\"2024-03-21T18:15:55+00:00\",\"mainEntityOfPage\":{\"@id\":\"https:\/\/www.suno.com.br\/noticias\/weg-wege3-alta-por-que-gpj\/\"},\"wordCount\":625,\"publisher\":{\"@id\":\"https:\/\/www.suno.com.br\/noticias\/#organization\"},\"image\":{\"@id\":\"https:\/\/www.suno.com.br\/noticias\/weg-wege3-alta-por-que-gpj\/#primaryimage\"},\"thumbnailUrl\":\"https:\/\/files.sunoresearch.com.br\/n\/uploads\/2023\/07\/we-wege3.jpg\",\"keywords\":[\"A\u00e7\u00f5es\",\"Especialistas\",\"Weg (WEGE3)\"],\"articleSection\":[\"Neg\u00f3cios\"],\"inLanguage\":\"pt-BR\"},{\"@type\":\"WebPage\",\"@id\":\"https:\/\/www.suno.com.br\/noticias\/weg-wege3-alta-por-que-gpj\/\",\"url\":\"https:\/\/www.suno.com.br\/noticias\/weg-wege3-alta-por-que-gpj\/\",\"name\":\"Weg (WEGE3): por que as a\u00e7\u00f5es saltam nesta quinta?\",\"isPartOf\":{\"@id\":\"https:\/\/www.suno.com.br\/noticias\/#website\"},\"primaryImageOfPage\":{\"@id\":\"https:\/\/www.suno.com.br\/noticias\/weg-wege3-alta-por-que-gpj\/#primaryimage\"},\"image\":{\"@id\":\"https:\/\/www.suno.com.br\/noticias\/weg-wege3-alta-por-que-gpj\/#primaryimage\"},\"thumbnailUrl\":\"https:\/\/files.sunoresearch.com.br\/n\/uploads\/2023\/07\/we-wege3.jpg\",\"datePublished\":\"2024-03-21T18:15:48+00:00\",\"dateModified\":\"2024-03-21T18:15:55+00:00\",\"description\":\"As a\u00e7\u00f5es de Weg (WEGE3) disparam nesta quinta-feira (21) no Ibovespa, liderando os ganhos do \u00edndice. Saiba o por qu\u00ea as a\u00e7\u00f5es de Weg sobem.\",\"breadcrumb\":{\"@id\":\"https:\/\/www.suno.com.br\/noticias\/weg-wege3-alta-por-que-gpj\/#breadcrumb\"},\"inLanguage\":\"pt-BR\",\"potentialAction\":[{\"@type\":\"ReadAction\",\"target\":[\"https:\/\/www.suno.com.br\/noticias\/weg-wege3-alta-por-que-gpj\/\"]}]},{\"@type\":\"ImageObject\",\"inLanguage\":\"pt-BR\",\"@id\":\"https:\/\/www.suno.com.br\/noticias\/weg-wege3-alta-por-que-gpj\/#primaryimage\",\"url\":\"https:\/\/files.sunoresearch.com.br\/n\/uploads\/2023\/07\/we-wege3.jpg\",\"contentUrl\":\"https:\/\/files.sunoresearch.com.br\/n\/uploads\/2023\/07\/we-wege3.jpg\",\"width\":1200,\"height\":675,\"caption\":\"Weg (WEGE3). Foto: Reprodu\u00e7\u00e3o.\"},{\"@type\":\"BreadcrumbList\",\"@id\":\"https:\/\/www.suno.com.br\/noticias\/weg-wege3-alta-por-que-gpj\/#breadcrumb\",\"itemListElement\":[{\"@type\":\"ListItem\",\"position\":1,\"name\":\"Not\u00edcias\",\"item\":\"https:\/\/www.suno.com.br\/noticias\/\"},{\"@type\":\"ListItem\",\"position\":2,\"name\":\"Neg\u00f3cios\",\"item\":\"https:\/\/www.suno.com.br\/noticias\/negocios\/\"},{\"@type\":\"ListItem\",\"position\":3,\"name\":\"Weg (WEGE3): a\u00e7\u00f5es lideram ganhos no Ibovespa nesta quinta; saiba por qu\u00ea\"}]},{\"@type\":\"WebSite\",\"@id\":\"https:\/\/www.suno.com.br\/noticias\/#website\",\"url\":\"https:\/\/www.suno.com.br\/noticias\/\",\"name\":\"Suno Not\u00edcias\",\"description\":\"Seu portal de informa\u00e7\u00e3o sobre o mundo dos investimentos\",\"publisher\":{\"@id\":\"https:\/\/www.suno.com.br\/noticias\/#organization\"},\"potentialAction\":[{\"@type\":\"SearchAction\",\"target\":{\"@type\":\"EntryPoint\",\"urlTemplate\":\"https:\/\/www.suno.com.br\/noticias\/?s={search_term_string}\"},\"query-input\":{\"@type\":\"PropertyValueSpecification\",\"valueRequired\":true,\"valueName\":\"search_term_string\"}}],\"inLanguage\":\"pt-BR\"},{\"@type\":\"Organization\",\"@id\":\"https:\/\/www.suno.com.br\/noticias\/#organization\",\"name\":\"Suno Not\u00edcias\",\"url\":\"https:\/\/www.suno.com.br\/noticias\/\",\"logo\":{\"@type\":\"ImageObject\",\"inLanguage\":\"pt-BR\",\"@id\":\"https:\/\/www.suno.com.br\/noticias\/#\/schema\/logo\/image\/\",\"url\":\"https:\/\/files.sunoresearch.com.br\/n\/uploads\/2021\/09\/suno-logo.png\",\"contentUrl\":\"https:\/\/files.sunoresearch.com.br\/n\/uploads\/2021\/09\/suno-logo.png\",\"width\":180,\"height\":180,\"caption\":\"Suno Not\u00edcias\"},\"image\":{\"@id\":\"https:\/\/www.suno.com.br\/noticias\/#\/schema\/logo\/image\/\"},\"sameAs\":[\"https:\/\/facebook.com\/sunoresearch\",\"https:\/\/x.com\/sunoresearch\",\"https:\/\/www.instagram.com\/suno\",\"https:\/\/www.linkedin.com\/company\/suno-research\/\",\"https:\/\/www.youtube.com\/c\/sunoresearch\"]},{\"@type\":\"Person\",\"@id\":\"https:\/\/www.suno.com.br\/noticias\/#\/schema\/person\/d0f32748bbca4bee871fa191ee4e2d40\",\"name\":\"Giovanni Porf\u00edrio Jacomino\",\"image\":{\"@type\":\"ImageObject\",\"inLanguage\":\"pt-BR\",\"@id\":\"https:\/\/www.suno.com.br\/noticias\/#\/schema\/person\/image\/\",\"url\":\"https:\/\/secure.gravatar.com\/avatar\/efb32e19b730a121cb7a80f41ffec01a?s=96&r=g\",\"contentUrl\":\"https:\/\/secure.gravatar.com\/avatar\/efb32e19b730a121cb7a80f41ffec01a?s=96&r=g\",\"caption\":\"Giovanni Porf\u00edrio Jacomino\"},\"description\":\"Giovanni Porf\u00edrio Jacomino \u00e9 jornalista formado pela Universidade Estadual de Londrina (UEL) e p\u00f3s-graduado em Produ\u00e7\u00e3o e Pr\u00e1ticas Jornal\u00edsticas na Contemporaneidade na Faculdade C\u00e1sper L\u00edbero (FCL). Foi editor web no Startupi e no Finsiders, atuando ainda como editor no TC Mover, portal de not\u00edcias da TradersClub, fazendo a cobertura de assuntos relacionados ao mercado financeiro interno e externo. Atualmente, \u00e9 Rep\u00f3rter do Suno Not\u00edcias.\",\"url\":\"https:\/\/www.suno.com.br\/noticias\/author\/giovanni-porfiriosuno-com-br\/\"}]}<\/script>\n<!-- \/ Yoast SEO plugin. -->","yoast_head_json":{"title":"Weg (WEGE3): por que as a\u00e7\u00f5es saltam nesta quinta?","description":"As a\u00e7\u00f5es de Weg (WEGE3) disparam nesta quinta-feira (21) no Ibovespa, liderando os ganhos do \u00edndice. Saiba o por qu\u00ea as a\u00e7\u00f5es de Weg sobem.","robots":{"index":"index","follow":"follow","max-snippet":"max-snippet:-1","max-image-preview":"max-image-preview:large","max-video-preview":"max-video-preview:-1"},"canonical":"https:\/\/www.suno.com.br\/noticias\/weg-wege3-alta-por-que-gpj\/","og_locale":"pt_BR","og_type":"article","og_title":"Weg (WEGE3): por que as a\u00e7\u00f5es saltam nesta quinta?","og_description":"As a\u00e7\u00f5es de Weg (WEGE3) disparam nesta quinta-feira (21) no Ibovespa, liderando os ganhos do \u00edndice. Saiba o por qu\u00ea as a\u00e7\u00f5es de Weg sobem.","og_url":"https:\/\/www.suno.com.br\/noticias\/weg-wege3-alta-por-que-gpj\/","og_site_name":"Suno Not\u00edcias","article_publisher":"https:\/\/facebook.com\/sunoresearch","og_image":[{"width":1200,"height":675,"url":"https:\/\/files.sunoresearch.com.br\/n\/uploads\/2023\/07\/we-wege3.jpg","type":"image\/jpeg"}],"author":"Giovanni Porf\u00edrio Jacomino","twitter_card":"summary_large_image","twitter_creator":"@sunoresearch","twitter_site":"@sunoresearch","twitter_misc":{"Escrito por":"Giovanni Porf\u00edrio Jacomino","Est. tempo de leitura":"4 minutos"},"schema":{"@context":"https:\/\/schema.org","@graph":[{"@type":"NewsArticle","@id":"https:\/\/www.suno.com.br\/noticias\/weg-wege3-alta-por-que-gpj\/#article","isPartOf":{"@id":"https:\/\/www.suno.com.br\/noticias\/weg-wege3-alta-por-que-gpj\/"},"author":{"name":"Giovanni Porf\u00edrio Jacomino","@id":"https:\/\/www.suno.com.br\/noticias\/#\/schema\/person\/d0f32748bbca4bee871fa191ee4e2d40"},"headline":"Weg (WEGE3): a\u00e7\u00f5es lideram ganhos no Ibovespa nesta quinta; saiba por qu\u00ea","datePublished":"2024-03-21T18:15:48+00:00","dateModified":"2024-03-21T18:15:55+00:00","mainEntityOfPage":{"@id":"https:\/\/www.suno.com.br\/noticias\/weg-wege3-alta-por-que-gpj\/"},"wordCount":625,"publisher":{"@id":"https:\/\/www.suno.com.br\/noticias\/#organization"},"image":{"@id":"https:\/\/www.suno.com.br\/noticias\/weg-wege3-alta-por-que-gpj\/#primaryimage"},"thumbnailUrl":"https:\/\/files.sunoresearch.com.br\/n\/uploads\/2023\/07\/we-wege3.jpg","keywords":["A\u00e7\u00f5es","Especialistas","Weg (WEGE3)"],"articleSection":["Neg\u00f3cios"],"inLanguage":"pt-BR"},{"@type":"WebPage","@id":"https:\/\/www.suno.com.br\/noticias\/weg-wege3-alta-por-que-gpj\/","url":"https:\/\/www.suno.com.br\/noticias\/weg-wege3-alta-por-que-gpj\/","name":"Weg (WEGE3): por que as a\u00e7\u00f5es saltam nesta quinta?","isPartOf":{"@id":"https:\/\/www.suno.com.br\/noticias\/#website"},"primaryImageOfPage":{"@id":"https:\/\/www.suno.com.br\/noticias\/weg-wege3-alta-por-que-gpj\/#primaryimage"},"image":{"@id":"https:\/\/www.suno.com.br\/noticias\/weg-wege3-alta-por-que-gpj\/#primaryimage"},"thumbnailUrl":"https:\/\/files.sunoresearch.com.br\/n\/uploads\/2023\/07\/we-wege3.jpg","datePublished":"2024-03-21T18:15:48+00:00","dateModified":"2024-03-21T18:15:55+00:00","description":"As a\u00e7\u00f5es de Weg (WEGE3) disparam nesta quinta-feira (21) no Ibovespa, liderando os ganhos do \u00edndice. Saiba o por qu\u00ea as a\u00e7\u00f5es de Weg sobem.","breadcrumb":{"@id":"https:\/\/www.suno.com.br\/noticias\/weg-wege3-alta-por-que-gpj\/#breadcrumb"},"inLanguage":"pt-BR","potentialAction":[{"@type":"ReadAction","target":["https:\/\/www.suno.com.br\/noticias\/weg-wege3-alta-por-que-gpj\/"]}]},{"@type":"ImageObject","inLanguage":"pt-BR","@id":"https:\/\/www.suno.com.br\/noticias\/weg-wege3-alta-por-que-gpj\/#primaryimage","url":"https:\/\/files.sunoresearch.com.br\/n\/uploads\/2023\/07\/we-wege3.jpg","contentUrl":"https:\/\/files.sunoresearch.com.br\/n\/uploads\/2023\/07\/we-wege3.jpg","width":1200,"height":675,"caption":"Weg (WEGE3). Foto: Reprodu\u00e7\u00e3o."},{"@type":"BreadcrumbList","@id":"https:\/\/www.suno.com.br\/noticias\/weg-wege3-alta-por-que-gpj\/#breadcrumb","itemListElement":[{"@type":"ListItem","position":1,"name":"Not\u00edcias","item":"https:\/\/www.suno.com.br\/noticias\/"},{"@type":"ListItem","position":2,"name":"Neg\u00f3cios","item":"https:\/\/www.suno.com.br\/noticias\/negocios\/"},{"@type":"ListItem","position":3,"name":"Weg (WEGE3): a\u00e7\u00f5es lideram ganhos no Ibovespa nesta quinta; saiba por qu\u00ea"}]},{"@type":"WebSite","@id":"https:\/\/www.suno.com.br\/noticias\/#website","url":"https:\/\/www.suno.com.br\/noticias\/","name":"Suno Not\u00edcias","description":"Seu portal de informa\u00e7\u00e3o sobre o mundo dos investimentos","publisher":{"@id":"https:\/\/www.suno.com.br\/noticias\/#organization"},"potentialAction":[{"@type":"SearchAction","target":{"@type":"EntryPoint","urlTemplate":"https:\/\/www.suno.com.br\/noticias\/?s={search_term_string}"},"query-input":{"@type":"PropertyValueSpecification","valueRequired":true,"valueName":"search_term_string"}}],"inLanguage":"pt-BR"},{"@type":"Organization","@id":"https:\/\/www.suno.com.br\/noticias\/#organization","name":"Suno Not\u00edcias","url":"https:\/\/www.suno.com.br\/noticias\/","logo":{"@type":"ImageObject","inLanguage":"pt-BR","@id":"https:\/\/www.suno.com.br\/noticias\/#\/schema\/logo\/image\/","url":"https:\/\/files.sunoresearch.com.br\/n\/uploads\/2021\/09\/suno-logo.png","contentUrl":"https:\/\/files.sunoresearch.com.br\/n\/uploads\/2021\/09\/suno-logo.png","width":180,"height":180,"caption":"Suno Not\u00edcias"},"image":{"@id":"https:\/\/www.suno.com.br\/noticias\/#\/schema\/logo\/image\/"},"sameAs":["https:\/\/facebook.com\/sunoresearch","https:\/\/x.com\/sunoresearch","https:\/\/www.instagram.com\/suno","https:\/\/www.linkedin.com\/company\/suno-research\/","https:\/\/www.youtube.com\/c\/sunoresearch"]},{"@type":"Person","@id":"https:\/\/www.suno.com.br\/noticias\/#\/schema\/person\/d0f32748bbca4bee871fa191ee4e2d40","name":"Giovanni Porf\u00edrio Jacomino","image":{"@type":"ImageObject","inLanguage":"pt-BR","@id":"https:\/\/www.suno.com.br\/noticias\/#\/schema\/person\/image\/","url":"https:\/\/secure.gravatar.com\/avatar\/efb32e19b730a121cb7a80f41ffec01a?s=96&r=g","contentUrl":"https:\/\/secure.gravatar.com\/avatar\/efb32e19b730a121cb7a80f41ffec01a?s=96&r=g","caption":"Giovanni Porf\u00edrio Jacomino"},"description":"Giovanni Porf\u00edrio Jacomino \u00e9 jornalista formado pela Universidade Estadual de Londrina (UEL) e p\u00f3s-graduado em Produ\u00e7\u00e3o e Pr\u00e1ticas Jornal\u00edsticas na Contemporaneidade na Faculdade C\u00e1sper L\u00edbero (FCL). Foi editor web no Startupi e no Finsiders, atuando ainda como editor no TC Mover, portal de not\u00edcias da TradersClub, fazendo a cobertura de assuntos relacionados ao mercado financeiro interno e externo. Atualmente, \u00e9 Rep\u00f3rter do Suno Not\u00edcias.","url":"https:\/\/www.suno.com.br\/noticias\/author\/giovanni-porfiriosuno-com-br\/"}]}},"default_loop_html":"<div class=\"cardsPage__listCard__boxs\"><div class=\"cardsPage__listCard__boxs__img\"><a href=\"https:\/\/www.suno.com.br\/noticias\/weg-wege3-alta-por-que-gpj\/\"><img class=\"mask\" src=\"https:\/\/www.suno.com.br\/noticias\/wp-content\/themes\/suno\/resources\/images\/spotlight\/spotlight1img\/bg-mask.png\" alt=\"Image Mask\"\/><img src=\"https:\/\/files.sunoresearch.com.br\/n\/uploads\/2023\/07\/we-wege3-400x200.jpg\" alt=\"Weg (WEGE3): a\u00e7\u00f5es lideram ganhos no Ibovespa nesta quinta; saiba por qu\u00ea\"\/><\/a><span class=\"spotlightCategory\"><a href=\"https:\/\/www.suno.com.br\/noticias\/negocios\/\">Neg\u00f3cios<\/a><\/span><\/div><div class=\"cardsPage__listCard__boxs__content\"><a href=\"https:\/\/www.suno.com.br\/noticias\/weg-wege3-alta-por-que-gpj\/\"><h2 class=\"content__title\">Weg (WEGE3): a\u00e7\u00f5es lideram ganhos no Ibovespa nesta quinta; saiba por qu\u00ea<\/h2><\/a><div class=\"newsContent__article__meta\"><div class=\"newsContent__article__meta__authorBox\"><a href=\"https:\/\/www.suno.com.br\/noticias\/author\/giovanni-porfiriosuno-com-br\/\" class=\"authorBox__avatar noMobi\"><img src=\"https:\/\/files.sunoresearch.com.br\/n\/uploads\/2024\/05\/DSCF4115-1-1-150x150.webp\" alt=\"Giovanni Porf\u00edrio Jacomino\"><\/a><div class=\"authorBox__name\"><span>por\n\t\t\t<a href=\"https:\/\/www.suno.com.br\/noticias\/author\/giovanni-porfiriosuno-com-br\/\"><span itemprop=\"author\">Giovanni Porf\u00edrio Jacomino<\/span><\/a><\/span><time datetime=\"2024-03-21T15:15:48-03:00\" itemprop=\"datePublished\">21\/03\/2024 15:15<\/time><\/div><\/div><\/div><\/div><\/div>","single_layout":"posts","amp_enabled":true,"_links":{"self":[{"href":"https:\/\/www.suno.com.br\/noticias\/wp-json\/wp\/v2\/posts\/536299"}],"collection":[{"href":"https:\/\/www.suno.com.br\/noticias\/wp-json\/wp\/v2\/posts"}],"about":[{"href":"https:\/\/www.suno.com.br\/noticias\/wp-json\/wp\/v2\/types\/post"}],"author":[{"embeddable":true,"href":"https:\/\/www.suno.com.br\/noticias\/wp-json\/wp\/v2\/users\/313"}],"replies":[{"embeddable":true,"href":"https:\/\/www.suno.com.br\/noticias\/wp-json\/wp\/v2\/comments?post=536299"}],"version-history":[{"count":2,"href":"https:\/\/www.suno.com.br\/noticias\/wp-json\/wp\/v2\/posts\/536299\/revisions"}],"predecessor-version":[{"id":536332,"href":"https:\/\/www.suno.com.br\/noticias\/wp-json\/wp\/v2\/posts\/536299\/revisions\/536332"}],"wp:featuredmedia":[{"embeddable":true,"href":"https:\/\/www.suno.com.br\/noticias\/wp-json\/wp\/v2\/media\/435026"}],"wp:attachment":[{"href":"https:\/\/www.suno.com.br\/noticias\/wp-json\/wp\/v2\/media?parent=536299"}],"wp:term":[{"taxonomy":"category","embeddable":true,"href":"https:\/\/www.suno.com.br\/noticias\/wp-json\/wp\/v2\/categories?post=536299"},{"taxonomy":"post_tag","embeddable":true,"href":"https:\/\/www.suno.com.br\/noticias\/wp-json\/wp\/v2\/tags?post=536299"},{"taxonomy":"suno_strategy","embeddable":true,"href":"https:\/\/www.suno.com.br\/noticias\/wp-json\/wp\/v2\/suno_strategy?post=536299"}],"curies":[{"name":"wp","href":"https:\/\/api.w.org\/{rel}","templated":true}]}}