{"id":536163,"date":"2024-03-21T10:24:09","date_gmt":"2024-03-21T13:24:09","guid":{"rendered":"https:\/\/www.suno.com.br\/noticias\/?p=536163"},"modified":"2024-03-21T10:43:25","modified_gmt":"2024-03-21T13:43:25","slug":"dia-recuperacao-judicial-gpj","status":"publish","type":"post","link":"https:\/\/www.suno.com.br\/noticias\/dia-recuperacao-judicial-gpj\/","title":{"rendered":"Rede de supermercados Dia entra com pedido de recupera\u00e7\u00e3o judicial no Brasil; saiba mais"},"content":{"rendered":"<p>A opera\u00e7\u00e3o brasileira da rede de supermercados <strong>Dia<\/strong> entrou nesta quinta-feira (21) com um pedido de <a href=\"https:\/\/www.suno.com.br\/artigos\/recuperacao-judicial\/\">recupera\u00e7\u00e3o judicial<\/a>, com o objetivo de &#8220;tentar superar a sua atual situa\u00e7\u00e3o econ\u00f4mica e financeira&#8221;, segundo comunicado pela companhia. A d\u00edvida da empresa \u00e9 estimada em mais de R$ 1 bilh\u00e3o.<\/p>\t<div class=\"wrapper-featured-image\">\n\t\t<figure class=\"spotlightImg\">\n\n\t\t\t<picture>\n\t\t\t\t<source media=\"(max-width: 768px)\" srcset=\"https:\/\/files.sunoresearch.com.br\/n\/uploads\/2024\/03\/Dia-BR_Tienda-400x200.jpeg\">\n\t\t\t\t<img loading=\"lazy\" decoding=\"async\" class=\"newsContent__article__imgCapa lazyloadDisabled \" src=\"https:\/\/files.sunoresearch.com.br\/n\/uploads\/2024\/03\/Dia-BR_Tienda-800x450.jpeg\" width=\"800\" height=\"450\" alt=\"Rede de supermercados Dia entra com pedido de recupera\u00e7\u00e3o judicial no Brasil; saiba mais\" fetchpriority=high \/>\n\t\t\t<\/picture>\n\n\t\t\t<figcaption class=\"wp-caption-text wp-caption-text--show\">Supermercado Dia. Foto: Divulga\u00e7\u00e3o\/Dia.<\/figcaption>\n\t\t<\/figure>\n\t<\/div>\n\n\n\n\n\n\n\n\t<p>\n\t\t<a href=\"https:\/\/lp.suno.com.br\/planilha-da-vida-financeira\/\" target=\"_blank\" data-element=\"shortcode-suno-banner\" title=\"Banner SUNO, clique e saiba mais\">\n\t\t\t<picture>\n\t\t\t\t<source media=\"(max-width: 500px)\" srcset=\"https:\/\/files.sunoresearch.com.br\/n\/uploads\/2023\/04\/400x300-Planilha-vida-financeira-true.png\">\n\t\t\t\t<img class=\"newsContent__article__imgCapa newsContent__article__imgCapa--banner\"\n\t\t\t\t\tsrc=\"https:\/\/files.sunoresearch.com.br\/n\/uploads\/2023\/04\/1420x240-Planilha-vida-financeira-true.png\"\n\t\t\t\t\tdata-promo-id=\"106682\"\t\t\t\t\t\t\t\t\t\twidth='1420' height='240'\t\t\t\t\talt=\"https:\/\/files.sunoresearch.com.br\/n\/uploads\/2023\/04\/1420x240-Planilha-vida-financeira-true.png\"\n\t\t\t\t>\n\t\t\t<\/picture>\n\t\t<\/a>\n\t<\/p>\n\n\n\n\n\n<p>O decis\u00e3o pelo pedido de <strong>recupera\u00e7\u00e3o judicial do Dia<\/strong> veio uma semana depois que a companhia anunciou o fechamento de 343 supermercados e 3 centros de distribui\u00e7\u00e3o no Brasil, permanecendo apenas em S\u00e3o Paulo, ap\u00f3s cerca de 23 anos atuando no pa\u00eds.<\/p>\n\n\n\n<p>&#8220;Desde a sue chegada ao Brasil, em 2001, o <strong>Grupo Dia<\/strong> tem realizado um forte investimento e esfor\u00e7o no pa\u00eds que n\u00e3o obteve o retorno esperado, persistindo em perdas recorrentes, situa\u00e7\u00e3o que finalmente levou \u00e0 decis\u00e3o de optar pelo referido processo de recupera\u00e7\u00e3o judicial como um potencial estabilizador da situa\u00e7\u00e3o do Dia Brasil&#8221;, escreveu a empresa em comunicado.<\/p>\n\n\n\n<p>Ainda de acordo com a varejista, o pedido de recupera\u00e7\u00e3o judicial limita-se exclusivamente \u00e0 opera\u00e7\u00e3o brasileira e, portanto, n\u00e3o impacta a situa\u00e7\u00e3o financeira da Espanha e da Argentina, &#8220;onde o Grupo Dia alcan\u00e7ou atualmente uma posi\u00e7\u00e3o relevante com uma estrat\u00e9gia focada na distribui\u00e7\u00e3o local de alimentos&#8221;.<\/p>\n\n\n\t<p>\n\t\t<a href=\"https:\/\/lp.suno.com.br\/ebook-como-analisar-uma-acao\/\" target=\"_blank\" data-element=\"shortcode-suno-banner\" title=\"Banner SUNO, clique e saiba mais\">\n\t\t\t<picture>\n\t\t\t\t<source media=\"(max-width: 500px)\" srcset=\"https:\/\/files.sunoresearch.com.br\/n\/uploads\/2023\/03\/Ebook-Acoes-Mobile.jpg\">\n\t\t\t\t<img class=\"newsContent__article__imgCapa newsContent__article__imgCapa--banner\"\n\t\t\t\t\tsrc=\"https:\/\/files.sunoresearch.com.br\/n\/uploads\/2023\/03\/Ebook-Acoes-Desktop.jpg\"\n\t\t\t\t\tdata-promo-id=\"378302\"\t\t\t\t\t\t\t\t\t\twidth='1420' height='286'\t\t\t\t\talt=\"https:\/\/files.sunoresearch.com.br\/n\/uploads\/2023\/03\/Ebook-Acoes-Desktop.jpg\"\n\t\t\t\t>\n\t\t\t<\/picture>\n\t\t<\/a>\n\t<\/p>\n\n\n\n\n\n<h2 class=\"wp-block-heading\">Grupo Dia anunciou fechamento de 343 lojas no Brasil<\/h2>\n\n\n\n<p>No \u00faltimo dia 14 de mar\u00e7o, a empresa anunciou o fechamento de 343 lojas e tr\u00eas armaz\u00e9ns, permanecendo apenas em S\u00e3o Paulo. O movimento faz parte do processo de reestrutura\u00e7\u00e3o de sua opera\u00e7\u00e3o no Brasil.<\/p>\n\n\n\n<p>Em comunicado enviado \u00e0 Comiss\u00e3o Nacional do Mercado de Valores (CNNV), ag\u00eancia reguladora espanhola, e assinado por Guillaume Marie Didier, diretor financeiro do Grupo Dia, a empresa informou que a medida foi tomada em fun\u00e7\u00e3o dos &#8220;persistentes resultados negativos do Dia Brasil&#8221;. &#8220;S\u00e3o lojas de baixo desempenho&#8221;, escreveu.<\/p>\n\n\n\n<p>Tamb\u00e9m em nota \u00e0 imprensa, a companhia afirmou que estava ajustando o n\u00famero de lojas no Brasil para focar na regi\u00e3o de S\u00e3o Paulo, onde concentra sua opera\u00e7\u00e3o e continuar\u00e1 operando 244 unidades.<\/p>\n\n\n\n<p>Em agosto do ano passado, o Grupo<strong> Dia <\/strong>anunciou sua sa\u00edda de Portugal, onde vendeu quase 500 unidades para se concentrar em seus mercados principais. Em fevereiro deste ano, o grupo reduziu seu preju\u00edzo l\u00edquido anual para 30 milh\u00f5es de euros, ante preju\u00edzo de 124 milh\u00f5es de euros registrado em 2022.<\/p>\n\n\n\t<p>\n\t\t<a href=\"https:\/\/lp.suno.com.br\/planilha-da-vida-financeira\/\" target=\"_blank\" data-element=\"shortcode-suno-banner\" title=\"Banner SUNO, clique e saiba mais\">\n\t\t\t<picture>\n\t\t\t\t<source media=\"(max-width: 500px)\" srcset=\"https:\/\/files.sunoresearch.com.br\/n\/uploads\/2023\/04\/400x300-Planilha-vida-financeira-true.png\">\n\t\t\t\t<img class=\"newsContent__article__imgCapa newsContent__article__imgCapa--banner\"\n\t\t\t\t\tsrc=\"https:\/\/files.sunoresearch.com.br\/n\/uploads\/2023\/04\/1420x240-Planilha-vida-financeira-true.png\"\n\t\t\t\t\tdata-promo-id=\"383123\"\t\t\t\t\t\t\t\t\t\twidth='1420' height='240'\t\t\t\t\talt=\"https:\/\/files.sunoresearch.com.br\/n\/uploads\/2023\/04\/1420x240-Planilha-vida-financeira-true.png\"\n\t\t\t\t>\n\t\t\t<\/picture>\n\t\t<\/a>\n\t<\/p>\n\n\n","protected":false},"excerpt":{"rendered":"<p>A opera\u00e7\u00e3o brasileira da rede de supermercados Dia entrou nesta quinta-feira (21) com um pedido de recupera\u00e7\u00e3o judicial, com o objetivo de &#8220;tentar superar a sua atual situa\u00e7\u00e3o econ\u00f4mica e financeira&#8221;, segundo comunicado pela companhia. A d\u00edvida da empresa \u00e9 estimada em mais de R$ 1 bilh\u00e3o. Supermercado Dia. Foto: Divulga\u00e7\u00e3o\/Dia. O decis\u00e3o pelo pedido [&hellip;]<\/p>\n","protected":false},"author":313,"featured_media":536166,"comment_status":"closed","ping_status":"closed","sticky":false,"template":"","format":"standard","meta":[],"categories":[64],"tags":[803],"suno_strategy":[],"class_list":["post-536163","post","type-post","status-publish","format-standard","has-post-thumbnail","hentry","category-negocios","tag-varejo"],"yoast_head":"<!-- This site is optimized with the Yoast SEO plugin v24.4 - https:\/\/yoast.com\/wordpress\/plugins\/seo\/ -->\n<title>Dia entra com pedido de recupera\u00e7\u00e3o judicial no Brasil; saiba mais<\/title>\n<meta name=\"description\" content=\"Para o Dia, o objetivo \u00e9 &quot;tentar superar a atual situa\u00e7\u00e3o econ\u00f4mica e financeira&quot;. Saiba mais sobre o pedido de recupera\u00e7\u00e3o judicial do Dia.\" \/>\n<meta name=\"robots\" content=\"index, follow, max-snippet:-1, max-image-preview:large, max-video-preview:-1\" \/>\n<link rel=\"canonical\" href=\"https:\/\/www.suno.com.br\/noticias\/dia-recuperacao-judicial-gpj\/\" \/>\n<meta property=\"og:locale\" content=\"pt_BR\" \/>\n<meta property=\"og:type\" content=\"article\" \/>\n<meta property=\"og:title\" content=\"Dia entra com pedido de recupera\u00e7\u00e3o judicial no Brasil; saiba mais\" \/>\n<meta property=\"og:description\" content=\"Para o Dia, o objetivo \u00e9 &quot;tentar superar a atual situa\u00e7\u00e3o econ\u00f4mica e financeira&quot;. Saiba mais sobre o pedido de recupera\u00e7\u00e3o judicial do Dia.\" \/>\n<meta property=\"og:url\" content=\"https:\/\/www.suno.com.br\/noticias\/dia-recuperacao-judicial-gpj\/\" \/>\n<meta property=\"og:site_name\" content=\"Suno Not\u00edcias\" \/>\n<meta property=\"article:publisher\" content=\"https:\/\/facebook.com\/sunoresearch\" \/>\n<meta property=\"og:image\" content=\"https:\/\/files.sunoresearch.com.br\/n\/uploads\/2024\/03\/Dia-BR_Tienda.jpeg\" \/>\n\t<meta property=\"og:image:width\" content=\"1280\" \/>\n\t<meta property=\"og:image:height\" content=\"720\" \/>\n\t<meta property=\"og:image:type\" content=\"image\/jpeg\" \/>\n<meta name=\"author\" content=\"Giovanni Porf\u00edrio Jacomino\" \/>\n<meta name=\"twitter:card\" content=\"summary_large_image\" \/>\n<meta name=\"twitter:creator\" content=\"@sunoresearch\" \/>\n<meta name=\"twitter:site\" content=\"@sunoresearch\" \/>\n<meta name=\"twitter:label1\" content=\"Escrito por\" \/>\n\t<meta name=\"twitter:data1\" content=\"Giovanni Porf\u00edrio Jacomino\" \/>\n\t<meta name=\"twitter:label2\" content=\"Est. tempo de leitura\" \/>\n\t<meta name=\"twitter:data2\" content=\"3 minutos\" \/>\n<script type=\"application\/ld+json\" class=\"yoast-schema-graph\">{\"@context\":\"https:\/\/schema.org\",\"@graph\":[{\"@type\":\"NewsArticle\",\"@id\":\"https:\/\/www.suno.com.br\/noticias\/dia-recuperacao-judicial-gpj\/#article\",\"isPartOf\":{\"@id\":\"https:\/\/www.suno.com.br\/noticias\/dia-recuperacao-judicial-gpj\/\"},\"author\":{\"name\":\"Giovanni Porf\u00edrio Jacomino\",\"@id\":\"https:\/\/www.suno.com.br\/noticias\/#\/schema\/person\/d0f32748bbca4bee871fa191ee4e2d40\"},\"headline\":\"Rede de supermercados Dia entra com pedido de recupera\u00e7\u00e3o judicial no Brasil; saiba mais\",\"datePublished\":\"2024-03-21T13:24:09+00:00\",\"dateModified\":\"2024-03-21T13:43:25+00:00\",\"mainEntityOfPage\":{\"@id\":\"https:\/\/www.suno.com.br\/noticias\/dia-recuperacao-judicial-gpj\/\"},\"wordCount\":422,\"publisher\":{\"@id\":\"https:\/\/www.suno.com.br\/noticias\/#organization\"},\"image\":{\"@id\":\"https:\/\/www.suno.com.br\/noticias\/dia-recuperacao-judicial-gpj\/#primaryimage\"},\"thumbnailUrl\":\"https:\/\/files.sunoresearch.com.br\/n\/uploads\/2024\/03\/Dia-BR_Tienda.jpeg\",\"keywords\":[\"varejo\"],\"articleSection\":[\"Neg\u00f3cios\"],\"inLanguage\":\"pt-BR\"},{\"@type\":\"WebPage\",\"@id\":\"https:\/\/www.suno.com.br\/noticias\/dia-recuperacao-judicial-gpj\/\",\"url\":\"https:\/\/www.suno.com.br\/noticias\/dia-recuperacao-judicial-gpj\/\",\"name\":\"Dia entra com pedido de recupera\u00e7\u00e3o judicial no Brasil; saiba mais\",\"isPartOf\":{\"@id\":\"https:\/\/www.suno.com.br\/noticias\/#website\"},\"primaryImageOfPage\":{\"@id\":\"https:\/\/www.suno.com.br\/noticias\/dia-recuperacao-judicial-gpj\/#primaryimage\"},\"image\":{\"@id\":\"https:\/\/www.suno.com.br\/noticias\/dia-recuperacao-judicial-gpj\/#primaryimage\"},\"thumbnailUrl\":\"https:\/\/files.sunoresearch.com.br\/n\/uploads\/2024\/03\/Dia-BR_Tienda.jpeg\",\"datePublished\":\"2024-03-21T13:24:09+00:00\",\"dateModified\":\"2024-03-21T13:43:25+00:00\",\"description\":\"Para o Dia, o objetivo \u00e9 \\\"tentar superar a atual situa\u00e7\u00e3o econ\u00f4mica e financeira\\\". Saiba mais sobre o pedido de recupera\u00e7\u00e3o judicial do Dia.\",\"breadcrumb\":{\"@id\":\"https:\/\/www.suno.com.br\/noticias\/dia-recuperacao-judicial-gpj\/#breadcrumb\"},\"inLanguage\":\"pt-BR\",\"potentialAction\":[{\"@type\":\"ReadAction\",\"target\":[\"https:\/\/www.suno.com.br\/noticias\/dia-recuperacao-judicial-gpj\/\"]}]},{\"@type\":\"ImageObject\",\"inLanguage\":\"pt-BR\",\"@id\":\"https:\/\/www.suno.com.br\/noticias\/dia-recuperacao-judicial-gpj\/#primaryimage\",\"url\":\"https:\/\/files.sunoresearch.com.br\/n\/uploads\/2024\/03\/Dia-BR_Tienda.jpeg\",\"contentUrl\":\"https:\/\/files.sunoresearch.com.br\/n\/uploads\/2024\/03\/Dia-BR_Tienda.jpeg\",\"width\":1280,\"height\":720,\"caption\":\"Supermercado Dia. Foto: Divulga\u00e7\u00e3o\/Dia.\"},{\"@type\":\"BreadcrumbList\",\"@id\":\"https:\/\/www.suno.com.br\/noticias\/dia-recuperacao-judicial-gpj\/#breadcrumb\",\"itemListElement\":[{\"@type\":\"ListItem\",\"position\":1,\"name\":\"Not\u00edcias\",\"item\":\"https:\/\/www.suno.com.br\/noticias\/\"},{\"@type\":\"ListItem\",\"position\":2,\"name\":\"Neg\u00f3cios\",\"item\":\"https:\/\/www.suno.com.br\/noticias\/negocios\/\"},{\"@type\":\"ListItem\",\"position\":3,\"name\":\"Rede de supermercados Dia entra com pedido de recupera\u00e7\u00e3o judicial no Brasil; saiba mais\"}]},{\"@type\":\"WebSite\",\"@id\":\"https:\/\/www.suno.com.br\/noticias\/#website\",\"url\":\"https:\/\/www.suno.com.br\/noticias\/\",\"name\":\"Suno Not\u00edcias\",\"description\":\"Seu portal de informa\u00e7\u00e3o sobre o mundo dos investimentos\",\"publisher\":{\"@id\":\"https:\/\/www.suno.com.br\/noticias\/#organization\"},\"potentialAction\":[{\"@type\":\"SearchAction\",\"target\":{\"@type\":\"EntryPoint\",\"urlTemplate\":\"https:\/\/www.suno.com.br\/noticias\/?s={search_term_string}\"},\"query-input\":{\"@type\":\"PropertyValueSpecification\",\"valueRequired\":true,\"valueName\":\"search_term_string\"}}],\"inLanguage\":\"pt-BR\"},{\"@type\":\"Organization\",\"@id\":\"https:\/\/www.suno.com.br\/noticias\/#organization\",\"name\":\"Suno Not\u00edcias\",\"url\":\"https:\/\/www.suno.com.br\/noticias\/\",\"logo\":{\"@type\":\"ImageObject\",\"inLanguage\":\"pt-BR\",\"@id\":\"https:\/\/www.suno.com.br\/noticias\/#\/schema\/logo\/image\/\",\"url\":\"https:\/\/files.sunoresearch.com.br\/n\/uploads\/2021\/09\/suno-logo.png\",\"contentUrl\":\"https:\/\/files.sunoresearch.com.br\/n\/uploads\/2021\/09\/suno-logo.png\",\"width\":180,\"height\":180,\"caption\":\"Suno Not\u00edcias\"},\"image\":{\"@id\":\"https:\/\/www.suno.com.br\/noticias\/#\/schema\/logo\/image\/\"},\"sameAs\":[\"https:\/\/facebook.com\/sunoresearch\",\"https:\/\/x.com\/sunoresearch\",\"https:\/\/www.instagram.com\/suno\",\"https:\/\/www.linkedin.com\/company\/suno-research\/\",\"https:\/\/www.youtube.com\/c\/sunoresearch\"]},{\"@type\":\"Person\",\"@id\":\"https:\/\/www.suno.com.br\/noticias\/#\/schema\/person\/d0f32748bbca4bee871fa191ee4e2d40\",\"name\":\"Giovanni Porf\u00edrio Jacomino\",\"image\":{\"@type\":\"ImageObject\",\"inLanguage\":\"pt-BR\",\"@id\":\"https:\/\/www.suno.com.br\/noticias\/#\/schema\/person\/image\/\",\"url\":\"https:\/\/secure.gravatar.com\/avatar\/efb32e19b730a121cb7a80f41ffec01a?s=96&r=g\",\"contentUrl\":\"https:\/\/secure.gravatar.com\/avatar\/efb32e19b730a121cb7a80f41ffec01a?s=96&r=g\",\"caption\":\"Giovanni Porf\u00edrio Jacomino\"},\"description\":\"Giovanni Porf\u00edrio Jacomino \u00e9 jornalista formado pela Universidade Estadual de Londrina (UEL) e p\u00f3s-graduado em Produ\u00e7\u00e3o e Pr\u00e1ticas Jornal\u00edsticas na Contemporaneidade na Faculdade C\u00e1sper L\u00edbero (FCL). Foi editor web no Startupi e no Finsiders, atuando ainda como editor no TC Mover, portal de not\u00edcias da TradersClub, fazendo a cobertura de assuntos relacionados ao mercado financeiro interno e externo. Atualmente, \u00e9 Rep\u00f3rter do Suno Not\u00edcias.\",\"url\":\"https:\/\/www.suno.com.br\/noticias\/author\/giovanni-porfiriosuno-com-br\/\"}]}<\/script>\n<!-- \/ Yoast SEO plugin. -->","yoast_head_json":{"title":"Dia entra com pedido de recupera\u00e7\u00e3o judicial no Brasil; saiba mais","description":"Para o Dia, o objetivo \u00e9 \"tentar superar a atual situa\u00e7\u00e3o econ\u00f4mica e financeira\". Saiba mais sobre o pedido de recupera\u00e7\u00e3o judicial do Dia.","robots":{"index":"index","follow":"follow","max-snippet":"max-snippet:-1","max-image-preview":"max-image-preview:large","max-video-preview":"max-video-preview:-1"},"canonical":"https:\/\/www.suno.com.br\/noticias\/dia-recuperacao-judicial-gpj\/","og_locale":"pt_BR","og_type":"article","og_title":"Dia entra com pedido de recupera\u00e7\u00e3o judicial no Brasil; saiba mais","og_description":"Para o Dia, o objetivo \u00e9 \"tentar superar a atual situa\u00e7\u00e3o econ\u00f4mica e financeira\". Saiba mais sobre o pedido de recupera\u00e7\u00e3o judicial do Dia.","og_url":"https:\/\/www.suno.com.br\/noticias\/dia-recuperacao-judicial-gpj\/","og_site_name":"Suno Not\u00edcias","article_publisher":"https:\/\/facebook.com\/sunoresearch","og_image":[{"width":1280,"height":720,"url":"https:\/\/files.sunoresearch.com.br\/n\/uploads\/2024\/03\/Dia-BR_Tienda.jpeg","type":"image\/jpeg"}],"author":"Giovanni Porf\u00edrio Jacomino","twitter_card":"summary_large_image","twitter_creator":"@sunoresearch","twitter_site":"@sunoresearch","twitter_misc":{"Escrito por":"Giovanni Porf\u00edrio Jacomino","Est. tempo de leitura":"3 minutos"},"schema":{"@context":"https:\/\/schema.org","@graph":[{"@type":"NewsArticle","@id":"https:\/\/www.suno.com.br\/noticias\/dia-recuperacao-judicial-gpj\/#article","isPartOf":{"@id":"https:\/\/www.suno.com.br\/noticias\/dia-recuperacao-judicial-gpj\/"},"author":{"name":"Giovanni Porf\u00edrio Jacomino","@id":"https:\/\/www.suno.com.br\/noticias\/#\/schema\/person\/d0f32748bbca4bee871fa191ee4e2d40"},"headline":"Rede de supermercados Dia entra com pedido de recupera\u00e7\u00e3o judicial no Brasil; saiba mais","datePublished":"2024-03-21T13:24:09+00:00","dateModified":"2024-03-21T13:43:25+00:00","mainEntityOfPage":{"@id":"https:\/\/www.suno.com.br\/noticias\/dia-recuperacao-judicial-gpj\/"},"wordCount":422,"publisher":{"@id":"https:\/\/www.suno.com.br\/noticias\/#organization"},"image":{"@id":"https:\/\/www.suno.com.br\/noticias\/dia-recuperacao-judicial-gpj\/#primaryimage"},"thumbnailUrl":"https:\/\/files.sunoresearch.com.br\/n\/uploads\/2024\/03\/Dia-BR_Tienda.jpeg","keywords":["varejo"],"articleSection":["Neg\u00f3cios"],"inLanguage":"pt-BR"},{"@type":"WebPage","@id":"https:\/\/www.suno.com.br\/noticias\/dia-recuperacao-judicial-gpj\/","url":"https:\/\/www.suno.com.br\/noticias\/dia-recuperacao-judicial-gpj\/","name":"Dia entra com pedido de recupera\u00e7\u00e3o judicial no Brasil; saiba mais","isPartOf":{"@id":"https:\/\/www.suno.com.br\/noticias\/#website"},"primaryImageOfPage":{"@id":"https:\/\/www.suno.com.br\/noticias\/dia-recuperacao-judicial-gpj\/#primaryimage"},"image":{"@id":"https:\/\/www.suno.com.br\/noticias\/dia-recuperacao-judicial-gpj\/#primaryimage"},"thumbnailUrl":"https:\/\/files.sunoresearch.com.br\/n\/uploads\/2024\/03\/Dia-BR_Tienda.jpeg","datePublished":"2024-03-21T13:24:09+00:00","dateModified":"2024-03-21T13:43:25+00:00","description":"Para o Dia, o objetivo \u00e9 \"tentar superar a atual situa\u00e7\u00e3o econ\u00f4mica e financeira\". Saiba mais sobre o pedido de recupera\u00e7\u00e3o judicial do Dia.","breadcrumb":{"@id":"https:\/\/www.suno.com.br\/noticias\/dia-recuperacao-judicial-gpj\/#breadcrumb"},"inLanguage":"pt-BR","potentialAction":[{"@type":"ReadAction","target":["https:\/\/www.suno.com.br\/noticias\/dia-recuperacao-judicial-gpj\/"]}]},{"@type":"ImageObject","inLanguage":"pt-BR","@id":"https:\/\/www.suno.com.br\/noticias\/dia-recuperacao-judicial-gpj\/#primaryimage","url":"https:\/\/files.sunoresearch.com.br\/n\/uploads\/2024\/03\/Dia-BR_Tienda.jpeg","contentUrl":"https:\/\/files.sunoresearch.com.br\/n\/uploads\/2024\/03\/Dia-BR_Tienda.jpeg","width":1280,"height":720,"caption":"Supermercado Dia. Foto: Divulga\u00e7\u00e3o\/Dia."},{"@type":"BreadcrumbList","@id":"https:\/\/www.suno.com.br\/noticias\/dia-recuperacao-judicial-gpj\/#breadcrumb","itemListElement":[{"@type":"ListItem","position":1,"name":"Not\u00edcias","item":"https:\/\/www.suno.com.br\/noticias\/"},{"@type":"ListItem","position":2,"name":"Neg\u00f3cios","item":"https:\/\/www.suno.com.br\/noticias\/negocios\/"},{"@type":"ListItem","position":3,"name":"Rede de supermercados Dia entra com pedido de recupera\u00e7\u00e3o judicial no Brasil; saiba mais"}]},{"@type":"WebSite","@id":"https:\/\/www.suno.com.br\/noticias\/#website","url":"https:\/\/www.suno.com.br\/noticias\/","name":"Suno Not\u00edcias","description":"Seu portal de informa\u00e7\u00e3o sobre o mundo dos investimentos","publisher":{"@id":"https:\/\/www.suno.com.br\/noticias\/#organization"},"potentialAction":[{"@type":"SearchAction","target":{"@type":"EntryPoint","urlTemplate":"https:\/\/www.suno.com.br\/noticias\/?s={search_term_string}"},"query-input":{"@type":"PropertyValueSpecification","valueRequired":true,"valueName":"search_term_string"}}],"inLanguage":"pt-BR"},{"@type":"Organization","@id":"https:\/\/www.suno.com.br\/noticias\/#organization","name":"Suno Not\u00edcias","url":"https:\/\/www.suno.com.br\/noticias\/","logo":{"@type":"ImageObject","inLanguage":"pt-BR","@id":"https:\/\/www.suno.com.br\/noticias\/#\/schema\/logo\/image\/","url":"https:\/\/files.sunoresearch.com.br\/n\/uploads\/2021\/09\/suno-logo.png","contentUrl":"https:\/\/files.sunoresearch.com.br\/n\/uploads\/2021\/09\/suno-logo.png","width":180,"height":180,"caption":"Suno Not\u00edcias"},"image":{"@id":"https:\/\/www.suno.com.br\/noticias\/#\/schema\/logo\/image\/"},"sameAs":["https:\/\/facebook.com\/sunoresearch","https:\/\/x.com\/sunoresearch","https:\/\/www.instagram.com\/suno","https:\/\/www.linkedin.com\/company\/suno-research\/","https:\/\/www.youtube.com\/c\/sunoresearch"]},{"@type":"Person","@id":"https:\/\/www.suno.com.br\/noticias\/#\/schema\/person\/d0f32748bbca4bee871fa191ee4e2d40","name":"Giovanni Porf\u00edrio Jacomino","image":{"@type":"ImageObject","inLanguage":"pt-BR","@id":"https:\/\/www.suno.com.br\/noticias\/#\/schema\/person\/image\/","url":"https:\/\/secure.gravatar.com\/avatar\/efb32e19b730a121cb7a80f41ffec01a?s=96&r=g","contentUrl":"https:\/\/secure.gravatar.com\/avatar\/efb32e19b730a121cb7a80f41ffec01a?s=96&r=g","caption":"Giovanni Porf\u00edrio Jacomino"},"description":"Giovanni Porf\u00edrio Jacomino \u00e9 jornalista formado pela Universidade Estadual de Londrina (UEL) e p\u00f3s-graduado em Produ\u00e7\u00e3o e Pr\u00e1ticas Jornal\u00edsticas na Contemporaneidade na Faculdade C\u00e1sper L\u00edbero (FCL). Foi editor web no Startupi e no Finsiders, atuando ainda como editor no TC Mover, portal de not\u00edcias da TradersClub, fazendo a cobertura de assuntos relacionados ao mercado financeiro interno e externo. Atualmente, \u00e9 Rep\u00f3rter do Suno Not\u00edcias.","url":"https:\/\/www.suno.com.br\/noticias\/author\/giovanni-porfiriosuno-com-br\/"}]}},"default_loop_html":"<div class=\"cardsPage__listCard__boxs\"><div class=\"cardsPage__listCard__boxs__img\"><a href=\"https:\/\/www.suno.com.br\/noticias\/dia-recuperacao-judicial-gpj\/\"><img class=\"mask\" src=\"https:\/\/www.suno.com.br\/noticias\/wp-content\/themes\/suno\/resources\/images\/spotlight\/spotlight1img\/bg-mask.png\" alt=\"Image Mask\"\/><img src=\"https:\/\/files.sunoresearch.com.br\/n\/uploads\/2024\/03\/Dia-BR_Tienda-400x200.jpeg\" alt=\"Rede de supermercados Dia entra com pedido de recupera\u00e7\u00e3o judicial no Brasil; saiba mais\"\/><\/a><span class=\"spotlightCategory\"><a href=\"https:\/\/www.suno.com.br\/noticias\/negocios\/\">Neg\u00f3cios<\/a><\/span><\/div><div class=\"cardsPage__listCard__boxs__content\"><a href=\"https:\/\/www.suno.com.br\/noticias\/dia-recuperacao-judicial-gpj\/\"><h2 class=\"content__title\">Rede de supermercados Dia entra com pedido de recupera\u00e7\u00e3o judicial no Brasil; saiba mais<\/h2><\/a><div class=\"newsContent__article__meta\"><div class=\"newsContent__article__meta__authorBox\"><a href=\"https:\/\/www.suno.com.br\/noticias\/author\/giovanni-porfiriosuno-com-br\/\" class=\"authorBox__avatar noMobi\"><img src=\"https:\/\/files.sunoresearch.com.br\/n\/uploads\/2024\/05\/DSCF4115-1-1-150x150.webp\" alt=\"Giovanni Porf\u00edrio Jacomino\"><\/a><div class=\"authorBox__name\"><span>por\n\t\t\t<a href=\"https:\/\/www.suno.com.br\/noticias\/author\/giovanni-porfiriosuno-com-br\/\"><span itemprop=\"author\">Giovanni Porf\u00edrio Jacomino<\/span><\/a><\/span><time datetime=\"2024-03-21T10:24:09-03:00\" itemprop=\"datePublished\">21\/03\/2024 10:24<\/time><\/div><\/div><\/div><\/div><\/div>","single_layout":"posts","amp_enabled":true,"_links":{"self":[{"href":"https:\/\/www.suno.com.br\/noticias\/wp-json\/wp\/v2\/posts\/536163"}],"collection":[{"href":"https:\/\/www.suno.com.br\/noticias\/wp-json\/wp\/v2\/posts"}],"about":[{"href":"https:\/\/www.suno.com.br\/noticias\/wp-json\/wp\/v2\/types\/post"}],"author":[{"embeddable":true,"href":"https:\/\/www.suno.com.br\/noticias\/wp-json\/wp\/v2\/users\/313"}],"replies":[{"embeddable":true,"href":"https:\/\/www.suno.com.br\/noticias\/wp-json\/wp\/v2\/comments?post=536163"}],"version-history":[{"count":2,"href":"https:\/\/www.suno.com.br\/noticias\/wp-json\/wp\/v2\/posts\/536163\/revisions"}],"predecessor-version":[{"id":536209,"href":"https:\/\/www.suno.com.br\/noticias\/wp-json\/wp\/v2\/posts\/536163\/revisions\/536209"}],"wp:featuredmedia":[{"embeddable":true,"href":"https:\/\/www.suno.com.br\/noticias\/wp-json\/wp\/v2\/media\/536166"}],"wp:attachment":[{"href":"https:\/\/www.suno.com.br\/noticias\/wp-json\/wp\/v2\/media?parent=536163"}],"wp:term":[{"taxonomy":"category","embeddable":true,"href":"https:\/\/www.suno.com.br\/noticias\/wp-json\/wp\/v2\/categories?post=536163"},{"taxonomy":"post_tag","embeddable":true,"href":"https:\/\/www.suno.com.br\/noticias\/wp-json\/wp\/v2\/tags?post=536163"},{"taxonomy":"suno_strategy","embeddable":true,"href":"https:\/\/www.suno.com.br\/noticias\/wp-json\/wp\/v2\/suno_strategy?post=536163"}],"curies":[{"name":"wp","href":"https:\/\/api.w.org\/{rel}","templated":true}]}}