{"id":536009,"date":"2024-03-20T21:00:42","date_gmt":"2024-03-21T00:00:42","guid":{"rendered":"https:\/\/www.suno.com.br\/noticias\/?p=536009"},"modified":"2024-03-20T23:14:51","modified_gmt":"2024-03-21T02:14:51","slug":"corte-da-selic-copom-ibovespa-evm","status":"publish","type":"post","link":"https:\/\/www.suno.com.br\/noticias\/corte-da-selic-copom-ibovespa-evm\/","title":{"rendered":"Selic: a cada 1% de queda, s\u00e3o mais 1.700 pontos no Ibovespa em m\u00e9dia, diz XP"},"content":{"rendered":"<p>Nesta quarta-feira (20) o <a class=\"suno-keyword\" data-force=\"no\" data-priority=\"2\" href=\"https:\/\/www.suno.com.br\/artigos\/copom\/\" target=\"_blank\" rel=\"noopener\">Comit\u00ea de Pol\u00edtica Monet\u00e1ria (Copom)<\/a> do Banco Central (BC) cortou a <a href=\"https:\/\/www.suno.com.br\/guias\/juros-2024\/\">Taxa <strong>Selic<\/strong><\/a> em 0,50 ponto percentual (p.p.), para 10,75% &#8211; movimento que ficou dentro das expectativas do mercado.<\/p><div class=\"videoFull \">\n\t\t\t<div class=\"videoWrapper yt-lazyload center\"\n\t\t\t\tdata-width=\"960\"\n\t\t\t\tdata-height=\"540\"\n\t\t\t\tdata-id=\"J_Ef2TmKQJs\"\n\t\t\t\tdata-alt=\"V\u00eddeo do YouTube - clique para reproduzir\"\n\t\t\t\tdata-logo=\"3\"\n\t\t\t\tdata-imagequality=\"maxres\">\n\t\t\t<\/div>\n\t\t<\/div><script type=\"application\/ld+json\">{\"@context\":\"https:\/\/schema.org\",\"@type\":\"VideoObject\",\"name\":\"\ud83d\udd34SELIC VAI CAIR AT\u00c9 9%? | Ibovespa sobe com Fed | Braskem (BRKM5) dispara\",\"description\":\"#mercadofinanceiro #a\u00e7\u00f5es #investimentos #bolsadevalores #ibovespa #dinheiro #finan\u00e7as #pol\u00edtica #d\u00f3lar #livedas19h #petr4 #petr3 #petrobras #vale3 #vale #a\u00e7\u00f5es #economia #dividendos #min\u00e9riodeferro #min\u00e9rio #petr\u00f3leo #commodities #proventos #resultados #copom #selic #taxadejuros #pol\u00edticamonet\u00e1ria #fed #federalreserve #braskem #brkm5 00:00 In\u00edcio de v\u00eddeo 01:40 Tudo sobre Copom e Fed 13:55 Fechamento de preg\u00e3o 16:55 BRKM5 dispara 15% 20:35 Magalu ter\u00e1 receita apertada?\u2026\",\"duration\":\"PT34M56S\",\"embedUrl\":\"https:\/\/www.youtube.com\/embed\/J_Ef2TmKQJs\",\"regionsAllowed\":\"en-US\",\"interactionStatistic\":{\"@type\":\"InteractionCounter\",\"interactionType\":{\"@type\":\"WatchAction\"},\"userInteractionCount\":1885},\"thumbnailUrl\":\"https:\/\/i.ytimg.com\/vi\/J_Ef2TmKQJs\/default.jpg\",\"uploadDate\":\"2024-03-20T22:42:07Z\"}<\/script>\n\n\n\n\n\t<p>\n\t\t<a href=\"\" target=\"_blank\" data-element=\"shortcode-suno-banner\" title=\"Banner SUNO, clique e saiba mais\">\n\t\t\t<picture>\n\t\t\t\t<source media=\"(max-width: 500px)\" srcset=\"\">\n\t\t\t\t<img class=\"newsContent__article__imgCapa newsContent__article__imgCapa--banner\"\n\t\t\t\t\tsrc=\"\"\n\t\t\t\t\tdata-promo-id=\"240038\"\t\t\t\t\t\t\t\t\t\t\t\t\t\t\talt=\"\"\n\t\t\t\t>\n\t\t\t<\/picture>\n\t\t<\/a>\n\t<\/p>\n\n\n\n\n\n\n\n<p>Segundo analistas da XP, a expectativa \u00e9 de que esse <strong>corte da Selic<\/strong> siga a l\u00f3gica de beneficiar os ativos de risco.<\/p>\n\n\n\n<p>&#8220;Afinal, significa que o <a class=\"suno-keyword\" target=\"_blank\" data-force=\"no\" data-priority=\"1\" href=\"https:\/\/www.suno.com.br\/artigos\/custo-de-capital\/\" rel=\"noopener\">custo de capital<\/a> para as empresas fica mais barato, ou seja, que a empresa tende a pagar menos para financiar suas atividades. Ao mesmo tempo, ciclos de corte juros tamb\u00e9m reduzem a <a class=\"suno-keyword\" target=\"_blank\" data-force=\"no\" data-priority=\"1\" href=\"https:\/\/www.suno.com.br\/artigos\/taxa-de-desconto\/\" rel=\"noopener\">taxa de desconto<\/a> utilizada pelos analistas do mercado para avaliar uma empresa, aumentando seu <a class=\"suno-keyword\" target=\"_blank\" data-force=\"no\" data-priority=\"1\" href=\"https:\/\/www.suno.com.br\/artigos\/valor-justo\/\" rel=\"noopener\">valor justo<\/a> (que \u00e9 de onde vem o pre\u00e7o-alvo de uma a\u00e7\u00e3o)&#8221;, diz a casa.<\/p>\n\n\n\n<p>Os especialistas levantaram dados de ciclos de <strong>cortes de juros<\/strong> anteriores e apontam que, na m\u00e9dia, a cada 1% de queda na <strong>Taxa Selic<\/strong> o <strong>Ibovespa<\/strong> se valoriza 1.700 pontos. Em relat\u00f3rio, eles destacam que nos 6 ciclos de corte da taxa Selic durante o per\u00edodo analisado, o Ibovespa teve valoriza\u00e7\u00e3o em todos eles, uma m\u00e9dia de 38%.<\/p>\n\n\n\n<p>&#8220;\u00c9 claro que a taxa Selic n\u00e3o \u00e9 a \u00fanica \u2014 ou a mais importante \u2014 determinante dos rumos para o \u00edndice Ibovespa. Recentemente, o macro global tem ganhado bastante relev\u00e2ncia, afetando a\u00e7\u00f5es brasileiras principalmente pela sa\u00edda do <a class=\"suno-keyword\" target=\"_blank\" data-force=\"no\" data-priority=\"1\" href=\"https:\/\/www.suno.com.br\/artigos\/capital-estrangeiro\/\" rel=\"noopener\">capital estrangeiro<\/a> no ano de 2024&#8243;, diz a XP.<\/p>\n\n\n\n<p>A XP ainda cita tr\u00eas pontos para seguir otimista com a bolsa:<\/p>\n\n\n\n<ul class=\"wp-block-list\">\n<li>O retorno dos fluxos de capital<\/li>\n\n\n\n<li>O valuation do Ibovespa continua muito descontado comparando com a m\u00e9dia hist\u00f3rica e seus pares globais<\/li>\n\n\n\n<li>O ciclo de corte de juros ainda tem espa\u00e7o para continuar<\/li>\n<\/ul>\n\n\n\t<p>\n\t\t<a href=\"https:\/\/lp.suno.com.br\/ebook-gratuito-investindo-no-exterior\/\" target=\"_blank\" data-element=\"shortcode-suno-banner\" title=\"Banner SUNO, clique e saiba mais\">\n\t\t\t<picture>\n\t\t\t\t<source media=\"(max-width: 500px)\" srcset=\"https:\/\/files.sunoresearch.com.br\/n\/uploads\/2023\/03\/400x300-Investindo-no-exterior.png\">\n\t\t\t\t<img class=\"newsContent__article__imgCapa newsContent__article__imgCapa--banner\"\n\t\t\t\t\tsrc=\"https:\/\/files.sunoresearch.com.br\/n\/uploads\/2023\/03\/1420x240-Investindo-no-exterior.png\"\n\t\t\t\t\tdata-promo-id=\"383161\"\t\t\t\t\t\t\t\t\t\twidth='1420' height='240'\t\t\t\t\talt=\"https:\/\/files.sunoresearch.com.br\/n\/uploads\/2023\/03\/1420x240-Investindo-no-exterior.png\"\n\t\t\t\t>\n\t\t\t<\/picture>\n\t\t<\/a>\n\t<\/p>\n\n\n\n\n\n<h2 class=\"wp-block-heading\">Veja tudo sobre o corte da Selic<\/h2>\n\n\n\n<p>O corte \u00e9 a sexta redu\u00e7\u00e3o consecutiva da Selic. A decis\u00e3o foi un\u00e2nime. A nova queda dos juros era aguardada pelo mercado, que estava de olho no comunicado do Copom e na proje\u00e7\u00e3o dos novos cortes \u2013 mas o texto que acompanha a decis\u00e3o sinalizou somente mais um corte, na pr\u00f3xima reuni\u00e3o.<\/p>\n\n\n\n<p>No comunicado sobre o&nbsp;<strong>corte da taxa Selic<\/strong>, o Copom cita \u201celeva\u00e7\u00e3o da incerteza e necessidade de maior flexibilidade na condu\u00e7\u00e3o da pol\u00edtica&nbsp;monet\u00e1ria\u201d,<\/p>\n\n\n\n<p>O BC prev\u00ea apenas mais uma queda de 0,5 pp \u2013 n\u00e3o outras quedas, justamente o trecho mais aguardado pelo mercado no&nbsp;<strong>comunicado do BC<\/strong>. Ainda h\u00e1 uma preocupa\u00e7\u00e3o com a infla\u00e7\u00e3o entre os membros do comit\u00ea de pol\u00edtica monet\u00e1ria.<\/p>\n\n\n\n<p>O Copom diz que o cen\u00e1rio base n\u00e3o se alterou substancialmente: \u201cO ambiente externo segue vol\u00e1til, marcado pelos debates sobre o in\u00edcio da flexibiliza\u00e7\u00e3o de pol\u00edtica monet\u00e1ria nas principais economias e a velocidade com que se observar\u00e1 a queda da infla\u00e7\u00e3o de forma sustentada em diversos pa\u00edses\u201d, diz o texto que acompanha a decis\u00e3o do&nbsp;BC sobre a Selic.<\/p>\n\n\n\n<p>\u201cEm rela\u00e7\u00e3o ao cen\u00e1rio dom\u00e9stico, o conjunto dos indicadores de atividade econ\u00f4mica segue consistente com o cen\u00e1rio de desacelera\u00e7\u00e3o da economia antecipado pelo Copom\u201d, afirma o documento.<\/p>\n\n\n\n<p>\u201cA infla\u00e7\u00e3o cheia ao consumidor manteve trajet\u00f3ria de desinfla\u00e7\u00e3o, enquanto as medidas de infla\u00e7\u00e3o subjacente se situaram acima da meta para a infla\u00e7\u00e3o nas divulga\u00e7\u00f5es mais recentes\u201d, acrescenta o comunicado sobre a decis\u00e3o da <strong>Selic<\/strong>.<\/p>\n\n\n\t<p>\n\t\t<a href=\"https:\/\/lp.suno.com.br\/planilha-da-vida-financeira\/\" target=\"_blank\" data-element=\"shortcode-suno-banner\" title=\"Banner SUNO, clique e saiba mais\">\n\t\t\t<picture>\n\t\t\t\t<source media=\"(max-width: 500px)\" srcset=\"https:\/\/files.sunoresearch.com.br\/n\/uploads\/2023\/04\/400x300-Planilha-vida-financeira-true.png\">\n\t\t\t\t<img class=\"newsContent__article__imgCapa newsContent__article__imgCapa--banner\"\n\t\t\t\t\tsrc=\"https:\/\/files.sunoresearch.com.br\/n\/uploads\/2023\/04\/1420x240-Planilha-vida-financeira-true.png\"\n\t\t\t\t\tdata-promo-id=\"383123\"\t\t\t\t\t\t\t\t\t\twidth='1420' height='240'\t\t\t\t\talt=\"https:\/\/files.sunoresearch.com.br\/n\/uploads\/2023\/04\/1420x240-Planilha-vida-financeira-true.png\"\n\t\t\t\t>\n\t\t\t<\/picture>\n\t\t<\/a>\n\t<\/p>\n\n\n","protected":false},"excerpt":{"rendered":"<p>Nesta quarta-feira (20) o Comit\u00ea de Pol\u00edtica Monet\u00e1ria (Copom) do Banco Central (BC) cortou a Taxa Selic em 0,50 ponto percentual (p.p.), para 10,75% &#8211; movimento que ficou dentro das expectativas do mercado. Segundo analistas da XP, a expectativa \u00e9 de que esse corte da Selic siga a l\u00f3gica de beneficiar os ativos de risco. [&hellip;]<\/p>\n","protected":false},"author":73,"featured_media":461847,"comment_status":"closed","ping_status":"closed","sticky":false,"template":"","format":"standard","meta":[],"categories":[62],"tags":[105816,1752,290],"suno_strategy":[],"class_list":["post-536009","post","type-post","status-publish","format-standard","has-post-thumbnail","hentry","category-economia","tag-especialistas","tag-taxa-de-juros","tag-taxa-selic"],"yoast_head":"<!-- This site is optimized with the Yoast SEO plugin v24.4 - https:\/\/yoast.com\/wordpress\/plugins\/seo\/ -->\n<title>Selic: A cada 1% de queda, mais 1.700 pontos no Ibovespa<\/title>\n<meta name=\"description\" content=\"Segundo analistas da XP, a expectativa \u00e9 que esse corte da Selic siga a l\u00f3gica de beneficiar os ativos de risco com a\u00e7\u00f5es em bolsa\" \/>\n<meta name=\"robots\" content=\"index, follow, max-snippet:-1, max-image-preview:large, max-video-preview:-1\" \/>\n<link rel=\"canonical\" href=\"https:\/\/www.suno.com.br\/noticias\/corte-da-selic-copom-ibovespa-evm\/\" \/>\n<meta property=\"og:locale\" content=\"pt_BR\" \/>\n<meta property=\"og:type\" content=\"article\" \/>\n<meta property=\"og:title\" content=\"Selic: A cada 1% de queda, mais 1.700 pontos no Ibovespa\" \/>\n<meta property=\"og:description\" content=\"Segundo analistas da XP, a expectativa \u00e9 que esse corte da Selic siga a l\u00f3gica de beneficiar os ativos de risco com a\u00e7\u00f5es em bolsa\" \/>\n<meta property=\"og:url\" content=\"https:\/\/www.suno.com.br\/noticias\/corte-da-selic-copom-ibovespa-evm\/\" \/>\n<meta property=\"og:site_name\" content=\"Suno Not\u00edcias\" \/>\n<meta property=\"article:publisher\" content=\"https:\/\/facebook.com\/sunoresearch\" \/>\n<meta property=\"og:image\" content=\"https:\/\/files.sunoresearch.com.br\/n\/uploads\/2023\/09\/blur-1853262_1280.jpg\" \/>\n\t<meta property=\"og:image:width\" content=\"1280\" \/>\n\t<meta property=\"og:image:height\" content=\"960\" \/>\n\t<meta property=\"og:image:type\" content=\"image\/jpeg\" \/>\n<meta name=\"author\" content=\"Eduardo Vargas\" \/>\n<meta name=\"twitter:card\" content=\"summary_large_image\" \/>\n<meta name=\"twitter:creator\" content=\"@sunoresearch\" \/>\n<meta name=\"twitter:site\" content=\"@sunoresearch\" \/>\n<meta name=\"twitter:label1\" content=\"Escrito por\" \/>\n\t<meta name=\"twitter:data1\" content=\"Eduardo Vargas\" \/>\n\t<meta name=\"twitter:label2\" content=\"Est. tempo de leitura\" \/>\n\t<meta name=\"twitter:data2\" content=\"3 minutos\" \/>\n<script type=\"application\/ld+json\" class=\"yoast-schema-graph\">{\"@context\":\"https:\/\/schema.org\",\"@graph\":[{\"@type\":\"NewsArticle\",\"@id\":\"https:\/\/www.suno.com.br\/noticias\/corte-da-selic-copom-ibovespa-evm\/#article\",\"isPartOf\":{\"@id\":\"https:\/\/www.suno.com.br\/noticias\/corte-da-selic-copom-ibovespa-evm\/\"},\"author\":{\"name\":\"Eduardo Vargas\",\"@id\":\"https:\/\/www.suno.com.br\/noticias\/#\/schema\/person\/7f4d362bf3518e76090143ae77bb49a5\"},\"headline\":\"Selic: a cada 1% de queda, s\u00e3o mais 1.700 pontos no Ibovespa em m\u00e9dia, diz XP\",\"datePublished\":\"2024-03-21T00:00:42+00:00\",\"dateModified\":\"2024-03-21T02:14:51+00:00\",\"mainEntityOfPage\":{\"@id\":\"https:\/\/www.suno.com.br\/noticias\/corte-da-selic-copom-ibovespa-evm\/\"},\"wordCount\":584,\"publisher\":{\"@id\":\"https:\/\/www.suno.com.br\/noticias\/#organization\"},\"image\":{\"@id\":\"https:\/\/www.suno.com.br\/noticias\/corte-da-selic-copom-ibovespa-evm\/#primaryimage\"},\"thumbnailUrl\":\"https:\/\/files.sunoresearch.com.br\/n\/uploads\/2023\/09\/blur-1853262_1280.jpg\",\"keywords\":[\"Especialistas\",\"taxa de juros\",\"Taxa Selic\"],\"articleSection\":[\"Economia\"],\"inLanguage\":\"pt-BR\"},{\"@type\":\"WebPage\",\"@id\":\"https:\/\/www.suno.com.br\/noticias\/corte-da-selic-copom-ibovespa-evm\/\",\"url\":\"https:\/\/www.suno.com.br\/noticias\/corte-da-selic-copom-ibovespa-evm\/\",\"name\":\"Selic: A cada 1% de queda, mais 1.700 pontos no Ibovespa\",\"isPartOf\":{\"@id\":\"https:\/\/www.suno.com.br\/noticias\/#website\"},\"primaryImageOfPage\":{\"@id\":\"https:\/\/www.suno.com.br\/noticias\/corte-da-selic-copom-ibovespa-evm\/#primaryimage\"},\"image\":{\"@id\":\"https:\/\/www.suno.com.br\/noticias\/corte-da-selic-copom-ibovespa-evm\/#primaryimage\"},\"thumbnailUrl\":\"https:\/\/files.sunoresearch.com.br\/n\/uploads\/2023\/09\/blur-1853262_1280.jpg\",\"datePublished\":\"2024-03-21T00:00:42+00:00\",\"dateModified\":\"2024-03-21T02:14:51+00:00\",\"description\":\"Segundo analistas da XP, a expectativa \u00e9 que esse corte da Selic siga a l\u00f3gica de beneficiar os ativos de risco com a\u00e7\u00f5es em bolsa\",\"breadcrumb\":{\"@id\":\"https:\/\/www.suno.com.br\/noticias\/corte-da-selic-copom-ibovespa-evm\/#breadcrumb\"},\"inLanguage\":\"pt-BR\",\"potentialAction\":[{\"@type\":\"ReadAction\",\"target\":[\"https:\/\/www.suno.com.br\/noticias\/corte-da-selic-copom-ibovespa-evm\/\"]}]},{\"@type\":\"ImageObject\",\"inLanguage\":\"pt-BR\",\"@id\":\"https:\/\/www.suno.com.br\/noticias\/corte-da-selic-copom-ibovespa-evm\/#primaryimage\",\"url\":\"https:\/\/files.sunoresearch.com.br\/n\/uploads\/2023\/09\/blur-1853262_1280.jpg\",\"contentUrl\":\"https:\/\/files.sunoresearch.com.br\/n\/uploads\/2023\/09\/blur-1853262_1280.jpg\",\"width\":1280,\"height\":960,\"caption\":\"Selic. Foto: Pixabay.\"},{\"@type\":\"BreadcrumbList\",\"@id\":\"https:\/\/www.suno.com.br\/noticias\/corte-da-selic-copom-ibovespa-evm\/#breadcrumb\",\"itemListElement\":[{\"@type\":\"ListItem\",\"position\":1,\"name\":\"Not\u00edcias\",\"item\":\"https:\/\/www.suno.com.br\/noticias\/\"},{\"@type\":\"ListItem\",\"position\":2,\"name\":\"Economia\",\"item\":\"https:\/\/www.suno.com.br\/noticias\/economia\/\"},{\"@type\":\"ListItem\",\"position\":3,\"name\":\"Selic: a cada 1% de queda, s\u00e3o mais 1.700 pontos no Ibovespa em m\u00e9dia, diz XP\"}]},{\"@type\":\"WebSite\",\"@id\":\"https:\/\/www.suno.com.br\/noticias\/#website\",\"url\":\"https:\/\/www.suno.com.br\/noticias\/\",\"name\":\"Suno Not\u00edcias\",\"description\":\"Seu portal de informa\u00e7\u00e3o sobre o mundo dos investimentos\",\"publisher\":{\"@id\":\"https:\/\/www.suno.com.br\/noticias\/#organization\"},\"potentialAction\":[{\"@type\":\"SearchAction\",\"target\":{\"@type\":\"EntryPoint\",\"urlTemplate\":\"https:\/\/www.suno.com.br\/noticias\/?s={search_term_string}\"},\"query-input\":{\"@type\":\"PropertyValueSpecification\",\"valueRequired\":true,\"valueName\":\"search_term_string\"}}],\"inLanguage\":\"pt-BR\"},{\"@type\":\"Organization\",\"@id\":\"https:\/\/www.suno.com.br\/noticias\/#organization\",\"name\":\"Suno Not\u00edcias\",\"url\":\"https:\/\/www.suno.com.br\/noticias\/\",\"logo\":{\"@type\":\"ImageObject\",\"inLanguage\":\"pt-BR\",\"@id\":\"https:\/\/www.suno.com.br\/noticias\/#\/schema\/logo\/image\/\",\"url\":\"https:\/\/files.sunoresearch.com.br\/n\/uploads\/2021\/09\/suno-logo.png\",\"contentUrl\":\"https:\/\/files.sunoresearch.com.br\/n\/uploads\/2021\/09\/suno-logo.png\",\"width\":180,\"height\":180,\"caption\":\"Suno Not\u00edcias\"},\"image\":{\"@id\":\"https:\/\/www.suno.com.br\/noticias\/#\/schema\/logo\/image\/\"},\"sameAs\":[\"https:\/\/facebook.com\/sunoresearch\",\"https:\/\/x.com\/sunoresearch\",\"https:\/\/www.instagram.com\/suno\",\"https:\/\/www.linkedin.com\/company\/suno-research\/\",\"https:\/\/www.youtube.com\/c\/sunoresearch\"]},{\"@type\":\"Person\",\"@id\":\"https:\/\/www.suno.com.br\/noticias\/#\/schema\/person\/7f4d362bf3518e76090143ae77bb49a5\",\"name\":\"Eduardo Vargas\",\"image\":{\"@type\":\"ImageObject\",\"inLanguage\":\"pt-BR\",\"@id\":\"https:\/\/www.suno.com.br\/noticias\/#\/schema\/person\/image\/\",\"url\":\"https:\/\/secure.gravatar.com\/avatar\/dac340933427a22924c9f99d1eb2e3f2?s=96&r=g\",\"contentUrl\":\"https:\/\/secure.gravatar.com\/avatar\/dac340933427a22924c9f99d1eb2e3f2?s=96&r=g\",\"caption\":\"Eduardo Vargas\"},\"description\":\"Jornalista formado pela UFSC, cobre macroeconomia, neg\u00f3cios e startups para o Suno Not\u00edcias, escrevendo principalmente not\u00edcias sobre o mercado financeiro e a bolsa de valores. No YouTube e no Instagram, \u00e9 respons\u00e1vel pela produ\u00e7\u00e3o de Reels e Shorts do Suno Not\u00edcias. Anteriormente, trabalhou cobrindo economia e cotidiano no ND+ e para o ND, maior jornal impresso de Santa Catarina. Cursou um semestre letivo de Estudos de M\u00eddia na Universidad de Buenos Aires.\",\"url\":\"https:\/\/www.suno.com.br\/noticias\/author\/eduardo-vargas\/\"}]}<\/script>\n<!-- \/ Yoast SEO plugin. -->","yoast_head_json":{"title":"Selic: A cada 1% de queda, mais 1.700 pontos no Ibovespa","description":"Segundo analistas da XP, a expectativa \u00e9 que esse corte da Selic siga a l\u00f3gica de beneficiar os ativos de risco com a\u00e7\u00f5es em bolsa","robots":{"index":"index","follow":"follow","max-snippet":"max-snippet:-1","max-image-preview":"max-image-preview:large","max-video-preview":"max-video-preview:-1"},"canonical":"https:\/\/www.suno.com.br\/noticias\/corte-da-selic-copom-ibovespa-evm\/","og_locale":"pt_BR","og_type":"article","og_title":"Selic: A cada 1% de queda, mais 1.700 pontos no Ibovespa","og_description":"Segundo analistas da XP, a expectativa \u00e9 que esse corte da Selic siga a l\u00f3gica de beneficiar os ativos de risco com a\u00e7\u00f5es em bolsa","og_url":"https:\/\/www.suno.com.br\/noticias\/corte-da-selic-copom-ibovespa-evm\/","og_site_name":"Suno Not\u00edcias","article_publisher":"https:\/\/facebook.com\/sunoresearch","og_image":[{"width":1280,"height":960,"url":"https:\/\/files.sunoresearch.com.br\/n\/uploads\/2023\/09\/blur-1853262_1280.jpg","type":"image\/jpeg"}],"author":"Eduardo Vargas","twitter_card":"summary_large_image","twitter_creator":"@sunoresearch","twitter_site":"@sunoresearch","twitter_misc":{"Escrito por":"Eduardo Vargas","Est. tempo de leitura":"3 minutos"},"schema":{"@context":"https:\/\/schema.org","@graph":[{"@type":"NewsArticle","@id":"https:\/\/www.suno.com.br\/noticias\/corte-da-selic-copom-ibovespa-evm\/#article","isPartOf":{"@id":"https:\/\/www.suno.com.br\/noticias\/corte-da-selic-copom-ibovespa-evm\/"},"author":{"name":"Eduardo Vargas","@id":"https:\/\/www.suno.com.br\/noticias\/#\/schema\/person\/7f4d362bf3518e76090143ae77bb49a5"},"headline":"Selic: a cada 1% de queda, s\u00e3o mais 1.700 pontos no Ibovespa em m\u00e9dia, diz XP","datePublished":"2024-03-21T00:00:42+00:00","dateModified":"2024-03-21T02:14:51+00:00","mainEntityOfPage":{"@id":"https:\/\/www.suno.com.br\/noticias\/corte-da-selic-copom-ibovespa-evm\/"},"wordCount":584,"publisher":{"@id":"https:\/\/www.suno.com.br\/noticias\/#organization"},"image":{"@id":"https:\/\/www.suno.com.br\/noticias\/corte-da-selic-copom-ibovespa-evm\/#primaryimage"},"thumbnailUrl":"https:\/\/files.sunoresearch.com.br\/n\/uploads\/2023\/09\/blur-1853262_1280.jpg","keywords":["Especialistas","taxa de juros","Taxa Selic"],"articleSection":["Economia"],"inLanguage":"pt-BR"},{"@type":"WebPage","@id":"https:\/\/www.suno.com.br\/noticias\/corte-da-selic-copom-ibovespa-evm\/","url":"https:\/\/www.suno.com.br\/noticias\/corte-da-selic-copom-ibovespa-evm\/","name":"Selic: A cada 1% de queda, mais 1.700 pontos no Ibovespa","isPartOf":{"@id":"https:\/\/www.suno.com.br\/noticias\/#website"},"primaryImageOfPage":{"@id":"https:\/\/www.suno.com.br\/noticias\/corte-da-selic-copom-ibovespa-evm\/#primaryimage"},"image":{"@id":"https:\/\/www.suno.com.br\/noticias\/corte-da-selic-copom-ibovespa-evm\/#primaryimage"},"thumbnailUrl":"https:\/\/files.sunoresearch.com.br\/n\/uploads\/2023\/09\/blur-1853262_1280.jpg","datePublished":"2024-03-21T00:00:42+00:00","dateModified":"2024-03-21T02:14:51+00:00","description":"Segundo analistas da XP, a expectativa \u00e9 que esse corte da Selic siga a l\u00f3gica de beneficiar os ativos de risco com a\u00e7\u00f5es em bolsa","breadcrumb":{"@id":"https:\/\/www.suno.com.br\/noticias\/corte-da-selic-copom-ibovespa-evm\/#breadcrumb"},"inLanguage":"pt-BR","potentialAction":[{"@type":"ReadAction","target":["https:\/\/www.suno.com.br\/noticias\/corte-da-selic-copom-ibovespa-evm\/"]}]},{"@type":"ImageObject","inLanguage":"pt-BR","@id":"https:\/\/www.suno.com.br\/noticias\/corte-da-selic-copom-ibovespa-evm\/#primaryimage","url":"https:\/\/files.sunoresearch.com.br\/n\/uploads\/2023\/09\/blur-1853262_1280.jpg","contentUrl":"https:\/\/files.sunoresearch.com.br\/n\/uploads\/2023\/09\/blur-1853262_1280.jpg","width":1280,"height":960,"caption":"Selic. Foto: Pixabay."},{"@type":"BreadcrumbList","@id":"https:\/\/www.suno.com.br\/noticias\/corte-da-selic-copom-ibovespa-evm\/#breadcrumb","itemListElement":[{"@type":"ListItem","position":1,"name":"Not\u00edcias","item":"https:\/\/www.suno.com.br\/noticias\/"},{"@type":"ListItem","position":2,"name":"Economia","item":"https:\/\/www.suno.com.br\/noticias\/economia\/"},{"@type":"ListItem","position":3,"name":"Selic: a cada 1% de queda, s\u00e3o mais 1.700 pontos no Ibovespa em m\u00e9dia, diz XP"}]},{"@type":"WebSite","@id":"https:\/\/www.suno.com.br\/noticias\/#website","url":"https:\/\/www.suno.com.br\/noticias\/","name":"Suno Not\u00edcias","description":"Seu portal de informa\u00e7\u00e3o sobre o mundo dos investimentos","publisher":{"@id":"https:\/\/www.suno.com.br\/noticias\/#organization"},"potentialAction":[{"@type":"SearchAction","target":{"@type":"EntryPoint","urlTemplate":"https:\/\/www.suno.com.br\/noticias\/?s={search_term_string}"},"query-input":{"@type":"PropertyValueSpecification","valueRequired":true,"valueName":"search_term_string"}}],"inLanguage":"pt-BR"},{"@type":"Organization","@id":"https:\/\/www.suno.com.br\/noticias\/#organization","name":"Suno Not\u00edcias","url":"https:\/\/www.suno.com.br\/noticias\/","logo":{"@type":"ImageObject","inLanguage":"pt-BR","@id":"https:\/\/www.suno.com.br\/noticias\/#\/schema\/logo\/image\/","url":"https:\/\/files.sunoresearch.com.br\/n\/uploads\/2021\/09\/suno-logo.png","contentUrl":"https:\/\/files.sunoresearch.com.br\/n\/uploads\/2021\/09\/suno-logo.png","width":180,"height":180,"caption":"Suno Not\u00edcias"},"image":{"@id":"https:\/\/www.suno.com.br\/noticias\/#\/schema\/logo\/image\/"},"sameAs":["https:\/\/facebook.com\/sunoresearch","https:\/\/x.com\/sunoresearch","https:\/\/www.instagram.com\/suno","https:\/\/www.linkedin.com\/company\/suno-research\/","https:\/\/www.youtube.com\/c\/sunoresearch"]},{"@type":"Person","@id":"https:\/\/www.suno.com.br\/noticias\/#\/schema\/person\/7f4d362bf3518e76090143ae77bb49a5","name":"Eduardo Vargas","image":{"@type":"ImageObject","inLanguage":"pt-BR","@id":"https:\/\/www.suno.com.br\/noticias\/#\/schema\/person\/image\/","url":"https:\/\/secure.gravatar.com\/avatar\/dac340933427a22924c9f99d1eb2e3f2?s=96&r=g","contentUrl":"https:\/\/secure.gravatar.com\/avatar\/dac340933427a22924c9f99d1eb2e3f2?s=96&r=g","caption":"Eduardo Vargas"},"description":"Jornalista formado pela UFSC, cobre macroeconomia, neg\u00f3cios e startups para o Suno Not\u00edcias, escrevendo principalmente not\u00edcias sobre o mercado financeiro e a bolsa de valores. No YouTube e no Instagram, \u00e9 respons\u00e1vel pela produ\u00e7\u00e3o de Reels e Shorts do Suno Not\u00edcias. Anteriormente, trabalhou cobrindo economia e cotidiano no ND+ e para o ND, maior jornal impresso de Santa Catarina. Cursou um semestre letivo de Estudos de M\u00eddia na Universidad de Buenos Aires.","url":"https:\/\/www.suno.com.br\/noticias\/author\/eduardo-vargas\/"}]}},"default_loop_html":"<div class=\"cardsPage__listCard__boxs\"><div class=\"cardsPage__listCard__boxs__img\"><a href=\"https:\/\/www.suno.com.br\/noticias\/corte-da-selic-copom-ibovespa-evm\/\"><img class=\"mask\" src=\"https:\/\/www.suno.com.br\/noticias\/wp-content\/themes\/suno\/resources\/images\/spotlight\/spotlight1img\/bg-mask.png\" alt=\"Image Mask\"\/><img src=\"https:\/\/files.sunoresearch.com.br\/n\/uploads\/2023\/09\/blur-1853262_1280-400x200.jpg\" alt=\"Selic: a cada 1% de queda, s\u00e3o mais 1.700 pontos no Ibovespa em m\u00e9dia, diz XP\"\/><\/a><span class=\"spotlightCategory\"><a href=\"https:\/\/www.suno.com.br\/noticias\/economia\/\">Economia<\/a><\/span><\/div><div class=\"cardsPage__listCard__boxs__content\"><a href=\"https:\/\/www.suno.com.br\/noticias\/corte-da-selic-copom-ibovespa-evm\/\"><h2 class=\"content__title\">Selic: a cada 1% de queda, s\u00e3o mais 1.700 pontos no Ibovespa em m\u00e9dia, diz XP<\/h2><\/a><div class=\"newsContent__article__meta\"><div class=\"newsContent__article__meta__authorBox\"><a href=\"https:\/\/www.suno.com.br\/noticias\/author\/eduardo-vargas\/\" class=\"authorBox__avatar noMobi\"><img src=\"https:\/\/secure.gravatar.com\/avatar\/dac340933427a22924c9f99d1eb2e3f2?s=96&#038;r=g\" alt=\"Eduardo Vargas\"><\/a><div class=\"authorBox__name\"><span>por\n\t\t\t<a href=\"https:\/\/www.suno.com.br\/noticias\/author\/eduardo-vargas\/\"><span itemprop=\"author\">Eduardo Vargas<\/span><\/a><\/span><time datetime=\"2024-03-20T21:00:42-03:00\" itemprop=\"datePublished\">20\/03\/2024 21:00<\/time><\/div><\/div><\/div><\/div><\/div>","single_layout":"posts","amp_enabled":true,"_links":{"self":[{"href":"https:\/\/www.suno.com.br\/noticias\/wp-json\/wp\/v2\/posts\/536009"}],"collection":[{"href":"https:\/\/www.suno.com.br\/noticias\/wp-json\/wp\/v2\/posts"}],"about":[{"href":"https:\/\/www.suno.com.br\/noticias\/wp-json\/wp\/v2\/types\/post"}],"author":[{"embeddable":true,"href":"https:\/\/www.suno.com.br\/noticias\/wp-json\/wp\/v2\/users\/73"}],"replies":[{"embeddable":true,"href":"https:\/\/www.suno.com.br\/noticias\/wp-json\/wp\/v2\/comments?post=536009"}],"version-history":[{"count":3,"href":"https:\/\/www.suno.com.br\/noticias\/wp-json\/wp\/v2\/posts\/536009\/revisions"}],"predecessor-version":[{"id":536069,"href":"https:\/\/www.suno.com.br\/noticias\/wp-json\/wp\/v2\/posts\/536009\/revisions\/536069"}],"wp:featuredmedia":[{"embeddable":true,"href":"https:\/\/www.suno.com.br\/noticias\/wp-json\/wp\/v2\/media\/461847"}],"wp:attachment":[{"href":"https:\/\/www.suno.com.br\/noticias\/wp-json\/wp\/v2\/media?parent=536009"}],"wp:term":[{"taxonomy":"category","embeddable":true,"href":"https:\/\/www.suno.com.br\/noticias\/wp-json\/wp\/v2\/categories?post=536009"},{"taxonomy":"post_tag","embeddable":true,"href":"https:\/\/www.suno.com.br\/noticias\/wp-json\/wp\/v2\/tags?post=536009"},{"taxonomy":"suno_strategy","embeddable":true,"href":"https:\/\/www.suno.com.br\/noticias\/wp-json\/wp\/v2\/suno_strategy?post=536009"}],"curies":[{"name":"wp","href":"https:\/\/api.w.org\/{rel}","templated":true}]}}