{"id":535972,"date":"2024-03-20T20:03:29","date_gmt":"2024-03-20T23:03:29","guid":{"rendered":"https:\/\/www.suno.com.br\/noticias\/?p=535972"},"modified":"2024-03-21T00:45:42","modified_gmt":"2024-03-21T03:45:42","slug":"copom-cortes-selic-proximos-passos-repercussao","status":"publish","type":"post","link":"https:\/\/www.suno.com.br\/noticias\/copom-cortes-selic-proximos-passos-repercussao\/","title":{"rendered":"Por que o Copom mudou os pr\u00f3ximos passos para os cortes da Selic?"},"content":{"rendered":"<p>Depois de uma queda acumulada de 3,00 pontos porcentuais da <a class=\"suno-keyword\" data-force=\"no\" data-priority=\"3\" href=\"https:\/\/www.suno.com.br\/artigos\/taxa-selic\/\" target=\"_blank\" rel=\"noopener\">taxa Selic<\/a> desde agosto, o Comit\u00ea de <a class=\"suno-keyword\" data-force=\"no\" data-priority=\"1\" href=\"https:\/\/www.suno.com.br\/artigos\/politica-monetaria\/\" target=\"_blank\" rel=\"noopener\">Pol\u00edtica Monet\u00e1ria<\/a> do Banco Central (<strong>Copom<\/strong>) resolveu alterar a sinaliza\u00e7\u00e3o para os pr\u00f3ximos passos de afrouxamento monet\u00e1rio. No comunicado de desta quarta-feira, 20, o BC passou a se comprometer com apenas mais um corte da Selic de 0,50 ponto porcentual, ritmo que vinha repetindo desde que iniciou a flexibiliza\u00e7\u00e3o. <\/p>\t<div class=\"wrapper-featured-image\">\n\t\t<figure class=\"spotlightImg\">\n\n\t\t\t<picture>\n\t\t\t\t<source media=\"(max-width: 768px)\" srcset=\"https:\/\/files.sunoresearch.com.br\/n\/uploads\/2023\/05\/Banco-Central-400x200.jpg\">\n\t\t\t\t<img loading=\"lazy\" decoding=\"async\" class=\"newsContent__article__imgCapa lazyloadDisabled \" src=\"https:\/\/files.sunoresearch.com.br\/n\/uploads\/2023\/05\/Banco-Central-800x450.jpg\" width=\"800\" height=\"450\" alt=\"Por que o Copom mudou os pr\u00f3ximos passos para os cortes da Selic?\" fetchpriority=high \/>\n\t\t\t<\/picture>\n\n\t\t\t<figcaption class=\"wp-caption-text wp-caption-text--show\">Banco Central: Copom e a taxa Selic. Foto: Marcello Casal Jr\/Ag\u00eancia Brasil  <\/figcaption>\n\t\t<\/figure>\n\t<\/div>\n\n\n\n\n\n\t<p>\n\t\t<a href=\"\" target=\"_blank\" data-element=\"shortcode-suno-banner\" title=\"Banner SUNO, clique e saiba mais\">\n\t\t\t<picture>\n\t\t\t\t<source media=\"(max-width: 500px)\" srcset=\"\">\n\t\t\t\t<img class=\"newsContent__article__imgCapa newsContent__article__imgCapa--banner\"\n\t\t\t\t\tsrc=\"\"\n\t\t\t\t\tdata-promo-id=\"240038\"\t\t\t\t\t\t\t\t\t\t\t\t\t\t\talt=\"\"\n\t\t\t\t>\n\t\t\t<\/picture>\n\t\t<\/a>\n\t<\/p>\n\n\n\n\n\n<p>A pr\u00f3xima <strong>reuni\u00e3o do Copom<\/strong> est\u00e1 marcada para maio, quando o juro deve cair para 10,25%. Hoje, a Selic foi reduzida de 11,25% para 10,75% ao ano, a sexta baixa consecutiva.<\/p>\n\n\n\n\n\n<p>O BC resolveu mudar a sua sinaliza\u00e7\u00e3o sobre <strong>cortes da Selic<\/strong>, que at\u00e9 aqui vinha sendo para as &#8220;pr\u00f3ximas reuni\u00f5es&#8221;, no plural, considerando que, apesar de o cen\u00e1rio-base n\u00e3o ter se alterado substancialmente, houve a eleva\u00e7\u00e3o da incerteza e da consequente necessidade de maior flexibilidade na condu\u00e7\u00e3o da <a class=\"suno-keyword\" target=\"_blank\" data-force=\"no\" data-priority=\"1\" href=\"https:\/\/www.suno.com.br\/artigos\/politica-monetaria\/\" rel=\"noopener\">pol\u00edtica monet\u00e1ria<\/a>. <\/p>\n\n\n\n<p>&#8220;Os membros do Comit\u00ea, unanimemente, optaram por comunicar que anteveem, em se confirmando o cen\u00e1rio esperado, <strong>redu\u00e7\u00e3o da Selic<\/strong> de mesma magnitude na pr\u00f3xima reuni\u00e3o&#8221;, escreveram os integrantes da c\u00fapula, acrescentando que a avalia\u00e7\u00e3o do colegiado \u00e9 a de que essa \u00e9 a &#8220;condu\u00e7\u00e3o apropriada&#8221; para manter a <a class=\"suno-keyword\" target=\"_blank\" data-force=\"no\" data-priority=\"1\" href=\"https:\/\/www.suno.com.br\/artigos\/politica-monetaria-contracionista\/\" rel=\"noopener\">pol\u00edtica monet\u00e1ria contracionista<\/a> necess\u00e1ria para o processo desinflacion\u00e1rio.<\/p>\n\n\n\n<p>Apesar de muito aguardada pelo mercado, o Copom continuou sem dar pistas sobre a magnitude total do ciclo de flexibiliza\u00e7\u00e3o dos juros ao longo do tempo. Esses <strong>cortes da taxa de juros<\/strong>, de acordo com o comunicado, depender\u00e3o da &#8220;evolu\u00e7\u00e3o da din\u00e2mica inflacion\u00e1ria&#8221;. Em especial, o texto cita os componentes mais sens\u00edveis \u00e0 pol\u00edtica monet\u00e1ria e \u00e0 atividade econ\u00f4mica, as expectativas de infla\u00e7\u00e3o, em particular daquelas de maior prazo, de suas proje\u00e7\u00f5es de infla\u00e7\u00e3o, do hiato do produto e do balan\u00e7o de riscos. V\u00e1rios integrantes do Comit\u00ea j\u00e1 disseram temer a gera\u00e7\u00e3o de ru\u00eddos no caso de a expectativa de uma taxa terminal ser divulgada pelo <strong>Banco Central<\/strong>.<\/p>\n\n\n\n<p>Conforme pesquisa do <i>Proje\u00e7\u00f5es Broadcast<\/i>, 80% das casas (44) ainda aguardavam mais duas quedas do mesmo tamanho nos encontros de maio e junho. Outras 11 previam altera\u00e7\u00e3o no ritmo de cortes na reuni\u00e3o de junho: uma para 0,75 ponto e dez (18%) para 0,25 ponto.<\/p>\n\n\n\t<p>\n\t\t<a href=\"https:\/\/lp.suno.com.br\/ebook-gratuito-investindo-no-exterior\/\" target=\"_blank\" data-element=\"shortcode-suno-banner\" title=\"Banner SUNO, clique e saiba mais\">\n\t\t\t<picture>\n\t\t\t\t<source media=\"(max-width: 500px)\" srcset=\"https:\/\/files.sunoresearch.com.br\/n\/uploads\/2023\/03\/400x300-Investindo-no-exterior.png\">\n\t\t\t\t<img class=\"newsContent__article__imgCapa newsContent__article__imgCapa--banner\"\n\t\t\t\t\tsrc=\"https:\/\/files.sunoresearch.com.br\/n\/uploads\/2023\/03\/1420x240-Investindo-no-exterior.png\"\n\t\t\t\t\tdata-promo-id=\"383161\"\t\t\t\t\t\t\t\t\t\twidth='1420' height='240'\t\t\t\t\talt=\"https:\/\/files.sunoresearch.com.br\/n\/uploads\/2023\/03\/1420x240-Investindo-no-exterior.png\"\n\t\t\t\t>\n\t\t\t<\/picture>\n\t\t<\/a>\n\t<\/p>\n\n\n\n\n\n<h2 class=\"wp-block-heading\">Capital Economics: BC pode reduzir corte para 0,25 pp em breve<\/h2>\n\n\n\n<p>A Capital Economics avalia que a altera\u00e7\u00e3o no &#8220;foward guidance&#8221; no comunicado do Copom de hoje \u00e0 noite d\u00e1 suporte \u00e0 vis\u00e3o da consultoria de que o <strong>comit\u00ea do Banco Central<\/strong> vai reduzir o ritmo de queda da <strong>taxa b\u00e1sica de juros<\/strong> em breve, provavelmente no encontro de junho.<\/p>\n\n\n\n<p>&#8220;A <a class=\"suno-keyword\" target=\"_blank\" data-force=\"no\" data-priority=\"3\" href=\"https:\/\/www.suno.com.br\/artigos\/taxa-selic\/\" rel=\"noopener\">taxa Selic<\/a> n\u00e3o ser\u00e1 reduzida tanto quando a maioria espera neste ano&#8221;, afirma a Capital Economics, que se diz mais confiante agora em sua proje\u00e7\u00e3o de Selic em 9,50% no fim de 2024.<\/p>\n\n\n\n<p>No comunicado, o comit\u00ea afirma que, em fun\u00e7\u00e3o da eleva\u00e7\u00e3o da incerteza e da consequente necessidade de maior flexibilidade na condu\u00e7\u00e3o da pol\u00edtica monet\u00e1ria, seus membros &#8220;unanimemente optaram por comunicar que anteveem, em se confirmando o cen\u00e1rio esperado, redu\u00e7\u00e3o de mesma magnitude na pr\u00f3xima reuni\u00e3o&#8221;. Em seus comunicados anteriores, o Copom antevia cortes de 0,50 ponto &#8220;nas pr\u00f3ximas reuni\u00f5es&#8221;.<\/p>\n\n\n\n<p>A Capital Economics observa que outra mudan\u00e7a relevante no comunicado foi a men\u00e7\u00e3o \u00e0 for\u00e7a da infla\u00e7\u00e3o de servi\u00e7os, &#8220;algo que est\u00e1 claramente incomodando&#8221; os integrantes do comit\u00ea. Em janeiro, lembra a consultoria, o Copom afirmou que as medidas subjacentes de infla\u00e7\u00e3o estavam perto da meta. J\u00e1 no comunicado de hoje, o BC afirma que essas medidas est\u00e3o &#8220;acima da meta&#8221;.<\/p>\n\n\n\n<p>&#8220;Outro corte de 0,50 ponto no pr\u00f3ximo encontro do Copom, para 10,25%, parece altamente prov\u00e1vel. A mudan\u00e7a no <a class=\"suno-keyword\" target=\"_blank\" data-force=\"no\" data-priority=\"1\" href=\"https:\/\/www.suno.com.br\/artigos\/forward-guidance\/\" rel=\"noopener\">forward guidance<\/a> n\u00e3o exclui outro corte de 0,50 ponto na reuni\u00e3o subsequente, em junho. Mas com a for\u00e7a do mercado de trabalho provavelmente mantendo a infla\u00e7\u00e3o de servi\u00e7os elevada, acreditamos que o Copom vai se inclinar para cortes de 0,25 ponto at\u00e9 l\u00e1&#8221;, afirma a consultoria.<\/p>\n\n\n\n<h2 class=\"wp-block-heading\">Incerteza aumentou para novos cortes da Selic<\/h2>\n\n\n\n<p>Daniel Cunha, estrategista-chefe da BGC Liquidez, observa: &#8220;Apesar de o cen\u00e1rio-base n\u00e3o ter se alterado de maneira significativa, a autoridade monet\u00e1ria entende que a incerteza aumentou, o que demanda uma maior flexibilidade na condu\u00e7\u00e3o da <a class=\"suno-keyword\" target=\"_blank\" data-force=\"no\" data-priority=\"1\" href=\"https:\/\/www.suno.com.br\/artigos\/politica-monetaria\/\" rel=\"noopener\">pol\u00edtica monet\u00e1ria<\/a>.&#8221;<\/p>\n\n\n\n<p>Cunha complementa: &#8221; O efeito pr\u00e1tico foi ent\u00e3o passar a sinalizar apenas a pr\u00f3xima reuni\u00e3o, e n\u00e3o mais pelo menos duas. Com isso, a autoridade monet\u00e1ria se mostra mais conservadora do que o mercado esperava e de fato demonstra maior propens\u00e3o a continuar um ciclo de maneira mais prudente e cautelar na sua etapa final.&#8221;<\/p>\n\n\n\n<p>O estrategista diz ainda: &#8220;Mantemos nosso cen\u00e1rio-base de mais duas redu\u00e7\u00f5es de 0,5 pp e uma final de 0,25 com a Selic terminal em 9.5% ao ano&#8221;<\/p>\n\n\n\n<p>Vinicius Moura, economista e s\u00f3cio da Matriz Capital: &#8220;Acredito que o fato de o <strong>comit\u00ea do BC<\/strong> citar que esperam mais um corte de juros na &#8220;pr\u00f3xima reuni\u00e3o&#8221; no singular e n\u00e3o no plural deixa um clima de incerteza do que pode acontecer nas pr\u00f3ximas reuni\u00f5es. Mas tamb\u00e9m penso que pode ser apenas uma forma de comunicar para que o governo mantenha os objetivos fiscais. Penso que h\u00e1 sim espa\u00e7o para cortes de mesma magnitude.&#8221;<\/p>\n\n\n\n<p>O comunicado mostra, diz Moura, &#8220;que o processo de desinfla\u00e7\u00e3o em curso, com a infla\u00e7\u00e3o ao consumidor em uma trajet\u00f3ria decrescente e as expectativas de infla\u00e7\u00e3o para 2024 e 2025 situando-se em torno de 3,8% e 3,5%, respectivamente, alimenta minha confian\u00e7a de que estamos no caminho certo para alcan\u00e7ar um ambiente econ\u00f4mico mais est\u00e1vel e previs\u00edvel.&#8221; <\/p>\n\n\n\n<p>E conclui: &#8220;Vejo \u00eanfase no Copom na import\u00e2ncia da execu\u00e7\u00e3o das metas fiscais e a consequente necessidade de cautela na pol\u00edtica monet\u00e1ria como um compromisso s\u00f3lido com a estabilidade econ\u00f4mica a <a class=\"suno-keyword\" target=\"_blank\" data-force=\"no\" data-priority=\"1\" href=\"https:\/\/www.suno.com.br\/artigos\/longo-prazo\/\" rel=\"noopener\">longo prazo<\/a>. Isso refor\u00e7a minha vis\u00e3o otimista, pois acredito que uma gest\u00e3o fiscal respons\u00e1vel \u00e9 crucial para manter a confian\u00e7a dos investidores e assegurar um ambiente prop\u00edcio ao crescimento.&#8221;<\/p>\n\n\n\n<p>Ricardo Jorge, especialista em renda fixa e s\u00f3cio da Quantzed, casa de an\u00e1lise e empresa de tecnologia e educa\u00e7\u00e3o para investidores, comenta: &#8220;Achei um tom bem hawkish do <strong>comunicado do<\/strong> <strong>Copom<\/strong>. H\u00e1 preocupa\u00e7\u00f5es com o externo e cen\u00e1rio dom\u00e9stico. Mas o trecho mais importante foi que eles tiram o plural na indica\u00e7\u00e3o dos pr\u00f3ximos passos.&#8221; <\/p>\n\n\n\n<h2 class=\"wp-block-heading\">Reuni\u00f5es do Copom depois de maio ser\u00e3o &#8220;uma grande inc\u00f3gnita&#8221;<\/h2>\n\n\n\n<p>Jorge argumenta: &#8220;O comit\u00ea vinha nos outros comunicados dizendo que &#8216;nas pr\u00f3ximas reuni\u00f5es seguiremos com a decis\u00e3o na mesma magnitude&#8217;. Dessa vez, eles disseram &#8216;na pr\u00f3xima reuni\u00e3o&#8221;, ou seja, tira o plural dando a indicar que nesse momento s\u00f3 se sente confort\u00e1vel em afirmar mais uma queda de 0.50. O que vai acontecer depois \u00e9 uma grande inc\u00f3gnita, vai depender de dados, mais do que nunca.&#8221;<\/p>\n\n\n\n<p>E complementa: &#8220;Por isso minha leitura foi bem hawkish. O comit\u00ea cita as preocupa\u00e7\u00f5es com rela\u00e7\u00e3o ao cen\u00e1rio externo e obviamente a influ\u00eancia que isso pode trazer ao pa\u00eds. Cita as preocupa\u00e7\u00f5es com rela\u00e7\u00e3o \u00e0s dificuldades, \u00e0s incertezas locais e retira o plural sobre as pr\u00f3ximas reuni\u00f5es. O que \u00e9 at\u00e9 pertinente. o BC foi bem nesse comunicado. Acredito que essa \u00e9 a linha que tem que seguir.&#8221;<\/p>\n\n\n\n<p>Josiane Francisco, especialista em Investimentos do Sistema Ailos, sublinha: &#8220;Pelo lado dos investimentos no <a class=\"suno-keyword\" target=\"_blank\" data-force=\"no\" data-priority=\"2\" href=\"https:\/\/www.suno.com.br\/guias\/mercado-financeiro\/\" rel=\"noopener\">mercado financeiro<\/a>, o cen\u00e1rio continua atrativo para a renda fixa, principalmente se considerarmos o baixo risco atrelado a esse tipo de investimento e o diferencial da taxa, em rela\u00e7\u00e3o a infla\u00e7\u00e3o, os chamados juros reais.&#8221; <\/p>\n\n\n\n<p>E explica: &#8220;A infla\u00e7\u00e3o no Brasil atualmente est\u00e1 em torno de 4,50% ao ano, o que faz com que os juros reais, ou seja, descontados a infla\u00e7\u00e3o, fiquem acima dos 6% ao ano. Investimentos em renda vari\u00e1vel tamb\u00e9m podem ser uma boa op\u00e7\u00e3o para investidores que tem um maior apetite ao risco, j\u00e1 que juros mais baixos favorecem as a\u00e7\u00f5es de empresas, principalmente as ligadas ao consumo dom\u00e9stico.<\/p>\n\n\n\n<p>Finaliza: &#8220;A expectativa agora, \u00e9 pelo comunicado que ser\u00e1 divulgado em seguida da <strong>decis\u00e3o do Copom<\/strong>.  O mercado fica atendo se haver\u00e1 sinaliza\u00e7\u00f5es quanto ao ritmo de cortes na Selic que ser\u00e1 adotado pela autoridade nas pr\u00f3ximas reuni\u00f5es.<\/p>\n\n\n\n<h2 class=\"wp-block-heading\">XP: comunicado teve &#8220;sinais d\u00fabios&#8221; <\/h2>\n\n\n\n<p>Em relat\u00f3rio assinado por Caio Megale, economista-chefe da XP, e pelos economistas Rodolfo Margato e Alexandre Maluf, a casa diz que o comunicado do Copom &#8220;trouxe sinais d\u00fabios&#8221;. <\/p>\n\n\n\n<p>Explicam: &#8220;Por um lado, o Copom escreveu que as medidas de infla\u00e7\u00e3o subjacente \u2013 que exclui os itens mais vol\u00e1teis \u2013 se mostraram &#8216;acima da <a class=\"suno-keyword\" target=\"_blank\" data-force=\"no\" data-priority=\"1\" href=\"https:\/\/www.suno.com.br\/artigos\/meta-de-inflacao\/\" rel=\"noopener\">meta de infla\u00e7\u00e3o<\/a> nas divulga\u00e7\u00f5es mais recentes&#8217; \u2013 ao inv\u00e9s de &#8216;se aproximam da meta&#8217; como no comunicado anterior.&#8221; <\/p>\n\n\n\n<p>Por outro lado, diz o relat\u00f3rio da XP, &#8220;as proje\u00e7\u00f5es de infla\u00e7\u00e3o do BC (que mant\u00e9m um cen\u00e1rio no qual a trajet\u00f3ria para a taxa de juros \u00e9 extra\u00edda da pesquisa Focus e a taxa de c\u00e2mbio parte de US$\/BRL 4,95) ficaram est\u00e1veis em 3,5% para 2024 e 3,2% para 2025, mesmo com estimativas mais altas para a infla\u00e7\u00e3o de bens administrados \u2013 o que significa que o Comit\u00ea prev\u00ea uma menor infla\u00e7\u00e3o para os pre\u00e7os livres, que s\u00e3o mais sens\u00edveis \u00e0 <a class=\"suno-keyword\" target=\"_blank\" data-force=\"no\" data-priority=\"1\" href=\"https:\/\/www.suno.com.br\/artigos\/politica-monetaria\/\" rel=\"noopener\">pol\u00edtica monet\u00e1ria<\/a>.&#8221;<\/p>\n\n\n\n<p>O relat\u00f3rio da XP sobre o sexto corte da Selic acrescenta: &#8220;Considerando os <a class=\"suno-keyword\" target=\"_blank\" data-force=\"no\" data-priority=\"1\" href=\"https:\/\/www.suno.com.br\/artigos\/indicadores-de-atividade\/\" rel=\"noopener\">indicadores de atividade<\/a> e de mercado de trabalho recentemente mais fortes, acredit\u00e1vamos que o Comit\u00ea pudesse alterar sua avalia\u00e7\u00e3o sobre o crescimento econ\u00f4mico. Todavia, o comunicado repetiu que &#8216;o conjunto dos indicadores de atividade econ\u00f4mica segue consistente com o cen\u00e1rio de desacelera\u00e7\u00e3o da economia antecipado pelo Copom.&#8217;\u201d<\/p>\n\n\n\n<p>A XP lembra que o colegiado do BC destacou a &#8220;maior incerteza sobre &#8216;as conjunturas dom\u00e9stica e internacional&#8217;, mas sem elaborar muito sobre o tema. O restante do comunicado foi semelhante ao anterior.&#8221;<\/p>\n\n\n\n<p>Conclui a XP: &#8220;Apesar do ajuste na orienta\u00e7\u00e3o futura, n\u00e3o mudamos nosso cen\u00e1rio de que a <a class=\"suno-keyword\" target=\"_blank\" data-force=\"no\" data-priority=\"3\" href=\"https:\/\/www.suno.com.br\/artigos\/taxa-selic\/\" rel=\"noopener\">taxa Selic<\/a> chegar\u00e1 a 9,00% em setembro deste ano. No entanto, vemos riscos altistas para a din\u00e2mica da infla\u00e7\u00e3o \u00e0 frente, devido \u00e0s taxas de juros mais altas no mundo (principalmente nos EUA), o que pressiona o real, e \u00e0 demanda dom\u00e9stica aquecida. Avaliamos que o balan\u00e7o de riscos em torno das proje\u00e7\u00f5es de infla\u00e7\u00e3o e juros est\u00e1 inclinado para cima.&#8221;<\/p>\n\n\n\n<p>Jos\u00e9 Marcio Camargo, economista-chefe da Genial Investimentos, tamb\u00e9m destacou que o &#8220;Copom surpreendeu grande parte dos analistas ao sinalizar que dever\u00e1 promover nova queda de mesma magnitude na pr\u00f3xima reuni\u00e3o, sem colocar a frase no plural como estava sendo feito&#8221;. <\/p>\n\n\n\n<p>Camargo observa: &#8220;De acordo com o <strong>Copom<\/strong>, essa mudan\u00e7a se justifica devido ao aumento da incerteza e da necessidade de dar mais flexibilidade \u00e0 condu\u00e7\u00e3o da <a class=\"suno-keyword\" target=\"_blank\" data-force=\"no\" data-priority=\"1\" href=\"https:\/\/www.suno.com.br\/artigos\/politica-monetaria\/\" rel=\"noopener\">pol\u00edtica monet\u00e1ria<\/a>. Com essa mudan\u00e7a, o comit\u00ea repete o que havia prometido na reuni\u00e3o passada, que estipulava corte de mesma magnitude nas pr\u00f3ximas reuni\u00f5es. Ou seja, ele j\u00e1 havia prometido a redu\u00e7\u00e3o de hoje e a da pr\u00f3xima.&#8221;<\/p>\n\n\n\n<p><em>Com Estad\u00e3o Conte\u00fado<\/em><\/p>\n\n\n\t<p>\n\t\t<a href=\"https:\/\/lp.suno.com.br\/planilha-da-vida-financeira\/\" target=\"_blank\" data-element=\"shortcode-suno-banner\" title=\"Banner SUNO, clique e saiba mais\">\n\t\t\t<picture>\n\t\t\t\t<source media=\"(max-width: 500px)\" srcset=\"https:\/\/files.sunoresearch.com.br\/n\/uploads\/2023\/04\/400x300-Planilha-vida-financeira-true.png\">\n\t\t\t\t<img class=\"newsContent__article__imgCapa newsContent__article__imgCapa--banner\"\n\t\t\t\t\tsrc=\"https:\/\/files.sunoresearch.com.br\/n\/uploads\/2023\/04\/1420x240-Planilha-vida-financeira-true.png\"\n\t\t\t\t\tdata-promo-id=\"383123\"\t\t\t\t\t\t\t\t\t\twidth='1420' height='240'\t\t\t\t\talt=\"https:\/\/files.sunoresearch.com.br\/n\/uploads\/2023\/04\/1420x240-Planilha-vida-financeira-true.png\"\n\t\t\t\t>\n\t\t\t<\/picture>\n\t\t<\/a>\n\t<\/p>\n\n\n","protected":false},"excerpt":{"rendered":"<p>Depois de uma queda acumulada de 3,00 pontos porcentuais da taxa Selic desde agosto, o Comit\u00ea de Pol\u00edtica Monet\u00e1ria do Banco Central (Copom) resolveu alterar a sinaliza\u00e7\u00e3o para os pr\u00f3ximos passos de afrouxamento monet\u00e1rio. No comunicado de desta quarta-feira, 20, o BC passou a se comprometer com apenas mais um corte da Selic de 0,50 [&hellip;]<\/p>\n","protected":false},"author":98,"featured_media":398802,"comment_status":"closed","ping_status":"closed","sticky":false,"template":"","format":"standard","meta":[],"categories":[62],"tags":[1842,1104,1752,290],"suno_strategy":[],"class_list":["post-535972","post","type-post","status-publish","format-standard","has-post-thumbnail","hentry","category-economia","tag-banco-central-bc","tag-copom","tag-taxa-de-juros","tag-taxa-selic"],"yoast_head":"<!-- This site is optimized with the Yoast SEO plugin v24.4 - https:\/\/yoast.com\/wordpress\/plugins\/seo\/ -->\n<title>Copom altera sinaliza\u00e7\u00e3o de pr\u00f3ximos passos para cortes da Selic<\/title>\n<meta name=\"description\" content=\"O Copom resolveu alterar a sinaliza\u00e7\u00e3o para os pr\u00f3ximos passos de afrouxamento monet\u00e1rio no comunicado desta quarta para a Selic\" \/>\n<meta name=\"robots\" content=\"index, follow, max-snippet:-1, max-image-preview:large, max-video-preview:-1\" \/>\n<link rel=\"canonical\" href=\"https:\/\/www.suno.com.br\/noticias\/copom-cortes-selic-proximos-passos-repercussao\/\" \/>\n<meta property=\"og:locale\" content=\"pt_BR\" \/>\n<meta property=\"og:type\" content=\"article\" \/>\n<meta property=\"og:title\" content=\"Copom altera sinaliza\u00e7\u00e3o de pr\u00f3ximos passos para cortes da Selic\" \/>\n<meta property=\"og:description\" content=\"O Copom resolveu alterar a sinaliza\u00e7\u00e3o para os pr\u00f3ximos passos de afrouxamento monet\u00e1rio no comunicado desta quarta para a Selic\" \/>\n<meta property=\"og:url\" content=\"https:\/\/www.suno.com.br\/noticias\/copom-cortes-selic-proximos-passos-repercussao\/\" \/>\n<meta property=\"og:site_name\" content=\"Suno Not\u00edcias\" \/>\n<meta property=\"article:publisher\" content=\"https:\/\/facebook.com\/sunoresearch\" \/>\n<meta property=\"og:image\" content=\"https:\/\/files.sunoresearch.com.br\/n\/uploads\/2023\/05\/Banco-Central.jpg\" \/>\n\t<meta property=\"og:image:width\" content=\"1350\" \/>\n\t<meta property=\"og:image:height\" content=\"808\" \/>\n\t<meta property=\"og:image:type\" content=\"image\/jpeg\" \/>\n<meta name=\"author\" content=\"Marco Ant\u00f4nio Lopes\" \/>\n<meta name=\"twitter:card\" content=\"summary_large_image\" \/>\n<meta name=\"twitter:creator\" content=\"@sunoresearch\" \/>\n<meta name=\"twitter:site\" content=\"@sunoresearch\" \/>\n<meta name=\"twitter:label1\" content=\"Escrito por\" \/>\n\t<meta name=\"twitter:data1\" content=\"Marco Ant\u00f4nio Lopes\" \/>\n\t<meta name=\"twitter:label2\" content=\"Est. tempo de leitura\" \/>\n\t<meta name=\"twitter:data2\" content=\"10 minutos\" \/>\n<script type=\"application\/ld+json\" class=\"yoast-schema-graph\">{\"@context\":\"https:\/\/schema.org\",\"@graph\":[{\"@type\":\"NewsArticle\",\"@id\":\"https:\/\/www.suno.com.br\/noticias\/copom-cortes-selic-proximos-passos-repercussao\/#article\",\"isPartOf\":{\"@id\":\"https:\/\/www.suno.com.br\/noticias\/copom-cortes-selic-proximos-passos-repercussao\/\"},\"author\":{\"name\":\"Marco Ant\u00f4nio Lopes\",\"@id\":\"https:\/\/www.suno.com.br\/noticias\/#\/schema\/person\/829bbe8d57f84333b966b96229c6bf5f\"},\"headline\":\"Por que o Copom mudou os pr\u00f3ximos passos para os cortes da Selic?\",\"datePublished\":\"2024-03-20T23:03:29+00:00\",\"dateModified\":\"2024-03-21T03:45:42+00:00\",\"mainEntityOfPage\":{\"@id\":\"https:\/\/www.suno.com.br\/noticias\/copom-cortes-selic-proximos-passos-repercussao\/\"},\"wordCount\":1928,\"publisher\":{\"@id\":\"https:\/\/www.suno.com.br\/noticias\/#organization\"},\"image\":{\"@id\":\"https:\/\/www.suno.com.br\/noticias\/copom-cortes-selic-proximos-passos-repercussao\/#primaryimage\"},\"thumbnailUrl\":\"https:\/\/files.sunoresearch.com.br\/n\/uploads\/2023\/05\/Banco-Central.jpg\",\"keywords\":[\"Banco Central (BC)\",\"Copom\",\"taxa de juros\",\"Taxa Selic\"],\"articleSection\":[\"Economia\"],\"inLanguage\":\"pt-BR\"},{\"@type\":\"WebPage\",\"@id\":\"https:\/\/www.suno.com.br\/noticias\/copom-cortes-selic-proximos-passos-repercussao\/\",\"url\":\"https:\/\/www.suno.com.br\/noticias\/copom-cortes-selic-proximos-passos-repercussao\/\",\"name\":\"Copom altera sinaliza\u00e7\u00e3o de pr\u00f3ximos passos para cortes da Selic\",\"isPartOf\":{\"@id\":\"https:\/\/www.suno.com.br\/noticias\/#website\"},\"primaryImageOfPage\":{\"@id\":\"https:\/\/www.suno.com.br\/noticias\/copom-cortes-selic-proximos-passos-repercussao\/#primaryimage\"},\"image\":{\"@id\":\"https:\/\/www.suno.com.br\/noticias\/copom-cortes-selic-proximos-passos-repercussao\/#primaryimage\"},\"thumbnailUrl\":\"https:\/\/files.sunoresearch.com.br\/n\/uploads\/2023\/05\/Banco-Central.jpg\",\"datePublished\":\"2024-03-20T23:03:29+00:00\",\"dateModified\":\"2024-03-21T03:45:42+00:00\",\"description\":\"O Copom resolveu alterar a sinaliza\u00e7\u00e3o para os pr\u00f3ximos passos de afrouxamento monet\u00e1rio no comunicado desta quarta para a Selic\",\"breadcrumb\":{\"@id\":\"https:\/\/www.suno.com.br\/noticias\/copom-cortes-selic-proximos-passos-repercussao\/#breadcrumb\"},\"inLanguage\":\"pt-BR\",\"potentialAction\":[{\"@type\":\"ReadAction\",\"target\":[\"https:\/\/www.suno.com.br\/noticias\/copom-cortes-selic-proximos-passos-repercussao\/\"]}]},{\"@type\":\"ImageObject\",\"inLanguage\":\"pt-BR\",\"@id\":\"https:\/\/www.suno.com.br\/noticias\/copom-cortes-selic-proximos-passos-repercussao\/#primaryimage\",\"url\":\"https:\/\/files.sunoresearch.com.br\/n\/uploads\/2023\/05\/Banco-Central.jpg\",\"contentUrl\":\"https:\/\/files.sunoresearch.com.br\/n\/uploads\/2023\/05\/Banco-Central.jpg\",\"width\":1350,\"height\":808,\"caption\":\"Banco Central: Copom e a taxa Selic. Foto: Marcello Casal Jr\/Ag\u00eancia Brasil\"},{\"@type\":\"BreadcrumbList\",\"@id\":\"https:\/\/www.suno.com.br\/noticias\/copom-cortes-selic-proximos-passos-repercussao\/#breadcrumb\",\"itemListElement\":[{\"@type\":\"ListItem\",\"position\":1,\"name\":\"Not\u00edcias\",\"item\":\"https:\/\/www.suno.com.br\/noticias\/\"},{\"@type\":\"ListItem\",\"position\":2,\"name\":\"Economia\",\"item\":\"https:\/\/www.suno.com.br\/noticias\/economia\/\"},{\"@type\":\"ListItem\",\"position\":3,\"name\":\"Por que o Copom mudou os pr\u00f3ximos passos para os cortes da Selic?\"}]},{\"@type\":\"WebSite\",\"@id\":\"https:\/\/www.suno.com.br\/noticias\/#website\",\"url\":\"https:\/\/www.suno.com.br\/noticias\/\",\"name\":\"Suno Not\u00edcias\",\"description\":\"Seu portal de informa\u00e7\u00e3o sobre o mundo dos investimentos\",\"publisher\":{\"@id\":\"https:\/\/www.suno.com.br\/noticias\/#organization\"},\"potentialAction\":[{\"@type\":\"SearchAction\",\"target\":{\"@type\":\"EntryPoint\",\"urlTemplate\":\"https:\/\/www.suno.com.br\/noticias\/?s={search_term_string}\"},\"query-input\":{\"@type\":\"PropertyValueSpecification\",\"valueRequired\":true,\"valueName\":\"search_term_string\"}}],\"inLanguage\":\"pt-BR\"},{\"@type\":\"Organization\",\"@id\":\"https:\/\/www.suno.com.br\/noticias\/#organization\",\"name\":\"Suno Not\u00edcias\",\"url\":\"https:\/\/www.suno.com.br\/noticias\/\",\"logo\":{\"@type\":\"ImageObject\",\"inLanguage\":\"pt-BR\",\"@id\":\"https:\/\/www.suno.com.br\/noticias\/#\/schema\/logo\/image\/\",\"url\":\"https:\/\/files.sunoresearch.com.br\/n\/uploads\/2021\/09\/suno-logo.png\",\"contentUrl\":\"https:\/\/files.sunoresearch.com.br\/n\/uploads\/2021\/09\/suno-logo.png\",\"width\":180,\"height\":180,\"caption\":\"Suno Not\u00edcias\"},\"image\":{\"@id\":\"https:\/\/www.suno.com.br\/noticias\/#\/schema\/logo\/image\/\"},\"sameAs\":[\"https:\/\/facebook.com\/sunoresearch\",\"https:\/\/x.com\/sunoresearch\",\"https:\/\/www.instagram.com\/suno\",\"https:\/\/www.linkedin.com\/company\/suno-research\/\",\"https:\/\/www.youtube.com\/c\/sunoresearch\"]},{\"@type\":\"Person\",\"@id\":\"https:\/\/www.suno.com.br\/noticias\/#\/schema\/person\/829bbe8d57f84333b966b96229c6bf5f\",\"name\":\"Marco Ant\u00f4nio Lopes\",\"image\":{\"@type\":\"ImageObject\",\"inLanguage\":\"pt-BR\",\"@id\":\"https:\/\/www.suno.com.br\/noticias\/#\/schema\/person\/image\/\",\"url\":\"https:\/\/secure.gravatar.com\/avatar\/385167b012fbc1cde32c5446ee253313?s=96&r=g\",\"contentUrl\":\"https:\/\/secure.gravatar.com\/avatar\/385167b012fbc1cde32c5446ee253313?s=96&r=g\",\"caption\":\"Marco Ant\u00f4nio Lopes\"},\"description\":\"Jornalista, \u00e9 editor no Suno Not\u00edcias. Trabalhou nas revistas Playboy, Super, Veja Comer &amp; Beber, Homem Vogue e Universo Masculino, al\u00e9m dos portais Abril.com, R7, nas editorias de Home, Esportes, Hora 7, Entretenimento e Geral, e Eu Quero Investir. Autor do livro Bruce Lee: Definitivo (Editora Conrad). Colaborou nas revistas Nova, Veja SP, Grandes Guerras, Placar, Bizz, Casa Claudia e Quatro Rodas.\",\"url\":\"https:\/\/www.suno.com.br\/noticias\/author\/marco-lopes\/\"}]}<\/script>\n<!-- \/ Yoast SEO plugin. -->","yoast_head_json":{"title":"Copom altera sinaliza\u00e7\u00e3o de pr\u00f3ximos passos para cortes da Selic","description":"O Copom resolveu alterar a sinaliza\u00e7\u00e3o para os pr\u00f3ximos passos de afrouxamento monet\u00e1rio no comunicado desta quarta para a Selic","robots":{"index":"index","follow":"follow","max-snippet":"max-snippet:-1","max-image-preview":"max-image-preview:large","max-video-preview":"max-video-preview:-1"},"canonical":"https:\/\/www.suno.com.br\/noticias\/copom-cortes-selic-proximos-passos-repercussao\/","og_locale":"pt_BR","og_type":"article","og_title":"Copom altera sinaliza\u00e7\u00e3o de pr\u00f3ximos passos para cortes da Selic","og_description":"O Copom resolveu alterar a sinaliza\u00e7\u00e3o para os pr\u00f3ximos passos de afrouxamento monet\u00e1rio no comunicado desta quarta para a Selic","og_url":"https:\/\/www.suno.com.br\/noticias\/copom-cortes-selic-proximos-passos-repercussao\/","og_site_name":"Suno Not\u00edcias","article_publisher":"https:\/\/facebook.com\/sunoresearch","og_image":[{"width":1350,"height":808,"url":"https:\/\/files.sunoresearch.com.br\/n\/uploads\/2023\/05\/Banco-Central.jpg","type":"image\/jpeg"}],"author":"Marco Ant\u00f4nio Lopes","twitter_card":"summary_large_image","twitter_creator":"@sunoresearch","twitter_site":"@sunoresearch","twitter_misc":{"Escrito por":"Marco Ant\u00f4nio Lopes","Est. tempo de leitura":"10 minutos"},"schema":{"@context":"https:\/\/schema.org","@graph":[{"@type":"NewsArticle","@id":"https:\/\/www.suno.com.br\/noticias\/copom-cortes-selic-proximos-passos-repercussao\/#article","isPartOf":{"@id":"https:\/\/www.suno.com.br\/noticias\/copom-cortes-selic-proximos-passos-repercussao\/"},"author":{"name":"Marco Ant\u00f4nio Lopes","@id":"https:\/\/www.suno.com.br\/noticias\/#\/schema\/person\/829bbe8d57f84333b966b96229c6bf5f"},"headline":"Por que o Copom mudou os pr\u00f3ximos passos para os cortes da Selic?","datePublished":"2024-03-20T23:03:29+00:00","dateModified":"2024-03-21T03:45:42+00:00","mainEntityOfPage":{"@id":"https:\/\/www.suno.com.br\/noticias\/copom-cortes-selic-proximos-passos-repercussao\/"},"wordCount":1928,"publisher":{"@id":"https:\/\/www.suno.com.br\/noticias\/#organization"},"image":{"@id":"https:\/\/www.suno.com.br\/noticias\/copom-cortes-selic-proximos-passos-repercussao\/#primaryimage"},"thumbnailUrl":"https:\/\/files.sunoresearch.com.br\/n\/uploads\/2023\/05\/Banco-Central.jpg","keywords":["Banco Central (BC)","Copom","taxa de juros","Taxa Selic"],"articleSection":["Economia"],"inLanguage":"pt-BR"},{"@type":"WebPage","@id":"https:\/\/www.suno.com.br\/noticias\/copom-cortes-selic-proximos-passos-repercussao\/","url":"https:\/\/www.suno.com.br\/noticias\/copom-cortes-selic-proximos-passos-repercussao\/","name":"Copom altera sinaliza\u00e7\u00e3o de pr\u00f3ximos passos para cortes da Selic","isPartOf":{"@id":"https:\/\/www.suno.com.br\/noticias\/#website"},"primaryImageOfPage":{"@id":"https:\/\/www.suno.com.br\/noticias\/copom-cortes-selic-proximos-passos-repercussao\/#primaryimage"},"image":{"@id":"https:\/\/www.suno.com.br\/noticias\/copom-cortes-selic-proximos-passos-repercussao\/#primaryimage"},"thumbnailUrl":"https:\/\/files.sunoresearch.com.br\/n\/uploads\/2023\/05\/Banco-Central.jpg","datePublished":"2024-03-20T23:03:29+00:00","dateModified":"2024-03-21T03:45:42+00:00","description":"O Copom resolveu alterar a sinaliza\u00e7\u00e3o para os pr\u00f3ximos passos de afrouxamento monet\u00e1rio no comunicado desta quarta para a Selic","breadcrumb":{"@id":"https:\/\/www.suno.com.br\/noticias\/copom-cortes-selic-proximos-passos-repercussao\/#breadcrumb"},"inLanguage":"pt-BR","potentialAction":[{"@type":"ReadAction","target":["https:\/\/www.suno.com.br\/noticias\/copom-cortes-selic-proximos-passos-repercussao\/"]}]},{"@type":"ImageObject","inLanguage":"pt-BR","@id":"https:\/\/www.suno.com.br\/noticias\/copom-cortes-selic-proximos-passos-repercussao\/#primaryimage","url":"https:\/\/files.sunoresearch.com.br\/n\/uploads\/2023\/05\/Banco-Central.jpg","contentUrl":"https:\/\/files.sunoresearch.com.br\/n\/uploads\/2023\/05\/Banco-Central.jpg","width":1350,"height":808,"caption":"Banco Central: Copom e a taxa Selic. Foto: Marcello Casal Jr\/Ag\u00eancia Brasil"},{"@type":"BreadcrumbList","@id":"https:\/\/www.suno.com.br\/noticias\/copom-cortes-selic-proximos-passos-repercussao\/#breadcrumb","itemListElement":[{"@type":"ListItem","position":1,"name":"Not\u00edcias","item":"https:\/\/www.suno.com.br\/noticias\/"},{"@type":"ListItem","position":2,"name":"Economia","item":"https:\/\/www.suno.com.br\/noticias\/economia\/"},{"@type":"ListItem","position":3,"name":"Por que o Copom mudou os pr\u00f3ximos passos para os cortes da Selic?"}]},{"@type":"WebSite","@id":"https:\/\/www.suno.com.br\/noticias\/#website","url":"https:\/\/www.suno.com.br\/noticias\/","name":"Suno Not\u00edcias","description":"Seu portal de informa\u00e7\u00e3o sobre o mundo dos investimentos","publisher":{"@id":"https:\/\/www.suno.com.br\/noticias\/#organization"},"potentialAction":[{"@type":"SearchAction","target":{"@type":"EntryPoint","urlTemplate":"https:\/\/www.suno.com.br\/noticias\/?s={search_term_string}"},"query-input":{"@type":"PropertyValueSpecification","valueRequired":true,"valueName":"search_term_string"}}],"inLanguage":"pt-BR"},{"@type":"Organization","@id":"https:\/\/www.suno.com.br\/noticias\/#organization","name":"Suno Not\u00edcias","url":"https:\/\/www.suno.com.br\/noticias\/","logo":{"@type":"ImageObject","inLanguage":"pt-BR","@id":"https:\/\/www.suno.com.br\/noticias\/#\/schema\/logo\/image\/","url":"https:\/\/files.sunoresearch.com.br\/n\/uploads\/2021\/09\/suno-logo.png","contentUrl":"https:\/\/files.sunoresearch.com.br\/n\/uploads\/2021\/09\/suno-logo.png","width":180,"height":180,"caption":"Suno Not\u00edcias"},"image":{"@id":"https:\/\/www.suno.com.br\/noticias\/#\/schema\/logo\/image\/"},"sameAs":["https:\/\/facebook.com\/sunoresearch","https:\/\/x.com\/sunoresearch","https:\/\/www.instagram.com\/suno","https:\/\/www.linkedin.com\/company\/suno-research\/","https:\/\/www.youtube.com\/c\/sunoresearch"]},{"@type":"Person","@id":"https:\/\/www.suno.com.br\/noticias\/#\/schema\/person\/829bbe8d57f84333b966b96229c6bf5f","name":"Marco Ant\u00f4nio Lopes","image":{"@type":"ImageObject","inLanguage":"pt-BR","@id":"https:\/\/www.suno.com.br\/noticias\/#\/schema\/person\/image\/","url":"https:\/\/secure.gravatar.com\/avatar\/385167b012fbc1cde32c5446ee253313?s=96&r=g","contentUrl":"https:\/\/secure.gravatar.com\/avatar\/385167b012fbc1cde32c5446ee253313?s=96&r=g","caption":"Marco Ant\u00f4nio Lopes"},"description":"Jornalista, \u00e9 editor no Suno Not\u00edcias. Trabalhou nas revistas Playboy, Super, Veja Comer &amp; Beber, Homem Vogue e Universo Masculino, al\u00e9m dos portais Abril.com, R7, nas editorias de Home, Esportes, Hora 7, Entretenimento e Geral, e Eu Quero Investir. Autor do livro Bruce Lee: Definitivo (Editora Conrad). Colaborou nas revistas Nova, Veja SP, Grandes Guerras, Placar, Bizz, Casa Claudia e Quatro Rodas.","url":"https:\/\/www.suno.com.br\/noticias\/author\/marco-lopes\/"}]}},"default_loop_html":"<div class=\"cardsPage__listCard__boxs\"><div class=\"cardsPage__listCard__boxs__img\"><a href=\"https:\/\/www.suno.com.br\/noticias\/copom-cortes-selic-proximos-passos-repercussao\/\"><img class=\"mask\" src=\"https:\/\/www.suno.com.br\/noticias\/wp-content\/themes\/suno\/resources\/images\/spotlight\/spotlight1img\/bg-mask.png\" alt=\"Image Mask\"\/><img src=\"https:\/\/files.sunoresearch.com.br\/n\/uploads\/2023\/05\/Banco-Central-400x200.jpg\" alt=\"Por que o Copom mudou os pr\u00f3ximos passos para os cortes da Selic?\"\/><\/a><span class=\"spotlightCategory\"><a href=\"https:\/\/www.suno.com.br\/noticias\/economia\/\">Economia<\/a><\/span><\/div><div class=\"cardsPage__listCard__boxs__content\"><a href=\"https:\/\/www.suno.com.br\/noticias\/copom-cortes-selic-proximos-passos-repercussao\/\"><h2 class=\"content__title\">Por que o Copom mudou os pr\u00f3ximos passos para os cortes da Selic?<\/h2><\/a><div class=\"newsContent__article__meta\"><div class=\"newsContent__article__meta__authorBox\"><a href=\"https:\/\/www.suno.com.br\/noticias\/author\/marco-lopes\/\" class=\"authorBox__avatar noMobi\"><img src=\"https:\/\/secure.gravatar.com\/avatar\/385167b012fbc1cde32c5446ee253313?s=96&#038;r=g\" alt=\"Marco Ant\u00f4nio Lopes\"><\/a><div class=\"authorBox__name\"><span>por\n\t\t\t<a href=\"https:\/\/www.suno.com.br\/noticias\/author\/marco-lopes\/\"><span itemprop=\"author\">Marco Ant\u00f4nio Lopes<\/span><\/a><\/span><time datetime=\"2024-03-20T20:03:29-03:00\" itemprop=\"datePublished\">20\/03\/2024 20:03<\/time><\/div><\/div><\/div><\/div><\/div>","single_layout":"posts","amp_enabled":true,"_links":{"self":[{"href":"https:\/\/www.suno.com.br\/noticias\/wp-json\/wp\/v2\/posts\/535972"}],"collection":[{"href":"https:\/\/www.suno.com.br\/noticias\/wp-json\/wp\/v2\/posts"}],"about":[{"href":"https:\/\/www.suno.com.br\/noticias\/wp-json\/wp\/v2\/types\/post"}],"author":[{"embeddable":true,"href":"https:\/\/www.suno.com.br\/noticias\/wp-json\/wp\/v2\/users\/98"}],"replies":[{"embeddable":true,"href":"https:\/\/www.suno.com.br\/noticias\/wp-json\/wp\/v2\/comments?post=535972"}],"version-history":[{"count":3,"href":"https:\/\/www.suno.com.br\/noticias\/wp-json\/wp\/v2\/posts\/535972\/revisions"}],"predecessor-version":[{"id":536095,"href":"https:\/\/www.suno.com.br\/noticias\/wp-json\/wp\/v2\/posts\/535972\/revisions\/536095"}],"wp:featuredmedia":[{"embeddable":true,"href":"https:\/\/www.suno.com.br\/noticias\/wp-json\/wp\/v2\/media\/398802"}],"wp:attachment":[{"href":"https:\/\/www.suno.com.br\/noticias\/wp-json\/wp\/v2\/media?parent=535972"}],"wp:term":[{"taxonomy":"category","embeddable":true,"href":"https:\/\/www.suno.com.br\/noticias\/wp-json\/wp\/v2\/categories?post=535972"},{"taxonomy":"post_tag","embeddable":true,"href":"https:\/\/www.suno.com.br\/noticias\/wp-json\/wp\/v2\/tags?post=535972"},{"taxonomy":"suno_strategy","embeddable":true,"href":"https:\/\/www.suno.com.br\/noticias\/wp-json\/wp\/v2\/suno_strategy?post=535972"}],"curies":[{"name":"wp","href":"https:\/\/api.w.org\/{rel}","templated":true}]}}