{"id":53587,"date":"2020-02-19T11:32:28","date_gmt":"2020-02-19T14:32:28","guid":{"rendered":"https:\/\/www.suno.com.br\/noticias\/?p=53587"},"modified":"2021-06-13T23:38:53","modified_gmt":"2021-06-14T02:38:53","slug":"michael-bloomberg-vendera-bloomberg-lp-se-eleito","status":"publish","type":"post","link":"https:\/\/www.suno.com.br\/noticias\/michael-bloomberg-vendera-bloomberg-lp-se-eleito\/","title":{"rendered":"Michael Bloomberg, se eleito presidente dos EUA, vender\u00e1 Bloomberg LP"},"content":{"rendered":"<p>Caso ven\u00e7a as elei\u00e7\u00f5es presidenciais dos <strong>Estados Unidos<\/strong>, <a href=\"https:\/\/www.suno.com.br\/tudo-sobre\/michael-bloomberg\/\">Michael Bloomberg<\/a> vender\u00e1 sua empresa de dados do mercado financeiro criada h\u00e1 40 anos, a <strong>Bloomberg LP<\/strong>.<\/p>\t<div class=\"wrapper-featured-image\">\n\t\t<figure class=\"spotlightImg\">\n\n\t\t\t<picture>\n\t\t\t\t<source media=\"(max-width: 768px)\" srcset=\"https:\/\/files.sunoresearch.com.br\/n\/uploads\/2020\/02\/a4302900-bloomberg-400x200.webp\">\n\t\t\t\t<img loading=\"lazy\" decoding=\"async\" class=\"newsContent__article__imgCapa lazyloadDisabled newsContent__article__imgCapa--noCaption\" src=\"https:\/\/files.sunoresearch.com.br\/n\/uploads\/2020\/02\/a4302900-bloomberg-800x450.webp\" width=\"800\" height=\"450\" alt=\"Michael Bloomberg, se eleito presidente dos EUA, vender\u00e1 Bloomberg LP\" fetchpriority=high \/>\n\t\t\t<\/picture>\n\n\t\t\t<figcaption class=\"wp-caption-text wp-caption-text--hide\">Michael Bloomberg anuncia desist\u00eancia das elei\u00e7\u00f5es americanas<\/figcaption>\n\t\t<\/figure>\n\t<\/div>\n\n\n\n<p>Galia Slayen, a porta-voz da campanha de Bloomberg, pr\u00e9-candidato do <strong>Partido Democrata<\/strong>, anunciou, na \u00faltima ter\u00e7a-feira (18), que a venda o diferenciar\u00e1 &#8220;em 180\u00ba&#8221; do atual presidente norte-americano <a href=\"https:\/\/www.suno.com.br\/tudo-sobre\/donald-trump\/\">Donald Trump<\/a>, pois n\u00e3o haver\u00e3o conflitos de interesse ligados ao <strong>mercado financeiro<\/strong>.<\/p>\n<p>O futuro da empresa j\u00e1 estava em discuss\u00e3o desde que Bloomberg anunciou sua candidatura \u00e0 presid\u00eancia em novembro de 2019.<\/p>\n<p>Inicialmente, informa\u00e7\u00f5es indicavam que Bloomberg pretendia colocar a empresa em um ve\u00edculo fiduci\u00e1rio ou similar, na hip\u00f3tese de uma vit\u00f3ria na elei\u00e7\u00e3o. No entanto, posteriormente, o empres\u00e1rio passou a cogitar a venda.<\/p>\n<p>Especialistas estimam que a companhia pode ser vendida por at\u00e9 US$ 60 bilh\u00f5es (R$ 262,3 bilh\u00f5es na cota\u00e7\u00e3o atual).<\/p>\n<h2>Pr\u00e9-candidatura de Bloomberg<\/h2>\n<p>O bilion\u00e1rio de 78 anos guia sua campanha no confrontamento ao atual presidente estadunidense. Bloomberg levanta sob questionamento a \u00e9tica de Trump, que, segundo ele, nunca deixou de lado completamente seus interesses comerciais, apenas repassando-os para seus familiares.<\/p>\n\t<p>\n\t\t<a href=\"https:\/\/lp.suno.com.br\/ebook-guia-ir\/\" target=\"_blank\" data-element=\"shortcode-suno-banner\" title=\"Banner SUNO, clique e saiba mais\">\n\t\t\t<picture>\n\t\t\t\t<source media=\"(max-width: 500px)\" srcset=\"https:\/\/files.sunoresearch.com.br\/n\/uploads\/2023\/03\/400x300-Ebook-IR.png\">\n\t\t\t\t<img class=\"newsContent__article__imgCapa newsContent__article__imgCapa--banner\"\n\t\t\t\t\tsrc=\"https:\/\/files.sunoresearch.com.br\/n\/uploads\/2023\/03\/1420x240-Ebook-IR.png\"\n\t\t\t\t\tdata-promo-id=\"383124\"\t\t\t\t\t\t\t\t\t\twidth='1420' height='240'\t\t\t\t\talt=\"https:\/\/files.sunoresearch.com.br\/n\/uploads\/2023\/03\/1420x240-Ebook-IR.png\"\n\t\t\t\t>\n\t\t\t<\/picture>\n\t\t<\/a>\n\t<\/p>\n\n\n<p>Os democratas acusam Trump de aceitar pagamentos de governo estrangeiros por meio de seus hot\u00e9is e resorts, portanto, dessa forma, estaria violando a cl\u00e1usula de emolumentos da Constitui\u00e7\u00e3o norte-americana.<\/p>\n<p>A <strong>Casa Branca<\/strong>, por sua vez, responde dizendo que as as atividades nos hot\u00e9is de Trump n\u00e3o violam a lei. Um tribunal de apela\u00e7\u00f5es recentemente rejeitou uma a\u00e7\u00e3o dos democratas da C\u00e2mara, sob o argumento de que n\u00e3o existiam provas o suficiente para seguir com o caso.<\/p>\n<p>Bloomberg vem apresentando um expressivo crescimento nas pesquisas eleitorais, o que lhe proporcionou um lugar no debate entre os cadidatos \u00e0 presid\u00eancia da pr\u00f3xima quinta-feira (20), \u00e0s 23h (hor\u00e1rio de Bras\u00edlia), em Nevada.<\/p>\n<p><a href=\"https:\/\/www.suno.com.br\/noticias\/guerra-comercial-eua-china-tarifas-metade\/\">Saiba mais: EUA e China reduzem pela metade as tarifas<\/a><\/p>\n<p>Para isso, entre outras regras, o pr\u00e9-candidato precisaria de 10% das inten\u00e7\u00f5es de voto em quatro pesquisas. Nas apura\u00e7\u00f5es mais recentes, Bloomberg j\u00e1 ultrapassou o ex-vice-presidente Joe Biden e est\u00e1 atr\u00e1s apenas do social-democrata e favorito Bernie Sanders.<\/p>\n<p>A guinada de <strong>Bloomberg<\/strong> nas pesquisas, segundo especialistas, \u00e9 resultado direto do massivo investimento em comerciais de r\u00e1dio, televis\u00e3o e an\u00fancios virtuais realizados por sua campanha autofinanciada. At\u00e9 o momento, o empres\u00e1rio j\u00e1 utilizou US$ 300 milh\u00f5es de seu pr\u00f3prio dinheiro na corrida eleitoral.<\/p>\n\n","protected":false},"excerpt":{"rendered":"<p>Caso ven\u00e7a as elei\u00e7\u00f5es presidenciais dos Estados Unidos, Michael Bloomberg vender\u00e1 sua empresa de dados do mercado financeiro criada h\u00e1 40 anos, a Bloomberg LP. Michael Bloomberg anuncia desist\u00eancia das elei\u00e7\u00f5es americanas Galia Slayen, a porta-voz da campanha de Bloomberg, pr\u00e9-candidato do Partido Democrata, anunciou, na \u00faltima ter\u00e7a-feira (18), que a venda o diferenciar\u00e1 &#8220;em [&hellip;]<\/p>\n","protected":false},"author":24,"featured_media":53600,"comment_status":"closed","ping_status":"closed","sticky":false,"template":"","format":"standard","meta":[],"categories":[63],"tags":[697,793,2632],"suno_strategy":[],"class_list":["post-53587","post","type-post","status-publish","format-standard","has-post-thumbnail","hentry","category-internacional","tag-eleicoes","tag-estados-unidos-eua","tag-michael-bloomberg"],"yoast_head":"<!-- This site is optimized with the Yoast SEO plugin v24.4 - https:\/\/yoast.com\/wordpress\/plugins\/seo\/ -->\n<title>Michael Bloomberg, se eleito presidente dos EUA, vender\u00e1 Bloomberg LP<\/title>\n<meta name=\"description\" content=\"Caso ven\u00e7a as elei\u00e7\u00f5es presidenciais dos Estados Unidos, Michael Bloomberg\u00a0vender\u00e1 sua empresa de dados do mercado financeiros. Saiba mais.\" \/>\n<meta name=\"robots\" content=\"index, follow, max-snippet:-1, max-image-preview:large, max-video-preview:-1\" \/>\n<link rel=\"canonical\" href=\"https:\/\/www.suno.com.br\/noticias\/michael-bloomberg-vendera-bloomberg-lp-se-eleito\/\" \/>\n<meta property=\"og:locale\" content=\"pt_BR\" \/>\n<meta property=\"og:type\" content=\"article\" \/>\n<meta property=\"og:title\" content=\"Michael Bloomberg, se eleito presidente dos EUA, vender\u00e1 Bloomberg LP\" \/>\n<meta property=\"og:description\" content=\"Caso ven\u00e7a as elei\u00e7\u00f5es presidenciais dos Estados Unidos, Michael Bloomberg\u00a0vender\u00e1 sua empresa de dados do mercado financeiros. Saiba mais.\" \/>\n<meta property=\"og:url\" content=\"https:\/\/www.suno.com.br\/noticias\/michael-bloomberg-vendera-bloomberg-lp-se-eleito\/\" \/>\n<meta property=\"og:site_name\" content=\"Suno Not\u00edcias\" \/>\n<meta property=\"article:publisher\" content=\"https:\/\/facebook.com\/sunoresearch\" \/>\n<meta property=\"og:image\" content=\"https:\/\/files.sunoresearch.com.br\/n\/uploads\/2020\/02\/a4302900-bloomberg.jpg\" \/>\n\t<meta property=\"og:image:width\" content=\"2000\" \/>\n\t<meta property=\"og:image:height\" content=\"1333\" \/>\n\t<meta property=\"og:image:type\" content=\"image\/jpeg\" \/>\n<meta name=\"author\" content=\"Jader Lazarini\" \/>\n<meta name=\"twitter:card\" content=\"summary_large_image\" \/>\n<meta name=\"twitter:creator\" content=\"@sunoresearch\" \/>\n<meta name=\"twitter:site\" content=\"@sunoresearch\" \/>\n<meta name=\"twitter:label1\" content=\"Escrito por\" \/>\n\t<meta name=\"twitter:data1\" content=\"Jader Lazarini\" \/>\n\t<meta name=\"twitter:label2\" content=\"Est. tempo de leitura\" \/>\n\t<meta name=\"twitter:data2\" content=\"2 minutos\" \/>\n<script type=\"application\/ld+json\" class=\"yoast-schema-graph\">{\"@context\":\"https:\/\/schema.org\",\"@graph\":[{\"@type\":\"NewsArticle\",\"@id\":\"https:\/\/www.suno.com.br\/noticias\/michael-bloomberg-vendera-bloomberg-lp-se-eleito\/#article\",\"isPartOf\":{\"@id\":\"https:\/\/www.suno.com.br\/noticias\/michael-bloomberg-vendera-bloomberg-lp-se-eleito\/\"},\"author\":{\"name\":\"Jader Lazarini\",\"@id\":\"https:\/\/www.suno.com.br\/noticias\/#\/schema\/person\/918d79de1f0281f01599b93f9ea6e23f\"},\"headline\":\"Michael Bloomberg, se eleito presidente dos EUA, vender\u00e1 Bloomberg LP\",\"datePublished\":\"2020-02-19T14:32:28+00:00\",\"dateModified\":\"2021-06-14T02:38:53+00:00\",\"mainEntityOfPage\":{\"@id\":\"https:\/\/www.suno.com.br\/noticias\/michael-bloomberg-vendera-bloomberg-lp-se-eleito\/\"},\"wordCount\":429,\"publisher\":{\"@id\":\"https:\/\/www.suno.com.br\/noticias\/#organization\"},\"image\":{\"@id\":\"https:\/\/www.suno.com.br\/noticias\/michael-bloomberg-vendera-bloomberg-lp-se-eleito\/#primaryimage\"},\"thumbnailUrl\":\"https:\/\/files.sunoresearch.com.br\/n\/uploads\/2020\/02\/a4302900-bloomberg-jpg.webp\",\"keywords\":[\"Elei\u00e7\u00f5es\",\"Estados Unidos (EUA)\",\"Michael Bloomberg\"],\"articleSection\":[\"Internacional\"],\"inLanguage\":\"pt-BR\"},{\"@type\":\"WebPage\",\"@id\":\"https:\/\/www.suno.com.br\/noticias\/michael-bloomberg-vendera-bloomberg-lp-se-eleito\/\",\"url\":\"https:\/\/www.suno.com.br\/noticias\/michael-bloomberg-vendera-bloomberg-lp-se-eleito\/\",\"name\":\"Michael Bloomberg, se eleito presidente dos EUA, vender\u00e1 Bloomberg LP\",\"isPartOf\":{\"@id\":\"https:\/\/www.suno.com.br\/noticias\/#website\"},\"primaryImageOfPage\":{\"@id\":\"https:\/\/www.suno.com.br\/noticias\/michael-bloomberg-vendera-bloomberg-lp-se-eleito\/#primaryimage\"},\"image\":{\"@id\":\"https:\/\/www.suno.com.br\/noticias\/michael-bloomberg-vendera-bloomberg-lp-se-eleito\/#primaryimage\"},\"thumbnailUrl\":\"https:\/\/files.sunoresearch.com.br\/n\/uploads\/2020\/02\/a4302900-bloomberg-jpg.webp\",\"datePublished\":\"2020-02-19T14:32:28+00:00\",\"dateModified\":\"2021-06-14T02:38:53+00:00\",\"description\":\"Caso ven\u00e7a as elei\u00e7\u00f5es presidenciais dos Estados Unidos, Michael Bloomberg\u00a0vender\u00e1 sua empresa de dados do mercado financeiros. Saiba mais.\",\"breadcrumb\":{\"@id\":\"https:\/\/www.suno.com.br\/noticias\/michael-bloomberg-vendera-bloomberg-lp-se-eleito\/#breadcrumb\"},\"inLanguage\":\"pt-BR\",\"potentialAction\":[{\"@type\":\"ReadAction\",\"target\":[\"https:\/\/www.suno.com.br\/noticias\/michael-bloomberg-vendera-bloomberg-lp-se-eleito\/\"]}]},{\"@type\":\"ImageObject\",\"inLanguage\":\"pt-BR\",\"@id\":\"https:\/\/www.suno.com.br\/noticias\/michael-bloomberg-vendera-bloomberg-lp-se-eleito\/#primaryimage\",\"url\":\"https:\/\/files.sunoresearch.com.br\/n\/uploads\/2020\/02\/a4302900-bloomberg-jpg.webp\",\"contentUrl\":\"https:\/\/files.sunoresearch.com.br\/n\/uploads\/2020\/02\/a4302900-bloomberg-jpg.webp\",\"width\":2000,\"height\":1333,\"caption\":\"Michael Bloomberg anuncia desist\u00eancia das elei\u00e7\u00f5es americanas\"},{\"@type\":\"BreadcrumbList\",\"@id\":\"https:\/\/www.suno.com.br\/noticias\/michael-bloomberg-vendera-bloomberg-lp-se-eleito\/#breadcrumb\",\"itemListElement\":[{\"@type\":\"ListItem\",\"position\":1,\"name\":\"Not\u00edcias\",\"item\":\"https:\/\/www.suno.com.br\/noticias\/\"},{\"@type\":\"ListItem\",\"position\":2,\"name\":\"Internacional\",\"item\":\"https:\/\/www.suno.com.br\/noticias\/internacional\/\"},{\"@type\":\"ListItem\",\"position\":3,\"name\":\"Michael Bloomberg, se eleito presidente dos EUA, vender\u00e1 Bloomberg LP\"}]},{\"@type\":\"WebSite\",\"@id\":\"https:\/\/www.suno.com.br\/noticias\/#website\",\"url\":\"https:\/\/www.suno.com.br\/noticias\/\",\"name\":\"Suno Not\u00edcias\",\"description\":\"Seu portal de informa\u00e7\u00e3o sobre o mundo dos investimentos\",\"publisher\":{\"@id\":\"https:\/\/www.suno.com.br\/noticias\/#organization\"},\"potentialAction\":[{\"@type\":\"SearchAction\",\"target\":{\"@type\":\"EntryPoint\",\"urlTemplate\":\"https:\/\/www.suno.com.br\/noticias\/?s={search_term_string}\"},\"query-input\":{\"@type\":\"PropertyValueSpecification\",\"valueRequired\":true,\"valueName\":\"search_term_string\"}}],\"inLanguage\":\"pt-BR\"},{\"@type\":\"Organization\",\"@id\":\"https:\/\/www.suno.com.br\/noticias\/#organization\",\"name\":\"Suno Not\u00edcias\",\"url\":\"https:\/\/www.suno.com.br\/noticias\/\",\"logo\":{\"@type\":\"ImageObject\",\"inLanguage\":\"pt-BR\",\"@id\":\"https:\/\/www.suno.com.br\/noticias\/#\/schema\/logo\/image\/\",\"url\":\"https:\/\/files.sunoresearch.com.br\/n\/uploads\/2021\/09\/suno-logo.png\",\"contentUrl\":\"https:\/\/files.sunoresearch.com.br\/n\/uploads\/2021\/09\/suno-logo.png\",\"width\":180,\"height\":180,\"caption\":\"Suno Not\u00edcias\"},\"image\":{\"@id\":\"https:\/\/www.suno.com.br\/noticias\/#\/schema\/logo\/image\/\"},\"sameAs\":[\"https:\/\/facebook.com\/sunoresearch\",\"https:\/\/x.com\/sunoresearch\",\"https:\/\/www.instagram.com\/suno\",\"https:\/\/www.linkedin.com\/company\/suno-research\/\",\"https:\/\/www.youtube.com\/c\/sunoresearch\"]},{\"@type\":\"Person\",\"@id\":\"https:\/\/www.suno.com.br\/noticias\/#\/schema\/person\/918d79de1f0281f01599b93f9ea6e23f\",\"name\":\"Jader Lazarini\",\"image\":{\"@type\":\"ImageObject\",\"inLanguage\":\"pt-BR\",\"@id\":\"https:\/\/www.suno.com.br\/noticias\/#\/schema\/person\/image\/\",\"url\":\"https:\/\/secure.gravatar.com\/avatar\/3c1ad8caa51589841baeb923fcddea97?s=96&r=g\",\"contentUrl\":\"https:\/\/secure.gravatar.com\/avatar\/3c1ad8caa51589841baeb923fcddea97?s=96&r=g\",\"caption\":\"Jader Lazarini\"},\"description\":\"Jader Lazarini escreve sobre investimentos, finan\u00e7as, economia e neg\u00f3cios. \u00c9 bacharel em Rela\u00e7\u00f5es Internacionais e analista CNPI (2619).\",\"url\":\"https:\/\/www.suno.com.br\/noticias\/author\/jader-lazarini\/\"}]}<\/script>\n<!-- \/ Yoast SEO plugin. -->","yoast_head_json":{"title":"Michael Bloomberg, se eleito presidente dos EUA, vender\u00e1 Bloomberg LP","description":"Caso ven\u00e7a as elei\u00e7\u00f5es presidenciais dos Estados Unidos, Michael Bloomberg\u00a0vender\u00e1 sua empresa de dados do mercado financeiros. Saiba mais.","robots":{"index":"index","follow":"follow","max-snippet":"max-snippet:-1","max-image-preview":"max-image-preview:large","max-video-preview":"max-video-preview:-1"},"canonical":"https:\/\/www.suno.com.br\/noticias\/michael-bloomberg-vendera-bloomberg-lp-se-eleito\/","og_locale":"pt_BR","og_type":"article","og_title":"Michael Bloomberg, se eleito presidente dos EUA, vender\u00e1 Bloomberg LP","og_description":"Caso ven\u00e7a as elei\u00e7\u00f5es presidenciais dos Estados Unidos, Michael Bloomberg\u00a0vender\u00e1 sua empresa de dados do mercado financeiros. Saiba mais.","og_url":"https:\/\/www.suno.com.br\/noticias\/michael-bloomberg-vendera-bloomberg-lp-se-eleito\/","og_site_name":"Suno Not\u00edcias","article_publisher":"https:\/\/facebook.com\/sunoresearch","og_image":[{"width":2000,"height":1333,"url":"https:\/\/files.sunoresearch.com.br\/n\/uploads\/2020\/02\/a4302900-bloomberg.jpg","type":"image\/jpeg"}],"author":"Jader Lazarini","twitter_card":"summary_large_image","twitter_creator":"@sunoresearch","twitter_site":"@sunoresearch","twitter_misc":{"Escrito por":"Jader Lazarini","Est. tempo de leitura":"2 minutos"},"schema":{"@context":"https:\/\/schema.org","@graph":[{"@type":"NewsArticle","@id":"https:\/\/www.suno.com.br\/noticias\/michael-bloomberg-vendera-bloomberg-lp-se-eleito\/#article","isPartOf":{"@id":"https:\/\/www.suno.com.br\/noticias\/michael-bloomberg-vendera-bloomberg-lp-se-eleito\/"},"author":{"name":"Jader Lazarini","@id":"https:\/\/www.suno.com.br\/noticias\/#\/schema\/person\/918d79de1f0281f01599b93f9ea6e23f"},"headline":"Michael Bloomberg, se eleito presidente dos EUA, vender\u00e1 Bloomberg LP","datePublished":"2020-02-19T14:32:28+00:00","dateModified":"2021-06-14T02:38:53+00:00","mainEntityOfPage":{"@id":"https:\/\/www.suno.com.br\/noticias\/michael-bloomberg-vendera-bloomberg-lp-se-eleito\/"},"wordCount":429,"publisher":{"@id":"https:\/\/www.suno.com.br\/noticias\/#organization"},"image":{"@id":"https:\/\/www.suno.com.br\/noticias\/michael-bloomberg-vendera-bloomberg-lp-se-eleito\/#primaryimage"},"thumbnailUrl":"https:\/\/files.sunoresearch.com.br\/n\/uploads\/2020\/02\/a4302900-bloomberg-jpg.webp","keywords":["Elei\u00e7\u00f5es","Estados Unidos (EUA)","Michael Bloomberg"],"articleSection":["Internacional"],"inLanguage":"pt-BR"},{"@type":"WebPage","@id":"https:\/\/www.suno.com.br\/noticias\/michael-bloomberg-vendera-bloomberg-lp-se-eleito\/","url":"https:\/\/www.suno.com.br\/noticias\/michael-bloomberg-vendera-bloomberg-lp-se-eleito\/","name":"Michael Bloomberg, se eleito presidente dos EUA, vender\u00e1 Bloomberg LP","isPartOf":{"@id":"https:\/\/www.suno.com.br\/noticias\/#website"},"primaryImageOfPage":{"@id":"https:\/\/www.suno.com.br\/noticias\/michael-bloomberg-vendera-bloomberg-lp-se-eleito\/#primaryimage"},"image":{"@id":"https:\/\/www.suno.com.br\/noticias\/michael-bloomberg-vendera-bloomberg-lp-se-eleito\/#primaryimage"},"thumbnailUrl":"https:\/\/files.sunoresearch.com.br\/n\/uploads\/2020\/02\/a4302900-bloomberg-jpg.webp","datePublished":"2020-02-19T14:32:28+00:00","dateModified":"2021-06-14T02:38:53+00:00","description":"Caso ven\u00e7a as elei\u00e7\u00f5es presidenciais dos Estados Unidos, Michael Bloomberg\u00a0vender\u00e1 sua empresa de dados do mercado financeiros. Saiba mais.","breadcrumb":{"@id":"https:\/\/www.suno.com.br\/noticias\/michael-bloomberg-vendera-bloomberg-lp-se-eleito\/#breadcrumb"},"inLanguage":"pt-BR","potentialAction":[{"@type":"ReadAction","target":["https:\/\/www.suno.com.br\/noticias\/michael-bloomberg-vendera-bloomberg-lp-se-eleito\/"]}]},{"@type":"ImageObject","inLanguage":"pt-BR","@id":"https:\/\/www.suno.com.br\/noticias\/michael-bloomberg-vendera-bloomberg-lp-se-eleito\/#primaryimage","url":"https:\/\/files.sunoresearch.com.br\/n\/uploads\/2020\/02\/a4302900-bloomberg-jpg.webp","contentUrl":"https:\/\/files.sunoresearch.com.br\/n\/uploads\/2020\/02\/a4302900-bloomberg-jpg.webp","width":2000,"height":1333,"caption":"Michael Bloomberg anuncia desist\u00eancia das elei\u00e7\u00f5es americanas"},{"@type":"BreadcrumbList","@id":"https:\/\/www.suno.com.br\/noticias\/michael-bloomberg-vendera-bloomberg-lp-se-eleito\/#breadcrumb","itemListElement":[{"@type":"ListItem","position":1,"name":"Not\u00edcias","item":"https:\/\/www.suno.com.br\/noticias\/"},{"@type":"ListItem","position":2,"name":"Internacional","item":"https:\/\/www.suno.com.br\/noticias\/internacional\/"},{"@type":"ListItem","position":3,"name":"Michael Bloomberg, se eleito presidente dos EUA, vender\u00e1 Bloomberg LP"}]},{"@type":"WebSite","@id":"https:\/\/www.suno.com.br\/noticias\/#website","url":"https:\/\/www.suno.com.br\/noticias\/","name":"Suno Not\u00edcias","description":"Seu portal de informa\u00e7\u00e3o sobre o mundo dos investimentos","publisher":{"@id":"https:\/\/www.suno.com.br\/noticias\/#organization"},"potentialAction":[{"@type":"SearchAction","target":{"@type":"EntryPoint","urlTemplate":"https:\/\/www.suno.com.br\/noticias\/?s={search_term_string}"},"query-input":{"@type":"PropertyValueSpecification","valueRequired":true,"valueName":"search_term_string"}}],"inLanguage":"pt-BR"},{"@type":"Organization","@id":"https:\/\/www.suno.com.br\/noticias\/#organization","name":"Suno Not\u00edcias","url":"https:\/\/www.suno.com.br\/noticias\/","logo":{"@type":"ImageObject","inLanguage":"pt-BR","@id":"https:\/\/www.suno.com.br\/noticias\/#\/schema\/logo\/image\/","url":"https:\/\/files.sunoresearch.com.br\/n\/uploads\/2021\/09\/suno-logo.png","contentUrl":"https:\/\/files.sunoresearch.com.br\/n\/uploads\/2021\/09\/suno-logo.png","width":180,"height":180,"caption":"Suno Not\u00edcias"},"image":{"@id":"https:\/\/www.suno.com.br\/noticias\/#\/schema\/logo\/image\/"},"sameAs":["https:\/\/facebook.com\/sunoresearch","https:\/\/x.com\/sunoresearch","https:\/\/www.instagram.com\/suno","https:\/\/www.linkedin.com\/company\/suno-research\/","https:\/\/www.youtube.com\/c\/sunoresearch"]},{"@type":"Person","@id":"https:\/\/www.suno.com.br\/noticias\/#\/schema\/person\/918d79de1f0281f01599b93f9ea6e23f","name":"Jader Lazarini","image":{"@type":"ImageObject","inLanguage":"pt-BR","@id":"https:\/\/www.suno.com.br\/noticias\/#\/schema\/person\/image\/","url":"https:\/\/secure.gravatar.com\/avatar\/3c1ad8caa51589841baeb923fcddea97?s=96&r=g","contentUrl":"https:\/\/secure.gravatar.com\/avatar\/3c1ad8caa51589841baeb923fcddea97?s=96&r=g","caption":"Jader Lazarini"},"description":"Jader Lazarini escreve sobre investimentos, finan\u00e7as, economia e neg\u00f3cios. \u00c9 bacharel em Rela\u00e7\u00f5es Internacionais e analista CNPI (2619).","url":"https:\/\/www.suno.com.br\/noticias\/author\/jader-lazarini\/"}]}},"default_loop_html":"<div class=\"cardsPage__listCard__boxs\"><div class=\"cardsPage__listCard__boxs__img\"><a href=\"https:\/\/www.suno.com.br\/noticias\/michael-bloomberg-vendera-bloomberg-lp-se-eleito\/\"><img class=\"mask\" src=\"https:\/\/www.suno.com.br\/noticias\/wp-content\/themes\/suno\/resources\/images\/spotlight\/spotlight1img\/bg-mask.png\" alt=\"Image Mask\"\/><img src=\"https:\/\/files.sunoresearch.com.br\/n\/uploads\/2020\/02\/a4302900-bloomberg-400x200.webp\" alt=\"Michael Bloomberg, se eleito presidente dos EUA, vender\u00e1 Bloomberg LP\"\/><\/a><span class=\"spotlightCategory\"><a href=\"https:\/\/www.suno.com.br\/noticias\/internacional\/\">Internacional<\/a><\/span><\/div><div class=\"cardsPage__listCard__boxs__content\"><a href=\"https:\/\/www.suno.com.br\/noticias\/michael-bloomberg-vendera-bloomberg-lp-se-eleito\/\"><h2 class=\"content__title\">Michael Bloomberg, se eleito presidente dos EUA, vender\u00e1 Bloomberg LP<\/h2><\/a><div class=\"newsContent__article__meta\"><div class=\"newsContent__article__meta__authorBox\"><a href=\"https:\/\/www.suno.com.br\/noticias\/author\/jader-lazarini\/\" class=\"authorBox__avatar noMobi\"><img src=\"https:\/\/files.sunoresearch.com.br\/n\/uploads\/2021\/01\/178e6598-foto-perfil-2-150x150.jpg\" alt=\"Jader Lazarini\"><\/a><div class=\"authorBox__name\"><span>por\n\t\t\t<a href=\"https:\/\/www.suno.com.br\/noticias\/author\/jader-lazarini\/\"><span itemprop=\"author\">Jader Lazarini<\/span><\/a><\/span><time datetime=\"2020-02-19T11:32:28-03:00\" itemprop=\"datePublished\">19\/02\/2020 11:32<\/time><\/div><\/div><\/div><\/div><\/div>","single_layout":"posts","amp_enabled":true,"_links":{"self":[{"href":"https:\/\/www.suno.com.br\/noticias\/wp-json\/wp\/v2\/posts\/53587"}],"collection":[{"href":"https:\/\/www.suno.com.br\/noticias\/wp-json\/wp\/v2\/posts"}],"about":[{"href":"https:\/\/www.suno.com.br\/noticias\/wp-json\/wp\/v2\/types\/post"}],"author":[{"embeddable":true,"href":"https:\/\/www.suno.com.br\/noticias\/wp-json\/wp\/v2\/users\/24"}],"replies":[{"embeddable":true,"href":"https:\/\/www.suno.com.br\/noticias\/wp-json\/wp\/v2\/comments?post=53587"}],"version-history":[{"count":1,"href":"https:\/\/www.suno.com.br\/noticias\/wp-json\/wp\/v2\/posts\/53587\/revisions"}],"predecessor-version":[{"id":157157,"href":"https:\/\/www.suno.com.br\/noticias\/wp-json\/wp\/v2\/posts\/53587\/revisions\/157157"}],"wp:featuredmedia":[{"embeddable":true,"href":"https:\/\/www.suno.com.br\/noticias\/wp-json\/wp\/v2\/media\/53600"}],"wp:attachment":[{"href":"https:\/\/www.suno.com.br\/noticias\/wp-json\/wp\/v2\/media?parent=53587"}],"wp:term":[{"taxonomy":"category","embeddable":true,"href":"https:\/\/www.suno.com.br\/noticias\/wp-json\/wp\/v2\/categories?post=53587"},{"taxonomy":"post_tag","embeddable":true,"href":"https:\/\/www.suno.com.br\/noticias\/wp-json\/wp\/v2\/tags?post=53587"},{"taxonomy":"suno_strategy","embeddable":true,"href":"https:\/\/www.suno.com.br\/noticias\/wp-json\/wp\/v2\/suno_strategy?post=53587"}],"curies":[{"name":"wp","href":"https:\/\/api.w.org\/{rel}","templated":true}]}}