{"id":535800,"date":"2024-03-20T18:37:16","date_gmt":"2024-03-20T21:37:16","guid":{"rendered":"https:\/\/www.suno.com.br\/noticias\/?p=535800"},"modified":"2024-03-21T00:50:15","modified_gmt":"2024-03-21T03:50:15","slug":"copom-decisao-taxa-selic-marco-2024","status":"publish","type":"post","link":"https:\/\/www.suno.com.br\/noticias\/copom-decisao-taxa-selic-marco-2024\/","title":{"rendered":"Copom baixa Selic para 10,75% ao ano e indica altera\u00e7\u00f5es no ritmo de cortes"},"content":{"rendered":"<p>O Comit\u00ea de <a class=\"suno-keyword\" data-force=\"no\" data-priority=\"1\" href=\"https:\/\/www.suno.com.br\/artigos\/politica-monetaria\/\" target=\"_blank\" rel=\"noopener\">Pol\u00edtica Monet\u00e1ria<\/a> (<strong>Copom<\/strong>), do Banco Central, anunciou nesta quarta (20) a sexta redu\u00e7\u00e3o consecutiva da Selic. Com o corte de 0,5 p.p divulgado hoje, a <a class=\"suno-keyword\" data-force=\"no\" data-priority=\"1\" href=\"https:\/\/www.suno.com.br\/artigos\/taxa-de-juros\/\" target=\"_blank\" rel=\"noopener\">taxa b\u00e1sica de juros<\/a> caiu para 10,75% na segunda reuni\u00e3o do ano do comit\u00ea do BC. A decis\u00e3o foi un\u00e2nime. A nova queda dos juros era aguardada pelo mercado, que estava de olho no comunicado do Copom e na proje\u00e7\u00e3o dos novos cortes &#8211; mas o texto que acompanha a decis\u00e3o sinalizou somente mais um corte, na pr\u00f3xima reuni\u00e3o, em 7 e 8 de maio. <\/p>\t<div class=\"wrapper-featured-image\">\n\t\t<figure class=\"spotlightImg\">\n\n\t\t\t<picture>\n\t\t\t\t<source media=\"(max-width: 768px)\" srcset=\"https:\/\/files.sunoresearch.com.br\/n\/uploads\/2022\/08\/Copom-400x200.jpg\">\n\t\t\t\t<img loading=\"lazy\" decoding=\"async\" class=\"newsContent__article__imgCapa lazyloadDisabled \" src=\"https:\/\/files.sunoresearch.com.br\/n\/uploads\/2022\/08\/Copom-800x450.jpg\" width=\"800\" height=\"450\" alt=\"Copom baixa Selic para 10,75% ao ano e indica altera\u00e7\u00f5es no ritmo de cortes\" fetchpriority=high \/>\n\t\t\t<\/picture>\n\n\t\t\t<figcaption class=\"wp-caption-text wp-caption-text--show\">taxa Selic. Foto: Antonio Cruz\/Ag\u00eancia Brasil<\/figcaption>\n\t\t<\/figure>\n\t<\/div>\n\n\n\n\n\n\t<p>\n\t\t<a href=\"\" target=\"_blank\" data-element=\"shortcode-suno-banner\" title=\"Banner SUNO, clique e saiba mais\">\n\t\t\t<picture>\n\t\t\t\t<source media=\"(max-width: 500px)\" srcset=\"\">\n\t\t\t\t<img class=\"newsContent__article__imgCapa newsContent__article__imgCapa--banner\"\n\t\t\t\t\tsrc=\"\"\n\t\t\t\t\tdata-promo-id=\"240038\"\t\t\t\t\t\t\t\t\t\t\t\t\t\t\talt=\"\"\n\t\t\t\t>\n\t\t\t<\/picture>\n\t\t<\/a>\n\t<\/p>\n\n\n\n\n\n<p>No comunicado sobre o <strong>corte da taxa Selic<\/strong>, o Copom cita &#8220;eleva\u00e7\u00e3o da incerteza e necessidade de maior flexibilidade na condu\u00e7\u00e3o da pol\u00edtica&nbsp;monet\u00e1ria&#8221;,<\/p>\n\n\n\n\t<div data-element=\"shortcode-read-more\" class=\"readToo\">\n\t\t\t\t<span class=\"readToo__title\">Leia mais<\/span>\n\t\t\t\t<ul class=\"readToo__list\">\n\t\t\t<li><a href=\"https:\/\/www.suno.com.br\/noticias\/corte-da-selic-copom-ibovespa-evm\/\">Selic: a cada 1% de queda, s\u00e3o mais 1.700 pontos no Ibovespa em m\u00e9dia, diz XP<\/a><\/li><li><a href=\"https:\/\/www.suno.com.br\/noticias\/fundos-imobiliarios-selic-a-1075-copom-impacta-mercado-fc\/\">Fundos Imobili\u00e1rios: veja quem paga dividendos maiores que a Selic a 10,75%<\/a><\/li><li><a href=\"https:\/\/www.suno.com.br\/noticias\/copom-decisao-taxa-selic-marco-2024\/\">Copom baixa Selic para 10,75% ao ano e indica altera\u00e7\u00f5es no ritmo de cortes<\/a><\/li>\t\t<\/ul>\n\t<\/div>\n\n\n\n\n<p>O BC prev\u00ea apenas mais uma queda de 0,5 pp &#8211; n\u00e3o outras quedas da mesma magnitude, justamente o a maior d\u00favida do mercado sobre o <strong>comunicado do BC<\/strong>. Ainda h\u00e1 uma preocupa\u00e7\u00e3o com a infla\u00e7\u00e3o entre os membros do comit\u00ea de pol\u00edtica monet\u00e1ria.<\/p>\n\n\n\n<p>O Copom diz que o cen\u00e1rio-base n\u00e3o se alterou substancialmente: &#8220;O ambiente externo segue vol\u00e1til, marcado pelos debates sobre o in\u00edcio da flexibiliza\u00e7\u00e3o de pol\u00edtica monet\u00e1ria nas principais economias e a velocidade com que se observar\u00e1 a queda da infla\u00e7\u00e3o de forma sustentada em diversos pa\u00edses&#8221;, diz o texto que acompanha a decis\u00e3o do <strong>BC sobre a Selic<\/strong>.<\/p>\n\n\n\n<p>&#8220;Em rela\u00e7\u00e3o ao cen\u00e1rio dom\u00e9stico, o conjunto dos indicadores de atividade econ\u00f4mica segue consistente com o cen\u00e1rio de desacelera\u00e7\u00e3o da economia antecipado pelo Copom&#8221;, afirma o documento. <\/p>\n\n\n\n<p>&#8220;A infla\u00e7\u00e3o cheia ao consumidor manteve trajet\u00f3ria de desinfla\u00e7\u00e3o, enquanto as medidas de infla\u00e7\u00e3o subjacente se situaram acima da meta para a infla\u00e7\u00e3o nas divulga\u00e7\u00f5es mais recentes&#8221;, acrescenta o comunicado.<\/p>\n\n\n\n<p>O <strong>Comit\u00ea de Pol\u00edtica Monet\u00e1ria<\/strong> do Banco Central repetiu que a conjuntura atual demanda &#8220;serenidade e modera\u00e7\u00e3o na condu\u00e7\u00e3o da pol\u00edtica monet\u00e1ria&#8221;.<\/p>\n\n\n\n<p>Segundo o BC, a conjuntura atual \u00e9 caracterizada por um est\u00e1gio do processo desinflacion\u00e1rio que tende a ser mais lento, expectativas de infla\u00e7\u00e3o com reancoragem apenas parcial e um cen\u00e1rio global desafiador.<\/p>\n\n\n\n<p>&#8220;O Comit\u00ea refor\u00e7a a necessidade de perseverar com uma pol\u00edtica monet\u00e1ria contracionista at\u00e9 que se consolide n\u00e3o apenas o processo de desinfla\u00e7\u00e3o como tamb\u00e9m a ancoragem das expectativas em torno de suas metas&#8221;, refor\u00e7ou, assim como no comunicado de janeiro.<\/p>\n\n\n\n<h2 class=\"wp-block-heading\">&#8220;Corte da Selic em 0,5 pp na pr\u00f3xima reuni\u00e3o&#8221;<\/h2>\n\n\n\n<p>O Copom diz que o balan\u00e7o de riscos &#8220;permanece com fatores em ambas as dire\u00e7\u00f5es&#8221; e aponta, entre os riscos de alta, &#8220;maior persist\u00eancia da press\u00e3o inflacion\u00e1ria global e maior resili\u00eancia da infla\u00e7\u00e3o de servi\u00e7os&#8221;.<\/p>\n\n\n\n<p>O comit\u00ea do BC explica que a &#8220;magnitude total do ciclo depender\u00e1 da din\u00e2mica inflacion\u00e1ria&#8221;, citando itens mais sens\u00edveis \u00e0 Selic e atividade econ\u00f4mica&#8221;.<\/p>\n\n\n\n<p>E enfatiza: &#8220;As expectativas de infla\u00e7\u00e3o para 2024 e 2025 apuradas pela pesquisa Focus encontram-se em torno de 3,8% e 3,5%, respectivamente. As proje\u00e7\u00f5es de infla\u00e7\u00e3o do Copom em seu cen\u00e1rio de refer\u00eancia situam-se em 3,5% em 2024 e 3,2% em 2025. As proje\u00e7\u00f5es para a infla\u00e7\u00e3o de pre\u00e7os administrados s\u00e3o de 4,4% em 2024 e 3,9% em 2025<em>.<\/em>&#8220;<\/p>\n\n\n\n<p>O comunicado revela que &#8220;os membros do Comit\u00ea, unanimemente, optaram por comunicar que anteveem, em se confirmando o cen\u00e1rio esperado, redu\u00e7\u00e3o de mesma magnitude na pr\u00f3xima reuni\u00e3o.&#8221;<\/p>\n\n\n\n<p>O mercado esperava que esse trecho &#8220;na pr\u00f3xima reuni\u00e3o em maio&#8221; viesse no plural &#8211; mas veio no singular.<\/p>\n\n\n\n<p>Vinicius Moura, economista e s\u00f3cio da Matriz Capital, explica: &#8220;Acredito que o fato de citarem que esperam mais um corte de juros na &#8216;pr\u00f3xima reuni\u00e3o&#8217; no singular e n\u00e3o no plural deixa um clima de incerteza do que pode acontecer nas pr\u00f3ximas reuni\u00f5es. Mas tamb\u00e9m penso que pode ser apenas uma forma de comunicar para que o governo mantenha os objetivos fiscais. Penso que h\u00e1 sim espa\u00e7o para cortes de mesma magnitude.<\/p>\n\n\n\n\t<div data-element=\"shortcode-read-more\" class=\"readToo\">\n\t\t\t\t<span class=\"readToo__title\">Leia mais<\/span>\n\t\t\t\t<ul class=\"readToo__list\">\n\t\t\t<li><a href=\"https:\/\/www.suno.com.br\/noticias\/selic-previa-copom-taxa-juros-banco-central-gpj\/\">Selic deve cair para 10,75% nesta quarta; o que mais esperar da decis\u00e3o do Copom?<\/a><\/li><li><a href=\"https:\/\/www.suno.com.br\/noticias\/boletim-focus-selic-estavel-inflacao-dolar-cpf\/\">Selic est\u00e1vel e infla\u00e7\u00e3o, d\u00f3lar e PIB em alta: Focus atualiza expectativas para o ano<\/a><\/li><li><a href=\"https:\/\/www.suno.com.br\/noticias\/taxa-selic-juros-mais-alta-fim-do-ciclo-bba-evm\/\">&#8216;Agora esperamos uma Selic mais alta no fim do ciclo&#8217;, diz Ita\u00fa<\/a><\/li>\t\t<\/ul>\n\t<\/div>\n\n\n\n\n<h2 class=\"wp-block-heading\">Copom: expectativa do mercado <\/h2>\n\n\n\n<p>No mercado, era un\u00e2nime a expectativa pela <strong>sexta queda consecutiva da Selic<\/strong> de 0,50 ponto porcentual do juro b\u00e1sico, para 10,75% ao ano, seguindo a sinaliza\u00e7\u00e3o dada em janeiro pelo comit\u00ea de que &#8220;antev\u00ea redu\u00e7\u00e3o de 0,50 ponto porcentual da taxa Selic nas pr\u00f3ximas reuni\u00f5es&#8221;.<\/p>\n\n\n\n<p>Conforme a pesquisa do Proje\u00e7\u00f5es Broadcast, todas as 55 institui\u00e7\u00f5es consultadas esperam que a Selic cairia a 10,75% na <strong>decis\u00e3o do Copom<\/strong> desta semana.<\/p>\n\n\n\n<p>Mas, diante dos dados mais fortes de atividade e dos alertas da infla\u00e7\u00e3o de servi\u00e7os, a discuss\u00e3o seria se o BC manteria a sinaliza\u00e7\u00e3o de novos <strong>cortes da Selic<\/strong> do mesmo tamanho no plural, ou se indicaria a continuidade com a dose atual at\u00e9 maio.<\/p>\n\n\n\n<p>No levantamento do Proje\u00e7\u00f5es Broadcast, 80% das casas (44) ainda aguardam mais duas quedas do mesmo tamanho nos encontros de maio e junho. Outras 11 preveem altera\u00e7\u00e3o no ritmo de <strong>cortes de juros<\/strong> na reuni\u00e3o de junho: uma para 0,75 ponto e dez (18%) para 0,25 ponto.<\/p>\n\n\n\n<p>No in\u00edcio deste m\u00eas, o diretor de <a class=\"suno-keyword\" target=\"_blank\" data-force=\"no\" data-priority=\"1\" href=\"https:\/\/www.suno.com.br\/artigos\/politica-economica\/\" rel=\"noopener\">Pol\u00edtica Econ\u00f4mica<\/a> do BC, Diogo Guillen, reconheceu que o Copom vai analisar &#8220;para frente&#8221; o risco-retorno do atual <em>forward guidance<\/em>.<\/p>\n\n\n\n<p>Com a baixa esperada da Selic para 10,75%, o afrouxamento monet\u00e1rio chegaria a 3,00 pontos porcentuais &#8211; de 13,75% -, mais da metade do caminho previsto pelo Boletim Focus, que projeta juro de 8,50% no fim do ciclo. Nas comunica\u00e7\u00f5es oficiais, a autoridade monet\u00e1ria tem repetido que a magnitude total do processo de al\u00edvio dos juros depender\u00e1 da evolu\u00e7\u00e3o da din\u00e2mica infla\u00e7\u00e3o, das expectativas de infla\u00e7\u00e3o, do hiato do produto e do balan\u00e7o de riscos.<\/p>\n\n\n\n<p>No Boletim Focus, a mediana para a infla\u00e7\u00e3o de 2024 passou de 3,81% no \u00faltimo Copom, em janeiro, para 3,79% na \u00faltima divulga\u00e7\u00e3o, de hoje. J\u00e1 para 2025, houve alta, de 3,50% para 3,52%, enquanto a estimativa para 2026 continuou estacionada em 3,50% &#8211; todas desancoradas em rela\u00e7\u00e3o \u00e0 meta cont\u00ednua de 3,00%. No primeiro encontro de 2024 as proje\u00e7\u00f5es do pr\u00f3prio Copom eram de 3,5% em 2024 e 3,2% para 2025.<\/p>\n\n\n\n<p>A taxa est\u00e1 no menor n\u00edvel desde mar\u00e7o de 2022, quando tamb\u00e9m estava em 10,75% ao ano. De mar\u00e7o de 2021 a agosto de 2022, o Copom elevou a Selic por 12 vezes consecutivas, num ciclo de aperto monet\u00e1rio que come\u00e7ou em meio \u00e0 alta dos pre\u00e7os de alimentos, de energia e de combust\u00edveis. Por um ano, de agosto de 2022 a agosto de 2023, a taxa foi mantida em 13,75% ao ano por sete vezes seguidas.<\/p>\n\n\n\n<p>Antes do in\u00edcio do ciclo de alta, a Selic tinha sido reduzida para 2% ao ano, no n\u00edvel mais baixo da s\u00e9rie hist\u00f3rica iniciada em 1986. Por causa da contra\u00e7\u00e3o econ\u00f4mica gerada pela pandemia de covid-19, o Banco Central tinha derrubado a taxa para estimular a produ\u00e7\u00e3o e o consumo. A taxa ficou no menor patamar da hist\u00f3ria de agosto de 2020 a mar\u00e7o de 2021.<\/p>\n\n\n\t<p>\n\t\t<a href=\"https:\/\/lp.suno.com.br\/ebook-gratuito-investindo-no-exterior\/\" target=\"_blank\" data-element=\"shortcode-suno-banner\" title=\"Banner SUNO, clique e saiba mais\">\n\t\t\t<picture>\n\t\t\t\t<source media=\"(max-width: 500px)\" srcset=\"https:\/\/files.sunoresearch.com.br\/n\/uploads\/2023\/03\/400x300-Investindo-no-exterior.png\">\n\t\t\t\t<img class=\"newsContent__article__imgCapa newsContent__article__imgCapa--banner\"\n\t\t\t\t\tsrc=\"https:\/\/files.sunoresearch.com.br\/n\/uploads\/2023\/03\/1420x240-Investindo-no-exterior.png\"\n\t\t\t\t\tdata-promo-id=\"383161\"\t\t\t\t\t\t\t\t\t\twidth='1420' height='240'\t\t\t\t\talt=\"https:\/\/files.sunoresearch.com.br\/n\/uploads\/2023\/03\/1420x240-Investindo-no-exterior.png\"\n\t\t\t\t>\n\t\t\t<\/picture>\n\t\t<\/a>\n\t<\/p>\n\n\n\n\n\n<h2 class=\"wp-block-heading\">Leia o comunicado do Copom na \u00edntegra<\/h2>\n\n\n\n<p><em>O ambiente externo segue vol\u00e1til, marcado pelos debates sobre o in\u00edcio da flexibiliza\u00e7\u00e3o de pol\u00edtica monet\u00e1ria nas principais economias e a velocidade com que se observar\u00e1 a queda da infla\u00e7\u00e3o de forma sustentada em diversos pa\u00edses. Os bancos centrais das principais economias permanecem determinados em promover a converg\u00eancia das taxas de infla\u00e7\u00e3o para suas metas em um ambiente marcado por press\u00f5es nos mercados de trabalho. O Comit\u00ea avalia que o cen\u00e1rio segue exigindo cautela por parte de pa\u00edses emergentes.<\/em><\/p>\n\n\n\n<p><em>Em rela\u00e7\u00e3o ao cen\u00e1rio dom\u00e9stico, o conjunto dos indicadores de atividade econ\u00f4mica segue consistente com o cen\u00e1rio de desacelera\u00e7\u00e3o da economia antecipado pelo Copom. A infla\u00e7\u00e3o cheia ao consumidor manteve trajet\u00f3ria de desinfla\u00e7\u00e3o, enquanto as medidas de infla\u00e7\u00e3o subjacente se situaram acima da meta para a infla\u00e7\u00e3o nas divulga\u00e7\u00f5es mais recentes.<\/em><\/p>\n\n\n\n<p><em>As expectativas de infla\u00e7\u00e3o para 2024 e 2025 apuradas pela pesquisa Focus encontram-se em torno de 3,8% e 3,5%, respectivamente.<\/em><\/p>\n\n\n\n<p><em>As proje\u00e7\u00f5es de infla\u00e7\u00e3o do Copom em seu cen\u00e1rio de refer\u00eancia* situam-se em 3,5% em 2024 e 3,2% em 2025. As proje\u00e7\u00f5es para a infla\u00e7\u00e3o de pre\u00e7os administrados s\u00e3o de 4,4% em 2024 e 3,9% em 2025.<\/em><\/p>\n\n\n\n<p><em>O Comit\u00ea ressalta que, em seus cen\u00e1rios para a infla\u00e7\u00e3o, permanecem fatores de risco em ambas as dire\u00e7\u00f5es. Entre os riscos de alta para o cen\u00e1rio inflacion\u00e1rio e as expectativas de infla\u00e7\u00e3o, destacam-se (i) uma maior persist\u00eancia das press\u00f5es inflacion\u00e1rias globais; e (ii) uma maior resili\u00eancia na infla\u00e7\u00e3o de servi\u00e7os do que a projetada em fun\u00e7\u00e3o de um hiato do produto mais apertado. Entre os riscos de baixa, ressaltam-se (i) uma desacelera\u00e7\u00e3o da atividade econ\u00f4mica global mais acentuada do que a projetada; e (ii) os impactos do aperto monet\u00e1rio sincronizado sobre a desinfla\u00e7\u00e3o global se mostrarem mais fortes do que o esperado. O Comit\u00ea avalia que as conjunturas dom\u00e9stica e internacional est\u00e3o mais incertas, exigindo cautela na condu\u00e7\u00e3o da pol\u00edtica monet\u00e1ria.<\/em><\/p>\n\n\n\n<p><em>Tendo em conta a import\u00e2ncia da execu\u00e7\u00e3o das metas fiscais j\u00e1 estabelecidas para a ancoragem das expectativas de infla\u00e7\u00e3o e, consequentemente, para a condu\u00e7\u00e3o da pol\u00edtica monet\u00e1ria, o Comit\u00ea reafirma a import\u00e2ncia da firme persecu\u00e7\u00e3o dessas metas.<\/em><\/p>\n\n\n\n<p><em>Considerando a evolu\u00e7\u00e3o do processo de desinfla\u00e7\u00e3o, os cen\u00e1rios avaliados, o balan\u00e7o de riscos e o amplo conjunto de informa\u00e7\u00f5es dispon\u00edveis, o Copom decidiu reduzir a taxa b\u00e1sica de juros em 0,50 ponto percentual, para 10,75% a.a., e entende que essa decis\u00e3o \u00e9 compat\u00edvel com a estrat\u00e9gia de converg\u00eancia da infla\u00e7\u00e3o para o redor da meta ao longo do horizonte relevante, que inclui o ano de 2024 e, em grau maior, o de 2025. Sem preju\u00edzo de seu objetivo fundamental de assegurar a estabilidade de pre\u00e7os, essa decis\u00e3o tamb\u00e9m implica suaviza\u00e7\u00e3o das flutua\u00e7\u00f5es do n\u00edvel de atividade econ\u00f4mica e fomento do pleno emprego.<\/em><\/p>\n\n\n\n<p><em>A conjuntura atual, caracterizada por um est\u00e1gio do processo desinflacion\u00e1rio que tende a ser mais lento, expectativas de infla\u00e7\u00e3o com reancoragem apenas parcial e um cen\u00e1rio global desafiador, demanda serenidade e modera\u00e7\u00e3o na condu\u00e7\u00e3o da pol\u00edtica monet\u00e1ria. O Comit\u00ea refor\u00e7a a necessidade de perseverar com uma pol\u00edtica monet\u00e1ria contracionista at\u00e9 que se consolide n\u00e3o apenas o processo de desinfla\u00e7\u00e3o como tamb\u00e9m a ancoragem das expectativas em torno de suas metas.<\/em><\/p>\n\n\n\n<p><em>O Comit\u00ea avalia que o cen\u00e1rio-base n\u00e3o se alterou substancialmente. Em fun\u00e7\u00e3o da eleva\u00e7\u00e3o da incerteza e da consequente necessidade de maior flexibilidade na condu\u00e7\u00e3o da pol\u00edtica monet\u00e1ria, os membros do Comit\u00ea, unanimemente, optaram por comunicar que anteveem, em se confirmando o cen\u00e1rio esperado, redu\u00e7\u00e3o de mesma magnitude na pr\u00f3xima reuni\u00e3o. O Comit\u00ea avalia que essa \u00e9 a condu\u00e7\u00e3o apropriada para manter a pol\u00edtica monet\u00e1ria contracionista necess\u00e1ria para o processo desinflacion\u00e1rio.<\/em><\/p>\n\n\n\n<p><em>O Comit\u00ea enfatiza que a magnitude total do ciclo de flexibiliza\u00e7\u00e3o ao longo do tempo depender\u00e1 da evolu\u00e7\u00e3o da din\u00e2mica inflacion\u00e1ria, em especial dos componentes mais sens\u00edveis \u00e0 pol\u00edtica monet\u00e1ria e \u00e0 atividade econ\u00f4mica, das expectativas de infla\u00e7\u00e3o, em particular daquelas de maior prazo, de suas proje\u00e7\u00f5es de infla\u00e7\u00e3o, do hiato do produto e do balan\u00e7o de riscos.<\/em><\/p>\n\n\n\n<p><em>Votaram por uma redu\u00e7\u00e3o de 0,50 ponto percentual os seguintes membros do Comit\u00ea: Roberto de Oliveira Campos Neto (presidente), Ailton de Aquino Santos, Carolina de Assis Barros, Diogo Abry Guillen, Gabriel Muricca Gal\u00edpolo, Ot\u00e1vio Ribeiro Damaso, Paulo Picchetti, Renato Dias de Brito Gomes e Rodrigo Alves Teixeira.<\/em><\/p>\n\n\n\n<ul class=\"wp-block-list\">\n<li><em>No cen\u00e1rio de refer\u00eancia, a trajet\u00f3ria para a taxa de juros \u00e9 extra\u00edda da pesquisa Focus e a taxa de c\u00e2mbio parte de USD\/BRL 4,95, evoluindo segundo a paridade do poder de compra (PPC). O pre\u00e7o do petr\u00f3leo segue aproximadamente a curva futura pelos pr\u00f3ximos seis meses e passa a aumentar 2% ao ano posteriormente. Al\u00e9m disso, adota-se a hip\u00f3tese de bandeira tarif\u00e1ria &#8220;verde&#8221; em dezembro de 2024 e de 2025. O valor para o c\u00e2mbio foi obtido pelo procedimento, que passou a ser adotado na 258\u00aa reuni\u00e3o, de arredondar a cota\u00e7\u00e3o m\u00e9dia da taxa de c\u00e2mbio USD\/BRL observada nos dez dias \u00fateis encerrados no \u00faltimo dia da semana anterior \u00e0 da reuni\u00e3o do <strong>Copom<\/strong>.<\/em><\/li>\n<\/ul>\n\n\n\t<p>\n\t\t<a href=\"https:\/\/lp.suno.com.br\/planilha-da-vida-financeira\/\" target=\"_blank\" data-element=\"shortcode-suno-banner\" title=\"Banner SUNO, clique e saiba mais\">\n\t\t\t<picture>\n\t\t\t\t<source media=\"(max-width: 500px)\" srcset=\"https:\/\/files.sunoresearch.com.br\/n\/uploads\/2023\/04\/400x300-Planilha-vida-financeira-true.png\">\n\t\t\t\t<img class=\"newsContent__article__imgCapa newsContent__article__imgCapa--banner\"\n\t\t\t\t\tsrc=\"https:\/\/files.sunoresearch.com.br\/n\/uploads\/2023\/04\/1420x240-Planilha-vida-financeira-true.png\"\n\t\t\t\t\tdata-promo-id=\"383123\"\t\t\t\t\t\t\t\t\t\twidth='1420' height='240'\t\t\t\t\talt=\"https:\/\/files.sunoresearch.com.br\/n\/uploads\/2023\/04\/1420x240-Planilha-vida-financeira-true.png\"\n\t\t\t\t>\n\t\t\t<\/picture>\n\t\t<\/a>\n\t<\/p>\n\n\n","protected":false},"excerpt":{"rendered":"<p>O Comit\u00ea de Pol\u00edtica Monet\u00e1ria (Copom), do Banco Central, anunciou nesta quarta (20) a sexta redu\u00e7\u00e3o consecutiva da Selic. Com o corte de 0,5 p.p divulgado hoje, a taxa b\u00e1sica de juros caiu para 10,75% na segunda reuni\u00e3o do ano do comit\u00ea do BC. A decis\u00e3o foi un\u00e2nime. A nova queda dos juros era aguardada [&hellip;]<\/p>\n","protected":false},"author":98,"featured_media":281013,"comment_status":"closed","ping_status":"closed","sticky":false,"template":"","format":"standard","meta":[],"categories":[62],"tags":[1104,1752,290],"suno_strategy":[],"class_list":["post-535800","post","type-post","status-publish","format-standard","has-post-thumbnail","hentry","category-economia","tag-copom","tag-taxa-de-juros","tag-taxa-selic"],"yoast_head":"<!-- This site is optimized with the Yoast SEO plugin v24.4 - https:\/\/yoast.com\/wordpress\/plugins\/seo\/ -->\n<title>Copom corta Selic em 0,5 p.p para 10,75% ao ano<\/title>\n<meta name=\"description\" content=\"O Copom, do Banco Central, anunciou nesta quarta (20) a sexta redu\u00e7\u00e3o consecutiva da Selic. Entenda aqui mais sobre a decis\u00e3o do Copom\" \/>\n<meta name=\"robots\" content=\"index, follow, max-snippet:-1, max-image-preview:large, max-video-preview:-1\" \/>\n<link rel=\"canonical\" href=\"https:\/\/www.suno.com.br\/noticias\/copom-decisao-taxa-selic-marco-2024\/\" \/>\n<meta property=\"og:locale\" content=\"pt_BR\" \/>\n<meta property=\"og:type\" content=\"article\" \/>\n<meta property=\"og:title\" content=\"Copom corta Selic em 0,5 p.p para 10,75% ao ano\" \/>\n<meta property=\"og:description\" content=\"O Copom, do Banco Central, anunciou nesta quarta (20) a sexta redu\u00e7\u00e3o consecutiva da Selic. Entenda aqui mais sobre a decis\u00e3o do Copom\" \/>\n<meta property=\"og:url\" content=\"https:\/\/www.suno.com.br\/noticias\/copom-decisao-taxa-selic-marco-2024\/\" \/>\n<meta property=\"og:site_name\" content=\"Suno Not\u00edcias\" \/>\n<meta property=\"article:publisher\" content=\"https:\/\/facebook.com\/sunoresearch\" \/>\n<meta property=\"og:image\" content=\"https:\/\/files.sunoresearch.com.br\/n\/uploads\/2022\/08\/Copom.jpg\" \/>\n\t<meta property=\"og:image:width\" content=\"1350\" \/>\n\t<meta property=\"og:image:height\" content=\"808\" \/>\n\t<meta property=\"og:image:type\" content=\"image\/jpeg\" \/>\n<meta name=\"author\" content=\"Marco Ant\u00f4nio Lopes\" \/>\n<meta name=\"twitter:card\" content=\"summary_large_image\" \/>\n<meta name=\"twitter:creator\" content=\"@sunoresearch\" \/>\n<meta name=\"twitter:site\" content=\"@sunoresearch\" \/>\n<meta name=\"twitter:label1\" content=\"Escrito por\" \/>\n\t<meta name=\"twitter:data1\" content=\"Marco Ant\u00f4nio Lopes\" \/>\n\t<meta name=\"twitter:label2\" content=\"Est. tempo de leitura\" \/>\n\t<meta name=\"twitter:data2\" content=\"11 minutos\" \/>\n<script type=\"application\/ld+json\" class=\"yoast-schema-graph\">{\"@context\":\"https:\/\/schema.org\",\"@graph\":[{\"@type\":\"NewsArticle\",\"@id\":\"https:\/\/www.suno.com.br\/noticias\/copom-decisao-taxa-selic-marco-2024\/#article\",\"isPartOf\":{\"@id\":\"https:\/\/www.suno.com.br\/noticias\/copom-decisao-taxa-selic-marco-2024\/\"},\"author\":{\"name\":\"Marco Ant\u00f4nio Lopes\",\"@id\":\"https:\/\/www.suno.com.br\/noticias\/#\/schema\/person\/829bbe8d57f84333b966b96229c6bf5f\"},\"headline\":\"Copom baixa Selic para 10,75% ao ano e indica altera\u00e7\u00f5es no ritmo de cortes\",\"datePublished\":\"2024-03-20T21:37:16+00:00\",\"dateModified\":\"2024-03-21T03:50:15+00:00\",\"mainEntityOfPage\":{\"@id\":\"https:\/\/www.suno.com.br\/noticias\/copom-decisao-taxa-selic-marco-2024\/\"},\"wordCount\":2143,\"publisher\":{\"@id\":\"https:\/\/www.suno.com.br\/noticias\/#organization\"},\"image\":{\"@id\":\"https:\/\/www.suno.com.br\/noticias\/copom-decisao-taxa-selic-marco-2024\/#primaryimage\"},\"thumbnailUrl\":\"https:\/\/files.sunoresearch.com.br\/n\/uploads\/2022\/08\/Copom.jpg\",\"keywords\":[\"Copom\",\"taxa de juros\",\"Taxa Selic\"],\"articleSection\":[\"Economia\"],\"inLanguage\":\"pt-BR\"},{\"@type\":\"WebPage\",\"@id\":\"https:\/\/www.suno.com.br\/noticias\/copom-decisao-taxa-selic-marco-2024\/\",\"url\":\"https:\/\/www.suno.com.br\/noticias\/copom-decisao-taxa-selic-marco-2024\/\",\"name\":\"Copom corta Selic em 0,5 p.p para 10,75% ao ano\",\"isPartOf\":{\"@id\":\"https:\/\/www.suno.com.br\/noticias\/#website\"},\"primaryImageOfPage\":{\"@id\":\"https:\/\/www.suno.com.br\/noticias\/copom-decisao-taxa-selic-marco-2024\/#primaryimage\"},\"image\":{\"@id\":\"https:\/\/www.suno.com.br\/noticias\/copom-decisao-taxa-selic-marco-2024\/#primaryimage\"},\"thumbnailUrl\":\"https:\/\/files.sunoresearch.com.br\/n\/uploads\/2022\/08\/Copom.jpg\",\"datePublished\":\"2024-03-20T21:37:16+00:00\",\"dateModified\":\"2024-03-21T03:50:15+00:00\",\"description\":\"O Copom, do Banco Central, anunciou nesta quarta (20) a sexta redu\u00e7\u00e3o consecutiva da Selic. Entenda aqui mais sobre a decis\u00e3o do Copom\",\"breadcrumb\":{\"@id\":\"https:\/\/www.suno.com.br\/noticias\/copom-decisao-taxa-selic-marco-2024\/#breadcrumb\"},\"inLanguage\":\"pt-BR\",\"potentialAction\":[{\"@type\":\"ReadAction\",\"target\":[\"https:\/\/www.suno.com.br\/noticias\/copom-decisao-taxa-selic-marco-2024\/\"]}]},{\"@type\":\"ImageObject\",\"inLanguage\":\"pt-BR\",\"@id\":\"https:\/\/www.suno.com.br\/noticias\/copom-decisao-taxa-selic-marco-2024\/#primaryimage\",\"url\":\"https:\/\/files.sunoresearch.com.br\/n\/uploads\/2022\/08\/Copom.jpg\",\"contentUrl\":\"https:\/\/files.sunoresearch.com.br\/n\/uploads\/2022\/08\/Copom.jpg\",\"width\":1350,\"height\":808,\"caption\":\"taxa Selic. Foto: Antonio Cruz\/Ag\u00eancia Brasil\"},{\"@type\":\"BreadcrumbList\",\"@id\":\"https:\/\/www.suno.com.br\/noticias\/copom-decisao-taxa-selic-marco-2024\/#breadcrumb\",\"itemListElement\":[{\"@type\":\"ListItem\",\"position\":1,\"name\":\"Not\u00edcias\",\"item\":\"https:\/\/www.suno.com.br\/noticias\/\"},{\"@type\":\"ListItem\",\"position\":2,\"name\":\"Economia\",\"item\":\"https:\/\/www.suno.com.br\/noticias\/economia\/\"},{\"@type\":\"ListItem\",\"position\":3,\"name\":\"Copom baixa Selic para 10,75% ao ano e indica altera\u00e7\u00f5es no ritmo de cortes\"}]},{\"@type\":\"WebSite\",\"@id\":\"https:\/\/www.suno.com.br\/noticias\/#website\",\"url\":\"https:\/\/www.suno.com.br\/noticias\/\",\"name\":\"Suno Not\u00edcias\",\"description\":\"Seu portal de informa\u00e7\u00e3o sobre o mundo dos investimentos\",\"publisher\":{\"@id\":\"https:\/\/www.suno.com.br\/noticias\/#organization\"},\"potentialAction\":[{\"@type\":\"SearchAction\",\"target\":{\"@type\":\"EntryPoint\",\"urlTemplate\":\"https:\/\/www.suno.com.br\/noticias\/?s={search_term_string}\"},\"query-input\":{\"@type\":\"PropertyValueSpecification\",\"valueRequired\":true,\"valueName\":\"search_term_string\"}}],\"inLanguage\":\"pt-BR\"},{\"@type\":\"Organization\",\"@id\":\"https:\/\/www.suno.com.br\/noticias\/#organization\",\"name\":\"Suno Not\u00edcias\",\"url\":\"https:\/\/www.suno.com.br\/noticias\/\",\"logo\":{\"@type\":\"ImageObject\",\"inLanguage\":\"pt-BR\",\"@id\":\"https:\/\/www.suno.com.br\/noticias\/#\/schema\/logo\/image\/\",\"url\":\"https:\/\/files.sunoresearch.com.br\/n\/uploads\/2021\/09\/suno-logo.png\",\"contentUrl\":\"https:\/\/files.sunoresearch.com.br\/n\/uploads\/2021\/09\/suno-logo.png\",\"width\":180,\"height\":180,\"caption\":\"Suno Not\u00edcias\"},\"image\":{\"@id\":\"https:\/\/www.suno.com.br\/noticias\/#\/schema\/logo\/image\/\"},\"sameAs\":[\"https:\/\/facebook.com\/sunoresearch\",\"https:\/\/x.com\/sunoresearch\",\"https:\/\/www.instagram.com\/suno\",\"https:\/\/www.linkedin.com\/company\/suno-research\/\",\"https:\/\/www.youtube.com\/c\/sunoresearch\"]},{\"@type\":\"Person\",\"@id\":\"https:\/\/www.suno.com.br\/noticias\/#\/schema\/person\/829bbe8d57f84333b966b96229c6bf5f\",\"name\":\"Marco Ant\u00f4nio Lopes\",\"image\":{\"@type\":\"ImageObject\",\"inLanguage\":\"pt-BR\",\"@id\":\"https:\/\/www.suno.com.br\/noticias\/#\/schema\/person\/image\/\",\"url\":\"https:\/\/secure.gravatar.com\/avatar\/385167b012fbc1cde32c5446ee253313?s=96&r=g\",\"contentUrl\":\"https:\/\/secure.gravatar.com\/avatar\/385167b012fbc1cde32c5446ee253313?s=96&r=g\",\"caption\":\"Marco Ant\u00f4nio Lopes\"},\"description\":\"Jornalista, \u00e9 editor no Suno Not\u00edcias. Trabalhou nas revistas Playboy, Super, Veja Comer &amp; Beber, Homem Vogue e Universo Masculino, al\u00e9m dos portais Abril.com, R7, nas editorias de Home, Esportes, Hora 7, Entretenimento e Geral, e Eu Quero Investir. Autor do livro Bruce Lee: Definitivo (Editora Conrad). Colaborou nas revistas Nova, Veja SP, Grandes Guerras, Placar, Bizz, Casa Claudia e Quatro Rodas.\",\"url\":\"https:\/\/www.suno.com.br\/noticias\/author\/marco-lopes\/\"}]}<\/script>\n<!-- \/ Yoast SEO plugin. -->","yoast_head_json":{"title":"Copom corta Selic em 0,5 p.p para 10,75% ao ano","description":"O Copom, do Banco Central, anunciou nesta quarta (20) a sexta redu\u00e7\u00e3o consecutiva da Selic. Entenda aqui mais sobre a decis\u00e3o do Copom","robots":{"index":"index","follow":"follow","max-snippet":"max-snippet:-1","max-image-preview":"max-image-preview:large","max-video-preview":"max-video-preview:-1"},"canonical":"https:\/\/www.suno.com.br\/noticias\/copom-decisao-taxa-selic-marco-2024\/","og_locale":"pt_BR","og_type":"article","og_title":"Copom corta Selic em 0,5 p.p para 10,75% ao ano","og_description":"O Copom, do Banco Central, anunciou nesta quarta (20) a sexta redu\u00e7\u00e3o consecutiva da Selic. Entenda aqui mais sobre a decis\u00e3o do Copom","og_url":"https:\/\/www.suno.com.br\/noticias\/copom-decisao-taxa-selic-marco-2024\/","og_site_name":"Suno Not\u00edcias","article_publisher":"https:\/\/facebook.com\/sunoresearch","og_image":[{"width":1350,"height":808,"url":"https:\/\/files.sunoresearch.com.br\/n\/uploads\/2022\/08\/Copom.jpg","type":"image\/jpeg"}],"author":"Marco Ant\u00f4nio Lopes","twitter_card":"summary_large_image","twitter_creator":"@sunoresearch","twitter_site":"@sunoresearch","twitter_misc":{"Escrito por":"Marco Ant\u00f4nio Lopes","Est. tempo de leitura":"11 minutos"},"schema":{"@context":"https:\/\/schema.org","@graph":[{"@type":"NewsArticle","@id":"https:\/\/www.suno.com.br\/noticias\/copom-decisao-taxa-selic-marco-2024\/#article","isPartOf":{"@id":"https:\/\/www.suno.com.br\/noticias\/copom-decisao-taxa-selic-marco-2024\/"},"author":{"name":"Marco Ant\u00f4nio Lopes","@id":"https:\/\/www.suno.com.br\/noticias\/#\/schema\/person\/829bbe8d57f84333b966b96229c6bf5f"},"headline":"Copom baixa Selic para 10,75% ao ano e indica altera\u00e7\u00f5es no ritmo de cortes","datePublished":"2024-03-20T21:37:16+00:00","dateModified":"2024-03-21T03:50:15+00:00","mainEntityOfPage":{"@id":"https:\/\/www.suno.com.br\/noticias\/copom-decisao-taxa-selic-marco-2024\/"},"wordCount":2143,"publisher":{"@id":"https:\/\/www.suno.com.br\/noticias\/#organization"},"image":{"@id":"https:\/\/www.suno.com.br\/noticias\/copom-decisao-taxa-selic-marco-2024\/#primaryimage"},"thumbnailUrl":"https:\/\/files.sunoresearch.com.br\/n\/uploads\/2022\/08\/Copom.jpg","keywords":["Copom","taxa de juros","Taxa Selic"],"articleSection":["Economia"],"inLanguage":"pt-BR"},{"@type":"WebPage","@id":"https:\/\/www.suno.com.br\/noticias\/copom-decisao-taxa-selic-marco-2024\/","url":"https:\/\/www.suno.com.br\/noticias\/copom-decisao-taxa-selic-marco-2024\/","name":"Copom corta Selic em 0,5 p.p para 10,75% ao ano","isPartOf":{"@id":"https:\/\/www.suno.com.br\/noticias\/#website"},"primaryImageOfPage":{"@id":"https:\/\/www.suno.com.br\/noticias\/copom-decisao-taxa-selic-marco-2024\/#primaryimage"},"image":{"@id":"https:\/\/www.suno.com.br\/noticias\/copom-decisao-taxa-selic-marco-2024\/#primaryimage"},"thumbnailUrl":"https:\/\/files.sunoresearch.com.br\/n\/uploads\/2022\/08\/Copom.jpg","datePublished":"2024-03-20T21:37:16+00:00","dateModified":"2024-03-21T03:50:15+00:00","description":"O Copom, do Banco Central, anunciou nesta quarta (20) a sexta redu\u00e7\u00e3o consecutiva da Selic. Entenda aqui mais sobre a decis\u00e3o do Copom","breadcrumb":{"@id":"https:\/\/www.suno.com.br\/noticias\/copom-decisao-taxa-selic-marco-2024\/#breadcrumb"},"inLanguage":"pt-BR","potentialAction":[{"@type":"ReadAction","target":["https:\/\/www.suno.com.br\/noticias\/copom-decisao-taxa-selic-marco-2024\/"]}]},{"@type":"ImageObject","inLanguage":"pt-BR","@id":"https:\/\/www.suno.com.br\/noticias\/copom-decisao-taxa-selic-marco-2024\/#primaryimage","url":"https:\/\/files.sunoresearch.com.br\/n\/uploads\/2022\/08\/Copom.jpg","contentUrl":"https:\/\/files.sunoresearch.com.br\/n\/uploads\/2022\/08\/Copom.jpg","width":1350,"height":808,"caption":"taxa Selic. Foto: Antonio Cruz\/Ag\u00eancia Brasil"},{"@type":"BreadcrumbList","@id":"https:\/\/www.suno.com.br\/noticias\/copom-decisao-taxa-selic-marco-2024\/#breadcrumb","itemListElement":[{"@type":"ListItem","position":1,"name":"Not\u00edcias","item":"https:\/\/www.suno.com.br\/noticias\/"},{"@type":"ListItem","position":2,"name":"Economia","item":"https:\/\/www.suno.com.br\/noticias\/economia\/"},{"@type":"ListItem","position":3,"name":"Copom baixa Selic para 10,75% ao ano e indica altera\u00e7\u00f5es no ritmo de cortes"}]},{"@type":"WebSite","@id":"https:\/\/www.suno.com.br\/noticias\/#website","url":"https:\/\/www.suno.com.br\/noticias\/","name":"Suno Not\u00edcias","description":"Seu portal de informa\u00e7\u00e3o sobre o mundo dos investimentos","publisher":{"@id":"https:\/\/www.suno.com.br\/noticias\/#organization"},"potentialAction":[{"@type":"SearchAction","target":{"@type":"EntryPoint","urlTemplate":"https:\/\/www.suno.com.br\/noticias\/?s={search_term_string}"},"query-input":{"@type":"PropertyValueSpecification","valueRequired":true,"valueName":"search_term_string"}}],"inLanguage":"pt-BR"},{"@type":"Organization","@id":"https:\/\/www.suno.com.br\/noticias\/#organization","name":"Suno Not\u00edcias","url":"https:\/\/www.suno.com.br\/noticias\/","logo":{"@type":"ImageObject","inLanguage":"pt-BR","@id":"https:\/\/www.suno.com.br\/noticias\/#\/schema\/logo\/image\/","url":"https:\/\/files.sunoresearch.com.br\/n\/uploads\/2021\/09\/suno-logo.png","contentUrl":"https:\/\/files.sunoresearch.com.br\/n\/uploads\/2021\/09\/suno-logo.png","width":180,"height":180,"caption":"Suno Not\u00edcias"},"image":{"@id":"https:\/\/www.suno.com.br\/noticias\/#\/schema\/logo\/image\/"},"sameAs":["https:\/\/facebook.com\/sunoresearch","https:\/\/x.com\/sunoresearch","https:\/\/www.instagram.com\/suno","https:\/\/www.linkedin.com\/company\/suno-research\/","https:\/\/www.youtube.com\/c\/sunoresearch"]},{"@type":"Person","@id":"https:\/\/www.suno.com.br\/noticias\/#\/schema\/person\/829bbe8d57f84333b966b96229c6bf5f","name":"Marco Ant\u00f4nio Lopes","image":{"@type":"ImageObject","inLanguage":"pt-BR","@id":"https:\/\/www.suno.com.br\/noticias\/#\/schema\/person\/image\/","url":"https:\/\/secure.gravatar.com\/avatar\/385167b012fbc1cde32c5446ee253313?s=96&r=g","contentUrl":"https:\/\/secure.gravatar.com\/avatar\/385167b012fbc1cde32c5446ee253313?s=96&r=g","caption":"Marco Ant\u00f4nio Lopes"},"description":"Jornalista, \u00e9 editor no Suno Not\u00edcias. Trabalhou nas revistas Playboy, Super, Veja Comer &amp; Beber, Homem Vogue e Universo Masculino, al\u00e9m dos portais Abril.com, R7, nas editorias de Home, Esportes, Hora 7, Entretenimento e Geral, e Eu Quero Investir. Autor do livro Bruce Lee: Definitivo (Editora Conrad). Colaborou nas revistas Nova, Veja SP, Grandes Guerras, Placar, Bizz, Casa Claudia e Quatro Rodas.","url":"https:\/\/www.suno.com.br\/noticias\/author\/marco-lopes\/"}]}},"default_loop_html":"<div class=\"cardsPage__listCard__boxs\"><div class=\"cardsPage__listCard__boxs__img\"><a href=\"https:\/\/www.suno.com.br\/noticias\/copom-decisao-taxa-selic-marco-2024\/\"><img class=\"mask\" src=\"https:\/\/www.suno.com.br\/noticias\/wp-content\/themes\/suno\/resources\/images\/spotlight\/spotlight1img\/bg-mask.png\" alt=\"Image Mask\"\/><img src=\"https:\/\/files.sunoresearch.com.br\/n\/uploads\/2022\/08\/Copom-400x200.jpg\" alt=\"Copom baixa Selic para 10,75% ao ano e indica altera\u00e7\u00f5es no ritmo de cortes\"\/><\/a><span class=\"spotlightCategory\"><a href=\"https:\/\/www.suno.com.br\/noticias\/economia\/\">Economia<\/a><\/span><\/div><div class=\"cardsPage__listCard__boxs__content\"><a href=\"https:\/\/www.suno.com.br\/noticias\/copom-decisao-taxa-selic-marco-2024\/\"><h2 class=\"content__title\">Copom baixa Selic para 10,75% ao ano e indica altera\u00e7\u00f5es no ritmo de cortes<\/h2><\/a><div class=\"newsContent__article__meta\"><div class=\"newsContent__article__meta__authorBox\"><a href=\"https:\/\/www.suno.com.br\/noticias\/author\/eduardo-vargas\/\" class=\"authorBox__avatar noMobi\"><img src=\"https:\/\/secure.gravatar.com\/avatar\/dac340933427a22924c9f99d1eb2e3f2?s=96&#038;r=g\" alt=\"Eduardo Vargas\"><\/a><div class=\"authorBox__name\"><span>por\n\t\t\t<a href=\"https:\/\/www.suno.com.br\/noticias\/author\/eduardo-vargas\/\"><span itemprop=\"author\">Eduardo Vargas<\/span><\/a><\/span><time datetime=\"2024-03-20T18:37:16-03:00\" itemprop=\"datePublished\">20\/03\/2024 18:37<\/time><\/div><\/div><\/div><\/div><\/div>","single_layout":"posts","amp_enabled":true,"_links":{"self":[{"href":"https:\/\/www.suno.com.br\/noticias\/wp-json\/wp\/v2\/posts\/535800"}],"collection":[{"href":"https:\/\/www.suno.com.br\/noticias\/wp-json\/wp\/v2\/posts"}],"about":[{"href":"https:\/\/www.suno.com.br\/noticias\/wp-json\/wp\/v2\/types\/post"}],"author":[{"embeddable":true,"href":"https:\/\/www.suno.com.br\/noticias\/wp-json\/wp\/v2\/users\/98"}],"replies":[{"embeddable":true,"href":"https:\/\/www.suno.com.br\/noticias\/wp-json\/wp\/v2\/comments?post=535800"}],"version-history":[{"count":2,"href":"https:\/\/www.suno.com.br\/noticias\/wp-json\/wp\/v2\/posts\/535800\/revisions"}],"predecessor-version":[{"id":536109,"href":"https:\/\/www.suno.com.br\/noticias\/wp-json\/wp\/v2\/posts\/535800\/revisions\/536109"}],"wp:featuredmedia":[{"embeddable":true,"href":"https:\/\/www.suno.com.br\/noticias\/wp-json\/wp\/v2\/media\/281013"}],"wp:attachment":[{"href":"https:\/\/www.suno.com.br\/noticias\/wp-json\/wp\/v2\/media?parent=535800"}],"wp:term":[{"taxonomy":"category","embeddable":true,"href":"https:\/\/www.suno.com.br\/noticias\/wp-json\/wp\/v2\/categories?post=535800"},{"taxonomy":"post_tag","embeddable":true,"href":"https:\/\/www.suno.com.br\/noticias\/wp-json\/wp\/v2\/tags?post=535800"},{"taxonomy":"suno_strategy","embeddable":true,"href":"https:\/\/www.suno.com.br\/noticias\/wp-json\/wp\/v2\/suno_strategy?post=535800"}],"curies":[{"name":"wp","href":"https:\/\/api.w.org\/{rel}","templated":true}]}}