{"id":53561,"date":"2020-02-19T09:52:36","date_gmt":"2020-02-19T12:52:36","guid":{"rendered":"https:\/\/www.suno.com.br\/noticias\/?p=53561"},"modified":"2021-02-17T22:46:26","modified_gmt":"2021-02-18T01:46:26","slug":"dolar-greve-dos-caminhoneiros-coronavirus-banco-central-19022020","status":"publish","type":"post","link":"https:\/\/www.suno.com.br\/noticias\/dolar-greve-dos-caminhoneiros-coronavirus-banco-central-19022020\/","title":{"rendered":"D\u00f3lar abre em alta e bate R$ 4,37; greve dos caminhoneiros no radar"},"content":{"rendered":"<p>O <strong>d\u00f3lar<\/strong> abriu em alta nesta quarta-feira (19). Os investidores est\u00e3o atentos \u00e0 <strong>greve dos caminhoneiros<\/strong>, a exemplo do que aconteceu em 2018.<\/p>\t<div class=\"wrapper-featured-image\">\n\t\t<figure class=\"spotlightImg\">\n\n\t\t\t<picture>\n\t\t\t\t<source media=\"(max-width: 768px)\" srcset=\"https:\/\/files.sunoresearch.com.br\/n\/uploads\/2018\/11\/6680b35c-d\u00f3lar-400x200.webp\">\n\t\t\t\t<img loading=\"lazy\" decoding=\"async\" class=\"newsContent__article__imgCapa lazyloadDisabled newsContent__article__imgCapa--noCaption\" src=\"https:\/\/files.sunoresearch.com.br\/n\/uploads\/2018\/11\/6680b35c-d\u00f3lar-800x450.webp\" width=\"800\" height=\"450\" alt=\"D\u00f3lar abre em alta e bate R$ 4,37; greve dos caminhoneiros no radar\" fetchpriority=high \/>\n\t\t\t<\/picture>\n\n\t\t\t<figcaption class=\"wp-caption-text wp-caption-text--hide\">D\u00f3lar abre em queda; recupera\u00e7\u00e3o europeia e petr\u00f3leo no radar<\/figcaption>\n\t\t<\/figure>\n\t<\/div>\n\n\n\n<p>Por volta das 9h40, o <a href=\"https:\/\/www.suno.com.br\/artigos\/investir-em-dolar\/\">d\u00f3lar <\/a>variava positivamente 0,314%, sendo negociado a R$ 4,3705. O mercado ainda est\u00e1 de olho nas \u00faltimas informa\u00e7\u00f5es sobre o <strong>coronav\u00edrus<\/strong> (Covid-19).<\/p>\n<p>Al\u00e9m disso, segue como destaque a declara\u00e7\u00e3o do diretor do <strong>Banco Central<\/strong> sobre a cota\u00e7\u00e3o da moeda norte-americana frente ao real.<\/p>\n<h2><strong>Greve dos caminhoneiros<\/strong><\/h2>\n<p>A <strong>Associa\u00e7\u00e3o Brasileira dos Condutores de Ve\u00edculos Automotores<\/strong> (Abrava) informou, por meio de seu presidente, Walace Landim, que a <strong>greve dos caminhoneiros<\/strong>, nesta quarta-feira (19) ser\u00e1 das 6h \u00e0s 18h.<\/p>\n<p>A orienta\u00e7\u00e3o \u00e9 que os motoristas simplesmente n\u00e3o levem os caminh\u00f5es para as estradas. Portanto, n\u00e3o haver\u00e3o bloqueios de estradas e vias principais por todo o Pa\u00eds, como aconteceu em maio de 2018.<\/p>\n\t<p>\n\t\t<a href=\"https:\/\/lp.suno.com.br\/lm\/simulador-de-renda-passiva\/\" target=\"_blank\" data-element=\"shortcode-suno-banner\" title=\"Banner SUNO, clique e saiba mais\">\n\t\t\t<picture>\n\t\t\t\t<source media=\"(max-width: 500px)\" srcset=\"https:\/\/files.sunoresearch.com.br\/n\/uploads\/2024\/04\/Lead-Magnet-400x300-1.png\">\n\t\t\t\t<img class=\"newsContent__article__imgCapa newsContent__article__imgCapa--banner\"\n\t\t\t\t\tsrc=\"https:\/\/files.sunoresearch.com.br\/n\/uploads\/2024\/04\/Lead-Magnet-1420x240-1.png\"\n\t\t\t\t\tdata-promo-id=\"543552\"\t\t\t\t\t\t\t\t\t\twidth='1420' height='240'\t\t\t\t\talt=\"https:\/\/files.sunoresearch.com.br\/n\/uploads\/2024\/04\/Lead-Magnet-1420x240-1.png\"\n\t\t\t\t>\n\t\t\t<\/picture>\n\t\t<\/a>\n\t<\/p>\n\n\n<p>Em um v\u00eddeo que circulou nas redes sociais na \u00faltima ter\u00e7a-feira (18), o presidente da associa\u00e7\u00e3o que representa os caminhoneiros mandou uma mensagem convocando-os \u00e0 paralisa\u00e7\u00e3o. \u201cN\u00e3o aceitamos retrocesso. N\u00e3o carregue seu caminh\u00e3o amanh\u00e3 a partir das 6h, fique em casa, vamos fazer manuten\u00e7\u00e3o\u201d, disse.<\/p>\n<p>Os atos dos caminhoneiros come\u00e7aram na \u00faltima segunda-feira (17), quando uma parcela da categoria realizou uma paralisa\u00e7\u00e3o de 24 horas no Porto de Santos. O intuito era mostrar for\u00e7a nos momentos que precederiam o julgamento da tabela do frete no <strong>Supremo Tribunal Federal (STF)<\/strong>, originalmente marcado para esta quarta-feira, mas que foi suspenso.<\/p>\n<h2>Coronav\u00edrus<\/h2>\n<p>O cruzeiro Diamond Princess, navio que est\u00e1 em quarentena no porto de Yokohama, no Jap\u00e3o, desde 3 de fevereiro, possui 88 novos casos da epidemia iniciada na prov\u00edncia de Hubei, na China. Dessa forma, s\u00e3o 542 casos confirmados do <strong>coronav\u00edrus<\/strong> no navio. Esse representa o maior n\u00famero de casos confirmados fora da <strong>China<\/strong>.<\/p>\n<p>A quarentena do navio deve terminar nesta quarta-feira, no entanto, a sa\u00edda dos passageiros deve ser conclu\u00edda at\u00e9 a pr\u00f3xima sexta-feira (21) por conta da grande quantidade de pessoas no navio: mais de 3,7 mil pessoas, entre passageiros e tripulantes. De acordo com o Ministro da Sa\u00fade japon\u00eas, os que tiverem exames negativos para a doen\u00e7a poder\u00e3o sair do navio.<\/p>\n<p><a href=\"https:\/\/www.suno.com.br\/noticias\/coronavirus-pode-reduzir-comercio-global\/\">Veja tamb\u00e9m: Coronav\u00edrus pode reduzir ainda mais o com\u00e9rcio global, diz OMC<\/a><\/p>\n<p>O n\u00famero de mortos pelo coronav\u00edrus na China ultrapassou a marca de 2 mil, segundo as informa\u00e7\u00f5es mais recentes do governo chin\u00eas. Al\u00e9m disso, desconsiderando o epicentro do surto da doen\u00e7a, os n\u00fameros de casos confirmados tem ca\u00eddo h\u00e1 15 dias consecutivos.<\/p>\n<h2>C\u00e2mbio flutuante<\/h2>\n<p>De acordo com Fabio Kanczuk, diretor de pol\u00edtica monet\u00e1ria do <a href=\"https:\/\/www.suno.com.br\/artigos\/bacen\/\">Banco Central (BC)<\/a>, &#8220;o c\u00e2mbio vai para onde tiver de ir&#8221;, refor\u00e7ando que a autoridade monet\u00e1ria n\u00e3o estabelece um n\u00edvel para o d\u00f3lar.<\/p>\n<p>De acordo com Kanczuk, o regime de <a href=\"https:\/\/www.suno.com.br\/artigos\/cambio-flutuante\/\">c\u00e2mbio flutuante<\/a> no Brasil faz com que o &#8220;BC s\u00f3 interv\u00e9m para evitar problemas de funcionamento no mercado&#8221;.<\/p>\n<p><a href=\"https:\/\/www.suno.com.br\/noticias\/compulsorio-elevado-diz-presidente-banco-central\/\">Confira: Compuls\u00f3rio est\u00e1 muito elevado, diz presidente do Banco Central<\/a><\/p>\n<p>O diretor ressaltou, em um evento organizado pelo <a href=\"https:\/\/www.suno.com.br\/acoes\/bpac11\/\"><strong>BTG Pactual<\/strong> (BPAC11)<\/a> em S\u00e3o Paulo na \u00faltima ter\u00e7a-feira (18), a tese de <a href=\"https:\/\/www.suno.com.br\/noticias\/roberto-campos-neto-presidente-bc\/\">Roberto Campos Neto<\/a>, presidente do BC, de que a atual deprecia\u00e7\u00e3o do real frente ao d\u00f3lar \u00e9 diferente do ocorrido anteriormente, quando os indicadores de risco na economia brasileira eram mais altos.<\/p>\n<p>\u201cTipicamente, um c\u00e2mbio depreciado significava menos crescimento, mas por raz\u00f5es outras que n\u00e3o tinham nada a ver com o c\u00e2mbio. Tinha a ver com aumento do pr\u00eamio de risco, <strong>CDS<\/strong> [<a href=\"https:\/\/www.suno.com.br\/artigos\/credit-default-swap\/\">credit default swaps<\/a>, uma medida do risco-pa\u00eds] subindo, com alguma crise, \u00e0s vezes ligada \u00e0 quest\u00e3o fiscal. E isso contaminava o c\u00e2mbio\u201d, disse.<\/p>\n<h2>\u00daltima cota\u00e7\u00e3o do d\u00f3lar<\/h2>\n<p>Na \u00faltima sess\u00e3o, ter\u00e7a-feira, o <a href=\"https:\/\/www.youtube.com\/watch?v=YLVbWKnRr6Q\"><strong>d\u00f3lar<\/strong><\/a> encerrou o preg\u00e3o em alta de 0,658%, negociado a R$ 4,3573.<\/p>\n\n","protected":false},"excerpt":{"rendered":"<p>O d\u00f3lar abriu em alta nesta quarta-feira (19). Os investidores est\u00e3o atentos \u00e0 greve dos caminhoneiros, a exemplo do que aconteceu em 2018. D\u00f3lar abre em queda; recupera\u00e7\u00e3o europeia e petr\u00f3leo no radar Por volta das 9h40, o d\u00f3lar variava positivamente 0,314%, sendo negociado a R$ 4,3705. O mercado ainda est\u00e1 de olho nas \u00faltimas [&hellip;]<\/p>\n","protected":false},"author":24,"featured_media":7381,"comment_status":"closed","ping_status":"closed","sticky":false,"template":"","format":"standard","meta":[],"categories":[60],"tags":[1842,2487,326,833],"suno_strategy":[],"class_list":["post-53561","post","type-post","status-publish","format-standard","has-post-thumbnail","hentry","category-mercado","tag-banco-central-bc","tag-coronavirus","tag-dolar","tag-greve-dos-caminhoneiros"],"yoast_head":"<!-- This site is optimized with the Yoast SEO plugin v24.4 - https:\/\/yoast.com\/wordpress\/plugins\/seo\/ -->\n<title>D\u00f3lar abre em alta e bate R$ 4,37; greve dos caminhoneiros no radar<\/title>\n<meta name=\"description\" content=\"O d\u00f3lar abre em alta nesta quarta. Os investidores est\u00e3o atentos \u00e0 greve dos caminhoneiros, a exemplo do que aconteceu em 2018. Saiba mais.\" \/>\n<meta name=\"robots\" content=\"index, follow, max-snippet:-1, max-image-preview:large, max-video-preview:-1\" \/>\n<link rel=\"canonical\" href=\"https:\/\/www.suno.com.br\/noticias\/dolar-greve-dos-caminhoneiros-coronavirus-banco-central-19022020\/\" \/>\n<meta property=\"og:locale\" content=\"pt_BR\" \/>\n<meta property=\"og:type\" content=\"article\" \/>\n<meta property=\"og:title\" content=\"D\u00f3lar abre em alta e bate R$ 4,37; greve dos caminhoneiros no radar\" \/>\n<meta property=\"og:description\" content=\"O d\u00f3lar abre em alta nesta quarta. Os investidores est\u00e3o atentos \u00e0 greve dos caminhoneiros, a exemplo do que aconteceu em 2018. Saiba mais.\" \/>\n<meta property=\"og:url\" content=\"https:\/\/www.suno.com.br\/noticias\/dolar-greve-dos-caminhoneiros-coronavirus-banco-central-19022020\/\" \/>\n<meta property=\"og:site_name\" content=\"Suno Not\u00edcias\" \/>\n<meta property=\"article:publisher\" content=\"https:\/\/facebook.com\/sunoresearch\" \/>\n<meta property=\"og:image\" content=\"https:\/\/files.sunoresearch.com.br\/n\/uploads\/2018\/11\/6680b35c-d\u00f3lar.jpg\" \/>\n\t<meta property=\"og:image:width\" content=\"1140\" \/>\n\t<meta property=\"og:image:height\" content=\"760\" \/>\n\t<meta property=\"og:image:type\" content=\"image\/jpeg\" \/>\n<meta name=\"author\" content=\"Jader Lazarini\" \/>\n<meta name=\"twitter:card\" content=\"summary_large_image\" \/>\n<meta name=\"twitter:creator\" content=\"@sunoresearch\" \/>\n<meta name=\"twitter:site\" content=\"@sunoresearch\" \/>\n<meta name=\"twitter:label1\" content=\"Escrito por\" \/>\n\t<meta name=\"twitter:data1\" content=\"Jader Lazarini\" \/>\n\t<meta name=\"twitter:label2\" content=\"Est. tempo de leitura\" \/>\n\t<meta name=\"twitter:data2\" content=\"3 minutos\" \/>\n<script type=\"application\/ld+json\" class=\"yoast-schema-graph\">{\"@context\":\"https:\/\/schema.org\",\"@graph\":[{\"@type\":\"NewsArticle\",\"@id\":\"https:\/\/www.suno.com.br\/noticias\/dolar-greve-dos-caminhoneiros-coronavirus-banco-central-19022020\/#article\",\"isPartOf\":{\"@id\":\"https:\/\/www.suno.com.br\/noticias\/dolar-greve-dos-caminhoneiros-coronavirus-banco-central-19022020\/\"},\"author\":{\"name\":\"Jader Lazarini\",\"@id\":\"https:\/\/www.suno.com.br\/noticias\/#\/schema\/person\/918d79de1f0281f01599b93f9ea6e23f\"},\"headline\":\"D\u00f3lar abre em alta e bate R$ 4,37; greve dos caminhoneiros no radar\",\"datePublished\":\"2020-02-19T12:52:36+00:00\",\"dateModified\":\"2021-02-18T01:46:26+00:00\",\"mainEntityOfPage\":{\"@id\":\"https:\/\/www.suno.com.br\/noticias\/dolar-greve-dos-caminhoneiros-coronavirus-banco-central-19022020\/\"},\"wordCount\":681,\"publisher\":{\"@id\":\"https:\/\/www.suno.com.br\/noticias\/#organization\"},\"image\":{\"@id\":\"https:\/\/www.suno.com.br\/noticias\/dolar-greve-dos-caminhoneiros-coronavirus-banco-central-19022020\/#primaryimage\"},\"thumbnailUrl\":\"https:\/\/files.sunoresearch.com.br\/n\/uploads\/2018\/11\/6680b35c-d\u00f3lar-jpg.webp\",\"keywords\":[\"Banco Central (BC)\",\"coronav\u00edrus\",\"d\u00f3lar\",\"greve dos caminhoneiros\"],\"articleSection\":[\"Mercado\"],\"inLanguage\":\"pt-BR\"},{\"@type\":\"WebPage\",\"@id\":\"https:\/\/www.suno.com.br\/noticias\/dolar-greve-dos-caminhoneiros-coronavirus-banco-central-19022020\/\",\"url\":\"https:\/\/www.suno.com.br\/noticias\/dolar-greve-dos-caminhoneiros-coronavirus-banco-central-19022020\/\",\"name\":\"D\u00f3lar abre em alta e bate R$ 4,37; greve dos caminhoneiros no radar\",\"isPartOf\":{\"@id\":\"https:\/\/www.suno.com.br\/noticias\/#website\"},\"primaryImageOfPage\":{\"@id\":\"https:\/\/www.suno.com.br\/noticias\/dolar-greve-dos-caminhoneiros-coronavirus-banco-central-19022020\/#primaryimage\"},\"image\":{\"@id\":\"https:\/\/www.suno.com.br\/noticias\/dolar-greve-dos-caminhoneiros-coronavirus-banco-central-19022020\/#primaryimage\"},\"thumbnailUrl\":\"https:\/\/files.sunoresearch.com.br\/n\/uploads\/2018\/11\/6680b35c-d\u00f3lar-jpg.webp\",\"datePublished\":\"2020-02-19T12:52:36+00:00\",\"dateModified\":\"2021-02-18T01:46:26+00:00\",\"description\":\"O d\u00f3lar abre em alta nesta quarta. Os investidores est\u00e3o atentos \u00e0 greve dos caminhoneiros, a exemplo do que aconteceu em 2018. Saiba mais.\",\"breadcrumb\":{\"@id\":\"https:\/\/www.suno.com.br\/noticias\/dolar-greve-dos-caminhoneiros-coronavirus-banco-central-19022020\/#breadcrumb\"},\"inLanguage\":\"pt-BR\",\"potentialAction\":[{\"@type\":\"ReadAction\",\"target\":[\"https:\/\/www.suno.com.br\/noticias\/dolar-greve-dos-caminhoneiros-coronavirus-banco-central-19022020\/\"]}]},{\"@type\":\"ImageObject\",\"inLanguage\":\"pt-BR\",\"@id\":\"https:\/\/www.suno.com.br\/noticias\/dolar-greve-dos-caminhoneiros-coronavirus-banco-central-19022020\/#primaryimage\",\"url\":\"https:\/\/files.sunoresearch.com.br\/n\/uploads\/2018\/11\/6680b35c-d\u00f3lar-jpg.webp\",\"contentUrl\":\"https:\/\/files.sunoresearch.com.br\/n\/uploads\/2018\/11\/6680b35c-d\u00f3lar-jpg.webp\",\"width\":1140,\"height\":760,\"caption\":\"D\u00f3lar abre em queda; recupera\u00e7\u00e3o europeia e petr\u00f3leo no radar\"},{\"@type\":\"BreadcrumbList\",\"@id\":\"https:\/\/www.suno.com.br\/noticias\/dolar-greve-dos-caminhoneiros-coronavirus-banco-central-19022020\/#breadcrumb\",\"itemListElement\":[{\"@type\":\"ListItem\",\"position\":1,\"name\":\"Not\u00edcias\",\"item\":\"https:\/\/www.suno.com.br\/noticias\/\"},{\"@type\":\"ListItem\",\"position\":2,\"name\":\"Mercado\",\"item\":\"https:\/\/www.suno.com.br\/noticias\/mercado\/\"},{\"@type\":\"ListItem\",\"position\":3,\"name\":\"D\u00f3lar abre em alta e bate R$ 4,37; greve dos caminhoneiros no radar\"}]},{\"@type\":\"WebSite\",\"@id\":\"https:\/\/www.suno.com.br\/noticias\/#website\",\"url\":\"https:\/\/www.suno.com.br\/noticias\/\",\"name\":\"Suno Not\u00edcias\",\"description\":\"Seu portal de informa\u00e7\u00e3o sobre o mundo dos investimentos\",\"publisher\":{\"@id\":\"https:\/\/www.suno.com.br\/noticias\/#organization\"},\"potentialAction\":[{\"@type\":\"SearchAction\",\"target\":{\"@type\":\"EntryPoint\",\"urlTemplate\":\"https:\/\/www.suno.com.br\/noticias\/?s={search_term_string}\"},\"query-input\":{\"@type\":\"PropertyValueSpecification\",\"valueRequired\":true,\"valueName\":\"search_term_string\"}}],\"inLanguage\":\"pt-BR\"},{\"@type\":\"Organization\",\"@id\":\"https:\/\/www.suno.com.br\/noticias\/#organization\",\"name\":\"Suno Not\u00edcias\",\"url\":\"https:\/\/www.suno.com.br\/noticias\/\",\"logo\":{\"@type\":\"ImageObject\",\"inLanguage\":\"pt-BR\",\"@id\":\"https:\/\/www.suno.com.br\/noticias\/#\/schema\/logo\/image\/\",\"url\":\"https:\/\/files.sunoresearch.com.br\/n\/uploads\/2021\/09\/suno-logo.png\",\"contentUrl\":\"https:\/\/files.sunoresearch.com.br\/n\/uploads\/2021\/09\/suno-logo.png\",\"width\":180,\"height\":180,\"caption\":\"Suno Not\u00edcias\"},\"image\":{\"@id\":\"https:\/\/www.suno.com.br\/noticias\/#\/schema\/logo\/image\/\"},\"sameAs\":[\"https:\/\/facebook.com\/sunoresearch\",\"https:\/\/x.com\/sunoresearch\",\"https:\/\/www.instagram.com\/suno\",\"https:\/\/www.linkedin.com\/company\/suno-research\/\",\"https:\/\/www.youtube.com\/c\/sunoresearch\"]},{\"@type\":\"Person\",\"@id\":\"https:\/\/www.suno.com.br\/noticias\/#\/schema\/person\/918d79de1f0281f01599b93f9ea6e23f\",\"name\":\"Jader Lazarini\",\"image\":{\"@type\":\"ImageObject\",\"inLanguage\":\"pt-BR\",\"@id\":\"https:\/\/www.suno.com.br\/noticias\/#\/schema\/person\/image\/\",\"url\":\"https:\/\/secure.gravatar.com\/avatar\/3c1ad8caa51589841baeb923fcddea97?s=96&r=g\",\"contentUrl\":\"https:\/\/secure.gravatar.com\/avatar\/3c1ad8caa51589841baeb923fcddea97?s=96&r=g\",\"caption\":\"Jader Lazarini\"},\"description\":\"Jader Lazarini escreve sobre investimentos, finan\u00e7as, economia e neg\u00f3cios. \u00c9 bacharel em Rela\u00e7\u00f5es Internacionais e analista CNPI (2619).\",\"url\":\"https:\/\/www.suno.com.br\/noticias\/author\/jader-lazarini\/\"}]}<\/script>\n<!-- \/ Yoast SEO plugin. -->","yoast_head_json":{"title":"D\u00f3lar abre em alta e bate R$ 4,37; greve dos caminhoneiros no radar","description":"O d\u00f3lar abre em alta nesta quarta. Os investidores est\u00e3o atentos \u00e0 greve dos caminhoneiros, a exemplo do que aconteceu em 2018. Saiba mais.","robots":{"index":"index","follow":"follow","max-snippet":"max-snippet:-1","max-image-preview":"max-image-preview:large","max-video-preview":"max-video-preview:-1"},"canonical":"https:\/\/www.suno.com.br\/noticias\/dolar-greve-dos-caminhoneiros-coronavirus-banco-central-19022020\/","og_locale":"pt_BR","og_type":"article","og_title":"D\u00f3lar abre em alta e bate R$ 4,37; greve dos caminhoneiros no radar","og_description":"O d\u00f3lar abre em alta nesta quarta. Os investidores est\u00e3o atentos \u00e0 greve dos caminhoneiros, a exemplo do que aconteceu em 2018. Saiba mais.","og_url":"https:\/\/www.suno.com.br\/noticias\/dolar-greve-dos-caminhoneiros-coronavirus-banco-central-19022020\/","og_site_name":"Suno Not\u00edcias","article_publisher":"https:\/\/facebook.com\/sunoresearch","og_image":[{"width":1140,"height":760,"url":"https:\/\/files.sunoresearch.com.br\/n\/uploads\/2018\/11\/6680b35c-d\u00f3lar.jpg","type":"image\/jpeg"}],"author":"Jader Lazarini","twitter_card":"summary_large_image","twitter_creator":"@sunoresearch","twitter_site":"@sunoresearch","twitter_misc":{"Escrito por":"Jader Lazarini","Est. tempo de leitura":"3 minutos"},"schema":{"@context":"https:\/\/schema.org","@graph":[{"@type":"NewsArticle","@id":"https:\/\/www.suno.com.br\/noticias\/dolar-greve-dos-caminhoneiros-coronavirus-banco-central-19022020\/#article","isPartOf":{"@id":"https:\/\/www.suno.com.br\/noticias\/dolar-greve-dos-caminhoneiros-coronavirus-banco-central-19022020\/"},"author":{"name":"Jader Lazarini","@id":"https:\/\/www.suno.com.br\/noticias\/#\/schema\/person\/918d79de1f0281f01599b93f9ea6e23f"},"headline":"D\u00f3lar abre em alta e bate R$ 4,37; greve dos caminhoneiros no radar","datePublished":"2020-02-19T12:52:36+00:00","dateModified":"2021-02-18T01:46:26+00:00","mainEntityOfPage":{"@id":"https:\/\/www.suno.com.br\/noticias\/dolar-greve-dos-caminhoneiros-coronavirus-banco-central-19022020\/"},"wordCount":681,"publisher":{"@id":"https:\/\/www.suno.com.br\/noticias\/#organization"},"image":{"@id":"https:\/\/www.suno.com.br\/noticias\/dolar-greve-dos-caminhoneiros-coronavirus-banco-central-19022020\/#primaryimage"},"thumbnailUrl":"https:\/\/files.sunoresearch.com.br\/n\/uploads\/2018\/11\/6680b35c-d\u00f3lar-jpg.webp","keywords":["Banco Central (BC)","coronav\u00edrus","d\u00f3lar","greve dos caminhoneiros"],"articleSection":["Mercado"],"inLanguage":"pt-BR"},{"@type":"WebPage","@id":"https:\/\/www.suno.com.br\/noticias\/dolar-greve-dos-caminhoneiros-coronavirus-banco-central-19022020\/","url":"https:\/\/www.suno.com.br\/noticias\/dolar-greve-dos-caminhoneiros-coronavirus-banco-central-19022020\/","name":"D\u00f3lar abre em alta e bate R$ 4,37; greve dos caminhoneiros no radar","isPartOf":{"@id":"https:\/\/www.suno.com.br\/noticias\/#website"},"primaryImageOfPage":{"@id":"https:\/\/www.suno.com.br\/noticias\/dolar-greve-dos-caminhoneiros-coronavirus-banco-central-19022020\/#primaryimage"},"image":{"@id":"https:\/\/www.suno.com.br\/noticias\/dolar-greve-dos-caminhoneiros-coronavirus-banco-central-19022020\/#primaryimage"},"thumbnailUrl":"https:\/\/files.sunoresearch.com.br\/n\/uploads\/2018\/11\/6680b35c-d\u00f3lar-jpg.webp","datePublished":"2020-02-19T12:52:36+00:00","dateModified":"2021-02-18T01:46:26+00:00","description":"O d\u00f3lar abre em alta nesta quarta. Os investidores est\u00e3o atentos \u00e0 greve dos caminhoneiros, a exemplo do que aconteceu em 2018. Saiba mais.","breadcrumb":{"@id":"https:\/\/www.suno.com.br\/noticias\/dolar-greve-dos-caminhoneiros-coronavirus-banco-central-19022020\/#breadcrumb"},"inLanguage":"pt-BR","potentialAction":[{"@type":"ReadAction","target":["https:\/\/www.suno.com.br\/noticias\/dolar-greve-dos-caminhoneiros-coronavirus-banco-central-19022020\/"]}]},{"@type":"ImageObject","inLanguage":"pt-BR","@id":"https:\/\/www.suno.com.br\/noticias\/dolar-greve-dos-caminhoneiros-coronavirus-banco-central-19022020\/#primaryimage","url":"https:\/\/files.sunoresearch.com.br\/n\/uploads\/2018\/11\/6680b35c-d\u00f3lar-jpg.webp","contentUrl":"https:\/\/files.sunoresearch.com.br\/n\/uploads\/2018\/11\/6680b35c-d\u00f3lar-jpg.webp","width":1140,"height":760,"caption":"D\u00f3lar abre em queda; recupera\u00e7\u00e3o europeia e petr\u00f3leo no radar"},{"@type":"BreadcrumbList","@id":"https:\/\/www.suno.com.br\/noticias\/dolar-greve-dos-caminhoneiros-coronavirus-banco-central-19022020\/#breadcrumb","itemListElement":[{"@type":"ListItem","position":1,"name":"Not\u00edcias","item":"https:\/\/www.suno.com.br\/noticias\/"},{"@type":"ListItem","position":2,"name":"Mercado","item":"https:\/\/www.suno.com.br\/noticias\/mercado\/"},{"@type":"ListItem","position":3,"name":"D\u00f3lar abre em alta e bate R$ 4,37; greve dos caminhoneiros no radar"}]},{"@type":"WebSite","@id":"https:\/\/www.suno.com.br\/noticias\/#website","url":"https:\/\/www.suno.com.br\/noticias\/","name":"Suno Not\u00edcias","description":"Seu portal de informa\u00e7\u00e3o sobre o mundo dos investimentos","publisher":{"@id":"https:\/\/www.suno.com.br\/noticias\/#organization"},"potentialAction":[{"@type":"SearchAction","target":{"@type":"EntryPoint","urlTemplate":"https:\/\/www.suno.com.br\/noticias\/?s={search_term_string}"},"query-input":{"@type":"PropertyValueSpecification","valueRequired":true,"valueName":"search_term_string"}}],"inLanguage":"pt-BR"},{"@type":"Organization","@id":"https:\/\/www.suno.com.br\/noticias\/#organization","name":"Suno Not\u00edcias","url":"https:\/\/www.suno.com.br\/noticias\/","logo":{"@type":"ImageObject","inLanguage":"pt-BR","@id":"https:\/\/www.suno.com.br\/noticias\/#\/schema\/logo\/image\/","url":"https:\/\/files.sunoresearch.com.br\/n\/uploads\/2021\/09\/suno-logo.png","contentUrl":"https:\/\/files.sunoresearch.com.br\/n\/uploads\/2021\/09\/suno-logo.png","width":180,"height":180,"caption":"Suno Not\u00edcias"},"image":{"@id":"https:\/\/www.suno.com.br\/noticias\/#\/schema\/logo\/image\/"},"sameAs":["https:\/\/facebook.com\/sunoresearch","https:\/\/x.com\/sunoresearch","https:\/\/www.instagram.com\/suno","https:\/\/www.linkedin.com\/company\/suno-research\/","https:\/\/www.youtube.com\/c\/sunoresearch"]},{"@type":"Person","@id":"https:\/\/www.suno.com.br\/noticias\/#\/schema\/person\/918d79de1f0281f01599b93f9ea6e23f","name":"Jader Lazarini","image":{"@type":"ImageObject","inLanguage":"pt-BR","@id":"https:\/\/www.suno.com.br\/noticias\/#\/schema\/person\/image\/","url":"https:\/\/secure.gravatar.com\/avatar\/3c1ad8caa51589841baeb923fcddea97?s=96&r=g","contentUrl":"https:\/\/secure.gravatar.com\/avatar\/3c1ad8caa51589841baeb923fcddea97?s=96&r=g","caption":"Jader Lazarini"},"description":"Jader Lazarini escreve sobre investimentos, finan\u00e7as, economia e neg\u00f3cios. \u00c9 bacharel em Rela\u00e7\u00f5es Internacionais e analista CNPI (2619).","url":"https:\/\/www.suno.com.br\/noticias\/author\/jader-lazarini\/"}]}},"default_loop_html":"<div class=\"cardsPage__listCard__boxs\"><div class=\"cardsPage__listCard__boxs__img\"><a href=\"https:\/\/www.suno.com.br\/noticias\/dolar-greve-dos-caminhoneiros-coronavirus-banco-central-19022020\/\"><img class=\"mask\" src=\"https:\/\/www.suno.com.br\/noticias\/wp-content\/themes\/suno\/resources\/images\/spotlight\/spotlight1img\/bg-mask.png\" alt=\"Image Mask\"\/><img src=\"https:\/\/files.sunoresearch.com.br\/n\/uploads\/2018\/11\/6680b35c-d\u00f3lar-400x200.webp\" alt=\"D\u00f3lar abre em alta e bate R$ 4,37; greve dos caminhoneiros no radar\"\/><\/a><span class=\"spotlightCategory\"><a href=\"https:\/\/www.suno.com.br\/noticias\/mercado\/\">Mercado<\/a><\/span><\/div><div class=\"cardsPage__listCard__boxs__content\"><a href=\"https:\/\/www.suno.com.br\/noticias\/dolar-greve-dos-caminhoneiros-coronavirus-banco-central-19022020\/\"><h2 class=\"content__title\">D\u00f3lar abre em alta e bate R$ 4,37; greve dos caminhoneiros no radar<\/h2><\/a><div class=\"newsContent__article__meta\"><div class=\"newsContent__article__meta__authorBox\"><a href=\"https:\/\/www.suno.com.br\/noticias\/author\/jader-lazarini\/\" class=\"authorBox__avatar noMobi\"><img src=\"https:\/\/files.sunoresearch.com.br\/n\/uploads\/2021\/01\/178e6598-foto-perfil-2-150x150.jpg\" alt=\"Jader Lazarini\"><\/a><div class=\"authorBox__name\"><span>por\n\t\t\t<a href=\"https:\/\/www.suno.com.br\/noticias\/author\/jader-lazarini\/\"><span itemprop=\"author\">Jader Lazarini<\/span><\/a><\/span><time datetime=\"2020-02-19T09:52:36-03:00\" itemprop=\"datePublished\">19\/02\/2020 09:52<\/time><\/div><\/div><\/div><\/div><\/div>","single_layout":"posts","amp_enabled":true,"_links":{"self":[{"href":"https:\/\/www.suno.com.br\/noticias\/wp-json\/wp\/v2\/posts\/53561"}],"collection":[{"href":"https:\/\/www.suno.com.br\/noticias\/wp-json\/wp\/v2\/posts"}],"about":[{"href":"https:\/\/www.suno.com.br\/noticias\/wp-json\/wp\/v2\/types\/post"}],"author":[{"embeddable":true,"href":"https:\/\/www.suno.com.br\/noticias\/wp-json\/wp\/v2\/users\/24"}],"replies":[{"embeddable":true,"href":"https:\/\/www.suno.com.br\/noticias\/wp-json\/wp\/v2\/comments?post=53561"}],"version-history":[{"count":0,"href":"https:\/\/www.suno.com.br\/noticias\/wp-json\/wp\/v2\/posts\/53561\/revisions"}],"wp:featuredmedia":[{"embeddable":true,"href":"https:\/\/www.suno.com.br\/noticias\/wp-json\/wp\/v2\/media\/7381"}],"wp:attachment":[{"href":"https:\/\/www.suno.com.br\/noticias\/wp-json\/wp\/v2\/media?parent=53561"}],"wp:term":[{"taxonomy":"category","embeddable":true,"href":"https:\/\/www.suno.com.br\/noticias\/wp-json\/wp\/v2\/categories?post=53561"},{"taxonomy":"post_tag","embeddable":true,"href":"https:\/\/www.suno.com.br\/noticias\/wp-json\/wp\/v2\/tags?post=53561"},{"taxonomy":"suno_strategy","embeddable":true,"href":"https:\/\/www.suno.com.br\/noticias\/wp-json\/wp\/v2\/suno_strategy?post=53561"}],"curies":[{"name":"wp","href":"https:\/\/api.w.org\/{rel}","templated":true}]}}