{"id":535456,"date":"2024-03-19T19:22:12","date_gmt":"2024-03-19T22:22:12","guid":{"rendered":"https:\/\/www.suno.com.br\/noticias\/?p=535456"},"modified":"2024-03-19T19:22:16","modified_gmt":"2024-03-19T22:22:16","slug":"dolar-fecha-leve-alta-espera-fed","status":"publish","type":"post","link":"https:\/\/www.suno.com.br\/noticias\/dolar-fecha-leve-alta-espera-fed\/","title":{"rendered":"Acima dos R$ 5 outra vez: d\u00f3lar fecha em leve alta \u00e0 espera do Fed"},"content":{"rendered":"<p>Ap\u00f3s trocas de sinal ao longo do dia, o <strong>d\u00f3lar<\/strong> \u00e0 vista encerrou a sess\u00e3o desta ter\u00e7a-feira 19, v\u00e9spera de decis\u00e3o de <a class=\"suno-keyword\" target=\"_blank\" data-force=\"no\" data-priority=\"1\" href=\"https:\/\/www.suno.com.br\/artigos\/politica-monetaria\/\" rel=\"noopener\">pol\u00edtica monet\u00e1ria<\/a> aqui e nos EUA, cotado a R$ 5,0297, avan\u00e7o de 0,08%. <\/p>\t<div class=\"wrapper-featured-image\">\n\t\t<figure class=\"spotlightImg\">\n\n\t\t\t<picture>\n\t\t\t\t<source media=\"(max-width: 768px)\" srcset=\"https:\/\/files.sunoresearch.com.br\/n\/uploads\/2024\/03\/dolar-usd-brasil-400x200.jpg\">\n\t\t\t\t<img loading=\"lazy\" decoding=\"async\" class=\"newsContent__article__imgCapa lazyloadDisabled \" src=\"https:\/\/files.sunoresearch.com.br\/n\/uploads\/2024\/03\/dolar-usd-brasil-800x450.jpg\" width=\"800\" height=\"450\" alt=\"Acima dos R$ 5 outra vez: d\u00f3lar fecha em leve alta \u00e0 espera do Fed\" fetchpriority=high \/>\n\t\t\t<\/picture>\n\n\t\t\t<figcaption class=\"wp-caption-text wp-caption-text--show\">D\u00f3lar - Foto: Unsplash<\/figcaption>\n\t\t<\/figure>\n\t<\/div>\n\n\n\n\n\n\n<p>Pela manh\u00e3, a <strong>cota\u00e7\u00e3o do d\u00f3lar<\/strong> at\u00e9 ensaiou uma alta mais firme, com m\u00e1xima a R$ 5,0549, mas perdeu for\u00e7a no in\u00edcio da tarde com relatos de entrada de fluxo comercial e realiza\u00e7\u00e3o de lucros. A m\u00ednima, a R$ 5,0170, veio na segunda etapa de neg\u00f3cios, em meio a recuo das taxas dos Treasuries e m\u00e1ximas do Ibovespa.<\/p>\n\n\n\t<p>\n\t\t<a href=\"\" target=\"_blank\" data-element=\"shortcode-suno-banner\" title=\"Banner SUNO, clique e saiba mais\">\n\t\t\t<picture>\n\t\t\t\t<source media=\"(max-width: 500px)\" srcset=\"\">\n\t\t\t\t<img class=\"newsContent__article__imgCapa newsContent__article__imgCapa--banner\"\n\t\t\t\t\tsrc=\"\"\n\t\t\t\t\tdata-promo-id=\"240038\"\t\t\t\t\t\t\t\t\t\t\t\t\t\t\talt=\"\"\n\t\t\t\t>\n\t\t\t<\/picture>\n\t\t<\/a>\n\t<\/p>\n\n\n\n\n\n\n\n<p>O fato de a <strong>taxa de c\u00e2mbio<\/strong> permanecer acima de R$ 5,00 sugere que os investidores mant\u00eam uma postura cautelosa \u00e0 espera, principalmente, dos sinais do Federal Reserve (Fed, o BC dos EUA) sobre a condu\u00e7\u00e3o da <a class=\"suno-keyword\" target=\"_blank\" data-force=\"no\" data-priority=\"1\" href=\"https:\/\/www.suno.com.br\/artigos\/politica-monetaria\/\" rel=\"noopener\">pol\u00edtica monet\u00e1ria<\/a> neste ano. \u00c9 dado como certo que o BC norte-americano manter\u00e1 a taxa b\u00e1sica no intervalo entre 5,25% e 5,50%. As aten\u00e7\u00f5es se voltam \u00e0s proje\u00e7\u00f5es dos dirigentes contidas no chamado gr\u00e1fico de pontos &#8211; que da \u00faltima vez trouxe previs\u00e3o majorit\u00e1ria de tr\u00eas cortes de juros nos EUA neste ano &#8211; e \u00e0 entrevista do chairman Jerome Powell ap\u00f3s a decis\u00e3o. Por ora, as expectativas ainda s\u00e3o de redu\u00e7\u00e3o da taxa b\u00e1sica em 75 pontos-base neste ano.<\/p>\n\n\n\n<p>Nos \u00faltimos dias, as preocupa\u00e7\u00f5es com a infla\u00e7\u00e3o americana, ap\u00f3s as leituras dos \u00edndices de pre\u00e7os ao consumidor e ao atacado divulgadas na semana passada, levaram a uma redu\u00e7\u00e3o das chances de corte de juros pelo Fed em junho da casa de 70% para pouco mais de 50%. Esse rearranjo provocou avan\u00e7o das taxas dos Treasuries e uma valoriza\u00e7\u00e3o global do d\u00f3lar, em especial na compara\u00e7\u00e3o com divisas emergentes.<\/p>\n\n\n\t<p>\n\t\t<a href=\"https:\/\/lp.suno.com.br\/ebook-gratuito-investindo-no-exterior\/\" target=\"_blank\" data-element=\"shortcode-suno-banner\" title=\"Banner SUNO, clique e saiba mais\">\n\t\t\t<picture>\n\t\t\t\t<source media=\"(max-width: 500px)\" srcset=\"https:\/\/files.sunoresearch.com.br\/n\/uploads\/2023\/03\/400x300-Investindo-no-exterior.png\">\n\t\t\t\t<img class=\"newsContent__article__imgCapa newsContent__article__imgCapa--banner\"\n\t\t\t\t\tsrc=\"https:\/\/files.sunoresearch.com.br\/n\/uploads\/2023\/03\/1420x240-Investindo-no-exterior.png\"\n\t\t\t\t\tdata-promo-id=\"383161\"\t\t\t\t\t\t\t\t\t\twidth='1420' height='240'\t\t\t\t\talt=\"https:\/\/files.sunoresearch.com.br\/n\/uploads\/2023\/03\/1420x240-Investindo-no-exterior.png\"\n\t\t\t\t>\n\t\t\t<\/picture>\n\t\t<\/a>\n\t<\/p>\n\n\n\n\n\n<h2 class=\"wp-block-heading\">Fortalecimento global do d\u00f3lar<\/h2>\n\n\n\n<p>A economista-chefe da Armor Capital, Andrea Damico, afirma que o principal fator por tr\u00e1s do escorreg\u00e3o recente do real \u00e9 o fortalecimento global do d\u00f3lar, sobretudo ap\u00f3s a leitura acima das expectativas do \u00edndice de pre\u00e7os ao produtor (PPI, na sigla em ingl\u00eas) em janeiro, divulgada na \u00faltima quinta-feira, 14.<\/p>\n\n\n\n<p>&#8220;A quest\u00e3o \u00e9 que aqui dentro n\u00e3o vemos eventos para neutralizar parte desse efeito externo. Pelo contr\u00e1rio. O ambiente pol\u00edtico est\u00e1 muito ruidoso&#8221;, afirma Damico, lembrando os questionamentos de interven\u00e7\u00e3o pol\u00edtica na gest\u00e3o da Petrobras ap\u00f3s a reten\u00e7\u00e3o de <a class=\"suno-keyword\" target=\"_blank\" data-force=\"no\" data-priority=\"1\" href=\"https:\/\/www.suno.com.br\/guias\/dividendos\/\" rel=\"noopener\">dividendos<\/a> extraordin\u00e1rios. &#8220;Temos tamb\u00e9m uma queda de popularidade do presidente Lula, que pode levar a a\u00e7\u00f5es populistas e implicar mais gastos.&#8221;<\/p>\n\n\n\n<p>A economista da Armor observa que, nos \u00faltimos dias, o real teve desempenho relativo inferior a de seus principais pares, embora os fundamentos estejam melhores. Ela cita os resultados bons balan\u00e7a comercial e arrecada\u00e7\u00e3o federal mais forte neste in\u00edcio do ano, que pode levar o governo a postergar a discuss\u00e3o da revis\u00e3o da meta de resultado prim\u00e1rio. &#8220;O problema \u00e9 que esse ru\u00eddo pol\u00edtico tem feito pre\u00e7o no d\u00f3lar&#8221;, afirma.<\/p>\n\n\n\n<p>No exterior, o <a class=\"suno-keyword\" target=\"_blank\" data-force=\"no\" data-priority=\"1\" href=\"https:\/\/www.suno.com.br\/artigos\/dxy\/\" rel=\"noopener\">\u00edndice DXY<\/a>, importante \u00edndice que analisa o <strong>d\u00f3lar<\/strong>, operou em alta ao longo do dia, com m\u00e1xima pouco acima da linha dos 104,000 pontos, gra\u00e7as, sobretudo, \u00e0 alta de mais de 1% em rela\u00e7\u00e3o ao iene. Embora o Banco do Jap\u00e3o tenha elevado a taxa de juros pela primeira vez em 17 anos e abandonado o controle da curva, o BoJ reiterou que as condi\u00e7\u00f5es financeiras v\u00e3o seguir acomodat\u00edcias.<\/p>\n\n\n\n<p><em>Com Estad\u00e3o Conte\u00fado<\/em><\/p>\n\n\n\t<p>\n\t\t<a href=\"https:\/\/lp.suno.com.br\/planilha-da-vida-financeira\/\" target=\"_blank\" data-element=\"shortcode-suno-banner\" title=\"Banner SUNO, clique e saiba mais\">\n\t\t\t<picture>\n\t\t\t\t<source media=\"(max-width: 500px)\" srcset=\"https:\/\/files.sunoresearch.com.br\/n\/uploads\/2023\/04\/400x300-Planilha-vida-financeira-true.png\">\n\t\t\t\t<img class=\"newsContent__article__imgCapa newsContent__article__imgCapa--banner\"\n\t\t\t\t\tsrc=\"https:\/\/files.sunoresearch.com.br\/n\/uploads\/2023\/04\/1420x240-Planilha-vida-financeira-true.png\"\n\t\t\t\t\tdata-promo-id=\"383123\"\t\t\t\t\t\t\t\t\t\twidth='1420' height='240'\t\t\t\t\talt=\"https:\/\/files.sunoresearch.com.br\/n\/uploads\/2023\/04\/1420x240-Planilha-vida-financeira-true.png\"\n\t\t\t\t>\n\t\t\t<\/picture>\n\t\t<\/a>\n\t<\/p>\n\n\n","protected":false},"excerpt":{"rendered":"<p>Ap\u00f3s trocas de sinal ao longo do dia, o d\u00f3lar \u00e0 vista encerrou a sess\u00e3o desta ter\u00e7a-feira 19, v\u00e9spera de decis\u00e3o de pol\u00edtica monet\u00e1ria aqui e nos EUA, cotado a R$ 5,0297, avan\u00e7o de 0,08%. D\u00f3lar &#8211; Foto: Unsplash Pela manh\u00e3, a cota\u00e7\u00e3o do d\u00f3lar at\u00e9 ensaiou uma alta mais firme, com m\u00e1xima a R$ [&hellip;]<\/p>\n","protected":false},"author":43,"featured_media":534876,"comment_status":"closed","ping_status":"closed","sticky":false,"template":"","format":"standard","meta":[],"categories":[60],"tags":[326,1852],"suno_strategy":[],"class_list":["post-535456","post","type-post","status-publish","format-standard","has-post-thumbnail","hentry","category-mercado","tag-dolar","tag-dolar-futuro"],"yoast_head":"<!-- This site is optimized with the Yoast SEO plugin v24.4 - https:\/\/yoast.com\/wordpress\/plugins\/seo\/ -->\n<title>Acima de R$ 5: d\u00f3lar fecha em leve alta \u00e0 espera do Fed<\/title>\n<meta name=\"description\" content=\"O d\u00f3lar encerrou a sess\u00e3o desta ter\u00e7a-feira 19, v\u00e9spera de decis\u00e3o de pol\u00edtica monet\u00e1ria aqui e nos EUA, cotado a R$ 5,0297, avan\u00e7o de 0,08%\" \/>\n<meta name=\"robots\" content=\"index, follow, max-snippet:-1, max-image-preview:large, max-video-preview:-1\" \/>\n<link rel=\"canonical\" href=\"https:\/\/www.suno.com.br\/noticias\/dolar-fecha-leve-alta-espera-fed\/\" \/>\n<meta property=\"og:locale\" content=\"pt_BR\" \/>\n<meta property=\"og:type\" content=\"article\" \/>\n<meta property=\"og:title\" content=\"Acima de R$ 5: d\u00f3lar fecha em leve alta \u00e0 espera do Fed\" \/>\n<meta property=\"og:description\" content=\"O d\u00f3lar encerrou a sess\u00e3o desta ter\u00e7a-feira 19, v\u00e9spera de decis\u00e3o de pol\u00edtica monet\u00e1ria aqui e nos EUA, cotado a R$ 5,0297, avan\u00e7o de 0,08%\" \/>\n<meta property=\"og:url\" content=\"https:\/\/www.suno.com.br\/noticias\/dolar-fecha-leve-alta-espera-fed\/\" \/>\n<meta property=\"og:site_name\" content=\"Suno Not\u00edcias\" \/>\n<meta property=\"article:publisher\" content=\"https:\/\/facebook.com\/sunoresearch\" \/>\n<meta property=\"article:author\" content=\"https:\/\/www.facebook.com\/sunonoticias\/\" \/>\n<meta property=\"og:image\" content=\"https:\/\/files.sunoresearch.com.br\/n\/uploads\/2024\/03\/dolar-usd-brasil.jpg\" \/>\n\t<meta property=\"og:image:width\" content=\"1300\" \/>\n\t<meta property=\"og:image:height\" content=\"813\" \/>\n\t<meta property=\"og:image:type\" content=\"image\/jpeg\" \/>\n<meta name=\"author\" content=\"Reda\u00e7\u00e3o Suno Not\u00edcias\" \/>\n<meta name=\"twitter:card\" content=\"summary_large_image\" \/>\n<meta name=\"twitter:creator\" content=\"@https:\/\/twitter.com\/sunoresearch\" \/>\n<meta name=\"twitter:site\" content=\"@sunoresearch\" \/>\n<meta name=\"twitter:label1\" content=\"Escrito por\" \/>\n\t<meta name=\"twitter:data1\" content=\"Reda\u00e7\u00e3o Suno Not\u00edcias\" \/>\n\t<meta name=\"twitter:label2\" content=\"Est. tempo de leitura\" \/>\n\t<meta name=\"twitter:data2\" content=\"3 minutos\" \/>\n<script type=\"application\/ld+json\" class=\"yoast-schema-graph\">{\"@context\":\"https:\/\/schema.org\",\"@graph\":[{\"@type\":\"NewsArticle\",\"@id\":\"https:\/\/www.suno.com.br\/noticias\/dolar-fecha-leve-alta-espera-fed\/#article\",\"isPartOf\":{\"@id\":\"https:\/\/www.suno.com.br\/noticias\/dolar-fecha-leve-alta-espera-fed\/\"},\"author\":{\"name\":\"Reda\u00e7\u00e3o Suno Not\u00edcias\",\"@id\":\"https:\/\/www.suno.com.br\/noticias\/#\/schema\/person\/c1b1bd3727fa852bd045e9dbff3673ea\"},\"headline\":\"Acima dos R$ 5 outra vez: d\u00f3lar fecha em leve alta \u00e0 espera do Fed\",\"datePublished\":\"2024-03-19T22:22:12+00:00\",\"dateModified\":\"2024-03-19T22:22:16+00:00\",\"mainEntityOfPage\":{\"@id\":\"https:\/\/www.suno.com.br\/noticias\/dolar-fecha-leve-alta-espera-fed\/\"},\"wordCount\":621,\"publisher\":{\"@id\":\"https:\/\/www.suno.com.br\/noticias\/#organization\"},\"image\":{\"@id\":\"https:\/\/www.suno.com.br\/noticias\/dolar-fecha-leve-alta-espera-fed\/#primaryimage\"},\"thumbnailUrl\":\"https:\/\/files.sunoresearch.com.br\/n\/uploads\/2024\/03\/dolar-usd-brasil.jpg\",\"keywords\":[\"d\u00f3lar\",\"d\u00f3lar futuro\"],\"articleSection\":[\"Mercado\"],\"inLanguage\":\"pt-BR\"},{\"@type\":\"WebPage\",\"@id\":\"https:\/\/www.suno.com.br\/noticias\/dolar-fecha-leve-alta-espera-fed\/\",\"url\":\"https:\/\/www.suno.com.br\/noticias\/dolar-fecha-leve-alta-espera-fed\/\",\"name\":\"Acima de R$ 5: d\u00f3lar fecha em leve alta \u00e0 espera do Fed\",\"isPartOf\":{\"@id\":\"https:\/\/www.suno.com.br\/noticias\/#website\"},\"primaryImageOfPage\":{\"@id\":\"https:\/\/www.suno.com.br\/noticias\/dolar-fecha-leve-alta-espera-fed\/#primaryimage\"},\"image\":{\"@id\":\"https:\/\/www.suno.com.br\/noticias\/dolar-fecha-leve-alta-espera-fed\/#primaryimage\"},\"thumbnailUrl\":\"https:\/\/files.sunoresearch.com.br\/n\/uploads\/2024\/03\/dolar-usd-brasil.jpg\",\"datePublished\":\"2024-03-19T22:22:12+00:00\",\"dateModified\":\"2024-03-19T22:22:16+00:00\",\"description\":\"O d\u00f3lar encerrou a sess\u00e3o desta ter\u00e7a-feira 19, v\u00e9spera de decis\u00e3o de pol\u00edtica monet\u00e1ria aqui e nos EUA, cotado a R$ 5,0297, avan\u00e7o de 0,08%\",\"breadcrumb\":{\"@id\":\"https:\/\/www.suno.com.br\/noticias\/dolar-fecha-leve-alta-espera-fed\/#breadcrumb\"},\"inLanguage\":\"pt-BR\",\"potentialAction\":[{\"@type\":\"ReadAction\",\"target\":[\"https:\/\/www.suno.com.br\/noticias\/dolar-fecha-leve-alta-espera-fed\/\"]}]},{\"@type\":\"ImageObject\",\"inLanguage\":\"pt-BR\",\"@id\":\"https:\/\/www.suno.com.br\/noticias\/dolar-fecha-leve-alta-espera-fed\/#primaryimage\",\"url\":\"https:\/\/files.sunoresearch.com.br\/n\/uploads\/2024\/03\/dolar-usd-brasil.jpg\",\"contentUrl\":\"https:\/\/files.sunoresearch.com.br\/n\/uploads\/2024\/03\/dolar-usd-brasil.jpg\",\"width\":1300,\"height\":813,\"caption\":\"D\u00f3lar - Foto: Unsplash\"},{\"@type\":\"BreadcrumbList\",\"@id\":\"https:\/\/www.suno.com.br\/noticias\/dolar-fecha-leve-alta-espera-fed\/#breadcrumb\",\"itemListElement\":[{\"@type\":\"ListItem\",\"position\":1,\"name\":\"Not\u00edcias\",\"item\":\"https:\/\/www.suno.com.br\/noticias\/\"},{\"@type\":\"ListItem\",\"position\":2,\"name\":\"Mercado\",\"item\":\"https:\/\/www.suno.com.br\/noticias\/mercado\/\"},{\"@type\":\"ListItem\",\"position\":3,\"name\":\"Acima dos R$ 5 outra vez: d\u00f3lar fecha em leve alta \u00e0 espera do Fed\"}]},{\"@type\":\"WebSite\",\"@id\":\"https:\/\/www.suno.com.br\/noticias\/#website\",\"url\":\"https:\/\/www.suno.com.br\/noticias\/\",\"name\":\"Suno Not\u00edcias\",\"description\":\"Seu portal de informa\u00e7\u00e3o sobre o mundo dos investimentos\",\"publisher\":{\"@id\":\"https:\/\/www.suno.com.br\/noticias\/#organization\"},\"potentialAction\":[{\"@type\":\"SearchAction\",\"target\":{\"@type\":\"EntryPoint\",\"urlTemplate\":\"https:\/\/www.suno.com.br\/noticias\/?s={search_term_string}\"},\"query-input\":{\"@type\":\"PropertyValueSpecification\",\"valueRequired\":true,\"valueName\":\"search_term_string\"}}],\"inLanguage\":\"pt-BR\"},{\"@type\":\"Organization\",\"@id\":\"https:\/\/www.suno.com.br\/noticias\/#organization\",\"name\":\"Suno Not\u00edcias\",\"url\":\"https:\/\/www.suno.com.br\/noticias\/\",\"logo\":{\"@type\":\"ImageObject\",\"inLanguage\":\"pt-BR\",\"@id\":\"https:\/\/www.suno.com.br\/noticias\/#\/schema\/logo\/image\/\",\"url\":\"https:\/\/files.sunoresearch.com.br\/n\/uploads\/2021\/09\/suno-logo.png\",\"contentUrl\":\"https:\/\/files.sunoresearch.com.br\/n\/uploads\/2021\/09\/suno-logo.png\",\"width\":180,\"height\":180,\"caption\":\"Suno Not\u00edcias\"},\"image\":{\"@id\":\"https:\/\/www.suno.com.br\/noticias\/#\/schema\/logo\/image\/\"},\"sameAs\":[\"https:\/\/facebook.com\/sunoresearch\",\"https:\/\/x.com\/sunoresearch\",\"https:\/\/www.instagram.com\/suno\",\"https:\/\/www.linkedin.com\/company\/suno-research\/\",\"https:\/\/www.youtube.com\/c\/sunoresearch\"]},{\"@type\":\"Person\",\"@id\":\"https:\/\/www.suno.com.br\/noticias\/#\/schema\/person\/c1b1bd3727fa852bd045e9dbff3673ea\",\"name\":\"Reda\u00e7\u00e3o Suno Not\u00edcias\",\"image\":{\"@type\":\"ImageObject\",\"inLanguage\":\"pt-BR\",\"@id\":\"https:\/\/www.suno.com.br\/noticias\/#\/schema\/person\/image\/\",\"url\":\"https:\/\/secure.gravatar.com\/avatar\/b8104b9b5a71985d5238ee59fbe418af?s=96&r=g\",\"contentUrl\":\"https:\/\/secure.gravatar.com\/avatar\/b8104b9b5a71985d5238ee59fbe418af?s=96&r=g\",\"caption\":\"Reda\u00e7\u00e3o Suno Not\u00edcias\"},\"description\":\"O Suno Not\u00edcias \u00e9 um portal de informa\u00e7\u00f5es sobre Mercado Financeiro, Pol\u00edtica, Neg\u00f3cios, Economia e Finan\u00e7as Pessoais.\",\"sameAs\":[\"https:\/\/www.suno.com.br\/noticias\",\"https:\/\/www.facebook.com\/sunonoticias\/\",\"https:\/\/www.instagram.com\/sunonoticias\/\",\"https:\/\/x.com\/https:\/\/twitter.com\/sunoresearch\",\"https:\/\/www.youtube.com\/sunonoticias\"],\"url\":\"https:\/\/www.suno.com.br\/noticias\/author\/redacao-suno\/\"}]}<\/script>\n<!-- \/ Yoast SEO plugin. -->","yoast_head_json":{"title":"Acima de R$ 5: d\u00f3lar fecha em leve alta \u00e0 espera do Fed","description":"O d\u00f3lar encerrou a sess\u00e3o desta ter\u00e7a-feira 19, v\u00e9spera de decis\u00e3o de pol\u00edtica monet\u00e1ria aqui e nos EUA, cotado a R$ 5,0297, avan\u00e7o de 0,08%","robots":{"index":"index","follow":"follow","max-snippet":"max-snippet:-1","max-image-preview":"max-image-preview:large","max-video-preview":"max-video-preview:-1"},"canonical":"https:\/\/www.suno.com.br\/noticias\/dolar-fecha-leve-alta-espera-fed\/","og_locale":"pt_BR","og_type":"article","og_title":"Acima de R$ 5: d\u00f3lar fecha em leve alta \u00e0 espera do Fed","og_description":"O d\u00f3lar encerrou a sess\u00e3o desta ter\u00e7a-feira 19, v\u00e9spera de decis\u00e3o de pol\u00edtica monet\u00e1ria aqui e nos EUA, cotado a R$ 5,0297, avan\u00e7o de 0,08%","og_url":"https:\/\/www.suno.com.br\/noticias\/dolar-fecha-leve-alta-espera-fed\/","og_site_name":"Suno Not\u00edcias","article_publisher":"https:\/\/facebook.com\/sunoresearch","article_author":"https:\/\/www.facebook.com\/sunonoticias\/","og_image":[{"width":1300,"height":813,"url":"https:\/\/files.sunoresearch.com.br\/n\/uploads\/2024\/03\/dolar-usd-brasil.jpg","type":"image\/jpeg"}],"author":"Reda\u00e7\u00e3o Suno Not\u00edcias","twitter_card":"summary_large_image","twitter_creator":"@https:\/\/twitter.com\/sunoresearch","twitter_site":"@sunoresearch","twitter_misc":{"Escrito por":"Reda\u00e7\u00e3o Suno Not\u00edcias","Est. tempo de leitura":"3 minutos"},"schema":{"@context":"https:\/\/schema.org","@graph":[{"@type":"NewsArticle","@id":"https:\/\/www.suno.com.br\/noticias\/dolar-fecha-leve-alta-espera-fed\/#article","isPartOf":{"@id":"https:\/\/www.suno.com.br\/noticias\/dolar-fecha-leve-alta-espera-fed\/"},"author":{"name":"Reda\u00e7\u00e3o Suno Not\u00edcias","@id":"https:\/\/www.suno.com.br\/noticias\/#\/schema\/person\/c1b1bd3727fa852bd045e9dbff3673ea"},"headline":"Acima dos R$ 5 outra vez: d\u00f3lar fecha em leve alta \u00e0 espera do Fed","datePublished":"2024-03-19T22:22:12+00:00","dateModified":"2024-03-19T22:22:16+00:00","mainEntityOfPage":{"@id":"https:\/\/www.suno.com.br\/noticias\/dolar-fecha-leve-alta-espera-fed\/"},"wordCount":621,"publisher":{"@id":"https:\/\/www.suno.com.br\/noticias\/#organization"},"image":{"@id":"https:\/\/www.suno.com.br\/noticias\/dolar-fecha-leve-alta-espera-fed\/#primaryimage"},"thumbnailUrl":"https:\/\/files.sunoresearch.com.br\/n\/uploads\/2024\/03\/dolar-usd-brasil.jpg","keywords":["d\u00f3lar","d\u00f3lar futuro"],"articleSection":["Mercado"],"inLanguage":"pt-BR"},{"@type":"WebPage","@id":"https:\/\/www.suno.com.br\/noticias\/dolar-fecha-leve-alta-espera-fed\/","url":"https:\/\/www.suno.com.br\/noticias\/dolar-fecha-leve-alta-espera-fed\/","name":"Acima de R$ 5: d\u00f3lar fecha em leve alta \u00e0 espera do Fed","isPartOf":{"@id":"https:\/\/www.suno.com.br\/noticias\/#website"},"primaryImageOfPage":{"@id":"https:\/\/www.suno.com.br\/noticias\/dolar-fecha-leve-alta-espera-fed\/#primaryimage"},"image":{"@id":"https:\/\/www.suno.com.br\/noticias\/dolar-fecha-leve-alta-espera-fed\/#primaryimage"},"thumbnailUrl":"https:\/\/files.sunoresearch.com.br\/n\/uploads\/2024\/03\/dolar-usd-brasil.jpg","datePublished":"2024-03-19T22:22:12+00:00","dateModified":"2024-03-19T22:22:16+00:00","description":"O d\u00f3lar encerrou a sess\u00e3o desta ter\u00e7a-feira 19, v\u00e9spera de decis\u00e3o de pol\u00edtica monet\u00e1ria aqui e nos EUA, cotado a R$ 5,0297, avan\u00e7o de 0,08%","breadcrumb":{"@id":"https:\/\/www.suno.com.br\/noticias\/dolar-fecha-leve-alta-espera-fed\/#breadcrumb"},"inLanguage":"pt-BR","potentialAction":[{"@type":"ReadAction","target":["https:\/\/www.suno.com.br\/noticias\/dolar-fecha-leve-alta-espera-fed\/"]}]},{"@type":"ImageObject","inLanguage":"pt-BR","@id":"https:\/\/www.suno.com.br\/noticias\/dolar-fecha-leve-alta-espera-fed\/#primaryimage","url":"https:\/\/files.sunoresearch.com.br\/n\/uploads\/2024\/03\/dolar-usd-brasil.jpg","contentUrl":"https:\/\/files.sunoresearch.com.br\/n\/uploads\/2024\/03\/dolar-usd-brasil.jpg","width":1300,"height":813,"caption":"D\u00f3lar - Foto: Unsplash"},{"@type":"BreadcrumbList","@id":"https:\/\/www.suno.com.br\/noticias\/dolar-fecha-leve-alta-espera-fed\/#breadcrumb","itemListElement":[{"@type":"ListItem","position":1,"name":"Not\u00edcias","item":"https:\/\/www.suno.com.br\/noticias\/"},{"@type":"ListItem","position":2,"name":"Mercado","item":"https:\/\/www.suno.com.br\/noticias\/mercado\/"},{"@type":"ListItem","position":3,"name":"Acima dos R$ 5 outra vez: d\u00f3lar fecha em leve alta \u00e0 espera do Fed"}]},{"@type":"WebSite","@id":"https:\/\/www.suno.com.br\/noticias\/#website","url":"https:\/\/www.suno.com.br\/noticias\/","name":"Suno Not\u00edcias","description":"Seu portal de informa\u00e7\u00e3o sobre o mundo dos investimentos","publisher":{"@id":"https:\/\/www.suno.com.br\/noticias\/#organization"},"potentialAction":[{"@type":"SearchAction","target":{"@type":"EntryPoint","urlTemplate":"https:\/\/www.suno.com.br\/noticias\/?s={search_term_string}"},"query-input":{"@type":"PropertyValueSpecification","valueRequired":true,"valueName":"search_term_string"}}],"inLanguage":"pt-BR"},{"@type":"Organization","@id":"https:\/\/www.suno.com.br\/noticias\/#organization","name":"Suno Not\u00edcias","url":"https:\/\/www.suno.com.br\/noticias\/","logo":{"@type":"ImageObject","inLanguage":"pt-BR","@id":"https:\/\/www.suno.com.br\/noticias\/#\/schema\/logo\/image\/","url":"https:\/\/files.sunoresearch.com.br\/n\/uploads\/2021\/09\/suno-logo.png","contentUrl":"https:\/\/files.sunoresearch.com.br\/n\/uploads\/2021\/09\/suno-logo.png","width":180,"height":180,"caption":"Suno Not\u00edcias"},"image":{"@id":"https:\/\/www.suno.com.br\/noticias\/#\/schema\/logo\/image\/"},"sameAs":["https:\/\/facebook.com\/sunoresearch","https:\/\/x.com\/sunoresearch","https:\/\/www.instagram.com\/suno","https:\/\/www.linkedin.com\/company\/suno-research\/","https:\/\/www.youtube.com\/c\/sunoresearch"]},{"@type":"Person","@id":"https:\/\/www.suno.com.br\/noticias\/#\/schema\/person\/c1b1bd3727fa852bd045e9dbff3673ea","name":"Reda\u00e7\u00e3o Suno Not\u00edcias","image":{"@type":"ImageObject","inLanguage":"pt-BR","@id":"https:\/\/www.suno.com.br\/noticias\/#\/schema\/person\/image\/","url":"https:\/\/secure.gravatar.com\/avatar\/b8104b9b5a71985d5238ee59fbe418af?s=96&r=g","contentUrl":"https:\/\/secure.gravatar.com\/avatar\/b8104b9b5a71985d5238ee59fbe418af?s=96&r=g","caption":"Reda\u00e7\u00e3o Suno Not\u00edcias"},"description":"O Suno Not\u00edcias \u00e9 um portal de informa\u00e7\u00f5es sobre Mercado Financeiro, Pol\u00edtica, Neg\u00f3cios, Economia e Finan\u00e7as Pessoais.","sameAs":["https:\/\/www.suno.com.br\/noticias","https:\/\/www.facebook.com\/sunonoticias\/","https:\/\/www.instagram.com\/sunonoticias\/","https:\/\/x.com\/https:\/\/twitter.com\/sunoresearch","https:\/\/www.youtube.com\/sunonoticias"],"url":"https:\/\/www.suno.com.br\/noticias\/author\/redacao-suno\/"}]}},"default_loop_html":"<div class=\"cardsPage__listCard__boxs\"><div class=\"cardsPage__listCard__boxs__img\"><a href=\"https:\/\/www.suno.com.br\/noticias\/dolar-fecha-leve-alta-espera-fed\/\"><img class=\"mask\" src=\"https:\/\/www.suno.com.br\/noticias\/wp-content\/themes\/suno\/resources\/images\/spotlight\/spotlight1img\/bg-mask.png\" alt=\"Image Mask\"\/><img src=\"https:\/\/files.sunoresearch.com.br\/n\/uploads\/2024\/03\/dolar-usd-brasil-400x200.jpg\" alt=\"Acima dos R$ 5 outra vez: d\u00f3lar fecha em leve alta \u00e0 espera do Fed\"\/><\/a><span class=\"spotlightCategory\"><a href=\"https:\/\/www.suno.com.br\/noticias\/mercado\/\">Mercado<\/a><\/span><\/div><div class=\"cardsPage__listCard__boxs__content\"><a href=\"https:\/\/www.suno.com.br\/noticias\/dolar-fecha-leve-alta-espera-fed\/\"><h2 class=\"content__title\">Acima dos R$ 5 outra vez: d\u00f3lar fecha em leve alta \u00e0 espera do Fed<\/h2><\/a><div class=\"newsContent__article__meta\"><div class=\"newsContent__article__meta__authorBox\"><a href=\"https:\/\/www.suno.com.br\/noticias\/author\/redacao-suno\/\" class=\"authorBox__avatar noMobi\"><img src=\"https:\/\/files.sunoresearch.com.br\/n\/uploads\/2020\/08\/0ace682d-redacao-1-150x150.webp\" alt=\"Reda\u00e7\u00e3o Suno Not\u00edcias\"><\/a><div class=\"authorBox__name\"><span>por\n\t\t\t<a href=\"https:\/\/www.suno.com.br\/noticias\/author\/redacao-suno\/\"><span itemprop=\"author\">Reda\u00e7\u00e3o Suno Not\u00edcias<\/span><\/a><\/span><time datetime=\"2024-03-19T19:22:12-03:00\" itemprop=\"datePublished\">19\/03\/2024 19:22<\/time><\/div><\/div><\/div><\/div><\/div>","single_layout":"posts","amp_enabled":true,"_links":{"self":[{"href":"https:\/\/www.suno.com.br\/noticias\/wp-json\/wp\/v2\/posts\/535456"}],"collection":[{"href":"https:\/\/www.suno.com.br\/noticias\/wp-json\/wp\/v2\/posts"}],"about":[{"href":"https:\/\/www.suno.com.br\/noticias\/wp-json\/wp\/v2\/types\/post"}],"author":[{"embeddable":true,"href":"https:\/\/www.suno.com.br\/noticias\/wp-json\/wp\/v2\/users\/43"}],"replies":[{"embeddable":true,"href":"https:\/\/www.suno.com.br\/noticias\/wp-json\/wp\/v2\/comments?post=535456"}],"version-history":[{"count":2,"href":"https:\/\/www.suno.com.br\/noticias\/wp-json\/wp\/v2\/posts\/535456\/revisions"}],"predecessor-version":[{"id":535506,"href":"https:\/\/www.suno.com.br\/noticias\/wp-json\/wp\/v2\/posts\/535456\/revisions\/535506"}],"wp:featuredmedia":[{"embeddable":true,"href":"https:\/\/www.suno.com.br\/noticias\/wp-json\/wp\/v2\/media\/534876"}],"wp:attachment":[{"href":"https:\/\/www.suno.com.br\/noticias\/wp-json\/wp\/v2\/media?parent=535456"}],"wp:term":[{"taxonomy":"category","embeddable":true,"href":"https:\/\/www.suno.com.br\/noticias\/wp-json\/wp\/v2\/categories?post=535456"},{"taxonomy":"post_tag","embeddable":true,"href":"https:\/\/www.suno.com.br\/noticias\/wp-json\/wp\/v2\/tags?post=535456"},{"taxonomy":"suno_strategy","embeddable":true,"href":"https:\/\/www.suno.com.br\/noticias\/wp-json\/wp\/v2\/suno_strategy?post=535456"}],"curies":[{"name":"wp","href":"https:\/\/api.w.org\/{rel}","templated":true}]}}