{"id":535288,"date":"2024-03-19T14:41:54","date_gmt":"2024-03-19T17:41:54","guid":{"rendered":"https:\/\/www.suno.com.br\/noticias\/?p=535288"},"modified":"2024-03-19T14:42:07","modified_gmt":"2024-03-19T17:42:07","slug":"selic-previa-copom-taxa-juros-banco-central-gpj","status":"publish","type":"post","link":"https:\/\/www.suno.com.br\/noticias\/selic-previa-copom-taxa-juros-banco-central-gpj\/","title":{"rendered":"Selic deve cair para 10,75% nesta quarta; o que mais esperar da decis\u00e3o do Copom?"},"content":{"rendered":"<p>O <a href=\"https:\/\/www.suno.com.br\/artigos\/copom\/\">Comit\u00ea de Pol\u00edtica Monet\u00e1ria (Copom)<\/a>, do Banco Central (BC), come\u00e7ou hoje (19) as reuni\u00f5es que podem confirmar amanh\u00e3 (20) mais um corte de 0,5 ponto percentual na taxa de juros, a<strong> Selic<\/strong>. Atualmente, ela est\u00e1 em 11,25% ao ano.\u00a0<\/p>\t<div class=\"wrapper-featured-image\">\n\t\t<figure class=\"spotlightImg\">\n\n\t\t\t<picture>\n\t\t\t\t<source media=\"(max-width: 768px)\" srcset=\"https:\/\/files.sunoresearch.com.br\/n\/uploads\/2024\/03\/pexels-burak-the-weekender-186461-1-400x200.jpg\">\n\t\t\t\t<img loading=\"lazy\" decoding=\"async\" class=\"newsContent__article__imgCapa lazyloadDisabled \" src=\"https:\/\/files.sunoresearch.com.br\/n\/uploads\/2024\/03\/pexels-burak-the-weekender-186461-1-800x450.jpg\" width=\"800\" height=\"450\" alt=\"Selic deve cair para 10,75% nesta quarta; o que mais esperar da decis\u00e3o do Copom?\" fetchpriority=high \/>\n\t\t\t<\/picture>\n\n\t\t\t<figcaption class=\"wp-caption-text wp-caption-text--show\">Selic. Foto: Pexels.<\/figcaption>\n\t\t<\/figure>\n\t<\/div>\n\n\n\n\n\n\n\n\t<p>\n\t\t<a href=\"\" target=\"_blank\" data-element=\"shortcode-suno-banner\" title=\"Banner SUNO, clique e saiba mais\">\n\t\t\t<picture>\n\t\t\t\t<source media=\"(max-width: 500px)\" srcset=\"\">\n\t\t\t\t<img class=\"newsContent__article__imgCapa newsContent__article__imgCapa--banner\"\n\t\t\t\t\tsrc=\"\"\n\t\t\t\t\tdata-promo-id=\"240038\"\t\t\t\t\t\t\t\t\t\t\t\t\t\t\talt=\"\"\n\t\t\t\t>\n\t\t\t<\/picture>\n\t\t<\/a>\n\t<\/p>\n\n\n\n\n\n<p>Na \u00faltima <strong>reuni\u00e3o do Copom<\/strong>, o BC anunciou o quinto corte seguido da <strong>taxa Selic<\/strong>. A taxa caiu para 11,25%, no primeiro encontro do ano. A decis\u00e3o era majoritariamente esperada pelo mercado e foi un\u00e2nime.<\/p>\n\n\n\n<p>Segundo Boletim Focus divulgado nesta ter\u00e7a-feira (19) pelo<strong> Banco Central<\/strong>, a estimativa para a taxa de juros segue em 9,00% ao final deste ano.\u00a0De acordo com a pesquisa, para 2025, o mercado espera que a <strong>taxa de juros<\/strong> consiga chegar ao patamar de 8,50% e que mantenha o valor em 2026.<\/p>\n\n\n\n<p>Ainda conforme o<strong> <\/strong>Focus desta semana, o mercado prev\u00ea que o <strong>IPCA<\/strong>, principal indicador de infla\u00e7\u00e3o, termine 2024 em 3,79%, acima da proje\u00e7\u00e3o da semana passada (3,77%), mas ainda abaixo das \u00faltimas quatro semanas (3,82%).<\/p>\n\n\n\t<div data-element=\"shortcode-read-more\" class=\"knowMore\">\n\t\t\t\t<span class=\"knowMore__title\">Leia mais<\/span>\n\t\t\t\t<a class=\"knowMore__link\" href=\"https:\/\/www.suno.com.br\/noticias\/boletim-focus-selic-estavel-inflacao-dolar-cpf\/\">\n\t\t\tSelic est\u00e1vel e infla\u00e7\u00e3o, d\u00f3lar e PIB em alta: Focus atualiza expectativas para o ano\t\t<\/a>\n\t<\/div>\n\n\n\n\n<p>Para a reuni\u00e3o desta semana, a Warren Rena estima que o comit\u00ea reduza a Selic em 0,50 ponto percentual, para 10,75%, em linha com o sinalizado na reuni\u00e3o anterior e a vis\u00e3o consensual do mercado.<\/p>\n\n\n\n<p>\u201cN\u00e3o vemos raz\u00e3o para qualquer mudan\u00e7a significativa da <strong>comunica\u00e7\u00e3o do Copom<\/strong>. Desde a \u00faltima reuni\u00e3o, n\u00e3o houve altera\u00e7\u00f5es relevantes da din\u00e2mica inflacion\u00e1ria, das expectativas, das proje\u00e7\u00f5es de infla\u00e7\u00e3o, do hiato do produto e do balan\u00e7o de riscos que justifiquem uma sinaliza\u00e7\u00e3o divergente\u201d, aponta S\u00e9rgio Goldenstein, estrategista-chefe da casa.<\/p>\n\n\n\n<p>Para Goldenstein, a principal d\u00favida do mercado \u00e9 sobre o comunicado. Mais especificamente, sobre a manuten\u00e7\u00e3o ou n\u00e3o da frase que aponta que os membros do Comit\u00ea anteveem <strong>redu\u00e7\u00e3o da Selic<\/strong> mesma magnitude nas pr\u00f3ximas reuni\u00f5es.<\/p>\n\n\n\n<p>\u201cAcreditamos que esse assunto ser\u00e1 discutido na reuni\u00e3o, mas que a probabilidade levemente majorit\u00e1ria \u00e9 de que a frase seja mantida, indicando a sua exclus\u00e3o na reuni\u00e3o subsequente&#8221;, completa.<\/p>\n\n\n\n<p>Lucas Farina, analista econ\u00f4mico da Genial Investimentos, avalia que, no comunicado, deve constar a surpresa positiva em termos da arrecada\u00e7\u00e3o federal neste in\u00edcio de ano, aumentando as chances de cumprimento das metas estabelecidas no Novo Arcabou\u00e7o Fiscal.<\/p>\n\n\n\n<p>J\u00e1 entre os destaques negativos, Farina pontua que o BC deve ressaltar a piora da infla\u00e7\u00e3o na margem pela m\u00e9trica da m\u00e9dia m\u00f3vel trimestral (MM3M) dessazonalizada e anualizada, que saltou de 3,0% para 6,0% nos \u00faltimos meses.\u00a0<\/p>\n\n\n\n<p>\u201c\u00c9 verdade que parte dessa acelera\u00e7\u00e3o inflacion\u00e1ria se deve a um fator clim\u00e1tico transit\u00f3rio (El Ni\u00f1o), que tem impactado negativamente os pre\u00e7os dos alimentos. Mas, por outro lado, a maior parte desse movimento se deve ao aumento da infla\u00e7\u00e3o de servi\u00e7os, principalmente dos servi\u00e7os subjacentes, e que demanda uma <a href=\"https:\/\/www.suno.com.br\/artigos\/politica-monetaria\/\">pol\u00edtica monet\u00e1ria<\/a> contracionista para arrefecer\u201d, destaca.<\/p>\n\n\n\n<p>No saldo geral, segundo o analista, o balan\u00e7o de riscos deve sofrer alguma piora, \u00e0 medida que as for\u00e7as inflacion\u00e1rias est\u00e3o, no momento, superando as for\u00e7as deflacion\u00e1rias, resultando num vi\u00e9s altista para a infla\u00e7\u00e3o.<\/p>\n\n\n\n<p>\u201cPor fim, acreditamos que o Copom deveria deixar de fornecer o \u2018guidance\u2019 futuro que aponta para cortes de juros de 0,50 p.p. nas duas reuni\u00f5es subsequentes. O intuito disso n\u00e3o seria necessariamente o de diminuir a magnitude de corte de juros para 0,25 p.p., mas sim o de aumentar os graus de liberdade na condu\u00e7\u00e3o da pol\u00edtica monet\u00e1ria por parte do Banco Central, \u00e0 medida que a Selic se aproxima da sua taxa terminal\u201d, completa Farina.<\/p>\n\n\n\n<p>Para o Bank of America, o Copom tamb\u00e9m deve cortar a taxa Selic em 0,5 ponto percentual pela sexta vez, para 10,75%, por unanimidade. \u201cO comit\u00ea dever\u00e1 manter o plural, ao mesmo tempo em que destaca a resili\u00eancia da atividade e as preocupa\u00e7\u00f5es com a infla\u00e7\u00e3o para justificar a manuten\u00e7\u00e3o do ritmo. A pol\u00edtica monet\u00e1ria continua contracionista e muito longe dos 4,5% que o Banco Central entende como neutro\u201d, afirma.<\/p>\n\n\n\n<h2 class=\"wp-block-heading\">BC manter\u00e1 atual plano de voo da pol\u00edtica monet\u00e1ria, diz Gustavo Sung, da Suno<\/h2>\n\n\n\n<p>Gustavo Sung, economista-chefe da Suno Research,<strong> <\/strong>acredita em um corte de 50 pontos-base (0,50 p.p.) na<strong> <\/strong>taxa Selic, sem grandes surpresas. Em rela\u00e7\u00e3o \u00e0 reuni\u00e3o de janeiro, Sung acredita que o cen\u00e1rio econ\u00f4mico brasileiro n\u00e3o sofreu grandes altera\u00e7\u00f5es, o que permite ao BC manter o atual plano de voo da pol\u00edtica monet\u00e1ria.\u00a0<\/p>\n\n\n\n<p>Um outro ponto, segundo o economista, diz respeito \u00e0s expectativas de infla\u00e7\u00e3o, que seguem desancoradas. Essas expectativas acabam influenciando os reajustes de contratos e sal\u00e1rios, o que pode contaminar a infla\u00e7\u00e3o atual.<\/p>\n\n\n\n<p>\u201cPara uma ancoragem mais firme das expectativas, \u00e9 necess\u00e1rio reduzir o risco fiscal do pa\u00eds. A possibilidade de aumento dos gastos p\u00fablicos neste e no pr\u00f3ximo ano, juntamente com a redu\u00e7\u00e3o dos esfor\u00e7os para atingir a meta de gasto prim\u00e1rio, complicam esse movimento. Al\u00e9m disso, a resili\u00eancia da atividade econ\u00f4mica e do <a href=\"https:\/\/www.suno.com.br\/artigos\/mercado-de-trabalho\/\">mercado de trabalho<\/a> nos pr\u00f3ximos anos deve sustentar os pre\u00e7os em n\u00edveis mais elevados\u201d, explica.<\/p>\n\n\n\n<p>No geral, para Sung, o plano de voo sinalizado pelo Copom deve ser mantido, e a autoridade monet\u00e1ria poder\u00e1 seguir com esse ritmo de ciclo de cortes de juros pelo menos ao longo do primeiro semestre.<\/p>\n\n\n\n<p>\u201cPara 2024, a nossa proje\u00e7\u00e3o para a taxa de juros terminal continua em 9,50% a.a., com vi\u00e9s de baixa. Esse patamar dever\u00e1 ser suficiente para garantir que a infla\u00e7\u00e3o siga para a meta, n\u00e3o desancorar as expectativas e evitar uma sa\u00edda de capital do pa\u00eds\u201d, completa.<\/p>\n\n\n\t<p>\n\t\t<a href=\"https:\/\/lp.suno.com.br\/ebook-gratuito-investindo-no-exterior\/\" target=\"_blank\" data-element=\"shortcode-suno-banner\" title=\"Banner SUNO, clique e saiba mais\">\n\t\t\t<picture>\n\t\t\t\t<source media=\"(max-width: 500px)\" srcset=\"https:\/\/files.sunoresearch.com.br\/n\/uploads\/2023\/03\/400x300-Investindo-no-exterior.png\">\n\t\t\t\t<img class=\"newsContent__article__imgCapa newsContent__article__imgCapa--banner\"\n\t\t\t\t\tsrc=\"https:\/\/files.sunoresearch.com.br\/n\/uploads\/2023\/03\/1420x240-Investindo-no-exterior.png\"\n\t\t\t\t\tdata-promo-id=\"383161\"\t\t\t\t\t\t\t\t\t\twidth='1420' height='240'\t\t\t\t\talt=\"https:\/\/files.sunoresearch.com.br\/n\/uploads\/2023\/03\/1420x240-Investindo-no-exterior.png\"\n\t\t\t\t>\n\t\t\t<\/picture>\n\t\t<\/a>\n\t<\/p>\n\n\n\n\n\n<h2 class=\"wp-block-heading\">Confira as proje\u00e7\u00f5es de outras casas para a Selic<\/h2>\n\n\n\n<p>Para o economista-chefe da Brasilprev, Robson Pereira, para esta reuni\u00e3o, as aten\u00e7\u00f5es estar\u00e3o voltadas para a comunica\u00e7\u00e3o do Copom, sobretudo no que tange \u00e0 manuten\u00e7\u00e3o ou n\u00e3o do <a href=\"https:\/\/www.suno.com.br\/artigos\/forward-guidance\/\">forward guidance<\/a> para as pr\u00f3ximas reuni\u00f5es.<\/p>\n\n\n\n<p>\u201cAcreditamos que estamos pr\u00f3ximos do momento em que o Comit\u00ea optar\u00e1 por ter mais flexibilidade na condu\u00e7\u00e3o da pol\u00edtica monet\u00e1ria, abrindo m\u00e3o desse guidance para as pr\u00f3ximas duas reuni\u00f5es\u201d, diz. A casa tamb\u00e9m espera uma queda de 50 pontos-base para a Selic nesta semana.<\/p>\n\n\n\n<p>\u201cAo mesmo tempo, n\u00e3o descartamos que o comunicado e a ata mantenham esse guidance, mas apontando que houve uma discuss\u00e3o, j\u00e1 nesta reuni\u00e3o sobre mant\u00ea-lo ou n\u00e3o. At\u00e9 mesmo pela nova composi\u00e7\u00e3o do Comit\u00ea, desde janeiro, \u00e9 muito poss\u00edvel que o n\u00edvel de debate esteja maior\u201d, acrescenta Pereira.<\/p>\n\n\n\n<p>A casa trabalha com Selic de 9,0% ao final deste ano e de 8,0% para o encerramento de 2025. \u201cReconhecemos, contudo, que a manuten\u00e7\u00e3o do guidance nesta quarta abrir\u00e1 espa\u00e7o para revisarmos a nossa taxa para 8,75% no final deste ano\u201d, finaliza o economista.<\/p>\n\n\n\n<p>Para Ana Paula Carvalho, planejadora financeira e s\u00f3cia da <a href=\"https:\/\/mindassets.cloud.itau.com.br\/attachments\/7be24dca-9d3f-4652-9ab1-f202c1a352a4\/SBSP_COU_20240318_ERRATA.pdf\">AVG Capital<\/a>, a expectativa \u00e9 de que a Selic tamb\u00e9m chegue a 10,75% ap\u00f3s a \u00faltima reuni\u00e3o, o que j\u00e1 \u00e9 dado como certo pela maioria dos economistas.\u00a0<\/p>\n\n\n\n<p>Segundo ela, o mais importante vir\u00e1 do comunicado que ser\u00e1 feito ap\u00f3s a reuni\u00e3o, com pistas dos pr\u00f3ximos movimentos do Copom, principalmente por conta de alguns dados recentes de infla\u00e7\u00e3o que merecem uma avalia\u00e7\u00e3o mais aprofundada, em particular a infla\u00e7\u00e3o de servi\u00e7os.<\/p>\n\n\n\n<p>\u201cUm cen\u00e1rio externo mais adverso impacta a tomada de algumas decis\u00f5es do BC aqui, pois refletem diretamente no fluxo de d\u00f3lares para o pa\u00eds. E de fato, entre os meses de janeiro e fevereiro, o fluxo financeiro passou para patamar negativo, enquanto o fluxo comercial continuou a registrar entrada de d\u00f3lares, ainda que tenha desacelerado desde o in\u00edcio do segundo m\u00eas do ano\u201d, aponta.<\/p>\n\n\n\n<p>Carvalho acredita ainda que uma <a href=\"https:\/\/www.suno.com.br\/artigos\/balanca-comercial\/\">balan\u00e7a comercial<\/a> mais forte contrabalance essa deprecia\u00e7\u00e3o do real a despeito do fluxo do <a href=\"https:\/\/www.suno.com.br\/artigos\/investidor-estrangeiro\/\">investidor estrangeiro<\/a>, e que n\u00e3o deve impactar tanto a infla\u00e7\u00e3o.<\/p>\n\n\n\n<p>\u201cNa minha vis\u00e3o, os fatores externos influenciam, mas fatores dom\u00e9sticos que contribuam para redu\u00e7\u00e3o adicional do risco-pa\u00eds (como novas surpresas com a arrecada\u00e7\u00e3o, al\u00e9m de uma perspectiva de um d\u00e9ficit menor do que o esperado pelo mercado) poder\u00e3o conter uma deprecia\u00e7\u00e3o adicional do real e dar mais espa\u00e7o para <strong>cortes da taxa Selic<\/strong>\u201d, acrescenta.<\/p>\n\n\n\n<h2 class=\"wp-block-heading\">Grandes bancos brasileiros fazem proje\u00e7\u00f5es para a Selic; veja<\/h2>\n\n\n\n<p>Para o economista Caio Megale, da XP (XPBR31), a sinaliza\u00e7\u00e3o de cortes de 0,5 ponto percentual (p.p) deve continuar. \u201cConsiderando que a taxa Selic ainda est\u00e1 muito acima do n\u00edvel que consideramos neutro (em torno de 9,00%), acreditamos que o Copom manter\u00e1 o atual ritmo de corte de juros. Assim, o comit\u00ea n\u00e3o deve remover sua orienta\u00e7\u00e3o futura &#8211; \u201coutras redu\u00e7\u00f5es da mesma magnitude nas pr\u00f3ximas reuni\u00f5es\u201d &#8211; da comunica\u00e7\u00e3o oficial neste m\u00eas.<\/p>\n\n\n\n<p>A XP mant\u00e9m a proje\u00e7\u00e3o da taxa terminal a 9,00%. No cen\u00e1rio base, a casa prev\u00ea quatro cortes adicionais de 0,50 p.p e um ajuste final de 0,25 p.p, levando a taxa Selic para 9,00%. \u201cAcreditamos em continuidade do juro b\u00e1sico neste patamar at\u00e9, pelo menos, o final de 2025\u201d, acrescenta Megale.<\/p>\n\n\n\n<p>O Santander (SANB11)<strong> <\/strong>tamb\u00e9m projeta cortes de 50 pontos-base em cada uma das pr\u00f3ximas <a href=\"https:\/\/www.suno.com.br\/artigos\/copom\/\">reuni\u00f5es do Copom<\/a>, e espera que o guidance s\u00f3 seja removido no futuro.\u00a0\u00a0<\/p>\n\n\n\n<p>\u201cAcreditamos, no entanto, que \u00e0 medida que o ciclo avan\u00e7a, seria apropriado que o comit\u00ea introduzisse uma discuss\u00e3o sobre a remo\u00e7\u00e3o dessa orienta\u00e7\u00e3o em suas comunica\u00e7\u00f5es oficiais. Vemos isto como uma forma prefer\u00edvel de restringir a volatilidade potencial na curva de rendimentos local que poderia resultar da remo\u00e7\u00e3o da orienta\u00e7\u00e3o\u201d, refor\u00e7a a equipe de analistas do banco, liderada por Ana Paula Vescovi.<\/p>\n\n\n\n<h2 class=\"wp-block-heading\">Economistas da Anbima revisam proje\u00e7\u00e3o da Selic; confira<\/h2>\n\n\n\n<p>De acordo com o Grupo Consultivo Macroecon\u00f4mico da Anbima (Associa\u00e7\u00e3o Brasileira das Entidades dos Mercados Financeiro e de Capitais) a Selic deve encerrar o ano em 9%, ante uma proje\u00e7\u00e3o de 9,25% anteriormente. Para os economistas, esse patamar deve ser atingido em setembro e mantido at\u00e9 dezembro.<\/p>\n\n\n\n<p>&#8220;Reduzimos o ponto terminal dos juros, mas h\u00e1 uma preocupa\u00e7\u00e3o de parte do grupo em rela\u00e7\u00e3o \u00e0 manuten\u00e7\u00e3o do ritmo de queda da <strong>Selic<\/strong>, sobretudo diante das perspectivas para os juros externos e da din\u00e2mica dos pre\u00e7os de servi\u00e7os&#8221;, afirma Fernando Honorato, coordenador do Grupo Consultivo Macroecon\u00f4mico da Anbima.<\/p>\n\n\n\t<p>\n\t\t<a href=\"https:\/\/lp.suno.com.br\/planilha-da-vida-financeira\/\" target=\"_blank\" data-element=\"shortcode-suno-banner\" title=\"Banner SUNO, clique e saiba mais\">\n\t\t\t<picture>\n\t\t\t\t<source media=\"(max-width: 500px)\" srcset=\"https:\/\/files.sunoresearch.com.br\/n\/uploads\/2023\/04\/400x300-Planilha-vida-financeira-true.png\">\n\t\t\t\t<img class=\"newsContent__article__imgCapa newsContent__article__imgCapa--banner\"\n\t\t\t\t\tsrc=\"https:\/\/files.sunoresearch.com.br\/n\/uploads\/2023\/04\/1420x240-Planilha-vida-financeira-true.png\"\n\t\t\t\t\tdata-promo-id=\"383123\"\t\t\t\t\t\t\t\t\t\twidth='1420' height='240'\t\t\t\t\talt=\"https:\/\/files.sunoresearch.com.br\/n\/uploads\/2023\/04\/1420x240-Planilha-vida-financeira-true.png\"\n\t\t\t\t>\n\t\t\t<\/picture>\n\t\t<\/a>\n\t<\/p>\n\n\n","protected":false},"excerpt":{"rendered":"<p>O Comit\u00ea de Pol\u00edtica Monet\u00e1ria (Copom), do Banco Central (BC), come\u00e7ou hoje (19) as reuni\u00f5es que podem confirmar amanh\u00e3 (20) mais um corte de 0,5 ponto percentual na taxa de juros, a Selic. Atualmente, ela est\u00e1 em 11,25% ao ano.\u00a0 Selic. Foto: Pexels. Na \u00faltima reuni\u00e3o do Copom, o BC anunciou o quinto corte seguido [&hellip;]<\/p>\n","protected":false},"author":313,"featured_media":535317,"comment_status":"closed","ping_status":"closed","sticky":false,"template":"","format":"standard","meta":[],"categories":[62],"tags":[286,1842,1104,105816,850,1752,290],"suno_strategy":[],"class_list":["post-535288","post","type-post","status-publish","format-standard","has-post-thumbnail","hentry","category-economia","tag-acoes","tag-banco-central-bc","tag-copom","tag-especialistas","tag-inflacao","tag-taxa-de-juros","tag-taxa-selic"],"yoast_head":"<!-- This site is optimized with the Yoast SEO plugin v24.4 - https:\/\/yoast.com\/wordpress\/plugins\/seo\/ -->\n<title>Selic deve cair 0,50% nesta quarta; o que mais esperar do Copom?<\/title>\n<meta name=\"description\" content=\"O Copom pode confirmar mais um corte de 0,5 ponto percentual da Selic. Veja a expectativa de analistas para mais um poss\u00edvel corte da Selic.\" \/>\n<meta name=\"robots\" content=\"index, follow, max-snippet:-1, max-image-preview:large, max-video-preview:-1\" \/>\n<link rel=\"canonical\" href=\"https:\/\/www.suno.com.br\/noticias\/selic-previa-copom-taxa-juros-banco-central-gpj\/\" \/>\n<meta property=\"og:locale\" content=\"pt_BR\" \/>\n<meta property=\"og:type\" content=\"article\" \/>\n<meta property=\"og:title\" content=\"Selic deve cair 0,50% nesta quarta; o que mais esperar do Copom?\" \/>\n<meta property=\"og:description\" content=\"O Copom pode confirmar mais um corte de 0,5 ponto percentual da Selic. Veja a expectativa de analistas para mais um poss\u00edvel corte da Selic.\" \/>\n<meta property=\"og:url\" content=\"https:\/\/www.suno.com.br\/noticias\/selic-previa-copom-taxa-juros-banco-central-gpj\/\" \/>\n<meta property=\"og:site_name\" content=\"Suno Not\u00edcias\" \/>\n<meta property=\"article:publisher\" content=\"https:\/\/facebook.com\/sunoresearch\" \/>\n<meta property=\"og:image\" content=\"https:\/\/files.sunoresearch.com.br\/n\/uploads\/2024\/03\/pexels-burak-the-weekender-186461-1-scaled.jpg\" \/>\n\t<meta property=\"og:image:width\" content=\"2560\" \/>\n\t<meta property=\"og:image:height\" content=\"1707\" \/>\n\t<meta property=\"og:image:type\" content=\"image\/jpeg\" \/>\n<meta name=\"author\" content=\"Giovanni Porf\u00edrio Jacomino\" \/>\n<meta name=\"twitter:card\" content=\"summary_large_image\" \/>\n<meta name=\"twitter:creator\" content=\"@sunoresearch\" \/>\n<meta name=\"twitter:site\" content=\"@sunoresearch\" \/>\n<meta name=\"twitter:label1\" content=\"Escrito por\" \/>\n\t<meta name=\"twitter:data1\" content=\"Giovanni Porf\u00edrio Jacomino\" \/>\n\t<meta name=\"twitter:label2\" content=\"Est. tempo de leitura\" \/>\n\t<meta name=\"twitter:data2\" content=\"9 minutos\" \/>\n<script type=\"application\/ld+json\" class=\"yoast-schema-graph\">{\"@context\":\"https:\/\/schema.org\",\"@graph\":[{\"@type\":\"NewsArticle\",\"@id\":\"https:\/\/www.suno.com.br\/noticias\/selic-previa-copom-taxa-juros-banco-central-gpj\/#article\",\"isPartOf\":{\"@id\":\"https:\/\/www.suno.com.br\/noticias\/selic-previa-copom-taxa-juros-banco-central-gpj\/\"},\"author\":{\"name\":\"Giovanni Porf\u00edrio Jacomino\",\"@id\":\"https:\/\/www.suno.com.br\/noticias\/#\/schema\/person\/d0f32748bbca4bee871fa191ee4e2d40\"},\"headline\":\"Selic deve cair para 10,75% nesta quarta; o que mais esperar da decis\u00e3o do Copom?\",\"datePublished\":\"2024-03-19T17:41:54+00:00\",\"dateModified\":\"2024-03-19T17:42:07+00:00\",\"mainEntityOfPage\":{\"@id\":\"https:\/\/www.suno.com.br\/noticias\/selic-previa-copom-taxa-juros-banco-central-gpj\/\"},\"wordCount\":1779,\"publisher\":{\"@id\":\"https:\/\/www.suno.com.br\/noticias\/#organization\"},\"image\":{\"@id\":\"https:\/\/www.suno.com.br\/noticias\/selic-previa-copom-taxa-juros-banco-central-gpj\/#primaryimage\"},\"thumbnailUrl\":\"https:\/\/files.sunoresearch.com.br\/n\/uploads\/2024\/03\/pexels-burak-the-weekender-186461-1-scaled.jpg\",\"keywords\":[\"A\u00e7\u00f5es\",\"Banco Central (BC)\",\"Copom\",\"Especialistas\",\"infla\u00e7\u00e3o\",\"taxa de juros\",\"Taxa Selic\"],\"articleSection\":[\"Economia\"],\"inLanguage\":\"pt-BR\"},{\"@type\":\"WebPage\",\"@id\":\"https:\/\/www.suno.com.br\/noticias\/selic-previa-copom-taxa-juros-banco-central-gpj\/\",\"url\":\"https:\/\/www.suno.com.br\/noticias\/selic-previa-copom-taxa-juros-banco-central-gpj\/\",\"name\":\"Selic deve cair 0,50% nesta quarta; o que mais esperar do Copom?\",\"isPartOf\":{\"@id\":\"https:\/\/www.suno.com.br\/noticias\/#website\"},\"primaryImageOfPage\":{\"@id\":\"https:\/\/www.suno.com.br\/noticias\/selic-previa-copom-taxa-juros-banco-central-gpj\/#primaryimage\"},\"image\":{\"@id\":\"https:\/\/www.suno.com.br\/noticias\/selic-previa-copom-taxa-juros-banco-central-gpj\/#primaryimage\"},\"thumbnailUrl\":\"https:\/\/files.sunoresearch.com.br\/n\/uploads\/2024\/03\/pexels-burak-the-weekender-186461-1-scaled.jpg\",\"datePublished\":\"2024-03-19T17:41:54+00:00\",\"dateModified\":\"2024-03-19T17:42:07+00:00\",\"description\":\"O Copom pode confirmar mais um corte de 0,5 ponto percentual da Selic. Veja a expectativa de analistas para mais um poss\u00edvel corte da Selic.\",\"breadcrumb\":{\"@id\":\"https:\/\/www.suno.com.br\/noticias\/selic-previa-copom-taxa-juros-banco-central-gpj\/#breadcrumb\"},\"inLanguage\":\"pt-BR\",\"potentialAction\":[{\"@type\":\"ReadAction\",\"target\":[\"https:\/\/www.suno.com.br\/noticias\/selic-previa-copom-taxa-juros-banco-central-gpj\/\"]}]},{\"@type\":\"ImageObject\",\"inLanguage\":\"pt-BR\",\"@id\":\"https:\/\/www.suno.com.br\/noticias\/selic-previa-copom-taxa-juros-banco-central-gpj\/#primaryimage\",\"url\":\"https:\/\/files.sunoresearch.com.br\/n\/uploads\/2024\/03\/pexels-burak-the-weekender-186461-1-scaled.jpg\",\"contentUrl\":\"https:\/\/files.sunoresearch.com.br\/n\/uploads\/2024\/03\/pexels-burak-the-weekender-186461-1-scaled.jpg\",\"width\":2560,\"height\":1707,\"caption\":\"Selic. Foto: Pexels.\"},{\"@type\":\"BreadcrumbList\",\"@id\":\"https:\/\/www.suno.com.br\/noticias\/selic-previa-copom-taxa-juros-banco-central-gpj\/#breadcrumb\",\"itemListElement\":[{\"@type\":\"ListItem\",\"position\":1,\"name\":\"Not\u00edcias\",\"item\":\"https:\/\/www.suno.com.br\/noticias\/\"},{\"@type\":\"ListItem\",\"position\":2,\"name\":\"Economia\",\"item\":\"https:\/\/www.suno.com.br\/noticias\/economia\/\"},{\"@type\":\"ListItem\",\"position\":3,\"name\":\"Selic deve cair para 10,75% nesta quarta; o que mais esperar da decis\u00e3o do Copom?\"}]},{\"@type\":\"WebSite\",\"@id\":\"https:\/\/www.suno.com.br\/noticias\/#website\",\"url\":\"https:\/\/www.suno.com.br\/noticias\/\",\"name\":\"Suno Not\u00edcias\",\"description\":\"Seu portal de informa\u00e7\u00e3o sobre o mundo dos investimentos\",\"publisher\":{\"@id\":\"https:\/\/www.suno.com.br\/noticias\/#organization\"},\"potentialAction\":[{\"@type\":\"SearchAction\",\"target\":{\"@type\":\"EntryPoint\",\"urlTemplate\":\"https:\/\/www.suno.com.br\/noticias\/?s={search_term_string}\"},\"query-input\":{\"@type\":\"PropertyValueSpecification\",\"valueRequired\":true,\"valueName\":\"search_term_string\"}}],\"inLanguage\":\"pt-BR\"},{\"@type\":\"Organization\",\"@id\":\"https:\/\/www.suno.com.br\/noticias\/#organization\",\"name\":\"Suno Not\u00edcias\",\"url\":\"https:\/\/www.suno.com.br\/noticias\/\",\"logo\":{\"@type\":\"ImageObject\",\"inLanguage\":\"pt-BR\",\"@id\":\"https:\/\/www.suno.com.br\/noticias\/#\/schema\/logo\/image\/\",\"url\":\"https:\/\/files.sunoresearch.com.br\/n\/uploads\/2021\/09\/suno-logo.png\",\"contentUrl\":\"https:\/\/files.sunoresearch.com.br\/n\/uploads\/2021\/09\/suno-logo.png\",\"width\":180,\"height\":180,\"caption\":\"Suno Not\u00edcias\"},\"image\":{\"@id\":\"https:\/\/www.suno.com.br\/noticias\/#\/schema\/logo\/image\/\"},\"sameAs\":[\"https:\/\/facebook.com\/sunoresearch\",\"https:\/\/x.com\/sunoresearch\",\"https:\/\/www.instagram.com\/suno\",\"https:\/\/www.linkedin.com\/company\/suno-research\/\",\"https:\/\/www.youtube.com\/c\/sunoresearch\"]},{\"@type\":\"Person\",\"@id\":\"https:\/\/www.suno.com.br\/noticias\/#\/schema\/person\/d0f32748bbca4bee871fa191ee4e2d40\",\"name\":\"Giovanni Porf\u00edrio Jacomino\",\"image\":{\"@type\":\"ImageObject\",\"inLanguage\":\"pt-BR\",\"@id\":\"https:\/\/www.suno.com.br\/noticias\/#\/schema\/person\/image\/\",\"url\":\"https:\/\/secure.gravatar.com\/avatar\/efb32e19b730a121cb7a80f41ffec01a?s=96&r=g\",\"contentUrl\":\"https:\/\/secure.gravatar.com\/avatar\/efb32e19b730a121cb7a80f41ffec01a?s=96&r=g\",\"caption\":\"Giovanni Porf\u00edrio Jacomino\"},\"description\":\"Giovanni Porf\u00edrio Jacomino \u00e9 jornalista formado pela Universidade Estadual de Londrina (UEL) e p\u00f3s-graduado em Produ\u00e7\u00e3o e Pr\u00e1ticas Jornal\u00edsticas na Contemporaneidade na Faculdade C\u00e1sper L\u00edbero (FCL). Foi editor web no Startupi e no Finsiders, atuando ainda como editor no TC Mover, portal de not\u00edcias da TradersClub, fazendo a cobertura de assuntos relacionados ao mercado financeiro interno e externo. Atualmente, \u00e9 Rep\u00f3rter do Suno Not\u00edcias.\",\"url\":\"https:\/\/www.suno.com.br\/noticias\/author\/giovanni-porfiriosuno-com-br\/\"}]}<\/script>\n<!-- \/ Yoast SEO plugin. -->","yoast_head_json":{"title":"Selic deve cair 0,50% nesta quarta; o que mais esperar do Copom?","description":"O Copom pode confirmar mais um corte de 0,5 ponto percentual da Selic. Veja a expectativa de analistas para mais um poss\u00edvel corte da Selic.","robots":{"index":"index","follow":"follow","max-snippet":"max-snippet:-1","max-image-preview":"max-image-preview:large","max-video-preview":"max-video-preview:-1"},"canonical":"https:\/\/www.suno.com.br\/noticias\/selic-previa-copom-taxa-juros-banco-central-gpj\/","og_locale":"pt_BR","og_type":"article","og_title":"Selic deve cair 0,50% nesta quarta; o que mais esperar do Copom?","og_description":"O Copom pode confirmar mais um corte de 0,5 ponto percentual da Selic. Veja a expectativa de analistas para mais um poss\u00edvel corte da Selic.","og_url":"https:\/\/www.suno.com.br\/noticias\/selic-previa-copom-taxa-juros-banco-central-gpj\/","og_site_name":"Suno Not\u00edcias","article_publisher":"https:\/\/facebook.com\/sunoresearch","og_image":[{"width":2560,"height":1707,"url":"https:\/\/files.sunoresearch.com.br\/n\/uploads\/2024\/03\/pexels-burak-the-weekender-186461-1-scaled.jpg","type":"image\/jpeg"}],"author":"Giovanni Porf\u00edrio Jacomino","twitter_card":"summary_large_image","twitter_creator":"@sunoresearch","twitter_site":"@sunoresearch","twitter_misc":{"Escrito por":"Giovanni Porf\u00edrio Jacomino","Est. tempo de leitura":"9 minutos"},"schema":{"@context":"https:\/\/schema.org","@graph":[{"@type":"NewsArticle","@id":"https:\/\/www.suno.com.br\/noticias\/selic-previa-copom-taxa-juros-banco-central-gpj\/#article","isPartOf":{"@id":"https:\/\/www.suno.com.br\/noticias\/selic-previa-copom-taxa-juros-banco-central-gpj\/"},"author":{"name":"Giovanni Porf\u00edrio Jacomino","@id":"https:\/\/www.suno.com.br\/noticias\/#\/schema\/person\/d0f32748bbca4bee871fa191ee4e2d40"},"headline":"Selic deve cair para 10,75% nesta quarta; o que mais esperar da decis\u00e3o do Copom?","datePublished":"2024-03-19T17:41:54+00:00","dateModified":"2024-03-19T17:42:07+00:00","mainEntityOfPage":{"@id":"https:\/\/www.suno.com.br\/noticias\/selic-previa-copom-taxa-juros-banco-central-gpj\/"},"wordCount":1779,"publisher":{"@id":"https:\/\/www.suno.com.br\/noticias\/#organization"},"image":{"@id":"https:\/\/www.suno.com.br\/noticias\/selic-previa-copom-taxa-juros-banco-central-gpj\/#primaryimage"},"thumbnailUrl":"https:\/\/files.sunoresearch.com.br\/n\/uploads\/2024\/03\/pexels-burak-the-weekender-186461-1-scaled.jpg","keywords":["A\u00e7\u00f5es","Banco Central (BC)","Copom","Especialistas","infla\u00e7\u00e3o","taxa de juros","Taxa Selic"],"articleSection":["Economia"],"inLanguage":"pt-BR"},{"@type":"WebPage","@id":"https:\/\/www.suno.com.br\/noticias\/selic-previa-copom-taxa-juros-banco-central-gpj\/","url":"https:\/\/www.suno.com.br\/noticias\/selic-previa-copom-taxa-juros-banco-central-gpj\/","name":"Selic deve cair 0,50% nesta quarta; o que mais esperar do Copom?","isPartOf":{"@id":"https:\/\/www.suno.com.br\/noticias\/#website"},"primaryImageOfPage":{"@id":"https:\/\/www.suno.com.br\/noticias\/selic-previa-copom-taxa-juros-banco-central-gpj\/#primaryimage"},"image":{"@id":"https:\/\/www.suno.com.br\/noticias\/selic-previa-copom-taxa-juros-banco-central-gpj\/#primaryimage"},"thumbnailUrl":"https:\/\/files.sunoresearch.com.br\/n\/uploads\/2024\/03\/pexels-burak-the-weekender-186461-1-scaled.jpg","datePublished":"2024-03-19T17:41:54+00:00","dateModified":"2024-03-19T17:42:07+00:00","description":"O Copom pode confirmar mais um corte de 0,5 ponto percentual da Selic. Veja a expectativa de analistas para mais um poss\u00edvel corte da Selic.","breadcrumb":{"@id":"https:\/\/www.suno.com.br\/noticias\/selic-previa-copom-taxa-juros-banco-central-gpj\/#breadcrumb"},"inLanguage":"pt-BR","potentialAction":[{"@type":"ReadAction","target":["https:\/\/www.suno.com.br\/noticias\/selic-previa-copom-taxa-juros-banco-central-gpj\/"]}]},{"@type":"ImageObject","inLanguage":"pt-BR","@id":"https:\/\/www.suno.com.br\/noticias\/selic-previa-copom-taxa-juros-banco-central-gpj\/#primaryimage","url":"https:\/\/files.sunoresearch.com.br\/n\/uploads\/2024\/03\/pexels-burak-the-weekender-186461-1-scaled.jpg","contentUrl":"https:\/\/files.sunoresearch.com.br\/n\/uploads\/2024\/03\/pexels-burak-the-weekender-186461-1-scaled.jpg","width":2560,"height":1707,"caption":"Selic. Foto: Pexels."},{"@type":"BreadcrumbList","@id":"https:\/\/www.suno.com.br\/noticias\/selic-previa-copom-taxa-juros-banco-central-gpj\/#breadcrumb","itemListElement":[{"@type":"ListItem","position":1,"name":"Not\u00edcias","item":"https:\/\/www.suno.com.br\/noticias\/"},{"@type":"ListItem","position":2,"name":"Economia","item":"https:\/\/www.suno.com.br\/noticias\/economia\/"},{"@type":"ListItem","position":3,"name":"Selic deve cair para 10,75% nesta quarta; o que mais esperar da decis\u00e3o do Copom?"}]},{"@type":"WebSite","@id":"https:\/\/www.suno.com.br\/noticias\/#website","url":"https:\/\/www.suno.com.br\/noticias\/","name":"Suno Not\u00edcias","description":"Seu portal de informa\u00e7\u00e3o sobre o mundo dos investimentos","publisher":{"@id":"https:\/\/www.suno.com.br\/noticias\/#organization"},"potentialAction":[{"@type":"SearchAction","target":{"@type":"EntryPoint","urlTemplate":"https:\/\/www.suno.com.br\/noticias\/?s={search_term_string}"},"query-input":{"@type":"PropertyValueSpecification","valueRequired":true,"valueName":"search_term_string"}}],"inLanguage":"pt-BR"},{"@type":"Organization","@id":"https:\/\/www.suno.com.br\/noticias\/#organization","name":"Suno Not\u00edcias","url":"https:\/\/www.suno.com.br\/noticias\/","logo":{"@type":"ImageObject","inLanguage":"pt-BR","@id":"https:\/\/www.suno.com.br\/noticias\/#\/schema\/logo\/image\/","url":"https:\/\/files.sunoresearch.com.br\/n\/uploads\/2021\/09\/suno-logo.png","contentUrl":"https:\/\/files.sunoresearch.com.br\/n\/uploads\/2021\/09\/suno-logo.png","width":180,"height":180,"caption":"Suno Not\u00edcias"},"image":{"@id":"https:\/\/www.suno.com.br\/noticias\/#\/schema\/logo\/image\/"},"sameAs":["https:\/\/facebook.com\/sunoresearch","https:\/\/x.com\/sunoresearch","https:\/\/www.instagram.com\/suno","https:\/\/www.linkedin.com\/company\/suno-research\/","https:\/\/www.youtube.com\/c\/sunoresearch"]},{"@type":"Person","@id":"https:\/\/www.suno.com.br\/noticias\/#\/schema\/person\/d0f32748bbca4bee871fa191ee4e2d40","name":"Giovanni Porf\u00edrio Jacomino","image":{"@type":"ImageObject","inLanguage":"pt-BR","@id":"https:\/\/www.suno.com.br\/noticias\/#\/schema\/person\/image\/","url":"https:\/\/secure.gravatar.com\/avatar\/efb32e19b730a121cb7a80f41ffec01a?s=96&r=g","contentUrl":"https:\/\/secure.gravatar.com\/avatar\/efb32e19b730a121cb7a80f41ffec01a?s=96&r=g","caption":"Giovanni Porf\u00edrio Jacomino"},"description":"Giovanni Porf\u00edrio Jacomino \u00e9 jornalista formado pela Universidade Estadual de Londrina (UEL) e p\u00f3s-graduado em Produ\u00e7\u00e3o e Pr\u00e1ticas Jornal\u00edsticas na Contemporaneidade na Faculdade C\u00e1sper L\u00edbero (FCL). Foi editor web no Startupi e no Finsiders, atuando ainda como editor no TC Mover, portal de not\u00edcias da TradersClub, fazendo a cobertura de assuntos relacionados ao mercado financeiro interno e externo. Atualmente, \u00e9 Rep\u00f3rter do Suno Not\u00edcias.","url":"https:\/\/www.suno.com.br\/noticias\/author\/giovanni-porfiriosuno-com-br\/"}]}},"default_loop_html":"<div class=\"cardsPage__listCard__boxs\"><div class=\"cardsPage__listCard__boxs__img\"><a href=\"https:\/\/www.suno.com.br\/noticias\/selic-previa-copom-taxa-juros-banco-central-gpj\/\"><img class=\"mask\" src=\"https:\/\/www.suno.com.br\/noticias\/wp-content\/themes\/suno\/resources\/images\/spotlight\/spotlight1img\/bg-mask.png\" alt=\"Image Mask\"\/><img src=\"https:\/\/files.sunoresearch.com.br\/n\/uploads\/2024\/03\/pexels-burak-the-weekender-186461-1-400x200.jpg\" alt=\"Selic deve cair para 10,75% nesta quarta; o que mais esperar da decis\u00e3o do Copom?\"\/><\/a><span class=\"spotlightCategory\"><a href=\"https:\/\/www.suno.com.br\/noticias\/economia\/\">Economia<\/a><\/span><\/div><div class=\"cardsPage__listCard__boxs__content\"><a href=\"https:\/\/www.suno.com.br\/noticias\/selic-previa-copom-taxa-juros-banco-central-gpj\/\"><h2 class=\"content__title\">Selic deve cair para 10,75% nesta quarta; o que mais esperar da decis\u00e3o do Copom?<\/h2><\/a><div class=\"newsContent__article__meta\"><div class=\"newsContent__article__meta__authorBox\"><a href=\"https:\/\/www.suno.com.br\/noticias\/author\/giovanni-porfiriosuno-com-br\/\" class=\"authorBox__avatar noMobi\"><img src=\"https:\/\/files.sunoresearch.com.br\/n\/uploads\/2024\/05\/DSCF4115-1-1-150x150.webp\" alt=\"Giovanni Porf\u00edrio Jacomino\"><\/a><div class=\"authorBox__name\"><span>por\n\t\t\t<a href=\"https:\/\/www.suno.com.br\/noticias\/author\/giovanni-porfiriosuno-com-br\/\"><span itemprop=\"author\">Giovanni Porf\u00edrio Jacomino<\/span><\/a><\/span><time datetime=\"2024-03-19T14:41:54-03:00\" itemprop=\"datePublished\">19\/03\/2024 14:41<\/time><\/div><\/div><\/div><\/div><\/div>","single_layout":"posts","amp_enabled":true,"_links":{"self":[{"href":"https:\/\/www.suno.com.br\/noticias\/wp-json\/wp\/v2\/posts\/535288"}],"collection":[{"href":"https:\/\/www.suno.com.br\/noticias\/wp-json\/wp\/v2\/posts"}],"about":[{"href":"https:\/\/www.suno.com.br\/noticias\/wp-json\/wp\/v2\/types\/post"}],"author":[{"embeddable":true,"href":"https:\/\/www.suno.com.br\/noticias\/wp-json\/wp\/v2\/users\/313"}],"replies":[{"embeddable":true,"href":"https:\/\/www.suno.com.br\/noticias\/wp-json\/wp\/v2\/comments?post=535288"}],"version-history":[{"count":2,"href":"https:\/\/www.suno.com.br\/noticias\/wp-json\/wp\/v2\/posts\/535288\/revisions"}],"predecessor-version":[{"id":535353,"href":"https:\/\/www.suno.com.br\/noticias\/wp-json\/wp\/v2\/posts\/535288\/revisions\/535353"}],"wp:featuredmedia":[{"embeddable":true,"href":"https:\/\/www.suno.com.br\/noticias\/wp-json\/wp\/v2\/media\/535317"}],"wp:attachment":[{"href":"https:\/\/www.suno.com.br\/noticias\/wp-json\/wp\/v2\/media?parent=535288"}],"wp:term":[{"taxonomy":"category","embeddable":true,"href":"https:\/\/www.suno.com.br\/noticias\/wp-json\/wp\/v2\/categories?post=535288"},{"taxonomy":"post_tag","embeddable":true,"href":"https:\/\/www.suno.com.br\/noticias\/wp-json\/wp\/v2\/tags?post=535288"},{"taxonomy":"suno_strategy","embeddable":true,"href":"https:\/\/www.suno.com.br\/noticias\/wp-json\/wp\/v2\/suno_strategy?post=535288"}],"curies":[{"name":"wp","href":"https:\/\/api.w.org\/{rel}","templated":true}]}}