{"id":53523,"date":"2020-02-18T19:00:30","date_gmt":"2020-02-18T22:00:30","guid":{"rendered":"https:\/\/www.suno.com.br\/noticias\/?p=53523"},"modified":"2020-02-18T19:00:30","modified_gmt":"2020-02-18T22:00:30","slug":"compulsorio-elevado-diz-presidente-banco-central","status":"publish","type":"post","link":"https:\/\/www.suno.com.br\/noticias\/compulsorio-elevado-diz-presidente-banco-central\/","title":{"rendered":"Compuls\u00f3rio est\u00e1 muito elevado, diz presidente do Banco Central"},"content":{"rendered":"<p>O presidente do <strong><a href=\"https:\/\/www.suno.com.br\/artigos\/bacen\/\">Banco Central (BC)<\/a><\/strong>, <a href=\"https:\/\/www.suno.com.br\/noticias\/roberto-campos-neto-presidente-bc\/\">Roberto Campos Neto<\/a>, declarou nesta ter\u00e7a-feira (18) que o n\u00edvel dos <a href=\"https:\/\/www.suno.com.br\/artigos\/deposito-compulsorio\/\">compuls\u00f3rios banc\u00e1rios<\/a> \u00e9 elevado. Por isso, existiria um projeto da institui\u00e7\u00e3o monet\u00e1ria central para diminu\u00ed-lo.<\/p>\t<div class=\"wrapper-featured-image\">\n\t\t<figure class=\"spotlightImg\">\n\n\t\t\t<picture>\n\t\t\t\t<source media=\"(max-width: 768px)\" srcset=\"https:\/\/files.sunoresearch.com.br\/n\/uploads\/2019\/02\/c4ea6e99-roberto-campos-neto-2-400x200.webp\">\n\t\t\t\t<img loading=\"lazy\" decoding=\"async\" class=\"newsContent__article__imgCapa lazyloadDisabled newsContent__article__imgCapa--noCaption\" src=\"https:\/\/files.sunoresearch.com.br\/n\/uploads\/2019\/02\/c4ea6e99-roberto-campos-neto-2-800x450.webp\" width=\"800\" height=\"450\" alt=\"Compuls\u00f3rio est\u00e1 muito elevado, diz presidente do Banco Central\" fetchpriority=high \/>\n\t\t\t<\/picture>\n\n\t\t\t<figcaption class=\"wp-caption-text wp-caption-text--hide\">Compuls\u00f3rio est\u00e1 muito elevado, diz presidente do Banco Central<\/figcaption>\n\t\t<\/figure>\n\t<\/div>\n\n\n\n<p>Segundo o presidente do Banco Central, desde o come\u00e7o de seu mandato a institui\u00e7\u00e3o monet\u00e1ria central j\u00e1 liberou cerca de R$ 20 bilh\u00f5es em compuls\u00f3rios.<\/p>\n<p>Campos Neto salientou como o dinheiro n\u00e3o foi necessariamente utilizado pelos bancos de varejo para ampliar as opera\u00e7\u00f5es de cr\u00e9dito. \u201cMais recentemente, vimos que o dinheiro do compuls\u00f3rio est\u00e1 indo para o cr\u00e9dito, mais especificamente, para o imobili\u00e1rio\u201d, explicou o presidente do Banco Central, indicando como os recursos ficaram empossados.<\/p>\n<p>O economista falou durante uma reuni\u00e3o com parlamentares da bancada do Democratas (DEM) na C\u00e2mara dos Deputados. Durante o evento foram discutidas uma s\u00e9rie de quest\u00f5es, como a autonomia do BC. Esse projeto est\u00e1 tramitando na Casa h\u00e1 meses.<\/p>\n<h2><strong>Banco Central estuda mudan\u00e7a na legisla\u00e7\u00e3o das hipotecas<\/strong><\/h2>\n<p>O Banco Central est\u00e1 preparando um projeto de altera\u00e7\u00e3o na legisla\u00e7\u00e3o para o uso do mesmo <strong>im\u00f3vel<\/strong> como garantia em mais de um financiamento. Essa modalidade de cr\u00e9dito \u00e9 comum em v\u00e1rios pa\u00edses, mas no Brasil o im\u00f3vel pago s\u00f3 pode ser garantia em um financiamento.<\/p>\n<p>Segundo o BC, o financiamento teria uma taxa de juros mais baixa do que o <a href=\"https:\/\/www.suno.com.br\/artigos\/emprestimo-consignado\/\">empr\u00e9stimo consignado<\/a>, o qual \u00e9 atrelado ao sal\u00e1rio do trabalhador, e o im\u00f3vel poderia ser utilizado por institui\u00e7\u00f5es financeiras diferentes com prazos para pagamento diferentes.<\/p>\n<p>Segundo o diretor de regula\u00e7\u00e3o da institui\u00e7\u00e3o monet\u00e1ria central, Ot\u00e1vio Damasso, em entrevista ao jornal &#8220;O Estado de S.Paulo&#8221;, o avan\u00e7o dessa modalidade de cr\u00e9dito faz parte da agenda do BC que quer estimular o cr\u00e9dito imobili\u00e1rio, uma vez que a <a href=\"https:\/\/www.suno.com.br\/artigos\/taxa-selic\/\">taxa b\u00e1sica de juros (<strong>Selic<\/strong>)<\/a> da economia est\u00e1 no seu menor patamar da hist\u00f3ria.<\/p>\n<p><a href=\"https:\/\/www.suno.com.br\/noticias\/boletim-focus-diminui-pib-2020-170220\/\">Confira: Boletim Focus diminui previs\u00e3o para o crescimento do PIB de 2020<\/a><\/p>\n<p>&#8220;O cen\u00e1rio macroecon\u00f4mico n\u00e3o poderia ser mais prop\u00edcio para isso\u201d, disse Damasso. Com tal proposta, uma estimativa conservadora do BC espera que o valor bruto de R$ 500 bilh\u00f5es pode ser injetado no mercado de cr\u00e9dito no decorrer dos pr\u00f3ximos anos. \u201c\u00c9 um uso eficiente de garantia que o brasileiro aciona pouco\u201d, afirmou o executivo.<\/p>\n<p>Damasso salienta que o financiamento se torna mais barato pela garantia ser real. \u201cEle se equipara, em muitos casos, ao financiamento imobili\u00e1rio\u201d, disse o diretor.<\/p>\n<h2>O im\u00f3vel como ferramenta de financiamento<\/h2>\n<p>A modalidade de cr\u00e9dito que utiliza o im\u00f3vel como garantia para financiamento \u00e9 chamada de &#8220;<a href=\"https:\/\/www.suno.com.br\/artigos\/home-equity\/\">home equity<\/a>&#8220;. Essa categoria \u00e9 considerada de dif\u00edcil acesso e o estoque de concess\u00e3o n\u00e3o passa de R$ 10 bilh\u00f5es.<\/p>\n\t<p>\n\t\t<a href=\"https:\/\/lp.suno.com.br\/ao\/cadastro-whatsapp\/\" target=\"_blank\" data-element=\"shortcode-suno-banner\" title=\"Banner SUNO, clique e saiba mais\">\n\t\t\t<picture>\n\t\t\t\t<source media=\"(max-width: 500px)\" srcset=\"https:\/\/files.sunoresearch.com.br\/n\/uploads\/2024\/03\/400x300-whatsapp-Suno.png\">\n\t\t\t\t<img class=\"newsContent__article__imgCapa newsContent__article__imgCapa--banner\"\n\t\t\t\t\tsrc=\"https:\/\/files.sunoresearch.com.br\/n\/uploads\/2024\/03\/1420x240-whatsapp-Suno.png\"\n\t\t\t\t\tdata-promo-id=\"101743\"\t\t\t\t\t\t\t\t\t\twidth='1420' height='240'\t\t\t\t\talt=\"https:\/\/files.sunoresearch.com.br\/n\/uploads\/2024\/03\/1420x240-whatsapp-Suno.png\"\n\t\t\t\t>\n\t\t\t<\/picture>\n\t\t<\/a>\n\t<\/p>\n\n\n<p>Para viabilizar a amplia\u00e7\u00e3o dessa modalidade no Brasil, o BC ter\u00e1 que realizar uma mudan\u00e7a na aliena\u00e7\u00e3o fiduci\u00e1ria com garantia.<\/p>\n<p>Para o diretor, o desafio para a autoridade monet\u00e1ria \u00e9 fazer com que essa garantia possa servir para v\u00e1rias institui\u00e7\u00f5es financeiras. \u00c9 como se a garantia do im\u00f3vel fosse fatiada. Em vez de uma \u00fanica d\u00edvida, ser\u00e3o v\u00e1rias delas, atreladas a uma mesma garantia.<\/p>\n<p><a href=\"https:\/\/www.suno.com.br\/noticias\/construtoras-podem-economizar-com-alteracao-em-norma\/\">Saiba mais: Construtoras podem economizar at\u00e9 R$ 700 mi com altera\u00e7\u00e3o em norma<\/a><\/p>\n<p>\u201cEstamos construindo o arcabou\u00e7o jur\u00eddico para que se possa fazer essa primeira, segunda e terceira aliena\u00e7\u00e3o com institui\u00e7\u00f5es diferentes\u201d, disse Damasso.<\/p>\n<p>No fim de 2019, o BC j\u00e1 concluiu altera\u00e7\u00f5es na legisla\u00e7\u00e3o do home equity para facilitar a avalia\u00e7\u00e3o dos im\u00f3veis dados como garantia, sem a necessidade de vistoria de um perito. Atualmente, o objetivo se torna a altera\u00e7\u00e3o na lei para que o mesmo <strong>im\u00f3vel<\/strong> possa ser utilizado.<\/p>\n\n","protected":false},"excerpt":{"rendered":"<p>O presidente do Banco Central (BC), Roberto Campos Neto, declarou nesta ter\u00e7a-feira (18) que o n\u00edvel dos compuls\u00f3rios banc\u00e1rios \u00e9 elevado. Por isso, existiria um projeto da institui\u00e7\u00e3o monet\u00e1ria central para diminu\u00ed-lo. Compuls\u00f3rio est\u00e1 muito elevado, diz presidente do Banco Central Segundo o presidente do Banco Central, desde o come\u00e7o de seu mandato a institui\u00e7\u00e3o [&hellip;]<\/p>\n","protected":false},"author":9,"featured_media":19354,"comment_status":"closed","ping_status":"closed","sticky":false,"template":"","format":"standard","meta":[],"categories":[62],"tags":[1842,1113],"suno_strategy":[],"class_list":["post-53523","post","type-post","status-publish","format-standard","has-post-thumbnail","hentry","category-economia","tag-banco-central-bc","tag-roberto-campos-neto"],"yoast_head":"<!-- This site is optimized with the Yoast SEO plugin v24.4 - https:\/\/yoast.com\/wordpress\/plugins\/seo\/ -->\n<title>Compuls\u00f3rio est\u00e1 muito elevado, diz presidente do Banco Central<\/title>\n<meta name=\"description\" content=\"O presidente do Banco Central, Roberto Campos Neto, declarou que o n\u00edvel dos compuls\u00f3rios banc\u00e1rios \u00e9 elevado. Clique aqui para saber mais.\" \/>\n<meta name=\"robots\" content=\"index, follow, max-snippet:-1, max-image-preview:large, max-video-preview:-1\" \/>\n<link rel=\"canonical\" href=\"https:\/\/www.suno.com.br\/noticias\/compulsorio-elevado-diz-presidente-banco-central\/\" \/>\n<meta property=\"og:locale\" content=\"pt_BR\" \/>\n<meta property=\"og:type\" content=\"article\" \/>\n<meta property=\"og:title\" content=\"Compuls\u00f3rio est\u00e1 muito elevado, diz presidente do Banco Central\" \/>\n<meta property=\"og:description\" content=\"O presidente do Banco Central, Roberto Campos Neto, declarou que o n\u00edvel dos compuls\u00f3rios banc\u00e1rios \u00e9 elevado. Clique aqui para saber mais.\" \/>\n<meta property=\"og:url\" content=\"https:\/\/www.suno.com.br\/noticias\/compulsorio-elevado-diz-presidente-banco-central\/\" \/>\n<meta property=\"og:site_name\" content=\"Suno Not\u00edcias\" \/>\n<meta property=\"article:publisher\" content=\"https:\/\/facebook.com\/sunoresearch\" \/>\n<meta property=\"og:image\" content=\"https:\/\/files.sunoresearch.com.br\/n\/uploads\/2019\/02\/c4ea6e99-roberto-campos-neto-2.jpg\" \/>\n\t<meta property=\"og:image:width\" content=\"1140\" \/>\n\t<meta property=\"og:image:height\" content=\"760\" \/>\n\t<meta property=\"og:image:type\" content=\"image\/jpeg\" \/>\n<meta name=\"author\" content=\"Carlo Cauti\" \/>\n<meta name=\"twitter:card\" content=\"summary_large_image\" \/>\n<meta name=\"twitter:creator\" content=\"@sunoresearch\" \/>\n<meta name=\"twitter:site\" content=\"@sunoresearch\" \/>\n<meta name=\"twitter:label1\" content=\"Escrito por\" \/>\n\t<meta name=\"twitter:data1\" content=\"Carlo Cauti\" \/>\n\t<meta name=\"twitter:label2\" content=\"Est. tempo de leitura\" \/>\n\t<meta name=\"twitter:data2\" content=\"3 minutos\" \/>\n<script type=\"application\/ld+json\" class=\"yoast-schema-graph\">{\"@context\":\"https:\/\/schema.org\",\"@graph\":[{\"@type\":\"NewsArticle\",\"@id\":\"https:\/\/www.suno.com.br\/noticias\/compulsorio-elevado-diz-presidente-banco-central\/#article\",\"isPartOf\":{\"@id\":\"https:\/\/www.suno.com.br\/noticias\/compulsorio-elevado-diz-presidente-banco-central\/\"},\"author\":{\"name\":\"Carlo Cauti\",\"@id\":\"https:\/\/www.suno.com.br\/noticias\/#\/schema\/person\/e6e0f723cc177805027f4566c1d5e0c8\"},\"headline\":\"Compuls\u00f3rio est\u00e1 muito elevado, diz presidente do Banco Central\",\"datePublished\":\"2020-02-18T22:00:30+00:00\",\"mainEntityOfPage\":{\"@id\":\"https:\/\/www.suno.com.br\/noticias\/compulsorio-elevado-diz-presidente-banco-central\/\"},\"wordCount\":664,\"publisher\":{\"@id\":\"https:\/\/www.suno.com.br\/noticias\/#organization\"},\"image\":{\"@id\":\"https:\/\/www.suno.com.br\/noticias\/compulsorio-elevado-diz-presidente-banco-central\/#primaryimage\"},\"thumbnailUrl\":\"https:\/\/files.sunoresearch.com.br\/n\/uploads\/2019\/02\/c4ea6e99-roberto-campos-neto-2-jpg.webp\",\"keywords\":[\"Banco Central (BC)\",\"Roberto Campos Neto\"],\"articleSection\":[\"Economia\"],\"inLanguage\":\"pt-BR\"},{\"@type\":\"WebPage\",\"@id\":\"https:\/\/www.suno.com.br\/noticias\/compulsorio-elevado-diz-presidente-banco-central\/\",\"url\":\"https:\/\/www.suno.com.br\/noticias\/compulsorio-elevado-diz-presidente-banco-central\/\",\"name\":\"Compuls\u00f3rio est\u00e1 muito elevado, diz presidente do Banco Central\",\"isPartOf\":{\"@id\":\"https:\/\/www.suno.com.br\/noticias\/#website\"},\"primaryImageOfPage\":{\"@id\":\"https:\/\/www.suno.com.br\/noticias\/compulsorio-elevado-diz-presidente-banco-central\/#primaryimage\"},\"image\":{\"@id\":\"https:\/\/www.suno.com.br\/noticias\/compulsorio-elevado-diz-presidente-banco-central\/#primaryimage\"},\"thumbnailUrl\":\"https:\/\/files.sunoresearch.com.br\/n\/uploads\/2019\/02\/c4ea6e99-roberto-campos-neto-2-jpg.webp\",\"datePublished\":\"2020-02-18T22:00:30+00:00\",\"description\":\"O presidente do Banco Central, Roberto Campos Neto, declarou que o n\u00edvel dos compuls\u00f3rios banc\u00e1rios \u00e9 elevado. Clique aqui para saber mais.\",\"breadcrumb\":{\"@id\":\"https:\/\/www.suno.com.br\/noticias\/compulsorio-elevado-diz-presidente-banco-central\/#breadcrumb\"},\"inLanguage\":\"pt-BR\",\"potentialAction\":[{\"@type\":\"ReadAction\",\"target\":[\"https:\/\/www.suno.com.br\/noticias\/compulsorio-elevado-diz-presidente-banco-central\/\"]}]},{\"@type\":\"ImageObject\",\"inLanguage\":\"pt-BR\",\"@id\":\"https:\/\/www.suno.com.br\/noticias\/compulsorio-elevado-diz-presidente-banco-central\/#primaryimage\",\"url\":\"https:\/\/files.sunoresearch.com.br\/n\/uploads\/2019\/02\/c4ea6e99-roberto-campos-neto-2-jpg.webp\",\"contentUrl\":\"https:\/\/files.sunoresearch.com.br\/n\/uploads\/2019\/02\/c4ea6e99-roberto-campos-neto-2-jpg.webp\",\"width\":1140,\"height\":760,\"caption\":\"Compuls\u00f3rio est\u00e1 muito elevado, diz presidente do Banco Central\"},{\"@type\":\"BreadcrumbList\",\"@id\":\"https:\/\/www.suno.com.br\/noticias\/compulsorio-elevado-diz-presidente-banco-central\/#breadcrumb\",\"itemListElement\":[{\"@type\":\"ListItem\",\"position\":1,\"name\":\"Not\u00edcias\",\"item\":\"https:\/\/www.suno.com.br\/noticias\/\"},{\"@type\":\"ListItem\",\"position\":2,\"name\":\"Economia\",\"item\":\"https:\/\/www.suno.com.br\/noticias\/economia\/\"},{\"@type\":\"ListItem\",\"position\":3,\"name\":\"Compuls\u00f3rio est\u00e1 muito elevado, diz presidente do Banco Central\"}]},{\"@type\":\"WebSite\",\"@id\":\"https:\/\/www.suno.com.br\/noticias\/#website\",\"url\":\"https:\/\/www.suno.com.br\/noticias\/\",\"name\":\"Suno Not\u00edcias\",\"description\":\"Seu portal de informa\u00e7\u00e3o sobre o mundo dos investimentos\",\"publisher\":{\"@id\":\"https:\/\/www.suno.com.br\/noticias\/#organization\"},\"potentialAction\":[{\"@type\":\"SearchAction\",\"target\":{\"@type\":\"EntryPoint\",\"urlTemplate\":\"https:\/\/www.suno.com.br\/noticias\/?s={search_term_string}\"},\"query-input\":{\"@type\":\"PropertyValueSpecification\",\"valueRequired\":true,\"valueName\":\"search_term_string\"}}],\"inLanguage\":\"pt-BR\"},{\"@type\":\"Organization\",\"@id\":\"https:\/\/www.suno.com.br\/noticias\/#organization\",\"name\":\"Suno Not\u00edcias\",\"url\":\"https:\/\/www.suno.com.br\/noticias\/\",\"logo\":{\"@type\":\"ImageObject\",\"inLanguage\":\"pt-BR\",\"@id\":\"https:\/\/www.suno.com.br\/noticias\/#\/schema\/logo\/image\/\",\"url\":\"https:\/\/files.sunoresearch.com.br\/n\/uploads\/2021\/09\/suno-logo.png\",\"contentUrl\":\"https:\/\/files.sunoresearch.com.br\/n\/uploads\/2021\/09\/suno-logo.png\",\"width\":180,\"height\":180,\"caption\":\"Suno Not\u00edcias\"},\"image\":{\"@id\":\"https:\/\/www.suno.com.br\/noticias\/#\/schema\/logo\/image\/\"},\"sameAs\":[\"https:\/\/facebook.com\/sunoresearch\",\"https:\/\/x.com\/sunoresearch\",\"https:\/\/www.instagram.com\/suno\",\"https:\/\/www.linkedin.com\/company\/suno-research\/\",\"https:\/\/www.youtube.com\/c\/sunoresearch\"]},{\"@type\":\"Person\",\"@id\":\"https:\/\/www.suno.com.br\/noticias\/#\/schema\/person\/e6e0f723cc177805027f4566c1d5e0c8\",\"name\":\"Carlo Cauti\",\"image\":{\"@type\":\"ImageObject\",\"inLanguage\":\"pt-BR\",\"@id\":\"https:\/\/www.suno.com.br\/noticias\/#\/schema\/person\/image\/\",\"url\":\"https:\/\/secure.gravatar.com\/avatar\/3ada9e0bd164c23abd4792a9606d583c?s=96&r=g\",\"contentUrl\":\"https:\/\/secure.gravatar.com\/avatar\/3ada9e0bd164c23abd4792a9606d583c?s=96&r=g\",\"caption\":\"Carlo Cauti\"},\"description\":\"Editor multim\u00eddia do SUNO Not\u00edcias. Italiano, formado em Ci\u00eancias Pol\u00edticas pela universidade LUISS G. Carli de Roma e mestre cum laude em Rela\u00e7\u00f5es Internacionais, Jornalismo Internacional e de Guerra e em Economia Internacional. Concluiu tamb\u00e9m um MBA em Finan\u00e7as na B3. No Brasil, teve passagem por ve\u00edculos como Estad\u00e3o, Globo, Veja e EXAME. e nas ag\u00eancias de not\u00edcias italianas ANSA e NOVA.\",\"url\":\"https:\/\/www.suno.com.br\/noticias\/author\/carlo-cauti\/\"}]}<\/script>\n<!-- \/ Yoast SEO plugin. -->","yoast_head_json":{"title":"Compuls\u00f3rio est\u00e1 muito elevado, diz presidente do Banco Central","description":"O presidente do Banco Central, Roberto Campos Neto, declarou que o n\u00edvel dos compuls\u00f3rios banc\u00e1rios \u00e9 elevado. Clique aqui para saber mais.","robots":{"index":"index","follow":"follow","max-snippet":"max-snippet:-1","max-image-preview":"max-image-preview:large","max-video-preview":"max-video-preview:-1"},"canonical":"https:\/\/www.suno.com.br\/noticias\/compulsorio-elevado-diz-presidente-banco-central\/","og_locale":"pt_BR","og_type":"article","og_title":"Compuls\u00f3rio est\u00e1 muito elevado, diz presidente do Banco Central","og_description":"O presidente do Banco Central, Roberto Campos Neto, declarou que o n\u00edvel dos compuls\u00f3rios banc\u00e1rios \u00e9 elevado. Clique aqui para saber mais.","og_url":"https:\/\/www.suno.com.br\/noticias\/compulsorio-elevado-diz-presidente-banco-central\/","og_site_name":"Suno Not\u00edcias","article_publisher":"https:\/\/facebook.com\/sunoresearch","og_image":[{"width":1140,"height":760,"url":"https:\/\/files.sunoresearch.com.br\/n\/uploads\/2019\/02\/c4ea6e99-roberto-campos-neto-2.jpg","type":"image\/jpeg"}],"author":"Carlo Cauti","twitter_card":"summary_large_image","twitter_creator":"@sunoresearch","twitter_site":"@sunoresearch","twitter_misc":{"Escrito por":"Carlo Cauti","Est. tempo de leitura":"3 minutos"},"schema":{"@context":"https:\/\/schema.org","@graph":[{"@type":"NewsArticle","@id":"https:\/\/www.suno.com.br\/noticias\/compulsorio-elevado-diz-presidente-banco-central\/#article","isPartOf":{"@id":"https:\/\/www.suno.com.br\/noticias\/compulsorio-elevado-diz-presidente-banco-central\/"},"author":{"name":"Carlo Cauti","@id":"https:\/\/www.suno.com.br\/noticias\/#\/schema\/person\/e6e0f723cc177805027f4566c1d5e0c8"},"headline":"Compuls\u00f3rio est\u00e1 muito elevado, diz presidente do Banco Central","datePublished":"2020-02-18T22:00:30+00:00","mainEntityOfPage":{"@id":"https:\/\/www.suno.com.br\/noticias\/compulsorio-elevado-diz-presidente-banco-central\/"},"wordCount":664,"publisher":{"@id":"https:\/\/www.suno.com.br\/noticias\/#organization"},"image":{"@id":"https:\/\/www.suno.com.br\/noticias\/compulsorio-elevado-diz-presidente-banco-central\/#primaryimage"},"thumbnailUrl":"https:\/\/files.sunoresearch.com.br\/n\/uploads\/2019\/02\/c4ea6e99-roberto-campos-neto-2-jpg.webp","keywords":["Banco Central (BC)","Roberto Campos Neto"],"articleSection":["Economia"],"inLanguage":"pt-BR"},{"@type":"WebPage","@id":"https:\/\/www.suno.com.br\/noticias\/compulsorio-elevado-diz-presidente-banco-central\/","url":"https:\/\/www.suno.com.br\/noticias\/compulsorio-elevado-diz-presidente-banco-central\/","name":"Compuls\u00f3rio est\u00e1 muito elevado, diz presidente do Banco Central","isPartOf":{"@id":"https:\/\/www.suno.com.br\/noticias\/#website"},"primaryImageOfPage":{"@id":"https:\/\/www.suno.com.br\/noticias\/compulsorio-elevado-diz-presidente-banco-central\/#primaryimage"},"image":{"@id":"https:\/\/www.suno.com.br\/noticias\/compulsorio-elevado-diz-presidente-banco-central\/#primaryimage"},"thumbnailUrl":"https:\/\/files.sunoresearch.com.br\/n\/uploads\/2019\/02\/c4ea6e99-roberto-campos-neto-2-jpg.webp","datePublished":"2020-02-18T22:00:30+00:00","description":"O presidente do Banco Central, Roberto Campos Neto, declarou que o n\u00edvel dos compuls\u00f3rios banc\u00e1rios \u00e9 elevado. Clique aqui para saber mais.","breadcrumb":{"@id":"https:\/\/www.suno.com.br\/noticias\/compulsorio-elevado-diz-presidente-banco-central\/#breadcrumb"},"inLanguage":"pt-BR","potentialAction":[{"@type":"ReadAction","target":["https:\/\/www.suno.com.br\/noticias\/compulsorio-elevado-diz-presidente-banco-central\/"]}]},{"@type":"ImageObject","inLanguage":"pt-BR","@id":"https:\/\/www.suno.com.br\/noticias\/compulsorio-elevado-diz-presidente-banco-central\/#primaryimage","url":"https:\/\/files.sunoresearch.com.br\/n\/uploads\/2019\/02\/c4ea6e99-roberto-campos-neto-2-jpg.webp","contentUrl":"https:\/\/files.sunoresearch.com.br\/n\/uploads\/2019\/02\/c4ea6e99-roberto-campos-neto-2-jpg.webp","width":1140,"height":760,"caption":"Compuls\u00f3rio est\u00e1 muito elevado, diz presidente do Banco Central"},{"@type":"BreadcrumbList","@id":"https:\/\/www.suno.com.br\/noticias\/compulsorio-elevado-diz-presidente-banco-central\/#breadcrumb","itemListElement":[{"@type":"ListItem","position":1,"name":"Not\u00edcias","item":"https:\/\/www.suno.com.br\/noticias\/"},{"@type":"ListItem","position":2,"name":"Economia","item":"https:\/\/www.suno.com.br\/noticias\/economia\/"},{"@type":"ListItem","position":3,"name":"Compuls\u00f3rio est\u00e1 muito elevado, diz presidente do Banco Central"}]},{"@type":"WebSite","@id":"https:\/\/www.suno.com.br\/noticias\/#website","url":"https:\/\/www.suno.com.br\/noticias\/","name":"Suno Not\u00edcias","description":"Seu portal de informa\u00e7\u00e3o sobre o mundo dos investimentos","publisher":{"@id":"https:\/\/www.suno.com.br\/noticias\/#organization"},"potentialAction":[{"@type":"SearchAction","target":{"@type":"EntryPoint","urlTemplate":"https:\/\/www.suno.com.br\/noticias\/?s={search_term_string}"},"query-input":{"@type":"PropertyValueSpecification","valueRequired":true,"valueName":"search_term_string"}}],"inLanguage":"pt-BR"},{"@type":"Organization","@id":"https:\/\/www.suno.com.br\/noticias\/#organization","name":"Suno Not\u00edcias","url":"https:\/\/www.suno.com.br\/noticias\/","logo":{"@type":"ImageObject","inLanguage":"pt-BR","@id":"https:\/\/www.suno.com.br\/noticias\/#\/schema\/logo\/image\/","url":"https:\/\/files.sunoresearch.com.br\/n\/uploads\/2021\/09\/suno-logo.png","contentUrl":"https:\/\/files.sunoresearch.com.br\/n\/uploads\/2021\/09\/suno-logo.png","width":180,"height":180,"caption":"Suno Not\u00edcias"},"image":{"@id":"https:\/\/www.suno.com.br\/noticias\/#\/schema\/logo\/image\/"},"sameAs":["https:\/\/facebook.com\/sunoresearch","https:\/\/x.com\/sunoresearch","https:\/\/www.instagram.com\/suno","https:\/\/www.linkedin.com\/company\/suno-research\/","https:\/\/www.youtube.com\/c\/sunoresearch"]},{"@type":"Person","@id":"https:\/\/www.suno.com.br\/noticias\/#\/schema\/person\/e6e0f723cc177805027f4566c1d5e0c8","name":"Carlo Cauti","image":{"@type":"ImageObject","inLanguage":"pt-BR","@id":"https:\/\/www.suno.com.br\/noticias\/#\/schema\/person\/image\/","url":"https:\/\/secure.gravatar.com\/avatar\/3ada9e0bd164c23abd4792a9606d583c?s=96&r=g","contentUrl":"https:\/\/secure.gravatar.com\/avatar\/3ada9e0bd164c23abd4792a9606d583c?s=96&r=g","caption":"Carlo Cauti"},"description":"Editor multim\u00eddia do SUNO Not\u00edcias. Italiano, formado em Ci\u00eancias Pol\u00edticas pela universidade LUISS G. Carli de Roma e mestre cum laude em Rela\u00e7\u00f5es Internacionais, Jornalismo Internacional e de Guerra e em Economia Internacional. Concluiu tamb\u00e9m um MBA em Finan\u00e7as na B3. No Brasil, teve passagem por ve\u00edculos como Estad\u00e3o, Globo, Veja e EXAME. e nas ag\u00eancias de not\u00edcias italianas ANSA e NOVA.","url":"https:\/\/www.suno.com.br\/noticias\/author\/carlo-cauti\/"}]}},"default_loop_html":"<div class=\"cardsPage__listCard__boxs\"><div class=\"cardsPage__listCard__boxs__img\"><a href=\"https:\/\/www.suno.com.br\/noticias\/compulsorio-elevado-diz-presidente-banco-central\/\"><img class=\"mask\" src=\"https:\/\/www.suno.com.br\/noticias\/wp-content\/themes\/suno\/resources\/images\/spotlight\/spotlight1img\/bg-mask.png\" alt=\"Image Mask\"\/><img src=\"https:\/\/files.sunoresearch.com.br\/n\/uploads\/2019\/02\/c4ea6e99-roberto-campos-neto-2-400x200.webp\" alt=\"Compuls\u00f3rio est\u00e1 muito elevado, diz presidente do Banco Central\"\/><\/a><span class=\"spotlightCategory\"><a href=\"https:\/\/www.suno.com.br\/noticias\/economia\/\">Economia<\/a><\/span><\/div><div class=\"cardsPage__listCard__boxs__content\"><a href=\"https:\/\/www.suno.com.br\/noticias\/compulsorio-elevado-diz-presidente-banco-central\/\"><h2 class=\"content__title\">Compuls\u00f3rio est\u00e1 muito elevado, diz presidente do Banco Central<\/h2><\/a><div class=\"newsContent__article__meta\"><div class=\"newsContent__article__meta__authorBox\"><a href=\"https:\/\/www.suno.com.br\/noticias\/author\/carlo-cauti\/\" class=\"authorBox__avatar noMobi\"><img src=\"https:\/\/files.sunoresearch.com.br\/n\/uploads\/2020\/08\/e3745f9a-perfil-carlo-cauti-150x150.webp\" alt=\"Carlo Cauti\"><\/a><div class=\"authorBox__name\"><span>por\n\t\t\t<a href=\"https:\/\/www.suno.com.br\/noticias\/author\/carlo-cauti\/\"><span itemprop=\"author\">Carlo Cauti<\/span><\/a><\/span><time datetime=\"2020-02-18T19:00:30-03:00\" itemprop=\"datePublished\">18\/02\/2020 19:00<\/time><\/div><\/div><\/div><\/div><\/div>","single_layout":"posts","amp_enabled":true,"_links":{"self":[{"href":"https:\/\/www.suno.com.br\/noticias\/wp-json\/wp\/v2\/posts\/53523"}],"collection":[{"href":"https:\/\/www.suno.com.br\/noticias\/wp-json\/wp\/v2\/posts"}],"about":[{"href":"https:\/\/www.suno.com.br\/noticias\/wp-json\/wp\/v2\/types\/post"}],"author":[{"embeddable":true,"href":"https:\/\/www.suno.com.br\/noticias\/wp-json\/wp\/v2\/users\/9"}],"replies":[{"embeddable":true,"href":"https:\/\/www.suno.com.br\/noticias\/wp-json\/wp\/v2\/comments?post=53523"}],"version-history":[{"count":0,"href":"https:\/\/www.suno.com.br\/noticias\/wp-json\/wp\/v2\/posts\/53523\/revisions"}],"wp:featuredmedia":[{"embeddable":true,"href":"https:\/\/www.suno.com.br\/noticias\/wp-json\/wp\/v2\/media\/19354"}],"wp:attachment":[{"href":"https:\/\/www.suno.com.br\/noticias\/wp-json\/wp\/v2\/media?parent=53523"}],"wp:term":[{"taxonomy":"category","embeddable":true,"href":"https:\/\/www.suno.com.br\/noticias\/wp-json\/wp\/v2\/categories?post=53523"},{"taxonomy":"post_tag","embeddable":true,"href":"https:\/\/www.suno.com.br\/noticias\/wp-json\/wp\/v2\/tags?post=53523"},{"taxonomy":"suno_strategy","embeddable":true,"href":"https:\/\/www.suno.com.br\/noticias\/wp-json\/wp\/v2\/suno_strategy?post=53523"}],"curies":[{"name":"wp","href":"https:\/\/api.w.org\/{rel}","templated":true}]}}