{"id":535031,"date":"2024-03-19T00:24:12","date_gmt":"2024-03-19T03:24:12","guid":{"rendered":"https:\/\/www.suno.com.br\/noticias\/?p=535031"},"modified":"2024-03-19T00:24:25","modified_gmt":"2024-03-19T03:24:25","slug":"rada-itausa-itsa4-raizen-raiz4-banco-do-brasil-bbas3","status":"publish","type":"post","link":"https:\/\/www.suno.com.br\/noticias\/rada-itausa-itsa4-raizen-raiz4-banco-do-brasil-bbas3\/","title":{"rendered":"Radar: Lucro de Ita\u00fasa (ITSA4)\u00a0sobe no 4T23, Ra\u00edzen (RAIZ4) vai pagar dividendos milion\u00e1rios e Banco do Brasil (BBAS3) faz capta\u00e7\u00e3o de US$ 750 milh\u00f5es"},"content":{"rendered":"<p>A<strong>&nbsp;Ita\u00fasa (ITSA4)<\/strong>, holding controladora do banco&nbsp;<a href=\"https:\/\/www.suno.com.br\/acoes\/ITUB4\/\" target=\"_blank\" rel=\"noreferrer noopener\">Ita\u00fa (ITUB4)<\/a>, apresentou nesta segunda-feira (18), logo ap\u00f3s o&nbsp;<a href=\"https:\/\/www.suno.com.br\/artigos\/fechamento-do-mercado\/\" target=\"_blank\" rel=\"noreferrer noopener\">fechamento do mercado<\/a>, os seus resultados referentes ao quarto trimestre de 2023 e o consolidado do ano.&nbsp;<\/p>\t<div class=\"wrapper-featured-image\">\n\t\t<figure class=\"spotlightImg\">\n\n\t\t\t<picture>\n\t\t\t\t<source media=\"(max-width: 768px)\" srcset=\"https:\/\/files.sunoresearch.com.br\/n\/uploads\/2023\/10\/Itausa-divulgacao-400x200.jpg\">\n\t\t\t\t<img loading=\"lazy\" decoding=\"async\" class=\"newsContent__article__imgCapa lazyloadDisabled \" src=\"https:\/\/files.sunoresearch.com.br\/n\/uploads\/2023\/10\/Itausa-divulgacao-800x450.jpg\" width=\"800\" height=\"450\" alt=\"Radar: Lucro de Ita\u00fasa (ITSA4)\u00a0sobe no 4T23, Ra\u00edzen (RAIZ4) vai pagar dividendos milion\u00e1rios e Banco do Brasil (BBAS3) faz capta\u00e7\u00e3o de US$ 750 milh\u00f5es\" fetchpriority=high \/>\n\t\t\t<\/picture>\n\n\t\t\t<figcaption class=\"wp-caption-text wp-caption-text--show\">Resultado financeiro de Ita\u00fasa (ITSA4) no 2T25 Foto: Divulga\u00e7\u00e3o<\/figcaption>\n\t\t<\/figure>\n\t<\/div>\n\n\n\n\n\n\t<p>\n\t\t<a href=\"https:\/\/lp.suno.com.br\/planilha-da-vida-financeira\/\" target=\"_blank\" data-element=\"shortcode-suno-banner\" title=\"Banner SUNO, clique e saiba mais\">\n\t\t\t<picture>\n\t\t\t\t<source media=\"(max-width: 500px)\" srcset=\"https:\/\/files.sunoresearch.com.br\/n\/uploads\/2023\/04\/400x300-Planilha-vida-financeira-true.png\">\n\t\t\t\t<img class=\"newsContent__article__imgCapa newsContent__article__imgCapa--banner\"\n\t\t\t\t\tsrc=\"https:\/\/files.sunoresearch.com.br\/n\/uploads\/2023\/04\/1420x240-Planilha-vida-financeira-true.png\"\n\t\t\t\t\tdata-promo-id=\"106682\"\t\t\t\t\t\t\t\t\t\twidth='1420' height='240'\t\t\t\t\talt=\"https:\/\/files.sunoresearch.com.br\/n\/uploads\/2023\/04\/1420x240-Planilha-vida-financeira-true.png\"\n\t\t\t\t>\n\t\t\t<\/picture>\n\t\t<\/a>\n\t<\/p>\n\n\n\n\n\n\n\n<p>O&nbsp;<strong>lucro l\u00edquido recorrente da Ita\u00fasa<\/strong>&nbsp;\u2014 que tamb\u00e9m tem investimentos em outras empresas listadas como&nbsp;<a target=\"_blank\" href=\"https:\/\/www.suno.com.br\/acoes\/ALPA4\/\" rel=\"noreferrer noopener\">Alpargatas (ALPA4)<\/a>, Dexco (DXCP3) e&nbsp;<a target=\"_blank\" href=\"https:\/\/www.suno.com.br\/acoes\/CCRO3\/\" rel=\"noreferrer noopener\">CCR (CCRO3)<\/a>&nbsp;\u2014 foi de R$ 3,460 bilh\u00f5es nos \u00faltimos tr\u00eas meses do ano, uma alta de 3% no comparativo anual. Em 2023, o montante foi de R$ 14,1 bi, tamb\u00e9m em alta de 3%.&nbsp;<\/p>\n\n\n\n<p>As&nbsp;<a target=\"_blank\" href=\"https:\/\/www.suno.com.br\/artigos\/despesas-administrativas\/\" rel=\"noreferrer noopener\">despesas administrativas<\/a>&nbsp;da companhia tiveram alta de 9% com rela\u00e7\u00e3o ao quarto trimestre de 2022, indo a R$ 51 milh\u00f5es. No ano, o total foi de R$ 177 milh\u00f5es \u2014 um crescimento de 6%. Segundo as notas da administra\u00e7\u00e3o no release de resultados da<strong>&nbsp;Ita\u00fasa no 4T23<\/strong>, o n\u00famero \u00e9 um reflexo de maiores investimentos nas estruturas de Gest\u00e3o de Portf\u00f3lio e Investimentos, cria\u00e7\u00e3o da \u00e1rea de intelig\u00eancia ESG e maiores gastos com garantias de contencioso.&nbsp;<\/p>\n\n\n\n<p>O&nbsp;<strong>lucro l\u00edquido da Ita\u00fasa<\/strong>&nbsp;foi afetado pelo impacto de efeitos n\u00e3o recorrentes \u2014 como o rebalanceamento dos investimentos (impairments) feitos pela Alpargatas e o impacto da&nbsp;<strong>venda do Banco Ita\u00fa Argentina<\/strong>&nbsp;feita pelo Ita\u00fa. No ano, o efeito negativo foi de R$ 666 milh\u00f5es.&nbsp;<\/p>\n\n\n\n<p>O retorno sobre o&nbsp;<a href=\"https:\/\/www.suno.com.br\/artigos\/patrimonio-liquido\/\" target=\"_blank\" rel=\"noreferrer noopener\">patrim\u00f4nio l\u00edquido<\/a>&nbsp;recorrente (ROE, na sigla em ingl\u00eas recuou 1,7 ponto percentual no comparativo com o mesmo per\u00edodo do ano anterior, indo a 17%.No consolidado do ano, a queda foi de 2,5 pontos percentuais, a 17,4%.&nbsp;&nbsp;<\/p>\n\n\n\n<p>O resultado recorrente proveniente das empresas investidas, refletido no&nbsp;<strong>resultado da Ita\u00fasa em 2023<\/strong>, foi de R$ 13,5 bilh\u00f5es, aumento de 6% sobre o mesmo per\u00edodo do ano anterior, com destaque para os resultados crescentes do Ita\u00fa Unibanco, do Grupo CCR, da Copa Energia e da Aegea.<\/p>\n\n\n\n<p>Al\u00e9m de Ita\u00fasa, confira outros destaques desta segunda-feira:<\/p>\n\n\n\n<h2 class=\"wp-block-heading\">Ra\u00edzen (RAIZ4) pagar\u00e1 R$ 167 milh\u00f5es em dividendos<\/h2>\n\n\n\n<ul class=\"wp-block-list\">\n<li>A&nbsp;<a href=\"https:\/\/www.suno.com.br\/acoes\/raiz4\/\" target=\"_blank\" rel=\"noreferrer noopener\"><strong>Ra\u00edzen<\/strong>&nbsp;(RAIZ4)<\/a>&nbsp;pagar\u00e1 R$ 167 milh\u00f5es em&nbsp;<a href=\"https:\/\/www.suno.com.br\/guias\/dividendos\/\" target=\"_blank\" rel=\"noreferrer noopener\">dividendos<\/a>&nbsp;aos seus acionistas,&nbsp;<a href=\"https:\/\/www.rad.cvm.gov.br\/ENET\/frmExibirArquivoIPEExterno.aspx?NumeroProtocoloEntrega=1208785\">segundo aviso divulgado nesta segunda-feira (18)<\/a>.<\/li>\n<\/ul>\n\n\n\n<ul class=\"wp-block-list\">\n<li>O valor dos&nbsp;<strong>proventos da Ra\u00edzen<\/strong>&nbsp;por a\u00e7\u00e3o ser\u00e1 de R$ 0,01, que ser\u00e3o pagos no dia 28 de mar\u00e7o.<\/li>\n<\/ul>\n\n\n\n<ul class=\"wp-block-list\">\n<li>Apenas os investidores com&nbsp;<strong>a\u00e7\u00f5es da Ra\u00edzen<\/strong>&nbsp;no dia 21 de mar\u00e7o ter\u00e3o direito de receber os&nbsp;<strong>dividendos<\/strong>.<\/li>\n<\/ul>\n\n\n\n<ul class=\"wp-block-list\">\n<li>A partir do dia 22 de mar\u00e7o as a\u00e7\u00f5es&nbsp;<strong>RAIZ4<\/strong>&nbsp;ser\u00e3o negociadas sem direito aos dividendos.<\/li>\n<\/ul>\n\n\n\n<ul class=\"wp-block-list\">\n<li>Segundo documento arquivado na Comiss\u00e3o de Valores Mobili\u00e1rios (CVM), esses proventos s\u00e3o intermedi\u00e1rios e foram aprovados ap\u00f3s reuni\u00e3o do&nbsp;<a href=\"https:\/\/www.suno.com.br\/artigos\/conselho-administracao\/\" target=\"_blank\" rel=\"noreferrer noopener\">Conselho de Administra\u00e7\u00e3o<\/a>.<\/li>\n<\/ul>\n\n\n\n<h2 class=\"wp-block-heading\">Banco do Brasil (BBAS3) anuncia capta\u00e7\u00e3o de US$ 750 milh\u00f5es; para que o dinheiro ser\u00e1 usado?<\/h2>\n\n\n\n<ul class=\"wp-block-list\">\n<li>O&nbsp;<a href=\"https:\/\/www.suno.com.br\/acoes\/BBAS3\/\" target=\"_blank\" rel=\"noreferrer noopener\"><strong>Banco do Brasil<\/strong>&nbsp;(BBAS3)<\/a>&nbsp;realizou uma capta\u00e7\u00e3o internacional sustent\u00e1vel de d\u00edvida s\u00eanior, no valor total de US$ 750 milh\u00f5es.<\/li>\n<\/ul>\n\n\n\n<ul class=\"wp-block-list\">\n<li>A&nbsp;<strong>opera\u00e7\u00e3o do Banco do Brasil<\/strong>&nbsp;\u00e9 do tipo \u201csustainability bond\u201d, cujo vencimento se d\u00e1 no dia 18 de mar\u00e7o de 2031, com cupom de 6% ao ano. J\u00e1 o retorno final para o investidor ser\u00e1 de 6,3% ao ano.<\/li>\n<\/ul>\n\n\n\n<ul class=\"wp-block-list\">\n<li>A precifica\u00e7\u00e3o dessa opera\u00e7\u00e3o foi realizada em 11 de mar\u00e7o de 2024, enquanto a&nbsp;<a href=\"https:\/\/www.suno.com.br\/artigos\/liquidacao-financeira\/\" target=\"_blank\" rel=\"noreferrer noopener\">liquida\u00e7\u00e3o financeira<\/a>&nbsp;aconteceu no dia 18 de mar\u00e7o de 2024.<\/li>\n<\/ul>\n\n\n\n<ul class=\"wp-block-list\">\n<li>Conforme destacado pelo Banco do Brasil nesta segunda-feira (18), o objetivo \u00e9 alocar o dinheiro levantado em projetos ambientais e sociais, tendo como prop\u00f3sito o financiamento de energia renov\u00e1vel e de empresas de micro a m\u00e9dio porte e, em especial, desenvolver empreendimentos que contam com mulheres na lideran\u00e7a.<\/li>\n<\/ul>\n\n\n\n<ul class=\"wp-block-list\">\n<li>\u201cA emiss\u00e3o ocorreu em linha com o Framework de Finan\u00e7as Sustent\u00e1veis do BB, revisado em fevereiro de 2024, que conta com Parecer de Segunda Opini\u00e3o (SPO)\u201d, conclui o&nbsp;<strong>comunicado do Banco do Brasil<\/strong>.<\/li>\n<\/ul>\n\n\n\t<p>\n\t\t<a href=\"https:\/\/lp.suno.com.br\/ebook-como-analisar-uma-acao\/\" target=\"_blank\" data-element=\"shortcode-suno-banner\" title=\"Banner SUNO, clique e saiba mais\">\n\t\t\t<picture>\n\t\t\t\t<source media=\"(max-width: 500px)\" srcset=\"https:\/\/files.sunoresearch.com.br\/n\/uploads\/2023\/03\/Ebook-Acoes-Mobile.jpg\">\n\t\t\t\t<img class=\"newsContent__article__imgCapa newsContent__article__imgCapa--banner\"\n\t\t\t\t\tsrc=\"https:\/\/files.sunoresearch.com.br\/n\/uploads\/2023\/03\/Ebook-Acoes-Desktop.jpg\"\n\t\t\t\t\tdata-promo-id=\"378302\"\t\t\t\t\t\t\t\t\t\twidth='1420' height='286'\t\t\t\t\talt=\"https:\/\/files.sunoresearch.com.br\/n\/uploads\/2023\/03\/Ebook-Acoes-Desktop.jpg\"\n\t\t\t\t>\n\t\t\t<\/picture>\n\t\t<\/a>\n\t<\/p>\n\n\n\n\n\n<h2 class=\"wp-block-heading\">Embraer (EMBR3): com resultado s\u00f3lido no 4T23, analistas recomendam compra. O que esperar para 2024?<\/h2>\n\n\n\n<ul class=\"wp-block-list\">\n<li>A<strong>&nbsp;Embraer<\/strong>&nbsp;(EMBR3) teve&nbsp;<a href=\"https:\/\/www.suno.com.br\/artigos\/lucro-liquido\/\" target=\"_blank\" rel=\"noreferrer noopener\">lucro l\u00edquido<\/a>&nbsp;ajustado de R$ 350,6 milh\u00f5es no quarto trimestre de 2023 (4T23). Os analistas do Santander elogiaram o desempenho da companhia, destacando seu forte&nbsp;<a href=\"https:\/\/www.suno.com.br\/artigos\/fluxo-caixa-livre\/\" target=\"_blank\" rel=\"noreferrer noopener\">fluxo de caixa livre<\/a>&nbsp;(FCL).<\/li>\n<\/ul>\n\n\n\n<ul class=\"wp-block-list\">\n<li>\u201cOs resultados do&nbsp;<strong>4\u00ba trimestre de 2023 da Embraer<\/strong>&nbsp;foram s\u00f3lidos, com Ebitda ajustado ( lucro antes de juros, impostos,&nbsp;<a href=\"https:\/\/www.suno.com.br\/artigos\/depreciacao-amortizacao\/\" target=\"_blank\" rel=\"noreferrer noopener\">deprecia\u00e7\u00e3o e amortiza\u00e7\u00e3o<\/a>, excluindo despesas n\u00e3o recorrentes) 4% a 8% acima das nossas proje\u00e7\u00f5es e do consenso, al\u00e9m de um forte super\u00e1vit de fluxo de caixa (US$ 320 milh\u00f5es)\u201d, diz o Santander, que tem recomenda\u00e7\u00e3o de compra (pre\u00e7o-alvo de US$ 38).<\/li>\n<\/ul>\n\n\n\n<ul class=\"wp-block-list\">\n<li>O&nbsp;<strong>lucro l\u00edquido da Embraer<\/strong>&nbsp;e a gera\u00e7\u00e3o de fluxo de caixa tamb\u00e9m superaram as expectativas do BTG Pactual. O&nbsp;<a href=\"https:\/\/www.suno.com.br\/artigos\/lucro-liquido\/\" target=\"_blank\" rel=\"noreferrer noopener\">lucro l\u00edquido<\/a>&nbsp;de US$ 193 milh\u00f5es (vs. US$ 23 milh\u00f5es no 4T22) foi 9% acima das estimativas do banco, enquanto o lucro l\u00edquido ajustado totalizou US$ 78 milh\u00f5es (vs. US$ 43 milh\u00f5es no 4T22).<\/li>\n<\/ul>\n\n\n\n<ul class=\"wp-block-list\">\n<li>O&nbsp;<a href=\"https:\/\/www.suno.com.br\/artigos\/fluxo-caixa-livre\/\" target=\"_blank\" rel=\"noreferrer noopener\">fluxo de caixa livre<\/a>&nbsp;ajustado da Embraer (exceto Eve) foi de US$ 660 milh\u00f5es, superando o guidance devido a pr\u00e9-pagamentos. A&nbsp;<a href=\"https:\/\/www.suno.com.br\/artigos\/divida-liquida\/\" target=\"_blank\" rel=\"noreferrer noopener\">d\u00edvida l\u00edquida<\/a>&nbsp;(ex-Eve) caiu para US$ 781 milh\u00f5es, implicando uma rela\u00e7\u00e3o d\u00edvida l\u00edquida\/EBITDA ajustado (ex Eve) de 1,4x, refletindo uma&nbsp;<a href=\"https:\/\/www.suno.com.br\/artigos\/geracao-de-caixa\/\" target=\"_blank\" rel=\"noreferrer noopener\">gera\u00e7\u00e3o de caixa<\/a>&nbsp;mais forte.<\/li>\n<\/ul>\n\n\n\n<ul class=\"wp-block-list\">\n<li>A empresa tamb\u00e9m concluiu sua gest\u00e3o de passivos, estendendo o prazo m\u00e9dio de empr\u00e9stimo para 4,6 anos.<\/li>\n<\/ul>\n\n\n\n<ul class=\"wp-block-list\">\n<li>\u201cOs resultados do&nbsp;<strong>4T23 da Embraer<\/strong>&nbsp;foram impactados por itens n\u00e3o recorrentes, principalmente relacionados a despesas da Eve (n\u00e3o caixa), ativos mantidos para venda e marca\u00e7\u00e3o ao mercado das a\u00e7\u00f5es da Republic\u201d, afirma o BTG.<\/li>\n<\/ul>\n\n\n\n<ul class=\"wp-block-list\">\n<li>Segundo o Santander, no quarto trimestre de 2023, as&nbsp;<strong>receitas da Embraer<\/strong>&nbsp;ficaram est\u00e1veis em cerca de US$ 2 bilh\u00f5es em compara\u00e7\u00e3o com o ano anterior. Houve uma expans\u00e3o das margens, com destaque para a maior&nbsp;<a href=\"https:\/\/www.suno.com.br\/artigos\/margem-bruta-entenda-sua-importancia\/\" target=\"_blank\" rel=\"noreferrer noopener\">margem bruta<\/a>&nbsp;na avia\u00e7\u00e3o comercial, um aumento de 1,4 ponto percentual em rela\u00e7\u00e3o ao ano anterior.<\/li>\n<\/ul>\n\n\n\n<ul class=\"wp-block-list\">\n<li>As<strong>&nbsp;entregas de jatos executivos da Embraer<\/strong>&nbsp;foram ligeiramente menores em compara\u00e7\u00e3o com o ano anterior, resultando em margens brutas mais baixas devido a efeitos de mix. Houve um forte reconhecimento de receita no segmento de defesa e seguran\u00e7a, com um aumento de 44% em rela\u00e7\u00e3o ao ano anterior. O segmento de servi\u00e7os e suporte manteve-se est\u00e1vel na base anual, com margens brutas mais altas.<\/li>\n<\/ul>\n\n\n\n<h2 class=\"wp-block-heading\">Ita\u00fasa (ITSA4) anuncia pagamento de R$ 723 milh\u00f5es em JCP; veja quando ser\u00e3o pagos<\/h2>\n\n\n\n<ul class=\"wp-block-list\">\n<li>O&nbsp;<a href=\"https:\/\/www.suno.com.br\/artigos\/conselho-administracao\/\" target=\"_blank\" rel=\"noreferrer noopener\">conselho de administra\u00e7\u00e3o<\/a>&nbsp;da&nbsp;<a href=\"https:\/\/www.suno.com.br\/acoes\/ITSA4\/\" target=\"_blank\" rel=\"noreferrer noopener\"><strong>Ita\u00fasa<\/strong>&nbsp;(ITSA4)<\/a>&nbsp;deliberou hoje (18) a declara\u00e7\u00e3o de&nbsp;<a href=\"https:\/\/www.suno.com.br\/artigos\/entenda-o-jcp\/\" target=\"_blank\" rel=\"noreferrer noopener\">juros sobre capital pr\u00f3prio<\/a>&nbsp;aos seus investidores, no valor bruto de R$ 723 milh\u00f5es.<\/li>\n<\/ul>\n\n\n\n<ul class=\"wp-block-list\">\n<li>Os&nbsp;<strong>JCP da Ita\u00fasa<\/strong>&nbsp;representam um valor bruto de R$ 0,07 por a\u00e7\u00e3o. Considerando a reten\u00e7\u00e3o de 15% de imposto de renda na fonte, tributa\u00e7\u00e3o comum a esse tipo de provento, os juros l\u00edquidos a serem distribu\u00eddos s\u00e3o de R$ 0,0595 por a\u00e7\u00e3o.<\/li>\n<\/ul>\n\n\n\n<ul class=\"wp-block-list\">\n<li>Apesar disso, nem todos necessariamente ter\u00e3o que arcar com esse Imposto. Isso porque ele n\u00e3o ser\u00e1 devido aos acionistas pessoas jur\u00eddicas que comprovarem ser imunes ou isentos.<\/li>\n<\/ul>\n\n\n\n<ul class=\"wp-block-list\">\n<li>Os novos&nbsp;<strong>juros sobre capital pr\u00f3prio da Ita\u00fasa<\/strong>&nbsp;v\u00e3o ser distribu\u00eddos at\u00e9 30 de agosto de 2024, mas somente a quem terminar a sess\u00e3o do dia 21 de mar\u00e7o de 2024 comprado nas a\u00e7\u00f5es da empresa.<\/li>\n<\/ul>\n\n\n\n<ul class=\"wp-block-list\">\n<li>O montante a ser distribu\u00eddo tamb\u00e9m ser\u00e1 imputado ao valor do dividendo do exerc\u00edcio de 2024.<\/li>\n<\/ul>\n\n\n\n<h2 class=\"wp-block-heading\">Magazine Luiza (MGLU3): recupera\u00e7\u00e3o do lucro e da rentabilidade deve marcar balan\u00e7o do 4T23, dizem analistas<\/h2>\n\n\n\n<ul class=\"wp-block-list\">\n<li>Previsto para ser divulgado nesta segunda-feira (18), depois do&nbsp;<a href=\"https:\/\/www.suno.com.br\/artigos\/fechamento-do-mercado\/\">fechamento do mercado<\/a>, o resultado do quarto trimestre da&nbsp;<a href=\"https:\/\/www.suno.com.br\/acoes\/mglu3\/\"><strong>Magazine Luiza<\/strong>&nbsp;(MGLU3)<\/a>&nbsp;deve apresentar uma desacelera\u00e7\u00e3o no faturamento, mas uma recupera\u00e7\u00e3o em rela\u00e7\u00e3o \u00e0 rentabilidade, segundo a Genial Investimentos.<\/li>\n<\/ul>\n\n\n\n<ul class=\"wp-block-list\">\n<li>Segundo estimativas da&nbsp;<strong>Genial Investimentos<\/strong>, a varejista deve reportar lucro de R$ 13 milh\u00f5es no&nbsp;<strong>4T23 da Magazine Luiza<\/strong>&nbsp;\u2013 revertendo o preju\u00edzo de R$ 36 milh\u00f5es apresentados no mesmo per\u00edodo do ano anterior.<\/li>\n<\/ul>\n\n\n\n<ul class=\"wp-block-list\">\n<li>\u201cApesar de projetarmos maiores&nbsp;<a href=\"https:\/\/www.suno.com.br\/artigos\/despesas-financeiras\/\">despesas financeiras<\/a>&nbsp;em rela\u00e7\u00e3o ao 3T23 \u2013 uma vez que esse trimestre teve um forte impacto de corre\u00e7\u00e3o monet\u00e1ria no valor de R$ 264 milh\u00f5es na&nbsp;<a href=\"https:\/\/www.suno.com.br\/artigos\/receita-financeira\/\">receita financeira<\/a>&nbsp;\u2013, acreditamos que a recomposi\u00e7\u00e3o do Ebitda ser\u00e1 mais do que suficiente para levar&nbsp;<strong>Magalu no 4T23<\/strong>&nbsp;a um outro trimestre de&nbsp;<a href=\"https:\/\/www.suno.com.br\/artigos\/lucro-liquido\/\">lucro l\u00edquido<\/a>\u201c, pontuaram os analistas Iago Souza, Vinicius Esteves e Nina Mirazon.<\/li>\n<\/ul>\n\n\n\n<ul class=\"wp-block-list\">\n<li>Al\u00e9m disso, com as vendas de marketplace ganhando ainda mais penetra\u00e7\u00e3o no mix nesse \u00faltimo trimestre, a casa entende que h\u00e1 espa\u00e7o para a companhia apresentar um quarto trimestre hist\u00f3rico em termos de rentabilidade.<\/li>\n<\/ul>\n\n\n\n<ul class=\"wp-block-list\">\n<li>Para o 4T23, a Genial espera que a&nbsp;<strong>receita l\u00edquida da Magazine Luiza<\/strong>&nbsp;chegue a R$ 10,6 bilh\u00f5es, queda de 4,7% na compara\u00e7\u00e3o com o mesmo per\u00edodo de 2022.<\/li>\n<\/ul>\n\n\n\n<ul class=\"wp-block-list\">\n<li>A casa acredita ainda que o&nbsp;<strong>Ebitda da<\/strong>&nbsp;<strong>Magazine Luiza<\/strong>&nbsp;no quarto trimestre de 2023 deva ser positivo em R$ 717 milh\u00f5es, ante R$ 674 milh\u00f5es positivo no mesmo per\u00edodo do ano anterior. J\u00e1 a&nbsp;<strong>margem Ebitda ajustada do Magazine Luiza<\/strong>&nbsp;deve ficar em 6,7%, aumento de 70 pontos-base na compara\u00e7\u00e3o anual.<\/li>\n<\/ul>\n\n\n\n<ul class=\"wp-block-list\">\n<li>\u201cCom o forte crescimento de&nbsp;<a href=\"https:\/\/www.suno.com.br\/artigos\/margem-bruta-entenda-sua-importancia\/\">margem bruta<\/a>&nbsp;e ainda capturando os ganhos em rela\u00e7\u00e3o ao enxugamento de despesas feitos ao longo de 2023, acreditamos que&nbsp;<strong>Magalu<\/strong>&nbsp;deva apresentar uma&nbsp;<a href=\"https:\/\/www.suno.com.br\/artigos\/margem-ebitda\/\">margem Ebitda<\/a>&nbsp;pr\u00f3xima aos n\u00edveis de 2020\u2033, disse a Genial.<\/li>\n<\/ul>\n\n\n\n<ul class=\"wp-block-list\">\n<li>Para a gestora, o&nbsp;<strong>lucro bruto da Magazine Luiza<\/strong>&nbsp;no quarto trimestre deve chegar a R$ 3,1 bilh\u00f5es, alta de 1,6% na compara\u00e7\u00e3o ano a ano, e uma&nbsp;<a href=\"https:\/\/www.suno.com.br\/artigos\/margem-bruta-entenda-sua-importancia\/\">margem bruta<\/a>&nbsp;de 29,6%, aumento de 185 pontos-base em rela\u00e7\u00e3o ao mesmo per\u00edodo de 2022.<\/li>\n<\/ul>\n\n\n\n<h2 class=\"wp-block-heading\">Marisa (AMAR3) engaja bancos para avaliar aumento de capital e descontinua guidances<\/h2>\n\n\n\n<ul class=\"wp-block-list\">\n<li>A&nbsp;<a href=\"https:\/\/www.suno.com.br\/acoes\/amar3\/\">Lojas&nbsp;<strong>Marisa&nbsp;<\/strong>(AMAR3)<\/a>&nbsp;informou nesta segunda-feira (18), que engajou o&nbsp;<a href=\"https:\/\/www.suno.com.br\/acoes\/BPAC11\/\">BTG Pactual (BPAC11)<\/a>&nbsp;e o Ita\u00fa BBA para avaliar a viabilidade e estruturar uma potencial oferta p\u00fablica subsequente de distribui\u00e7\u00e3o exclusivamente prim\u00e1ria de a\u00e7\u00f5es de emiss\u00e3o da companhia, a ser realizada no Brasil e sem esfor\u00e7os de venda no exterior.<\/li>\n<\/ul>\n\n\n\n<ul class=\"wp-block-list\">\n<li>Al\u00e9m de um potencial&nbsp;<strong>follow-on da Marisa<\/strong>, ser\u00e1 considerado um potencial&nbsp;<a href=\"https:\/\/www.suno.com.br\/artigos\/aumento-capital\/\">aumento de capital<\/a>&nbsp;privado da companhia, com emiss\u00e3o de novas a\u00e7\u00f5es a serem subscritas e integralizadas pelos acionistas da companhia. Tamb\u00e9m foram contratados o BR Partners, como assessor financeiro, e o Lefosse Advogados, como assessor legal.<\/li>\n<\/ul>\n\n\n\n<ul class=\"wp-block-list\">\n<li>A potencial oferta ou o potencial&nbsp;<strong>aumento de capitalda Marisa&nbsp;<\/strong>corresponder\u00e1 a montante n\u00e3o inferior a R$ 195 milh\u00f5es, \u00e0 medida que a companhia \u201crecebeu de seus acionistas controladores um compromisso de investimento irrevog\u00e1vel e irretrat\u00e1vel de subscrever e integralizar a\u00e7\u00f5es no \u00e2mbito da potencial oferta ou do potencial&nbsp;<a href=\"https:\/\/www.suno.com.br\/artigos\/aumento-capital\/\">aumento de capital<\/a>&nbsp;privado em montante n\u00e3o inferior a R$ 195.000.000,00, ao pre\u00e7o por a\u00e7\u00e3o a ser deliberado pelo&nbsp;<a href=\"https:\/\/www.suno.com.br\/artigos\/conselho-administracao\/\">conselho de administra\u00e7\u00e3o<\/a>\u201c.<\/li>\n<\/ul>\n\n\n\n<ul class=\"wp-block-list\">\n<li>Segundo&nbsp;<a href=\"https:\/\/www.suno.com.br\/artigos\/fato-relevante\/\">fato relevante<\/a>, a potencial oferta ou o potencial aumento de capital privado poder\u00e3o ainda ser acrescidos de montante adicional de at\u00e9 R$ 90 milh\u00f5es, ao pre\u00e7o da oferta, para possibilitar a contribui\u00e7\u00e3o de cr\u00e9ditos detidos pelos acionistas controladores contra a companhia oriundos da 7\u00aa, 8\u00aa e 9\u00aa emiss\u00e3o simples de deb\u00eantures da companhia, com vistas a diminuir a alavancagem.<\/li>\n<\/ul>\n\n\n\n<p>Da&nbsp;<strong>Ita\u00fasa<\/strong> ao Banco do Brasil, essas foram as empresas que se destacaram hoje. Para ler todas as mat\u00e9rias&nbsp;<strong><a href=\"https:\/\/www.suno.com.br\/noticias\/todos\/?utm_content=XYOE2ItQuUY.20201113&amp;utm_campaign=Track%2B&amp;utm_medium=video&amp;utm_source=telegram.sunoresearch\" target=\"_blank\" rel=\"noreferrer noopener\">clique aqui<\/a><\/strong>.<a href=\"https:\/\/lp.suno.com.br\/planilha-da-vida-financeira\/\" target=\"_blank\" rel=\"noreferrer noopener\"><\/a><a href=\"https:\/\/lp.suno.com.br\/cl\/webinario-suno-black-2024\/\" target=\"_blank\" rel=\"noreferrer noopener\"><\/a><a href=\"https:\/\/lp.suno.com.br\/planilha-da-vida-financeira\/\" target=\"_blank\" rel=\"noreferrer noopener\"><\/a><a href=\"https:\/\/lp.suno.com.br\/planilha-da-vida-financeira\/\" target=\"_blank\" rel=\"noreferrer noopener\"><\/a><a href=\"https:\/\/lp.suno.com.br\/planilha-da-vida-financeira\/\" target=\"_blank\" rel=\"noreferrer noopener\"><\/a><a href=\"https:\/\/lp.suno.com.br\/planilha-da-vida-financeira\/\" target=\"_blank\" rel=\"noreferrer noopener\"><\/a><a href=\"https:\/\/lp.suno.com.br\/planilha-da-vida-financeira\/\" target=\"_blank\" rel=\"noreferrer noopener\"><\/a><a href=\"https:\/\/lp.suno.com.br\/planilha-da-vida-financeira\/\" target=\"_blank\" rel=\"noreferrer noopener\"><\/a><a href=\"https:\/\/lp.suno.com.br\/planilha-da-vida-financeira\/\" target=\"_blank\" rel=\"noreferrer noopener\"><\/a><a href=\"https:\/\/lp.suno.com.br\/planilha-da-vida-financeira\/\" target=\"_blank\" rel=\"noreferrer noopener\"><\/a><a href=\"https:\/\/lp.suno.com.br\/planilha-da-vida-financeira\/\" target=\"_blank\" rel=\"noreferrer noopener\"><\/a><a href=\"https:\/\/lp.suno.com.br\/planilha-da-vida-financeira\/\" target=\"_blank\" rel=\"noreferrer noopener\"><\/a><a href=\"https:\/\/lp.suno.com.br\/planilha-da-vida-financeira\/\" target=\"_blank\" rel=\"noreferrer noopener\"><\/a><a href=\"https:\/\/lp.suno.com.br\/planilha-da-vida-financeira\/\" target=\"_blank\" rel=\"noreferrer noopener\"><\/a><a href=\"https:\/\/lp.suno.com.br\/planilha-da-vida-financeira\/\" target=\"_blank\" rel=\"noreferrer noopener\"><\/a><a href=\"https:\/\/lp.suno.com.br\/planilha-da-vida-financeira\/\" target=\"_blank\" rel=\"noreferrer noopener\"><\/a><a href=\"https:\/\/lp.suno.com.br\/planilha-da-vida-financeira\/\" target=\"_blank\" rel=\"noreferrer noopener\"><\/a><a href=\"https:\/\/lp.suno.com.br\/planilha-da-vida-financeira\/\" target=\"_blank\" rel=\"noreferrer noopener\"><\/a><a href=\"https:\/\/lp.suno.com.br\/planilha-da-vida-financeira\/\" target=\"_blank\" rel=\"noreferrer noopener\"><\/a><a href=\"https:\/\/lp.suno.com.br\/cl\/aniversario-suno-7-anos\/\" target=\"_blank\" rel=\"noreferrer noopener\"><\/a><a href=\"https:\/\/lp.suno.com.br\/cl\/aniversario-suno-7-anos\/\" target=\"_blank\" rel=\"noreferrer noopener\"><\/a><a href=\"https:\/\/lp.suno.com.br\/cl\/aniversario-suno-7-anos\/\" target=\"_blank\" rel=\"noreferrer noopener\"><\/a><a href=\"https:\/\/lp.suno.com.br\/cl\/distribuicao-aniversario-7-anos\/\" target=\"_blank\" rel=\"noreferrer noopener\"><\/a><a href=\"https:\/\/lp.suno.com.br\/planilha-da-vida-financeira\/\" target=\"_blank\" rel=\"noreferrer noopener\"><\/a><a href=\"https:\/\/lp.suno.com.br\/planilha-da-vida-financeira\/\" target=\"_blank\" rel=\"noreferrer noopener\"><\/a><a href=\"https:\/\/lp.suno.com.br\/cl\/aniversario-suno-7-anos\/\" target=\"_blank\" rel=\"noreferrer noopener\"><\/a><a href=\"https:\/\/lp.suno.com.br\/planilha-da-vida-financeira\/\" target=\"_blank\" rel=\"noreferrer noopener\"><\/a><a href=\"https:\/\/lp.suno.com.br\/planilha-da-vida-financeira\/\" target=\"_blank\" rel=\"noreferrer noopener\"><\/a><a href=\"https:\/\/lp.suno.com.br\/planilha-da-vida-financeira\/\" target=\"_blank\" rel=\"noreferrer noopener\"><\/a><a href=\"https:\/\/lp.suno.com.br\/planilha-da-vida-financeira\/\" target=\"_blank\" rel=\"noreferrer noopener\"><\/a><a href=\"https:\/\/lp.suno.com.br\/planilha-da-vida-financeira\/\" target=\"_blank\" rel=\"noreferrer noopener\"><\/a><a href=\"https:\/\/lp.suno.com.br\/planilha-da-vida-financeira\/\" target=\"_blank\" rel=\"noreferrer noopener\"><\/a><a href=\"https:\/\/lp.suno.com.br\/planilha-da-vida-financeira\/\" target=\"_blank\" rel=\"noreferrer noopener\"><\/a><a href=\"https:\/\/lp.suno.com.br\/planilha-da-vida-financeira\/\" target=\"_blank\" rel=\"noreferrer noopener\"><\/a><a href=\"https:\/\/lp.suno.com.br\/planilha-da-vida-financeira\/\" target=\"_blank\" rel=\"noreferrer noopener\"><\/a><\/p>\n\n\n\t<p>\n\t\t<a href=\"https:\/\/lp.suno.com.br\/planilha-da-vida-financeira\/\" target=\"_blank\" data-element=\"shortcode-suno-banner\" title=\"Banner SUNO, clique e saiba mais\">\n\t\t\t<picture>\n\t\t\t\t<source media=\"(max-width: 500px)\" srcset=\"https:\/\/files.sunoresearch.com.br\/n\/uploads\/2023\/04\/400x300-Planilha-vida-financeira-true.png\">\n\t\t\t\t<img class=\"newsContent__article__imgCapa newsContent__article__imgCapa--banner\"\n\t\t\t\t\tsrc=\"https:\/\/files.sunoresearch.com.br\/n\/uploads\/2023\/04\/1420x240-Planilha-vida-financeira-true.png\"\n\t\t\t\t\tdata-promo-id=\"383123\"\t\t\t\t\t\t\t\t\t\twidth='1420' height='240'\t\t\t\t\talt=\"https:\/\/files.sunoresearch.com.br\/n\/uploads\/2023\/04\/1420x240-Planilha-vida-financeira-true.png\"\n\t\t\t\t>\n\t\t\t<\/picture>\n\t\t<\/a>\n\t<\/p>\n\n\n","protected":false},"excerpt":{"rendered":"<p>A&nbsp;Ita\u00fasa (ITSA4), holding controladora do banco&nbsp;Ita\u00fa (ITUB4), apresentou nesta segunda-feira (18), logo ap\u00f3s o&nbsp;fechamento do mercado, os seus resultados referentes ao quarto trimestre de 2023 e o consolidado do ano.&nbsp; Resultado financeiro de Ita\u00fasa (ITSA4) no 2T25 Foto: Divulga\u00e7\u00e3o O&nbsp;lucro l\u00edquido recorrente da Ita\u00fasa&nbsp;\u2014 que tamb\u00e9m tem investimentos em outras empresas listadas como&nbsp;Alpargatas (ALPA4), Dexco [&hellip;]<\/p>\n","protected":false},"author":227,"featured_media":473000,"comment_status":"closed","ping_status":"closed","sticky":false,"template":"","format":"standard","meta":[],"categories":[64],"tags":[732,460,517,548,106933],"suno_strategy":[],"class_list":["post-535031","post","type-post","status-publish","format-standard","has-post-thumbnail","hentry","category-negocios","tag-banco-do-brasil-bbas3","tag-embraer-embr3","tag-itausa-itsa3-itsa4","tag-magazine-luiza-mglu3","tag-raizen-raiz4"],"yoast_head":"<!-- This site is optimized with the Yoast SEO plugin v24.4 - https:\/\/yoast.com\/wordpress\/plugins\/seo\/ -->\n<title>Radar: Lucro de Ita\u00fasa (ITSA4)\u00a0sobe no 4T23, Ra\u00edzen (RAIZ4) vai pagar dividendos milion\u00e1rios e Banco do Brasil (BBAS3) faz capta\u00e7\u00e3o de US$ 750 mi<\/title>\n<meta name=\"description\" content=\"Lucro de Ita\u00fasa (ITSA4)\u00a0avan\u00e7a no 4T23, Ra\u00edzen (RAIZ4) vai pagar dividendos milion\u00e1rios e Banco do Brasil (BBAS3) faz capta\u00e7\u00e3o de US$ 750 milh\u00f5es\" \/>\n<meta name=\"robots\" content=\"index, follow, max-snippet:-1, max-image-preview:large, max-video-preview:-1\" \/>\n<link rel=\"canonical\" href=\"https:\/\/www.suno.com.br\/noticias\/rada-itausa-itsa4-raizen-raiz4-banco-do-brasil-bbas3\/\" \/>\n<meta property=\"og:locale\" content=\"pt_BR\" \/>\n<meta property=\"og:type\" content=\"article\" \/>\n<meta property=\"og:title\" content=\"Radar: Lucro de Ita\u00fasa (ITSA4)\u00a0sobe no 4T23, Ra\u00edzen (RAIZ4) vai pagar dividendos milion\u00e1rios e Banco do Brasil (BBAS3) faz capta\u00e7\u00e3o de US$ 750 mi\" \/>\n<meta property=\"og:description\" content=\"Lucro de Ita\u00fasa (ITSA4)\u00a0avan\u00e7a no 4T23, Ra\u00edzen (RAIZ4) vai pagar dividendos milion\u00e1rios e Banco do Brasil (BBAS3) faz capta\u00e7\u00e3o de US$ 750 milh\u00f5es\" \/>\n<meta property=\"og:url\" content=\"https:\/\/www.suno.com.br\/noticias\/rada-itausa-itsa4-raizen-raiz4-banco-do-brasil-bbas3\/\" \/>\n<meta property=\"og:site_name\" content=\"Suno Not\u00edcias\" \/>\n<meta property=\"article:publisher\" content=\"https:\/\/facebook.com\/sunoresearch\" \/>\n<meta property=\"og:image\" content=\"https:\/\/files.sunoresearch.com.br\/n\/uploads\/2023\/10\/Itausa-divulgacao.jpg\" \/>\n\t<meta property=\"og:image:width\" content=\"1550\" \/>\n\t<meta property=\"og:image:height\" content=\"823\" \/>\n\t<meta property=\"og:image:type\" content=\"image\/jpeg\" \/>\n<meta name=\"author\" content=\"Vanessa Loiola\" \/>\n<meta name=\"twitter:card\" content=\"summary_large_image\" \/>\n<meta name=\"twitter:creator\" content=\"@sunoresearch\" \/>\n<meta name=\"twitter:site\" content=\"@sunoresearch\" \/>\n<meta name=\"twitter:label1\" content=\"Escrito por\" \/>\n\t<meta name=\"twitter:data1\" content=\"Vanessa Loiola\" \/>\n\t<meta name=\"twitter:label2\" content=\"Est. tempo de leitura\" \/>\n\t<meta name=\"twitter:data2\" content=\"10 minutos\" \/>\n<script type=\"application\/ld+json\" class=\"yoast-schema-graph\">{\"@context\":\"https:\/\/schema.org\",\"@graph\":[{\"@type\":\"NewsArticle\",\"@id\":\"https:\/\/www.suno.com.br\/noticias\/rada-itausa-itsa4-raizen-raiz4-banco-do-brasil-bbas3\/#article\",\"isPartOf\":{\"@id\":\"https:\/\/www.suno.com.br\/noticias\/rada-itausa-itsa4-raizen-raiz4-banco-do-brasil-bbas3\/\"},\"author\":{\"name\":\"Vanessa Loiola\",\"@id\":\"https:\/\/www.suno.com.br\/noticias\/#\/schema\/person\/450c455ecff319bab1f1a0e643451479\"},\"headline\":\"Radar: Lucro de Ita\u00fasa (ITSA4)\u00a0sobe no 4T23, Ra\u00edzen (RAIZ4) vai pagar dividendos milion\u00e1rios e Banco do Brasil (BBAS3) faz capta\u00e7\u00e3o de US$ 750 milh\u00f5es\",\"datePublished\":\"2024-03-19T03:24:12+00:00\",\"dateModified\":\"2024-03-19T03:24:25+00:00\",\"mainEntityOfPage\":{\"@id\":\"https:\/\/www.suno.com.br\/noticias\/rada-itausa-itsa4-raizen-raiz4-banco-do-brasil-bbas3\/\"},\"wordCount\":2023,\"publisher\":{\"@id\":\"https:\/\/www.suno.com.br\/noticias\/#organization\"},\"image\":{\"@id\":\"https:\/\/www.suno.com.br\/noticias\/rada-itausa-itsa4-raizen-raiz4-banco-do-brasil-bbas3\/#primaryimage\"},\"thumbnailUrl\":\"https:\/\/files.sunoresearch.com.br\/n\/uploads\/2023\/10\/Itausa-divulgacao.jpg\",\"keywords\":[\"Banco do Brasil (BBAS3)\",\"Embraer (EMBR3)\",\"Ita\u00fasa (ITSA3\/ITSA4)\",\"Magazine Luiza (MGLU3)\",\"Ra\u00edzen (RAIZ4)\"],\"articleSection\":[\"Neg\u00f3cios\"],\"inLanguage\":\"pt-BR\"},{\"@type\":\"WebPage\",\"@id\":\"https:\/\/www.suno.com.br\/noticias\/rada-itausa-itsa4-raizen-raiz4-banco-do-brasil-bbas3\/\",\"url\":\"https:\/\/www.suno.com.br\/noticias\/rada-itausa-itsa4-raizen-raiz4-banco-do-brasil-bbas3\/\",\"name\":\"Radar: Lucro de Ita\u00fasa (ITSA4)\u00a0sobe no 4T23, Ra\u00edzen (RAIZ4) vai pagar dividendos milion\u00e1rios e Banco do Brasil (BBAS3) faz capta\u00e7\u00e3o de US$ 750 mi\",\"isPartOf\":{\"@id\":\"https:\/\/www.suno.com.br\/noticias\/#website\"},\"primaryImageOfPage\":{\"@id\":\"https:\/\/www.suno.com.br\/noticias\/rada-itausa-itsa4-raizen-raiz4-banco-do-brasil-bbas3\/#primaryimage\"},\"image\":{\"@id\":\"https:\/\/www.suno.com.br\/noticias\/rada-itausa-itsa4-raizen-raiz4-banco-do-brasil-bbas3\/#primaryimage\"},\"thumbnailUrl\":\"https:\/\/files.sunoresearch.com.br\/n\/uploads\/2023\/10\/Itausa-divulgacao.jpg\",\"datePublished\":\"2024-03-19T03:24:12+00:00\",\"dateModified\":\"2024-03-19T03:24:25+00:00\",\"description\":\"Lucro de Ita\u00fasa (ITSA4)\u00a0avan\u00e7a no 4T23, Ra\u00edzen (RAIZ4) vai pagar dividendos milion\u00e1rios e Banco do Brasil (BBAS3) faz capta\u00e7\u00e3o de US$ 750 milh\u00f5es\",\"breadcrumb\":{\"@id\":\"https:\/\/www.suno.com.br\/noticias\/rada-itausa-itsa4-raizen-raiz4-banco-do-brasil-bbas3\/#breadcrumb\"},\"inLanguage\":\"pt-BR\",\"potentialAction\":[{\"@type\":\"ReadAction\",\"target\":[\"https:\/\/www.suno.com.br\/noticias\/rada-itausa-itsa4-raizen-raiz4-banco-do-brasil-bbas3\/\"]}]},{\"@type\":\"ImageObject\",\"inLanguage\":\"pt-BR\",\"@id\":\"https:\/\/www.suno.com.br\/noticias\/rada-itausa-itsa4-raizen-raiz4-banco-do-brasil-bbas3\/#primaryimage\",\"url\":\"https:\/\/files.sunoresearch.com.br\/n\/uploads\/2023\/10\/Itausa-divulgacao.jpg\",\"contentUrl\":\"https:\/\/files.sunoresearch.com.br\/n\/uploads\/2023\/10\/Itausa-divulgacao.jpg\",\"width\":1550,\"height\":823,\"caption\":\"Resultado financeiro de Ita\u00fasa (ITSA4) no 2T25 Foto: Divulga\u00e7\u00e3o\"},{\"@type\":\"BreadcrumbList\",\"@id\":\"https:\/\/www.suno.com.br\/noticias\/rada-itausa-itsa4-raizen-raiz4-banco-do-brasil-bbas3\/#breadcrumb\",\"itemListElement\":[{\"@type\":\"ListItem\",\"position\":1,\"name\":\"Not\u00edcias\",\"item\":\"https:\/\/www.suno.com.br\/noticias\/\"},{\"@type\":\"ListItem\",\"position\":2,\"name\":\"Neg\u00f3cios\",\"item\":\"https:\/\/www.suno.com.br\/noticias\/negocios\/\"},{\"@type\":\"ListItem\",\"position\":3,\"name\":\"Radar: Lucro de Ita\u00fasa (ITSA4)\u00a0sobe no 4T23, Ra\u00edzen (RAIZ4) vai pagar dividendos milion\u00e1rios e Banco do Brasil (BBAS3) faz capta\u00e7\u00e3o de US$ 750 milh\u00f5es\"}]},{\"@type\":\"WebSite\",\"@id\":\"https:\/\/www.suno.com.br\/noticias\/#website\",\"url\":\"https:\/\/www.suno.com.br\/noticias\/\",\"name\":\"Suno Not\u00edcias\",\"description\":\"Seu portal de informa\u00e7\u00e3o sobre o mundo dos investimentos\",\"publisher\":{\"@id\":\"https:\/\/www.suno.com.br\/noticias\/#organization\"},\"potentialAction\":[{\"@type\":\"SearchAction\",\"target\":{\"@type\":\"EntryPoint\",\"urlTemplate\":\"https:\/\/www.suno.com.br\/noticias\/?s={search_term_string}\"},\"query-input\":{\"@type\":\"PropertyValueSpecification\",\"valueRequired\":true,\"valueName\":\"search_term_string\"}}],\"inLanguage\":\"pt-BR\"},{\"@type\":\"Organization\",\"@id\":\"https:\/\/www.suno.com.br\/noticias\/#organization\",\"name\":\"Suno Not\u00edcias\",\"url\":\"https:\/\/www.suno.com.br\/noticias\/\",\"logo\":{\"@type\":\"ImageObject\",\"inLanguage\":\"pt-BR\",\"@id\":\"https:\/\/www.suno.com.br\/noticias\/#\/schema\/logo\/image\/\",\"url\":\"https:\/\/files.sunoresearch.com.br\/n\/uploads\/2021\/09\/suno-logo.png\",\"contentUrl\":\"https:\/\/files.sunoresearch.com.br\/n\/uploads\/2021\/09\/suno-logo.png\",\"width\":180,\"height\":180,\"caption\":\"Suno Not\u00edcias\"},\"image\":{\"@id\":\"https:\/\/www.suno.com.br\/noticias\/#\/schema\/logo\/image\/\"},\"sameAs\":[\"https:\/\/facebook.com\/sunoresearch\",\"https:\/\/x.com\/sunoresearch\",\"https:\/\/www.instagram.com\/suno\",\"https:\/\/www.linkedin.com\/company\/suno-research\/\",\"https:\/\/www.youtube.com\/c\/sunoresearch\"]},{\"@type\":\"Person\",\"@id\":\"https:\/\/www.suno.com.br\/noticias\/#\/schema\/person\/450c455ecff319bab1f1a0e643451479\",\"name\":\"Vanessa Loiola\",\"image\":{\"@type\":\"ImageObject\",\"inLanguage\":\"pt-BR\",\"@id\":\"https:\/\/www.suno.com.br\/noticias\/#\/schema\/person\/image\/\",\"url\":\"https:\/\/secure.gravatar.com\/avatar\/8b41117f9780831919eb38da349c3f20?s=96&r=g\",\"contentUrl\":\"https:\/\/secure.gravatar.com\/avatar\/8b41117f9780831919eb38da349c3f20?s=96&r=g\",\"caption\":\"Vanessa Loiola\"},\"description\":\"Jornalista formada pela PUC-SP, com experi\u00eancia na cobertura das editorias de economia, finan\u00e7as, bolsa de valores, pol\u00edtica, energia solar e entretenimento. Com passagem pela BM&amp;C News e RedeTV!\",\"url\":\"https:\/\/www.suno.com.br\/noticias\/author\/vanessal-loiolagmail-com\/\"}]}<\/script>\n<!-- \/ Yoast SEO plugin. -->","yoast_head_json":{"title":"Radar: Lucro de Ita\u00fasa (ITSA4)\u00a0sobe no 4T23, Ra\u00edzen (RAIZ4) vai pagar dividendos milion\u00e1rios e Banco do Brasil (BBAS3) faz capta\u00e7\u00e3o de US$ 750 mi","description":"Lucro de Ita\u00fasa (ITSA4)\u00a0avan\u00e7a no 4T23, Ra\u00edzen (RAIZ4) vai pagar dividendos milion\u00e1rios e Banco do Brasil (BBAS3) faz capta\u00e7\u00e3o de US$ 750 milh\u00f5es","robots":{"index":"index","follow":"follow","max-snippet":"max-snippet:-1","max-image-preview":"max-image-preview:large","max-video-preview":"max-video-preview:-1"},"canonical":"https:\/\/www.suno.com.br\/noticias\/rada-itausa-itsa4-raizen-raiz4-banco-do-brasil-bbas3\/","og_locale":"pt_BR","og_type":"article","og_title":"Radar: Lucro de Ita\u00fasa (ITSA4)\u00a0sobe no 4T23, Ra\u00edzen (RAIZ4) vai pagar dividendos milion\u00e1rios e Banco do Brasil (BBAS3) faz capta\u00e7\u00e3o de US$ 750 mi","og_description":"Lucro de Ita\u00fasa (ITSA4)\u00a0avan\u00e7a no 4T23, Ra\u00edzen (RAIZ4) vai pagar dividendos milion\u00e1rios e Banco do Brasil (BBAS3) faz capta\u00e7\u00e3o de US$ 750 milh\u00f5es","og_url":"https:\/\/www.suno.com.br\/noticias\/rada-itausa-itsa4-raizen-raiz4-banco-do-brasil-bbas3\/","og_site_name":"Suno Not\u00edcias","article_publisher":"https:\/\/facebook.com\/sunoresearch","og_image":[{"width":1550,"height":823,"url":"https:\/\/files.sunoresearch.com.br\/n\/uploads\/2023\/10\/Itausa-divulgacao.jpg","type":"image\/jpeg"}],"author":"Vanessa Loiola","twitter_card":"summary_large_image","twitter_creator":"@sunoresearch","twitter_site":"@sunoresearch","twitter_misc":{"Escrito por":"Vanessa Loiola","Est. tempo de leitura":"10 minutos"},"schema":{"@context":"https:\/\/schema.org","@graph":[{"@type":"NewsArticle","@id":"https:\/\/www.suno.com.br\/noticias\/rada-itausa-itsa4-raizen-raiz4-banco-do-brasil-bbas3\/#article","isPartOf":{"@id":"https:\/\/www.suno.com.br\/noticias\/rada-itausa-itsa4-raizen-raiz4-banco-do-brasil-bbas3\/"},"author":{"name":"Vanessa Loiola","@id":"https:\/\/www.suno.com.br\/noticias\/#\/schema\/person\/450c455ecff319bab1f1a0e643451479"},"headline":"Radar: Lucro de Ita\u00fasa (ITSA4)\u00a0sobe no 4T23, Ra\u00edzen (RAIZ4) vai pagar dividendos milion\u00e1rios e Banco do Brasil (BBAS3) faz capta\u00e7\u00e3o de US$ 750 milh\u00f5es","datePublished":"2024-03-19T03:24:12+00:00","dateModified":"2024-03-19T03:24:25+00:00","mainEntityOfPage":{"@id":"https:\/\/www.suno.com.br\/noticias\/rada-itausa-itsa4-raizen-raiz4-banco-do-brasil-bbas3\/"},"wordCount":2023,"publisher":{"@id":"https:\/\/www.suno.com.br\/noticias\/#organization"},"image":{"@id":"https:\/\/www.suno.com.br\/noticias\/rada-itausa-itsa4-raizen-raiz4-banco-do-brasil-bbas3\/#primaryimage"},"thumbnailUrl":"https:\/\/files.sunoresearch.com.br\/n\/uploads\/2023\/10\/Itausa-divulgacao.jpg","keywords":["Banco do Brasil (BBAS3)","Embraer (EMBR3)","Ita\u00fasa (ITSA3\/ITSA4)","Magazine Luiza (MGLU3)","Ra\u00edzen (RAIZ4)"],"articleSection":["Neg\u00f3cios"],"inLanguage":"pt-BR"},{"@type":"WebPage","@id":"https:\/\/www.suno.com.br\/noticias\/rada-itausa-itsa4-raizen-raiz4-banco-do-brasil-bbas3\/","url":"https:\/\/www.suno.com.br\/noticias\/rada-itausa-itsa4-raizen-raiz4-banco-do-brasil-bbas3\/","name":"Radar: Lucro de Ita\u00fasa (ITSA4)\u00a0sobe no 4T23, Ra\u00edzen (RAIZ4) vai pagar dividendos milion\u00e1rios e Banco do Brasil (BBAS3) faz capta\u00e7\u00e3o de US$ 750 mi","isPartOf":{"@id":"https:\/\/www.suno.com.br\/noticias\/#website"},"primaryImageOfPage":{"@id":"https:\/\/www.suno.com.br\/noticias\/rada-itausa-itsa4-raizen-raiz4-banco-do-brasil-bbas3\/#primaryimage"},"image":{"@id":"https:\/\/www.suno.com.br\/noticias\/rada-itausa-itsa4-raizen-raiz4-banco-do-brasil-bbas3\/#primaryimage"},"thumbnailUrl":"https:\/\/files.sunoresearch.com.br\/n\/uploads\/2023\/10\/Itausa-divulgacao.jpg","datePublished":"2024-03-19T03:24:12+00:00","dateModified":"2024-03-19T03:24:25+00:00","description":"Lucro de Ita\u00fasa (ITSA4)\u00a0avan\u00e7a no 4T23, Ra\u00edzen (RAIZ4) vai pagar dividendos milion\u00e1rios e Banco do Brasil (BBAS3) faz capta\u00e7\u00e3o de US$ 750 milh\u00f5es","breadcrumb":{"@id":"https:\/\/www.suno.com.br\/noticias\/rada-itausa-itsa4-raizen-raiz4-banco-do-brasil-bbas3\/#breadcrumb"},"inLanguage":"pt-BR","potentialAction":[{"@type":"ReadAction","target":["https:\/\/www.suno.com.br\/noticias\/rada-itausa-itsa4-raizen-raiz4-banco-do-brasil-bbas3\/"]}]},{"@type":"ImageObject","inLanguage":"pt-BR","@id":"https:\/\/www.suno.com.br\/noticias\/rada-itausa-itsa4-raizen-raiz4-banco-do-brasil-bbas3\/#primaryimage","url":"https:\/\/files.sunoresearch.com.br\/n\/uploads\/2023\/10\/Itausa-divulgacao.jpg","contentUrl":"https:\/\/files.sunoresearch.com.br\/n\/uploads\/2023\/10\/Itausa-divulgacao.jpg","width":1550,"height":823,"caption":"Resultado financeiro de Ita\u00fasa (ITSA4) no 2T25 Foto: Divulga\u00e7\u00e3o"},{"@type":"BreadcrumbList","@id":"https:\/\/www.suno.com.br\/noticias\/rada-itausa-itsa4-raizen-raiz4-banco-do-brasil-bbas3\/#breadcrumb","itemListElement":[{"@type":"ListItem","position":1,"name":"Not\u00edcias","item":"https:\/\/www.suno.com.br\/noticias\/"},{"@type":"ListItem","position":2,"name":"Neg\u00f3cios","item":"https:\/\/www.suno.com.br\/noticias\/negocios\/"},{"@type":"ListItem","position":3,"name":"Radar: Lucro de Ita\u00fasa (ITSA4)\u00a0sobe no 4T23, Ra\u00edzen (RAIZ4) vai pagar dividendos milion\u00e1rios e Banco do Brasil (BBAS3) faz capta\u00e7\u00e3o de US$ 750 milh\u00f5es"}]},{"@type":"WebSite","@id":"https:\/\/www.suno.com.br\/noticias\/#website","url":"https:\/\/www.suno.com.br\/noticias\/","name":"Suno Not\u00edcias","description":"Seu portal de informa\u00e7\u00e3o sobre o mundo dos investimentos","publisher":{"@id":"https:\/\/www.suno.com.br\/noticias\/#organization"},"potentialAction":[{"@type":"SearchAction","target":{"@type":"EntryPoint","urlTemplate":"https:\/\/www.suno.com.br\/noticias\/?s={search_term_string}"},"query-input":{"@type":"PropertyValueSpecification","valueRequired":true,"valueName":"search_term_string"}}],"inLanguage":"pt-BR"},{"@type":"Organization","@id":"https:\/\/www.suno.com.br\/noticias\/#organization","name":"Suno Not\u00edcias","url":"https:\/\/www.suno.com.br\/noticias\/","logo":{"@type":"ImageObject","inLanguage":"pt-BR","@id":"https:\/\/www.suno.com.br\/noticias\/#\/schema\/logo\/image\/","url":"https:\/\/files.sunoresearch.com.br\/n\/uploads\/2021\/09\/suno-logo.png","contentUrl":"https:\/\/files.sunoresearch.com.br\/n\/uploads\/2021\/09\/suno-logo.png","width":180,"height":180,"caption":"Suno Not\u00edcias"},"image":{"@id":"https:\/\/www.suno.com.br\/noticias\/#\/schema\/logo\/image\/"},"sameAs":["https:\/\/facebook.com\/sunoresearch","https:\/\/x.com\/sunoresearch","https:\/\/www.instagram.com\/suno","https:\/\/www.linkedin.com\/company\/suno-research\/","https:\/\/www.youtube.com\/c\/sunoresearch"]},{"@type":"Person","@id":"https:\/\/www.suno.com.br\/noticias\/#\/schema\/person\/450c455ecff319bab1f1a0e643451479","name":"Vanessa Loiola","image":{"@type":"ImageObject","inLanguage":"pt-BR","@id":"https:\/\/www.suno.com.br\/noticias\/#\/schema\/person\/image\/","url":"https:\/\/secure.gravatar.com\/avatar\/8b41117f9780831919eb38da349c3f20?s=96&r=g","contentUrl":"https:\/\/secure.gravatar.com\/avatar\/8b41117f9780831919eb38da349c3f20?s=96&r=g","caption":"Vanessa Loiola"},"description":"Jornalista formada pela PUC-SP, com experi\u00eancia na cobertura das editorias de economia, finan\u00e7as, bolsa de valores, pol\u00edtica, energia solar e entretenimento. Com passagem pela BM&amp;C News e RedeTV!","url":"https:\/\/www.suno.com.br\/noticias\/author\/vanessal-loiolagmail-com\/"}]}},"default_loop_html":"<div class=\"cardsPage__listCard__boxs\"><div class=\"cardsPage__listCard__boxs__img\"><a href=\"https:\/\/www.suno.com.br\/noticias\/rada-itausa-itsa4-raizen-raiz4-banco-do-brasil-bbas3\/\"><img class=\"mask\" src=\"https:\/\/www.suno.com.br\/noticias\/wp-content\/themes\/suno\/resources\/images\/spotlight\/spotlight1img\/bg-mask.png\" alt=\"Image Mask\"\/><img src=\"https:\/\/files.sunoresearch.com.br\/n\/uploads\/2023\/10\/Itausa-divulgacao-400x200.jpg\" alt=\"Radar: Lucro de Ita\u00fasa (ITSA4)\u00a0sobe no 4T23, Ra\u00edzen (RAIZ4) vai pagar dividendos milion\u00e1rios e Banco do Brasil (BBAS3) faz capta\u00e7\u00e3o de US$ 750 milh\u00f5es\"\/><\/a><span class=\"spotlightCategory\"><a href=\"https:\/\/www.suno.com.br\/noticias\/negocios\/\">Neg\u00f3cios<\/a><\/span><\/div><div class=\"cardsPage__listCard__boxs__content\"><a href=\"https:\/\/www.suno.com.br\/noticias\/rada-itausa-itsa4-raizen-raiz4-banco-do-brasil-bbas3\/\"><h2 class=\"content__title\">Radar: Lucro de Ita\u00fasa (ITSA4)\u00a0sobe no 4T23, Ra\u00edzen (RAIZ4) vai pagar dividendos milion\u00e1rios e Banco do Brasil (BBAS3) faz capta\u00e7\u00e3o de US$ 750 milh\u00f5es<\/h2><\/a><div class=\"newsContent__article__meta\"><div class=\"newsContent__article__meta__authorBox\"><a href=\"https:\/\/www.suno.com.br\/noticias\/author\/vanessal-loiolagmail-com\/\" class=\"authorBox__avatar noMobi\"><img src=\"https:\/\/secure.gravatar.com\/avatar\/8b41117f9780831919eb38da349c3f20?s=96&#038;r=g\" alt=\"Vanessa Loiola\"><\/a><div class=\"authorBox__name\"><span>por\n\t\t\t<a href=\"https:\/\/www.suno.com.br\/noticias\/author\/vanessal-loiolagmail-com\/\"><span itemprop=\"author\">Vanessa Loiola<\/span><\/a><\/span><time datetime=\"2024-03-19T00:24:12-03:00\" itemprop=\"datePublished\">19\/03\/2024 00:24<\/time><\/div><\/div><\/div><\/div><\/div>","single_layout":"posts","amp_enabled":true,"_links":{"self":[{"href":"https:\/\/www.suno.com.br\/noticias\/wp-json\/wp\/v2\/posts\/535031"}],"collection":[{"href":"https:\/\/www.suno.com.br\/noticias\/wp-json\/wp\/v2\/posts"}],"about":[{"href":"https:\/\/www.suno.com.br\/noticias\/wp-json\/wp\/v2\/types\/post"}],"author":[{"embeddable":true,"href":"https:\/\/www.suno.com.br\/noticias\/wp-json\/wp\/v2\/users\/227"}],"replies":[{"embeddable":true,"href":"https:\/\/www.suno.com.br\/noticias\/wp-json\/wp\/v2\/comments?post=535031"}],"version-history":[{"count":2,"href":"https:\/\/www.suno.com.br\/noticias\/wp-json\/wp\/v2\/posts\/535031\/revisions"}],"predecessor-version":[{"id":535079,"href":"https:\/\/www.suno.com.br\/noticias\/wp-json\/wp\/v2\/posts\/535031\/revisions\/535079"}],"wp:featuredmedia":[{"embeddable":true,"href":"https:\/\/www.suno.com.br\/noticias\/wp-json\/wp\/v2\/media\/473000"}],"wp:attachment":[{"href":"https:\/\/www.suno.com.br\/noticias\/wp-json\/wp\/v2\/media?parent=535031"}],"wp:term":[{"taxonomy":"category","embeddable":true,"href":"https:\/\/www.suno.com.br\/noticias\/wp-json\/wp\/v2\/categories?post=535031"},{"taxonomy":"post_tag","embeddable":true,"href":"https:\/\/www.suno.com.br\/noticias\/wp-json\/wp\/v2\/tags?post=535031"},{"taxonomy":"suno_strategy","embeddable":true,"href":"https:\/\/www.suno.com.br\/noticias\/wp-json\/wp\/v2\/suno_strategy?post=535031"}],"curies":[{"name":"wp","href":"https:\/\/api.w.org\/{rel}","templated":true}]}}