{"id":534934,"date":"2024-03-18T18:48:41","date_gmt":"2024-03-18T21:48:41","guid":{"rendered":"https:\/\/www.suno.com.br\/noticias\/?p=534934"},"modified":"2024-03-18T18:48:44","modified_gmt":"2024-03-18T21:48:44","slug":"dolar-fecha-semana-maior-valor-desde-outubro","status":"publish","type":"post","link":"https:\/\/www.suno.com.br\/noticias\/dolar-fecha-semana-maior-valor-desde-outubro\/","title":{"rendered":"D\u00f3lar fecha acima de R$ 5 pela 1\u00aa vez desde outubro. Veja os motivos"},"content":{"rendered":"<p>O <strong>d\u00f3lar<\/strong> \u00e0 vista subiu nesta segunda-feira, 18, pelo terceiro preg\u00e3o consecutivo no mercado dom\u00e9stico de c\u00e2mbio e voltou a fechar acima de R$ 5,00 pela primeira vez desde fins de outubro do ano passado. A alta firme das taxas das Treasuries, \u00e0s v\u00e9speras da decis\u00e3o de <a class=\"suno-keyword\" target=\"_blank\" data-force=\"no\" data-priority=\"1\" href=\"https:\/\/www.suno.com.br\/artigos\/politica-monetaria\/\" rel=\"noopener\">pol\u00edtica monet\u00e1ria<\/a> do Federal Reserve (Fed, o banco central norte-americano), castigou divisas emergentes. As moedas latino-americanas de pa\u00edses com juros altos, que exibiram ganhos robustos em rela\u00e7\u00e3o ao d\u00f3lar no ano passado, foram as que mais sofreram.<\/p>\t<div class=\"wrapper-featured-image\">\n\t\t<figure class=\"spotlightImg\">\n\n\t\t\t<picture>\n\t\t\t\t<source media=\"(max-width: 768px)\" srcset=\"https:\/\/files.sunoresearch.com.br\/n\/uploads\/2023\/12\/dolar-cotacao-1-400x200.jpg\">\n\t\t\t\t<img loading=\"lazy\" decoding=\"async\" class=\"newsContent__article__imgCapa lazyloadDisabled \" src=\"https:\/\/files.sunoresearch.com.br\/n\/uploads\/2023\/12\/dolar-cotacao-1-800x450.jpg\" width=\"800\" height=\"450\" alt=\"D\u00f3lar fecha acima de R$ 5 pela 1\u00aa vez desde outubro. Veja os motivos\" fetchpriority=high \/>\n\t\t\t<\/picture>\n\n\t\t\t<figcaption class=\"wp-caption-text wp-caption-text--show\">fluxo cambial - Foto: iStock<\/figcaption>\n\t\t<\/figure>\n\t<\/div>\n\n\n\n\n\n\t<p>\n\t\t<a href=\"\" target=\"_blank\" data-element=\"shortcode-suno-banner\" title=\"Banner SUNO, clique e saiba mais\">\n\t\t\t<picture>\n\t\t\t\t<source media=\"(max-width: 500px)\" srcset=\"\">\n\t\t\t\t<img class=\"newsContent__article__imgCapa newsContent__article__imgCapa--banner\"\n\t\t\t\t\tsrc=\"\"\n\t\t\t\t\tdata-promo-id=\"240038\"\t\t\t\t\t\t\t\t\t\t\t\t\t\t\talt=\"\"\n\t\t\t\t>\n\t\t\t<\/picture>\n\t\t<\/a>\n\t<\/p>\n\n\n\n\n\n\n\n<p>O <strong>real<\/strong>, que costuma apanhar mais em epis\u00f3dios de fortalecimento global do d\u00f3lar, desta vez teve perdas menores que \u00e0s do peso mexicano. Al\u00e9m da chamada &#8220;Super Quarta&#8221;, dia 20, com decis\u00e3o do Fed e do Comit\u00ea de Pol\u00edtica Monet\u00e1ria (Copom) do Banco Central, na quinta-feira, 21, h\u00e1 reuni\u00e3o do Banco Central do M\u00e9xico (Banxico), que pode iniciar um ciclo de corte da taxa de juros, hoje em 11,25%.<\/p>\n\n\n\n<p>No in\u00edcio dos neg\u00f3cios, a <strong>cota\u00e7\u00e3o do d\u00f3lar <\/strong>at\u00e9 chegou a recuar em rela\u00e7\u00e3o ao real, em meio \u00e0 valoriza\u00e7\u00e3o das commodities com dados positivos da China e o resultado do \u00cdndice de Atividade Econ\u00f4mica do Banco Central (IBC-Br) de janeiro &#8211; que reitera a percep\u00e7\u00e3o de que economia mais forte neste in\u00edcio do ano e sugere uma postura mais cautelosa do BC no processo de corte de juros. Especula-se que o Copom possa abandonar nesta semana o &#8220;foward guidance&#8221; de cortes da ordem de 0,50 ponto porcentual na pr\u00f3ximas reuni\u00f5es.<\/p>\n\n\n\n<p>A mar\u00e9 virou com a troca de sinal dos juros dos Treasuries, que renovaram m\u00e1ximas \u00e0 tarde. Com m\u00ednima a R$ 4,9844 e m\u00e1xima a R$ 5,0254, o <strong>d\u00f3lar \u00e0 vista<\/strong> encerrou em alta de 0,56%, cotado a R$ 5,0259 &#8211; o maior valor de fechamento desde 31 de outubro do ano passado (R$ 5,0414).<\/p>\n\n\n\t<p>\n\t\t<a href=\"https:\/\/lp.suno.com.br\/ebook-gratuito-investindo-no-exterior\/\" target=\"_blank\" data-element=\"shortcode-suno-banner\" title=\"Banner SUNO, clique e saiba mais\">\n\t\t\t<picture>\n\t\t\t\t<source media=\"(max-width: 500px)\" srcset=\"https:\/\/files.sunoresearch.com.br\/n\/uploads\/2023\/03\/400x300-Investindo-no-exterior.png\">\n\t\t\t\t<img class=\"newsContent__article__imgCapa newsContent__article__imgCapa--banner\"\n\t\t\t\t\tsrc=\"https:\/\/files.sunoresearch.com.br\/n\/uploads\/2023\/03\/1420x240-Investindo-no-exterior.png\"\n\t\t\t\t\tdata-promo-id=\"383161\"\t\t\t\t\t\t\t\t\t\twidth='1420' height='240'\t\t\t\t\talt=\"https:\/\/files.sunoresearch.com.br\/n\/uploads\/2023\/03\/1420x240-Investindo-no-exterior.png\"\n\t\t\t\t>\n\t\t\t<\/picture>\n\t\t<\/a>\n\t<\/p>\n\n\n\n\n\n<h2 class=\"wp-block-heading\">D\u00f3lar acumula alta em mar\u00e7o e no ano<\/h2>\n\n\n\n<p>Com o avan\u00e7o desta segunda-feira, a <strong>divisa dos EUA<\/strong> passa a acumular alta de 1,06% em mar\u00e7o. No ano, os ganhos s\u00e3o de 3,56%. A liquidez foi forte para uma abertura de semana. Principal term\u00f4metro do apetite por neg\u00f3cios, o <strong>d\u00f3lar futuro<\/strong> para abril movimento mais de US$ 13 bilh\u00f5es.<\/p>\n\n\n\n<p>&#8220;O mercado est\u00e1 cada vez mais pessimista com a possibilidade de o Fed iniciar o corte de juros neste semestre, e isso est\u00e1 puxando as taxas dos Treasuries e a valoriza\u00e7\u00e3o global do d\u00f3lar&#8221;, afirma o economista-chefe da Frente Corretora, Fabrizio Velloni, para quem o BC norte-americano pode empurrar o in\u00edcio de redu\u00e7\u00e3o da taxa b\u00e1sica para o segundo semestre, tendo em vista as leituras recentes de <a class=\"suno-keyword\" target=\"_blank\" data-force=\"no\" data-priority=\"1\" href=\"https:\/\/www.suno.com.br\/artigos\/indices-de-inflacao\/\" rel=\"noopener\">\u00edndices de infla\u00e7\u00e3o<\/a>.<\/p>\n\n\n\n<p>\u00c9 dado como certo que o Fed vai anunciar nesta semana a manuten\u00e7\u00e3o dos juros na faixa entre 5,25% e 5,50%. As aten\u00e7\u00f5es se voltam as proje\u00e7\u00f5es dos dirigentes para <a class=\"suno-keyword\" target=\"_blank\" data-force=\"no\" data-priority=\"1\" href=\"https:\/\/www.suno.com.br\/artigos\/indicadores-economicos\/\" rel=\"noopener\">indicadores econ\u00f4micos<\/a> e da taxa b\u00e1sica no fim do ano, no chamado gr\u00e1fico de pontos, al\u00e9m da entrevista do chairman Jerome Powell.<\/p>\n\n\n\n<p>Monitoramento do CME Group mostra que as chances de redu\u00e7\u00e3o dos juros em junho, que no in\u00edcio do m\u00eas superavam 70% e na \u00faltima sexta-feira eram de quase 60%, agora est\u00e3o pouco acima de 50%.<\/p>\n\n\n\n<p>Term\u00f4metro do comportamento do <strong>d\u00f3lar<\/strong> frente a uma cesta de seis divisas fortes, o <a class=\"suno-keyword\" target=\"_blank\" data-force=\"no\" data-priority=\"1\" href=\"https:\/\/www.suno.com.br\/artigos\/dxy\/\" rel=\"noopener\">\u00edndice DXY<\/a> operou em leve alta ao longo do dia, com m\u00e1xima aos 103,649 pontos. O iene teve comportamento inst\u00e1vel em rela\u00e7\u00e3o \u00e0 moeda norte-americana, em meio \u00e0 expectativa de que o Banco Central do Jap\u00e3o (BoJ, na sigla em ingl\u00eas) possa dar, nesta ter\u00e7a-feira, o primeiro passo para encerrar a era de taxas de juros negativas.<\/p>\n\n\n\n<p><em>Com Estad\u00e3o Conte\u00fado<\/em><\/p>\n\n\n\t<p>\n\t\t<a href=\"https:\/\/lp.suno.com.br\/planilha-da-vida-financeira\/\" target=\"_blank\" data-element=\"shortcode-suno-banner\" title=\"Banner SUNO, clique e saiba mais\">\n\t\t\t<picture>\n\t\t\t\t<source media=\"(max-width: 500px)\" srcset=\"https:\/\/files.sunoresearch.com.br\/n\/uploads\/2023\/04\/400x300-Planilha-vida-financeira-true.png\">\n\t\t\t\t<img class=\"newsContent__article__imgCapa newsContent__article__imgCapa--banner\"\n\t\t\t\t\tsrc=\"https:\/\/files.sunoresearch.com.br\/n\/uploads\/2023\/04\/1420x240-Planilha-vida-financeira-true.png\"\n\t\t\t\t\tdata-promo-id=\"383123\"\t\t\t\t\t\t\t\t\t\twidth='1420' height='240'\t\t\t\t\talt=\"https:\/\/files.sunoresearch.com.br\/n\/uploads\/2023\/04\/1420x240-Planilha-vida-financeira-true.png\"\n\t\t\t\t>\n\t\t\t<\/picture>\n\t\t<\/a>\n\t<\/p>\n\n\n","protected":false},"excerpt":{"rendered":"<p>O d\u00f3lar \u00e0 vista subiu nesta segunda-feira, 18, pelo terceiro preg\u00e3o consecutivo no mercado dom\u00e9stico de c\u00e2mbio e voltou a fechar acima de R$ 5,00 pela primeira vez desde fins de outubro do ano passado. A alta firme das taxas das Treasuries, \u00e0s v\u00e9speras da decis\u00e3o de pol\u00edtica monet\u00e1ria do Federal Reserve (Fed, o banco [&hellip;]<\/p>\n","protected":false},"author":43,"featured_media":495030,"comment_status":"closed","ping_status":"closed","sticky":false,"template":"","format":"standard","meta":[],"categories":[60],"tags":[326,1852],"suno_strategy":[],"class_list":["post-534934","post","type-post","status-publish","format-standard","has-post-thumbnail","hentry","category-mercado","tag-dolar","tag-dolar-futuro"],"yoast_head":"<!-- This site is optimized with the Yoast SEO plugin v24.4 - https:\/\/yoast.com\/wordpress\/plugins\/seo\/ -->\n<title>D\u00f3lar fecha acima de R$ 5 pela 1\u00aa vez desde outubro<\/title>\n<meta name=\"description\" content=\"O d\u00f3lar subiu nesta segunda pelo terceiro preg\u00e3o consecutivo e voltou a fechar acima de R$ 5 pela 1\u00aa vez desde fins de outubro do ano passado\" \/>\n<meta name=\"robots\" content=\"index, follow, max-snippet:-1, max-image-preview:large, max-video-preview:-1\" \/>\n<link rel=\"canonical\" href=\"https:\/\/www.suno.com.br\/noticias\/dolar-fecha-semana-maior-valor-desde-outubro\/\" \/>\n<meta property=\"og:locale\" content=\"pt_BR\" \/>\n<meta property=\"og:type\" content=\"article\" \/>\n<meta property=\"og:title\" content=\"D\u00f3lar fecha acima de R$ 5 pela 1\u00aa vez desde outubro\" \/>\n<meta property=\"og:description\" content=\"O d\u00f3lar subiu nesta segunda pelo terceiro preg\u00e3o consecutivo e voltou a fechar acima de R$ 5 pela 1\u00aa vez desde fins de outubro do ano passado\" \/>\n<meta property=\"og:url\" content=\"https:\/\/www.suno.com.br\/noticias\/dolar-fecha-semana-maior-valor-desde-outubro\/\" \/>\n<meta property=\"og:site_name\" content=\"Suno Not\u00edcias\" \/>\n<meta property=\"article:publisher\" content=\"https:\/\/facebook.com\/sunoresearch\" \/>\n<meta property=\"article:author\" content=\"https:\/\/www.facebook.com\/sunonoticias\/\" \/>\n<meta property=\"og:image\" content=\"https:\/\/files.sunoresearch.com.br\/n\/uploads\/2023\/12\/dolar-cotacao-1.jpg\" \/>\n\t<meta property=\"og:image:width\" content=\"1200\" \/>\n\t<meta property=\"og:image:height\" content=\"800\" \/>\n\t<meta property=\"og:image:type\" content=\"image\/jpeg\" \/>\n<meta name=\"author\" content=\"Reda\u00e7\u00e3o Suno Not\u00edcias\" \/>\n<meta name=\"twitter:card\" content=\"summary_large_image\" \/>\n<meta name=\"twitter:creator\" content=\"@https:\/\/twitter.com\/sunoresearch\" \/>\n<meta name=\"twitter:site\" content=\"@sunoresearch\" \/>\n<meta name=\"twitter:label1\" content=\"Escrito por\" \/>\n\t<meta name=\"twitter:data1\" content=\"Reda\u00e7\u00e3o Suno Not\u00edcias\" \/>\n\t<meta name=\"twitter:label2\" content=\"Est. tempo de leitura\" \/>\n\t<meta name=\"twitter:data2\" content=\"4 minutos\" \/>\n<script type=\"application\/ld+json\" class=\"yoast-schema-graph\">{\"@context\":\"https:\/\/schema.org\",\"@graph\":[{\"@type\":\"NewsArticle\",\"@id\":\"https:\/\/www.suno.com.br\/noticias\/dolar-fecha-semana-maior-valor-desde-outubro\/#article\",\"isPartOf\":{\"@id\":\"https:\/\/www.suno.com.br\/noticias\/dolar-fecha-semana-maior-valor-desde-outubro\/\"},\"author\":{\"name\":\"Reda\u00e7\u00e3o Suno Not\u00edcias\",\"@id\":\"https:\/\/www.suno.com.br\/noticias\/#\/schema\/person\/c1b1bd3727fa852bd045e9dbff3673ea\"},\"headline\":\"D\u00f3lar fecha acima de R$ 5 pela 1\u00aa vez desde outubro. Veja os motivos\",\"datePublished\":\"2024-03-18T21:48:41+00:00\",\"dateModified\":\"2024-03-18T21:48:44+00:00\",\"mainEntityOfPage\":{\"@id\":\"https:\/\/www.suno.com.br\/noticias\/dolar-fecha-semana-maior-valor-desde-outubro\/\"},\"wordCount\":652,\"publisher\":{\"@id\":\"https:\/\/www.suno.com.br\/noticias\/#organization\"},\"image\":{\"@id\":\"https:\/\/www.suno.com.br\/noticias\/dolar-fecha-semana-maior-valor-desde-outubro\/#primaryimage\"},\"thumbnailUrl\":\"https:\/\/files.sunoresearch.com.br\/n\/uploads\/2023\/12\/dolar-cotacao-1.jpg\",\"keywords\":[\"d\u00f3lar\",\"d\u00f3lar futuro\"],\"articleSection\":[\"Mercado\"],\"inLanguage\":\"pt-BR\"},{\"@type\":\"WebPage\",\"@id\":\"https:\/\/www.suno.com.br\/noticias\/dolar-fecha-semana-maior-valor-desde-outubro\/\",\"url\":\"https:\/\/www.suno.com.br\/noticias\/dolar-fecha-semana-maior-valor-desde-outubro\/\",\"name\":\"D\u00f3lar fecha acima de R$ 5 pela 1\u00aa vez desde outubro\",\"isPartOf\":{\"@id\":\"https:\/\/www.suno.com.br\/noticias\/#website\"},\"primaryImageOfPage\":{\"@id\":\"https:\/\/www.suno.com.br\/noticias\/dolar-fecha-semana-maior-valor-desde-outubro\/#primaryimage\"},\"image\":{\"@id\":\"https:\/\/www.suno.com.br\/noticias\/dolar-fecha-semana-maior-valor-desde-outubro\/#primaryimage\"},\"thumbnailUrl\":\"https:\/\/files.sunoresearch.com.br\/n\/uploads\/2023\/12\/dolar-cotacao-1.jpg\",\"datePublished\":\"2024-03-18T21:48:41+00:00\",\"dateModified\":\"2024-03-18T21:48:44+00:00\",\"description\":\"O d\u00f3lar subiu nesta segunda pelo terceiro preg\u00e3o consecutivo e voltou a fechar acima de R$ 5 pela 1\u00aa vez desde fins de outubro do ano passado\",\"breadcrumb\":{\"@id\":\"https:\/\/www.suno.com.br\/noticias\/dolar-fecha-semana-maior-valor-desde-outubro\/#breadcrumb\"},\"inLanguage\":\"pt-BR\",\"potentialAction\":[{\"@type\":\"ReadAction\",\"target\":[\"https:\/\/www.suno.com.br\/noticias\/dolar-fecha-semana-maior-valor-desde-outubro\/\"]}]},{\"@type\":\"ImageObject\",\"inLanguage\":\"pt-BR\",\"@id\":\"https:\/\/www.suno.com.br\/noticias\/dolar-fecha-semana-maior-valor-desde-outubro\/#primaryimage\",\"url\":\"https:\/\/files.sunoresearch.com.br\/n\/uploads\/2023\/12\/dolar-cotacao-1.jpg\",\"contentUrl\":\"https:\/\/files.sunoresearch.com.br\/n\/uploads\/2023\/12\/dolar-cotacao-1.jpg\",\"width\":1200,\"height\":800,\"caption\":\"fluxo cambial - Foto: iStock\"},{\"@type\":\"BreadcrumbList\",\"@id\":\"https:\/\/www.suno.com.br\/noticias\/dolar-fecha-semana-maior-valor-desde-outubro\/#breadcrumb\",\"itemListElement\":[{\"@type\":\"ListItem\",\"position\":1,\"name\":\"Not\u00edcias\",\"item\":\"https:\/\/www.suno.com.br\/noticias\/\"},{\"@type\":\"ListItem\",\"position\":2,\"name\":\"Mercado\",\"item\":\"https:\/\/www.suno.com.br\/noticias\/mercado\/\"},{\"@type\":\"ListItem\",\"position\":3,\"name\":\"D\u00f3lar fecha acima de R$ 5 pela 1\u00aa vez desde outubro. Veja os motivos\"}]},{\"@type\":\"WebSite\",\"@id\":\"https:\/\/www.suno.com.br\/noticias\/#website\",\"url\":\"https:\/\/www.suno.com.br\/noticias\/\",\"name\":\"Suno Not\u00edcias\",\"description\":\"Seu portal de informa\u00e7\u00e3o sobre o mundo dos investimentos\",\"publisher\":{\"@id\":\"https:\/\/www.suno.com.br\/noticias\/#organization\"},\"potentialAction\":[{\"@type\":\"SearchAction\",\"target\":{\"@type\":\"EntryPoint\",\"urlTemplate\":\"https:\/\/www.suno.com.br\/noticias\/?s={search_term_string}\"},\"query-input\":{\"@type\":\"PropertyValueSpecification\",\"valueRequired\":true,\"valueName\":\"search_term_string\"}}],\"inLanguage\":\"pt-BR\"},{\"@type\":\"Organization\",\"@id\":\"https:\/\/www.suno.com.br\/noticias\/#organization\",\"name\":\"Suno Not\u00edcias\",\"url\":\"https:\/\/www.suno.com.br\/noticias\/\",\"logo\":{\"@type\":\"ImageObject\",\"inLanguage\":\"pt-BR\",\"@id\":\"https:\/\/www.suno.com.br\/noticias\/#\/schema\/logo\/image\/\",\"url\":\"https:\/\/files.sunoresearch.com.br\/n\/uploads\/2021\/09\/suno-logo.png\",\"contentUrl\":\"https:\/\/files.sunoresearch.com.br\/n\/uploads\/2021\/09\/suno-logo.png\",\"width\":180,\"height\":180,\"caption\":\"Suno Not\u00edcias\"},\"image\":{\"@id\":\"https:\/\/www.suno.com.br\/noticias\/#\/schema\/logo\/image\/\"},\"sameAs\":[\"https:\/\/facebook.com\/sunoresearch\",\"https:\/\/x.com\/sunoresearch\",\"https:\/\/www.instagram.com\/suno\",\"https:\/\/www.linkedin.com\/company\/suno-research\/\",\"https:\/\/www.youtube.com\/c\/sunoresearch\"]},{\"@type\":\"Person\",\"@id\":\"https:\/\/www.suno.com.br\/noticias\/#\/schema\/person\/c1b1bd3727fa852bd045e9dbff3673ea\",\"name\":\"Reda\u00e7\u00e3o Suno Not\u00edcias\",\"image\":{\"@type\":\"ImageObject\",\"inLanguage\":\"pt-BR\",\"@id\":\"https:\/\/www.suno.com.br\/noticias\/#\/schema\/person\/image\/\",\"url\":\"https:\/\/secure.gravatar.com\/avatar\/b8104b9b5a71985d5238ee59fbe418af?s=96&r=g\",\"contentUrl\":\"https:\/\/secure.gravatar.com\/avatar\/b8104b9b5a71985d5238ee59fbe418af?s=96&r=g\",\"caption\":\"Reda\u00e7\u00e3o Suno Not\u00edcias\"},\"description\":\"O Suno Not\u00edcias \u00e9 um portal de informa\u00e7\u00f5es sobre Mercado Financeiro, Pol\u00edtica, Neg\u00f3cios, Economia e Finan\u00e7as Pessoais.\",\"sameAs\":[\"https:\/\/www.suno.com.br\/noticias\",\"https:\/\/www.facebook.com\/sunonoticias\/\",\"https:\/\/www.instagram.com\/sunonoticias\/\",\"https:\/\/x.com\/https:\/\/twitter.com\/sunoresearch\",\"https:\/\/www.youtube.com\/sunonoticias\"],\"url\":\"https:\/\/www.suno.com.br\/noticias\/author\/redacao-suno\/\"}]}<\/script>\n<!-- \/ Yoast SEO plugin. -->","yoast_head_json":{"title":"D\u00f3lar fecha acima de R$ 5 pela 1\u00aa vez desde outubro","description":"O d\u00f3lar subiu nesta segunda pelo terceiro preg\u00e3o consecutivo e voltou a fechar acima de R$ 5 pela 1\u00aa vez desde fins de outubro do ano passado","robots":{"index":"index","follow":"follow","max-snippet":"max-snippet:-1","max-image-preview":"max-image-preview:large","max-video-preview":"max-video-preview:-1"},"canonical":"https:\/\/www.suno.com.br\/noticias\/dolar-fecha-semana-maior-valor-desde-outubro\/","og_locale":"pt_BR","og_type":"article","og_title":"D\u00f3lar fecha acima de R$ 5 pela 1\u00aa vez desde outubro","og_description":"O d\u00f3lar subiu nesta segunda pelo terceiro preg\u00e3o consecutivo e voltou a fechar acima de R$ 5 pela 1\u00aa vez desde fins de outubro do ano passado","og_url":"https:\/\/www.suno.com.br\/noticias\/dolar-fecha-semana-maior-valor-desde-outubro\/","og_site_name":"Suno Not\u00edcias","article_publisher":"https:\/\/facebook.com\/sunoresearch","article_author":"https:\/\/www.facebook.com\/sunonoticias\/","og_image":[{"width":1200,"height":800,"url":"https:\/\/files.sunoresearch.com.br\/n\/uploads\/2023\/12\/dolar-cotacao-1.jpg","type":"image\/jpeg"}],"author":"Reda\u00e7\u00e3o Suno Not\u00edcias","twitter_card":"summary_large_image","twitter_creator":"@https:\/\/twitter.com\/sunoresearch","twitter_site":"@sunoresearch","twitter_misc":{"Escrito por":"Reda\u00e7\u00e3o Suno Not\u00edcias","Est. tempo de leitura":"4 minutos"},"schema":{"@context":"https:\/\/schema.org","@graph":[{"@type":"NewsArticle","@id":"https:\/\/www.suno.com.br\/noticias\/dolar-fecha-semana-maior-valor-desde-outubro\/#article","isPartOf":{"@id":"https:\/\/www.suno.com.br\/noticias\/dolar-fecha-semana-maior-valor-desde-outubro\/"},"author":{"name":"Reda\u00e7\u00e3o Suno Not\u00edcias","@id":"https:\/\/www.suno.com.br\/noticias\/#\/schema\/person\/c1b1bd3727fa852bd045e9dbff3673ea"},"headline":"D\u00f3lar fecha acima de R$ 5 pela 1\u00aa vez desde outubro. Veja os motivos","datePublished":"2024-03-18T21:48:41+00:00","dateModified":"2024-03-18T21:48:44+00:00","mainEntityOfPage":{"@id":"https:\/\/www.suno.com.br\/noticias\/dolar-fecha-semana-maior-valor-desde-outubro\/"},"wordCount":652,"publisher":{"@id":"https:\/\/www.suno.com.br\/noticias\/#organization"},"image":{"@id":"https:\/\/www.suno.com.br\/noticias\/dolar-fecha-semana-maior-valor-desde-outubro\/#primaryimage"},"thumbnailUrl":"https:\/\/files.sunoresearch.com.br\/n\/uploads\/2023\/12\/dolar-cotacao-1.jpg","keywords":["d\u00f3lar","d\u00f3lar futuro"],"articleSection":["Mercado"],"inLanguage":"pt-BR"},{"@type":"WebPage","@id":"https:\/\/www.suno.com.br\/noticias\/dolar-fecha-semana-maior-valor-desde-outubro\/","url":"https:\/\/www.suno.com.br\/noticias\/dolar-fecha-semana-maior-valor-desde-outubro\/","name":"D\u00f3lar fecha acima de R$ 5 pela 1\u00aa vez desde outubro","isPartOf":{"@id":"https:\/\/www.suno.com.br\/noticias\/#website"},"primaryImageOfPage":{"@id":"https:\/\/www.suno.com.br\/noticias\/dolar-fecha-semana-maior-valor-desde-outubro\/#primaryimage"},"image":{"@id":"https:\/\/www.suno.com.br\/noticias\/dolar-fecha-semana-maior-valor-desde-outubro\/#primaryimage"},"thumbnailUrl":"https:\/\/files.sunoresearch.com.br\/n\/uploads\/2023\/12\/dolar-cotacao-1.jpg","datePublished":"2024-03-18T21:48:41+00:00","dateModified":"2024-03-18T21:48:44+00:00","description":"O d\u00f3lar subiu nesta segunda pelo terceiro preg\u00e3o consecutivo e voltou a fechar acima de R$ 5 pela 1\u00aa vez desde fins de outubro do ano passado","breadcrumb":{"@id":"https:\/\/www.suno.com.br\/noticias\/dolar-fecha-semana-maior-valor-desde-outubro\/#breadcrumb"},"inLanguage":"pt-BR","potentialAction":[{"@type":"ReadAction","target":["https:\/\/www.suno.com.br\/noticias\/dolar-fecha-semana-maior-valor-desde-outubro\/"]}]},{"@type":"ImageObject","inLanguage":"pt-BR","@id":"https:\/\/www.suno.com.br\/noticias\/dolar-fecha-semana-maior-valor-desde-outubro\/#primaryimage","url":"https:\/\/files.sunoresearch.com.br\/n\/uploads\/2023\/12\/dolar-cotacao-1.jpg","contentUrl":"https:\/\/files.sunoresearch.com.br\/n\/uploads\/2023\/12\/dolar-cotacao-1.jpg","width":1200,"height":800,"caption":"fluxo cambial - Foto: iStock"},{"@type":"BreadcrumbList","@id":"https:\/\/www.suno.com.br\/noticias\/dolar-fecha-semana-maior-valor-desde-outubro\/#breadcrumb","itemListElement":[{"@type":"ListItem","position":1,"name":"Not\u00edcias","item":"https:\/\/www.suno.com.br\/noticias\/"},{"@type":"ListItem","position":2,"name":"Mercado","item":"https:\/\/www.suno.com.br\/noticias\/mercado\/"},{"@type":"ListItem","position":3,"name":"D\u00f3lar fecha acima de R$ 5 pela 1\u00aa vez desde outubro. Veja os motivos"}]},{"@type":"WebSite","@id":"https:\/\/www.suno.com.br\/noticias\/#website","url":"https:\/\/www.suno.com.br\/noticias\/","name":"Suno Not\u00edcias","description":"Seu portal de informa\u00e7\u00e3o sobre o mundo dos investimentos","publisher":{"@id":"https:\/\/www.suno.com.br\/noticias\/#organization"},"potentialAction":[{"@type":"SearchAction","target":{"@type":"EntryPoint","urlTemplate":"https:\/\/www.suno.com.br\/noticias\/?s={search_term_string}"},"query-input":{"@type":"PropertyValueSpecification","valueRequired":true,"valueName":"search_term_string"}}],"inLanguage":"pt-BR"},{"@type":"Organization","@id":"https:\/\/www.suno.com.br\/noticias\/#organization","name":"Suno Not\u00edcias","url":"https:\/\/www.suno.com.br\/noticias\/","logo":{"@type":"ImageObject","inLanguage":"pt-BR","@id":"https:\/\/www.suno.com.br\/noticias\/#\/schema\/logo\/image\/","url":"https:\/\/files.sunoresearch.com.br\/n\/uploads\/2021\/09\/suno-logo.png","contentUrl":"https:\/\/files.sunoresearch.com.br\/n\/uploads\/2021\/09\/suno-logo.png","width":180,"height":180,"caption":"Suno Not\u00edcias"},"image":{"@id":"https:\/\/www.suno.com.br\/noticias\/#\/schema\/logo\/image\/"},"sameAs":["https:\/\/facebook.com\/sunoresearch","https:\/\/x.com\/sunoresearch","https:\/\/www.instagram.com\/suno","https:\/\/www.linkedin.com\/company\/suno-research\/","https:\/\/www.youtube.com\/c\/sunoresearch"]},{"@type":"Person","@id":"https:\/\/www.suno.com.br\/noticias\/#\/schema\/person\/c1b1bd3727fa852bd045e9dbff3673ea","name":"Reda\u00e7\u00e3o Suno Not\u00edcias","image":{"@type":"ImageObject","inLanguage":"pt-BR","@id":"https:\/\/www.suno.com.br\/noticias\/#\/schema\/person\/image\/","url":"https:\/\/secure.gravatar.com\/avatar\/b8104b9b5a71985d5238ee59fbe418af?s=96&r=g","contentUrl":"https:\/\/secure.gravatar.com\/avatar\/b8104b9b5a71985d5238ee59fbe418af?s=96&r=g","caption":"Reda\u00e7\u00e3o Suno Not\u00edcias"},"description":"O Suno Not\u00edcias \u00e9 um portal de informa\u00e7\u00f5es sobre Mercado Financeiro, Pol\u00edtica, Neg\u00f3cios, Economia e Finan\u00e7as Pessoais.","sameAs":["https:\/\/www.suno.com.br\/noticias","https:\/\/www.facebook.com\/sunonoticias\/","https:\/\/www.instagram.com\/sunonoticias\/","https:\/\/x.com\/https:\/\/twitter.com\/sunoresearch","https:\/\/www.youtube.com\/sunonoticias"],"url":"https:\/\/www.suno.com.br\/noticias\/author\/redacao-suno\/"}]}},"default_loop_html":"<div class=\"cardsPage__listCard__boxs\"><div class=\"cardsPage__listCard__boxs__img\"><a href=\"https:\/\/www.suno.com.br\/noticias\/dolar-fecha-semana-maior-valor-desde-outubro\/\"><img class=\"mask\" src=\"https:\/\/www.suno.com.br\/noticias\/wp-content\/themes\/suno\/resources\/images\/spotlight\/spotlight1img\/bg-mask.png\" alt=\"Image Mask\"\/><img src=\"https:\/\/files.sunoresearch.com.br\/n\/uploads\/2023\/12\/dolar-cotacao-1-400x200.jpg\" alt=\"D\u00f3lar fecha acima de R$ 5 pela 1\u00aa vez desde outubro. Veja os motivos\"\/><\/a><span class=\"spotlightCategory\"><a href=\"https:\/\/www.suno.com.br\/noticias\/mercado\/\">Mercado<\/a><\/span><\/div><div class=\"cardsPage__listCard__boxs__content\"><a href=\"https:\/\/www.suno.com.br\/noticias\/dolar-fecha-semana-maior-valor-desde-outubro\/\"><h2 class=\"content__title\">D\u00f3lar fecha acima de R$ 5 pela 1\u00aa vez desde outubro. Veja os motivos<\/h2><\/a><div class=\"newsContent__article__meta\"><div class=\"newsContent__article__meta__authorBox\"><a href=\"https:\/\/www.suno.com.br\/noticias\/author\/redacao-suno\/\" class=\"authorBox__avatar noMobi\"><img src=\"https:\/\/files.sunoresearch.com.br\/n\/uploads\/2020\/08\/0ace682d-redacao-1-150x150.webp\" alt=\"Reda\u00e7\u00e3o Suno Not\u00edcias\"><\/a><div class=\"authorBox__name\"><span>por\n\t\t\t<a href=\"https:\/\/www.suno.com.br\/noticias\/author\/redacao-suno\/\"><span itemprop=\"author\">Reda\u00e7\u00e3o Suno Not\u00edcias<\/span><\/a><\/span><time datetime=\"2024-03-18T18:48:41-03:00\" itemprop=\"datePublished\">18\/03\/2024 18:48<\/time><\/div><\/div><\/div><\/div><\/div>","single_layout":"posts","amp_enabled":true,"_links":{"self":[{"href":"https:\/\/www.suno.com.br\/noticias\/wp-json\/wp\/v2\/posts\/534934"}],"collection":[{"href":"https:\/\/www.suno.com.br\/noticias\/wp-json\/wp\/v2\/posts"}],"about":[{"href":"https:\/\/www.suno.com.br\/noticias\/wp-json\/wp\/v2\/types\/post"}],"author":[{"embeddable":true,"href":"https:\/\/www.suno.com.br\/noticias\/wp-json\/wp\/v2\/users\/43"}],"replies":[{"embeddable":true,"href":"https:\/\/www.suno.com.br\/noticias\/wp-json\/wp\/v2\/comments?post=534934"}],"version-history":[{"count":2,"href":"https:\/\/www.suno.com.br\/noticias\/wp-json\/wp\/v2\/posts\/534934\/revisions"}],"predecessor-version":[{"id":534955,"href":"https:\/\/www.suno.com.br\/noticias\/wp-json\/wp\/v2\/posts\/534934\/revisions\/534955"}],"wp:featuredmedia":[{"embeddable":true,"href":"https:\/\/www.suno.com.br\/noticias\/wp-json\/wp\/v2\/media\/495030"}],"wp:attachment":[{"href":"https:\/\/www.suno.com.br\/noticias\/wp-json\/wp\/v2\/media?parent=534934"}],"wp:term":[{"taxonomy":"category","embeddable":true,"href":"https:\/\/www.suno.com.br\/noticias\/wp-json\/wp\/v2\/categories?post=534934"},{"taxonomy":"post_tag","embeddable":true,"href":"https:\/\/www.suno.com.br\/noticias\/wp-json\/wp\/v2\/tags?post=534934"},{"taxonomy":"suno_strategy","embeddable":true,"href":"https:\/\/www.suno.com.br\/noticias\/wp-json\/wp\/v2\/suno_strategy?post=534934"}],"curies":[{"name":"wp","href":"https:\/\/api.w.org\/{rel}","templated":true}]}}