{"id":534384,"date":"2024-03-16T10:02:00","date_gmt":"2024-03-16T13:02:00","guid":{"rendered":"https:\/\/www.suno.com.br\/noticias\/?p=534384"},"modified":"2024-03-15T22:16:23","modified_gmt":"2024-03-16T01:16:23","slug":"vale-vale3-fundo-imobiliario-cpts11-mais-lidas-jvj","status":"publish","type":"post","link":"https:\/\/www.suno.com.br\/noticias\/vale-vale3-fundo-imobiliario-cpts11-mais-lidas-jvj\/","title":{"rendered":"Vale (VALE3) anuncia valor final de seus dividendos e CPTS11 divulga novos rendimentos; veja as mais lidas da semana"},"content":{"rendered":"<p>A not\u00edcia mais lida da semana foi sobre a <a class=\"suno-keyword\" data-force=\"yes\" data-priority=\"2\" href=\"https:\/\/www.suno.com.br\/acoes\/VALE3\/\" target=\"_blank\" rel=\"noopener\"><strong>Vale<\/strong> (VALE3)<\/a>, que anunciou o valor final de seus dividendos. Quando ser\u00e1 o pagamento?<\/p>\t<div class=\"wrapper-featured-image\">\n\t\t<figure class=\"spotlightImg\">\n\n\t\t\t<picture>\n\t\t\t\t<source media=\"(max-width: 768px)\" srcset=\"https:\/\/files.sunoresearch.com.br\/n\/uploads\/2021\/02\/aff09bff-c0100329-vale-400x200.webp\">\n\t\t\t\t<img loading=\"lazy\" decoding=\"async\" class=\"newsContent__article__imgCapa lazyloadDisabled \" src=\"https:\/\/files.sunoresearch.com.br\/n\/uploads\/2021\/02\/aff09bff-c0100329-vale-800x450.webp\" width=\"800\" height=\"450\" alt=\"Vale (VALE3) anuncia valor final de seus dividendos e CPTS11 divulga novos rendimentos; veja as mais lidas da semana\" fetchpriority=high \/>\n\t\t\t<\/picture>\n\n\t\t\t<figcaption class=\"wp-caption-text wp-caption-text--show\">Vale (VALE3). Foto: Divulga\u00e7\u00e3o.<\/figcaption>\n\t\t<\/figure>\n\t<\/div>\n\n\n\n\n\n\t<p>\n\t\t<a href=\"https:\/\/lp.suno.com.br\/ebook-como-analisar-uma-acao\/\" target=\"_blank\" data-element=\"shortcode-suno-banner\" title=\"Banner SUNO, clique e saiba mais\">\n\t\t\t<picture>\n\t\t\t\t<source media=\"(max-width: 500px)\" srcset=\"https:\/\/files.sunoresearch.com.br\/n\/uploads\/2023\/12\/Ebook-Acoes-Mobile.jpg\">\n\t\t\t\t<img class=\"newsContent__article__imgCapa newsContent__article__imgCapa--banner\"\n\t\t\t\t\tsrc=\"https:\/\/files.sunoresearch.com.br\/n\/uploads\/2023\/12\/Ebook-Acoes-Desktop.webp\"\n\t\t\t\t\tdata-promo-id=\"311260\"\t\t\t\t\t\t\t\t\t\twidth='1420' height='286'\t\t\t\t\talt=\"https:\/\/files.sunoresearch.com.br\/n\/uploads\/2023\/12\/Ebook-Acoes-Desktop.webp\"\n\t\t\t\t>\n\t\t\t<\/picture>\n\t\t<\/a>\n\t<\/p>\n\n\n\n\n\n<p>Ainda sobre a Vale, <strong>Tiago Reis<\/strong>, fundador e chairman da Suno, comentou sobre os rumores de \u2018manipula\u00e7\u00e3o\u2019 e as expectativas de dividendos para a companhia.<\/p>\n\n\n\n<p>Uma das not\u00edcias de destaque foi sobre o fundo imobili\u00e1rio <a class=\"suno-keyword\" data-force=\"yes\" data-priority=\"2\" href=\"https:\/\/www.suno.com.br\/fundos-imobiliarios\/cpts11\/\" target=\"_blank\" rel=\"noopener\"><strong>CPTS11<\/strong><\/a>, que anunciou um novo pagamento de <a class=\"suno-keyword\" data-force=\"no\" data-priority=\"1\" href=\"https:\/\/www.suno.com.br\/guias\/dividendos\/\" target=\"_blank\" rel=\"noopener\">dividendos<\/a>.<\/p>\n\n\n\n<p>Enquanto isso, a <strong>Casas Bahia (BHIA3)<\/strong> deve mais do que quadruplicar seu preju\u00edzo no quarto trimestre de 2023 (4T23), conforme proje\u00e7\u00e3o de analistas.<\/p>\n\n\n\n<p>Por fim, a poss\u00edvel oferta da <a class=\"suno-keyword\" data-force=\"yes\" data-priority=\"2\" href=\"https:\/\/www.suno.com.br\/acoes\/AZUL4\/\" target=\"_blank\" rel=\"noopener\"><strong>Azul (AZUL4)<\/strong><\/a> pela <a class=\"suno-keyword\" data-force=\"yes\" data-priority=\"2\" href=\"https:\/\/www.suno.com.br\/acoes\/GOLL4\/\" target=\"_blank\" rel=\"noopener\"><strong>Gol (GOLL4)<\/strong><\/a> n\u00e3o deve incluir a Avianca.<\/p>\n\n\n\n<p>Confira a seguir um resumo das principais not\u00edcias desta semana. Para acessar as mat\u00e9rias completas, \u00e9 s\u00f3 acessar os links. Bom final de semana!<\/p>\n\n\n\n<h2 class=\"wp-block-heading\"><a><\/a>1.&nbsp;&nbsp; Vale (VALE3) anuncia valor final de seus dividendos; veja quanto e a data de pagamento<\/h2>\n\n\n\n<p>A Vale anunciou o valor final bruto de remunera\u00e7\u00e3o aos seus cotistas, que saiu de R$ 2,738617408 para R$ 2,7385483741 por a\u00e7\u00e3o (-0,0025%). Esse ajuste se deu por conta da altera\u00e7\u00e3o no n\u00famero de <a class=\"suno-keyword\" target=\"_blank\" data-force=\"no\" data-priority=\"1\" href=\"https:\/\/www.suno.com.br\/artigos\/acoes-em-tesouraria\/\" rel=\"noopener\">a\u00e7\u00f5es em tesouraria<\/a>.<\/p>\n\n\n\n<p>Os <strong>dividendos da Vale<\/strong> foram aprovados pelo conselho no dia 22 de fevereiro de 2024. A distribui\u00e7\u00e3o vai ocorrer na pr\u00f3xima ter\u00e7a-feira (19), por\u00e9m, o cr\u00e9dito ser\u00e1 feito apenas aos acionistas comprados nas a\u00e7\u00f5es da mineradora at\u00e9 11 de mar\u00e7o.<\/p>\n\n\n\t<div data-element=\"shortcode-read-more\" class=\"knowMore\">\n\t\t\t\t<span class=\"knowMore__title\">Leia mais<\/span>\n\t\t\t\t<a class=\"knowMore__link\" href=\"https:\/\/www.suno.com.br\/noticias\/vale-vale3-valor-final-dividendos-marco-2024-jvj\/\">\n\t\t\tVale (VALE3) anuncia valor final de seus dividendos; veja quanto e a data de pagamento\t\t<\/a>\n\t<\/div>\n\n\n\n\n<h2 class=\"wp-block-heading\"><a><\/a>2.&nbsp;&nbsp; Vale (VALE3): Tiago Reis comenta rumores de \u2018manipula\u00e7\u00e3o\u2019 na companhia e expectativas de dividendos<\/h2>\n\n\n\n<p>Um dos integrantes do <strong>conselho de administra\u00e7\u00e3o da Vale<\/strong>, Luciano Duarte Penido, renunciou ao seu cargo. Ele alega que existiu \u201cmanipula\u00e7\u00e3o\u201d no procedimento sucess\u00f3rio de CEO da empresa, assim como uma \u201cnefasta influ\u00eancia pol\u00edtica\u201d na companhia.<\/p>\n\n\n\n<p>Tiago Reis, fundador e chairman da Suno, diz que \u00e9 complicado saber de forma precisa o que o ex-conselheiro da Vale quis dizer em sua carta, embora seja poss\u00edvel destacar que ele se incomodou com press\u00f5es do Governo Federal.<\/p>\n\n\n\n<p>\u201cA parte do \u2018nefasta influ\u00eancia pol\u00edtica\u2019 eu consigo interpretar bem. As informa\u00e7\u00f5es s\u00e3o p\u00fablicas, existiu uma press\u00e3o do governo federal para colocar o Guido Mantega. Outros nomes surgiram, ligados a estatais ou ao meio pol\u00edtico. Isso deve ter incomodado o conselheiro. Inclusive um conselheiro tem deveres legais perante a sociedade, e acho que ele n\u00e3o quis trazer para si esse passivo de eventuais judicializa\u00e7\u00f5es\u201d, destaca Reis.<\/p>\n\n\n\t<div data-element=\"shortcode-read-more\" class=\"knowMore\">\n\t\t\t\t<span class=\"knowMore__title\">Leia mais<\/span>\n\t\t\t\t<a class=\"knowMore__link\" href=\"https:\/\/www.suno.com.br\/noticias\/vale-vale3-tiago-reis-manipulacao-evm\/\">\n\t\t\tVale (VALE3): Tiago Reis comenta rumores de &#039;manipula\u00e7\u00e3o&#039; na companhia e expectativas de dividendos\t\t<\/a>\n\t<\/div>\n\n\n\n\n<h2 class=\"wp-block-heading\"><a><\/a>3.&nbsp;&nbsp; CPTS11 anuncia novo pagamento de dividendos; saiba o valor<\/h2>\n\n\n\n<p>O fundo imobili\u00e1rio CPTS11 anunciou novos dividendos para mar\u00e7o, no valor de R$ 0,076 por cota. O pagamento vai acontecer em 19 de mar\u00e7o de 2024, para quem detinha cotas do FII at\u00e9 o final do preg\u00e3o do dia 12 de mar\u00e7o.<\/p>\n\n\n\n<p>Os <strong>dividendos do CPTS11<\/strong> chegaram ao patamar mais elevado dos \u00faltimos 6 meses. Em rela\u00e7\u00e3o ao pagamento realizado no m\u00eas anterior, que tinha sido de R$ 0,07 por cota, a nova quantia mostra um crescimento de 8,57%.<\/p>\n\n\n\t<div data-element=\"shortcode-read-more\" class=\"knowMore\">\n\t\t\t\t<span class=\"knowMore__title\">Leia mais<\/span>\n\t\t\t\t<a class=\"knowMore__link\" href=\"https:\/\/www.suno.com.br\/noticias\/fundo-imobiliario-cpts11-dividendos-marco-2024-jvj\/\">\n\t\t\tCPTS11 anuncia novo pagamento de dividendos; saiba o valor\t\t<\/a>\n\t<\/div>\n\n\n\n\n<h2 class=\"wp-block-heading\"><a><\/a>4.&nbsp;&nbsp; Casas Bahia (BHIA3) deve mais do que quadruplicar preju\u00edzo no 4T23, dizem analistas<\/h2>\n\n\n\n<p>O novo balan\u00e7o de<strong> resultados da Casas Bahia<\/strong> ser\u00e1 anunciado no dia 25 de mar\u00e7o, ap\u00f3s o <a class=\"suno-keyword\" target=\"_blank\" data-force=\"no\" data-priority=\"1\" href=\"https:\/\/www.suno.com.br\/artigos\/fechamento-do-mercado\/\" rel=\"noopener\">fechamento do mercado<\/a>. A expectativa da Genial Investimentos \u00e9 de que o resultado do quarto trimestre de 2023 (4T23) tenha uma retra\u00e7\u00e3o nos indicadores mais relevantes, alinhado com um ambiente macroecon\u00f4mico que ainda \u00e9 desafiador. A alavancagem ainda elevada \u00e9 outro fator que chama a aten\u00e7\u00e3o dos analistas.<\/p>\n\n\n\n<p>Conforme as proje\u00e7\u00f5es da Genial Investimentos, a Casas Bahia deve registrar um preju\u00edzo de R$ 703 milh\u00f5es no 4T23, mais que quatro vezes o valor registrado em igual etapa de 2022, quando o preju\u00edzo foi de R$ 163 milh\u00f5es.<\/p>\n\n\n\t<div data-element=\"shortcode-read-more\" class=\"knowMore\">\n\t\t\t\t<span class=\"knowMore__title\">Leia mais<\/span>\n\t\t\t\t<a class=\"knowMore__link\" href=\"https:\/\/www.suno.com.br\/noticias\/casas-bahia-bhia3-previa-4t23-balanco-gpj\/\">\n\t\t\tCasas Bahia (BHIA3) deve mais do que quadruplicar preju\u00edzo no 4T23, dizem analistas\t\t<\/a>\n\t<\/div>\n\n\n\n\n<h2 class=\"wp-block-heading\"><a><\/a>5.&nbsp;&nbsp; Gol (GOLL4): Avianca fica de fora de oferta da Azul (AZUL4)<\/h2>\n\n\n\n<p>A poss\u00edvel <strong>oferta da Azul pela Gol<\/strong> n\u00e3o dever\u00e1 incluir a Avianca, segundo informa\u00e7\u00f5es do jornal Valor Econ\u00f4mico. Cabe lembrar que a Gol pediu recupera\u00e7\u00e3o judicial nos Estados Unidos recentemente.<\/p>\n\n\n\n<p>Dessa forma, a transa\u00e7\u00e3o entre Azul e Gol deve considerar apenas as partes brasileiras. As conversas entre as empresas ainda est\u00e3o em fase inicial. As companhias v\u00eam avaliando o resultado do M&amp;A, podendo ser uma fus\u00e3o ou uma aquisi\u00e7\u00e3o simples. Uma das alternativas poderia ser a entrada da Azul na Abra, holding que controla a Gol.<\/p>\n\n\n\t<div data-element=\"shortcode-read-more\" class=\"knowMore\">\n\t\t\t\t<span class=\"knowMore__title\">Leia mais<\/span>\n\t\t\t\t<a class=\"knowMore__link\" href=\"https:\/\/www.suno.com.br\/noticias\/gol-goll4-oferta-avianca-fora-azul-azul4-evm\/\">\n\t\t\tGol (GOLL4): Avianca fica de fora de oferta da Azul (AZUL4)\t\t<\/a>\n\t<\/div>\n\n\n\n\n<p>Assim, de<strong> Vale <\/strong>a Gol, essas foram as not\u00edcias mais lidas da semana do Suno Not\u00edcias.<\/p>\n\n\n\t<p>\n\t\t<a href=\"https:\/\/lp2.suno.com.br\/cl\/black-friday-2025\/?utm_campaign=_SNCDF0E4858_\" target=\"_blank\" data-element=\"shortcode-suno-banner\" title=\"Banner SUNO, clique e saiba mais\">\n\t\t\t<picture>\n\t\t\t\t<source media=\"(max-width: 500px)\" srcset=\"https:\/\/files.sunoresearch.com.br\/n\/uploads\/2025\/10\/Artigos-e-Noticias-Banner-Home-artigos-01-Mobile_-400x300-1-png.webp\">\n\t\t\t\t<img class=\"newsContent__article__imgCapa newsContent__article__imgCapa--banner\"\n\t\t\t\t\tsrc=\"https:\/\/files.sunoresearch.com.br\/n\/uploads\/2025\/10\/Artigos-e-Noticias-Banner-Home-artigos-01-Desktop_-1420x240-1-png.webp\"\n\t\t\t\t\tdata-promo-id=\"311259\"\t\t\t\t\t\t\t\t\t\twidth='1420' height='240'\t\t\t\t\talt=\"https:\/\/files.sunoresearch.com.br\/n\/uploads\/2025\/10\/Artigos-e-Noticias-Banner-Home-artigos-01-Desktop_-1420x240-1-png.webp\"\n\t\t\t\t>\n\t\t\t<\/picture>\n\t\t<\/a>\n\t<\/p>\n\n\n","protected":false},"excerpt":{"rendered":"<p>A not\u00edcia mais lida da semana foi sobre a Vale (VALE3), que anunciou o valor final de seus dividendos. Quando ser\u00e1 o pagamento? Vale (VALE3). Foto: Divulga\u00e7\u00e3o. Ainda sobre a Vale, Tiago Reis, fundador e chairman da Suno, comentou sobre os rumores de \u2018manipula\u00e7\u00e3o\u2019 e as expectativas de dividendos para a companhia. Uma das not\u00edcias [&hellip;]<\/p>\n","protected":false},"author":173,"featured_media":126963,"comment_status":"closed","ping_status":"closed","sticky":false,"template":"","format":"standard","meta":[],"categories":[64],"tags":[106932,107138,105776,489,676],"suno_strategy":[],"class_list":["post-534384","post","type-post","status-publish","format-standard","has-post-thumbnail","hentry","category-negocios","tag-azul-azul4","tag-casas-bahia-bhia3","tag-cpts11","tag-gol-linhas-aereas-goll11-goll4","tag-vale-vale3"],"yoast_head":"<!-- This site is optimized with the Yoast SEO plugin v24.4 - https:\/\/yoast.com\/wordpress\/plugins\/seo\/ -->\n<title>Vale (VALE3) anuncia valor final dos dividendos; veja as mais lidas<\/title>\n<meta name=\"description\" content=\"A Vale (VALE3) anunciou o valor final de seus dividendos? O FII CPTS11 divulgou novos rendimentos? Veja as mais lidas da semana.\" \/>\n<meta name=\"robots\" content=\"index, follow, max-snippet:-1, max-image-preview:large, max-video-preview:-1\" \/>\n<link rel=\"canonical\" href=\"https:\/\/www.suno.com.br\/noticias\/vale-vale3-fundo-imobiliario-cpts11-mais-lidas-jvj\/\" \/>\n<meta property=\"og:locale\" content=\"pt_BR\" \/>\n<meta property=\"og:type\" content=\"article\" \/>\n<meta property=\"og:title\" content=\"Vale (VALE3) anuncia valor final dos dividendos; veja as mais lidas\" \/>\n<meta property=\"og:description\" content=\"A Vale (VALE3) anunciou o valor final de seus dividendos? O FII CPTS11 divulgou novos rendimentos? Veja as mais lidas da semana.\" \/>\n<meta property=\"og:url\" content=\"https:\/\/www.suno.com.br\/noticias\/vale-vale3-fundo-imobiliario-cpts11-mais-lidas-jvj\/\" \/>\n<meta property=\"og:site_name\" content=\"Suno Not\u00edcias\" \/>\n<meta property=\"article:publisher\" content=\"https:\/\/facebook.com\/sunoresearch\" \/>\n<meta property=\"og:image\" content=\"http:\/\/files.sunoresearch.com.br\/n\/uploads\/2021\/02\/aff09bff-c0100329-vale.jpg\" \/>\n\t<meta property=\"og:image:width\" content=\"1380\" \/>\n\t<meta property=\"og:image:height\" content=\"937\" \/>\n\t<meta property=\"og:image:type\" content=\"image\/jpeg\" \/>\n<meta name=\"author\" content=\"Jo\u00e3o Vitor\" \/>\n<meta name=\"twitter:card\" content=\"summary_large_image\" \/>\n<meta name=\"twitter:creator\" content=\"@sunoresearch\" \/>\n<meta name=\"twitter:site\" content=\"@sunoresearch\" \/>\n<meta name=\"twitter:label1\" content=\"Escrito por\" \/>\n\t<meta name=\"twitter:data1\" content=\"Jo\u00e3o Vitor\" \/>\n<script type=\"application\/ld+json\" class=\"yoast-schema-graph\">{\"@context\":\"https:\/\/schema.org\",\"@graph\":[{\"@type\":\"NewsArticle\",\"@id\":\"https:\/\/www.suno.com.br\/noticias\/vale-vale3-fundo-imobiliario-cpts11-mais-lidas-jvj\/#article\",\"isPartOf\":{\"@id\":\"https:\/\/www.suno.com.br\/noticias\/vale-vale3-fundo-imobiliario-cpts11-mais-lidas-jvj\/\"},\"author\":{\"name\":\"Jo\u00e3o Vitor\",\"@id\":\"https:\/\/www.suno.com.br\/noticias\/#\/schema\/person\/87fc6973867c52dd884811905c43afba\"},\"headline\":\"Vale (VALE3) anuncia valor final de seus dividendos e CPTS11 divulga novos rendimentos; veja as mais lidas da semana\",\"datePublished\":\"2024-03-16T13:02:00+00:00\",\"mainEntityOfPage\":{\"@id\":\"https:\/\/www.suno.com.br\/noticias\/vale-vale3-fundo-imobiliario-cpts11-mais-lidas-jvj\/\"},\"wordCount\":777,\"publisher\":{\"@id\":\"https:\/\/www.suno.com.br\/noticias\/#organization\"},\"image\":{\"@id\":\"https:\/\/www.suno.com.br\/noticias\/vale-vale3-fundo-imobiliario-cpts11-mais-lidas-jvj\/#primaryimage\"},\"thumbnailUrl\":\"https:\/\/files.sunoresearch.com.br\/n\/uploads\/2021\/02\/aff09bff-c0100329-vale-jpg.webp\",\"keywords\":[\"Azul (AZUL4)\",\"Casas Bahia (BHIA3)\",\"CPTS11\",\"Gol Linhas A\u00e9reas (GOLL11\/GOLL4)\",\"Vale (VALE3)\"],\"articleSection\":[\"Neg\u00f3cios\"],\"inLanguage\":\"pt-BR\"},{\"@type\":\"WebPage\",\"@id\":\"https:\/\/www.suno.com.br\/noticias\/vale-vale3-fundo-imobiliario-cpts11-mais-lidas-jvj\/\",\"url\":\"https:\/\/www.suno.com.br\/noticias\/vale-vale3-fundo-imobiliario-cpts11-mais-lidas-jvj\/\",\"name\":\"Vale (VALE3) anuncia valor final dos dividendos; veja as mais lidas\",\"isPartOf\":{\"@id\":\"https:\/\/www.suno.com.br\/noticias\/#website\"},\"primaryImageOfPage\":{\"@id\":\"https:\/\/www.suno.com.br\/noticias\/vale-vale3-fundo-imobiliario-cpts11-mais-lidas-jvj\/#primaryimage\"},\"image\":{\"@id\":\"https:\/\/www.suno.com.br\/noticias\/vale-vale3-fundo-imobiliario-cpts11-mais-lidas-jvj\/#primaryimage\"},\"thumbnailUrl\":\"https:\/\/files.sunoresearch.com.br\/n\/uploads\/2021\/02\/aff09bff-c0100329-vale-jpg.webp\",\"datePublished\":\"2024-03-16T13:02:00+00:00\",\"description\":\"A Vale (VALE3) anunciou o valor final de seus dividendos? O FII CPTS11 divulgou novos rendimentos? Veja as mais lidas da semana.\",\"breadcrumb\":{\"@id\":\"https:\/\/www.suno.com.br\/noticias\/vale-vale3-fundo-imobiliario-cpts11-mais-lidas-jvj\/#breadcrumb\"},\"inLanguage\":\"pt-BR\",\"potentialAction\":[{\"@type\":\"ReadAction\",\"target\":[\"https:\/\/www.suno.com.br\/noticias\/vale-vale3-fundo-imobiliario-cpts11-mais-lidas-jvj\/\"]}]},{\"@type\":\"ImageObject\",\"inLanguage\":\"pt-BR\",\"@id\":\"https:\/\/www.suno.com.br\/noticias\/vale-vale3-fundo-imobiliario-cpts11-mais-lidas-jvj\/#primaryimage\",\"url\":\"https:\/\/files.sunoresearch.com.br\/n\/uploads\/2021\/02\/aff09bff-c0100329-vale-jpg.webp\",\"contentUrl\":\"https:\/\/files.sunoresearch.com.br\/n\/uploads\/2021\/02\/aff09bff-c0100329-vale-jpg.webp\",\"width\":1380,\"height\":937,\"caption\":\"Vale (VALE3). Foto: Divulga\u00e7\u00e3o.\"},{\"@type\":\"BreadcrumbList\",\"@id\":\"https:\/\/www.suno.com.br\/noticias\/vale-vale3-fundo-imobiliario-cpts11-mais-lidas-jvj\/#breadcrumb\",\"itemListElement\":[{\"@type\":\"ListItem\",\"position\":1,\"name\":\"Not\u00edcias\",\"item\":\"https:\/\/www.suno.com.br\/noticias\/\"},{\"@type\":\"ListItem\",\"position\":2,\"name\":\"Neg\u00f3cios\",\"item\":\"https:\/\/www.suno.com.br\/noticias\/negocios\/\"},{\"@type\":\"ListItem\",\"position\":3,\"name\":\"Vale (VALE3) anuncia valor final de seus dividendos e CPTS11 divulga novos rendimentos; veja as mais lidas da semana\"}]},{\"@type\":\"WebSite\",\"@id\":\"https:\/\/www.suno.com.br\/noticias\/#website\",\"url\":\"https:\/\/www.suno.com.br\/noticias\/\",\"name\":\"Suno Not\u00edcias\",\"description\":\"Seu portal de informa\u00e7\u00e3o sobre o mundo dos investimentos\",\"publisher\":{\"@id\":\"https:\/\/www.suno.com.br\/noticias\/#organization\"},\"potentialAction\":[{\"@type\":\"SearchAction\",\"target\":{\"@type\":\"EntryPoint\",\"urlTemplate\":\"https:\/\/www.suno.com.br\/noticias\/?s={search_term_string}\"},\"query-input\":{\"@type\":\"PropertyValueSpecification\",\"valueRequired\":true,\"valueName\":\"search_term_string\"}}],\"inLanguage\":\"pt-BR\"},{\"@type\":\"Organization\",\"@id\":\"https:\/\/www.suno.com.br\/noticias\/#organization\",\"name\":\"Suno Not\u00edcias\",\"url\":\"https:\/\/www.suno.com.br\/noticias\/\",\"logo\":{\"@type\":\"ImageObject\",\"inLanguage\":\"pt-BR\",\"@id\":\"https:\/\/www.suno.com.br\/noticias\/#\/schema\/logo\/image\/\",\"url\":\"https:\/\/files.sunoresearch.com.br\/n\/uploads\/2021\/09\/suno-logo.png\",\"contentUrl\":\"https:\/\/files.sunoresearch.com.br\/n\/uploads\/2021\/09\/suno-logo.png\",\"width\":180,\"height\":180,\"caption\":\"Suno Not\u00edcias\"},\"image\":{\"@id\":\"https:\/\/www.suno.com.br\/noticias\/#\/schema\/logo\/image\/\"},\"sameAs\":[\"https:\/\/facebook.com\/sunoresearch\",\"https:\/\/x.com\/sunoresearch\",\"https:\/\/www.instagram.com\/suno\",\"https:\/\/www.linkedin.com\/company\/suno-research\/\",\"https:\/\/www.youtube.com\/c\/sunoresearch\"]},{\"@type\":\"Person\",\"@id\":\"https:\/\/www.suno.com.br\/noticias\/#\/schema\/person\/87fc6973867c52dd884811905c43afba\",\"name\":\"Jo\u00e3o Vitor\",\"image\":{\"@type\":\"ImageObject\",\"inLanguage\":\"pt-BR\",\"@id\":\"https:\/\/www.suno.com.br\/noticias\/#\/schema\/person\/image\/\",\"url\":\"https:\/\/secure.gravatar.com\/avatar\/2843227ca03ccf8cc7ccca45204c127e?s=96&r=g\",\"contentUrl\":\"https:\/\/secure.gravatar.com\/avatar\/2843227ca03ccf8cc7ccca45204c127e?s=96&r=g\",\"caption\":\"Jo\u00e3o Vitor\"},\"description\":\"Redator profissional, com atua\u00e7\u00e3o no mercado editorial na produ\u00e7\u00e3o de not\u00edcias e conte\u00fados sobre o mercado de a\u00e7\u00f5es, fundos imobili\u00e1rios e economia popular. Graduando em Engenharia Qu\u00edmica pela Unesp, tamb\u00e9m j\u00e1 atuou como consultor financeiro.\",\"url\":\"https:\/\/www.suno.com.br\/noticias\/author\/joao-vitor-jacintho\/\"}]}<\/script>\n<!-- \/ Yoast SEO plugin. -->","yoast_head_json":{"title":"Vale (VALE3) anuncia valor final dos dividendos; veja as mais lidas","description":"A Vale (VALE3) anunciou o valor final de seus dividendos? O FII CPTS11 divulgou novos rendimentos? Veja as mais lidas da semana.","robots":{"index":"index","follow":"follow","max-snippet":"max-snippet:-1","max-image-preview":"max-image-preview:large","max-video-preview":"max-video-preview:-1"},"canonical":"https:\/\/www.suno.com.br\/noticias\/vale-vale3-fundo-imobiliario-cpts11-mais-lidas-jvj\/","og_locale":"pt_BR","og_type":"article","og_title":"Vale (VALE3) anuncia valor final dos dividendos; veja as mais lidas","og_description":"A Vale (VALE3) anunciou o valor final de seus dividendos? O FII CPTS11 divulgou novos rendimentos? Veja as mais lidas da semana.","og_url":"https:\/\/www.suno.com.br\/noticias\/vale-vale3-fundo-imobiliario-cpts11-mais-lidas-jvj\/","og_site_name":"Suno Not\u00edcias","article_publisher":"https:\/\/facebook.com\/sunoresearch","og_image":[{"width":1380,"height":937,"url":"http:\/\/files.sunoresearch.com.br\/n\/uploads\/2021\/02\/aff09bff-c0100329-vale.jpg","type":"image\/jpeg"}],"author":"Jo\u00e3o Vitor","twitter_card":"summary_large_image","twitter_creator":"@sunoresearch","twitter_site":"@sunoresearch","twitter_misc":{"Escrito por":"Jo\u00e3o Vitor"},"schema":{"@context":"https:\/\/schema.org","@graph":[{"@type":"NewsArticle","@id":"https:\/\/www.suno.com.br\/noticias\/vale-vale3-fundo-imobiliario-cpts11-mais-lidas-jvj\/#article","isPartOf":{"@id":"https:\/\/www.suno.com.br\/noticias\/vale-vale3-fundo-imobiliario-cpts11-mais-lidas-jvj\/"},"author":{"name":"Jo\u00e3o Vitor","@id":"https:\/\/www.suno.com.br\/noticias\/#\/schema\/person\/87fc6973867c52dd884811905c43afba"},"headline":"Vale (VALE3) anuncia valor final de seus dividendos e CPTS11 divulga novos rendimentos; veja as mais lidas da semana","datePublished":"2024-03-16T13:02:00+00:00","mainEntityOfPage":{"@id":"https:\/\/www.suno.com.br\/noticias\/vale-vale3-fundo-imobiliario-cpts11-mais-lidas-jvj\/"},"wordCount":777,"publisher":{"@id":"https:\/\/www.suno.com.br\/noticias\/#organization"},"image":{"@id":"https:\/\/www.suno.com.br\/noticias\/vale-vale3-fundo-imobiliario-cpts11-mais-lidas-jvj\/#primaryimage"},"thumbnailUrl":"https:\/\/files.sunoresearch.com.br\/n\/uploads\/2021\/02\/aff09bff-c0100329-vale-jpg.webp","keywords":["Azul (AZUL4)","Casas Bahia (BHIA3)","CPTS11","Gol Linhas A\u00e9reas (GOLL11\/GOLL4)","Vale (VALE3)"],"articleSection":["Neg\u00f3cios"],"inLanguage":"pt-BR"},{"@type":"WebPage","@id":"https:\/\/www.suno.com.br\/noticias\/vale-vale3-fundo-imobiliario-cpts11-mais-lidas-jvj\/","url":"https:\/\/www.suno.com.br\/noticias\/vale-vale3-fundo-imobiliario-cpts11-mais-lidas-jvj\/","name":"Vale (VALE3) anuncia valor final dos dividendos; veja as mais lidas","isPartOf":{"@id":"https:\/\/www.suno.com.br\/noticias\/#website"},"primaryImageOfPage":{"@id":"https:\/\/www.suno.com.br\/noticias\/vale-vale3-fundo-imobiliario-cpts11-mais-lidas-jvj\/#primaryimage"},"image":{"@id":"https:\/\/www.suno.com.br\/noticias\/vale-vale3-fundo-imobiliario-cpts11-mais-lidas-jvj\/#primaryimage"},"thumbnailUrl":"https:\/\/files.sunoresearch.com.br\/n\/uploads\/2021\/02\/aff09bff-c0100329-vale-jpg.webp","datePublished":"2024-03-16T13:02:00+00:00","description":"A Vale (VALE3) anunciou o valor final de seus dividendos? O FII CPTS11 divulgou novos rendimentos? Veja as mais lidas da semana.","breadcrumb":{"@id":"https:\/\/www.suno.com.br\/noticias\/vale-vale3-fundo-imobiliario-cpts11-mais-lidas-jvj\/#breadcrumb"},"inLanguage":"pt-BR","potentialAction":[{"@type":"ReadAction","target":["https:\/\/www.suno.com.br\/noticias\/vale-vale3-fundo-imobiliario-cpts11-mais-lidas-jvj\/"]}]},{"@type":"ImageObject","inLanguage":"pt-BR","@id":"https:\/\/www.suno.com.br\/noticias\/vale-vale3-fundo-imobiliario-cpts11-mais-lidas-jvj\/#primaryimage","url":"https:\/\/files.sunoresearch.com.br\/n\/uploads\/2021\/02\/aff09bff-c0100329-vale-jpg.webp","contentUrl":"https:\/\/files.sunoresearch.com.br\/n\/uploads\/2021\/02\/aff09bff-c0100329-vale-jpg.webp","width":1380,"height":937,"caption":"Vale (VALE3). Foto: Divulga\u00e7\u00e3o."},{"@type":"BreadcrumbList","@id":"https:\/\/www.suno.com.br\/noticias\/vale-vale3-fundo-imobiliario-cpts11-mais-lidas-jvj\/#breadcrumb","itemListElement":[{"@type":"ListItem","position":1,"name":"Not\u00edcias","item":"https:\/\/www.suno.com.br\/noticias\/"},{"@type":"ListItem","position":2,"name":"Neg\u00f3cios","item":"https:\/\/www.suno.com.br\/noticias\/negocios\/"},{"@type":"ListItem","position":3,"name":"Vale (VALE3) anuncia valor final de seus dividendos e CPTS11 divulga novos rendimentos; veja as mais lidas da semana"}]},{"@type":"WebSite","@id":"https:\/\/www.suno.com.br\/noticias\/#website","url":"https:\/\/www.suno.com.br\/noticias\/","name":"Suno Not\u00edcias","description":"Seu portal de informa\u00e7\u00e3o sobre o mundo dos investimentos","publisher":{"@id":"https:\/\/www.suno.com.br\/noticias\/#organization"},"potentialAction":[{"@type":"SearchAction","target":{"@type":"EntryPoint","urlTemplate":"https:\/\/www.suno.com.br\/noticias\/?s={search_term_string}"},"query-input":{"@type":"PropertyValueSpecification","valueRequired":true,"valueName":"search_term_string"}}],"inLanguage":"pt-BR"},{"@type":"Organization","@id":"https:\/\/www.suno.com.br\/noticias\/#organization","name":"Suno Not\u00edcias","url":"https:\/\/www.suno.com.br\/noticias\/","logo":{"@type":"ImageObject","inLanguage":"pt-BR","@id":"https:\/\/www.suno.com.br\/noticias\/#\/schema\/logo\/image\/","url":"https:\/\/files.sunoresearch.com.br\/n\/uploads\/2021\/09\/suno-logo.png","contentUrl":"https:\/\/files.sunoresearch.com.br\/n\/uploads\/2021\/09\/suno-logo.png","width":180,"height":180,"caption":"Suno Not\u00edcias"},"image":{"@id":"https:\/\/www.suno.com.br\/noticias\/#\/schema\/logo\/image\/"},"sameAs":["https:\/\/facebook.com\/sunoresearch","https:\/\/x.com\/sunoresearch","https:\/\/www.instagram.com\/suno","https:\/\/www.linkedin.com\/company\/suno-research\/","https:\/\/www.youtube.com\/c\/sunoresearch"]},{"@type":"Person","@id":"https:\/\/www.suno.com.br\/noticias\/#\/schema\/person\/87fc6973867c52dd884811905c43afba","name":"Jo\u00e3o Vitor","image":{"@type":"ImageObject","inLanguage":"pt-BR","@id":"https:\/\/www.suno.com.br\/noticias\/#\/schema\/person\/image\/","url":"https:\/\/secure.gravatar.com\/avatar\/2843227ca03ccf8cc7ccca45204c127e?s=96&r=g","contentUrl":"https:\/\/secure.gravatar.com\/avatar\/2843227ca03ccf8cc7ccca45204c127e?s=96&r=g","caption":"Jo\u00e3o Vitor"},"description":"Redator profissional, com atua\u00e7\u00e3o no mercado editorial na produ\u00e7\u00e3o de not\u00edcias e conte\u00fados sobre o mercado de a\u00e7\u00f5es, fundos imobili\u00e1rios e economia popular. Graduando em Engenharia Qu\u00edmica pela Unesp, tamb\u00e9m j\u00e1 atuou como consultor financeiro.","url":"https:\/\/www.suno.com.br\/noticias\/author\/joao-vitor-jacintho\/"}]}},"default_loop_html":"<div class=\"cardsPage__listCard__boxs\"><div class=\"cardsPage__listCard__boxs__img\"><a href=\"https:\/\/www.suno.com.br\/noticias\/vale-vale3-fundo-imobiliario-cpts11-mais-lidas-jvj\/\"><img class=\"mask\" src=\"https:\/\/www.suno.com.br\/noticias\/wp-content\/themes\/suno\/resources\/images\/spotlight\/spotlight1img\/bg-mask.png\" alt=\"Image Mask\"\/><img src=\"https:\/\/files.sunoresearch.com.br\/n\/uploads\/2021\/02\/aff09bff-c0100329-vale-400x200.webp\" alt=\"Vale (VALE3) anuncia valor final de seus dividendos e CPTS11 divulga novos rendimentos; veja as mais lidas da semana\"\/><\/a><span class=\"spotlightCategory\"><a href=\"https:\/\/www.suno.com.br\/noticias\/negocios\/\">Neg\u00f3cios<\/a><\/span><\/div><div class=\"cardsPage__listCard__boxs__content\"><a href=\"https:\/\/www.suno.com.br\/noticias\/vale-vale3-fundo-imobiliario-cpts11-mais-lidas-jvj\/\"><h2 class=\"content__title\">Vale (VALE3) anuncia valor final de seus dividendos e CPTS11 divulga novos rendimentos; veja as mais lidas da semana<\/h2><\/a><div class=\"newsContent__article__meta\"><div class=\"newsContent__article__meta__authorBox\"><a href=\"https:\/\/www.suno.com.br\/noticias\/author\/joao-vitor-jacintho\/\" class=\"authorBox__avatar noMobi\"><img src=\"https:\/\/secure.gravatar.com\/avatar\/2843227ca03ccf8cc7ccca45204c127e?s=96&#038;r=g\" alt=\"Jo\u00e3o Vitor Jacintho\"><\/a><div class=\"authorBox__name\"><span>por\n\t\t\t<a href=\"https:\/\/www.suno.com.br\/noticias\/author\/joao-vitor-jacintho\/\"><span itemprop=\"author\">Jo\u00e3o Vitor Jacintho<\/span><\/a><\/span><time datetime=\"2024-03-16T10:02:00-03:00\" itemprop=\"datePublished\">16\/03\/2024 10:02<\/time><\/div><\/div><\/div><\/div><\/div>","single_layout":"posts","amp_enabled":true,"_links":{"self":[{"href":"https:\/\/www.suno.com.br\/noticias\/wp-json\/wp\/v2\/posts\/534384"}],"collection":[{"href":"https:\/\/www.suno.com.br\/noticias\/wp-json\/wp\/v2\/posts"}],"about":[{"href":"https:\/\/www.suno.com.br\/noticias\/wp-json\/wp\/v2\/types\/post"}],"author":[{"embeddable":true,"href":"https:\/\/www.suno.com.br\/noticias\/wp-json\/wp\/v2\/users\/173"}],"replies":[{"embeddable":true,"href":"https:\/\/www.suno.com.br\/noticias\/wp-json\/wp\/v2\/comments?post=534384"}],"version-history":[{"count":2,"href":"https:\/\/www.suno.com.br\/noticias\/wp-json\/wp\/v2\/posts\/534384\/revisions"}],"predecessor-version":[{"id":534388,"href":"https:\/\/www.suno.com.br\/noticias\/wp-json\/wp\/v2\/posts\/534384\/revisions\/534388"}],"wp:featuredmedia":[{"embeddable":true,"href":"https:\/\/www.suno.com.br\/noticias\/wp-json\/wp\/v2\/media\/126963"}],"wp:attachment":[{"href":"https:\/\/www.suno.com.br\/noticias\/wp-json\/wp\/v2\/media?parent=534384"}],"wp:term":[{"taxonomy":"category","embeddable":true,"href":"https:\/\/www.suno.com.br\/noticias\/wp-json\/wp\/v2\/categories?post=534384"},{"taxonomy":"post_tag","embeddable":true,"href":"https:\/\/www.suno.com.br\/noticias\/wp-json\/wp\/v2\/tags?post=534384"},{"taxonomy":"suno_strategy","embeddable":true,"href":"https:\/\/www.suno.com.br\/noticias\/wp-json\/wp\/v2\/suno_strategy?post=534384"}],"curies":[{"name":"wp","href":"https:\/\/api.w.org\/{rel}","templated":true}]}}