{"id":534134,"date":"2024-03-15T12:40:00","date_gmt":"2024-03-15T15:40:00","guid":{"rendered":"https:\/\/www.suno.com.br\/noticias\/?p=534134"},"modified":"2024-03-15T13:59:32","modified_gmt":"2024-03-15T16:59:32","slug":"vale-vale3-proximo-ceo-presidente-governo-evm","status":"publish","type":"post","link":"https:\/\/www.suno.com.br\/noticias\/vale-vale3-proximo-ceo-presidente-governo-evm\/","title":{"rendered":"Vale (VALE3) ter\u00e1 pr\u00f3ximo CEO ligado ao governo?"},"content":{"rendered":"<p>O nome do pr\u00f3ximo CEO da <a class=\"suno-keyword\" data-force=\"yes\" data-priority=\"2\" href=\"https:\/\/www.suno.com.br\/acoes\/VALE3\/\" target=\"_blank\" rel=\"noopener\"><strong>Vale<\/strong> (VALE3)<\/a>, que assumir\u00e1 em 2025, poder\u00e1 estar vinculado ao Governo Federal, conforme informa\u00e7\u00f5es do Estad\u00e3o.<\/p><div class=\"videoFull \">\n\t\t\t<div class=\"videoWrapper yt-lazyload center\"\n\t\t\t\tdata-width=\"960\"\n\t\t\t\tdata-height=\"540\"\n\t\t\t\tdata-id=\"KDcdYq4lknY\"\n\t\t\t\tdata-alt=\"V\u00eddeo do YouTube - clique para reproduzir\"\n\t\t\t\tdata-logo=\"3\"\n\t\t\t\tdata-imagequality=\"maxres\">\n\t\t\t<\/div>\n\t\t<\/div><script type=\"application\/ld+json\">{\"@context\":\"https:\/\/schema.org\",\"@type\":\"VideoObject\",\"name\":\"\ud83d\udd34LULA BARROU DIVIDENDOS DA PETROBRAS (PETR4)? | Ibovespa cai | Subway em recupera\u00e7\u00e3o judicial\",\"description\":\"#mercadofinanceiro #a\u00e7\u00f5es #investimentos #bolsadevalores #ibovespa #dinheiro #finan\u00e7as #pol\u00edtica #d\u00f3lar #livedas19h #petr4 #petr3 #petrobras #vale3 #vale #a\u00e7\u00f5es #economia #dividendos #min\u00e9riodeferro #min\u00e9rio #petr\u00f3leo #commodities #proventos #resultados #lula #politica #governo #jcp #bastidores #nubank #roxo34 #nubr33 #subway 00:00 In\u00edcio do v\u00eddeo 01:29 Fechamento de preg\u00e3o 06:35 Lula orientou decis\u00e3o sobre dividendos 09:55 Dividendos de PETR4 at\u00e9 outubro? 13:30 Subway\u2026\",\"duration\":\"PT25M1S\",\"embedUrl\":\"https:\/\/www.youtube.com\/embed\/KDcdYq4lknY\",\"regionsAllowed\":\"en-US\",\"interactionStatistic\":{\"@type\":\"InteractionCounter\",\"interactionType\":{\"@type\":\"WatchAction\"},\"userInteractionCount\":5904},\"thumbnailUrl\":\"https:\/\/i.ytimg.com\/vi\/KDcdYq4lknY\/default.jpg\",\"uploadDate\":\"2024-03-14T22:33:06Z\"}<\/script>\n\n\n\n\n\t<p>\n\t\t<a href=\"\" target=\"_blank\" data-element=\"shortcode-suno-banner\" title=\"Banner SUNO, clique e saiba mais\">\n\t\t\t<picture>\n\t\t\t\t<source media=\"(max-width: 500px)\" srcset=\"\">\n\t\t\t\t<img class=\"newsContent__article__imgCapa newsContent__article__imgCapa--banner\"\n\t\t\t\t\tsrc=\"\"\n\t\t\t\t\tdata-promo-id=\"250706\"\t\t\t\t\t\t\t\t\t\t\t\t\t\t\talt=\"\"\n\t\t\t\t>\n\t\t\t<\/picture>\n\t\t<\/a>\n\t<\/p>\n\n\n\n\n\n\n\n<p>Segundo a publica\u00e7\u00e3o, a condi\u00e7\u00e3o para que o nome do indicado n\u00e3o tivesse conex\u00e3o com o governo nem com outros grandes investidores foi retirada no encontro do <a class=\"suno-keyword\" target=\"_blank\" data-force=\"no\" data-priority=\"1\" href=\"https:\/\/www.suno.com.br\/artigos\/conselho-administracao\/\" rel=\"noopener\">Conselho de Administra\u00e7\u00e3o<\/a> da sexta-feira anterior, dia 8.<\/p>\n\n\n\n<p>Essa determina\u00e7\u00e3o teria sido condi\u00e7\u00e3o imposta por um acionista &#8211; o que criou um impasse no colegiado.<\/p>\n\n\n\n<p>Conforme decidido na reuni\u00e3o mais recente que tratou do assunto, o atual <strong>CEO da Vale<\/strong>, Eduardo Bartolomeo, seguir\u00e1 no cargo at\u00e9 o fim deste ano. Em 2025, passar\u00e1 a atuar como advisor da companhia.<\/p>\n\n\n\n<p>Nos primeiros meses de 2025, ele trabalhar\u00e1 na sucess\u00e3o do seu cargo.<\/p>\n\n\n\n\t<div data-element=\"shortcode-read-more\" class=\"readToo\">\n\t\t\t\t<span class=\"readToo__title\">Leia mais<\/span>\n\t\t\t\t<ul class=\"readToo__list\">\n\t\t\t<li><a href=\"https:\/\/www.suno.com.br\/noticias\/oi-oibr3-suspensao-acoes-previa-4t23-cpf\/\">Oi (OIBR3): Justi\u00e7a prorroga per\u00edodo de suspens\u00e3o de a\u00e7\u00f5es at\u00e9 dia 25; balan\u00e7o vir\u00e1 &#8216;ruim como anterior&#8217;, opina gestor<\/a><\/li><li><a href=\"https:\/\/www.suno.com.br\/noticias\/banco-do-brasil-bbas3-mao-lula-banco-evm\/\">Banco do Brasil (BBAS3): interfer\u00eancia do governo pode recair sobre o banco tamb\u00e9m?<\/a><\/li><li><a href=\"https:\/\/www.suno.com.br\/noticias\/ambev-abev3-comprar-acoes-analistas-respondem-cpf\/\">Ambev (ABEV3) est\u00e1 &#8216;barata&#8217;: \u00c9 hora de comprar a\u00e7\u00f5es? Analistas respondem<\/a><\/li>\t\t<\/ul>\n\t<\/div>\n\n\n\n\n<p>Conforme as informa\u00e7\u00f5es de bastidores do Estad\u00e3o, at\u00e9 o dia 30 de junho a Vale deve contratar o headhunter para elaborar uma lista tr\u00edplice a ser apreciada pelo Conselho que, por sua vez, ir\u00e1 escolher o novo <strong>CEO da Vale<\/strong>.<\/p>\n\n\n\n<p>A sele\u00e7\u00e3o da lista tr\u00edplice deve ocorrer at\u00e9 o dia 30 de setembro, e a escolha e contrata\u00e7\u00e3o devem ocorrer at\u00e9 30 de outubro e 30 de novembro, respectivamente.<\/p>\n\n\n\n<p>Entre os nomes de consultoria visados para elaborarem a lista tr\u00edplice estariam: Egon Zehnder, Heidrick &amp; Struggles, Korn Ferry, Russel Reynolds Associates, Spencer Stuart e Hays.<\/p>\n\n\n\t<p>\n\t\t<a href=\"https:\/\/lp.suno.com.br\/ebook-como-analisar-uma-acao\/\" target=\"_blank\" data-element=\"shortcode-suno-banner\" title=\"Banner SUNO, clique e saiba mais\">\n\t\t\t<picture>\n\t\t\t\t<source media=\"(max-width: 500px)\" srcset=\"https:\/\/files.sunoresearch.com.br\/n\/uploads\/2023\/03\/Ebook-Acoes-Mobile.jpg\">\n\t\t\t\t<img class=\"newsContent__article__imgCapa newsContent__article__imgCapa--banner\"\n\t\t\t\t\tsrc=\"https:\/\/files.sunoresearch.com.br\/n\/uploads\/2023\/03\/Ebook-Acoes-Desktop.jpg\"\n\t\t\t\t\tdata-promo-id=\"378302\"\t\t\t\t\t\t\t\t\t\twidth='1420' height='286'\t\t\t\t\talt=\"https:\/\/files.sunoresearch.com.br\/n\/uploads\/2023\/03\/Ebook-Acoes-Desktop.jpg\"\n\t\t\t\t>\n\t\t\t<\/picture>\n\t\t<\/a>\n\t<\/p>\n\n\n\n\n\n<h2 class=\"wp-block-heading\">Governo j\u00e1 fez press\u00e3o na Vale em passado recente<\/h2>\n\n\n\n<p>Ainda no m\u00eas de janeiro o Governo Federal exerceu sua press\u00e3o no <strong>Conselho da Vale<\/strong> por meio da Previ, <a class=\"suno-keyword\" target=\"_blank\" data-force=\"no\" data-priority=\"1\" href=\"https:\/\/www.suno.com.br\/artigos\/fundo-previdencia\/\" rel=\"noopener\">fundo de previd\u00eancia<\/a> dos funcion\u00e1rios do <a class=\"suno-keyword\" target=\"_blank\" data-force=\"yes\" data-priority=\"2\" href=\"https:\/\/www.suno.com.br\/acoes\/BBAS3\/\" rel=\"noopener\">Banco do Brasil (BBAS3)<\/a> e maior acionista individual.<\/p>\n\n\n\n<p>\u00c0 \u00e9poca, o nome ventilado era o de Guido Mantega, ministro da Fazenda de gest\u00f5es petistas anteriores.<\/p>\n\n\n\n<p>Contudo, a mineradora \u00e9 uma corporation, ou seja, tem seu controle dilu\u00eddo em nenhum de seus acionistas possui uma participa\u00e7\u00e3o superior a 10%. Essa estrutura impediu uma interfer\u00eancia direta do Governo, que n\u00e3o conseguiu ganhar a queda de bra\u00e7o para emplacar Guido como <strong>presidente da Vale<\/strong>.<\/p>\n\n\n\n<p>Posteriormente nomes como o de Paulo Caffareli (ex-CEO da Cielo), Gustavo Pimenta (CFO da Vale), Walter Schalka (CEO da Suzano) e Sergio Rial (ex-CEO do Santander e da Americanas) foram ventilados. Contudo, <strong>Eduardo Bartolomeo<\/strong> teve seu mantado estendido por vota\u00e7\u00e3o no Conselho.<\/p>\n\n\n\n<p>Um dos dois conselheiros que votou contra a recondu\u00e7\u00e3o, Jos\u00e9 Luciano Duarte Penido, renunciou recentemente, alegando &#8216;nefasta influ\u00eancia pol\u00edtica&#8217; dentro da companhia e apontando que haveria &#8216;manipula\u00e7\u00e3o&#8217; no processo sucess\u00f3rio da <strong>Vale<\/strong>.<\/p>\n\n\n\t<p>\n\t\t<a href=\"https:\/\/lp.suno.com.br\/plataforma-de-controle-de-investimentos\/\" target=\"_blank\" data-element=\"shortcode-suno-banner\" title=\"Banner SUNO, clique e saiba mais\">\n\t\t\t<picture>\n\t\t\t\t<source media=\"(max-width: 500px)\" srcset=\"https:\/\/files.sunoresearch.com.br\/n\/uploads\/2023\/03\/400x300-Controle-de-Investimentos.png\">\n\t\t\t\t<img class=\"newsContent__article__imgCapa newsContent__article__imgCapa--banner\"\n\t\t\t\t\tsrc=\"https:\/\/files.sunoresearch.com.br\/n\/uploads\/2023\/03\/1420x240-Controle-de-Investimentos.png\"\n\t\t\t\t\tdata-promo-id=\"383162\"\t\t\t\t\t\t\t\t\t\twidth='1420' height='240'\t\t\t\t\talt=\"https:\/\/files.sunoresearch.com.br\/n\/uploads\/2023\/03\/1420x240-Controle-de-Investimentos.png\"\n\t\t\t\t>\n\t\t\t<\/picture>\n\t\t<\/a>\n\t<\/p>\n\n\n","protected":false},"excerpt":{"rendered":"<p>O nome do pr\u00f3ximo CEO da Vale (VALE3), que assumir\u00e1 em 2025, poder\u00e1 estar vinculado ao Governo Federal, conforme informa\u00e7\u00f5es do Estad\u00e3o. Segundo a publica\u00e7\u00e3o, a condi\u00e7\u00e3o para que o nome do indicado n\u00e3o tivesse conex\u00e3o com o governo nem com outros grandes investidores foi retirada no encontro do Conselho de Administra\u00e7\u00e3o da sexta-feira anterior, [&hellip;]<\/p>\n","protected":false},"author":73,"featured_media":368083,"comment_status":"closed","ping_status":"closed","sticky":false,"template":"","format":"standard","meta":[],"categories":[64],"tags":[676],"suno_strategy":[],"class_list":["post-534134","post","type-post","status-publish","format-standard","has-post-thumbnail","hentry","category-negocios","tag-vale-vale3"],"yoast_head":"<!-- This site is optimized with the Yoast SEO plugin v24.4 - https:\/\/yoast.com\/wordpress\/plugins\/seo\/ -->\n<title>Vale (VALE3) ter\u00e1 pr\u00f3ximo CEO ligado ao Governo?<\/title>\n<meta name=\"description\" content=\"Recentemente o atual CEO da Vale, Eduardo Bartolomeo, foi reconduzido ao cargo, contudo especialistas ainda discutem sucess\u00e3o em 2025\" \/>\n<meta name=\"robots\" content=\"index, follow, max-snippet:-1, max-image-preview:large, max-video-preview:-1\" \/>\n<link rel=\"canonical\" href=\"https:\/\/www.suno.com.br\/noticias\/vale-vale3-proximo-ceo-presidente-governo-evm\/\" \/>\n<meta property=\"og:locale\" content=\"pt_BR\" \/>\n<meta property=\"og:type\" content=\"article\" \/>\n<meta property=\"og:title\" content=\"Vale (VALE3) ter\u00e1 pr\u00f3ximo CEO ligado ao Governo?\" \/>\n<meta property=\"og:description\" content=\"Recentemente o atual CEO da Vale, Eduardo Bartolomeo, foi reconduzido ao cargo, contudo especialistas ainda discutem sucess\u00e3o em 2025\" \/>\n<meta property=\"og:url\" content=\"https:\/\/www.suno.com.br\/noticias\/vale-vale3-proximo-ceo-presidente-governo-evm\/\" \/>\n<meta property=\"og:site_name\" content=\"Suno Not\u00edcias\" \/>\n<meta property=\"article:publisher\" content=\"https:\/\/facebook.com\/sunoresearch\" \/>\n<meta property=\"og:image\" content=\"https:\/\/files.sunoresearch.com.br\/n\/uploads\/2023\/02\/vale-vale3-1.jpg\" \/>\n\t<meta property=\"og:image:width\" content=\"1433\" \/>\n\t<meta property=\"og:image:height\" content=\"800\" \/>\n\t<meta property=\"og:image:type\" content=\"image\/jpeg\" \/>\n<meta name=\"author\" content=\"Eduardo Vargas\" \/>\n<meta name=\"twitter:card\" content=\"summary_large_image\" \/>\n<meta name=\"twitter:creator\" content=\"@sunoresearch\" \/>\n<meta name=\"twitter:site\" content=\"@sunoresearch\" \/>\n<meta name=\"twitter:label1\" content=\"Escrito por\" \/>\n\t<meta name=\"twitter:data1\" content=\"Eduardo Vargas\" \/>\n\t<meta name=\"twitter:label2\" content=\"Est. tempo de leitura\" \/>\n\t<meta name=\"twitter:data2\" content=\"3 minutos\" \/>\n<script type=\"application\/ld+json\" class=\"yoast-schema-graph\">{\"@context\":\"https:\/\/schema.org\",\"@graph\":[{\"@type\":\"NewsArticle\",\"@id\":\"https:\/\/www.suno.com.br\/noticias\/vale-vale3-proximo-ceo-presidente-governo-evm\/#article\",\"isPartOf\":{\"@id\":\"https:\/\/www.suno.com.br\/noticias\/vale-vale3-proximo-ceo-presidente-governo-evm\/\"},\"author\":{\"name\":\"Eduardo Vargas\",\"@id\":\"https:\/\/www.suno.com.br\/noticias\/#\/schema\/person\/7f4d362bf3518e76090143ae77bb49a5\"},\"headline\":\"Vale (VALE3) ter\u00e1 pr\u00f3ximo CEO ligado ao governo?\",\"datePublished\":\"2024-03-15T15:40:00+00:00\",\"dateModified\":\"2024-03-15T16:59:32+00:00\",\"mainEntityOfPage\":{\"@id\":\"https:\/\/www.suno.com.br\/noticias\/vale-vale3-proximo-ceo-presidente-governo-evm\/\"},\"wordCount\":437,\"publisher\":{\"@id\":\"https:\/\/www.suno.com.br\/noticias\/#organization\"},\"image\":{\"@id\":\"https:\/\/www.suno.com.br\/noticias\/vale-vale3-proximo-ceo-presidente-governo-evm\/#primaryimage\"},\"thumbnailUrl\":\"https:\/\/files.sunoresearch.com.br\/n\/uploads\/2023\/02\/vale-vale3-1.jpg\",\"keywords\":[\"Vale (VALE3)\"],\"articleSection\":[\"Neg\u00f3cios\"],\"inLanguage\":\"pt-BR\"},{\"@type\":\"WebPage\",\"@id\":\"https:\/\/www.suno.com.br\/noticias\/vale-vale3-proximo-ceo-presidente-governo-evm\/\",\"url\":\"https:\/\/www.suno.com.br\/noticias\/vale-vale3-proximo-ceo-presidente-governo-evm\/\",\"name\":\"Vale (VALE3) ter\u00e1 pr\u00f3ximo CEO ligado ao Governo?\",\"isPartOf\":{\"@id\":\"https:\/\/www.suno.com.br\/noticias\/#website\"},\"primaryImageOfPage\":{\"@id\":\"https:\/\/www.suno.com.br\/noticias\/vale-vale3-proximo-ceo-presidente-governo-evm\/#primaryimage\"},\"image\":{\"@id\":\"https:\/\/www.suno.com.br\/noticias\/vale-vale3-proximo-ceo-presidente-governo-evm\/#primaryimage\"},\"thumbnailUrl\":\"https:\/\/files.sunoresearch.com.br\/n\/uploads\/2023\/02\/vale-vale3-1.jpg\",\"datePublished\":\"2024-03-15T15:40:00+00:00\",\"dateModified\":\"2024-03-15T16:59:32+00:00\",\"description\":\"Recentemente o atual CEO da Vale, Eduardo Bartolomeo, foi reconduzido ao cargo, contudo especialistas ainda discutem sucess\u00e3o em 2025\",\"breadcrumb\":{\"@id\":\"https:\/\/www.suno.com.br\/noticias\/vale-vale3-proximo-ceo-presidente-governo-evm\/#breadcrumb\"},\"inLanguage\":\"pt-BR\",\"potentialAction\":[{\"@type\":\"ReadAction\",\"target\":[\"https:\/\/www.suno.com.br\/noticias\/vale-vale3-proximo-ceo-presidente-governo-evm\/\"]}]},{\"@type\":\"ImageObject\",\"inLanguage\":\"pt-BR\",\"@id\":\"https:\/\/www.suno.com.br\/noticias\/vale-vale3-proximo-ceo-presidente-governo-evm\/#primaryimage\",\"url\":\"https:\/\/files.sunoresearch.com.br\/n\/uploads\/2023\/02\/vale-vale3-1.jpg\",\"contentUrl\":\"https:\/\/files.sunoresearch.com.br\/n\/uploads\/2023\/02\/vale-vale3-1.jpg\",\"width\":1433,\"height\":800,\"caption\":\"A\u00e7\u00f5es da Vale (VALE3) sobem com revis\u00e3o do min\u00e9rio e possibilidade de dividendos. Foto: Reprodu\u00e7\u00e3o Facebook\"},{\"@type\":\"BreadcrumbList\",\"@id\":\"https:\/\/www.suno.com.br\/noticias\/vale-vale3-proximo-ceo-presidente-governo-evm\/#breadcrumb\",\"itemListElement\":[{\"@type\":\"ListItem\",\"position\":1,\"name\":\"Not\u00edcias\",\"item\":\"https:\/\/www.suno.com.br\/noticias\/\"},{\"@type\":\"ListItem\",\"position\":2,\"name\":\"Neg\u00f3cios\",\"item\":\"https:\/\/www.suno.com.br\/noticias\/negocios\/\"},{\"@type\":\"ListItem\",\"position\":3,\"name\":\"Vale (VALE3) ter\u00e1 pr\u00f3ximo CEO ligado ao governo?\"}]},{\"@type\":\"WebSite\",\"@id\":\"https:\/\/www.suno.com.br\/noticias\/#website\",\"url\":\"https:\/\/www.suno.com.br\/noticias\/\",\"name\":\"Suno Not\u00edcias\",\"description\":\"Seu portal de informa\u00e7\u00e3o sobre o mundo dos investimentos\",\"publisher\":{\"@id\":\"https:\/\/www.suno.com.br\/noticias\/#organization\"},\"potentialAction\":[{\"@type\":\"SearchAction\",\"target\":{\"@type\":\"EntryPoint\",\"urlTemplate\":\"https:\/\/www.suno.com.br\/noticias\/?s={search_term_string}\"},\"query-input\":{\"@type\":\"PropertyValueSpecification\",\"valueRequired\":true,\"valueName\":\"search_term_string\"}}],\"inLanguage\":\"pt-BR\"},{\"@type\":\"Organization\",\"@id\":\"https:\/\/www.suno.com.br\/noticias\/#organization\",\"name\":\"Suno Not\u00edcias\",\"url\":\"https:\/\/www.suno.com.br\/noticias\/\",\"logo\":{\"@type\":\"ImageObject\",\"inLanguage\":\"pt-BR\",\"@id\":\"https:\/\/www.suno.com.br\/noticias\/#\/schema\/logo\/image\/\",\"url\":\"https:\/\/files.sunoresearch.com.br\/n\/uploads\/2021\/09\/suno-logo.png\",\"contentUrl\":\"https:\/\/files.sunoresearch.com.br\/n\/uploads\/2021\/09\/suno-logo.png\",\"width\":180,\"height\":180,\"caption\":\"Suno Not\u00edcias\"},\"image\":{\"@id\":\"https:\/\/www.suno.com.br\/noticias\/#\/schema\/logo\/image\/\"},\"sameAs\":[\"https:\/\/facebook.com\/sunoresearch\",\"https:\/\/x.com\/sunoresearch\",\"https:\/\/www.instagram.com\/suno\",\"https:\/\/www.linkedin.com\/company\/suno-research\/\",\"https:\/\/www.youtube.com\/c\/sunoresearch\"]},{\"@type\":\"Person\",\"@id\":\"https:\/\/www.suno.com.br\/noticias\/#\/schema\/person\/7f4d362bf3518e76090143ae77bb49a5\",\"name\":\"Eduardo Vargas\",\"image\":{\"@type\":\"ImageObject\",\"inLanguage\":\"pt-BR\",\"@id\":\"https:\/\/www.suno.com.br\/noticias\/#\/schema\/person\/image\/\",\"url\":\"https:\/\/secure.gravatar.com\/avatar\/dac340933427a22924c9f99d1eb2e3f2?s=96&r=g\",\"contentUrl\":\"https:\/\/secure.gravatar.com\/avatar\/dac340933427a22924c9f99d1eb2e3f2?s=96&r=g\",\"caption\":\"Eduardo Vargas\"},\"description\":\"Jornalista formado pela UFSC, cobre macroeconomia, neg\u00f3cios e startups para o Suno Not\u00edcias, escrevendo principalmente not\u00edcias sobre o mercado financeiro e a bolsa de valores. No YouTube e no Instagram, \u00e9 respons\u00e1vel pela produ\u00e7\u00e3o de Reels e Shorts do Suno Not\u00edcias. Anteriormente, trabalhou cobrindo economia e cotidiano no ND+ e para o ND, maior jornal impresso de Santa Catarina. Cursou um semestre letivo de Estudos de M\u00eddia na Universidad de Buenos Aires.\",\"url\":\"https:\/\/www.suno.com.br\/noticias\/author\/eduardo-vargas\/\"}]}<\/script>\n<!-- \/ Yoast SEO plugin. -->","yoast_head_json":{"title":"Vale (VALE3) ter\u00e1 pr\u00f3ximo CEO ligado ao Governo?","description":"Recentemente o atual CEO da Vale, Eduardo Bartolomeo, foi reconduzido ao cargo, contudo especialistas ainda discutem sucess\u00e3o em 2025","robots":{"index":"index","follow":"follow","max-snippet":"max-snippet:-1","max-image-preview":"max-image-preview:large","max-video-preview":"max-video-preview:-1"},"canonical":"https:\/\/www.suno.com.br\/noticias\/vale-vale3-proximo-ceo-presidente-governo-evm\/","og_locale":"pt_BR","og_type":"article","og_title":"Vale (VALE3) ter\u00e1 pr\u00f3ximo CEO ligado ao Governo?","og_description":"Recentemente o atual CEO da Vale, Eduardo Bartolomeo, foi reconduzido ao cargo, contudo especialistas ainda discutem sucess\u00e3o em 2025","og_url":"https:\/\/www.suno.com.br\/noticias\/vale-vale3-proximo-ceo-presidente-governo-evm\/","og_site_name":"Suno Not\u00edcias","article_publisher":"https:\/\/facebook.com\/sunoresearch","og_image":[{"width":1433,"height":800,"url":"https:\/\/files.sunoresearch.com.br\/n\/uploads\/2023\/02\/vale-vale3-1.jpg","type":"image\/jpeg"}],"author":"Eduardo Vargas","twitter_card":"summary_large_image","twitter_creator":"@sunoresearch","twitter_site":"@sunoresearch","twitter_misc":{"Escrito por":"Eduardo Vargas","Est. tempo de leitura":"3 minutos"},"schema":{"@context":"https:\/\/schema.org","@graph":[{"@type":"NewsArticle","@id":"https:\/\/www.suno.com.br\/noticias\/vale-vale3-proximo-ceo-presidente-governo-evm\/#article","isPartOf":{"@id":"https:\/\/www.suno.com.br\/noticias\/vale-vale3-proximo-ceo-presidente-governo-evm\/"},"author":{"name":"Eduardo Vargas","@id":"https:\/\/www.suno.com.br\/noticias\/#\/schema\/person\/7f4d362bf3518e76090143ae77bb49a5"},"headline":"Vale (VALE3) ter\u00e1 pr\u00f3ximo CEO ligado ao governo?","datePublished":"2024-03-15T15:40:00+00:00","dateModified":"2024-03-15T16:59:32+00:00","mainEntityOfPage":{"@id":"https:\/\/www.suno.com.br\/noticias\/vale-vale3-proximo-ceo-presidente-governo-evm\/"},"wordCount":437,"publisher":{"@id":"https:\/\/www.suno.com.br\/noticias\/#organization"},"image":{"@id":"https:\/\/www.suno.com.br\/noticias\/vale-vale3-proximo-ceo-presidente-governo-evm\/#primaryimage"},"thumbnailUrl":"https:\/\/files.sunoresearch.com.br\/n\/uploads\/2023\/02\/vale-vale3-1.jpg","keywords":["Vale (VALE3)"],"articleSection":["Neg\u00f3cios"],"inLanguage":"pt-BR"},{"@type":"WebPage","@id":"https:\/\/www.suno.com.br\/noticias\/vale-vale3-proximo-ceo-presidente-governo-evm\/","url":"https:\/\/www.suno.com.br\/noticias\/vale-vale3-proximo-ceo-presidente-governo-evm\/","name":"Vale (VALE3) ter\u00e1 pr\u00f3ximo CEO ligado ao Governo?","isPartOf":{"@id":"https:\/\/www.suno.com.br\/noticias\/#website"},"primaryImageOfPage":{"@id":"https:\/\/www.suno.com.br\/noticias\/vale-vale3-proximo-ceo-presidente-governo-evm\/#primaryimage"},"image":{"@id":"https:\/\/www.suno.com.br\/noticias\/vale-vale3-proximo-ceo-presidente-governo-evm\/#primaryimage"},"thumbnailUrl":"https:\/\/files.sunoresearch.com.br\/n\/uploads\/2023\/02\/vale-vale3-1.jpg","datePublished":"2024-03-15T15:40:00+00:00","dateModified":"2024-03-15T16:59:32+00:00","description":"Recentemente o atual CEO da Vale, Eduardo Bartolomeo, foi reconduzido ao cargo, contudo especialistas ainda discutem sucess\u00e3o em 2025","breadcrumb":{"@id":"https:\/\/www.suno.com.br\/noticias\/vale-vale3-proximo-ceo-presidente-governo-evm\/#breadcrumb"},"inLanguage":"pt-BR","potentialAction":[{"@type":"ReadAction","target":["https:\/\/www.suno.com.br\/noticias\/vale-vale3-proximo-ceo-presidente-governo-evm\/"]}]},{"@type":"ImageObject","inLanguage":"pt-BR","@id":"https:\/\/www.suno.com.br\/noticias\/vale-vale3-proximo-ceo-presidente-governo-evm\/#primaryimage","url":"https:\/\/files.sunoresearch.com.br\/n\/uploads\/2023\/02\/vale-vale3-1.jpg","contentUrl":"https:\/\/files.sunoresearch.com.br\/n\/uploads\/2023\/02\/vale-vale3-1.jpg","width":1433,"height":800,"caption":"A\u00e7\u00f5es da Vale (VALE3) sobem com revis\u00e3o do min\u00e9rio e possibilidade de dividendos. Foto: Reprodu\u00e7\u00e3o Facebook"},{"@type":"BreadcrumbList","@id":"https:\/\/www.suno.com.br\/noticias\/vale-vale3-proximo-ceo-presidente-governo-evm\/#breadcrumb","itemListElement":[{"@type":"ListItem","position":1,"name":"Not\u00edcias","item":"https:\/\/www.suno.com.br\/noticias\/"},{"@type":"ListItem","position":2,"name":"Neg\u00f3cios","item":"https:\/\/www.suno.com.br\/noticias\/negocios\/"},{"@type":"ListItem","position":3,"name":"Vale (VALE3) ter\u00e1 pr\u00f3ximo CEO ligado ao governo?"}]},{"@type":"WebSite","@id":"https:\/\/www.suno.com.br\/noticias\/#website","url":"https:\/\/www.suno.com.br\/noticias\/","name":"Suno Not\u00edcias","description":"Seu portal de informa\u00e7\u00e3o sobre o mundo dos investimentos","publisher":{"@id":"https:\/\/www.suno.com.br\/noticias\/#organization"},"potentialAction":[{"@type":"SearchAction","target":{"@type":"EntryPoint","urlTemplate":"https:\/\/www.suno.com.br\/noticias\/?s={search_term_string}"},"query-input":{"@type":"PropertyValueSpecification","valueRequired":true,"valueName":"search_term_string"}}],"inLanguage":"pt-BR"},{"@type":"Organization","@id":"https:\/\/www.suno.com.br\/noticias\/#organization","name":"Suno Not\u00edcias","url":"https:\/\/www.suno.com.br\/noticias\/","logo":{"@type":"ImageObject","inLanguage":"pt-BR","@id":"https:\/\/www.suno.com.br\/noticias\/#\/schema\/logo\/image\/","url":"https:\/\/files.sunoresearch.com.br\/n\/uploads\/2021\/09\/suno-logo.png","contentUrl":"https:\/\/files.sunoresearch.com.br\/n\/uploads\/2021\/09\/suno-logo.png","width":180,"height":180,"caption":"Suno Not\u00edcias"},"image":{"@id":"https:\/\/www.suno.com.br\/noticias\/#\/schema\/logo\/image\/"},"sameAs":["https:\/\/facebook.com\/sunoresearch","https:\/\/x.com\/sunoresearch","https:\/\/www.instagram.com\/suno","https:\/\/www.linkedin.com\/company\/suno-research\/","https:\/\/www.youtube.com\/c\/sunoresearch"]},{"@type":"Person","@id":"https:\/\/www.suno.com.br\/noticias\/#\/schema\/person\/7f4d362bf3518e76090143ae77bb49a5","name":"Eduardo Vargas","image":{"@type":"ImageObject","inLanguage":"pt-BR","@id":"https:\/\/www.suno.com.br\/noticias\/#\/schema\/person\/image\/","url":"https:\/\/secure.gravatar.com\/avatar\/dac340933427a22924c9f99d1eb2e3f2?s=96&r=g","contentUrl":"https:\/\/secure.gravatar.com\/avatar\/dac340933427a22924c9f99d1eb2e3f2?s=96&r=g","caption":"Eduardo Vargas"},"description":"Jornalista formado pela UFSC, cobre macroeconomia, neg\u00f3cios e startups para o Suno Not\u00edcias, escrevendo principalmente not\u00edcias sobre o mercado financeiro e a bolsa de valores. No YouTube e no Instagram, \u00e9 respons\u00e1vel pela produ\u00e7\u00e3o de Reels e Shorts do Suno Not\u00edcias. Anteriormente, trabalhou cobrindo economia e cotidiano no ND+ e para o ND, maior jornal impresso de Santa Catarina. Cursou um semestre letivo de Estudos de M\u00eddia na Universidad de Buenos Aires.","url":"https:\/\/www.suno.com.br\/noticias\/author\/eduardo-vargas\/"}]}},"default_loop_html":"<div class=\"cardsPage__listCard__boxs\"><div class=\"cardsPage__listCard__boxs__img\"><a href=\"https:\/\/www.suno.com.br\/noticias\/vale-vale3-proximo-ceo-presidente-governo-evm\/\"><img class=\"mask\" src=\"https:\/\/www.suno.com.br\/noticias\/wp-content\/themes\/suno\/resources\/images\/spotlight\/spotlight1img\/bg-mask.png\" alt=\"Image Mask\"\/><img src=\"https:\/\/files.sunoresearch.com.br\/n\/uploads\/2023\/02\/vale-vale3-1-400x200.jpg\" alt=\"Vale (VALE3) ter\u00e1 pr\u00f3ximo CEO ligado ao governo?\"\/><\/a><span class=\"spotlightCategory\"><a href=\"https:\/\/www.suno.com.br\/noticias\/negocios\/\">Neg\u00f3cios<\/a><\/span><\/div><div class=\"cardsPage__listCard__boxs__content\"><a href=\"https:\/\/www.suno.com.br\/noticias\/vale-vale3-proximo-ceo-presidente-governo-evm\/\"><h2 class=\"content__title\">Vale (VALE3) ter\u00e1 pr\u00f3ximo CEO ligado ao governo?<\/h2><\/a><div class=\"newsContent__article__meta\"><div class=\"newsContent__article__meta__authorBox\"><a href=\"https:\/\/www.suno.com.br\/noticias\/author\/camila-figueiredosuno-com-br\/\" class=\"authorBox__avatar noMobi\"><img src=\"https:\/\/files.sunoresearch.com.br\/n\/uploads\/2024\/05\/camila-paim-square-150x150.jpg\" alt=\"Camila Paim\"><\/a><div class=\"authorBox__name\"><span>por\n\t\t\t<a href=\"https:\/\/www.suno.com.br\/noticias\/author\/camila-figueiredosuno-com-br\/\"><span itemprop=\"author\">Camila Paim<\/span><\/a><\/span><time datetime=\"2024-03-15T12:40:00-03:00\" itemprop=\"datePublished\">15\/03\/2024 12:40<\/time><\/div><\/div><\/div><\/div><\/div>","single_layout":"posts","amp_enabled":true,"_links":{"self":[{"href":"https:\/\/www.suno.com.br\/noticias\/wp-json\/wp\/v2\/posts\/534134"}],"collection":[{"href":"https:\/\/www.suno.com.br\/noticias\/wp-json\/wp\/v2\/posts"}],"about":[{"href":"https:\/\/www.suno.com.br\/noticias\/wp-json\/wp\/v2\/types\/post"}],"author":[{"embeddable":true,"href":"https:\/\/www.suno.com.br\/noticias\/wp-json\/wp\/v2\/users\/73"}],"replies":[{"embeddable":true,"href":"https:\/\/www.suno.com.br\/noticias\/wp-json\/wp\/v2\/comments?post=534134"}],"version-history":[{"count":2,"href":"https:\/\/www.suno.com.br\/noticias\/wp-json\/wp\/v2\/posts\/534134\/revisions"}],"predecessor-version":[{"id":534176,"href":"https:\/\/www.suno.com.br\/noticias\/wp-json\/wp\/v2\/posts\/534134\/revisions\/534176"}],"wp:featuredmedia":[{"embeddable":true,"href":"https:\/\/www.suno.com.br\/noticias\/wp-json\/wp\/v2\/media\/368083"}],"wp:attachment":[{"href":"https:\/\/www.suno.com.br\/noticias\/wp-json\/wp\/v2\/media?parent=534134"}],"wp:term":[{"taxonomy":"category","embeddable":true,"href":"https:\/\/www.suno.com.br\/noticias\/wp-json\/wp\/v2\/categories?post=534134"},{"taxonomy":"post_tag","embeddable":true,"href":"https:\/\/www.suno.com.br\/noticias\/wp-json\/wp\/v2\/tags?post=534134"},{"taxonomy":"suno_strategy","embeddable":true,"href":"https:\/\/www.suno.com.br\/noticias\/wp-json\/wp\/v2\/suno_strategy?post=534134"}],"curies":[{"name":"wp","href":"https:\/\/api.w.org\/{rel}","templated":true}]}}