{"id":533836,"date":"2024-03-14T20:24:08","date_gmt":"2024-03-14T23:24:08","guid":{"rendered":"https:\/\/www.suno.com.br\/noticias\/?p=533836"},"modified":"2024-03-14T20:47:20","modified_gmt":"2024-03-14T23:47:20","slug":"telefonica-vivt3-jcp-abril-2025-jvj","status":"publish","type":"post","link":"https:\/\/www.suno.com.br\/noticias\/telefonica-vivt3-jcp-abril-2025-jvj\/","title":{"rendered":"Telef\u00f4nica (VIVT3), dona da Vivo, anuncia pagamento de R$ 300 milh\u00f5es em JCP; veja quem vai receber"},"content":{"rendered":"<p>O <a class=\"suno-keyword\" data-force=\"no\" data-priority=\"1\" href=\"https:\/\/www.suno.com.br\/artigos\/conselho-administracao\/\" target=\"_blank\" rel=\"noopener\">conselho de administra\u00e7\u00e3o<\/a> da <a class=\"suno-keyword\" data-force=\"yes\" data-priority=\"2\" href=\"https:\/\/www.suno.com.br\/acoes\/VIVT3\/\" target=\"_blank\" rel=\"noopener\"><strong>Telef\u00f4nica<\/strong> Brasil (VIVT3)<\/a>, dona da Vivo, aprovou hoje (14) a declara\u00e7\u00e3o de <a class=\"suno-keyword\" data-force=\"no\" data-priority=\"1\" href=\"https:\/\/www.suno.com.br\/artigos\/entenda-o-jcp\/\" target=\"_blank\" rel=\"noopener\">juros sobre capital pr\u00f3prio<\/a> (JCP), no montante bruto de R$ 300 milh\u00f5es.<\/p>\t<div class=\"wrapper-featured-image\">\n\t\t<figure class=\"spotlightImg\">\n\n\t\t\t<picture>\n\t\t\t\t<source media=\"(max-width: 768px)\" srcset=\"https:\/\/files.sunoresearch.com.br\/n\/uploads\/2022\/12\/telefonica-vivt3-vivo-400x200.jpg\">\n\t\t\t\t<img loading=\"lazy\" decoding=\"async\" class=\"newsContent__article__imgCapa lazyloadDisabled \" src=\"https:\/\/files.sunoresearch.com.br\/n\/uploads\/2022\/12\/telefonica-vivt3-vivo-800x450.jpg\" width=\"800\" height=\"450\" alt=\"Telef\u00f4nica (VIVT3), dona da Vivo, anuncia pagamento de R$ 300 milh\u00f5es em JCP; veja quem vai receber\" fetchpriority=high \/>\n\t\t\t<\/picture>\n\n\t\t\t<figcaption class=\"wp-caption-text wp-caption-text--show\">Telef\u00f4nica (VIVT3) anuncia pagamento de R$ 300 milh\u00f5es em JCP. Foto: Divulga\u00e7\u00e3o<\/figcaption>\n\t\t<\/figure>\n\t<\/div>\n\n\n\n\n\n\t<p>\n\t\t<a href=\"https:\/\/lp.suno.com.br\/ebook-como-analisar-uma-acao\/\" target=\"_blank\" data-element=\"shortcode-suno-banner\" title=\"Banner SUNO, clique e saiba mais\">\n\t\t\t<picture>\n\t\t\t\t<source media=\"(max-width: 500px)\" srcset=\"https:\/\/files.sunoresearch.com.br\/n\/uploads\/2023\/12\/Ebook-Acoes-Mobile.jpg\">\n\t\t\t\t<img class=\"newsContent__article__imgCapa newsContent__article__imgCapa--banner\"\n\t\t\t\t\tsrc=\"https:\/\/files.sunoresearch.com.br\/n\/uploads\/2023\/12\/Ebook-Acoes-Desktop.webp\"\n\t\t\t\t\tdata-promo-id=\"311260\"\t\t\t\t\t\t\t\t\t\twidth='1420' height='286'\t\t\t\t\talt=\"https:\/\/files.sunoresearch.com.br\/n\/uploads\/2023\/12\/Ebook-Acoes-Desktop.webp\"\n\t\t\t\t>\n\t\t\t<\/picture>\n\t\t<\/a>\n\t<\/p>\n\n\n\n\n\n<p>Conforme comunicado nesta quinta-feira (14), os<strong> juros sobre capital pr\u00f3prio da Telef\u00f4nica <\/strong>est\u00e3o sujeitos a reten\u00e7\u00e3o de imposto de renda na fonte, a uma al\u00edquota de 15%, gerando um montante l\u00edquido de R$ 255 milh\u00f5es.<\/p>\n\n\n\n<p>O valor bruto por a\u00e7\u00e3o \u00e9 de R$ 0,18153388831, enquanto o valor l\u00edquido \u00e9 de R$ 0,15430380506 por a\u00e7\u00e3o.<\/p>\n\n\n\t<div data-element=\"shortcode-read-more\" class=\"knowMore\">\n\t\t\t\t<span class=\"knowMore__title\">Leia mais<\/span>\n\t\t\t\t<a class=\"knowMore__link\" href=\"https:\/\/www.suno.com.br\/noticias\/acoes-oi-oibr3-oibr4-queda-hoje-14-03-24-jvj\/\">\n\t\t\tA\u00e7\u00f5es da Oi (OIBR3) caem 6,17% nesta quinta (14); o que aconteceu?\t\t<\/a>\n\t<\/div>\n\n\n\n\n<p>Os <strong>JCP da Telef\u00f4nica<\/strong> se baseiam no balan\u00e7o patrimonial de 29 de fevereiro de 2024. Eles ser\u00e3o imputados ao dividendo obrigat\u00f3rio do <a class=\"suno-keyword\" target=\"_blank\" data-force=\"no\" data-priority=\"1\" href=\"https:\/\/www.suno.com.br\/artigos\/exercicio-social\/\" rel=\"noopener\">exerc\u00edcio social<\/a> que se encerra em 31 de dezembro de 2024, conforme <a class=\"suno-keyword\" target=\"_blank\" data-force=\"no\" data-priority=\"1\" href=\"https:\/\/www.suno.com.br\/artigos\/assembleia-geral-ordinaria\/\" rel=\"noopener\">Assembleia Geral Ordin\u00e1ria<\/a> de investidores que acontecer\u00e1 em 2025.<\/p>\n\n\n\n<p>O pagamento dos <strong>proventos da Telef\u00f4nica<\/strong> ser\u00e1 realizado at\u00e9 o dia 30 de abril de 2025, mas somente aos que encerrarem o preg\u00e3o de 28 de mar\u00e7o de 2024 com a\u00e7\u00f5es da companhia em sua carteira.<\/p>\n\n\n\n<p>A partir do preg\u00e3o seguinte, no dia 29, as <strong>a\u00e7\u00f5es da Telef\u00f4nica <\/strong>ser\u00e3o negociadas como \u201cex-juros\u201d, ou seja, sem direito aos juros sobre capital pr\u00f3prio.<\/p>\n\n\n\n<h2 class=\"wp-block-heading\"><a><\/a>JCP da Telef\u00f4nica<\/h2>\n\n\n\n<ul class=\"wp-block-list\">\n<li>Valor: R$ 300.000.000,00<\/li>\n\n\n\n<li>Valor por a\u00e7\u00e3o: R$ 0,18153388831 (R$ 0,15430380506 l\u00edquidos de IR)<\/li>\n\n\n\n<li>Data de corte: 28\/03\/2024<\/li>\n\n\n\n<li>Data de pagamento: at\u00e9 30 de abril de 2025<\/li>\n<\/ul>\n\n\n\n<p>O valor por a\u00e7\u00e3o ainda poder\u00e1 passar por ajustes, em raz\u00e3o de poss\u00edveis aquisi\u00e7\u00f5es de <strong>a\u00e7\u00f5es VIVT3<\/strong>, no \u00e2mbito do programa de <a class=\"suno-keyword\" target=\"_blank\" data-force=\"no\" data-priority=\"1\" href=\"https:\/\/www.suno.com.br\/artigos\/recompra-de-acoes\/\" rel=\"noopener\">recompra de a\u00e7\u00f5es<\/a> da empresa atualmente em vigor.<\/p>\n\n\n\n<p>Os investidores imunes ou isentos do imposto de renda, conforme legisla\u00e7\u00e3o aplic\u00e1vel, devem provar essa condi\u00e7\u00e3o de isen\u00e7\u00e3o at\u00e9 o dia 4 de abril de 2024, juntamente com o departamento de a\u00e7\u00f5es e cust\u00f3dia do banco <a class=\"suno-keyword\" target=\"_blank\" data-force=\"yes\" data-priority=\"2\" href=\"https:\/\/www.suno.com.br\/acoes\/BBDC4\/\" rel=\"noopener\">Bradesco (BBDC4)<\/a>, que \u00e9 a institui\u00e7\u00e3o deposit\u00e1ria de <a class=\"suno-keyword\" target=\"_blank\" data-force=\"no\" data-priority=\"1\" href=\"https:\/\/www.suno.com.br\/artigos\/acoes-escriturais\/\" rel=\"noopener\">a\u00e7\u00f5es escriturais<\/a>.<\/p>\n\n\n\n<h2 class=\"wp-block-heading\"><a><\/a>A\u00e7\u00f5es VIVT3<\/h2>\n\n\n\n<p>As a\u00e7\u00f5es da Telef\u00f4nica, negociadas sob o ticker VIVT3, encerraram a sess\u00e3o desta quinta-feira (14) em alta de 2,19%, cotadas a R$ 53,15.<\/p>\n\n\n\n<p>No m\u00eas de mar\u00e7o, os pap\u00e9is acumulam um desempenho negativo de 2,44%, ap\u00f3s terminarem fevereiro com uma valoriza\u00e7\u00e3o de 6,07%.<\/p>\n\n\n\n<p>Considerando a cota\u00e7\u00e3o final da <strong>Telef\u00f4nica<\/strong> em 2023, que foi de R$ 53,44, a performance acumulada em 2024 \u00e9 levemente negativa em 0,542%.<\/p>\n\n\n\t<p>\n\t\t<a href=\"https:\/\/lp2.suno.com.br\/cl\/black-friday-2025\/?utm_campaign=_SNCDF0E4858_\" target=\"_blank\" data-element=\"shortcode-suno-banner\" title=\"Banner SUNO, clique e saiba mais\">\n\t\t\t<picture>\n\t\t\t\t<source media=\"(max-width: 500px)\" srcset=\"https:\/\/files.sunoresearch.com.br\/n\/uploads\/2025\/10\/Artigos-e-Noticias-Banner-Home-artigos-01-Mobile_-400x300-1-png.webp\">\n\t\t\t\t<img class=\"newsContent__article__imgCapa newsContent__article__imgCapa--banner\"\n\t\t\t\t\tsrc=\"https:\/\/files.sunoresearch.com.br\/n\/uploads\/2025\/10\/Artigos-e-Noticias-Banner-Home-artigos-01-Desktop_-1420x240-1-png.webp\"\n\t\t\t\t\tdata-promo-id=\"311259\"\t\t\t\t\t\t\t\t\t\twidth='1420' height='240'\t\t\t\t\talt=\"https:\/\/files.sunoresearch.com.br\/n\/uploads\/2025\/10\/Artigos-e-Noticias-Banner-Home-artigos-01-Desktop_-1420x240-1-png.webp\"\n\t\t\t\t>\n\t\t\t<\/picture>\n\t\t<\/a>\n\t<\/p>\n\n\n","protected":false},"excerpt":{"rendered":"<p>O conselho de administra\u00e7\u00e3o da Telef\u00f4nica Brasil (VIVT3), dona da Vivo, aprovou hoje (14) a declara\u00e7\u00e3o de juros sobre capital pr\u00f3prio (JCP), no montante bruto de R$ 300 milh\u00f5es. Telef\u00f4nica (VIVT3) anuncia pagamento de R$ 300 milh\u00f5es em JCP. Foto: Divulga\u00e7\u00e3o Conforme comunicado nesta quinta-feira (14), os juros sobre capital pr\u00f3prio da Telef\u00f4nica est\u00e3o sujeitos [&hellip;]<\/p>\n","protected":false},"author":173,"featured_media":332481,"comment_status":"closed","ping_status":"closed","sticky":false,"template":"","format":"standard","meta":[],"categories":[64],"tags":[1957,659],"suno_strategy":[],"class_list":["post-533836","post","type-post","status-publish","format-standard","has-post-thumbnail","hentry","category-negocios","tag-juros-sobre-capital-proprio-jcp","tag-telefonica-vivt3"],"yoast_head":"<!-- This site is optimized with the Yoast SEO plugin v24.4 - https:\/\/yoast.com\/wordpress\/plugins\/seo\/ -->\n<title>Telef\u00f4nica (VIVT3) anuncia pagamento milion\u00e1rio de JCP<\/title>\n<meta name=\"description\" content=\"A Telef\u00f4nica (VIVT3) anunciou um novo pagamento milion\u00e1rio de JCP. Confira o valor e a data de pagamento dos JCP da Telef\u00f4nica.\" \/>\n<meta name=\"robots\" content=\"index, follow, max-snippet:-1, max-image-preview:large, max-video-preview:-1\" \/>\n<link rel=\"canonical\" href=\"https:\/\/www.suno.com.br\/noticias\/telefonica-vivt3-jcp-abril-2025-jvj\/\" \/>\n<meta property=\"og:locale\" content=\"pt_BR\" \/>\n<meta property=\"og:type\" content=\"article\" \/>\n<meta property=\"og:title\" content=\"Telef\u00f4nica (VIVT3) anuncia pagamento milion\u00e1rio de JCP\" \/>\n<meta property=\"og:description\" content=\"A Telef\u00f4nica (VIVT3) anunciou um novo pagamento milion\u00e1rio de JCP. Confira o valor e a data de pagamento dos JCP da Telef\u00f4nica.\" \/>\n<meta property=\"og:url\" content=\"https:\/\/www.suno.com.br\/noticias\/telefonica-vivt3-jcp-abril-2025-jvj\/\" \/>\n<meta property=\"og:site_name\" content=\"Suno Not\u00edcias\" \/>\n<meta property=\"article:publisher\" content=\"https:\/\/facebook.com\/sunoresearch\" \/>\n<meta property=\"og:image\" content=\"https:\/\/files.sunoresearch.com.br\/n\/uploads\/2022\/12\/telefonica-vivt3-vivo.jpg\" \/>\n\t<meta property=\"og:image:width\" content=\"1200\" \/>\n\t<meta property=\"og:image:height\" content=\"800\" \/>\n\t<meta property=\"og:image:type\" content=\"image\/jpeg\" \/>\n<meta name=\"author\" content=\"Jo\u00e3o Vitor\" \/>\n<meta name=\"twitter:card\" content=\"summary_large_image\" \/>\n<meta name=\"twitter:creator\" content=\"@sunoresearch\" \/>\n<meta name=\"twitter:site\" content=\"@sunoresearch\" \/>\n<meta name=\"twitter:label1\" content=\"Escrito por\" \/>\n\t<meta name=\"twitter:data1\" content=\"Jo\u00e3o Vitor\" \/>\n\t<meta name=\"twitter:label2\" content=\"Est. tempo de leitura\" \/>\n\t<meta name=\"twitter:data2\" content=\"3 minutos\" \/>\n<script type=\"application\/ld+json\" class=\"yoast-schema-graph\">{\"@context\":\"https:\/\/schema.org\",\"@graph\":[{\"@type\":\"NewsArticle\",\"@id\":\"https:\/\/www.suno.com.br\/noticias\/telefonica-vivt3-jcp-abril-2025-jvj\/#article\",\"isPartOf\":{\"@id\":\"https:\/\/www.suno.com.br\/noticias\/telefonica-vivt3-jcp-abril-2025-jvj\/\"},\"author\":{\"name\":\"Jo\u00e3o Vitor\",\"@id\":\"https:\/\/www.suno.com.br\/noticias\/#\/schema\/person\/87fc6973867c52dd884811905c43afba\"},\"headline\":\"Telef\u00f4nica (VIVT3), dona da Vivo, anuncia pagamento de R$ 300 milh\u00f5es em JCP; veja quem vai receber\",\"datePublished\":\"2024-03-14T23:24:08+00:00\",\"dateModified\":\"2024-03-14T23:47:20+00:00\",\"mainEntityOfPage\":{\"@id\":\"https:\/\/www.suno.com.br\/noticias\/telefonica-vivt3-jcp-abril-2025-jvj\/\"},\"wordCount\":405,\"publisher\":{\"@id\":\"https:\/\/www.suno.com.br\/noticias\/#organization\"},\"image\":{\"@id\":\"https:\/\/www.suno.com.br\/noticias\/telefonica-vivt3-jcp-abril-2025-jvj\/#primaryimage\"},\"thumbnailUrl\":\"https:\/\/files.sunoresearch.com.br\/n\/uploads\/2022\/12\/telefonica-vivt3-vivo.jpg\",\"keywords\":[\"juros sobre capital pr\u00f3prio (JCP)\",\"Telef\u00f4nica (VIVT3)\"],\"articleSection\":[\"Neg\u00f3cios\"],\"inLanguage\":\"pt-BR\"},{\"@type\":\"WebPage\",\"@id\":\"https:\/\/www.suno.com.br\/noticias\/telefonica-vivt3-jcp-abril-2025-jvj\/\",\"url\":\"https:\/\/www.suno.com.br\/noticias\/telefonica-vivt3-jcp-abril-2025-jvj\/\",\"name\":\"Telef\u00f4nica (VIVT3) anuncia pagamento milion\u00e1rio de JCP\",\"isPartOf\":{\"@id\":\"https:\/\/www.suno.com.br\/noticias\/#website\"},\"primaryImageOfPage\":{\"@id\":\"https:\/\/www.suno.com.br\/noticias\/telefonica-vivt3-jcp-abril-2025-jvj\/#primaryimage\"},\"image\":{\"@id\":\"https:\/\/www.suno.com.br\/noticias\/telefonica-vivt3-jcp-abril-2025-jvj\/#primaryimage\"},\"thumbnailUrl\":\"https:\/\/files.sunoresearch.com.br\/n\/uploads\/2022\/12\/telefonica-vivt3-vivo.jpg\",\"datePublished\":\"2024-03-14T23:24:08+00:00\",\"dateModified\":\"2024-03-14T23:47:20+00:00\",\"description\":\"A Telef\u00f4nica (VIVT3) anunciou um novo pagamento milion\u00e1rio de JCP. Confira o valor e a data de pagamento dos JCP da Telef\u00f4nica.\",\"breadcrumb\":{\"@id\":\"https:\/\/www.suno.com.br\/noticias\/telefonica-vivt3-jcp-abril-2025-jvj\/#breadcrumb\"},\"inLanguage\":\"pt-BR\",\"potentialAction\":[{\"@type\":\"ReadAction\",\"target\":[\"https:\/\/www.suno.com.br\/noticias\/telefonica-vivt3-jcp-abril-2025-jvj\/\"]}]},{\"@type\":\"ImageObject\",\"inLanguage\":\"pt-BR\",\"@id\":\"https:\/\/www.suno.com.br\/noticias\/telefonica-vivt3-jcp-abril-2025-jvj\/#primaryimage\",\"url\":\"https:\/\/files.sunoresearch.com.br\/n\/uploads\/2022\/12\/telefonica-vivt3-vivo.jpg\",\"contentUrl\":\"https:\/\/files.sunoresearch.com.br\/n\/uploads\/2022\/12\/telefonica-vivt3-vivo.jpg\",\"width\":1200,\"height\":800,\"caption\":\"Telef\u00f4nica (VIVT3) anuncia pagamento de R$ 300 milh\u00f5es em JCP. Foto: Divulga\u00e7\u00e3o\"},{\"@type\":\"BreadcrumbList\",\"@id\":\"https:\/\/www.suno.com.br\/noticias\/telefonica-vivt3-jcp-abril-2025-jvj\/#breadcrumb\",\"itemListElement\":[{\"@type\":\"ListItem\",\"position\":1,\"name\":\"Not\u00edcias\",\"item\":\"https:\/\/www.suno.com.br\/noticias\/\"},{\"@type\":\"ListItem\",\"position\":2,\"name\":\"Neg\u00f3cios\",\"item\":\"https:\/\/www.suno.com.br\/noticias\/negocios\/\"},{\"@type\":\"ListItem\",\"position\":3,\"name\":\"Telef\u00f4nica (VIVT3), dona da Vivo, anuncia pagamento de R$ 300 milh\u00f5es em JCP; veja quem vai receber\"}]},{\"@type\":\"WebSite\",\"@id\":\"https:\/\/www.suno.com.br\/noticias\/#website\",\"url\":\"https:\/\/www.suno.com.br\/noticias\/\",\"name\":\"Suno Not\u00edcias\",\"description\":\"Seu portal de informa\u00e7\u00e3o sobre o mundo dos investimentos\",\"publisher\":{\"@id\":\"https:\/\/www.suno.com.br\/noticias\/#organization\"},\"potentialAction\":[{\"@type\":\"SearchAction\",\"target\":{\"@type\":\"EntryPoint\",\"urlTemplate\":\"https:\/\/www.suno.com.br\/noticias\/?s={search_term_string}\"},\"query-input\":{\"@type\":\"PropertyValueSpecification\",\"valueRequired\":true,\"valueName\":\"search_term_string\"}}],\"inLanguage\":\"pt-BR\"},{\"@type\":\"Organization\",\"@id\":\"https:\/\/www.suno.com.br\/noticias\/#organization\",\"name\":\"Suno Not\u00edcias\",\"url\":\"https:\/\/www.suno.com.br\/noticias\/\",\"logo\":{\"@type\":\"ImageObject\",\"inLanguage\":\"pt-BR\",\"@id\":\"https:\/\/www.suno.com.br\/noticias\/#\/schema\/logo\/image\/\",\"url\":\"https:\/\/files.sunoresearch.com.br\/n\/uploads\/2021\/09\/suno-logo.png\",\"contentUrl\":\"https:\/\/files.sunoresearch.com.br\/n\/uploads\/2021\/09\/suno-logo.png\",\"width\":180,\"height\":180,\"caption\":\"Suno Not\u00edcias\"},\"image\":{\"@id\":\"https:\/\/www.suno.com.br\/noticias\/#\/schema\/logo\/image\/\"},\"sameAs\":[\"https:\/\/facebook.com\/sunoresearch\",\"https:\/\/x.com\/sunoresearch\",\"https:\/\/www.instagram.com\/suno\",\"https:\/\/www.linkedin.com\/company\/suno-research\/\",\"https:\/\/www.youtube.com\/c\/sunoresearch\"]},{\"@type\":\"Person\",\"@id\":\"https:\/\/www.suno.com.br\/noticias\/#\/schema\/person\/87fc6973867c52dd884811905c43afba\",\"name\":\"Jo\u00e3o Vitor\",\"image\":{\"@type\":\"ImageObject\",\"inLanguage\":\"pt-BR\",\"@id\":\"https:\/\/www.suno.com.br\/noticias\/#\/schema\/person\/image\/\",\"url\":\"https:\/\/secure.gravatar.com\/avatar\/2843227ca03ccf8cc7ccca45204c127e?s=96&r=g\",\"contentUrl\":\"https:\/\/secure.gravatar.com\/avatar\/2843227ca03ccf8cc7ccca45204c127e?s=96&r=g\",\"caption\":\"Jo\u00e3o Vitor\"},\"description\":\"Redator profissional, com atua\u00e7\u00e3o no mercado editorial na produ\u00e7\u00e3o de not\u00edcias e conte\u00fados sobre o mercado de a\u00e7\u00f5es, fundos imobili\u00e1rios e economia popular. Graduando em Engenharia Qu\u00edmica pela Unesp, tamb\u00e9m j\u00e1 atuou como consultor financeiro.\",\"url\":\"https:\/\/www.suno.com.br\/noticias\/author\/joao-vitor-jacintho\/\"}]}<\/script>\n<!-- \/ Yoast SEO plugin. -->","yoast_head_json":{"title":"Telef\u00f4nica (VIVT3) anuncia pagamento milion\u00e1rio de JCP","description":"A Telef\u00f4nica (VIVT3) anunciou um novo pagamento milion\u00e1rio de JCP. Confira o valor e a data de pagamento dos JCP da Telef\u00f4nica.","robots":{"index":"index","follow":"follow","max-snippet":"max-snippet:-1","max-image-preview":"max-image-preview:large","max-video-preview":"max-video-preview:-1"},"canonical":"https:\/\/www.suno.com.br\/noticias\/telefonica-vivt3-jcp-abril-2025-jvj\/","og_locale":"pt_BR","og_type":"article","og_title":"Telef\u00f4nica (VIVT3) anuncia pagamento milion\u00e1rio de JCP","og_description":"A Telef\u00f4nica (VIVT3) anunciou um novo pagamento milion\u00e1rio de JCP. Confira o valor e a data de pagamento dos JCP da Telef\u00f4nica.","og_url":"https:\/\/www.suno.com.br\/noticias\/telefonica-vivt3-jcp-abril-2025-jvj\/","og_site_name":"Suno Not\u00edcias","article_publisher":"https:\/\/facebook.com\/sunoresearch","og_image":[{"width":1200,"height":800,"url":"https:\/\/files.sunoresearch.com.br\/n\/uploads\/2022\/12\/telefonica-vivt3-vivo.jpg","type":"image\/jpeg"}],"author":"Jo\u00e3o Vitor","twitter_card":"summary_large_image","twitter_creator":"@sunoresearch","twitter_site":"@sunoresearch","twitter_misc":{"Escrito por":"Jo\u00e3o Vitor","Est. tempo de leitura":"3 minutos"},"schema":{"@context":"https:\/\/schema.org","@graph":[{"@type":"NewsArticle","@id":"https:\/\/www.suno.com.br\/noticias\/telefonica-vivt3-jcp-abril-2025-jvj\/#article","isPartOf":{"@id":"https:\/\/www.suno.com.br\/noticias\/telefonica-vivt3-jcp-abril-2025-jvj\/"},"author":{"name":"Jo\u00e3o Vitor","@id":"https:\/\/www.suno.com.br\/noticias\/#\/schema\/person\/87fc6973867c52dd884811905c43afba"},"headline":"Telef\u00f4nica (VIVT3), dona da Vivo, anuncia pagamento de R$ 300 milh\u00f5es em JCP; veja quem vai receber","datePublished":"2024-03-14T23:24:08+00:00","dateModified":"2024-03-14T23:47:20+00:00","mainEntityOfPage":{"@id":"https:\/\/www.suno.com.br\/noticias\/telefonica-vivt3-jcp-abril-2025-jvj\/"},"wordCount":405,"publisher":{"@id":"https:\/\/www.suno.com.br\/noticias\/#organization"},"image":{"@id":"https:\/\/www.suno.com.br\/noticias\/telefonica-vivt3-jcp-abril-2025-jvj\/#primaryimage"},"thumbnailUrl":"https:\/\/files.sunoresearch.com.br\/n\/uploads\/2022\/12\/telefonica-vivt3-vivo.jpg","keywords":["juros sobre capital pr\u00f3prio (JCP)","Telef\u00f4nica (VIVT3)"],"articleSection":["Neg\u00f3cios"],"inLanguage":"pt-BR"},{"@type":"WebPage","@id":"https:\/\/www.suno.com.br\/noticias\/telefonica-vivt3-jcp-abril-2025-jvj\/","url":"https:\/\/www.suno.com.br\/noticias\/telefonica-vivt3-jcp-abril-2025-jvj\/","name":"Telef\u00f4nica (VIVT3) anuncia pagamento milion\u00e1rio de JCP","isPartOf":{"@id":"https:\/\/www.suno.com.br\/noticias\/#website"},"primaryImageOfPage":{"@id":"https:\/\/www.suno.com.br\/noticias\/telefonica-vivt3-jcp-abril-2025-jvj\/#primaryimage"},"image":{"@id":"https:\/\/www.suno.com.br\/noticias\/telefonica-vivt3-jcp-abril-2025-jvj\/#primaryimage"},"thumbnailUrl":"https:\/\/files.sunoresearch.com.br\/n\/uploads\/2022\/12\/telefonica-vivt3-vivo.jpg","datePublished":"2024-03-14T23:24:08+00:00","dateModified":"2024-03-14T23:47:20+00:00","description":"A Telef\u00f4nica (VIVT3) anunciou um novo pagamento milion\u00e1rio de JCP. Confira o valor e a data de pagamento dos JCP da Telef\u00f4nica.","breadcrumb":{"@id":"https:\/\/www.suno.com.br\/noticias\/telefonica-vivt3-jcp-abril-2025-jvj\/#breadcrumb"},"inLanguage":"pt-BR","potentialAction":[{"@type":"ReadAction","target":["https:\/\/www.suno.com.br\/noticias\/telefonica-vivt3-jcp-abril-2025-jvj\/"]}]},{"@type":"ImageObject","inLanguage":"pt-BR","@id":"https:\/\/www.suno.com.br\/noticias\/telefonica-vivt3-jcp-abril-2025-jvj\/#primaryimage","url":"https:\/\/files.sunoresearch.com.br\/n\/uploads\/2022\/12\/telefonica-vivt3-vivo.jpg","contentUrl":"https:\/\/files.sunoresearch.com.br\/n\/uploads\/2022\/12\/telefonica-vivt3-vivo.jpg","width":1200,"height":800,"caption":"Telef\u00f4nica (VIVT3) anuncia pagamento de R$ 300 milh\u00f5es em JCP. Foto: Divulga\u00e7\u00e3o"},{"@type":"BreadcrumbList","@id":"https:\/\/www.suno.com.br\/noticias\/telefonica-vivt3-jcp-abril-2025-jvj\/#breadcrumb","itemListElement":[{"@type":"ListItem","position":1,"name":"Not\u00edcias","item":"https:\/\/www.suno.com.br\/noticias\/"},{"@type":"ListItem","position":2,"name":"Neg\u00f3cios","item":"https:\/\/www.suno.com.br\/noticias\/negocios\/"},{"@type":"ListItem","position":3,"name":"Telef\u00f4nica (VIVT3), dona da Vivo, anuncia pagamento de R$ 300 milh\u00f5es em JCP; veja quem vai receber"}]},{"@type":"WebSite","@id":"https:\/\/www.suno.com.br\/noticias\/#website","url":"https:\/\/www.suno.com.br\/noticias\/","name":"Suno Not\u00edcias","description":"Seu portal de informa\u00e7\u00e3o sobre o mundo dos investimentos","publisher":{"@id":"https:\/\/www.suno.com.br\/noticias\/#organization"},"potentialAction":[{"@type":"SearchAction","target":{"@type":"EntryPoint","urlTemplate":"https:\/\/www.suno.com.br\/noticias\/?s={search_term_string}"},"query-input":{"@type":"PropertyValueSpecification","valueRequired":true,"valueName":"search_term_string"}}],"inLanguage":"pt-BR"},{"@type":"Organization","@id":"https:\/\/www.suno.com.br\/noticias\/#organization","name":"Suno Not\u00edcias","url":"https:\/\/www.suno.com.br\/noticias\/","logo":{"@type":"ImageObject","inLanguage":"pt-BR","@id":"https:\/\/www.suno.com.br\/noticias\/#\/schema\/logo\/image\/","url":"https:\/\/files.sunoresearch.com.br\/n\/uploads\/2021\/09\/suno-logo.png","contentUrl":"https:\/\/files.sunoresearch.com.br\/n\/uploads\/2021\/09\/suno-logo.png","width":180,"height":180,"caption":"Suno Not\u00edcias"},"image":{"@id":"https:\/\/www.suno.com.br\/noticias\/#\/schema\/logo\/image\/"},"sameAs":["https:\/\/facebook.com\/sunoresearch","https:\/\/x.com\/sunoresearch","https:\/\/www.instagram.com\/suno","https:\/\/www.linkedin.com\/company\/suno-research\/","https:\/\/www.youtube.com\/c\/sunoresearch"]},{"@type":"Person","@id":"https:\/\/www.suno.com.br\/noticias\/#\/schema\/person\/87fc6973867c52dd884811905c43afba","name":"Jo\u00e3o Vitor","image":{"@type":"ImageObject","inLanguage":"pt-BR","@id":"https:\/\/www.suno.com.br\/noticias\/#\/schema\/person\/image\/","url":"https:\/\/secure.gravatar.com\/avatar\/2843227ca03ccf8cc7ccca45204c127e?s=96&r=g","contentUrl":"https:\/\/secure.gravatar.com\/avatar\/2843227ca03ccf8cc7ccca45204c127e?s=96&r=g","caption":"Jo\u00e3o Vitor"},"description":"Redator profissional, com atua\u00e7\u00e3o no mercado editorial na produ\u00e7\u00e3o de not\u00edcias e conte\u00fados sobre o mercado de a\u00e7\u00f5es, fundos imobili\u00e1rios e economia popular. Graduando em Engenharia Qu\u00edmica pela Unesp, tamb\u00e9m j\u00e1 atuou como consultor financeiro.","url":"https:\/\/www.suno.com.br\/noticias\/author\/joao-vitor-jacintho\/"}]}},"default_loop_html":"<div class=\"cardsPage__listCard__boxs\"><div class=\"cardsPage__listCard__boxs__img\"><a href=\"https:\/\/www.suno.com.br\/noticias\/telefonica-vivt3-jcp-abril-2025-jvj\/\"><img class=\"mask\" src=\"https:\/\/www.suno.com.br\/noticias\/wp-content\/themes\/suno\/resources\/images\/spotlight\/spotlight1img\/bg-mask.png\" alt=\"Image Mask\"\/><img src=\"https:\/\/files.sunoresearch.com.br\/n\/uploads\/2022\/12\/telefonica-vivt3-vivo-400x200.jpg\" alt=\"Telef\u00f4nica (VIVT3), dona da Vivo, anuncia pagamento de R$ 300 milh\u00f5es em JCP; veja quem vai receber\"\/><\/a><span class=\"spotlightCategory\"><a href=\"https:\/\/www.suno.com.br\/noticias\/negocios\/\">Neg\u00f3cios<\/a><\/span><\/div><div class=\"cardsPage__listCard__boxs__content\"><a href=\"https:\/\/www.suno.com.br\/noticias\/telefonica-vivt3-jcp-abril-2025-jvj\/\"><h2 class=\"content__title\">Telef\u00f4nica (VIVT3), dona da Vivo, anuncia pagamento de R$ 300 milh\u00f5es em JCP; veja quem vai receber<\/h2><\/a><div class=\"newsContent__article__meta\"><div class=\"newsContent__article__meta__authorBox\"><a href=\"https:\/\/www.suno.com.br\/noticias\/author\/joao-vitor-jacintho\/\" class=\"authorBox__avatar noMobi\"><img src=\"https:\/\/secure.gravatar.com\/avatar\/2843227ca03ccf8cc7ccca45204c127e?s=96&#038;r=g\" alt=\"Jo\u00e3o Vitor Jacintho\"><\/a><div class=\"authorBox__name\"><span>por\n\t\t\t<a href=\"https:\/\/www.suno.com.br\/noticias\/author\/joao-vitor-jacintho\/\"><span itemprop=\"author\">Jo\u00e3o Vitor Jacintho<\/span><\/a><\/span><time datetime=\"2024-03-14T20:24:08-03:00\" itemprop=\"datePublished\">14\/03\/2024 20:24<\/time><\/div><\/div><\/div><\/div><\/div>","single_layout":"posts","amp_enabled":true,"_links":{"self":[{"href":"https:\/\/www.suno.com.br\/noticias\/wp-json\/wp\/v2\/posts\/533836"}],"collection":[{"href":"https:\/\/www.suno.com.br\/noticias\/wp-json\/wp\/v2\/posts"}],"about":[{"href":"https:\/\/www.suno.com.br\/noticias\/wp-json\/wp\/v2\/types\/post"}],"author":[{"embeddable":true,"href":"https:\/\/www.suno.com.br\/noticias\/wp-json\/wp\/v2\/users\/173"}],"replies":[{"embeddable":true,"href":"https:\/\/www.suno.com.br\/noticias\/wp-json\/wp\/v2\/comments?post=533836"}],"version-history":[{"count":2,"href":"https:\/\/www.suno.com.br\/noticias\/wp-json\/wp\/v2\/posts\/533836\/revisions"}],"predecessor-version":[{"id":533850,"href":"https:\/\/www.suno.com.br\/noticias\/wp-json\/wp\/v2\/posts\/533836\/revisions\/533850"}],"wp:featuredmedia":[{"embeddable":true,"href":"https:\/\/www.suno.com.br\/noticias\/wp-json\/wp\/v2\/media\/332481"}],"wp:attachment":[{"href":"https:\/\/www.suno.com.br\/noticias\/wp-json\/wp\/v2\/media?parent=533836"}],"wp:term":[{"taxonomy":"category","embeddable":true,"href":"https:\/\/www.suno.com.br\/noticias\/wp-json\/wp\/v2\/categories?post=533836"},{"taxonomy":"post_tag","embeddable":true,"href":"https:\/\/www.suno.com.br\/noticias\/wp-json\/wp\/v2\/tags?post=533836"},{"taxonomy":"suno_strategy","embeddable":true,"href":"https:\/\/www.suno.com.br\/noticias\/wp-json\/wp\/v2\/suno_strategy?post=533836"}],"curies":[{"name":"wp","href":"https:\/\/api.w.org\/{rel}","templated":true}]}}