{"id":53381,"date":"2020-02-18T08:36:40","date_gmt":"2020-02-18T11:36:40","guid":{"rendered":"https:\/\/www.suno.com.br\/noticias\/?p=53381"},"modified":"2021-06-14T00:22:32","modified_gmt":"2021-06-14T03:22:32","slug":"agenda-do-dia-neoenergia-braskem-bradesco-itausa-guararapes180220","status":"publish","type":"post","link":"https:\/\/www.suno.com.br\/noticias\/agenda-do-dia-neoenergia-braskem-bradesco-itausa-guararapes180220\/","title":{"rendered":"Agenda do Dia: Neoenergia; Braskem; Bradesco; Ita\u00fasa; Guararapes"},"content":{"rendered":"<p>Os assuntos da <strong>Agenda<\/strong> <strong>do<\/strong> <strong>Dia<\/strong> desta ter\u00e7a-feira (18) prometem mexer com o mercado interno e o externo.<\/p>\t<div class=\"wrapper-featured-image\">\n\t\t<figure class=\"spotlightImg\">\n\n\t\t\t<picture>\n\t\t\t\t<source media=\"(max-width: 768px)\" srcset=\"https:\/\/files.sunoresearch.com.br\/n\/uploads\/2020\/02\/8e40338b-neoenergia-400x200.webp\">\n\t\t\t\t<img loading=\"lazy\" decoding=\"async\" class=\"newsContent__article__imgCapa lazyloadDisabled newsContent__article__imgCapa--noCaption\" src=\"https:\/\/files.sunoresearch.com.br\/n\/uploads\/2020\/02\/8e40338b-neoenergia-jpg.webp\" width=\"800\" height=\"450\" alt=\"Agenda do Dia: Neoenergia; Braskem; Bradesco; Ita\u00fasa; Guararapes\" fetchpriority=high \/>\n\t\t\t<\/picture>\n\n\t\t\t<figcaption class=\"wp-caption-text wp-caption-text--hide\">A Neoenergia reportou um lucro l\u00edquido de R$ 814 milh\u00f5es no terceiro trimestre de 2020<\/figcaption>\n\t\t<\/figure>\n\t<\/div>\n\n\n\n<p>A <b>Neoenergia <\/b>apresentou lucro recorde em 2019, com uma alta de 45,1% em compara\u00e7\u00e3o a 2018. A <strong>Braskem<\/strong> anunciou que fechou um acordo com o Minist\u00e9rio P\u00fablico do Trabalho.<\/p>\n<p>Al\u00e9m disso, a Agenda do Dia com tamb\u00e9m com a not\u00edcia sobre o <strong>Bradesco<\/strong>, que informou que seu conselho administrativo aprovou o pagamento de<strong> <a href=\"https:\/\/www.suno.com.br\/dividendos\/\">dividendos <\/a><\/strong>complementares.<\/p>\n<p>Confira os principais pontos da Agenda do Dia:<\/p>\n<h2>Neoenergia<\/h2>\n<p>O grupo <strong>Neoenergia<\/strong> (<a href=\"https:\/\/www.suno.com.br\/acoes\/neoe3\/\">NEOE3<\/a>) obteve lucro l\u00edquido de R$ 2,229 bilh\u00f5es no ano passado, alta de 45,1% em rela\u00e7\u00e3o a 2018. Esse foi o primeiro resultado anual da empresa depois do IPO realizado no meio de 2019. O valor registrado foi recorde, superando pela primeira vez a casa dos R$ 2 bilh\u00f5es.<\/p>\n<p>De acordo com o diretor-presidente do grupo Neoenergia, Mario Ruiz-Tagle, os resultados referentes ao per\u00edodo de outubro e dezembro de 2019 foram alavancados pelo avan\u00e7o do mercado das distribuidoras do grupo e o controle de custos.<\/p>\n<p>Em rela\u00e7\u00e3o ao resultado dos \u00faltimos tr\u00eas meses do ano passado, a Neoenergia teve lucro de R$ 618 milh\u00f5es, um crescimento de 75% em compara\u00e7\u00e3o ao mesmo per\u00edodo de 2018. Tamb\u00e9m em rela\u00e7\u00e3o ao quarto trimestre, o lucro antes de juros, impostos, deprecia\u00e7\u00e3o e amortiza\u00e7\u00e3o (Ebitda) aumentou 43%, chegando a R$ 1,513 bilh\u00e3o.<\/p>\n<p>A receita l\u00edquida da Neoenergia em 2019 foi de R$ 27,6 bilh\u00f5es, um crescimento de 9,4% em rela\u00e7\u00e3o a 2018.<\/p>\n<h2>Braskem<\/h2>\n<p>A <strong>Braskem<\/strong> (<a href=\"https:\/\/www.suno.com.br\/acoes\/brkm3\/\"><strong>BRKM3<\/strong><\/a>) anunciou na \u00faltima segunda-feira (17) que fechou um acordo com o Minist\u00e9rio P\u00fablico do Trabalho relacionado a implementa\u00e7\u00e3o de um Programa para Recupera\u00e7\u00e3o de Neg\u00f3cios e Promo\u00e7\u00e3o de Atividades Educacionais na cidade de Macei\u00f3, em Alagoas.<\/p>\n<p>O acordo est\u00e1 relacionado aos problemas que moradores de quatro bairros da regi\u00e3o de Macei\u00f3 possuem por conta, supostamente, da extra\u00e7\u00e3o de sal-gema.<\/p>\n<p>O custo do programa para a empresa ser\u00e1 de R$ 40 milh\u00f5es. Entretanto, com o programa o Minist\u00e9rio P\u00fablico ir\u00e1 retirar a\u00e7\u00e3o civil p\u00fablica que foi movida contra a companhia.<\/p>\n<p>De acordo com o an\u00fancio realizado pela empresa, o programa ser\u00e1 voltado a moradores e colaboradores nos bairros de Mutange, Bom Parto, Pinheiro e Bebedouro.<\/p>\n<h2>Bradesco<\/h2>\n<p>Em comunicado ao mercado, realizado na \u00faltima segunda-feira (17), o\u00a0<a href=\"https:\/\/www.suno.com.br\/acoes\/bbdc4\/\"><strong>Bradesco<\/strong> (BBDC4)<\/a> informou que seu conselho administrativo aprovou o pagamento de<strong><a href=\"https:\/\/www.suno.com.br\/dividendos\/\"> dividendos<\/a> <\/strong>complementares, relativo a 2019, no valor de R$ 490,9 milh\u00f5es.<\/p>\n<h2>Ita\u00fasa<\/h2>\n<p>A<a href=\"https:\/\/www.suno.com.br\/acoes\/itsa3\/\"> Ita\u00fasa (<strong>ITSA4; ITSA3<\/strong><\/a>), holding do <strong>Ita\u00fa Unibanco, Duratex<\/strong> e <strong>Alpargatas,<\/strong> divulgou na \u00faltima segunda-feira (17) seu resultado do quarto trimestre de 2019 e do acumulado de todo o ano em quest\u00e3o.<\/p>\n<p>No total do ano passado, a Ita\u00fasa registrou um crescimento do <a href=\"https:\/\/www.suno.com.br\/artigos\/lucro-liquido\/\"><strong>lucro l\u00edquido<\/strong><\/a> de 9,3%. Assim, registrou R$ 10,3 bilh\u00f5es contra R$ 9,43 bilh\u00f5es, de 2018.<\/p>\n<p>O <strong>lucro l\u00edquido recorrente<\/strong> registrou uma alta de 3,6%, passando de R$ 9,42 bilh\u00f5es em 2018 para R$ 9,76 bilh\u00f5es em 2019. No quatro trimestre esse aumento foi de 2,8%, passando de R$ 1,13 bilh\u00f5es para R$ 1,16 bilh\u00f5es.<\/p>\n<h2>Cosan Log\u00edstica<\/h2>\n<p>A <a href=\"https:\/\/www.suno.com.br\/acoes\/rlog3\/\"><strong>Cosan Log\u00edstica<\/strong> (RLOG3)<\/a> apresentou <a href=\"https:\/\/www.suno.com.br\/artigos\/lucro-liquido\/\"><strong>lucro l\u00edquido<\/strong><\/a> de R$ 214 milh\u00f5es em 2019, frente a R$ 84 milh\u00f5es em 2018, uma alta de aproximadamente 155%.<\/p>\n<p>A Cosan Log\u00edstica, no entanto, ressalta que, desconsiderando a <strong>Malha Central<\/strong>, o lucro l\u00edquido no acumulado do ano passado foi de R$ 335 milh\u00f5es, o que representaria uma alta de cerca de 299% em compara\u00e7\u00e3o com 2018.<\/p>\n<h2>Guararapes<\/h2>\n<p>A <strong>Guararapes<\/strong> (<a href=\"https:\/\/www.suno.com.br\/acoes\/guar3\/\">GUAR3<\/a>) teve queda de 56,5% no lucro l\u00edquido do quarto trimestre de 2019, em rela\u00e7\u00e3o ao igual per\u00edodo de 2018. O valor registrado foi de R$ 440,6 milh\u00f5es. O resultado ficou acima da expectativa de analistas consultados pela Bloomberg, que esperavam um valor na faixa de R$ 277 milh\u00f5es.<\/p>\n<p>A <strong>Agenda<\/strong> <strong>do<\/strong> <strong>Dia<\/strong> da <a href=\"https:\/\/www.youtube.com\/channel\/UCWDeEIDAIi_oYKDiqwfGyRg\">Suno<\/a> mostra os principais acontecimentos que prometem movimentar o mercado durante o dia.<\/p>\n\n","protected":false},"excerpt":{"rendered":"<p>Os assuntos da Agenda do Dia desta ter\u00e7a-feira (18) prometem mexer com o mercado interno e o externo. A Neoenergia reportou um lucro l\u00edquido de R$ 814 milh\u00f5es no terceiro trimestre de 2020 A Neoenergia apresentou lucro recorde em 2019, com uma alta de 45,1% em compara\u00e7\u00e3o a 2018. A Braskem anunciou que fechou um [&hellip;]<\/p>\n","protected":false},"author":19,"featured_media":53388,"comment_status":"closed","ping_status":"closed","sticky":false,"template":"","format":"standard","meta":[],"categories":[64],"tags":[1980,392,395,2621,517,575],"suno_strategy":[],"class_list":["post-53381","post","type-post","status-publish","format-standard","has-post-thumbnail","hentry","category-negocios","tag-agenda-do-dia","tag-bradesco-bbdc3-bbdc4","tag-braskem-brkm3-brkm5-brkm6","tag-cosan-logistica-rlog3","tag-itausa-itsa3-itsa4","tag-neoenergia-neoe3"],"yoast_head":"<!-- This site is optimized with the Yoast SEO plugin v24.4 - https:\/\/yoast.com\/wordpress\/plugins\/seo\/ -->\n<title>Agenda do Dia: Neoenergia; Braskem; Bradesco; Ita\u00fasa; Guararapes<\/title>\n<meta name=\"description\" content=\"Agenda do Dia: lucro recorde da Neoenergia; Braskem e acordo com o MPT; Bradesco; Ita\u00fasa; Guararapes. Clique aqui e saiba mais.\" \/>\n<meta name=\"robots\" content=\"index, follow, max-snippet:-1, max-image-preview:large, max-video-preview:-1\" \/>\n<link rel=\"canonical\" href=\"https:\/\/www.suno.com.br\/noticias\/agenda-do-dia-neoenergia-braskem-bradesco-itausa-guararapes180220\/\" \/>\n<meta property=\"og:locale\" content=\"pt_BR\" \/>\n<meta property=\"og:type\" content=\"article\" \/>\n<meta property=\"og:title\" content=\"Agenda do Dia: Neoenergia; Braskem; Bradesco; Ita\u00fasa; Guararapes\" \/>\n<meta property=\"og:description\" content=\"Agenda do Dia: lucro recorde da Neoenergia; Braskem e acordo com o MPT; Bradesco; Ita\u00fasa; Guararapes. Clique aqui e saiba mais.\" \/>\n<meta property=\"og:url\" content=\"https:\/\/www.suno.com.br\/noticias\/agenda-do-dia-neoenergia-braskem-bradesco-itausa-guararapes180220\/\" \/>\n<meta property=\"og:site_name\" content=\"Suno Not\u00edcias\" \/>\n<meta property=\"article:publisher\" content=\"https:\/\/facebook.com\/sunoresearch\" \/>\n<meta property=\"og:image\" content=\"https:\/\/files.sunoresearch.com.br\/n\/uploads\/2020\/02\/8e40338b-neoenergia.jpg\" \/>\n\t<meta property=\"og:image:width\" content=\"800\" \/>\n\t<meta property=\"og:image:height\" content=\"414\" \/>\n\t<meta property=\"og:image:type\" content=\"image\/jpeg\" \/>\n<meta name=\"author\" content=\"Juliano Passaro\" \/>\n<meta name=\"twitter:card\" content=\"summary_large_image\" \/>\n<meta name=\"twitter:creator\" content=\"@sunoresearch\" \/>\n<meta name=\"twitter:site\" content=\"@sunoresearch\" \/>\n<meta name=\"twitter:label1\" content=\"Escrito por\" \/>\n\t<meta name=\"twitter:data1\" content=\"Juliano Passaro\" \/>\n\t<meta name=\"twitter:label2\" content=\"Est. tempo de leitura\" \/>\n\t<meta name=\"twitter:data2\" content=\"3 minutos\" \/>\n<script type=\"application\/ld+json\" class=\"yoast-schema-graph\">{\"@context\":\"https:\/\/schema.org\",\"@graph\":[{\"@type\":\"NewsArticle\",\"@id\":\"https:\/\/www.suno.com.br\/noticias\/agenda-do-dia-neoenergia-braskem-bradesco-itausa-guararapes180220\/#article\",\"isPartOf\":{\"@id\":\"https:\/\/www.suno.com.br\/noticias\/agenda-do-dia-neoenergia-braskem-bradesco-itausa-guararapes180220\/\"},\"author\":{\"name\":\"Juliano Passaro\",\"@id\":\"https:\/\/www.suno.com.br\/noticias\/#\/schema\/person\/1db762f78ffd8919a648a63e425953e3\"},\"headline\":\"Agenda do Dia: Neoenergia; Braskem; Bradesco; Ita\u00fasa; Guararapes\",\"datePublished\":\"2020-02-18T11:36:40+00:00\",\"dateModified\":\"2021-06-14T03:22:32+00:00\",\"mainEntityOfPage\":{\"@id\":\"https:\/\/www.suno.com.br\/noticias\/agenda-do-dia-neoenergia-braskem-bradesco-itausa-guararapes180220\/\"},\"wordCount\":659,\"publisher\":{\"@id\":\"https:\/\/www.suno.com.br\/noticias\/#organization\"},\"image\":{\"@id\":\"https:\/\/www.suno.com.br\/noticias\/agenda-do-dia-neoenergia-braskem-bradesco-itausa-guararapes180220\/#primaryimage\"},\"thumbnailUrl\":\"https:\/\/files.sunoresearch.com.br\/n\/uploads\/2020\/02\/8e40338b-neoenergia-jpg.webp\",\"keywords\":[\"agenda do dia\",\"Bradesco (BBDC3\/BBDC4)\",\"Braskem (BRKM3\/BRKM5\/BRKM6)\",\"Cosan Log\u00edstica (RLOG3)\",\"Ita\u00fasa (ITSA3\/ITSA4)\",\"Neoenergia (NEOE3)\"],\"articleSection\":[\"Neg\u00f3cios\"],\"inLanguage\":\"pt-BR\"},{\"@type\":\"WebPage\",\"@id\":\"https:\/\/www.suno.com.br\/noticias\/agenda-do-dia-neoenergia-braskem-bradesco-itausa-guararapes180220\/\",\"url\":\"https:\/\/www.suno.com.br\/noticias\/agenda-do-dia-neoenergia-braskem-bradesco-itausa-guararapes180220\/\",\"name\":\"Agenda do Dia: Neoenergia; Braskem; Bradesco; Ita\u00fasa; Guararapes\",\"isPartOf\":{\"@id\":\"https:\/\/www.suno.com.br\/noticias\/#website\"},\"primaryImageOfPage\":{\"@id\":\"https:\/\/www.suno.com.br\/noticias\/agenda-do-dia-neoenergia-braskem-bradesco-itausa-guararapes180220\/#primaryimage\"},\"image\":{\"@id\":\"https:\/\/www.suno.com.br\/noticias\/agenda-do-dia-neoenergia-braskem-bradesco-itausa-guararapes180220\/#primaryimage\"},\"thumbnailUrl\":\"https:\/\/files.sunoresearch.com.br\/n\/uploads\/2020\/02\/8e40338b-neoenergia-jpg.webp\",\"datePublished\":\"2020-02-18T11:36:40+00:00\",\"dateModified\":\"2021-06-14T03:22:32+00:00\",\"description\":\"Agenda do Dia: lucro recorde da Neoenergia; Braskem e acordo com o MPT; Bradesco; Ita\u00fasa; Guararapes. Clique aqui e saiba mais.\",\"breadcrumb\":{\"@id\":\"https:\/\/www.suno.com.br\/noticias\/agenda-do-dia-neoenergia-braskem-bradesco-itausa-guararapes180220\/#breadcrumb\"},\"inLanguage\":\"pt-BR\",\"potentialAction\":[{\"@type\":\"ReadAction\",\"target\":[\"https:\/\/www.suno.com.br\/noticias\/agenda-do-dia-neoenergia-braskem-bradesco-itausa-guararapes180220\/\"]}]},{\"@type\":\"ImageObject\",\"inLanguage\":\"pt-BR\",\"@id\":\"https:\/\/www.suno.com.br\/noticias\/agenda-do-dia-neoenergia-braskem-bradesco-itausa-guararapes180220\/#primaryimage\",\"url\":\"https:\/\/files.sunoresearch.com.br\/n\/uploads\/2020\/02\/8e40338b-neoenergia-jpg.webp\",\"contentUrl\":\"https:\/\/files.sunoresearch.com.br\/n\/uploads\/2020\/02\/8e40338b-neoenergia-jpg.webp\",\"width\":800,\"height\":414,\"caption\":\"A Neoenergia reportou um lucro l\u00edquido de R$ 814 milh\u00f5es no terceiro trimestre de 2020\"},{\"@type\":\"BreadcrumbList\",\"@id\":\"https:\/\/www.suno.com.br\/noticias\/agenda-do-dia-neoenergia-braskem-bradesco-itausa-guararapes180220\/#breadcrumb\",\"itemListElement\":[{\"@type\":\"ListItem\",\"position\":1,\"name\":\"Not\u00edcias\",\"item\":\"https:\/\/www.suno.com.br\/noticias\/\"},{\"@type\":\"ListItem\",\"position\":2,\"name\":\"Neg\u00f3cios\",\"item\":\"https:\/\/www.suno.com.br\/noticias\/negocios\/\"},{\"@type\":\"ListItem\",\"position\":3,\"name\":\"Agenda do Dia: Neoenergia; Braskem; Bradesco; Ita\u00fasa; Guararapes\"}]},{\"@type\":\"WebSite\",\"@id\":\"https:\/\/www.suno.com.br\/noticias\/#website\",\"url\":\"https:\/\/www.suno.com.br\/noticias\/\",\"name\":\"Suno Not\u00edcias\",\"description\":\"Seu portal de informa\u00e7\u00e3o sobre o mundo dos investimentos\",\"publisher\":{\"@id\":\"https:\/\/www.suno.com.br\/noticias\/#organization\"},\"potentialAction\":[{\"@type\":\"SearchAction\",\"target\":{\"@type\":\"EntryPoint\",\"urlTemplate\":\"https:\/\/www.suno.com.br\/noticias\/?s={search_term_string}\"},\"query-input\":{\"@type\":\"PropertyValueSpecification\",\"valueRequired\":true,\"valueName\":\"search_term_string\"}}],\"inLanguage\":\"pt-BR\"},{\"@type\":\"Organization\",\"@id\":\"https:\/\/www.suno.com.br\/noticias\/#organization\",\"name\":\"Suno Not\u00edcias\",\"url\":\"https:\/\/www.suno.com.br\/noticias\/\",\"logo\":{\"@type\":\"ImageObject\",\"inLanguage\":\"pt-BR\",\"@id\":\"https:\/\/www.suno.com.br\/noticias\/#\/schema\/logo\/image\/\",\"url\":\"https:\/\/files.sunoresearch.com.br\/n\/uploads\/2021\/09\/suno-logo.png\",\"contentUrl\":\"https:\/\/files.sunoresearch.com.br\/n\/uploads\/2021\/09\/suno-logo.png\",\"width\":180,\"height\":180,\"caption\":\"Suno Not\u00edcias\"},\"image\":{\"@id\":\"https:\/\/www.suno.com.br\/noticias\/#\/schema\/logo\/image\/\"},\"sameAs\":[\"https:\/\/facebook.com\/sunoresearch\",\"https:\/\/x.com\/sunoresearch\",\"https:\/\/www.instagram.com\/suno\",\"https:\/\/www.linkedin.com\/company\/suno-research\/\",\"https:\/\/www.youtube.com\/c\/sunoresearch\"]},{\"@type\":\"Person\",\"@id\":\"https:\/\/www.suno.com.br\/noticias\/#\/schema\/person\/1db762f78ffd8919a648a63e425953e3\",\"name\":\"Juliano Passaro\",\"image\":{\"@type\":\"ImageObject\",\"inLanguage\":\"pt-BR\",\"@id\":\"https:\/\/www.suno.com.br\/noticias\/#\/schema\/person\/image\/\",\"url\":\"https:\/\/secure.gravatar.com\/avatar\/743d4df28eebf6dcc46b4ad03c319e92?s=96&r=g\",\"contentUrl\":\"https:\/\/secure.gravatar.com\/avatar\/743d4df28eebf6dcc46b4ad03c319e92?s=96&r=g\",\"caption\":\"Juliano Passaro\"},\"description\":\"Juliano Passaro escreve sobre pol\u00edtica, economia e neg\u00f3cios para o portal da Suno Research. Antes da Suno, trabalhou no Portal da Band. \u00c9 formado em jornalismo pela Universidade Presbiteriana Mackenzie.\",\"url\":\"https:\/\/www.suno.com.br\/noticias\/author\/juliano\/\"}]}<\/script>\n<!-- \/ Yoast SEO plugin. -->","yoast_head_json":{"title":"Agenda do Dia: Neoenergia; Braskem; Bradesco; Ita\u00fasa; Guararapes","description":"Agenda do Dia: lucro recorde da Neoenergia; Braskem e acordo com o MPT; Bradesco; Ita\u00fasa; Guararapes. Clique aqui e saiba mais.","robots":{"index":"index","follow":"follow","max-snippet":"max-snippet:-1","max-image-preview":"max-image-preview:large","max-video-preview":"max-video-preview:-1"},"canonical":"https:\/\/www.suno.com.br\/noticias\/agenda-do-dia-neoenergia-braskem-bradesco-itausa-guararapes180220\/","og_locale":"pt_BR","og_type":"article","og_title":"Agenda do Dia: Neoenergia; Braskem; Bradesco; Ita\u00fasa; Guararapes","og_description":"Agenda do Dia: lucro recorde da Neoenergia; Braskem e acordo com o MPT; Bradesco; Ita\u00fasa; Guararapes. Clique aqui e saiba mais.","og_url":"https:\/\/www.suno.com.br\/noticias\/agenda-do-dia-neoenergia-braskem-bradesco-itausa-guararapes180220\/","og_site_name":"Suno Not\u00edcias","article_publisher":"https:\/\/facebook.com\/sunoresearch","og_image":[{"width":800,"height":414,"url":"https:\/\/files.sunoresearch.com.br\/n\/uploads\/2020\/02\/8e40338b-neoenergia.jpg","type":"image\/jpeg"}],"author":"Juliano Passaro","twitter_card":"summary_large_image","twitter_creator":"@sunoresearch","twitter_site":"@sunoresearch","twitter_misc":{"Escrito por":"Juliano Passaro","Est. tempo de leitura":"3 minutos"},"schema":{"@context":"https:\/\/schema.org","@graph":[{"@type":"NewsArticle","@id":"https:\/\/www.suno.com.br\/noticias\/agenda-do-dia-neoenergia-braskem-bradesco-itausa-guararapes180220\/#article","isPartOf":{"@id":"https:\/\/www.suno.com.br\/noticias\/agenda-do-dia-neoenergia-braskem-bradesco-itausa-guararapes180220\/"},"author":{"name":"Juliano Passaro","@id":"https:\/\/www.suno.com.br\/noticias\/#\/schema\/person\/1db762f78ffd8919a648a63e425953e3"},"headline":"Agenda do Dia: Neoenergia; Braskem; Bradesco; Ita\u00fasa; Guararapes","datePublished":"2020-02-18T11:36:40+00:00","dateModified":"2021-06-14T03:22:32+00:00","mainEntityOfPage":{"@id":"https:\/\/www.suno.com.br\/noticias\/agenda-do-dia-neoenergia-braskem-bradesco-itausa-guararapes180220\/"},"wordCount":659,"publisher":{"@id":"https:\/\/www.suno.com.br\/noticias\/#organization"},"image":{"@id":"https:\/\/www.suno.com.br\/noticias\/agenda-do-dia-neoenergia-braskem-bradesco-itausa-guararapes180220\/#primaryimage"},"thumbnailUrl":"https:\/\/files.sunoresearch.com.br\/n\/uploads\/2020\/02\/8e40338b-neoenergia-jpg.webp","keywords":["agenda do dia","Bradesco (BBDC3\/BBDC4)","Braskem (BRKM3\/BRKM5\/BRKM6)","Cosan Log\u00edstica (RLOG3)","Ita\u00fasa (ITSA3\/ITSA4)","Neoenergia (NEOE3)"],"articleSection":["Neg\u00f3cios"],"inLanguage":"pt-BR"},{"@type":"WebPage","@id":"https:\/\/www.suno.com.br\/noticias\/agenda-do-dia-neoenergia-braskem-bradesco-itausa-guararapes180220\/","url":"https:\/\/www.suno.com.br\/noticias\/agenda-do-dia-neoenergia-braskem-bradesco-itausa-guararapes180220\/","name":"Agenda do Dia: Neoenergia; Braskem; Bradesco; Ita\u00fasa; Guararapes","isPartOf":{"@id":"https:\/\/www.suno.com.br\/noticias\/#website"},"primaryImageOfPage":{"@id":"https:\/\/www.suno.com.br\/noticias\/agenda-do-dia-neoenergia-braskem-bradesco-itausa-guararapes180220\/#primaryimage"},"image":{"@id":"https:\/\/www.suno.com.br\/noticias\/agenda-do-dia-neoenergia-braskem-bradesco-itausa-guararapes180220\/#primaryimage"},"thumbnailUrl":"https:\/\/files.sunoresearch.com.br\/n\/uploads\/2020\/02\/8e40338b-neoenergia-jpg.webp","datePublished":"2020-02-18T11:36:40+00:00","dateModified":"2021-06-14T03:22:32+00:00","description":"Agenda do Dia: lucro recorde da Neoenergia; Braskem e acordo com o MPT; Bradesco; Ita\u00fasa; Guararapes. Clique aqui e saiba mais.","breadcrumb":{"@id":"https:\/\/www.suno.com.br\/noticias\/agenda-do-dia-neoenergia-braskem-bradesco-itausa-guararapes180220\/#breadcrumb"},"inLanguage":"pt-BR","potentialAction":[{"@type":"ReadAction","target":["https:\/\/www.suno.com.br\/noticias\/agenda-do-dia-neoenergia-braskem-bradesco-itausa-guararapes180220\/"]}]},{"@type":"ImageObject","inLanguage":"pt-BR","@id":"https:\/\/www.suno.com.br\/noticias\/agenda-do-dia-neoenergia-braskem-bradesco-itausa-guararapes180220\/#primaryimage","url":"https:\/\/files.sunoresearch.com.br\/n\/uploads\/2020\/02\/8e40338b-neoenergia-jpg.webp","contentUrl":"https:\/\/files.sunoresearch.com.br\/n\/uploads\/2020\/02\/8e40338b-neoenergia-jpg.webp","width":800,"height":414,"caption":"A Neoenergia reportou um lucro l\u00edquido de R$ 814 milh\u00f5es no terceiro trimestre de 2020"},{"@type":"BreadcrumbList","@id":"https:\/\/www.suno.com.br\/noticias\/agenda-do-dia-neoenergia-braskem-bradesco-itausa-guararapes180220\/#breadcrumb","itemListElement":[{"@type":"ListItem","position":1,"name":"Not\u00edcias","item":"https:\/\/www.suno.com.br\/noticias\/"},{"@type":"ListItem","position":2,"name":"Neg\u00f3cios","item":"https:\/\/www.suno.com.br\/noticias\/negocios\/"},{"@type":"ListItem","position":3,"name":"Agenda do Dia: Neoenergia; Braskem; Bradesco; Ita\u00fasa; Guararapes"}]},{"@type":"WebSite","@id":"https:\/\/www.suno.com.br\/noticias\/#website","url":"https:\/\/www.suno.com.br\/noticias\/","name":"Suno Not\u00edcias","description":"Seu portal de informa\u00e7\u00e3o sobre o mundo dos investimentos","publisher":{"@id":"https:\/\/www.suno.com.br\/noticias\/#organization"},"potentialAction":[{"@type":"SearchAction","target":{"@type":"EntryPoint","urlTemplate":"https:\/\/www.suno.com.br\/noticias\/?s={search_term_string}"},"query-input":{"@type":"PropertyValueSpecification","valueRequired":true,"valueName":"search_term_string"}}],"inLanguage":"pt-BR"},{"@type":"Organization","@id":"https:\/\/www.suno.com.br\/noticias\/#organization","name":"Suno Not\u00edcias","url":"https:\/\/www.suno.com.br\/noticias\/","logo":{"@type":"ImageObject","inLanguage":"pt-BR","@id":"https:\/\/www.suno.com.br\/noticias\/#\/schema\/logo\/image\/","url":"https:\/\/files.sunoresearch.com.br\/n\/uploads\/2021\/09\/suno-logo.png","contentUrl":"https:\/\/files.sunoresearch.com.br\/n\/uploads\/2021\/09\/suno-logo.png","width":180,"height":180,"caption":"Suno Not\u00edcias"},"image":{"@id":"https:\/\/www.suno.com.br\/noticias\/#\/schema\/logo\/image\/"},"sameAs":["https:\/\/facebook.com\/sunoresearch","https:\/\/x.com\/sunoresearch","https:\/\/www.instagram.com\/suno","https:\/\/www.linkedin.com\/company\/suno-research\/","https:\/\/www.youtube.com\/c\/sunoresearch"]},{"@type":"Person","@id":"https:\/\/www.suno.com.br\/noticias\/#\/schema\/person\/1db762f78ffd8919a648a63e425953e3","name":"Juliano Passaro","image":{"@type":"ImageObject","inLanguage":"pt-BR","@id":"https:\/\/www.suno.com.br\/noticias\/#\/schema\/person\/image\/","url":"https:\/\/secure.gravatar.com\/avatar\/743d4df28eebf6dcc46b4ad03c319e92?s=96&r=g","contentUrl":"https:\/\/secure.gravatar.com\/avatar\/743d4df28eebf6dcc46b4ad03c319e92?s=96&r=g","caption":"Juliano Passaro"},"description":"Juliano Passaro escreve sobre pol\u00edtica, economia e neg\u00f3cios para o portal da Suno Research. Antes da Suno, trabalhou no Portal da Band. \u00c9 formado em jornalismo pela Universidade Presbiteriana Mackenzie.","url":"https:\/\/www.suno.com.br\/noticias\/author\/juliano\/"}]}},"default_loop_html":"<div class=\"cardsPage__listCard__boxs\"><div class=\"cardsPage__listCard__boxs__img\"><a href=\"https:\/\/www.suno.com.br\/noticias\/agenda-do-dia-neoenergia-braskem-bradesco-itausa-guararapes180220\/\"><img class=\"mask\" src=\"https:\/\/www.suno.com.br\/noticias\/wp-content\/themes\/suno\/resources\/images\/spotlight\/spotlight1img\/bg-mask.png\" alt=\"Image Mask\"\/><img src=\"https:\/\/files.sunoresearch.com.br\/n\/uploads\/2020\/02\/8e40338b-neoenergia-400x200.webp\" alt=\"Agenda do Dia: Neoenergia; Braskem; Bradesco; Ita\u00fasa; Guararapes\"\/><\/a><span class=\"spotlightCategory\"><a href=\"https:\/\/www.suno.com.br\/noticias\/negocios\/\">Neg\u00f3cios<\/a><\/span><\/div><div class=\"cardsPage__listCard__boxs__content\"><a href=\"https:\/\/www.suno.com.br\/noticias\/agenda-do-dia-neoenergia-braskem-bradesco-itausa-guararapes180220\/\"><h2 class=\"content__title\">Agenda do Dia: Neoenergia; Braskem; Bradesco; Ita\u00fasa; Guararapes<\/h2><\/a><div class=\"newsContent__article__meta\"><div class=\"newsContent__article__meta__authorBox\"><a href=\"https:\/\/www.suno.com.br\/noticias\/author\/juliano\/\" class=\"authorBox__avatar noMobi\"><img src=\"https:\/\/files.sunoresearch.com.br\/n\/uploads\/2019\/06\/7cc3efea-whatsapp-image-2019-07-18-at-21.59.33-e1563499821209-150x150.webp\" alt=\"Juliano Passaro\"><\/a><div class=\"authorBox__name\"><span>por\n\t\t\t<a href=\"https:\/\/www.suno.com.br\/noticias\/author\/juliano\/\"><span itemprop=\"author\">Juliano Passaro<\/span><\/a><\/span><time datetime=\"2020-02-18T08:36:40-03:00\" itemprop=\"datePublished\">18\/02\/2020 08:36<\/time><\/div><\/div><\/div><\/div><\/div>","single_layout":"posts","amp_enabled":true,"_links":{"self":[{"href":"https:\/\/www.suno.com.br\/noticias\/wp-json\/wp\/v2\/posts\/53381"}],"collection":[{"href":"https:\/\/www.suno.com.br\/noticias\/wp-json\/wp\/v2\/posts"}],"about":[{"href":"https:\/\/www.suno.com.br\/noticias\/wp-json\/wp\/v2\/types\/post"}],"author":[{"embeddable":true,"href":"https:\/\/www.suno.com.br\/noticias\/wp-json\/wp\/v2\/users\/19"}],"replies":[{"embeddable":true,"href":"https:\/\/www.suno.com.br\/noticias\/wp-json\/wp\/v2\/comments?post=53381"}],"version-history":[{"count":1,"href":"https:\/\/www.suno.com.br\/noticias\/wp-json\/wp\/v2\/posts\/53381\/revisions"}],"predecessor-version":[{"id":152518,"href":"https:\/\/www.suno.com.br\/noticias\/wp-json\/wp\/v2\/posts\/53381\/revisions\/152518"}],"wp:featuredmedia":[{"embeddable":true,"href":"https:\/\/www.suno.com.br\/noticias\/wp-json\/wp\/v2\/media\/53388"}],"wp:attachment":[{"href":"https:\/\/www.suno.com.br\/noticias\/wp-json\/wp\/v2\/media?parent=53381"}],"wp:term":[{"taxonomy":"category","embeddable":true,"href":"https:\/\/www.suno.com.br\/noticias\/wp-json\/wp\/v2\/categories?post=53381"},{"taxonomy":"post_tag","embeddable":true,"href":"https:\/\/www.suno.com.br\/noticias\/wp-json\/wp\/v2\/tags?post=53381"},{"taxonomy":"suno_strategy","embeddable":true,"href":"https:\/\/www.suno.com.br\/noticias\/wp-json\/wp\/v2\/suno_strategy?post=53381"}],"curies":[{"name":"wp","href":"https:\/\/api.w.org\/{rel}","templated":true}]}}