{"id":533470,"date":"2024-03-14T10:05:55","date_gmt":"2024-03-14T13:05:55","guid":{"rendered":"https:\/\/www.suno.com.br\/noticias\/?p=533470"},"modified":"2024-03-14T10:05:57","modified_gmt":"2024-03-14T13:05:57","slug":"dolar-petroleo-real-brasileiro-varejo-cpf","status":"publish","type":"post","link":"https:\/\/www.suno.com.br\/noticias\/dolar-petroleo-real-brasileiro-varejo-cpf\/","title":{"rendered":"D\u00f3lar cai na contram\u00e3o do petr\u00f3leo com varejo valorizando real brasileiro"},"content":{"rendered":"<p>Nesta quinta-feira (14), o <strong>d\u00f3lar<\/strong> \u00e0 vista registra uma queda enquanto o petr\u00f3leo segue acumulando altas. Com um resultado forte do varejo brasileiro, o real se valoriza ainda mais diante da moeda norte-americana.  <\/p>\t<div class=\"wrapper-featured-image\">\n\t\t<figure class=\"spotlightImg\">\n\n\t\t\t<picture>\n\t\t\t\t<source media=\"(max-width: 768px)\" srcset=\"https:\/\/files.sunoresearch.com.br\/n\/uploads\/2023\/02\/pexels-jonathan-borba-14820479-400x200.jpg\">\n\t\t\t\t<img loading=\"lazy\" decoding=\"async\" class=\"newsContent__article__imgCapa lazyloadDisabled \" src=\"https:\/\/files.sunoresearch.com.br\/n\/uploads\/2023\/02\/pexels-jonathan-borba-14820479-800x450.jpg\" width=\"800\" height=\"450\" alt=\"D\u00f3lar cai na contram\u00e3o do petr\u00f3leo com varejo valorizando real brasileiro\" fetchpriority=high \/>\n\t\t\t<\/picture>\n\n\t\t\t<figcaption class=\"wp-caption-text wp-caption-text--show\">D\u00f3lar - Foto: Jonathan Borba\/Pexels<\/figcaption>\n\t\t<\/figure>\n\t<\/div>\n\n\n\n\n\n\n\n\t<p>\n\t\t<a href=\"https:\/\/lp.suno.com.br\/ebook-como-analisar-uma-acao\/\" target=\"_blank\" data-element=\"shortcode-suno-banner\" title=\"Banner SUNO, clique e saiba mais\">\n\t\t\t<picture>\n\t\t\t\t<source media=\"(max-width: 500px)\" srcset=\"https:\/\/files.sunoresearch.com.br\/n\/uploads\/2023\/03\/Ebook-Acoes-Mobile.jpg\">\n\t\t\t\t<img class=\"newsContent__article__imgCapa newsContent__article__imgCapa--banner\"\n\t\t\t\t\tsrc=\"https:\/\/files.sunoresearch.com.br\/n\/uploads\/2023\/03\/Ebook-Acoes-Desktop.jpg\"\n\t\t\t\t\tdata-promo-id=\"378302\"\t\t\t\t\t\t\t\t\t\twidth='1420' height='286'\t\t\t\t\talt=\"https:\/\/files.sunoresearch.com.br\/n\/uploads\/2023\/03\/Ebook-Acoes-Desktop.jpg\"\n\t\t\t\t>\n\t\t\t<\/picture>\n\t\t<\/a>\n\t<\/p>\n\n\n\n\n\n<p>No varejo, o volume de vendas do com\u00e9rcio subiram 2,5% em janeiro de 2024 ante dezembro de 2023, na s\u00e9rie com ajuste sazonal, superando bastante o teto das estimativas do Proje\u00e7\u00f5es Broadcast, de alta de 1,7%. Quanto ao varejo ampliado &#8211; que inclui as atividades de material de constru\u00e7\u00e3o, ve\u00edculos e atacado aliment\u00edcio -, as vendas subiram 2,4% em janeiro ante dezembro, tamb\u00e9m superando o teto das proje\u00e7\u00f5es, de alta de 1,6%.<\/p>\n\n\n\n<p>Em contraponto aparecem a queda de mais de 2% no <strong>min\u00e9rio de ferro<\/strong> em Dalian, na China, pelo terceiro seguido, o avan\u00e7o dos retornos dos Treasuries e as d\u00favidas sobre o crescimento da China neste ano.<\/p>\n\n\n\n<p>Os investidores est\u00e3o na expectativa ainda por indicadores dos EUA, como o<strong> \u00edndice de infla\u00e7\u00e3o <\/strong>ao produtor (PPI), vendas no varejo e<strong> pedidos semanais de aux\u00edlio-desemprego<\/strong>, todos as 9h30 desta quinta-feira, 14. Os dados tendem a apoiar ajustes finos sobre o in\u00edcio do ciclo de cortes de juros nos EUA, esperado para junho.<\/p>\n\n\n\n<p>No Brasil, a melhora no varejo tamb\u00e9m n\u00e3o altera a chance de novos cortes de 50 pontos-base da <strong>Selic <\/strong>nas duas pr\u00f3ximas reuni\u00f5es, incluindo a da pr\u00f3xima semana.<\/p>\n\n\n\t<p>\n\t\t<a href=\"https:\/\/lp.suno.com.br\/ebook-gratuito-investindo-no-exterior\/\" target=\"_blank\" data-element=\"shortcode-suno-banner\" title=\"Banner SUNO, clique e saiba mais\">\n\t\t\t<picture>\n\t\t\t\t<source media=\"(max-width: 500px)\" srcset=\"https:\/\/files.sunoresearch.com.br\/n\/uploads\/2023\/03\/400x300-Investindo-no-exterior.png\">\n\t\t\t\t<img class=\"newsContent__article__imgCapa newsContent__article__imgCapa--banner\"\n\t\t\t\t\tsrc=\"https:\/\/files.sunoresearch.com.br\/n\/uploads\/2023\/03\/1420x240-Investindo-no-exterior.png\"\n\t\t\t\t\tdata-promo-id=\"383161\"\t\t\t\t\t\t\t\t\t\twidth='1420' height='240'\t\t\t\t\talt=\"https:\/\/files.sunoresearch.com.br\/n\/uploads\/2023\/03\/1420x240-Investindo-no-exterior.png\"\n\t\t\t\t>\n\t\t\t<\/picture>\n\t\t<\/a>\n\t<\/p>\n\n\n\n\n\n<h2 class=\"wp-block-heading\">Juros futuros sobem face ao fortalecimento do varejo brasileiro e e com curva dos EUA<\/h2>\n\n\n\n<p>Os juros futuros sobem em toda a curva na manh\u00e3 desta quinta-feira, 14, ap\u00f3s o resultado forte do varejo brasileiro e em sintonia com o avan\u00e7o dos retornos dos Treasuries. As vendas do com\u00e9rcio varejista subiram 2,5% em janeiro de 2024 ante dezembro de 2023, na s\u00e9rie com ajuste sazonal, superando bastante o teto das estimativas do Proje\u00e7\u00f5es Broadcast, de alta de 1,7%. Quanto ao varejo ampliado &#8211; que inclui as atividades de material de constru\u00e7\u00e3o, ve\u00edculos e atacado aliment\u00edcio -, as vendas subiram 2,4% em janeiro ante dezembro, tamb\u00e9m superando o teto das proje\u00e7\u00f5es, de alta de 1,6%.<\/p>\n\n\n\n<p>\u00c0s 9h10 desta quinta, o mercado via as seguintes varia\u00e7\u00f5es: <\/p>\n\n\n\n<ul class=\"wp-block-list\">\n<li>Taxa do contrato de dep\u00f3sito interfinanceiro (DI) para janeiro de 2025 subia a 9,870%, de 9,843% no ajuste de quarta-feira;<\/li>\n\n\n\n<li>DI para janeiro de 2026 tinha m\u00e1xima de 9,725%, de 9,669%;<\/li>\n\n\n\n<li>Para janeiro de 2027 batia m\u00e1xima de 9,950% no ajuste anterior;<\/li>\n\n\n\n<li>DI para janeiro de 2029 ia para 10,430%, de 10,388%;<\/li>\n\n\n\n<li>O juro da T-note de 2 anos estava em 4,631% (de 4,626%);<\/li>\n\n\n\n<li>A T-note de 10 anos avan\u00e7ava a 4,192% (de 4,189%);<\/li>\n\n\n\n<li>T-bond de 30 anos aumentava a 4,348% (de 4,343%).<\/li>\n<\/ul>\n\n\n\n<p>Mais tarde, \u00e0s 9h31 desta quinta-feira (14), a cota\u00e7\u00e3o do <strong>d\u00f3lar<\/strong> \u00e0 vista ca\u00eda 0,21%, a R$ 4,9632, enquanto o <strong>d\u00f3lar futuro <\/strong>para abril recuava 0,13%, a R$ 4,9680.<\/p>\n\n\n\n<p><em>Com informa\u00e7\u00f5es de Estad\u00e3o Conte\u00fado.<\/em><\/p>\n\n\n\t<p>\n\t\t<a href=\"https:\/\/lp.suno.com.br\/planilha-da-vida-financeira\/\" target=\"_blank\" data-element=\"shortcode-suno-banner\" title=\"Banner SUNO, clique e saiba mais\">\n\t\t\t<picture>\n\t\t\t\t<source media=\"(max-width: 500px)\" srcset=\"https:\/\/files.sunoresearch.com.br\/n\/uploads\/2023\/04\/400x300-Planilha-vida-financeira-true.png\">\n\t\t\t\t<img class=\"newsContent__article__imgCapa newsContent__article__imgCapa--banner\"\n\t\t\t\t\tsrc=\"https:\/\/files.sunoresearch.com.br\/n\/uploads\/2023\/04\/1420x240-Planilha-vida-financeira-true.png\"\n\t\t\t\t\tdata-promo-id=\"383123\"\t\t\t\t\t\t\t\t\t\twidth='1420' height='240'\t\t\t\t\talt=\"https:\/\/files.sunoresearch.com.br\/n\/uploads\/2023\/04\/1420x240-Planilha-vida-financeira-true.png\"\n\t\t\t\t>\n\t\t\t<\/picture>\n\t\t<\/a>\n\t<\/p>\n\n\n","protected":false},"excerpt":{"rendered":"<p>Nesta quinta-feira (14), o d\u00f3lar \u00e0 vista registra uma queda enquanto o petr\u00f3leo segue acumulando altas. Com um resultado forte do varejo brasileiro, o real se valoriza ainda mais diante da moeda norte-americana. D\u00f3lar &#8211; Foto: Jonathan Borba\/Pexels No varejo, o volume de vendas do com\u00e9rcio subiram 2,5% em janeiro de 2024 ante dezembro de [&hellip;]<\/p>\n","protected":false},"author":283,"featured_media":364375,"comment_status":"closed","ping_status":"closed","sticky":false,"template":"","format":"standard","meta":[],"categories":[60],"tags":[326,1852,803],"suno_strategy":[],"class_list":["post-533470","post","type-post","status-publish","format-standard","has-post-thumbnail","hentry","category-mercado","tag-dolar","tag-dolar-futuro","tag-varejo"],"yoast_head":"<!-- This site is optimized with the Yoast SEO plugin v24.4 - https:\/\/yoast.com\/wordpress\/plugins\/seo\/ -->\n<title>D\u00f3lar: Na contram\u00e3o do petr\u00f3leo e real brasileiro subindo<\/title>\n<meta name=\"description\" content=\"Com fortalecimento do varejo brasileiro e alta do petr\u00f3leo, o d\u00f3lar ca\u00eda nesta manh\u00e3 para uma propor\u00e7\u00e3o de R$ R$ 4,9632.\" \/>\n<meta name=\"robots\" content=\"index, follow, max-snippet:-1, max-image-preview:large, max-video-preview:-1\" \/>\n<link rel=\"canonical\" href=\"https:\/\/www.suno.com.br\/noticias\/dolar-petroleo-real-brasileiro-varejo-cpf\/\" \/>\n<meta property=\"og:locale\" content=\"pt_BR\" \/>\n<meta property=\"og:type\" content=\"article\" \/>\n<meta property=\"og:title\" content=\"D\u00f3lar: Na contram\u00e3o do petr\u00f3leo e real brasileiro subindo\" \/>\n<meta property=\"og:description\" content=\"Com fortalecimento do varejo brasileiro e alta do petr\u00f3leo, o d\u00f3lar ca\u00eda nesta manh\u00e3 para uma propor\u00e7\u00e3o de R$ R$ 4,9632.\" \/>\n<meta property=\"og:url\" content=\"https:\/\/www.suno.com.br\/noticias\/dolar-petroleo-real-brasileiro-varejo-cpf\/\" \/>\n<meta property=\"og:site_name\" content=\"Suno Not\u00edcias\" \/>\n<meta property=\"article:publisher\" content=\"https:\/\/facebook.com\/sunoresearch\" \/>\n<meta property=\"og:image\" content=\"https:\/\/files.sunoresearch.com.br\/n\/uploads\/2023\/02\/pexels-jonathan-borba-14820479-scaled.jpg\" \/>\n\t<meta property=\"og:image:width\" content=\"2560\" \/>\n\t<meta property=\"og:image:height\" content=\"1931\" \/>\n\t<meta property=\"og:image:type\" content=\"image\/jpeg\" \/>\n<meta name=\"author\" content=\"Camila Paim\" \/>\n<meta name=\"twitter:card\" content=\"summary_large_image\" \/>\n<meta name=\"twitter:creator\" content=\"@sunoresearch\" \/>\n<meta name=\"twitter:site\" content=\"@sunoresearch\" \/>\n<meta name=\"twitter:label1\" content=\"Escrito por\" \/>\n\t<meta name=\"twitter:data1\" content=\"Camila Paim\" \/>\n\t<meta name=\"twitter:label2\" content=\"Est. tempo de leitura\" \/>\n\t<meta name=\"twitter:data2\" content=\"3 minutos\" \/>\n<script type=\"application\/ld+json\" class=\"yoast-schema-graph\">{\"@context\":\"https:\/\/schema.org\",\"@graph\":[{\"@type\":\"NewsArticle\",\"@id\":\"https:\/\/www.suno.com.br\/noticias\/dolar-petroleo-real-brasileiro-varejo-cpf\/#article\",\"isPartOf\":{\"@id\":\"https:\/\/www.suno.com.br\/noticias\/dolar-petroleo-real-brasileiro-varejo-cpf\/\"},\"author\":{\"name\":\"Camila Paim\",\"@id\":\"https:\/\/www.suno.com.br\/noticias\/#\/schema\/person\/f341d3ae5d1cc685176c9a5327cdfdbb\"},\"headline\":\"D\u00f3lar cai na contram\u00e3o do petr\u00f3leo com varejo valorizando real brasileiro\",\"datePublished\":\"2024-03-14T13:05:55+00:00\",\"dateModified\":\"2024-03-14T13:05:57+00:00\",\"mainEntityOfPage\":{\"@id\":\"https:\/\/www.suno.com.br\/noticias\/dolar-petroleo-real-brasileiro-varejo-cpf\/\"},\"wordCount\":486,\"publisher\":{\"@id\":\"https:\/\/www.suno.com.br\/noticias\/#organization\"},\"image\":{\"@id\":\"https:\/\/www.suno.com.br\/noticias\/dolar-petroleo-real-brasileiro-varejo-cpf\/#primaryimage\"},\"thumbnailUrl\":\"https:\/\/files.sunoresearch.com.br\/n\/uploads\/2023\/02\/pexels-jonathan-borba-14820479-scaled.jpg\",\"keywords\":[\"d\u00f3lar\",\"d\u00f3lar futuro\",\"varejo\"],\"articleSection\":[\"Mercado\"],\"inLanguage\":\"pt-BR\"},{\"@type\":\"WebPage\",\"@id\":\"https:\/\/www.suno.com.br\/noticias\/dolar-petroleo-real-brasileiro-varejo-cpf\/\",\"url\":\"https:\/\/www.suno.com.br\/noticias\/dolar-petroleo-real-brasileiro-varejo-cpf\/\",\"name\":\"D\u00f3lar: Na contram\u00e3o do petr\u00f3leo e real brasileiro subindo\",\"isPartOf\":{\"@id\":\"https:\/\/www.suno.com.br\/noticias\/#website\"},\"primaryImageOfPage\":{\"@id\":\"https:\/\/www.suno.com.br\/noticias\/dolar-petroleo-real-brasileiro-varejo-cpf\/#primaryimage\"},\"image\":{\"@id\":\"https:\/\/www.suno.com.br\/noticias\/dolar-petroleo-real-brasileiro-varejo-cpf\/#primaryimage\"},\"thumbnailUrl\":\"https:\/\/files.sunoresearch.com.br\/n\/uploads\/2023\/02\/pexels-jonathan-borba-14820479-scaled.jpg\",\"datePublished\":\"2024-03-14T13:05:55+00:00\",\"dateModified\":\"2024-03-14T13:05:57+00:00\",\"description\":\"Com fortalecimento do varejo brasileiro e alta do petr\u00f3leo, o d\u00f3lar ca\u00eda nesta manh\u00e3 para uma propor\u00e7\u00e3o de R$ R$ 4,9632.\",\"breadcrumb\":{\"@id\":\"https:\/\/www.suno.com.br\/noticias\/dolar-petroleo-real-brasileiro-varejo-cpf\/#breadcrumb\"},\"inLanguage\":\"pt-BR\",\"potentialAction\":[{\"@type\":\"ReadAction\",\"target\":[\"https:\/\/www.suno.com.br\/noticias\/dolar-petroleo-real-brasileiro-varejo-cpf\/\"]}]},{\"@type\":\"ImageObject\",\"inLanguage\":\"pt-BR\",\"@id\":\"https:\/\/www.suno.com.br\/noticias\/dolar-petroleo-real-brasileiro-varejo-cpf\/#primaryimage\",\"url\":\"https:\/\/files.sunoresearch.com.br\/n\/uploads\/2023\/02\/pexels-jonathan-borba-14820479-scaled.jpg\",\"contentUrl\":\"https:\/\/files.sunoresearch.com.br\/n\/uploads\/2023\/02\/pexels-jonathan-borba-14820479-scaled.jpg\",\"width\":2560,\"height\":1931,\"caption\":\"D\u00f3lar - Foto: Jonathan Borba\/Pexels\"},{\"@type\":\"BreadcrumbList\",\"@id\":\"https:\/\/www.suno.com.br\/noticias\/dolar-petroleo-real-brasileiro-varejo-cpf\/#breadcrumb\",\"itemListElement\":[{\"@type\":\"ListItem\",\"position\":1,\"name\":\"Not\u00edcias\",\"item\":\"https:\/\/www.suno.com.br\/noticias\/\"},{\"@type\":\"ListItem\",\"position\":2,\"name\":\"Mercado\",\"item\":\"https:\/\/www.suno.com.br\/noticias\/mercado\/\"},{\"@type\":\"ListItem\",\"position\":3,\"name\":\"D\u00f3lar cai na contram\u00e3o do petr\u00f3leo com varejo valorizando real brasileiro\"}]},{\"@type\":\"WebSite\",\"@id\":\"https:\/\/www.suno.com.br\/noticias\/#website\",\"url\":\"https:\/\/www.suno.com.br\/noticias\/\",\"name\":\"Suno Not\u00edcias\",\"description\":\"Seu portal de informa\u00e7\u00e3o sobre o mundo dos investimentos\",\"publisher\":{\"@id\":\"https:\/\/www.suno.com.br\/noticias\/#organization\"},\"potentialAction\":[{\"@type\":\"SearchAction\",\"target\":{\"@type\":\"EntryPoint\",\"urlTemplate\":\"https:\/\/www.suno.com.br\/noticias\/?s={search_term_string}\"},\"query-input\":{\"@type\":\"PropertyValueSpecification\",\"valueRequired\":true,\"valueName\":\"search_term_string\"}}],\"inLanguage\":\"pt-BR\"},{\"@type\":\"Organization\",\"@id\":\"https:\/\/www.suno.com.br\/noticias\/#organization\",\"name\":\"Suno Not\u00edcias\",\"url\":\"https:\/\/www.suno.com.br\/noticias\/\",\"logo\":{\"@type\":\"ImageObject\",\"inLanguage\":\"pt-BR\",\"@id\":\"https:\/\/www.suno.com.br\/noticias\/#\/schema\/logo\/image\/\",\"url\":\"https:\/\/files.sunoresearch.com.br\/n\/uploads\/2021\/09\/suno-logo.png\",\"contentUrl\":\"https:\/\/files.sunoresearch.com.br\/n\/uploads\/2021\/09\/suno-logo.png\",\"width\":180,\"height\":180,\"caption\":\"Suno Not\u00edcias\"},\"image\":{\"@id\":\"https:\/\/www.suno.com.br\/noticias\/#\/schema\/logo\/image\/\"},\"sameAs\":[\"https:\/\/facebook.com\/sunoresearch\",\"https:\/\/x.com\/sunoresearch\",\"https:\/\/www.instagram.com\/suno\",\"https:\/\/www.linkedin.com\/company\/suno-research\/\",\"https:\/\/www.youtube.com\/c\/sunoresearch\"]},{\"@type\":\"Person\",\"@id\":\"https:\/\/www.suno.com.br\/noticias\/#\/schema\/person\/f341d3ae5d1cc685176c9a5327cdfdbb\",\"name\":\"Camila Paim\",\"image\":{\"@type\":\"ImageObject\",\"inLanguage\":\"pt-BR\",\"@id\":\"https:\/\/www.suno.com.br\/noticias\/#\/schema\/person\/image\/\",\"url\":\"https:\/\/secure.gravatar.com\/avatar\/f33728e65febb1aa7ecf6792956f9b20?s=96&r=g\",\"contentUrl\":\"https:\/\/secure.gravatar.com\/avatar\/f33728e65febb1aa7ecf6792956f9b20?s=96&r=g\",\"caption\":\"Camila Paim\"},\"description\":\"Jornalista formada pela USP, tem experi\u00eancia em reda\u00e7\u00f5es, SEO, Branded Content e Webdesign. Com passagem pelo Jornal da USP, Empiricus e C6 Bank, hoje \u00e9 rep\u00f3rter no Suno Not\u00edcias cobrindo macroeconomia, finan\u00e7as pessoais e startups.\",\"url\":\"https:\/\/www.suno.com.br\/noticias\/author\/camila-figueiredosuno-com-br\/\"}]}<\/script>\n<!-- \/ Yoast SEO plugin. -->","yoast_head_json":{"title":"D\u00f3lar: Na contram\u00e3o do petr\u00f3leo e real brasileiro subindo","description":"Com fortalecimento do varejo brasileiro e alta do petr\u00f3leo, o d\u00f3lar ca\u00eda nesta manh\u00e3 para uma propor\u00e7\u00e3o de R$ R$ 4,9632.","robots":{"index":"index","follow":"follow","max-snippet":"max-snippet:-1","max-image-preview":"max-image-preview:large","max-video-preview":"max-video-preview:-1"},"canonical":"https:\/\/www.suno.com.br\/noticias\/dolar-petroleo-real-brasileiro-varejo-cpf\/","og_locale":"pt_BR","og_type":"article","og_title":"D\u00f3lar: Na contram\u00e3o do petr\u00f3leo e real brasileiro subindo","og_description":"Com fortalecimento do varejo brasileiro e alta do petr\u00f3leo, o d\u00f3lar ca\u00eda nesta manh\u00e3 para uma propor\u00e7\u00e3o de R$ R$ 4,9632.","og_url":"https:\/\/www.suno.com.br\/noticias\/dolar-petroleo-real-brasileiro-varejo-cpf\/","og_site_name":"Suno Not\u00edcias","article_publisher":"https:\/\/facebook.com\/sunoresearch","og_image":[{"width":2560,"height":1931,"url":"https:\/\/files.sunoresearch.com.br\/n\/uploads\/2023\/02\/pexels-jonathan-borba-14820479-scaled.jpg","type":"image\/jpeg"}],"author":"Camila Paim","twitter_card":"summary_large_image","twitter_creator":"@sunoresearch","twitter_site":"@sunoresearch","twitter_misc":{"Escrito por":"Camila Paim","Est. tempo de leitura":"3 minutos"},"schema":{"@context":"https:\/\/schema.org","@graph":[{"@type":"NewsArticle","@id":"https:\/\/www.suno.com.br\/noticias\/dolar-petroleo-real-brasileiro-varejo-cpf\/#article","isPartOf":{"@id":"https:\/\/www.suno.com.br\/noticias\/dolar-petroleo-real-brasileiro-varejo-cpf\/"},"author":{"name":"Camila Paim","@id":"https:\/\/www.suno.com.br\/noticias\/#\/schema\/person\/f341d3ae5d1cc685176c9a5327cdfdbb"},"headline":"D\u00f3lar cai na contram\u00e3o do petr\u00f3leo com varejo valorizando real brasileiro","datePublished":"2024-03-14T13:05:55+00:00","dateModified":"2024-03-14T13:05:57+00:00","mainEntityOfPage":{"@id":"https:\/\/www.suno.com.br\/noticias\/dolar-petroleo-real-brasileiro-varejo-cpf\/"},"wordCount":486,"publisher":{"@id":"https:\/\/www.suno.com.br\/noticias\/#organization"},"image":{"@id":"https:\/\/www.suno.com.br\/noticias\/dolar-petroleo-real-brasileiro-varejo-cpf\/#primaryimage"},"thumbnailUrl":"https:\/\/files.sunoresearch.com.br\/n\/uploads\/2023\/02\/pexels-jonathan-borba-14820479-scaled.jpg","keywords":["d\u00f3lar","d\u00f3lar futuro","varejo"],"articleSection":["Mercado"],"inLanguage":"pt-BR"},{"@type":"WebPage","@id":"https:\/\/www.suno.com.br\/noticias\/dolar-petroleo-real-brasileiro-varejo-cpf\/","url":"https:\/\/www.suno.com.br\/noticias\/dolar-petroleo-real-brasileiro-varejo-cpf\/","name":"D\u00f3lar: Na contram\u00e3o do petr\u00f3leo e real brasileiro subindo","isPartOf":{"@id":"https:\/\/www.suno.com.br\/noticias\/#website"},"primaryImageOfPage":{"@id":"https:\/\/www.suno.com.br\/noticias\/dolar-petroleo-real-brasileiro-varejo-cpf\/#primaryimage"},"image":{"@id":"https:\/\/www.suno.com.br\/noticias\/dolar-petroleo-real-brasileiro-varejo-cpf\/#primaryimage"},"thumbnailUrl":"https:\/\/files.sunoresearch.com.br\/n\/uploads\/2023\/02\/pexels-jonathan-borba-14820479-scaled.jpg","datePublished":"2024-03-14T13:05:55+00:00","dateModified":"2024-03-14T13:05:57+00:00","description":"Com fortalecimento do varejo brasileiro e alta do petr\u00f3leo, o d\u00f3lar ca\u00eda nesta manh\u00e3 para uma propor\u00e7\u00e3o de R$ R$ 4,9632.","breadcrumb":{"@id":"https:\/\/www.suno.com.br\/noticias\/dolar-petroleo-real-brasileiro-varejo-cpf\/#breadcrumb"},"inLanguage":"pt-BR","potentialAction":[{"@type":"ReadAction","target":["https:\/\/www.suno.com.br\/noticias\/dolar-petroleo-real-brasileiro-varejo-cpf\/"]}]},{"@type":"ImageObject","inLanguage":"pt-BR","@id":"https:\/\/www.suno.com.br\/noticias\/dolar-petroleo-real-brasileiro-varejo-cpf\/#primaryimage","url":"https:\/\/files.sunoresearch.com.br\/n\/uploads\/2023\/02\/pexels-jonathan-borba-14820479-scaled.jpg","contentUrl":"https:\/\/files.sunoresearch.com.br\/n\/uploads\/2023\/02\/pexels-jonathan-borba-14820479-scaled.jpg","width":2560,"height":1931,"caption":"D\u00f3lar - Foto: Jonathan Borba\/Pexels"},{"@type":"BreadcrumbList","@id":"https:\/\/www.suno.com.br\/noticias\/dolar-petroleo-real-brasileiro-varejo-cpf\/#breadcrumb","itemListElement":[{"@type":"ListItem","position":1,"name":"Not\u00edcias","item":"https:\/\/www.suno.com.br\/noticias\/"},{"@type":"ListItem","position":2,"name":"Mercado","item":"https:\/\/www.suno.com.br\/noticias\/mercado\/"},{"@type":"ListItem","position":3,"name":"D\u00f3lar cai na contram\u00e3o do petr\u00f3leo com varejo valorizando real brasileiro"}]},{"@type":"WebSite","@id":"https:\/\/www.suno.com.br\/noticias\/#website","url":"https:\/\/www.suno.com.br\/noticias\/","name":"Suno Not\u00edcias","description":"Seu portal de informa\u00e7\u00e3o sobre o mundo dos investimentos","publisher":{"@id":"https:\/\/www.suno.com.br\/noticias\/#organization"},"potentialAction":[{"@type":"SearchAction","target":{"@type":"EntryPoint","urlTemplate":"https:\/\/www.suno.com.br\/noticias\/?s={search_term_string}"},"query-input":{"@type":"PropertyValueSpecification","valueRequired":true,"valueName":"search_term_string"}}],"inLanguage":"pt-BR"},{"@type":"Organization","@id":"https:\/\/www.suno.com.br\/noticias\/#organization","name":"Suno Not\u00edcias","url":"https:\/\/www.suno.com.br\/noticias\/","logo":{"@type":"ImageObject","inLanguage":"pt-BR","@id":"https:\/\/www.suno.com.br\/noticias\/#\/schema\/logo\/image\/","url":"https:\/\/files.sunoresearch.com.br\/n\/uploads\/2021\/09\/suno-logo.png","contentUrl":"https:\/\/files.sunoresearch.com.br\/n\/uploads\/2021\/09\/suno-logo.png","width":180,"height":180,"caption":"Suno Not\u00edcias"},"image":{"@id":"https:\/\/www.suno.com.br\/noticias\/#\/schema\/logo\/image\/"},"sameAs":["https:\/\/facebook.com\/sunoresearch","https:\/\/x.com\/sunoresearch","https:\/\/www.instagram.com\/suno","https:\/\/www.linkedin.com\/company\/suno-research\/","https:\/\/www.youtube.com\/c\/sunoresearch"]},{"@type":"Person","@id":"https:\/\/www.suno.com.br\/noticias\/#\/schema\/person\/f341d3ae5d1cc685176c9a5327cdfdbb","name":"Camila Paim","image":{"@type":"ImageObject","inLanguage":"pt-BR","@id":"https:\/\/www.suno.com.br\/noticias\/#\/schema\/person\/image\/","url":"https:\/\/secure.gravatar.com\/avatar\/f33728e65febb1aa7ecf6792956f9b20?s=96&r=g","contentUrl":"https:\/\/secure.gravatar.com\/avatar\/f33728e65febb1aa7ecf6792956f9b20?s=96&r=g","caption":"Camila Paim"},"description":"Jornalista formada pela USP, tem experi\u00eancia em reda\u00e7\u00f5es, SEO, Branded Content e Webdesign. Com passagem pelo Jornal da USP, Empiricus e C6 Bank, hoje \u00e9 rep\u00f3rter no Suno Not\u00edcias cobrindo macroeconomia, finan\u00e7as pessoais e startups.","url":"https:\/\/www.suno.com.br\/noticias\/author\/camila-figueiredosuno-com-br\/"}]}},"default_loop_html":"<div class=\"cardsPage__listCard__boxs\"><div class=\"cardsPage__listCard__boxs__img\"><a href=\"https:\/\/www.suno.com.br\/noticias\/dolar-petroleo-real-brasileiro-varejo-cpf\/\"><img class=\"mask\" src=\"https:\/\/www.suno.com.br\/noticias\/wp-content\/themes\/suno\/resources\/images\/spotlight\/spotlight1img\/bg-mask.png\" alt=\"Image Mask\"\/><img src=\"https:\/\/files.sunoresearch.com.br\/n\/uploads\/2023\/02\/pexels-jonathan-borba-14820479-400x200.jpg\" alt=\"D\u00f3lar cai na contram\u00e3o do petr\u00f3leo com varejo valorizando real brasileiro\"\/><\/a><span class=\"spotlightCategory\"><a href=\"https:\/\/www.suno.com.br\/noticias\/mercado\/\">Mercado<\/a><\/span><\/div><div class=\"cardsPage__listCard__boxs__content\"><a href=\"https:\/\/www.suno.com.br\/noticias\/dolar-petroleo-real-brasileiro-varejo-cpf\/\"><h2 class=\"content__title\">D\u00f3lar cai na contram\u00e3o do petr\u00f3leo com varejo valorizando real brasileiro<\/h2><\/a><div class=\"newsContent__article__meta\"><div class=\"newsContent__article__meta__authorBox\"><a href=\"https:\/\/www.suno.com.br\/noticias\/author\/camila-figueiredosuno-com-br\/\" class=\"authorBox__avatar noMobi\"><img src=\"https:\/\/files.sunoresearch.com.br\/n\/uploads\/2024\/05\/camila-paim-square-150x150.jpg\" alt=\"Camila Paim\"><\/a><div class=\"authorBox__name\"><span>por\n\t\t\t<a href=\"https:\/\/www.suno.com.br\/noticias\/author\/camila-figueiredosuno-com-br\/\"><span itemprop=\"author\">Camila Paim<\/span><\/a><\/span><time datetime=\"2024-03-14T10:05:55-03:00\" itemprop=\"datePublished\">14\/03\/2024 10:05<\/time><\/div><\/div><\/div><\/div><\/div>","single_layout":"posts","amp_enabled":true,"_links":{"self":[{"href":"https:\/\/www.suno.com.br\/noticias\/wp-json\/wp\/v2\/posts\/533470"}],"collection":[{"href":"https:\/\/www.suno.com.br\/noticias\/wp-json\/wp\/v2\/posts"}],"about":[{"href":"https:\/\/www.suno.com.br\/noticias\/wp-json\/wp\/v2\/types\/post"}],"author":[{"embeddable":true,"href":"https:\/\/www.suno.com.br\/noticias\/wp-json\/wp\/v2\/users\/283"}],"replies":[{"embeddable":true,"href":"https:\/\/www.suno.com.br\/noticias\/wp-json\/wp\/v2\/comments?post=533470"}],"version-history":[{"count":3,"href":"https:\/\/www.suno.com.br\/noticias\/wp-json\/wp\/v2\/posts\/533470\/revisions"}],"predecessor-version":[{"id":533483,"href":"https:\/\/www.suno.com.br\/noticias\/wp-json\/wp\/v2\/posts\/533470\/revisions\/533483"}],"wp:featuredmedia":[{"embeddable":true,"href":"https:\/\/www.suno.com.br\/noticias\/wp-json\/wp\/v2\/media\/364375"}],"wp:attachment":[{"href":"https:\/\/www.suno.com.br\/noticias\/wp-json\/wp\/v2\/media?parent=533470"}],"wp:term":[{"taxonomy":"category","embeddable":true,"href":"https:\/\/www.suno.com.br\/noticias\/wp-json\/wp\/v2\/categories?post=533470"},{"taxonomy":"post_tag","embeddable":true,"href":"https:\/\/www.suno.com.br\/noticias\/wp-json\/wp\/v2\/tags?post=533470"},{"taxonomy":"suno_strategy","embeddable":true,"href":"https:\/\/www.suno.com.br\/noticias\/wp-json\/wp\/v2\/suno_strategy?post=533470"}],"curies":[{"name":"wp","href":"https:\/\/api.w.org\/{rel}","templated":true}]}}