{"id":533172,"date":"2024-03-13T14:43:19","date_gmt":"2024-03-13T17:43:19","guid":{"rendered":"https:\/\/www.suno.com.br\/noticias\/?p=533172"},"modified":"2024-03-13T15:01:18","modified_gmt":"2024-03-13T18:01:18","slug":"vale-vale3-tiago-reis-manipulacao-evm","status":"publish","type":"post","link":"https:\/\/www.suno.com.br\/noticias\/vale-vale3-tiago-reis-manipulacao-evm\/","title":{"rendered":"Vale (VALE3): Tiago Reis comenta rumores de &#8216;manipula\u00e7\u00e3o&#8217; na companhia e expectativas de dividendos"},"content":{"rendered":"<p>Recentemente, um dos conselheiros de administra\u00e7\u00e3o da <a class=\"suno-keyword\" data-force=\"yes\" data-priority=\"2\" href=\"https:\/\/www.suno.com.br\/acoes\/VALE3\/\" target=\"_blank\" rel=\"noopener\"><strong>Vale<\/strong> (VALE3)<\/a>, Luciano Duarte Penido, renunciou ao seu cargo alegando &#8220;manipula\u00e7\u00e3o&#8221; no processo sucess\u00f3rio de CEO e uma &#8220;nefasta influ\u00eancia pol\u00edtica&#8221; na empresa.<\/p><div class=\"videoFull \">\n\t\t\t<div class=\"videoWrapper yt-lazyload center\"\n\t\t\t\tdata-width=\"960\"\n\t\t\t\tdata-height=\"540\"\n\t\t\t\tdata-id=\"XVqYNsyAntQ\"\n\t\t\t\tdata-alt=\"V\u00eddeo do YouTube - clique para reproduzir\"\n\t\t\t\tdata-logo=\"3\"\n\t\t\t\tdata-imagequality=\"maxres\">\n\t\t\t<\/div>\n\t\t<\/div><script type=\"application\/ld+json\">{\"@context\":\"https:\/\/schema.org\",\"@type\":\"VideoObject\",\"name\":\"VALE3: Conselheiro EXP\u00d5E CRISE na empresa!\",\"description\":\"Utilize o Cupom \"SUNO5\" e Garanta a Nossa Assinatura Mais Completa, a Suno Black, com 5% OFF: https:\/\/lp.suno.com.br\/nossas-assinaturas\/suno-black\/?utm_source=youtube.tiago&utm_medium=video&utm_campaign=N\/A.ns.20240330&utm_content=XVqYNsyAntQ Descubra os bastidores da recente turbul\u00eancia na Vale, uma das maiores mineradoras do mundo. Neste v\u00eddeo, mergulhamos nos detalhes da carta de ren\u00fancia de um conselheiro da empresa, revelando acusa\u00e7\u00f5es de manipula\u00e7\u00e3o e influ\u00eancia pol\u00edtica no processo\u2026\",\"duration\":\"PT10M32S\",\"embedUrl\":\"https:\/\/www.youtube.com\/embed\/XVqYNsyAntQ\",\"regionsAllowed\":\"pt-BR\",\"interactionStatistic\":{\"@type\":\"InteractionCounter\",\"interactionType\":{\"@type\":\"WatchAction\"},\"userInteractionCount\":91241},\"thumbnailUrl\":\"https:\/\/i.ytimg.com\/vi\/XVqYNsyAntQ\/default.jpg\",\"uploadDate\":\"2024-03-12T23:50:01Z\"}<\/script>\n\n\n\n\n\t<p>\n\t\t<a href=\"\" target=\"_blank\" data-element=\"shortcode-suno-banner\" title=\"Banner SUNO, clique e saiba mais\">\n\t\t\t<picture>\n\t\t\t\t<source media=\"(max-width: 500px)\" srcset=\"\">\n\t\t\t\t<img class=\"newsContent__article__imgCapa newsContent__article__imgCapa--banner\"\n\t\t\t\t\tsrc=\"\"\n\t\t\t\t\tdata-promo-id=\"250706\"\t\t\t\t\t\t\t\t\t\t\t\t\t\t\talt=\"\"\n\t\t\t\t>\n\t\t\t<\/picture>\n\t\t<\/a>\n\t<\/p>\n\n\n\n\n\n\n\n<p>Tiago Reis, fundador e chairman da Suno, destaca que \u00e9 dif\u00edcil saber com precis\u00e3o o que exatamente o <strong>conselheiro da Vale<\/strong> quis dizer com toda a sua carta, mas que \u00e9 poss\u00edvel atestar que houve um inc\u00f4modo dentro do colegiado com a press\u00e3o do Governo Federal.<\/p>\n\n\n\n<p>&#8220;A parte do &#8216;nefasta influ\u00eancia pol\u00edtica&#8217; eu consigo interpretar bem. As informa\u00e7\u00f5es s\u00e3o p\u00fablicas, existiu uma press\u00e3o do governo federal para colocar o Guido Mantega. Outros nomes surgiram, ligados a estatais ou ao meio pol\u00edtico. Isso deve ter incomodado o conselheiro. Inclusive um conselheiro tem deveres legais perante a sociedade, e acho que ele n\u00e3o quis trazer para si esse passivo de eventuais judicializa\u00e7\u00f5es&#8221;, afirma.<\/p>\n\n\n\n<p>&#8220;Eu no lugar dele faria o mesmo, apesar de n\u00e3o saber exatamente as informa\u00e7\u00f5es que ele sabe&#8221;, completa.<\/p>\n\n\n\n<p>Vale destacar que a ren\u00fancia se deu logo ap\u00f3s o fim do processo de escolha do <strong>CEO da Vale<\/strong>, que resultou na recondu\u00e7\u00e3o do atual presidente da companhia, <a class=\"suno-keyword\" data-force=\"no\" data-priority=\"2\" href=\"https:\/\/www.suno.com.br\/tudo-sobre\/eduardo-bartolomeo\/\" target=\"_blank\" rel=\"noopener\"><strong>Eduardo Bartolomeo<\/strong><\/a>.<\/p>\n\n\n\n<p>Reis destaca que o executivo \u00e9 respeitado no mercado e tem feito um bom trabalho em focar no <a class=\"suno-keyword\" target=\"_blank\" data-force=\"no\" data-priority=\"1\" href=\"https:\/\/www.suno.com.br\/artigos\/core-business\/\" rel=\"noopener\">core business<\/a> da mineradora.<\/p>\n\n\n\n<p>&#8220;Na minha vis\u00e3o, o que \u00e9 bom para a Vale, \u00e9 bom para o Brasil. E o que \u00e9 bom para a Vale \u00e9 ter um executivo de mercado com o Eduardo Bartolomeo, que tem feito um excelente trabalho. Eu tor\u00e7o para que o sucessor seja um profissional desse calibre&#8221;.<\/p>\n\n\n\t<p>\n\t\t<a href=\"https:\/\/lp.suno.com.br\/ebook-como-analisar-uma-acao\/\" target=\"_blank\" data-element=\"shortcode-suno-banner\" title=\"Banner SUNO, clique e saiba mais\">\n\t\t\t<picture>\n\t\t\t\t<source media=\"(max-width: 500px)\" srcset=\"https:\/\/files.sunoresearch.com.br\/n\/uploads\/2023\/03\/Ebook-Acoes-Mobile.jpg\">\n\t\t\t\t<img class=\"newsContent__article__imgCapa newsContent__article__imgCapa--banner\"\n\t\t\t\t\tsrc=\"https:\/\/files.sunoresearch.com.br\/n\/uploads\/2023\/03\/Ebook-Acoes-Desktop.jpg\"\n\t\t\t\t\tdata-promo-id=\"378302\"\t\t\t\t\t\t\t\t\t\twidth='1420' height='286'\t\t\t\t\talt=\"https:\/\/files.sunoresearch.com.br\/n\/uploads\/2023\/03\/Ebook-Acoes-Desktop.jpg\"\n\t\t\t\t>\n\t\t\t<\/picture>\n\t\t<\/a>\n\t<\/p>\n\n\n\n\n\n<h2 class=\"wp-block-heading\">Dividendos da Vale ir\u00e3o aumentar?<\/h2>\n\n\n\n<p>Juntamente com o cen\u00e1rio de ru\u00eddo sobre a governan\u00e7a na Vale, a companhia tem enfrentado alguns solavancos na bolsa durante os \u00faltimos preg\u00f5es, por conta da queda na cota\u00e7\u00e3o do min\u00e9rio de ferro.<\/p>\n\n\n\n<p>Reis, contudo, atesta que o patamar atual de pre\u00e7o da commodity \u00e9 bom para a companhia e permite que ela tenha o &#8220;potencial de ser uma das maiores pagadoras de dividendos do Brasil&#8221;.<\/p>\n\n\n\n<p>&#8220;O pre\u00e7o atual do min\u00e9rio de ferro, que fica entre US$ 110 e US$ 120, \u00e9 um pre\u00e7o muito saud\u00e1vel pra Vale, j\u00e1 que a companhia tem um <a class=\"suno-keyword\" data-force=\"no\" data-priority=\"1\" href=\"https:\/\/www.suno.com.br\/artigos\/custo-producao\/\" target=\"_blank\" rel=\"noopener\">custo de produ\u00e7\u00e3o<\/a> na casa dos US$ 50, ent\u00e3o ela consegue ter uma margem muito competitiva, gerar caixa e fazer programa de recompras de a\u00e7\u00f5es&#8221;, analisa.<\/p>\n\n\n\n<p>&#8220;Os patamares atuais de pre\u00e7o do min\u00e9rio s\u00e3o bem pr\u00f3ximos da m\u00e9dia hist\u00f3rica dos \u00faltimos 10 anos. Nesse pre\u00e7o a companhia tem potencial de pagar cerca de 15% em se tratando de <strong>dividendos da Vale<\/strong> e\/ou recompras de a\u00e7\u00f5es&#8221;, conclui.<\/p>\n\n\n\n<p>Atualmente, conforme dados do Status Invest, os dividendos da <strong>Vale<\/strong> representam um dividend yield (DY) de 14,5%, com R$ 8,81 pagos por a\u00e7\u00e3o nos \u00faltimos 12 meses.<\/p>\n\n\n\t<p>\n\t\t<a href=\"https:\/\/lp.suno.com.br\/plataforma-de-controle-de-investimentos\/\" target=\"_blank\" data-element=\"shortcode-suno-banner\" title=\"Banner SUNO, clique e saiba mais\">\n\t\t\t<picture>\n\t\t\t\t<source media=\"(max-width: 500px)\" srcset=\"https:\/\/files.sunoresearch.com.br\/n\/uploads\/2023\/03\/400x300-Controle-de-Investimentos.png\">\n\t\t\t\t<img class=\"newsContent__article__imgCapa newsContent__article__imgCapa--banner\"\n\t\t\t\t\tsrc=\"https:\/\/files.sunoresearch.com.br\/n\/uploads\/2023\/03\/1420x240-Controle-de-Investimentos.png\"\n\t\t\t\t\tdata-promo-id=\"383162\"\t\t\t\t\t\t\t\t\t\twidth='1420' height='240'\t\t\t\t\talt=\"https:\/\/files.sunoresearch.com.br\/n\/uploads\/2023\/03\/1420x240-Controle-de-Investimentos.png\"\n\t\t\t\t>\n\t\t\t<\/picture>\n\t\t<\/a>\n\t<\/p>\n\n\n","protected":false},"excerpt":{"rendered":"<p>Recentemente, um dos conselheiros de administra\u00e7\u00e3o da Vale (VALE3), Luciano Duarte Penido, renunciou ao seu cargo alegando &#8220;manipula\u00e7\u00e3o&#8221; no processo sucess\u00f3rio de CEO e uma &#8220;nefasta influ\u00eancia pol\u00edtica&#8221; na empresa. Tiago Reis, fundador e chairman da Suno, destaca que \u00e9 dif\u00edcil saber com precis\u00e3o o que exatamente o conselheiro da Vale quis dizer com toda [&hellip;]<\/p>\n","protected":false},"author":73,"featured_media":533175,"comment_status":"closed","ping_status":"closed","sticky":false,"template":"","format":"standard","meta":[],"categories":[64],"tags":[295,105816,2157,676],"suno_strategy":[],"class_list":["post-533172","post","type-post","status-publish","format-standard","has-post-thumbnail","hentry","category-negocios","tag-dividendos","tag-especialistas","tag-tiago-reis","tag-vale-vale3"],"yoast_head":"<!-- This site is optimized with the Yoast SEO plugin v24.4 - https:\/\/yoast.com\/wordpress\/plugins\/seo\/ -->\n<title>Vale (VALE3): Tiago Reis comenta rumores de &#039;manipula\u00e7\u00e3o&#039;<\/title>\n<meta name=\"description\" content=\"Em carta ap\u00f3s ren\u00fancia, Conselheiro da Vale alegou &quot;nefasta influ\u00eancia pol\u00edtica&quot; e &quot;manipula\u00e7\u00e3o&quot; no processo sucess\u00f3rio de CEO\" \/>\n<meta name=\"robots\" content=\"index, follow, max-snippet:-1, max-image-preview:large, max-video-preview:-1\" \/>\n<link rel=\"canonical\" href=\"https:\/\/www.suno.com.br\/noticias\/vale-vale3-tiago-reis-manipulacao-evm\/\" \/>\n<meta property=\"og:locale\" content=\"pt_BR\" \/>\n<meta property=\"og:type\" content=\"article\" \/>\n<meta property=\"og:title\" content=\"Vale (VALE3): Tiago Reis comenta rumores de &#039;manipula\u00e7\u00e3o&#039;\" \/>\n<meta property=\"og:description\" content=\"Em carta ap\u00f3s ren\u00fancia, Conselheiro da Vale alegou &quot;nefasta influ\u00eancia pol\u00edtica&quot; e &quot;manipula\u00e7\u00e3o&quot; no processo sucess\u00f3rio de CEO\" \/>\n<meta property=\"og:url\" content=\"https:\/\/www.suno.com.br\/noticias\/vale-vale3-tiago-reis-manipulacao-evm\/\" \/>\n<meta property=\"og:site_name\" content=\"Suno Not\u00edcias\" \/>\n<meta property=\"article:publisher\" content=\"https:\/\/facebook.com\/sunoresearch\" \/>\n<meta property=\"og:image\" content=\"https:\/\/files.sunoresearch.com.br\/n\/uploads\/2024\/03\/tiago-reis-vale-vale3.jpg\" \/>\n\t<meta property=\"og:image:width\" content=\"1919\" \/>\n\t<meta property=\"og:image:height\" content=\"1036\" \/>\n\t<meta property=\"og:image:type\" content=\"image\/jpeg\" \/>\n<meta name=\"author\" content=\"Eduardo Vargas\" \/>\n<meta name=\"twitter:card\" content=\"summary_large_image\" \/>\n<meta name=\"twitter:creator\" content=\"@sunoresearch\" \/>\n<meta name=\"twitter:site\" content=\"@sunoresearch\" \/>\n<meta name=\"twitter:label1\" content=\"Escrito por\" \/>\n\t<meta name=\"twitter:data1\" content=\"Eduardo Vargas\" \/>\n\t<meta name=\"twitter:label2\" content=\"Est. tempo de leitura\" \/>\n\t<meta name=\"twitter:data2\" content=\"3 minutos\" \/>\n<script type=\"application\/ld+json\" class=\"yoast-schema-graph\">{\"@context\":\"https:\/\/schema.org\",\"@graph\":[{\"@type\":\"NewsArticle\",\"@id\":\"https:\/\/www.suno.com.br\/noticias\/vale-vale3-tiago-reis-manipulacao-evm\/#article\",\"isPartOf\":{\"@id\":\"https:\/\/www.suno.com.br\/noticias\/vale-vale3-tiago-reis-manipulacao-evm\/\"},\"author\":{\"name\":\"Eduardo Vargas\",\"@id\":\"https:\/\/www.suno.com.br\/noticias\/#\/schema\/person\/7f4d362bf3518e76090143ae77bb49a5\"},\"headline\":\"Vale (VALE3): Tiago Reis comenta rumores de &#8216;manipula\u00e7\u00e3o&#8217; na companhia e expectativas de dividendos\",\"datePublished\":\"2024-03-13T17:43:19+00:00\",\"dateModified\":\"2024-03-13T18:01:18+00:00\",\"mainEntityOfPage\":{\"@id\":\"https:\/\/www.suno.com.br\/noticias\/vale-vale3-tiago-reis-manipulacao-evm\/\"},\"wordCount\":511,\"publisher\":{\"@id\":\"https:\/\/www.suno.com.br\/noticias\/#organization\"},\"image\":{\"@id\":\"https:\/\/www.suno.com.br\/noticias\/vale-vale3-tiago-reis-manipulacao-evm\/#primaryimage\"},\"thumbnailUrl\":\"https:\/\/files.sunoresearch.com.br\/n\/uploads\/2024\/03\/tiago-reis-vale-vale3.jpg\",\"keywords\":[\"dividendos\",\"Especialistas\",\"Tiago Reis\",\"Vale (VALE3)\"],\"articleSection\":[\"Neg\u00f3cios\"],\"inLanguage\":\"pt-BR\"},{\"@type\":\"WebPage\",\"@id\":\"https:\/\/www.suno.com.br\/noticias\/vale-vale3-tiago-reis-manipulacao-evm\/\",\"url\":\"https:\/\/www.suno.com.br\/noticias\/vale-vale3-tiago-reis-manipulacao-evm\/\",\"name\":\"Vale (VALE3): Tiago Reis comenta rumores de 'manipula\u00e7\u00e3o'\",\"isPartOf\":{\"@id\":\"https:\/\/www.suno.com.br\/noticias\/#website\"},\"primaryImageOfPage\":{\"@id\":\"https:\/\/www.suno.com.br\/noticias\/vale-vale3-tiago-reis-manipulacao-evm\/#primaryimage\"},\"image\":{\"@id\":\"https:\/\/www.suno.com.br\/noticias\/vale-vale3-tiago-reis-manipulacao-evm\/#primaryimage\"},\"thumbnailUrl\":\"https:\/\/files.sunoresearch.com.br\/n\/uploads\/2024\/03\/tiago-reis-vale-vale3.jpg\",\"datePublished\":\"2024-03-13T17:43:19+00:00\",\"dateModified\":\"2024-03-13T18:01:18+00:00\",\"description\":\"Em carta ap\u00f3s ren\u00fancia, Conselheiro da Vale alegou \\\"nefasta influ\u00eancia pol\u00edtica\\\" e \\\"manipula\u00e7\u00e3o\\\" no processo sucess\u00f3rio de CEO\",\"breadcrumb\":{\"@id\":\"https:\/\/www.suno.com.br\/noticias\/vale-vale3-tiago-reis-manipulacao-evm\/#breadcrumb\"},\"inLanguage\":\"pt-BR\",\"potentialAction\":[{\"@type\":\"ReadAction\",\"target\":[\"https:\/\/www.suno.com.br\/noticias\/vale-vale3-tiago-reis-manipulacao-evm\/\"]}]},{\"@type\":\"ImageObject\",\"inLanguage\":\"pt-BR\",\"@id\":\"https:\/\/www.suno.com.br\/noticias\/vale-vale3-tiago-reis-manipulacao-evm\/#primaryimage\",\"url\":\"https:\/\/files.sunoresearch.com.br\/n\/uploads\/2024\/03\/tiago-reis-vale-vale3.jpg\",\"contentUrl\":\"https:\/\/files.sunoresearch.com.br\/n\/uploads\/2024\/03\/tiago-reis-vale-vale3.jpg\",\"width\":1919,\"height\":1036,\"caption\":\"Tiago Reis, fundador da Suno, comenta sobre Vale\"},{\"@type\":\"BreadcrumbList\",\"@id\":\"https:\/\/www.suno.com.br\/noticias\/vale-vale3-tiago-reis-manipulacao-evm\/#breadcrumb\",\"itemListElement\":[{\"@type\":\"ListItem\",\"position\":1,\"name\":\"Not\u00edcias\",\"item\":\"https:\/\/www.suno.com.br\/noticias\/\"},{\"@type\":\"ListItem\",\"position\":2,\"name\":\"Neg\u00f3cios\",\"item\":\"https:\/\/www.suno.com.br\/noticias\/negocios\/\"},{\"@type\":\"ListItem\",\"position\":3,\"name\":\"Vale (VALE3): Tiago Reis comenta rumores de &#8216;manipula\u00e7\u00e3o&#8217; na companhia e expectativas de dividendos\"}]},{\"@type\":\"WebSite\",\"@id\":\"https:\/\/www.suno.com.br\/noticias\/#website\",\"url\":\"https:\/\/www.suno.com.br\/noticias\/\",\"name\":\"Suno Not\u00edcias\",\"description\":\"Seu portal de informa\u00e7\u00e3o sobre o mundo dos investimentos\",\"publisher\":{\"@id\":\"https:\/\/www.suno.com.br\/noticias\/#organization\"},\"potentialAction\":[{\"@type\":\"SearchAction\",\"target\":{\"@type\":\"EntryPoint\",\"urlTemplate\":\"https:\/\/www.suno.com.br\/noticias\/?s={search_term_string}\"},\"query-input\":{\"@type\":\"PropertyValueSpecification\",\"valueRequired\":true,\"valueName\":\"search_term_string\"}}],\"inLanguage\":\"pt-BR\"},{\"@type\":\"Organization\",\"@id\":\"https:\/\/www.suno.com.br\/noticias\/#organization\",\"name\":\"Suno Not\u00edcias\",\"url\":\"https:\/\/www.suno.com.br\/noticias\/\",\"logo\":{\"@type\":\"ImageObject\",\"inLanguage\":\"pt-BR\",\"@id\":\"https:\/\/www.suno.com.br\/noticias\/#\/schema\/logo\/image\/\",\"url\":\"https:\/\/files.sunoresearch.com.br\/n\/uploads\/2021\/09\/suno-logo.png\",\"contentUrl\":\"https:\/\/files.sunoresearch.com.br\/n\/uploads\/2021\/09\/suno-logo.png\",\"width\":180,\"height\":180,\"caption\":\"Suno Not\u00edcias\"},\"image\":{\"@id\":\"https:\/\/www.suno.com.br\/noticias\/#\/schema\/logo\/image\/\"},\"sameAs\":[\"https:\/\/facebook.com\/sunoresearch\",\"https:\/\/x.com\/sunoresearch\",\"https:\/\/www.instagram.com\/suno\",\"https:\/\/www.linkedin.com\/company\/suno-research\/\",\"https:\/\/www.youtube.com\/c\/sunoresearch\"]},{\"@type\":\"Person\",\"@id\":\"https:\/\/www.suno.com.br\/noticias\/#\/schema\/person\/7f4d362bf3518e76090143ae77bb49a5\",\"name\":\"Eduardo Vargas\",\"image\":{\"@type\":\"ImageObject\",\"inLanguage\":\"pt-BR\",\"@id\":\"https:\/\/www.suno.com.br\/noticias\/#\/schema\/person\/image\/\",\"url\":\"https:\/\/secure.gravatar.com\/avatar\/dac340933427a22924c9f99d1eb2e3f2?s=96&r=g\",\"contentUrl\":\"https:\/\/secure.gravatar.com\/avatar\/dac340933427a22924c9f99d1eb2e3f2?s=96&r=g\",\"caption\":\"Eduardo Vargas\"},\"description\":\"Jornalista formado pela UFSC, cobre macroeconomia, neg\u00f3cios e startups para o Suno Not\u00edcias, escrevendo principalmente not\u00edcias sobre o mercado financeiro e a bolsa de valores. No YouTube e no Instagram, \u00e9 respons\u00e1vel pela produ\u00e7\u00e3o de Reels e Shorts do Suno Not\u00edcias. Anteriormente, trabalhou cobrindo economia e cotidiano no ND+ e para o ND, maior jornal impresso de Santa Catarina. Cursou um semestre letivo de Estudos de M\u00eddia na Universidad de Buenos Aires.\",\"url\":\"https:\/\/www.suno.com.br\/noticias\/author\/eduardo-vargas\/\"}]}<\/script>\n<!-- \/ Yoast SEO plugin. -->","yoast_head_json":{"title":"Vale (VALE3): Tiago Reis comenta rumores de 'manipula\u00e7\u00e3o'","description":"Em carta ap\u00f3s ren\u00fancia, Conselheiro da Vale alegou \"nefasta influ\u00eancia pol\u00edtica\" e \"manipula\u00e7\u00e3o\" no processo sucess\u00f3rio de CEO","robots":{"index":"index","follow":"follow","max-snippet":"max-snippet:-1","max-image-preview":"max-image-preview:large","max-video-preview":"max-video-preview:-1"},"canonical":"https:\/\/www.suno.com.br\/noticias\/vale-vale3-tiago-reis-manipulacao-evm\/","og_locale":"pt_BR","og_type":"article","og_title":"Vale (VALE3): Tiago Reis comenta rumores de 'manipula\u00e7\u00e3o'","og_description":"Em carta ap\u00f3s ren\u00fancia, Conselheiro da Vale alegou \"nefasta influ\u00eancia pol\u00edtica\" e \"manipula\u00e7\u00e3o\" no processo sucess\u00f3rio de CEO","og_url":"https:\/\/www.suno.com.br\/noticias\/vale-vale3-tiago-reis-manipulacao-evm\/","og_site_name":"Suno Not\u00edcias","article_publisher":"https:\/\/facebook.com\/sunoresearch","og_image":[{"width":1919,"height":1036,"url":"https:\/\/files.sunoresearch.com.br\/n\/uploads\/2024\/03\/tiago-reis-vale-vale3.jpg","type":"image\/jpeg"}],"author":"Eduardo Vargas","twitter_card":"summary_large_image","twitter_creator":"@sunoresearch","twitter_site":"@sunoresearch","twitter_misc":{"Escrito por":"Eduardo Vargas","Est. tempo de leitura":"3 minutos"},"schema":{"@context":"https:\/\/schema.org","@graph":[{"@type":"NewsArticle","@id":"https:\/\/www.suno.com.br\/noticias\/vale-vale3-tiago-reis-manipulacao-evm\/#article","isPartOf":{"@id":"https:\/\/www.suno.com.br\/noticias\/vale-vale3-tiago-reis-manipulacao-evm\/"},"author":{"name":"Eduardo Vargas","@id":"https:\/\/www.suno.com.br\/noticias\/#\/schema\/person\/7f4d362bf3518e76090143ae77bb49a5"},"headline":"Vale (VALE3): Tiago Reis comenta rumores de &#8216;manipula\u00e7\u00e3o&#8217; na companhia e expectativas de dividendos","datePublished":"2024-03-13T17:43:19+00:00","dateModified":"2024-03-13T18:01:18+00:00","mainEntityOfPage":{"@id":"https:\/\/www.suno.com.br\/noticias\/vale-vale3-tiago-reis-manipulacao-evm\/"},"wordCount":511,"publisher":{"@id":"https:\/\/www.suno.com.br\/noticias\/#organization"},"image":{"@id":"https:\/\/www.suno.com.br\/noticias\/vale-vale3-tiago-reis-manipulacao-evm\/#primaryimage"},"thumbnailUrl":"https:\/\/files.sunoresearch.com.br\/n\/uploads\/2024\/03\/tiago-reis-vale-vale3.jpg","keywords":["dividendos","Especialistas","Tiago Reis","Vale (VALE3)"],"articleSection":["Neg\u00f3cios"],"inLanguage":"pt-BR"},{"@type":"WebPage","@id":"https:\/\/www.suno.com.br\/noticias\/vale-vale3-tiago-reis-manipulacao-evm\/","url":"https:\/\/www.suno.com.br\/noticias\/vale-vale3-tiago-reis-manipulacao-evm\/","name":"Vale (VALE3): Tiago Reis comenta rumores de 'manipula\u00e7\u00e3o'","isPartOf":{"@id":"https:\/\/www.suno.com.br\/noticias\/#website"},"primaryImageOfPage":{"@id":"https:\/\/www.suno.com.br\/noticias\/vale-vale3-tiago-reis-manipulacao-evm\/#primaryimage"},"image":{"@id":"https:\/\/www.suno.com.br\/noticias\/vale-vale3-tiago-reis-manipulacao-evm\/#primaryimage"},"thumbnailUrl":"https:\/\/files.sunoresearch.com.br\/n\/uploads\/2024\/03\/tiago-reis-vale-vale3.jpg","datePublished":"2024-03-13T17:43:19+00:00","dateModified":"2024-03-13T18:01:18+00:00","description":"Em carta ap\u00f3s ren\u00fancia, Conselheiro da Vale alegou \"nefasta influ\u00eancia pol\u00edtica\" e \"manipula\u00e7\u00e3o\" no processo sucess\u00f3rio de CEO","breadcrumb":{"@id":"https:\/\/www.suno.com.br\/noticias\/vale-vale3-tiago-reis-manipulacao-evm\/#breadcrumb"},"inLanguage":"pt-BR","potentialAction":[{"@type":"ReadAction","target":["https:\/\/www.suno.com.br\/noticias\/vale-vale3-tiago-reis-manipulacao-evm\/"]}]},{"@type":"ImageObject","inLanguage":"pt-BR","@id":"https:\/\/www.suno.com.br\/noticias\/vale-vale3-tiago-reis-manipulacao-evm\/#primaryimage","url":"https:\/\/files.sunoresearch.com.br\/n\/uploads\/2024\/03\/tiago-reis-vale-vale3.jpg","contentUrl":"https:\/\/files.sunoresearch.com.br\/n\/uploads\/2024\/03\/tiago-reis-vale-vale3.jpg","width":1919,"height":1036,"caption":"Tiago Reis, fundador da Suno, comenta sobre Vale"},{"@type":"BreadcrumbList","@id":"https:\/\/www.suno.com.br\/noticias\/vale-vale3-tiago-reis-manipulacao-evm\/#breadcrumb","itemListElement":[{"@type":"ListItem","position":1,"name":"Not\u00edcias","item":"https:\/\/www.suno.com.br\/noticias\/"},{"@type":"ListItem","position":2,"name":"Neg\u00f3cios","item":"https:\/\/www.suno.com.br\/noticias\/negocios\/"},{"@type":"ListItem","position":3,"name":"Vale (VALE3): Tiago Reis comenta rumores de &#8216;manipula\u00e7\u00e3o&#8217; na companhia e expectativas de dividendos"}]},{"@type":"WebSite","@id":"https:\/\/www.suno.com.br\/noticias\/#website","url":"https:\/\/www.suno.com.br\/noticias\/","name":"Suno Not\u00edcias","description":"Seu portal de informa\u00e7\u00e3o sobre o mundo dos investimentos","publisher":{"@id":"https:\/\/www.suno.com.br\/noticias\/#organization"},"potentialAction":[{"@type":"SearchAction","target":{"@type":"EntryPoint","urlTemplate":"https:\/\/www.suno.com.br\/noticias\/?s={search_term_string}"},"query-input":{"@type":"PropertyValueSpecification","valueRequired":true,"valueName":"search_term_string"}}],"inLanguage":"pt-BR"},{"@type":"Organization","@id":"https:\/\/www.suno.com.br\/noticias\/#organization","name":"Suno Not\u00edcias","url":"https:\/\/www.suno.com.br\/noticias\/","logo":{"@type":"ImageObject","inLanguage":"pt-BR","@id":"https:\/\/www.suno.com.br\/noticias\/#\/schema\/logo\/image\/","url":"https:\/\/files.sunoresearch.com.br\/n\/uploads\/2021\/09\/suno-logo.png","contentUrl":"https:\/\/files.sunoresearch.com.br\/n\/uploads\/2021\/09\/suno-logo.png","width":180,"height":180,"caption":"Suno Not\u00edcias"},"image":{"@id":"https:\/\/www.suno.com.br\/noticias\/#\/schema\/logo\/image\/"},"sameAs":["https:\/\/facebook.com\/sunoresearch","https:\/\/x.com\/sunoresearch","https:\/\/www.instagram.com\/suno","https:\/\/www.linkedin.com\/company\/suno-research\/","https:\/\/www.youtube.com\/c\/sunoresearch"]},{"@type":"Person","@id":"https:\/\/www.suno.com.br\/noticias\/#\/schema\/person\/7f4d362bf3518e76090143ae77bb49a5","name":"Eduardo Vargas","image":{"@type":"ImageObject","inLanguage":"pt-BR","@id":"https:\/\/www.suno.com.br\/noticias\/#\/schema\/person\/image\/","url":"https:\/\/secure.gravatar.com\/avatar\/dac340933427a22924c9f99d1eb2e3f2?s=96&r=g","contentUrl":"https:\/\/secure.gravatar.com\/avatar\/dac340933427a22924c9f99d1eb2e3f2?s=96&r=g","caption":"Eduardo Vargas"},"description":"Jornalista formado pela UFSC, cobre macroeconomia, neg\u00f3cios e startups para o Suno Not\u00edcias, escrevendo principalmente not\u00edcias sobre o mercado financeiro e a bolsa de valores. No YouTube e no Instagram, \u00e9 respons\u00e1vel pela produ\u00e7\u00e3o de Reels e Shorts do Suno Not\u00edcias. Anteriormente, trabalhou cobrindo economia e cotidiano no ND+ e para o ND, maior jornal impresso de Santa Catarina. Cursou um semestre letivo de Estudos de M\u00eddia na Universidad de Buenos Aires.","url":"https:\/\/www.suno.com.br\/noticias\/author\/eduardo-vargas\/"}]}},"default_loop_html":"<div class=\"cardsPage__listCard__boxs\"><div class=\"cardsPage__listCard__boxs__img\"><a href=\"https:\/\/www.suno.com.br\/noticias\/vale-vale3-tiago-reis-manipulacao-evm\/\"><img class=\"mask\" src=\"https:\/\/www.suno.com.br\/noticias\/wp-content\/themes\/suno\/resources\/images\/spotlight\/spotlight1img\/bg-mask.png\" alt=\"Image Mask\"\/><img src=\"https:\/\/files.sunoresearch.com.br\/n\/uploads\/2024\/03\/tiago-reis-vale-vale3-400x200.jpg\" alt=\"Vale (VALE3): Tiago Reis comenta rumores de &#8216;manipula\u00e7\u00e3o&#8217; na companhia e expectativas de dividendos\"\/><\/a><span class=\"spotlightCategory\"><a href=\"https:\/\/www.suno.com.br\/noticias\/negocios\/\">Neg\u00f3cios<\/a><\/span><\/div><div class=\"cardsPage__listCard__boxs__content\"><a href=\"https:\/\/www.suno.com.br\/noticias\/vale-vale3-tiago-reis-manipulacao-evm\/\"><h2 class=\"content__title\">Vale (VALE3): Tiago Reis comenta rumores de &#8216;manipula\u00e7\u00e3o&#8217; na companhia e expectativas de dividendos<\/h2><\/a><div class=\"newsContent__article__meta\"><div class=\"newsContent__article__meta__authorBox\"><a href=\"https:\/\/www.suno.com.br\/noticias\/author\/eduardo-vargas\/\" class=\"authorBox__avatar noMobi\"><img src=\"https:\/\/secure.gravatar.com\/avatar\/dac340933427a22924c9f99d1eb2e3f2?s=96&#038;r=g\" alt=\"Eduardo Vargas\"><\/a><div class=\"authorBox__name\"><span>por\n\t\t\t<a href=\"https:\/\/www.suno.com.br\/noticias\/author\/eduardo-vargas\/\"><span itemprop=\"author\">Eduardo Vargas<\/span><\/a><\/span><time datetime=\"2024-03-13T14:43:19-03:00\" itemprop=\"datePublished\">13\/03\/2024 14:43<\/time><\/div><\/div><\/div><\/div><\/div>","single_layout":"posts","amp_enabled":true,"_links":{"self":[{"href":"https:\/\/www.suno.com.br\/noticias\/wp-json\/wp\/v2\/posts\/533172"}],"collection":[{"href":"https:\/\/www.suno.com.br\/noticias\/wp-json\/wp\/v2\/posts"}],"about":[{"href":"https:\/\/www.suno.com.br\/noticias\/wp-json\/wp\/v2\/types\/post"}],"author":[{"embeddable":true,"href":"https:\/\/www.suno.com.br\/noticias\/wp-json\/wp\/v2\/users\/73"}],"replies":[{"embeddable":true,"href":"https:\/\/www.suno.com.br\/noticias\/wp-json\/wp\/v2\/comments?post=533172"}],"version-history":[{"count":3,"href":"https:\/\/www.suno.com.br\/noticias\/wp-json\/wp\/v2\/posts\/533172\/revisions"}],"predecessor-version":[{"id":533184,"href":"https:\/\/www.suno.com.br\/noticias\/wp-json\/wp\/v2\/posts\/533172\/revisions\/533184"}],"wp:featuredmedia":[{"embeddable":true,"href":"https:\/\/www.suno.com.br\/noticias\/wp-json\/wp\/v2\/media\/533175"}],"wp:attachment":[{"href":"https:\/\/www.suno.com.br\/noticias\/wp-json\/wp\/v2\/media?parent=533172"}],"wp:term":[{"taxonomy":"category","embeddable":true,"href":"https:\/\/www.suno.com.br\/noticias\/wp-json\/wp\/v2\/categories?post=533172"},{"taxonomy":"post_tag","embeddable":true,"href":"https:\/\/www.suno.com.br\/noticias\/wp-json\/wp\/v2\/tags?post=533172"},{"taxonomy":"suno_strategy","embeddable":true,"href":"https:\/\/www.suno.com.br\/noticias\/wp-json\/wp\/v2\/suno_strategy?post=533172"}],"curies":[{"name":"wp","href":"https:\/\/api.w.org\/{rel}","templated":true}]}}