{"id":532422,"date":"2024-03-12T09:16:47","date_gmt":"2024-03-12T12:16:47","guid":{"rendered":"https:\/\/www.suno.com.br\/noticias\/?p=532422"},"modified":"2024-03-12T10:27:32","modified_gmt":"2024-03-12T13:27:32","slug":"ipca-fevereiro-2024-alta-alimentos-bebidas-cpf","status":"publish","type":"post","link":"https:\/\/www.suno.com.br\/noticias\/ipca-fevereiro-2024-alta-alimentos-bebidas-cpf\/","title":{"rendered":"IPCA sobe 0,83% em fevereiro, acima das proje\u00e7\u00f5es, com alta de alimentos e bebidas"},"content":{"rendered":"<p>O principal term\u00f4metro da infla\u00e7\u00e3o brasileira, o <strong>IPCA <\/strong>de fevereiro apresentou uma alta de 0,83%, superando o consenso da pesquisa Reuters (0,78%).<\/p>\t<div class=\"wrapper-featured-image\">\n\t\t<figure class=\"spotlightImg\">\n\n\t\t\t<picture>\n\t\t\t\t<source media=\"(max-width: 768px)\" srcset=\"https:\/\/files.sunoresearch.com.br\/n\/uploads\/2024\/03\/ipca-inflacao-preco-comidas-e-bebidas-400x200.jpg\">\n\t\t\t\t<img loading=\"lazy\" decoding=\"async\" class=\"newsContent__article__imgCapa lazyloadDisabled \" src=\"https:\/\/files.sunoresearch.com.br\/n\/uploads\/2024\/03\/ipca-inflacao-preco-comidas-e-bebidas-800x450.jpg\" width=\"800\" height=\"450\" alt=\"IPCA sobe 0,83% em fevereiro, acima das proje\u00e7\u00f5es, com alta de alimentos e bebidas\" fetchpriority=high \/>\n\t\t\t<\/picture>\n\n\t\t\t<figcaption class=\"wp-caption-text wp-caption-text--show\">Infla\u00e7\u00e3o - Foto: Unsplash<\/figcaption>\n\t\t<\/figure>\n\t<\/div>\n\n\n\n\n\n\t<p>\n\t\t<a href=\"\" target=\"_blank\" data-element=\"shortcode-suno-banner\" title=\"Banner SUNO, clique e saiba mais\">\n\t\t\t<picture>\n\t\t\t\t<source media=\"(max-width: 500px)\" srcset=\"\">\n\t\t\t\t<img class=\"newsContent__article__imgCapa newsContent__article__imgCapa--banner\"\n\t\t\t\t\tsrc=\"\"\n\t\t\t\t\tdata-promo-id=\"240038\"\t\t\t\t\t\t\t\t\t\t\t\t\t\t\talt=\"\"\n\t\t\t\t>\n\t\t\t<\/picture>\n\t\t<\/a>\n\t<\/p>\n\n\n\n\n\n<p>Segundo a publica\u00e7\u00e3o do Instituto Brasileiro e Geografia e Estat\u00edstica (IBGE), o <strong>resultado do IPCA <\/strong>foi impulsionado em parte pela alta no <strong>pre\u00e7o de alimentos e bebidas<\/strong> (+0,95%). Os produtos sofreram fortes mudan\u00e7as no pre\u00e7o em raz\u00e3o do efeito clim\u00e1tico do <strong>El Ni\u00f1o<\/strong>, que abala a agricultura e a oferta dos itens. <\/p>\n\n\n\n<p>A<strong> infla\u00e7\u00e3o brasileira<\/strong> acumula uma alta de 4,5% em 12 meses e, no ano, de 1,25%.<\/p>\n\n\n\n<h2 class=\"wp-block-heading\">IPCA de fevereiro<\/h2>\n\n\n\n<p>Entre os principais destaques, o setor de Educa\u00e7\u00e3o teve a maior alta, de 4,98% (+0,29 p.p.). O efeito se d\u00e1 pelo momento de in\u00edcio das aulas no ano letivo de 2024, com inscri\u00e7\u00f5es em cursos regulares, escolas e outros tipos de institui\u00e7\u00f5es educacionais. <\/p>\n\n\n\n<p>A seguir, \u00e9 poss\u00edvel comparar o <strong>desempenho do IPCA<\/strong> ao longo dos \u00faltimos meses:<\/p>\n\n\n\n<figure class=\"wp-block-table\"><table><tbody><tr><td>M\u00caS<\/td><td>RESULTADO<\/td><\/tr><tr><td>Mar\u00e7o\/24<\/td><td>0,16%<\/td><\/tr><tr><td><a href=\"https:\/\/suno.com.br\/noticias\/ipca-fevereiro-2024-alta-alimentos-bebidas-cpf\/\" target=\"_blank\" rel=\"noreferrer noopener\">Fevereiro<\/a>\/24<\/td><td>0,83%<\/td><\/tr><tr><td><a href=\"https:\/\/www.suno.com.br\/noticias\/ipca-inflacao-desacelera-janeiro-cpf\/\" target=\"_blank\" rel=\"noreferrer noopener\">Janeiro<\/a>\/2024<\/td><td>0,42%<\/td><\/tr><tr><td><a href=\"https:\/\/www.suno.com.br\/noticias\/ipca-dezembro-inflacao-precos-alimentos-bebidas-cpf\/\" target=\"_blank\" rel=\"noreferrer noopener\">Dezembro<\/a>\/2023<\/td><td>0,56%<\/td><\/tr><tr><td><a href=\"https:\/\/www.suno.com.br\/noticias\/ipca-inflacao-acumulada-novembro-preco-alimentos-cpf\/\" target=\"_blank\" rel=\"noreferrer noopener\">Novembro<\/a>\/23<\/td><td>0,28%<\/td><\/tr><tr><td><a href=\"https:\/\/www.suno.com.br\/noticias\/ipca-outubro-2023-inflacao-cpf\/\" target=\"_blank\" rel=\"noreferrer noopener\">Outubro<\/a>\/23<\/td><td>0,24%<\/td><\/tr><tr><td><a href=\"https:\/\/www.suno.com.br\/noticias\/ipca-setembro-2023-reflete-alta-combustiveis-cpf\/\" target=\"_blank\" rel=\"noreferrer noopener\">Setembro<\/a>\/23<\/td><td>0,26%<\/td><\/tr><tr><td><a href=\"https:\/\/www.suno.com.br\/noticias\/ipca-de-agosto-gpj\/\" target=\"_blank\" rel=\"noreferrer noopener\">Agosto<\/a>\/23<\/td><td>0,23%<\/td><\/tr><tr><td><a href=\"https:\/\/www.suno.com.br\/noticias\/ipca-julho-retorno-inflacao-cpf\/#:~:text=O%20indicador%20registrou%20uma%20queda,de%20%2D0%2C60%25.\" target=\"_blank\" rel=\"noreferrer noopener\">Julho<\/a>\/23<\/td><td>0,12%<\/td><\/tr><tr><td><a href=\"https:\/\/www.suno.com.br\/noticias\/ipca-junho-inflacao-brasil-evm\/\" target=\"_blank\" rel=\"noreferrer noopener\">Junho<\/a>\/23<\/td><td>0,08%<\/td><\/tr><tr><td><a href=\"https:\/\/www.suno.com.br\/noticias\/ipca-inflacao-brasil-maio-ibge-dados\/\" target=\"_blank\" rel=\"noreferrer noopener\">Maio<\/a>\/23<\/td><td>0,23%<\/td><\/tr><tr><td><a href=\"https:\/\/www.suno.com.br\/noticias\/ipca-abril-desacalera-alta\/\" target=\"_blank\" rel=\"noreferrer noopener\">Abril<\/a>\/23<\/td><td>0,61%<\/td><\/tr><tr><td><a href=\"https:\/\/www.suno.com.br\/noticias\/ipca-inflacao-marco-ibge\/\" target=\"_blank\" rel=\"noreferrer noopener\">Mar\u00e7o<\/a>\/23<\/td><td>0,71%<\/td><\/tr><tr><td><a href=\"https:\/\/www.suno.com.br\/noticias\/ipca-inflacao-fevereiro-ibge\/\" target=\"_blank\" rel=\"noreferrer noopener\">Fevereiro<\/a>\/23<\/td><td>0,84%<\/td><\/tr><tr><td><a href=\"https:\/\/www.suno.com.br\/noticias\/ipca-janeiro-inflacao-sobe\/\" target=\"_blank\" rel=\"noreferrer noopener\">Janeiro<\/a>\/23<\/td><td>0,53%<\/td><\/tr><\/tbody><\/table><\/figure>\n\n\n\n\n\t<p>\n\t\t<a href=\"https:\/\/lp.suno.com.br\/ebook-gratuito-investindo-no-exterior\/\" target=\"_blank\" data-element=\"shortcode-suno-banner\" title=\"Banner SUNO, clique e saiba mais\">\n\t\t\t<picture>\n\t\t\t\t<source media=\"(max-width: 500px)\" srcset=\"https:\/\/files.sunoresearch.com.br\/n\/uploads\/2023\/03\/400x300-Investindo-no-exterior.png\">\n\t\t\t\t<img class=\"newsContent__article__imgCapa newsContent__article__imgCapa--banner\"\n\t\t\t\t\tsrc=\"https:\/\/files.sunoresearch.com.br\/n\/uploads\/2023\/03\/1420x240-Investindo-no-exterior.png\"\n\t\t\t\t\tdata-promo-id=\"383161\"\t\t\t\t\t\t\t\t\t\twidth='1420' height='240'\t\t\t\t\talt=\"https:\/\/files.sunoresearch.com.br\/n\/uploads\/2023\/03\/1420x240-Investindo-no-exterior.png\"\n\t\t\t\t>\n\t\t\t<\/picture>\n\t\t<\/a>\n\t<\/p>\n\n\n\n\n\n<h2 class=\"wp-block-heading\">Como o mercado recebeu o IPCA de fevereiro?<\/h2>\n\n\n\n<p>Paulo Gala, economista-chefe do Banco Master, avalia que as maiores altas do per\u00edodo se devem a servi\u00e7os sazonais, como o visto no setor de educa\u00e7\u00e3o, com matr\u00edculas em cursos e escolas e os reajustes de in\u00edcio de ano letivo. <\/p>\n\n\n\n<p>&#8220;No geral, o \u00edndice foi ruim. O resultado de 0,83% representa uma infla\u00e7\u00e3o bastante salgada.&#8221; O especialista destaca que o <strong>pre\u00e7os da educa\u00e7\u00e3o e dos alimentos <\/strong>subiram muito, assim como transportes. &#8220;Tudo isso pesou bastante no IPCA, mas n\u00e3o altera o cen\u00e1rio de corte de mais 0,50 na <strong>taxa Selic <\/strong>na pr\u00f3xima reuni\u00e3o. Possivelmente, muda o cen\u00e1rio de <strong>indica\u00e7\u00e3o futura do Banco Central<\/strong>. O BC deve tirar o guidance de que teremos cortes da mesma magnitude na pr\u00f3xima reuni\u00e3o. <\/p>\n\n\n\n<h3 class=\"wp-block-heading\">Alta na Educa\u00e7\u00e3o, Alimentos e Transportes<\/h3>\n\n\n\n<p>Para Beto Saadia, economista e diretor de investimentos da Nomos, o abalo esperado pelo El Ni\u00f1o \u00e0 produ\u00e7\u00e3o agr\u00edcola no Brasil est\u00e1 cedendo e trazendo menos preocupa\u00e7\u00f5es. &#8220;Uma pista recente disso foi a divulga\u00e7\u00e3o de defla\u00e7\u00e3o do IGP-DI em janeiro e fevereiro&#8221;, observa. <\/p>\n\n\n\n<p>Depois da alta nos <strong>custos com educa\u00e7\u00e3o<\/strong>, o segundo grupo de maior relev\u00e2ncia segundo o economista-chefe da Suno Research, Gustavo Sung, foi o grupo de Alimenta\u00e7\u00e3o e bebidas, que registrou alta de 0,95% e impactou o \u00edndice em 0,20 p.p. <\/p>\n\n\n\n<p>&#8220;Assim como nos meses anteriores, os <strong>pre\u00e7os de alimenta\u00e7\u00e3o no domic\u00edlio<\/strong> foram impactos pelas temperaturas elevadas e maior volume de chuva&#8221;, comentou Sung. <\/p>\n\n\n\n<p>Al\u00e9m disso, o especialista tamb\u00e9m chama aten\u00e7\u00e3o para a varia\u00e7\u00e3o nos pre\u00e7os do Grupo Transportes, que subiu 0,72% no m\u00eas, com impacto de 0,15 p.p. sobre o IPCA. <\/p>\n\n\n\n<p>&#8220;Apesar de passagem \u00e1rea ter registrado uma varia\u00e7\u00e3o de -10,71%, todos os combust\u00edveis tiveram alta: etanol (4,52%), gasolina (2,93%), g\u00e1s veicular (0,22%) e \u00f3leo diesel (0,14%). A alta do ICMS sobre os combust\u00edveis impactou para o crescimento no m\u00eas&#8221;, explica o economista da Suno.<\/p>\n\n\n\n<h2 class=\"wp-block-heading\">Expectativas para a Selic e pr\u00f3ximos passos na infla\u00e7\u00e3o<\/h2>\n\n\n\n<p>O economista-chefe da Ativa Investimentos, \u00c9tore Sanchez, avalia que houve uma &#8220;boa surpresa&#8221; com servi\u00e7os subjacentes, que variaram apenas 0,42%, ante 0,58% estimados pela casa. Adicionalmente, a varia\u00e7\u00e3o da m\u00e9dia dos n\u00facleos subiu apenas +0,49%, ante +0,57% projetados pelos analistas da Ativa.<\/p>\n\n\n\n<p>&#8220;Apesar do headline ter surpreendido o mercado para cima, avaliamos a abertura com positiva para o Brasil, ainda que n\u00e3o seja nenhum game changer para a condu\u00e7\u00e3o da pol\u00edtica monet\u00e1ria&#8221;, comentou Sanchez.<\/p>\n\n\n\n<p>J\u00e1 Gustavo Sung destaca que o principal foco agora \u00e9 a evolu\u00e7\u00e3o de alguns segmentos como n\u00facleos de infla\u00e7\u00e3o, pre\u00e7os de servi\u00e7os e servi\u00e7os subjacentes, visto que algumas m\u00e9tricas est\u00e3o em patamares elevados e merecem cautela. <\/p>\n\n\n\n<blockquote class=\"wp-block-quote is-layout-flow wp-block-quote-is-layout-flow\">\n<p>&#8220;Para a pol\u00edtica monet\u00e1ria, esse dado n\u00e3o deve alterar o plano de voo j\u00e1 anunciado pelo Banco Central, de cortes de 0,5 p.p. nas pr\u00f3ximas reuni\u00f5es, pelo menos para mar\u00e7o e maio,&#8221; afirmou Sung.<\/p>\n\n\n\n<p>Em linha parecida, Andr\u00e9 Fernandes, head de renda vari\u00e1vel da A7 Capital, tamb\u00e9m acredita que existe um ponto positivo, dado que os n\u00facleos analisados no <strong>IPCA <\/strong>seguem em trajet\u00f3ria de queda. <\/p>\n<\/blockquote>\n\n\n\t<p>\n\t\t<a href=\"https:\/\/lp.suno.com.br\/planilha-da-vida-financeira\/\" target=\"_blank\" data-element=\"shortcode-suno-banner\" title=\"Banner SUNO, clique e saiba mais\">\n\t\t\t<picture>\n\t\t\t\t<source media=\"(max-width: 500px)\" srcset=\"https:\/\/files.sunoresearch.com.br\/n\/uploads\/2023\/04\/400x300-Planilha-vida-financeira-true.png\">\n\t\t\t\t<img class=\"newsContent__article__imgCapa newsContent__article__imgCapa--banner\"\n\t\t\t\t\tsrc=\"https:\/\/files.sunoresearch.com.br\/n\/uploads\/2023\/04\/1420x240-Planilha-vida-financeira-true.png\"\n\t\t\t\t\tdata-promo-id=\"383123\"\t\t\t\t\t\t\t\t\t\twidth='1420' height='240'\t\t\t\t\talt=\"https:\/\/files.sunoresearch.com.br\/n\/uploads\/2023\/04\/1420x240-Planilha-vida-financeira-true.png\"\n\t\t\t\t>\n\t\t\t<\/picture>\n\t\t<\/a>\n\t<\/p>\n\n\n","protected":false},"excerpt":{"rendered":"<p>O principal term\u00f4metro da infla\u00e7\u00e3o brasileira, o IPCA de fevereiro apresentou uma alta de 0,83%, superando o consenso da pesquisa Reuters (0,78%). Infla\u00e7\u00e3o &#8211; Foto: Unsplash Segundo a publica\u00e7\u00e3o do Instituto Brasileiro e Geografia e Estat\u00edstica (IBGE), o resultado do IPCA foi impulsionado em parte pela alta no pre\u00e7o de alimentos e bebidas (+0,95%). Os [&hellip;]<\/p>\n","protected":false},"author":283,"featured_media":532424,"comment_status":"closed","ping_status":"closed","sticky":false,"template":"","format":"standard","meta":[],"categories":[62],"tags":[105816,821,850,966],"suno_strategy":[],"class_list":["post-532422","post","type-post","status-publish","format-standard","has-post-thumbnail","hentry","category-economia","tag-especialistas","tag-ibge","tag-inflacao","tag-ipca"],"yoast_head":"<!-- This site is optimized with the Yoast SEO plugin v24.4 - https:\/\/yoast.com\/wordpress\/plugins\/seo\/ -->\n<title>IPCA sobe 0,83% em fevereiro com alta de alimentos e bebidas<\/title>\n<meta name=\"description\" content=\"O principal term\u00f4metro da infla\u00e7\u00e3o brasileira, o IPCA de fevereiro apresentou uma alta de 0,83%, superando o consenso de mercado (0,79%).\" \/>\n<meta name=\"robots\" content=\"index, follow, max-snippet:-1, max-image-preview:large, max-video-preview:-1\" \/>\n<link rel=\"canonical\" href=\"https:\/\/www.suno.com.br\/noticias\/ipca-fevereiro-2024-alta-alimentos-bebidas-cpf\/\" \/>\n<meta property=\"og:locale\" content=\"pt_BR\" \/>\n<meta property=\"og:type\" content=\"article\" \/>\n<meta property=\"og:title\" content=\"IPCA sobe 0,83% em fevereiro com alta de alimentos e bebidas\" \/>\n<meta property=\"og:description\" content=\"O principal term\u00f4metro da infla\u00e7\u00e3o brasileira, o IPCA de fevereiro apresentou uma alta de 0,83%, superando o consenso de mercado (0,79%).\" \/>\n<meta property=\"og:url\" content=\"https:\/\/www.suno.com.br\/noticias\/ipca-fevereiro-2024-alta-alimentos-bebidas-cpf\/\" \/>\n<meta property=\"og:site_name\" content=\"Suno Not\u00edcias\" \/>\n<meta property=\"article:publisher\" content=\"https:\/\/facebook.com\/sunoresearch\" \/>\n<meta property=\"og:image\" content=\"https:\/\/files.sunoresearch.com.br\/n\/uploads\/2024\/03\/ipca-inflacao-preco-comidas-e-bebidas.jpg\" \/>\n\t<meta property=\"og:image:width\" content=\"1920\" \/>\n\t<meta property=\"og:image:height\" content=\"1280\" \/>\n\t<meta property=\"og:image:type\" content=\"image\/jpeg\" \/>\n<meta name=\"author\" content=\"Camila Paim\" \/>\n<meta name=\"twitter:card\" content=\"summary_large_image\" \/>\n<meta name=\"twitter:creator\" content=\"@sunoresearch\" \/>\n<meta name=\"twitter:site\" content=\"@sunoresearch\" \/>\n<meta name=\"twitter:label1\" content=\"Escrito por\" \/>\n\t<meta name=\"twitter:data1\" content=\"Camila Paim\" \/>\n\t<meta name=\"twitter:label2\" content=\"Est. tempo de leitura\" \/>\n\t<meta name=\"twitter:data2\" content=\"4 minutos\" \/>\n<script type=\"application\/ld+json\" class=\"yoast-schema-graph\">{\"@context\":\"https:\/\/schema.org\",\"@graph\":[{\"@type\":\"NewsArticle\",\"@id\":\"https:\/\/www.suno.com.br\/noticias\/ipca-fevereiro-2024-alta-alimentos-bebidas-cpf\/#article\",\"isPartOf\":{\"@id\":\"https:\/\/www.suno.com.br\/noticias\/ipca-fevereiro-2024-alta-alimentos-bebidas-cpf\/\"},\"author\":{\"name\":\"Camila Paim\",\"@id\":\"https:\/\/www.suno.com.br\/noticias\/#\/schema\/person\/f341d3ae5d1cc685176c9a5327cdfdbb\"},\"headline\":\"IPCA sobe 0,83% em fevereiro, acima das proje\u00e7\u00f5es, com alta de alimentos e bebidas\",\"datePublished\":\"2024-03-12T12:16:47+00:00\",\"dateModified\":\"2024-03-12T13:27:32+00:00\",\"mainEntityOfPage\":{\"@id\":\"https:\/\/www.suno.com.br\/noticias\/ipca-fevereiro-2024-alta-alimentos-bebidas-cpf\/\"},\"wordCount\":728,\"publisher\":{\"@id\":\"https:\/\/www.suno.com.br\/noticias\/#organization\"},\"image\":{\"@id\":\"https:\/\/www.suno.com.br\/noticias\/ipca-fevereiro-2024-alta-alimentos-bebidas-cpf\/#primaryimage\"},\"thumbnailUrl\":\"https:\/\/files.sunoresearch.com.br\/n\/uploads\/2024\/03\/ipca-inflacao-preco-comidas-e-bebidas.jpg\",\"keywords\":[\"Especialistas\",\"IBGE\",\"infla\u00e7\u00e3o\",\"IPCA\"],\"articleSection\":[\"Economia\"],\"inLanguage\":\"pt-BR\"},{\"@type\":\"WebPage\",\"@id\":\"https:\/\/www.suno.com.br\/noticias\/ipca-fevereiro-2024-alta-alimentos-bebidas-cpf\/\",\"url\":\"https:\/\/www.suno.com.br\/noticias\/ipca-fevereiro-2024-alta-alimentos-bebidas-cpf\/\",\"name\":\"IPCA sobe 0,83% em fevereiro com alta de alimentos e bebidas\",\"isPartOf\":{\"@id\":\"https:\/\/www.suno.com.br\/noticias\/#website\"},\"primaryImageOfPage\":{\"@id\":\"https:\/\/www.suno.com.br\/noticias\/ipca-fevereiro-2024-alta-alimentos-bebidas-cpf\/#primaryimage\"},\"image\":{\"@id\":\"https:\/\/www.suno.com.br\/noticias\/ipca-fevereiro-2024-alta-alimentos-bebidas-cpf\/#primaryimage\"},\"thumbnailUrl\":\"https:\/\/files.sunoresearch.com.br\/n\/uploads\/2024\/03\/ipca-inflacao-preco-comidas-e-bebidas.jpg\",\"datePublished\":\"2024-03-12T12:16:47+00:00\",\"dateModified\":\"2024-03-12T13:27:32+00:00\",\"description\":\"O principal term\u00f4metro da infla\u00e7\u00e3o brasileira, o IPCA de fevereiro apresentou uma alta de 0,83%, superando o consenso de mercado (0,79%).\",\"breadcrumb\":{\"@id\":\"https:\/\/www.suno.com.br\/noticias\/ipca-fevereiro-2024-alta-alimentos-bebidas-cpf\/#breadcrumb\"},\"inLanguage\":\"pt-BR\",\"potentialAction\":[{\"@type\":\"ReadAction\",\"target\":[\"https:\/\/www.suno.com.br\/noticias\/ipca-fevereiro-2024-alta-alimentos-bebidas-cpf\/\"]}]},{\"@type\":\"ImageObject\",\"inLanguage\":\"pt-BR\",\"@id\":\"https:\/\/www.suno.com.br\/noticias\/ipca-fevereiro-2024-alta-alimentos-bebidas-cpf\/#primaryimage\",\"url\":\"https:\/\/files.sunoresearch.com.br\/n\/uploads\/2024\/03\/ipca-inflacao-preco-comidas-e-bebidas.jpg\",\"contentUrl\":\"https:\/\/files.sunoresearch.com.br\/n\/uploads\/2024\/03\/ipca-inflacao-preco-comidas-e-bebidas.jpg\",\"width\":1920,\"height\":1280,\"caption\":\"Infla\u00e7\u00e3o - Foto: Unsplash\"},{\"@type\":\"BreadcrumbList\",\"@id\":\"https:\/\/www.suno.com.br\/noticias\/ipca-fevereiro-2024-alta-alimentos-bebidas-cpf\/#breadcrumb\",\"itemListElement\":[{\"@type\":\"ListItem\",\"position\":1,\"name\":\"Not\u00edcias\",\"item\":\"https:\/\/www.suno.com.br\/noticias\/\"},{\"@type\":\"ListItem\",\"position\":2,\"name\":\"Economia\",\"item\":\"https:\/\/www.suno.com.br\/noticias\/economia\/\"},{\"@type\":\"ListItem\",\"position\":3,\"name\":\"IPCA sobe 0,83% em fevereiro, acima das proje\u00e7\u00f5es, com alta de alimentos e bebidas\"}]},{\"@type\":\"WebSite\",\"@id\":\"https:\/\/www.suno.com.br\/noticias\/#website\",\"url\":\"https:\/\/www.suno.com.br\/noticias\/\",\"name\":\"Suno Not\u00edcias\",\"description\":\"Seu portal de informa\u00e7\u00e3o sobre o mundo dos investimentos\",\"publisher\":{\"@id\":\"https:\/\/www.suno.com.br\/noticias\/#organization\"},\"potentialAction\":[{\"@type\":\"SearchAction\",\"target\":{\"@type\":\"EntryPoint\",\"urlTemplate\":\"https:\/\/www.suno.com.br\/noticias\/?s={search_term_string}\"},\"query-input\":{\"@type\":\"PropertyValueSpecification\",\"valueRequired\":true,\"valueName\":\"search_term_string\"}}],\"inLanguage\":\"pt-BR\"},{\"@type\":\"Organization\",\"@id\":\"https:\/\/www.suno.com.br\/noticias\/#organization\",\"name\":\"Suno Not\u00edcias\",\"url\":\"https:\/\/www.suno.com.br\/noticias\/\",\"logo\":{\"@type\":\"ImageObject\",\"inLanguage\":\"pt-BR\",\"@id\":\"https:\/\/www.suno.com.br\/noticias\/#\/schema\/logo\/image\/\",\"url\":\"https:\/\/files.sunoresearch.com.br\/n\/uploads\/2021\/09\/suno-logo.png\",\"contentUrl\":\"https:\/\/files.sunoresearch.com.br\/n\/uploads\/2021\/09\/suno-logo.png\",\"width\":180,\"height\":180,\"caption\":\"Suno Not\u00edcias\"},\"image\":{\"@id\":\"https:\/\/www.suno.com.br\/noticias\/#\/schema\/logo\/image\/\"},\"sameAs\":[\"https:\/\/facebook.com\/sunoresearch\",\"https:\/\/x.com\/sunoresearch\",\"https:\/\/www.instagram.com\/suno\",\"https:\/\/www.linkedin.com\/company\/suno-research\/\",\"https:\/\/www.youtube.com\/c\/sunoresearch\"]},{\"@type\":\"Person\",\"@id\":\"https:\/\/www.suno.com.br\/noticias\/#\/schema\/person\/f341d3ae5d1cc685176c9a5327cdfdbb\",\"name\":\"Camila Paim\",\"image\":{\"@type\":\"ImageObject\",\"inLanguage\":\"pt-BR\",\"@id\":\"https:\/\/www.suno.com.br\/noticias\/#\/schema\/person\/image\/\",\"url\":\"https:\/\/secure.gravatar.com\/avatar\/f33728e65febb1aa7ecf6792956f9b20?s=96&r=g\",\"contentUrl\":\"https:\/\/secure.gravatar.com\/avatar\/f33728e65febb1aa7ecf6792956f9b20?s=96&r=g\",\"caption\":\"Camila Paim\"},\"description\":\"Jornalista formada pela USP, tem experi\u00eancia em reda\u00e7\u00f5es, SEO, Branded Content e Webdesign. Com passagem pelo Jornal da USP, Empiricus e C6 Bank, hoje \u00e9 rep\u00f3rter no Suno Not\u00edcias cobrindo macroeconomia, finan\u00e7as pessoais e startups.\",\"url\":\"https:\/\/www.suno.com.br\/noticias\/author\/camila-figueiredosuno-com-br\/\"}]}<\/script>\n<!-- \/ Yoast SEO plugin. -->","yoast_head_json":{"title":"IPCA sobe 0,83% em fevereiro com alta de alimentos e bebidas","description":"O principal term\u00f4metro da infla\u00e7\u00e3o brasileira, o IPCA de fevereiro apresentou uma alta de 0,83%, superando o consenso de mercado (0,79%).","robots":{"index":"index","follow":"follow","max-snippet":"max-snippet:-1","max-image-preview":"max-image-preview:large","max-video-preview":"max-video-preview:-1"},"canonical":"https:\/\/www.suno.com.br\/noticias\/ipca-fevereiro-2024-alta-alimentos-bebidas-cpf\/","og_locale":"pt_BR","og_type":"article","og_title":"IPCA sobe 0,83% em fevereiro com alta de alimentos e bebidas","og_description":"O principal term\u00f4metro da infla\u00e7\u00e3o brasileira, o IPCA de fevereiro apresentou uma alta de 0,83%, superando o consenso de mercado (0,79%).","og_url":"https:\/\/www.suno.com.br\/noticias\/ipca-fevereiro-2024-alta-alimentos-bebidas-cpf\/","og_site_name":"Suno Not\u00edcias","article_publisher":"https:\/\/facebook.com\/sunoresearch","og_image":[{"width":1920,"height":1280,"url":"https:\/\/files.sunoresearch.com.br\/n\/uploads\/2024\/03\/ipca-inflacao-preco-comidas-e-bebidas.jpg","type":"image\/jpeg"}],"author":"Camila Paim","twitter_card":"summary_large_image","twitter_creator":"@sunoresearch","twitter_site":"@sunoresearch","twitter_misc":{"Escrito por":"Camila Paim","Est. tempo de leitura":"4 minutos"},"schema":{"@context":"https:\/\/schema.org","@graph":[{"@type":"NewsArticle","@id":"https:\/\/www.suno.com.br\/noticias\/ipca-fevereiro-2024-alta-alimentos-bebidas-cpf\/#article","isPartOf":{"@id":"https:\/\/www.suno.com.br\/noticias\/ipca-fevereiro-2024-alta-alimentos-bebidas-cpf\/"},"author":{"name":"Camila Paim","@id":"https:\/\/www.suno.com.br\/noticias\/#\/schema\/person\/f341d3ae5d1cc685176c9a5327cdfdbb"},"headline":"IPCA sobe 0,83% em fevereiro, acima das proje\u00e7\u00f5es, com alta de alimentos e bebidas","datePublished":"2024-03-12T12:16:47+00:00","dateModified":"2024-03-12T13:27:32+00:00","mainEntityOfPage":{"@id":"https:\/\/www.suno.com.br\/noticias\/ipca-fevereiro-2024-alta-alimentos-bebidas-cpf\/"},"wordCount":728,"publisher":{"@id":"https:\/\/www.suno.com.br\/noticias\/#organization"},"image":{"@id":"https:\/\/www.suno.com.br\/noticias\/ipca-fevereiro-2024-alta-alimentos-bebidas-cpf\/#primaryimage"},"thumbnailUrl":"https:\/\/files.sunoresearch.com.br\/n\/uploads\/2024\/03\/ipca-inflacao-preco-comidas-e-bebidas.jpg","keywords":["Especialistas","IBGE","infla\u00e7\u00e3o","IPCA"],"articleSection":["Economia"],"inLanguage":"pt-BR"},{"@type":"WebPage","@id":"https:\/\/www.suno.com.br\/noticias\/ipca-fevereiro-2024-alta-alimentos-bebidas-cpf\/","url":"https:\/\/www.suno.com.br\/noticias\/ipca-fevereiro-2024-alta-alimentos-bebidas-cpf\/","name":"IPCA sobe 0,83% em fevereiro com alta de alimentos e bebidas","isPartOf":{"@id":"https:\/\/www.suno.com.br\/noticias\/#website"},"primaryImageOfPage":{"@id":"https:\/\/www.suno.com.br\/noticias\/ipca-fevereiro-2024-alta-alimentos-bebidas-cpf\/#primaryimage"},"image":{"@id":"https:\/\/www.suno.com.br\/noticias\/ipca-fevereiro-2024-alta-alimentos-bebidas-cpf\/#primaryimage"},"thumbnailUrl":"https:\/\/files.sunoresearch.com.br\/n\/uploads\/2024\/03\/ipca-inflacao-preco-comidas-e-bebidas.jpg","datePublished":"2024-03-12T12:16:47+00:00","dateModified":"2024-03-12T13:27:32+00:00","description":"O principal term\u00f4metro da infla\u00e7\u00e3o brasileira, o IPCA de fevereiro apresentou uma alta de 0,83%, superando o consenso de mercado (0,79%).","breadcrumb":{"@id":"https:\/\/www.suno.com.br\/noticias\/ipca-fevereiro-2024-alta-alimentos-bebidas-cpf\/#breadcrumb"},"inLanguage":"pt-BR","potentialAction":[{"@type":"ReadAction","target":["https:\/\/www.suno.com.br\/noticias\/ipca-fevereiro-2024-alta-alimentos-bebidas-cpf\/"]}]},{"@type":"ImageObject","inLanguage":"pt-BR","@id":"https:\/\/www.suno.com.br\/noticias\/ipca-fevereiro-2024-alta-alimentos-bebidas-cpf\/#primaryimage","url":"https:\/\/files.sunoresearch.com.br\/n\/uploads\/2024\/03\/ipca-inflacao-preco-comidas-e-bebidas.jpg","contentUrl":"https:\/\/files.sunoresearch.com.br\/n\/uploads\/2024\/03\/ipca-inflacao-preco-comidas-e-bebidas.jpg","width":1920,"height":1280,"caption":"Infla\u00e7\u00e3o - Foto: Unsplash"},{"@type":"BreadcrumbList","@id":"https:\/\/www.suno.com.br\/noticias\/ipca-fevereiro-2024-alta-alimentos-bebidas-cpf\/#breadcrumb","itemListElement":[{"@type":"ListItem","position":1,"name":"Not\u00edcias","item":"https:\/\/www.suno.com.br\/noticias\/"},{"@type":"ListItem","position":2,"name":"Economia","item":"https:\/\/www.suno.com.br\/noticias\/economia\/"},{"@type":"ListItem","position":3,"name":"IPCA sobe 0,83% em fevereiro, acima das proje\u00e7\u00f5es, com alta de alimentos e bebidas"}]},{"@type":"WebSite","@id":"https:\/\/www.suno.com.br\/noticias\/#website","url":"https:\/\/www.suno.com.br\/noticias\/","name":"Suno Not\u00edcias","description":"Seu portal de informa\u00e7\u00e3o sobre o mundo dos investimentos","publisher":{"@id":"https:\/\/www.suno.com.br\/noticias\/#organization"},"potentialAction":[{"@type":"SearchAction","target":{"@type":"EntryPoint","urlTemplate":"https:\/\/www.suno.com.br\/noticias\/?s={search_term_string}"},"query-input":{"@type":"PropertyValueSpecification","valueRequired":true,"valueName":"search_term_string"}}],"inLanguage":"pt-BR"},{"@type":"Organization","@id":"https:\/\/www.suno.com.br\/noticias\/#organization","name":"Suno Not\u00edcias","url":"https:\/\/www.suno.com.br\/noticias\/","logo":{"@type":"ImageObject","inLanguage":"pt-BR","@id":"https:\/\/www.suno.com.br\/noticias\/#\/schema\/logo\/image\/","url":"https:\/\/files.sunoresearch.com.br\/n\/uploads\/2021\/09\/suno-logo.png","contentUrl":"https:\/\/files.sunoresearch.com.br\/n\/uploads\/2021\/09\/suno-logo.png","width":180,"height":180,"caption":"Suno Not\u00edcias"},"image":{"@id":"https:\/\/www.suno.com.br\/noticias\/#\/schema\/logo\/image\/"},"sameAs":["https:\/\/facebook.com\/sunoresearch","https:\/\/x.com\/sunoresearch","https:\/\/www.instagram.com\/suno","https:\/\/www.linkedin.com\/company\/suno-research\/","https:\/\/www.youtube.com\/c\/sunoresearch"]},{"@type":"Person","@id":"https:\/\/www.suno.com.br\/noticias\/#\/schema\/person\/f341d3ae5d1cc685176c9a5327cdfdbb","name":"Camila Paim","image":{"@type":"ImageObject","inLanguage":"pt-BR","@id":"https:\/\/www.suno.com.br\/noticias\/#\/schema\/person\/image\/","url":"https:\/\/secure.gravatar.com\/avatar\/f33728e65febb1aa7ecf6792956f9b20?s=96&r=g","contentUrl":"https:\/\/secure.gravatar.com\/avatar\/f33728e65febb1aa7ecf6792956f9b20?s=96&r=g","caption":"Camila Paim"},"description":"Jornalista formada pela USP, tem experi\u00eancia em reda\u00e7\u00f5es, SEO, Branded Content e Webdesign. Com passagem pelo Jornal da USP, Empiricus e C6 Bank, hoje \u00e9 rep\u00f3rter no Suno Not\u00edcias cobrindo macroeconomia, finan\u00e7as pessoais e startups.","url":"https:\/\/www.suno.com.br\/noticias\/author\/camila-figueiredosuno-com-br\/"}]}},"default_loop_html":"<div class=\"cardsPage__listCard__boxs\"><div class=\"cardsPage__listCard__boxs__img\"><a href=\"https:\/\/www.suno.com.br\/noticias\/ipca-fevereiro-2024-alta-alimentos-bebidas-cpf\/\"><img class=\"mask\" src=\"https:\/\/www.suno.com.br\/noticias\/wp-content\/themes\/suno\/resources\/images\/spotlight\/spotlight1img\/bg-mask.png\" alt=\"Image Mask\"\/><img src=\"https:\/\/files.sunoresearch.com.br\/n\/uploads\/2024\/03\/ipca-inflacao-preco-comidas-e-bebidas-400x200.jpg\" alt=\"IPCA sobe 0,83% em fevereiro, acima das proje\u00e7\u00f5es, com alta de alimentos e bebidas\"\/><\/a><span class=\"spotlightCategory\"><a href=\"https:\/\/www.suno.com.br\/noticias\/economia\/\">Economia<\/a><\/span><\/div><div class=\"cardsPage__listCard__boxs__content\"><a href=\"https:\/\/www.suno.com.br\/noticias\/ipca-fevereiro-2024-alta-alimentos-bebidas-cpf\/\"><h2 class=\"content__title\">IPCA sobe 0,83% em fevereiro, acima das proje\u00e7\u00f5es, com alta de alimentos e bebidas<\/h2><\/a><div class=\"newsContent__article__meta\"><div class=\"newsContent__article__meta__authorBox\"><a href=\"https:\/\/www.suno.com.br\/noticias\/author\/camila-figueiredosuno-com-br\/\" class=\"authorBox__avatar noMobi\"><img src=\"https:\/\/files.sunoresearch.com.br\/n\/uploads\/2024\/05\/camila-paim-square-150x150.jpg\" alt=\"Camila Paim\"><\/a><div class=\"authorBox__name\"><span>por\n\t\t\t<a href=\"https:\/\/www.suno.com.br\/noticias\/author\/camila-figueiredosuno-com-br\/\"><span itemprop=\"author\">Camila Paim<\/span><\/a><\/span><time datetime=\"2024-03-12T09:16:47-03:00\" itemprop=\"datePublished\">12\/03\/2024 09:16<\/time><\/div><\/div><\/div><\/div><\/div>","single_layout":"posts","amp_enabled":true,"_links":{"self":[{"href":"https:\/\/www.suno.com.br\/noticias\/wp-json\/wp\/v2\/posts\/532422"}],"collection":[{"href":"https:\/\/www.suno.com.br\/noticias\/wp-json\/wp\/v2\/posts"}],"about":[{"href":"https:\/\/www.suno.com.br\/noticias\/wp-json\/wp\/v2\/types\/post"}],"author":[{"embeddable":true,"href":"https:\/\/www.suno.com.br\/noticias\/wp-json\/wp\/v2\/users\/283"}],"replies":[{"embeddable":true,"href":"https:\/\/www.suno.com.br\/noticias\/wp-json\/wp\/v2\/comments?post=532422"}],"version-history":[{"count":3,"href":"https:\/\/www.suno.com.br\/noticias\/wp-json\/wp\/v2\/posts\/532422\/revisions"}],"predecessor-version":[{"id":532494,"href":"https:\/\/www.suno.com.br\/noticias\/wp-json\/wp\/v2\/posts\/532422\/revisions\/532494"}],"wp:featuredmedia":[{"embeddable":true,"href":"https:\/\/www.suno.com.br\/noticias\/wp-json\/wp\/v2\/media\/532424"}],"wp:attachment":[{"href":"https:\/\/www.suno.com.br\/noticias\/wp-json\/wp\/v2\/media?parent=532422"}],"wp:term":[{"taxonomy":"category","embeddable":true,"href":"https:\/\/www.suno.com.br\/noticias\/wp-json\/wp\/v2\/categories?post=532422"},{"taxonomy":"post_tag","embeddable":true,"href":"https:\/\/www.suno.com.br\/noticias\/wp-json\/wp\/v2\/tags?post=532422"},{"taxonomy":"suno_strategy","embeddable":true,"href":"https:\/\/www.suno.com.br\/noticias\/wp-json\/wp\/v2\/suno_strategy?post=532422"}],"curies":[{"name":"wp","href":"https:\/\/api.w.org\/{rel}","templated":true}]}}