{"id":53234,"date":"2020-02-16T17:54:53","date_gmt":"2020-02-16T20:54:53","guid":{"rendered":"https:\/\/www.suno.com.br\/noticias\/?p=53234"},"modified":"2020-02-18T15:27:37","modified_gmt":"2020-02-18T18:27:37","slug":"greve-caminhoneiros-justica-santos","status":"publish","type":"post","link":"https:\/\/www.suno.com.br\/noticias\/greve-caminhoneiros-justica-santos\/","title":{"rendered":"Greve dos caminhoneiros: Justi\u00e7a pro\u00edbe bloqueio do Porto de Santos"},"content":{"rendered":"<p>A <strong>Justi\u00e7a Federal<\/strong> proibiu neste domingo (16) o bloqueio do porto de santos por parte do Sindicato dos Trabalhadores Rodovi\u00e1rios Aut\u00f4nomos (Sindicam). A entidade queria organizar uma <a href=\"https:\/\/www.suno.com.br\/artigos\/o-que-penso-sobre-a-greve-dos-caminhoneiros\/\"><strong>greve dos caminhoneiros<\/strong><\/a> em frente ao principal terminal portu\u00e1rio da Am\u00e9rica Latina por 24 horas nesta segunda (17).<\/p>\t<div class=\"wrapper-featured-image\">\n\t\t<figure class=\"spotlightImg\">\n\n\t\t\t<picture>\n\t\t\t\t<source media=\"(max-width: 768px)\" srcset=\"https:\/\/files.sunoresearch.com.br\/n\/uploads\/2019\/04\/8d1a7df0-bolsonaro-400x200.webp\">\n\t\t\t\t<img loading=\"lazy\" decoding=\"async\" class=\"newsContent__article__imgCapa lazyloadDisabled newsContent__article__imgCapa--noCaption\" src=\"https:\/\/files.sunoresearch.com.br\/n\/uploads\/2019\/04\/8d1a7df0-bolsonaro-800x450.webp\" width=\"800\" height=\"450\" alt=\"Greve dos caminhoneiros: Justi\u00e7a pro\u00edbe bloqueio do Porto de Santos\" fetchpriority=high \/>\n\t\t\t<\/picture>\n\n\t\t\t<figcaption class=\"wp-caption-text wp-caption-text--hide\">Governo anuncia aux\u00edlio para caminhoneiros<\/figcaption>\n\t\t<\/figure>\n\t<\/div>\n\n\n\n<p>Caso a greve dos caminhoneiros ocorra, a liminar da Justi\u00e7a Federal estipula uma multa di\u00e1ria de R$ 200 mil por descumprimento da medida.<\/p>\n<p>O juiz Roberto da Silva Oliveira, em sua decis\u00e3o, proibiu o bloqueio de acessos terrestres e mar\u00edtimos aos terminais, &#8220;incluindo as vias de circula\u00e7\u00e3o interna do porto e perimetrais&#8221; at\u00e9 o dia 21 de fevereiro.<\/p>\n<p><a href=\"\/\/www.suno.com.br\/noticias\/caminhoneiros-fazem-greve-de-24-horas-no-porto-de-santos\/\">Confira Tamb\u00e9m: Caminhoneiros fazem greve de 24 horas no Porto de Santos<\/a><\/p>\n<p>Segundo o juiz, uma eventual greve dos caminhoneiros no porto de Santos poderia inviabilizar ou atrapalhar uma eventual opera\u00e7\u00e3o da Codesp para evitar a prolifera\u00e7\u00e3o do coronav\u00edrus &#8220;com poss\u00edvel cont\u00e1gio de tripulantes em navio que atracou em portos chineses&#8221;.<\/p>\n<p>O navio chin\u00eas Kota Pemimpin deveria chegar ao porto de Santos na segunda. Entretanto, a Ag\u00eancia Nacional de Vigil\u00e2ncia Sanit\u00e1ria (Anvisa) salientou n\u00e3o haver motivo de preocupa\u00e7\u00e3o com o navio, pois n\u00e3o h\u00e1 not\u00edcias de tripulantes infectados pelo coronav\u00edrus.<\/p>\n<p><a href=\"https:\/\/www.suno.com.br\/noticias\/greve-dos-caminhoneiros-paralisacao-pode-comecar\/\">Saiba mais: Greve dos caminhoneiros: paralisa\u00e7\u00e3o pode ter in\u00edcio nesta semana<\/a><\/p>\n<p>Todavia, a ag\u00eancia salientou que &#8220;ir\u00e1 a bordo da embarca\u00e7\u00e3o e far\u00e1, em conjunto com a vigil\u00e2ncia epidemiol\u00f3gica de Santos, a avalia\u00e7\u00e3o cl\u00ednica de todos os tripulantes. Tamb\u00e9m ser\u00e1 feita uma avalia\u00e7\u00e3o sanit\u00e1ria completa da embarca\u00e7\u00e3o&#8221;.<\/p>\n<h2>Sindicato convocou greve dos caminhoneiros<\/h2>\n<p>No \u00faltimo s\u00e1bado (15) foi divulgado nas redes sociais um v\u00eddeo em que um dos l\u00edderes do Sindicam, Alexsandro Viviani, convocava a greve dos caminhoneiros.<\/p>\n\t<p>\n\t\t<a href=\"https:\/\/lp.suno.com.br\/asset\/suno-fundo-infra-estrutura-snid11\/\" target=\"_blank\" data-element=\"shortcode-suno-banner\" title=\"Banner SUNO, clique e saiba mais\">\n\t\t\t<picture>\n\t\t\t\t<source media=\"(max-width: 500px)\" srcset=\"https:\/\/files.sunoresearch.com.br\/n\/uploads\/2024\/01\/400x300-Banner-Home-1-SNID-AO.png\">\n\t\t\t\t<img class=\"newsContent__article__imgCapa newsContent__article__imgCapa--banner\"\n\t\t\t\t\tsrc=\"https:\/\/files.sunoresearch.com.br\/n\/uploads\/2024\/01\/1420x240-Banner-Home-1-SNID-AO.png\"\n\t\t\t\t\tdata-promo-id=\"364419\"\t\t\t\t\t\t\t\t\t\twidth='1420' height='240'\t\t\t\t\talt=\"https:\/\/files.sunoresearch.com.br\/n\/uploads\/2024\/01\/1420x240-Banner-Home-1-SNID-AO.png\"\n\t\t\t\t>\n\t\t\t<\/picture>\n\t\t<\/a>\n\t<\/p>\n\n\n<p>Viviani salientava como o movimento pedia:<\/p>\n<ul>\n<li>a cria\u00e7\u00e3o de um piso m\u00ednimo da tabela de frete;<\/li>\n<li>a retirada do ICMS dos combust\u00edveis;<\/li>\n<li>e o fim daquilo que chamou de &#8220;perda de [postos de] trabalho no porto&#8221; causados pelo Plano de Desenvolvimento e Zoneamento da Codesp;<\/li>\n<\/ul>\n<p>&#8220;Bras\u00edlia tem um projeto que vai tirar 8.000 postos de trabalho no porto de Santos e n\u00f3s n\u00e3o vamos admitir. Vamos fazer essa paralisa\u00e7\u00e3o [&#8230;] para mostrar para o governo federal que n\u00f3s somos unidos e que n\u00e3o vamos permitir a perda de trabalho no porto&#8221;, declarou o l\u00edder sindical convocando a <strong>greve dos caminhoneiros<\/strong>.<\/p>\n\n","protected":false},"excerpt":{"rendered":"<p>A Justi\u00e7a Federal proibiu neste domingo (16) o bloqueio do porto de santos por parte do Sindicato dos Trabalhadores Rodovi\u00e1rios Aut\u00f4nomos (Sindicam). A entidade queria organizar uma greve dos caminhoneiros em frente ao principal terminal portu\u00e1rio da Am\u00e9rica Latina por 24 horas nesta segunda (17). Governo anuncia aux\u00edlio para caminhoneiros Caso a greve dos caminhoneiros [&hellip;]<\/p>\n","protected":false},"author":9,"featured_media":20883,"comment_status":"closed","ping_status":"closed","sticky":false,"template":"","format":"standard","meta":[],"categories":[61],"tags":[833],"suno_strategy":[],"class_list":["post-53234","post","type-post","status-publish","format-standard","has-post-thumbnail","hentry","category-politica","tag-greve-dos-caminhoneiros"],"yoast_head":"<!-- This site is optimized with the Yoast SEO plugin v24.4 - https:\/\/yoast.com\/wordpress\/plugins\/seo\/ -->\n<title>Greve dos caminhoneiros: Justi\u00e7a pro\u00edbe bloqueio do Porto de Santos<\/title>\n<meta name=\"description\" content=\"O sindicato queria organizar uma greve dos caminhoneiros no principal terminal portu\u00e1rio da Am\u00e9rica Latina. Clique aqui e saiba mais.\" \/>\n<meta name=\"robots\" content=\"index, follow, max-snippet:-1, max-image-preview:large, max-video-preview:-1\" \/>\n<link rel=\"canonical\" href=\"https:\/\/www.suno.com.br\/noticias\/greve-caminhoneiros-justica-santos\/\" \/>\n<meta property=\"og:locale\" content=\"pt_BR\" \/>\n<meta property=\"og:type\" content=\"article\" \/>\n<meta property=\"og:title\" content=\"Greve dos caminhoneiros: Justi\u00e7a pro\u00edbe bloqueio do Porto de Santos\" \/>\n<meta property=\"og:description\" content=\"O sindicato queria organizar uma greve dos caminhoneiros no principal terminal portu\u00e1rio da Am\u00e9rica Latina. Clique aqui e saiba mais.\" \/>\n<meta property=\"og:url\" content=\"https:\/\/www.suno.com.br\/noticias\/greve-caminhoneiros-justica-santos\/\" \/>\n<meta property=\"og:site_name\" content=\"Suno Not\u00edcias\" \/>\n<meta property=\"article:publisher\" content=\"https:\/\/facebook.com\/sunoresearch\" \/>\n<meta property=\"og:image\" content=\"https:\/\/files.sunoresearch.com.br\/n\/uploads\/2019\/04\/8d1a7df0-bolsonaro.jpg\" \/>\n\t<meta property=\"og:image:width\" content=\"1140\" \/>\n\t<meta property=\"og:image:height\" content=\"760\" \/>\n\t<meta property=\"og:image:type\" content=\"image\/jpeg\" \/>\n<meta name=\"author\" content=\"Carlo Cauti\" \/>\n<meta name=\"twitter:card\" content=\"summary_large_image\" \/>\n<meta name=\"twitter:creator\" content=\"@sunoresearch\" \/>\n<meta name=\"twitter:site\" content=\"@sunoresearch\" \/>\n<meta name=\"twitter:label1\" content=\"Escrito por\" \/>\n\t<meta name=\"twitter:data1\" content=\"Carlo Cauti\" \/>\n\t<meta name=\"twitter:label2\" content=\"Est. tempo de leitura\" \/>\n\t<meta name=\"twitter:data2\" content=\"2 minutos\" \/>\n<script type=\"application\/ld+json\" class=\"yoast-schema-graph\">{\"@context\":\"https:\/\/schema.org\",\"@graph\":[{\"@type\":\"NewsArticle\",\"@id\":\"https:\/\/www.suno.com.br\/noticias\/greve-caminhoneiros-justica-santos\/#article\",\"isPartOf\":{\"@id\":\"https:\/\/www.suno.com.br\/noticias\/greve-caminhoneiros-justica-santos\/\"},\"author\":{\"name\":\"Carlo Cauti\",\"@id\":\"https:\/\/www.suno.com.br\/noticias\/#\/schema\/person\/e6e0f723cc177805027f4566c1d5e0c8\"},\"headline\":\"Greve dos caminhoneiros: Justi\u00e7a pro\u00edbe bloqueio do Porto de Santos\",\"datePublished\":\"2020-02-16T20:54:53+00:00\",\"dateModified\":\"2020-02-18T18:27:37+00:00\",\"mainEntityOfPage\":{\"@id\":\"https:\/\/www.suno.com.br\/noticias\/greve-caminhoneiros-justica-santos\/\"},\"wordCount\":434,\"publisher\":{\"@id\":\"https:\/\/www.suno.com.br\/noticias\/#organization\"},\"image\":{\"@id\":\"https:\/\/www.suno.com.br\/noticias\/greve-caminhoneiros-justica-santos\/#primaryimage\"},\"thumbnailUrl\":\"https:\/\/files.sunoresearch.com.br\/n\/uploads\/2019\/04\/8d1a7df0-bolsonaro-jpg.webp\",\"keywords\":[\"greve dos caminhoneiros\"],\"articleSection\":[\"Pol\u00edtica\"],\"inLanguage\":\"pt-BR\"},{\"@type\":\"WebPage\",\"@id\":\"https:\/\/www.suno.com.br\/noticias\/greve-caminhoneiros-justica-santos\/\",\"url\":\"https:\/\/www.suno.com.br\/noticias\/greve-caminhoneiros-justica-santos\/\",\"name\":\"Greve dos caminhoneiros: Justi\u00e7a pro\u00edbe bloqueio do Porto de Santos\",\"isPartOf\":{\"@id\":\"https:\/\/www.suno.com.br\/noticias\/#website\"},\"primaryImageOfPage\":{\"@id\":\"https:\/\/www.suno.com.br\/noticias\/greve-caminhoneiros-justica-santos\/#primaryimage\"},\"image\":{\"@id\":\"https:\/\/www.suno.com.br\/noticias\/greve-caminhoneiros-justica-santos\/#primaryimage\"},\"thumbnailUrl\":\"https:\/\/files.sunoresearch.com.br\/n\/uploads\/2019\/04\/8d1a7df0-bolsonaro-jpg.webp\",\"datePublished\":\"2020-02-16T20:54:53+00:00\",\"dateModified\":\"2020-02-18T18:27:37+00:00\",\"description\":\"O sindicato queria organizar uma greve dos caminhoneiros no principal terminal portu\u00e1rio da Am\u00e9rica Latina. Clique aqui e saiba mais.\",\"breadcrumb\":{\"@id\":\"https:\/\/www.suno.com.br\/noticias\/greve-caminhoneiros-justica-santos\/#breadcrumb\"},\"inLanguage\":\"pt-BR\",\"potentialAction\":[{\"@type\":\"ReadAction\",\"target\":[\"https:\/\/www.suno.com.br\/noticias\/greve-caminhoneiros-justica-santos\/\"]}]},{\"@type\":\"ImageObject\",\"inLanguage\":\"pt-BR\",\"@id\":\"https:\/\/www.suno.com.br\/noticias\/greve-caminhoneiros-justica-santos\/#primaryimage\",\"url\":\"https:\/\/files.sunoresearch.com.br\/n\/uploads\/2019\/04\/8d1a7df0-bolsonaro-jpg.webp\",\"contentUrl\":\"https:\/\/files.sunoresearch.com.br\/n\/uploads\/2019\/04\/8d1a7df0-bolsonaro-jpg.webp\",\"width\":1140,\"height\":760,\"caption\":\"Governo anuncia aux\u00edlio para caminhoneiros\"},{\"@type\":\"BreadcrumbList\",\"@id\":\"https:\/\/www.suno.com.br\/noticias\/greve-caminhoneiros-justica-santos\/#breadcrumb\",\"itemListElement\":[{\"@type\":\"ListItem\",\"position\":1,\"name\":\"Not\u00edcias\",\"item\":\"https:\/\/www.suno.com.br\/noticias\/\"},{\"@type\":\"ListItem\",\"position\":2,\"name\":\"Pol\u00edtica\",\"item\":\"https:\/\/www.suno.com.br\/noticias\/politica\/\"},{\"@type\":\"ListItem\",\"position\":3,\"name\":\"Greve dos caminhoneiros: Justi\u00e7a pro\u00edbe bloqueio do Porto de Santos\"}]},{\"@type\":\"WebSite\",\"@id\":\"https:\/\/www.suno.com.br\/noticias\/#website\",\"url\":\"https:\/\/www.suno.com.br\/noticias\/\",\"name\":\"Suno Not\u00edcias\",\"description\":\"Seu portal de informa\u00e7\u00e3o sobre o mundo dos investimentos\",\"publisher\":{\"@id\":\"https:\/\/www.suno.com.br\/noticias\/#organization\"},\"potentialAction\":[{\"@type\":\"SearchAction\",\"target\":{\"@type\":\"EntryPoint\",\"urlTemplate\":\"https:\/\/www.suno.com.br\/noticias\/?s={search_term_string}\"},\"query-input\":{\"@type\":\"PropertyValueSpecification\",\"valueRequired\":true,\"valueName\":\"search_term_string\"}}],\"inLanguage\":\"pt-BR\"},{\"@type\":\"Organization\",\"@id\":\"https:\/\/www.suno.com.br\/noticias\/#organization\",\"name\":\"Suno Not\u00edcias\",\"url\":\"https:\/\/www.suno.com.br\/noticias\/\",\"logo\":{\"@type\":\"ImageObject\",\"inLanguage\":\"pt-BR\",\"@id\":\"https:\/\/www.suno.com.br\/noticias\/#\/schema\/logo\/image\/\",\"url\":\"https:\/\/files.sunoresearch.com.br\/n\/uploads\/2021\/09\/suno-logo.png\",\"contentUrl\":\"https:\/\/files.sunoresearch.com.br\/n\/uploads\/2021\/09\/suno-logo.png\",\"width\":180,\"height\":180,\"caption\":\"Suno Not\u00edcias\"},\"image\":{\"@id\":\"https:\/\/www.suno.com.br\/noticias\/#\/schema\/logo\/image\/\"},\"sameAs\":[\"https:\/\/facebook.com\/sunoresearch\",\"https:\/\/x.com\/sunoresearch\",\"https:\/\/www.instagram.com\/suno\",\"https:\/\/www.linkedin.com\/company\/suno-research\/\",\"https:\/\/www.youtube.com\/c\/sunoresearch\"]},{\"@type\":\"Person\",\"@id\":\"https:\/\/www.suno.com.br\/noticias\/#\/schema\/person\/e6e0f723cc177805027f4566c1d5e0c8\",\"name\":\"Carlo Cauti\",\"image\":{\"@type\":\"ImageObject\",\"inLanguage\":\"pt-BR\",\"@id\":\"https:\/\/www.suno.com.br\/noticias\/#\/schema\/person\/image\/\",\"url\":\"https:\/\/secure.gravatar.com\/avatar\/3ada9e0bd164c23abd4792a9606d583c?s=96&r=g\",\"contentUrl\":\"https:\/\/secure.gravatar.com\/avatar\/3ada9e0bd164c23abd4792a9606d583c?s=96&r=g\",\"caption\":\"Carlo Cauti\"},\"description\":\"Editor multim\u00eddia do SUNO Not\u00edcias. Italiano, formado em Ci\u00eancias Pol\u00edticas pela universidade LUISS G. Carli de Roma e mestre cum laude em Rela\u00e7\u00f5es Internacionais, Jornalismo Internacional e de Guerra e em Economia Internacional. Concluiu tamb\u00e9m um MBA em Finan\u00e7as na B3. No Brasil, teve passagem por ve\u00edculos como Estad\u00e3o, Globo, Veja e EXAME. e nas ag\u00eancias de not\u00edcias italianas ANSA e NOVA.\",\"url\":\"https:\/\/www.suno.com.br\/noticias\/author\/carlo-cauti\/\"}]}<\/script>\n<!-- \/ Yoast SEO plugin. -->","yoast_head_json":{"title":"Greve dos caminhoneiros: Justi\u00e7a pro\u00edbe bloqueio do Porto de Santos","description":"O sindicato queria organizar uma greve dos caminhoneiros no principal terminal portu\u00e1rio da Am\u00e9rica Latina. Clique aqui e saiba mais.","robots":{"index":"index","follow":"follow","max-snippet":"max-snippet:-1","max-image-preview":"max-image-preview:large","max-video-preview":"max-video-preview:-1"},"canonical":"https:\/\/www.suno.com.br\/noticias\/greve-caminhoneiros-justica-santos\/","og_locale":"pt_BR","og_type":"article","og_title":"Greve dos caminhoneiros: Justi\u00e7a pro\u00edbe bloqueio do Porto de Santos","og_description":"O sindicato queria organizar uma greve dos caminhoneiros no principal terminal portu\u00e1rio da Am\u00e9rica Latina. Clique aqui e saiba mais.","og_url":"https:\/\/www.suno.com.br\/noticias\/greve-caminhoneiros-justica-santos\/","og_site_name":"Suno Not\u00edcias","article_publisher":"https:\/\/facebook.com\/sunoresearch","og_image":[{"width":1140,"height":760,"url":"https:\/\/files.sunoresearch.com.br\/n\/uploads\/2019\/04\/8d1a7df0-bolsonaro.jpg","type":"image\/jpeg"}],"author":"Carlo Cauti","twitter_card":"summary_large_image","twitter_creator":"@sunoresearch","twitter_site":"@sunoresearch","twitter_misc":{"Escrito por":"Carlo Cauti","Est. tempo de leitura":"2 minutos"},"schema":{"@context":"https:\/\/schema.org","@graph":[{"@type":"NewsArticle","@id":"https:\/\/www.suno.com.br\/noticias\/greve-caminhoneiros-justica-santos\/#article","isPartOf":{"@id":"https:\/\/www.suno.com.br\/noticias\/greve-caminhoneiros-justica-santos\/"},"author":{"name":"Carlo Cauti","@id":"https:\/\/www.suno.com.br\/noticias\/#\/schema\/person\/e6e0f723cc177805027f4566c1d5e0c8"},"headline":"Greve dos caminhoneiros: Justi\u00e7a pro\u00edbe bloqueio do Porto de Santos","datePublished":"2020-02-16T20:54:53+00:00","dateModified":"2020-02-18T18:27:37+00:00","mainEntityOfPage":{"@id":"https:\/\/www.suno.com.br\/noticias\/greve-caminhoneiros-justica-santos\/"},"wordCount":434,"publisher":{"@id":"https:\/\/www.suno.com.br\/noticias\/#organization"},"image":{"@id":"https:\/\/www.suno.com.br\/noticias\/greve-caminhoneiros-justica-santos\/#primaryimage"},"thumbnailUrl":"https:\/\/files.sunoresearch.com.br\/n\/uploads\/2019\/04\/8d1a7df0-bolsonaro-jpg.webp","keywords":["greve dos caminhoneiros"],"articleSection":["Pol\u00edtica"],"inLanguage":"pt-BR"},{"@type":"WebPage","@id":"https:\/\/www.suno.com.br\/noticias\/greve-caminhoneiros-justica-santos\/","url":"https:\/\/www.suno.com.br\/noticias\/greve-caminhoneiros-justica-santos\/","name":"Greve dos caminhoneiros: Justi\u00e7a pro\u00edbe bloqueio do Porto de Santos","isPartOf":{"@id":"https:\/\/www.suno.com.br\/noticias\/#website"},"primaryImageOfPage":{"@id":"https:\/\/www.suno.com.br\/noticias\/greve-caminhoneiros-justica-santos\/#primaryimage"},"image":{"@id":"https:\/\/www.suno.com.br\/noticias\/greve-caminhoneiros-justica-santos\/#primaryimage"},"thumbnailUrl":"https:\/\/files.sunoresearch.com.br\/n\/uploads\/2019\/04\/8d1a7df0-bolsonaro-jpg.webp","datePublished":"2020-02-16T20:54:53+00:00","dateModified":"2020-02-18T18:27:37+00:00","description":"O sindicato queria organizar uma greve dos caminhoneiros no principal terminal portu\u00e1rio da Am\u00e9rica Latina. Clique aqui e saiba mais.","breadcrumb":{"@id":"https:\/\/www.suno.com.br\/noticias\/greve-caminhoneiros-justica-santos\/#breadcrumb"},"inLanguage":"pt-BR","potentialAction":[{"@type":"ReadAction","target":["https:\/\/www.suno.com.br\/noticias\/greve-caminhoneiros-justica-santos\/"]}]},{"@type":"ImageObject","inLanguage":"pt-BR","@id":"https:\/\/www.suno.com.br\/noticias\/greve-caminhoneiros-justica-santos\/#primaryimage","url":"https:\/\/files.sunoresearch.com.br\/n\/uploads\/2019\/04\/8d1a7df0-bolsonaro-jpg.webp","contentUrl":"https:\/\/files.sunoresearch.com.br\/n\/uploads\/2019\/04\/8d1a7df0-bolsonaro-jpg.webp","width":1140,"height":760,"caption":"Governo anuncia aux\u00edlio para caminhoneiros"},{"@type":"BreadcrumbList","@id":"https:\/\/www.suno.com.br\/noticias\/greve-caminhoneiros-justica-santos\/#breadcrumb","itemListElement":[{"@type":"ListItem","position":1,"name":"Not\u00edcias","item":"https:\/\/www.suno.com.br\/noticias\/"},{"@type":"ListItem","position":2,"name":"Pol\u00edtica","item":"https:\/\/www.suno.com.br\/noticias\/politica\/"},{"@type":"ListItem","position":3,"name":"Greve dos caminhoneiros: Justi\u00e7a pro\u00edbe bloqueio do Porto de Santos"}]},{"@type":"WebSite","@id":"https:\/\/www.suno.com.br\/noticias\/#website","url":"https:\/\/www.suno.com.br\/noticias\/","name":"Suno Not\u00edcias","description":"Seu portal de informa\u00e7\u00e3o sobre o mundo dos investimentos","publisher":{"@id":"https:\/\/www.suno.com.br\/noticias\/#organization"},"potentialAction":[{"@type":"SearchAction","target":{"@type":"EntryPoint","urlTemplate":"https:\/\/www.suno.com.br\/noticias\/?s={search_term_string}"},"query-input":{"@type":"PropertyValueSpecification","valueRequired":true,"valueName":"search_term_string"}}],"inLanguage":"pt-BR"},{"@type":"Organization","@id":"https:\/\/www.suno.com.br\/noticias\/#organization","name":"Suno Not\u00edcias","url":"https:\/\/www.suno.com.br\/noticias\/","logo":{"@type":"ImageObject","inLanguage":"pt-BR","@id":"https:\/\/www.suno.com.br\/noticias\/#\/schema\/logo\/image\/","url":"https:\/\/files.sunoresearch.com.br\/n\/uploads\/2021\/09\/suno-logo.png","contentUrl":"https:\/\/files.sunoresearch.com.br\/n\/uploads\/2021\/09\/suno-logo.png","width":180,"height":180,"caption":"Suno Not\u00edcias"},"image":{"@id":"https:\/\/www.suno.com.br\/noticias\/#\/schema\/logo\/image\/"},"sameAs":["https:\/\/facebook.com\/sunoresearch","https:\/\/x.com\/sunoresearch","https:\/\/www.instagram.com\/suno","https:\/\/www.linkedin.com\/company\/suno-research\/","https:\/\/www.youtube.com\/c\/sunoresearch"]},{"@type":"Person","@id":"https:\/\/www.suno.com.br\/noticias\/#\/schema\/person\/e6e0f723cc177805027f4566c1d5e0c8","name":"Carlo Cauti","image":{"@type":"ImageObject","inLanguage":"pt-BR","@id":"https:\/\/www.suno.com.br\/noticias\/#\/schema\/person\/image\/","url":"https:\/\/secure.gravatar.com\/avatar\/3ada9e0bd164c23abd4792a9606d583c?s=96&r=g","contentUrl":"https:\/\/secure.gravatar.com\/avatar\/3ada9e0bd164c23abd4792a9606d583c?s=96&r=g","caption":"Carlo Cauti"},"description":"Editor multim\u00eddia do SUNO Not\u00edcias. Italiano, formado em Ci\u00eancias Pol\u00edticas pela universidade LUISS G. Carli de Roma e mestre cum laude em Rela\u00e7\u00f5es Internacionais, Jornalismo Internacional e de Guerra e em Economia Internacional. Concluiu tamb\u00e9m um MBA em Finan\u00e7as na B3. No Brasil, teve passagem por ve\u00edculos como Estad\u00e3o, Globo, Veja e EXAME. e nas ag\u00eancias de not\u00edcias italianas ANSA e NOVA.","url":"https:\/\/www.suno.com.br\/noticias\/author\/carlo-cauti\/"}]}},"default_loop_html":"<div class=\"cardsPage__listCard__boxs\"><div class=\"cardsPage__listCard__boxs__img\"><a href=\"https:\/\/www.suno.com.br\/noticias\/greve-caminhoneiros-justica-santos\/\"><img class=\"mask\" src=\"https:\/\/www.suno.com.br\/noticias\/wp-content\/themes\/suno\/resources\/images\/spotlight\/spotlight1img\/bg-mask.png\" alt=\"Image Mask\"\/><img src=\"https:\/\/files.sunoresearch.com.br\/n\/uploads\/2019\/04\/8d1a7df0-bolsonaro-400x200.webp\" alt=\"Greve dos caminhoneiros: Justi\u00e7a pro\u00edbe bloqueio do Porto de Santos\"\/><\/a><span class=\"spotlightCategory\"><a href=\"https:\/\/www.suno.com.br\/noticias\/politica\/\">Pol\u00edtica<\/a><\/span><\/div><div class=\"cardsPage__listCard__boxs__content\"><a href=\"https:\/\/www.suno.com.br\/noticias\/greve-caminhoneiros-justica-santos\/\"><h2 class=\"content__title\">Greve dos caminhoneiros: Justi\u00e7a pro\u00edbe bloqueio do Porto de Santos<\/h2><\/a><div class=\"newsContent__article__meta\"><div class=\"newsContent__article__meta__authorBox\"><a href=\"https:\/\/www.suno.com.br\/noticias\/author\/carlo-cauti\/\" class=\"authorBox__avatar noMobi\"><img src=\"https:\/\/files.sunoresearch.com.br\/n\/uploads\/2020\/08\/e3745f9a-perfil-carlo-cauti-150x150.webp\" alt=\"Carlo Cauti\"><\/a><div class=\"authorBox__name\"><span>por\n\t\t\t<a href=\"https:\/\/www.suno.com.br\/noticias\/author\/carlo-cauti\/\"><span itemprop=\"author\">Carlo Cauti<\/span><\/a><\/span><time datetime=\"2020-02-16T17:54:53-03:00\" itemprop=\"datePublished\">16\/02\/2020 17:54<\/time><\/div><\/div><\/div><\/div><\/div>","single_layout":"posts","amp_enabled":true,"_links":{"self":[{"href":"https:\/\/www.suno.com.br\/noticias\/wp-json\/wp\/v2\/posts\/53234"}],"collection":[{"href":"https:\/\/www.suno.com.br\/noticias\/wp-json\/wp\/v2\/posts"}],"about":[{"href":"https:\/\/www.suno.com.br\/noticias\/wp-json\/wp\/v2\/types\/post"}],"author":[{"embeddable":true,"href":"https:\/\/www.suno.com.br\/noticias\/wp-json\/wp\/v2\/users\/9"}],"replies":[{"embeddable":true,"href":"https:\/\/www.suno.com.br\/noticias\/wp-json\/wp\/v2\/comments?post=53234"}],"version-history":[{"count":0,"href":"https:\/\/www.suno.com.br\/noticias\/wp-json\/wp\/v2\/posts\/53234\/revisions"}],"wp:featuredmedia":[{"embeddable":true,"href":"https:\/\/www.suno.com.br\/noticias\/wp-json\/wp\/v2\/media\/20883"}],"wp:attachment":[{"href":"https:\/\/www.suno.com.br\/noticias\/wp-json\/wp\/v2\/media?parent=53234"}],"wp:term":[{"taxonomy":"category","embeddable":true,"href":"https:\/\/www.suno.com.br\/noticias\/wp-json\/wp\/v2\/categories?post=53234"},{"taxonomy":"post_tag","embeddable":true,"href":"https:\/\/www.suno.com.br\/noticias\/wp-json\/wp\/v2\/tags?post=53234"},{"taxonomy":"suno_strategy","embeddable":true,"href":"https:\/\/www.suno.com.br\/noticias\/wp-json\/wp\/v2\/suno_strategy?post=53234"}],"curies":[{"name":"wp","href":"https:\/\/api.w.org\/{rel}","templated":true}]}}