{"id":53211,"date":"2020-02-15T16:55:43","date_gmt":"2020-02-15T18:55:43","guid":{"rendered":"https:\/\/www.suno.com.br\/noticias\/?p=53211"},"modified":"2020-02-15T16:55:43","modified_gmt":"2020-02-15T18:55:43","slug":"gpa-recebe-aprovacao-novo-mercado","status":"publish","type":"post","link":"https:\/\/www.suno.com.br\/noticias\/gpa-recebe-aprovacao-novo-mercado\/","title":{"rendered":"GPA recebe aprova\u00e7\u00e3o da B3 para operar no Novo Mercado"},"content":{"rendered":"<p>O <strong><a href=\"https:\/\/www.suno.com.br\/acoes\/pcar4\/\">Grupo P\u00e3o de A\u00e7\u00facar (GPA) (PCAR4)<\/a><\/strong> informou, na noite da \u00faltima sexta-feira (14) que recebeu a aprova\u00e7\u00e3o da <a href=\"https:\/\/www.suno.com.br\/artigos\/b3\/\"><strong>Bolsa de Valores de S\u00e3o Paulo (B3)<\/strong><\/a> para operar no Novo Mercado.<\/p>\t<div class=\"wrapper-featured-image\">\n\t\t<figure class=\"spotlightImg\">\n\n\t\t\t<picture>\n\t\t\t\t<source media=\"(max-width: 768px)\" srcset=\"https:\/\/files.sunoresearch.com.br\/n\/uploads\/2019\/06\/ecee5fa6-pao-de-acucar-gpa--400x200.webp\">\n\t\t\t\t<img loading=\"lazy\" decoding=\"async\" class=\"newsContent__article__imgCapa lazyloadDisabled newsContent__article__imgCapa--noCaption\" src=\"https:\/\/files.sunoresearch.com.br\/n\/uploads\/2019\/06\/ecee5fa6-pao-de-acucar-gpa--800x450.webp\" width=\"800\" height=\"450\" alt=\"GPA recebe aprova\u00e7\u00e3o da B3 para operar no Novo Mercado\" fetchpriority=high \/>\n\t\t\t<\/picture>\n\n\t\t\t<figcaption class=\"wp-caption-text wp-caption-text--hide\">A\u00e7\u00e3o PCAR3 desaba mais de 6% nesta sexta (4) Foto: Divulga\u00e7\u00e3o Grupo P\u00e3o de A\u00e7\u00facar<\/figcaption>\n\t\t<\/figure>\n\t<\/div>\n\n\n\n<p>\u201cA migra\u00e7\u00e3o para o <a href=\"https:\/\/www.suno.com.br\/artigos\/novo-mercado\/\"><strong>Novo Mercado<\/strong><\/a> refor\u00e7a o compromisso do GPA com elevados padr\u00f5es de governan\u00e7a corporativa, al\u00e9m de poder permitir ao GPA ampliar sua base de potenciais investidores\u201d, informou a varejista em fato relevante.<\/p>\n<p>O Novo Mercado \u00e9 um segmento da B3 que re\u00fane as a\u00e7\u00f5es das empresas abertas com os melhores n\u00edveis de governan\u00e7a corporativa do mercado. \u00c9 uma listagem onde s\u00e3o negociadas as empresas que adotam, de forma volunt\u00e1ria, pol\u00edticas de governan\u00e7a e disclosure muito acima do que a legisla\u00e7\u00e3o exige.<\/p>\n<p>O Novo Mercado representa um segmento onde est\u00e3o listadas as a\u00e7\u00f5es que oferecem mais transpar\u00eancia e direitos para seus investidores. Por isso, al\u00e9m de outros benef\u00edcios, essas medidas beneficiam a imagem da empresa junto ao mercado.<\/p>\n<h2>GPA registra alta nas vendas em 2019<\/h2>\n<p>A admiss\u00e3o no Novo Mercado chega ap\u00f3s um trimestre positivo para o GPA. O grupo registrou um crescimento de 24% nas vendas brutas do quarto trimestre de 2019 em rela\u00e7\u00e3o ao mesmo per\u00edodo do ano anterior. As vendas somaram R$ 18,9 bilh\u00f5es entre outubro e dezembro.<\/p>\n<p><a href=\"https:\/\/www.suno.com.br\/noticias\/gpa-aumento-24-vendas-brutas-4t19\/\">Saiba mais: GPA apresenta aumento de 24% nas vendas brutas do 4T19<\/a><\/p>\n<p>No Brasil, as <a href=\"https:\/\/www.suno.com.br\/artigos\/o-que-receita-bruta\/\"><strong>vendas brutas<\/strong><\/a> do GPA somaram R$ 16,5 bilh\u00f5es. O montante indica <strong>alta<\/strong> de 8,4% em compara\u00e7\u00e3o ao mesmo per\u00edodo do ano anterior.<\/p>\n<p>A rede de atacarejo <strong>Assa\u00ed<\/strong> protagonizou o crescimento das vendas com alta de 19,7% ante o mesmo per\u00edodo de 2018, chegando a R$ 8,7 bilh\u00f5es de receita bruta. Em contrapartida, as vendas do <strong>multivarejo<\/strong>, que inclui as marcas <strong>Extra<\/strong>, <strong>Compre<\/strong>\u00a0<strong>Bem<\/strong> e P\u00e3o de A\u00e7\u00facar, ca\u00edram 2%, para R$ 7,7 bilh\u00f5es.<\/p>\n<p>Al\u00e9m disso, o <a href=\"https:\/\/www.suno.com.br\/artigos\/opcoes-de-venda\/\">avan\u00e7o das vendas<\/a> inclui as opera\u00e7\u00f5es do <strong>Grupo \u00c9xito<\/strong>, na Col\u00f4mbia. As vendas nesta unidade somaram R$ 2,38 bilh\u00f5es em dezembro. O grupo considerou somente o \u00faltimo m\u00eas do trimestre pois, em novembro, o P\u00e3o de A\u00e7\u00facar adquiriu 96,75% das a\u00e7\u00f5es da varejista colombiana.<\/p>\n<p>As vendas do <strong>com\u00e9rcio eletr\u00f4nico<\/strong> aumentaram mais de 40% com a amplia\u00e7\u00e3o das modalidades de entrega &#8220;Express&#8221; e &#8220;Clique e Retire&#8221;. O crescimento faz com que as vendas online correspondam a cerca de 6% da receita da bandeira P\u00e3o de A\u00e7\u00facar.<\/p>\n\t<p>\n\t\t<a href=\"https:\/\/www.suno.com.br\/asset\/fundos\/suno-acoes-xp-seg-prev\/\" target=\"_blank\" data-element=\"shortcode-suno-banner\" title=\"Banner SUNO, clique e saiba mais\">\n\t\t\t<picture>\n\t\t\t\t<source media=\"(max-width: 500px)\" srcset=\"https:\/\/files.sunoresearch.com.br\/n\/uploads\/2023\/10\/SUNOPREV-400x300-Mobile-Artigos-3.png\">\n\t\t\t\t<img class=\"newsContent__article__imgCapa newsContent__article__imgCapa--banner\"\n\t\t\t\t\tsrc=\"https:\/\/files.sunoresearch.com.br\/n\/uploads\/2023\/10\/SUNOPREV-1420x240-Banner-Artigos-1-_-Banner-Materias-1.png\"\n\t\t\t\t\tdata-promo-id=\"476310\"\t\t\t\t\t\t\t\t\t\twidth='1420' height='240'\t\t\t\t\talt=\"https:\/\/files.sunoresearch.com.br\/n\/uploads\/2023\/10\/SUNOPREV-1420x240-Banner-Artigos-1-_-Banner-Materias-1.png\"\n\t\t\t\t>\n\t\t\t<\/picture>\n\t\t<\/a>\n\t<\/p>\n\n\n<p>Reorganiza\u00e7\u00e3o na Am\u00e9rica Latina<\/p>\n<p>Nas \u00faltimas semanas o GPA tamb\u00e9m levou adiante mudan\u00e7as administrativas para acelerar os processos e <a href=\"https:\/\/www.suno.com.br\/artigos\/sinergias\/\">ganhos de sinergia<\/a> na <strong>Am\u00e9rica Latina<\/strong>. O atual\u00a0CEO do grupo, Peter Paul Estermann, continuar\u00e1 no cargo, no entanto, ser\u00e1 respons\u00e1vel tamb\u00e9m pelas opera\u00e7\u00f5es do grupo em toda a Am\u00e9rica Latina.<\/p>\n<p><a href=\"https:\/\/www.suno.com.br\/noticias\/gpa-mudancas-ganhos-sinergia-america-latina\/\">Saiba mais: GPA far\u00e1 mudan\u00e7as administrativas para ganhos de sinergia na Am\u00e9rica Latina<\/a><\/p>\n<p>Por sua vez, Jorge Fai\u00e7al, atual respons\u00e1vel pelas \u00e1reas comercial e digital do Multivarejo, se tornar\u00e1 respons\u00e1vel por todo o segmento. Fai\u00e7al dever\u00e1 fortalecer a performance operacional, acelerar a transforma\u00e7\u00e3o digital e promover a revis\u00e3o e ajuste do portf\u00f3lio com <a href=\"https:\/\/www.suno.com.br\/artigos\/lucratividade\/\">foco na lucratividade<\/a>.<\/p>\n<p>Segundo Jean Charles Naouri, CEO do<strong> Grupo Casino<\/strong>, que det\u00e9m o <strong>GPA<\/strong>, a nova organiza\u00e7\u00e3o trar\u00e1 melhores resultados econ\u00f4micos. \u201cEssa organiza\u00e7\u00e3o<br \/>\npermitir\u00e1 uma acelera\u00e7\u00e3o dos ganhos de sinergia do grupo, aumentando a expectativa de <a href=\"https:\/\/www.suno.com.br\/artigos\/lucro-economico\/\">ganhos econ\u00f4micos<\/a> com a integra\u00e7\u00e3o das opera\u00e7\u00f5es do Exito\u201d, afirmou Naouri.<\/p>\n\n","protected":false},"excerpt":{"rendered":"<p>O Grupo P\u00e3o de A\u00e7\u00facar (GPA) (PCAR4) informou, na noite da \u00faltima sexta-feira (14) que recebeu a aprova\u00e7\u00e3o da Bolsa de Valores de S\u00e3o Paulo (B3) para operar no Novo Mercado. A\u00e7\u00e3o PCAR3 desaba mais de 6% nesta sexta (4) Foto: Divulga\u00e7\u00e3o Grupo P\u00e3o de A\u00e7\u00facar \u201cA migra\u00e7\u00e3o para o Novo Mercado refor\u00e7a o compromisso [&hellip;]<\/p>\n","protected":false},"author":9,"featured_media":29342,"comment_status":"closed","ping_status":"closed","sticky":false,"template":"","format":"standard","meta":[],"categories":[64],"tags":[367,1964,2615],"suno_strategy":[],"class_list":["post-53211","post","type-post","status-publish","format-standard","has-post-thumbnail","hentry","category-negocios","tag-b3-b3sa3","tag-grupo-pao-de-acucar-pcar3-pcar4","tag-novo-mercado"],"yoast_head":"<!-- This site is optimized with the Yoast SEO plugin v24.4 - https:\/\/yoast.com\/wordpress\/plugins\/seo\/ -->\n<title>GPA recebe aprova\u00e7\u00e3o da B3 para operar no Novo Mercado<\/title>\n<meta name=\"description\" content=\"O Grupo P\u00e3o de A\u00e7\u00facar (GPA) foi aprovado pela Bolsa de Valores de SP (B3) para operar no segmento Novo Mercado. Clique aqui e saiba mais.\" \/>\n<meta name=\"robots\" content=\"index, follow, max-snippet:-1, max-image-preview:large, max-video-preview:-1\" \/>\n<link rel=\"canonical\" href=\"https:\/\/www.suno.com.br\/noticias\/gpa-recebe-aprovacao-novo-mercado\/\" \/>\n<meta property=\"og:locale\" content=\"pt_BR\" \/>\n<meta property=\"og:type\" content=\"article\" \/>\n<meta property=\"og:title\" content=\"GPA recebe aprova\u00e7\u00e3o da B3 para operar no Novo Mercado\" \/>\n<meta property=\"og:description\" content=\"O Grupo P\u00e3o de A\u00e7\u00facar (GPA) foi aprovado pela Bolsa de Valores de SP (B3) para operar no segmento Novo Mercado. Clique aqui e saiba mais.\" \/>\n<meta property=\"og:url\" content=\"https:\/\/www.suno.com.br\/noticias\/gpa-recebe-aprovacao-novo-mercado\/\" \/>\n<meta property=\"og:site_name\" content=\"Suno Not\u00edcias\" \/>\n<meta property=\"article:publisher\" content=\"https:\/\/facebook.com\/sunoresearch\" \/>\n<meta property=\"og:image\" content=\"https:\/\/files.sunoresearch.com.br\/n\/uploads\/2019\/06\/ecee5fa6-pao-de-acucar-gpa-.jpg\" \/>\n\t<meta property=\"og:image:width\" content=\"1600\" \/>\n\t<meta property=\"og:image:height\" content=\"1067\" \/>\n\t<meta property=\"og:image:type\" content=\"image\/jpeg\" \/>\n<meta name=\"author\" content=\"Carlo Cauti\" \/>\n<meta name=\"twitter:card\" content=\"summary_large_image\" \/>\n<meta name=\"twitter:creator\" content=\"@sunoresearch\" \/>\n<meta name=\"twitter:site\" content=\"@sunoresearch\" \/>\n<meta name=\"twitter:label1\" content=\"Escrito por\" \/>\n\t<meta name=\"twitter:data1\" content=\"Carlo Cauti\" \/>\n\t<meta name=\"twitter:label2\" content=\"Est. tempo de leitura\" \/>\n\t<meta name=\"twitter:data2\" content=\"3 minutos\" \/>\n<script type=\"application\/ld+json\" class=\"yoast-schema-graph\">{\"@context\":\"https:\/\/schema.org\",\"@graph\":[{\"@type\":\"NewsArticle\",\"@id\":\"https:\/\/www.suno.com.br\/noticias\/gpa-recebe-aprovacao-novo-mercado\/#article\",\"isPartOf\":{\"@id\":\"https:\/\/www.suno.com.br\/noticias\/gpa-recebe-aprovacao-novo-mercado\/\"},\"author\":{\"name\":\"Carlo Cauti\",\"@id\":\"https:\/\/www.suno.com.br\/noticias\/#\/schema\/person\/e6e0f723cc177805027f4566c1d5e0c8\"},\"headline\":\"GPA recebe aprova\u00e7\u00e3o da B3 para operar no Novo Mercado\",\"datePublished\":\"2020-02-15T18:55:43+00:00\",\"mainEntityOfPage\":{\"@id\":\"https:\/\/www.suno.com.br\/noticias\/gpa-recebe-aprovacao-novo-mercado\/\"},\"wordCount\":611,\"publisher\":{\"@id\":\"https:\/\/www.suno.com.br\/noticias\/#organization\"},\"image\":{\"@id\":\"https:\/\/www.suno.com.br\/noticias\/gpa-recebe-aprovacao-novo-mercado\/#primaryimage\"},\"thumbnailUrl\":\"https:\/\/files.sunoresearch.com.br\/n\/uploads\/2019\/06\/ecee5fa6-pao-de-acucar-gpa-.jpg\",\"keywords\":[\"B3 (B3SA3)\",\"Grupo P\u00e3o de A\u00e7\u00facar (PCAR3\/PCAR4)\",\"Novo Mercado\"],\"articleSection\":[\"Neg\u00f3cios\"],\"inLanguage\":\"pt-BR\"},{\"@type\":\"WebPage\",\"@id\":\"https:\/\/www.suno.com.br\/noticias\/gpa-recebe-aprovacao-novo-mercado\/\",\"url\":\"https:\/\/www.suno.com.br\/noticias\/gpa-recebe-aprovacao-novo-mercado\/\",\"name\":\"GPA recebe aprova\u00e7\u00e3o da B3 para operar no Novo Mercado\",\"isPartOf\":{\"@id\":\"https:\/\/www.suno.com.br\/noticias\/#website\"},\"primaryImageOfPage\":{\"@id\":\"https:\/\/www.suno.com.br\/noticias\/gpa-recebe-aprovacao-novo-mercado\/#primaryimage\"},\"image\":{\"@id\":\"https:\/\/www.suno.com.br\/noticias\/gpa-recebe-aprovacao-novo-mercado\/#primaryimage\"},\"thumbnailUrl\":\"https:\/\/files.sunoresearch.com.br\/n\/uploads\/2019\/06\/ecee5fa6-pao-de-acucar-gpa-.jpg\",\"datePublished\":\"2020-02-15T18:55:43+00:00\",\"description\":\"O Grupo P\u00e3o de A\u00e7\u00facar (GPA) foi aprovado pela Bolsa de Valores de SP (B3) para operar no segmento Novo Mercado. Clique aqui e saiba mais.\",\"breadcrumb\":{\"@id\":\"https:\/\/www.suno.com.br\/noticias\/gpa-recebe-aprovacao-novo-mercado\/#breadcrumb\"},\"inLanguage\":\"pt-BR\",\"potentialAction\":[{\"@type\":\"ReadAction\",\"target\":[\"https:\/\/www.suno.com.br\/noticias\/gpa-recebe-aprovacao-novo-mercado\/\"]}]},{\"@type\":\"ImageObject\",\"inLanguage\":\"pt-BR\",\"@id\":\"https:\/\/www.suno.com.br\/noticias\/gpa-recebe-aprovacao-novo-mercado\/#primaryimage\",\"url\":\"https:\/\/files.sunoresearch.com.br\/n\/uploads\/2019\/06\/ecee5fa6-pao-de-acucar-gpa-.jpg\",\"contentUrl\":\"https:\/\/files.sunoresearch.com.br\/n\/uploads\/2019\/06\/ecee5fa6-pao-de-acucar-gpa-.jpg\",\"width\":1600,\"height\":1067,\"caption\":\"A\u00e7\u00e3o PCAR3 desaba mais de 6% nesta sexta (4) Foto: Divulga\u00e7\u00e3o Grupo P\u00e3o de A\u00e7\u00facar\"},{\"@type\":\"BreadcrumbList\",\"@id\":\"https:\/\/www.suno.com.br\/noticias\/gpa-recebe-aprovacao-novo-mercado\/#breadcrumb\",\"itemListElement\":[{\"@type\":\"ListItem\",\"position\":1,\"name\":\"Not\u00edcias\",\"item\":\"https:\/\/www.suno.com.br\/noticias\/\"},{\"@type\":\"ListItem\",\"position\":2,\"name\":\"Neg\u00f3cios\",\"item\":\"https:\/\/www.suno.com.br\/noticias\/negocios\/\"},{\"@type\":\"ListItem\",\"position\":3,\"name\":\"GPA recebe aprova\u00e7\u00e3o da B3 para operar no Novo Mercado\"}]},{\"@type\":\"WebSite\",\"@id\":\"https:\/\/www.suno.com.br\/noticias\/#website\",\"url\":\"https:\/\/www.suno.com.br\/noticias\/\",\"name\":\"Suno Not\u00edcias\",\"description\":\"Seu portal de informa\u00e7\u00e3o sobre o mundo dos investimentos\",\"publisher\":{\"@id\":\"https:\/\/www.suno.com.br\/noticias\/#organization\"},\"potentialAction\":[{\"@type\":\"SearchAction\",\"target\":{\"@type\":\"EntryPoint\",\"urlTemplate\":\"https:\/\/www.suno.com.br\/noticias\/?s={search_term_string}\"},\"query-input\":{\"@type\":\"PropertyValueSpecification\",\"valueRequired\":true,\"valueName\":\"search_term_string\"}}],\"inLanguage\":\"pt-BR\"},{\"@type\":\"Organization\",\"@id\":\"https:\/\/www.suno.com.br\/noticias\/#organization\",\"name\":\"Suno Not\u00edcias\",\"url\":\"https:\/\/www.suno.com.br\/noticias\/\",\"logo\":{\"@type\":\"ImageObject\",\"inLanguage\":\"pt-BR\",\"@id\":\"https:\/\/www.suno.com.br\/noticias\/#\/schema\/logo\/image\/\",\"url\":\"https:\/\/files.sunoresearch.com.br\/n\/uploads\/2021\/09\/suno-logo.png\",\"contentUrl\":\"https:\/\/files.sunoresearch.com.br\/n\/uploads\/2021\/09\/suno-logo.png\",\"width\":180,\"height\":180,\"caption\":\"Suno Not\u00edcias\"},\"image\":{\"@id\":\"https:\/\/www.suno.com.br\/noticias\/#\/schema\/logo\/image\/\"},\"sameAs\":[\"https:\/\/facebook.com\/sunoresearch\",\"https:\/\/x.com\/sunoresearch\",\"https:\/\/www.instagram.com\/suno\",\"https:\/\/www.linkedin.com\/company\/suno-research\/\",\"https:\/\/www.youtube.com\/c\/sunoresearch\"]},{\"@type\":\"Person\",\"@id\":\"https:\/\/www.suno.com.br\/noticias\/#\/schema\/person\/e6e0f723cc177805027f4566c1d5e0c8\",\"name\":\"Carlo Cauti\",\"image\":{\"@type\":\"ImageObject\",\"inLanguage\":\"pt-BR\",\"@id\":\"https:\/\/www.suno.com.br\/noticias\/#\/schema\/person\/image\/\",\"url\":\"https:\/\/secure.gravatar.com\/avatar\/3ada9e0bd164c23abd4792a9606d583c?s=96&r=g\",\"contentUrl\":\"https:\/\/secure.gravatar.com\/avatar\/3ada9e0bd164c23abd4792a9606d583c?s=96&r=g\",\"caption\":\"Carlo Cauti\"},\"description\":\"Editor multim\u00eddia do SUNO Not\u00edcias. Italiano, formado em Ci\u00eancias Pol\u00edticas pela universidade LUISS G. Carli de Roma e mestre cum laude em Rela\u00e7\u00f5es Internacionais, Jornalismo Internacional e de Guerra e em Economia Internacional. Concluiu tamb\u00e9m um MBA em Finan\u00e7as na B3. No Brasil, teve passagem por ve\u00edculos como Estad\u00e3o, Globo, Veja e EXAME. e nas ag\u00eancias de not\u00edcias italianas ANSA e NOVA.\",\"url\":\"https:\/\/www.suno.com.br\/noticias\/author\/carlo-cauti\/\"}]}<\/script>\n<!-- \/ Yoast SEO plugin. -->","yoast_head_json":{"title":"GPA recebe aprova\u00e7\u00e3o da B3 para operar no Novo Mercado","description":"O Grupo P\u00e3o de A\u00e7\u00facar (GPA) foi aprovado pela Bolsa de Valores de SP (B3) para operar no segmento Novo Mercado. Clique aqui e saiba mais.","robots":{"index":"index","follow":"follow","max-snippet":"max-snippet:-1","max-image-preview":"max-image-preview:large","max-video-preview":"max-video-preview:-1"},"canonical":"https:\/\/www.suno.com.br\/noticias\/gpa-recebe-aprovacao-novo-mercado\/","og_locale":"pt_BR","og_type":"article","og_title":"GPA recebe aprova\u00e7\u00e3o da B3 para operar no Novo Mercado","og_description":"O Grupo P\u00e3o de A\u00e7\u00facar (GPA) foi aprovado pela Bolsa de Valores de SP (B3) para operar no segmento Novo Mercado. Clique aqui e saiba mais.","og_url":"https:\/\/www.suno.com.br\/noticias\/gpa-recebe-aprovacao-novo-mercado\/","og_site_name":"Suno Not\u00edcias","article_publisher":"https:\/\/facebook.com\/sunoresearch","og_image":[{"width":1600,"height":1067,"url":"https:\/\/files.sunoresearch.com.br\/n\/uploads\/2019\/06\/ecee5fa6-pao-de-acucar-gpa-.jpg","type":"image\/jpeg"}],"author":"Carlo Cauti","twitter_card":"summary_large_image","twitter_creator":"@sunoresearch","twitter_site":"@sunoresearch","twitter_misc":{"Escrito por":"Carlo Cauti","Est. tempo de leitura":"3 minutos"},"schema":{"@context":"https:\/\/schema.org","@graph":[{"@type":"NewsArticle","@id":"https:\/\/www.suno.com.br\/noticias\/gpa-recebe-aprovacao-novo-mercado\/#article","isPartOf":{"@id":"https:\/\/www.suno.com.br\/noticias\/gpa-recebe-aprovacao-novo-mercado\/"},"author":{"name":"Carlo Cauti","@id":"https:\/\/www.suno.com.br\/noticias\/#\/schema\/person\/e6e0f723cc177805027f4566c1d5e0c8"},"headline":"GPA recebe aprova\u00e7\u00e3o da B3 para operar no Novo Mercado","datePublished":"2020-02-15T18:55:43+00:00","mainEntityOfPage":{"@id":"https:\/\/www.suno.com.br\/noticias\/gpa-recebe-aprovacao-novo-mercado\/"},"wordCount":611,"publisher":{"@id":"https:\/\/www.suno.com.br\/noticias\/#organization"},"image":{"@id":"https:\/\/www.suno.com.br\/noticias\/gpa-recebe-aprovacao-novo-mercado\/#primaryimage"},"thumbnailUrl":"https:\/\/files.sunoresearch.com.br\/n\/uploads\/2019\/06\/ecee5fa6-pao-de-acucar-gpa-.jpg","keywords":["B3 (B3SA3)","Grupo P\u00e3o de A\u00e7\u00facar (PCAR3\/PCAR4)","Novo Mercado"],"articleSection":["Neg\u00f3cios"],"inLanguage":"pt-BR"},{"@type":"WebPage","@id":"https:\/\/www.suno.com.br\/noticias\/gpa-recebe-aprovacao-novo-mercado\/","url":"https:\/\/www.suno.com.br\/noticias\/gpa-recebe-aprovacao-novo-mercado\/","name":"GPA recebe aprova\u00e7\u00e3o da B3 para operar no Novo Mercado","isPartOf":{"@id":"https:\/\/www.suno.com.br\/noticias\/#website"},"primaryImageOfPage":{"@id":"https:\/\/www.suno.com.br\/noticias\/gpa-recebe-aprovacao-novo-mercado\/#primaryimage"},"image":{"@id":"https:\/\/www.suno.com.br\/noticias\/gpa-recebe-aprovacao-novo-mercado\/#primaryimage"},"thumbnailUrl":"https:\/\/files.sunoresearch.com.br\/n\/uploads\/2019\/06\/ecee5fa6-pao-de-acucar-gpa-.jpg","datePublished":"2020-02-15T18:55:43+00:00","description":"O Grupo P\u00e3o de A\u00e7\u00facar (GPA) foi aprovado pela Bolsa de Valores de SP (B3) para operar no segmento Novo Mercado. Clique aqui e saiba mais.","breadcrumb":{"@id":"https:\/\/www.suno.com.br\/noticias\/gpa-recebe-aprovacao-novo-mercado\/#breadcrumb"},"inLanguage":"pt-BR","potentialAction":[{"@type":"ReadAction","target":["https:\/\/www.suno.com.br\/noticias\/gpa-recebe-aprovacao-novo-mercado\/"]}]},{"@type":"ImageObject","inLanguage":"pt-BR","@id":"https:\/\/www.suno.com.br\/noticias\/gpa-recebe-aprovacao-novo-mercado\/#primaryimage","url":"https:\/\/files.sunoresearch.com.br\/n\/uploads\/2019\/06\/ecee5fa6-pao-de-acucar-gpa-.jpg","contentUrl":"https:\/\/files.sunoresearch.com.br\/n\/uploads\/2019\/06\/ecee5fa6-pao-de-acucar-gpa-.jpg","width":1600,"height":1067,"caption":"A\u00e7\u00e3o PCAR3 desaba mais de 6% nesta sexta (4) Foto: Divulga\u00e7\u00e3o Grupo P\u00e3o de A\u00e7\u00facar"},{"@type":"BreadcrumbList","@id":"https:\/\/www.suno.com.br\/noticias\/gpa-recebe-aprovacao-novo-mercado\/#breadcrumb","itemListElement":[{"@type":"ListItem","position":1,"name":"Not\u00edcias","item":"https:\/\/www.suno.com.br\/noticias\/"},{"@type":"ListItem","position":2,"name":"Neg\u00f3cios","item":"https:\/\/www.suno.com.br\/noticias\/negocios\/"},{"@type":"ListItem","position":3,"name":"GPA recebe aprova\u00e7\u00e3o da B3 para operar no Novo Mercado"}]},{"@type":"WebSite","@id":"https:\/\/www.suno.com.br\/noticias\/#website","url":"https:\/\/www.suno.com.br\/noticias\/","name":"Suno Not\u00edcias","description":"Seu portal de informa\u00e7\u00e3o sobre o mundo dos investimentos","publisher":{"@id":"https:\/\/www.suno.com.br\/noticias\/#organization"},"potentialAction":[{"@type":"SearchAction","target":{"@type":"EntryPoint","urlTemplate":"https:\/\/www.suno.com.br\/noticias\/?s={search_term_string}"},"query-input":{"@type":"PropertyValueSpecification","valueRequired":true,"valueName":"search_term_string"}}],"inLanguage":"pt-BR"},{"@type":"Organization","@id":"https:\/\/www.suno.com.br\/noticias\/#organization","name":"Suno Not\u00edcias","url":"https:\/\/www.suno.com.br\/noticias\/","logo":{"@type":"ImageObject","inLanguage":"pt-BR","@id":"https:\/\/www.suno.com.br\/noticias\/#\/schema\/logo\/image\/","url":"https:\/\/files.sunoresearch.com.br\/n\/uploads\/2021\/09\/suno-logo.png","contentUrl":"https:\/\/files.sunoresearch.com.br\/n\/uploads\/2021\/09\/suno-logo.png","width":180,"height":180,"caption":"Suno Not\u00edcias"},"image":{"@id":"https:\/\/www.suno.com.br\/noticias\/#\/schema\/logo\/image\/"},"sameAs":["https:\/\/facebook.com\/sunoresearch","https:\/\/x.com\/sunoresearch","https:\/\/www.instagram.com\/suno","https:\/\/www.linkedin.com\/company\/suno-research\/","https:\/\/www.youtube.com\/c\/sunoresearch"]},{"@type":"Person","@id":"https:\/\/www.suno.com.br\/noticias\/#\/schema\/person\/e6e0f723cc177805027f4566c1d5e0c8","name":"Carlo Cauti","image":{"@type":"ImageObject","inLanguage":"pt-BR","@id":"https:\/\/www.suno.com.br\/noticias\/#\/schema\/person\/image\/","url":"https:\/\/secure.gravatar.com\/avatar\/3ada9e0bd164c23abd4792a9606d583c?s=96&r=g","contentUrl":"https:\/\/secure.gravatar.com\/avatar\/3ada9e0bd164c23abd4792a9606d583c?s=96&r=g","caption":"Carlo Cauti"},"description":"Editor multim\u00eddia do SUNO Not\u00edcias. Italiano, formado em Ci\u00eancias Pol\u00edticas pela universidade LUISS G. Carli de Roma e mestre cum laude em Rela\u00e7\u00f5es Internacionais, Jornalismo Internacional e de Guerra e em Economia Internacional. Concluiu tamb\u00e9m um MBA em Finan\u00e7as na B3. No Brasil, teve passagem por ve\u00edculos como Estad\u00e3o, Globo, Veja e EXAME. e nas ag\u00eancias de not\u00edcias italianas ANSA e NOVA.","url":"https:\/\/www.suno.com.br\/noticias\/author\/carlo-cauti\/"}]}},"default_loop_html":"<div class=\"cardsPage__listCard__boxs\"><div class=\"cardsPage__listCard__boxs__img\"><a href=\"https:\/\/www.suno.com.br\/noticias\/gpa-recebe-aprovacao-novo-mercado\/\"><img class=\"mask\" src=\"https:\/\/www.suno.com.br\/noticias\/wp-content\/themes\/suno\/resources\/images\/spotlight\/spotlight1img\/bg-mask.png\" alt=\"Image Mask\"\/><img src=\"https:\/\/files.sunoresearch.com.br\/n\/uploads\/2019\/06\/ecee5fa6-pao-de-acucar-gpa--400x200.webp\" alt=\"GPA recebe aprova\u00e7\u00e3o da B3 para operar no Novo Mercado\"\/><\/a><span class=\"spotlightCategory\"><a href=\"https:\/\/www.suno.com.br\/noticias\/negocios\/\">Neg\u00f3cios<\/a><\/span><\/div><div class=\"cardsPage__listCard__boxs__content\"><a href=\"https:\/\/www.suno.com.br\/noticias\/gpa-recebe-aprovacao-novo-mercado\/\"><h2 class=\"content__title\">GPA recebe aprova\u00e7\u00e3o da B3 para operar no Novo Mercado<\/h2><\/a><div class=\"newsContent__article__meta\"><div class=\"newsContent__article__meta__authorBox\"><a href=\"https:\/\/www.suno.com.br\/noticias\/author\/carlo-cauti\/\" class=\"authorBox__avatar noMobi\"><img src=\"https:\/\/files.sunoresearch.com.br\/n\/uploads\/2020\/08\/e3745f9a-perfil-carlo-cauti-150x150.webp\" alt=\"Carlo Cauti\"><\/a><div class=\"authorBox__name\"><span>por\n\t\t\t<a href=\"https:\/\/www.suno.com.br\/noticias\/author\/carlo-cauti\/\"><span itemprop=\"author\">Carlo Cauti<\/span><\/a><\/span><time datetime=\"2020-02-15T16:55:43-03:00\" itemprop=\"datePublished\">15\/02\/2020 16:55<\/time><\/div><\/div><\/div><\/div><\/div>","single_layout":"posts","amp_enabled":true,"_links":{"self":[{"href":"https:\/\/www.suno.com.br\/noticias\/wp-json\/wp\/v2\/posts\/53211"}],"collection":[{"href":"https:\/\/www.suno.com.br\/noticias\/wp-json\/wp\/v2\/posts"}],"about":[{"href":"https:\/\/www.suno.com.br\/noticias\/wp-json\/wp\/v2\/types\/post"}],"author":[{"embeddable":true,"href":"https:\/\/www.suno.com.br\/noticias\/wp-json\/wp\/v2\/users\/9"}],"replies":[{"embeddable":true,"href":"https:\/\/www.suno.com.br\/noticias\/wp-json\/wp\/v2\/comments?post=53211"}],"version-history":[{"count":0,"href":"https:\/\/www.suno.com.br\/noticias\/wp-json\/wp\/v2\/posts\/53211\/revisions"}],"wp:featuredmedia":[{"embeddable":true,"href":"https:\/\/www.suno.com.br\/noticias\/wp-json\/wp\/v2\/media\/29342"}],"wp:attachment":[{"href":"https:\/\/www.suno.com.br\/noticias\/wp-json\/wp\/v2\/media?parent=53211"}],"wp:term":[{"taxonomy":"category","embeddable":true,"href":"https:\/\/www.suno.com.br\/noticias\/wp-json\/wp\/v2\/categories?post=53211"},{"taxonomy":"post_tag","embeddable":true,"href":"https:\/\/www.suno.com.br\/noticias\/wp-json\/wp\/v2\/tags?post=53211"},{"taxonomy":"suno_strategy","embeddable":true,"href":"https:\/\/www.suno.com.br\/noticias\/wp-json\/wp\/v2\/suno_strategy?post=53211"}],"curies":[{"name":"wp","href":"https:\/\/api.w.org\/{rel}","templated":true}]}}