{"id":53201,"date":"2020-02-15T11:56:48","date_gmt":"2020-02-15T13:56:48","guid":{"rendered":"https:\/\/www.suno.com.br\/noticias\/?p=53201"},"modified":"2021-06-13T23:38:56","modified_gmt":"2021-06-14T02:38:56","slug":"guerra-comercial-eua-china-tarifas-metade","status":"publish","type":"post","link":"https:\/\/www.suno.com.br\/noticias\/guerra-comercial-eua-china-tarifas-metade\/","title":{"rendered":"Guerra comercial: EUA e China reduzem pela metade as tarifas"},"content":{"rendered":"<p>Os <strong>Estados Unidos<\/strong> e a <strong>China<\/strong> reduziram na \u00faltima sexta-feira (14) as tarifas alfandeg\u00e1rias pela metade. Esse foi um primeiro passo para evitar uma <a href=\"https:\/\/www.suno.com.br\/artigos\/a-guerra-comercial\/\"><strong>guerra comercial<\/strong><\/a> entre as duas principais economias do planeta.<\/p>\t<div class=\"wrapper-featured-image\">\n\t\t<figure class=\"spotlightImg\">\n\n\t\t\t<picture>\n\t\t\t\t<source media=\"(max-width: 768px)\" srcset=\"https:\/\/files.sunoresearch.com.br\/n\/uploads\/2019\/08\/f934f304-guerra-400x200.webp\">\n\t\t\t\t<img loading=\"lazy\" decoding=\"async\" class=\"newsContent__article__imgCapa lazyloadDisabled newsContent__article__imgCapa--noCaption\" src=\"https:\/\/files.sunoresearch.com.br\/n\/uploads\/2019\/08\/f934f304-guerra-jpg.webp\" width=\"800\" height=\"450\" alt=\"Guerra comercial: EUA e China reduzem pela metade as tarifas\" fetchpriority=high \/>\n\t\t\t<\/picture>\n\n\t\t\t<figcaption class=\"wp-caption-text wp-caption-text--hide\">china<\/figcaption>\n\t\t<\/figure>\n\t<\/div>\n\n\n\n<p>Os <strong>EUA<\/strong> cortaram as tarifas sobre US$ 120 bilh\u00f5es em mercadorias chinesas de 15% para 7,5%. Por sua vez, a <strong>China<\/strong> cortou de 10% para 5% e de 5% a 2,5% as tarifas aplicadas como retalia\u00e7\u00e3o na guerra comercial sobre alguns bens americanos, pelo valor total de US$ 75 bilh\u00f5es.<\/p>\n<p>Essa decis\u00e3o de Washington e Pequim foi parte da &#8220;primeira fase&#8221; do acordo comercial assinado em janeiro entre os dois governos.<\/p>\n<h2>Desescalada da guerra comercial<\/h2>\n<p>As <a href=\"https:\/\/www.suno.com.br\/artigos\/acordo-geral-tarifas-comercio-gatt\/\"><strong>tarifas<\/strong><\/a> cortadas pelos Estados Unidos atingiam 3.200 mercadorias, incluindo eletr\u00f4nico e roupas, e tinham entrado em vigor em setembro passado.\u00a0Todavia, o governo americano manteve as tarifas de 25% sobre outros US$ 250 bilh\u00f5es de mercadorias chinesas.<\/p>\n<p><a href=\"https:\/\/www.suno.com.br\/noticias\/guerra-comercial-acordo-aliviara-incertezas-globais-fmi\/\">Saiba mais: Guerra comercial: Acordo aliviar\u00e1 incertezas globais, diz FMI<\/a><\/p>\n<p>Por sua vez, a China reduziu os impostos alfandeg\u00e1rios sobre cerca de 1.700 mercadorias importadas pelos EUA, como \u00f3leo de soja e produtos qu\u00edmicos, entre outras.<\/p>\n<p>Outro sinal em dire\u00e7\u00e3o de uma desescalada da guerra comercial \u00e9 a decis\u00e3o da China de aumentar\u00a0as importa\u00e7\u00f5es de servi\u00e7os e bens industriais dos EUA em US$ 200 bilh\u00f5es nos pr\u00f3ximos dois anos.<\/p>\n<p>Esse objetivo estabelece um salto de 70% em rela\u00e7\u00e3o ao recorde de 2017, ano em que as importa\u00e7\u00f5es de bens e servi\u00e7os americanos chegaram ao montante de US$ 186 bilh\u00f5es.<\/p>\n<p><a href=\"https:\/\/www.suno.com.br\/noticias\/guerra-comercial-sera-avaliada-uniao-europeia\/\">Saiba mais: Acordo na guerra comercial ser\u00e1 avaliado pela Uni\u00e3o Europeia, diz comiss\u00e1rio<\/a><\/p>\n<p>Outro ponto inclu\u00eddo nas negocia\u00e7\u00f5es para evitar a guerra comercial foi o fortalecimento da prote\u00e7\u00e3o dos direitos de propriedade intelectual por parte de Pequim. Al\u00e9m disso, a China dever\u00e1 abrir para empresas dos EUA seu mercado de servi\u00e7os financeiros.<\/p>\n<h2>Coronav\u00edrus gera temores comerciais<\/h2>\n<p>Todavia, a epidemia de coronav\u00edrus est\u00e1 gerando preocupa\u00e7\u00f5es sobre a situa\u00e7\u00e3o econ\u00f4mica da China. Cadeias de suprimentos foram interrompidas, e o governo dos EUA est\u00e1 atento as evolu\u00e7\u00f5es do cont\u00e1gio. At\u00e9 mesmo sobre uma poss\u00edvel retra\u00e7\u00e3o do <a href=\"https:\/\/www.suno.com.br\/artigos\/pib-produto-interno-bruto\/\"><strong>Produto Interno Bruto (PIB)<\/strong><\/a> chin\u00eas.<\/p>\n\t<p>\n\t\t<a href=\"https:\/\/lp.suno.com.br\/ebook-como-analisar-uma-acao\/\" target=\"_blank\" data-element=\"shortcode-suno-banner\" title=\"Banner SUNO, clique e saiba mais\">\n\t\t\t<picture>\n\t\t\t\t<source media=\"(max-width: 500px)\" srcset=\"https:\/\/files.sunoresearch.com.br\/n\/uploads\/2023\/12\/Ebook-Acoes-Mobile.jpg\">\n\t\t\t\t<img class=\"newsContent__article__imgCapa newsContent__article__imgCapa--banner\"\n\t\t\t\t\tsrc=\"https:\/\/files.sunoresearch.com.br\/n\/uploads\/2023\/12\/Ebook-Acoes-Mobile.jpg\"\n\t\t\t\t\tdata-promo-id=\"101750\"\t\t\t\t\t\t\t\t\t\twidth='400' height='300'\t\t\t\t\talt=\"https:\/\/files.sunoresearch.com.br\/n\/uploads\/2023\/12\/Ebook-Acoes-Mobile.jpg\"\n\t\t\t\t>\n\t\t\t<\/picture>\n\t\t<\/a>\n\t<\/p>\n\n\n<p>O secret\u00e1rio do Tesouro dos EUA, Steven Mnuchin, declarou essa semana ao Comit\u00ea de Finan\u00e7as do Senado americano que a implementa\u00e7\u00e3o da primeira fase do acordo para evitar a <strong>guerra comercial<\/strong> com a China foi afetada pelo coronav\u00edrus. &#8220;Obviamente, nosso maior foco \u00e9 a implementa\u00e7\u00e3o da fase um. Por\u00e9m, at\u00e9 certo ponto, a velocidade com que isso ir\u00e1 acontecer diminuiu devido ao v\u00edrus&#8221;, explicou Mnuchin aos senadores.<\/p>\n","protected":false},"excerpt":{"rendered":"<p>Os Estados Unidos e a China reduziram na \u00faltima sexta-feira (14) as tarifas alfandeg\u00e1rias pela metade. Esse foi um primeiro passo para evitar uma guerra comercial entre as duas principais economias do planeta. china Os EUA cortaram as tarifas sobre US$ 120 bilh\u00f5es em mercadorias chinesas de 15% para 7,5%. Por sua vez, a China [&hellip;]<\/p>\n","protected":false},"author":9,"featured_media":33152,"comment_status":"closed","ping_status":"closed","sticky":false,"template":"","format":"standard","meta":[],"categories":[63],"tags":[711,793,980],"suno_strategy":[],"class_list":["post-53201","post","type-post","status-publish","format-standard","has-post-thumbnail","hentry","category-internacional","tag-china","tag-estados-unidos-eua","tag-guerra-comercial"],"yoast_head":"<!-- This site is optimized with the Yoast SEO plugin v24.4 - https:\/\/yoast.com\/wordpress\/plugins\/seo\/ -->\n<title>Guerra comercial: EUA e China reduzem pela metade as tarifas<\/title>\n<meta name=\"description\" content=\"A decis\u00e3o de Washington e Pequim foi tomada na fase um do acordo para evitar uma escalada da guerra comercial. Clique aqui e saiba mais.\" \/>\n<meta name=\"robots\" content=\"index, follow, max-snippet:-1, max-image-preview:large, max-video-preview:-1\" \/>\n<link rel=\"canonical\" href=\"https:\/\/www.suno.com.br\/noticias\/guerra-comercial-eua-china-tarifas-metade\/\" \/>\n<meta property=\"og:locale\" content=\"pt_BR\" \/>\n<meta property=\"og:type\" content=\"article\" \/>\n<meta property=\"og:title\" content=\"Guerra comercial: EUA e China reduzem pela metade as tarifas\" \/>\n<meta property=\"og:description\" content=\"A decis\u00e3o de Washington e Pequim foi tomada na fase um do acordo para evitar uma escalada da guerra comercial. Clique aqui e saiba mais.\" \/>\n<meta property=\"og:url\" content=\"https:\/\/www.suno.com.br\/noticias\/guerra-comercial-eua-china-tarifas-metade\/\" \/>\n<meta property=\"og:site_name\" content=\"Suno Not\u00edcias\" \/>\n<meta property=\"article:publisher\" content=\"https:\/\/facebook.com\/sunoresearch\" \/>\n<meta property=\"og:image\" content=\"https:\/\/files.sunoresearch.com.br\/n\/uploads\/2019\/08\/f934f304-guerra.jpg\" \/>\n\t<meta property=\"og:image:width\" content=\"700\" \/>\n\t<meta property=\"og:image:height\" content=\"426\" \/>\n\t<meta property=\"og:image:type\" content=\"image\/jpeg\" \/>\n<meta name=\"author\" content=\"Carlo Cauti\" \/>\n<meta name=\"twitter:card\" content=\"summary_large_image\" \/>\n<meta name=\"twitter:creator\" content=\"@sunoresearch\" \/>\n<meta name=\"twitter:site\" content=\"@sunoresearch\" \/>\n<meta name=\"twitter:label1\" content=\"Escrito por\" \/>\n\t<meta name=\"twitter:data1\" content=\"Carlo Cauti\" \/>\n\t<meta name=\"twitter:label2\" content=\"Est. tempo de leitura\" \/>\n\t<meta name=\"twitter:data2\" content=\"2 minutos\" \/>\n<script type=\"application\/ld+json\" class=\"yoast-schema-graph\">{\"@context\":\"https:\/\/schema.org\",\"@graph\":[{\"@type\":\"NewsArticle\",\"@id\":\"https:\/\/www.suno.com.br\/noticias\/guerra-comercial-eua-china-tarifas-metade\/#article\",\"isPartOf\":{\"@id\":\"https:\/\/www.suno.com.br\/noticias\/guerra-comercial-eua-china-tarifas-metade\/\"},\"author\":{\"name\":\"Carlo Cauti\",\"@id\":\"https:\/\/www.suno.com.br\/noticias\/#\/schema\/person\/e6e0f723cc177805027f4566c1d5e0c8\"},\"headline\":\"Guerra comercial: EUA e China reduzem pela metade as tarifas\",\"datePublished\":\"2020-02-15T13:56:48+00:00\",\"dateModified\":\"2021-06-14T02:38:56+00:00\",\"mainEntityOfPage\":{\"@id\":\"https:\/\/www.suno.com.br\/noticias\/guerra-comercial-eua-china-tarifas-metade\/\"},\"wordCount\":450,\"publisher\":{\"@id\":\"https:\/\/www.suno.com.br\/noticias\/#organization\"},\"image\":{\"@id\":\"https:\/\/www.suno.com.br\/noticias\/guerra-comercial-eua-china-tarifas-metade\/#primaryimage\"},\"thumbnailUrl\":\"https:\/\/files.sunoresearch.com.br\/n\/uploads\/2019\/08\/f934f304-guerra-jpg.webp\",\"keywords\":[\"China\",\"Estados Unidos (EUA)\",\"guerra comercial\"],\"articleSection\":[\"Internacional\"],\"inLanguage\":\"pt-BR\"},{\"@type\":\"WebPage\",\"@id\":\"https:\/\/www.suno.com.br\/noticias\/guerra-comercial-eua-china-tarifas-metade\/\",\"url\":\"https:\/\/www.suno.com.br\/noticias\/guerra-comercial-eua-china-tarifas-metade\/\",\"name\":\"Guerra comercial: EUA e China reduzem pela metade as tarifas\",\"isPartOf\":{\"@id\":\"https:\/\/www.suno.com.br\/noticias\/#website\"},\"primaryImageOfPage\":{\"@id\":\"https:\/\/www.suno.com.br\/noticias\/guerra-comercial-eua-china-tarifas-metade\/#primaryimage\"},\"image\":{\"@id\":\"https:\/\/www.suno.com.br\/noticias\/guerra-comercial-eua-china-tarifas-metade\/#primaryimage\"},\"thumbnailUrl\":\"https:\/\/files.sunoresearch.com.br\/n\/uploads\/2019\/08\/f934f304-guerra-jpg.webp\",\"datePublished\":\"2020-02-15T13:56:48+00:00\",\"dateModified\":\"2021-06-14T02:38:56+00:00\",\"description\":\"A decis\u00e3o de Washington e Pequim foi tomada na fase um do acordo para evitar uma escalada da guerra comercial. Clique aqui e saiba mais.\",\"breadcrumb\":{\"@id\":\"https:\/\/www.suno.com.br\/noticias\/guerra-comercial-eua-china-tarifas-metade\/#breadcrumb\"},\"inLanguage\":\"pt-BR\",\"potentialAction\":[{\"@type\":\"ReadAction\",\"target\":[\"https:\/\/www.suno.com.br\/noticias\/guerra-comercial-eua-china-tarifas-metade\/\"]}]},{\"@type\":\"ImageObject\",\"inLanguage\":\"pt-BR\",\"@id\":\"https:\/\/www.suno.com.br\/noticias\/guerra-comercial-eua-china-tarifas-metade\/#primaryimage\",\"url\":\"https:\/\/files.sunoresearch.com.br\/n\/uploads\/2019\/08\/f934f304-guerra-jpg.webp\",\"contentUrl\":\"https:\/\/files.sunoresearch.com.br\/n\/uploads\/2019\/08\/f934f304-guerra-jpg.webp\",\"width\":700,\"height\":426,\"caption\":\"china\"},{\"@type\":\"BreadcrumbList\",\"@id\":\"https:\/\/www.suno.com.br\/noticias\/guerra-comercial-eua-china-tarifas-metade\/#breadcrumb\",\"itemListElement\":[{\"@type\":\"ListItem\",\"position\":1,\"name\":\"Not\u00edcias\",\"item\":\"https:\/\/www.suno.com.br\/noticias\/\"},{\"@type\":\"ListItem\",\"position\":2,\"name\":\"Internacional\",\"item\":\"https:\/\/www.suno.com.br\/noticias\/internacional\/\"},{\"@type\":\"ListItem\",\"position\":3,\"name\":\"Guerra comercial: EUA e China reduzem pela metade as tarifas\"}]},{\"@type\":\"WebSite\",\"@id\":\"https:\/\/www.suno.com.br\/noticias\/#website\",\"url\":\"https:\/\/www.suno.com.br\/noticias\/\",\"name\":\"Suno Not\u00edcias\",\"description\":\"Seu portal de informa\u00e7\u00e3o sobre o mundo dos investimentos\",\"publisher\":{\"@id\":\"https:\/\/www.suno.com.br\/noticias\/#organization\"},\"potentialAction\":[{\"@type\":\"SearchAction\",\"target\":{\"@type\":\"EntryPoint\",\"urlTemplate\":\"https:\/\/www.suno.com.br\/noticias\/?s={search_term_string}\"},\"query-input\":{\"@type\":\"PropertyValueSpecification\",\"valueRequired\":true,\"valueName\":\"search_term_string\"}}],\"inLanguage\":\"pt-BR\"},{\"@type\":\"Organization\",\"@id\":\"https:\/\/www.suno.com.br\/noticias\/#organization\",\"name\":\"Suno Not\u00edcias\",\"url\":\"https:\/\/www.suno.com.br\/noticias\/\",\"logo\":{\"@type\":\"ImageObject\",\"inLanguage\":\"pt-BR\",\"@id\":\"https:\/\/www.suno.com.br\/noticias\/#\/schema\/logo\/image\/\",\"url\":\"https:\/\/files.sunoresearch.com.br\/n\/uploads\/2021\/09\/suno-logo.png\",\"contentUrl\":\"https:\/\/files.sunoresearch.com.br\/n\/uploads\/2021\/09\/suno-logo.png\",\"width\":180,\"height\":180,\"caption\":\"Suno Not\u00edcias\"},\"image\":{\"@id\":\"https:\/\/www.suno.com.br\/noticias\/#\/schema\/logo\/image\/\"},\"sameAs\":[\"https:\/\/facebook.com\/sunoresearch\",\"https:\/\/x.com\/sunoresearch\",\"https:\/\/www.instagram.com\/suno\",\"https:\/\/www.linkedin.com\/company\/suno-research\/\",\"https:\/\/www.youtube.com\/c\/sunoresearch\"]},{\"@type\":\"Person\",\"@id\":\"https:\/\/www.suno.com.br\/noticias\/#\/schema\/person\/e6e0f723cc177805027f4566c1d5e0c8\",\"name\":\"Carlo Cauti\",\"image\":{\"@type\":\"ImageObject\",\"inLanguage\":\"pt-BR\",\"@id\":\"https:\/\/www.suno.com.br\/noticias\/#\/schema\/person\/image\/\",\"url\":\"https:\/\/secure.gravatar.com\/avatar\/3ada9e0bd164c23abd4792a9606d583c?s=96&r=g\",\"contentUrl\":\"https:\/\/secure.gravatar.com\/avatar\/3ada9e0bd164c23abd4792a9606d583c?s=96&r=g\",\"caption\":\"Carlo Cauti\"},\"description\":\"Editor multim\u00eddia do SUNO Not\u00edcias. Italiano, formado em Ci\u00eancias Pol\u00edticas pela universidade LUISS G. Carli de Roma e mestre cum laude em Rela\u00e7\u00f5es Internacionais, Jornalismo Internacional e de Guerra e em Economia Internacional. Concluiu tamb\u00e9m um MBA em Finan\u00e7as na B3. No Brasil, teve passagem por ve\u00edculos como Estad\u00e3o, Globo, Veja e EXAME. e nas ag\u00eancias de not\u00edcias italianas ANSA e NOVA.\",\"url\":\"https:\/\/www.suno.com.br\/noticias\/author\/carlo-cauti\/\"}]}<\/script>\n<!-- \/ Yoast SEO plugin. -->","yoast_head_json":{"title":"Guerra comercial: EUA e China reduzem pela metade as tarifas","description":"A decis\u00e3o de Washington e Pequim foi tomada na fase um do acordo para evitar uma escalada da guerra comercial. Clique aqui e saiba mais.","robots":{"index":"index","follow":"follow","max-snippet":"max-snippet:-1","max-image-preview":"max-image-preview:large","max-video-preview":"max-video-preview:-1"},"canonical":"https:\/\/www.suno.com.br\/noticias\/guerra-comercial-eua-china-tarifas-metade\/","og_locale":"pt_BR","og_type":"article","og_title":"Guerra comercial: EUA e China reduzem pela metade as tarifas","og_description":"A decis\u00e3o de Washington e Pequim foi tomada na fase um do acordo para evitar uma escalada da guerra comercial. Clique aqui e saiba mais.","og_url":"https:\/\/www.suno.com.br\/noticias\/guerra-comercial-eua-china-tarifas-metade\/","og_site_name":"Suno Not\u00edcias","article_publisher":"https:\/\/facebook.com\/sunoresearch","og_image":[{"width":700,"height":426,"url":"https:\/\/files.sunoresearch.com.br\/n\/uploads\/2019\/08\/f934f304-guerra.jpg","type":"image\/jpeg"}],"author":"Carlo Cauti","twitter_card":"summary_large_image","twitter_creator":"@sunoresearch","twitter_site":"@sunoresearch","twitter_misc":{"Escrito por":"Carlo Cauti","Est. tempo de leitura":"2 minutos"},"schema":{"@context":"https:\/\/schema.org","@graph":[{"@type":"NewsArticle","@id":"https:\/\/www.suno.com.br\/noticias\/guerra-comercial-eua-china-tarifas-metade\/#article","isPartOf":{"@id":"https:\/\/www.suno.com.br\/noticias\/guerra-comercial-eua-china-tarifas-metade\/"},"author":{"name":"Carlo Cauti","@id":"https:\/\/www.suno.com.br\/noticias\/#\/schema\/person\/e6e0f723cc177805027f4566c1d5e0c8"},"headline":"Guerra comercial: EUA e China reduzem pela metade as tarifas","datePublished":"2020-02-15T13:56:48+00:00","dateModified":"2021-06-14T02:38:56+00:00","mainEntityOfPage":{"@id":"https:\/\/www.suno.com.br\/noticias\/guerra-comercial-eua-china-tarifas-metade\/"},"wordCount":450,"publisher":{"@id":"https:\/\/www.suno.com.br\/noticias\/#organization"},"image":{"@id":"https:\/\/www.suno.com.br\/noticias\/guerra-comercial-eua-china-tarifas-metade\/#primaryimage"},"thumbnailUrl":"https:\/\/files.sunoresearch.com.br\/n\/uploads\/2019\/08\/f934f304-guerra-jpg.webp","keywords":["China","Estados Unidos (EUA)","guerra comercial"],"articleSection":["Internacional"],"inLanguage":"pt-BR"},{"@type":"WebPage","@id":"https:\/\/www.suno.com.br\/noticias\/guerra-comercial-eua-china-tarifas-metade\/","url":"https:\/\/www.suno.com.br\/noticias\/guerra-comercial-eua-china-tarifas-metade\/","name":"Guerra comercial: EUA e China reduzem pela metade as tarifas","isPartOf":{"@id":"https:\/\/www.suno.com.br\/noticias\/#website"},"primaryImageOfPage":{"@id":"https:\/\/www.suno.com.br\/noticias\/guerra-comercial-eua-china-tarifas-metade\/#primaryimage"},"image":{"@id":"https:\/\/www.suno.com.br\/noticias\/guerra-comercial-eua-china-tarifas-metade\/#primaryimage"},"thumbnailUrl":"https:\/\/files.sunoresearch.com.br\/n\/uploads\/2019\/08\/f934f304-guerra-jpg.webp","datePublished":"2020-02-15T13:56:48+00:00","dateModified":"2021-06-14T02:38:56+00:00","description":"A decis\u00e3o de Washington e Pequim foi tomada na fase um do acordo para evitar uma escalada da guerra comercial. Clique aqui e saiba mais.","breadcrumb":{"@id":"https:\/\/www.suno.com.br\/noticias\/guerra-comercial-eua-china-tarifas-metade\/#breadcrumb"},"inLanguage":"pt-BR","potentialAction":[{"@type":"ReadAction","target":["https:\/\/www.suno.com.br\/noticias\/guerra-comercial-eua-china-tarifas-metade\/"]}]},{"@type":"ImageObject","inLanguage":"pt-BR","@id":"https:\/\/www.suno.com.br\/noticias\/guerra-comercial-eua-china-tarifas-metade\/#primaryimage","url":"https:\/\/files.sunoresearch.com.br\/n\/uploads\/2019\/08\/f934f304-guerra-jpg.webp","contentUrl":"https:\/\/files.sunoresearch.com.br\/n\/uploads\/2019\/08\/f934f304-guerra-jpg.webp","width":700,"height":426,"caption":"china"},{"@type":"BreadcrumbList","@id":"https:\/\/www.suno.com.br\/noticias\/guerra-comercial-eua-china-tarifas-metade\/#breadcrumb","itemListElement":[{"@type":"ListItem","position":1,"name":"Not\u00edcias","item":"https:\/\/www.suno.com.br\/noticias\/"},{"@type":"ListItem","position":2,"name":"Internacional","item":"https:\/\/www.suno.com.br\/noticias\/internacional\/"},{"@type":"ListItem","position":3,"name":"Guerra comercial: EUA e China reduzem pela metade as tarifas"}]},{"@type":"WebSite","@id":"https:\/\/www.suno.com.br\/noticias\/#website","url":"https:\/\/www.suno.com.br\/noticias\/","name":"Suno Not\u00edcias","description":"Seu portal de informa\u00e7\u00e3o sobre o mundo dos investimentos","publisher":{"@id":"https:\/\/www.suno.com.br\/noticias\/#organization"},"potentialAction":[{"@type":"SearchAction","target":{"@type":"EntryPoint","urlTemplate":"https:\/\/www.suno.com.br\/noticias\/?s={search_term_string}"},"query-input":{"@type":"PropertyValueSpecification","valueRequired":true,"valueName":"search_term_string"}}],"inLanguage":"pt-BR"},{"@type":"Organization","@id":"https:\/\/www.suno.com.br\/noticias\/#organization","name":"Suno Not\u00edcias","url":"https:\/\/www.suno.com.br\/noticias\/","logo":{"@type":"ImageObject","inLanguage":"pt-BR","@id":"https:\/\/www.suno.com.br\/noticias\/#\/schema\/logo\/image\/","url":"https:\/\/files.sunoresearch.com.br\/n\/uploads\/2021\/09\/suno-logo.png","contentUrl":"https:\/\/files.sunoresearch.com.br\/n\/uploads\/2021\/09\/suno-logo.png","width":180,"height":180,"caption":"Suno Not\u00edcias"},"image":{"@id":"https:\/\/www.suno.com.br\/noticias\/#\/schema\/logo\/image\/"},"sameAs":["https:\/\/facebook.com\/sunoresearch","https:\/\/x.com\/sunoresearch","https:\/\/www.instagram.com\/suno","https:\/\/www.linkedin.com\/company\/suno-research\/","https:\/\/www.youtube.com\/c\/sunoresearch"]},{"@type":"Person","@id":"https:\/\/www.suno.com.br\/noticias\/#\/schema\/person\/e6e0f723cc177805027f4566c1d5e0c8","name":"Carlo Cauti","image":{"@type":"ImageObject","inLanguage":"pt-BR","@id":"https:\/\/www.suno.com.br\/noticias\/#\/schema\/person\/image\/","url":"https:\/\/secure.gravatar.com\/avatar\/3ada9e0bd164c23abd4792a9606d583c?s=96&r=g","contentUrl":"https:\/\/secure.gravatar.com\/avatar\/3ada9e0bd164c23abd4792a9606d583c?s=96&r=g","caption":"Carlo Cauti"},"description":"Editor multim\u00eddia do SUNO Not\u00edcias. Italiano, formado em Ci\u00eancias Pol\u00edticas pela universidade LUISS G. Carli de Roma e mestre cum laude em Rela\u00e7\u00f5es Internacionais, Jornalismo Internacional e de Guerra e em Economia Internacional. Concluiu tamb\u00e9m um MBA em Finan\u00e7as na B3. No Brasil, teve passagem por ve\u00edculos como Estad\u00e3o, Globo, Veja e EXAME. e nas ag\u00eancias de not\u00edcias italianas ANSA e NOVA.","url":"https:\/\/www.suno.com.br\/noticias\/author\/carlo-cauti\/"}]}},"default_loop_html":"<div class=\"cardsPage__listCard__boxs\"><div class=\"cardsPage__listCard__boxs__img\"><a href=\"https:\/\/www.suno.com.br\/noticias\/guerra-comercial-eua-china-tarifas-metade\/\"><img class=\"mask\" src=\"https:\/\/www.suno.com.br\/noticias\/wp-content\/themes\/suno\/resources\/images\/spotlight\/spotlight1img\/bg-mask.png\" alt=\"Image Mask\"\/><img src=\"https:\/\/files.sunoresearch.com.br\/n\/uploads\/2019\/08\/f934f304-guerra-400x200.webp\" alt=\"Guerra comercial: EUA e China reduzem pela metade as tarifas\"\/><\/a><span class=\"spotlightCategory\"><a href=\"https:\/\/www.suno.com.br\/noticias\/internacional\/\">Internacional<\/a><\/span><\/div><div class=\"cardsPage__listCard__boxs__content\"><a href=\"https:\/\/www.suno.com.br\/noticias\/guerra-comercial-eua-china-tarifas-metade\/\"><h2 class=\"content__title\">Guerra comercial: EUA e China reduzem pela metade as tarifas<\/h2><\/a><div class=\"newsContent__article__meta\"><div class=\"newsContent__article__meta__authorBox\"><a href=\"https:\/\/www.suno.com.br\/noticias\/author\/carlo-cauti\/\" class=\"authorBox__avatar noMobi\"><img src=\"https:\/\/files.sunoresearch.com.br\/n\/uploads\/2020\/08\/e3745f9a-perfil-carlo-cauti-150x150.webp\" alt=\"Carlo Cauti\"><\/a><div class=\"authorBox__name\"><span>por\n\t\t\t<a href=\"https:\/\/www.suno.com.br\/noticias\/author\/carlo-cauti\/\"><span itemprop=\"author\">Carlo Cauti<\/span><\/a><\/span><time datetime=\"2020-02-15T11:56:48-03:00\" itemprop=\"datePublished\">15\/02\/2020 11:56<\/time><\/div><\/div><\/div><\/div><\/div>","single_layout":"posts","amp_enabled":true,"_links":{"self":[{"href":"https:\/\/www.suno.com.br\/noticias\/wp-json\/wp\/v2\/posts\/53201"}],"collection":[{"href":"https:\/\/www.suno.com.br\/noticias\/wp-json\/wp\/v2\/posts"}],"about":[{"href":"https:\/\/www.suno.com.br\/noticias\/wp-json\/wp\/v2\/types\/post"}],"author":[{"embeddable":true,"href":"https:\/\/www.suno.com.br\/noticias\/wp-json\/wp\/v2\/users\/9"}],"replies":[{"embeddable":true,"href":"https:\/\/www.suno.com.br\/noticias\/wp-json\/wp\/v2\/comments?post=53201"}],"version-history":[{"count":1,"href":"https:\/\/www.suno.com.br\/noticias\/wp-json\/wp\/v2\/posts\/53201\/revisions"}],"predecessor-version":[{"id":157162,"href":"https:\/\/www.suno.com.br\/noticias\/wp-json\/wp\/v2\/posts\/53201\/revisions\/157162"}],"wp:featuredmedia":[{"embeddable":true,"href":"https:\/\/www.suno.com.br\/noticias\/wp-json\/wp\/v2\/media\/33152"}],"wp:attachment":[{"href":"https:\/\/www.suno.com.br\/noticias\/wp-json\/wp\/v2\/media?parent=53201"}],"wp:term":[{"taxonomy":"category","embeddable":true,"href":"https:\/\/www.suno.com.br\/noticias\/wp-json\/wp\/v2\/categories?post=53201"},{"taxonomy":"post_tag","embeddable":true,"href":"https:\/\/www.suno.com.br\/noticias\/wp-json\/wp\/v2\/tags?post=53201"},{"taxonomy":"suno_strategy","embeddable":true,"href":"https:\/\/www.suno.com.br\/noticias\/wp-json\/wp\/v2\/suno_strategy?post=53201"}],"curies":[{"name":"wp","href":"https:\/\/api.w.org\/{rel}","templated":true}]}}