{"id":531864,"date":"2024-03-11T12:36:09","date_gmt":"2024-03-11T15:36:09","guid":{"rendered":"https:\/\/www.suno.com.br\/noticias\/?p=531864"},"modified":"2024-03-11T13:08:16","modified_gmt":"2024-03-11T16:08:16","slug":"petrobras-petr4-conflito-insustentavel-prates-cpf","status":"publish","type":"post","link":"https:\/\/www.suno.com.br\/noticias\/petrobras-petr4-conflito-insustentavel-prates-cpf\/","title":{"rendered":"Petrobras (PETR4) est\u00e1 diante de conflito &#8216;insustent\u00e1vel&#8217; entre Prates e ministro, diz coluna: &#8220;Discuss\u00e3o sobre dividendos \u00e9 espuma&#8221;"},"content":{"rendered":"<p>O mercado est\u00e1 diante do momento mais cr\u00edtico do conflito entre o presidente da <strong>Petrobras (PETR4), <\/strong>Jean Paul Prates, e o ministro de Minas e Energia, Alexandre Silveira. A informa\u00e7\u00e3o \u00e9 de ministros ouvidos pela coluna de Bela Megale, do jornal O Globo. <\/p>\t<div class=\"wrapper-featured-image\">\n\t\t<figure class=\"spotlightImg\">\n\n\t\t\t<picture>\n\t\t\t\t<source media=\"(max-width: 768px)\" srcset=\"https:\/\/files.sunoresearch.com.br\/n\/uploads\/2023\/05\/petrobras-petr4-jean-paul-prates-foto-globonews-400x200.jpg\">\n\t\t\t\t<img loading=\"lazy\" decoding=\"async\" class=\"newsContent__article__imgCapa lazyloadDisabled \" src=\"https:\/\/files.sunoresearch.com.br\/n\/uploads\/2023\/05\/petrobras-petr4-jean-paul-prates-foto-globonews-800x450.jpg\" width=\"800\" height=\"450\" alt=\"Petrobras (PETR4) est\u00e1 diante de conflito &#8216;insustent\u00e1vel&#8217; entre Prates e ministro, diz coluna: &#8220;Discuss\u00e3o sobre dividendos \u00e9 espuma&#8221;\" fetchpriority=high \/>\n\t\t\t<\/picture>\n\n\t\t\t<figcaption class=\"wp-caption-text wp-caption-text--show\">Jean Paul Prates, presidente da Petrobras (PETR4). Foto: GloboNews<\/figcaption>\n\t\t<\/figure>\n\t<\/div>\n\n\n\n\n\n\n\n\t<p>\n\t\t<a href=\"\" target=\"_blank\" data-element=\"shortcode-suno-banner\" title=\"Banner SUNO, clique e saiba mais\">\n\t\t\t<picture>\n\t\t\t\t<source media=\"(max-width: 500px)\" srcset=\"\">\n\t\t\t\t<img class=\"newsContent__article__imgCapa newsContent__article__imgCapa--banner\"\n\t\t\t\t\tsrc=\"\"\n\t\t\t\t\tdata-promo-id=\"254218\"\t\t\t\t\t\t\t\t\t\t\t\t\t\t\talt=\"\"\n\t\t\t\t>\n\t\t\t<\/picture>\n\t\t<\/a>\n\t<\/p>\n\n\n\n\n\n<p>Segundo a editoria, a crise encarada pela petroleira desde a semana passada com a decis\u00e3o sobre n\u00e3o pagar <strong>dividendos extraordin\u00e1rios para acionistas da Petrobras <\/strong>acontece em raz\u00e3o da disputa entre os dois dirigentes.<\/p>\n\n\n\n<p>Al\u00e9m disso, os governantes avaliam que n\u00e3o h\u00e1 clima para ambos permaneceram no governo e que o <strong>presidente Luiz In\u00e1cio Lula da Silva <\/strong>ter\u00e1 de escolher.<\/p>\n\n\n\n<p>Nesta segunda-feira (11) o presidente ter\u00e1 uma reuni\u00e3o &#8220;que j\u00e1 estava agenda&#8221; com Prates, segundo o executivo. Fontes auxiliares de Lula contaram \u00e0 coluna que o <strong>CEO da Petrobras<\/strong> ser\u00e1 cobrado a explicar por que o investidores da Petrobras esperavam o pagamento dos <a class=\"suno-keyword\" target=\"_blank\" data-force=\"no\" data-priority=\"1\" href=\"https:\/\/www.suno.com.br\/guias\/dividendos\/\" rel=\"noopener\">dividendos<\/a> extraordin\u00e1rios da companhia.<\/p>\n\n\n\n<p>\u00c0 imprensa, o<strong> presidente da Petrobras<\/strong> falou ainda hoje que a discuss\u00e3o sobre <a class=\"suno-keyword\" target=\"_blank\" data-force=\"no\" data-priority=\"1\" href=\"https:\/\/www.suno.com.br\/guias\/dividendos\/\" rel=\"noopener\">dividendos<\/a> da PETR4 &#8220;\u00e9 espuma&#8221; e que falar\u00e1 &#8220;um pouco&#8221; sobre a pauta com Lula. <\/p>\n\n\n\n<p>Do outro lado, fontes pr\u00f3ximas ao <a class=\"suno-keyword\" data-force=\"no\" data-priority=\"1\" href=\"https:\/\/www.suno.com.br\/artigos\/conselho-administracao\/\" target=\"_blank\" rel=\"noopener\">Conselho de Administra\u00e7\u00e3o<\/a> da PETR4 informaram que havia um acordo de Prates e o diretor da empresa, S\u00e9rgio Caetano, de atuar na manuten\u00e7\u00e3o dos ganhos dos acionistas. Os dois executivos negaram envolvimentos nessas negocia\u00e7\u00f5es. <\/p>\n\n\n\t<p>\n\t\t<a href=\"https:\/\/lp.suno.com.br\/ebook-como-analisar-uma-acao\/\" target=\"_blank\" data-element=\"shortcode-suno-banner\" title=\"Banner SUNO, clique e saiba mais\">\n\t\t\t<picture>\n\t\t\t\t<source media=\"(max-width: 500px)\" srcset=\"https:\/\/files.sunoresearch.com.br\/n\/uploads\/2023\/03\/Ebook-Acoes-Mobile.jpg\">\n\t\t\t\t<img class=\"newsContent__article__imgCapa newsContent__article__imgCapa--banner\"\n\t\t\t\t\tsrc=\"https:\/\/files.sunoresearch.com.br\/n\/uploads\/2023\/03\/Ebook-Acoes-Desktop.jpg\"\n\t\t\t\t\tdata-promo-id=\"378302\"\t\t\t\t\t\t\t\t\t\twidth='1420' height='286'\t\t\t\t\talt=\"https:\/\/files.sunoresearch.com.br\/n\/uploads\/2023\/03\/Ebook-Acoes-Desktop.jpg\"\n\t\t\t\t>\n\t\t\t<\/picture>\n\t\t<\/a>\n\t<\/p>\n\n\n\n\n\n<h2 class=\"wp-block-heading\">Conflito de Prates e Silveira se tornou &#8216;insustent\u00e1vel&#8217; para a Petrobras?<\/h2>\n\n\n\n<p>A colunista econ\u00f4mica Bela Megale classificou o conflito entre Silveira e Prates como &#8216;insustent\u00e1vel&#8217; ap\u00f3s apura\u00e7\u00e3o das fontes do governo. <\/p>\n\n\n\n<p>Ambos defenderam propostas divergentes sobre a distribui\u00e7\u00e3o de recursos aos acionistas:<\/p>\n\n\n\n<ul class=\"wp-block-list\">\n<li>O <strong>presidente da Petrobras<\/strong> se colocou a favor do pagamento de 50% dos <a class=\"suno-keyword\" data-force=\"no\" data-priority=\"1\" href=\"https:\/\/www.suno.com.br\/guias\/dividendos\/\" target=\"_blank\" rel=\"noopener\">dividendos<\/a> extraordin\u00e1rios, defendendo que isso n\u00e3o afetaria o plano de investimento da companhia;<\/li>\n\n\n\n<li>T\u00e9cnicos do Minist\u00e9rio da Fazenda que avaliaram que o pagamento n\u00e3o colocaria em risco os investimentos da empresa;<\/li>\n\n\n\n<li>Por outro lado, os conselheiros ligados ao Minist\u00e9rio de Minas e Energia (MME) apontaram como melhor solu\u00e7\u00e3o segurar o recurso em um fundo de reserva;<\/li>\n\n\n\n<li>Com votos de 6 dos 11 conselheiros, a proposta do MME foi vitoriosa.<\/li>\n<\/ul>\n\n\n\n<h2 class=\"wp-block-heading\">Petrobras (PETR4) derrete mais de 10% na bolsa ap\u00f3s an\u00fancio de n\u00e3o pagar dividendos<\/h2>\n\n\n\n<p>Ap\u00f3s o resultado do quarto trimestre da companhia, a decis\u00e3o da <strong>Petrobras (PETR4) de<\/strong> n\u00e3o pagar <a class=\"suno-keyword\" target=\"_blank\" data-force=\"no\" data-priority=\"1\" href=\"https:\/\/www.suno.com.br\/guias\/dividendos\/\" rel=\"noopener\">dividendos<\/a> surpreendeu o mercado negativamente. <\/p>\n\n\n\n<p>Com isso, papeis da empresa na bolsa de valores brasileira, a <a class=\"suno-keyword\" target=\"_blank\" data-force=\"yes\" data-priority=\"2\" href=\"https:\/\/www.suno.com.br\/acoes\/B3SA3\/\" rel=\"noopener\">B3 (B3SA3)<\/a> derreteram mais de 10%, chegando a serem negociadas a R$ 36,25. Enquanto isso, em <a class=\"suno-keyword\" target=\"_blank\" data-force=\"no\" data-priority=\"1\" href=\"https:\/\/www.suno.com.br\/artigos\/valor-de-mercado\/\" rel=\"noopener\">valor de mercado<\/a> a companhia desvalorizou R$ 55 bilh\u00f5es em um dia. <\/p>\n\n\n\n<p>Segundo fontes pr\u00f3ximas disseram \u00e0 Reuters na sexta-feira (8), a decis\u00e3o do <strong>conselho de administra\u00e7\u00e3o da <a class=\"suno-keyword\" data-force=\"yes\" data-priority=\"2\" href=\"https:\/\/www.suno.com.br\/acoes\/PETR4\/\" target=\"_blank\" rel=\"noopener\">Petrobras (PETR4)<\/a> <\/strong>de n\u00e3o pagar <a class=\"suno-keyword\" data-force=\"no\" data-priority=\"1\" href=\"https:\/\/www.suno.com.br\/guias\/dividendos\/\" target=\"_blank\" rel=\"noopener\">dividendos<\/a> extraordin\u00e1rios partiu do pr\u00f3prio presidente Luiz In\u00e1cio Lula da Silva. A press\u00e3o do governo \u00e9 que a empresa converta seus lucros para investimentos de longo prazo. <\/p>\n\n\n\n<p>De acordo com uma das fontes, a decis\u00e3o aconteceu em uma reuni\u00e3o na semana passada, \u00e0s v\u00e9speras do resultado, com a presen\u00e7a de Prates e de Alexandre Silveira.<\/p>\n\n\n\t<p>\n\t\t<a href=\"https:\/\/lp.suno.com.br\/plataforma-de-controle-de-investimentos\/\" target=\"_blank\" data-element=\"shortcode-suno-banner\" title=\"Banner SUNO, clique e saiba mais\">\n\t\t\t<picture>\n\t\t\t\t<source media=\"(max-width: 500px)\" srcset=\"https:\/\/files.sunoresearch.com.br\/n\/uploads\/2023\/03\/400x300-Controle-de-Investimentos.png\">\n\t\t\t\t<img class=\"newsContent__article__imgCapa newsContent__article__imgCapa--banner\"\n\t\t\t\t\tsrc=\"https:\/\/files.sunoresearch.com.br\/n\/uploads\/2023\/03\/1420x240-Controle-de-Investimentos.png\"\n\t\t\t\t\tdata-promo-id=\"383162\"\t\t\t\t\t\t\t\t\t\twidth='1420' height='240'\t\t\t\t\talt=\"https:\/\/files.sunoresearch.com.br\/n\/uploads\/2023\/03\/1420x240-Controle-de-Investimentos.png\"\n\t\t\t\t>\n\t\t\t<\/picture>\n\t\t<\/a>\n\t<\/p>\n\n\n","protected":false},"excerpt":{"rendered":"<p>O mercado est\u00e1 diante do momento mais cr\u00edtico do conflito entre o presidente da Petrobras (PETR4), Jean Paul Prates, e o ministro de Minas e Energia, Alexandre Silveira. A informa\u00e7\u00e3o \u00e9 de ministros ouvidos pela coluna de Bela Megale, do jornal O Globo. Jean Paul Prates, presidente da Petrobras (PETR4). Foto: GloboNews Segundo a editoria, [&hellip;]<\/p>\n","protected":false},"author":283,"featured_media":405999,"comment_status":"closed","ping_status":"closed","sticky":false,"template":"","format":"standard","meta":[],"categories":[64],"tags":[106444,595],"suno_strategy":[],"class_list":["post-531864","post","type-post","status-publish","format-standard","has-post-thumbnail","hentry","category-negocios","tag-agencias","tag-petrobras-petr4"],"yoast_head":"<!-- This site is optimized with the Yoast SEO plugin v24.4 - https:\/\/yoast.com\/wordpress\/plugins\/seo\/ -->\n<title>Petrobras (PETR4) tem conflito &#039;insustent\u00e1vel&#039; entre Prates e MME<\/title>\n<meta name=\"description\" content=\"O mercado est\u00e1 diante do momento mais cr\u00edtico no conflito do presidente da Petrobras (PETR4) e o ministro de Minas e Energia.\" \/>\n<meta name=\"robots\" content=\"index, follow, max-snippet:-1, max-image-preview:large, max-video-preview:-1\" \/>\n<link rel=\"canonical\" href=\"https:\/\/www.suno.com.br\/noticias\/petrobras-petr4-conflito-insustentavel-prates-cpf\/\" \/>\n<meta property=\"og:locale\" content=\"pt_BR\" \/>\n<meta property=\"og:type\" content=\"article\" \/>\n<meta property=\"og:title\" content=\"Petrobras (PETR4) tem conflito &#039;insustent\u00e1vel&#039; entre Prates e MME\" \/>\n<meta property=\"og:description\" content=\"O mercado est\u00e1 diante do momento mais cr\u00edtico no conflito do presidente da Petrobras (PETR4) e o ministro de Minas e Energia.\" \/>\n<meta property=\"og:url\" content=\"https:\/\/www.suno.com.br\/noticias\/petrobras-petr4-conflito-insustentavel-prates-cpf\/\" \/>\n<meta property=\"og:site_name\" content=\"Suno Not\u00edcias\" \/>\n<meta property=\"article:publisher\" content=\"https:\/\/facebook.com\/sunoresearch\" \/>\n<meta property=\"og:image\" content=\"https:\/\/files.sunoresearch.com.br\/n\/uploads\/2023\/05\/petrobras-petr4-jean-paul-prates-foto-globonews.jpg\" \/>\n\t<meta property=\"og:image:width\" content=\"1200\" \/>\n\t<meta property=\"og:image:height\" content=\"675\" \/>\n\t<meta property=\"og:image:type\" content=\"image\/jpeg\" \/>\n<meta name=\"author\" content=\"Camila Paim\" \/>\n<meta name=\"twitter:card\" content=\"summary_large_image\" \/>\n<meta name=\"twitter:creator\" content=\"@sunoresearch\" \/>\n<meta name=\"twitter:site\" content=\"@sunoresearch\" \/>\n<meta name=\"twitter:label1\" content=\"Escrito por\" \/>\n\t<meta name=\"twitter:data1\" content=\"Camila Paim\" \/>\n\t<meta name=\"twitter:label2\" content=\"Est. tempo de leitura\" \/>\n\t<meta name=\"twitter:data2\" content=\"3 minutos\" \/>\n<script type=\"application\/ld+json\" class=\"yoast-schema-graph\">{\"@context\":\"https:\/\/schema.org\",\"@graph\":[{\"@type\":\"NewsArticle\",\"@id\":\"https:\/\/www.suno.com.br\/noticias\/petrobras-petr4-conflito-insustentavel-prates-cpf\/#article\",\"isPartOf\":{\"@id\":\"https:\/\/www.suno.com.br\/noticias\/petrobras-petr4-conflito-insustentavel-prates-cpf\/\"},\"author\":{\"name\":\"Camila Paim\",\"@id\":\"https:\/\/www.suno.com.br\/noticias\/#\/schema\/person\/f341d3ae5d1cc685176c9a5327cdfdbb\"},\"headline\":\"Petrobras (PETR4) est\u00e1 diante de conflito &#8216;insustent\u00e1vel&#8217; entre Prates e ministro, diz coluna: &#8220;Discuss\u00e3o sobre dividendos \u00e9 espuma&#8221;\",\"datePublished\":\"2024-03-11T15:36:09+00:00\",\"dateModified\":\"2024-03-11T16:08:16+00:00\",\"mainEntityOfPage\":{\"@id\":\"https:\/\/www.suno.com.br\/noticias\/petrobras-petr4-conflito-insustentavel-prates-cpf\/\"},\"wordCount\":554,\"publisher\":{\"@id\":\"https:\/\/www.suno.com.br\/noticias\/#organization\"},\"image\":{\"@id\":\"https:\/\/www.suno.com.br\/noticias\/petrobras-petr4-conflito-insustentavel-prates-cpf\/#primaryimage\"},\"thumbnailUrl\":\"https:\/\/files.sunoresearch.com.br\/n\/uploads\/2023\/05\/petrobras-petr4-jean-paul-prates-foto-globonews.jpg\",\"keywords\":[\"Ag\u00eancias\",\"Petrobras (PETR4)\"],\"articleSection\":[\"Neg\u00f3cios\"],\"inLanguage\":\"pt-BR\"},{\"@type\":\"WebPage\",\"@id\":\"https:\/\/www.suno.com.br\/noticias\/petrobras-petr4-conflito-insustentavel-prates-cpf\/\",\"url\":\"https:\/\/www.suno.com.br\/noticias\/petrobras-petr4-conflito-insustentavel-prates-cpf\/\",\"name\":\"Petrobras (PETR4) tem conflito 'insustent\u00e1vel' entre Prates e MME\",\"isPartOf\":{\"@id\":\"https:\/\/www.suno.com.br\/noticias\/#website\"},\"primaryImageOfPage\":{\"@id\":\"https:\/\/www.suno.com.br\/noticias\/petrobras-petr4-conflito-insustentavel-prates-cpf\/#primaryimage\"},\"image\":{\"@id\":\"https:\/\/www.suno.com.br\/noticias\/petrobras-petr4-conflito-insustentavel-prates-cpf\/#primaryimage\"},\"thumbnailUrl\":\"https:\/\/files.sunoresearch.com.br\/n\/uploads\/2023\/05\/petrobras-petr4-jean-paul-prates-foto-globonews.jpg\",\"datePublished\":\"2024-03-11T15:36:09+00:00\",\"dateModified\":\"2024-03-11T16:08:16+00:00\",\"description\":\"O mercado est\u00e1 diante do momento mais cr\u00edtico no conflito do presidente da Petrobras (PETR4) e o ministro de Minas e Energia.\",\"breadcrumb\":{\"@id\":\"https:\/\/www.suno.com.br\/noticias\/petrobras-petr4-conflito-insustentavel-prates-cpf\/#breadcrumb\"},\"inLanguage\":\"pt-BR\",\"potentialAction\":[{\"@type\":\"ReadAction\",\"target\":[\"https:\/\/www.suno.com.br\/noticias\/petrobras-petr4-conflito-insustentavel-prates-cpf\/\"]}]},{\"@type\":\"ImageObject\",\"inLanguage\":\"pt-BR\",\"@id\":\"https:\/\/www.suno.com.br\/noticias\/petrobras-petr4-conflito-insustentavel-prates-cpf\/#primaryimage\",\"url\":\"https:\/\/files.sunoresearch.com.br\/n\/uploads\/2023\/05\/petrobras-petr4-jean-paul-prates-foto-globonews.jpg\",\"contentUrl\":\"https:\/\/files.sunoresearch.com.br\/n\/uploads\/2023\/05\/petrobras-petr4-jean-paul-prates-foto-globonews.jpg\",\"width\":1200,\"height\":675,\"caption\":\"Jean Paul Prates, presidente da Petrobras (PETR4). Foto: GloboNews\"},{\"@type\":\"BreadcrumbList\",\"@id\":\"https:\/\/www.suno.com.br\/noticias\/petrobras-petr4-conflito-insustentavel-prates-cpf\/#breadcrumb\",\"itemListElement\":[{\"@type\":\"ListItem\",\"position\":1,\"name\":\"Not\u00edcias\",\"item\":\"https:\/\/www.suno.com.br\/noticias\/\"},{\"@type\":\"ListItem\",\"position\":2,\"name\":\"Neg\u00f3cios\",\"item\":\"https:\/\/www.suno.com.br\/noticias\/negocios\/\"},{\"@type\":\"ListItem\",\"position\":3,\"name\":\"Petrobras (PETR4) est\u00e1 diante de conflito &#8216;insustent\u00e1vel&#8217; entre Prates e ministro, diz coluna: &#8220;Discuss\u00e3o sobre dividendos \u00e9 espuma&#8221;\"}]},{\"@type\":\"WebSite\",\"@id\":\"https:\/\/www.suno.com.br\/noticias\/#website\",\"url\":\"https:\/\/www.suno.com.br\/noticias\/\",\"name\":\"Suno Not\u00edcias\",\"description\":\"Seu portal de informa\u00e7\u00e3o sobre o mundo dos investimentos\",\"publisher\":{\"@id\":\"https:\/\/www.suno.com.br\/noticias\/#organization\"},\"potentialAction\":[{\"@type\":\"SearchAction\",\"target\":{\"@type\":\"EntryPoint\",\"urlTemplate\":\"https:\/\/www.suno.com.br\/noticias\/?s={search_term_string}\"},\"query-input\":{\"@type\":\"PropertyValueSpecification\",\"valueRequired\":true,\"valueName\":\"search_term_string\"}}],\"inLanguage\":\"pt-BR\"},{\"@type\":\"Organization\",\"@id\":\"https:\/\/www.suno.com.br\/noticias\/#organization\",\"name\":\"Suno Not\u00edcias\",\"url\":\"https:\/\/www.suno.com.br\/noticias\/\",\"logo\":{\"@type\":\"ImageObject\",\"inLanguage\":\"pt-BR\",\"@id\":\"https:\/\/www.suno.com.br\/noticias\/#\/schema\/logo\/image\/\",\"url\":\"https:\/\/files.sunoresearch.com.br\/n\/uploads\/2021\/09\/suno-logo.png\",\"contentUrl\":\"https:\/\/files.sunoresearch.com.br\/n\/uploads\/2021\/09\/suno-logo.png\",\"width\":180,\"height\":180,\"caption\":\"Suno Not\u00edcias\"},\"image\":{\"@id\":\"https:\/\/www.suno.com.br\/noticias\/#\/schema\/logo\/image\/\"},\"sameAs\":[\"https:\/\/facebook.com\/sunoresearch\",\"https:\/\/x.com\/sunoresearch\",\"https:\/\/www.instagram.com\/suno\",\"https:\/\/www.linkedin.com\/company\/suno-research\/\",\"https:\/\/www.youtube.com\/c\/sunoresearch\"]},{\"@type\":\"Person\",\"@id\":\"https:\/\/www.suno.com.br\/noticias\/#\/schema\/person\/f341d3ae5d1cc685176c9a5327cdfdbb\",\"name\":\"Camila Paim\",\"image\":{\"@type\":\"ImageObject\",\"inLanguage\":\"pt-BR\",\"@id\":\"https:\/\/www.suno.com.br\/noticias\/#\/schema\/person\/image\/\",\"url\":\"https:\/\/secure.gravatar.com\/avatar\/f33728e65febb1aa7ecf6792956f9b20?s=96&r=g\",\"contentUrl\":\"https:\/\/secure.gravatar.com\/avatar\/f33728e65febb1aa7ecf6792956f9b20?s=96&r=g\",\"caption\":\"Camila Paim\"},\"description\":\"Jornalista formada pela USP, tem experi\u00eancia em reda\u00e7\u00f5es, SEO, Branded Content e Webdesign. Com passagem pelo Jornal da USP, Empiricus e C6 Bank, hoje \u00e9 rep\u00f3rter no Suno Not\u00edcias cobrindo macroeconomia, finan\u00e7as pessoais e startups.\",\"url\":\"https:\/\/www.suno.com.br\/noticias\/author\/camila-figueiredosuno-com-br\/\"}]}<\/script>\n<!-- \/ Yoast SEO plugin. -->","yoast_head_json":{"title":"Petrobras (PETR4) tem conflito 'insustent\u00e1vel' entre Prates e MME","description":"O mercado est\u00e1 diante do momento mais cr\u00edtico no conflito do presidente da Petrobras (PETR4) e o ministro de Minas e Energia.","robots":{"index":"index","follow":"follow","max-snippet":"max-snippet:-1","max-image-preview":"max-image-preview:large","max-video-preview":"max-video-preview:-1"},"canonical":"https:\/\/www.suno.com.br\/noticias\/petrobras-petr4-conflito-insustentavel-prates-cpf\/","og_locale":"pt_BR","og_type":"article","og_title":"Petrobras (PETR4) tem conflito 'insustent\u00e1vel' entre Prates e MME","og_description":"O mercado est\u00e1 diante do momento mais cr\u00edtico no conflito do presidente da Petrobras (PETR4) e o ministro de Minas e Energia.","og_url":"https:\/\/www.suno.com.br\/noticias\/petrobras-petr4-conflito-insustentavel-prates-cpf\/","og_site_name":"Suno Not\u00edcias","article_publisher":"https:\/\/facebook.com\/sunoresearch","og_image":[{"width":1200,"height":675,"url":"https:\/\/files.sunoresearch.com.br\/n\/uploads\/2023\/05\/petrobras-petr4-jean-paul-prates-foto-globonews.jpg","type":"image\/jpeg"}],"author":"Camila Paim","twitter_card":"summary_large_image","twitter_creator":"@sunoresearch","twitter_site":"@sunoresearch","twitter_misc":{"Escrito por":"Camila Paim","Est. tempo de leitura":"3 minutos"},"schema":{"@context":"https:\/\/schema.org","@graph":[{"@type":"NewsArticle","@id":"https:\/\/www.suno.com.br\/noticias\/petrobras-petr4-conflito-insustentavel-prates-cpf\/#article","isPartOf":{"@id":"https:\/\/www.suno.com.br\/noticias\/petrobras-petr4-conflito-insustentavel-prates-cpf\/"},"author":{"name":"Camila Paim","@id":"https:\/\/www.suno.com.br\/noticias\/#\/schema\/person\/f341d3ae5d1cc685176c9a5327cdfdbb"},"headline":"Petrobras (PETR4) est\u00e1 diante de conflito &#8216;insustent\u00e1vel&#8217; entre Prates e ministro, diz coluna: &#8220;Discuss\u00e3o sobre dividendos \u00e9 espuma&#8221;","datePublished":"2024-03-11T15:36:09+00:00","dateModified":"2024-03-11T16:08:16+00:00","mainEntityOfPage":{"@id":"https:\/\/www.suno.com.br\/noticias\/petrobras-petr4-conflito-insustentavel-prates-cpf\/"},"wordCount":554,"publisher":{"@id":"https:\/\/www.suno.com.br\/noticias\/#organization"},"image":{"@id":"https:\/\/www.suno.com.br\/noticias\/petrobras-petr4-conflito-insustentavel-prates-cpf\/#primaryimage"},"thumbnailUrl":"https:\/\/files.sunoresearch.com.br\/n\/uploads\/2023\/05\/petrobras-petr4-jean-paul-prates-foto-globonews.jpg","keywords":["Ag\u00eancias","Petrobras (PETR4)"],"articleSection":["Neg\u00f3cios"],"inLanguage":"pt-BR"},{"@type":"WebPage","@id":"https:\/\/www.suno.com.br\/noticias\/petrobras-petr4-conflito-insustentavel-prates-cpf\/","url":"https:\/\/www.suno.com.br\/noticias\/petrobras-petr4-conflito-insustentavel-prates-cpf\/","name":"Petrobras (PETR4) tem conflito 'insustent\u00e1vel' entre Prates e MME","isPartOf":{"@id":"https:\/\/www.suno.com.br\/noticias\/#website"},"primaryImageOfPage":{"@id":"https:\/\/www.suno.com.br\/noticias\/petrobras-petr4-conflito-insustentavel-prates-cpf\/#primaryimage"},"image":{"@id":"https:\/\/www.suno.com.br\/noticias\/petrobras-petr4-conflito-insustentavel-prates-cpf\/#primaryimage"},"thumbnailUrl":"https:\/\/files.sunoresearch.com.br\/n\/uploads\/2023\/05\/petrobras-petr4-jean-paul-prates-foto-globonews.jpg","datePublished":"2024-03-11T15:36:09+00:00","dateModified":"2024-03-11T16:08:16+00:00","description":"O mercado est\u00e1 diante do momento mais cr\u00edtico no conflito do presidente da Petrobras (PETR4) e o ministro de Minas e Energia.","breadcrumb":{"@id":"https:\/\/www.suno.com.br\/noticias\/petrobras-petr4-conflito-insustentavel-prates-cpf\/#breadcrumb"},"inLanguage":"pt-BR","potentialAction":[{"@type":"ReadAction","target":["https:\/\/www.suno.com.br\/noticias\/petrobras-petr4-conflito-insustentavel-prates-cpf\/"]}]},{"@type":"ImageObject","inLanguage":"pt-BR","@id":"https:\/\/www.suno.com.br\/noticias\/petrobras-petr4-conflito-insustentavel-prates-cpf\/#primaryimage","url":"https:\/\/files.sunoresearch.com.br\/n\/uploads\/2023\/05\/petrobras-petr4-jean-paul-prates-foto-globonews.jpg","contentUrl":"https:\/\/files.sunoresearch.com.br\/n\/uploads\/2023\/05\/petrobras-petr4-jean-paul-prates-foto-globonews.jpg","width":1200,"height":675,"caption":"Jean Paul Prates, presidente da Petrobras (PETR4). Foto: GloboNews"},{"@type":"BreadcrumbList","@id":"https:\/\/www.suno.com.br\/noticias\/petrobras-petr4-conflito-insustentavel-prates-cpf\/#breadcrumb","itemListElement":[{"@type":"ListItem","position":1,"name":"Not\u00edcias","item":"https:\/\/www.suno.com.br\/noticias\/"},{"@type":"ListItem","position":2,"name":"Neg\u00f3cios","item":"https:\/\/www.suno.com.br\/noticias\/negocios\/"},{"@type":"ListItem","position":3,"name":"Petrobras (PETR4) est\u00e1 diante de conflito &#8216;insustent\u00e1vel&#8217; entre Prates e ministro, diz coluna: &#8220;Discuss\u00e3o sobre dividendos \u00e9 espuma&#8221;"}]},{"@type":"WebSite","@id":"https:\/\/www.suno.com.br\/noticias\/#website","url":"https:\/\/www.suno.com.br\/noticias\/","name":"Suno Not\u00edcias","description":"Seu portal de informa\u00e7\u00e3o sobre o mundo dos investimentos","publisher":{"@id":"https:\/\/www.suno.com.br\/noticias\/#organization"},"potentialAction":[{"@type":"SearchAction","target":{"@type":"EntryPoint","urlTemplate":"https:\/\/www.suno.com.br\/noticias\/?s={search_term_string}"},"query-input":{"@type":"PropertyValueSpecification","valueRequired":true,"valueName":"search_term_string"}}],"inLanguage":"pt-BR"},{"@type":"Organization","@id":"https:\/\/www.suno.com.br\/noticias\/#organization","name":"Suno Not\u00edcias","url":"https:\/\/www.suno.com.br\/noticias\/","logo":{"@type":"ImageObject","inLanguage":"pt-BR","@id":"https:\/\/www.suno.com.br\/noticias\/#\/schema\/logo\/image\/","url":"https:\/\/files.sunoresearch.com.br\/n\/uploads\/2021\/09\/suno-logo.png","contentUrl":"https:\/\/files.sunoresearch.com.br\/n\/uploads\/2021\/09\/suno-logo.png","width":180,"height":180,"caption":"Suno Not\u00edcias"},"image":{"@id":"https:\/\/www.suno.com.br\/noticias\/#\/schema\/logo\/image\/"},"sameAs":["https:\/\/facebook.com\/sunoresearch","https:\/\/x.com\/sunoresearch","https:\/\/www.instagram.com\/suno","https:\/\/www.linkedin.com\/company\/suno-research\/","https:\/\/www.youtube.com\/c\/sunoresearch"]},{"@type":"Person","@id":"https:\/\/www.suno.com.br\/noticias\/#\/schema\/person\/f341d3ae5d1cc685176c9a5327cdfdbb","name":"Camila Paim","image":{"@type":"ImageObject","inLanguage":"pt-BR","@id":"https:\/\/www.suno.com.br\/noticias\/#\/schema\/person\/image\/","url":"https:\/\/secure.gravatar.com\/avatar\/f33728e65febb1aa7ecf6792956f9b20?s=96&r=g","contentUrl":"https:\/\/secure.gravatar.com\/avatar\/f33728e65febb1aa7ecf6792956f9b20?s=96&r=g","caption":"Camila Paim"},"description":"Jornalista formada pela USP, tem experi\u00eancia em reda\u00e7\u00f5es, SEO, Branded Content e Webdesign. Com passagem pelo Jornal da USP, Empiricus e C6 Bank, hoje \u00e9 rep\u00f3rter no Suno Not\u00edcias cobrindo macroeconomia, finan\u00e7as pessoais e startups.","url":"https:\/\/www.suno.com.br\/noticias\/author\/camila-figueiredosuno-com-br\/"}]}},"default_loop_html":"<div class=\"cardsPage__listCard__boxs\"><div class=\"cardsPage__listCard__boxs__img\"><a href=\"https:\/\/www.suno.com.br\/noticias\/petrobras-petr4-conflito-insustentavel-prates-cpf\/\"><img class=\"mask\" src=\"https:\/\/www.suno.com.br\/noticias\/wp-content\/themes\/suno\/resources\/images\/spotlight\/spotlight1img\/bg-mask.png\" alt=\"Image Mask\"\/><img src=\"https:\/\/files.sunoresearch.com.br\/n\/uploads\/2023\/05\/petrobras-petr4-jean-paul-prates-foto-globonews-400x200.jpg\" alt=\"Petrobras (PETR4) est\u00e1 diante de conflito &#8216;insustent\u00e1vel&#8217; entre Prates e ministro, diz coluna: &#8220;Discuss\u00e3o sobre dividendos \u00e9 espuma&#8221;\"\/><\/a><span class=\"spotlightCategory\"><a href=\"https:\/\/www.suno.com.br\/noticias\/negocios\/\">Neg\u00f3cios<\/a><\/span><\/div><div class=\"cardsPage__listCard__boxs__content\"><a href=\"https:\/\/www.suno.com.br\/noticias\/petrobras-petr4-conflito-insustentavel-prates-cpf\/\"><h2 class=\"content__title\">Petrobras (PETR4) est\u00e1 diante de conflito &#8216;insustent\u00e1vel&#8217; entre Prates e ministro, diz coluna: &#8220;Discuss\u00e3o sobre dividendos \u00e9 espuma&#8221;<\/h2><\/a><div class=\"newsContent__article__meta\"><div class=\"newsContent__article__meta__authorBox\"><a href=\"https:\/\/www.suno.com.br\/noticias\/author\/camila-figueiredosuno-com-br\/\" class=\"authorBox__avatar noMobi\"><img src=\"https:\/\/files.sunoresearch.com.br\/n\/uploads\/2024\/05\/camila-paim-square-150x150.jpg\" alt=\"Camila Paim\"><\/a><div class=\"authorBox__name\"><span>por\n\t\t\t<a href=\"https:\/\/www.suno.com.br\/noticias\/author\/camila-figueiredosuno-com-br\/\"><span itemprop=\"author\">Camila Paim<\/span><\/a><\/span><time datetime=\"2024-03-11T12:36:09-03:00\" itemprop=\"datePublished\">11\/03\/2024 12:36<\/time><\/div><\/div><\/div><\/div><\/div>","single_layout":"posts","amp_enabled":true,"_links":{"self":[{"href":"https:\/\/www.suno.com.br\/noticias\/wp-json\/wp\/v2\/posts\/531864"}],"collection":[{"href":"https:\/\/www.suno.com.br\/noticias\/wp-json\/wp\/v2\/posts"}],"about":[{"href":"https:\/\/www.suno.com.br\/noticias\/wp-json\/wp\/v2\/types\/post"}],"author":[{"embeddable":true,"href":"https:\/\/www.suno.com.br\/noticias\/wp-json\/wp\/v2\/users\/283"}],"replies":[{"embeddable":true,"href":"https:\/\/www.suno.com.br\/noticias\/wp-json\/wp\/v2\/comments?post=531864"}],"version-history":[{"count":2,"href":"https:\/\/www.suno.com.br\/noticias\/wp-json\/wp\/v2\/posts\/531864\/revisions"}],"predecessor-version":[{"id":531942,"href":"https:\/\/www.suno.com.br\/noticias\/wp-json\/wp\/v2\/posts\/531864\/revisions\/531942"}],"wp:featuredmedia":[{"embeddable":true,"href":"https:\/\/www.suno.com.br\/noticias\/wp-json\/wp\/v2\/media\/405999"}],"wp:attachment":[{"href":"https:\/\/www.suno.com.br\/noticias\/wp-json\/wp\/v2\/media?parent=531864"}],"wp:term":[{"taxonomy":"category","embeddable":true,"href":"https:\/\/www.suno.com.br\/noticias\/wp-json\/wp\/v2\/categories?post=531864"},{"taxonomy":"post_tag","embeddable":true,"href":"https:\/\/www.suno.com.br\/noticias\/wp-json\/wp\/v2\/tags?post=531864"},{"taxonomy":"suno_strategy","embeddable":true,"href":"https:\/\/www.suno.com.br\/noticias\/wp-json\/wp\/v2\/suno_strategy?post=531864"}],"curies":[{"name":"wp","href":"https:\/\/api.w.org\/{rel}","templated":true}]}}