{"id":531737,"date":"2024-03-11T07:41:33","date_gmt":"2024-03-11T10:41:33","guid":{"rendered":"https:\/\/www.suno.com.br\/noticias\/?p=531737"},"modified":"2024-03-11T07:41:39","modified_gmt":"2024-03-11T10:41:39","slug":"casas-bahia-bhia3-prorroga-balanco-adia-ago-gpj","status":"publish","type":"post","link":"https:\/\/www.suno.com.br\/noticias\/casas-bahia-bhia3-prorroga-balanco-adia-ago-gpj\/","title":{"rendered":"Casas Bahia (BHIA3) prorroga divulga\u00e7\u00e3o de balan\u00e7o e adia AGO; veja novas datas"},"content":{"rendered":"<p>A\u00a0<strong>Casas Bahia\u00a0<\/strong>(<a href=\"https:\/\/statusinvest.com.br\/acoes\/bhia3?__hstc=189907700.a70e542b5675529ab30fec42ef1e7569.1707742872426.1710101622257.1710152308453.76&amp;__hssc=189907700.2.1710152308453&amp;__hsfp=3087225308\" target=\"_blank\" rel=\"noreferrer noopener\">BHIA3<\/a>) comunicou aos seus acionistas e ao mercado em geral que prorrogou a data da divulga\u00e7\u00e3o do seu balan\u00e7o de resultados do quarto trimestre de 2023 (4T23) e adiou sua\u00a0<a href=\"https:\/\/www.suno.com.br\/artigos\/assembleia-geral-ordinaria\/\">assembleia geral ordin\u00e1ria<\/a>\u00a0(AGO) de 2024.<\/p>\t<div class=\"wrapper-featured-image\">\n\t\t<figure class=\"spotlightImg\">\n\n\t\t\t<picture>\n\t\t\t\t<source media=\"(max-width: 768px)\" srcset=\"https:\/\/files.sunoresearch.com.br\/n\/uploads\/2023\/09\/casas-bahia-via-viia3-loja-400x200.jpg\">\n\t\t\t\t<img loading=\"lazy\" decoding=\"async\" class=\"newsContent__article__imgCapa lazyloadDisabled \" src=\"https:\/\/files.sunoresearch.com.br\/n\/uploads\/2023\/09\/casas-bahia-via-viia3-loja-800x450.jpg\" width=\"800\" height=\"450\" alt=\"Casas Bahia (BHIA3) prorroga divulga\u00e7\u00e3o de balan\u00e7o e adia AGO; veja novas datas\" fetchpriority=high \/>\n\t\t\t<\/picture>\n\n\t\t\t<figcaption class=\"wp-caption-text wp-caption-text--show\">Casas Bahia (BHIA3). Foto: Reprodu\u00e7\u00e3o\/ Via<\/figcaption>\n\t\t<\/figure>\n\t<\/div>\n\n\n\n\n\n\n\n\t<p>\n\t\t<a href=\"\" target=\"_blank\" data-element=\"shortcode-suno-banner\" title=\"Banner SUNO, clique e saiba mais\">\n\t\t\t<picture>\n\t\t\t\t<source media=\"(max-width: 500px)\" srcset=\"\">\n\t\t\t\t<img class=\"newsContent__article__imgCapa newsContent__article__imgCapa--banner\"\n\t\t\t\t\tsrc=\"\"\n\t\t\t\t\tdata-promo-id=\"250707\"\t\t\t\t\t\t\t\t\t\t\t\t\t\t\talt=\"\"\n\t\t\t\t>\n\t\t\t<\/picture>\n\t\t<\/a>\n\t<\/p>\n\n\n\n\n\n<p>Segundo a varejista, a divulga\u00e7\u00e3o do <strong>balan\u00e7o do 4T23 da Casas Bahia<\/strong>, anteriormente prevista para a pr\u00f3xima quarta-feira (13), ocorrer\u00e1 no dia 25 de mar\u00e7o. A teleconfer\u00eancia de resultados da Casas Bahia passar\u00e1 a ser, portanto, no dia 26 de mar\u00e7o.<\/p>\n\n\n\n<p>Ainda de acordo com a companhia, a <strong>assembleia geral ordin\u00e1ria da Casas Bahia<\/strong>, anteriormente prevista para ocorrer no dia 19 de abril, ser\u00e1 convocada para o dia 30 de abril de 2024.<\/p>\n\n\n\t<p>\n\t\t<a href=\"https:\/\/lp.suno.com.br\/planilha-controle-gastos\/\" target=\"_blank\" data-element=\"shortcode-suno-banner\" title=\"Banner SUNO, clique e saiba mais\">\n\t\t\t<picture>\n\t\t\t\t<source media=\"(max-width: 500px)\" srcset=\"https:\/\/files.sunoresearch.com.br\/n\/uploads\/2023\/03\/400x300-Planilha-controle-de-gastos.png\">\n\t\t\t\t<img class=\"newsContent__article__imgCapa newsContent__article__imgCapa--banner\"\n\t\t\t\t\tsrc=\"https:\/\/files.sunoresearch.com.br\/n\/uploads\/2023\/03\/1420x240-Planilha-controle-de-gastos.png\"\n\t\t\t\t\tdata-promo-id=\"101751\"\t\t\t\t\t\t\t\t\t\twidth='1420' height='240'\t\t\t\t\talt=\"https:\/\/files.sunoresearch.com.br\/n\/uploads\/2023\/03\/1420x240-Planilha-controle-de-gastos.png\"\n\t\t\t\t>\n\t\t\t<\/picture>\n\t\t<\/a>\n\t<\/p>\n\n\n\n\n\n<h2 class=\"wp-block-heading\">Casas Bahia (BHIA3) fecha acordo e ganha mais tempo para pagar R$ 1,5 bilh\u00e3o em d\u00edvidas<\/h2>\n\n\n\n<p>No fim de fevereiro, a empresa assinou um novo documento que cont\u00e9m os termos e condi\u00e7\u00f5es para que seja realizado o reperfilamento de suas d\u00edvidas, no valor de R$ 1,5 bilh\u00e3o.<\/p>\n\n\n\n<p>Conforme comunicado, essas&nbsp;<strong>d\u00edvidas da Casas Bahia<\/strong>&nbsp;se referem \u00e0s emiss\u00f5es de C\u00e9dulas de Cr\u00e9dito Banc\u00e1rio (CCB) e tamb\u00e9m a sua 9\u00b0 emiss\u00e3o de deb\u00eantures. O termo foi assinado junto a <a href=\"https:\/\/www.suno.com.br\/artigos\/instituicoes-financeiras\/\">institui\u00e7\u00f5es financeiras<\/a>.<\/p>\n\n\n\n<p>Agora, as&nbsp;<strong>d\u00edvidas reperfiladas da Casas Bahia <\/strong>v\u00e3o ter um novo prazo de vencimento, que \u00e9 de 3 anos, ou 36 meses. O vencimento anterior aconteceria entre os anos de 2024 e 2025.<\/p>\n\n\n\n<p>A amortiza\u00e7\u00e3o do montante principal acontecer\u00e1 depois da car\u00eancia de 18 meses, por meio de pagamentos trimestrais de 5%, depois da car\u00eancia, e de 70% quando chegar ao 36\u00b0 m\u00eas. O custo dessas opera\u00e7\u00f5es corresponder\u00e1 a CDI + 4% ao ano.<\/p>\n\n\n\n<p>A conclus\u00e3o do reperfilamento de d\u00edvidas ainda est\u00e1 sujeita \u00e0 negocia\u00e7\u00e3o dos documentos definitivos, assim como a aprova\u00e7\u00f5es finais pelos credores. Al\u00e9m disso, \u00e9 necess\u00e1rio superar as demais condi\u00e7\u00f5es que geralmente se aplicam a esse tipo de opera\u00e7\u00e3o.<\/p>\n\n\n\n<p>A posi\u00e7\u00e3o de caixa e de receb\u00edveis de cart\u00f5es, incluindo os receb\u00edveis que n\u00e3o foram descontados, somava R$ 3,6 bilh\u00f5es at\u00e9 o final de 2023.<\/p>\n\n\n\n<p>O endividamento da companhia \u00e9 de R$ 3,9 bilh\u00f5es. Desse total, cerca de 41%, equivalente a R$ 1,7 bilh\u00e3o, s\u00e3o d\u00edvidas que vencem no <a href=\"https:\/\/www.suno.com.br\/artigos\/longo-prazo\/\">longo prazo<\/a>. Com o processo de reperfilamento, essa fatia passa a ser de 69%.<\/p>\n\n\n\n<p>A empresa de varejo ressaltou que os valores divulgados sobre posi\u00e7\u00e3o de caixa, liquidez e cronograma de amortiza\u00e7\u00e3o s\u00e3o apenas preliminares e, portanto, por ainda n\u00e3o estarem auditados, podem eventualmente passar por ajustes.<\/p>\n\n\n\t<p>\n\t\t<a href=\"https:\/\/lp.suno.com.br\/ebook-como-analisar-uma-acao\/\" target=\"_blank\" data-element=\"shortcode-suno-banner\" title=\"Banner SUNO, clique e saiba mais\">\n\t\t\t<picture>\n\t\t\t\t<source media=\"(max-width: 500px)\" srcset=\"https:\/\/files.sunoresearch.com.br\/n\/uploads\/2023\/03\/Ebook-Acoes-Mobile-1.jpg\">\n\t\t\t\t<img class=\"newsContent__article__imgCapa newsContent__article__imgCapa--banner\"\n\t\t\t\t\tsrc=\"https:\/\/files.sunoresearch.com.br\/n\/uploads\/2023\/03\/Ebook-Acoes-Desktop-1.jpg\"\n\t\t\t\t\tdata-promo-id=\"171998\"\t\t\t\t\t\t\t\t\t\twidth='1420' height='286'\t\t\t\t\talt=\"https:\/\/files.sunoresearch.com.br\/n\/uploads\/2023\/03\/Ebook-Acoes-Desktop-1.jpg\"\n\t\t\t\t>\n\t\t\t<\/picture>\n\t\t<\/a>\n\t<\/p>\n\n\n\n\n\n<h2 class=\"wp-block-heading\">Desempenho das a\u00e7\u00f5es de Casas Bahia<\/h2>\n\n\n\n<p>No fechamento de sexta-feira (8), as a\u00e7\u00f5es de <strong>Casas Bahia<\/strong> subiram 0,12%, a R$ 8,11.<\/p>\n\n\n\n<div class=\"pluginQuotation\">\n  <p class=\"ticker\">\n    Cota\u00e7\u00e3o <span>BHIA3<\/span>\n  <\/p>\n  <div class=\"info\">\n    <div class=\"leftSide\">\n      Gr\u00e1fico gerado em: 11\/03\/2024    <\/div>\n\t\t\t\t\t<div class=\"rightSide\">\n\t\t\t\t\t<span class=\"period\">\n\t\t\t\t\t\t5 Dias\t\t\t\t\t<\/span>\n\t\t\t<\/div>\n\t\t  <\/div>\n\n  <div id=\"chart-3fa353fe2ad819e85b9898ccaf1ce9ac\" data-block-hash=\"3fa353fe2ad819e85b9898ccaf1ce9ac\"  class=\"chart\" style=\"width:100%;height:400px;\"><\/div>\n\n  <div class=\"pluginQuotation__footer\">\n    <div class=\"dataChart\">\n\n      <div class=\"dataChart__div1 variation\">\n        <div class=\"value-negative\">\n          -16,67 (-1,62%)        <\/div>\n        <div class=\"text\">\n          Varia\u00e7\u00e3o do per\u00edodo\n        <\/div>\n      <\/div>\n\n      <div class=\"dataChart__div2 minMax\">\n        <div class=\"value\">\n          R$\u00a08,08        <\/div>\n        <div class=\"text\">\n          M\u00ednima\n        <\/div>\n      <\/div>\n\n      <div class=\"dataChart__div3 minMax\">\n        <div class=\"value\">\n          R$\u00a010,17        <\/div>\n        <div class=\"text\">\n          M\u00e1xima\n        <\/div>\n      <\/div>\n\n\t\t\t<div class=\"dataChart__div4 rightSide\">\n\t\t\t\t<div class=\"analiticaSource\">\n\t\t\t\t\t<span>\n\t\t\t\t\t\tFonte:\n\t\t\t\t\t<\/span>\n\t\t\t\t\t<img decoding=\"async\" class=\"analiticaLogo\" src=\"https:\/\/www.suno.com.br\/noticias\/wp-content\/plugins\/suno-block-ticker-quotation\/src\/suno-analitica-logo.png\" alt=\"Logo Suno Anal\u00edtica\" \/>\n\t\t\t\t<\/div>\n\n\t\t\t\t<a href=\"https:\/\/www.suno.com.br\/analitica\/acoes\/BHIA3\" target=\"_blank\">\n\t\t\t\t\t<span>\n\t\t\t\t\t\tVer mais cota\u00e7\u00f5es\n\t\t\t\t\t<\/span>\n\t\t\t\t\t<svg xmlns=\"http:\/\/www.w3.org\/2000\/svg\" width=\"9\" height=\"8\" viewBox=\"0 0 9 8\" fill=\"none\">\n\t\t\t\t\t\t<path d=\"M4.20996 0L3.50496 0.705L6.29496 3.5H0.209961V4.5H6.29496L3.50496 7.295L4.20996 8L8.20996 4L4.20996 0Z\" fill=\"#D42126\" \/>\n\t\t\t\t\t<\/svg>\n\t\t\t\t<\/a>\n    <\/div>\n\n    <\/div>\n  <\/div>\n<\/div>\n\n\n<script type=\"text\/javascript\">\n  let chart_3fa353fe2ad819e85b9898ccaf1ce9ac = document.getElementById('chart-3fa353fe2ad819e85b9898ccaf1ce9ac');\n  let data_json_3fa353fe2ad819e85b9898ccaf1ce9ac = \"[{\\\"date\\\":\\\"04\\\\\\\/03\\\\\\\/24 10:20\\\",\\\"value\\\":9.72},{\\\"date\\\":\\\"04\\\\\\\/03\\\\\\\/24 10:30\\\",\\\"value\\\":9.76},{\\\"date\\\":\\\"04\\\\\\\/03\\\\\\\/24 10:40\\\",\\\"value\\\":9.81},{\\\"date\\\":\\\"04\\\\\\\/03\\\\\\\/24 10:50\\\",\\\"value\\\":9.85},{\\\"date\\\":\\\"04\\\\\\\/03\\\\\\\/24 11:00\\\",\\\"value\\\":9.79},{\\\"date\\\":\\\"04\\\\\\\/03\\\\\\\/24 12:30\\\",\\\"value\\\":9.71},{\\\"date\\\":\\\"04\\\\\\\/03\\\\\\\/24 12:40\\\",\\\"value\\\":9.74},{\\\"date\\\":\\\"04\\\\\\\/03\\\\\\\/24 12:50\\\",\\\"value\\\":9.78},{\\\"date\\\":\\\"04\\\\\\\/03\\\\\\\/24 13:00\\\",\\\"value\\\":9.79},{\\\"date\\\":\\\"04\\\\\\\/03\\\\\\\/24 13:10\\\",\\\"value\\\":9.87},{\\\"date\\\":\\\"04\\\\\\\/03\\\\\\\/24 15:10\\\",\\\"value\\\":9.76},{\\\"date\\\":\\\"04\\\\\\\/03\\\\\\\/24 15:20\\\",\\\"value\\\":9.72},{\\\"date\\\":\\\"04\\\\\\\/03\\\\\\\/24 15:30\\\",\\\"value\\\":9.8},{\\\"date\\\":\\\"04\\\\\\\/03\\\\\\\/24 15:40\\\",\\\"value\\\":9.8},{\\\"date\\\":\\\"04\\\\\\\/03\\\\\\\/24 15:50\\\",\\\"value\\\":9.79},{\\\"date\\\":\\\"05\\\\\\\/03\\\\\\\/24 10:10\\\",\\\"value\\\":9.96},{\\\"date\\\":\\\"05\\\\\\\/03\\\\\\\/24 10:20\\\",\\\"value\\\":9.99},{\\\"date\\\":\\\"05\\\\\\\/03\\\\\\\/24 10:30\\\",\\\"value\\\":10.02},{\\\"date\\\":\\\"05\\\\\\\/03\\\\\\\/24 10:40\\\",\\\"value\\\":10.03},{\\\"date\\\":\\\"05\\\\\\\/03\\\\\\\/24 12:40\\\",\\\"value\\\":10.16},{\\\"date\\\":\\\"05\\\\\\\/03\\\\\\\/24 12:50\\\",\\\"value\\\":10.16},{\\\"date\\\":\\\"05\\\\\\\/03\\\\\\\/24 13:00\\\",\\\"value\\\":10.16},{\\\"date\\\":\\\"05\\\\\\\/03\\\\\\\/24 13:10\\\",\\\"value\\\":10.17},{\\\"date\\\":\\\"05\\\\\\\/03\\\\\\\/24 13:20\\\",\\\"value\\\":10.11},{\\\"date\\\":\\\"06\\\\\\\/03\\\\\\\/24 10:10\\\",\\\"value\\\":9.69},{\\\"date\\\":\\\"06\\\\\\\/03\\\\\\\/24 10:20\\\",\\\"value\\\":9.74},{\\\"date\\\":\\\"06\\\\\\\/03\\\\\\\/24 10:30\\\",\\\"value\\\":9.59},{\\\"date\\\":\\\"06\\\\\\\/03\\\\\\\/24 13:20\\\",\\\"value\\\":9.23},{\\\"date\\\":\\\"06\\\\\\\/03\\\\\\\/24 13:30\\\",\\\"value\\\":9.13},{\\\"date\\\":\\\"06\\\\\\\/03\\\\\\\/24 13:40\\\",\\\"value\\\":9.1},{\\\"date\\\":\\\"06\\\\\\\/03\\\\\\\/24 13:50\\\",\\\"value\\\":9.1},{\\\"date\\\":\\\"06\\\\\\\/03\\\\\\\/24 14:00\\\",\\\"value\\\":9.11},{\\\"date\\\":\\\"07\\\\\\\/03\\\\\\\/24 11:30\\\",\\\"value\\\":8.21},{\\\"date\\\":\\\"07\\\\\\\/03\\\\\\\/24 11:40\\\",\\\"value\\\":8.12},{\\\"date\\\":\\\"07\\\\\\\/03\\\\\\\/24 11:50\\\",\\\"value\\\":8.15},{\\\"date\\\":\\\"07\\\\\\\/03\\\\\\\/24 12:00\\\",\\\"value\\\":8.15},{\\\"date\\\":\\\"07\\\\\\\/03\\\\\\\/24 12:10\\\",\\\"value\\\":8.14},{\\\"date\\\":\\\"07\\\\\\\/03\\\\\\\/24 14:20\\\",\\\"value\\\":8.12},{\\\"date\\\":\\\"07\\\\\\\/03\\\\\\\/24 14:30\\\",\\\"value\\\":8.09},{\\\"date\\\":\\\"07\\\\\\\/03\\\\\\\/24 14:40\\\",\\\"value\\\":8.1},{\\\"date\\\":\\\"07\\\\\\\/03\\\\\\\/24 14:50\\\",\\\"value\\\":8.08},{\\\"date\\\":\\\"07\\\\\\\/03\\\\\\\/24 15:00\\\",\\\"value\\\":8.1}]\";\n  let isPositive_3fa353fe2ad819e85b9898ccaf1ce9ac = \"\";\n\n  let color_3fa353fe2ad819e85b9898ccaf1ce9ac = isPositive_3fa353fe2ad819e85b9898ccaf1ce9ac ? '#3AB53A' : '#D92C2D';\n\n  let data_3fa353fe2ad819e85b9898ccaf1ce9ac = JSON.parse(data_json_3fa353fe2ad819e85b9898ccaf1ce9ac);\n\n  const result_3fa353fe2ad819e85b9898ccaf1ce9ac = {\n    date: [],\n    value: [],\n  };\n\n  data_3fa353fe2ad819e85b9898ccaf1ce9ac.forEach((item) => {\n    result_3fa353fe2ad819e85b9898ccaf1ce9ac.date.push(item.date);\n    result_3fa353fe2ad819e85b9898ccaf1ce9ac.value.push(Number(item.value));\n  });\n\n  let option_3fa353fe2ad819e85b9898ccaf1ce9ac = {\n    \/\/ variavel de cor global\n    color: [color_3fa353fe2ad819e85b9898ccaf1ce9ac],\n    title: {\n      text: '',\n    },\n    tooltip: {\n      trigger: 'axis',\n      axisPointer: {\n        type: 'cross',\n        label: {\n          \/\/ cor dos valores em X e Y\n          backgroundColor: color_3fa353fe2ad819e85b9898ccaf1ce9ac,\n          formatter: (value) => {\n            if (typeof value.value === 'number') {\n              return Number(value.value).toLocaleString('pt-br', {\n                style: 'currency',\n                currency: 'BRL'\n              });\n            }\n            return value.value;\n          },\n        },\n      },\n      valueFormatter: (value) => Number(value).toLocaleString('pt-br', {\n        style: 'currency',\n        currency: 'BRL'\n      }),\n    },\n    legend: {\n      \/\/ data: ['Valor de Fechamento'],\n      show: false,\n    },\n    toolbox: {\n      feature: {\n        saveAsImage: {\n          show: false,\n        },\n      },\n    },\n    grid: {\n      left: '0px',\n      right: '0px',\n      bottom: '0px',\n      containLabel: true,\n    },\n    xAxis: [{\n      type: 'category',\n      data: result_3fa353fe2ad819e85b9898ccaf1ce9ac.date,\n      boundaryGap: true,\n    }],\n    yAxis: [{\n      type: 'value',\n      min: Math.min(...result_3fa353fe2ad819e85b9898ccaf1ce9ac.value),\n      max: Math.max(...result_3fa353fe2ad819e85b9898ccaf1ce9ac.value),\n      axisLabel: {\n        formatter: (value) => value.toLocaleString('pt-br', {\n          style: 'currency',\n          currency: 'BRL'\n        }),\n      },\n    }],\n    series: [{\n      name: 'Valor de Fechamento',\n      type: 'line',\n      stack: 'Total',\n      \/\/ cor do grafico\n      areaStyle: {},\n      emphasis: {\n        focus: 'series',\n      },\n      data: result_3fa353fe2ad819e85b9898ccaf1ce9ac.value,\n      \/\/ cor da linha\n      lineStyle: {\n        color: color_3fa353fe2ad819e85b9898ccaf1ce9ac,\n      },\n    }, ],\n  };\n\n\twindow.chart_3fa353fe2ad819e85b9898ccaf1ce9ac = {\n\t\tel: chart_3fa353fe2ad819e85b9898ccaf1ce9ac,\n\t\toption: option_3fa353fe2ad819e85b9898ccaf1ce9ac\t};\n\n\n<\/script>\n\n\n\t<p>\n\t\t<a href=\"https:\/\/lp.suno.com.br\/planilha-de-controle-de-investimentos\/\" target=\"_blank\" data-element=\"shortcode-suno-banner\" title=\"Banner SUNO, clique e saiba mais\">\n\t\t\t<picture>\n\t\t\t\t<source media=\"(max-width: 500px)\" srcset=\"https:\/\/files.sunoresearch.com.br\/n\/uploads\/2023\/03\/400x300-Controle-de-Investimentos.png\">\n\t\t\t\t<img class=\"newsContent__article__imgCapa newsContent__article__imgCapa--banner\"\n\t\t\t\t\tsrc=\"https:\/\/files.sunoresearch.com.br\/n\/uploads\/2023\/03\/1420x240-Controle-de-Investimentos.png\"\n\t\t\t\t\tdata-promo-id=\"75934\"\t\t\t\t\t\t\t\t\t\twidth='1420' height='240'\t\t\t\t\talt=\"https:\/\/files.sunoresearch.com.br\/n\/uploads\/2023\/03\/1420x240-Controle-de-Investimentos.png\"\n\t\t\t\t>\n\t\t\t<\/picture>\n\t\t<\/a>\n\t<\/p>\n\n\n","protected":false},"excerpt":{"rendered":"<p>A\u00a0Casas Bahia\u00a0(BHIA3) comunicou aos seus acionistas e ao mercado em geral que prorrogou a data da divulga\u00e7\u00e3o do seu balan\u00e7o de resultados do quarto trimestre de 2023 (4T23) e adiou sua\u00a0assembleia geral ordin\u00e1ria\u00a0(AGO) de 2024. Casas Bahia (BHIA3). Foto: Reprodu\u00e7\u00e3o\/ Via Segundo a varejista, a divulga\u00e7\u00e3o do balan\u00e7o do 4T23 da Casas Bahia, anteriormente prevista [&hellip;]<\/p>\n","protected":false},"author":313,"featured_media":452779,"comment_status":"closed","ping_status":"closed","sticky":false,"template":"","format":"standard","meta":[],"categories":[64],"tags":[1029,107138,1607],"suno_strategy":[],"class_list":["post-531737","post","type-post","status-publish","format-standard","has-post-thumbnail","hentry","category-negocios","tag-balancos-trimestrais","tag-casas-bahia-bhia3","tag-resultado-das-empresas"],"yoast_head":"<!-- This site is optimized with the Yoast SEO plugin v24.4 - https:\/\/yoast.com\/wordpress\/plugins\/seo\/ -->\n<title>Casas Bahia (BHIA3) prorroga divulga\u00e7\u00e3o de balan\u00e7o e adia AGO<\/title>\n<meta name=\"description\" content=\"A\u00a0Casas Bahia\u00a0prorrogou a data da divulga\u00e7\u00e3o do seu balan\u00e7o de resultados do 4T23 e adiou sua\u00a0assembleia geral ordin\u00e1ria\u00a0(AGO) de 2024.\" \/>\n<meta name=\"robots\" content=\"index, follow, max-snippet:-1, max-image-preview:large, max-video-preview:-1\" \/>\n<link rel=\"canonical\" href=\"https:\/\/www.suno.com.br\/noticias\/casas-bahia-bhia3-prorroga-balanco-adia-ago-gpj\/\" \/>\n<meta property=\"og:locale\" content=\"pt_BR\" \/>\n<meta property=\"og:type\" content=\"article\" \/>\n<meta property=\"og:title\" content=\"Casas Bahia (BHIA3) prorroga divulga\u00e7\u00e3o de balan\u00e7o e adia AGO\" \/>\n<meta property=\"og:description\" content=\"A\u00a0Casas Bahia\u00a0prorrogou a data da divulga\u00e7\u00e3o do seu balan\u00e7o de resultados do 4T23 e adiou sua\u00a0assembleia geral ordin\u00e1ria\u00a0(AGO) de 2024.\" \/>\n<meta property=\"og:url\" content=\"https:\/\/www.suno.com.br\/noticias\/casas-bahia-bhia3-prorroga-balanco-adia-ago-gpj\/\" \/>\n<meta property=\"og:site_name\" content=\"Suno Not\u00edcias\" \/>\n<meta property=\"article:publisher\" content=\"https:\/\/facebook.com\/sunoresearch\" \/>\n<meta property=\"og:image\" content=\"https:\/\/files.sunoresearch.com.br\/n\/uploads\/2023\/09\/casas-bahia-via-viia3-loja.jpg\" \/>\n\t<meta property=\"og:image:width\" content=\"1200\" \/>\n\t<meta property=\"og:image:height\" content=\"800\" \/>\n\t<meta property=\"og:image:type\" content=\"image\/jpeg\" \/>\n<meta name=\"author\" content=\"Giovanni Porf\u00edrio Jacomino\" \/>\n<meta name=\"twitter:card\" content=\"summary_large_image\" \/>\n<meta name=\"twitter:creator\" content=\"@sunoresearch\" \/>\n<meta name=\"twitter:site\" content=\"@sunoresearch\" \/>\n<meta name=\"twitter:label1\" content=\"Escrito por\" \/>\n\t<meta name=\"twitter:data1\" content=\"Giovanni Porf\u00edrio Jacomino\" \/>\n\t<meta name=\"twitter:label2\" content=\"Est. tempo de leitura\" \/>\n\t<meta name=\"twitter:data2\" content=\"3 minutos\" \/>\n<script type=\"application\/ld+json\" class=\"yoast-schema-graph\">{\"@context\":\"https:\/\/schema.org\",\"@graph\":[{\"@type\":\"NewsArticle\",\"@id\":\"https:\/\/www.suno.com.br\/noticias\/casas-bahia-bhia3-prorroga-balanco-adia-ago-gpj\/#article\",\"isPartOf\":{\"@id\":\"https:\/\/www.suno.com.br\/noticias\/casas-bahia-bhia3-prorroga-balanco-adia-ago-gpj\/\"},\"author\":{\"name\":\"Giovanni Porf\u00edrio Jacomino\",\"@id\":\"https:\/\/www.suno.com.br\/noticias\/#\/schema\/person\/d0f32748bbca4bee871fa191ee4e2d40\"},\"headline\":\"Casas Bahia (BHIA3) prorroga divulga\u00e7\u00e3o de balan\u00e7o e adia AGO; veja novas datas\",\"datePublished\":\"2024-03-11T10:41:33+00:00\",\"dateModified\":\"2024-03-11T10:41:39+00:00\",\"mainEntityOfPage\":{\"@id\":\"https:\/\/www.suno.com.br\/noticias\/casas-bahia-bhia3-prorroga-balanco-adia-ago-gpj\/\"},\"wordCount\":473,\"publisher\":{\"@id\":\"https:\/\/www.suno.com.br\/noticias\/#organization\"},\"image\":{\"@id\":\"https:\/\/www.suno.com.br\/noticias\/casas-bahia-bhia3-prorroga-balanco-adia-ago-gpj\/#primaryimage\"},\"thumbnailUrl\":\"https:\/\/files.sunoresearch.com.br\/n\/uploads\/2023\/09\/casas-bahia-via-viia3-loja.jpg\",\"keywords\":[\"balan\u00e7os trimestrais\",\"Casas Bahia (BHIA3)\",\"Resultado das empresas\"],\"articleSection\":[\"Neg\u00f3cios\"],\"inLanguage\":\"pt-BR\"},{\"@type\":\"WebPage\",\"@id\":\"https:\/\/www.suno.com.br\/noticias\/casas-bahia-bhia3-prorroga-balanco-adia-ago-gpj\/\",\"url\":\"https:\/\/www.suno.com.br\/noticias\/casas-bahia-bhia3-prorroga-balanco-adia-ago-gpj\/\",\"name\":\"Casas Bahia (BHIA3) prorroga divulga\u00e7\u00e3o de balan\u00e7o e adia AGO\",\"isPartOf\":{\"@id\":\"https:\/\/www.suno.com.br\/noticias\/#website\"},\"primaryImageOfPage\":{\"@id\":\"https:\/\/www.suno.com.br\/noticias\/casas-bahia-bhia3-prorroga-balanco-adia-ago-gpj\/#primaryimage\"},\"image\":{\"@id\":\"https:\/\/www.suno.com.br\/noticias\/casas-bahia-bhia3-prorroga-balanco-adia-ago-gpj\/#primaryimage\"},\"thumbnailUrl\":\"https:\/\/files.sunoresearch.com.br\/n\/uploads\/2023\/09\/casas-bahia-via-viia3-loja.jpg\",\"datePublished\":\"2024-03-11T10:41:33+00:00\",\"dateModified\":\"2024-03-11T10:41:39+00:00\",\"description\":\"A\u00a0Casas Bahia\u00a0prorrogou a data da divulga\u00e7\u00e3o do seu balan\u00e7o de resultados do 4T23 e adiou sua\u00a0assembleia geral ordin\u00e1ria\u00a0(AGO) de 2024.\",\"breadcrumb\":{\"@id\":\"https:\/\/www.suno.com.br\/noticias\/casas-bahia-bhia3-prorroga-balanco-adia-ago-gpj\/#breadcrumb\"},\"inLanguage\":\"pt-BR\",\"potentialAction\":[{\"@type\":\"ReadAction\",\"target\":[\"https:\/\/www.suno.com.br\/noticias\/casas-bahia-bhia3-prorroga-balanco-adia-ago-gpj\/\"]}]},{\"@type\":\"ImageObject\",\"inLanguage\":\"pt-BR\",\"@id\":\"https:\/\/www.suno.com.br\/noticias\/casas-bahia-bhia3-prorroga-balanco-adia-ago-gpj\/#primaryimage\",\"url\":\"https:\/\/files.sunoresearch.com.br\/n\/uploads\/2023\/09\/casas-bahia-via-viia3-loja.jpg\",\"contentUrl\":\"https:\/\/files.sunoresearch.com.br\/n\/uploads\/2023\/09\/casas-bahia-via-viia3-loja.jpg\",\"width\":1200,\"height\":800,\"caption\":\"Casas Bahia (BHIA3). Foto: Reprodu\u00e7\u00e3o\/ Via\"},{\"@type\":\"BreadcrumbList\",\"@id\":\"https:\/\/www.suno.com.br\/noticias\/casas-bahia-bhia3-prorroga-balanco-adia-ago-gpj\/#breadcrumb\",\"itemListElement\":[{\"@type\":\"ListItem\",\"position\":1,\"name\":\"Not\u00edcias\",\"item\":\"https:\/\/www.suno.com.br\/noticias\/\"},{\"@type\":\"ListItem\",\"position\":2,\"name\":\"Neg\u00f3cios\",\"item\":\"https:\/\/www.suno.com.br\/noticias\/negocios\/\"},{\"@type\":\"ListItem\",\"position\":3,\"name\":\"Casas Bahia (BHIA3) prorroga divulga\u00e7\u00e3o de balan\u00e7o e adia AGO; veja novas datas\"}]},{\"@type\":\"WebSite\",\"@id\":\"https:\/\/www.suno.com.br\/noticias\/#website\",\"url\":\"https:\/\/www.suno.com.br\/noticias\/\",\"name\":\"Suno Not\u00edcias\",\"description\":\"Seu portal de informa\u00e7\u00e3o sobre o mundo dos investimentos\",\"publisher\":{\"@id\":\"https:\/\/www.suno.com.br\/noticias\/#organization\"},\"potentialAction\":[{\"@type\":\"SearchAction\",\"target\":{\"@type\":\"EntryPoint\",\"urlTemplate\":\"https:\/\/www.suno.com.br\/noticias\/?s={search_term_string}\"},\"query-input\":{\"@type\":\"PropertyValueSpecification\",\"valueRequired\":true,\"valueName\":\"search_term_string\"}}],\"inLanguage\":\"pt-BR\"},{\"@type\":\"Organization\",\"@id\":\"https:\/\/www.suno.com.br\/noticias\/#organization\",\"name\":\"Suno Not\u00edcias\",\"url\":\"https:\/\/www.suno.com.br\/noticias\/\",\"logo\":{\"@type\":\"ImageObject\",\"inLanguage\":\"pt-BR\",\"@id\":\"https:\/\/www.suno.com.br\/noticias\/#\/schema\/logo\/image\/\",\"url\":\"https:\/\/files.sunoresearch.com.br\/n\/uploads\/2021\/09\/suno-logo.png\",\"contentUrl\":\"https:\/\/files.sunoresearch.com.br\/n\/uploads\/2021\/09\/suno-logo.png\",\"width\":180,\"height\":180,\"caption\":\"Suno Not\u00edcias\"},\"image\":{\"@id\":\"https:\/\/www.suno.com.br\/noticias\/#\/schema\/logo\/image\/\"},\"sameAs\":[\"https:\/\/facebook.com\/sunoresearch\",\"https:\/\/x.com\/sunoresearch\",\"https:\/\/www.instagram.com\/suno\",\"https:\/\/www.linkedin.com\/company\/suno-research\/\",\"https:\/\/www.youtube.com\/c\/sunoresearch\"]},{\"@type\":\"Person\",\"@id\":\"https:\/\/www.suno.com.br\/noticias\/#\/schema\/person\/d0f32748bbca4bee871fa191ee4e2d40\",\"name\":\"Giovanni Porf\u00edrio Jacomino\",\"image\":{\"@type\":\"ImageObject\",\"inLanguage\":\"pt-BR\",\"@id\":\"https:\/\/www.suno.com.br\/noticias\/#\/schema\/person\/image\/\",\"url\":\"https:\/\/secure.gravatar.com\/avatar\/efb32e19b730a121cb7a80f41ffec01a?s=96&r=g\",\"contentUrl\":\"https:\/\/secure.gravatar.com\/avatar\/efb32e19b730a121cb7a80f41ffec01a?s=96&r=g\",\"caption\":\"Giovanni Porf\u00edrio Jacomino\"},\"description\":\"Giovanni Porf\u00edrio Jacomino \u00e9 jornalista formado pela Universidade Estadual de Londrina (UEL) e p\u00f3s-graduado em Produ\u00e7\u00e3o e Pr\u00e1ticas Jornal\u00edsticas na Contemporaneidade na Faculdade C\u00e1sper L\u00edbero (FCL). Foi editor web no Startupi e no Finsiders, atuando ainda como editor no TC Mover, portal de not\u00edcias da TradersClub, fazendo a cobertura de assuntos relacionados ao mercado financeiro interno e externo. Atualmente, \u00e9 Rep\u00f3rter do Suno Not\u00edcias.\",\"url\":\"https:\/\/www.suno.com.br\/noticias\/author\/giovanni-porfiriosuno-com-br\/\"}]}<\/script>\n<!-- \/ Yoast SEO plugin. -->","yoast_head_json":{"title":"Casas Bahia (BHIA3) prorroga divulga\u00e7\u00e3o de balan\u00e7o e adia AGO","description":"A\u00a0Casas Bahia\u00a0prorrogou a data da divulga\u00e7\u00e3o do seu balan\u00e7o de resultados do 4T23 e adiou sua\u00a0assembleia geral ordin\u00e1ria\u00a0(AGO) de 2024.","robots":{"index":"index","follow":"follow","max-snippet":"max-snippet:-1","max-image-preview":"max-image-preview:large","max-video-preview":"max-video-preview:-1"},"canonical":"https:\/\/www.suno.com.br\/noticias\/casas-bahia-bhia3-prorroga-balanco-adia-ago-gpj\/","og_locale":"pt_BR","og_type":"article","og_title":"Casas Bahia (BHIA3) prorroga divulga\u00e7\u00e3o de balan\u00e7o e adia AGO","og_description":"A\u00a0Casas Bahia\u00a0prorrogou a data da divulga\u00e7\u00e3o do seu balan\u00e7o de resultados do 4T23 e adiou sua\u00a0assembleia geral ordin\u00e1ria\u00a0(AGO) de 2024.","og_url":"https:\/\/www.suno.com.br\/noticias\/casas-bahia-bhia3-prorroga-balanco-adia-ago-gpj\/","og_site_name":"Suno Not\u00edcias","article_publisher":"https:\/\/facebook.com\/sunoresearch","og_image":[{"width":1200,"height":800,"url":"https:\/\/files.sunoresearch.com.br\/n\/uploads\/2023\/09\/casas-bahia-via-viia3-loja.jpg","type":"image\/jpeg"}],"author":"Giovanni Porf\u00edrio Jacomino","twitter_card":"summary_large_image","twitter_creator":"@sunoresearch","twitter_site":"@sunoresearch","twitter_misc":{"Escrito por":"Giovanni Porf\u00edrio Jacomino","Est. tempo de leitura":"3 minutos"},"schema":{"@context":"https:\/\/schema.org","@graph":[{"@type":"NewsArticle","@id":"https:\/\/www.suno.com.br\/noticias\/casas-bahia-bhia3-prorroga-balanco-adia-ago-gpj\/#article","isPartOf":{"@id":"https:\/\/www.suno.com.br\/noticias\/casas-bahia-bhia3-prorroga-balanco-adia-ago-gpj\/"},"author":{"name":"Giovanni Porf\u00edrio Jacomino","@id":"https:\/\/www.suno.com.br\/noticias\/#\/schema\/person\/d0f32748bbca4bee871fa191ee4e2d40"},"headline":"Casas Bahia (BHIA3) prorroga divulga\u00e7\u00e3o de balan\u00e7o e adia AGO; veja novas datas","datePublished":"2024-03-11T10:41:33+00:00","dateModified":"2024-03-11T10:41:39+00:00","mainEntityOfPage":{"@id":"https:\/\/www.suno.com.br\/noticias\/casas-bahia-bhia3-prorroga-balanco-adia-ago-gpj\/"},"wordCount":473,"publisher":{"@id":"https:\/\/www.suno.com.br\/noticias\/#organization"},"image":{"@id":"https:\/\/www.suno.com.br\/noticias\/casas-bahia-bhia3-prorroga-balanco-adia-ago-gpj\/#primaryimage"},"thumbnailUrl":"https:\/\/files.sunoresearch.com.br\/n\/uploads\/2023\/09\/casas-bahia-via-viia3-loja.jpg","keywords":["balan\u00e7os trimestrais","Casas Bahia (BHIA3)","Resultado das empresas"],"articleSection":["Neg\u00f3cios"],"inLanguage":"pt-BR"},{"@type":"WebPage","@id":"https:\/\/www.suno.com.br\/noticias\/casas-bahia-bhia3-prorroga-balanco-adia-ago-gpj\/","url":"https:\/\/www.suno.com.br\/noticias\/casas-bahia-bhia3-prorroga-balanco-adia-ago-gpj\/","name":"Casas Bahia (BHIA3) prorroga divulga\u00e7\u00e3o de balan\u00e7o e adia AGO","isPartOf":{"@id":"https:\/\/www.suno.com.br\/noticias\/#website"},"primaryImageOfPage":{"@id":"https:\/\/www.suno.com.br\/noticias\/casas-bahia-bhia3-prorroga-balanco-adia-ago-gpj\/#primaryimage"},"image":{"@id":"https:\/\/www.suno.com.br\/noticias\/casas-bahia-bhia3-prorroga-balanco-adia-ago-gpj\/#primaryimage"},"thumbnailUrl":"https:\/\/files.sunoresearch.com.br\/n\/uploads\/2023\/09\/casas-bahia-via-viia3-loja.jpg","datePublished":"2024-03-11T10:41:33+00:00","dateModified":"2024-03-11T10:41:39+00:00","description":"A\u00a0Casas Bahia\u00a0prorrogou a data da divulga\u00e7\u00e3o do seu balan\u00e7o de resultados do 4T23 e adiou sua\u00a0assembleia geral ordin\u00e1ria\u00a0(AGO) de 2024.","breadcrumb":{"@id":"https:\/\/www.suno.com.br\/noticias\/casas-bahia-bhia3-prorroga-balanco-adia-ago-gpj\/#breadcrumb"},"inLanguage":"pt-BR","potentialAction":[{"@type":"ReadAction","target":["https:\/\/www.suno.com.br\/noticias\/casas-bahia-bhia3-prorroga-balanco-adia-ago-gpj\/"]}]},{"@type":"ImageObject","inLanguage":"pt-BR","@id":"https:\/\/www.suno.com.br\/noticias\/casas-bahia-bhia3-prorroga-balanco-adia-ago-gpj\/#primaryimage","url":"https:\/\/files.sunoresearch.com.br\/n\/uploads\/2023\/09\/casas-bahia-via-viia3-loja.jpg","contentUrl":"https:\/\/files.sunoresearch.com.br\/n\/uploads\/2023\/09\/casas-bahia-via-viia3-loja.jpg","width":1200,"height":800,"caption":"Casas Bahia (BHIA3). Foto: Reprodu\u00e7\u00e3o\/ Via"},{"@type":"BreadcrumbList","@id":"https:\/\/www.suno.com.br\/noticias\/casas-bahia-bhia3-prorroga-balanco-adia-ago-gpj\/#breadcrumb","itemListElement":[{"@type":"ListItem","position":1,"name":"Not\u00edcias","item":"https:\/\/www.suno.com.br\/noticias\/"},{"@type":"ListItem","position":2,"name":"Neg\u00f3cios","item":"https:\/\/www.suno.com.br\/noticias\/negocios\/"},{"@type":"ListItem","position":3,"name":"Casas Bahia (BHIA3) prorroga divulga\u00e7\u00e3o de balan\u00e7o e adia AGO; veja novas datas"}]},{"@type":"WebSite","@id":"https:\/\/www.suno.com.br\/noticias\/#website","url":"https:\/\/www.suno.com.br\/noticias\/","name":"Suno Not\u00edcias","description":"Seu portal de informa\u00e7\u00e3o sobre o mundo dos investimentos","publisher":{"@id":"https:\/\/www.suno.com.br\/noticias\/#organization"},"potentialAction":[{"@type":"SearchAction","target":{"@type":"EntryPoint","urlTemplate":"https:\/\/www.suno.com.br\/noticias\/?s={search_term_string}"},"query-input":{"@type":"PropertyValueSpecification","valueRequired":true,"valueName":"search_term_string"}}],"inLanguage":"pt-BR"},{"@type":"Organization","@id":"https:\/\/www.suno.com.br\/noticias\/#organization","name":"Suno Not\u00edcias","url":"https:\/\/www.suno.com.br\/noticias\/","logo":{"@type":"ImageObject","inLanguage":"pt-BR","@id":"https:\/\/www.suno.com.br\/noticias\/#\/schema\/logo\/image\/","url":"https:\/\/files.sunoresearch.com.br\/n\/uploads\/2021\/09\/suno-logo.png","contentUrl":"https:\/\/files.sunoresearch.com.br\/n\/uploads\/2021\/09\/suno-logo.png","width":180,"height":180,"caption":"Suno Not\u00edcias"},"image":{"@id":"https:\/\/www.suno.com.br\/noticias\/#\/schema\/logo\/image\/"},"sameAs":["https:\/\/facebook.com\/sunoresearch","https:\/\/x.com\/sunoresearch","https:\/\/www.instagram.com\/suno","https:\/\/www.linkedin.com\/company\/suno-research\/","https:\/\/www.youtube.com\/c\/sunoresearch"]},{"@type":"Person","@id":"https:\/\/www.suno.com.br\/noticias\/#\/schema\/person\/d0f32748bbca4bee871fa191ee4e2d40","name":"Giovanni Porf\u00edrio Jacomino","image":{"@type":"ImageObject","inLanguage":"pt-BR","@id":"https:\/\/www.suno.com.br\/noticias\/#\/schema\/person\/image\/","url":"https:\/\/secure.gravatar.com\/avatar\/efb32e19b730a121cb7a80f41ffec01a?s=96&r=g","contentUrl":"https:\/\/secure.gravatar.com\/avatar\/efb32e19b730a121cb7a80f41ffec01a?s=96&r=g","caption":"Giovanni Porf\u00edrio Jacomino"},"description":"Giovanni Porf\u00edrio Jacomino \u00e9 jornalista formado pela Universidade Estadual de Londrina (UEL) e p\u00f3s-graduado em Produ\u00e7\u00e3o e Pr\u00e1ticas Jornal\u00edsticas na Contemporaneidade na Faculdade C\u00e1sper L\u00edbero (FCL). Foi editor web no Startupi e no Finsiders, atuando ainda como editor no TC Mover, portal de not\u00edcias da TradersClub, fazendo a cobertura de assuntos relacionados ao mercado financeiro interno e externo. Atualmente, \u00e9 Rep\u00f3rter do Suno Not\u00edcias.","url":"https:\/\/www.suno.com.br\/noticias\/author\/giovanni-porfiriosuno-com-br\/"}]}},"default_loop_html":"<div class=\"cardsPage__listCard__boxs\"><div class=\"cardsPage__listCard__boxs__img\"><a href=\"https:\/\/www.suno.com.br\/noticias\/casas-bahia-bhia3-prorroga-balanco-adia-ago-gpj\/\"><img class=\"mask\" src=\"https:\/\/www.suno.com.br\/noticias\/wp-content\/themes\/suno\/resources\/images\/spotlight\/spotlight1img\/bg-mask.png\" alt=\"Image Mask\"\/><img src=\"https:\/\/files.sunoresearch.com.br\/n\/uploads\/2023\/09\/casas-bahia-via-viia3-loja-400x200.jpg\" alt=\"Casas Bahia (BHIA3) prorroga divulga\u00e7\u00e3o de balan\u00e7o e adia AGO; veja novas datas\"\/><\/a><span class=\"spotlightCategory\"><a href=\"https:\/\/www.suno.com.br\/noticias\/negocios\/\">Neg\u00f3cios<\/a><\/span><\/div><div class=\"cardsPage__listCard__boxs__content\"><a href=\"https:\/\/www.suno.com.br\/noticias\/casas-bahia-bhia3-prorroga-balanco-adia-ago-gpj\/\"><h2 class=\"content__title\">Casas Bahia (BHIA3) prorroga divulga\u00e7\u00e3o de balan\u00e7o e adia AGO; veja novas datas<\/h2><\/a><div class=\"newsContent__article__meta\"><div class=\"newsContent__article__meta__authorBox\"><a href=\"https:\/\/www.suno.com.br\/noticias\/author\/giovanni-porfiriosuno-com-br\/\" class=\"authorBox__avatar noMobi\"><img src=\"https:\/\/files.sunoresearch.com.br\/n\/uploads\/2024\/05\/DSCF4115-1-1-150x150.webp\" alt=\"Giovanni Porf\u00edrio Jacomino\"><\/a><div class=\"authorBox__name\"><span>por\n\t\t\t<a href=\"https:\/\/www.suno.com.br\/noticias\/author\/giovanni-porfiriosuno-com-br\/\"><span itemprop=\"author\">Giovanni Porf\u00edrio Jacomino<\/span><\/a><\/span><time datetime=\"2024-03-11T07:41:33-03:00\" itemprop=\"datePublished\">11\/03\/2024 07:41<\/time><\/div><\/div><\/div><\/div><\/div>","single_layout":"posts","amp_enabled":true,"_links":{"self":[{"href":"https:\/\/www.suno.com.br\/noticias\/wp-json\/wp\/v2\/posts\/531737"}],"collection":[{"href":"https:\/\/www.suno.com.br\/noticias\/wp-json\/wp\/v2\/posts"}],"about":[{"href":"https:\/\/www.suno.com.br\/noticias\/wp-json\/wp\/v2\/types\/post"}],"author":[{"embeddable":true,"href":"https:\/\/www.suno.com.br\/noticias\/wp-json\/wp\/v2\/users\/313"}],"replies":[{"embeddable":true,"href":"https:\/\/www.suno.com.br\/noticias\/wp-json\/wp\/v2\/comments?post=531737"}],"version-history":[{"count":2,"href":"https:\/\/www.suno.com.br\/noticias\/wp-json\/wp\/v2\/posts\/531737\/revisions"}],"predecessor-version":[{"id":531750,"href":"https:\/\/www.suno.com.br\/noticias\/wp-json\/wp\/v2\/posts\/531737\/revisions\/531750"}],"wp:featuredmedia":[{"embeddable":true,"href":"https:\/\/www.suno.com.br\/noticias\/wp-json\/wp\/v2\/media\/452779"}],"wp:attachment":[{"href":"https:\/\/www.suno.com.br\/noticias\/wp-json\/wp\/v2\/media?parent=531737"}],"wp:term":[{"taxonomy":"category","embeddable":true,"href":"https:\/\/www.suno.com.br\/noticias\/wp-json\/wp\/v2\/categories?post=531737"},{"taxonomy":"post_tag","embeddable":true,"href":"https:\/\/www.suno.com.br\/noticias\/wp-json\/wp\/v2\/tags?post=531737"},{"taxonomy":"suno_strategy","embeddable":true,"href":"https:\/\/www.suno.com.br\/noticias\/wp-json\/wp\/v2\/suno_strategy?post=531737"}],"curies":[{"name":"wp","href":"https:\/\/api.w.org\/{rel}","templated":true}]}}