{"id":531511,"date":"2024-03-08T20:44:54","date_gmt":"2024-03-08T23:44:54","guid":{"rendered":"https:\/\/www.suno.com.br\/noticias\/?p=531511"},"modified":"2024-03-08T21:14:32","modified_gmt":"2024-03-09T00:14:32","slug":"gol-goll4-oferta-avianca-fora-azul-azul4-evm","status":"publish","type":"post","link":"https:\/\/www.suno.com.br\/noticias\/gol-goll4-oferta-avianca-fora-azul-azul4-evm\/","title":{"rendered":"Gol (GOLL4): Avianca fica de fora de oferta da Azul (AZUL4)"},"content":{"rendered":"<p>A eventual oferta da <a class=\"suno-keyword\" data-force=\"yes\" data-priority=\"2\" href=\"https:\/\/www.suno.com.br\/acoes\/AZUL4\/\" target=\"_blank\" rel=\"noopener\">Azul (AZUL4)<\/a> pela <a class=\"suno-keyword\" data-force=\"yes\" data-priority=\"2\" href=\"https:\/\/www.suno.com.br\/acoes\/GOLL4\/\" target=\"_blank\" rel=\"noopener\"><strong>Gol<\/strong> (GOLL4)<\/a>, que pediu recupera\u00e7\u00e3o judicial nos EUA recentemente, n\u00e3o deve incluir a Avianca. As informa\u00e7\u00f5es s\u00e3o do jornal Valor Econ\u00f4mico.<\/p><div class=\"videoFull \">\n\t\t\t<div class=\"videoWrapper yt-lazyload center\"\n\t\t\t\tdata-width=\"960\"\n\t\t\t\tdata-height=\"540\"\n\t\t\t\tdata-id=\"4EHJquigVg0\"\n\t\t\t\tdata-alt=\"V\u00eddeo do YouTube - clique para reproduzir\"\n\t\t\t\tdata-logo=\"3\"\n\t\t\t\tdata-imagequality=\"maxres\">\n\t\t\t<\/div>\n\t\t<\/div><script type=\"application\/ld+json\">{\"@context\":\"https:\/\/schema.org\",\"@type\":\"VideoObject\",\"name\":\"\ud83d\udd34PETROBRAS (PETR4) AFUNDA SEM DIVIDENDOS | Fim da novela da Vale (VALE3)? | Ibovespa cai\",\"description\":\"#mercadofinanceiro #a\u00e7\u00f5es #investimentos #bolsadevalores #ibovespa #dinheiro #finan\u00e7as #pol\u00edtica #d\u00f3lar #livedas19h #petr4 #petr3 #petrobras #vale3 #vale #a\u00e7\u00f5es #economia #dividendos #min\u00e9riodeferro #min\u00e9rio #petr\u00f3leo #commodities #proventos #resultados #balan\u00e7os #4t23 #magazineluiza #mglu3 00:00 In\u00edcio do v\u00eddeo 01:20 Fechamento de preg\u00e3o 05:10 PETR4 afunda 10:45 Fim da novela da Vale? 14:40 CEO do Magalu diz estar 'confort\u00e1vel' 17:50 Nubank: 51%\u2026\",\"duration\":\"PT23M29S\",\"embedUrl\":\"https:\/\/www.youtube.com\/embed\/4EHJquigVg0\",\"regionsAllowed\":\"en-US\",\"interactionStatistic\":{\"@type\":\"InteractionCounter\",\"interactionType\":{\"@type\":\"WatchAction\"},\"userInteractionCount\":5423},\"thumbnailUrl\":\"https:\/\/i.ytimg.com\/vi\/4EHJquigVg0\/default.jpg\",\"uploadDate\":\"2024-03-08T22:29:11Z\"}<\/script>\n\n\n\n\n\n\n\t<p>\n\t\t<a href=\"\" target=\"_blank\" data-element=\"shortcode-suno-banner\" title=\"Banner SUNO, clique e saiba mais\">\n\t\t\t<picture>\n\t\t\t\t<source media=\"(max-width: 500px)\" srcset=\"\">\n\t\t\t\t<img class=\"newsContent__article__imgCapa newsContent__article__imgCapa--banner\"\n\t\t\t\t\tsrc=\"\"\n\t\t\t\t\tdata-promo-id=\"265381\"\t\t\t\t\t\t\t\t\t\t\t\t\t\t\talt=\"\"\n\t\t\t\t>\n\t\t\t<\/picture>\n\t\t<\/a>\n\t<\/p>\n\n\n\n\n\n<p>Com isso, a transa\u00e7\u00e3o entre <strong>Azul e Gol<\/strong> deve envolver somente as partes brasileiras.<\/p>\n\n\n\n<p>Os di\u00e1logos ainda s\u00e3o iniciais e ambas as <strong>companhias a\u00e9reas<\/strong> est\u00e3o avaliando o resultado do M&amp;A &#8211; que pode ser uma fus\u00e3o ou uma compra simples.<\/p>\n\n\n\n<p>Uma das op\u00e7\u00f5es, por exemplo, seria a <strong>entrada da Azul na Abra, holding<\/strong> que controla a Gol &#8211; contudo, fontes a par do tema relatam que a proposta n\u00e3o agrada a companhia gerida por David Neeleman, que \u00e9 o lado comprador.<\/p>\n\n\n\n<p>A ideia \u00e9 que a abordagem seja menos hostil do que a feita com a Latam Brasil em um passado recente.<\/p>\n\n\n\n<p>Em meados de 2021 e 2022 a Azul j\u00e1 havia se aproximado no intuito de uma transa\u00e7\u00e3o &#8211; durante a gest\u00e3o de <a class=\"suno-keyword\" target=\"_blank\" data-force=\"no\" data-priority=\"2\" href=\"https:\/\/www.suno.com.br\/tudo-sobre\/paulo-kakinoff\/\" rel=\"noopener\">Paulo Kakinoff<\/a> &#8211; por\u00e9m sem sucesso.<\/p>\n\n\n\n<p>\u00c0 \u00e9poca, a ideia era a cria\u00e7\u00e3o de uma joint venture entre ambas as companhias.<\/p>\n\n\n\n<h2 class=\"wp-block-heading\">Oferta da Azul est\u00e1 nos planos? Gol afirma que vai avaliar &#8220;transa\u00e7\u00f5es alternativas dispon\u00edveis&#8221;<\/h2>\n\n\n\n<p>A GOL comunicou ao mercado nesta quinta-feira (7) que, em rela\u00e7\u00e3o ao processo de recupera\u00e7\u00e3o judicial em curso sob o Chapter 11, vai avaliar internamente alternativas e\/ou transa\u00e7\u00f5es alternativas dispon\u00edveis, bem como examinar\u00e1 oportunidades apresentadas por potenciais fontes de capital.<\/p>\n\n\n\n<p>Na nota, a Gol afirma que conduzir\u00e1 um processo competitivo com o apoio de seus assessores, mas que ele ainda n\u00e3o come\u00e7ou e que &#8220;nenhuma negocia\u00e7\u00e3o com o objetivo de concretizar uma transa\u00e7\u00e3o foi iniciada&#8221;.<\/p>\n\n\n\t<p>\n\t\t<a href=\"https:\/\/lp.suno.com.br\/ebook-como-analisar-uma-acao\/\" target=\"_blank\" data-element=\"shortcode-suno-banner\" title=\"Banner SUNO, clique e saiba mais\">\n\t\t\t<picture>\n\t\t\t\t<source media=\"(max-width: 500px)\" srcset=\"https:\/\/files.sunoresearch.com.br\/n\/uploads\/2023\/03\/Ebook-Acoes-Mobile.jpg\">\n\t\t\t\t<img class=\"newsContent__article__imgCapa newsContent__article__imgCapa--banner\"\n\t\t\t\t\tsrc=\"https:\/\/files.sunoresearch.com.br\/n\/uploads\/2023\/03\/Ebook-Acoes-Desktop.jpg\"\n\t\t\t\t\tdata-promo-id=\"378302\"\t\t\t\t\t\t\t\t\t\twidth='1420' height='286'\t\t\t\t\talt=\"https:\/\/files.sunoresearch.com.br\/n\/uploads\/2023\/03\/Ebook-Acoes-Desktop.jpg\"\n\t\t\t\t>\n\t\t\t<\/picture>\n\t\t<\/a>\n\t<\/p>\n\n\n\n\n\n<p>No fim de janeiro, a<strong>&nbsp;<\/strong>Gol<strong>&nbsp;<\/strong>entrou oficialmente com um <strong>pedido de recupera\u00e7\u00e3o judicial<\/strong> nos Estados Unidos, em procedimento chamado de Chapter 11.&nbsp;No processo, a companhia a\u00e9rea conseguiu aumentar seu financiamento de devedores em posse para US$ 1 bilh\u00e3o, de US$ 950 milh\u00f5es.<\/p>\n\n\n\n<p>Na \u00faltima quarta-feira (6), a&nbsp;<strong>Azul<\/strong>&nbsp;(<a href=\"https:\/\/statusinvest.com.br\/acoes\/azul4?__hstc=189907700.a70e542b5675529ab30fec42ef1e7569.1707742872426.1709821217126.1709825376575.64&amp;__hssc=189907700.6.1709825376575&amp;__hsfp=3087225308\">AZUL4<\/a>) se manifestou \u00e0 respeito da not\u00edcia veiculada pela Bloomberg News, citando fontes, de que a companhia a\u00e9rea estaria trabalhando com o Citigroup e o Guggenheim Partners para explorar uma potencial oferta pela&nbsp;GOL.<\/p>\n\n\n\n<p>No texto, anexado \u00e0 Comiss\u00e3o de Valores Mobili\u00e1rios (CVM), a Azul disse que \u201cest\u00e1 sempre atenta \u00e0s din\u00e2micas estrat\u00e9gicas do setor a\u00e9reo e \u00e0 poss\u00edveis oportunidades de parcerias, podendo como pr\u00e1tica regular contratar consultores para apoiar a empresa nesses esfor\u00e7os\u201d. No entanto, at\u00e9 o momento, segundo a companhia, \u201cn\u00e3o negociou nem aprovou nenhuma transa\u00e7\u00e3o espec\u00edfica\u201d.<\/p>\n\n\n\n<p>\u201cA companhia gostaria de refor\u00e7ar o seu compromisso com a observ\u00e2ncia das regras de divulga\u00e7\u00e3o de informa\u00e7\u00f5es peri\u00f3dicas, eventuais e demais informa\u00e7\u00f5es de interesse do mercado aplic\u00e1veis \u00e0s&nbsp;<a href=\"https:\/\/www.suno.com.br\/artigos\/companhias-abertas\/\">companhias abertas<\/a>, garantindo sua ampla e imediata dissemina\u00e7\u00e3o e o tratamento equitativo a todos, de forma a evitar qualquer tipo de&nbsp;<a href=\"https:\/\/www.suno.com.br\/artigos\/assimetria-de-informacao\/\">assimetria de informa\u00e7\u00e3o<\/a>&nbsp;que possa prejudicar seus investidores\u201d, acrescentou a Azul.<\/p>\n\n\n\n<p>Segundo fontes informaram \u00e0 Bloomberg News, a&nbsp;<strong>Azul&nbsp;<\/strong>(<a href=\"https:\/\/statusinvest.com.br\/acoes\/azul4?__hstc=189907700.7f3d0da29e602ca3223d0e257d165daa.1706560684013.1709824811125.1709826732587.132&amp;__hssc=189907700.10.1709826732587&amp;__hsfp=3087225308\">AZUL4<\/a>) est\u00e1 trabalhando com o Citigroup e o Guggenheim Partners para explorar uma potencial oferta pela&nbsp;<a href=\"https:\/\/www.suno.com.br\/acoes\/GOLL4\/\">Gol (GOLL4)<\/a>.<\/p>\n\n\n\n<p>De acordo com uma fonte, as empresas assessoram a Azul, que avalia diversas op\u00e7\u00f5es, incluindo a aquisi\u00e7\u00e3o completa de sua rival, mas ainda pode decidir por deixar a ideia de lado. Vale lembrar que qualquer oferta precisaria da aprova\u00e7\u00e3o do Conselho Administrativo de Defesa Econ\u00f4mica (Cade).<\/p>\n\n\n\n<p>No fim de janeiro, a<strong>&nbsp;Gol&nbsp;<\/strong>(<strong>GOLL4<\/strong>) entrou oficialmente com um pedido de recupera\u00e7\u00e3o judicial nos Estados Unidos, em procedimento chamado de Chapter 11.&nbsp;No processo, a companhia a\u00e9rea conseguiu aumentar seu financiamento de devedores em posse para US$ 1 bilh\u00e3o, de US$ 950 milh\u00f5es.<\/p>\n\n\n\n<p>A Bloomberg lembra que embora as duas companhias \u2013 al\u00e9m da&nbsp;<strong>Latam<\/strong>&nbsp;\u2013 atendam algumas rotas de grande tr\u00e1fego, a <strong>Gol <\/strong>est\u00e1 mais concentrada em voos entre S\u00e3o Paulo, Rio de Janeiro e Bras\u00edlia, enquanto a rede da Azul para outras cidades \u00e9 maior.<\/p>\n\n\n\t<p>\n\t\t<a href=\"https:\/\/lp.suno.com.br\/plataforma-de-controle-de-investimentos\/\" target=\"_blank\" data-element=\"shortcode-suno-banner\" title=\"Banner SUNO, clique e saiba mais\">\n\t\t\t<picture>\n\t\t\t\t<source media=\"(max-width: 500px)\" srcset=\"https:\/\/files.sunoresearch.com.br\/n\/uploads\/2023\/03\/400x300-Controle-de-Investimentos.png\">\n\t\t\t\t<img class=\"newsContent__article__imgCapa newsContent__article__imgCapa--banner\"\n\t\t\t\t\tsrc=\"https:\/\/files.sunoresearch.com.br\/n\/uploads\/2023\/03\/1420x240-Controle-de-Investimentos.png\"\n\t\t\t\t\tdata-promo-id=\"383162\"\t\t\t\t\t\t\t\t\t\twidth='1420' height='240'\t\t\t\t\talt=\"https:\/\/files.sunoresearch.com.br\/n\/uploads\/2023\/03\/1420x240-Controle-de-Investimentos.png\"\n\t\t\t\t>\n\t\t\t<\/picture>\n\t\t<\/a>\n\t<\/p>\n\n\n","protected":false},"excerpt":{"rendered":"<p>A eventual oferta da Azul (AZUL4) pela Gol (GOLL4), que pediu recupera\u00e7\u00e3o judicial nos EUA recentemente, n\u00e3o deve incluir a Avianca. As informa\u00e7\u00f5es s\u00e3o do jornal Valor Econ\u00f4mico. Com isso, a transa\u00e7\u00e3o entre Azul e Gol deve envolver somente as partes brasileiras. Os di\u00e1logos ainda s\u00e3o iniciais e ambas as companhias a\u00e9reas est\u00e3o avaliando o [&hellip;]<\/p>\n","protected":false},"author":73,"featured_media":17639,"comment_status":"closed","ping_status":"closed","sticky":false,"template":"","format":"standard","meta":[],"categories":[64],"tags":[286,489],"suno_strategy":[],"class_list":["post-531511","post","type-post","status-publish","format-standard","has-post-thumbnail","hentry","category-negocios","tag-acoes","tag-gol-linhas-aereas-goll11-goll4"],"yoast_head":"<!-- This site is optimized with the Yoast SEO plugin v24.4 - https:\/\/yoast.com\/wordpress\/plugins\/seo\/ -->\n<title>Gol (GOLL4): Avianca fica de fora de oferta da Azul (AZUL4)<\/title>\n<meta name=\"description\" content=\"Em meados de 2021 e 2022 a Azul j\u00e1 havia se aproximado da Gol visando uma transa\u00e7\u00e3o - durante a gest\u00e3o de Paulo Kakinoff - por\u00e9m sem sucesso\" \/>\n<meta name=\"robots\" content=\"index, follow, max-snippet:-1, max-image-preview:large, max-video-preview:-1\" \/>\n<link rel=\"canonical\" href=\"https:\/\/www.suno.com.br\/noticias\/gol-goll4-oferta-avianca-fora-azul-azul4-evm\/\" \/>\n<meta property=\"og:locale\" content=\"pt_BR\" \/>\n<meta property=\"og:type\" content=\"article\" \/>\n<meta property=\"og:title\" content=\"Gol (GOLL4): Avianca fica de fora de oferta da Azul (AZUL4)\" \/>\n<meta property=\"og:description\" content=\"Em meados de 2021 e 2022 a Azul j\u00e1 havia se aproximado da Gol visando uma transa\u00e7\u00e3o - durante a gest\u00e3o de Paulo Kakinoff - por\u00e9m sem sucesso\" \/>\n<meta property=\"og:url\" content=\"https:\/\/www.suno.com.br\/noticias\/gol-goll4-oferta-avianca-fora-azul-azul4-evm\/\" \/>\n<meta property=\"og:site_name\" content=\"Suno Not\u00edcias\" \/>\n<meta property=\"article:publisher\" content=\"https:\/\/facebook.com\/sunoresearch\" \/>\n<meta property=\"og:image\" content=\"https:\/\/files.sunoresearch.com.br\/n\/uploads\/2019\/03\/4cf31c43-gol.jpg\" \/>\n\t<meta property=\"og:image:width\" content=\"1536\" \/>\n\t<meta property=\"og:image:height\" content=\"1024\" \/>\n\t<meta property=\"og:image:type\" content=\"image\/jpeg\" \/>\n<meta name=\"author\" content=\"Eduardo Vargas\" \/>\n<meta name=\"twitter:card\" content=\"summary_large_image\" \/>\n<meta name=\"twitter:creator\" content=\"@sunoresearch\" \/>\n<meta name=\"twitter:site\" content=\"@sunoresearch\" \/>\n<meta name=\"twitter:label1\" content=\"Escrito por\" \/>\n\t<meta name=\"twitter:data1\" content=\"Eduardo Vargas\" \/>\n\t<meta name=\"twitter:label2\" content=\"Est. tempo de leitura\" \/>\n\t<meta name=\"twitter:data2\" content=\"4 minutos\" \/>\n<script type=\"application\/ld+json\" class=\"yoast-schema-graph\">{\"@context\":\"https:\/\/schema.org\",\"@graph\":[{\"@type\":\"NewsArticle\",\"@id\":\"https:\/\/www.suno.com.br\/noticias\/gol-goll4-oferta-avianca-fora-azul-azul4-evm\/#article\",\"isPartOf\":{\"@id\":\"https:\/\/www.suno.com.br\/noticias\/gol-goll4-oferta-avianca-fora-azul-azul4-evm\/\"},\"author\":{\"name\":\"Eduardo Vargas\",\"@id\":\"https:\/\/www.suno.com.br\/noticias\/#\/schema\/person\/7f4d362bf3518e76090143ae77bb49a5\"},\"headline\":\"Gol (GOLL4): Avianca fica de fora de oferta da Azul (AZUL4)\",\"datePublished\":\"2024-03-08T23:44:54+00:00\",\"dateModified\":\"2024-03-09T00:14:32+00:00\",\"mainEntityOfPage\":{\"@id\":\"https:\/\/www.suno.com.br\/noticias\/gol-goll4-oferta-avianca-fora-azul-azul4-evm\/\"},\"wordCount\":706,\"publisher\":{\"@id\":\"https:\/\/www.suno.com.br\/noticias\/#organization\"},\"image\":{\"@id\":\"https:\/\/www.suno.com.br\/noticias\/gol-goll4-oferta-avianca-fora-azul-azul4-evm\/#primaryimage\"},\"thumbnailUrl\":\"https:\/\/files.sunoresearch.com.br\/n\/uploads\/2019\/03\/4cf31c43-gol-jpg.webp\",\"keywords\":[\"A\u00e7\u00f5es\",\"Gol Linhas A\u00e9reas (GOLL11\/GOLL4)\"],\"articleSection\":[\"Neg\u00f3cios\"],\"inLanguage\":\"pt-BR\"},{\"@type\":\"WebPage\",\"@id\":\"https:\/\/www.suno.com.br\/noticias\/gol-goll4-oferta-avianca-fora-azul-azul4-evm\/\",\"url\":\"https:\/\/www.suno.com.br\/noticias\/gol-goll4-oferta-avianca-fora-azul-azul4-evm\/\",\"name\":\"Gol (GOLL4): Avianca fica de fora de oferta da Azul (AZUL4)\",\"isPartOf\":{\"@id\":\"https:\/\/www.suno.com.br\/noticias\/#website\"},\"primaryImageOfPage\":{\"@id\":\"https:\/\/www.suno.com.br\/noticias\/gol-goll4-oferta-avianca-fora-azul-azul4-evm\/#primaryimage\"},\"image\":{\"@id\":\"https:\/\/www.suno.com.br\/noticias\/gol-goll4-oferta-avianca-fora-azul-azul4-evm\/#primaryimage\"},\"thumbnailUrl\":\"https:\/\/files.sunoresearch.com.br\/n\/uploads\/2019\/03\/4cf31c43-gol-jpg.webp\",\"datePublished\":\"2024-03-08T23:44:54+00:00\",\"dateModified\":\"2024-03-09T00:14:32+00:00\",\"description\":\"Em meados de 2021 e 2022 a Azul j\u00e1 havia se aproximado da Gol visando uma transa\u00e7\u00e3o - durante a gest\u00e3o de Paulo Kakinoff - por\u00e9m sem sucesso\",\"breadcrumb\":{\"@id\":\"https:\/\/www.suno.com.br\/noticias\/gol-goll4-oferta-avianca-fora-azul-azul4-evm\/#breadcrumb\"},\"inLanguage\":\"pt-BR\",\"potentialAction\":[{\"@type\":\"ReadAction\",\"target\":[\"https:\/\/www.suno.com.br\/noticias\/gol-goll4-oferta-avianca-fora-azul-azul4-evm\/\"]}]},{\"@type\":\"ImageObject\",\"inLanguage\":\"pt-BR\",\"@id\":\"https:\/\/www.suno.com.br\/noticias\/gol-goll4-oferta-avianca-fora-azul-azul4-evm\/#primaryimage\",\"url\":\"https:\/\/files.sunoresearch.com.br\/n\/uploads\/2019\/03\/4cf31c43-gol-jpg.webp\",\"contentUrl\":\"https:\/\/files.sunoresearch.com.br\/n\/uploads\/2019\/03\/4cf31c43-gol-jpg.webp\",\"width\":1536,\"height\":1024,\"caption\":\"Gol (GOLL4). Foto: Divulga\u00e7\u00e3o\"},{\"@type\":\"BreadcrumbList\",\"@id\":\"https:\/\/www.suno.com.br\/noticias\/gol-goll4-oferta-avianca-fora-azul-azul4-evm\/#breadcrumb\",\"itemListElement\":[{\"@type\":\"ListItem\",\"position\":1,\"name\":\"Not\u00edcias\",\"item\":\"https:\/\/www.suno.com.br\/noticias\/\"},{\"@type\":\"ListItem\",\"position\":2,\"name\":\"Neg\u00f3cios\",\"item\":\"https:\/\/www.suno.com.br\/noticias\/negocios\/\"},{\"@type\":\"ListItem\",\"position\":3,\"name\":\"Gol (GOLL4): Avianca fica de fora de oferta da Azul (AZUL4)\"}]},{\"@type\":\"WebSite\",\"@id\":\"https:\/\/www.suno.com.br\/noticias\/#website\",\"url\":\"https:\/\/www.suno.com.br\/noticias\/\",\"name\":\"Suno Not\u00edcias\",\"description\":\"Seu portal de informa\u00e7\u00e3o sobre o mundo dos investimentos\",\"publisher\":{\"@id\":\"https:\/\/www.suno.com.br\/noticias\/#organization\"},\"potentialAction\":[{\"@type\":\"SearchAction\",\"target\":{\"@type\":\"EntryPoint\",\"urlTemplate\":\"https:\/\/www.suno.com.br\/noticias\/?s={search_term_string}\"},\"query-input\":{\"@type\":\"PropertyValueSpecification\",\"valueRequired\":true,\"valueName\":\"search_term_string\"}}],\"inLanguage\":\"pt-BR\"},{\"@type\":\"Organization\",\"@id\":\"https:\/\/www.suno.com.br\/noticias\/#organization\",\"name\":\"Suno Not\u00edcias\",\"url\":\"https:\/\/www.suno.com.br\/noticias\/\",\"logo\":{\"@type\":\"ImageObject\",\"inLanguage\":\"pt-BR\",\"@id\":\"https:\/\/www.suno.com.br\/noticias\/#\/schema\/logo\/image\/\",\"url\":\"https:\/\/files.sunoresearch.com.br\/n\/uploads\/2021\/09\/suno-logo.png\",\"contentUrl\":\"https:\/\/files.sunoresearch.com.br\/n\/uploads\/2021\/09\/suno-logo.png\",\"width\":180,\"height\":180,\"caption\":\"Suno Not\u00edcias\"},\"image\":{\"@id\":\"https:\/\/www.suno.com.br\/noticias\/#\/schema\/logo\/image\/\"},\"sameAs\":[\"https:\/\/facebook.com\/sunoresearch\",\"https:\/\/x.com\/sunoresearch\",\"https:\/\/www.instagram.com\/suno\",\"https:\/\/www.linkedin.com\/company\/suno-research\/\",\"https:\/\/www.youtube.com\/c\/sunoresearch\"]},{\"@type\":\"Person\",\"@id\":\"https:\/\/www.suno.com.br\/noticias\/#\/schema\/person\/7f4d362bf3518e76090143ae77bb49a5\",\"name\":\"Eduardo Vargas\",\"image\":{\"@type\":\"ImageObject\",\"inLanguage\":\"pt-BR\",\"@id\":\"https:\/\/www.suno.com.br\/noticias\/#\/schema\/person\/image\/\",\"url\":\"https:\/\/secure.gravatar.com\/avatar\/dac340933427a22924c9f99d1eb2e3f2?s=96&r=g\",\"contentUrl\":\"https:\/\/secure.gravatar.com\/avatar\/dac340933427a22924c9f99d1eb2e3f2?s=96&r=g\",\"caption\":\"Eduardo Vargas\"},\"description\":\"Jornalista formado pela UFSC, cobre macroeconomia, neg\u00f3cios e startups para o Suno Not\u00edcias, escrevendo principalmente not\u00edcias sobre o mercado financeiro e a bolsa de valores. No YouTube e no Instagram, \u00e9 respons\u00e1vel pela produ\u00e7\u00e3o de Reels e Shorts do Suno Not\u00edcias. Anteriormente, trabalhou cobrindo economia e cotidiano no ND+ e para o ND, maior jornal impresso de Santa Catarina. Cursou um semestre letivo de Estudos de M\u00eddia na Universidad de Buenos Aires.\",\"url\":\"https:\/\/www.suno.com.br\/noticias\/author\/eduardo-vargas\/\"}]}<\/script>\n<!-- \/ Yoast SEO plugin. -->","yoast_head_json":{"title":"Gol (GOLL4): Avianca fica de fora de oferta da Azul (AZUL4)","description":"Em meados de 2021 e 2022 a Azul j\u00e1 havia se aproximado da Gol visando uma transa\u00e7\u00e3o - durante a gest\u00e3o de Paulo Kakinoff - por\u00e9m sem sucesso","robots":{"index":"index","follow":"follow","max-snippet":"max-snippet:-1","max-image-preview":"max-image-preview:large","max-video-preview":"max-video-preview:-1"},"canonical":"https:\/\/www.suno.com.br\/noticias\/gol-goll4-oferta-avianca-fora-azul-azul4-evm\/","og_locale":"pt_BR","og_type":"article","og_title":"Gol (GOLL4): Avianca fica de fora de oferta da Azul (AZUL4)","og_description":"Em meados de 2021 e 2022 a Azul j\u00e1 havia se aproximado da Gol visando uma transa\u00e7\u00e3o - durante a gest\u00e3o de Paulo Kakinoff - por\u00e9m sem sucesso","og_url":"https:\/\/www.suno.com.br\/noticias\/gol-goll4-oferta-avianca-fora-azul-azul4-evm\/","og_site_name":"Suno Not\u00edcias","article_publisher":"https:\/\/facebook.com\/sunoresearch","og_image":[{"width":1536,"height":1024,"url":"https:\/\/files.sunoresearch.com.br\/n\/uploads\/2019\/03\/4cf31c43-gol.jpg","type":"image\/jpeg"}],"author":"Eduardo Vargas","twitter_card":"summary_large_image","twitter_creator":"@sunoresearch","twitter_site":"@sunoresearch","twitter_misc":{"Escrito por":"Eduardo Vargas","Est. tempo de leitura":"4 minutos"},"schema":{"@context":"https:\/\/schema.org","@graph":[{"@type":"NewsArticle","@id":"https:\/\/www.suno.com.br\/noticias\/gol-goll4-oferta-avianca-fora-azul-azul4-evm\/#article","isPartOf":{"@id":"https:\/\/www.suno.com.br\/noticias\/gol-goll4-oferta-avianca-fora-azul-azul4-evm\/"},"author":{"name":"Eduardo Vargas","@id":"https:\/\/www.suno.com.br\/noticias\/#\/schema\/person\/7f4d362bf3518e76090143ae77bb49a5"},"headline":"Gol (GOLL4): Avianca fica de fora de oferta da Azul (AZUL4)","datePublished":"2024-03-08T23:44:54+00:00","dateModified":"2024-03-09T00:14:32+00:00","mainEntityOfPage":{"@id":"https:\/\/www.suno.com.br\/noticias\/gol-goll4-oferta-avianca-fora-azul-azul4-evm\/"},"wordCount":706,"publisher":{"@id":"https:\/\/www.suno.com.br\/noticias\/#organization"},"image":{"@id":"https:\/\/www.suno.com.br\/noticias\/gol-goll4-oferta-avianca-fora-azul-azul4-evm\/#primaryimage"},"thumbnailUrl":"https:\/\/files.sunoresearch.com.br\/n\/uploads\/2019\/03\/4cf31c43-gol-jpg.webp","keywords":["A\u00e7\u00f5es","Gol Linhas A\u00e9reas (GOLL11\/GOLL4)"],"articleSection":["Neg\u00f3cios"],"inLanguage":"pt-BR"},{"@type":"WebPage","@id":"https:\/\/www.suno.com.br\/noticias\/gol-goll4-oferta-avianca-fora-azul-azul4-evm\/","url":"https:\/\/www.suno.com.br\/noticias\/gol-goll4-oferta-avianca-fora-azul-azul4-evm\/","name":"Gol (GOLL4): Avianca fica de fora de oferta da Azul (AZUL4)","isPartOf":{"@id":"https:\/\/www.suno.com.br\/noticias\/#website"},"primaryImageOfPage":{"@id":"https:\/\/www.suno.com.br\/noticias\/gol-goll4-oferta-avianca-fora-azul-azul4-evm\/#primaryimage"},"image":{"@id":"https:\/\/www.suno.com.br\/noticias\/gol-goll4-oferta-avianca-fora-azul-azul4-evm\/#primaryimage"},"thumbnailUrl":"https:\/\/files.sunoresearch.com.br\/n\/uploads\/2019\/03\/4cf31c43-gol-jpg.webp","datePublished":"2024-03-08T23:44:54+00:00","dateModified":"2024-03-09T00:14:32+00:00","description":"Em meados de 2021 e 2022 a Azul j\u00e1 havia se aproximado da Gol visando uma transa\u00e7\u00e3o - durante a gest\u00e3o de Paulo Kakinoff - por\u00e9m sem sucesso","breadcrumb":{"@id":"https:\/\/www.suno.com.br\/noticias\/gol-goll4-oferta-avianca-fora-azul-azul4-evm\/#breadcrumb"},"inLanguage":"pt-BR","potentialAction":[{"@type":"ReadAction","target":["https:\/\/www.suno.com.br\/noticias\/gol-goll4-oferta-avianca-fora-azul-azul4-evm\/"]}]},{"@type":"ImageObject","inLanguage":"pt-BR","@id":"https:\/\/www.suno.com.br\/noticias\/gol-goll4-oferta-avianca-fora-azul-azul4-evm\/#primaryimage","url":"https:\/\/files.sunoresearch.com.br\/n\/uploads\/2019\/03\/4cf31c43-gol-jpg.webp","contentUrl":"https:\/\/files.sunoresearch.com.br\/n\/uploads\/2019\/03\/4cf31c43-gol-jpg.webp","width":1536,"height":1024,"caption":"Gol (GOLL4). Foto: Divulga\u00e7\u00e3o"},{"@type":"BreadcrumbList","@id":"https:\/\/www.suno.com.br\/noticias\/gol-goll4-oferta-avianca-fora-azul-azul4-evm\/#breadcrumb","itemListElement":[{"@type":"ListItem","position":1,"name":"Not\u00edcias","item":"https:\/\/www.suno.com.br\/noticias\/"},{"@type":"ListItem","position":2,"name":"Neg\u00f3cios","item":"https:\/\/www.suno.com.br\/noticias\/negocios\/"},{"@type":"ListItem","position":3,"name":"Gol (GOLL4): Avianca fica de fora de oferta da Azul (AZUL4)"}]},{"@type":"WebSite","@id":"https:\/\/www.suno.com.br\/noticias\/#website","url":"https:\/\/www.suno.com.br\/noticias\/","name":"Suno Not\u00edcias","description":"Seu portal de informa\u00e7\u00e3o sobre o mundo dos investimentos","publisher":{"@id":"https:\/\/www.suno.com.br\/noticias\/#organization"},"potentialAction":[{"@type":"SearchAction","target":{"@type":"EntryPoint","urlTemplate":"https:\/\/www.suno.com.br\/noticias\/?s={search_term_string}"},"query-input":{"@type":"PropertyValueSpecification","valueRequired":true,"valueName":"search_term_string"}}],"inLanguage":"pt-BR"},{"@type":"Organization","@id":"https:\/\/www.suno.com.br\/noticias\/#organization","name":"Suno Not\u00edcias","url":"https:\/\/www.suno.com.br\/noticias\/","logo":{"@type":"ImageObject","inLanguage":"pt-BR","@id":"https:\/\/www.suno.com.br\/noticias\/#\/schema\/logo\/image\/","url":"https:\/\/files.sunoresearch.com.br\/n\/uploads\/2021\/09\/suno-logo.png","contentUrl":"https:\/\/files.sunoresearch.com.br\/n\/uploads\/2021\/09\/suno-logo.png","width":180,"height":180,"caption":"Suno Not\u00edcias"},"image":{"@id":"https:\/\/www.suno.com.br\/noticias\/#\/schema\/logo\/image\/"},"sameAs":["https:\/\/facebook.com\/sunoresearch","https:\/\/x.com\/sunoresearch","https:\/\/www.instagram.com\/suno","https:\/\/www.linkedin.com\/company\/suno-research\/","https:\/\/www.youtube.com\/c\/sunoresearch"]},{"@type":"Person","@id":"https:\/\/www.suno.com.br\/noticias\/#\/schema\/person\/7f4d362bf3518e76090143ae77bb49a5","name":"Eduardo Vargas","image":{"@type":"ImageObject","inLanguage":"pt-BR","@id":"https:\/\/www.suno.com.br\/noticias\/#\/schema\/person\/image\/","url":"https:\/\/secure.gravatar.com\/avatar\/dac340933427a22924c9f99d1eb2e3f2?s=96&r=g","contentUrl":"https:\/\/secure.gravatar.com\/avatar\/dac340933427a22924c9f99d1eb2e3f2?s=96&r=g","caption":"Eduardo Vargas"},"description":"Jornalista formado pela UFSC, cobre macroeconomia, neg\u00f3cios e startups para o Suno Not\u00edcias, escrevendo principalmente not\u00edcias sobre o mercado financeiro e a bolsa de valores. No YouTube e no Instagram, \u00e9 respons\u00e1vel pela produ\u00e7\u00e3o de Reels e Shorts do Suno Not\u00edcias. Anteriormente, trabalhou cobrindo economia e cotidiano no ND+ e para o ND, maior jornal impresso de Santa Catarina. Cursou um semestre letivo de Estudos de M\u00eddia na Universidad de Buenos Aires.","url":"https:\/\/www.suno.com.br\/noticias\/author\/eduardo-vargas\/"}]}},"default_loop_html":"<div class=\"cardsPage__listCard__boxs\"><div class=\"cardsPage__listCard__boxs__img\"><a href=\"https:\/\/www.suno.com.br\/noticias\/gol-goll4-oferta-avianca-fora-azul-azul4-evm\/\"><img class=\"mask\" src=\"https:\/\/www.suno.com.br\/noticias\/wp-content\/themes\/suno\/resources\/images\/spotlight\/spotlight1img\/bg-mask.png\" alt=\"Image Mask\"\/><img src=\"https:\/\/files.sunoresearch.com.br\/n\/uploads\/2019\/03\/4cf31c43-gol-400x200.webp\" alt=\"Gol (GOLL4): Avianca fica de fora de oferta da Azul (AZUL4)\"\/><\/a><span class=\"spotlightCategory\"><a href=\"https:\/\/www.suno.com.br\/noticias\/negocios\/\">Neg\u00f3cios<\/a><\/span><\/div><div class=\"cardsPage__listCard__boxs__content\"><a href=\"https:\/\/www.suno.com.br\/noticias\/gol-goll4-oferta-avianca-fora-azul-azul4-evm\/\"><h2 class=\"content__title\">Gol (GOLL4): Avianca fica de fora de oferta da Azul (AZUL4)<\/h2><\/a><div class=\"newsContent__article__meta\"><div class=\"newsContent__article__meta__authorBox\"><a href=\"https:\/\/www.suno.com.br\/noticias\/author\/eduardo-vargas\/\" class=\"authorBox__avatar noMobi\"><img src=\"https:\/\/secure.gravatar.com\/avatar\/dac340933427a22924c9f99d1eb2e3f2?s=96&#038;r=g\" alt=\"Eduardo Vargas\"><\/a><div class=\"authorBox__name\"><span>por\n\t\t\t<a href=\"https:\/\/www.suno.com.br\/noticias\/author\/eduardo-vargas\/\"><span itemprop=\"author\">Eduardo Vargas<\/span><\/a><\/span><time datetime=\"2024-03-08T20:44:54-03:00\" itemprop=\"datePublished\">08\/03\/2024 20:44<\/time><\/div><\/div><\/div><\/div><\/div>","single_layout":"posts","amp_enabled":true,"_links":{"self":[{"href":"https:\/\/www.suno.com.br\/noticias\/wp-json\/wp\/v2\/posts\/531511"}],"collection":[{"href":"https:\/\/www.suno.com.br\/noticias\/wp-json\/wp\/v2\/posts"}],"about":[{"href":"https:\/\/www.suno.com.br\/noticias\/wp-json\/wp\/v2\/types\/post"}],"author":[{"embeddable":true,"href":"https:\/\/www.suno.com.br\/noticias\/wp-json\/wp\/v2\/users\/73"}],"replies":[{"embeddable":true,"href":"https:\/\/www.suno.com.br\/noticias\/wp-json\/wp\/v2\/comments?post=531511"}],"version-history":[{"count":2,"href":"https:\/\/www.suno.com.br\/noticias\/wp-json\/wp\/v2\/posts\/531511\/revisions"}],"predecessor-version":[{"id":531532,"href":"https:\/\/www.suno.com.br\/noticias\/wp-json\/wp\/v2\/posts\/531511\/revisions\/531532"}],"wp:featuredmedia":[{"embeddable":true,"href":"https:\/\/www.suno.com.br\/noticias\/wp-json\/wp\/v2\/media\/17639"}],"wp:attachment":[{"href":"https:\/\/www.suno.com.br\/noticias\/wp-json\/wp\/v2\/media?parent=531511"}],"wp:term":[{"taxonomy":"category","embeddable":true,"href":"https:\/\/www.suno.com.br\/noticias\/wp-json\/wp\/v2\/categories?post=531511"},{"taxonomy":"post_tag","embeddable":true,"href":"https:\/\/www.suno.com.br\/noticias\/wp-json\/wp\/v2\/tags?post=531511"},{"taxonomy":"suno_strategy","embeddable":true,"href":"https:\/\/www.suno.com.br\/noticias\/wp-json\/wp\/v2\/suno_strategy?post=531511"}],"curies":[{"name":"wp","href":"https:\/\/api.w.org\/{rel}","templated":true}]}}