{"id":531240,"date":"2024-03-08T10:12:05","date_gmt":"2024-03-08T13:12:05","guid":{"rendered":"https:\/\/www.suno.com.br\/noticias\/?p=531240"},"modified":"2024-03-08T10:12:11","modified_gmt":"2024-03-08T13:12:11","slug":"dia-internacional-da-mulher-mercado-trabalho-2024-cpf","status":"publish","type":"post","link":"https:\/\/www.suno.com.br\/noticias\/dia-internacional-da-mulher-mercado-trabalho-2024-cpf\/","title":{"rendered":"Dia Internacional da Mulher: Investidoras e l\u00edderes re\u00fanem conselhos para o mercado de trabalho feminino"},"content":{"rendered":"<p>H\u00e1 alguns anos, o<strong> Dia Internacional da Mulher<\/strong> deixou de ser uma data apenas de ganhar flores e chocolates e se tornou um s\u00edmbolo do que significa ser mulher no <a class=\"suno-keyword\" target=\"_blank\" data-force=\"no\" data-priority=\"2\" href=\"https:\/\/www.suno.com.br\/artigos\/mercado-de-trabalho\/\" rel=\"noopener\">mercado de trabalho<\/a> hoje. <\/p>\t<div class=\"wrapper-featured-image\">\n\t\t<figure class=\"spotlightImg\">\n\n\t\t\t<picture>\n\t\t\t\t<source media=\"(max-width: 768px)\" srcset=\"https:\/\/files.sunoresearch.com.br\/n\/uploads\/2024\/03\/dia-internacional-da-mulher-trabalho-400x200.jpg\">\n\t\t\t\t<img loading=\"lazy\" decoding=\"async\" class=\"newsContent__article__imgCapa lazyloadDisabled \" src=\"https:\/\/files.sunoresearch.com.br\/n\/uploads\/2024\/03\/dia-internacional-da-mulher-trabalho-800x450.jpg\" width=\"800\" height=\"450\" alt=\"Dia Internacional da Mulher: Investidoras e l\u00edderes re\u00fanem conselhos para o mercado de trabalho feminino\" fetchpriority=high \/>\n\t\t\t<\/picture>\n\n\t\t\t<figcaption class=\"wp-caption-text wp-caption-text--show\">Mulheres no mercado de trabalho - Foto: Unsplash<\/figcaption>\n\t\t<\/figure>\n\t<\/div>\n\n\n\n\n\n\t<p>\n\t\t<a href=\"\" target=\"_blank\" data-element=\"shortcode-suno-banner\" title=\"Banner SUNO, clique e saiba mais\">\n\t\t\t<picture>\n\t\t\t\t<source media=\"(max-width: 500px)\" srcset=\"\">\n\t\t\t\t<img class=\"newsContent__article__imgCapa newsContent__article__imgCapa--banner\"\n\t\t\t\t\tsrc=\"\"\n\t\t\t\t\tdata-promo-id=\"240038\"\t\t\t\t\t\t\t\t\t\t\t\t\t\t\talt=\"\"\n\t\t\t\t>\n\t\t\t<\/picture>\n\t\t<\/a>\n\t<\/p>\n\n\n\n\n\n<p>No universo profissional, o <strong>esfor\u00e7o feminino <\/strong>para conquistar mais espa\u00e7o em cargos elevados parece estar surtindo efeito. Segundo estudos da Harvard Business Review (HBR), <strong>mulheres <\/strong>tendem a preencher 17 das 19 caracter\u00edsticas consideradas desej\u00e1veis em uma figura de lideran\u00e7a, como ter iniciativa e inspirar colegas de trabalho, al\u00e9m de terem boas li\u00e7\u00f5es a oferecer.<\/p>\n\n\n\n<p>Neste <strong>8 de mar\u00e7o<\/strong>, algumas<strong> l\u00edderes femininas<\/strong> compartilham algumas dicas de carreira para conseguirem se destacar no mercado de trabalho. <\/p>\n\n\n\n<h2 class=\"wp-block-heading\">&#8220;Valorizar todas as vozes&#8221;: Eduarda Camargo, CMO da Port\u00e3o 3<\/h2>\n\n\n\n<p>A diretora de marketing (CMO) da fintech Port\u00e3o 3, plataforma mineira de gest\u00e3o de despesas e viagens corporativas para empresas da Am\u00e9rica Latina, Eduarda Camargo tem mais de 10 anos de experi\u00eancia na \u00e1rea. Com passagens pelo Hurb (ex- Hotel Urbano), HSBC, <a class=\"suno-keyword\" target=\"_blank\" data-force=\"yes\" data-priority=\"2\" href=\"https:\/\/www.suno.com.br\/acoes\/BBDC4\/\" rel=\"noopener\">Bradesco (BBDC4)<\/a>, ela \u00e9 mentora no programa &#8221;N\u00f3s Por Elas&#8221; e faz media training para executivos de alto escal\u00e3o. <\/p>\n\n\n\n<p>Em sua experi\u00eancia, Eduarda entendeu que a <strong>lideran\u00e7a feminina<\/strong> n\u00e3o se trata apenas de quebrar barreiras, mas tamb\u00e9m de construir pontes. \u201c\u00c9 sobre cultivar um ambiente de colabora\u00e7\u00e3o, empatia e inclus\u00e3o, onde todas as vozes s\u00e3o valorizadas e todos t\u00eam a oportunidade de crescer e prosperar juntos,&#8221; afirma. <\/p>\n\n\n\n<p>&#8220;Precisamos ter equidade e saber mediar <strong>desafios femininos e masculinos<\/strong> no ambiente de trabalho para s\u00f3 assim movermos de dentro pra fora&#8221;, diz CMO Eduarda Camargo.<\/p>\n\n\n\t<p>\n\t\t<a href=\"https:\/\/lp.suno.com.br\/ebook-gratuito-investindo-no-exterior\/\" target=\"_blank\" data-element=\"shortcode-suno-banner\" title=\"Banner SUNO, clique e saiba mais\">\n\t\t\t<picture>\n\t\t\t\t<source media=\"(max-width: 500px)\" srcset=\"https:\/\/files.sunoresearch.com.br\/n\/uploads\/2023\/03\/400x300-Investindo-no-exterior.png\">\n\t\t\t\t<img class=\"newsContent__article__imgCapa newsContent__article__imgCapa--banner\"\n\t\t\t\t\tsrc=\"https:\/\/files.sunoresearch.com.br\/n\/uploads\/2023\/03\/1420x240-Investindo-no-exterior.png\"\n\t\t\t\t\tdata-promo-id=\"383161\"\t\t\t\t\t\t\t\t\t\twidth='1420' height='240'\t\t\t\t\talt=\"https:\/\/files.sunoresearch.com.br\/n\/uploads\/2023\/03\/1420x240-Investindo-no-exterior.png\"\n\t\t\t\t>\n\t\t\t<\/picture>\n\t\t<\/a>\n\t<\/p>\n\n\n\n\n\n<h2 class=\"wp-block-heading\">&#8220;Estabele\u00e7a limites claros entre trabalho e vida pessoal&#8221;: Fernanda Cunha, CEO e s\u00f3cia da Kipiai<\/h2>\n\n\n\n<p>Como m\u00e3e do Jo\u00e3o e do Ant\u00f4nio, Fernanda tem muitos anos de experi\u00eancia no <a class=\"suno-keyword\" target=\"_blank\" data-force=\"no\" data-priority=\"2\" href=\"https:\/\/www.suno.com.br\/guias\/mercado-financeiro\/\" rel=\"noopener\">mercado financeiro<\/a> e de consultoria, e, em sua jornada profissional, passou por grandes empresas como Nestl\u00e9, Odebrecht e RK Partners. <\/p>\n\n\n\n<p>A executiva acredita que o empreendedorismo feminino se torna mais desafiador em raz\u00e3o de outros <strong>pap\u00e9is da mulher<\/strong> que precisam ser exercidos, al\u00e9m da empresa, que n\u00e3o devem ser deixados de lado. &#8220;Priorize seu tempo e estabele\u00e7a limites claros entre trabalho e vida pessoal. A organiza\u00e7\u00e3o e a flexibilidade s\u00e3o essenciais para conciliar com sucesso, empreendedorismo e maternidade&#8221;, recomenda a CEO da Kipiai. <\/p>\n\n\n\n<blockquote class=\"wp-block-quote is-layout-flow wp-block-quote-is-layout-flow\">\n<p>&#8220;Defina hor\u00e1rios espec\u00edficos para se dedicar ao seu neg\u00f3cio e reserve momentos de qualidade com sua fam\u00edlia. Al\u00e9m disso, delegue tarefas sempre que poss\u00edvel e n\u00e3o tenha medo de pedir ajuda quando necess\u00e1rio&#8221;, diz.<\/p>\n<\/blockquote>\n\n\n\n\t<div data-element=\"shortcode-read-more\" class=\"readToo\">\n\t\t\t\t<span class=\"readToo__title\">Leia mais<\/span>\n\t\t\t\t<ul class=\"readToo__list\">\n\t\t\t<li><a href=\"https:\/\/www.suno.com.br\/noticias\/investidoras-mulheres-aumenta-pais-anbima-mm\/\">N\u00famero de mulheres investidoras aumenta no pa\u00eds pelo segundo ano seguido, revela Anbima<\/a><\/li><li><a href=\"https:\/\/www.suno.com.br\/noticias\/tarciana-medeiros-banco-brasil-bbas3-mulheres-mais-poderosas-forbes-cpf\/\">Tarciana Medeiros, presidente do Banco do Brasil (BBAS3) est\u00e1 entre as Mulheres mais Poderosas do Mundo, segundo a Forbes<\/a><\/li><li><a href=\"https:\/\/www.suno.com.br\/noticias\/premio-nobel-de-economia-2023-claudia-goldin-cpf\/\">Mulheres no mercado de trabalho \u00e9 tema premiado no Nobel de Economia 2023, para Claudia Goldin<\/a><\/li>\t\t<\/ul>\n\t<\/div>\n\n\n\n\n<h2 class=\"wp-block-heading\">&#8220;Construir as pr\u00f3prias escadas&#8221;: Carla Moussalli, co-fundadora da Plenapausa<\/h2>\n\n\n\n<p>Carla construiu carreira no direito antes de ir para <a class=\"suno-keyword\" target=\"_blank\" data-force=\"no\" data-priority=\"2\" href=\"https:\/\/www.suno.com.br\/artigos\/terceiro-setor\/\" rel=\"noopener\">terceiro setor<\/a>. <\/p>\n\n\n\n<p>Com mais de 10 anos de experi\u00eancia corporativa, ela v\u00ea no <strong>empreendedorismo<\/strong>, a oportunidade que tanto almejou: poder ajudar mulheres. <\/p>\n\n\n\n<blockquote class=\"wp-block-quote is-layout-flow wp-block-quote-is-layout-flow\">\n<p>&#8220;<strong>Empreendedorismo feminino<\/strong> n\u00e3o se trata apenas de abrir portas, mas tamb\u00e9m de construir as pr\u00f3prias escadas&#8221;, conta a co-fundadora da Plenapausa. <\/p>\n<\/blockquote>\n\n\n\n<p>&#8220;\u00c9 sobre acreditar no pr\u00f3prio potencial, persistir diante dos desafios e criar oportunidades onde outros veem obst\u00e1culos. Todas as mulheres t\u00eam o poder de transformar suas ideias em realidade e deixar sua marca no mundo dos neg\u00f3cios&#8221;, destaca a empres\u00e1ria.<\/p>\n\n\n\n\n\t<p>\n\t\t<a href=\"https:\/\/lp.suno.com.br\/planilha-da-vida-financeira\/\" target=\"_blank\" data-element=\"shortcode-suno-banner\" title=\"Banner SUNO, clique e saiba mais\">\n\t\t\t<picture>\n\t\t\t\t<source media=\"(max-width: 500px)\" srcset=\"https:\/\/files.sunoresearch.com.br\/n\/uploads\/2023\/04\/400x300-Planilha-vida-financeira-true.png\">\n\t\t\t\t<img class=\"newsContent__article__imgCapa newsContent__article__imgCapa--banner\"\n\t\t\t\t\tsrc=\"https:\/\/files.sunoresearch.com.br\/n\/uploads\/2023\/04\/1420x240-Planilha-vida-financeira-true.png\"\n\t\t\t\t\tdata-promo-id=\"383123\"\t\t\t\t\t\t\t\t\t\twidth='1420' height='240'\t\t\t\t\talt=\"https:\/\/files.sunoresearch.com.br\/n\/uploads\/2023\/04\/1420x240-Planilha-vida-financeira-true.png\"\n\t\t\t\t>\n\t\t\t<\/picture>\n\t\t<\/a>\n\t<\/p>\n\n\n","protected":false},"excerpt":{"rendered":"<p>H\u00e1 alguns anos, o Dia Internacional da Mulher deixou de ser uma data apenas de ganhar flores e chocolates e se tornou um s\u00edmbolo do que significa ser mulher no mercado de trabalho hoje. Mulheres no mercado de trabalho &#8211; Foto: Unsplash No universo profissional, o esfor\u00e7o feminino para conquistar mais espa\u00e7o em cargos elevados [&hellip;]<\/p>\n","protected":false},"author":283,"featured_media":531276,"comment_status":"closed","ping_status":"closed","sticky":false,"template":"","format":"standard","meta":[],"categories":[65],"tags":[1796,105945],"suno_strategy":[],"class_list":["post-531240","post","type-post","status-publish","format-standard","has-post-thumbnail","hentry","category-financas-pessoais","tag-emprego","tag-mulheres"],"yoast_head":"<!-- This site is optimized with the Yoast SEO plugin v24.4 - https:\/\/yoast.com\/wordpress\/plugins\/seo\/ -->\n<title>Dia Internacional da Mulher: L\u00edderes falam do mercado de trabalho<\/title>\n<meta name=\"description\" content=\"Neste 8 de mar\u00e7o, tr\u00eas l\u00edderes falam sobre desafios no mercado de trabalho e na carreira. Veja os depoimentos do Dia Internacional da Mulher.\" \/>\n<meta name=\"robots\" content=\"index, follow, max-snippet:-1, max-image-preview:large, max-video-preview:-1\" \/>\n<link rel=\"canonical\" href=\"https:\/\/www.suno.com.br\/noticias\/dia-internacional-da-mulher-mercado-trabalho-2024-cpf\/\" \/>\n<meta property=\"og:locale\" content=\"pt_BR\" \/>\n<meta property=\"og:type\" content=\"article\" \/>\n<meta property=\"og:title\" content=\"Dia Internacional da Mulher: L\u00edderes falam do mercado de trabalho\" \/>\n<meta property=\"og:description\" content=\"Neste 8 de mar\u00e7o, tr\u00eas l\u00edderes falam sobre desafios no mercado de trabalho e na carreira. Veja os depoimentos do Dia Internacional da Mulher.\" \/>\n<meta property=\"og:url\" content=\"https:\/\/www.suno.com.br\/noticias\/dia-internacional-da-mulher-mercado-trabalho-2024-cpf\/\" \/>\n<meta property=\"og:site_name\" content=\"Suno Not\u00edcias\" \/>\n<meta property=\"article:publisher\" content=\"https:\/\/facebook.com\/sunoresearch\" \/>\n<meta property=\"og:image\" content=\"https:\/\/files.sunoresearch.com.br\/n\/uploads\/2024\/03\/dia-internacional-da-mulher-trabalho.jpg\" \/>\n\t<meta property=\"og:image:width\" content=\"1200\" \/>\n\t<meta property=\"og:image:height\" content=\"801\" \/>\n\t<meta property=\"og:image:type\" content=\"image\/jpeg\" \/>\n<meta name=\"author\" content=\"Camila Paim\" \/>\n<meta name=\"twitter:card\" content=\"summary_large_image\" \/>\n<meta name=\"twitter:creator\" content=\"@sunoresearch\" \/>\n<meta name=\"twitter:site\" content=\"@sunoresearch\" \/>\n<meta name=\"twitter:label1\" content=\"Escrito por\" \/>\n\t<meta name=\"twitter:data1\" content=\"Camila Paim\" \/>\n\t<meta name=\"twitter:label2\" content=\"Est. tempo de leitura\" \/>\n\t<meta name=\"twitter:data2\" content=\"3 minutos\" \/>\n<script type=\"application\/ld+json\" class=\"yoast-schema-graph\">{\"@context\":\"https:\/\/schema.org\",\"@graph\":[{\"@type\":\"NewsArticle\",\"@id\":\"https:\/\/www.suno.com.br\/noticias\/dia-internacional-da-mulher-mercado-trabalho-2024-cpf\/#article\",\"isPartOf\":{\"@id\":\"https:\/\/www.suno.com.br\/noticias\/dia-internacional-da-mulher-mercado-trabalho-2024-cpf\/\"},\"author\":{\"name\":\"Camila Paim\",\"@id\":\"https:\/\/www.suno.com.br\/noticias\/#\/schema\/person\/f341d3ae5d1cc685176c9a5327cdfdbb\"},\"headline\":\"Dia Internacional da Mulher: Investidoras e l\u00edderes re\u00fanem conselhos para o mercado de trabalho feminino\",\"datePublished\":\"2024-03-08T13:12:05+00:00\",\"dateModified\":\"2024-03-08T13:12:11+00:00\",\"mainEntityOfPage\":{\"@id\":\"https:\/\/www.suno.com.br\/noticias\/dia-internacional-da-mulher-mercado-trabalho-2024-cpf\/\"},\"wordCount\":572,\"publisher\":{\"@id\":\"https:\/\/www.suno.com.br\/noticias\/#organization\"},\"image\":{\"@id\":\"https:\/\/www.suno.com.br\/noticias\/dia-internacional-da-mulher-mercado-trabalho-2024-cpf\/#primaryimage\"},\"thumbnailUrl\":\"https:\/\/files.sunoresearch.com.br\/n\/uploads\/2024\/03\/dia-internacional-da-mulher-trabalho.jpg\",\"keywords\":[\"Emprego\",\"mulheres\"],\"articleSection\":[\"Finan\u00e7as Pessoais\"],\"inLanguage\":\"pt-BR\"},{\"@type\":\"WebPage\",\"@id\":\"https:\/\/www.suno.com.br\/noticias\/dia-internacional-da-mulher-mercado-trabalho-2024-cpf\/\",\"url\":\"https:\/\/www.suno.com.br\/noticias\/dia-internacional-da-mulher-mercado-trabalho-2024-cpf\/\",\"name\":\"Dia Internacional da Mulher: L\u00edderes falam do mercado de trabalho\",\"isPartOf\":{\"@id\":\"https:\/\/www.suno.com.br\/noticias\/#website\"},\"primaryImageOfPage\":{\"@id\":\"https:\/\/www.suno.com.br\/noticias\/dia-internacional-da-mulher-mercado-trabalho-2024-cpf\/#primaryimage\"},\"image\":{\"@id\":\"https:\/\/www.suno.com.br\/noticias\/dia-internacional-da-mulher-mercado-trabalho-2024-cpf\/#primaryimage\"},\"thumbnailUrl\":\"https:\/\/files.sunoresearch.com.br\/n\/uploads\/2024\/03\/dia-internacional-da-mulher-trabalho.jpg\",\"datePublished\":\"2024-03-08T13:12:05+00:00\",\"dateModified\":\"2024-03-08T13:12:11+00:00\",\"description\":\"Neste 8 de mar\u00e7o, tr\u00eas l\u00edderes falam sobre desafios no mercado de trabalho e na carreira. Veja os depoimentos do Dia Internacional da Mulher.\",\"breadcrumb\":{\"@id\":\"https:\/\/www.suno.com.br\/noticias\/dia-internacional-da-mulher-mercado-trabalho-2024-cpf\/#breadcrumb\"},\"inLanguage\":\"pt-BR\",\"potentialAction\":[{\"@type\":\"ReadAction\",\"target\":[\"https:\/\/www.suno.com.br\/noticias\/dia-internacional-da-mulher-mercado-trabalho-2024-cpf\/\"]}]},{\"@type\":\"ImageObject\",\"inLanguage\":\"pt-BR\",\"@id\":\"https:\/\/www.suno.com.br\/noticias\/dia-internacional-da-mulher-mercado-trabalho-2024-cpf\/#primaryimage\",\"url\":\"https:\/\/files.sunoresearch.com.br\/n\/uploads\/2024\/03\/dia-internacional-da-mulher-trabalho.jpg\",\"contentUrl\":\"https:\/\/files.sunoresearch.com.br\/n\/uploads\/2024\/03\/dia-internacional-da-mulher-trabalho.jpg\",\"width\":1200,\"height\":801,\"caption\":\"Mulheres no mercado de trabalho - Foto: Unsplash\"},{\"@type\":\"BreadcrumbList\",\"@id\":\"https:\/\/www.suno.com.br\/noticias\/dia-internacional-da-mulher-mercado-trabalho-2024-cpf\/#breadcrumb\",\"itemListElement\":[{\"@type\":\"ListItem\",\"position\":1,\"name\":\"Not\u00edcias\",\"item\":\"https:\/\/www.suno.com.br\/noticias\/\"},{\"@type\":\"ListItem\",\"position\":2,\"name\":\"Finan\u00e7as Pessoais\",\"item\":\"https:\/\/www.suno.com.br\/noticias\/financas-pessoais\/\"},{\"@type\":\"ListItem\",\"position\":3,\"name\":\"Dia Internacional da Mulher: Investidoras e l\u00edderes re\u00fanem conselhos para o mercado de trabalho feminino\"}]},{\"@type\":\"WebSite\",\"@id\":\"https:\/\/www.suno.com.br\/noticias\/#website\",\"url\":\"https:\/\/www.suno.com.br\/noticias\/\",\"name\":\"Suno Not\u00edcias\",\"description\":\"Seu portal de informa\u00e7\u00e3o sobre o mundo dos investimentos\",\"publisher\":{\"@id\":\"https:\/\/www.suno.com.br\/noticias\/#organization\"},\"potentialAction\":[{\"@type\":\"SearchAction\",\"target\":{\"@type\":\"EntryPoint\",\"urlTemplate\":\"https:\/\/www.suno.com.br\/noticias\/?s={search_term_string}\"},\"query-input\":{\"@type\":\"PropertyValueSpecification\",\"valueRequired\":true,\"valueName\":\"search_term_string\"}}],\"inLanguage\":\"pt-BR\"},{\"@type\":\"Organization\",\"@id\":\"https:\/\/www.suno.com.br\/noticias\/#organization\",\"name\":\"Suno Not\u00edcias\",\"url\":\"https:\/\/www.suno.com.br\/noticias\/\",\"logo\":{\"@type\":\"ImageObject\",\"inLanguage\":\"pt-BR\",\"@id\":\"https:\/\/www.suno.com.br\/noticias\/#\/schema\/logo\/image\/\",\"url\":\"https:\/\/files.sunoresearch.com.br\/n\/uploads\/2021\/09\/suno-logo.png\",\"contentUrl\":\"https:\/\/files.sunoresearch.com.br\/n\/uploads\/2021\/09\/suno-logo.png\",\"width\":180,\"height\":180,\"caption\":\"Suno Not\u00edcias\"},\"image\":{\"@id\":\"https:\/\/www.suno.com.br\/noticias\/#\/schema\/logo\/image\/\"},\"sameAs\":[\"https:\/\/facebook.com\/sunoresearch\",\"https:\/\/x.com\/sunoresearch\",\"https:\/\/www.instagram.com\/suno\",\"https:\/\/www.linkedin.com\/company\/suno-research\/\",\"https:\/\/www.youtube.com\/c\/sunoresearch\"]},{\"@type\":\"Person\",\"@id\":\"https:\/\/www.suno.com.br\/noticias\/#\/schema\/person\/f341d3ae5d1cc685176c9a5327cdfdbb\",\"name\":\"Camila Paim\",\"image\":{\"@type\":\"ImageObject\",\"inLanguage\":\"pt-BR\",\"@id\":\"https:\/\/www.suno.com.br\/noticias\/#\/schema\/person\/image\/\",\"url\":\"https:\/\/secure.gravatar.com\/avatar\/f33728e65febb1aa7ecf6792956f9b20?s=96&r=g\",\"contentUrl\":\"https:\/\/secure.gravatar.com\/avatar\/f33728e65febb1aa7ecf6792956f9b20?s=96&r=g\",\"caption\":\"Camila Paim\"},\"description\":\"Jornalista formada pela USP, tem experi\u00eancia em reda\u00e7\u00f5es, SEO, Branded Content e Webdesign. Com passagem pelo Jornal da USP, Empiricus e C6 Bank, hoje \u00e9 rep\u00f3rter no Suno Not\u00edcias cobrindo macroeconomia, finan\u00e7as pessoais e startups.\",\"url\":\"https:\/\/www.suno.com.br\/noticias\/author\/camila-figueiredosuno-com-br\/\"}]}<\/script>\n<!-- \/ Yoast SEO plugin. -->","yoast_head_json":{"title":"Dia Internacional da Mulher: L\u00edderes falam do mercado de trabalho","description":"Neste 8 de mar\u00e7o, tr\u00eas l\u00edderes falam sobre desafios no mercado de trabalho e na carreira. Veja os depoimentos do Dia Internacional da Mulher.","robots":{"index":"index","follow":"follow","max-snippet":"max-snippet:-1","max-image-preview":"max-image-preview:large","max-video-preview":"max-video-preview:-1"},"canonical":"https:\/\/www.suno.com.br\/noticias\/dia-internacional-da-mulher-mercado-trabalho-2024-cpf\/","og_locale":"pt_BR","og_type":"article","og_title":"Dia Internacional da Mulher: L\u00edderes falam do mercado de trabalho","og_description":"Neste 8 de mar\u00e7o, tr\u00eas l\u00edderes falam sobre desafios no mercado de trabalho e na carreira. Veja os depoimentos do Dia Internacional da Mulher.","og_url":"https:\/\/www.suno.com.br\/noticias\/dia-internacional-da-mulher-mercado-trabalho-2024-cpf\/","og_site_name":"Suno Not\u00edcias","article_publisher":"https:\/\/facebook.com\/sunoresearch","og_image":[{"width":1200,"height":801,"url":"https:\/\/files.sunoresearch.com.br\/n\/uploads\/2024\/03\/dia-internacional-da-mulher-trabalho.jpg","type":"image\/jpeg"}],"author":"Camila Paim","twitter_card":"summary_large_image","twitter_creator":"@sunoresearch","twitter_site":"@sunoresearch","twitter_misc":{"Escrito por":"Camila Paim","Est. tempo de leitura":"3 minutos"},"schema":{"@context":"https:\/\/schema.org","@graph":[{"@type":"NewsArticle","@id":"https:\/\/www.suno.com.br\/noticias\/dia-internacional-da-mulher-mercado-trabalho-2024-cpf\/#article","isPartOf":{"@id":"https:\/\/www.suno.com.br\/noticias\/dia-internacional-da-mulher-mercado-trabalho-2024-cpf\/"},"author":{"name":"Camila Paim","@id":"https:\/\/www.suno.com.br\/noticias\/#\/schema\/person\/f341d3ae5d1cc685176c9a5327cdfdbb"},"headline":"Dia Internacional da Mulher: Investidoras e l\u00edderes re\u00fanem conselhos para o mercado de trabalho feminino","datePublished":"2024-03-08T13:12:05+00:00","dateModified":"2024-03-08T13:12:11+00:00","mainEntityOfPage":{"@id":"https:\/\/www.suno.com.br\/noticias\/dia-internacional-da-mulher-mercado-trabalho-2024-cpf\/"},"wordCount":572,"publisher":{"@id":"https:\/\/www.suno.com.br\/noticias\/#organization"},"image":{"@id":"https:\/\/www.suno.com.br\/noticias\/dia-internacional-da-mulher-mercado-trabalho-2024-cpf\/#primaryimage"},"thumbnailUrl":"https:\/\/files.sunoresearch.com.br\/n\/uploads\/2024\/03\/dia-internacional-da-mulher-trabalho.jpg","keywords":["Emprego","mulheres"],"articleSection":["Finan\u00e7as Pessoais"],"inLanguage":"pt-BR"},{"@type":"WebPage","@id":"https:\/\/www.suno.com.br\/noticias\/dia-internacional-da-mulher-mercado-trabalho-2024-cpf\/","url":"https:\/\/www.suno.com.br\/noticias\/dia-internacional-da-mulher-mercado-trabalho-2024-cpf\/","name":"Dia Internacional da Mulher: L\u00edderes falam do mercado de trabalho","isPartOf":{"@id":"https:\/\/www.suno.com.br\/noticias\/#website"},"primaryImageOfPage":{"@id":"https:\/\/www.suno.com.br\/noticias\/dia-internacional-da-mulher-mercado-trabalho-2024-cpf\/#primaryimage"},"image":{"@id":"https:\/\/www.suno.com.br\/noticias\/dia-internacional-da-mulher-mercado-trabalho-2024-cpf\/#primaryimage"},"thumbnailUrl":"https:\/\/files.sunoresearch.com.br\/n\/uploads\/2024\/03\/dia-internacional-da-mulher-trabalho.jpg","datePublished":"2024-03-08T13:12:05+00:00","dateModified":"2024-03-08T13:12:11+00:00","description":"Neste 8 de mar\u00e7o, tr\u00eas l\u00edderes falam sobre desafios no mercado de trabalho e na carreira. Veja os depoimentos do Dia Internacional da Mulher.","breadcrumb":{"@id":"https:\/\/www.suno.com.br\/noticias\/dia-internacional-da-mulher-mercado-trabalho-2024-cpf\/#breadcrumb"},"inLanguage":"pt-BR","potentialAction":[{"@type":"ReadAction","target":["https:\/\/www.suno.com.br\/noticias\/dia-internacional-da-mulher-mercado-trabalho-2024-cpf\/"]}]},{"@type":"ImageObject","inLanguage":"pt-BR","@id":"https:\/\/www.suno.com.br\/noticias\/dia-internacional-da-mulher-mercado-trabalho-2024-cpf\/#primaryimage","url":"https:\/\/files.sunoresearch.com.br\/n\/uploads\/2024\/03\/dia-internacional-da-mulher-trabalho.jpg","contentUrl":"https:\/\/files.sunoresearch.com.br\/n\/uploads\/2024\/03\/dia-internacional-da-mulher-trabalho.jpg","width":1200,"height":801,"caption":"Mulheres no mercado de trabalho - Foto: Unsplash"},{"@type":"BreadcrumbList","@id":"https:\/\/www.suno.com.br\/noticias\/dia-internacional-da-mulher-mercado-trabalho-2024-cpf\/#breadcrumb","itemListElement":[{"@type":"ListItem","position":1,"name":"Not\u00edcias","item":"https:\/\/www.suno.com.br\/noticias\/"},{"@type":"ListItem","position":2,"name":"Finan\u00e7as Pessoais","item":"https:\/\/www.suno.com.br\/noticias\/financas-pessoais\/"},{"@type":"ListItem","position":3,"name":"Dia Internacional da Mulher: Investidoras e l\u00edderes re\u00fanem conselhos para o mercado de trabalho feminino"}]},{"@type":"WebSite","@id":"https:\/\/www.suno.com.br\/noticias\/#website","url":"https:\/\/www.suno.com.br\/noticias\/","name":"Suno Not\u00edcias","description":"Seu portal de informa\u00e7\u00e3o sobre o mundo dos investimentos","publisher":{"@id":"https:\/\/www.suno.com.br\/noticias\/#organization"},"potentialAction":[{"@type":"SearchAction","target":{"@type":"EntryPoint","urlTemplate":"https:\/\/www.suno.com.br\/noticias\/?s={search_term_string}"},"query-input":{"@type":"PropertyValueSpecification","valueRequired":true,"valueName":"search_term_string"}}],"inLanguage":"pt-BR"},{"@type":"Organization","@id":"https:\/\/www.suno.com.br\/noticias\/#organization","name":"Suno Not\u00edcias","url":"https:\/\/www.suno.com.br\/noticias\/","logo":{"@type":"ImageObject","inLanguage":"pt-BR","@id":"https:\/\/www.suno.com.br\/noticias\/#\/schema\/logo\/image\/","url":"https:\/\/files.sunoresearch.com.br\/n\/uploads\/2021\/09\/suno-logo.png","contentUrl":"https:\/\/files.sunoresearch.com.br\/n\/uploads\/2021\/09\/suno-logo.png","width":180,"height":180,"caption":"Suno Not\u00edcias"},"image":{"@id":"https:\/\/www.suno.com.br\/noticias\/#\/schema\/logo\/image\/"},"sameAs":["https:\/\/facebook.com\/sunoresearch","https:\/\/x.com\/sunoresearch","https:\/\/www.instagram.com\/suno","https:\/\/www.linkedin.com\/company\/suno-research\/","https:\/\/www.youtube.com\/c\/sunoresearch"]},{"@type":"Person","@id":"https:\/\/www.suno.com.br\/noticias\/#\/schema\/person\/f341d3ae5d1cc685176c9a5327cdfdbb","name":"Camila Paim","image":{"@type":"ImageObject","inLanguage":"pt-BR","@id":"https:\/\/www.suno.com.br\/noticias\/#\/schema\/person\/image\/","url":"https:\/\/secure.gravatar.com\/avatar\/f33728e65febb1aa7ecf6792956f9b20?s=96&r=g","contentUrl":"https:\/\/secure.gravatar.com\/avatar\/f33728e65febb1aa7ecf6792956f9b20?s=96&r=g","caption":"Camila Paim"},"description":"Jornalista formada pela USP, tem experi\u00eancia em reda\u00e7\u00f5es, SEO, Branded Content e Webdesign. Com passagem pelo Jornal da USP, Empiricus e C6 Bank, hoje \u00e9 rep\u00f3rter no Suno Not\u00edcias cobrindo macroeconomia, finan\u00e7as pessoais e startups.","url":"https:\/\/www.suno.com.br\/noticias\/author\/camila-figueiredosuno-com-br\/"}]}},"default_loop_html":"<div class=\"cardsPage__listCard__boxs\"><div class=\"cardsPage__listCard__boxs__img\"><a href=\"https:\/\/www.suno.com.br\/noticias\/dia-internacional-da-mulher-mercado-trabalho-2024-cpf\/\"><img class=\"mask\" src=\"https:\/\/www.suno.com.br\/noticias\/wp-content\/themes\/suno\/resources\/images\/spotlight\/spotlight1img\/bg-mask.png\" alt=\"Image Mask\"\/><img src=\"https:\/\/files.sunoresearch.com.br\/n\/uploads\/2024\/03\/dia-internacional-da-mulher-trabalho-400x200.jpg\" alt=\"Dia Internacional da Mulher: Investidoras e l\u00edderes re\u00fanem conselhos para o mercado de trabalho feminino\"\/><\/a><span class=\"spotlightCategory\"><a href=\"https:\/\/www.suno.com.br\/noticias\/financas-pessoais\/\">Finan\u00e7as Pessoais<\/a><\/span><\/div><div class=\"cardsPage__listCard__boxs__content\"><a href=\"https:\/\/www.suno.com.br\/noticias\/dia-internacional-da-mulher-mercado-trabalho-2024-cpf\/\"><h2 class=\"content__title\">Dia Internacional da Mulher: Investidoras e l\u00edderes re\u00fanem conselhos para o mercado de trabalho feminino<\/h2><\/a><div class=\"newsContent__article__meta\"><div class=\"newsContent__article__meta__authorBox\"><a href=\"https:\/\/www.suno.com.br\/noticias\/author\/camila-figueiredosuno-com-br\/\" class=\"authorBox__avatar noMobi\"><img src=\"https:\/\/files.sunoresearch.com.br\/n\/uploads\/2024\/05\/camila-paim-square-150x150.jpg\" alt=\"Camila Paim\"><\/a><div class=\"authorBox__name\"><span>por\n\t\t\t<a href=\"https:\/\/www.suno.com.br\/noticias\/author\/camila-figueiredosuno-com-br\/\"><span itemprop=\"author\">Camila Paim<\/span><\/a><\/span><time datetime=\"2024-03-08T10:12:05-03:00\" itemprop=\"datePublished\">08\/03\/2024 10:12<\/time><\/div><\/div><\/div><\/div><\/div>","single_layout":"posts","amp_enabled":true,"_links":{"self":[{"href":"https:\/\/www.suno.com.br\/noticias\/wp-json\/wp\/v2\/posts\/531240"}],"collection":[{"href":"https:\/\/www.suno.com.br\/noticias\/wp-json\/wp\/v2\/posts"}],"about":[{"href":"https:\/\/www.suno.com.br\/noticias\/wp-json\/wp\/v2\/types\/post"}],"author":[{"embeddable":true,"href":"https:\/\/www.suno.com.br\/noticias\/wp-json\/wp\/v2\/users\/283"}],"replies":[{"embeddable":true,"href":"https:\/\/www.suno.com.br\/noticias\/wp-json\/wp\/v2\/comments?post=531240"}],"version-history":[{"count":3,"href":"https:\/\/www.suno.com.br\/noticias\/wp-json\/wp\/v2\/posts\/531240\/revisions"}],"predecessor-version":[{"id":531280,"href":"https:\/\/www.suno.com.br\/noticias\/wp-json\/wp\/v2\/posts\/531240\/revisions\/531280"}],"wp:featuredmedia":[{"embeddable":true,"href":"https:\/\/www.suno.com.br\/noticias\/wp-json\/wp\/v2\/media\/531276"}],"wp:attachment":[{"href":"https:\/\/www.suno.com.br\/noticias\/wp-json\/wp\/v2\/media?parent=531240"}],"wp:term":[{"taxonomy":"category","embeddable":true,"href":"https:\/\/www.suno.com.br\/noticias\/wp-json\/wp\/v2\/categories?post=531240"},{"taxonomy":"post_tag","embeddable":true,"href":"https:\/\/www.suno.com.br\/noticias\/wp-json\/wp\/v2\/tags?post=531240"},{"taxonomy":"suno_strategy","embeddable":true,"href":"https:\/\/www.suno.com.br\/noticias\/wp-json\/wp\/v2\/suno_strategy?post=531240"}],"curies":[{"name":"wp","href":"https:\/\/api.w.org\/{rel}","templated":true}]}}