{"id":530397,"date":"2024-03-06T19:51:10","date_gmt":"2024-03-06T22:51:10","guid":{"rendered":"https:\/\/www.suno.com.br\/noticias\/?p=530397"},"modified":"2024-03-06T19:51:14","modified_gmt":"2024-03-06T22:51:14","slug":"fed-pressoes-de-precos-persistem-moderacao-ivro-bege-do-fed","status":"publish","type":"post","link":"https:\/\/www.suno.com.br\/noticias\/fed-pressoes-de-precos-persistem-moderacao-ivro-bege-do-fed\/","title":{"rendered":"Fed: press\u00f5es de pre\u00e7os persistem, mas distritos veem modera\u00e7\u00e3o na infla\u00e7\u00e3o, diz Livro Bege"},"content":{"rendered":"<p>O Federal Reserve (<strong>Fed<\/strong>, o banco central norte-americano) ouviu relatos de alguma modera\u00e7\u00e3o na infla\u00e7\u00e3o de v\u00e1rios distritos dos Estados Unidos, embora as press\u00f5es de pre\u00e7o tenham persistido no pa\u00eds entre janeiro e meados de fevereiro. <\/p>\t<div class=\"wrapper-featured-image\">\n\t\t<figure class=\"spotlightImg\">\n\n\t\t\t<picture>\n\t\t\t\t<source media=\"(max-width: 768px)\" srcset=\"https:\/\/files.sunoresearch.com.br\/n\/uploads\/2022\/06\/Fed-decisao-400x200.jpg\">\n\t\t\t\t<img loading=\"lazy\" decoding=\"async\" class=\"newsContent__article__imgCapa lazyloadDisabled \" src=\"https:\/\/files.sunoresearch.com.br\/n\/uploads\/2022\/06\/Fed-decisao-800x450.jpg\" width=\"800\" height=\"450\" alt=\"Fed: press\u00f5es de pre\u00e7os persistem, mas distritos veem modera\u00e7\u00e3o na infla\u00e7\u00e3o, diz Livro Bege\" fetchpriority=high \/>\n\t\t\t<\/picture>\n\n\t\t\t<figcaption class=\"wp-caption-text wp-caption-text--show\">Fed. Foto: Divulga\u00e7\u00e3o<\/figcaption>\n\t\t<\/figure>\n\t<\/div>\n\n\n\n\n\n\n<p>A informa\u00e7\u00e3o consta no<strong> Livro Bege <\/strong>publicado pelo Fed nesta quarta-feira, 6. O documento re\u00fane impress\u00f5es de <a class=\"suno-keyword\" target=\"_blank\" data-force=\"no\" data-priority=\"1\" href=\"https:\/\/www.suno.com.br\/artigos\/agentes-do-mercado\/\" rel=\"noopener\">agentes do mercado<\/a> sobre o estado da<strong> economia dos EUA<\/strong> e embasa as decis\u00f5es de <a class=\"suno-keyword\" target=\"_blank\" data-force=\"no\" data-priority=\"1\" href=\"https:\/\/www.suno.com.br\/artigos\/politica-monetaria\/\" rel=\"noopener\">pol\u00edtica monet\u00e1ria<\/a> no pa\u00eds.<\/p>\n\n\n\t<p>\n\t\t<a href=\"https:\/\/lp.suno.com.br\/planilha-da-vida-financeira\/\" target=\"_blank\" data-element=\"shortcode-suno-banner\" title=\"Banner SUNO, clique e saiba mais\">\n\t\t\t<picture>\n\t\t\t\t<source media=\"(max-width: 500px)\" srcset=\"https:\/\/files.sunoresearch.com.br\/n\/uploads\/2023\/04\/400x300-Planilha-vida-financeira-true.png\">\n\t\t\t\t<img class=\"newsContent__article__imgCapa newsContent__article__imgCapa--banner\"\n\t\t\t\t\tsrc=\"https:\/\/files.sunoresearch.com.br\/n\/uploads\/2023\/04\/1420x240-Planilha-vida-financeira-true.png\"\n\t\t\t\t\tdata-promo-id=\"106682\"\t\t\t\t\t\t\t\t\t\twidth='1420' height='240'\t\t\t\t\talt=\"https:\/\/files.sunoresearch.com.br\/n\/uploads\/2023\/04\/1420x240-Planilha-vida-financeira-true.png\"\n\t\t\t\t>\n\t\t\t<\/picture>\n\t\t<\/a>\n\t<\/p>\n\n\n\n\n\n\n\n<p>Os contatos do Fed destacaram aumentos nos custos de frete e em v\u00e1rias categorias de seguro, incluindo seguro de sa\u00fade pago por empregadores.<\/p>\n\n\n\n<p>Mas, mesmo assim, as empresas sentiram dificuldade para passar os aumentos de custo aos consumidores, que se tornaram cada vez mais sens\u00edveis a mudan\u00e7as de pre\u00e7o, diz o documento.<\/p>\n\n\n\n<p>O <strong>relat\u00f3rio do Fed<\/strong> registra ainda relatos de queda nos custo de v\u00e1rios insumos industriais e de constru\u00e7\u00e3o &#8211; como ferro, cimento, papel e combust\u00edvel.<\/p>\n\n\n\t<p>\n\t\t<a href=\"https:\/\/lp.suno.com.br\/ebook-como-analisar-uma-acao\/\" target=\"_blank\" data-element=\"shortcode-suno-banner\" title=\"Banner SUNO, clique e saiba mais\">\n\t\t\t<picture>\n\t\t\t\t<source media=\"(max-width: 500px)\" srcset=\"https:\/\/files.sunoresearch.com.br\/n\/uploads\/2023\/03\/Ebook-Acoes-Mobile.jpg\">\n\t\t\t\t<img class=\"newsContent__article__imgCapa newsContent__article__imgCapa--banner\"\n\t\t\t\t\tsrc=\"https:\/\/files.sunoresearch.com.br\/n\/uploads\/2023\/03\/Ebook-Acoes-Desktop.jpg\"\n\t\t\t\t\tdata-promo-id=\"378302\"\t\t\t\t\t\t\t\t\t\twidth='1420' height='286'\t\t\t\t\talt=\"https:\/\/files.sunoresearch.com.br\/n\/uploads\/2023\/03\/Ebook-Acoes-Desktop.jpg\"\n\t\t\t\t>\n\t\t\t<\/picture>\n\t\t<\/a>\n\t<\/p>\n\n\n\n\n\n<h2 class=\"wp-block-heading\">Fed: atividade econ\u00f4mica<\/h2>\n\n\n\n<p>De acordo com o <a class=\"suno-keyword\" target=\"_blank\" data-force=\"no\" data-priority=\"1\" href=\"https:\/\/www.suno.com.br\/artigos\/livro-bege\/\" rel=\"noopener\">Livro Bege<\/a>, a <strong>atividade econ\u00f4mica nos Estados Unidos<\/strong> &#8220;cresceu levemente, no balan\u00e7o&#8221;, desde o in\u00edcio de janeiro, com oito distritos reportando &#8220;leve a modesto&#8221; crescimento na atividade, outros tr\u00eas registrando estabilidade e um distrito vendo &#8220;uma leve desacelera\u00e7\u00e3o&#8221;.<\/p>\n\n\n\n<p>O documento nota que os gastos dos consumidores, em particular em produtos no varejo, t\u00eam recuado nas \u00faltimas semanas. H\u00e1 v\u00e1rios relatos de maior sensibilidade aos pre\u00e7os por parte dos consumidores, com consumidores gastando menos em produtos discricion\u00e1rios.<\/p>\n\n\n\n<p>A atividade no setor de lazer e hospitalidade variou entre distritos.<\/p>\n\n\n\n<p>O tr\u00e1fego a\u00e9reo &#8220;foi robusto no geral&#8221;, enquanto a demanda por restaurantes, hot\u00e9is e outros estabelecimentos enfraqueceu ante os pre\u00e7os elevados, bem como as condi\u00e7\u00f5es clim\u00e1ticas &#8220;inusuais&#8221; em certas regi\u00f5es, diz o Livro Bege.<\/p>\n\n\n\n<p>A atividade manufatureira nos EUA ficou em geral est\u00e1vel, enquanto gargalos na oferta normalizavam mais. Continuava a haver, por\u00e9m, atrasos nas entregas de componentes el\u00e9tricos, afirma o relat\u00f3rio.<\/p>\n\n\n\n<h2 class=\"wp-block-heading\">Mercado de trabalho<\/h2>\n\n\n\n<p>O emprego cresceu em ritmo &#8220;moderado&#8221; na maioria dos distritos dos Estados Unidos, na avalia\u00e7\u00e3o contida no Livro Bege. O documento aponta tamb\u00e9m que os sal\u00e1rios cresciam pelos distritos do pa\u00eds, &#8220;embora v\u00e1rios relatos indicassem um ritmo mais lento de alta&#8221;.<\/p>\n\n\n\n<p>O Livro Bege afirma que o aperto no <strong>mercado de trabalho<\/strong> diminuiu um pouco mais, &#8220;com quase todos os distritos reportando alguma melhora na disponibilidade de trabalhadores e na reten\u00e7\u00e3o de empregados&#8221;.<\/p>\n\n\n\n<p>As empresas, por sua vez, consideram em geral mais f\u00e1cil preencher as vagas abertas e conseguir pessoal qualificado, embora persistam dificuldades para atrair trabalhadores em posi\u00e7\u00f5es altamente qualificadas, como profissionais de sa\u00fade, engenheiros e especialistas como mec\u00e2nicos e soldadores.<\/p>\n\n\n\n<p>As expectativas dos empregados para ajustes nos pagamentos, por sua vez, estavam &#8220;mais em linha com as m\u00e9dias hist\u00f3ricas&#8221;, segundo os contatos citados pelo Fed.<\/p>\n\n\n\n<h2 class=\"wp-block-heading\">Impactos de conflitos externos, diz documento do Fed<\/h2>\n\n\n\n<p>No geral, as<em> empresas dos EUA<\/em> n\u00e3o sentiram um impacto not\u00e1vel das perturba\u00e7\u00f5es no transporte mar\u00edtimo no Mar Vermelho e no Canal do Panam\u00e1 entre janeiro e meados de fevereiro, diz o Livro Bege do Federal Reserve.<\/p>\n\n\n\n<p>No entanto, alguns agentes econ\u00f4micos ouvidos pela institui\u00e7\u00e3o relataram alta nas press\u00f5es sobre custos de transporte internacional.<\/p>\n\n\n\n<p>Ainda de acordo com o <a class=\"suno-keyword\" target=\"_blank\" data-force=\"no\" data-priority=\"1\" href=\"https:\/\/www.suno.com.br\/artigos\/livro-bege\/\" rel=\"noopener\">Livro Bege<\/a>, a atividade do setor imobili\u00e1rio comercial foi fraca entre janeiro e meados de fevereiro, sobretudo para escrit\u00f3rios, segundo <a class=\"suno-keyword\" target=\"_blank\" data-force=\"no\" data-priority=\"1\" href=\"https:\/\/www.suno.com.br\/artigos\/agentes-do-mercado\/\" rel=\"noopener\">agentes do mercado<\/a> ouvidos pelo Federal Reserve. Alguns contatos do BC norte-americano observaram, por\u00e9m, demanda robusta por novos centros de dados, espa\u00e7os industriais e grandes projetos de infraestrutura.<\/p>\n\n\n\n<p>O Fed ainda ouviu v\u00e1rios relatos de acelera\u00e7\u00e3o da demanda por resid\u00eancias nas semanas recentes &#8211; em grande parte devido \u00e0 uma modera\u00e7\u00e3o nas taxas de hipoteca. No entanto, os contatos ressaltaram que as vendas de casas foram comprimidas por causa da limita\u00e7\u00e3o dos estoques.<\/p>\n\n\n\n<h2 class=\"wp-block-heading\">Dirigente do Fed diz que cortes prematuros de juros podem reacelerar infla\u00e7\u00e3o<\/h2>\n\n\n\n<p>A <strong>presidente do Federal Reserve<\/strong> (Fed, o banco central norte-americano) de S\u00e3o Francisco, Mary Daly, reiterou que ainda \u00e9 cedo para declarar vit\u00f3ria contra a infla\u00e7\u00e3o. &#8220;Estamos em um momento muito dif\u00edcil para calibrar juros. H\u00e1 o risco de cortar cedo prematuramente e reacelerar infla\u00e7\u00e3o, mas se demorarmos demais podemos criar um impacto indesejado na economia, como enfraquecimento do mercado de trabalho&#8221;, ponderou, durante sess\u00e3o de perguntas e respostas da Confer\u00eancia Nacional Interinstitucional de Reinvestimento Comunit\u00e1rio de 2024.<\/p>\n\n\n\n<p>A dirigente lembrou que o foco do<strong> BC norte-americano<\/strong> &#8220;sempre foi restaurar a estabilidade de pre\u00e7os o mais suavemente poss\u00edvel&#8221;.<\/p>\n\n\n\n<p>Ela demonstrou otimismo com o desempenho da economia, destacando que a atividade e o mercado de trabalho continuam s\u00f3lidos, enquanto a infla\u00e7\u00e3o caiu significativamente nos \u00faltimos meses.<\/p>\n\n\n\n<p>Contudo, a <strong>infla\u00e7\u00e3o<\/strong> ainda segue acima da meta de 2%, o que exige monitoramento do BC, segundo a autoridade. Ela refor\u00e7ou que as decis\u00f5es monet\u00e1rias seguir\u00e3o dependentes de dados e proje\u00e7\u00f5es.<\/p>\n\n\n\n<p>A presidente do Federal Reserve de S\u00e3o Francisco afirmou que os dirigentes continuam comprometidos em retornar a infla\u00e7\u00e3o \u00e0 meta de 2%. &#8220;Sabemos que juros elevados aumentam custos de adquirir ou alugar moradias, mas s\u00e3o ajustes tempor\u00e1rios e necess\u00e1rios para controlar os pre\u00e7os&#8221;, defendeu.<\/p>\n\n\n\n<p>Mary Daly observou que o aumento nos pre\u00e7os de moradias impulsionou a infla\u00e7\u00e3o nos Estados Unidos e, por isso, precisam ser controlados e monitorados pelo <strong>Fed<\/strong>.<\/p>\n\n\n\n<p><em>Com Estad\u00e3o Conte\u00fado<\/em><\/p>\n\n\n\t<p>\n\t\t<a href=\"https:\/\/lp.suno.com.br\/planilha-da-vida-financeira\/\" target=\"_blank\" data-element=\"shortcode-suno-banner\" title=\"Banner SUNO, clique e saiba mais\">\n\t\t\t<picture>\n\t\t\t\t<source media=\"(max-width: 500px)\" srcset=\"https:\/\/files.sunoresearch.com.br\/n\/uploads\/2023\/04\/400x300-Planilha-vida-financeira-true.png\">\n\t\t\t\t<img class=\"newsContent__article__imgCapa newsContent__article__imgCapa--banner\"\n\t\t\t\t\tsrc=\"https:\/\/files.sunoresearch.com.br\/n\/uploads\/2023\/04\/1420x240-Planilha-vida-financeira-true.png\"\n\t\t\t\t\tdata-promo-id=\"383123\"\t\t\t\t\t\t\t\t\t\twidth='1420' height='240'\t\t\t\t\talt=\"https:\/\/files.sunoresearch.com.br\/n\/uploads\/2023\/04\/1420x240-Planilha-vida-financeira-true.png\"\n\t\t\t\t>\n\t\t\t<\/picture>\n\t\t<\/a>\n\t<\/p>\n\n\n","protected":false},"excerpt":{"rendered":"<p>O Federal Reserve (Fed, o banco central norte-americano) ouviu relatos de alguma modera\u00e7\u00e3o na infla\u00e7\u00e3o de v\u00e1rios distritos dos Estados Unidos, embora as press\u00f5es de pre\u00e7o tenham persistido no pa\u00eds entre janeiro e meados de fevereiro. Fed. Foto: Divulga\u00e7\u00e3o A informa\u00e7\u00e3o consta no Livro Bege publicado pelo Fed nesta quarta-feira, 6. O documento re\u00fane impress\u00f5es [&hellip;]<\/p>\n","protected":false},"author":43,"featured_media":267868,"comment_status":"closed","ping_status":"closed","sticky":false,"template":"","format":"standard","meta":[],"categories":[63],"tags":[776],"suno_strategy":[],"class_list":["post-530397","post","type-post","status-publish","format-standard","has-post-thumbnail","hentry","category-internacional","tag-federal-reseve-fed"],"yoast_head":"<!-- This site is optimized with the Yoast SEO plugin v24.4 - https:\/\/yoast.com\/wordpress\/plugins\/seo\/ -->\n<title>Fed: press\u00f5es de pre\u00e7os persistem, mas h\u00e1 modera\u00e7\u00e3o na infla\u00e7\u00e3o<\/title>\n<meta name=\"description\" content=\"O Federal Reserve (Fed, o banco central norte-americano) ouviu relatos de alguma modera\u00e7\u00e3o na infla\u00e7\u00e3o de v\u00e1rios distritos dos Estados Unidos\" \/>\n<meta name=\"robots\" content=\"index, follow, max-snippet:-1, max-image-preview:large, max-video-preview:-1\" \/>\n<link rel=\"canonical\" href=\"https:\/\/www.suno.com.br\/noticias\/fed-pressoes-de-precos-persistem-moderacao-ivro-bege-do-fed\/\" \/>\n<meta property=\"og:locale\" content=\"pt_BR\" \/>\n<meta property=\"og:type\" content=\"article\" \/>\n<meta property=\"og:title\" content=\"Fed: press\u00f5es de pre\u00e7os persistem, mas h\u00e1 modera\u00e7\u00e3o na infla\u00e7\u00e3o\" \/>\n<meta property=\"og:description\" content=\"O Federal Reserve (Fed, o banco central norte-americano) ouviu relatos de alguma modera\u00e7\u00e3o na infla\u00e7\u00e3o de v\u00e1rios distritos dos Estados Unidos\" \/>\n<meta property=\"og:url\" content=\"https:\/\/www.suno.com.br\/noticias\/fed-pressoes-de-precos-persistem-moderacao-ivro-bege-do-fed\/\" \/>\n<meta property=\"og:site_name\" content=\"Suno Not\u00edcias\" \/>\n<meta property=\"article:publisher\" content=\"https:\/\/facebook.com\/sunoresearch\" \/>\n<meta property=\"article:author\" content=\"https:\/\/www.facebook.com\/sunonoticias\/\" \/>\n<meta property=\"og:image\" content=\"https:\/\/files.sunoresearch.com.br\/n\/uploads\/2022\/06\/Fed-decisao.jpg\" \/>\n\t<meta property=\"og:image:width\" content=\"1250\" \/>\n\t<meta property=\"og:image:height\" content=\"813\" \/>\n\t<meta property=\"og:image:type\" content=\"image\/jpeg\" \/>\n<meta name=\"author\" content=\"Reda\u00e7\u00e3o Suno Not\u00edcias\" \/>\n<meta name=\"twitter:card\" content=\"summary_large_image\" \/>\n<meta name=\"twitter:creator\" content=\"@https:\/\/twitter.com\/sunoresearch\" \/>\n<meta name=\"twitter:site\" content=\"@sunoresearch\" \/>\n<meta name=\"twitter:label1\" content=\"Escrito por\" \/>\n\t<meta name=\"twitter:data1\" content=\"Reda\u00e7\u00e3o Suno Not\u00edcias\" \/>\n\t<meta name=\"twitter:label2\" content=\"Est. tempo de leitura\" \/>\n\t<meta name=\"twitter:data2\" content=\"5 minutos\" \/>\n<script type=\"application\/ld+json\" class=\"yoast-schema-graph\">{\"@context\":\"https:\/\/schema.org\",\"@graph\":[{\"@type\":\"NewsArticle\",\"@id\":\"https:\/\/www.suno.com.br\/noticias\/fed-pressoes-de-precos-persistem-moderacao-ivro-bege-do-fed\/#article\",\"isPartOf\":{\"@id\":\"https:\/\/www.suno.com.br\/noticias\/fed-pressoes-de-precos-persistem-moderacao-ivro-bege-do-fed\/\"},\"author\":{\"name\":\"Reda\u00e7\u00e3o Suno Not\u00edcias\",\"@id\":\"https:\/\/www.suno.com.br\/noticias\/#\/schema\/person\/c1b1bd3727fa852bd045e9dbff3673ea\"},\"headline\":\"Fed: press\u00f5es de pre\u00e7os persistem, mas distritos veem modera\u00e7\u00e3o na infla\u00e7\u00e3o, diz Livro Bege\",\"datePublished\":\"2024-03-06T22:51:10+00:00\",\"dateModified\":\"2024-03-06T22:51:14+00:00\",\"mainEntityOfPage\":{\"@id\":\"https:\/\/www.suno.com.br\/noticias\/fed-pressoes-de-precos-persistem-moderacao-ivro-bege-do-fed\/\"},\"wordCount\":966,\"publisher\":{\"@id\":\"https:\/\/www.suno.com.br\/noticias\/#organization\"},\"image\":{\"@id\":\"https:\/\/www.suno.com.br\/noticias\/fed-pressoes-de-precos-persistem-moderacao-ivro-bege-do-fed\/#primaryimage\"},\"thumbnailUrl\":\"https:\/\/files.sunoresearch.com.br\/n\/uploads\/2022\/06\/Fed-decisao.jpg\",\"keywords\":[\"Federal Reserve (FED)\"],\"articleSection\":[\"Internacional\"],\"inLanguage\":\"pt-BR\"},{\"@type\":\"WebPage\",\"@id\":\"https:\/\/www.suno.com.br\/noticias\/fed-pressoes-de-precos-persistem-moderacao-ivro-bege-do-fed\/\",\"url\":\"https:\/\/www.suno.com.br\/noticias\/fed-pressoes-de-precos-persistem-moderacao-ivro-bege-do-fed\/\",\"name\":\"Fed: press\u00f5es de pre\u00e7os persistem, mas h\u00e1 modera\u00e7\u00e3o na infla\u00e7\u00e3o\",\"isPartOf\":{\"@id\":\"https:\/\/www.suno.com.br\/noticias\/#website\"},\"primaryImageOfPage\":{\"@id\":\"https:\/\/www.suno.com.br\/noticias\/fed-pressoes-de-precos-persistem-moderacao-ivro-bege-do-fed\/#primaryimage\"},\"image\":{\"@id\":\"https:\/\/www.suno.com.br\/noticias\/fed-pressoes-de-precos-persistem-moderacao-ivro-bege-do-fed\/#primaryimage\"},\"thumbnailUrl\":\"https:\/\/files.sunoresearch.com.br\/n\/uploads\/2022\/06\/Fed-decisao.jpg\",\"datePublished\":\"2024-03-06T22:51:10+00:00\",\"dateModified\":\"2024-03-06T22:51:14+00:00\",\"description\":\"O Federal Reserve (Fed, o banco central norte-americano) ouviu relatos de alguma modera\u00e7\u00e3o na infla\u00e7\u00e3o de v\u00e1rios distritos dos Estados Unidos\",\"breadcrumb\":{\"@id\":\"https:\/\/www.suno.com.br\/noticias\/fed-pressoes-de-precos-persistem-moderacao-ivro-bege-do-fed\/#breadcrumb\"},\"inLanguage\":\"pt-BR\",\"potentialAction\":[{\"@type\":\"ReadAction\",\"target\":[\"https:\/\/www.suno.com.br\/noticias\/fed-pressoes-de-precos-persistem-moderacao-ivro-bege-do-fed\/\"]}]},{\"@type\":\"ImageObject\",\"inLanguage\":\"pt-BR\",\"@id\":\"https:\/\/www.suno.com.br\/noticias\/fed-pressoes-de-precos-persistem-moderacao-ivro-bege-do-fed\/#primaryimage\",\"url\":\"https:\/\/files.sunoresearch.com.br\/n\/uploads\/2022\/06\/Fed-decisao.jpg\",\"contentUrl\":\"https:\/\/files.sunoresearch.com.br\/n\/uploads\/2022\/06\/Fed-decisao.jpg\",\"width\":1250,\"height\":813,\"caption\":\"Fed. Foto: Divulga\u00e7\u00e3o\"},{\"@type\":\"BreadcrumbList\",\"@id\":\"https:\/\/www.suno.com.br\/noticias\/fed-pressoes-de-precos-persistem-moderacao-ivro-bege-do-fed\/#breadcrumb\",\"itemListElement\":[{\"@type\":\"ListItem\",\"position\":1,\"name\":\"Not\u00edcias\",\"item\":\"https:\/\/www.suno.com.br\/noticias\/\"},{\"@type\":\"ListItem\",\"position\":2,\"name\":\"Internacional\",\"item\":\"https:\/\/www.suno.com.br\/noticias\/internacional\/\"},{\"@type\":\"ListItem\",\"position\":3,\"name\":\"Fed: press\u00f5es de pre\u00e7os persistem, mas distritos veem modera\u00e7\u00e3o na infla\u00e7\u00e3o, diz Livro Bege\"}]},{\"@type\":\"WebSite\",\"@id\":\"https:\/\/www.suno.com.br\/noticias\/#website\",\"url\":\"https:\/\/www.suno.com.br\/noticias\/\",\"name\":\"Suno Not\u00edcias\",\"description\":\"Seu portal de informa\u00e7\u00e3o sobre o mundo dos investimentos\",\"publisher\":{\"@id\":\"https:\/\/www.suno.com.br\/noticias\/#organization\"},\"potentialAction\":[{\"@type\":\"SearchAction\",\"target\":{\"@type\":\"EntryPoint\",\"urlTemplate\":\"https:\/\/www.suno.com.br\/noticias\/?s={search_term_string}\"},\"query-input\":{\"@type\":\"PropertyValueSpecification\",\"valueRequired\":true,\"valueName\":\"search_term_string\"}}],\"inLanguage\":\"pt-BR\"},{\"@type\":\"Organization\",\"@id\":\"https:\/\/www.suno.com.br\/noticias\/#organization\",\"name\":\"Suno Not\u00edcias\",\"url\":\"https:\/\/www.suno.com.br\/noticias\/\",\"logo\":{\"@type\":\"ImageObject\",\"inLanguage\":\"pt-BR\",\"@id\":\"https:\/\/www.suno.com.br\/noticias\/#\/schema\/logo\/image\/\",\"url\":\"https:\/\/files.sunoresearch.com.br\/n\/uploads\/2021\/09\/suno-logo.png\",\"contentUrl\":\"https:\/\/files.sunoresearch.com.br\/n\/uploads\/2021\/09\/suno-logo.png\",\"width\":180,\"height\":180,\"caption\":\"Suno Not\u00edcias\"},\"image\":{\"@id\":\"https:\/\/www.suno.com.br\/noticias\/#\/schema\/logo\/image\/\"},\"sameAs\":[\"https:\/\/facebook.com\/sunoresearch\",\"https:\/\/x.com\/sunoresearch\",\"https:\/\/www.instagram.com\/suno\",\"https:\/\/www.linkedin.com\/company\/suno-research\/\",\"https:\/\/www.youtube.com\/c\/sunoresearch\"]},{\"@type\":\"Person\",\"@id\":\"https:\/\/www.suno.com.br\/noticias\/#\/schema\/person\/c1b1bd3727fa852bd045e9dbff3673ea\",\"name\":\"Reda\u00e7\u00e3o Suno Not\u00edcias\",\"image\":{\"@type\":\"ImageObject\",\"inLanguage\":\"pt-BR\",\"@id\":\"https:\/\/www.suno.com.br\/noticias\/#\/schema\/person\/image\/\",\"url\":\"https:\/\/secure.gravatar.com\/avatar\/b8104b9b5a71985d5238ee59fbe418af?s=96&r=g\",\"contentUrl\":\"https:\/\/secure.gravatar.com\/avatar\/b8104b9b5a71985d5238ee59fbe418af?s=96&r=g\",\"caption\":\"Reda\u00e7\u00e3o Suno Not\u00edcias\"},\"description\":\"O Suno Not\u00edcias \u00e9 um portal de informa\u00e7\u00f5es sobre Mercado Financeiro, Pol\u00edtica, Neg\u00f3cios, Economia e Finan\u00e7as Pessoais.\",\"sameAs\":[\"https:\/\/www.suno.com.br\/noticias\",\"https:\/\/www.facebook.com\/sunonoticias\/\",\"https:\/\/www.instagram.com\/sunonoticias\/\",\"https:\/\/x.com\/https:\/\/twitter.com\/sunoresearch\",\"https:\/\/www.youtube.com\/sunonoticias\"],\"url\":\"https:\/\/www.suno.com.br\/noticias\/author\/redacao-suno\/\"}]}<\/script>\n<!-- \/ Yoast SEO plugin. -->","yoast_head_json":{"title":"Fed: press\u00f5es de pre\u00e7os persistem, mas h\u00e1 modera\u00e7\u00e3o na infla\u00e7\u00e3o","description":"O Federal Reserve (Fed, o banco central norte-americano) ouviu relatos de alguma modera\u00e7\u00e3o na infla\u00e7\u00e3o de v\u00e1rios distritos dos Estados Unidos","robots":{"index":"index","follow":"follow","max-snippet":"max-snippet:-1","max-image-preview":"max-image-preview:large","max-video-preview":"max-video-preview:-1"},"canonical":"https:\/\/www.suno.com.br\/noticias\/fed-pressoes-de-precos-persistem-moderacao-ivro-bege-do-fed\/","og_locale":"pt_BR","og_type":"article","og_title":"Fed: press\u00f5es de pre\u00e7os persistem, mas h\u00e1 modera\u00e7\u00e3o na infla\u00e7\u00e3o","og_description":"O Federal Reserve (Fed, o banco central norte-americano) ouviu relatos de alguma modera\u00e7\u00e3o na infla\u00e7\u00e3o de v\u00e1rios distritos dos Estados Unidos","og_url":"https:\/\/www.suno.com.br\/noticias\/fed-pressoes-de-precos-persistem-moderacao-ivro-bege-do-fed\/","og_site_name":"Suno Not\u00edcias","article_publisher":"https:\/\/facebook.com\/sunoresearch","article_author":"https:\/\/www.facebook.com\/sunonoticias\/","og_image":[{"width":1250,"height":813,"url":"https:\/\/files.sunoresearch.com.br\/n\/uploads\/2022\/06\/Fed-decisao.jpg","type":"image\/jpeg"}],"author":"Reda\u00e7\u00e3o Suno Not\u00edcias","twitter_card":"summary_large_image","twitter_creator":"@https:\/\/twitter.com\/sunoresearch","twitter_site":"@sunoresearch","twitter_misc":{"Escrito por":"Reda\u00e7\u00e3o Suno Not\u00edcias","Est. tempo de leitura":"5 minutos"},"schema":{"@context":"https:\/\/schema.org","@graph":[{"@type":"NewsArticle","@id":"https:\/\/www.suno.com.br\/noticias\/fed-pressoes-de-precos-persistem-moderacao-ivro-bege-do-fed\/#article","isPartOf":{"@id":"https:\/\/www.suno.com.br\/noticias\/fed-pressoes-de-precos-persistem-moderacao-ivro-bege-do-fed\/"},"author":{"name":"Reda\u00e7\u00e3o Suno Not\u00edcias","@id":"https:\/\/www.suno.com.br\/noticias\/#\/schema\/person\/c1b1bd3727fa852bd045e9dbff3673ea"},"headline":"Fed: press\u00f5es de pre\u00e7os persistem, mas distritos veem modera\u00e7\u00e3o na infla\u00e7\u00e3o, diz Livro Bege","datePublished":"2024-03-06T22:51:10+00:00","dateModified":"2024-03-06T22:51:14+00:00","mainEntityOfPage":{"@id":"https:\/\/www.suno.com.br\/noticias\/fed-pressoes-de-precos-persistem-moderacao-ivro-bege-do-fed\/"},"wordCount":966,"publisher":{"@id":"https:\/\/www.suno.com.br\/noticias\/#organization"},"image":{"@id":"https:\/\/www.suno.com.br\/noticias\/fed-pressoes-de-precos-persistem-moderacao-ivro-bege-do-fed\/#primaryimage"},"thumbnailUrl":"https:\/\/files.sunoresearch.com.br\/n\/uploads\/2022\/06\/Fed-decisao.jpg","keywords":["Federal Reserve (FED)"],"articleSection":["Internacional"],"inLanguage":"pt-BR"},{"@type":"WebPage","@id":"https:\/\/www.suno.com.br\/noticias\/fed-pressoes-de-precos-persistem-moderacao-ivro-bege-do-fed\/","url":"https:\/\/www.suno.com.br\/noticias\/fed-pressoes-de-precos-persistem-moderacao-ivro-bege-do-fed\/","name":"Fed: press\u00f5es de pre\u00e7os persistem, mas h\u00e1 modera\u00e7\u00e3o na infla\u00e7\u00e3o","isPartOf":{"@id":"https:\/\/www.suno.com.br\/noticias\/#website"},"primaryImageOfPage":{"@id":"https:\/\/www.suno.com.br\/noticias\/fed-pressoes-de-precos-persistem-moderacao-ivro-bege-do-fed\/#primaryimage"},"image":{"@id":"https:\/\/www.suno.com.br\/noticias\/fed-pressoes-de-precos-persistem-moderacao-ivro-bege-do-fed\/#primaryimage"},"thumbnailUrl":"https:\/\/files.sunoresearch.com.br\/n\/uploads\/2022\/06\/Fed-decisao.jpg","datePublished":"2024-03-06T22:51:10+00:00","dateModified":"2024-03-06T22:51:14+00:00","description":"O Federal Reserve (Fed, o banco central norte-americano) ouviu relatos de alguma modera\u00e7\u00e3o na infla\u00e7\u00e3o de v\u00e1rios distritos dos Estados Unidos","breadcrumb":{"@id":"https:\/\/www.suno.com.br\/noticias\/fed-pressoes-de-precos-persistem-moderacao-ivro-bege-do-fed\/#breadcrumb"},"inLanguage":"pt-BR","potentialAction":[{"@type":"ReadAction","target":["https:\/\/www.suno.com.br\/noticias\/fed-pressoes-de-precos-persistem-moderacao-ivro-bege-do-fed\/"]}]},{"@type":"ImageObject","inLanguage":"pt-BR","@id":"https:\/\/www.suno.com.br\/noticias\/fed-pressoes-de-precos-persistem-moderacao-ivro-bege-do-fed\/#primaryimage","url":"https:\/\/files.sunoresearch.com.br\/n\/uploads\/2022\/06\/Fed-decisao.jpg","contentUrl":"https:\/\/files.sunoresearch.com.br\/n\/uploads\/2022\/06\/Fed-decisao.jpg","width":1250,"height":813,"caption":"Fed. Foto: Divulga\u00e7\u00e3o"},{"@type":"BreadcrumbList","@id":"https:\/\/www.suno.com.br\/noticias\/fed-pressoes-de-precos-persistem-moderacao-ivro-bege-do-fed\/#breadcrumb","itemListElement":[{"@type":"ListItem","position":1,"name":"Not\u00edcias","item":"https:\/\/www.suno.com.br\/noticias\/"},{"@type":"ListItem","position":2,"name":"Internacional","item":"https:\/\/www.suno.com.br\/noticias\/internacional\/"},{"@type":"ListItem","position":3,"name":"Fed: press\u00f5es de pre\u00e7os persistem, mas distritos veem modera\u00e7\u00e3o na infla\u00e7\u00e3o, diz Livro Bege"}]},{"@type":"WebSite","@id":"https:\/\/www.suno.com.br\/noticias\/#website","url":"https:\/\/www.suno.com.br\/noticias\/","name":"Suno Not\u00edcias","description":"Seu portal de informa\u00e7\u00e3o sobre o mundo dos investimentos","publisher":{"@id":"https:\/\/www.suno.com.br\/noticias\/#organization"},"potentialAction":[{"@type":"SearchAction","target":{"@type":"EntryPoint","urlTemplate":"https:\/\/www.suno.com.br\/noticias\/?s={search_term_string}"},"query-input":{"@type":"PropertyValueSpecification","valueRequired":true,"valueName":"search_term_string"}}],"inLanguage":"pt-BR"},{"@type":"Organization","@id":"https:\/\/www.suno.com.br\/noticias\/#organization","name":"Suno Not\u00edcias","url":"https:\/\/www.suno.com.br\/noticias\/","logo":{"@type":"ImageObject","inLanguage":"pt-BR","@id":"https:\/\/www.suno.com.br\/noticias\/#\/schema\/logo\/image\/","url":"https:\/\/files.sunoresearch.com.br\/n\/uploads\/2021\/09\/suno-logo.png","contentUrl":"https:\/\/files.sunoresearch.com.br\/n\/uploads\/2021\/09\/suno-logo.png","width":180,"height":180,"caption":"Suno Not\u00edcias"},"image":{"@id":"https:\/\/www.suno.com.br\/noticias\/#\/schema\/logo\/image\/"},"sameAs":["https:\/\/facebook.com\/sunoresearch","https:\/\/x.com\/sunoresearch","https:\/\/www.instagram.com\/suno","https:\/\/www.linkedin.com\/company\/suno-research\/","https:\/\/www.youtube.com\/c\/sunoresearch"]},{"@type":"Person","@id":"https:\/\/www.suno.com.br\/noticias\/#\/schema\/person\/c1b1bd3727fa852bd045e9dbff3673ea","name":"Reda\u00e7\u00e3o Suno Not\u00edcias","image":{"@type":"ImageObject","inLanguage":"pt-BR","@id":"https:\/\/www.suno.com.br\/noticias\/#\/schema\/person\/image\/","url":"https:\/\/secure.gravatar.com\/avatar\/b8104b9b5a71985d5238ee59fbe418af?s=96&r=g","contentUrl":"https:\/\/secure.gravatar.com\/avatar\/b8104b9b5a71985d5238ee59fbe418af?s=96&r=g","caption":"Reda\u00e7\u00e3o Suno Not\u00edcias"},"description":"O Suno Not\u00edcias \u00e9 um portal de informa\u00e7\u00f5es sobre Mercado Financeiro, Pol\u00edtica, Neg\u00f3cios, Economia e Finan\u00e7as Pessoais.","sameAs":["https:\/\/www.suno.com.br\/noticias","https:\/\/www.facebook.com\/sunonoticias\/","https:\/\/www.instagram.com\/sunonoticias\/","https:\/\/x.com\/https:\/\/twitter.com\/sunoresearch","https:\/\/www.youtube.com\/sunonoticias"],"url":"https:\/\/www.suno.com.br\/noticias\/author\/redacao-suno\/"}]}},"default_loop_html":"<div class=\"cardsPage__listCard__boxs\"><div class=\"cardsPage__listCard__boxs__img\"><a href=\"https:\/\/www.suno.com.br\/noticias\/fed-pressoes-de-precos-persistem-moderacao-ivro-bege-do-fed\/\"><img class=\"mask\" src=\"https:\/\/www.suno.com.br\/noticias\/wp-content\/themes\/suno\/resources\/images\/spotlight\/spotlight1img\/bg-mask.png\" alt=\"Image Mask\"\/><img src=\"https:\/\/files.sunoresearch.com.br\/n\/uploads\/2022\/06\/Fed-decisao-400x200.jpg\" alt=\"Fed: press\u00f5es de pre\u00e7os persistem, mas distritos veem modera\u00e7\u00e3o na infla\u00e7\u00e3o, diz Livro Bege\"\/><\/a><span class=\"spotlightCategory\"><a href=\"https:\/\/www.suno.com.br\/noticias\/internacional\/\">Internacional<\/a><\/span><\/div><div class=\"cardsPage__listCard__boxs__content\"><a href=\"https:\/\/www.suno.com.br\/noticias\/fed-pressoes-de-precos-persistem-moderacao-ivro-bege-do-fed\/\"><h2 class=\"content__title\">Fed: press\u00f5es de pre\u00e7os persistem, mas distritos veem modera\u00e7\u00e3o na infla\u00e7\u00e3o, diz Livro Bege<\/h2><\/a><div class=\"newsContent__article__meta\"><div class=\"newsContent__article__meta__authorBox\"><a href=\"https:\/\/www.suno.com.br\/noticias\/author\/redacao-suno\/\" class=\"authorBox__avatar noMobi\"><img src=\"https:\/\/files.sunoresearch.com.br\/n\/uploads\/2020\/08\/0ace682d-redacao-1-150x150.webp\" alt=\"Reda\u00e7\u00e3o Suno Not\u00edcias\"><\/a><div class=\"authorBox__name\"><span>por\n\t\t\t<a href=\"https:\/\/www.suno.com.br\/noticias\/author\/redacao-suno\/\"><span itemprop=\"author\">Reda\u00e7\u00e3o Suno Not\u00edcias<\/span><\/a><\/span><time datetime=\"2024-03-06T19:51:10-03:00\" itemprop=\"datePublished\">06\/03\/2024 19:51<\/time><\/div><\/div><\/div><\/div><\/div>","single_layout":"posts","amp_enabled":true,"_links":{"self":[{"href":"https:\/\/www.suno.com.br\/noticias\/wp-json\/wp\/v2\/posts\/530397"}],"collection":[{"href":"https:\/\/www.suno.com.br\/noticias\/wp-json\/wp\/v2\/posts"}],"about":[{"href":"https:\/\/www.suno.com.br\/noticias\/wp-json\/wp\/v2\/types\/post"}],"author":[{"embeddable":true,"href":"https:\/\/www.suno.com.br\/noticias\/wp-json\/wp\/v2\/users\/43"}],"replies":[{"embeddable":true,"href":"https:\/\/www.suno.com.br\/noticias\/wp-json\/wp\/v2\/comments?post=530397"}],"version-history":[{"count":2,"href":"https:\/\/www.suno.com.br\/noticias\/wp-json\/wp\/v2\/posts\/530397\/revisions"}],"predecessor-version":[{"id":530498,"href":"https:\/\/www.suno.com.br\/noticias\/wp-json\/wp\/v2\/posts\/530397\/revisions\/530498"}],"wp:featuredmedia":[{"embeddable":true,"href":"https:\/\/www.suno.com.br\/noticias\/wp-json\/wp\/v2\/media\/267868"}],"wp:attachment":[{"href":"https:\/\/www.suno.com.br\/noticias\/wp-json\/wp\/v2\/media?parent=530397"}],"wp:term":[{"taxonomy":"category","embeddable":true,"href":"https:\/\/www.suno.com.br\/noticias\/wp-json\/wp\/v2\/categories?post=530397"},{"taxonomy":"post_tag","embeddable":true,"href":"https:\/\/www.suno.com.br\/noticias\/wp-json\/wp\/v2\/tags?post=530397"},{"taxonomy":"suno_strategy","embeddable":true,"href":"https:\/\/www.suno.com.br\/noticias\/wp-json\/wp\/v2\/suno_strategy?post=530397"}],"curies":[{"name":"wp","href":"https:\/\/api.w.org\/{rel}","templated":true}]}}