{"id":530228,"date":"2024-03-06T14:39:43","date_gmt":"2024-03-06T17:39:43","guid":{"rendered":"https:\/\/www.suno.com.br\/noticias\/?p=530228"},"modified":"2024-03-06T14:40:16","modified_gmt":"2024-03-06T17:40:16","slug":"evergrande-suspensa-bolsa-de-hong-kong-evm","status":"publish","type":"post","link":"https:\/\/www.suno.com.br\/noticias\/evergrande-suspensa-bolsa-de-hong-kong-evm\/","title":{"rendered":"Evergrande continuar\u00e1 suspensa na Bolsa de Hong Kong at\u00e9 resolver ordem de liquida\u00e7\u00e3o"},"content":{"rendered":"<p>As negocia\u00e7\u00f5es de a\u00e7\u00f5es da <strong><a href=\"https:\/\/www.suno.com.br\/noticias\/bolsas-asiaticas-caem-evergrande-europa-pib-gss\/\">Evergrande<\/a><\/strong> continuar\u00e3o suspensas no \u00edndice HKEX at\u00e9 que a empresa resolva sua ordem de liquida\u00e7\u00e3o.<\/p><div class=\"videoFull \">\n\t\t\t<div class=\"videoWrapper yt-lazyload center\"\n\t\t\t\tdata-width=\"960\"\n\t\t\t\tdata-height=\"540\"\n\t\t\t\tdata-id=\"o6AMNT_Il2Q\"\n\t\t\t\tdata-alt=\"V\u00eddeo do YouTube - clique para reproduzir\"\n\t\t\t\tdata-logo=\"3\"\n\t\t\t\tdata-imagequality=\"maxres\">\n\t\t\t<\/div>\n\t\t<\/div><script type=\"application\/ld+json\">{\"@context\":\"https:\/\/schema.org\",\"@type\":\"VideoObject\",\"name\":\"\ud83d\udd34PETROBRAS (PETR4) SER\u00c1 LESADA? | Ibovespa cai | Embraer (EMBR3) dispara\",\"description\":\"#mercadofinanceiro #a\u00e7\u00f5es #investimentos #bolsadevalores #ibovespa #dinheiro #finan\u00e7as #pol\u00edtica #d\u00f3lar #livedas19h #petr4 #petr3 #petrobras #vale3 #vale #a\u00e7\u00f5es #economia #dividendos #min\u00e9riodeferro #min\u00e9rio #petr\u00f3leo #commodities #proventos #nubank #nubr33 #roxo34 #bancodobrasil #bbas3 #bb #embraer #embr3 \ud83d\udc49J\u00e1 garantiu seu lugar? Ent\u00e3o inclua um lembrete no seu calend\u00e1rio. ADD EVENT: https:\/\/suno.me\/4bF2AEQ 00:00 In\u00edcio do v\u00eddeo 02:03 Fechamento de mercado 04:45 PETR4\u2026\",\"duration\":\"PT25M34S\",\"embedUrl\":\"https:\/\/www.youtube.com\/embed\/o6AMNT_Il2Q\",\"regionsAllowed\":\"en-US\",\"interactionStatistic\":{\"@type\":\"InteractionCounter\",\"interactionType\":{\"@type\":\"WatchAction\"},\"userInteractionCount\":5734},\"thumbnailUrl\":\"https:\/\/i.ytimg.com\/vi\/o6AMNT_Il2Q\/default.jpg\",\"uploadDate\":\"2024-03-04T22:37:55Z\"}<\/script>\n\n\n\n\n\t<p>\n\t\t<a href=\"https:\/\/lp.suno.com.br\/planilha-da-vida-financeira\/\" target=\"_blank\" data-element=\"shortcode-suno-banner\" title=\"Banner SUNO, clique e saiba mais\">\n\t\t\t<picture>\n\t\t\t\t<source media=\"(max-width: 500px)\" srcset=\"https:\/\/files.sunoresearch.com.br\/n\/uploads\/2023\/04\/400x300-Planilha-vida-financeira-true.png\">\n\t\t\t\t<img class=\"newsContent__article__imgCapa newsContent__article__imgCapa--banner\"\n\t\t\t\t\tsrc=\"https:\/\/files.sunoresearch.com.br\/n\/uploads\/2023\/04\/1420x240-Planilha-vida-financeira-true.png\"\n\t\t\t\t\tdata-promo-id=\"106682\"\t\t\t\t\t\t\t\t\t\twidth='1420' height='240'\t\t\t\t\talt=\"https:\/\/files.sunoresearch.com.br\/n\/uploads\/2023\/04\/1420x240-Planilha-vida-financeira-true.png\"\n\t\t\t\t>\n\t\t\t<\/picture>\n\t\t<\/a>\n\t<\/p>\n\n\n\n\n\n\n\n<p>Essa decis\u00e3o de continuidade na <strong>suspens\u00e3o das a\u00e7\u00f5es da Evergrande<\/strong> foi comunicada nesta quarta-feira (6) pela <strong><a href=\"https:\/\/www.suno.com.br\/noticias\/evergrande-acoes-bolsa-hong-kong-evm\/\">Bolsa de valores de Hong Kong<\/a><\/strong>.<\/p>\n\n\n\n<p>Conforme o documento, a Bolsa de Hong Kong notificou na semana passada a incorporadora imobili\u00e1ria com uma s\u00e9rie de requisitos para remover a <strong>suspens\u00e3o<\/strong>.<\/p>\n\n\n\n<p>Entre elas, a ordem de liquida\u00e7\u00e3o feita contra a incorporadora precisa ser retirada ou rejeitada, junto a exonera\u00e7\u00e3o de quaisquer liquidantes envolvidos no processo de divulga\u00e7\u00e3o de informa\u00e7\u00f5es para o mercado sobre todos os materiais relativos \u00e0 posi\u00e7\u00e3o da empresa.<\/p>\n\n\n\n<p>A <strong>a\u00e7\u00e3o da Evergrande<\/strong> teve as opera\u00e7\u00f5es suspensas em 29 de janeiro deste ano, cinco meses ap\u00f3s ter retomado negocia\u00e7\u00f5es.<\/p>\n\n\n\t<p>\n\t\t<a href=\"https:\/\/lp.suno.com.br\/ebook-como-analisar-uma-acao\/\" target=\"_blank\" data-element=\"shortcode-suno-banner\" title=\"Banner SUNO, clique e saiba mais\">\n\t\t\t<picture>\n\t\t\t\t<source media=\"(max-width: 500px)\" srcset=\"https:\/\/files.sunoresearch.com.br\/n\/uploads\/2023\/03\/Ebook-Acoes-Mobile.jpg\">\n\t\t\t\t<img class=\"newsContent__article__imgCapa newsContent__article__imgCapa--banner\"\n\t\t\t\t\tsrc=\"https:\/\/files.sunoresearch.com.br\/n\/uploads\/2023\/03\/Ebook-Acoes-Desktop.jpg\"\n\t\t\t\t\tdata-promo-id=\"378302\"\t\t\t\t\t\t\t\t\t\twidth='1420' height='286'\t\t\t\t\talt=\"https:\/\/files.sunoresearch.com.br\/n\/uploads\/2023\/03\/Ebook-Acoes-Desktop.jpg\"\n\t\t\t\t>\n\t\t\t<\/picture>\n\t\t<\/a>\n\t<\/p>\n\n\n\n\n\n<p>Segundo a nota, a suspens\u00e3o pode durar 18 meses, expirando em 28 de julho de 2025, dependendo da avalia\u00e7\u00e3o da <strong>Bolsa de Hong Kong<\/strong>. <\/p>\n\n\n\n<p>Caso a incorporadora n\u00e3o atenda as exig\u00eancias at\u00e9 o final deste per\u00edodo, a listagem da Evergrande ser\u00e1 efetivamente cancelada.<\/p>\n\n\n\n<h2 class=\"wp-block-heading\">Evergrande j\u00e1 sofreu suspens\u00e3o anteriormente<\/h2>\n\n\n\n<p>Esta \u00e9 a segunda vez que as a\u00e7\u00f5es da companhia s\u00e3o suspensas por problemas financeiros.<\/p>\n\n\n\n<p>Em mar\u00e7o de 2022, a Bolsa de Hong Kong suspendeu neg\u00f3cios da incorporadora e de duas subsidi\u00e1rias (China Evergrande New Energy Vehicle Group e Evergrande Property Services Group), quando a empresa acumulava mais de <strong>U$ 300 bilh\u00f5es em passivos de d\u00edvidas<\/strong> e haviam d\u00favidas sobre <a class=\"suno-keyword\" data-force=\"no\" data-priority=\"1\" href=\"https:\/\/www.suno.com.br\/artigos\/relatorios-financeiros\/\" target=\"_blank\" rel=\"noopener\">relat\u00f3rios financeiros<\/a>.<\/p>\n\n\n\n<p>A <strong>Evergrande<\/strong> precisou de 17 meses para atender as exig\u00eancias do \u00edndice acion\u00e1rio e retomar suas opera\u00e7\u00f5es em 28 de agosto de 2023, pr\u00f3ximo ao limite de cancelamento da listagem, antes de uma nova leva de problemas e dificuldades em honrar suas d\u00edvidas que culminaram na ordem judicial de liquida\u00e7\u00e3o.<\/p>\n\n\n\n<p>Com Estad\u00e3o Conte\u00fado<\/p>\n\n\n\t<p>\n\t\t<a href=\"https:\/\/lp.suno.com.br\/planilha-da-vida-financeira\/\" target=\"_blank\" data-element=\"shortcode-suno-banner\" title=\"Banner SUNO, clique e saiba mais\">\n\t\t\t<picture>\n\t\t\t\t<source media=\"(max-width: 500px)\" srcset=\"https:\/\/files.sunoresearch.com.br\/n\/uploads\/2023\/04\/400x300-Planilha-vida-financeira-true.png\">\n\t\t\t\t<img class=\"newsContent__article__imgCapa newsContent__article__imgCapa--banner\"\n\t\t\t\t\tsrc=\"https:\/\/files.sunoresearch.com.br\/n\/uploads\/2023\/04\/1420x240-Planilha-vida-financeira-true.png\"\n\t\t\t\t\tdata-promo-id=\"383123\"\t\t\t\t\t\t\t\t\t\twidth='1420' height='240'\t\t\t\t\talt=\"https:\/\/files.sunoresearch.com.br\/n\/uploads\/2023\/04\/1420x240-Planilha-vida-financeira-true.png\"\n\t\t\t\t>\n\t\t\t<\/picture>\n\t\t<\/a>\n\t<\/p>\n\n\n","protected":false},"excerpt":{"rendered":"<p>As negocia\u00e7\u00f5es de a\u00e7\u00f5es da Evergrande continuar\u00e3o suspensas no \u00edndice HKEX at\u00e9 que a empresa resolva sua ordem de liquida\u00e7\u00e3o. Essa decis\u00e3o de continuidade na suspens\u00e3o das a\u00e7\u00f5es da Evergrande foi comunicada nesta quarta-feira (6) pela Bolsa de valores de Hong Kong. Conforme o documento, a Bolsa de Hong Kong notificou na semana passada a [&hellip;]<\/p>\n","protected":false},"author":73,"featured_media":184099,"comment_status":"closed","ping_status":"closed","sticky":false,"template":"","format":"standard","meta":[],"categories":[64],"tags":[106444,2204,107122,1880],"suno_strategy":[],"class_list":["post-530228","post","type-post","status-publish","format-standard","has-post-thumbnail","hentry","category-negocios","tag-agencias","tag-bolsa-de-valores-de-hong-kong","tag-evergrande","tag-hong-kong"],"yoast_head":"<!-- This site is optimized with the Yoast SEO plugin v24.4 - https:\/\/yoast.com\/wordpress\/plugins\/seo\/ -->\n<title>Evergrande continuar\u00e1 suspensa na Bolsa de Hong Kong<\/title>\n<meta name=\"description\" content=\"A a\u00e7\u00e3o da Evergrande teve as opera\u00e7\u00f5es suspensas em 29 de janeiro deste ano, cinco meses ap\u00f3s ter retomado negocia\u00e7\u00f5es\" \/>\n<meta name=\"robots\" content=\"index, follow, max-snippet:-1, max-image-preview:large, max-video-preview:-1\" \/>\n<link rel=\"canonical\" href=\"https:\/\/www.suno.com.br\/noticias\/evergrande-suspensa-bolsa-de-hong-kong-evm\/\" \/>\n<meta property=\"og:locale\" content=\"pt_BR\" \/>\n<meta property=\"og:type\" content=\"article\" \/>\n<meta property=\"og:title\" content=\"Evergrande continuar\u00e1 suspensa na Bolsa de Hong Kong\" \/>\n<meta property=\"og:description\" content=\"A a\u00e7\u00e3o da Evergrande teve as opera\u00e7\u00f5es suspensas em 29 de janeiro deste ano, cinco meses ap\u00f3s ter retomado negocia\u00e7\u00f5es\" \/>\n<meta property=\"og:url\" content=\"https:\/\/www.suno.com.br\/noticias\/evergrande-suspensa-bolsa-de-hong-kong-evm\/\" \/>\n<meta property=\"og:site_name\" content=\"Suno Not\u00edcias\" \/>\n<meta property=\"article:publisher\" content=\"https:\/\/facebook.com\/sunoresearch\" \/>\n<meta property=\"og:image\" content=\"https:\/\/files.sunoresearch.com.br\/n\/uploads\/2021\/09\/aaa.jpg\" \/>\n\t<meta property=\"og:image:width\" content=\"1536\" \/>\n\t<meta property=\"og:image:height\" content=\"799\" \/>\n\t<meta property=\"og:image:type\" content=\"image\/jpeg\" \/>\n<meta name=\"author\" content=\"Eduardo Vargas\" \/>\n<meta name=\"twitter:card\" content=\"summary_large_image\" \/>\n<meta name=\"twitter:creator\" content=\"@sunoresearch\" \/>\n<meta name=\"twitter:site\" content=\"@sunoresearch\" \/>\n<meta name=\"twitter:label1\" content=\"Escrito por\" \/>\n\t<meta name=\"twitter:data1\" content=\"Eduardo Vargas\" \/>\n\t<meta name=\"twitter:label2\" content=\"Est. tempo de leitura\" \/>\n\t<meta name=\"twitter:data2\" content=\"2 minutos\" \/>\n<script type=\"application\/ld+json\" class=\"yoast-schema-graph\">{\"@context\":\"https:\/\/schema.org\",\"@graph\":[{\"@type\":\"NewsArticle\",\"@id\":\"https:\/\/www.suno.com.br\/noticias\/evergrande-suspensa-bolsa-de-hong-kong-evm\/#article\",\"isPartOf\":{\"@id\":\"https:\/\/www.suno.com.br\/noticias\/evergrande-suspensa-bolsa-de-hong-kong-evm\/\"},\"author\":{\"name\":\"Eduardo Vargas\",\"@id\":\"https:\/\/www.suno.com.br\/noticias\/#\/schema\/person\/7f4d362bf3518e76090143ae77bb49a5\"},\"headline\":\"Evergrande continuar\u00e1 suspensa na Bolsa de Hong Kong at\u00e9 resolver ordem de liquida\u00e7\u00e3o\",\"datePublished\":\"2024-03-06T17:39:43+00:00\",\"dateModified\":\"2024-03-06T17:40:16+00:00\",\"mainEntityOfPage\":{\"@id\":\"https:\/\/www.suno.com.br\/noticias\/evergrande-suspensa-bolsa-de-hong-kong-evm\/\"},\"wordCount\":342,\"publisher\":{\"@id\":\"https:\/\/www.suno.com.br\/noticias\/#organization\"},\"image\":{\"@id\":\"https:\/\/www.suno.com.br\/noticias\/evergrande-suspensa-bolsa-de-hong-kong-evm\/#primaryimage\"},\"thumbnailUrl\":\"https:\/\/files.sunoresearch.com.br\/n\/uploads\/2021\/09\/aaa.jpg\",\"keywords\":[\"Ag\u00eancias\",\"Bolsa de Valores de Hong Kong\",\"evergrande\",\"Hong Kong\"],\"articleSection\":[\"Neg\u00f3cios\"],\"inLanguage\":\"pt-BR\"},{\"@type\":\"WebPage\",\"@id\":\"https:\/\/www.suno.com.br\/noticias\/evergrande-suspensa-bolsa-de-hong-kong-evm\/\",\"url\":\"https:\/\/www.suno.com.br\/noticias\/evergrande-suspensa-bolsa-de-hong-kong-evm\/\",\"name\":\"Evergrande continuar\u00e1 suspensa na Bolsa de Hong Kong\",\"isPartOf\":{\"@id\":\"https:\/\/www.suno.com.br\/noticias\/#website\"},\"primaryImageOfPage\":{\"@id\":\"https:\/\/www.suno.com.br\/noticias\/evergrande-suspensa-bolsa-de-hong-kong-evm\/#primaryimage\"},\"image\":{\"@id\":\"https:\/\/www.suno.com.br\/noticias\/evergrande-suspensa-bolsa-de-hong-kong-evm\/#primaryimage\"},\"thumbnailUrl\":\"https:\/\/files.sunoresearch.com.br\/n\/uploads\/2021\/09\/aaa.jpg\",\"datePublished\":\"2024-03-06T17:39:43+00:00\",\"dateModified\":\"2024-03-06T17:40:16+00:00\",\"description\":\"A a\u00e7\u00e3o da Evergrande teve as opera\u00e7\u00f5es suspensas em 29 de janeiro deste ano, cinco meses ap\u00f3s ter retomado negocia\u00e7\u00f5es\",\"breadcrumb\":{\"@id\":\"https:\/\/www.suno.com.br\/noticias\/evergrande-suspensa-bolsa-de-hong-kong-evm\/#breadcrumb\"},\"inLanguage\":\"pt-BR\",\"potentialAction\":[{\"@type\":\"ReadAction\",\"target\":[\"https:\/\/www.suno.com.br\/noticias\/evergrande-suspensa-bolsa-de-hong-kong-evm\/\"]}]},{\"@type\":\"ImageObject\",\"inLanguage\":\"pt-BR\",\"@id\":\"https:\/\/www.suno.com.br\/noticias\/evergrande-suspensa-bolsa-de-hong-kong-evm\/#primaryimage\",\"url\":\"https:\/\/files.sunoresearch.com.br\/n\/uploads\/2021\/09\/aaa.jpg\",\"contentUrl\":\"https:\/\/files.sunoresearch.com.br\/n\/uploads\/2021\/09\/aaa.jpg\",\"width\":1536,\"height\":799,\"caption\":\"Evergrande - Foto: Reprodu\u00e7\u00e3o\/Site Evergrande\"},{\"@type\":\"BreadcrumbList\",\"@id\":\"https:\/\/www.suno.com.br\/noticias\/evergrande-suspensa-bolsa-de-hong-kong-evm\/#breadcrumb\",\"itemListElement\":[{\"@type\":\"ListItem\",\"position\":1,\"name\":\"Not\u00edcias\",\"item\":\"https:\/\/www.suno.com.br\/noticias\/\"},{\"@type\":\"ListItem\",\"position\":2,\"name\":\"Neg\u00f3cios\",\"item\":\"https:\/\/www.suno.com.br\/noticias\/negocios\/\"},{\"@type\":\"ListItem\",\"position\":3,\"name\":\"Evergrande continuar\u00e1 suspensa na Bolsa de Hong Kong at\u00e9 resolver ordem de liquida\u00e7\u00e3o\"}]},{\"@type\":\"WebSite\",\"@id\":\"https:\/\/www.suno.com.br\/noticias\/#website\",\"url\":\"https:\/\/www.suno.com.br\/noticias\/\",\"name\":\"Suno Not\u00edcias\",\"description\":\"Seu portal de informa\u00e7\u00e3o sobre o mundo dos investimentos\",\"publisher\":{\"@id\":\"https:\/\/www.suno.com.br\/noticias\/#organization\"},\"potentialAction\":[{\"@type\":\"SearchAction\",\"target\":{\"@type\":\"EntryPoint\",\"urlTemplate\":\"https:\/\/www.suno.com.br\/noticias\/?s={search_term_string}\"},\"query-input\":{\"@type\":\"PropertyValueSpecification\",\"valueRequired\":true,\"valueName\":\"search_term_string\"}}],\"inLanguage\":\"pt-BR\"},{\"@type\":\"Organization\",\"@id\":\"https:\/\/www.suno.com.br\/noticias\/#organization\",\"name\":\"Suno Not\u00edcias\",\"url\":\"https:\/\/www.suno.com.br\/noticias\/\",\"logo\":{\"@type\":\"ImageObject\",\"inLanguage\":\"pt-BR\",\"@id\":\"https:\/\/www.suno.com.br\/noticias\/#\/schema\/logo\/image\/\",\"url\":\"https:\/\/files.sunoresearch.com.br\/n\/uploads\/2021\/09\/suno-logo.png\",\"contentUrl\":\"https:\/\/files.sunoresearch.com.br\/n\/uploads\/2021\/09\/suno-logo.png\",\"width\":180,\"height\":180,\"caption\":\"Suno Not\u00edcias\"},\"image\":{\"@id\":\"https:\/\/www.suno.com.br\/noticias\/#\/schema\/logo\/image\/\"},\"sameAs\":[\"https:\/\/facebook.com\/sunoresearch\",\"https:\/\/x.com\/sunoresearch\",\"https:\/\/www.instagram.com\/suno\",\"https:\/\/www.linkedin.com\/company\/suno-research\/\",\"https:\/\/www.youtube.com\/c\/sunoresearch\"]},{\"@type\":\"Person\",\"@id\":\"https:\/\/www.suno.com.br\/noticias\/#\/schema\/person\/7f4d362bf3518e76090143ae77bb49a5\",\"name\":\"Eduardo Vargas\",\"image\":{\"@type\":\"ImageObject\",\"inLanguage\":\"pt-BR\",\"@id\":\"https:\/\/www.suno.com.br\/noticias\/#\/schema\/person\/image\/\",\"url\":\"https:\/\/secure.gravatar.com\/avatar\/dac340933427a22924c9f99d1eb2e3f2?s=96&r=g\",\"contentUrl\":\"https:\/\/secure.gravatar.com\/avatar\/dac340933427a22924c9f99d1eb2e3f2?s=96&r=g\",\"caption\":\"Eduardo Vargas\"},\"description\":\"Jornalista formado pela UFSC, cobre macroeconomia, neg\u00f3cios e startups para o Suno Not\u00edcias, escrevendo principalmente not\u00edcias sobre o mercado financeiro e a bolsa de valores. No YouTube e no Instagram, \u00e9 respons\u00e1vel pela produ\u00e7\u00e3o de Reels e Shorts do Suno Not\u00edcias. Anteriormente, trabalhou cobrindo economia e cotidiano no ND+ e para o ND, maior jornal impresso de Santa Catarina. Cursou um semestre letivo de Estudos de M\u00eddia na Universidad de Buenos Aires.\",\"url\":\"https:\/\/www.suno.com.br\/noticias\/author\/eduardo-vargas\/\"}]}<\/script>\n<!-- \/ Yoast SEO plugin. -->","yoast_head_json":{"title":"Evergrande continuar\u00e1 suspensa na Bolsa de Hong Kong","description":"A a\u00e7\u00e3o da Evergrande teve as opera\u00e7\u00f5es suspensas em 29 de janeiro deste ano, cinco meses ap\u00f3s ter retomado negocia\u00e7\u00f5es","robots":{"index":"index","follow":"follow","max-snippet":"max-snippet:-1","max-image-preview":"max-image-preview:large","max-video-preview":"max-video-preview:-1"},"canonical":"https:\/\/www.suno.com.br\/noticias\/evergrande-suspensa-bolsa-de-hong-kong-evm\/","og_locale":"pt_BR","og_type":"article","og_title":"Evergrande continuar\u00e1 suspensa na Bolsa de Hong Kong","og_description":"A a\u00e7\u00e3o da Evergrande teve as opera\u00e7\u00f5es suspensas em 29 de janeiro deste ano, cinco meses ap\u00f3s ter retomado negocia\u00e7\u00f5es","og_url":"https:\/\/www.suno.com.br\/noticias\/evergrande-suspensa-bolsa-de-hong-kong-evm\/","og_site_name":"Suno Not\u00edcias","article_publisher":"https:\/\/facebook.com\/sunoresearch","og_image":[{"width":1536,"height":799,"url":"https:\/\/files.sunoresearch.com.br\/n\/uploads\/2021\/09\/aaa.jpg","type":"image\/jpeg"}],"author":"Eduardo Vargas","twitter_card":"summary_large_image","twitter_creator":"@sunoresearch","twitter_site":"@sunoresearch","twitter_misc":{"Escrito por":"Eduardo Vargas","Est. tempo de leitura":"2 minutos"},"schema":{"@context":"https:\/\/schema.org","@graph":[{"@type":"NewsArticle","@id":"https:\/\/www.suno.com.br\/noticias\/evergrande-suspensa-bolsa-de-hong-kong-evm\/#article","isPartOf":{"@id":"https:\/\/www.suno.com.br\/noticias\/evergrande-suspensa-bolsa-de-hong-kong-evm\/"},"author":{"name":"Eduardo Vargas","@id":"https:\/\/www.suno.com.br\/noticias\/#\/schema\/person\/7f4d362bf3518e76090143ae77bb49a5"},"headline":"Evergrande continuar\u00e1 suspensa na Bolsa de Hong Kong at\u00e9 resolver ordem de liquida\u00e7\u00e3o","datePublished":"2024-03-06T17:39:43+00:00","dateModified":"2024-03-06T17:40:16+00:00","mainEntityOfPage":{"@id":"https:\/\/www.suno.com.br\/noticias\/evergrande-suspensa-bolsa-de-hong-kong-evm\/"},"wordCount":342,"publisher":{"@id":"https:\/\/www.suno.com.br\/noticias\/#organization"},"image":{"@id":"https:\/\/www.suno.com.br\/noticias\/evergrande-suspensa-bolsa-de-hong-kong-evm\/#primaryimage"},"thumbnailUrl":"https:\/\/files.sunoresearch.com.br\/n\/uploads\/2021\/09\/aaa.jpg","keywords":["Ag\u00eancias","Bolsa de Valores de Hong Kong","evergrande","Hong Kong"],"articleSection":["Neg\u00f3cios"],"inLanguage":"pt-BR"},{"@type":"WebPage","@id":"https:\/\/www.suno.com.br\/noticias\/evergrande-suspensa-bolsa-de-hong-kong-evm\/","url":"https:\/\/www.suno.com.br\/noticias\/evergrande-suspensa-bolsa-de-hong-kong-evm\/","name":"Evergrande continuar\u00e1 suspensa na Bolsa de Hong Kong","isPartOf":{"@id":"https:\/\/www.suno.com.br\/noticias\/#website"},"primaryImageOfPage":{"@id":"https:\/\/www.suno.com.br\/noticias\/evergrande-suspensa-bolsa-de-hong-kong-evm\/#primaryimage"},"image":{"@id":"https:\/\/www.suno.com.br\/noticias\/evergrande-suspensa-bolsa-de-hong-kong-evm\/#primaryimage"},"thumbnailUrl":"https:\/\/files.sunoresearch.com.br\/n\/uploads\/2021\/09\/aaa.jpg","datePublished":"2024-03-06T17:39:43+00:00","dateModified":"2024-03-06T17:40:16+00:00","description":"A a\u00e7\u00e3o da Evergrande teve as opera\u00e7\u00f5es suspensas em 29 de janeiro deste ano, cinco meses ap\u00f3s ter retomado negocia\u00e7\u00f5es","breadcrumb":{"@id":"https:\/\/www.suno.com.br\/noticias\/evergrande-suspensa-bolsa-de-hong-kong-evm\/#breadcrumb"},"inLanguage":"pt-BR","potentialAction":[{"@type":"ReadAction","target":["https:\/\/www.suno.com.br\/noticias\/evergrande-suspensa-bolsa-de-hong-kong-evm\/"]}]},{"@type":"ImageObject","inLanguage":"pt-BR","@id":"https:\/\/www.suno.com.br\/noticias\/evergrande-suspensa-bolsa-de-hong-kong-evm\/#primaryimage","url":"https:\/\/files.sunoresearch.com.br\/n\/uploads\/2021\/09\/aaa.jpg","contentUrl":"https:\/\/files.sunoresearch.com.br\/n\/uploads\/2021\/09\/aaa.jpg","width":1536,"height":799,"caption":"Evergrande - Foto: Reprodu\u00e7\u00e3o\/Site Evergrande"},{"@type":"BreadcrumbList","@id":"https:\/\/www.suno.com.br\/noticias\/evergrande-suspensa-bolsa-de-hong-kong-evm\/#breadcrumb","itemListElement":[{"@type":"ListItem","position":1,"name":"Not\u00edcias","item":"https:\/\/www.suno.com.br\/noticias\/"},{"@type":"ListItem","position":2,"name":"Neg\u00f3cios","item":"https:\/\/www.suno.com.br\/noticias\/negocios\/"},{"@type":"ListItem","position":3,"name":"Evergrande continuar\u00e1 suspensa na Bolsa de Hong Kong at\u00e9 resolver ordem de liquida\u00e7\u00e3o"}]},{"@type":"WebSite","@id":"https:\/\/www.suno.com.br\/noticias\/#website","url":"https:\/\/www.suno.com.br\/noticias\/","name":"Suno Not\u00edcias","description":"Seu portal de informa\u00e7\u00e3o sobre o mundo dos investimentos","publisher":{"@id":"https:\/\/www.suno.com.br\/noticias\/#organization"},"potentialAction":[{"@type":"SearchAction","target":{"@type":"EntryPoint","urlTemplate":"https:\/\/www.suno.com.br\/noticias\/?s={search_term_string}"},"query-input":{"@type":"PropertyValueSpecification","valueRequired":true,"valueName":"search_term_string"}}],"inLanguage":"pt-BR"},{"@type":"Organization","@id":"https:\/\/www.suno.com.br\/noticias\/#organization","name":"Suno Not\u00edcias","url":"https:\/\/www.suno.com.br\/noticias\/","logo":{"@type":"ImageObject","inLanguage":"pt-BR","@id":"https:\/\/www.suno.com.br\/noticias\/#\/schema\/logo\/image\/","url":"https:\/\/files.sunoresearch.com.br\/n\/uploads\/2021\/09\/suno-logo.png","contentUrl":"https:\/\/files.sunoresearch.com.br\/n\/uploads\/2021\/09\/suno-logo.png","width":180,"height":180,"caption":"Suno Not\u00edcias"},"image":{"@id":"https:\/\/www.suno.com.br\/noticias\/#\/schema\/logo\/image\/"},"sameAs":["https:\/\/facebook.com\/sunoresearch","https:\/\/x.com\/sunoresearch","https:\/\/www.instagram.com\/suno","https:\/\/www.linkedin.com\/company\/suno-research\/","https:\/\/www.youtube.com\/c\/sunoresearch"]},{"@type":"Person","@id":"https:\/\/www.suno.com.br\/noticias\/#\/schema\/person\/7f4d362bf3518e76090143ae77bb49a5","name":"Eduardo Vargas","image":{"@type":"ImageObject","inLanguage":"pt-BR","@id":"https:\/\/www.suno.com.br\/noticias\/#\/schema\/person\/image\/","url":"https:\/\/secure.gravatar.com\/avatar\/dac340933427a22924c9f99d1eb2e3f2?s=96&r=g","contentUrl":"https:\/\/secure.gravatar.com\/avatar\/dac340933427a22924c9f99d1eb2e3f2?s=96&r=g","caption":"Eduardo Vargas"},"description":"Jornalista formado pela UFSC, cobre macroeconomia, neg\u00f3cios e startups para o Suno Not\u00edcias, escrevendo principalmente not\u00edcias sobre o mercado financeiro e a bolsa de valores. No YouTube e no Instagram, \u00e9 respons\u00e1vel pela produ\u00e7\u00e3o de Reels e Shorts do Suno Not\u00edcias. Anteriormente, trabalhou cobrindo economia e cotidiano no ND+ e para o ND, maior jornal impresso de Santa Catarina. Cursou um semestre letivo de Estudos de M\u00eddia na Universidad de Buenos Aires.","url":"https:\/\/www.suno.com.br\/noticias\/author\/eduardo-vargas\/"}]}},"default_loop_html":"<div class=\"cardsPage__listCard__boxs\"><div class=\"cardsPage__listCard__boxs__img\"><a href=\"https:\/\/www.suno.com.br\/noticias\/evergrande-suspensa-bolsa-de-hong-kong-evm\/\"><img class=\"mask\" src=\"https:\/\/www.suno.com.br\/noticias\/wp-content\/themes\/suno\/resources\/images\/spotlight\/spotlight1img\/bg-mask.png\" alt=\"Image Mask\"\/><img src=\"https:\/\/files.sunoresearch.com.br\/n\/uploads\/2021\/09\/aaa-400x200.jpg\" alt=\"Evergrande continuar\u00e1 suspensa na Bolsa de Hong Kong at\u00e9 resolver ordem de liquida\u00e7\u00e3o\"\/><\/a><span class=\"spotlightCategory\"><a href=\"https:\/\/www.suno.com.br\/noticias\/negocios\/\">Neg\u00f3cios<\/a><\/span><\/div><div class=\"cardsPage__listCard__boxs__content\"><a href=\"https:\/\/www.suno.com.br\/noticias\/evergrande-suspensa-bolsa-de-hong-kong-evm\/\"><h2 class=\"content__title\">Evergrande continuar\u00e1 suspensa na Bolsa de Hong Kong at\u00e9 resolver ordem de liquida\u00e7\u00e3o<\/h2><\/a><div class=\"newsContent__article__meta\"><div class=\"newsContent__article__meta__authorBox\"><a href=\"https:\/\/www.suno.com.br\/noticias\/author\/eduardo-vargas\/\" class=\"authorBox__avatar noMobi\"><img src=\"https:\/\/secure.gravatar.com\/avatar\/dac340933427a22924c9f99d1eb2e3f2?s=96&#038;r=g\" alt=\"Eduardo Vargas\"><\/a><div class=\"authorBox__name\"><span>por\n\t\t\t<a href=\"https:\/\/www.suno.com.br\/noticias\/author\/eduardo-vargas\/\"><span itemprop=\"author\">Eduardo Vargas<\/span><\/a><\/span><time datetime=\"2024-03-06T14:39:43-03:00\" itemprop=\"datePublished\">06\/03\/2024 14:39<\/time><\/div><\/div><\/div><\/div><\/div>","single_layout":"posts","amp_enabled":true,"_links":{"self":[{"href":"https:\/\/www.suno.com.br\/noticias\/wp-json\/wp\/v2\/posts\/530228"}],"collection":[{"href":"https:\/\/www.suno.com.br\/noticias\/wp-json\/wp\/v2\/posts"}],"about":[{"href":"https:\/\/www.suno.com.br\/noticias\/wp-json\/wp\/v2\/types\/post"}],"author":[{"embeddable":true,"href":"https:\/\/www.suno.com.br\/noticias\/wp-json\/wp\/v2\/users\/73"}],"replies":[{"embeddable":true,"href":"https:\/\/www.suno.com.br\/noticias\/wp-json\/wp\/v2\/comments?post=530228"}],"version-history":[{"count":3,"href":"https:\/\/www.suno.com.br\/noticias\/wp-json\/wp\/v2\/posts\/530228\/revisions"}],"predecessor-version":[{"id":530299,"href":"https:\/\/www.suno.com.br\/noticias\/wp-json\/wp\/v2\/posts\/530228\/revisions\/530299"}],"wp:featuredmedia":[{"embeddable":true,"href":"https:\/\/www.suno.com.br\/noticias\/wp-json\/wp\/v2\/media\/184099"}],"wp:attachment":[{"href":"https:\/\/www.suno.com.br\/noticias\/wp-json\/wp\/v2\/media?parent=530228"}],"wp:term":[{"taxonomy":"category","embeddable":true,"href":"https:\/\/www.suno.com.br\/noticias\/wp-json\/wp\/v2\/categories?post=530228"},{"taxonomy":"post_tag","embeddable":true,"href":"https:\/\/www.suno.com.br\/noticias\/wp-json\/wp\/v2\/tags?post=530228"},{"taxonomy":"suno_strategy","embeddable":true,"href":"https:\/\/www.suno.com.br\/noticias\/wp-json\/wp\/v2\/suno_strategy?post=530228"}],"curies":[{"name":"wp","href":"https:\/\/api.w.org\/{rel}","templated":true}]}}