{"id":530199,"date":"2024-03-06T14:40:37","date_gmt":"2024-03-06T17:40:37","guid":{"rendered":"https:\/\/www.suno.com.br\/noticias\/?p=530199"},"modified":"2024-03-06T14:51:53","modified_gmt":"2024-03-06T17:51:53","slug":"powell-reafirma-corte-juros-destaca-incertezas-gss","status":"publish","type":"post","link":"https:\/\/www.suno.com.br\/noticias\/powell-reafirma-corte-juros-destaca-incertezas-gss\/","title":{"rendered":"Powell reafirma corte de juros neste ano, mas destaca incertezas em rela\u00e7\u00e3o \u00e0 meta"},"content":{"rendered":"<p>O presidente do Federal Reserve (Fed, o banco central norte-americano), Jerome <strong>Powell<\/strong>, reafirma o foco do Fed no mandato dual para promover m\u00e1ximo emprego e pre\u00e7os est\u00e1veis, e diz que cortes de juros &#8220;provavelmente&#8221; ser\u00e3o apropriados neste ano, caso o quadro econ\u00f4mico se desenrole em geral como esperado. <\/p>\t<div class=\"wrapper-featured-image\">\n\t\t<figure class=\"spotlightImg\">\n\n\t\t\t<picture>\n\t\t\t\t<source media=\"(max-width: 768px)\" srcset=\"https:\/\/files.sunoresearch.com.br\/n\/uploads\/2021\/04\/b0ce30fc-49614546592_a4fbe678c2_o-400x200.webp\">\n\t\t\t\t<img loading=\"lazy\" decoding=\"async\" class=\"newsContent__article__imgCapa lazyloadDisabled \" src=\"https:\/\/files.sunoresearch.com.br\/n\/uploads\/2021\/04\/b0ce30fc-49614546592_a4fbe678c2_o-800x450.webp\" width=\"800\" height=\"450\" alt=\"Powell reafirma corte de juros neste ano, mas destaca incertezas em rela\u00e7\u00e3o \u00e0 meta\" fetchpriority=high \/>\n\t\t\t<\/picture>\n\n\t\t\t<figcaption class=\"wp-caption-text wp-caption-text--show\">Powell. Foto: Reprodu\u00e7\u00e3o\/Federal Reserve<\/figcaption>\n\t\t<\/figure>\n\t<\/div>\n\n\n\n\n\n\n\n\t<p>\n\t\t<a href=\"\" target=\"_blank\" data-element=\"shortcode-suno-banner\" title=\"Banner SUNO, clique e saiba mais\">\n\t\t\t<picture>\n\t\t\t\t<source media=\"(max-width: 500px)\" srcset=\"\">\n\t\t\t\t<img class=\"newsContent__article__imgCapa newsContent__article__imgCapa--banner\"\n\t\t\t\t\tsrc=\"\"\n\t\t\t\t\tdata-promo-id=\"240038\"\t\t\t\t\t\t\t\t\t\t\t\t\t\t\talt=\"\"\n\t\t\t\t>\n\t\t\t<\/picture>\n\t\t<\/a>\n\t<\/p>\n\n\n\n\n\n<p>&#8220;A economia tem feito progresso consider\u00e1vel rumo a esses objetivos ao longo do \u00faltimo ano&#8221;, afirma Powell, em discurso publicado nesta quarta-feira (06) no site do <strong>Fed<\/strong>, para a apresenta\u00e7\u00e3o que do relat\u00f3rio semestral de <a class=\"suno-keyword\" data-force=\"no\" data-priority=\"1\" href=\"https:\/\/www.suno.com.br\/artigos\/politica-monetaria\/\" target=\"_blank\" rel=\"noopener\">pol\u00edtica monet\u00e1ria<\/a> ao Congresso. <\/p>\n\n\n\n<p>Powell diz que a <strong>taxa de juros dos EUA<\/strong> &#8220;provavelmente&#8221; est\u00e1 no pico no atual ciclo de aperto monet\u00e1rio, e menciona tamb\u00e9m o processo de redu\u00e7\u00e3o no balan\u00e7o em ritmo &#8220;r\u00e1pido&#8221; e &#8220;previs\u00edvel&#8221;.<\/p>\n\n\n\n<p>Segundo ele, a postura da <strong>pol\u00edtica monet\u00e1ria do Fed<\/strong> &#8220;est\u00e1 colocando press\u00e3o de baixa na atividade econ\u00f4mica e na infla\u00e7\u00e3o&#8221;.<\/p>\n\n\n\n<p>A infla\u00e7\u00e3o &#8220;tem desacelerado de forma not\u00e1vel&#8221; no \u00faltimo ano, mas segue acima da meta de 2% do <strong>BC americano<\/strong>. Powell menciona alguns n\u00fameros recentes do \u00edndice de pre\u00e7os de gastos com consumo (PCE, na sigla em ingl\u00eas), como do avan\u00e7o anual de 2,8% em seu n\u00facleo, e nota que se trata de uma &#8220;desacelera\u00e7\u00e3o not\u00e1vel&#8221; em compara\u00e7\u00e3o com 2022, que se dissemina tanto por bens quanto por servi\u00e7os. &#8220;As expectativas de infla\u00e7\u00e3o de <a class=\"suno-keyword\" target=\"_blank\" data-force=\"no\" data-priority=\"1\" href=\"https:\/\/www.suno.com.br\/artigos\/longo-prazo\/\" rel=\"noopener\">longo prazo<\/a> parecem bem ancoradas&#8221;, segundo v\u00e1rias pesquisas e pelas medidas dos mercados financeiros, aponta tamb\u00e9m.<\/p>\n\n\n\n<p>Ao mesmo tempo, Powell reafirma incertezas no quadro sobre a perspectiva econ\u00f4mica e para a infla\u00e7\u00e3o. Para ele, o cumprimento da <strong>meta do Fed<\/strong> ainda n\u00e3o \u00e9 algo garantido. &#8220;Reduzir o aperto muito cedo ou muito poderia resultar em uma revers\u00e3o do progresso que temos visto na infla\u00e7\u00e3o e por fim exigir uma pol\u00edtica ainda mais dura para levar a infla\u00e7\u00e3o de volta aos 2%&#8221;, afirma.<\/p>\n\n\n\n<p>Com isso, Powell reafirma que o <strong>conselho do Fed<\/strong> espera ter maior confian\u00e7a de que a infla\u00e7\u00e3o caminha de modo sustent\u00e1vel para a meta, antes de cortar juros.<\/p>\n\n\n\t<p>\n\t\t<a href=\"https:\/\/lp.suno.com.br\/ebook-gratuito-investindo-no-exterior\/\" target=\"_blank\" data-element=\"shortcode-suno-banner\" title=\"Banner SUNO, clique e saiba mais\">\n\t\t\t<picture>\n\t\t\t\t<source media=\"(max-width: 500px)\" srcset=\"https:\/\/files.sunoresearch.com.br\/n\/uploads\/2023\/03\/400x300-Investindo-no-exterior.png\">\n\t\t\t\t<img class=\"newsContent__article__imgCapa newsContent__article__imgCapa--banner\"\n\t\t\t\t\tsrc=\"https:\/\/files.sunoresearch.com.br\/n\/uploads\/2023\/03\/1420x240-Investindo-no-exterior.png\"\n\t\t\t\t\tdata-promo-id=\"383161\"\t\t\t\t\t\t\t\t\t\twidth='1420' height='240'\t\t\t\t\talt=\"https:\/\/files.sunoresearch.com.br\/n\/uploads\/2023\/03\/1420x240-Investindo-no-exterior.png\"\n\t\t\t\t>\n\t\t\t<\/picture>\n\t\t<\/a>\n\t<\/p>\n\n\n\n\n\n<h2 class=\"wp-block-heading\">Cortes de juros depender\u00e3o da evolu\u00e7\u00e3o da economia dos EUA<\/h2>\n\n\n\n<p>Em audi\u00eancia na C\u00e2mara dos Representantes do pa\u00eds, <strong>Jerome Powell<\/strong> reconheceu os progressos recentes no <strong>combate \u00e0 infla\u00e7\u00e3o<\/strong>, mas disse que o Fed espera mais indicadores para ficar confiante de que o pa\u00eds caminha em dire\u00e7\u00e3o \u00e0 estabilidade de pre\u00e7os de forma sustent\u00e1vel.<\/p>\n\n\n\n<p>Powell acrescentou que a autoridade monet\u00e1ria pode agir de maneira mais cautelosa nos pr\u00f3ximos passos por conta da for\u00e7a da atividade e do <a class=\"suno-keyword\" target=\"_blank\" data-force=\"no\" data-priority=\"2\" href=\"https:\/\/www.suno.com.br\/artigos\/mercado-de-trabalho\/\" rel=\"noopener\">mercado de trabalho<\/a>.<\/p>\n\n\n\n<p>O presidente do Federal Reserve ainda afirmou que o BC dos EUA est\u00e1 analisando os coment\u00e1rios feitos na consulta p\u00fablica sobre a proposta de reforma da regula\u00e7\u00e3o banc\u00e1ria, conhecida como Basileia III.<\/p>\n\n\n\n<p>Na <strong>audi\u00eancia na C\u00e2mara dos Representantes dos EUA<\/strong>, Powell n\u00e3o descartou a possibilidade de o Fed divulgar uma proposta nova como resultado do processo. &#8220;Haver\u00e1 mudan\u00e7as amplas e materiais na proposta&#8221;, disse.<\/p>\n\n\n\n<p>O banqueiro central acrescentou que a infla\u00e7\u00e3o de servi\u00e7os residenciais nos EUA est\u00e1 arrefecendo e deve seguir em baixa \u00e0 frente, enquanto os pre\u00e7os de bens j\u00e1 apresentam defla\u00e7\u00e3o nos EUA.<\/p>\n\n\n\n<p>De acordo com <strong>Powell<\/strong>, o Fed provavelmente come\u00e7ar\u00e1 sua revis\u00e3o peri\u00f3dica da estrat\u00e9gia de <a class=\"suno-keyword\" data-force=\"no\" data-priority=\"1\" href=\"https:\/\/www.suno.com.br\/artigos\/politica-monetaria\/\" target=\"_blank\" rel=\"noopener\">pol\u00edtica monet\u00e1ria<\/a> no fim deste ano e deve conclu\u00ed-la em 2025.<\/p>\n\n\n\n<p><em>*Com Estad\u00e3o Conte\u00fado<\/em><\/p>\n\n\n\t<p>\n\t\t<a href=\"https:\/\/lp.suno.com.br\/planilha-da-vida-financeira\/\" target=\"_blank\" data-element=\"shortcode-suno-banner\" title=\"Banner SUNO, clique e saiba mais\">\n\t\t\t<picture>\n\t\t\t\t<source media=\"(max-width: 500px)\" srcset=\"https:\/\/files.sunoresearch.com.br\/n\/uploads\/2023\/04\/400x300-Planilha-vida-financeira-true.png\">\n\t\t\t\t<img class=\"newsContent__article__imgCapa newsContent__article__imgCapa--banner\"\n\t\t\t\t\tsrc=\"https:\/\/files.sunoresearch.com.br\/n\/uploads\/2023\/04\/1420x240-Planilha-vida-financeira-true.png\"\n\t\t\t\t\tdata-promo-id=\"383123\"\t\t\t\t\t\t\t\t\t\twidth='1420' height='240'\t\t\t\t\talt=\"https:\/\/files.sunoresearch.com.br\/n\/uploads\/2023\/04\/1420x240-Planilha-vida-financeira-true.png\"\n\t\t\t\t>\n\t\t\t<\/picture>\n\t\t<\/a>\n\t<\/p>\n\n\n","protected":false},"excerpt":{"rendered":"<p>O presidente do Federal Reserve (Fed, o banco central norte-americano), Jerome Powell, reafirma o foco do Fed no mandato dual para promover m\u00e1ximo emprego e pre\u00e7os est\u00e1veis, e diz que cortes de juros &#8220;provavelmente&#8221; ser\u00e3o apropriados neste ano, caso o quadro econ\u00f4mico se desenrole em geral como esperado. Powell. Foto: Reprodu\u00e7\u00e3o\/Federal Reserve &#8220;A economia tem [&hellip;]<\/p>\n","protected":false},"author":43,"featured_media":138786,"comment_status":"closed","ping_status":"closed","sticky":false,"template":"","format":"standard","meta":[],"categories":[63],"tags":[776,1899],"suno_strategy":[],"class_list":["post-530199","post","type-post","status-publish","format-standard","has-post-thumbnail","hentry","category-internacional","tag-federal-reseve-fed","tag-jerome-powell"],"yoast_head":"<!-- This site is optimized with the Yoast SEO plugin v24.4 - https:\/\/yoast.com\/wordpress\/plugins\/seo\/ -->\n<title>Powell reafirma corte de juros neste ano, mas destaca incertezas<\/title>\n<meta name=\"description\" content=\"Jerome Powell, presidente do Federal Reserve, realizou discurso na C\u00e2mara dos Representantes dos Estados Unidos.\" \/>\n<meta name=\"robots\" content=\"index, follow, max-snippet:-1, max-image-preview:large, max-video-preview:-1\" \/>\n<link rel=\"canonical\" href=\"https:\/\/www.suno.com.br\/noticias\/powell-reafirma-corte-juros-destaca-incertezas-gss\/\" \/>\n<meta property=\"og:locale\" content=\"pt_BR\" \/>\n<meta property=\"og:type\" content=\"article\" \/>\n<meta property=\"og:title\" content=\"Powell reafirma corte de juros neste ano, mas destaca incertezas\" \/>\n<meta property=\"og:description\" content=\"Jerome Powell, presidente do Federal Reserve, realizou discurso na C\u00e2mara dos Representantes dos Estados Unidos.\" \/>\n<meta property=\"og:url\" content=\"https:\/\/www.suno.com.br\/noticias\/powell-reafirma-corte-juros-destaca-incertezas-gss\/\" \/>\n<meta property=\"og:site_name\" content=\"Suno Not\u00edcias\" \/>\n<meta property=\"article:publisher\" content=\"https:\/\/facebook.com\/sunoresearch\" \/>\n<meta property=\"article:author\" content=\"https:\/\/www.facebook.com\/sunonoticias\/\" \/>\n<meta property=\"og:image\" content=\"https:\/\/files.sunoresearch.com.br\/n\/uploads\/2021\/04\/b0ce30fc-49614546592_a4fbe678c2_o.jpg\" \/>\n\t<meta property=\"og:image:width\" content=\"1200\" \/>\n\t<meta property=\"og:image:height\" content=\"800\" \/>\n\t<meta property=\"og:image:type\" content=\"image\/jpeg\" \/>\n<meta name=\"author\" content=\"Reda\u00e7\u00e3o Suno Not\u00edcias\" \/>\n<meta name=\"twitter:card\" content=\"summary_large_image\" \/>\n<meta name=\"twitter:creator\" content=\"@https:\/\/twitter.com\/sunoresearch\" \/>\n<meta name=\"twitter:site\" content=\"@sunoresearch\" \/>\n<meta name=\"twitter:label1\" content=\"Escrito por\" \/>\n\t<meta name=\"twitter:data1\" content=\"Reda\u00e7\u00e3o Suno Not\u00edcias\" \/>\n\t<meta name=\"twitter:label2\" content=\"Est. tempo de leitura\" \/>\n\t<meta name=\"twitter:data2\" content=\"3 minutos\" \/>\n<script type=\"application\/ld+json\" class=\"yoast-schema-graph\">{\"@context\":\"https:\/\/schema.org\",\"@graph\":[{\"@type\":\"NewsArticle\",\"@id\":\"https:\/\/www.suno.com.br\/noticias\/powell-reafirma-corte-juros-destaca-incertezas-gss\/#article\",\"isPartOf\":{\"@id\":\"https:\/\/www.suno.com.br\/noticias\/powell-reafirma-corte-juros-destaca-incertezas-gss\/\"},\"author\":{\"name\":\"Reda\u00e7\u00e3o Suno Not\u00edcias\",\"@id\":\"https:\/\/www.suno.com.br\/noticias\/#\/schema\/person\/c1b1bd3727fa852bd045e9dbff3673ea\"},\"headline\":\"Powell reafirma corte de juros neste ano, mas destaca incertezas em rela\u00e7\u00e3o \u00e0 meta\",\"datePublished\":\"2024-03-06T17:40:37+00:00\",\"dateModified\":\"2024-03-06T17:51:53+00:00\",\"mainEntityOfPage\":{\"@id\":\"https:\/\/www.suno.com.br\/noticias\/powell-reafirma-corte-juros-destaca-incertezas-gss\/\"},\"wordCount\":618,\"publisher\":{\"@id\":\"https:\/\/www.suno.com.br\/noticias\/#organization\"},\"image\":{\"@id\":\"https:\/\/www.suno.com.br\/noticias\/powell-reafirma-corte-juros-destaca-incertezas-gss\/#primaryimage\"},\"thumbnailUrl\":\"https:\/\/files.sunoresearch.com.br\/n\/uploads\/2021\/04\/b0ce30fc-49614546592_a4fbe678c2_o-jpg.webp\",\"keywords\":[\"Federal Reserve (FED)\",\"Jerome Powell\"],\"articleSection\":[\"Internacional\"],\"inLanguage\":\"pt-BR\"},{\"@type\":\"WebPage\",\"@id\":\"https:\/\/www.suno.com.br\/noticias\/powell-reafirma-corte-juros-destaca-incertezas-gss\/\",\"url\":\"https:\/\/www.suno.com.br\/noticias\/powell-reafirma-corte-juros-destaca-incertezas-gss\/\",\"name\":\"Powell reafirma corte de juros neste ano, mas destaca incertezas\",\"isPartOf\":{\"@id\":\"https:\/\/www.suno.com.br\/noticias\/#website\"},\"primaryImageOfPage\":{\"@id\":\"https:\/\/www.suno.com.br\/noticias\/powell-reafirma-corte-juros-destaca-incertezas-gss\/#primaryimage\"},\"image\":{\"@id\":\"https:\/\/www.suno.com.br\/noticias\/powell-reafirma-corte-juros-destaca-incertezas-gss\/#primaryimage\"},\"thumbnailUrl\":\"https:\/\/files.sunoresearch.com.br\/n\/uploads\/2021\/04\/b0ce30fc-49614546592_a4fbe678c2_o-jpg.webp\",\"datePublished\":\"2024-03-06T17:40:37+00:00\",\"dateModified\":\"2024-03-06T17:51:53+00:00\",\"description\":\"Jerome Powell, presidente do Federal Reserve, realizou discurso na C\u00e2mara dos Representantes dos Estados Unidos.\",\"breadcrumb\":{\"@id\":\"https:\/\/www.suno.com.br\/noticias\/powell-reafirma-corte-juros-destaca-incertezas-gss\/#breadcrumb\"},\"inLanguage\":\"pt-BR\",\"potentialAction\":[{\"@type\":\"ReadAction\",\"target\":[\"https:\/\/www.suno.com.br\/noticias\/powell-reafirma-corte-juros-destaca-incertezas-gss\/\"]}]},{\"@type\":\"ImageObject\",\"inLanguage\":\"pt-BR\",\"@id\":\"https:\/\/www.suno.com.br\/noticias\/powell-reafirma-corte-juros-destaca-incertezas-gss\/#primaryimage\",\"url\":\"https:\/\/files.sunoresearch.com.br\/n\/uploads\/2021\/04\/b0ce30fc-49614546592_a4fbe678c2_o-jpg.webp\",\"contentUrl\":\"https:\/\/files.sunoresearch.com.br\/n\/uploads\/2021\/04\/b0ce30fc-49614546592_a4fbe678c2_o-jpg.webp\",\"width\":1200,\"height\":800,\"caption\":\"Powell. Foto: Reprodu\u00e7\u00e3o\/Federal Reserve\"},{\"@type\":\"BreadcrumbList\",\"@id\":\"https:\/\/www.suno.com.br\/noticias\/powell-reafirma-corte-juros-destaca-incertezas-gss\/#breadcrumb\",\"itemListElement\":[{\"@type\":\"ListItem\",\"position\":1,\"name\":\"Not\u00edcias\",\"item\":\"https:\/\/www.suno.com.br\/noticias\/\"},{\"@type\":\"ListItem\",\"position\":2,\"name\":\"Internacional\",\"item\":\"https:\/\/www.suno.com.br\/noticias\/internacional\/\"},{\"@type\":\"ListItem\",\"position\":3,\"name\":\"Powell reafirma corte de juros neste ano, mas destaca incertezas em rela\u00e7\u00e3o \u00e0 meta\"}]},{\"@type\":\"WebSite\",\"@id\":\"https:\/\/www.suno.com.br\/noticias\/#website\",\"url\":\"https:\/\/www.suno.com.br\/noticias\/\",\"name\":\"Suno Not\u00edcias\",\"description\":\"Seu portal de informa\u00e7\u00e3o sobre o mundo dos investimentos\",\"publisher\":{\"@id\":\"https:\/\/www.suno.com.br\/noticias\/#organization\"},\"potentialAction\":[{\"@type\":\"SearchAction\",\"target\":{\"@type\":\"EntryPoint\",\"urlTemplate\":\"https:\/\/www.suno.com.br\/noticias\/?s={search_term_string}\"},\"query-input\":{\"@type\":\"PropertyValueSpecification\",\"valueRequired\":true,\"valueName\":\"search_term_string\"}}],\"inLanguage\":\"pt-BR\"},{\"@type\":\"Organization\",\"@id\":\"https:\/\/www.suno.com.br\/noticias\/#organization\",\"name\":\"Suno Not\u00edcias\",\"url\":\"https:\/\/www.suno.com.br\/noticias\/\",\"logo\":{\"@type\":\"ImageObject\",\"inLanguage\":\"pt-BR\",\"@id\":\"https:\/\/www.suno.com.br\/noticias\/#\/schema\/logo\/image\/\",\"url\":\"https:\/\/files.sunoresearch.com.br\/n\/uploads\/2021\/09\/suno-logo.png\",\"contentUrl\":\"https:\/\/files.sunoresearch.com.br\/n\/uploads\/2021\/09\/suno-logo.png\",\"width\":180,\"height\":180,\"caption\":\"Suno Not\u00edcias\"},\"image\":{\"@id\":\"https:\/\/www.suno.com.br\/noticias\/#\/schema\/logo\/image\/\"},\"sameAs\":[\"https:\/\/facebook.com\/sunoresearch\",\"https:\/\/x.com\/sunoresearch\",\"https:\/\/www.instagram.com\/suno\",\"https:\/\/www.linkedin.com\/company\/suno-research\/\",\"https:\/\/www.youtube.com\/c\/sunoresearch\"]},{\"@type\":\"Person\",\"@id\":\"https:\/\/www.suno.com.br\/noticias\/#\/schema\/person\/c1b1bd3727fa852bd045e9dbff3673ea\",\"name\":\"Reda\u00e7\u00e3o Suno Not\u00edcias\",\"image\":{\"@type\":\"ImageObject\",\"inLanguage\":\"pt-BR\",\"@id\":\"https:\/\/www.suno.com.br\/noticias\/#\/schema\/person\/image\/\",\"url\":\"https:\/\/secure.gravatar.com\/avatar\/b8104b9b5a71985d5238ee59fbe418af?s=96&r=g\",\"contentUrl\":\"https:\/\/secure.gravatar.com\/avatar\/b8104b9b5a71985d5238ee59fbe418af?s=96&r=g\",\"caption\":\"Reda\u00e7\u00e3o Suno Not\u00edcias\"},\"description\":\"O Suno Not\u00edcias \u00e9 um portal de informa\u00e7\u00f5es sobre Mercado Financeiro, Pol\u00edtica, Neg\u00f3cios, Economia e Finan\u00e7as Pessoais.\",\"sameAs\":[\"https:\/\/www.suno.com.br\/noticias\",\"https:\/\/www.facebook.com\/sunonoticias\/\",\"https:\/\/www.instagram.com\/sunonoticias\/\",\"https:\/\/x.com\/https:\/\/twitter.com\/sunoresearch\",\"https:\/\/www.youtube.com\/sunonoticias\"],\"url\":\"https:\/\/www.suno.com.br\/noticias\/author\/redacao-suno\/\"}]}<\/script>\n<!-- \/ Yoast SEO plugin. -->","yoast_head_json":{"title":"Powell reafirma corte de juros neste ano, mas destaca incertezas","description":"Jerome Powell, presidente do Federal Reserve, realizou discurso na C\u00e2mara dos Representantes dos Estados Unidos.","robots":{"index":"index","follow":"follow","max-snippet":"max-snippet:-1","max-image-preview":"max-image-preview:large","max-video-preview":"max-video-preview:-1"},"canonical":"https:\/\/www.suno.com.br\/noticias\/powell-reafirma-corte-juros-destaca-incertezas-gss\/","og_locale":"pt_BR","og_type":"article","og_title":"Powell reafirma corte de juros neste ano, mas destaca incertezas","og_description":"Jerome Powell, presidente do Federal Reserve, realizou discurso na C\u00e2mara dos Representantes dos Estados Unidos.","og_url":"https:\/\/www.suno.com.br\/noticias\/powell-reafirma-corte-juros-destaca-incertezas-gss\/","og_site_name":"Suno Not\u00edcias","article_publisher":"https:\/\/facebook.com\/sunoresearch","article_author":"https:\/\/www.facebook.com\/sunonoticias\/","og_image":[{"width":1200,"height":800,"url":"https:\/\/files.sunoresearch.com.br\/n\/uploads\/2021\/04\/b0ce30fc-49614546592_a4fbe678c2_o.jpg","type":"image\/jpeg"}],"author":"Reda\u00e7\u00e3o Suno Not\u00edcias","twitter_card":"summary_large_image","twitter_creator":"@https:\/\/twitter.com\/sunoresearch","twitter_site":"@sunoresearch","twitter_misc":{"Escrito por":"Reda\u00e7\u00e3o Suno Not\u00edcias","Est. tempo de leitura":"3 minutos"},"schema":{"@context":"https:\/\/schema.org","@graph":[{"@type":"NewsArticle","@id":"https:\/\/www.suno.com.br\/noticias\/powell-reafirma-corte-juros-destaca-incertezas-gss\/#article","isPartOf":{"@id":"https:\/\/www.suno.com.br\/noticias\/powell-reafirma-corte-juros-destaca-incertezas-gss\/"},"author":{"name":"Reda\u00e7\u00e3o Suno Not\u00edcias","@id":"https:\/\/www.suno.com.br\/noticias\/#\/schema\/person\/c1b1bd3727fa852bd045e9dbff3673ea"},"headline":"Powell reafirma corte de juros neste ano, mas destaca incertezas em rela\u00e7\u00e3o \u00e0 meta","datePublished":"2024-03-06T17:40:37+00:00","dateModified":"2024-03-06T17:51:53+00:00","mainEntityOfPage":{"@id":"https:\/\/www.suno.com.br\/noticias\/powell-reafirma-corte-juros-destaca-incertezas-gss\/"},"wordCount":618,"publisher":{"@id":"https:\/\/www.suno.com.br\/noticias\/#organization"},"image":{"@id":"https:\/\/www.suno.com.br\/noticias\/powell-reafirma-corte-juros-destaca-incertezas-gss\/#primaryimage"},"thumbnailUrl":"https:\/\/files.sunoresearch.com.br\/n\/uploads\/2021\/04\/b0ce30fc-49614546592_a4fbe678c2_o-jpg.webp","keywords":["Federal Reserve (FED)","Jerome Powell"],"articleSection":["Internacional"],"inLanguage":"pt-BR"},{"@type":"WebPage","@id":"https:\/\/www.suno.com.br\/noticias\/powell-reafirma-corte-juros-destaca-incertezas-gss\/","url":"https:\/\/www.suno.com.br\/noticias\/powell-reafirma-corte-juros-destaca-incertezas-gss\/","name":"Powell reafirma corte de juros neste ano, mas destaca incertezas","isPartOf":{"@id":"https:\/\/www.suno.com.br\/noticias\/#website"},"primaryImageOfPage":{"@id":"https:\/\/www.suno.com.br\/noticias\/powell-reafirma-corte-juros-destaca-incertezas-gss\/#primaryimage"},"image":{"@id":"https:\/\/www.suno.com.br\/noticias\/powell-reafirma-corte-juros-destaca-incertezas-gss\/#primaryimage"},"thumbnailUrl":"https:\/\/files.sunoresearch.com.br\/n\/uploads\/2021\/04\/b0ce30fc-49614546592_a4fbe678c2_o-jpg.webp","datePublished":"2024-03-06T17:40:37+00:00","dateModified":"2024-03-06T17:51:53+00:00","description":"Jerome Powell, presidente do Federal Reserve, realizou discurso na C\u00e2mara dos Representantes dos Estados Unidos.","breadcrumb":{"@id":"https:\/\/www.suno.com.br\/noticias\/powell-reafirma-corte-juros-destaca-incertezas-gss\/#breadcrumb"},"inLanguage":"pt-BR","potentialAction":[{"@type":"ReadAction","target":["https:\/\/www.suno.com.br\/noticias\/powell-reafirma-corte-juros-destaca-incertezas-gss\/"]}]},{"@type":"ImageObject","inLanguage":"pt-BR","@id":"https:\/\/www.suno.com.br\/noticias\/powell-reafirma-corte-juros-destaca-incertezas-gss\/#primaryimage","url":"https:\/\/files.sunoresearch.com.br\/n\/uploads\/2021\/04\/b0ce30fc-49614546592_a4fbe678c2_o-jpg.webp","contentUrl":"https:\/\/files.sunoresearch.com.br\/n\/uploads\/2021\/04\/b0ce30fc-49614546592_a4fbe678c2_o-jpg.webp","width":1200,"height":800,"caption":"Powell. Foto: Reprodu\u00e7\u00e3o\/Federal Reserve"},{"@type":"BreadcrumbList","@id":"https:\/\/www.suno.com.br\/noticias\/powell-reafirma-corte-juros-destaca-incertezas-gss\/#breadcrumb","itemListElement":[{"@type":"ListItem","position":1,"name":"Not\u00edcias","item":"https:\/\/www.suno.com.br\/noticias\/"},{"@type":"ListItem","position":2,"name":"Internacional","item":"https:\/\/www.suno.com.br\/noticias\/internacional\/"},{"@type":"ListItem","position":3,"name":"Powell reafirma corte de juros neste ano, mas destaca incertezas em rela\u00e7\u00e3o \u00e0 meta"}]},{"@type":"WebSite","@id":"https:\/\/www.suno.com.br\/noticias\/#website","url":"https:\/\/www.suno.com.br\/noticias\/","name":"Suno Not\u00edcias","description":"Seu portal de informa\u00e7\u00e3o sobre o mundo dos investimentos","publisher":{"@id":"https:\/\/www.suno.com.br\/noticias\/#organization"},"potentialAction":[{"@type":"SearchAction","target":{"@type":"EntryPoint","urlTemplate":"https:\/\/www.suno.com.br\/noticias\/?s={search_term_string}"},"query-input":{"@type":"PropertyValueSpecification","valueRequired":true,"valueName":"search_term_string"}}],"inLanguage":"pt-BR"},{"@type":"Organization","@id":"https:\/\/www.suno.com.br\/noticias\/#organization","name":"Suno Not\u00edcias","url":"https:\/\/www.suno.com.br\/noticias\/","logo":{"@type":"ImageObject","inLanguage":"pt-BR","@id":"https:\/\/www.suno.com.br\/noticias\/#\/schema\/logo\/image\/","url":"https:\/\/files.sunoresearch.com.br\/n\/uploads\/2021\/09\/suno-logo.png","contentUrl":"https:\/\/files.sunoresearch.com.br\/n\/uploads\/2021\/09\/suno-logo.png","width":180,"height":180,"caption":"Suno Not\u00edcias"},"image":{"@id":"https:\/\/www.suno.com.br\/noticias\/#\/schema\/logo\/image\/"},"sameAs":["https:\/\/facebook.com\/sunoresearch","https:\/\/x.com\/sunoresearch","https:\/\/www.instagram.com\/suno","https:\/\/www.linkedin.com\/company\/suno-research\/","https:\/\/www.youtube.com\/c\/sunoresearch"]},{"@type":"Person","@id":"https:\/\/www.suno.com.br\/noticias\/#\/schema\/person\/c1b1bd3727fa852bd045e9dbff3673ea","name":"Reda\u00e7\u00e3o Suno Not\u00edcias","image":{"@type":"ImageObject","inLanguage":"pt-BR","@id":"https:\/\/www.suno.com.br\/noticias\/#\/schema\/person\/image\/","url":"https:\/\/secure.gravatar.com\/avatar\/b8104b9b5a71985d5238ee59fbe418af?s=96&r=g","contentUrl":"https:\/\/secure.gravatar.com\/avatar\/b8104b9b5a71985d5238ee59fbe418af?s=96&r=g","caption":"Reda\u00e7\u00e3o Suno Not\u00edcias"},"description":"O Suno Not\u00edcias \u00e9 um portal de informa\u00e7\u00f5es sobre Mercado Financeiro, Pol\u00edtica, Neg\u00f3cios, Economia e Finan\u00e7as Pessoais.","sameAs":["https:\/\/www.suno.com.br\/noticias","https:\/\/www.facebook.com\/sunonoticias\/","https:\/\/www.instagram.com\/sunonoticias\/","https:\/\/x.com\/https:\/\/twitter.com\/sunoresearch","https:\/\/www.youtube.com\/sunonoticias"],"url":"https:\/\/www.suno.com.br\/noticias\/author\/redacao-suno\/"}]}},"default_loop_html":"<div class=\"cardsPage__listCard__boxs\"><div class=\"cardsPage__listCard__boxs__img\"><a href=\"https:\/\/www.suno.com.br\/noticias\/powell-reafirma-corte-juros-destaca-incertezas-gss\/\"><img class=\"mask\" src=\"https:\/\/www.suno.com.br\/noticias\/wp-content\/themes\/suno\/resources\/images\/spotlight\/spotlight1img\/bg-mask.png\" alt=\"Image Mask\"\/><img src=\"https:\/\/files.sunoresearch.com.br\/n\/uploads\/2021\/04\/b0ce30fc-49614546592_a4fbe678c2_o-400x200.webp\" alt=\"Powell reafirma corte de juros neste ano, mas destaca incertezas em rela\u00e7\u00e3o \u00e0 meta\"\/><\/a><span class=\"spotlightCategory\"><a href=\"https:\/\/www.suno.com.br\/noticias\/internacional\/\">Internacional<\/a><\/span><\/div><div class=\"cardsPage__listCard__boxs__content\"><a href=\"https:\/\/www.suno.com.br\/noticias\/powell-reafirma-corte-juros-destaca-incertezas-gss\/\"><h2 class=\"content__title\">Powell reafirma corte de juros neste ano, mas destaca incertezas em rela\u00e7\u00e3o \u00e0 meta<\/h2><\/a><div class=\"newsContent__article__meta\"><div class=\"newsContent__article__meta__authorBox\"><a href=\"https:\/\/www.suno.com.br\/noticias\/author\/redacao-suno\/\" class=\"authorBox__avatar noMobi\"><img src=\"https:\/\/files.sunoresearch.com.br\/n\/uploads\/2020\/08\/0ace682d-redacao-1-150x150.webp\" alt=\"Reda\u00e7\u00e3o Suno Not\u00edcias\"><\/a><div class=\"authorBox__name\"><span>por\n\t\t\t<a href=\"https:\/\/www.suno.com.br\/noticias\/author\/redacao-suno\/\"><span itemprop=\"author\">Reda\u00e7\u00e3o Suno Not\u00edcias<\/span><\/a><\/span><time datetime=\"2024-03-06T14:40:37-03:00\" itemprop=\"datePublished\">06\/03\/2024 14:40<\/time><\/div><\/div><\/div><\/div><\/div>","single_layout":"posts","amp_enabled":true,"_links":{"self":[{"href":"https:\/\/www.suno.com.br\/noticias\/wp-json\/wp\/v2\/posts\/530199"}],"collection":[{"href":"https:\/\/www.suno.com.br\/noticias\/wp-json\/wp\/v2\/posts"}],"about":[{"href":"https:\/\/www.suno.com.br\/noticias\/wp-json\/wp\/v2\/types\/post"}],"author":[{"embeddable":true,"href":"https:\/\/www.suno.com.br\/noticias\/wp-json\/wp\/v2\/users\/43"}],"replies":[{"embeddable":true,"href":"https:\/\/www.suno.com.br\/noticias\/wp-json\/wp\/v2\/comments?post=530199"}],"version-history":[{"count":3,"href":"https:\/\/www.suno.com.br\/noticias\/wp-json\/wp\/v2\/posts\/530199\/revisions"}],"predecessor-version":[{"id":530313,"href":"https:\/\/www.suno.com.br\/noticias\/wp-json\/wp\/v2\/posts\/530199\/revisions\/530313"}],"wp:featuredmedia":[{"embeddable":true,"href":"https:\/\/www.suno.com.br\/noticias\/wp-json\/wp\/v2\/media\/138786"}],"wp:attachment":[{"href":"https:\/\/www.suno.com.br\/noticias\/wp-json\/wp\/v2\/media?parent=530199"}],"wp:term":[{"taxonomy":"category","embeddable":true,"href":"https:\/\/www.suno.com.br\/noticias\/wp-json\/wp\/v2\/categories?post=530199"},{"taxonomy":"post_tag","embeddable":true,"href":"https:\/\/www.suno.com.br\/noticias\/wp-json\/wp\/v2\/tags?post=530199"},{"taxonomy":"suno_strategy","embeddable":true,"href":"https:\/\/www.suno.com.br\/noticias\/wp-json\/wp\/v2\/suno_strategy?post=530199"}],"curies":[{"name":"wp","href":"https:\/\/api.w.org\/{rel}","templated":true}]}}