{"id":53008,"date":"2020-02-13T21:07:26","date_gmt":"2020-02-13T23:07:26","guid":{"rendered":"https:\/\/www.suno.com.br\/noticias\/?p=53008"},"modified":"2021-02-17T22:46:27","modified_gmt":"2021-02-18T01:46:27","slug":"dolar-bc-intervem-cambio-conter-alta-moeda","status":"publish","type":"post","link":"https:\/\/www.suno.com.br\/noticias\/dolar-bc-intervem-cambio-conter-alta-moeda\/","title":{"rendered":"D\u00f3lar: BC interv\u00e9m no mercado de c\u00e2mbio para conter alta da moeda"},"content":{"rendered":"<p>O <a href=\"https:\/\/www.suno.com.br\/artigos\/bacen\/\">Banco Central (BC)<\/a> realizou nesta quinta-feira (13) uma interven\u00e7\u00e3o no mercado de c\u00e2mbio. A medida ocorreu um dia ap\u00f3s a cota\u00e7\u00e3o do <strong>d\u00f3lar<\/strong> atingir um novo recorde, fechando em R$ 4,35.<\/p>\t<div class=\"wrapper-featured-image\">\n\t\t<figure class=\"spotlightImg\">\n\n\t\t\t<picture>\n\t\t\t\t<source media=\"(max-width: 768px)\" srcset=\"https:\/\/files.sunoresearch.com.br\/n\/uploads\/2018\/11\/98c17b9f-d\u00f3lar-400x200.webp\">\n\t\t\t\t<img loading=\"lazy\" decoding=\"async\" class=\"newsContent__article__imgCapa lazyloadDisabled newsContent__article__imgCapa--noCaption\" src=\"https:\/\/files.sunoresearch.com.br\/n\/uploads\/2018\/11\/98c17b9f-d\u00f3lar-800x450.webp\" width=\"800\" height=\"450\" alt=\"D\u00f3lar: BC interv\u00e9m no mercado de c\u00e2mbio para conter alta da moeda\" fetchpriority=high \/>\n\t\t\t<\/picture>\n\n\t\t\t<figcaption class=\"wp-caption-text wp-caption-text--hide\">Na \u00faltima sess\u00e3o, quinta-feira (3), o d\u00f3lar encerrou em queda de 1,2569%, a R$ 5,29.<\/figcaption>\n\t\t<\/figure>\n\t<\/div>\n\n\n\n<p>A interven\u00e7\u00e3o para conter a alta do d\u00f3lar ocorreu por meio da oferta de 20 mil contratos de <a href=\"https:\/\/www.suno.com.br\/artigos\/swap-cambial\/\">swap cambial<\/a>. A venda equivale a US$ 1 bilh\u00e3o, com vencimento em agosto, outubro e dezembro 2020. Al\u00e9m disso, o <strong>Banco Central<\/strong> tamb\u00e9m ofertou 13 mil contratos com rolagem em abril. Entretanto, somente 10,5 mil foram adquiridos no preg\u00e3o.<\/p>\n<p>Com a medida, a autoridade monet\u00e1ria aumentou a oferta de d\u00f3lares no Pa\u00eds. Consequentemente, o BC conseguiu reduzir a desvaloriza\u00e7\u00e3o do real ante a moeda norte-americana. No fechamento de mercado desta quinta-feira, o d\u00f3lar estava em queda de 0,345%, cotado a R$ 4,3356.<\/p>\n<p>O BC tamb\u00e9m anunciou que ir\u00e1 realizar outro leil\u00e3o de swaps cambiais nesta sexta-feira (14) por US$ 1 bilh\u00e3o, a partir das 9h30 da manh\u00e3.<\/p>\n<p>A alta da moeda norte-americana foi impulsionada, entre outros fatores, por uma declara\u00e7\u00e3o do ministro da Economia, <a href=\"https:\/\/www.suno.com.br\/tudo-sobre\/paulo-guedes\/\">Paulo Guedes<\/a>, que ocorreu na \u00faltima quarta-feira (12). Na ocasi\u00e3o, o ministro disse que com o c\u00e2mbio mais baixo &#8220;todo mundo viajava para a Disney&#8221;.<\/p>\n<p>&#8220;N\u00e3o tem neg\u00f3cio de c\u00e2mbio a R$ 1,80. Todo mundo indo para a Disney, empregada dom\u00e9stica indo para Disney, uma festa danada. Pera a\u00ed. Vai passear ali em Foz do Igua\u00e7u, no Nordeste, est\u00e1 cheio de praia bonita. Vai para Cachoeiro de Itapemirim, vai conhecer onde o Roberto Carlos nasceu, vai passear no Brasil, vai conhecer o Brasil. Est\u00e1 cheio de coisa bonita para ver&#8221;, disse o ministro durante um discurso.<\/p>\n\t<p>\n\t\t<a href=\"https:\/\/lp.statusinvest.com.br\/cl\/carteira-automatizada\/\" target=\"_blank\" data-element=\"shortcode-suno-banner\" title=\"Banner SUNO, clique e saiba mais\">\n\t\t\t<picture>\n\t\t\t\t<source media=\"(max-width: 500px)\" srcset=\"https:\/\/files.sunoresearch.com.br\/n\/uploads\/2024\/02\/400x300-Mobile.png\">\n\t\t\t\t<img class=\"newsContent__article__imgCapa newsContent__article__imgCapa--banner\"\n\t\t\t\t\tsrc=\"https:\/\/files.sunoresearch.com.br\/n\/uploads\/2024\/02\/1420x240-Desktop.png\"\n\t\t\t\t\tdata-promo-id=\"518879\"\t\t\t\t\t\t\t\t\t\twidth='1420' height='240'\t\t\t\t\talt=\"https:\/\/files.sunoresearch.com.br\/n\/uploads\/2024\/02\/1420x240-Desktop.png\"\n\t\t\t\t>\n\t\t\t<\/picture>\n\t\t<\/a>\n\t<\/p>\n\n\n<p>Al\u00e9m disso, Guedes afirmou que \u00e9 melhor ter o d\u00f3lar alto com juros baixos do que uma situa\u00e7\u00e3o oposta. Segundo Guedes, um cen\u00e1rio de juros baixos e c\u00e2mbio elevado gera &#8220;mais exporta\u00e7\u00f5es, mais substitui\u00e7\u00e3o de exporta\u00e7\u00f5es, inclusive em turismo&#8221;.<\/p>\n<h2>Valoriza\u00e7\u00e3o do d\u00f3lar em 2020<\/h2>\n<p>Somente em 2020, a moeda norte-americana j\u00e1 acumula alta de mais de 8% em compara\u00e7\u00e3o ao real. A porcentagem indica que a moeda brasileira teve o pior desempenho em rela\u00e7\u00e3o ao d\u00f3lar entre 33 outras moedas neste ano.<\/p>\n<p><a href=\"https:\/\/www.suno.com.br\/noticias\/banco-central-avanco-gradual-economia-brasileira\/\">Leia tamb\u00e9m: Banco Central enxerga avan\u00e7o gradual na economia brasileira<\/a><\/p>\n<p>Os temores com as poss\u00edveis consequ\u00eancias econ\u00f4micas envolvendo a epidemia de <strong>coronav\u00edrus<\/strong> tamb\u00e9m contribu\u00edram para a valoriza\u00e7\u00e3o da moeda estadunidense nas \u00faltimas semanas.<\/p>\n<p>Al\u00e9m disso, fatores como o novo corte na <a href=\"https:\/\/www.suno.com.br\/artigos\/taxa-selic\/\">taxa b\u00e1sica de juros (<strong>Selic<\/strong>)<\/a>, realizado no dia 5 de fevereiro, e a sa\u00edda do Reino Unido da <a href=\"https:\/\/www.suno.com.br\/artigos\/uniao-europeia\/\">Uni\u00e3o Europeia (UE)<\/a>, fator que aumentou as incertezas internacionais, tamb\u00e9m movimentaram o mercado e contribu\u00edram para o avan\u00e7o do <strong>d\u00f3lar<\/strong>.<\/p>\n\n","protected":false},"excerpt":{"rendered":"<p>O Banco Central (BC) realizou nesta quinta-feira (13) uma interven\u00e7\u00e3o no mercado de c\u00e2mbio. A medida ocorreu um dia ap\u00f3s a cota\u00e7\u00e3o do d\u00f3lar atingir um novo recorde, fechando em R$ 4,35. Na \u00faltima sess\u00e3o, quinta-feira (3), o d\u00f3lar encerrou em queda de 1,2569%, a R$ 5,29. A interven\u00e7\u00e3o para conter a alta do d\u00f3lar [&hellip;]<\/p>\n","protected":false},"author":18,"featured_media":7580,"comment_status":"closed","ping_status":"closed","sticky":false,"template":"","format":"standard","meta":[],"categories":[62],"tags":[1842,326,1890],"suno_strategy":[],"class_list":["post-53008","post","type-post","status-publish","format-standard","has-post-thumbnail","hentry","category-economia","tag-banco-central-bc","tag-dolar","tag-swap-cambial"],"yoast_head":"<!-- This site is optimized with the Yoast SEO plugin v24.4 - https:\/\/yoast.com\/wordpress\/plugins\/seo\/ -->\n<title>D\u00f3lar: BC interv\u00e9m no mercado de c\u00e2mbio para conter alta da moeda<\/title>\n<meta name=\"description\" content=\"O Banco Central (BC) realizou nesta quinta-feira (13) uma interven\u00e7\u00e3o no mercado de c\u00e2mbio para conter alta do d\u00f3lar. Clique para saber mais.\" \/>\n<meta name=\"robots\" content=\"index, follow, max-snippet:-1, max-image-preview:large, max-video-preview:-1\" \/>\n<link rel=\"canonical\" href=\"https:\/\/www.suno.com.br\/noticias\/dolar-bc-intervem-cambio-conter-alta-moeda\/\" \/>\n<meta property=\"og:locale\" content=\"pt_BR\" \/>\n<meta property=\"og:type\" content=\"article\" \/>\n<meta property=\"og:title\" content=\"D\u00f3lar: BC interv\u00e9m no mercado de c\u00e2mbio para conter alta da moeda\" \/>\n<meta property=\"og:description\" content=\"O Banco Central (BC) realizou nesta quinta-feira (13) uma interven\u00e7\u00e3o no mercado de c\u00e2mbio para conter alta do d\u00f3lar. Clique para saber mais.\" \/>\n<meta property=\"og:url\" content=\"https:\/\/www.suno.com.br\/noticias\/dolar-bc-intervem-cambio-conter-alta-moeda\/\" \/>\n<meta property=\"og:site_name\" content=\"Suno Not\u00edcias\" \/>\n<meta property=\"article:publisher\" content=\"https:\/\/facebook.com\/sunoresearch\" \/>\n<meta property=\"og:image\" content=\"https:\/\/files.sunoresearch.com.br\/n\/uploads\/2018\/11\/98c17b9f-d\u00f3lar.jpg\" \/>\n\t<meta property=\"og:image:width\" content=\"960\" \/>\n\t<meta property=\"og:image:height\" content=\"540\" \/>\n\t<meta property=\"og:image:type\" content=\"image\/jpeg\" \/>\n<meta name=\"author\" content=\"Giovanna Oliveira\" \/>\n<meta name=\"twitter:card\" content=\"summary_large_image\" \/>\n<meta name=\"twitter:creator\" content=\"@sunoresearch\" \/>\n<meta name=\"twitter:site\" content=\"@sunoresearch\" \/>\n<meta name=\"twitter:label1\" content=\"Escrito por\" \/>\n\t<meta name=\"twitter:data1\" content=\"Giovanna Oliveira\" \/>\n\t<meta name=\"twitter:label2\" content=\"Est. tempo de leitura\" \/>\n\t<meta name=\"twitter:data2\" content=\"2 minutos\" \/>\n<script type=\"application\/ld+json\" class=\"yoast-schema-graph\">{\"@context\":\"https:\/\/schema.org\",\"@graph\":[{\"@type\":\"NewsArticle\",\"@id\":\"https:\/\/www.suno.com.br\/noticias\/dolar-bc-intervem-cambio-conter-alta-moeda\/#article\",\"isPartOf\":{\"@id\":\"https:\/\/www.suno.com.br\/noticias\/dolar-bc-intervem-cambio-conter-alta-moeda\/\"},\"author\":{\"name\":\"Giovanna Oliveira\",\"@id\":\"https:\/\/www.suno.com.br\/noticias\/#\/schema\/person\/4e19e3d2575736e5283d58eb3199d120\"},\"headline\":\"D\u00f3lar: BC interv\u00e9m no mercado de c\u00e2mbio para conter alta da moeda\",\"datePublished\":\"2020-02-13T23:07:26+00:00\",\"dateModified\":\"2021-02-18T01:46:27+00:00\",\"mainEntityOfPage\":{\"@id\":\"https:\/\/www.suno.com.br\/noticias\/dolar-bc-intervem-cambio-conter-alta-moeda\/\"},\"wordCount\":495,\"publisher\":{\"@id\":\"https:\/\/www.suno.com.br\/noticias\/#organization\"},\"image\":{\"@id\":\"https:\/\/www.suno.com.br\/noticias\/dolar-bc-intervem-cambio-conter-alta-moeda\/#primaryimage\"},\"thumbnailUrl\":\"https:\/\/files.sunoresearch.com.br\/n\/uploads\/2018\/11\/98c17b9f-d\u00f3lar-jpg.webp\",\"keywords\":[\"Banco Central (BC)\",\"d\u00f3lar\",\"Swap cambial\"],\"articleSection\":[\"Economia\"],\"inLanguage\":\"pt-BR\"},{\"@type\":\"WebPage\",\"@id\":\"https:\/\/www.suno.com.br\/noticias\/dolar-bc-intervem-cambio-conter-alta-moeda\/\",\"url\":\"https:\/\/www.suno.com.br\/noticias\/dolar-bc-intervem-cambio-conter-alta-moeda\/\",\"name\":\"D\u00f3lar: BC interv\u00e9m no mercado de c\u00e2mbio para conter alta da moeda\",\"isPartOf\":{\"@id\":\"https:\/\/www.suno.com.br\/noticias\/#website\"},\"primaryImageOfPage\":{\"@id\":\"https:\/\/www.suno.com.br\/noticias\/dolar-bc-intervem-cambio-conter-alta-moeda\/#primaryimage\"},\"image\":{\"@id\":\"https:\/\/www.suno.com.br\/noticias\/dolar-bc-intervem-cambio-conter-alta-moeda\/#primaryimage\"},\"thumbnailUrl\":\"https:\/\/files.sunoresearch.com.br\/n\/uploads\/2018\/11\/98c17b9f-d\u00f3lar-jpg.webp\",\"datePublished\":\"2020-02-13T23:07:26+00:00\",\"dateModified\":\"2021-02-18T01:46:27+00:00\",\"description\":\"O Banco Central (BC) realizou nesta quinta-feira (13) uma interven\u00e7\u00e3o no mercado de c\u00e2mbio para conter alta do d\u00f3lar. Clique para saber mais.\",\"breadcrumb\":{\"@id\":\"https:\/\/www.suno.com.br\/noticias\/dolar-bc-intervem-cambio-conter-alta-moeda\/#breadcrumb\"},\"inLanguage\":\"pt-BR\",\"potentialAction\":[{\"@type\":\"ReadAction\",\"target\":[\"https:\/\/www.suno.com.br\/noticias\/dolar-bc-intervem-cambio-conter-alta-moeda\/\"]}]},{\"@type\":\"ImageObject\",\"inLanguage\":\"pt-BR\",\"@id\":\"https:\/\/www.suno.com.br\/noticias\/dolar-bc-intervem-cambio-conter-alta-moeda\/#primaryimage\",\"url\":\"https:\/\/files.sunoresearch.com.br\/n\/uploads\/2018\/11\/98c17b9f-d\u00f3lar-jpg.webp\",\"contentUrl\":\"https:\/\/files.sunoresearch.com.br\/n\/uploads\/2018\/11\/98c17b9f-d\u00f3lar-jpg.webp\",\"width\":960,\"height\":540,\"caption\":\"Na \u00faltima sess\u00e3o, quinta-feira (3), o d\u00f3lar encerrou em queda de 1,2569%, a R$ 5,29.\"},{\"@type\":\"BreadcrumbList\",\"@id\":\"https:\/\/www.suno.com.br\/noticias\/dolar-bc-intervem-cambio-conter-alta-moeda\/#breadcrumb\",\"itemListElement\":[{\"@type\":\"ListItem\",\"position\":1,\"name\":\"Not\u00edcias\",\"item\":\"https:\/\/www.suno.com.br\/noticias\/\"},{\"@type\":\"ListItem\",\"position\":2,\"name\":\"Economia\",\"item\":\"https:\/\/www.suno.com.br\/noticias\/economia\/\"},{\"@type\":\"ListItem\",\"position\":3,\"name\":\"D\u00f3lar: BC interv\u00e9m no mercado de c\u00e2mbio para conter alta da moeda\"}]},{\"@type\":\"WebSite\",\"@id\":\"https:\/\/www.suno.com.br\/noticias\/#website\",\"url\":\"https:\/\/www.suno.com.br\/noticias\/\",\"name\":\"Suno Not\u00edcias\",\"description\":\"Seu portal de informa\u00e7\u00e3o sobre o mundo dos investimentos\",\"publisher\":{\"@id\":\"https:\/\/www.suno.com.br\/noticias\/#organization\"},\"potentialAction\":[{\"@type\":\"SearchAction\",\"target\":{\"@type\":\"EntryPoint\",\"urlTemplate\":\"https:\/\/www.suno.com.br\/noticias\/?s={search_term_string}\"},\"query-input\":{\"@type\":\"PropertyValueSpecification\",\"valueRequired\":true,\"valueName\":\"search_term_string\"}}],\"inLanguage\":\"pt-BR\"},{\"@type\":\"Organization\",\"@id\":\"https:\/\/www.suno.com.br\/noticias\/#organization\",\"name\":\"Suno Not\u00edcias\",\"url\":\"https:\/\/www.suno.com.br\/noticias\/\",\"logo\":{\"@type\":\"ImageObject\",\"inLanguage\":\"pt-BR\",\"@id\":\"https:\/\/www.suno.com.br\/noticias\/#\/schema\/logo\/image\/\",\"url\":\"https:\/\/files.sunoresearch.com.br\/n\/uploads\/2021\/09\/suno-logo.png\",\"contentUrl\":\"https:\/\/files.sunoresearch.com.br\/n\/uploads\/2021\/09\/suno-logo.png\",\"width\":180,\"height\":180,\"caption\":\"Suno Not\u00edcias\"},\"image\":{\"@id\":\"https:\/\/www.suno.com.br\/noticias\/#\/schema\/logo\/image\/\"},\"sameAs\":[\"https:\/\/facebook.com\/sunoresearch\",\"https:\/\/x.com\/sunoresearch\",\"https:\/\/www.instagram.com\/suno\",\"https:\/\/www.linkedin.com\/company\/suno-research\/\",\"https:\/\/www.youtube.com\/c\/sunoresearch\"]},{\"@type\":\"Person\",\"@id\":\"https:\/\/www.suno.com.br\/noticias\/#\/schema\/person\/4e19e3d2575736e5283d58eb3199d120\",\"name\":\"Giovanna Oliveira\",\"image\":{\"@type\":\"ImageObject\",\"inLanguage\":\"pt-BR\",\"@id\":\"https:\/\/www.suno.com.br\/noticias\/#\/schema\/person\/image\/\",\"url\":\"https:\/\/secure.gravatar.com\/avatar\/9a37b3ae208962ac568992d0ffdbc2eb?s=96&r=g\",\"contentUrl\":\"https:\/\/secure.gravatar.com\/avatar\/9a37b3ae208962ac568992d0ffdbc2eb?s=96&r=g\",\"caption\":\"Giovanna Oliveira\"},\"description\":\"Giovanna Oliveira escreve sobre economia e pol\u00edtica. Foi rep\u00f3rter do portal de jornalismo da ESPM-SP e produziu conte\u00fado para a Corinthians TV. \u00c9 estudante da ESPM.\",\"url\":\"https:\/\/www.suno.com.br\/noticias\/author\/giovanna\/\"}]}<\/script>\n<!-- \/ Yoast SEO plugin. -->","yoast_head_json":{"title":"D\u00f3lar: BC interv\u00e9m no mercado de c\u00e2mbio para conter alta da moeda","description":"O Banco Central (BC) realizou nesta quinta-feira (13) uma interven\u00e7\u00e3o no mercado de c\u00e2mbio para conter alta do d\u00f3lar. Clique para saber mais.","robots":{"index":"index","follow":"follow","max-snippet":"max-snippet:-1","max-image-preview":"max-image-preview:large","max-video-preview":"max-video-preview:-1"},"canonical":"https:\/\/www.suno.com.br\/noticias\/dolar-bc-intervem-cambio-conter-alta-moeda\/","og_locale":"pt_BR","og_type":"article","og_title":"D\u00f3lar: BC interv\u00e9m no mercado de c\u00e2mbio para conter alta da moeda","og_description":"O Banco Central (BC) realizou nesta quinta-feira (13) uma interven\u00e7\u00e3o no mercado de c\u00e2mbio para conter alta do d\u00f3lar. Clique para saber mais.","og_url":"https:\/\/www.suno.com.br\/noticias\/dolar-bc-intervem-cambio-conter-alta-moeda\/","og_site_name":"Suno Not\u00edcias","article_publisher":"https:\/\/facebook.com\/sunoresearch","og_image":[{"width":960,"height":540,"url":"https:\/\/files.sunoresearch.com.br\/n\/uploads\/2018\/11\/98c17b9f-d\u00f3lar.jpg","type":"image\/jpeg"}],"author":"Giovanna Oliveira","twitter_card":"summary_large_image","twitter_creator":"@sunoresearch","twitter_site":"@sunoresearch","twitter_misc":{"Escrito por":"Giovanna Oliveira","Est. tempo de leitura":"2 minutos"},"schema":{"@context":"https:\/\/schema.org","@graph":[{"@type":"NewsArticle","@id":"https:\/\/www.suno.com.br\/noticias\/dolar-bc-intervem-cambio-conter-alta-moeda\/#article","isPartOf":{"@id":"https:\/\/www.suno.com.br\/noticias\/dolar-bc-intervem-cambio-conter-alta-moeda\/"},"author":{"name":"Giovanna Oliveira","@id":"https:\/\/www.suno.com.br\/noticias\/#\/schema\/person\/4e19e3d2575736e5283d58eb3199d120"},"headline":"D\u00f3lar: BC interv\u00e9m no mercado de c\u00e2mbio para conter alta da moeda","datePublished":"2020-02-13T23:07:26+00:00","dateModified":"2021-02-18T01:46:27+00:00","mainEntityOfPage":{"@id":"https:\/\/www.suno.com.br\/noticias\/dolar-bc-intervem-cambio-conter-alta-moeda\/"},"wordCount":495,"publisher":{"@id":"https:\/\/www.suno.com.br\/noticias\/#organization"},"image":{"@id":"https:\/\/www.suno.com.br\/noticias\/dolar-bc-intervem-cambio-conter-alta-moeda\/#primaryimage"},"thumbnailUrl":"https:\/\/files.sunoresearch.com.br\/n\/uploads\/2018\/11\/98c17b9f-d\u00f3lar-jpg.webp","keywords":["Banco Central (BC)","d\u00f3lar","Swap cambial"],"articleSection":["Economia"],"inLanguage":"pt-BR"},{"@type":"WebPage","@id":"https:\/\/www.suno.com.br\/noticias\/dolar-bc-intervem-cambio-conter-alta-moeda\/","url":"https:\/\/www.suno.com.br\/noticias\/dolar-bc-intervem-cambio-conter-alta-moeda\/","name":"D\u00f3lar: BC interv\u00e9m no mercado de c\u00e2mbio para conter alta da moeda","isPartOf":{"@id":"https:\/\/www.suno.com.br\/noticias\/#website"},"primaryImageOfPage":{"@id":"https:\/\/www.suno.com.br\/noticias\/dolar-bc-intervem-cambio-conter-alta-moeda\/#primaryimage"},"image":{"@id":"https:\/\/www.suno.com.br\/noticias\/dolar-bc-intervem-cambio-conter-alta-moeda\/#primaryimage"},"thumbnailUrl":"https:\/\/files.sunoresearch.com.br\/n\/uploads\/2018\/11\/98c17b9f-d\u00f3lar-jpg.webp","datePublished":"2020-02-13T23:07:26+00:00","dateModified":"2021-02-18T01:46:27+00:00","description":"O Banco Central (BC) realizou nesta quinta-feira (13) uma interven\u00e7\u00e3o no mercado de c\u00e2mbio para conter alta do d\u00f3lar. Clique para saber mais.","breadcrumb":{"@id":"https:\/\/www.suno.com.br\/noticias\/dolar-bc-intervem-cambio-conter-alta-moeda\/#breadcrumb"},"inLanguage":"pt-BR","potentialAction":[{"@type":"ReadAction","target":["https:\/\/www.suno.com.br\/noticias\/dolar-bc-intervem-cambio-conter-alta-moeda\/"]}]},{"@type":"ImageObject","inLanguage":"pt-BR","@id":"https:\/\/www.suno.com.br\/noticias\/dolar-bc-intervem-cambio-conter-alta-moeda\/#primaryimage","url":"https:\/\/files.sunoresearch.com.br\/n\/uploads\/2018\/11\/98c17b9f-d\u00f3lar-jpg.webp","contentUrl":"https:\/\/files.sunoresearch.com.br\/n\/uploads\/2018\/11\/98c17b9f-d\u00f3lar-jpg.webp","width":960,"height":540,"caption":"Na \u00faltima sess\u00e3o, quinta-feira (3), o d\u00f3lar encerrou em queda de 1,2569%, a R$ 5,29."},{"@type":"BreadcrumbList","@id":"https:\/\/www.suno.com.br\/noticias\/dolar-bc-intervem-cambio-conter-alta-moeda\/#breadcrumb","itemListElement":[{"@type":"ListItem","position":1,"name":"Not\u00edcias","item":"https:\/\/www.suno.com.br\/noticias\/"},{"@type":"ListItem","position":2,"name":"Economia","item":"https:\/\/www.suno.com.br\/noticias\/economia\/"},{"@type":"ListItem","position":3,"name":"D\u00f3lar: BC interv\u00e9m no mercado de c\u00e2mbio para conter alta da moeda"}]},{"@type":"WebSite","@id":"https:\/\/www.suno.com.br\/noticias\/#website","url":"https:\/\/www.suno.com.br\/noticias\/","name":"Suno Not\u00edcias","description":"Seu portal de informa\u00e7\u00e3o sobre o mundo dos investimentos","publisher":{"@id":"https:\/\/www.suno.com.br\/noticias\/#organization"},"potentialAction":[{"@type":"SearchAction","target":{"@type":"EntryPoint","urlTemplate":"https:\/\/www.suno.com.br\/noticias\/?s={search_term_string}"},"query-input":{"@type":"PropertyValueSpecification","valueRequired":true,"valueName":"search_term_string"}}],"inLanguage":"pt-BR"},{"@type":"Organization","@id":"https:\/\/www.suno.com.br\/noticias\/#organization","name":"Suno Not\u00edcias","url":"https:\/\/www.suno.com.br\/noticias\/","logo":{"@type":"ImageObject","inLanguage":"pt-BR","@id":"https:\/\/www.suno.com.br\/noticias\/#\/schema\/logo\/image\/","url":"https:\/\/files.sunoresearch.com.br\/n\/uploads\/2021\/09\/suno-logo.png","contentUrl":"https:\/\/files.sunoresearch.com.br\/n\/uploads\/2021\/09\/suno-logo.png","width":180,"height":180,"caption":"Suno Not\u00edcias"},"image":{"@id":"https:\/\/www.suno.com.br\/noticias\/#\/schema\/logo\/image\/"},"sameAs":["https:\/\/facebook.com\/sunoresearch","https:\/\/x.com\/sunoresearch","https:\/\/www.instagram.com\/suno","https:\/\/www.linkedin.com\/company\/suno-research\/","https:\/\/www.youtube.com\/c\/sunoresearch"]},{"@type":"Person","@id":"https:\/\/www.suno.com.br\/noticias\/#\/schema\/person\/4e19e3d2575736e5283d58eb3199d120","name":"Giovanna Oliveira","image":{"@type":"ImageObject","inLanguage":"pt-BR","@id":"https:\/\/www.suno.com.br\/noticias\/#\/schema\/person\/image\/","url":"https:\/\/secure.gravatar.com\/avatar\/9a37b3ae208962ac568992d0ffdbc2eb?s=96&r=g","contentUrl":"https:\/\/secure.gravatar.com\/avatar\/9a37b3ae208962ac568992d0ffdbc2eb?s=96&r=g","caption":"Giovanna Oliveira"},"description":"Giovanna Oliveira escreve sobre economia e pol\u00edtica. Foi rep\u00f3rter do portal de jornalismo da ESPM-SP e produziu conte\u00fado para a Corinthians TV. \u00c9 estudante da ESPM.","url":"https:\/\/www.suno.com.br\/noticias\/author\/giovanna\/"}]}},"default_loop_html":"<div class=\"cardsPage__listCard__boxs\"><div class=\"cardsPage__listCard__boxs__img\"><a href=\"https:\/\/www.suno.com.br\/noticias\/dolar-bc-intervem-cambio-conter-alta-moeda\/\"><img class=\"mask\" src=\"https:\/\/www.suno.com.br\/noticias\/wp-content\/themes\/suno\/resources\/images\/spotlight\/spotlight1img\/bg-mask.png\" alt=\"Image Mask\"\/><img src=\"https:\/\/files.sunoresearch.com.br\/n\/uploads\/2018\/11\/98c17b9f-d\u00f3lar-400x200.webp\" alt=\"D\u00f3lar: BC interv\u00e9m no mercado de c\u00e2mbio para conter alta da moeda\"\/><\/a><span class=\"spotlightCategory\"><a href=\"https:\/\/www.suno.com.br\/noticias\/economia\/\">Economia<\/a><\/span><\/div><div class=\"cardsPage__listCard__boxs__content\"><a href=\"https:\/\/www.suno.com.br\/noticias\/dolar-bc-intervem-cambio-conter-alta-moeda\/\"><h2 class=\"content__title\">D\u00f3lar: BC interv\u00e9m no mercado de c\u00e2mbio para conter alta da moeda<\/h2><\/a><div class=\"newsContent__article__meta\"><div class=\"newsContent__article__meta__authorBox\"><a href=\"https:\/\/www.suno.com.br\/noticias\/author\/giovanna\/\" class=\"authorBox__avatar noMobi\"><img src=\"https:\/\/files.sunoresearch.com.br\/n\/uploads\/2019\/06\/952a89ca-screenshot_20190608-171507-150x150.webp\" alt=\"Giovanna Oliveira\"><\/a><div class=\"authorBox__name\"><span>por\n\t\t\t<a href=\"https:\/\/www.suno.com.br\/noticias\/author\/giovanna\/\"><span itemprop=\"author\">Giovanna Oliveira<\/span><\/a><\/span><time datetime=\"2020-02-13T21:07:26-03:00\" itemprop=\"datePublished\">13\/02\/2020 21:07<\/time><\/div><\/div><\/div><\/div><\/div>","single_layout":"posts","amp_enabled":true,"_links":{"self":[{"href":"https:\/\/www.suno.com.br\/noticias\/wp-json\/wp\/v2\/posts\/53008"}],"collection":[{"href":"https:\/\/www.suno.com.br\/noticias\/wp-json\/wp\/v2\/posts"}],"about":[{"href":"https:\/\/www.suno.com.br\/noticias\/wp-json\/wp\/v2\/types\/post"}],"author":[{"embeddable":true,"href":"https:\/\/www.suno.com.br\/noticias\/wp-json\/wp\/v2\/users\/18"}],"replies":[{"embeddable":true,"href":"https:\/\/www.suno.com.br\/noticias\/wp-json\/wp\/v2\/comments?post=53008"}],"version-history":[{"count":0,"href":"https:\/\/www.suno.com.br\/noticias\/wp-json\/wp\/v2\/posts\/53008\/revisions"}],"wp:featuredmedia":[{"embeddable":true,"href":"https:\/\/www.suno.com.br\/noticias\/wp-json\/wp\/v2\/media\/7580"}],"wp:attachment":[{"href":"https:\/\/www.suno.com.br\/noticias\/wp-json\/wp\/v2\/media?parent=53008"}],"wp:term":[{"taxonomy":"category","embeddable":true,"href":"https:\/\/www.suno.com.br\/noticias\/wp-json\/wp\/v2\/categories?post=53008"},{"taxonomy":"post_tag","embeddable":true,"href":"https:\/\/www.suno.com.br\/noticias\/wp-json\/wp\/v2\/tags?post=53008"},{"taxonomy":"suno_strategy","embeddable":true,"href":"https:\/\/www.suno.com.br\/noticias\/wp-json\/wp\/v2\/suno_strategy?post=53008"}],"curies":[{"name":"wp","href":"https:\/\/api.w.org\/{rel}","templated":true}]}}