{"id":52999,"date":"2020-02-15T18:04:08","date_gmt":"2020-02-15T20:04:08","guid":{"rendered":"https:\/\/www.suno.com.br\/noticias\/?p=52999"},"modified":"2020-02-15T18:04:08","modified_gmt":"2020-02-15T20:04:08","slug":"mercado-esta-testando-o-bc-sobre-dolar-diz-economista-da-infinity-asset","status":"publish","type":"post","link":"https:\/\/www.suno.com.br\/noticias\/mercado-esta-testando-o-bc-sobre-dolar-diz-economista-da-infinity-asset\/","title":{"rendered":"Mercado est\u00e1 testando o BC sobre d\u00f3lar, diz economista da Infinity Asset"},"content":{"rendered":"<p>Nos \u00faltimos dias o <strong>d\u00f3lar<\/strong> passou a marca dos R$ 4,35. Um recorde hist\u00f3rico. A valoriza\u00e7\u00e3o da moeda dos <strong>Estados Unidos<\/strong> em rela\u00e7\u00e3o ao real teve uma s\u00e9rie de causas, entre as quais o fraco desempenho da economia brasileira, os temores sobre os impactos econ\u00f4micos do coronav\u00edrus e tamb\u00e9m um defluxo de d\u00f3lares do Brasil para o exterior.<\/p>\t<div class=\"wrapper-featured-image\">\n\t\t<figure class=\"spotlightImg\">\n\n\t\t\t<picture>\n\t\t\t\t<source media=\"(max-width: 768px)\" srcset=\"https:\/\/files.sunoresearch.com.br\/n\/uploads\/2019\/04\/74ae7d56-d\u00f3lar-400x200.webp\">\n\t\t\t\t<img loading=\"lazy\" decoding=\"async\" class=\"newsContent__article__imgCapa lazyloadDisabled newsContent__article__imgCapa--noCaption\" src=\"https:\/\/files.sunoresearch.com.br\/n\/uploads\/2019\/04\/74ae7d56-d\u00f3lar-800x450.webp\" width=\"800\" height=\"450\" alt=\"Mercado est\u00e1 testando o BC sobre d\u00f3lar, diz economista da Infinity Asset\" fetchpriority=high \/>\n\t\t\t<\/picture>\n\n\t\t\t<figcaption class=\"wp-caption-text wp-caption-text--hide\">Na \u00faltima sess\u00e3o, ter\u00e7a-feira (1), o d\u00f3lar encerrou o primeiro dia do m\u00eas de setembro com queda de 1,75%, negociado a R$ 5,3845.<\/figcaption>\n\t\t<\/figure>\n\t<\/div>\n\n\n\n<p>Para tentar conter a alta do d\u00f3lar o <strong><a href=\"https:\/\/www.suno.com.br\/artigos\/bacen\/\">Banco Central (BC)<\/a> <\/strong>decidiu intervir na \u00faltima quinta-feira (13), realizando uma interven\u00e7\u00e3o no mercado de c\u00e2mbio. A institui\u00e7\u00e3o monet\u00e1ria central ofereceu no mercado 20 mil contratos de <a href=\"https:\/\/www.suno.com.br\/artigos\/swap-cambial\/\">swap cambial<\/a>.<\/p>\n<p>A venda teve um valor de US$ 1 bilh\u00e3o, com vencimento em agosto, outubro e dezembro 2020. Al\u00e9m disso, o Banco Central tamb\u00e9m ofertou 13 mil contratos com rolagem em abril. Entretanto, somente 10,5 mil foram adquiridos no preg\u00e3o.<\/p>\n<p>No dia seguinte, sexta-feira (14), o BC interveio mais uma vez, ofertando mais swaps por um valor de US$ 1 bilh\u00e3o.<\/p>\n\t<p>\n\t\t<a href=\"https:\/\/lp.suno.com.br\/planilha-controle-gastos\/\" target=\"_blank\" data-element=\"shortcode-suno-banner\" title=\"Banner SUNO, clique e saiba mais\">\n\t\t\t<picture>\n\t\t\t\t<source media=\"(max-width: 500px)\" srcset=\"https:\/\/files.sunoresearch.com.br\/n\/uploads\/2023\/03\/400x300-Planilha-controle-de-gastos.png\">\n\t\t\t\t<img class=\"newsContent__article__imgCapa newsContent__article__imgCapa--banner\"\n\t\t\t\t\tsrc=\"https:\/\/files.sunoresearch.com.br\/n\/uploads\/2023\/03\/1420x240-Planilha-controle-de-gastos.png\"\n\t\t\t\t\tdata-promo-id=\"102417\"\t\t\t\t\t\t\t\t\t\twidth='1420' height='240'\t\t\t\t\talt=\"https:\/\/files.sunoresearch.com.br\/n\/uploads\/2023\/03\/1420x240-Planilha-controle-de-gastos.png\"\n\t\t\t\t>\n\t\t\t<\/picture>\n\t\t<\/a>\n\t<\/p>\n\n\n<p>Segundo <strong>Jason Vieira,<\/strong> Economista Chefe da Infinity Asset, o mercado estava &#8220;testando os limites do Banco Central, principalmente em termos de alta do d\u00f3lar&#8221;.<\/p>\n<p><img loading=\"lazy\" decoding=\"async\" class=\" wp-image-53216 aligncenter\" src=\"https:\/\/storage.googleapis.com\/wp-noticias\/2020\/02\/14036bac-jason-vieira-infinity-dolar-300x223.png\" alt=\"\" width=\"396\" height=\"296\" \/><\/p>\n<p style=\"text-align: center;\">Jason Vieira, Economista Chefe da Infinity Asset<\/p>\n<p>&#8220;Acho que o andamento foi muito estranho nos \u00faltimos dias. O mercado testando os limites do Banco Central principalmente em termos de alta do d\u00f3lar. Havia posi\u00e7\u00f5es vendidas mais aceleradas, depois posi\u00e7\u00f5es compradas, at\u00e9 fluxo positivo n\u00e3o fez o real se valorizar. foi algo peculiar&#8221;, explicou o economista ao <strong>SUNO Not\u00edcias.<\/strong><\/p>\n<h2>Guedes ajuda a alta do d\u00f3lar<\/h2>\n<p>Segundo Vieira, uma das causas que levaram tamb\u00e9m o d\u00f3lar a se valorizar foi o discurso do ministro da Economia, <a href=\"https:\/\/www.suno.com.br\/tudo-sobre\/paulo-guedes\/\"><strong>Paulo Guedes<\/strong><\/a>, que sinalizou que o governo n\u00e3o interviria no mercado do c\u00e2mbio mesmo com essa alta. Um discurso que gerou pol\u00eamicas pois falou das &#8220;empregadas dom\u00e9sticas&#8221; indo para a Disney gra\u00e7as ao d\u00f3lar barato.<\/p>\n<p>Para Vieira, esse foi um &#8220;desastre de comunica\u00e7\u00e3o&#8221;, que levou o mercado a apostar em mais valoriza\u00e7\u00e3o do d\u00f3lar. &#8220;Essa situa\u00e7\u00e3o obrigou o Banco Central a colocar um limite. Mas o mercado testou o BC e vai continuar testando. N\u00e3o foi um movimento inerte&#8221;, explicou o economista.<\/p>\n<p>Sobre futuras interven\u00e7\u00f5es do BC, Vieira salientou como &#8220;n\u00e3o h\u00e1 nada de garantido&#8221;. &#8220;N\u00e3o h\u00e1 nenhum sinal que mostre que o BC parou de atuar no mercado. Quinta e sexta foi um mercado relativamente esvaziado. Se tinha a impress\u00e3o que os operadores estivessem esperando um pouco mais antes de atuar de novo&#8221;, disse o economista.<\/p>\n<p>Vieira indicou nos riscos ligados a epidemia de coronav\u00edrus a raz\u00e3o dessa valoriza\u00e7\u00e3o da moeda norte-americana frente ao real. &#8220;Esse \u00e9 um movimento que est\u00e1 se desenhando h\u00e1 um tempo, e em especial com a situa\u00e7\u00e3o do coronav\u00edrus. Desde a pequena valoriza\u00e7\u00e3o do real no final do ano passado, em janeiro nossa moeda j\u00e1 come\u00e7ou a &#8216;apanhar&#8217;. A volatilidade do real \u00e9 superior a m\u00e9dia internacional das moedas emergentes&#8221;, declarou o economista, &#8220;A <a href=\"https:\/\/www.suno.com.br\/artigos\/taxa-selic\/\"><strong>taxa b\u00e1sica de juros (Selic)<\/strong><\/a> t\u00e3o baixa tamb\u00e9m elimina o diferencial com os juros internacionais, o que inibe o <a href=\"https:\/\/www.suno.com.br\/artigos\/carry-trade\/\"><strong>carry trade<\/strong><\/a>, que tanto ajudou o real no passado&#8221;.<\/p>\n<p><a href=\"https:\/\/www.suno.com.br\/noticias\/dolar-bc-intervem-cambio-conter-alta-moeda\/\">Saiba mais: D\u00f3lar abre em queda ap\u00f3s realiza\u00e7\u00e3o de swaps cambiais pelo BC<\/a><\/p>\n<p>Sobre o coronav\u00edrus, para o Vieira \u00e9 imposs\u00edvel prever o impacto dessa epidemia na atividade econ\u00f4mica global, sobre o fluxo de com\u00e9rcio e de investimentos. &#8220;Em caso de colapso da economia chinesa, o c\u00e2mbio com o d\u00f3lar ser\u00e1 obviamente afetado. E n\u00e3o sabemos at\u00e9 agora qual o real impacto dentro da China dessa epidemia&#8221;, declarou o economista, explicando como esse clima de incerteza apavora os mercados, levando para o alto a cota\u00e7\u00e3o da moeda dos EUA.<\/p>\n<h2>Capitais estrangeiros aguardando as reformas<\/h2>\n<p>Por outro lado, os <a href=\"https:\/\/www.suno.com.br\/artigos\/investimento-estrangeiro-direto-ied\/\"><strong>capitais internacionais<\/strong><\/a> n\u00e3o est\u00e3o entrando no Brasil pois &#8220;est\u00e3o aguardando mais avan\u00e7os em rela\u00e7\u00e3o as reformas&#8221;. &#8220;Os investidores est\u00e3o de olho no Congresso, na reforma tribut\u00e1ria, na PEC do saneamento. Dois pontos praticamente fundamentais para dar impulso ao c\u00e2mbio&#8221;, indicou Vieira.<\/p>\n\t<p>\n\t\t<a href=\"https:\/\/lp.suno.com.br\/ebook-investindo-em-dividendos\/\" target=\"_blank\" data-element=\"shortcode-suno-banner\" title=\"Banner SUNO, clique e saiba mais\">\n\t\t\t<picture>\n\t\t\t\t<source media=\"(max-width: 500px)\" srcset=\"https:\/\/files.sunoresearch.com.br\/n\/uploads\/2023\/03\/400x300-Dividendos.png\">\n\t\t\t\t<img class=\"newsContent__article__imgCapa newsContent__article__imgCapa--banner\"\n\t\t\t\t\tsrc=\"https:\/\/files.sunoresearch.com.br\/n\/uploads\/2023\/03\/1420x240-Dividendos.png\"\n\t\t\t\t\tdata-promo-id=\"383163\"\t\t\t\t\t\t\t\t\t\twidth='1420' height='240'\t\t\t\t\talt=\"https:\/\/files.sunoresearch.com.br\/n\/uploads\/2023\/03\/1420x240-Dividendos.png\"\n\t\t\t\t>\n\t\t\t<\/picture>\n\t\t<\/a>\n\t<\/p>\n\n\n<p>&#8220;A expectativa m\u00e9dia \u00e9 de um retorno do investidor estrangeiro no Brasil, princialmente para projetos de infraestrutura. E esse investimento permitir\u00e1 que o real se valorize. Mas tudo depende das reformas&#8221;, declarou o economista.<\/p>\n<p><a href=\"https:\/\/www.suno.com.br\/noticias\/dolar-swaps-ibc-br-desemprego-14022020\/\">Saiba mais: D\u00f3lar abre em queda ap\u00f3s realiza\u00e7\u00e3o de swaps cambiais pelo BC<\/a><\/p>\n<p>Segundo Vieira, a <a href=\"https:\/\/www.suno.com.br\/artigos\/b3\/\"><strong>Bolsa de Valores<\/strong><\/a> tamb\u00e9m \u00e9 afetada por esse escasso interesse dos investidores estrangeiros, pois eles est\u00e3o tentando entender qual \u00e9 o limite m\u00e1ximo de desvaloriza\u00e7\u00e3o da divisa para comprar a\u00e7\u00f5es. &#8220;Eles precisam de um ponto de entrada, mas devem visualizar at\u00e9 que ponto o real vai se desvalorizar, sen\u00e3o v\u00e3o ficar por fora&#8221;, explicou o economista, &#8220;O estrangeiro vai precificar a entrada quando ver estabilidade ou quando ver a resist\u00eancia. Depois das ultimas falas do Guedes o <strong>d\u00f3lar<\/strong> poderia chegar teoricamente a qualquer valor&#8221;.<\/p>\n\n","protected":false},"excerpt":{"rendered":"<p>Nos \u00faltimos dias o d\u00f3lar passou a marca dos R$ 4,35. Um recorde hist\u00f3rico. A valoriza\u00e7\u00e3o da moeda dos Estados Unidos em rela\u00e7\u00e3o ao real teve uma s\u00e9rie de causas, entre as quais o fraco desempenho da economia brasileira, os temores sobre os impactos econ\u00f4micos do coronav\u00edrus e tamb\u00e9m um defluxo de d\u00f3lares do Brasil [&hellip;]<\/p>\n","protected":false},"author":9,"featured_media":21796,"comment_status":"closed","ping_status":"closed","sticky":false,"template":"","format":"standard","meta":[],"categories":[60],"tags":[711,2487,326],"suno_strategy":[],"class_list":["post-52999","post","type-post","status-publish","format-standard","has-post-thumbnail","hentry","category-mercado","tag-china","tag-coronavirus","tag-dolar"],"yoast_head":"<!-- This site is optimized with the Yoast SEO plugin v24.4 - https:\/\/yoast.com\/wordpress\/plugins\/seo\/ -->\n<title>Mercado est\u00e1 testando o BC sobre d\u00f3lar, diz economista da Infinity Asset<\/title>\n<meta name=\"description\" content=\"Para Jason Vieira, Economista Chefe da Infinity Asset, o d\u00f3lar poderia se valorizar mais por uma s\u00e9rie de fatores. Clique aqui e saiba mais.\" \/>\n<meta name=\"robots\" content=\"index, follow, max-snippet:-1, max-image-preview:large, max-video-preview:-1\" \/>\n<link rel=\"canonical\" href=\"https:\/\/www.suno.com.br\/noticias\/mercado-esta-testando-o-bc-sobre-dolar-diz-economista-da-infinity-asset\/\" \/>\n<meta property=\"og:locale\" content=\"pt_BR\" \/>\n<meta property=\"og:type\" content=\"article\" \/>\n<meta property=\"og:title\" content=\"Mercado est\u00e1 testando o BC sobre d\u00f3lar, diz economista da Infinity Asset\" \/>\n<meta property=\"og:description\" content=\"Para Jason Vieira, Economista Chefe da Infinity Asset, o d\u00f3lar poderia se valorizar mais por uma s\u00e9rie de fatores. Clique aqui e saiba mais.\" \/>\n<meta property=\"og:url\" content=\"https:\/\/www.suno.com.br\/noticias\/mercado-esta-testando-o-bc-sobre-dolar-diz-economista-da-infinity-asset\/\" \/>\n<meta property=\"og:site_name\" content=\"Suno Not\u00edcias\" \/>\n<meta property=\"article:publisher\" content=\"https:\/\/facebook.com\/sunoresearch\" \/>\n<meta property=\"og:image\" content=\"https:\/\/files.sunoresearch.com.br\/n\/uploads\/2019\/04\/74ae7d56-d\u00f3lar.jpg\" \/>\n\t<meta property=\"og:image:width\" content=\"3000\" \/>\n\t<meta property=\"og:image:height\" content=\"2000\" \/>\n\t<meta property=\"og:image:type\" content=\"image\/jpeg\" \/>\n<meta name=\"author\" content=\"Carlo Cauti\" \/>\n<meta name=\"twitter:card\" content=\"summary_large_image\" \/>\n<meta name=\"twitter:creator\" content=\"@sunoresearch\" \/>\n<meta name=\"twitter:site\" content=\"@sunoresearch\" \/>\n<meta name=\"twitter:label1\" content=\"Escrito por\" \/>\n\t<meta name=\"twitter:data1\" content=\"Carlo Cauti\" \/>\n\t<meta name=\"twitter:label2\" content=\"Est. tempo de leitura\" \/>\n\t<meta name=\"twitter:data2\" content=\"4 minutos\" \/>\n<script type=\"application\/ld+json\" class=\"yoast-schema-graph\">{\"@context\":\"https:\/\/schema.org\",\"@graph\":[{\"@type\":\"NewsArticle\",\"@id\":\"https:\/\/www.suno.com.br\/noticias\/mercado-esta-testando-o-bc-sobre-dolar-diz-economista-da-infinity-asset\/#article\",\"isPartOf\":{\"@id\":\"https:\/\/www.suno.com.br\/noticias\/mercado-esta-testando-o-bc-sobre-dolar-diz-economista-da-infinity-asset\/\"},\"author\":{\"name\":\"Carlo Cauti\",\"@id\":\"https:\/\/www.suno.com.br\/noticias\/#\/schema\/person\/e6e0f723cc177805027f4566c1d5e0c8\"},\"headline\":\"Mercado est\u00e1 testando o BC sobre d\u00f3lar, diz economista da Infinity Asset\",\"datePublished\":\"2020-02-15T20:04:08+00:00\",\"mainEntityOfPage\":{\"@id\":\"https:\/\/www.suno.com.br\/noticias\/mercado-esta-testando-o-bc-sobre-dolar-diz-economista-da-infinity-asset\/\"},\"wordCount\":872,\"publisher\":{\"@id\":\"https:\/\/www.suno.com.br\/noticias\/#organization\"},\"image\":{\"@id\":\"https:\/\/www.suno.com.br\/noticias\/mercado-esta-testando-o-bc-sobre-dolar-diz-economista-da-infinity-asset\/#primaryimage\"},\"thumbnailUrl\":\"https:\/\/files.sunoresearch.com.br\/n\/uploads\/2019\/04\/74ae7d56-d\u00f3lar-scaled.webp\",\"keywords\":[\"China\",\"coronav\u00edrus\",\"d\u00f3lar\"],\"articleSection\":[\"Mercado\"],\"inLanguage\":\"pt-BR\"},{\"@type\":\"WebPage\",\"@id\":\"https:\/\/www.suno.com.br\/noticias\/mercado-esta-testando-o-bc-sobre-dolar-diz-economista-da-infinity-asset\/\",\"url\":\"https:\/\/www.suno.com.br\/noticias\/mercado-esta-testando-o-bc-sobre-dolar-diz-economista-da-infinity-asset\/\",\"name\":\"Mercado est\u00e1 testando o BC sobre d\u00f3lar, diz economista da Infinity Asset\",\"isPartOf\":{\"@id\":\"https:\/\/www.suno.com.br\/noticias\/#website\"},\"primaryImageOfPage\":{\"@id\":\"https:\/\/www.suno.com.br\/noticias\/mercado-esta-testando-o-bc-sobre-dolar-diz-economista-da-infinity-asset\/#primaryimage\"},\"image\":{\"@id\":\"https:\/\/www.suno.com.br\/noticias\/mercado-esta-testando-o-bc-sobre-dolar-diz-economista-da-infinity-asset\/#primaryimage\"},\"thumbnailUrl\":\"https:\/\/files.sunoresearch.com.br\/n\/uploads\/2019\/04\/74ae7d56-d\u00f3lar-scaled.webp\",\"datePublished\":\"2020-02-15T20:04:08+00:00\",\"description\":\"Para Jason Vieira, Economista Chefe da Infinity Asset, o d\u00f3lar poderia se valorizar mais por uma s\u00e9rie de fatores. Clique aqui e saiba mais.\",\"breadcrumb\":{\"@id\":\"https:\/\/www.suno.com.br\/noticias\/mercado-esta-testando-o-bc-sobre-dolar-diz-economista-da-infinity-asset\/#breadcrumb\"},\"inLanguage\":\"pt-BR\",\"potentialAction\":[{\"@type\":\"ReadAction\",\"target\":[\"https:\/\/www.suno.com.br\/noticias\/mercado-esta-testando-o-bc-sobre-dolar-diz-economista-da-infinity-asset\/\"]}]},{\"@type\":\"ImageObject\",\"inLanguage\":\"pt-BR\",\"@id\":\"https:\/\/www.suno.com.br\/noticias\/mercado-esta-testando-o-bc-sobre-dolar-diz-economista-da-infinity-asset\/#primaryimage\",\"url\":\"https:\/\/files.sunoresearch.com.br\/n\/uploads\/2019\/04\/74ae7d56-d\u00f3lar-scaled.webp\",\"contentUrl\":\"https:\/\/files.sunoresearch.com.br\/n\/uploads\/2019\/04\/74ae7d56-d\u00f3lar-scaled.webp\",\"width\":2560,\"height\":1707,\"caption\":\"Na \u00faltima sess\u00e3o, ter\u00e7a-feira (1), o d\u00f3lar encerrou o primeiro dia do m\u00eas de setembro com queda de 1,75%, negociado a R$ 5,3845.\"},{\"@type\":\"BreadcrumbList\",\"@id\":\"https:\/\/www.suno.com.br\/noticias\/mercado-esta-testando-o-bc-sobre-dolar-diz-economista-da-infinity-asset\/#breadcrumb\",\"itemListElement\":[{\"@type\":\"ListItem\",\"position\":1,\"name\":\"Not\u00edcias\",\"item\":\"https:\/\/www.suno.com.br\/noticias\/\"},{\"@type\":\"ListItem\",\"position\":2,\"name\":\"Mercado\",\"item\":\"https:\/\/www.suno.com.br\/noticias\/mercado\/\"},{\"@type\":\"ListItem\",\"position\":3,\"name\":\"Mercado est\u00e1 testando o BC sobre d\u00f3lar, diz economista da Infinity Asset\"}]},{\"@type\":\"WebSite\",\"@id\":\"https:\/\/www.suno.com.br\/noticias\/#website\",\"url\":\"https:\/\/www.suno.com.br\/noticias\/\",\"name\":\"Suno Not\u00edcias\",\"description\":\"Seu portal de informa\u00e7\u00e3o sobre o mundo dos investimentos\",\"publisher\":{\"@id\":\"https:\/\/www.suno.com.br\/noticias\/#organization\"},\"potentialAction\":[{\"@type\":\"SearchAction\",\"target\":{\"@type\":\"EntryPoint\",\"urlTemplate\":\"https:\/\/www.suno.com.br\/noticias\/?s={search_term_string}\"},\"query-input\":{\"@type\":\"PropertyValueSpecification\",\"valueRequired\":true,\"valueName\":\"search_term_string\"}}],\"inLanguage\":\"pt-BR\"},{\"@type\":\"Organization\",\"@id\":\"https:\/\/www.suno.com.br\/noticias\/#organization\",\"name\":\"Suno Not\u00edcias\",\"url\":\"https:\/\/www.suno.com.br\/noticias\/\",\"logo\":{\"@type\":\"ImageObject\",\"inLanguage\":\"pt-BR\",\"@id\":\"https:\/\/www.suno.com.br\/noticias\/#\/schema\/logo\/image\/\",\"url\":\"https:\/\/files.sunoresearch.com.br\/n\/uploads\/2021\/09\/suno-logo.png\",\"contentUrl\":\"https:\/\/files.sunoresearch.com.br\/n\/uploads\/2021\/09\/suno-logo.png\",\"width\":180,\"height\":180,\"caption\":\"Suno Not\u00edcias\"},\"image\":{\"@id\":\"https:\/\/www.suno.com.br\/noticias\/#\/schema\/logo\/image\/\"},\"sameAs\":[\"https:\/\/facebook.com\/sunoresearch\",\"https:\/\/x.com\/sunoresearch\",\"https:\/\/www.instagram.com\/suno\",\"https:\/\/www.linkedin.com\/company\/suno-research\/\",\"https:\/\/www.youtube.com\/c\/sunoresearch\"]},{\"@type\":\"Person\",\"@id\":\"https:\/\/www.suno.com.br\/noticias\/#\/schema\/person\/e6e0f723cc177805027f4566c1d5e0c8\",\"name\":\"Carlo Cauti\",\"image\":{\"@type\":\"ImageObject\",\"inLanguage\":\"pt-BR\",\"@id\":\"https:\/\/www.suno.com.br\/noticias\/#\/schema\/person\/image\/\",\"url\":\"https:\/\/secure.gravatar.com\/avatar\/3ada9e0bd164c23abd4792a9606d583c?s=96&r=g\",\"contentUrl\":\"https:\/\/secure.gravatar.com\/avatar\/3ada9e0bd164c23abd4792a9606d583c?s=96&r=g\",\"caption\":\"Carlo Cauti\"},\"description\":\"Editor multim\u00eddia do SUNO Not\u00edcias. Italiano, formado em Ci\u00eancias Pol\u00edticas pela universidade LUISS G. Carli de Roma e mestre cum laude em Rela\u00e7\u00f5es Internacionais, Jornalismo Internacional e de Guerra e em Economia Internacional. Concluiu tamb\u00e9m um MBA em Finan\u00e7as na B3. No Brasil, teve passagem por ve\u00edculos como Estad\u00e3o, Globo, Veja e EXAME. e nas ag\u00eancias de not\u00edcias italianas ANSA e NOVA.\",\"url\":\"https:\/\/www.suno.com.br\/noticias\/author\/carlo-cauti\/\"}]}<\/script>\n<!-- \/ Yoast SEO plugin. -->","yoast_head_json":{"title":"Mercado est\u00e1 testando o BC sobre d\u00f3lar, diz economista da Infinity Asset","description":"Para Jason Vieira, Economista Chefe da Infinity Asset, o d\u00f3lar poderia se valorizar mais por uma s\u00e9rie de fatores. Clique aqui e saiba mais.","robots":{"index":"index","follow":"follow","max-snippet":"max-snippet:-1","max-image-preview":"max-image-preview:large","max-video-preview":"max-video-preview:-1"},"canonical":"https:\/\/www.suno.com.br\/noticias\/mercado-esta-testando-o-bc-sobre-dolar-diz-economista-da-infinity-asset\/","og_locale":"pt_BR","og_type":"article","og_title":"Mercado est\u00e1 testando o BC sobre d\u00f3lar, diz economista da Infinity Asset","og_description":"Para Jason Vieira, Economista Chefe da Infinity Asset, o d\u00f3lar poderia se valorizar mais por uma s\u00e9rie de fatores. Clique aqui e saiba mais.","og_url":"https:\/\/www.suno.com.br\/noticias\/mercado-esta-testando-o-bc-sobre-dolar-diz-economista-da-infinity-asset\/","og_site_name":"Suno Not\u00edcias","article_publisher":"https:\/\/facebook.com\/sunoresearch","og_image":[{"width":3000,"height":2000,"url":"https:\/\/files.sunoresearch.com.br\/n\/uploads\/2019\/04\/74ae7d56-d\u00f3lar.jpg","type":"image\/jpeg"}],"author":"Carlo Cauti","twitter_card":"summary_large_image","twitter_creator":"@sunoresearch","twitter_site":"@sunoresearch","twitter_misc":{"Escrito por":"Carlo Cauti","Est. tempo de leitura":"4 minutos"},"schema":{"@context":"https:\/\/schema.org","@graph":[{"@type":"NewsArticle","@id":"https:\/\/www.suno.com.br\/noticias\/mercado-esta-testando-o-bc-sobre-dolar-diz-economista-da-infinity-asset\/#article","isPartOf":{"@id":"https:\/\/www.suno.com.br\/noticias\/mercado-esta-testando-o-bc-sobre-dolar-diz-economista-da-infinity-asset\/"},"author":{"name":"Carlo Cauti","@id":"https:\/\/www.suno.com.br\/noticias\/#\/schema\/person\/e6e0f723cc177805027f4566c1d5e0c8"},"headline":"Mercado est\u00e1 testando o BC sobre d\u00f3lar, diz economista da Infinity Asset","datePublished":"2020-02-15T20:04:08+00:00","mainEntityOfPage":{"@id":"https:\/\/www.suno.com.br\/noticias\/mercado-esta-testando-o-bc-sobre-dolar-diz-economista-da-infinity-asset\/"},"wordCount":872,"publisher":{"@id":"https:\/\/www.suno.com.br\/noticias\/#organization"},"image":{"@id":"https:\/\/www.suno.com.br\/noticias\/mercado-esta-testando-o-bc-sobre-dolar-diz-economista-da-infinity-asset\/#primaryimage"},"thumbnailUrl":"https:\/\/files.sunoresearch.com.br\/n\/uploads\/2019\/04\/74ae7d56-d\u00f3lar-scaled.webp","keywords":["China","coronav\u00edrus","d\u00f3lar"],"articleSection":["Mercado"],"inLanguage":"pt-BR"},{"@type":"WebPage","@id":"https:\/\/www.suno.com.br\/noticias\/mercado-esta-testando-o-bc-sobre-dolar-diz-economista-da-infinity-asset\/","url":"https:\/\/www.suno.com.br\/noticias\/mercado-esta-testando-o-bc-sobre-dolar-diz-economista-da-infinity-asset\/","name":"Mercado est\u00e1 testando o BC sobre d\u00f3lar, diz economista da Infinity Asset","isPartOf":{"@id":"https:\/\/www.suno.com.br\/noticias\/#website"},"primaryImageOfPage":{"@id":"https:\/\/www.suno.com.br\/noticias\/mercado-esta-testando-o-bc-sobre-dolar-diz-economista-da-infinity-asset\/#primaryimage"},"image":{"@id":"https:\/\/www.suno.com.br\/noticias\/mercado-esta-testando-o-bc-sobre-dolar-diz-economista-da-infinity-asset\/#primaryimage"},"thumbnailUrl":"https:\/\/files.sunoresearch.com.br\/n\/uploads\/2019\/04\/74ae7d56-d\u00f3lar-scaled.webp","datePublished":"2020-02-15T20:04:08+00:00","description":"Para Jason Vieira, Economista Chefe da Infinity Asset, o d\u00f3lar poderia se valorizar mais por uma s\u00e9rie de fatores. Clique aqui e saiba mais.","breadcrumb":{"@id":"https:\/\/www.suno.com.br\/noticias\/mercado-esta-testando-o-bc-sobre-dolar-diz-economista-da-infinity-asset\/#breadcrumb"},"inLanguage":"pt-BR","potentialAction":[{"@type":"ReadAction","target":["https:\/\/www.suno.com.br\/noticias\/mercado-esta-testando-o-bc-sobre-dolar-diz-economista-da-infinity-asset\/"]}]},{"@type":"ImageObject","inLanguage":"pt-BR","@id":"https:\/\/www.suno.com.br\/noticias\/mercado-esta-testando-o-bc-sobre-dolar-diz-economista-da-infinity-asset\/#primaryimage","url":"https:\/\/files.sunoresearch.com.br\/n\/uploads\/2019\/04\/74ae7d56-d\u00f3lar-scaled.webp","contentUrl":"https:\/\/files.sunoresearch.com.br\/n\/uploads\/2019\/04\/74ae7d56-d\u00f3lar-scaled.webp","width":2560,"height":1707,"caption":"Na \u00faltima sess\u00e3o, ter\u00e7a-feira (1), o d\u00f3lar encerrou o primeiro dia do m\u00eas de setembro com queda de 1,75%, negociado a R$ 5,3845."},{"@type":"BreadcrumbList","@id":"https:\/\/www.suno.com.br\/noticias\/mercado-esta-testando-o-bc-sobre-dolar-diz-economista-da-infinity-asset\/#breadcrumb","itemListElement":[{"@type":"ListItem","position":1,"name":"Not\u00edcias","item":"https:\/\/www.suno.com.br\/noticias\/"},{"@type":"ListItem","position":2,"name":"Mercado","item":"https:\/\/www.suno.com.br\/noticias\/mercado\/"},{"@type":"ListItem","position":3,"name":"Mercado est\u00e1 testando o BC sobre d\u00f3lar, diz economista da Infinity Asset"}]},{"@type":"WebSite","@id":"https:\/\/www.suno.com.br\/noticias\/#website","url":"https:\/\/www.suno.com.br\/noticias\/","name":"Suno Not\u00edcias","description":"Seu portal de informa\u00e7\u00e3o sobre o mundo dos investimentos","publisher":{"@id":"https:\/\/www.suno.com.br\/noticias\/#organization"},"potentialAction":[{"@type":"SearchAction","target":{"@type":"EntryPoint","urlTemplate":"https:\/\/www.suno.com.br\/noticias\/?s={search_term_string}"},"query-input":{"@type":"PropertyValueSpecification","valueRequired":true,"valueName":"search_term_string"}}],"inLanguage":"pt-BR"},{"@type":"Organization","@id":"https:\/\/www.suno.com.br\/noticias\/#organization","name":"Suno Not\u00edcias","url":"https:\/\/www.suno.com.br\/noticias\/","logo":{"@type":"ImageObject","inLanguage":"pt-BR","@id":"https:\/\/www.suno.com.br\/noticias\/#\/schema\/logo\/image\/","url":"https:\/\/files.sunoresearch.com.br\/n\/uploads\/2021\/09\/suno-logo.png","contentUrl":"https:\/\/files.sunoresearch.com.br\/n\/uploads\/2021\/09\/suno-logo.png","width":180,"height":180,"caption":"Suno Not\u00edcias"},"image":{"@id":"https:\/\/www.suno.com.br\/noticias\/#\/schema\/logo\/image\/"},"sameAs":["https:\/\/facebook.com\/sunoresearch","https:\/\/x.com\/sunoresearch","https:\/\/www.instagram.com\/suno","https:\/\/www.linkedin.com\/company\/suno-research\/","https:\/\/www.youtube.com\/c\/sunoresearch"]},{"@type":"Person","@id":"https:\/\/www.suno.com.br\/noticias\/#\/schema\/person\/e6e0f723cc177805027f4566c1d5e0c8","name":"Carlo Cauti","image":{"@type":"ImageObject","inLanguage":"pt-BR","@id":"https:\/\/www.suno.com.br\/noticias\/#\/schema\/person\/image\/","url":"https:\/\/secure.gravatar.com\/avatar\/3ada9e0bd164c23abd4792a9606d583c?s=96&r=g","contentUrl":"https:\/\/secure.gravatar.com\/avatar\/3ada9e0bd164c23abd4792a9606d583c?s=96&r=g","caption":"Carlo Cauti"},"description":"Editor multim\u00eddia do SUNO Not\u00edcias. Italiano, formado em Ci\u00eancias Pol\u00edticas pela universidade LUISS G. Carli de Roma e mestre cum laude em Rela\u00e7\u00f5es Internacionais, Jornalismo Internacional e de Guerra e em Economia Internacional. Concluiu tamb\u00e9m um MBA em Finan\u00e7as na B3. No Brasil, teve passagem por ve\u00edculos como Estad\u00e3o, Globo, Veja e EXAME. e nas ag\u00eancias de not\u00edcias italianas ANSA e NOVA.","url":"https:\/\/www.suno.com.br\/noticias\/author\/carlo-cauti\/"}]}},"default_loop_html":"<div class=\"cardsPage__listCard__boxs\"><div class=\"cardsPage__listCard__boxs__img\"><a href=\"https:\/\/www.suno.com.br\/noticias\/mercado-esta-testando-o-bc-sobre-dolar-diz-economista-da-infinity-asset\/\"><img class=\"mask\" src=\"https:\/\/www.suno.com.br\/noticias\/wp-content\/themes\/suno\/resources\/images\/spotlight\/spotlight1img\/bg-mask.png\" alt=\"Image Mask\"\/><img src=\"https:\/\/files.sunoresearch.com.br\/n\/uploads\/2019\/04\/74ae7d56-d\u00f3lar-400x200.webp\" alt=\"Mercado est\u00e1 testando o BC sobre d\u00f3lar, diz economista da Infinity Asset\"\/><\/a><span class=\"spotlightCategory\"><a href=\"https:\/\/www.suno.com.br\/noticias\/mercado\/\">Mercado<\/a><\/span><\/div><div class=\"cardsPage__listCard__boxs__content\"><a href=\"https:\/\/www.suno.com.br\/noticias\/mercado-esta-testando-o-bc-sobre-dolar-diz-economista-da-infinity-asset\/\"><h2 class=\"content__title\">Mercado est\u00e1 testando o BC sobre d\u00f3lar, diz economista da Infinity Asset<\/h2><\/a><div class=\"newsContent__article__meta\"><div class=\"newsContent__article__meta__authorBox\"><a href=\"https:\/\/www.suno.com.br\/noticias\/author\/carlo-cauti\/\" class=\"authorBox__avatar noMobi\"><img src=\"https:\/\/files.sunoresearch.com.br\/n\/uploads\/2020\/08\/e3745f9a-perfil-carlo-cauti-150x150.webp\" alt=\"Carlo Cauti\"><\/a><div class=\"authorBox__name\"><span>por\n\t\t\t<a href=\"https:\/\/www.suno.com.br\/noticias\/author\/carlo-cauti\/\"><span itemprop=\"author\">Carlo Cauti<\/span><\/a><\/span><time datetime=\"2020-02-15T18:04:08-03:00\" itemprop=\"datePublished\">15\/02\/2020 18:04<\/time><\/div><\/div><\/div><\/div><\/div>","single_layout":"posts","amp_enabled":true,"_links":{"self":[{"href":"https:\/\/www.suno.com.br\/noticias\/wp-json\/wp\/v2\/posts\/52999"}],"collection":[{"href":"https:\/\/www.suno.com.br\/noticias\/wp-json\/wp\/v2\/posts"}],"about":[{"href":"https:\/\/www.suno.com.br\/noticias\/wp-json\/wp\/v2\/types\/post"}],"author":[{"embeddable":true,"href":"https:\/\/www.suno.com.br\/noticias\/wp-json\/wp\/v2\/users\/9"}],"replies":[{"embeddable":true,"href":"https:\/\/www.suno.com.br\/noticias\/wp-json\/wp\/v2\/comments?post=52999"}],"version-history":[{"count":0,"href":"https:\/\/www.suno.com.br\/noticias\/wp-json\/wp\/v2\/posts\/52999\/revisions"}],"wp:featuredmedia":[{"embeddable":true,"href":"https:\/\/www.suno.com.br\/noticias\/wp-json\/wp\/v2\/media\/21796"}],"wp:attachment":[{"href":"https:\/\/www.suno.com.br\/noticias\/wp-json\/wp\/v2\/media?parent=52999"}],"wp:term":[{"taxonomy":"category","embeddable":true,"href":"https:\/\/www.suno.com.br\/noticias\/wp-json\/wp\/v2\/categories?post=52999"},{"taxonomy":"post_tag","embeddable":true,"href":"https:\/\/www.suno.com.br\/noticias\/wp-json\/wp\/v2\/tags?post=52999"},{"taxonomy":"suno_strategy","embeddable":true,"href":"https:\/\/www.suno.com.br\/noticias\/wp-json\/wp\/v2\/suno_strategy?post=52999"}],"curies":[{"name":"wp","href":"https:\/\/api.w.org\/{rel}","templated":true}]}}