{"id":529755,"date":"2024-03-05T13:02:45","date_gmt":"2024-03-05T16:02:45","guid":{"rendered":"https:\/\/www.suno.com.br\/noticias\/?p=529755"},"modified":"2024-03-05T13:38:39","modified_gmt":"2024-03-05T16:38:39","slug":"instagram-facebook-fora-do-ar-redes-terca-feira-cpf","status":"publish","type":"post","link":"https:\/\/www.suno.com.br\/noticias\/instagram-facebook-fora-do-ar-redes-terca-feira-cpf\/","title":{"rendered":"Instagram e Facebook fora do ar: redes da Meta (M1TA34) detectam instabilidade ao redor do mundo nesta ter\u00e7a-feira (5)"},"content":{"rendered":"<p>As redes sociais da Meta, <strong>Facebook e Instagram est\u00e3o fora do ar<\/strong> na manh\u00e3 desta ter\u00e7a-feira (5). O problema se estende pelo mundo no in\u00edcio da tarde, por volta das 13h (Bras\u00edlia).<\/p>\t<div class=\"wrapper-featured-image\">\n\t\t<figure class=\"spotlightImg\">\n\n\t\t\t<picture>\n\t\t\t\t<source media=\"(max-width: 768px)\" srcset=\"https:\/\/files.sunoresearch.com.br\/n\/uploads\/2023\/05\/redes-sociais-internet-instagram-400x200.jpg\">\n\t\t\t\t<img loading=\"lazy\" decoding=\"async\" class=\"newsContent__article__imgCapa lazyloadDisabled \" src=\"https:\/\/files.sunoresearch.com.br\/n\/uploads\/2023\/05\/redes-sociais-internet-instagram-800x450.jpg\" width=\"800\" height=\"450\" alt=\"Instagram e Facebook fora do ar: redes da Meta (M1TA34) detectam instabilidade ao redor do mundo nesta ter\u00e7a-feira (5)\" fetchpriority=high \/>\n\t\t\t<\/picture>\n\n\t\t\t<figcaption class=\"wp-caption-text wp-caption-text--show\">Redes sociais - Foto: iStock<\/figcaption>\n\t\t<\/figure>\n\t<\/div>\n\n\n\n\n\n\n\n\t<p>\n\t\t<a href=\"\" target=\"_blank\" data-element=\"shortcode-suno-banner\" title=\"Banner SUNO, clique e saiba mais\">\n\t\t\t<picture>\n\t\t\t\t<source media=\"(max-width: 500px)\" srcset=\"\">\n\t\t\t\t<img class=\"newsContent__article__imgCapa newsContent__article__imgCapa--banner\"\n\t\t\t\t\tsrc=\"\"\n\t\t\t\t\tdata-promo-id=\"240038\"\t\t\t\t\t\t\t\t\t\t\t\t\t\t\talt=\"\"\n\t\t\t\t>\n\t\t\t<\/picture>\n\t\t<\/a>\n\t<\/p>\n\n\n\n\n\n<p>Milh\u00f5es de <strong>usu\u00e1rios do Instagram<\/strong> e do Facebook detectaram mal funcionamento das redes, com dificuldades de login e contas desconectadas. <\/p>\n\n\n\n<p>O problema foi inicialmente detectado por volta das 11 horas e atingiu diversos pa\u00edses, com usu\u00e1rios nos Estados Unidos liderando as queixas. <\/p>\n\n\n\n<p>O Down Detector registrou mais de 350 mil notifica\u00e7\u00f5es de problemas no Face e 54 mil no Insta na \u00faltima hora (11h30-12h30), volume muito superior \u00e0 m\u00e9dia do dia. <\/p>\n\n\n\n<p>A plataforma internacional de problemas com sites Down for Everyone or Just Me mostra relatos de erros nas Am\u00e9rica, na \u00c1sia, na Europa e na \u00c1frica.<\/p>\n\n\n\n<p>Em paralelo ao bug, as a\u00e7\u00f5es da Meta caem desde a abertura do mercado em Nova York, e intensificou as perdas desde ent\u00e3o. \u00c0s 12h48 (de Bras\u00edlia), a a\u00e7\u00e3o da Meta recuava 1,93%<\/p>\n\n\n\n<h2 class=\"wp-block-heading\">Instagram est\u00e1 fora do ar? Veja o que se sabe at\u00e9 agora<\/h2>\n\n\n\n<p>No Google Trends, pesquisas relacionadas a &#8220;<strong>facebook e instagram fora do ar<\/strong>&#8220;, &#8220;<strong>instagram caiu hoje<\/strong>&#8220;, &#8220;<strong>instagram fora do ar<\/strong>&#8220;, &#8220;facebook e instagram com problemas&#8221; dispararam na plataforma. <\/p>\n\n\n\n<p>Na rede social, usu\u00e1rios que tentavam recarregar a linha do tempo de imagens ou acessar suas fotos do perfil recebiam notifica\u00e7\u00f5es como &#8220;N\u00e3o foi poss\u00edvel atualizar o feed&#8221; ou mostra a imagem a seguir: <\/p>\n\n\n<div class=\"wp-block-image\">\n<figure class=\"aligncenter size-full\"><img loading=\"lazy\" decoding=\"async\" width=\"607\" height=\"340\" src=\"https:\/\/files.sunoresearch.com.br\/n\/uploads\/2024\/03\/image-2.png\" alt=\"\" class=\"wp-image-529759\" srcset=\"https:\/\/files.sunoresearch.com.br\/n\/uploads\/2024\/03\/image-2.png 607w, https:\/\/files.sunoresearch.com.br\/n\/uploads\/2024\/03\/image-2-300x168.png 300w, https:\/\/files.sunoresearch.com.br\/n\/uploads\/2024\/03\/image-2-150x84.png 150w\" sizes=\"(max-width: 607px) 100vw, 607px\" \/><figcaption class=\"wp-element-caption\">Foto: Instagram\/ Arquivo Pessoal<\/figcaption><\/figure><\/div>\n\n\n<p>A falta de acesso afetou n\u00e3o apenas os usu\u00e1rios individuais, mas tamb\u00e9m empresas e influenciadores que dependem das plataformas para interagir com seu p\u00fablico e promover seus neg\u00f3cios. <\/p>\n\n\n\n<p>At\u00e9 o momento, a Meta (<a href=\"https:\/\/www.suno.com.br\/noticias\/meta-m1ta34-acoes-recorde-amazon-jvj\/\" target=\"_blank\" rel=\"noreferrer noopener\">M1TA34<\/a>) n\u00e3o divulgou informa\u00e7\u00f5es oficiais sobre a causa dessa falha. <\/p>\n\n\n\t<p>\n\t\t<a href=\"https:\/\/lp.suno.com.br\/planilha-da-vida-financeira\/\" target=\"_blank\" data-element=\"shortcode-suno-banner\" title=\"Banner SUNO, clique e saiba mais\">\n\t\t\t<picture>\n\t\t\t\t<source media=\"(max-width: 500px)\" srcset=\"https:\/\/files.sunoresearch.com.br\/n\/uploads\/2023\/04\/400x300-Planilha-vida-financeira-true.png\">\n\t\t\t\t<img class=\"newsContent__article__imgCapa newsContent__article__imgCapa--banner\"\n\t\t\t\t\tsrc=\"https:\/\/files.sunoresearch.com.br\/n\/uploads\/2023\/04\/1420x240-Planilha-vida-financeira-true.png\"\n\t\t\t\t\tdata-promo-id=\"383123\"\t\t\t\t\t\t\t\t\t\twidth='1420' height='240'\t\t\t\t\talt=\"https:\/\/files.sunoresearch.com.br\/n\/uploads\/2023\/04\/1420x240-Planilha-vida-financeira-true.png\"\n\t\t\t\t>\n\t\t\t<\/picture>\n\t\t<\/a>\n\t<\/p>\n\n\n","protected":false},"excerpt":{"rendered":"<p>As redes sociais da Meta, Facebook e Instagram est\u00e3o fora do ar na manh\u00e3 desta ter\u00e7a-feira (5). O problema se estende pelo mundo no in\u00edcio da tarde, por volta das 13h (Bras\u00edlia). Redes sociais &#8211; Foto: iStock Milh\u00f5es de usu\u00e1rios do Instagram e do Facebook detectaram mal funcionamento das redes, com dificuldades de login e [&hellip;]<\/p>\n","protected":false},"author":283,"featured_media":401437,"comment_status":"closed","ping_status":"closed","sticky":false,"template":"","format":"standard","meta":[],"categories":[65],"tags":[733,34154,107086],"suno_strategy":[],"class_list":["post-529755","post","type-post","status-publish","format-standard","has-post-thumbnail","hentry","category-financas-pessoais","tag-facebook-fbok34","tag-instagram","tag-meta-m1ta34"],"yoast_head":"<!-- This site is optimized with the Yoast SEO plugin v24.4 - https:\/\/yoast.com\/wordpress\/plugins\/seo\/ -->\n<title>Instagram e Facebook fora do ar nesta ter\u00e7a-feira (5)<\/title>\n<meta name=\"description\" content=\"As redes sociais da Meta, Facebook e Instagram est\u00e3o fora do ar nesta ter\u00e7a-feira (5). Ainda n\u00e3o foi divulgado raz\u00e3o do problema.\" \/>\n<meta name=\"robots\" content=\"index, follow, max-snippet:-1, max-image-preview:large, max-video-preview:-1\" \/>\n<link rel=\"canonical\" href=\"https:\/\/www.suno.com.br\/noticias\/instagram-facebook-fora-do-ar-redes-terca-feira-cpf\/\" \/>\n<meta property=\"og:locale\" content=\"pt_BR\" \/>\n<meta property=\"og:type\" content=\"article\" \/>\n<meta property=\"og:title\" content=\"Instagram e Facebook fora do ar nesta ter\u00e7a-feira (5)\" \/>\n<meta property=\"og:description\" content=\"As redes sociais da Meta, Facebook e Instagram est\u00e3o fora do ar nesta ter\u00e7a-feira (5). Ainda n\u00e3o foi divulgado raz\u00e3o do problema.\" \/>\n<meta property=\"og:url\" content=\"https:\/\/www.suno.com.br\/noticias\/instagram-facebook-fora-do-ar-redes-terca-feira-cpf\/\" \/>\n<meta property=\"og:site_name\" content=\"Suno Not\u00edcias\" \/>\n<meta property=\"article:publisher\" content=\"https:\/\/facebook.com\/sunoresearch\" \/>\n<meta property=\"og:image\" content=\"https:\/\/files.sunoresearch.com.br\/n\/uploads\/2023\/05\/redes-sociais-internet-instagram.jpg\" \/>\n\t<meta property=\"og:image:width\" content=\"1200\" \/>\n\t<meta property=\"og:image:height\" content=\"800\" \/>\n\t<meta property=\"og:image:type\" content=\"image\/jpeg\" \/>\n<meta name=\"author\" content=\"Camila Paim\" \/>\n<meta name=\"twitter:card\" content=\"summary_large_image\" \/>\n<meta name=\"twitter:creator\" content=\"@sunoresearch\" \/>\n<meta name=\"twitter:site\" content=\"@sunoresearch\" \/>\n<meta name=\"twitter:label1\" content=\"Escrito por\" \/>\n\t<meta name=\"twitter:data1\" content=\"Camila Paim\" \/>\n\t<meta name=\"twitter:label2\" content=\"Est. tempo de leitura\" \/>\n\t<meta name=\"twitter:data2\" content=\"2 minutos\" \/>\n<script type=\"application\/ld+json\" class=\"yoast-schema-graph\">{\"@context\":\"https:\/\/schema.org\",\"@graph\":[{\"@type\":\"NewsArticle\",\"@id\":\"https:\/\/www.suno.com.br\/noticias\/instagram-facebook-fora-do-ar-redes-terca-feira-cpf\/#article\",\"isPartOf\":{\"@id\":\"https:\/\/www.suno.com.br\/noticias\/instagram-facebook-fora-do-ar-redes-terca-feira-cpf\/\"},\"author\":{\"name\":\"Camila Paim\",\"@id\":\"https:\/\/www.suno.com.br\/noticias\/#\/schema\/person\/f341d3ae5d1cc685176c9a5327cdfdbb\"},\"headline\":\"Instagram e Facebook fora do ar: redes da Meta (M1TA34) detectam instabilidade ao redor do mundo nesta ter\u00e7a-feira (5)\",\"datePublished\":\"2024-03-05T16:02:45+00:00\",\"dateModified\":\"2024-03-05T16:38:39+00:00\",\"mainEntityOfPage\":{\"@id\":\"https:\/\/www.suno.com.br\/noticias\/instagram-facebook-fora-do-ar-redes-terca-feira-cpf\/\"},\"wordCount\":331,\"publisher\":{\"@id\":\"https:\/\/www.suno.com.br\/noticias\/#organization\"},\"image\":{\"@id\":\"https:\/\/www.suno.com.br\/noticias\/instagram-facebook-fora-do-ar-redes-terca-feira-cpf\/#primaryimage\"},\"thumbnailUrl\":\"https:\/\/files.sunoresearch.com.br\/n\/uploads\/2023\/05\/redes-sociais-internet-instagram.jpg\",\"keywords\":[\"Facebook (FBOK34)\",\"Instagram\",\"Meta (M1TA34)\"],\"articleSection\":[\"Finan\u00e7as Pessoais\"],\"inLanguage\":\"pt-BR\"},{\"@type\":\"WebPage\",\"@id\":\"https:\/\/www.suno.com.br\/noticias\/instagram-facebook-fora-do-ar-redes-terca-feira-cpf\/\",\"url\":\"https:\/\/www.suno.com.br\/noticias\/instagram-facebook-fora-do-ar-redes-terca-feira-cpf\/\",\"name\":\"Instagram e Facebook fora do ar nesta ter\u00e7a-feira (5)\",\"isPartOf\":{\"@id\":\"https:\/\/www.suno.com.br\/noticias\/#website\"},\"primaryImageOfPage\":{\"@id\":\"https:\/\/www.suno.com.br\/noticias\/instagram-facebook-fora-do-ar-redes-terca-feira-cpf\/#primaryimage\"},\"image\":{\"@id\":\"https:\/\/www.suno.com.br\/noticias\/instagram-facebook-fora-do-ar-redes-terca-feira-cpf\/#primaryimage\"},\"thumbnailUrl\":\"https:\/\/files.sunoresearch.com.br\/n\/uploads\/2023\/05\/redes-sociais-internet-instagram.jpg\",\"datePublished\":\"2024-03-05T16:02:45+00:00\",\"dateModified\":\"2024-03-05T16:38:39+00:00\",\"description\":\"As redes sociais da Meta, Facebook e Instagram est\u00e3o fora do ar nesta ter\u00e7a-feira (5). Ainda n\u00e3o foi divulgado raz\u00e3o do problema.\",\"breadcrumb\":{\"@id\":\"https:\/\/www.suno.com.br\/noticias\/instagram-facebook-fora-do-ar-redes-terca-feira-cpf\/#breadcrumb\"},\"inLanguage\":\"pt-BR\",\"potentialAction\":[{\"@type\":\"ReadAction\",\"target\":[\"https:\/\/www.suno.com.br\/noticias\/instagram-facebook-fora-do-ar-redes-terca-feira-cpf\/\"]}]},{\"@type\":\"ImageObject\",\"inLanguage\":\"pt-BR\",\"@id\":\"https:\/\/www.suno.com.br\/noticias\/instagram-facebook-fora-do-ar-redes-terca-feira-cpf\/#primaryimage\",\"url\":\"https:\/\/files.sunoresearch.com.br\/n\/uploads\/2023\/05\/redes-sociais-internet-instagram.jpg\",\"contentUrl\":\"https:\/\/files.sunoresearch.com.br\/n\/uploads\/2023\/05\/redes-sociais-internet-instagram.jpg\",\"width\":1200,\"height\":800,\"caption\":\"Redes sociais - Foto: iStock\"},{\"@type\":\"BreadcrumbList\",\"@id\":\"https:\/\/www.suno.com.br\/noticias\/instagram-facebook-fora-do-ar-redes-terca-feira-cpf\/#breadcrumb\",\"itemListElement\":[{\"@type\":\"ListItem\",\"position\":1,\"name\":\"Not\u00edcias\",\"item\":\"https:\/\/www.suno.com.br\/noticias\/\"},{\"@type\":\"ListItem\",\"position\":2,\"name\":\"Finan\u00e7as Pessoais\",\"item\":\"https:\/\/www.suno.com.br\/noticias\/financas-pessoais\/\"},{\"@type\":\"ListItem\",\"position\":3,\"name\":\"Instagram e Facebook fora do ar: redes da Meta (M1TA34) detectam instabilidade ao redor do mundo nesta ter\u00e7a-feira (5)\"}]},{\"@type\":\"WebSite\",\"@id\":\"https:\/\/www.suno.com.br\/noticias\/#website\",\"url\":\"https:\/\/www.suno.com.br\/noticias\/\",\"name\":\"Suno Not\u00edcias\",\"description\":\"Seu portal de informa\u00e7\u00e3o sobre o mundo dos investimentos\",\"publisher\":{\"@id\":\"https:\/\/www.suno.com.br\/noticias\/#organization\"},\"potentialAction\":[{\"@type\":\"SearchAction\",\"target\":{\"@type\":\"EntryPoint\",\"urlTemplate\":\"https:\/\/www.suno.com.br\/noticias\/?s={search_term_string}\"},\"query-input\":{\"@type\":\"PropertyValueSpecification\",\"valueRequired\":true,\"valueName\":\"search_term_string\"}}],\"inLanguage\":\"pt-BR\"},{\"@type\":\"Organization\",\"@id\":\"https:\/\/www.suno.com.br\/noticias\/#organization\",\"name\":\"Suno Not\u00edcias\",\"url\":\"https:\/\/www.suno.com.br\/noticias\/\",\"logo\":{\"@type\":\"ImageObject\",\"inLanguage\":\"pt-BR\",\"@id\":\"https:\/\/www.suno.com.br\/noticias\/#\/schema\/logo\/image\/\",\"url\":\"https:\/\/files.sunoresearch.com.br\/n\/uploads\/2021\/09\/suno-logo.png\",\"contentUrl\":\"https:\/\/files.sunoresearch.com.br\/n\/uploads\/2021\/09\/suno-logo.png\",\"width\":180,\"height\":180,\"caption\":\"Suno Not\u00edcias\"},\"image\":{\"@id\":\"https:\/\/www.suno.com.br\/noticias\/#\/schema\/logo\/image\/\"},\"sameAs\":[\"https:\/\/facebook.com\/sunoresearch\",\"https:\/\/x.com\/sunoresearch\",\"https:\/\/www.instagram.com\/suno\",\"https:\/\/www.linkedin.com\/company\/suno-research\/\",\"https:\/\/www.youtube.com\/c\/sunoresearch\"]},{\"@type\":\"Person\",\"@id\":\"https:\/\/www.suno.com.br\/noticias\/#\/schema\/person\/f341d3ae5d1cc685176c9a5327cdfdbb\",\"name\":\"Camila Paim\",\"image\":{\"@type\":\"ImageObject\",\"inLanguage\":\"pt-BR\",\"@id\":\"https:\/\/www.suno.com.br\/noticias\/#\/schema\/person\/image\/\",\"url\":\"https:\/\/secure.gravatar.com\/avatar\/f33728e65febb1aa7ecf6792956f9b20?s=96&r=g\",\"contentUrl\":\"https:\/\/secure.gravatar.com\/avatar\/f33728e65febb1aa7ecf6792956f9b20?s=96&r=g\",\"caption\":\"Camila Paim\"},\"description\":\"Jornalista formada pela USP, tem experi\u00eancia em reda\u00e7\u00f5es, SEO, Branded Content e Webdesign. Com passagem pelo Jornal da USP, Empiricus e C6 Bank, hoje \u00e9 rep\u00f3rter no Suno Not\u00edcias cobrindo macroeconomia, finan\u00e7as pessoais e startups.\",\"url\":\"https:\/\/www.suno.com.br\/noticias\/author\/camila-figueiredosuno-com-br\/\"}]}<\/script>\n<!-- \/ Yoast SEO plugin. -->","yoast_head_json":{"title":"Instagram e Facebook fora do ar nesta ter\u00e7a-feira (5)","description":"As redes sociais da Meta, Facebook e Instagram est\u00e3o fora do ar nesta ter\u00e7a-feira (5). Ainda n\u00e3o foi divulgado raz\u00e3o do problema.","robots":{"index":"index","follow":"follow","max-snippet":"max-snippet:-1","max-image-preview":"max-image-preview:large","max-video-preview":"max-video-preview:-1"},"canonical":"https:\/\/www.suno.com.br\/noticias\/instagram-facebook-fora-do-ar-redes-terca-feira-cpf\/","og_locale":"pt_BR","og_type":"article","og_title":"Instagram e Facebook fora do ar nesta ter\u00e7a-feira (5)","og_description":"As redes sociais da Meta, Facebook e Instagram est\u00e3o fora do ar nesta ter\u00e7a-feira (5). Ainda n\u00e3o foi divulgado raz\u00e3o do problema.","og_url":"https:\/\/www.suno.com.br\/noticias\/instagram-facebook-fora-do-ar-redes-terca-feira-cpf\/","og_site_name":"Suno Not\u00edcias","article_publisher":"https:\/\/facebook.com\/sunoresearch","og_image":[{"width":1200,"height":800,"url":"https:\/\/files.sunoresearch.com.br\/n\/uploads\/2023\/05\/redes-sociais-internet-instagram.jpg","type":"image\/jpeg"}],"author":"Camila Paim","twitter_card":"summary_large_image","twitter_creator":"@sunoresearch","twitter_site":"@sunoresearch","twitter_misc":{"Escrito por":"Camila Paim","Est. tempo de leitura":"2 minutos"},"schema":{"@context":"https:\/\/schema.org","@graph":[{"@type":"NewsArticle","@id":"https:\/\/www.suno.com.br\/noticias\/instagram-facebook-fora-do-ar-redes-terca-feira-cpf\/#article","isPartOf":{"@id":"https:\/\/www.suno.com.br\/noticias\/instagram-facebook-fora-do-ar-redes-terca-feira-cpf\/"},"author":{"name":"Camila Paim","@id":"https:\/\/www.suno.com.br\/noticias\/#\/schema\/person\/f341d3ae5d1cc685176c9a5327cdfdbb"},"headline":"Instagram e Facebook fora do ar: redes da Meta (M1TA34) detectam instabilidade ao redor do mundo nesta ter\u00e7a-feira (5)","datePublished":"2024-03-05T16:02:45+00:00","dateModified":"2024-03-05T16:38:39+00:00","mainEntityOfPage":{"@id":"https:\/\/www.suno.com.br\/noticias\/instagram-facebook-fora-do-ar-redes-terca-feira-cpf\/"},"wordCount":331,"publisher":{"@id":"https:\/\/www.suno.com.br\/noticias\/#organization"},"image":{"@id":"https:\/\/www.suno.com.br\/noticias\/instagram-facebook-fora-do-ar-redes-terca-feira-cpf\/#primaryimage"},"thumbnailUrl":"https:\/\/files.sunoresearch.com.br\/n\/uploads\/2023\/05\/redes-sociais-internet-instagram.jpg","keywords":["Facebook (FBOK34)","Instagram","Meta (M1TA34)"],"articleSection":["Finan\u00e7as Pessoais"],"inLanguage":"pt-BR"},{"@type":"WebPage","@id":"https:\/\/www.suno.com.br\/noticias\/instagram-facebook-fora-do-ar-redes-terca-feira-cpf\/","url":"https:\/\/www.suno.com.br\/noticias\/instagram-facebook-fora-do-ar-redes-terca-feira-cpf\/","name":"Instagram e Facebook fora do ar nesta ter\u00e7a-feira (5)","isPartOf":{"@id":"https:\/\/www.suno.com.br\/noticias\/#website"},"primaryImageOfPage":{"@id":"https:\/\/www.suno.com.br\/noticias\/instagram-facebook-fora-do-ar-redes-terca-feira-cpf\/#primaryimage"},"image":{"@id":"https:\/\/www.suno.com.br\/noticias\/instagram-facebook-fora-do-ar-redes-terca-feira-cpf\/#primaryimage"},"thumbnailUrl":"https:\/\/files.sunoresearch.com.br\/n\/uploads\/2023\/05\/redes-sociais-internet-instagram.jpg","datePublished":"2024-03-05T16:02:45+00:00","dateModified":"2024-03-05T16:38:39+00:00","description":"As redes sociais da Meta, Facebook e Instagram est\u00e3o fora do ar nesta ter\u00e7a-feira (5). Ainda n\u00e3o foi divulgado raz\u00e3o do problema.","breadcrumb":{"@id":"https:\/\/www.suno.com.br\/noticias\/instagram-facebook-fora-do-ar-redes-terca-feira-cpf\/#breadcrumb"},"inLanguage":"pt-BR","potentialAction":[{"@type":"ReadAction","target":["https:\/\/www.suno.com.br\/noticias\/instagram-facebook-fora-do-ar-redes-terca-feira-cpf\/"]}]},{"@type":"ImageObject","inLanguage":"pt-BR","@id":"https:\/\/www.suno.com.br\/noticias\/instagram-facebook-fora-do-ar-redes-terca-feira-cpf\/#primaryimage","url":"https:\/\/files.sunoresearch.com.br\/n\/uploads\/2023\/05\/redes-sociais-internet-instagram.jpg","contentUrl":"https:\/\/files.sunoresearch.com.br\/n\/uploads\/2023\/05\/redes-sociais-internet-instagram.jpg","width":1200,"height":800,"caption":"Redes sociais - Foto: iStock"},{"@type":"BreadcrumbList","@id":"https:\/\/www.suno.com.br\/noticias\/instagram-facebook-fora-do-ar-redes-terca-feira-cpf\/#breadcrumb","itemListElement":[{"@type":"ListItem","position":1,"name":"Not\u00edcias","item":"https:\/\/www.suno.com.br\/noticias\/"},{"@type":"ListItem","position":2,"name":"Finan\u00e7as Pessoais","item":"https:\/\/www.suno.com.br\/noticias\/financas-pessoais\/"},{"@type":"ListItem","position":3,"name":"Instagram e Facebook fora do ar: redes da Meta (M1TA34) detectam instabilidade ao redor do mundo nesta ter\u00e7a-feira (5)"}]},{"@type":"WebSite","@id":"https:\/\/www.suno.com.br\/noticias\/#website","url":"https:\/\/www.suno.com.br\/noticias\/","name":"Suno Not\u00edcias","description":"Seu portal de informa\u00e7\u00e3o sobre o mundo dos investimentos","publisher":{"@id":"https:\/\/www.suno.com.br\/noticias\/#organization"},"potentialAction":[{"@type":"SearchAction","target":{"@type":"EntryPoint","urlTemplate":"https:\/\/www.suno.com.br\/noticias\/?s={search_term_string}"},"query-input":{"@type":"PropertyValueSpecification","valueRequired":true,"valueName":"search_term_string"}}],"inLanguage":"pt-BR"},{"@type":"Organization","@id":"https:\/\/www.suno.com.br\/noticias\/#organization","name":"Suno Not\u00edcias","url":"https:\/\/www.suno.com.br\/noticias\/","logo":{"@type":"ImageObject","inLanguage":"pt-BR","@id":"https:\/\/www.suno.com.br\/noticias\/#\/schema\/logo\/image\/","url":"https:\/\/files.sunoresearch.com.br\/n\/uploads\/2021\/09\/suno-logo.png","contentUrl":"https:\/\/files.sunoresearch.com.br\/n\/uploads\/2021\/09\/suno-logo.png","width":180,"height":180,"caption":"Suno Not\u00edcias"},"image":{"@id":"https:\/\/www.suno.com.br\/noticias\/#\/schema\/logo\/image\/"},"sameAs":["https:\/\/facebook.com\/sunoresearch","https:\/\/x.com\/sunoresearch","https:\/\/www.instagram.com\/suno","https:\/\/www.linkedin.com\/company\/suno-research\/","https:\/\/www.youtube.com\/c\/sunoresearch"]},{"@type":"Person","@id":"https:\/\/www.suno.com.br\/noticias\/#\/schema\/person\/f341d3ae5d1cc685176c9a5327cdfdbb","name":"Camila Paim","image":{"@type":"ImageObject","inLanguage":"pt-BR","@id":"https:\/\/www.suno.com.br\/noticias\/#\/schema\/person\/image\/","url":"https:\/\/secure.gravatar.com\/avatar\/f33728e65febb1aa7ecf6792956f9b20?s=96&r=g","contentUrl":"https:\/\/secure.gravatar.com\/avatar\/f33728e65febb1aa7ecf6792956f9b20?s=96&r=g","caption":"Camila Paim"},"description":"Jornalista formada pela USP, tem experi\u00eancia em reda\u00e7\u00f5es, SEO, Branded Content e Webdesign. Com passagem pelo Jornal da USP, Empiricus e C6 Bank, hoje \u00e9 rep\u00f3rter no Suno Not\u00edcias cobrindo macroeconomia, finan\u00e7as pessoais e startups.","url":"https:\/\/www.suno.com.br\/noticias\/author\/camila-figueiredosuno-com-br\/"}]}},"default_loop_html":"<div class=\"cardsPage__listCard__boxs\"><div class=\"cardsPage__listCard__boxs__img\"><a href=\"https:\/\/www.suno.com.br\/noticias\/instagram-facebook-fora-do-ar-redes-terca-feira-cpf\/\"><img class=\"mask\" src=\"https:\/\/www.suno.com.br\/noticias\/wp-content\/themes\/suno\/resources\/images\/spotlight\/spotlight1img\/bg-mask.png\" alt=\"Image Mask\"\/><img src=\"https:\/\/files.sunoresearch.com.br\/n\/uploads\/2023\/05\/redes-sociais-internet-instagram-400x200.jpg\" alt=\"Instagram e Facebook fora do ar: redes da Meta (M1TA34) detectam instabilidade ao redor do mundo nesta ter\u00e7a-feira (5)\"\/><\/a><span class=\"spotlightCategory\"><a href=\"https:\/\/www.suno.com.br\/noticias\/financas-pessoais\/\">Finan\u00e7as Pessoais<\/a><\/span><\/div><div class=\"cardsPage__listCard__boxs__content\"><a href=\"https:\/\/www.suno.com.br\/noticias\/instagram-facebook-fora-do-ar-redes-terca-feira-cpf\/\"><h2 class=\"content__title\">Instagram e Facebook fora do ar: redes da Meta (M1TA34) detectam instabilidade ao redor do mundo nesta ter\u00e7a-feira (5)<\/h2><\/a><div class=\"newsContent__article__meta\"><div class=\"newsContent__article__meta__authorBox\"><a href=\"https:\/\/www.suno.com.br\/noticias\/author\/camila-figueiredosuno-com-br\/\" class=\"authorBox__avatar noMobi\"><img src=\"https:\/\/files.sunoresearch.com.br\/n\/uploads\/2024\/05\/camila-paim-square-150x150.jpg\" alt=\"Camila Paim\"><\/a><div class=\"authorBox__name\"><span>por\n\t\t\t<a href=\"https:\/\/www.suno.com.br\/noticias\/author\/camila-figueiredosuno-com-br\/\"><span itemprop=\"author\">Camila Paim<\/span><\/a><\/span><time datetime=\"2024-03-05T13:02:45-03:00\" itemprop=\"datePublished\">05\/03\/2024 13:02<\/time><\/div><\/div><\/div><\/div><\/div>","single_layout":"posts","amp_enabled":true,"_links":{"self":[{"href":"https:\/\/www.suno.com.br\/noticias\/wp-json\/wp\/v2\/posts\/529755"}],"collection":[{"href":"https:\/\/www.suno.com.br\/noticias\/wp-json\/wp\/v2\/posts"}],"about":[{"href":"https:\/\/www.suno.com.br\/noticias\/wp-json\/wp\/v2\/types\/post"}],"author":[{"embeddable":true,"href":"https:\/\/www.suno.com.br\/noticias\/wp-json\/wp\/v2\/users\/283"}],"replies":[{"embeddable":true,"href":"https:\/\/www.suno.com.br\/noticias\/wp-json\/wp\/v2\/comments?post=529755"}],"version-history":[{"count":3,"href":"https:\/\/www.suno.com.br\/noticias\/wp-json\/wp\/v2\/posts\/529755\/revisions"}],"predecessor-version":[{"id":529781,"href":"https:\/\/www.suno.com.br\/noticias\/wp-json\/wp\/v2\/posts\/529755\/revisions\/529781"}],"wp:featuredmedia":[{"embeddable":true,"href":"https:\/\/www.suno.com.br\/noticias\/wp-json\/wp\/v2\/media\/401437"}],"wp:attachment":[{"href":"https:\/\/www.suno.com.br\/noticias\/wp-json\/wp\/v2\/media?parent=529755"}],"wp:term":[{"taxonomy":"category","embeddable":true,"href":"https:\/\/www.suno.com.br\/noticias\/wp-json\/wp\/v2\/categories?post=529755"},{"taxonomy":"post_tag","embeddable":true,"href":"https:\/\/www.suno.com.br\/noticias\/wp-json\/wp\/v2\/tags?post=529755"},{"taxonomy":"suno_strategy","embeddable":true,"href":"https:\/\/www.suno.com.br\/noticias\/wp-json\/wp\/v2\/suno_strategy?post=529755"}],"curies":[{"name":"wp","href":"https:\/\/api.w.org\/{rel}","templated":true}]}}