{"id":529638,"date":"2024-03-05T09:59:41","date_gmt":"2024-03-05T12:59:41","guid":{"rendered":"https:\/\/www.suno.com.br\/noticias\/?p=529638"},"modified":"2024-03-05T09:59:47","modified_gmt":"2024-03-05T12:59:47","slug":"boletim-focus-selic-inflacao-dolar-estavel-cpf","status":"publish","type":"post","link":"https:\/\/www.suno.com.br\/noticias\/boletim-focus-selic-inflacao-dolar-estavel-cpf\/","title":{"rendered":"Selic est\u00e1vel e infla\u00e7\u00e3o em queda: Boletim Focus atualiza proje\u00e7\u00f5es nesta ter\u00e7a-feira"},"content":{"rendered":"<p>A proje\u00e7\u00e3o para a&nbsp;<strong>taxa Selic<\/strong> (<a class=\"suno-keyword\" target=\"_blank\" data-force=\"no\" data-priority=\"1\" href=\"https:\/\/www.suno.com.br\/artigos\/taxa-de-juros\/\" rel=\"noopener\">taxa b\u00e1sica de juros<\/a>) at\u00e9 o final de 2024 permanece inalterada em 9,00%, conforme aponta o Boletim Focus, divulgado nesta ter\u00e7a-feira (5). Enquanto isso, a previs\u00e3o para a infla\u00e7\u00e3o oficial, o&nbsp;IPCA, caiu em 0,04 pontos percentuais (p.p.) para 3,76%.<\/p>\t<div class=\"wrapper-featured-image\">\n\t\t<figure class=\"spotlightImg\">\n\n\t\t\t<picture>\n\t\t\t\t<source media=\"(max-width: 768px)\" srcset=\"https:\/\/files.sunoresearch.com.br\/n\/uploads\/2023\/11\/Ibovespa-mercado-2-400x200.jpg\">\n\t\t\t\t<img loading=\"lazy\" decoding=\"async\" class=\"newsContent__article__imgCapa lazyloadDisabled \" src=\"https:\/\/files.sunoresearch.com.br\/n\/uploads\/2023\/11\/Ibovespa-mercado-2-800x450.jpg\" width=\"800\" height=\"450\" alt=\"Selic est\u00e1vel e infla\u00e7\u00e3o em queda: Boletim Focus atualiza proje\u00e7\u00f5es nesta ter\u00e7a-feira\" fetchpriority=high \/>\n\t\t\t<\/picture>\n\n\t\t\t<figcaption class=\"wp-caption-text wp-caption-text--show\">Vivara (VIVA3), Gol (GOLL4) e Ultrapar (UGPA3) aquecem o mercado  Foto: iStock.<\/figcaption>\n\t\t<\/figure>\n\t<\/div>\n\n\n\n\n\n\t<p>\n\t\t<a href=\"\" target=\"_blank\" data-element=\"shortcode-suno-banner\" title=\"Banner SUNO, clique e saiba mais\">\n\t\t\t<picture>\n\t\t\t\t<source media=\"(max-width: 500px)\" srcset=\"\">\n\t\t\t\t<img class=\"newsContent__article__imgCapa newsContent__article__imgCapa--banner\"\n\t\t\t\t\tsrc=\"\"\n\t\t\t\t\tdata-promo-id=\"240038\"\t\t\t\t\t\t\t\t\t\t\t\t\t\t\talt=\"\"\n\t\t\t\t>\n\t\t\t<\/picture>\n\t\t<\/a>\n\t<\/p>\n\n\n\n\n\n<p>Segundo&nbsp;<strong>Relat\u00f3rio de Mercado Focus<\/strong>&nbsp;do Banco Central&nbsp;(BC), a estimativa para a&nbsp;<strong>Selic<\/strong>, segue em 9,00% ao final deste ano.<\/p>\n\n\n\n<p>De acordo com a pesquisa, para 2025, o mercado espera que a<strong>&nbsp;taxa de juros<\/strong>&nbsp;termine em 8,50%, mesma proje\u00e7\u00e3o da semana anterior. Para 2026, a expectativa \u00e9 de estabilidade, mantendo a Selic em 8,50%.<\/p>\n\n\n\n<p>J\u00e1 para a infla\u00e7\u00e3o, o principal indicador usado (\u00cdndice Nacional de Pre\u00e7os ao Consumidor Amplo, ou <strong>IPCA<\/strong>), deve terminar 2024 em 3,76%, abaixo da proje\u00e7\u00e3o da semana passada (3,80%) e das \u00faltimas quatro semanas (3,81%).<\/p>\n\n\n\n<p>Al\u00e9m disso, o&nbsp;<a class=\"suno-keyword\" target=\"_blank\" data-force=\"no\" data-priority=\"2\" href=\"https:\/\/www.suno.com.br\/guias\/mercado-financeiro\/\" rel=\"noopener\">mercado financeiro<\/a>&nbsp;renovou as suas estimativas para o&nbsp;<strong>PIB <\/strong>mais uma vez, erguendo o dado para 1,77%, ante 1,75% na semana anterior. H\u00e1 quatro semanas, a previs\u00e3o era de 1,60%.<\/p>\n\n\n\n<p>No caso do&nbsp;<strong>d\u00f3lar<\/strong>, o&nbsp;<a class=\"suno-keyword\" target=\"_blank\" data-force=\"no\" data-priority=\"2\" href=\"https:\/\/www.suno.com.br\/guias\/mercado-financeiro\/\" rel=\"noopener\">mercado financeiro<\/a>&nbsp;manteve a previs\u00e3o para R$ 4,93 em 2024 nesta semana. H\u00e1 quatro semanas, a previs\u00e3o era de R$ 4,92 para <strong>um d\u00f3lar<\/strong>.<\/p>\n\n\n\t<p>\n\t\t<a href=\"https:\/\/lp.suno.com.br\/ebook-gratuito-investindo-no-exterior\/\" target=\"_blank\" data-element=\"shortcode-suno-banner\" title=\"Banner SUNO, clique e saiba mais\">\n\t\t\t<picture>\n\t\t\t\t<source media=\"(max-width: 500px)\" srcset=\"https:\/\/files.sunoresearch.com.br\/n\/uploads\/2023\/03\/400x300-Investindo-no-exterior.png\">\n\t\t\t\t<img class=\"newsContent__article__imgCapa newsContent__article__imgCapa--banner\"\n\t\t\t\t\tsrc=\"https:\/\/files.sunoresearch.com.br\/n\/uploads\/2023\/03\/1420x240-Investindo-no-exterior.png\"\n\t\t\t\t\tdata-promo-id=\"383161\"\t\t\t\t\t\t\t\t\t\twidth='1420' height='240'\t\t\t\t\talt=\"https:\/\/files.sunoresearch.com.br\/n\/uploads\/2023\/03\/1420x240-Investindo-no-exterior.png\"\n\t\t\t\t>\n\t\t\t<\/picture>\n\t\t<\/a>\n\t<\/p>\n\n\n\n\n\n<h2 class=\"wp-block-heading\">Resumo do Boletim Focus<\/h2>\n\n\n\n<p>Veja, em detalhes, as proje\u00e7\u00f5es mais importantes do relat\u00f3rio de mercado para 2024 e 2025:<\/p>\n\n\n\n<p><strong>2024<\/strong><\/p>\n\n\n\n<ul class=\"wp-block-list\">\n<li>IPCA: a proje\u00e7\u00e3o caiu para 3,76%<\/li>\n\n\n\n<li>PIB: a proje\u00e7\u00e3o subiu para 1,77%<\/li>\n\n\n\n<li>D\u00f3lar: a previs\u00e3o do c\u00e2mbio se manteve em R$ 4,93<\/li>\n\n\n\n<li>Balan\u00e7a Comercial: a expectativa para o super\u00e1vit se manteve em US$ 80,98 bilh\u00f5es<\/li>\n\n\n\n<li>Investimento Estrangeiro Direto: a previs\u00e3o subiu para US$ 68,92 bilh\u00f5es<\/li>\n\n\n\n<li>D\u00edvida do Setor P\u00fablico: a previs\u00e3o subiu para 63,74% do PIB<\/li>\n<\/ul>\n\n\n\n<p><strong>2025<\/strong><\/p>\n\n\n\n<ul class=\"wp-block-list\">\n<li>IPCA: a proje\u00e7\u00e3o estabilizou em 3,51%<\/li>\n\n\n\n<li>PIB: a proje\u00e7\u00e3o se manteve em 2,00%<\/li>\n\n\n\n<li>D\u00f3lar: a previs\u00e3o do c\u00e2mbio se manteve em R$ 5,00<\/li>\n\n\n\n<li>Taxa Selic: a previs\u00e3o se manteve em 8,50%<\/li>\n\n\n\n<li>Balan\u00e7a Comercial: a expectativa para o super\u00e1vit n\u00e3o teve altera\u00e7\u00f5es, em US$ 72,05 bilh\u00f5es<\/li>\n\n\n\n<li>Investimento Estrangeiro Direto: a previs\u00e3o permaneceu est\u00e1vel em US$ 75,00 bilh\u00f5es<\/li>\n\n\n\n<li>D\u00edvida do Setor P\u00fablico: a previs\u00e3o subiu para 66,50% do PIB<\/li>\n<\/ul>\n\n\n\n<p>O Boletim Focus \u00e9 elaborado semanalmente pelo Banco Central. A&nbsp;divulga\u00e7\u00e3o do&nbsp;boletim Focus, que costuma ocorrer sempre \u00e0s segundas-feiras, mas recentemente est\u00e1 variando entre as ter\u00e7as-feiras e outros dias da semana, devido \u00e0 mobiliza\u00e7\u00e3o de servidores do&nbsp;Banco Central (BC)&nbsp;em opera\u00e7\u00e3o-padr\u00e3o, informou a institui\u00e7\u00e3o.<\/p>\n\n\n\n<p>Para a composi\u00e7\u00e3o do boletim, s\u00e3o utilizadas as proje\u00e7\u00f5es dos especialistas das 100 principais institui\u00e7\u00f5es ligadas ao\u00a0<a class=\"suno-keyword\" data-force=\"no\" data-priority=\"2\" href=\"https:\/\/www.suno.com.br\/guias\/mercado-financeiro\/\" target=\"_blank\" rel=\"noopener\">mercado financeiro<\/a>\u00a0do Brasil para juros,\u00a0IPCA, c\u00e2mbio do <strong>d\u00f3lar<\/strong>, <strong>taxa Selic<\/strong> e outros indicadores.<\/p>\n\n\n\n\t<div data-element=\"shortcode-read-more\" class=\"readToo\">\n\t\t\t\t<span class=\"readToo__title\">Leia mais<\/span>\n\t\t\t\t<ul class=\"readToo__list\">\n\t\t\t<li><a href=\"https:\/\/www.suno.com.br\/noticias\/xp-indica-bdrs-investir-marco-cpf\/\">XP indica 10 a\u00e7\u00f5es internacionais para investir em mar\u00e7o: Alibaba, JPMorgan e mais BDRs<\/a><\/li><li><a href=\"https:\/\/www.suno.com.br\/noticias\/azul-azul4-oferta-aquisicao-gol-goll4-gpj\/\">Azul (AZUL4) avalia fazer oferta para aquisi\u00e7\u00e3o total da Gol (GOLL4), diz ag\u00eancia<\/a><\/li><li><a href=\"https:\/\/www.suno.com.br\/noticias\/telefonica-brasil-aprova-programa-recompra-gpj\/\">Telef\u00f4nica Brasil (VIVT3) aprova programa de recompra de at\u00e9 40,8 milh\u00f5es de a\u00e7\u00f5es<\/a><\/li>\t\t<\/ul>\n\t<\/div>\n\n\n\n\t<p>\n\t\t<a href=\"https:\/\/lp.suno.com.br\/planilha-da-vida-financeira\/\" target=\"_blank\" data-element=\"shortcode-suno-banner\" title=\"Banner SUNO, clique e saiba mais\">\n\t\t\t<picture>\n\t\t\t\t<source media=\"(max-width: 500px)\" srcset=\"https:\/\/files.sunoresearch.com.br\/n\/uploads\/2023\/04\/400x300-Planilha-vida-financeira-true.png\">\n\t\t\t\t<img class=\"newsContent__article__imgCapa newsContent__article__imgCapa--banner\"\n\t\t\t\t\tsrc=\"https:\/\/files.sunoresearch.com.br\/n\/uploads\/2023\/04\/1420x240-Planilha-vida-financeira-true.png\"\n\t\t\t\t\tdata-promo-id=\"383123\"\t\t\t\t\t\t\t\t\t\twidth='1420' height='240'\t\t\t\t\talt=\"https:\/\/files.sunoresearch.com.br\/n\/uploads\/2023\/04\/1420x240-Planilha-vida-financeira-true.png\"\n\t\t\t\t>\n\t\t\t<\/picture>\n\t\t<\/a>\n\t<\/p>\n\n\n","protected":false},"excerpt":{"rendered":"<p>A proje\u00e7\u00e3o para a&nbsp;taxa Selic (taxa b\u00e1sica de juros) at\u00e9 o final de 2024 permanece inalterada em 9,00%, conforme aponta o Boletim Focus, divulgado nesta ter\u00e7a-feira (5). Enquanto isso, a previs\u00e3o para a infla\u00e7\u00e3o oficial, o&nbsp;IPCA, caiu em 0,04 pontos percentuais (p.p.) para 3,76%. Vivara (VIVA3), Gol (GOLL4) e Ultrapar (UGPA3) aquecem o mercado Foto: [&hellip;]<\/p>\n","protected":false},"author":283,"featured_media":491324,"comment_status":"closed","ping_status":"closed","sticky":false,"template":"","format":"standard","meta":[],"categories":[62],"tags":[1842,834,326,850,966,807,290],"suno_strategy":[],"class_list":["post-529638","post","type-post","status-publish","format-standard","has-post-thumbnail","hentry","category-economia","tag-banco-central-bc","tag-boletim-focus","tag-dolar","tag-inflacao","tag-ipca","tag-produto-interno-bruto-pib","tag-taxa-selic"],"yoast_head":"<!-- This site is optimized with the Yoast SEO plugin v24.4 - https:\/\/yoast.com\/wordpress\/plugins\/seo\/ -->\n<title>Selic est\u00e1vel e infla\u00e7\u00e3o em queda: Boletim Focus renova proje\u00e7\u00f5es<\/title>\n<meta name=\"description\" content=\"O Boletim Focus do Banco Central atualizou suas proje\u00e7\u00f5es para a Selic, mantendo a taxa de juros em um patamar de 9,00% para o fim de 2024.\" \/>\n<meta name=\"robots\" content=\"index, follow, max-snippet:-1, max-image-preview:large, max-video-preview:-1\" \/>\n<link rel=\"canonical\" href=\"https:\/\/www.suno.com.br\/noticias\/boletim-focus-selic-inflacao-dolar-estavel-cpf\/\" \/>\n<meta property=\"og:locale\" content=\"pt_BR\" \/>\n<meta property=\"og:type\" content=\"article\" \/>\n<meta property=\"og:title\" content=\"Selic est\u00e1vel e infla\u00e7\u00e3o em queda: Boletim Focus renova proje\u00e7\u00f5es\" \/>\n<meta property=\"og:description\" content=\"O Boletim Focus do Banco Central atualizou suas proje\u00e7\u00f5es para a Selic, mantendo a taxa de juros em um patamar de 9,00% para o fim de 2024.\" \/>\n<meta property=\"og:url\" content=\"https:\/\/www.suno.com.br\/noticias\/boletim-focus-selic-inflacao-dolar-estavel-cpf\/\" \/>\n<meta property=\"og:site_name\" content=\"Suno Not\u00edcias\" \/>\n<meta property=\"article:publisher\" content=\"https:\/\/facebook.com\/sunoresearch\" \/>\n<meta property=\"og:image\" content=\"https:\/\/files.sunoresearch.com.br\/n\/uploads\/2023\/11\/Ibovespa-mercado-2.jpg\" \/>\n\t<meta property=\"og:image:width\" content=\"2121\" \/>\n\t<meta property=\"og:image:height\" content=\"1414\" \/>\n\t<meta property=\"og:image:type\" content=\"image\/jpeg\" \/>\n<meta name=\"author\" content=\"Camila Paim\" \/>\n<meta name=\"twitter:card\" content=\"summary_large_image\" \/>\n<meta name=\"twitter:creator\" content=\"@sunoresearch\" \/>\n<meta name=\"twitter:site\" content=\"@sunoresearch\" \/>\n<meta name=\"twitter:label1\" content=\"Escrito por\" \/>\n\t<meta name=\"twitter:data1\" content=\"Camila Paim\" \/>\n\t<meta name=\"twitter:label2\" content=\"Est. tempo de leitura\" \/>\n\t<meta name=\"twitter:data2\" content=\"3 minutos\" \/>\n<script type=\"application\/ld+json\" class=\"yoast-schema-graph\">{\"@context\":\"https:\/\/schema.org\",\"@graph\":[{\"@type\":\"NewsArticle\",\"@id\":\"https:\/\/www.suno.com.br\/noticias\/boletim-focus-selic-inflacao-dolar-estavel-cpf\/#article\",\"isPartOf\":{\"@id\":\"https:\/\/www.suno.com.br\/noticias\/boletim-focus-selic-inflacao-dolar-estavel-cpf\/\"},\"author\":{\"name\":\"Camila Paim\",\"@id\":\"https:\/\/www.suno.com.br\/noticias\/#\/schema\/person\/f341d3ae5d1cc685176c9a5327cdfdbb\"},\"headline\":\"Selic est\u00e1vel e infla\u00e7\u00e3o em queda: Boletim Focus atualiza proje\u00e7\u00f5es nesta ter\u00e7a-feira\",\"datePublished\":\"2024-03-05T12:59:41+00:00\",\"dateModified\":\"2024-03-05T12:59:47+00:00\",\"mainEntityOfPage\":{\"@id\":\"https:\/\/www.suno.com.br\/noticias\/boletim-focus-selic-inflacao-dolar-estavel-cpf\/\"},\"wordCount\":484,\"publisher\":{\"@id\":\"https:\/\/www.suno.com.br\/noticias\/#organization\"},\"image\":{\"@id\":\"https:\/\/www.suno.com.br\/noticias\/boletim-focus-selic-inflacao-dolar-estavel-cpf\/#primaryimage\"},\"thumbnailUrl\":\"https:\/\/files.sunoresearch.com.br\/n\/uploads\/2023\/11\/Ibovespa-mercado-2.jpg\",\"keywords\":[\"Banco Central (BC)\",\"Boletim Focus\",\"d\u00f3lar\",\"infla\u00e7\u00e3o\",\"IPCA\",\"Produto Interno Bruto (PIB)\",\"Taxa Selic\"],\"articleSection\":[\"Economia\"],\"inLanguage\":\"pt-BR\"},{\"@type\":\"WebPage\",\"@id\":\"https:\/\/www.suno.com.br\/noticias\/boletim-focus-selic-inflacao-dolar-estavel-cpf\/\",\"url\":\"https:\/\/www.suno.com.br\/noticias\/boletim-focus-selic-inflacao-dolar-estavel-cpf\/\",\"name\":\"Selic est\u00e1vel e infla\u00e7\u00e3o em queda: Boletim Focus renova proje\u00e7\u00f5es\",\"isPartOf\":{\"@id\":\"https:\/\/www.suno.com.br\/noticias\/#website\"},\"primaryImageOfPage\":{\"@id\":\"https:\/\/www.suno.com.br\/noticias\/boletim-focus-selic-inflacao-dolar-estavel-cpf\/#primaryimage\"},\"image\":{\"@id\":\"https:\/\/www.suno.com.br\/noticias\/boletim-focus-selic-inflacao-dolar-estavel-cpf\/#primaryimage\"},\"thumbnailUrl\":\"https:\/\/files.sunoresearch.com.br\/n\/uploads\/2023\/11\/Ibovespa-mercado-2.jpg\",\"datePublished\":\"2024-03-05T12:59:41+00:00\",\"dateModified\":\"2024-03-05T12:59:47+00:00\",\"description\":\"O Boletim Focus do Banco Central atualizou suas proje\u00e7\u00f5es para a Selic, mantendo a taxa de juros em um patamar de 9,00% para o fim de 2024.\",\"breadcrumb\":{\"@id\":\"https:\/\/www.suno.com.br\/noticias\/boletim-focus-selic-inflacao-dolar-estavel-cpf\/#breadcrumb\"},\"inLanguage\":\"pt-BR\",\"potentialAction\":[{\"@type\":\"ReadAction\",\"target\":[\"https:\/\/www.suno.com.br\/noticias\/boletim-focus-selic-inflacao-dolar-estavel-cpf\/\"]}]},{\"@type\":\"ImageObject\",\"inLanguage\":\"pt-BR\",\"@id\":\"https:\/\/www.suno.com.br\/noticias\/boletim-focus-selic-inflacao-dolar-estavel-cpf\/#primaryimage\",\"url\":\"https:\/\/files.sunoresearch.com.br\/n\/uploads\/2023\/11\/Ibovespa-mercado-2.jpg\",\"contentUrl\":\"https:\/\/files.sunoresearch.com.br\/n\/uploads\/2023\/11\/Ibovespa-mercado-2.jpg\",\"width\":2121,\"height\":1414,\"caption\":\"Vivara (VIVA3), Gol (GOLL4) e Ultrapar (UGPA3) aquecem o mercado Foto: iStock.\"},{\"@type\":\"BreadcrumbList\",\"@id\":\"https:\/\/www.suno.com.br\/noticias\/boletim-focus-selic-inflacao-dolar-estavel-cpf\/#breadcrumb\",\"itemListElement\":[{\"@type\":\"ListItem\",\"position\":1,\"name\":\"Not\u00edcias\",\"item\":\"https:\/\/www.suno.com.br\/noticias\/\"},{\"@type\":\"ListItem\",\"position\":2,\"name\":\"Economia\",\"item\":\"https:\/\/www.suno.com.br\/noticias\/economia\/\"},{\"@type\":\"ListItem\",\"position\":3,\"name\":\"Selic est\u00e1vel e infla\u00e7\u00e3o em queda: Boletim Focus atualiza proje\u00e7\u00f5es nesta ter\u00e7a-feira\"}]},{\"@type\":\"WebSite\",\"@id\":\"https:\/\/www.suno.com.br\/noticias\/#website\",\"url\":\"https:\/\/www.suno.com.br\/noticias\/\",\"name\":\"Suno Not\u00edcias\",\"description\":\"Seu portal de informa\u00e7\u00e3o sobre o mundo dos investimentos\",\"publisher\":{\"@id\":\"https:\/\/www.suno.com.br\/noticias\/#organization\"},\"potentialAction\":[{\"@type\":\"SearchAction\",\"target\":{\"@type\":\"EntryPoint\",\"urlTemplate\":\"https:\/\/www.suno.com.br\/noticias\/?s={search_term_string}\"},\"query-input\":{\"@type\":\"PropertyValueSpecification\",\"valueRequired\":true,\"valueName\":\"search_term_string\"}}],\"inLanguage\":\"pt-BR\"},{\"@type\":\"Organization\",\"@id\":\"https:\/\/www.suno.com.br\/noticias\/#organization\",\"name\":\"Suno Not\u00edcias\",\"url\":\"https:\/\/www.suno.com.br\/noticias\/\",\"logo\":{\"@type\":\"ImageObject\",\"inLanguage\":\"pt-BR\",\"@id\":\"https:\/\/www.suno.com.br\/noticias\/#\/schema\/logo\/image\/\",\"url\":\"https:\/\/files.sunoresearch.com.br\/n\/uploads\/2021\/09\/suno-logo.png\",\"contentUrl\":\"https:\/\/files.sunoresearch.com.br\/n\/uploads\/2021\/09\/suno-logo.png\",\"width\":180,\"height\":180,\"caption\":\"Suno Not\u00edcias\"},\"image\":{\"@id\":\"https:\/\/www.suno.com.br\/noticias\/#\/schema\/logo\/image\/\"},\"sameAs\":[\"https:\/\/facebook.com\/sunoresearch\",\"https:\/\/x.com\/sunoresearch\",\"https:\/\/www.instagram.com\/suno\",\"https:\/\/www.linkedin.com\/company\/suno-research\/\",\"https:\/\/www.youtube.com\/c\/sunoresearch\"]},{\"@type\":\"Person\",\"@id\":\"https:\/\/www.suno.com.br\/noticias\/#\/schema\/person\/f341d3ae5d1cc685176c9a5327cdfdbb\",\"name\":\"Camila Paim\",\"image\":{\"@type\":\"ImageObject\",\"inLanguage\":\"pt-BR\",\"@id\":\"https:\/\/www.suno.com.br\/noticias\/#\/schema\/person\/image\/\",\"url\":\"https:\/\/secure.gravatar.com\/avatar\/f33728e65febb1aa7ecf6792956f9b20?s=96&r=g\",\"contentUrl\":\"https:\/\/secure.gravatar.com\/avatar\/f33728e65febb1aa7ecf6792956f9b20?s=96&r=g\",\"caption\":\"Camila Paim\"},\"description\":\"Jornalista formada pela USP, tem experi\u00eancia em reda\u00e7\u00f5es, SEO, Branded Content e Webdesign. Com passagem pelo Jornal da USP, Empiricus e C6 Bank, hoje \u00e9 rep\u00f3rter no Suno Not\u00edcias cobrindo macroeconomia, finan\u00e7as pessoais e startups.\",\"url\":\"https:\/\/www.suno.com.br\/noticias\/author\/camila-figueiredosuno-com-br\/\"}]}<\/script>\n<!-- \/ Yoast SEO plugin. -->","yoast_head_json":{"title":"Selic est\u00e1vel e infla\u00e7\u00e3o em queda: Boletim Focus renova proje\u00e7\u00f5es","description":"O Boletim Focus do Banco Central atualizou suas proje\u00e7\u00f5es para a Selic, mantendo a taxa de juros em um patamar de 9,00% para o fim de 2024.","robots":{"index":"index","follow":"follow","max-snippet":"max-snippet:-1","max-image-preview":"max-image-preview:large","max-video-preview":"max-video-preview:-1"},"canonical":"https:\/\/www.suno.com.br\/noticias\/boletim-focus-selic-inflacao-dolar-estavel-cpf\/","og_locale":"pt_BR","og_type":"article","og_title":"Selic est\u00e1vel e infla\u00e7\u00e3o em queda: Boletim Focus renova proje\u00e7\u00f5es","og_description":"O Boletim Focus do Banco Central atualizou suas proje\u00e7\u00f5es para a Selic, mantendo a taxa de juros em um patamar de 9,00% para o fim de 2024.","og_url":"https:\/\/www.suno.com.br\/noticias\/boletim-focus-selic-inflacao-dolar-estavel-cpf\/","og_site_name":"Suno Not\u00edcias","article_publisher":"https:\/\/facebook.com\/sunoresearch","og_image":[{"width":2121,"height":1414,"url":"https:\/\/files.sunoresearch.com.br\/n\/uploads\/2023\/11\/Ibovespa-mercado-2.jpg","type":"image\/jpeg"}],"author":"Camila Paim","twitter_card":"summary_large_image","twitter_creator":"@sunoresearch","twitter_site":"@sunoresearch","twitter_misc":{"Escrito por":"Camila Paim","Est. tempo de leitura":"3 minutos"},"schema":{"@context":"https:\/\/schema.org","@graph":[{"@type":"NewsArticle","@id":"https:\/\/www.suno.com.br\/noticias\/boletim-focus-selic-inflacao-dolar-estavel-cpf\/#article","isPartOf":{"@id":"https:\/\/www.suno.com.br\/noticias\/boletim-focus-selic-inflacao-dolar-estavel-cpf\/"},"author":{"name":"Camila Paim","@id":"https:\/\/www.suno.com.br\/noticias\/#\/schema\/person\/f341d3ae5d1cc685176c9a5327cdfdbb"},"headline":"Selic est\u00e1vel e infla\u00e7\u00e3o em queda: Boletim Focus atualiza proje\u00e7\u00f5es nesta ter\u00e7a-feira","datePublished":"2024-03-05T12:59:41+00:00","dateModified":"2024-03-05T12:59:47+00:00","mainEntityOfPage":{"@id":"https:\/\/www.suno.com.br\/noticias\/boletim-focus-selic-inflacao-dolar-estavel-cpf\/"},"wordCount":484,"publisher":{"@id":"https:\/\/www.suno.com.br\/noticias\/#organization"},"image":{"@id":"https:\/\/www.suno.com.br\/noticias\/boletim-focus-selic-inflacao-dolar-estavel-cpf\/#primaryimage"},"thumbnailUrl":"https:\/\/files.sunoresearch.com.br\/n\/uploads\/2023\/11\/Ibovespa-mercado-2.jpg","keywords":["Banco Central (BC)","Boletim Focus","d\u00f3lar","infla\u00e7\u00e3o","IPCA","Produto Interno Bruto (PIB)","Taxa Selic"],"articleSection":["Economia"],"inLanguage":"pt-BR"},{"@type":"WebPage","@id":"https:\/\/www.suno.com.br\/noticias\/boletim-focus-selic-inflacao-dolar-estavel-cpf\/","url":"https:\/\/www.suno.com.br\/noticias\/boletim-focus-selic-inflacao-dolar-estavel-cpf\/","name":"Selic est\u00e1vel e infla\u00e7\u00e3o em queda: Boletim Focus renova proje\u00e7\u00f5es","isPartOf":{"@id":"https:\/\/www.suno.com.br\/noticias\/#website"},"primaryImageOfPage":{"@id":"https:\/\/www.suno.com.br\/noticias\/boletim-focus-selic-inflacao-dolar-estavel-cpf\/#primaryimage"},"image":{"@id":"https:\/\/www.suno.com.br\/noticias\/boletim-focus-selic-inflacao-dolar-estavel-cpf\/#primaryimage"},"thumbnailUrl":"https:\/\/files.sunoresearch.com.br\/n\/uploads\/2023\/11\/Ibovespa-mercado-2.jpg","datePublished":"2024-03-05T12:59:41+00:00","dateModified":"2024-03-05T12:59:47+00:00","description":"O Boletim Focus do Banco Central atualizou suas proje\u00e7\u00f5es para a Selic, mantendo a taxa de juros em um patamar de 9,00% para o fim de 2024.","breadcrumb":{"@id":"https:\/\/www.suno.com.br\/noticias\/boletim-focus-selic-inflacao-dolar-estavel-cpf\/#breadcrumb"},"inLanguage":"pt-BR","potentialAction":[{"@type":"ReadAction","target":["https:\/\/www.suno.com.br\/noticias\/boletim-focus-selic-inflacao-dolar-estavel-cpf\/"]}]},{"@type":"ImageObject","inLanguage":"pt-BR","@id":"https:\/\/www.suno.com.br\/noticias\/boletim-focus-selic-inflacao-dolar-estavel-cpf\/#primaryimage","url":"https:\/\/files.sunoresearch.com.br\/n\/uploads\/2023\/11\/Ibovespa-mercado-2.jpg","contentUrl":"https:\/\/files.sunoresearch.com.br\/n\/uploads\/2023\/11\/Ibovespa-mercado-2.jpg","width":2121,"height":1414,"caption":"Vivara (VIVA3), Gol (GOLL4) e Ultrapar (UGPA3) aquecem o mercado Foto: iStock."},{"@type":"BreadcrumbList","@id":"https:\/\/www.suno.com.br\/noticias\/boletim-focus-selic-inflacao-dolar-estavel-cpf\/#breadcrumb","itemListElement":[{"@type":"ListItem","position":1,"name":"Not\u00edcias","item":"https:\/\/www.suno.com.br\/noticias\/"},{"@type":"ListItem","position":2,"name":"Economia","item":"https:\/\/www.suno.com.br\/noticias\/economia\/"},{"@type":"ListItem","position":3,"name":"Selic est\u00e1vel e infla\u00e7\u00e3o em queda: Boletim Focus atualiza proje\u00e7\u00f5es nesta ter\u00e7a-feira"}]},{"@type":"WebSite","@id":"https:\/\/www.suno.com.br\/noticias\/#website","url":"https:\/\/www.suno.com.br\/noticias\/","name":"Suno Not\u00edcias","description":"Seu portal de informa\u00e7\u00e3o sobre o mundo dos investimentos","publisher":{"@id":"https:\/\/www.suno.com.br\/noticias\/#organization"},"potentialAction":[{"@type":"SearchAction","target":{"@type":"EntryPoint","urlTemplate":"https:\/\/www.suno.com.br\/noticias\/?s={search_term_string}"},"query-input":{"@type":"PropertyValueSpecification","valueRequired":true,"valueName":"search_term_string"}}],"inLanguage":"pt-BR"},{"@type":"Organization","@id":"https:\/\/www.suno.com.br\/noticias\/#organization","name":"Suno Not\u00edcias","url":"https:\/\/www.suno.com.br\/noticias\/","logo":{"@type":"ImageObject","inLanguage":"pt-BR","@id":"https:\/\/www.suno.com.br\/noticias\/#\/schema\/logo\/image\/","url":"https:\/\/files.sunoresearch.com.br\/n\/uploads\/2021\/09\/suno-logo.png","contentUrl":"https:\/\/files.sunoresearch.com.br\/n\/uploads\/2021\/09\/suno-logo.png","width":180,"height":180,"caption":"Suno Not\u00edcias"},"image":{"@id":"https:\/\/www.suno.com.br\/noticias\/#\/schema\/logo\/image\/"},"sameAs":["https:\/\/facebook.com\/sunoresearch","https:\/\/x.com\/sunoresearch","https:\/\/www.instagram.com\/suno","https:\/\/www.linkedin.com\/company\/suno-research\/","https:\/\/www.youtube.com\/c\/sunoresearch"]},{"@type":"Person","@id":"https:\/\/www.suno.com.br\/noticias\/#\/schema\/person\/f341d3ae5d1cc685176c9a5327cdfdbb","name":"Camila Paim","image":{"@type":"ImageObject","inLanguage":"pt-BR","@id":"https:\/\/www.suno.com.br\/noticias\/#\/schema\/person\/image\/","url":"https:\/\/secure.gravatar.com\/avatar\/f33728e65febb1aa7ecf6792956f9b20?s=96&r=g","contentUrl":"https:\/\/secure.gravatar.com\/avatar\/f33728e65febb1aa7ecf6792956f9b20?s=96&r=g","caption":"Camila Paim"},"description":"Jornalista formada pela USP, tem experi\u00eancia em reda\u00e7\u00f5es, SEO, Branded Content e Webdesign. Com passagem pelo Jornal da USP, Empiricus e C6 Bank, hoje \u00e9 rep\u00f3rter no Suno Not\u00edcias cobrindo macroeconomia, finan\u00e7as pessoais e startups.","url":"https:\/\/www.suno.com.br\/noticias\/author\/camila-figueiredosuno-com-br\/"}]}},"default_loop_html":"<div class=\"cardsPage__listCard__boxs\"><div class=\"cardsPage__listCard__boxs__img\"><a href=\"https:\/\/www.suno.com.br\/noticias\/boletim-focus-selic-inflacao-dolar-estavel-cpf\/\"><img class=\"mask\" src=\"https:\/\/www.suno.com.br\/noticias\/wp-content\/themes\/suno\/resources\/images\/spotlight\/spotlight1img\/bg-mask.png\" alt=\"Image Mask\"\/><img src=\"https:\/\/files.sunoresearch.com.br\/n\/uploads\/2023\/11\/Ibovespa-mercado-2-400x200.jpg\" alt=\"Selic est\u00e1vel e infla\u00e7\u00e3o em queda: Boletim Focus atualiza proje\u00e7\u00f5es nesta ter\u00e7a-feira\"\/><\/a><span class=\"spotlightCategory\"><a href=\"https:\/\/www.suno.com.br\/noticias\/economia\/\">Economia<\/a><\/span><\/div><div class=\"cardsPage__listCard__boxs__content\"><a href=\"https:\/\/www.suno.com.br\/noticias\/boletim-focus-selic-inflacao-dolar-estavel-cpf\/\"><h2 class=\"content__title\">Selic est\u00e1vel e infla\u00e7\u00e3o em queda: Boletim Focus atualiza proje\u00e7\u00f5es nesta ter\u00e7a-feira<\/h2><\/a><div class=\"newsContent__article__meta\"><div class=\"newsContent__article__meta__authorBox\"><a href=\"https:\/\/www.suno.com.br\/noticias\/author\/giovanni-porfiriosuno-com-br\/\" class=\"authorBox__avatar noMobi\"><img src=\"https:\/\/files.sunoresearch.com.br\/n\/uploads\/2024\/05\/DSCF4115-1-1-150x150.webp\" alt=\"Giovanni Porf\u00edrio Jacomino\"><\/a><div class=\"authorBox__name\"><span>por\n\t\t\t<a href=\"https:\/\/www.suno.com.br\/noticias\/author\/giovanni-porfiriosuno-com-br\/\"><span itemprop=\"author\">Giovanni Porf\u00edrio Jacomino<\/span><\/a><\/span><time datetime=\"2024-03-05T09:59:41-03:00\" itemprop=\"datePublished\">05\/03\/2024 09:59<\/time><\/div><\/div><\/div><\/div><\/div>","single_layout":"posts","amp_enabled":true,"_links":{"self":[{"href":"https:\/\/www.suno.com.br\/noticias\/wp-json\/wp\/v2\/posts\/529638"}],"collection":[{"href":"https:\/\/www.suno.com.br\/noticias\/wp-json\/wp\/v2\/posts"}],"about":[{"href":"https:\/\/www.suno.com.br\/noticias\/wp-json\/wp\/v2\/types\/post"}],"author":[{"embeddable":true,"href":"https:\/\/www.suno.com.br\/noticias\/wp-json\/wp\/v2\/users\/283"}],"replies":[{"embeddable":true,"href":"https:\/\/www.suno.com.br\/noticias\/wp-json\/wp\/v2\/comments?post=529638"}],"version-history":[{"count":3,"href":"https:\/\/www.suno.com.br\/noticias\/wp-json\/wp\/v2\/posts\/529638\/revisions"}],"predecessor-version":[{"id":529654,"href":"https:\/\/www.suno.com.br\/noticias\/wp-json\/wp\/v2\/posts\/529638\/revisions\/529654"}],"wp:featuredmedia":[{"embeddable":true,"href":"https:\/\/www.suno.com.br\/noticias\/wp-json\/wp\/v2\/media\/491324"}],"wp:attachment":[{"href":"https:\/\/www.suno.com.br\/noticias\/wp-json\/wp\/v2\/media?parent=529638"}],"wp:term":[{"taxonomy":"category","embeddable":true,"href":"https:\/\/www.suno.com.br\/noticias\/wp-json\/wp\/v2\/categories?post=529638"},{"taxonomy":"post_tag","embeddable":true,"href":"https:\/\/www.suno.com.br\/noticias\/wp-json\/wp\/v2\/tags?post=529638"},{"taxonomy":"suno_strategy","embeddable":true,"href":"https:\/\/www.suno.com.br\/noticias\/wp-json\/wp\/v2\/suno_strategy?post=529638"}],"curies":[{"name":"wp","href":"https:\/\/api.w.org\/{rel}","templated":true}]}}