{"id":529605,"date":"2024-03-05T09:23:42","date_gmt":"2024-03-05T12:23:42","guid":{"rendered":"https:\/\/www.suno.com.br\/noticias\/?p=529605"},"modified":"2024-03-05T09:23:50","modified_gmt":"2024-03-05T12:23:50","slug":"azul-azul4-oferta-aquisicao-gol-goll4-gpj","status":"publish","type":"post","link":"https:\/\/www.suno.com.br\/noticias\/azul-azul4-oferta-aquisicao-gol-goll4-gpj\/","title":{"rendered":"Azul (AZUL4) avalia fazer oferta para aquisi\u00e7\u00e3o total da Gol (GOLL4), diz ag\u00eancia"},"content":{"rendered":"<p>Segundo fontes informaram \u00e0 Bloomberg News, a <strong>Azul <\/strong>(<a href=\"https:\/\/statusinvest.com.br\/acoes\/azul4\">AZUL4<\/a>) est\u00e1 trabalhando com o Citigroup e o Guggenheim Partners para explorar uma potencial oferta pela <a href=\"https:\/\/www.suno.com.br\/acoes\/GOLL4\/\">Gol (GOLL4)<\/a>. <\/p>\t<div class=\"wrapper-featured-image\">\n\t\t<figure class=\"spotlightImg\">\n\n\t\t\t<picture>\n\t\t\t\t<source media=\"(max-width: 768px)\" srcset=\"https:\/\/files.sunoresearch.com.br\/n\/uploads\/2019\/01\/a4bbc194-avi\u00e3o-embraer-usado-pela-azul-400x200.webp\">\n\t\t\t\t<img loading=\"lazy\" decoding=\"async\" class=\"newsContent__article__imgCapa lazyloadDisabled \" src=\"https:\/\/files.sunoresearch.com.br\/n\/uploads\/2019\/01\/a4bbc194-avi\u00e3o-embraer-usado-pela-azul-800x450.webp\" width=\"800\" height=\"450\" alt=\"Azul (AZUL4) avalia fazer oferta para aquisi\u00e7\u00e3o total da Gol (GOLL4), diz ag\u00eancia\" fetchpriority=high \/>\n\t\t\t<\/picture>\n\n\t\t\t<figcaption class=\"wp-caption-text wp-caption-text--show\">Azul (AZUL4). Foto: Divulga\u00e7\u00e3o.<\/figcaption>\n\t\t<\/figure>\n\t<\/div>\n\n\n\n\n\n\n\n\t<p>\n\t\t<a href=\"\" target=\"_blank\" data-element=\"shortcode-suno-banner\" title=\"Banner SUNO, clique e saiba mais\">\n\t\t\t<picture>\n\t\t\t\t<source media=\"(max-width: 500px)\" srcset=\"\">\n\t\t\t\t<img class=\"newsContent__article__imgCapa newsContent__article__imgCapa--banner\"\n\t\t\t\t\tsrc=\"\"\n\t\t\t\t\tdata-promo-id=\"265410\"\t\t\t\t\t\t\t\t\t\t\t\t\t\t\talt=\"\"\n\t\t\t\t>\n\t\t\t<\/picture>\n\t\t<\/a>\n\t<\/p>\n\n\n\n\n\n<p>De acordo com uma fonte, as empresas assessoram a Azul, que avalia diversas op\u00e7\u00f5es, incluindo a aquisi\u00e7\u00e3o completa de sua rival, mas ainda pode decidir por deixar a ideia de lado. Vale lembrar que qualquer oferta precisaria da aprova\u00e7\u00e3o do Conselho Administrativo de Defesa Econ\u00f4mica (Cade).<\/p>\n\n\n\n<p>No fim de janeiro, a<strong>\u00a0Gol\u00a0<\/strong>(<strong>GOLL4<\/strong>) entrou oficialmente com um pedido de recupera\u00e7\u00e3o judicial nos Estados Unidos, em procedimento chamado de Chapter 11.\u00a0No processo, a companhia a\u00e9rea conseguiu aumentar seu financiamento de devedores em posse para US$ 1 bilh\u00e3o, de US$ 950 milh\u00f5es.<\/p>\n\n\n\n<p>A Bloomberg lembra que embora as duas companhias &#8211; al\u00e9m da <strong>Latam<\/strong> &#8211; atendam algumas rotas de grande tr\u00e1fego, a Gol est\u00e1 mais concentrada em voos entre S\u00e3o Paulo, Rio de Janeiro e Bras\u00edlia, enquanto a rede da Azul para outras cidades \u00e9 maior.<\/p>\n\n\n\n<p>Para uma fonte, a Azul espera que a falta de sobreposi\u00e7\u00e3o entre as a\u00e9reas aumente suas chances de obter aprova\u00e7\u00e3o regulat\u00f3ria caso fa\u00e7a uma oferta.<\/p>\n\n\n\n<p>Em entrevista \u00e0 ag\u00eancia, o <strong>CEO da Azul<\/strong>, <strong>John Rodgerson<\/strong>, disse que a empresa monitora de perto a situa\u00e7\u00e3o. &#8220;Voc\u00ea tem a obriga\u00e7\u00e3o com seus acionistas de observar as oportunidades que existem&#8221;.<\/p>\n\n\n\n\t<div data-element=\"shortcode-read-more\" class=\"readToo\">\n\t\t\t\t<span class=\"readToo__title\">Leia mais<\/span>\n\t\t\t\t<ul class=\"readToo__list\">\n\t\t\t<li><a href=\"https:\/\/www.suno.com.br\/noticias\/gol-goll4-dividas-trabalhistas-pendentes-gss\/\">Gol (GOLL4) tem R$ 1,3 bilh\u00e3o em d\u00edvidas trabalhistas pendentes<\/a><\/li><li><a href=\"https:\/\/www.suno.com.br\/noticias\/gol-goll4-perde-milhoes-valor-mercado-recuperacao-judicial-jvj\/\">Gol (GOLL4) perde R$ 179,31 milh\u00f5es de valor de mercado ap\u00f3s entrar em recupera\u00e7\u00e3o judicial nos EUA<\/a><\/li><li><a href=\"https:\/\/www.suno.com.br\/noticias\/gol-goll4-renuncia-conselho-gpj\/\">Gol (GOLL4): ap\u00f3s pedido de recupera\u00e7\u00e3o judicial, membros renunciam ao conselho<\/a><\/li>\t\t<\/ul>\n\t<\/div>\n\n\n\n\n<h2 class=\"wp-block-heading\">Azul (AZUL4): Genial diz que \u201cempresa vai colher frutos\u201d da crise da Gol (GOLL4) e eleva recomenda\u00e7\u00e3o<\/h2>\n\n\n\n<p>Em relat\u00f3rio mais recente sobre as empresas do setor a\u00e9reo, a Genial Investimentos avalia que o ano come\u00e7a com uma perspectiva melhor do que em 2023. <\/p>\n\n\n\n<p>Neste contexto, a casa est\u00e1 elevando a recomenda\u00e7\u00e3o da&nbsp;<strong>Azul<\/strong>&nbsp;de manter para compra, com pre\u00e7o-alvo de R$ 23,00. Um dos motivos \u00e9 o valuation descontado para 2024 e a possibilidade de colher benef\u00edcios da situa\u00e7\u00e3o delicada da&nbsp;Gol, que teve recomenda\u00e7\u00e3o rebaixada (de manter para vender).&nbsp;<\/p>\n\n\n\n<p>Para 2024, a Genial avalia que as expectativas para o setor a\u00e9reo s\u00e3o mais positivas, impulsionadas por alguns fatores. Em primeiro lugar, os volumes de passageiros seguem em um patamar muito pr\u00f3ximo aos observados no per\u00edodo pr\u00e9-pandemia, apoiado por uma demanda resiliente e com espa\u00e7o para continuidade do movimento de recupera\u00e7\u00e3o.&nbsp;<\/p>\n\n\n\n<p>Al\u00e9m disso, os&nbsp;<strong>pre\u00e7os das passagens<\/strong>&nbsp;parecem estruturalmente mais altos, o que favorece as companhias a\u00e9reas. \u201cDesde a retomada do fluxo de viagens no p\u00f3s-pandemia, o setor convive com longas filas de espera para novas aeronaves. Por \u00faltimo, falando especificamente do Brasil, as crises envolvendo Hubs e a 123Milhas geraram uma press\u00e3o extra nos pre\u00e7os das passagens, um efeito que deve se estender por parte de 2024\u201d, destacam os analistas.&nbsp;<\/p>\n\n\n\n<p>Quanto \u00e0 Azul, a research destaca que o processo de renegocia\u00e7\u00e3o de d\u00edvidas da companhia foi mais bem conduzido que o da Gol, culminando em uma redu\u00e7\u00e3o de R$ 4,3 bilh\u00f5es dos passivos de arrendamento.<\/p>\n\n\n\t<p>\n\t\t<a href=\"https:\/\/lp.suno.com.br\/ebook-como-analisar-uma-acao\/\" target=\"_blank\" data-element=\"shortcode-suno-banner\" title=\"Banner SUNO, clique e saiba mais\">\n\t\t\t<picture>\n\t\t\t\t<source media=\"(max-width: 500px)\" srcset=\"https:\/\/files.sunoresearch.com.br\/n\/uploads\/2023\/03\/Ebook-Acoes-Mobile.jpg\">\n\t\t\t\t<img class=\"newsContent__article__imgCapa newsContent__article__imgCapa--banner\"\n\t\t\t\t\tsrc=\"https:\/\/files.sunoresearch.com.br\/n\/uploads\/2023\/03\/Ebook-Acoes-Desktop.jpg\"\n\t\t\t\t\tdata-promo-id=\"378302\"\t\t\t\t\t\t\t\t\t\twidth='1420' height='286'\t\t\t\t\talt=\"https:\/\/files.sunoresearch.com.br\/n\/uploads\/2023\/03\/Ebook-Acoes-Desktop.jpg\"\n\t\t\t\t>\n\t\t\t<\/picture>\n\t\t<\/a>\n\t<\/p>\n\n\n\n\n\n<p>Dentro do cen\u00e1rio atual, a Genial espera uma adi\u00e7\u00e3o de capacidade de 8% para 2024, acima da m\u00e9dia do setor. O cen\u00e1rio favor\u00e1vel para o yield e para o pre\u00e7o de combust\u00edvel deve ajudar a manter as&nbsp;<strong>margens da Azul&nbsp;<\/strong>nos patamares favor\u00e1veis de 2023. E as discuss\u00f5es com o governo sobre a estrutura\u00e7\u00e3o de um fundo para ajudar a redu\u00e7\u00e3o do custo da d\u00edvida podem beneficiar a empresa.<\/p>\n\n\n\n<p>\u201cEstimamos uma&nbsp;<a href=\"https:\/\/www.suno.com.br\/artigos\/o-que-receita-liquida\/\" target=\"_blank\" rel=\"noreferrer noopener\">receita l\u00edquida<\/a>&nbsp;de R$ 20,2 bilh\u00f5es e um Ebitda de R$ 5,9 bilh\u00f5es em 2024\u201d, projeta a equipe da casa. A Azul ainda negocia com desconto em rela\u00e7\u00e3o \u00e0 sua m\u00e9dia hist\u00f3rica e tamb\u00e9m em compara\u00e7\u00e3o com a m\u00e9dia p\u00f3s-pandemia, com um m\u00faltiplo de EV\/EBITDA de 4,8x para 2024, em compara\u00e7\u00e3o com uma m\u00e9dia hist\u00f3rica de 8x.<\/p>\n\n\n\n<p>\u201cPortanto, do lado positivo, o&nbsp;4T23 da<strong> Azul<\/strong>&nbsp;deve ser marcado por um desempenho operacional robusto, acompanhado de uma receita recorde e volumes expressivos. Os dados do IPCA de passagens no per\u00edodo indicam um aumento de pre\u00e7o equivalente a 47% a\/a favorecendo um novo incremento no yield\u201d, afirma a Genial.<\/p>\n\n\n\t<p>\n\t\t<a href=\"https:\/\/lp.suno.com.br\/plataforma-de-controle-de-investimentos\/\" target=\"_blank\" data-element=\"shortcode-suno-banner\" title=\"Banner SUNO, clique e saiba mais\">\n\t\t\t<picture>\n\t\t\t\t<source media=\"(max-width: 500px)\" srcset=\"https:\/\/files.sunoresearch.com.br\/n\/uploads\/2023\/03\/400x300-Controle-de-Investimentos.png\">\n\t\t\t\t<img class=\"newsContent__article__imgCapa newsContent__article__imgCapa--banner\"\n\t\t\t\t\tsrc=\"https:\/\/files.sunoresearch.com.br\/n\/uploads\/2023\/03\/1420x240-Controle-de-Investimentos.png\"\n\t\t\t\t\tdata-promo-id=\"383162\"\t\t\t\t\t\t\t\t\t\twidth='1420' height='240'\t\t\t\t\talt=\"https:\/\/files.sunoresearch.com.br\/n\/uploads\/2023\/03\/1420x240-Controle-de-Investimentos.png\"\n\t\t\t\t>\n\t\t\t<\/picture>\n\t\t<\/a>\n\t<\/p>\n\n\n","protected":false},"excerpt":{"rendered":"<p>Segundo fontes informaram \u00e0 Bloomberg News, a Azul (AZUL4) est\u00e1 trabalhando com o Citigroup e o Guggenheim Partners para explorar uma potencial oferta pela Gol (GOLL4). Azul (AZUL4). Foto: Divulga\u00e7\u00e3o. De acordo com uma fonte, as empresas assessoram a Azul, que avalia diversas op\u00e7\u00f5es, incluindo a aquisi\u00e7\u00e3o completa de sua rival, mas ainda pode decidir [&hellip;]<\/p>\n","protected":false},"author":313,"featured_media":11416,"comment_status":"closed","ping_status":"closed","sticky":false,"template":"","format":"standard","meta":[],"categories":[64],"tags":[106932,489],"suno_strategy":[],"class_list":["post-529605","post","type-post","status-publish","format-standard","has-post-thumbnail","hentry","category-negocios","tag-azul-azul4","tag-gol-linhas-aereas-goll11-goll4"],"yoast_head":"<!-- This site is optimized with the Yoast SEO plugin v24.4 - https:\/\/yoast.com\/wordpress\/plugins\/seo\/ -->\n<title>Azul (AZUL4) avalia comprar Gol (GOLL4) totalmente, diz ag\u00eancia<\/title>\n<meta name=\"description\" content=\"Segundo fontes informaram \u00e0 Bloomberg, a Azul (AZUL4) est\u00e1 trabalhando com para explorar uma potencial oferta pela Gol (GOLL4).\" \/>\n<meta name=\"robots\" content=\"index, follow, max-snippet:-1, max-image-preview:large, max-video-preview:-1\" \/>\n<link rel=\"canonical\" href=\"https:\/\/www.suno.com.br\/noticias\/azul-azul4-oferta-aquisicao-gol-goll4-gpj\/\" \/>\n<meta property=\"og:locale\" content=\"pt_BR\" \/>\n<meta property=\"og:type\" content=\"article\" \/>\n<meta property=\"og:title\" content=\"Azul (AZUL4) avalia comprar Gol (GOLL4) totalmente, diz ag\u00eancia\" \/>\n<meta property=\"og:description\" content=\"Segundo fontes informaram \u00e0 Bloomberg, a Azul (AZUL4) est\u00e1 trabalhando com para explorar uma potencial oferta pela Gol (GOLL4).\" \/>\n<meta property=\"og:url\" content=\"https:\/\/www.suno.com.br\/noticias\/azul-azul4-oferta-aquisicao-gol-goll4-gpj\/\" \/>\n<meta property=\"og:site_name\" content=\"Suno Not\u00edcias\" \/>\n<meta property=\"article:publisher\" content=\"https:\/\/facebook.com\/sunoresearch\" \/>\n<meta property=\"og:image\" content=\"https:\/\/files.sunoresearch.com.br\/n\/uploads\/2019\/01\/a4bbc194-avi\u00e3o-embraer-usado-pela-azul-1024x728.jpg\" \/>\n\t<meta property=\"og:image:width\" content=\"1024\" \/>\n\t<meta property=\"og:image:height\" content=\"728\" \/>\n\t<meta property=\"og:image:type\" content=\"image\/jpeg\" \/>\n<meta name=\"author\" content=\"Giovanni Porf\u00edrio Jacomino\" \/>\n<meta name=\"twitter:card\" content=\"summary_large_image\" \/>\n<meta name=\"twitter:creator\" content=\"@sunoresearch\" \/>\n<meta name=\"twitter:site\" content=\"@sunoresearch\" \/>\n<meta name=\"twitter:label1\" content=\"Escrito por\" \/>\n\t<meta name=\"twitter:data1\" content=\"Giovanni Porf\u00edrio Jacomino\" \/>\n\t<meta name=\"twitter:label2\" content=\"Est. tempo de leitura\" \/>\n\t<meta name=\"twitter:data2\" content=\"4 minutos\" \/>\n<script type=\"application\/ld+json\" class=\"yoast-schema-graph\">{\"@context\":\"https:\/\/schema.org\",\"@graph\":[{\"@type\":\"NewsArticle\",\"@id\":\"https:\/\/www.suno.com.br\/noticias\/azul-azul4-oferta-aquisicao-gol-goll4-gpj\/#article\",\"isPartOf\":{\"@id\":\"https:\/\/www.suno.com.br\/noticias\/azul-azul4-oferta-aquisicao-gol-goll4-gpj\/\"},\"author\":{\"name\":\"Giovanni Porf\u00edrio Jacomino\",\"@id\":\"https:\/\/www.suno.com.br\/noticias\/#\/schema\/person\/d0f32748bbca4bee871fa191ee4e2d40\"},\"headline\":\"Azul (AZUL4) avalia fazer oferta para aquisi\u00e7\u00e3o total da Gol (GOLL4), diz ag\u00eancia\",\"datePublished\":\"2024-03-05T12:23:42+00:00\",\"dateModified\":\"2024-03-05T12:23:50+00:00\",\"mainEntityOfPage\":{\"@id\":\"https:\/\/www.suno.com.br\/noticias\/azul-azul4-oferta-aquisicao-gol-goll4-gpj\/\"},\"wordCount\":733,\"publisher\":{\"@id\":\"https:\/\/www.suno.com.br\/noticias\/#organization\"},\"image\":{\"@id\":\"https:\/\/www.suno.com.br\/noticias\/azul-azul4-oferta-aquisicao-gol-goll4-gpj\/#primaryimage\"},\"thumbnailUrl\":\"https:\/\/files.sunoresearch.com.br\/n\/uploads\/2019\/01\/a4bbc194-avi\u00e3o-embraer-usado-pela-azul-scaled.webp\",\"keywords\":[\"Azul (AZUL4)\",\"Gol Linhas A\u00e9reas (GOLL11\/GOLL4)\"],\"articleSection\":[\"Neg\u00f3cios\"],\"inLanguage\":\"pt-BR\"},{\"@type\":\"WebPage\",\"@id\":\"https:\/\/www.suno.com.br\/noticias\/azul-azul4-oferta-aquisicao-gol-goll4-gpj\/\",\"url\":\"https:\/\/www.suno.com.br\/noticias\/azul-azul4-oferta-aquisicao-gol-goll4-gpj\/\",\"name\":\"Azul (AZUL4) avalia comprar Gol (GOLL4) totalmente, diz ag\u00eancia\",\"isPartOf\":{\"@id\":\"https:\/\/www.suno.com.br\/noticias\/#website\"},\"primaryImageOfPage\":{\"@id\":\"https:\/\/www.suno.com.br\/noticias\/azul-azul4-oferta-aquisicao-gol-goll4-gpj\/#primaryimage\"},\"image\":{\"@id\":\"https:\/\/www.suno.com.br\/noticias\/azul-azul4-oferta-aquisicao-gol-goll4-gpj\/#primaryimage\"},\"thumbnailUrl\":\"https:\/\/files.sunoresearch.com.br\/n\/uploads\/2019\/01\/a4bbc194-avi\u00e3o-embraer-usado-pela-azul-scaled.webp\",\"datePublished\":\"2024-03-05T12:23:42+00:00\",\"dateModified\":\"2024-03-05T12:23:50+00:00\",\"description\":\"Segundo fontes informaram \u00e0 Bloomberg, a Azul (AZUL4) est\u00e1 trabalhando com para explorar uma potencial oferta pela Gol (GOLL4).\",\"breadcrumb\":{\"@id\":\"https:\/\/www.suno.com.br\/noticias\/azul-azul4-oferta-aquisicao-gol-goll4-gpj\/#breadcrumb\"},\"inLanguage\":\"pt-BR\",\"potentialAction\":[{\"@type\":\"ReadAction\",\"target\":[\"https:\/\/www.suno.com.br\/noticias\/azul-azul4-oferta-aquisicao-gol-goll4-gpj\/\"]}]},{\"@type\":\"ImageObject\",\"inLanguage\":\"pt-BR\",\"@id\":\"https:\/\/www.suno.com.br\/noticias\/azul-azul4-oferta-aquisicao-gol-goll4-gpj\/#primaryimage\",\"url\":\"https:\/\/files.sunoresearch.com.br\/n\/uploads\/2019\/01\/a4bbc194-avi\u00e3o-embraer-usado-pela-azul-scaled.webp\",\"contentUrl\":\"https:\/\/files.sunoresearch.com.br\/n\/uploads\/2019\/01\/a4bbc194-avi\u00e3o-embraer-usado-pela-azul-scaled.webp\",\"width\":2560,\"height\":1821,\"caption\":\"Azul (AZUL4). Foto: Divulga\u00e7\u00e3o.\"},{\"@type\":\"BreadcrumbList\",\"@id\":\"https:\/\/www.suno.com.br\/noticias\/azul-azul4-oferta-aquisicao-gol-goll4-gpj\/#breadcrumb\",\"itemListElement\":[{\"@type\":\"ListItem\",\"position\":1,\"name\":\"Not\u00edcias\",\"item\":\"https:\/\/www.suno.com.br\/noticias\/\"},{\"@type\":\"ListItem\",\"position\":2,\"name\":\"Neg\u00f3cios\",\"item\":\"https:\/\/www.suno.com.br\/noticias\/negocios\/\"},{\"@type\":\"ListItem\",\"position\":3,\"name\":\"Azul (AZUL4) avalia fazer oferta para aquisi\u00e7\u00e3o total da Gol (GOLL4), diz ag\u00eancia\"}]},{\"@type\":\"WebSite\",\"@id\":\"https:\/\/www.suno.com.br\/noticias\/#website\",\"url\":\"https:\/\/www.suno.com.br\/noticias\/\",\"name\":\"Suno Not\u00edcias\",\"description\":\"Seu portal de informa\u00e7\u00e3o sobre o mundo dos investimentos\",\"publisher\":{\"@id\":\"https:\/\/www.suno.com.br\/noticias\/#organization\"},\"potentialAction\":[{\"@type\":\"SearchAction\",\"target\":{\"@type\":\"EntryPoint\",\"urlTemplate\":\"https:\/\/www.suno.com.br\/noticias\/?s={search_term_string}\"},\"query-input\":{\"@type\":\"PropertyValueSpecification\",\"valueRequired\":true,\"valueName\":\"search_term_string\"}}],\"inLanguage\":\"pt-BR\"},{\"@type\":\"Organization\",\"@id\":\"https:\/\/www.suno.com.br\/noticias\/#organization\",\"name\":\"Suno Not\u00edcias\",\"url\":\"https:\/\/www.suno.com.br\/noticias\/\",\"logo\":{\"@type\":\"ImageObject\",\"inLanguage\":\"pt-BR\",\"@id\":\"https:\/\/www.suno.com.br\/noticias\/#\/schema\/logo\/image\/\",\"url\":\"https:\/\/files.sunoresearch.com.br\/n\/uploads\/2021\/09\/suno-logo.png\",\"contentUrl\":\"https:\/\/files.sunoresearch.com.br\/n\/uploads\/2021\/09\/suno-logo.png\",\"width\":180,\"height\":180,\"caption\":\"Suno Not\u00edcias\"},\"image\":{\"@id\":\"https:\/\/www.suno.com.br\/noticias\/#\/schema\/logo\/image\/\"},\"sameAs\":[\"https:\/\/facebook.com\/sunoresearch\",\"https:\/\/x.com\/sunoresearch\",\"https:\/\/www.instagram.com\/suno\",\"https:\/\/www.linkedin.com\/company\/suno-research\/\",\"https:\/\/www.youtube.com\/c\/sunoresearch\"]},{\"@type\":\"Person\",\"@id\":\"https:\/\/www.suno.com.br\/noticias\/#\/schema\/person\/d0f32748bbca4bee871fa191ee4e2d40\",\"name\":\"Giovanni Porf\u00edrio Jacomino\",\"image\":{\"@type\":\"ImageObject\",\"inLanguage\":\"pt-BR\",\"@id\":\"https:\/\/www.suno.com.br\/noticias\/#\/schema\/person\/image\/\",\"url\":\"https:\/\/secure.gravatar.com\/avatar\/efb32e19b730a121cb7a80f41ffec01a?s=96&r=g\",\"contentUrl\":\"https:\/\/secure.gravatar.com\/avatar\/efb32e19b730a121cb7a80f41ffec01a?s=96&r=g\",\"caption\":\"Giovanni Porf\u00edrio Jacomino\"},\"description\":\"Giovanni Porf\u00edrio Jacomino \u00e9 jornalista formado pela Universidade Estadual de Londrina (UEL) e p\u00f3s-graduado em Produ\u00e7\u00e3o e Pr\u00e1ticas Jornal\u00edsticas na Contemporaneidade na Faculdade C\u00e1sper L\u00edbero (FCL). Foi editor web no Startupi e no Finsiders, atuando ainda como editor no TC Mover, portal de not\u00edcias da TradersClub, fazendo a cobertura de assuntos relacionados ao mercado financeiro interno e externo. Atualmente, \u00e9 Rep\u00f3rter do Suno Not\u00edcias.\",\"url\":\"https:\/\/www.suno.com.br\/noticias\/author\/giovanni-porfiriosuno-com-br\/\"}]}<\/script>\n<!-- \/ Yoast SEO plugin. -->","yoast_head_json":{"title":"Azul (AZUL4) avalia comprar Gol (GOLL4) totalmente, diz ag\u00eancia","description":"Segundo fontes informaram \u00e0 Bloomberg, a Azul (AZUL4) est\u00e1 trabalhando com para explorar uma potencial oferta pela Gol (GOLL4).","robots":{"index":"index","follow":"follow","max-snippet":"max-snippet:-1","max-image-preview":"max-image-preview:large","max-video-preview":"max-video-preview:-1"},"canonical":"https:\/\/www.suno.com.br\/noticias\/azul-azul4-oferta-aquisicao-gol-goll4-gpj\/","og_locale":"pt_BR","og_type":"article","og_title":"Azul (AZUL4) avalia comprar Gol (GOLL4) totalmente, diz ag\u00eancia","og_description":"Segundo fontes informaram \u00e0 Bloomberg, a Azul (AZUL4) est\u00e1 trabalhando com para explorar uma potencial oferta pela Gol (GOLL4).","og_url":"https:\/\/www.suno.com.br\/noticias\/azul-azul4-oferta-aquisicao-gol-goll4-gpj\/","og_site_name":"Suno Not\u00edcias","article_publisher":"https:\/\/facebook.com\/sunoresearch","og_image":[{"width":1024,"height":728,"url":"https:\/\/files.sunoresearch.com.br\/n\/uploads\/2019\/01\/a4bbc194-avi\u00e3o-embraer-usado-pela-azul-1024x728.jpg","type":"image\/jpeg"}],"author":"Giovanni Porf\u00edrio Jacomino","twitter_card":"summary_large_image","twitter_creator":"@sunoresearch","twitter_site":"@sunoresearch","twitter_misc":{"Escrito por":"Giovanni Porf\u00edrio Jacomino","Est. tempo de leitura":"4 minutos"},"schema":{"@context":"https:\/\/schema.org","@graph":[{"@type":"NewsArticle","@id":"https:\/\/www.suno.com.br\/noticias\/azul-azul4-oferta-aquisicao-gol-goll4-gpj\/#article","isPartOf":{"@id":"https:\/\/www.suno.com.br\/noticias\/azul-azul4-oferta-aquisicao-gol-goll4-gpj\/"},"author":{"name":"Giovanni Porf\u00edrio Jacomino","@id":"https:\/\/www.suno.com.br\/noticias\/#\/schema\/person\/d0f32748bbca4bee871fa191ee4e2d40"},"headline":"Azul (AZUL4) avalia fazer oferta para aquisi\u00e7\u00e3o total da Gol (GOLL4), diz ag\u00eancia","datePublished":"2024-03-05T12:23:42+00:00","dateModified":"2024-03-05T12:23:50+00:00","mainEntityOfPage":{"@id":"https:\/\/www.suno.com.br\/noticias\/azul-azul4-oferta-aquisicao-gol-goll4-gpj\/"},"wordCount":733,"publisher":{"@id":"https:\/\/www.suno.com.br\/noticias\/#organization"},"image":{"@id":"https:\/\/www.suno.com.br\/noticias\/azul-azul4-oferta-aquisicao-gol-goll4-gpj\/#primaryimage"},"thumbnailUrl":"https:\/\/files.sunoresearch.com.br\/n\/uploads\/2019\/01\/a4bbc194-avi\u00e3o-embraer-usado-pela-azul-scaled.webp","keywords":["Azul (AZUL4)","Gol Linhas A\u00e9reas (GOLL11\/GOLL4)"],"articleSection":["Neg\u00f3cios"],"inLanguage":"pt-BR"},{"@type":"WebPage","@id":"https:\/\/www.suno.com.br\/noticias\/azul-azul4-oferta-aquisicao-gol-goll4-gpj\/","url":"https:\/\/www.suno.com.br\/noticias\/azul-azul4-oferta-aquisicao-gol-goll4-gpj\/","name":"Azul (AZUL4) avalia comprar Gol (GOLL4) totalmente, diz ag\u00eancia","isPartOf":{"@id":"https:\/\/www.suno.com.br\/noticias\/#website"},"primaryImageOfPage":{"@id":"https:\/\/www.suno.com.br\/noticias\/azul-azul4-oferta-aquisicao-gol-goll4-gpj\/#primaryimage"},"image":{"@id":"https:\/\/www.suno.com.br\/noticias\/azul-azul4-oferta-aquisicao-gol-goll4-gpj\/#primaryimage"},"thumbnailUrl":"https:\/\/files.sunoresearch.com.br\/n\/uploads\/2019\/01\/a4bbc194-avi\u00e3o-embraer-usado-pela-azul-scaled.webp","datePublished":"2024-03-05T12:23:42+00:00","dateModified":"2024-03-05T12:23:50+00:00","description":"Segundo fontes informaram \u00e0 Bloomberg, a Azul (AZUL4) est\u00e1 trabalhando com para explorar uma potencial oferta pela Gol (GOLL4).","breadcrumb":{"@id":"https:\/\/www.suno.com.br\/noticias\/azul-azul4-oferta-aquisicao-gol-goll4-gpj\/#breadcrumb"},"inLanguage":"pt-BR","potentialAction":[{"@type":"ReadAction","target":["https:\/\/www.suno.com.br\/noticias\/azul-azul4-oferta-aquisicao-gol-goll4-gpj\/"]}]},{"@type":"ImageObject","inLanguage":"pt-BR","@id":"https:\/\/www.suno.com.br\/noticias\/azul-azul4-oferta-aquisicao-gol-goll4-gpj\/#primaryimage","url":"https:\/\/files.sunoresearch.com.br\/n\/uploads\/2019\/01\/a4bbc194-avi\u00e3o-embraer-usado-pela-azul-scaled.webp","contentUrl":"https:\/\/files.sunoresearch.com.br\/n\/uploads\/2019\/01\/a4bbc194-avi\u00e3o-embraer-usado-pela-azul-scaled.webp","width":2560,"height":1821,"caption":"Azul (AZUL4). Foto: Divulga\u00e7\u00e3o."},{"@type":"BreadcrumbList","@id":"https:\/\/www.suno.com.br\/noticias\/azul-azul4-oferta-aquisicao-gol-goll4-gpj\/#breadcrumb","itemListElement":[{"@type":"ListItem","position":1,"name":"Not\u00edcias","item":"https:\/\/www.suno.com.br\/noticias\/"},{"@type":"ListItem","position":2,"name":"Neg\u00f3cios","item":"https:\/\/www.suno.com.br\/noticias\/negocios\/"},{"@type":"ListItem","position":3,"name":"Azul (AZUL4) avalia fazer oferta para aquisi\u00e7\u00e3o total da Gol (GOLL4), diz ag\u00eancia"}]},{"@type":"WebSite","@id":"https:\/\/www.suno.com.br\/noticias\/#website","url":"https:\/\/www.suno.com.br\/noticias\/","name":"Suno Not\u00edcias","description":"Seu portal de informa\u00e7\u00e3o sobre o mundo dos investimentos","publisher":{"@id":"https:\/\/www.suno.com.br\/noticias\/#organization"},"potentialAction":[{"@type":"SearchAction","target":{"@type":"EntryPoint","urlTemplate":"https:\/\/www.suno.com.br\/noticias\/?s={search_term_string}"},"query-input":{"@type":"PropertyValueSpecification","valueRequired":true,"valueName":"search_term_string"}}],"inLanguage":"pt-BR"},{"@type":"Organization","@id":"https:\/\/www.suno.com.br\/noticias\/#organization","name":"Suno Not\u00edcias","url":"https:\/\/www.suno.com.br\/noticias\/","logo":{"@type":"ImageObject","inLanguage":"pt-BR","@id":"https:\/\/www.suno.com.br\/noticias\/#\/schema\/logo\/image\/","url":"https:\/\/files.sunoresearch.com.br\/n\/uploads\/2021\/09\/suno-logo.png","contentUrl":"https:\/\/files.sunoresearch.com.br\/n\/uploads\/2021\/09\/suno-logo.png","width":180,"height":180,"caption":"Suno Not\u00edcias"},"image":{"@id":"https:\/\/www.suno.com.br\/noticias\/#\/schema\/logo\/image\/"},"sameAs":["https:\/\/facebook.com\/sunoresearch","https:\/\/x.com\/sunoresearch","https:\/\/www.instagram.com\/suno","https:\/\/www.linkedin.com\/company\/suno-research\/","https:\/\/www.youtube.com\/c\/sunoresearch"]},{"@type":"Person","@id":"https:\/\/www.suno.com.br\/noticias\/#\/schema\/person\/d0f32748bbca4bee871fa191ee4e2d40","name":"Giovanni Porf\u00edrio Jacomino","image":{"@type":"ImageObject","inLanguage":"pt-BR","@id":"https:\/\/www.suno.com.br\/noticias\/#\/schema\/person\/image\/","url":"https:\/\/secure.gravatar.com\/avatar\/efb32e19b730a121cb7a80f41ffec01a?s=96&r=g","contentUrl":"https:\/\/secure.gravatar.com\/avatar\/efb32e19b730a121cb7a80f41ffec01a?s=96&r=g","caption":"Giovanni Porf\u00edrio Jacomino"},"description":"Giovanni Porf\u00edrio Jacomino \u00e9 jornalista formado pela Universidade Estadual de Londrina (UEL) e p\u00f3s-graduado em Produ\u00e7\u00e3o e Pr\u00e1ticas Jornal\u00edsticas na Contemporaneidade na Faculdade C\u00e1sper L\u00edbero (FCL). Foi editor web no Startupi e no Finsiders, atuando ainda como editor no TC Mover, portal de not\u00edcias da TradersClub, fazendo a cobertura de assuntos relacionados ao mercado financeiro interno e externo. Atualmente, \u00e9 Rep\u00f3rter do Suno Not\u00edcias.","url":"https:\/\/www.suno.com.br\/noticias\/author\/giovanni-porfiriosuno-com-br\/"}]}},"default_loop_html":"<div class=\"cardsPage__listCard__boxs\"><div class=\"cardsPage__listCard__boxs__img\"><a href=\"https:\/\/www.suno.com.br\/noticias\/azul-azul4-oferta-aquisicao-gol-goll4-gpj\/\"><img class=\"mask\" src=\"https:\/\/www.suno.com.br\/noticias\/wp-content\/themes\/suno\/resources\/images\/spotlight\/spotlight1img\/bg-mask.png\" alt=\"Image Mask\"\/><img src=\"https:\/\/files.sunoresearch.com.br\/n\/uploads\/2019\/01\/a4bbc194-avi\u00e3o-embraer-usado-pela-azul-400x200.webp\" alt=\"Azul (AZUL4) avalia fazer oferta para aquisi\u00e7\u00e3o total da Gol (GOLL4), diz ag\u00eancia\"\/><\/a><span class=\"spotlightCategory\"><a href=\"https:\/\/www.suno.com.br\/noticias\/negocios\/\">Neg\u00f3cios<\/a><\/span><\/div><div class=\"cardsPage__listCard__boxs__content\"><a href=\"https:\/\/www.suno.com.br\/noticias\/azul-azul4-oferta-aquisicao-gol-goll4-gpj\/\"><h2 class=\"content__title\">Azul (AZUL4) avalia fazer oferta para aquisi\u00e7\u00e3o total da Gol (GOLL4), diz ag\u00eancia<\/h2><\/a><div class=\"newsContent__article__meta\"><div class=\"newsContent__article__meta__authorBox\"><a href=\"https:\/\/www.suno.com.br\/noticias\/author\/giovanni-porfiriosuno-com-br\/\" class=\"authorBox__avatar noMobi\"><img src=\"https:\/\/files.sunoresearch.com.br\/n\/uploads\/2024\/05\/DSCF4115-1-1-150x150.webp\" alt=\"Giovanni Porf\u00edrio Jacomino\"><\/a><div class=\"authorBox__name\"><span>por\n\t\t\t<a href=\"https:\/\/www.suno.com.br\/noticias\/author\/giovanni-porfiriosuno-com-br\/\"><span itemprop=\"author\">Giovanni Porf\u00edrio Jacomino<\/span><\/a><\/span><time datetime=\"2024-03-05T09:23:42-03:00\" itemprop=\"datePublished\">05\/03\/2024 09:23<\/time><\/div><\/div><\/div><\/div><\/div>","single_layout":"posts","amp_enabled":true,"_links":{"self":[{"href":"https:\/\/www.suno.com.br\/noticias\/wp-json\/wp\/v2\/posts\/529605"}],"collection":[{"href":"https:\/\/www.suno.com.br\/noticias\/wp-json\/wp\/v2\/posts"}],"about":[{"href":"https:\/\/www.suno.com.br\/noticias\/wp-json\/wp\/v2\/types\/post"}],"author":[{"embeddable":true,"href":"https:\/\/www.suno.com.br\/noticias\/wp-json\/wp\/v2\/users\/313"}],"replies":[{"embeddable":true,"href":"https:\/\/www.suno.com.br\/noticias\/wp-json\/wp\/v2\/comments?post=529605"}],"version-history":[{"count":2,"href":"https:\/\/www.suno.com.br\/noticias\/wp-json\/wp\/v2\/posts\/529605\/revisions"}],"predecessor-version":[{"id":529631,"href":"https:\/\/www.suno.com.br\/noticias\/wp-json\/wp\/v2\/posts\/529605\/revisions\/529631"}],"wp:featuredmedia":[{"embeddable":true,"href":"https:\/\/www.suno.com.br\/noticias\/wp-json\/wp\/v2\/media\/11416"}],"wp:attachment":[{"href":"https:\/\/www.suno.com.br\/noticias\/wp-json\/wp\/v2\/media?parent=529605"}],"wp:term":[{"taxonomy":"category","embeddable":true,"href":"https:\/\/www.suno.com.br\/noticias\/wp-json\/wp\/v2\/categories?post=529605"},{"taxonomy":"post_tag","embeddable":true,"href":"https:\/\/www.suno.com.br\/noticias\/wp-json\/wp\/v2\/tags?post=529605"},{"taxonomy":"suno_strategy","embeddable":true,"href":"https:\/\/www.suno.com.br\/noticias\/wp-json\/wp\/v2\/suno_strategy?post=529605"}],"curies":[{"name":"wp","href":"https:\/\/api.w.org\/{rel}","templated":true}]}}