{"id":529528,"date":"2024-03-04T23:56:01","date_gmt":"2024-03-05T02:56:01","guid":{"rendered":"https:\/\/www.suno.com.br\/noticias\/?p=529528"},"modified":"2024-03-04T23:56:14","modified_gmt":"2024-03-05T02:56:14","slug":"radar-itau-itub4-cvc-cvcb3-banco-do-brasil-bbas3","status":"publish","type":"post","link":"https:\/\/www.suno.com.br\/noticias\/radar-itau-itub4-cvc-cvcb3-banco-do-brasil-bbas3\/","title":{"rendered":"Radar: Ita\u00fa (ITUB4) aprova JCP, analistas recomendam a\u00e7\u00f5es de CVC (CVCB3) e XP reitera otimismo para o Banco do Brasil (BBAS3)"},"content":{"rendered":"<p>O\u00a0<a href=\"https:\/\/www.suno.com.br\/artigos\/conselho-administracao\/\" target=\"_blank\" rel=\"noreferrer noopener\">conselho de administra\u00e7\u00e3o<\/a>\u00a0do<strong>\u00a0<a href=\"https:\/\/www.suno.com.br\/acoes\/ITUB4\/\" target=\"_blank\" rel=\"noreferrer noopener\">Ita\u00fa<\/a><\/strong><a href=\"https:\/\/www.suno.com.br\/acoes\/ITUB4\/\" target=\"_blank\" rel=\"noreferrer noopener\">\u00a0(ITUB4)<\/a>\u00a0aprovou hoje (4) um novo pagamento de\u00a0<a href=\"https:\/\/www.suno.com.br\/artigos\/entenda-o-jcp\/\" target=\"_blank\" rel=\"noreferrer noopener\">juros sobre capital pr\u00f3prio<\/a>\u00a0(JCP), no valor de R$ 0,2418 por a\u00e7\u00e3o.<\/p>\t<div class=\"wrapper-featured-image\">\n\t\t<figure class=\"spotlightImg\">\n\n\t\t\t<picture>\n\t\t\t\t<source media=\"(max-width: 768px)\" srcset=\"https:\/\/files.sunoresearch.com.br\/n\/uploads\/2023\/08\/Agencia-Itau-Unibanco_2-400x200.jpg\">\n\t\t\t\t<img loading=\"lazy\" decoding=\"async\" class=\"newsContent__article__imgCapa lazyloadDisabled \" src=\"https:\/\/files.sunoresearch.com.br\/n\/uploads\/2023\/08\/Agencia-Itau-Unibanco_2-800x450.jpg\" width=\"800\" height=\"450\" alt=\"Radar: Ita\u00fa (ITUB4) aprova JCP, analistas recomendam a\u00e7\u00f5es de CVC (CVCB3) e XP reitera otimismo para o Banco do Brasil (BBAS3)\" fetchpriority=high \/>\n\t\t\t<\/picture>\n\n\t\t\t<figcaption class=\"wp-caption-text wp-caption-text--show\">Lucro do Ita\u00fa Unibanco (ITUB4). Foto: Divulga\u00e7\u00e3o\/ Ita\u00fa <\/figcaption>\n\t\t<\/figure>\n\t<\/div>\n\n\n\n\n\n\t<p>\n\t\t<a href=\"https:\/\/lp.suno.com.br\/planilha-da-vida-financeira\/\" target=\"_blank\" data-element=\"shortcode-suno-banner\" title=\"Banner SUNO, clique e saiba mais\">\n\t\t\t<picture>\n\t\t\t\t<source media=\"(max-width: 500px)\" srcset=\"https:\/\/files.sunoresearch.com.br\/n\/uploads\/2023\/04\/400x300-Planilha-vida-financeira-true.png\">\n\t\t\t\t<img class=\"newsContent__article__imgCapa newsContent__article__imgCapa--banner\"\n\t\t\t\t\tsrc=\"https:\/\/files.sunoresearch.com.br\/n\/uploads\/2023\/04\/1420x240-Planilha-vida-financeira-true.png\"\n\t\t\t\t\tdata-promo-id=\"106682\"\t\t\t\t\t\t\t\t\t\twidth='1420' height='240'\t\t\t\t\talt=\"https:\/\/files.sunoresearch.com.br\/n\/uploads\/2023\/04\/1420x240-Planilha-vida-financeira-true.png\"\n\t\t\t\t>\n\t\t\t<\/picture>\n\t\t<\/a>\n\t<\/p>\n\n\n\n\n\n\n\n<p>Conforme comunicado nesta segunda-feira (4), o valor dos&nbsp;<strong>JCP do Ita\u00fa<\/strong>&nbsp;est\u00e1 sujeito a reten\u00e7\u00e3o de 15% de imposto de renda na fonte, o que resulta em juros l\u00edquidos de R$ 0,20553 por a\u00e7\u00e3o.<\/p>\n\n\n\n<p>N\u00e3o ter\u00e3o essa tributa\u00e7\u00e3o os investidores pessoas jur\u00eddicas que comprovarem ser imunes ou isentos.<\/p>\n\n\n\n<p>Os&nbsp;<strong>juros sobre capital pr\u00f3prio do Ita\u00fa<\/strong>&nbsp;ser\u00e3o distribu\u00eddos at\u00e9 o dia 31 de agosto de 2024, mas apenas aos investidores com posi\u00e7\u00e3o comprada nas a\u00e7\u00f5es do banco at\u00e9 o dia 21 de mar\u00e7o de 2024.<\/p>\n\n\n\n<p>Em outras palavras, as&nbsp;<strong>a\u00e7\u00f5es do Ita\u00fa<\/strong>&nbsp;que foram compradas a partir de 22 de mar\u00e7o de 2024, sess\u00e3o seguinte \u00e0&nbsp;<a target=\"_blank\" href=\"https:\/\/www.suno.com.br\/artigos\/dividendos-datas-importantes\/\" rel=\"noreferrer noopener\">data de corte<\/a>, n\u00e3o ser\u00e3o contabilizadas no pagamento de proventos, j\u00e1 que negociam como \u201cex-direito\u201d.<\/p>\n\n\n\n<p>Em comunicado, o banco destaca que os valores anunciados dos proventos ser\u00e3o pagos igualmente para as&nbsp;<a href=\"https:\/\/www.suno.com.br\/artigos\/o-que-sao-acoes-ordinarias-preferenciais-e-units\/\" target=\"_blank\" rel=\"noreferrer noopener\">a\u00e7\u00f5es ordin\u00e1rias<\/a>&nbsp;(ITUB3) e para as&nbsp;<a href=\"https:\/\/www.suno.com.br\/artigos\/acoes-preferenciais\/\" target=\"_blank\" rel=\"noreferrer noopener\">a\u00e7\u00f5es preferenciais<\/a>&nbsp;(ITUB4).<\/p>\n\n\n\n<p>Al\u00e9m de Ita\u00fa, confira outros destaques desta segunda-feira:<\/p>\n\n\n\n<h2 class=\"wp-block-heading\">CVC (CVCB3) deve impressionar mercado no 4T23, preveem analistas; BBA recomenda compra das a\u00e7\u00f5es<\/h2>\n\n\n\n<ul class=\"wp-block-list\">\n<li>A&nbsp;<a href=\"https:\/\/www.suno.com.br\/acoes\/cvcb3\/\"><strong>CVC<\/strong>&nbsp;(CVCB3<\/a>) est\u00e1 prestes a impressionar o mercado com resultados s\u00f3lidos no quarto semestre de 2023 (4T23), apostam os analistas do Ita\u00fa BBA em relat\u00f3rio enviado ao mercado nesta segunda-feira (4). Essa proje\u00e7\u00e3o foi feita depois do recente evento promovido pela empresa de viagens e turismo, no qual apresentou suas metas para este e o pr\u00f3ximo ano.<\/li>\n<\/ul>\n\n\n\n<ul class=\"wp-block-list\">\n<li>Ao manter a recomenda\u00e7\u00e3o de compra para as&nbsp;<strong>a\u00e7\u00f5es da CVC<\/strong>, com um pre\u00e7o-alvo de R$ 5,10, representando um potencial de alta de 48,7%, os analistas do BBA enfatizaram a consist\u00eancia necess\u00e1ria nos&nbsp;<strong>resultados da CVC<\/strong>. O relat\u00f3rio destacou a expectativa da empresa em recuperar sua base de franquias para os n\u00edveis pr\u00e9-pandemia, uma meta que capturou a aten\u00e7\u00e3o dos especialistas.<\/li>\n<\/ul>\n\n\n\n<ul class=\"wp-block-list\">\n<li>A empresa divulgar\u00e1 o&nbsp;<strong>resultado do 4T23 da CVC<\/strong>&nbsp;em 26 de mar\u00e7o.<\/li>\n<\/ul>\n\n\n\n<ul class=\"wp-block-list\">\n<li>A CVC encerrou o terceiro trimestre de 2023 com 1038 lojas, uma redu\u00e7\u00e3o de 362 unidades em compara\u00e7\u00e3o com o per\u00edodo pr\u00e9-pandemia. Os estrategistas expressaram otimismo, prevendo a retomada para 1.400 lojas at\u00e9 o final de 2025.<\/li>\n<\/ul>\n\n\n\n<ul class=\"wp-block-list\">\n<li>O BBA diz que o evento revelou metas ambiciosas para este ano, com a companhia planejando abrir 290 novas&nbsp;<strong>lojas da CVC<\/strong>. Mais de 300 participantes demonstraram interesse em abrir franquias, tornando a meta considerada alcan\u00e7\u00e1vel pelos especialistas do banco. A diversifica\u00e7\u00e3o de lojas, incluindo tradicionais, \u201clojas luz\u201d e quiosques em corredores de shopping, diz o banco, foi destacada como uma estrat\u00e9gia-chave para atingir essas metas.<\/li>\n<\/ul>\n\n\n\n<ul class=\"wp-block-list\">\n<li>Os analistas tamb\u00e9m elogiaram a estrat\u00e9gia digital da CVC, destacando a efic\u00e1cia do uso do WhatsApp, com 30% dos clientes utilizando a plataforma durante as transa\u00e7\u00f5es. A possibilidade de&nbsp;<strong>expans\u00e3o da CVC<\/strong>&nbsp;para cidades menores, com custos de aluguel mais baixos, atrav\u00e9s da ado\u00e7\u00e3o de ferramentas digitais, foi destacada como um ponto positivo para o futuro da empresa.<\/li>\n<\/ul>\n\n\n\n<h2 class=\"wp-block-heading\">Banco do Brasil (BBAS3) \u00e9 \u2018her\u00f3i n\u00e3o aclamado\u2019, diz XP<\/h2>\n\n\n\n<ul class=\"wp-block-list\">\n<li>Em nova an\u00e1lise sobre o&nbsp;<a href=\"https:\/\/www.suno.com.br\/acoes\/BBAS3\/\" target=\"_blank\" rel=\"noreferrer noopener\"><strong>Banco do Brasil<\/strong>&nbsp;(BBAS3)<\/a>, especialistas da XP reiteraram seu otimismo com a companhia, citando-a como um \u2018her\u00f3i n\u00e3o aclamado\u2019. O parecer se deu logo ap\u00f3s o encontro dos executivos do banco com investidores.<\/li>\n<\/ul>\n\n\n\n<ul class=\"wp-block-list\">\n<li>\u201cO CFO do Banco do Brasil demonstrou a mesma dificuldade que temos em justificar por que o banco com o maior ROE do setor e perspectivas positivas continua sendo negociado com um desconto em rela\u00e7\u00e3o aos seus pares. Al\u00e9m disso, aproveitamos a oportunidade para atualizar nossas estimativas, levando em considera\u00e7\u00e3o os resultados de 2023, o guidance para 2024 e as previs\u00f5es macroecon\u00f4micas\u201d, diz a&nbsp;<strong>XP<\/strong>.<\/li>\n<\/ul>\n\n\n\n<ul class=\"wp-block-list\">\n<li>Assim, a recomenda\u00e7\u00e3o da XP para as&nbsp;<strong>a\u00e7\u00f5es do Banco do Brasil<\/strong>&nbsp;\u00e9 de compra, com pre\u00e7o-alvo de R$ 73 por a\u00e7\u00e3o. Atualmente os pap\u00e9is&nbsp;<strong><a href=\"https:\/\/statusinvest.com.br\/acoes\/bbas3?__hstc=189907700.57003753d8805be60d3d8f1693f0228c.1666093829288.1709259050038.1709598951179.383&amp;__hssc=189907700.7.1709598951179&amp;__hsfp=1702520816\">BBAS3<\/a><\/strong>&nbsp;s\u00e3o negociados na casa dos R$ 57.<\/li>\n<\/ul>\n\n\n\n<ul class=\"wp-block-list\">\n<li>\u201cO banco tem sinalizado repetidamente que o futuro est\u00e1 na combina\u00e7\u00e3o do f\u00edsico e do digital. Embora o BB n\u00e3o tenha sinalizado planos de reduzir o n\u00famero de ag\u00eancias, mostrou que pretende mudar a forma como presta servi\u00e7os, permitindo capturar mais benef\u00edcios sem aumentar os custos\u201d, diz XP.<\/li>\n<\/ul>\n\n\n\n<ul class=\"wp-block-list\">\n<li>\u201cO banco acredita na capacidade de melhorar seu&nbsp;<a href=\"https:\/\/www.suno.com.br\/artigos\/indice-de-eficiencia\/\" target=\"_blank\" rel=\"noreferrer noopener\">\u00edndice de efici\u00eancia<\/a>&nbsp;atuando de forma mais sustent\u00e1vel e digital\u201d, completa.<\/li>\n<\/ul>\n\n\n\n<ul class=\"wp-block-list\">\n<li>Al\u00e9m disso, os analistas observam que, conforme os dados internos, em 2023 as subsidi\u00e1rias d&nbsp;<strong>BB<\/strong>&nbsp;representaram aproximadamente 50% do resultado final.<\/li>\n<\/ul>\n\n\n\n<ul class=\"wp-block-list\">\n<li>\u201cS\u00e3o empresas como BB Asset, BB Seguros, Banco Patagonia, entre outras. Isso nos leva a acreditar que a capacidade do banco de alavancar esses neg\u00f3cios \u00e9 crucial para que o BB possa entregar um retorno (ROE) acima do&nbsp;<a href=\"https:\/\/www.suno.com.br\/artigos\/custo-de-capital\/\" target=\"_blank\" rel=\"noreferrer noopener\">custo de capital<\/a>&nbsp;(Ke) no&nbsp;<a href=\"https:\/\/www.suno.com.br\/artigos\/longo-prazo\/\" target=\"_blank\" rel=\"noreferrer noopener\">longo prazo<\/a>\u201c.<\/li>\n<\/ul>\n\n\n\n<h2 class=\"wp-block-heading\">Petrobras (PETR4): Investiga\u00e7\u00e3o sobre \u2018caso Unigel\u2019 termina; veja resultado<\/h2>\n\n\n\n<ul class=\"wp-block-list\">\n<li>A&nbsp;<a href=\"https:\/\/www.suno.com.br\/acoes\/PETR4\/\" target=\"_blank\" rel=\"noreferrer noopener\"><strong>Petrobras<\/strong>&nbsp;(PETR4)<\/a>&nbsp;anunciou na noite desta segunda-feira (4) que, ap\u00f3s uma investiga\u00e7\u00e3o interna, foi confirmada a integridade do contrato de tolling assinado com a Unigel.<\/li>\n<\/ul>\n\n\n\n<ul class=\"wp-block-list\">\n<li>O contato em quest\u00e3o se refere ao servi\u00e7o de processamento de g\u00e1s que tem como objetivo a produ\u00e7\u00e3o de ureia e am\u00f4nia, produtos essenciais para a ind\u00fastria qu\u00edmica e agr\u00edcola. O escrut\u00ednio do contrato veio \u00e0 tona ap\u00f3s&nbsp;<strong>suspeitas de que dois diretores da Petrobras poderiam ter influenciado indevidamente<\/strong>&nbsp;seu processo de aprova\u00e7\u00e3o.<\/li>\n<\/ul>\n\n\n\n<ul class=\"wp-block-list\">\n<li>Contudo, ap\u00f3s uma apura\u00e7\u00e3o detalhada conduzida pela Diretoria de Governan\u00e7a e Conformidade da Petrobras, com o suporte da&nbsp;<a href=\"https:\/\/www.suno.com.br\/artigos\/auditoria-externa\/\" target=\"_blank\" rel=\"noreferrer noopener\">auditoria externa<\/a>&nbsp;realizada pela KPMG, confirmou-se que o acordo seguiu todos os procedimentos e controles internos necess\u00e1rios.<\/li>\n<\/ul>\n\n\n\n<ul class=\"wp-block-list\">\n<li>\u201cConforme ocorre usualmente nas apura\u00e7\u00f5es internas da Petrobras em casos semelhantes, o procedimento prev\u00ea que, al\u00e9m da an\u00e1lise documental e de entrevistas com os envolvidos no processo, ocorra o exame de m\u00eddias digitais, dados e informa\u00e7\u00f5es constantes de equipamentos institucionais que possam porventura ser essenciais ao esclarecimento dos fatos, nos termos das normas da companhia que orientam suas investiga\u00e7\u00f5es internas e de forma a oferecer transpar\u00eancia e agilidade nas apura\u00e7\u00f5es\u201d,&nbsp;<a href=\"https:\/\/www.rad.cvm.gov.br\/ENET\/frmExibirArquivoIPEExterno.aspx?NumeroProtocoloEntrega=1202564\">diz o&nbsp;<strong>comunicado da estatal<\/strong><\/a>.<\/li>\n<\/ul>\n\n\n\n<ul class=\"wp-block-list\">\n<li>Conforme detalhado pela companhia o contrato firmado com a&nbsp;<strong>Unigel<\/strong>&nbsp;tem dura\u00e7\u00e3o de oito meses, sem possibilidade de prorroga\u00e7\u00e3o, e \u00e9 essencial para assegurar a continuidade das opera\u00e7\u00f5es das plantas de produ\u00e7\u00e3o localizadas nos estados de Sergipe e Bahia.<\/li>\n<\/ul>\n\n\n\n<ul class=\"wp-block-list\">\n<li>Este acordo tempor\u00e1rio garante n\u00e3o apenas a manuten\u00e7\u00e3o das atividades nesses locais, mas tamb\u00e9m refor\u00e7a o compromisso da Petrobras com a transpar\u00eancia e a rigorosa ades\u00e3o \u00e0s normas de governan\u00e7a.<\/li>\n<\/ul>\n\n\n\n<ul class=\"wp-block-list\">\n<li>\u201cA opera\u00e7\u00e3o de&nbsp;<strong>tolling&nbsp;<\/strong>(servi\u00e7o de processamento de g\u00e1s com vista \u00e0 produ\u00e7\u00e3o de ureia e am\u00f4nia) ainda ser\u00e1 ativada, n\u00e3o tendo havido at\u00e9 o momento nenhum desembolso por parte da Petrobras\u201d, diz a estatal.<\/li>\n<\/ul>\n\n\n\n<ul class=\"wp-block-list\">\n<li>\u201cA inten\u00e7\u00e3o das partes signat\u00e1rias \u00e9, durante a vig\u00eancia desse contrato, trabalhar conjuntamente na discuss\u00e3o e execu\u00e7\u00e3o de um modelo de neg\u00f3cios sustent\u00e1vel para essas duas plantas no&nbsp;<a href=\"https:\/\/www.suno.com.br\/artigos\/longo-prazo\/\" target=\"_blank\" rel=\"noreferrer noopener\">longo prazo<\/a>\u201c, sege.<\/li>\n<\/ul>\n\n\n\n<ul class=\"wp-block-list\">\n<li>A Petrobras tamb\u00e9m fez quest\u00e3o de esclarecer que n\u00e3o \u00e9 verdadeira a informa\u00e7\u00e3o de que a&nbsp;<strong>KPMG&nbsp;<\/strong>recomendou o afastamento de qualquer diretor da empresa no contexto da certifica\u00e7\u00e3o das&nbsp;<a href=\"https:\/\/www.suno.com.br\/artigos\/demonstracoes-financeiras\/\" target=\"_blank\" rel=\"noreferrer noopener\">demonstra\u00e7\u00f5es financeiras<\/a>.<\/li>\n<\/ul>\n\n\n\n<ul class=\"wp-block-list\">\n<li>\u201cPor fim, a companhia reitera que vem prestando todos os esclarecimentos solicitado pelo&nbsp;<a href=\"https:\/\/www.suno.com.br\/noticias\/petrobras-petr4-acordo-unigel-tcu-gpj\/\">TCU<\/a>\u201c, termina o comunicado.<\/li>\n<\/ul>\n\n\n\t<p>\n\t\t<a href=\"https:\/\/lp.suno.com.br\/ebook-como-analisar-uma-acao\/\" target=\"_blank\" data-element=\"shortcode-suno-banner\" title=\"Banner SUNO, clique e saiba mais\">\n\t\t\t<picture>\n\t\t\t\t<source media=\"(max-width: 500px)\" srcset=\"https:\/\/files.sunoresearch.com.br\/n\/uploads\/2023\/03\/Ebook-Acoes-Mobile.jpg\">\n\t\t\t\t<img class=\"newsContent__article__imgCapa newsContent__article__imgCapa--banner\"\n\t\t\t\t\tsrc=\"https:\/\/files.sunoresearch.com.br\/n\/uploads\/2023\/03\/Ebook-Acoes-Desktop.jpg\"\n\t\t\t\t\tdata-promo-id=\"378302\"\t\t\t\t\t\t\t\t\t\twidth='1420' height='286'\t\t\t\t\talt=\"https:\/\/files.sunoresearch.com.br\/n\/uploads\/2023\/03\/Ebook-Acoes-Desktop.jpg\"\n\t\t\t\t>\n\t\t\t<\/picture>\n\t\t<\/a>\n\t<\/p>\n\n\n\n\n\n<h2 class=\"wp-block-heading\">Vibra (VBBR3) tem lucro 5,8 vezes maior no 4T23 e chega a R$ 3,297 bilh\u00f5es<\/h2>\n\n\n\n<ul class=\"wp-block-list\">\n<li>A&nbsp;<a href=\"https:\/\/www.suno.com.br\/acoes\/vbbr3\/\" target=\"_blank\" rel=\"noreferrer noopener\"><strong>Vibra&nbsp;<\/strong>(VBBR3)<\/a>&nbsp;apresentou um&nbsp;<a href=\"https:\/\/www.suno.com.br\/artigos\/lucro-liquido\/\" target=\"_blank\" rel=\"noreferrer noopener\">lucro l\u00edquido<\/a>&nbsp;de R$ 3,297 bilh\u00f5es no quarto trimestre de 2023 (4T23), cerca de 5,8 vezes maior que o resultado observado no mesmo per\u00edodo do ano anterior (4T22), que tinha sido de R$ 566 milh\u00f5es \u2013 alta de 482,5%.<\/li>\n<\/ul>\n\n\n\n<ul class=\"wp-block-list\">\n<li>Conforme novo&nbsp;<strong>balan\u00e7o da Vibra<\/strong>, divulgado hoje (4), o lucro l\u00edquido do 4T23 tamb\u00e9m mostrou um aumento de 162,7% sobre o valor registrado no trimestre imediatamente anterior (3T23), quando o lucro foi de R$ 1,255 bilh\u00e3o.<\/li>\n<\/ul>\n\n\n\n<ul class=\"wp-block-list\">\n<li>Em rela\u00e7\u00e3o ao&nbsp;<a href=\"https:\/\/www.suno.com.br\/artigos\/lucro-bruto\/\" target=\"_blank\" rel=\"noreferrer noopener\">lucro bruto<\/a>&nbsp;ajustado, o montante registrado no \u00faltimo trimestre de 2023 foi de R$ 2,592 bilh\u00f5es, cerca de 49,5% maior que do 4T22, que foi de R$ 1,734 bilh\u00e3o, e 20,1% menor na compara\u00e7\u00e3o trimestral, com R$ 3,245 bilh\u00f5es registrados no 3T23.<\/li>\n<\/ul>\n\n\n\n<ul class=\"wp-block-list\">\n<li>No acumulado de 2023, a Vibra registrou um lucro l\u00edquido total de R$ 4,766 bilh\u00f5es, chegando ao maior patamar desde que a companhia abriu seu capital na Bolsa de Valores, ou seja, desde 2017. Isso representa um avan\u00e7o de 210% ante o registrado em 2022. Sobre o valor registrado ao longo de 2022, o valor do \u00faltimo ano foi de 210% maior.<\/li>\n<\/ul>\n\n\n\n<ul class=\"wp-block-list\">\n<li>\u201cEsse resultado recorde tem como base um melhor desempenho operacional, melhor&nbsp;<a href=\"https:\/\/www.suno.com.br\/artigos\/resultado-financeiro\/\" target=\"_blank\" rel=\"noreferrer noopener\">resultado financeiro<\/a>&nbsp;e, ainda, recupera\u00e7\u00f5es tribut\u00e1rias ocorridas no per\u00edodo\u201d, destaca o balan\u00e7o de&nbsp;<strong>resultados da Vibra<\/strong>.<\/li>\n<\/ul>\n\n\n\n<h2 class=\"wp-block-heading\">Vale (VALE3): banco v\u00ea estimativa de produ\u00e7\u00e3o \u2018mais realista\u2019 que as proje\u00e7\u00f5es para 2024 e recomenda a\u00e7\u00f5es<\/h2>\n\n\n\n<ul class=\"wp-block-list\">\n<li>O Citibank reiterou recomenda\u00e7\u00e3o de compra para as a\u00e7\u00f5es da&nbsp;<strong>Vale<\/strong>&nbsp;(VALE3), com pre\u00e7o-alvo de US$ 18,50, apesar dos ru\u00eddos envolvendo a nova escolha do presidente da companhia. Segundo o banco, o guidance de produ\u00e7\u00e3o da Vale \u00e9 realista, mas a empresa pode super\u00e1-lo.&nbsp;&nbsp;<\/li>\n<\/ul>\n\n\n\n<ul class=\"wp-block-list\">\n<li>Em 2024, as proje\u00e7\u00f5es para o&nbsp;<strong>min\u00e9rio de ferro&nbsp;<\/strong>est\u00e3o em uma faixa de 310 a 320 milh\u00f5es de toneladas m\u00e9tricas.<\/li>\n<\/ul>\n\n\n\n<ul class=\"wp-block-list\">\n<li>Segundo a mineradora, para pelotas e briquetes, o volume esperado para este ano \u00e9 de 37 Mt. J\u00e1 no pr\u00f3ximo ano, o n\u00famero sobe para at\u00e9 42 Mt e para at\u00e9 55 Mt em 2026.<\/li>\n<\/ul>\n\n\n\n<ul class=\"wp-block-list\">\n<li>Ainda de acordo com a empresa, a&nbsp;<strong>produ\u00e7\u00e3o de n\u00edquel da Vale<\/strong>&nbsp;deve atingir 165 mil toneladas (kt) em 2023, 160 a 175 kt em 2024 e 210 a 230 kt em 2026.<\/li>\n<\/ul>\n\n\n\n<ul class=\"wp-block-list\">\n<li>Outro fator positivo, diz o Citibank, \u00e9 que os pre\u00e7os do n\u00edquel est\u00e3o pr\u00f3ximos do n\u00edvel mais baixo, indicando um momento de retomada no valor. A mineradora perdeu entre US$ 1 bilh\u00e3o e US$ 2 bilh\u00f5es no Ebitda (Lucro antes de juros, impostos,&nbsp;<a href=\"https:\/\/www.suno.com.br\/artigos\/depreciacao-amortizacao\/\" target=\"_blank\" rel=\"noreferrer noopener\">deprecia\u00e7\u00e3o e amortiza\u00e7\u00e3o<\/a>) devido \u00e0 queda dos pre\u00e7os dessa commodity em 2023.<\/li>\n<\/ul>\n\n\n\n<ul class=\"wp-block-list\">\n<li>Al\u00e9m disso, os analistas expressam preocupa\u00e7\u00e3o com a sucess\u00e3o do atual presidente da empresa, as concess\u00f5es ferrovi\u00e1rias pendentes e as negocia\u00e7\u00f5es envolvendo a Samarco.<\/li>\n<\/ul>\n\n\n\n<ul class=\"wp-block-list\">\n<li>Os estrategistas esperam que as quest\u00f5es relacionadas \u00e0 sucess\u00e3o e \u00e0s concess\u00f5es sejam resolvidas favoravelmente nos pr\u00f3ximos dois a tr\u00eas meses, com a sucess\u00e3o favorecendo o mercado e as concess\u00f5es seguindo um acordo semelhante ao MRS.<\/li>\n<\/ul>\n\n\n\n<ul class=\"wp-block-list\">\n<li>\u201cA Samarco demorar\u00e1 mais, mas esperamos que seja resolvido no segundo semestre\u201d, afirmam\u201d, dizem os analistas do Citibank.&nbsp;<\/li>\n<\/ul>\n\n\n\n<ul class=\"wp-block-list\">\n<li>O desempenho dos pap\u00e9is da Vale no ano tem sido fraco devido \u00e0 queda do min\u00e9rio de ferro, resultando em uma baixa de 15%. No entanto, o valuation da a\u00e7\u00e3o \u00e9 considerado adequado, com um rendimento esperado de&nbsp;<a href=\"https:\/\/www.suno.com.br\/artigos\/fluxo-caixa-livre\/\" target=\"_blank\" rel=\"noreferrer noopener\">fluxo de caixa livre<\/a>&nbsp;de 11% para 2024, com o pre\u00e7o do min\u00e9rio de ferro a US$ 120 por tonelada.<\/li>\n<\/ul>\n\n\n\n<ul class=\"wp-block-list\">\n<li>Na tarde desta segunda-feira (04), as<strong>&nbsp;a\u00e7\u00f5es da Vale<\/strong>&nbsp;t\u00eam queda de 0,30%, cotadas em R$ 66,68.<\/li>\n<\/ul>\n\n\n\n<h2 class=\"wp-block-heading\">Weg (WEGE3): banco destaca desacelera\u00e7\u00e3o de lucros e v\u00ea a\u00e7\u00e3o com pre\u00e7o adequado<\/h2>\n\n\n\n<ul class=\"wp-block-list\">\n<li>Em seu relat\u00f3rio mais recente sobre a&nbsp;<strong>Weg&nbsp;<\/strong>(<a href=\"https:\/\/statusinvest.com.br\/acoes\/wege3?__hstc=189907700.57003753d8805be60d3d8f1693f0228c.1666093829288.1709259050038.1709598951179.383&amp;__hssc=189907700.17.1709598951179&amp;__hsfp=1702520816\">WEGE3<\/a>), analistas da XP (<a href=\"https:\/\/www.suno.com.br\/bdrs\/xpbr31\/\">XPBR31<\/a>) pontuaram ser essencial ter um entendimento adequado sobre o cen\u00e1rio competitivo da companhia, uma vez que essa quest\u00e3o sempre esteve no centro das aten\u00e7\u00f5es dos investidores. Atualmente, o banco tem recomenda\u00e7\u00e3o neutra para as a\u00e7\u00f5es da empresa.<\/li>\n<\/ul>\n\n\n\n<ul class=\"wp-block-list\">\n<li>\u201cEsperamos que a Weg conte com a experi\u00eancia da<strong>&nbsp;Regal<\/strong>, como seus concorrentes fizeram anteriormente, embora capturando sinergias de forma mais eficiente atrav\u00e9s de seu perfil altamente verticalizado\u201d, avaliaram os analistas Lucas Laghi, Fernanda Urbano e Guilherme Nippes.<\/li>\n<\/ul>\n\n\n\n<ul class=\"wp-block-list\">\n<li>Vale lembrar que no fim de setembro do ano passado, a Weg comunicou que suas controladas indiretas no exterior celebraram com a&nbsp;<strong>Regal Rexnord<\/strong>&nbsp;um contrato para aquisi\u00e7\u00e3o dos neg\u00f3cios de motores el\u00e9tricos industriais e geradores no valor de US$ 400 milh\u00f5es.<\/li>\n<\/ul>\n\n\n\n<ul class=\"wp-block-list\">\n<li>Ainda no relat\u00f3rio, a&nbsp;<strong>XP<\/strong>&nbsp;acredita que a Weg supera com sucesso diferentes ciclos, resultando em um desempenho de rentabilidade menos vol\u00e1til ao longo do tempo.<\/li>\n<\/ul>\n\n\n\n<ul class=\"wp-block-list\">\n<li>\u201cConsiderando as tend\u00eancias de&nbsp;<a href=\"https:\/\/www.suno.com.br\/artigos\/longo-prazo\/\">longo prazo<\/a>, esperamos que uma press\u00e3o de rentabilidade sobre produtos de ciclo curto relacionados \u00e0 ind\u00fastria reduza a posi\u00e7\u00e3o de margem da empresa\u201d, ressalta.<\/li>\n<\/ul>\n\n\n\n<ul class=\"wp-block-list\">\n<li>\u201cVemos o pr\u00eamio m\u00faltiplo hist\u00f3rico da Weg versus ind\u00fastrias globais como merecido, dados seus ganhos consistentes, crescimento e maiores retornos. Dito isto, notamos que o pr\u00eamio atual de ~28% parece justo, em compara\u00e7\u00e3o com sua m\u00e9dia de 10 anos de ~60% e ~30% antes de 2018 (refletindo a atual desacelera\u00e7\u00e3o dos lucros da Weg, em nossa opini\u00e3o)\u201d, completa a casa.<\/li>\n<\/ul>\n\n\n\n<ul class=\"wp-block-list\">\n<li>A XP tem pre\u00e7o-alvo a R$ 35,00 por a\u00e7\u00e3o para as&nbsp;<strong>a\u00e7\u00f5es de Weg<\/strong>.<\/li>\n<\/ul>\n\n\n\n<p>Do<strong> Ita\u00fa<\/strong> ao Banco do Brasil, essas foram as empresas que se destacaram hoje. Para ler todas as mat\u00e9rias&nbsp;<strong><a href=\"https:\/\/www.suno.com.br\/noticias\/todos\/?utm_content=XYOE2ItQuUY.20201113&amp;utm_campaign=Track%2B&amp;utm_medium=video&amp;utm_source=telegram.sunoresearch\" target=\"_blank\" rel=\"noreferrer noopener\">clique aqui<\/a><\/strong>.<a href=\"https:\/\/lp.suno.com.br\/planilha-da-vida-financeira\/\" target=\"_blank\" rel=\"noreferrer noopener\"><\/a><a href=\"https:\/\/lp.suno.com.br\/cl\/webinario-suno-black-2024\/\" target=\"_blank\" rel=\"noreferrer noopener\"><\/a><a href=\"https:\/\/lp.suno.com.br\/planilha-da-vida-financeira\/\" target=\"_blank\" rel=\"noreferrer noopener\"><\/a><a href=\"https:\/\/lp.suno.com.br\/planilha-da-vida-financeira\/\" target=\"_blank\" rel=\"noreferrer noopener\"><\/a><a href=\"https:\/\/lp.suno.com.br\/planilha-da-vida-financeira\/\" target=\"_blank\" rel=\"noreferrer noopener\"><\/a><a href=\"https:\/\/lp.suno.com.br\/planilha-da-vida-financeira\/\" target=\"_blank\" rel=\"noreferrer noopener\"><\/a><a href=\"https:\/\/lp.suno.com.br\/planilha-da-vida-financeira\/\" target=\"_blank\" rel=\"noreferrer noopener\"><\/a><a href=\"https:\/\/lp.suno.com.br\/planilha-da-vida-financeira\/\" target=\"_blank\" rel=\"noreferrer noopener\"><\/a><a href=\"https:\/\/lp.suno.com.br\/planilha-da-vida-financeira\/\" target=\"_blank\" rel=\"noreferrer noopener\"><\/a><a href=\"https:\/\/lp.suno.com.br\/planilha-da-vida-financeira\/\" target=\"_blank\" rel=\"noreferrer noopener\"><\/a><a href=\"https:\/\/lp.suno.com.br\/planilha-da-vida-financeira\/\" target=\"_blank\" rel=\"noreferrer noopener\"><\/a><a href=\"https:\/\/lp.suno.com.br\/planilha-da-vida-financeira\/\" target=\"_blank\" rel=\"noreferrer noopener\"><\/a><a href=\"https:\/\/lp.suno.com.br\/planilha-da-vida-financeira\/\" target=\"_blank\" rel=\"noreferrer noopener\"><\/a><a href=\"https:\/\/lp.suno.com.br\/planilha-da-vida-financeira\/\" target=\"_blank\" rel=\"noreferrer noopener\"><\/a><a href=\"https:\/\/lp.suno.com.br\/planilha-da-vida-financeira\/\" target=\"_blank\" rel=\"noreferrer noopener\"><\/a><a href=\"https:\/\/lp.suno.com.br\/planilha-da-vida-financeira\/\" target=\"_blank\" rel=\"noreferrer noopener\"><\/a><a href=\"https:\/\/lp.suno.com.br\/planilha-da-vida-financeira\/\" target=\"_blank\" rel=\"noreferrer noopener\"><\/a><a href=\"https:\/\/lp.suno.com.br\/planilha-da-vida-financeira\/\" target=\"_blank\" rel=\"noreferrer noopener\"><\/a><a href=\"https:\/\/lp.suno.com.br\/planilha-da-vida-financeira\/\" target=\"_blank\" rel=\"noreferrer noopener\"><\/a><a href=\"https:\/\/lp.suno.com.br\/cl\/aniversario-suno-7-anos\/\" target=\"_blank\" rel=\"noreferrer noopener\"><\/a><a href=\"https:\/\/lp.suno.com.br\/cl\/aniversario-suno-7-anos\/\" target=\"_blank\" rel=\"noreferrer noopener\"><\/a><a href=\"https:\/\/lp.suno.com.br\/cl\/aniversario-suno-7-anos\/\" target=\"_blank\" rel=\"noreferrer noopener\"><\/a><a href=\"https:\/\/lp.suno.com.br\/cl\/distribuicao-aniversario-7-anos\/\" target=\"_blank\" rel=\"noreferrer noopener\"><\/a><a href=\"https:\/\/lp.suno.com.br\/planilha-da-vida-financeira\/\" target=\"_blank\" rel=\"noreferrer noopener\"><\/a><a href=\"https:\/\/lp.suno.com.br\/planilha-da-vida-financeira\/\" target=\"_blank\" rel=\"noreferrer noopener\"><\/a><a href=\"https:\/\/lp.suno.com.br\/cl\/aniversario-suno-7-anos\/\" target=\"_blank\" rel=\"noreferrer noopener\"><\/a><a href=\"https:\/\/lp.suno.com.br\/planilha-da-vida-financeira\/\" target=\"_blank\" rel=\"noreferrer noopener\"><\/a><a href=\"https:\/\/lp.suno.com.br\/planilha-da-vida-financeira\/\" target=\"_blank\" rel=\"noreferrer noopener\"><\/a><\/p>\n\n\n\t<p>\n\t\t<a href=\"https:\/\/lp.suno.com.br\/planilha-da-vida-financeira\/\" target=\"_blank\" data-element=\"shortcode-suno-banner\" title=\"Banner SUNO, clique e saiba mais\">\n\t\t\t<picture>\n\t\t\t\t<source media=\"(max-width: 500px)\" srcset=\"https:\/\/files.sunoresearch.com.br\/n\/uploads\/2023\/04\/400x300-Planilha-vida-financeira-true.png\">\n\t\t\t\t<img class=\"newsContent__article__imgCapa newsContent__article__imgCapa--banner\"\n\t\t\t\t\tsrc=\"https:\/\/files.sunoresearch.com.br\/n\/uploads\/2023\/04\/1420x240-Planilha-vida-financeira-true.png\"\n\t\t\t\t\tdata-promo-id=\"383123\"\t\t\t\t\t\t\t\t\t\twidth='1420' height='240'\t\t\t\t\talt=\"https:\/\/files.sunoresearch.com.br\/n\/uploads\/2023\/04\/1420x240-Planilha-vida-financeira-true.png\"\n\t\t\t\t>\n\t\t\t<\/picture>\n\t\t<\/a>\n\t<\/p>\n\n\n","protected":false},"excerpt":{"rendered":"<p>O\u00a0conselho de administra\u00e7\u00e3o\u00a0do\u00a0Ita\u00fa\u00a0(ITUB4)\u00a0aprovou hoje (4) um novo pagamento de\u00a0juros sobre capital pr\u00f3prio\u00a0(JCP), no valor de R$ 0,2418 por a\u00e7\u00e3o. Lucro do Ita\u00fa Unibanco (ITUB4). Foto: Divulga\u00e7\u00e3o\/ Ita\u00fa Conforme comunicado nesta segunda-feira (4), o valor dos&nbsp;JCP do Ita\u00fa&nbsp;est\u00e1 sujeito a reten\u00e7\u00e3o de 15% de imposto de renda na fonte, o que resulta em juros l\u00edquidos de [&hellip;]<\/p>\n","protected":false},"author":227,"featured_media":437318,"comment_status":"closed","ping_status":"closed","sticky":false,"template":"","format":"standard","meta":[],"categories":[64],"tags":[732,442,519,595,676,596,681],"suno_strategy":[],"class_list":["post-529528","post","type-post","status-publish","format-standard","has-post-thumbnail","hentry","category-negocios","tag-banco-do-brasil-bbas3","tag-cvc-cvcb3","tag-itau-unibanco-itub3-itub4","tag-petrobras-petr4","tag-vale-vale3","tag-vibra-energia-vbbr3","tag-weg-wege3"],"yoast_head":"<!-- This site is optimized with the Yoast SEO plugin v24.4 - https:\/\/yoast.com\/wordpress\/plugins\/seo\/ -->\n<title>Radar: Ita\u00fa (ITUB4) aprova JCP, analistas recomendam a\u00e7\u00f5es de CVC (CVCB3) e XP reitera otimismo para o Banco do Brasil (BBAS3)<\/title>\n<meta name=\"description\" content=\"Ita\u00fa (ITUB4) anuncia pagamento de JCP, analistas recomendam a\u00e7\u00f5es de CVC (CVCB3) e XP reitera otimismo para Banco do Brasil (BBAS3)\" \/>\n<meta name=\"robots\" content=\"index, follow, max-snippet:-1, max-image-preview:large, max-video-preview:-1\" \/>\n<link rel=\"canonical\" href=\"https:\/\/www.suno.com.br\/noticias\/radar-itau-itub4-cvc-cvcb3-banco-do-brasil-bbas3\/\" \/>\n<meta property=\"og:locale\" content=\"pt_BR\" \/>\n<meta property=\"og:type\" content=\"article\" \/>\n<meta property=\"og:title\" content=\"Radar: Ita\u00fa (ITUB4) aprova JCP, analistas recomendam a\u00e7\u00f5es de CVC (CVCB3) e XP reitera otimismo para o Banco do Brasil (BBAS3)\" \/>\n<meta property=\"og:description\" content=\"Ita\u00fa (ITUB4) anuncia pagamento de JCP, analistas recomendam a\u00e7\u00f5es de CVC (CVCB3) e XP reitera otimismo para Banco do Brasil (BBAS3)\" \/>\n<meta property=\"og:url\" content=\"https:\/\/www.suno.com.br\/noticias\/radar-itau-itub4-cvc-cvcb3-banco-do-brasil-bbas3\/\" \/>\n<meta property=\"og:site_name\" content=\"Suno Not\u00edcias\" \/>\n<meta property=\"article:publisher\" content=\"https:\/\/facebook.com\/sunoresearch\" \/>\n<meta property=\"og:image\" content=\"https:\/\/files.sunoresearch.com.br\/n\/uploads\/2023\/08\/Agencia-Itau-Unibanco_2.jpg\" \/>\n\t<meta property=\"og:image:width\" content=\"1250\" \/>\n\t<meta property=\"og:image:height\" content=\"800\" \/>\n\t<meta property=\"og:image:type\" content=\"image\/jpeg\" \/>\n<meta name=\"author\" content=\"Vanessa Loiola\" \/>\n<meta name=\"twitter:card\" content=\"summary_large_image\" \/>\n<meta name=\"twitter:creator\" content=\"@sunoresearch\" \/>\n<meta name=\"twitter:site\" content=\"@sunoresearch\" \/>\n<meta name=\"twitter:label1\" content=\"Escrito por\" \/>\n\t<meta name=\"twitter:data1\" content=\"Vanessa Loiola\" \/>\n\t<meta name=\"twitter:label2\" content=\"Est. tempo de leitura\" \/>\n\t<meta name=\"twitter:data2\" content=\"12 minutos\" \/>\n<script type=\"application\/ld+json\" class=\"yoast-schema-graph\">{\"@context\":\"https:\/\/schema.org\",\"@graph\":[{\"@type\":\"NewsArticle\",\"@id\":\"https:\/\/www.suno.com.br\/noticias\/radar-itau-itub4-cvc-cvcb3-banco-do-brasil-bbas3\/#article\",\"isPartOf\":{\"@id\":\"https:\/\/www.suno.com.br\/noticias\/radar-itau-itub4-cvc-cvcb3-banco-do-brasil-bbas3\/\"},\"author\":{\"name\":\"Vanessa Loiola\",\"@id\":\"https:\/\/www.suno.com.br\/noticias\/#\/schema\/person\/450c455ecff319bab1f1a0e643451479\"},\"headline\":\"Radar: Ita\u00fa (ITUB4) aprova JCP, analistas recomendam a\u00e7\u00f5es de CVC (CVCB3) e XP reitera otimismo para o Banco do Brasil (BBAS3)\",\"datePublished\":\"2024-03-05T02:56:01+00:00\",\"dateModified\":\"2024-03-05T02:56:14+00:00\",\"mainEntityOfPage\":{\"@id\":\"https:\/\/www.suno.com.br\/noticias\/radar-itau-itub4-cvc-cvcb3-banco-do-brasil-bbas3\/\"},\"wordCount\":2284,\"publisher\":{\"@id\":\"https:\/\/www.suno.com.br\/noticias\/#organization\"},\"image\":{\"@id\":\"https:\/\/www.suno.com.br\/noticias\/radar-itau-itub4-cvc-cvcb3-banco-do-brasil-bbas3\/#primaryimage\"},\"thumbnailUrl\":\"https:\/\/files.sunoresearch.com.br\/n\/uploads\/2023\/08\/Agencia-Itau-Unibanco_2.jpg\",\"keywords\":[\"Banco do Brasil (BBAS3)\",\"CVC (CVCB3)\",\"Ita\u00fa Unibanco (ITUB3\/ITUB4)\",\"Petrobras (PETR4)\",\"Vale (VALE3)\",\"Vibra Energia (VBBR3)\",\"Weg (WEGE3)\"],\"articleSection\":[\"Neg\u00f3cios\"],\"inLanguage\":\"pt-BR\"},{\"@type\":\"WebPage\",\"@id\":\"https:\/\/www.suno.com.br\/noticias\/radar-itau-itub4-cvc-cvcb3-banco-do-brasil-bbas3\/\",\"url\":\"https:\/\/www.suno.com.br\/noticias\/radar-itau-itub4-cvc-cvcb3-banco-do-brasil-bbas3\/\",\"name\":\"Radar: Ita\u00fa (ITUB4) aprova JCP, analistas recomendam a\u00e7\u00f5es de CVC (CVCB3) e XP reitera otimismo para o Banco do Brasil (BBAS3)\",\"isPartOf\":{\"@id\":\"https:\/\/www.suno.com.br\/noticias\/#website\"},\"primaryImageOfPage\":{\"@id\":\"https:\/\/www.suno.com.br\/noticias\/radar-itau-itub4-cvc-cvcb3-banco-do-brasil-bbas3\/#primaryimage\"},\"image\":{\"@id\":\"https:\/\/www.suno.com.br\/noticias\/radar-itau-itub4-cvc-cvcb3-banco-do-brasil-bbas3\/#primaryimage\"},\"thumbnailUrl\":\"https:\/\/files.sunoresearch.com.br\/n\/uploads\/2023\/08\/Agencia-Itau-Unibanco_2.jpg\",\"datePublished\":\"2024-03-05T02:56:01+00:00\",\"dateModified\":\"2024-03-05T02:56:14+00:00\",\"description\":\"Ita\u00fa (ITUB4) anuncia pagamento de JCP, analistas recomendam a\u00e7\u00f5es de CVC (CVCB3) e XP reitera otimismo para Banco do Brasil (BBAS3)\",\"breadcrumb\":{\"@id\":\"https:\/\/www.suno.com.br\/noticias\/radar-itau-itub4-cvc-cvcb3-banco-do-brasil-bbas3\/#breadcrumb\"},\"inLanguage\":\"pt-BR\",\"potentialAction\":[{\"@type\":\"ReadAction\",\"target\":[\"https:\/\/www.suno.com.br\/noticias\/radar-itau-itub4-cvc-cvcb3-banco-do-brasil-bbas3\/\"]}]},{\"@type\":\"ImageObject\",\"inLanguage\":\"pt-BR\",\"@id\":\"https:\/\/www.suno.com.br\/noticias\/radar-itau-itub4-cvc-cvcb3-banco-do-brasil-bbas3\/#primaryimage\",\"url\":\"https:\/\/files.sunoresearch.com.br\/n\/uploads\/2023\/08\/Agencia-Itau-Unibanco_2.jpg\",\"contentUrl\":\"https:\/\/files.sunoresearch.com.br\/n\/uploads\/2023\/08\/Agencia-Itau-Unibanco_2.jpg\",\"width\":1250,\"height\":800,\"caption\":\"Lucro do Ita\u00fa Unibanco (ITUB4). Foto: Divulga\u00e7\u00e3o\/ Ita\u00fa\"},{\"@type\":\"BreadcrumbList\",\"@id\":\"https:\/\/www.suno.com.br\/noticias\/radar-itau-itub4-cvc-cvcb3-banco-do-brasil-bbas3\/#breadcrumb\",\"itemListElement\":[{\"@type\":\"ListItem\",\"position\":1,\"name\":\"Not\u00edcias\",\"item\":\"https:\/\/www.suno.com.br\/noticias\/\"},{\"@type\":\"ListItem\",\"position\":2,\"name\":\"Neg\u00f3cios\",\"item\":\"https:\/\/www.suno.com.br\/noticias\/negocios\/\"},{\"@type\":\"ListItem\",\"position\":3,\"name\":\"Radar: Ita\u00fa (ITUB4) aprova JCP, analistas recomendam a\u00e7\u00f5es de CVC (CVCB3) e XP reitera otimismo para o Banco do Brasil (BBAS3)\"}]},{\"@type\":\"WebSite\",\"@id\":\"https:\/\/www.suno.com.br\/noticias\/#website\",\"url\":\"https:\/\/www.suno.com.br\/noticias\/\",\"name\":\"Suno Not\u00edcias\",\"description\":\"Seu portal de informa\u00e7\u00e3o sobre o mundo dos investimentos\",\"publisher\":{\"@id\":\"https:\/\/www.suno.com.br\/noticias\/#organization\"},\"potentialAction\":[{\"@type\":\"SearchAction\",\"target\":{\"@type\":\"EntryPoint\",\"urlTemplate\":\"https:\/\/www.suno.com.br\/noticias\/?s={search_term_string}\"},\"query-input\":{\"@type\":\"PropertyValueSpecification\",\"valueRequired\":true,\"valueName\":\"search_term_string\"}}],\"inLanguage\":\"pt-BR\"},{\"@type\":\"Organization\",\"@id\":\"https:\/\/www.suno.com.br\/noticias\/#organization\",\"name\":\"Suno Not\u00edcias\",\"url\":\"https:\/\/www.suno.com.br\/noticias\/\",\"logo\":{\"@type\":\"ImageObject\",\"inLanguage\":\"pt-BR\",\"@id\":\"https:\/\/www.suno.com.br\/noticias\/#\/schema\/logo\/image\/\",\"url\":\"https:\/\/files.sunoresearch.com.br\/n\/uploads\/2021\/09\/suno-logo.png\",\"contentUrl\":\"https:\/\/files.sunoresearch.com.br\/n\/uploads\/2021\/09\/suno-logo.png\",\"width\":180,\"height\":180,\"caption\":\"Suno Not\u00edcias\"},\"image\":{\"@id\":\"https:\/\/www.suno.com.br\/noticias\/#\/schema\/logo\/image\/\"},\"sameAs\":[\"https:\/\/facebook.com\/sunoresearch\",\"https:\/\/x.com\/sunoresearch\",\"https:\/\/www.instagram.com\/suno\",\"https:\/\/www.linkedin.com\/company\/suno-research\/\",\"https:\/\/www.youtube.com\/c\/sunoresearch\"]},{\"@type\":\"Person\",\"@id\":\"https:\/\/www.suno.com.br\/noticias\/#\/schema\/person\/450c455ecff319bab1f1a0e643451479\",\"name\":\"Vanessa Loiola\",\"image\":{\"@type\":\"ImageObject\",\"inLanguage\":\"pt-BR\",\"@id\":\"https:\/\/www.suno.com.br\/noticias\/#\/schema\/person\/image\/\",\"url\":\"https:\/\/secure.gravatar.com\/avatar\/8b41117f9780831919eb38da349c3f20?s=96&r=g\",\"contentUrl\":\"https:\/\/secure.gravatar.com\/avatar\/8b41117f9780831919eb38da349c3f20?s=96&r=g\",\"caption\":\"Vanessa Loiola\"},\"description\":\"Jornalista formada pela PUC-SP, com experi\u00eancia na cobertura das editorias de economia, finan\u00e7as, bolsa de valores, pol\u00edtica, energia solar e entretenimento. Com passagem pela BM&amp;C News e RedeTV!\",\"url\":\"https:\/\/www.suno.com.br\/noticias\/author\/vanessal-loiolagmail-com\/\"}]}<\/script>\n<!-- \/ Yoast SEO plugin. -->","yoast_head_json":{"title":"Radar: Ita\u00fa (ITUB4) aprova JCP, analistas recomendam a\u00e7\u00f5es de CVC (CVCB3) e XP reitera otimismo para o Banco do Brasil (BBAS3)","description":"Ita\u00fa (ITUB4) anuncia pagamento de JCP, analistas recomendam a\u00e7\u00f5es de CVC (CVCB3) e XP reitera otimismo para Banco do Brasil (BBAS3)","robots":{"index":"index","follow":"follow","max-snippet":"max-snippet:-1","max-image-preview":"max-image-preview:large","max-video-preview":"max-video-preview:-1"},"canonical":"https:\/\/www.suno.com.br\/noticias\/radar-itau-itub4-cvc-cvcb3-banco-do-brasil-bbas3\/","og_locale":"pt_BR","og_type":"article","og_title":"Radar: Ita\u00fa (ITUB4) aprova JCP, analistas recomendam a\u00e7\u00f5es de CVC (CVCB3) e XP reitera otimismo para o Banco do Brasil (BBAS3)","og_description":"Ita\u00fa (ITUB4) anuncia pagamento de JCP, analistas recomendam a\u00e7\u00f5es de CVC (CVCB3) e XP reitera otimismo para Banco do Brasil (BBAS3)","og_url":"https:\/\/www.suno.com.br\/noticias\/radar-itau-itub4-cvc-cvcb3-banco-do-brasil-bbas3\/","og_site_name":"Suno Not\u00edcias","article_publisher":"https:\/\/facebook.com\/sunoresearch","og_image":[{"width":1250,"height":800,"url":"https:\/\/files.sunoresearch.com.br\/n\/uploads\/2023\/08\/Agencia-Itau-Unibanco_2.jpg","type":"image\/jpeg"}],"author":"Vanessa Loiola","twitter_card":"summary_large_image","twitter_creator":"@sunoresearch","twitter_site":"@sunoresearch","twitter_misc":{"Escrito por":"Vanessa Loiola","Est. tempo de leitura":"12 minutos"},"schema":{"@context":"https:\/\/schema.org","@graph":[{"@type":"NewsArticle","@id":"https:\/\/www.suno.com.br\/noticias\/radar-itau-itub4-cvc-cvcb3-banco-do-brasil-bbas3\/#article","isPartOf":{"@id":"https:\/\/www.suno.com.br\/noticias\/radar-itau-itub4-cvc-cvcb3-banco-do-brasil-bbas3\/"},"author":{"name":"Vanessa Loiola","@id":"https:\/\/www.suno.com.br\/noticias\/#\/schema\/person\/450c455ecff319bab1f1a0e643451479"},"headline":"Radar: Ita\u00fa (ITUB4) aprova JCP, analistas recomendam a\u00e7\u00f5es de CVC (CVCB3) e XP reitera otimismo para o Banco do Brasil (BBAS3)","datePublished":"2024-03-05T02:56:01+00:00","dateModified":"2024-03-05T02:56:14+00:00","mainEntityOfPage":{"@id":"https:\/\/www.suno.com.br\/noticias\/radar-itau-itub4-cvc-cvcb3-banco-do-brasil-bbas3\/"},"wordCount":2284,"publisher":{"@id":"https:\/\/www.suno.com.br\/noticias\/#organization"},"image":{"@id":"https:\/\/www.suno.com.br\/noticias\/radar-itau-itub4-cvc-cvcb3-banco-do-brasil-bbas3\/#primaryimage"},"thumbnailUrl":"https:\/\/files.sunoresearch.com.br\/n\/uploads\/2023\/08\/Agencia-Itau-Unibanco_2.jpg","keywords":["Banco do Brasil (BBAS3)","CVC (CVCB3)","Ita\u00fa Unibanco (ITUB3\/ITUB4)","Petrobras (PETR4)","Vale (VALE3)","Vibra Energia (VBBR3)","Weg (WEGE3)"],"articleSection":["Neg\u00f3cios"],"inLanguage":"pt-BR"},{"@type":"WebPage","@id":"https:\/\/www.suno.com.br\/noticias\/radar-itau-itub4-cvc-cvcb3-banco-do-brasil-bbas3\/","url":"https:\/\/www.suno.com.br\/noticias\/radar-itau-itub4-cvc-cvcb3-banco-do-brasil-bbas3\/","name":"Radar: Ita\u00fa (ITUB4) aprova JCP, analistas recomendam a\u00e7\u00f5es de CVC (CVCB3) e XP reitera otimismo para o Banco do Brasil (BBAS3)","isPartOf":{"@id":"https:\/\/www.suno.com.br\/noticias\/#website"},"primaryImageOfPage":{"@id":"https:\/\/www.suno.com.br\/noticias\/radar-itau-itub4-cvc-cvcb3-banco-do-brasil-bbas3\/#primaryimage"},"image":{"@id":"https:\/\/www.suno.com.br\/noticias\/radar-itau-itub4-cvc-cvcb3-banco-do-brasil-bbas3\/#primaryimage"},"thumbnailUrl":"https:\/\/files.sunoresearch.com.br\/n\/uploads\/2023\/08\/Agencia-Itau-Unibanco_2.jpg","datePublished":"2024-03-05T02:56:01+00:00","dateModified":"2024-03-05T02:56:14+00:00","description":"Ita\u00fa (ITUB4) anuncia pagamento de JCP, analistas recomendam a\u00e7\u00f5es de CVC (CVCB3) e XP reitera otimismo para Banco do Brasil (BBAS3)","breadcrumb":{"@id":"https:\/\/www.suno.com.br\/noticias\/radar-itau-itub4-cvc-cvcb3-banco-do-brasil-bbas3\/#breadcrumb"},"inLanguage":"pt-BR","potentialAction":[{"@type":"ReadAction","target":["https:\/\/www.suno.com.br\/noticias\/radar-itau-itub4-cvc-cvcb3-banco-do-brasil-bbas3\/"]}]},{"@type":"ImageObject","inLanguage":"pt-BR","@id":"https:\/\/www.suno.com.br\/noticias\/radar-itau-itub4-cvc-cvcb3-banco-do-brasil-bbas3\/#primaryimage","url":"https:\/\/files.sunoresearch.com.br\/n\/uploads\/2023\/08\/Agencia-Itau-Unibanco_2.jpg","contentUrl":"https:\/\/files.sunoresearch.com.br\/n\/uploads\/2023\/08\/Agencia-Itau-Unibanco_2.jpg","width":1250,"height":800,"caption":"Lucro do Ita\u00fa Unibanco (ITUB4). Foto: Divulga\u00e7\u00e3o\/ Ita\u00fa"},{"@type":"BreadcrumbList","@id":"https:\/\/www.suno.com.br\/noticias\/radar-itau-itub4-cvc-cvcb3-banco-do-brasil-bbas3\/#breadcrumb","itemListElement":[{"@type":"ListItem","position":1,"name":"Not\u00edcias","item":"https:\/\/www.suno.com.br\/noticias\/"},{"@type":"ListItem","position":2,"name":"Neg\u00f3cios","item":"https:\/\/www.suno.com.br\/noticias\/negocios\/"},{"@type":"ListItem","position":3,"name":"Radar: Ita\u00fa (ITUB4) aprova JCP, analistas recomendam a\u00e7\u00f5es de CVC (CVCB3) e XP reitera otimismo para o Banco do Brasil (BBAS3)"}]},{"@type":"WebSite","@id":"https:\/\/www.suno.com.br\/noticias\/#website","url":"https:\/\/www.suno.com.br\/noticias\/","name":"Suno Not\u00edcias","description":"Seu portal de informa\u00e7\u00e3o sobre o mundo dos investimentos","publisher":{"@id":"https:\/\/www.suno.com.br\/noticias\/#organization"},"potentialAction":[{"@type":"SearchAction","target":{"@type":"EntryPoint","urlTemplate":"https:\/\/www.suno.com.br\/noticias\/?s={search_term_string}"},"query-input":{"@type":"PropertyValueSpecification","valueRequired":true,"valueName":"search_term_string"}}],"inLanguage":"pt-BR"},{"@type":"Organization","@id":"https:\/\/www.suno.com.br\/noticias\/#organization","name":"Suno Not\u00edcias","url":"https:\/\/www.suno.com.br\/noticias\/","logo":{"@type":"ImageObject","inLanguage":"pt-BR","@id":"https:\/\/www.suno.com.br\/noticias\/#\/schema\/logo\/image\/","url":"https:\/\/files.sunoresearch.com.br\/n\/uploads\/2021\/09\/suno-logo.png","contentUrl":"https:\/\/files.sunoresearch.com.br\/n\/uploads\/2021\/09\/suno-logo.png","width":180,"height":180,"caption":"Suno Not\u00edcias"},"image":{"@id":"https:\/\/www.suno.com.br\/noticias\/#\/schema\/logo\/image\/"},"sameAs":["https:\/\/facebook.com\/sunoresearch","https:\/\/x.com\/sunoresearch","https:\/\/www.instagram.com\/suno","https:\/\/www.linkedin.com\/company\/suno-research\/","https:\/\/www.youtube.com\/c\/sunoresearch"]},{"@type":"Person","@id":"https:\/\/www.suno.com.br\/noticias\/#\/schema\/person\/450c455ecff319bab1f1a0e643451479","name":"Vanessa Loiola","image":{"@type":"ImageObject","inLanguage":"pt-BR","@id":"https:\/\/www.suno.com.br\/noticias\/#\/schema\/person\/image\/","url":"https:\/\/secure.gravatar.com\/avatar\/8b41117f9780831919eb38da349c3f20?s=96&r=g","contentUrl":"https:\/\/secure.gravatar.com\/avatar\/8b41117f9780831919eb38da349c3f20?s=96&r=g","caption":"Vanessa Loiola"},"description":"Jornalista formada pela PUC-SP, com experi\u00eancia na cobertura das editorias de economia, finan\u00e7as, bolsa de valores, pol\u00edtica, energia solar e entretenimento. Com passagem pela BM&amp;C News e RedeTV!","url":"https:\/\/www.suno.com.br\/noticias\/author\/vanessal-loiolagmail-com\/"}]}},"default_loop_html":"<div class=\"cardsPage__listCard__boxs\"><div class=\"cardsPage__listCard__boxs__img\"><a href=\"https:\/\/www.suno.com.br\/noticias\/radar-itau-itub4-cvc-cvcb3-banco-do-brasil-bbas3\/\"><img class=\"mask\" src=\"https:\/\/www.suno.com.br\/noticias\/wp-content\/themes\/suno\/resources\/images\/spotlight\/spotlight1img\/bg-mask.png\" alt=\"Image Mask\"\/><img src=\"https:\/\/files.sunoresearch.com.br\/n\/uploads\/2023\/08\/Agencia-Itau-Unibanco_2-400x200.jpg\" alt=\"Radar: Ita\u00fa (ITUB4) aprova JCP, analistas recomendam a\u00e7\u00f5es de CVC (CVCB3) e XP reitera otimismo para o Banco do Brasil (BBAS3)\"\/><\/a><span class=\"spotlightCategory\"><a href=\"https:\/\/www.suno.com.br\/noticias\/negocios\/\">Neg\u00f3cios<\/a><\/span><\/div><div class=\"cardsPage__listCard__boxs__content\"><a href=\"https:\/\/www.suno.com.br\/noticias\/radar-itau-itub4-cvc-cvcb3-banco-do-brasil-bbas3\/\"><h2 class=\"content__title\">Radar: Ita\u00fa (ITUB4) aprova JCP, analistas recomendam a\u00e7\u00f5es de CVC (CVCB3) e XP reitera otimismo para o Banco do Brasil (BBAS3)<\/h2><\/a><div class=\"newsContent__article__meta\"><div class=\"newsContent__article__meta__authorBox\"><a href=\"https:\/\/www.suno.com.br\/noticias\/author\/vanessal-loiolagmail-com\/\" class=\"authorBox__avatar noMobi\"><img src=\"https:\/\/secure.gravatar.com\/avatar\/8b41117f9780831919eb38da349c3f20?s=96&#038;r=g\" alt=\"Vanessa Loiola\"><\/a><div class=\"authorBox__name\"><span>por\n\t\t\t<a href=\"https:\/\/www.suno.com.br\/noticias\/author\/vanessal-loiolagmail-com\/\"><span itemprop=\"author\">Vanessa Loiola<\/span><\/a><\/span><time datetime=\"2024-03-04T23:56:01-03:00\" itemprop=\"datePublished\">04\/03\/2024 23:56<\/time><\/div><\/div><\/div><\/div><\/div>","single_layout":"posts","amp_enabled":true,"_links":{"self":[{"href":"https:\/\/www.suno.com.br\/noticias\/wp-json\/wp\/v2\/posts\/529528"}],"collection":[{"href":"https:\/\/www.suno.com.br\/noticias\/wp-json\/wp\/v2\/posts"}],"about":[{"href":"https:\/\/www.suno.com.br\/noticias\/wp-json\/wp\/v2\/types\/post"}],"author":[{"embeddable":true,"href":"https:\/\/www.suno.com.br\/noticias\/wp-json\/wp\/v2\/users\/227"}],"replies":[{"embeddable":true,"href":"https:\/\/www.suno.com.br\/noticias\/wp-json\/wp\/v2\/comments?post=529528"}],"version-history":[{"count":2,"href":"https:\/\/www.suno.com.br\/noticias\/wp-json\/wp\/v2\/posts\/529528\/revisions"}],"predecessor-version":[{"id":529553,"href":"https:\/\/www.suno.com.br\/noticias\/wp-json\/wp\/v2\/posts\/529528\/revisions\/529553"}],"wp:featuredmedia":[{"embeddable":true,"href":"https:\/\/www.suno.com.br\/noticias\/wp-json\/wp\/v2\/media\/437318"}],"wp:attachment":[{"href":"https:\/\/www.suno.com.br\/noticias\/wp-json\/wp\/v2\/media?parent=529528"}],"wp:term":[{"taxonomy":"category","embeddable":true,"href":"https:\/\/www.suno.com.br\/noticias\/wp-json\/wp\/v2\/categories?post=529528"},{"taxonomy":"post_tag","embeddable":true,"href":"https:\/\/www.suno.com.br\/noticias\/wp-json\/wp\/v2\/tags?post=529528"},{"taxonomy":"suno_strategy","embeddable":true,"href":"https:\/\/www.suno.com.br\/noticias\/wp-json\/wp\/v2\/suno_strategy?post=529528"}],"curies":[{"name":"wp","href":"https:\/\/api.w.org\/{rel}","templated":true}]}}