{"id":529376,"date":"2024-03-04T16:46:48","date_gmt":"2024-03-04T19:46:48","guid":{"rendered":"https:\/\/www.suno.com.br\/noticias\/?p=529376"},"modified":"2024-03-04T19:06:15","modified_gmt":"2024-03-04T22:06:15","slug":"magazine-luiza-mglu3-varejistas-ibovespa-gpj","status":"publish","type":"post","link":"https:\/\/www.suno.com.br\/noticias\/magazine-luiza-mglu3-varejistas-ibovespa-gpj\/","title":{"rendered":"Magazine Luiza (MGLU3) e mais varejistas derretem no Ibovespa; veja por qu\u00ea"},"content":{"rendered":"<p>As a\u00e7\u00f5es de <strong>Magazine Luiza <\/strong>(<a href=\"https:\/\/statusinvest.com.br\/acoes\/mglu3\">MGLU3<\/a>) despencaram nesta segunda-feira (4) no Ibovespa, assim como de outras empresas do setor, em linha com a queda do <a href=\"https:\/\/www.suno.com.br\/artigos\/icon\/\">\u00edndice de consumo (ICON)<\/a>. <\/p>\t<div class=\"wrapper-featured-image\">\n\t\t<figure class=\"spotlightImg\">\n\n\t\t\t<picture>\n\t\t\t\t<source media=\"(max-width: 768px)\" srcset=\"https:\/\/files.sunoresearch.com.br\/n\/uploads\/2022\/01\/LF-2022-SP-05-400x200.jpg\">\n\t\t\t\t<img loading=\"lazy\" decoding=\"async\" class=\"newsContent__article__imgCapa lazyloadDisabled \" src=\"https:\/\/files.sunoresearch.com.br\/n\/uploads\/2022\/01\/LF-2022-SP-05-800x450.jpg\" width=\"800\" height=\"450\" alt=\"Magazine Luiza (MGLU3) e mais varejistas derretem no Ibovespa; veja por qu\u00ea\" fetchpriority=high \/>\n\t\t\t<\/picture>\n\n\t\t\t<figcaption class=\"wp-caption-text wp-caption-text--show\">Magazine Luiza. Foto: Divulga\u00e7\u00e3o.<\/figcaption>\n\t\t<\/figure>\n\t<\/div>\n\n\n\n\n\n\n\n\t<p>\n\t\t<a href=\"\" target=\"_blank\" data-element=\"shortcode-suno-banner\" title=\"Banner SUNO, clique e saiba mais\">\n\t\t\t<picture>\n\t\t\t\t<source media=\"(max-width: 500px)\" srcset=\"\">\n\t\t\t\t<img class=\"newsContent__article__imgCapa newsContent__article__imgCapa--banner\"\n\t\t\t\t\tsrc=\"\"\n\t\t\t\t\tdata-promo-id=\"250704\"\t\t\t\t\t\t\t\t\t\t\t\t\t\t\talt=\"\"\n\t\t\t\t>\n\t\t\t<\/picture>\n\t\t<\/a>\n\t<\/p>\n\n\n\n\n\n<p>No fechamento, as a\u00e7\u00f5es de <a href=\"https:\/\/www.suno.com.br\/acoes\/MGLU3\/\">Magazine Luiza (MGLU3)<\/a> ca\u00edram 4,05%, cotadas a R$ 2,13<\/p>\n\n\n\n<div class=\"pluginQuotation\">\n  <p class=\"ticker\">\n    Cota\u00e7\u00e3o <span>MGLU3<\/span>\n  <\/p>\n  <div class=\"info\">\n    <div class=\"leftSide\">\n      Gr\u00e1fico gerado em: 04\/03\/2024    <\/div>\n\t\t\t\t\t<div class=\"rightSide\">\n\t\t\t\t\t<span class=\"period\">\n\t\t\t\t\t\t1 Dia\t\t\t\t\t<\/span>\n\t\t\t<\/div>\n\t\t  <\/div>\n\n  <div id=\"chart-520638a361a6ff990351583e56ecf2f8\" data-block-hash=\"520638a361a6ff990351583e56ecf2f8\"  class=\"chart\" style=\"width:100%;height:400px;\"><\/div>\n\n  <div class=\"pluginQuotation__footer\">\n    <div class=\"dataChart\">\n\n      <div class=\"dataChart__div1 variation\">\n        <div class=\"value-negative\">\n          -3,62 (-0,08%)        <\/div>\n        <div class=\"text\">\n          Varia\u00e7\u00e3o do per\u00edodo\n        <\/div>\n      <\/div>\n\n      <div class=\"dataChart__div2 minMax\">\n        <div class=\"value\">\n          R$\u00a02,11        <\/div>\n        <div class=\"text\">\n          M\u00ednima\n        <\/div>\n      <\/div>\n\n      <div class=\"dataChart__div3 minMax\">\n        <div class=\"value\">\n          R$\u00a02,22        <\/div>\n        <div class=\"text\">\n          M\u00e1xima\n        <\/div>\n      <\/div>\n\n\t\t\t<div class=\"dataChart__div4 rightSide\">\n\t\t\t\t<div class=\"analiticaSource\">\n\t\t\t\t\t<span>\n\t\t\t\t\t\tFonte:\n\t\t\t\t\t<\/span>\n\t\t\t\t\t<img decoding=\"async\" class=\"analiticaLogo\" src=\"https:\/\/www.suno.com.br\/noticias\/wp-content\/plugins\/suno-block-ticker-quotation\/src\/suno-analitica-logo.png\" alt=\"Logo Suno Anal\u00edtica\" \/>\n\t\t\t\t<\/div>\n\n\t\t\t\t<a href=\"https:\/\/www.suno.com.br\/analitica\/acoes\/MGLU3\" target=\"_blank\">\n\t\t\t\t\t<span>\n\t\t\t\t\t\tVer mais cota\u00e7\u00f5es\n\t\t\t\t\t<\/span>\n\t\t\t\t\t<svg xmlns=\"http:\/\/www.w3.org\/2000\/svg\" width=\"9\" height=\"8\" viewBox=\"0 0 9 8\" fill=\"none\">\n\t\t\t\t\t\t<path d=\"M4.20996 0L3.50496 0.705L6.29496 3.5H0.209961V4.5H6.29496L3.50496 7.295L4.20996 8L8.20996 4L4.20996 0Z\" fill=\"#D42126\" \/>\n\t\t\t\t\t<\/svg>\n\t\t\t\t<\/a>\n    <\/div>\n\n    <\/div>\n  <\/div>\n<\/div>\n\n\n<script type=\"text\/javascript\">\n  let chart_520638a361a6ff990351583e56ecf2f8 = document.getElementById('chart-520638a361a6ff990351583e56ecf2f8');\n  let data_json_520638a361a6ff990351583e56ecf2f8 = \"[{\\\"date\\\":\\\"04\\\\\\\/03\\\\\\\/24 10:32\\\",\\\"value\\\":2.21},{\\\"date\\\":\\\"04\\\\\\\/03\\\\\\\/24 10:34\\\",\\\"value\\\":2.22},{\\\"date\\\":\\\"04\\\\\\\/03\\\\\\\/24 10:36\\\",\\\"value\\\":2.22},{\\\"date\\\":\\\"04\\\\\\\/03\\\\\\\/24 10:38\\\",\\\"value\\\":2.21},{\\\"date\\\":\\\"04\\\\\\\/03\\\\\\\/24 10:40\\\",\\\"value\\\":2.21},{\\\"date\\\":\\\"04\\\\\\\/03\\\\\\\/24 10:42\\\",\\\"value\\\":2.22},{\\\"date\\\":\\\"04\\\\\\\/03\\\\\\\/24 10:44\\\",\\\"value\\\":2.21},{\\\"date\\\":\\\"04\\\\\\\/03\\\\\\\/24 10:46\\\",\\\"value\\\":2.22},{\\\"date\\\":\\\"04\\\\\\\/03\\\\\\\/24 10:48\\\",\\\"value\\\":2.22},{\\\"date\\\":\\\"04\\\\\\\/03\\\\\\\/24 10:50\\\",\\\"value\\\":2.21},{\\\"date\\\":\\\"04\\\\\\\/03\\\\\\\/24 10:52\\\",\\\"value\\\":2.21},{\\\"date\\\":\\\"04\\\\\\\/03\\\\\\\/24 10:54\\\",\\\"value\\\":2.22},{\\\"date\\\":\\\"04\\\\\\\/03\\\\\\\/24 10:56\\\",\\\"value\\\":2.21},{\\\"date\\\":\\\"04\\\\\\\/03\\\\\\\/24 10:58\\\",\\\"value\\\":2.22},{\\\"date\\\":\\\"04\\\\\\\/03\\\\\\\/24 11:00\\\",\\\"value\\\":2.21},{\\\"date\\\":\\\"04\\\\\\\/03\\\\\\\/24 11:02\\\",\\\"value\\\":2.22},{\\\"date\\\":\\\"04\\\\\\\/03\\\\\\\/24 11:04\\\",\\\"value\\\":2.21},{\\\"date\\\":\\\"04\\\\\\\/03\\\\\\\/24 11:06\\\",\\\"value\\\":2.2},{\\\"date\\\":\\\"04\\\\\\\/03\\\\\\\/24 11:08\\\",\\\"value\\\":2.19},{\\\"date\\\":\\\"04\\\\\\\/03\\\\\\\/24 11:10\\\",\\\"value\\\":2.21},{\\\"date\\\":\\\"04\\\\\\\/03\\\\\\\/24 11:12\\\",\\\"value\\\":2.2},{\\\"date\\\":\\\"04\\\\\\\/03\\\\\\\/24 11:14\\\",\\\"value\\\":2.2},{\\\"date\\\":\\\"04\\\\\\\/03\\\\\\\/24 11:16\\\",\\\"value\\\":2.2},{\\\"date\\\":\\\"04\\\\\\\/03\\\\\\\/24 11:18\\\",\\\"value\\\":2.19},{\\\"date\\\":\\\"04\\\\\\\/03\\\\\\\/24 12:38\\\",\\\"value\\\":2.17},{\\\"date\\\":\\\"04\\\\\\\/03\\\\\\\/24 12:40\\\",\\\"value\\\":2.17},{\\\"date\\\":\\\"04\\\\\\\/03\\\\\\\/24 12:42\\\",\\\"value\\\":2.16},{\\\"date\\\":\\\"04\\\\\\\/03\\\\\\\/24 12:44\\\",\\\"value\\\":2.16},{\\\"date\\\":\\\"04\\\\\\\/03\\\\\\\/24 12:46\\\",\\\"value\\\":2.16},{\\\"date\\\":\\\"04\\\\\\\/03\\\\\\\/24 12:48\\\",\\\"value\\\":2.16},{\\\"date\\\":\\\"04\\\\\\\/03\\\\\\\/24 12:50\\\",\\\"value\\\":2.17},{\\\"date\\\":\\\"04\\\\\\\/03\\\\\\\/24 12:52\\\",\\\"value\\\":2.16},{\\\"date\\\":\\\"04\\\\\\\/03\\\\\\\/24 12:54\\\",\\\"value\\\":2.16},{\\\"date\\\":\\\"04\\\\\\\/03\\\\\\\/24 12:56\\\",\\\"value\\\":2.16},{\\\"date\\\":\\\"04\\\\\\\/03\\\\\\\/24 12:58\\\",\\\"value\\\":2.15},{\\\"date\\\":\\\"04\\\\\\\/03\\\\\\\/24 13:00\\\",\\\"value\\\":2.15},{\\\"date\\\":\\\"04\\\\\\\/03\\\\\\\/24 13:02\\\",\\\"value\\\":2.17},{\\\"date\\\":\\\"04\\\\\\\/03\\\\\\\/24 13:04\\\",\\\"value\\\":2.16},{\\\"date\\\":\\\"04\\\\\\\/03\\\\\\\/24 13:06\\\",\\\"value\\\":2.16},{\\\"date\\\":\\\"04\\\\\\\/03\\\\\\\/24 13:08\\\",\\\"value\\\":2.16},{\\\"date\\\":\\\"04\\\\\\\/03\\\\\\\/24 13:10\\\",\\\"value\\\":2.16},{\\\"date\\\":\\\"04\\\\\\\/03\\\\\\\/24 13:12\\\",\\\"value\\\":2.16},{\\\"date\\\":\\\"04\\\\\\\/03\\\\\\\/24 13:14\\\",\\\"value\\\":2.16},{\\\"date\\\":\\\"04\\\\\\\/03\\\\\\\/24 13:16\\\",\\\"value\\\":2.16},{\\\"date\\\":\\\"04\\\\\\\/03\\\\\\\/24 13:18\\\",\\\"value\\\":2.16},{\\\"date\\\":\\\"04\\\\\\\/03\\\\\\\/24 13:20\\\",\\\"value\\\":2.16},{\\\"date\\\":\\\"04\\\\\\\/03\\\\\\\/24 13:22\\\",\\\"value\\\":2.16},{\\\"date\\\":\\\"04\\\\\\\/03\\\\\\\/24 14:46\\\",\\\"value\\\":2.15},{\\\"date\\\":\\\"04\\\\\\\/03\\\\\\\/24 14:48\\\",\\\"value\\\":2.14},{\\\"date\\\":\\\"04\\\\\\\/03\\\\\\\/24 14:50\\\",\\\"value\\\":2.14},{\\\"date\\\":\\\"04\\\\\\\/03\\\\\\\/24 14:52\\\",\\\"value\\\":2.14},{\\\"date\\\":\\\"04\\\\\\\/03\\\\\\\/24 14:54\\\",\\\"value\\\":2.14},{\\\"date\\\":\\\"04\\\\\\\/03\\\\\\\/24 14:56\\\",\\\"value\\\":2.13},{\\\"date\\\":\\\"04\\\\\\\/03\\\\\\\/24 14:58\\\",\\\"value\\\":2.13},{\\\"date\\\":\\\"04\\\\\\\/03\\\\\\\/24 15:00\\\",\\\"value\\\":2.12},{\\\"date\\\":\\\"04\\\\\\\/03\\\\\\\/24 15:02\\\",\\\"value\\\":2.13},{\\\"date\\\":\\\"04\\\\\\\/03\\\\\\\/24 15:04\\\",\\\"value\\\":2.12},{\\\"date\\\":\\\"04\\\\\\\/03\\\\\\\/24 15:06\\\",\\\"value\\\":2.12},{\\\"date\\\":\\\"04\\\\\\\/03\\\\\\\/24 15:08\\\",\\\"value\\\":2.12},{\\\"date\\\":\\\"04\\\\\\\/03\\\\\\\/24 15:10\\\",\\\"value\\\":2.12},{\\\"date\\\":\\\"04\\\\\\\/03\\\\\\\/24 15:12\\\",\\\"value\\\":2.12},{\\\"date\\\":\\\"04\\\\\\\/03\\\\\\\/24 15:14\\\",\\\"value\\\":2.11},{\\\"date\\\":\\\"04\\\\\\\/03\\\\\\\/24 15:16\\\",\\\"value\\\":2.12},{\\\"date\\\":\\\"04\\\\\\\/03\\\\\\\/24 15:18\\\",\\\"value\\\":2.11},{\\\"date\\\":\\\"04\\\\\\\/03\\\\\\\/24 15:20\\\",\\\"value\\\":2.12},{\\\"date\\\":\\\"04\\\\\\\/03\\\\\\\/24 15:22\\\",\\\"value\\\":2.13},{\\\"date\\\":\\\"04\\\\\\\/03\\\\\\\/24 15:24\\\",\\\"value\\\":2.13},{\\\"date\\\":\\\"04\\\\\\\/03\\\\\\\/24 15:26\\\",\\\"value\\\":2.13},{\\\"date\\\":\\\"04\\\\\\\/03\\\\\\\/24 15:28\\\",\\\"value\\\":2.12},{\\\"date\\\":\\\"04\\\\\\\/03\\\\\\\/24 15:30\\\",\\\"value\\\":2.12},{\\\"date\\\":\\\"04\\\\\\\/03\\\\\\\/24 17:40\\\",\\\"value\\\":2.11},{\\\"date\\\":\\\"04\\\\\\\/03\\\\\\\/24 17:42\\\",\\\"value\\\":2.11},{\\\"date\\\":\\\"04\\\\\\\/03\\\\\\\/24 17:44\\\",\\\"value\\\":2.11},{\\\"date\\\":\\\"04\\\\\\\/03\\\\\\\/24 17:46\\\",\\\"value\\\":2.11},{\\\"date\\\":\\\"04\\\\\\\/03\\\\\\\/24 17:48\\\",\\\"value\\\":2.11},{\\\"date\\\":\\\"04\\\\\\\/03\\\\\\\/24 17:50\\\",\\\"value\\\":2.13},{\\\"date\\\":\\\"04\\\\\\\/03\\\\\\\/24 17:52\\\",\\\"value\\\":2.12},{\\\"date\\\":\\\"04\\\\\\\/03\\\\\\\/24 17:54\\\",\\\"value\\\":2.13},{\\\"date\\\":\\\"04\\\\\\\/03\\\\\\\/24 18:06\\\",\\\"value\\\":2.13}]\";\n  let isPositive_520638a361a6ff990351583e56ecf2f8 = \"\";\n\n  let color_520638a361a6ff990351583e56ecf2f8 = isPositive_520638a361a6ff990351583e56ecf2f8 ? '#3AB53A' : '#D92C2D';\n\n  let data_520638a361a6ff990351583e56ecf2f8 = JSON.parse(data_json_520638a361a6ff990351583e56ecf2f8);\n\n  const result_520638a361a6ff990351583e56ecf2f8 = {\n    date: [],\n    value: [],\n  };\n\n  data_520638a361a6ff990351583e56ecf2f8.forEach((item) => {\n    result_520638a361a6ff990351583e56ecf2f8.date.push(item.date);\n    result_520638a361a6ff990351583e56ecf2f8.value.push(Number(item.value));\n  });\n\n  let option_520638a361a6ff990351583e56ecf2f8 = {\n    \/\/ variavel de cor global\n    color: [color_520638a361a6ff990351583e56ecf2f8],\n    title: {\n      text: '',\n    },\n    tooltip: {\n      trigger: 'axis',\n      axisPointer: {\n        type: 'cross',\n        label: {\n          \/\/ cor dos valores em X e Y\n          backgroundColor: color_520638a361a6ff990351583e56ecf2f8,\n          formatter: (value) => {\n            if (typeof value.value === 'number') {\n              return Number(value.value).toLocaleString('pt-br', {\n                style: 'currency',\n                currency: 'BRL'\n              });\n            }\n            return value.value;\n          },\n        },\n      },\n      valueFormatter: (value) => Number(value).toLocaleString('pt-br', {\n        style: 'currency',\n        currency: 'BRL'\n      }),\n    },\n    legend: {\n      \/\/ data: ['Valor de Fechamento'],\n      show: false,\n    },\n    toolbox: {\n      feature: {\n        saveAsImage: {\n          show: false,\n        },\n      },\n    },\n    grid: {\n      left: '0px',\n      right: '0px',\n      bottom: '0px',\n      containLabel: true,\n    },\n    xAxis: [{\n      type: 'category',\n      data: result_520638a361a6ff990351583e56ecf2f8.date,\n      boundaryGap: true,\n    }],\n    yAxis: [{\n      type: 'value',\n      min: Math.min(...result_520638a361a6ff990351583e56ecf2f8.value),\n      max: Math.max(...result_520638a361a6ff990351583e56ecf2f8.value),\n      axisLabel: {\n        formatter: (value) => value.toLocaleString('pt-br', {\n          style: 'currency',\n          currency: 'BRL'\n        }),\n      },\n    }],\n    series: [{\n      name: 'Valor de Fechamento',\n      type: 'line',\n      stack: 'Total',\n      \/\/ cor do grafico\n      areaStyle: {},\n      emphasis: {\n        focus: 'series',\n      },\n      data: result_520638a361a6ff990351583e56ecf2f8.value,\n      \/\/ cor da linha\n      lineStyle: {\n        color: color_520638a361a6ff990351583e56ecf2f8,\n      },\n    }, ],\n  };\n\n\twindow.chart_520638a361a6ff990351583e56ecf2f8 = {\n\t\tel: chart_520638a361a6ff990351583e56ecf2f8,\n\t\toption: option_520638a361a6ff990351583e56ecf2f8\t};\n\n\n<\/script>\n\n\n\n<p>&#8220;Sem not\u00edcias envolvendo o ativo, Magalu cai com realiza\u00e7\u00e3o de lucro ap\u00f3s o ativo subir 12,% entre os dias 22\/02 e 01\/03. Adicionalmente, pela <a href=\"https:\/\/www.suno.com.br\/artigos\/analise-tecnica\/\">an\u00e1lise t\u00e9cnica<\/a>, a regi\u00e3o dos R$ 2,25 \u00e9 uma resist\u00eancia gr\u00e1fica importante para o ativo&#8221;, afirma Leandro Petrokas, s\u00f3cio da Quantzed.<\/p>\n\n\n\n<p>&#8220;Tamb\u00e9m vale pontuar que h\u00e1 um movimento mais generalizado de queda de nomes do varejo, com o ICON caindo 1,40% (por volta das 15h15)&#8221;, completa.<\/p>\n\n\n\n<p>Neste sentido, outras a\u00e7\u00f5es de varejo tamb\u00e9m cederam em bloco e fecharam no vermelho. Veja:<\/p>\n\n\n\n<ul class=\"wp-block-list\">\n<li><strong>P\u00e3o de A\u00e7\u00facar <\/strong>(PCAR3): 7,22%, a R$ 3,60;<\/li>\n\n\n\n<li><strong>Petz <\/strong>(PETZ3): 5,73%, a R$ 3,95;<\/li>\n\n\n\n<li><strong>Grupo Soma <\/strong>(SOMA3): 4,37%, a R$ 6,79;<\/li>\n\n\n\n<li><strong>Carrefour <\/strong>(CRFB3): 2,65%, a R$ 11,37.<\/li>\n<\/ul>\n\n\n\n<p>A a\u00e7\u00e3o da Casas Bahia (BHIA3), no entanto, subiu: 1,23%, a R$ 9,84. Na quinta (29), a companhia <a href=\"https:\/\/www.suno.com.br\/noticias\/casas-bahia-bhia3-aumenta-prazo-pagar-divida-jvj\/#:~:text=O%20endividamento%20da%20companhia%20%C3%A9,%2C%20antes%20do%20pr%C3%A9%2Dalongamento.\">assinou um novo documento <\/a>que cont\u00e9m os termos e condi\u00e7\u00f5es para que seja realizado o reperfilamento de suas d\u00edvidas, no valor de R$ 1,5 bilh\u00e3o.<\/p>\n\n\n\t<p>\n\t\t<a href=\"https:\/\/lp.suno.com.br\/ebook-como-analisar-uma-acao\/\" target=\"_blank\" data-element=\"shortcode-suno-banner\" title=\"Banner SUNO, clique e saiba mais\">\n\t\t\t<picture>\n\t\t\t\t<source media=\"(max-width: 500px)\" srcset=\"https:\/\/files.sunoresearch.com.br\/n\/uploads\/2023\/03\/Ebook-Acoes-Mobile.jpg\">\n\t\t\t\t<img class=\"newsContent__article__imgCapa newsContent__article__imgCapa--banner\"\n\t\t\t\t\tsrc=\"https:\/\/files.sunoresearch.com.br\/n\/uploads\/2023\/03\/Ebook-Acoes-Desktop.jpg\"\n\t\t\t\t\tdata-promo-id=\"378302\"\t\t\t\t\t\t\t\t\t\twidth='1420' height='286'\t\t\t\t\talt=\"https:\/\/files.sunoresearch.com.br\/n\/uploads\/2023\/03\/Ebook-Acoes-Desktop.jpg\"\n\t\t\t\t>\n\t\t\t<\/picture>\n\t\t<\/a>\n\t<\/p>\n\n\n\n\n\n<h2 class=\"wp-block-heading\">Magazine Luiza (MGLU3): analistas veem aumento de capital como positivo, mas cen\u00e1rio macroecon\u00f4mico ainda envolve riscos<\/h2>\n\n\n\n<p>No fim do m\u00eas passado, o&nbsp;Magazine Luiza informou que far\u00e1 um&nbsp;<a href=\"https:\/\/www.suno.com.br\/noticias\/magazine-luiza-mglu3-aumento-capital-gpj\/\">aumento de capital no valor de at\u00e9 R$ 1,25 bilh\u00e3o<\/a>, em uma opera\u00e7\u00e3o que envolve a fam\u00edlia Trajano \u2013 controladora da varejista \u2013 e o&nbsp;<a href=\"https:\/\/www.suno.com.br\/acoes\/BPAC11\/\" target=\"_blank\" rel=\"noreferrer noopener\">BTG Pactual (BPAC11)<\/a>. Mas como os analistas est\u00e3o enxergando esse movimento?<\/p>\n\n\n\n<p>Ap\u00f3s o an\u00fancio do&nbsp;<strong>aumento de capital do Magazine Luiza<\/strong>, diversas casas de an\u00e1lise emitiram suas opini\u00f5es sobre o assunto. A maioria delas enxerga o movimento como positivo. A opera\u00e7\u00e3o, no entanto, n\u00e3o \u00e9 livre de riscos, e o principal empecilho citado pelos especialistas \u00e9 o cen\u00e1rio macroecon\u00f4mico ainda incerto no Brasil.<\/p>\n\n\n\n<p>Confira a seguir alguns dos pontos positivos e negativos do&nbsp;<strong>aumento de capital do Magalu<\/strong>, de acordo com analistas:<\/p>\n\n\n\n<h2 class=\"wp-block-heading\">Protagonismo do acionista controlador<\/h2>\n\n\n\n<p>De acordo com o comunicado do Magazine Luiza, a&nbsp;<strong>fam\u00edlia Trajano<\/strong>&nbsp;\u2013 controladora da empresa \u2013 entrar\u00e1 com R$ 1 bilh\u00e3o na opera\u00e7\u00e3o, enquanto o&nbsp;<strong>BTG Pactual<\/strong>&nbsp;ser\u00e1 respons\u00e1vel pelos R$ 250 milh\u00f5es restantes.<\/p>\n\n\n\n<p>O BTG se comprometeu a financiar integralmente a parcela a ser obtida pela holding da fam\u00edlia Trajano, o que deve acontecer por meio de uma opera\u00e7\u00e3o de troca de resultados de fluxos futuros.<\/p>\n\n\n\n<p>Assim, a holding contratou com o BTG uma opera\u00e7\u00e3o de cr\u00e9dito lastreada nas a\u00e7\u00f5es da empresa. Nela, o banco fornece recursos de um lado e compra as&nbsp;<strong>a\u00e7\u00f5es do Magalu<\/strong>&nbsp;de outro, em troca de receber uma remunera\u00e7\u00e3o igual ao CDI mais um percentual ao ano por um per\u00edodo de 30 meses. Caso nenhum acionista minorit\u00e1rio siga a opera\u00e7\u00e3o, a holding da fam\u00edlia aumentar\u00e1 a sua posi\u00e7\u00e3o de 56% para 58% na empresa.<\/p>\n\n\n\n<p>\u201cSe os acionistas minorit\u00e1rios n\u00e3o subscreverem as parcelas \u2013 parte proporcional deles \u2013 o controlador se compromete a subscrever R$ 1 bilh\u00e3o, o que vai representar um aumento da participa\u00e7\u00e3o do controlador na companhia e uma dilui\u00e7\u00e3o dos minorit\u00e1rios. Ent\u00e3o temos uma expectativa positiva, j\u00e1 que mostra que o controlador est\u00e1 querendo comprar mais a\u00e7\u00f5es ao inv\u00e9s de deixar ser dilu\u00eddo nesse&nbsp;<a target=\"_blank\" href=\"https:\/\/www.suno.com.br\/artigos\/aumento-capital\/\" rel=\"noreferrer noopener\">aumento de capital<\/a>\u201d, completa o analista CNPI Leonardo Piovesan.<\/p>\n\n\n\n<p>O Goldman Sachs diz ver um \u201cm\u00e9rito estrat\u00e9gico\u201d na transa\u00e7\u00e3o, que deve garantir \u00e0 empresa uma maior flexibilidade financeira. Al\u00e9m disso, a casa tamb\u00e9m destaca o fato de os acionistas controladores terem garantido a maior parte do aumento de capital.<\/p>\n\n\n\n<p>\u201cDestacamos tamb\u00e9m que a transa\u00e7\u00e3o proposta poder\u00e1 reduzir a preocupa\u00e7\u00e3o dos investidores quanto \u00e0 possibilidade de uma oferta subsequente pesar no pre\u00e7o das a\u00e7\u00f5es. Al\u00e9m disso, vemos m\u00e9rito no fato dos acionistas controladores terem garantido grande parte do <a href=\"https:\/\/www.suno.com.br\/artigos\/aumento-capital\/\">aumento de capital<\/a> (at\u00e9 80% da coloca\u00e7\u00e3o), pois demonstra sua confian\u00e7a na estrat\u00e9gia tra\u00e7ada\u201d, avaliaram os analistas Irma Sgarz, Felipe Rached e Gustavo Fratini.<\/p>\n\n\n\n<p>O Goldman Sachs tem recomenda\u00e7\u00e3o neutra para as&nbsp;<strong>a\u00e7\u00f5es do Magazine Luiza<\/strong>&nbsp;(<strong>MGLU3<\/strong>), com pre\u00e7o-alvo de R$ 2,40.<\/p>\n\n\n\n<h2 class=\"wp-block-heading\">Melhora na estrutura de capital<\/h2>\n\n\n\n<p>Um poss\u00edvel avan\u00e7o na&nbsp;<strong>estrutura de capital do Magazine Luiza<\/strong>&nbsp;ap\u00f3s o <a href=\"https:\/\/www.suno.com.br\/artigos\/aumento-capital\/\">aumento de capital<\/a> \u00e9 um dos pontos mais citados pelos analistas, a exemplo de Diego Faust, operador de&nbsp;<a href=\"https:\/\/www.suno.com.br\/artigos\/renda-variavel-7-dicas\/\" target=\"_blank\" rel=\"noreferrer noopener\">renda vari\u00e1vel<\/a>&nbsp;da Manchester Investimentos.<\/p>\n\n\n\n<p>\u201c\u00c9 fato que o <a href=\"https:\/\/www.suno.com.br\/artigos\/aumento-capital\/\">aumento de capital<\/a> d\u00e1 um certo f\u00f4lego para a empresa n\u00e3o consumir caixa e conseguir, nesse ciclo de queda de CDI, girar a d\u00edvida de&nbsp;<a href=\"https:\/\/www.suno.com.br\/artigos\/curto-prazo\/\" target=\"_blank\" rel=\"noreferrer noopener\">curto prazo<\/a>&nbsp;com essa entrada de recursos\u201d, afirma.<\/p>\n\n\n\n<p>Nessa linha, o&nbsp;<strong>JP Morgan<\/strong>&nbsp;acredita que o movimento pode aumentar em 37% o lucro por&nbsp;<strong>a\u00e7\u00e3o do Magalu<\/strong>&nbsp;<strong>em 2024<\/strong>&nbsp;e em aproximadamente 4% ao longo de 2025. A melhora na estrutura de capital, segundo a casa, deve ser traduzida sobretudo na alavancagem, que deve cair de 6,3x para 5,7x.<\/p>\n\n\n\n<p>O banco destaca que esse \u00e9 um n\u00edvel ainda alto de&nbsp;<strong>alavancagem do Magazine Luiza<\/strong>, mas a acelera\u00e7\u00e3o de investimentos prometida pela varejista tende a impactar positivamente alguns importantes pilares da gera\u00e7\u00e3o de valor, como marketplace, an\u00fancios e armazenamento em nuvem. A recomenda\u00e7\u00e3o \u00e9 neutra.<\/p>\n\n\n\n<p>O&nbsp;<strong>Citi<\/strong>&nbsp;afirma que o <a href=\"https:\/\/www.suno.com.br\/artigos\/aumento-capital\/\">aumento de capital<\/a> \u00e9 positivo e v\u00ea o Magazine Luiza em uma situa\u00e7\u00e3o de \u201cs\u00f3lida liquidez\u201d. Segundo a casa, o movimento deve ser visto como um \u201ccombust\u00edvel extra\u201d e n\u00e3o como \u201cuma urg\u00eancia\u201d. O Citi reitera recomenda\u00e7\u00e3o de compra para os&nbsp;<strong>pap\u00e9is da Magalu<\/strong>, com pre\u00e7o-alvo de R$ 3,40. A casa, no entanto, classifica o investimento como de alto risco.<\/p>\n\n\n\n<p>J\u00e1 na vis\u00e3o do&nbsp;<strong>Bradesco BBI<\/strong>, a opera\u00e7\u00e3o pode levar o Magazine Luiza a reverter as perdas e apresentar&nbsp;<a target=\"_blank\" href=\"https:\/\/www.suno.com.br\/artigos\/lucro-liquido\/\" rel=\"noreferrer noopener\">lucro l\u00edquido<\/a>&nbsp;em 2024, considerando uma tend\u00eancia de expans\u00e3o de margem.<\/p>\n\n\n\n<p>\u201cA onerosa&nbsp;<strong>estrutura de capital do Magalu<\/strong>&nbsp;\u2013 e, portanto, as&nbsp;<a href=\"https:\/\/www.suno.com.br\/artigos\/despesas-financeiras\/\" target=\"_blank\" rel=\"noreferrer noopener\">despesas financeiras<\/a>&nbsp;\u2013 tem sido um dos principais entraves aos resultados financeiros e ao fluxo de caixa nos \u00faltimos anos. No in\u00edcio de 2024, este <a href=\"https:\/\/www.suno.com.br\/artigos\/aumento-capital\/\">aumento de capital<\/a> surge num momento favor\u00e1vel, j\u00e1 que as taxas de juros diminu\u00edram e a origina\u00e7\u00e3o de cr\u00e9dito deve melhorar e, portanto, o consumo discricion\u00e1rio estar\u00e1 sujeito a se beneficiar destas condi\u00e7\u00f5es\u201d, aponta.<\/p>\n\n\n\n<h2 class=\"wp-block-heading\">Cen\u00e1rio macroecon\u00f4mico<\/h2>\n\n\n\n<p>Entre os riscos citados pelos analistas, o cen\u00e1rio macroecon\u00f4mico brasileiro ainda \u00e9 o principal. A&nbsp;<strong>\u00c1gora Investimentos<\/strong>, por exemplo, mant\u00e9m recomenda\u00e7\u00e3o neutra para o papel, pois embora enxergue a opera\u00e7\u00e3o como positiva, prefere aguardar uma melhora no fluxo de caixa da empresa nos pr\u00f3ximos trimestres, o que depende de condi\u00e7\u00f5es macroecon\u00f4micas mais favor\u00e1veis.&nbsp;<\/p>\n\n\n\n<p>Nessa linha, a XP destacou que apesar do refor\u00e7o na estrutura de capital, segue enxergando um \u201ccen\u00e1rio macro desafiador para a demanda de bens dur\u00e1veis, al\u00e9m de um cen\u00e1rio competitivo pressionado, com expans\u00e3o de players estrangeiros no pa\u00eds\u201d, o que levou \u00e0 manuten\u00e7\u00e3o da recomenda\u00e7\u00e3o neutra para o&nbsp;<strong>papel do Magazine Luiza<\/strong>, com pre\u00e7o-alvo de R$ 2,50.<\/p>\n\n\n\n<p>Piovesan tamb\u00e9m cita o contexto macroecon\u00f4mico, e chama a aten\u00e7\u00e3o sobretudo para a possibilidade de a&nbsp;<strong>taxa Selic&nbsp;<\/strong>encerrar o ciclo de cortes ainda em dois d\u00edgitos.<\/p>\n\n\n\n<p>\u201cExiste o risco de a economia seguir fraca e o&nbsp;<strong>varejo<\/strong>&nbsp;continuar dif\u00edcil. Principalmente, tem o risco de a&nbsp;<strong>Selic&nbsp;<\/strong>terminal ficar em dois d\u00edgitos, o que dificultaria a vida das a\u00e7\u00f5es. Ent\u00e3o, o ponto de aten\u00e7\u00e3o \u00e9 sobre uma poss\u00edvel reviravolta nesse cen\u00e1rio de melhora macroecon\u00f4mica, o que impactaria negativamente nas a\u00e7\u00f5es\u201d, explica.<\/p>\n\n\n\t<p>\n\t\t<a href=\"https:\/\/lp.suno.com.br\/plataforma-de-controle-de-investimentos\/\" target=\"_blank\" data-element=\"shortcode-suno-banner\" title=\"Banner SUNO, clique e saiba mais\">\n\t\t\t<picture>\n\t\t\t\t<source media=\"(max-width: 500px)\" srcset=\"https:\/\/files.sunoresearch.com.br\/n\/uploads\/2023\/03\/400x300-Controle-de-Investimentos.png\">\n\t\t\t\t<img class=\"newsContent__article__imgCapa newsContent__article__imgCapa--banner\"\n\t\t\t\t\tsrc=\"https:\/\/files.sunoresearch.com.br\/n\/uploads\/2023\/03\/1420x240-Controle-de-Investimentos.png\"\n\t\t\t\t\tdata-promo-id=\"383162\"\t\t\t\t\t\t\t\t\t\twidth='1420' height='240'\t\t\t\t\talt=\"https:\/\/files.sunoresearch.com.br\/n\/uploads\/2023\/03\/1420x240-Controle-de-Investimentos.png\"\n\t\t\t\t>\n\t\t\t<\/picture>\n\t\t<\/a>\n\t<\/p>\n\n\n","protected":false},"excerpt":{"rendered":"<p>As a\u00e7\u00f5es de Magazine Luiza (MGLU3) despencaram nesta segunda-feira (4) no Ibovespa, assim como de outras empresas do setor, em linha com a queda do \u00edndice de consumo (ICON). Magazine Luiza. Foto: Divulga\u00e7\u00e3o. No fechamento, as a\u00e7\u00f5es de Magazine Luiza (MGLU3) ca\u00edram 4,05%, cotadas a R$ 2,13 &#8220;Sem not\u00edcias envolvendo o ativo, Magalu cai com [&hellip;]<\/p>\n","protected":false},"author":313,"featured_media":219587,"comment_status":"closed","ping_status":"closed","sticky":false,"template":"","format":"standard","meta":[],"categories":[64],"tags":[286,105816,548],"suno_strategy":[],"class_list":["post-529376","post","type-post","status-publish","format-standard","has-post-thumbnail","hentry","category-negocios","tag-acoes","tag-especialistas","tag-magazine-luiza-mglu3"],"yoast_head":"<!-- This site is optimized with the Yoast SEO plugin v24.4 - https:\/\/yoast.com\/wordpress\/plugins\/seo\/ -->\n<title>Magazine Luiza (MGLU3) e outras varejistas caem no Ibovespa<\/title>\n<meta name=\"description\" content=\"As a\u00e7\u00f5es de Magazine Luiza (MGLU3) despencam nesta segunda-feira (4) no Ibovespa, em linha com a queda do \u00edndice de consumo (ICON).\" \/>\n<meta name=\"robots\" content=\"index, follow, max-snippet:-1, max-image-preview:large, max-video-preview:-1\" \/>\n<link rel=\"canonical\" href=\"https:\/\/www.suno.com.br\/noticias\/magazine-luiza-mglu3-varejistas-ibovespa-gpj\/\" \/>\n<meta property=\"og:locale\" content=\"pt_BR\" \/>\n<meta property=\"og:type\" content=\"article\" \/>\n<meta property=\"og:title\" content=\"Magazine Luiza (MGLU3) e outras varejistas caem no Ibovespa\" \/>\n<meta property=\"og:description\" content=\"As a\u00e7\u00f5es de Magazine Luiza (MGLU3) despencam nesta segunda-feira (4) no Ibovespa, em linha com a queda do \u00edndice de consumo (ICON).\" \/>\n<meta property=\"og:url\" content=\"https:\/\/www.suno.com.br\/noticias\/magazine-luiza-mglu3-varejistas-ibovespa-gpj\/\" \/>\n<meta property=\"og:site_name\" content=\"Suno Not\u00edcias\" \/>\n<meta property=\"article:publisher\" content=\"https:\/\/facebook.com\/sunoresearch\" \/>\n<meta property=\"og:image\" content=\"https:\/\/files.sunoresearch.com.br\/n\/uploads\/2022\/01\/LF-2022-SP-05.jpg\" \/>\n\t<meta property=\"og:image:width\" content=\"1600\" \/>\n\t<meta property=\"og:image:height\" content=\"1200\" \/>\n\t<meta property=\"og:image:type\" content=\"image\/jpeg\" \/>\n<meta name=\"author\" content=\"Giovanni Porf\u00edrio Jacomino\" \/>\n<meta name=\"twitter:card\" content=\"summary_large_image\" \/>\n<meta name=\"twitter:creator\" content=\"@sunoresearch\" \/>\n<meta name=\"twitter:site\" content=\"@sunoresearch\" \/>\n<meta name=\"twitter:label1\" content=\"Escrito por\" \/>\n\t<meta name=\"twitter:data1\" content=\"Giovanni Porf\u00edrio Jacomino\" \/>\n\t<meta name=\"twitter:label2\" content=\"Est. tempo de leitura\" \/>\n\t<meta name=\"twitter:data2\" content=\"7 minutos\" \/>\n<script type=\"application\/ld+json\" class=\"yoast-schema-graph\">{\"@context\":\"https:\/\/schema.org\",\"@graph\":[{\"@type\":\"NewsArticle\",\"@id\":\"https:\/\/www.suno.com.br\/noticias\/magazine-luiza-mglu3-varejistas-ibovespa-gpj\/#article\",\"isPartOf\":{\"@id\":\"https:\/\/www.suno.com.br\/noticias\/magazine-luiza-mglu3-varejistas-ibovespa-gpj\/\"},\"author\":{\"name\":\"Giovanni Porf\u00edrio Jacomino\",\"@id\":\"https:\/\/www.suno.com.br\/noticias\/#\/schema\/person\/d0f32748bbca4bee871fa191ee4e2d40\"},\"headline\":\"Magazine Luiza (MGLU3) e mais varejistas derretem no Ibovespa; veja por qu\u00ea\",\"datePublished\":\"2024-03-04T19:46:48+00:00\",\"dateModified\":\"2024-03-04T22:06:15+00:00\",\"mainEntityOfPage\":{\"@id\":\"https:\/\/www.suno.com.br\/noticias\/magazine-luiza-mglu3-varejistas-ibovespa-gpj\/\"},\"wordCount\":1357,\"publisher\":{\"@id\":\"https:\/\/www.suno.com.br\/noticias\/#organization\"},\"image\":{\"@id\":\"https:\/\/www.suno.com.br\/noticias\/magazine-luiza-mglu3-varejistas-ibovespa-gpj\/#primaryimage\"},\"thumbnailUrl\":\"https:\/\/files.sunoresearch.com.br\/n\/uploads\/2022\/01\/LF-2022-SP-05.jpg\",\"keywords\":[\"A\u00e7\u00f5es\",\"Especialistas\",\"Magazine Luiza (MGLU3)\"],\"articleSection\":[\"Neg\u00f3cios\"],\"inLanguage\":\"pt-BR\"},{\"@type\":\"WebPage\",\"@id\":\"https:\/\/www.suno.com.br\/noticias\/magazine-luiza-mglu3-varejistas-ibovespa-gpj\/\",\"url\":\"https:\/\/www.suno.com.br\/noticias\/magazine-luiza-mglu3-varejistas-ibovespa-gpj\/\",\"name\":\"Magazine Luiza (MGLU3) e outras varejistas caem no Ibovespa\",\"isPartOf\":{\"@id\":\"https:\/\/www.suno.com.br\/noticias\/#website\"},\"primaryImageOfPage\":{\"@id\":\"https:\/\/www.suno.com.br\/noticias\/magazine-luiza-mglu3-varejistas-ibovespa-gpj\/#primaryimage\"},\"image\":{\"@id\":\"https:\/\/www.suno.com.br\/noticias\/magazine-luiza-mglu3-varejistas-ibovespa-gpj\/#primaryimage\"},\"thumbnailUrl\":\"https:\/\/files.sunoresearch.com.br\/n\/uploads\/2022\/01\/LF-2022-SP-05.jpg\",\"datePublished\":\"2024-03-04T19:46:48+00:00\",\"dateModified\":\"2024-03-04T22:06:15+00:00\",\"description\":\"As a\u00e7\u00f5es de Magazine Luiza (MGLU3) despencam nesta segunda-feira (4) no Ibovespa, em linha com a queda do \u00edndice de consumo (ICON).\",\"breadcrumb\":{\"@id\":\"https:\/\/www.suno.com.br\/noticias\/magazine-luiza-mglu3-varejistas-ibovespa-gpj\/#breadcrumb\"},\"inLanguage\":\"pt-BR\",\"potentialAction\":[{\"@type\":\"ReadAction\",\"target\":[\"https:\/\/www.suno.com.br\/noticias\/magazine-luiza-mglu3-varejistas-ibovespa-gpj\/\"]}]},{\"@type\":\"ImageObject\",\"inLanguage\":\"pt-BR\",\"@id\":\"https:\/\/www.suno.com.br\/noticias\/magazine-luiza-mglu3-varejistas-ibovespa-gpj\/#primaryimage\",\"url\":\"https:\/\/files.sunoresearch.com.br\/n\/uploads\/2022\/01\/LF-2022-SP-05.jpg\",\"contentUrl\":\"https:\/\/files.sunoresearch.com.br\/n\/uploads\/2022\/01\/LF-2022-SP-05.jpg\",\"width\":1600,\"height\":1200,\"caption\":\"Magazine Luiza. Foto: Divulga\u00e7\u00e3o.\"},{\"@type\":\"BreadcrumbList\",\"@id\":\"https:\/\/www.suno.com.br\/noticias\/magazine-luiza-mglu3-varejistas-ibovespa-gpj\/#breadcrumb\",\"itemListElement\":[{\"@type\":\"ListItem\",\"position\":1,\"name\":\"Not\u00edcias\",\"item\":\"https:\/\/www.suno.com.br\/noticias\/\"},{\"@type\":\"ListItem\",\"position\":2,\"name\":\"Neg\u00f3cios\",\"item\":\"https:\/\/www.suno.com.br\/noticias\/negocios\/\"},{\"@type\":\"ListItem\",\"position\":3,\"name\":\"Magazine Luiza (MGLU3) e mais varejistas derretem no Ibovespa; veja por qu\u00ea\"}]},{\"@type\":\"WebSite\",\"@id\":\"https:\/\/www.suno.com.br\/noticias\/#website\",\"url\":\"https:\/\/www.suno.com.br\/noticias\/\",\"name\":\"Suno Not\u00edcias\",\"description\":\"Seu portal de informa\u00e7\u00e3o sobre o mundo dos investimentos\",\"publisher\":{\"@id\":\"https:\/\/www.suno.com.br\/noticias\/#organization\"},\"potentialAction\":[{\"@type\":\"SearchAction\",\"target\":{\"@type\":\"EntryPoint\",\"urlTemplate\":\"https:\/\/www.suno.com.br\/noticias\/?s={search_term_string}\"},\"query-input\":{\"@type\":\"PropertyValueSpecification\",\"valueRequired\":true,\"valueName\":\"search_term_string\"}}],\"inLanguage\":\"pt-BR\"},{\"@type\":\"Organization\",\"@id\":\"https:\/\/www.suno.com.br\/noticias\/#organization\",\"name\":\"Suno Not\u00edcias\",\"url\":\"https:\/\/www.suno.com.br\/noticias\/\",\"logo\":{\"@type\":\"ImageObject\",\"inLanguage\":\"pt-BR\",\"@id\":\"https:\/\/www.suno.com.br\/noticias\/#\/schema\/logo\/image\/\",\"url\":\"https:\/\/files.sunoresearch.com.br\/n\/uploads\/2021\/09\/suno-logo.png\",\"contentUrl\":\"https:\/\/files.sunoresearch.com.br\/n\/uploads\/2021\/09\/suno-logo.png\",\"width\":180,\"height\":180,\"caption\":\"Suno Not\u00edcias\"},\"image\":{\"@id\":\"https:\/\/www.suno.com.br\/noticias\/#\/schema\/logo\/image\/\"},\"sameAs\":[\"https:\/\/facebook.com\/sunoresearch\",\"https:\/\/x.com\/sunoresearch\",\"https:\/\/www.instagram.com\/suno\",\"https:\/\/www.linkedin.com\/company\/suno-research\/\",\"https:\/\/www.youtube.com\/c\/sunoresearch\"]},{\"@type\":\"Person\",\"@id\":\"https:\/\/www.suno.com.br\/noticias\/#\/schema\/person\/d0f32748bbca4bee871fa191ee4e2d40\",\"name\":\"Giovanni Porf\u00edrio Jacomino\",\"image\":{\"@type\":\"ImageObject\",\"inLanguage\":\"pt-BR\",\"@id\":\"https:\/\/www.suno.com.br\/noticias\/#\/schema\/person\/image\/\",\"url\":\"https:\/\/secure.gravatar.com\/avatar\/efb32e19b730a121cb7a80f41ffec01a?s=96&r=g\",\"contentUrl\":\"https:\/\/secure.gravatar.com\/avatar\/efb32e19b730a121cb7a80f41ffec01a?s=96&r=g\",\"caption\":\"Giovanni Porf\u00edrio Jacomino\"},\"description\":\"Giovanni Porf\u00edrio Jacomino \u00e9 jornalista formado pela Universidade Estadual de Londrina (UEL) e p\u00f3s-graduado em Produ\u00e7\u00e3o e Pr\u00e1ticas Jornal\u00edsticas na Contemporaneidade na Faculdade C\u00e1sper L\u00edbero (FCL). Foi editor web no Startupi e no Finsiders, atuando ainda como editor no TC Mover, portal de not\u00edcias da TradersClub, fazendo a cobertura de assuntos relacionados ao mercado financeiro interno e externo. Atualmente, \u00e9 Rep\u00f3rter do Suno Not\u00edcias.\",\"url\":\"https:\/\/www.suno.com.br\/noticias\/author\/giovanni-porfiriosuno-com-br\/\"}]}<\/script>\n<!-- \/ Yoast SEO plugin. -->","yoast_head_json":{"title":"Magazine Luiza (MGLU3) e outras varejistas caem no Ibovespa","description":"As a\u00e7\u00f5es de Magazine Luiza (MGLU3) despencam nesta segunda-feira (4) no Ibovespa, em linha com a queda do \u00edndice de consumo (ICON).","robots":{"index":"index","follow":"follow","max-snippet":"max-snippet:-1","max-image-preview":"max-image-preview:large","max-video-preview":"max-video-preview:-1"},"canonical":"https:\/\/www.suno.com.br\/noticias\/magazine-luiza-mglu3-varejistas-ibovespa-gpj\/","og_locale":"pt_BR","og_type":"article","og_title":"Magazine Luiza (MGLU3) e outras varejistas caem no Ibovespa","og_description":"As a\u00e7\u00f5es de Magazine Luiza (MGLU3) despencam nesta segunda-feira (4) no Ibovespa, em linha com a queda do \u00edndice de consumo (ICON).","og_url":"https:\/\/www.suno.com.br\/noticias\/magazine-luiza-mglu3-varejistas-ibovespa-gpj\/","og_site_name":"Suno Not\u00edcias","article_publisher":"https:\/\/facebook.com\/sunoresearch","og_image":[{"width":1600,"height":1200,"url":"https:\/\/files.sunoresearch.com.br\/n\/uploads\/2022\/01\/LF-2022-SP-05.jpg","type":"image\/jpeg"}],"author":"Giovanni Porf\u00edrio Jacomino","twitter_card":"summary_large_image","twitter_creator":"@sunoresearch","twitter_site":"@sunoresearch","twitter_misc":{"Escrito por":"Giovanni Porf\u00edrio Jacomino","Est. tempo de leitura":"7 minutos"},"schema":{"@context":"https:\/\/schema.org","@graph":[{"@type":"NewsArticle","@id":"https:\/\/www.suno.com.br\/noticias\/magazine-luiza-mglu3-varejistas-ibovespa-gpj\/#article","isPartOf":{"@id":"https:\/\/www.suno.com.br\/noticias\/magazine-luiza-mglu3-varejistas-ibovespa-gpj\/"},"author":{"name":"Giovanni Porf\u00edrio Jacomino","@id":"https:\/\/www.suno.com.br\/noticias\/#\/schema\/person\/d0f32748bbca4bee871fa191ee4e2d40"},"headline":"Magazine Luiza (MGLU3) e mais varejistas derretem no Ibovespa; veja por qu\u00ea","datePublished":"2024-03-04T19:46:48+00:00","dateModified":"2024-03-04T22:06:15+00:00","mainEntityOfPage":{"@id":"https:\/\/www.suno.com.br\/noticias\/magazine-luiza-mglu3-varejistas-ibovespa-gpj\/"},"wordCount":1357,"publisher":{"@id":"https:\/\/www.suno.com.br\/noticias\/#organization"},"image":{"@id":"https:\/\/www.suno.com.br\/noticias\/magazine-luiza-mglu3-varejistas-ibovespa-gpj\/#primaryimage"},"thumbnailUrl":"https:\/\/files.sunoresearch.com.br\/n\/uploads\/2022\/01\/LF-2022-SP-05.jpg","keywords":["A\u00e7\u00f5es","Especialistas","Magazine Luiza (MGLU3)"],"articleSection":["Neg\u00f3cios"],"inLanguage":"pt-BR"},{"@type":"WebPage","@id":"https:\/\/www.suno.com.br\/noticias\/magazine-luiza-mglu3-varejistas-ibovespa-gpj\/","url":"https:\/\/www.suno.com.br\/noticias\/magazine-luiza-mglu3-varejistas-ibovespa-gpj\/","name":"Magazine Luiza (MGLU3) e outras varejistas caem no Ibovespa","isPartOf":{"@id":"https:\/\/www.suno.com.br\/noticias\/#website"},"primaryImageOfPage":{"@id":"https:\/\/www.suno.com.br\/noticias\/magazine-luiza-mglu3-varejistas-ibovespa-gpj\/#primaryimage"},"image":{"@id":"https:\/\/www.suno.com.br\/noticias\/magazine-luiza-mglu3-varejistas-ibovespa-gpj\/#primaryimage"},"thumbnailUrl":"https:\/\/files.sunoresearch.com.br\/n\/uploads\/2022\/01\/LF-2022-SP-05.jpg","datePublished":"2024-03-04T19:46:48+00:00","dateModified":"2024-03-04T22:06:15+00:00","description":"As a\u00e7\u00f5es de Magazine Luiza (MGLU3) despencam nesta segunda-feira (4) no Ibovespa, em linha com a queda do \u00edndice de consumo (ICON).","breadcrumb":{"@id":"https:\/\/www.suno.com.br\/noticias\/magazine-luiza-mglu3-varejistas-ibovespa-gpj\/#breadcrumb"},"inLanguage":"pt-BR","potentialAction":[{"@type":"ReadAction","target":["https:\/\/www.suno.com.br\/noticias\/magazine-luiza-mglu3-varejistas-ibovespa-gpj\/"]}]},{"@type":"ImageObject","inLanguage":"pt-BR","@id":"https:\/\/www.suno.com.br\/noticias\/magazine-luiza-mglu3-varejistas-ibovespa-gpj\/#primaryimage","url":"https:\/\/files.sunoresearch.com.br\/n\/uploads\/2022\/01\/LF-2022-SP-05.jpg","contentUrl":"https:\/\/files.sunoresearch.com.br\/n\/uploads\/2022\/01\/LF-2022-SP-05.jpg","width":1600,"height":1200,"caption":"Magazine Luiza. Foto: Divulga\u00e7\u00e3o."},{"@type":"BreadcrumbList","@id":"https:\/\/www.suno.com.br\/noticias\/magazine-luiza-mglu3-varejistas-ibovespa-gpj\/#breadcrumb","itemListElement":[{"@type":"ListItem","position":1,"name":"Not\u00edcias","item":"https:\/\/www.suno.com.br\/noticias\/"},{"@type":"ListItem","position":2,"name":"Neg\u00f3cios","item":"https:\/\/www.suno.com.br\/noticias\/negocios\/"},{"@type":"ListItem","position":3,"name":"Magazine Luiza (MGLU3) e mais varejistas derretem no Ibovespa; veja por qu\u00ea"}]},{"@type":"WebSite","@id":"https:\/\/www.suno.com.br\/noticias\/#website","url":"https:\/\/www.suno.com.br\/noticias\/","name":"Suno Not\u00edcias","description":"Seu portal de informa\u00e7\u00e3o sobre o mundo dos investimentos","publisher":{"@id":"https:\/\/www.suno.com.br\/noticias\/#organization"},"potentialAction":[{"@type":"SearchAction","target":{"@type":"EntryPoint","urlTemplate":"https:\/\/www.suno.com.br\/noticias\/?s={search_term_string}"},"query-input":{"@type":"PropertyValueSpecification","valueRequired":true,"valueName":"search_term_string"}}],"inLanguage":"pt-BR"},{"@type":"Organization","@id":"https:\/\/www.suno.com.br\/noticias\/#organization","name":"Suno Not\u00edcias","url":"https:\/\/www.suno.com.br\/noticias\/","logo":{"@type":"ImageObject","inLanguage":"pt-BR","@id":"https:\/\/www.suno.com.br\/noticias\/#\/schema\/logo\/image\/","url":"https:\/\/files.sunoresearch.com.br\/n\/uploads\/2021\/09\/suno-logo.png","contentUrl":"https:\/\/files.sunoresearch.com.br\/n\/uploads\/2021\/09\/suno-logo.png","width":180,"height":180,"caption":"Suno Not\u00edcias"},"image":{"@id":"https:\/\/www.suno.com.br\/noticias\/#\/schema\/logo\/image\/"},"sameAs":["https:\/\/facebook.com\/sunoresearch","https:\/\/x.com\/sunoresearch","https:\/\/www.instagram.com\/suno","https:\/\/www.linkedin.com\/company\/suno-research\/","https:\/\/www.youtube.com\/c\/sunoresearch"]},{"@type":"Person","@id":"https:\/\/www.suno.com.br\/noticias\/#\/schema\/person\/d0f32748bbca4bee871fa191ee4e2d40","name":"Giovanni Porf\u00edrio Jacomino","image":{"@type":"ImageObject","inLanguage":"pt-BR","@id":"https:\/\/www.suno.com.br\/noticias\/#\/schema\/person\/image\/","url":"https:\/\/secure.gravatar.com\/avatar\/efb32e19b730a121cb7a80f41ffec01a?s=96&r=g","contentUrl":"https:\/\/secure.gravatar.com\/avatar\/efb32e19b730a121cb7a80f41ffec01a?s=96&r=g","caption":"Giovanni Porf\u00edrio Jacomino"},"description":"Giovanni Porf\u00edrio Jacomino \u00e9 jornalista formado pela Universidade Estadual de Londrina (UEL) e p\u00f3s-graduado em Produ\u00e7\u00e3o e Pr\u00e1ticas Jornal\u00edsticas na Contemporaneidade na Faculdade C\u00e1sper L\u00edbero (FCL). Foi editor web no Startupi e no Finsiders, atuando ainda como editor no TC Mover, portal de not\u00edcias da TradersClub, fazendo a cobertura de assuntos relacionados ao mercado financeiro interno e externo. Atualmente, \u00e9 Rep\u00f3rter do Suno Not\u00edcias.","url":"https:\/\/www.suno.com.br\/noticias\/author\/giovanni-porfiriosuno-com-br\/"}]}},"default_loop_html":"<div class=\"cardsPage__listCard__boxs\"><div class=\"cardsPage__listCard__boxs__img\"><a href=\"https:\/\/www.suno.com.br\/noticias\/magazine-luiza-mglu3-varejistas-ibovespa-gpj\/\"><img class=\"mask\" src=\"https:\/\/www.suno.com.br\/noticias\/wp-content\/themes\/suno\/resources\/images\/spotlight\/spotlight1img\/bg-mask.png\" alt=\"Image Mask\"\/><img src=\"https:\/\/files.sunoresearch.com.br\/n\/uploads\/2022\/01\/LF-2022-SP-05-400x200.jpg\" alt=\"Magazine Luiza (MGLU3) e mais varejistas derretem no Ibovespa; veja por qu\u00ea\"\/><\/a><span class=\"spotlightCategory\"><a href=\"https:\/\/www.suno.com.br\/noticias\/negocios\/\">Neg\u00f3cios<\/a><\/span><\/div><div class=\"cardsPage__listCard__boxs__content\"><a href=\"https:\/\/www.suno.com.br\/noticias\/magazine-luiza-mglu3-varejistas-ibovespa-gpj\/\"><h2 class=\"content__title\">Magazine Luiza (MGLU3) e mais varejistas derretem no Ibovespa; veja por qu\u00ea<\/h2><\/a><div class=\"newsContent__article__meta\"><div class=\"newsContent__article__meta__authorBox\"><a href=\"https:\/\/www.suno.com.br\/noticias\/author\/giovanni-porfiriosuno-com-br\/\" class=\"authorBox__avatar noMobi\"><img src=\"https:\/\/files.sunoresearch.com.br\/n\/uploads\/2024\/05\/DSCF4115-1-1-150x150.webp\" alt=\"Giovanni Porf\u00edrio Jacomino\"><\/a><div class=\"authorBox__name\"><span>por\n\t\t\t<a href=\"https:\/\/www.suno.com.br\/noticias\/author\/giovanni-porfiriosuno-com-br\/\"><span itemprop=\"author\">Giovanni Porf\u00edrio Jacomino<\/span><\/a><\/span><time datetime=\"2024-03-04T16:46:48-03:00\" itemprop=\"datePublished\">04\/03\/2024 16:46<\/time><\/div><\/div><\/div><\/div><\/div>","single_layout":"posts","amp_enabled":true,"_links":{"self":[{"href":"https:\/\/www.suno.com.br\/noticias\/wp-json\/wp\/v2\/posts\/529376"}],"collection":[{"href":"https:\/\/www.suno.com.br\/noticias\/wp-json\/wp\/v2\/posts"}],"about":[{"href":"https:\/\/www.suno.com.br\/noticias\/wp-json\/wp\/v2\/types\/post"}],"author":[{"embeddable":true,"href":"https:\/\/www.suno.com.br\/noticias\/wp-json\/wp\/v2\/users\/313"}],"replies":[{"embeddable":true,"href":"https:\/\/www.suno.com.br\/noticias\/wp-json\/wp\/v2\/comments?post=529376"}],"version-history":[{"count":2,"href":"https:\/\/www.suno.com.br\/noticias\/wp-json\/wp\/v2\/posts\/529376\/revisions"}],"predecessor-version":[{"id":529472,"href":"https:\/\/www.suno.com.br\/noticias\/wp-json\/wp\/v2\/posts\/529376\/revisions\/529472"}],"wp:featuredmedia":[{"embeddable":true,"href":"https:\/\/www.suno.com.br\/noticias\/wp-json\/wp\/v2\/media\/219587"}],"wp:attachment":[{"href":"https:\/\/www.suno.com.br\/noticias\/wp-json\/wp\/v2\/media?parent=529376"}],"wp:term":[{"taxonomy":"category","embeddable":true,"href":"https:\/\/www.suno.com.br\/noticias\/wp-json\/wp\/v2\/categories?post=529376"},{"taxonomy":"post_tag","embeddable":true,"href":"https:\/\/www.suno.com.br\/noticias\/wp-json\/wp\/v2\/tags?post=529376"},{"taxonomy":"suno_strategy","embeddable":true,"href":"https:\/\/www.suno.com.br\/noticias\/wp-json\/wp\/v2\/suno_strategy?post=529376"}],"curies":[{"name":"wp","href":"https:\/\/api.w.org\/{rel}","templated":true}]}}