{"id":529125,"date":"2024-03-03T16:54:43","date_gmt":"2024-03-03T19:54:43","guid":{"rendered":"https:\/\/www.suno.com.br\/noticias\/?p=529125"},"modified":"2024-03-03T16:54:46","modified_gmt":"2024-03-03T19:54:46","slug":"vibra-vbbr3-nao-interesse-fusao-eneva-even3-gss","status":"publish","type":"post","link":"https:\/\/www.suno.com.br\/noticias\/vibra-vbbr3-nao-interesse-fusao-eneva-even3-gss\/","title":{"rendered":"Vibra (VBBR3) n\u00e3o est\u00e1 interessada em fus\u00e3o com a Eneva (ENEV3), diz CEO"},"content":{"rendered":"<p>Em novembro do ano passado, a <a class=\"suno-keyword\" data-force=\"yes\" data-priority=\"2\" href=\"https:\/\/www.suno.com.br\/acoes\/ENEV3\/\" target=\"_blank\" rel=\"noopener\">Eneva (ENEV3)<\/a> prop\u00f4s uma fus\u00e3o com a <strong>Vibra<\/strong> (VBBR3), mas a negocia\u00e7\u00e3o acabou n\u00e3o avan\u00e7ando conforme as duas partes imaginavam. Neste ano, novos rumores surgiram, indicando que o acordo poderia acontecer, mas o CEO da Vibra, Ernesto Pousada, afirmou que n\u00e3o h\u00e1 interesse em explorar uma potencial fus\u00e3o.<\/p>\t<div class=\"wrapper-featured-image\">\n\t\t<figure class=\"spotlightImg\">\n\n\t\t\t<picture>\n\t\t\t\t<source media=\"(max-width: 768px)\" srcset=\"https:\/\/files.sunoresearch.com.br\/n\/uploads\/2022\/07\/vibra-400x200.jpg\">\n\t\t\t\t<img loading=\"lazy\" decoding=\"async\" class=\"newsContent__article__imgCapa lazyloadDisabled \" src=\"https:\/\/files.sunoresearch.com.br\/n\/uploads\/2022\/07\/vibra-800x450.jpg\" width=\"800\" height=\"450\" alt=\"Vibra (VBBR3) n\u00e3o est\u00e1 interessada em fus\u00e3o com a Eneva (ENEV3), diz CEO\" fetchpriority=high \/>\n\t\t\t<\/picture>\n\n\t\t\t<figcaption class=\"wp-caption-text wp-caption-text--show\">Vibra (VBBR3). Foto: Divulga\u00e7\u00e3o \/ Vibra Energia.<\/figcaption>\n\t\t<\/figure>\n\t<\/div>\n\n\n\n\n\n\n\n\t<p>\n\t\t<a href=\"https:\/\/lp.suno.com.br\/planilha-da-vida-financeira\/\" target=\"_blank\" data-element=\"shortcode-suno-banner\" title=\"Banner SUNO, clique e saiba mais\">\n\t\t\t<picture>\n\t\t\t\t<source media=\"(max-width: 500px)\" srcset=\"https:\/\/files.sunoresearch.com.br\/n\/uploads\/2023\/04\/400x300-Planilha-vida-financeira-true.png\">\n\t\t\t\t<img class=\"newsContent__article__imgCapa newsContent__article__imgCapa--banner\"\n\t\t\t\t\tsrc=\"https:\/\/files.sunoresearch.com.br\/n\/uploads\/2023\/04\/1420x240-Planilha-vida-financeira-true.png\"\n\t\t\t\t\tdata-promo-id=\"106682\"\t\t\t\t\t\t\t\t\t\twidth='1420' height='240'\t\t\t\t\talt=\"https:\/\/files.sunoresearch.com.br\/n\/uploads\/2023\/04\/1420x240-Planilha-vida-financeira-true.png\"\n\t\t\t\t>\n\t\t\t<\/picture>\n\t\t<\/a>\n\t<\/p>\n\n\n\n\n\n<p>Em entrevista \u00e0 Bloomberg News, Pousada disse que a oferta feita pela <strong>Eneva<\/strong> n\u00e3o era atraente em fun\u00e7\u00e3o do baixo pre\u00e7o, e embora a Vibra tenha contratado o JP Morgan para assessor\u00e1-la em outros neg\u00f3cios potenciais, o CEO garantiu que n\u00e3o h\u00e1 nenhum outro avan\u00e7o nesse sentido.<\/p>\n\n\n\n<p>&#8220;N\u00e3o h\u00e1 nada acontecendo hoje. A proposta n\u00e3o foi boa para n\u00f3s, n\u00e3o \u00e9 do nosso interesse e as negocia\u00e7\u00f5es terminaram&#8221;, disse o <strong>CEO da Vibra<\/strong>.<\/p>\n\n\n\n<p>Na oferta de<strong> fus\u00e3o da Eneva com a Vibra<\/strong> feita inicialmente, os acionistas de cada empresa deteriam 50% do capital da nova companhia. Ap\u00f3s analisar a oferta, a Vibra afirmou que a rela\u00e7\u00e3o de troca era injusific\u00e1vel e que a Eneva teria que melhorar significamente os termos propostos, o que n\u00e3o aconteceu.<\/p>\n\n\n\n<p><strong>Enersto Pousada<\/strong> disse ainda que a Vibra est\u00e1 no caminho certo e que, nesse momento, n\u00e3o est\u00e1 olhando para outras oportunidades de fus\u00e3o.<\/p>\n\n\n\n<p>&#8220;Temos nossa pr\u00f3pria agenda de crescimento. Nosso neg\u00f3cio de distribui\u00e7\u00e3o de combust\u00edveis ainda tem muitas oportunidades e vemos oportunidades para melhorar nosso neg\u00f3cio de lubrificantes ou v\u00e1rios de nossos neg\u00f3cios dentro da empresa&#8221;, completou.<\/p>\n\n\n\t<p>\n\t\t<a href=\"https:\/\/lp.suno.com.br\/ebook-como-analisar-uma-acao\/\" target=\"_blank\" data-element=\"shortcode-suno-banner\" title=\"Banner SUNO, clique e saiba mais\">\n\t\t\t<picture>\n\t\t\t\t<source media=\"(max-width: 500px)\" srcset=\"https:\/\/files.sunoresearch.com.br\/n\/uploads\/2023\/03\/Ebook-Acoes-Mobile.jpg\">\n\t\t\t\t<img class=\"newsContent__article__imgCapa newsContent__article__imgCapa--banner\"\n\t\t\t\t\tsrc=\"https:\/\/files.sunoresearch.com.br\/n\/uploads\/2023\/03\/Ebook-Acoes-Desktop.jpg\"\n\t\t\t\t\tdata-promo-id=\"378302\"\t\t\t\t\t\t\t\t\t\twidth='1420' height='286'\t\t\t\t\talt=\"https:\/\/files.sunoresearch.com.br\/n\/uploads\/2023\/03\/Ebook-Acoes-Desktop.jpg\"\n\t\t\t\t>\n\t\t\t<\/picture>\n\t\t<\/a>\n\t<\/p>\n\n\n\n\n\n<h2 class=\"wp-block-heading\">Vibra (VBBR3): XP recomenda compra<\/h2>\n\n\n\n<p>Em relat\u00f3rio sobre o setor de combust\u00edveis, analistas da XP iniciaram a cobertura das a\u00e7\u00f5es da <a class=\"suno-keyword\" data-force=\"yes\" data-priority=\"2\" href=\"https:\/\/www.suno.com.br\/acoes\/vbbr3\/\" target=\"_blank\" rel=\"noopener\"><strong>Vibra<\/strong> (VBBR3)<\/a>, j\u00e1 sinalizando otimismo com a empresa.<\/p>\n\n\n\n<p>A recomenda\u00e7\u00e3o para as <strong>a\u00e7\u00f5es da Vibra<\/strong> \u00e9 de compra, com pre\u00e7o-alvo de R$ 32,70 &#8211; ao passo que os pap\u00e9is <strong><a href=\"https:\/\/statusinvest.com.br\/acoes\/vbbr3\" target=\"_blank\" rel=\"noreferrer noopener\">VBBR3<\/a><\/strong> s\u00e3o negociados a cerca de R$ 24 atualmente.<\/p>\n\n\n\n<p>&#8220;Ap\u00f3s retornos estelares em 2023 &#8211; especialmente para a <a class=\"suno-keyword\" target=\"_blank\" data-force=\"yes\" data-priority=\"2\" href=\"https:\/\/www.suno.com.br\/acoes\/UGPA3\/\" rel=\"noopener\">Ultrapar (UGPA3)<\/a> -, acreditamos que chegou a hora de a Vibra brilhar, embora existam alguns riscos no horizonte. Vemos a Vibra como uma a\u00e7\u00e3o barata e a melhor para se posicionar em rela\u00e7\u00e3o aos potenciais ventos favor\u00e1veis do setor de distribui\u00e7\u00e3o de combust\u00edveis&#8221;, observa a XP.<\/p>\n\n\n\n<p>A XP destaca que prefere a <strong>Vibra<\/strong> \u00e0 <a class=\"suno-keyword\" data-force=\"yes\" data-priority=\"2\" href=\"https:\/\/www.suno.com.br\/acoes\/UGPA3\/\" target=\"_blank\" rel=\"noopener\">Ultrapar (UGPA3)<\/a> principalmente por motivos de valuation, al\u00e9m de quest\u00f5es como a exposi\u00e7\u00e3o da companhia ao neg\u00f3cio de <strong>distribui\u00e7\u00e3o de combust\u00edveis<\/strong> e infraestrutura com maior capilaridade.<\/p>\n\n\n\t<p>\n\t\t<a href=\"https:\/\/lp.suno.com.br\/planilha-da-vida-financeira\/\" target=\"_blank\" data-element=\"shortcode-suno-banner\" title=\"Banner SUNO, clique e saiba mais\">\n\t\t\t<picture>\n\t\t\t\t<source media=\"(max-width: 500px)\" srcset=\"https:\/\/files.sunoresearch.com.br\/n\/uploads\/2023\/04\/400x300-Planilha-vida-financeira-true.png\">\n\t\t\t\t<img class=\"newsContent__article__imgCapa newsContent__article__imgCapa--banner\"\n\t\t\t\t\tsrc=\"https:\/\/files.sunoresearch.com.br\/n\/uploads\/2023\/04\/1420x240-Planilha-vida-financeira-true.png\"\n\t\t\t\t\tdata-promo-id=\"383123\"\t\t\t\t\t\t\t\t\t\twidth='1420' height='240'\t\t\t\t\talt=\"https:\/\/files.sunoresearch.com.br\/n\/uploads\/2023\/04\/1420x240-Planilha-vida-financeira-true.png\"\n\t\t\t\t>\n\t\t\t<\/picture>\n\t\t<\/a>\n\t<\/p>\n\n\n","protected":false},"excerpt":{"rendered":"<p>Em novembro do ano passado, a Eneva (ENEV3) prop\u00f4s uma fus\u00e3o com a Vibra (VBBR3), mas a negocia\u00e7\u00e3o acabou n\u00e3o avan\u00e7ando conforme as duas partes imaginavam. Neste ano, novos rumores surgiram, indicando que o acordo poderia acontecer, mas o CEO da Vibra, Ernesto Pousada, afirmou que n\u00e3o h\u00e1 interesse em explorar uma potencial fus\u00e3o. Vibra [&hellip;]<\/p>\n","protected":false},"author":322,"featured_media":273499,"comment_status":"closed","ping_status":"closed","sticky":false,"template":"","format":"standard","meta":[],"categories":[64],"tags":[464,62812,596],"suno_strategy":[],"class_list":["post-529125","post","type-post","status-publish","format-standard","has-post-thumbnail","hentry","category-negocios","tag-eneva-enev3","tag-fusoes-e-aquisicoes","tag-vibra-energia-vbbr3"],"yoast_head":"<!-- This site is optimized with the Yoast SEO plugin v24.4 - https:\/\/yoast.com\/wordpress\/plugins\/seo\/ -->\n<title>Vibra (VBBR3) n\u00e3o tem interesse em fus\u00e3o com a Eneva (ENEV3)<\/title>\n<meta name=\"description\" content=\"Ap\u00f3s novos rumores sobre a poss\u00edvel fus\u00e3o, o CEO da Vibra (VBBR3), Ernesto Pousada, disse que a empresa n\u00e3o tem interesse no acordo.\" \/>\n<meta name=\"robots\" content=\"index, follow, max-snippet:-1, max-image-preview:large, max-video-preview:-1\" \/>\n<link rel=\"canonical\" href=\"https:\/\/www.suno.com.br\/noticias\/vibra-vbbr3-nao-interesse-fusao-eneva-even3-gss\/\" \/>\n<meta property=\"og:locale\" content=\"pt_BR\" \/>\n<meta property=\"og:type\" content=\"article\" \/>\n<meta property=\"og:title\" content=\"Vibra (VBBR3) n\u00e3o tem interesse em fus\u00e3o com a Eneva (ENEV3)\" \/>\n<meta property=\"og:description\" content=\"Ap\u00f3s novos rumores sobre a poss\u00edvel fus\u00e3o, o CEO da Vibra (VBBR3), Ernesto Pousada, disse que a empresa n\u00e3o tem interesse no acordo.\" \/>\n<meta property=\"og:url\" content=\"https:\/\/www.suno.com.br\/noticias\/vibra-vbbr3-nao-interesse-fusao-eneva-even3-gss\/\" \/>\n<meta property=\"og:site_name\" content=\"Suno Not\u00edcias\" \/>\n<meta property=\"article:publisher\" content=\"https:\/\/facebook.com\/sunoresearch\" \/>\n<meta property=\"og:image\" content=\"https:\/\/files.sunoresearch.com.br\/n\/uploads\/2022\/07\/vibra.jpg\" \/>\n\t<meta property=\"og:image:width\" content=\"1200\" \/>\n\t<meta property=\"og:image:height\" content=\"917\" \/>\n\t<meta property=\"og:image:type\" content=\"image\/jpeg\" \/>\n<meta name=\"author\" content=\"Guilherme Serrano Silva\" \/>\n<meta name=\"twitter:card\" content=\"summary_large_image\" \/>\n<meta name=\"twitter:creator\" content=\"@sunoresearch\" \/>\n<meta name=\"twitter:site\" content=\"@sunoresearch\" \/>\n<meta name=\"twitter:label1\" content=\"Escrito por\" \/>\n\t<meta name=\"twitter:data1\" content=\"Guilherme Serrano Silva\" \/>\n<script type=\"application\/ld+json\" class=\"yoast-schema-graph\">{\"@context\":\"https:\/\/schema.org\",\"@graph\":[{\"@type\":\"NewsArticle\",\"@id\":\"https:\/\/www.suno.com.br\/noticias\/vibra-vbbr3-nao-interesse-fusao-eneva-even3-gss\/#article\",\"isPartOf\":{\"@id\":\"https:\/\/www.suno.com.br\/noticias\/vibra-vbbr3-nao-interesse-fusao-eneva-even3-gss\/\"},\"author\":{\"name\":\"Guilherme Serrano Silva\",\"@id\":\"https:\/\/www.suno.com.br\/noticias\/#\/schema\/person\/4a72de8e10febe6d8a50711404b010b3\"},\"headline\":\"Vibra (VBBR3) n\u00e3o est\u00e1 interessada em fus\u00e3o com a Eneva (ENEV3), diz CEO\",\"datePublished\":\"2024-03-03T19:54:43+00:00\",\"dateModified\":\"2024-03-03T19:54:46+00:00\",\"mainEntityOfPage\":{\"@id\":\"https:\/\/www.suno.com.br\/noticias\/vibra-vbbr3-nao-interesse-fusao-eneva-even3-gss\/\"},\"wordCount\":453,\"publisher\":{\"@id\":\"https:\/\/www.suno.com.br\/noticias\/#organization\"},\"image\":{\"@id\":\"https:\/\/www.suno.com.br\/noticias\/vibra-vbbr3-nao-interesse-fusao-eneva-even3-gss\/#primaryimage\"},\"thumbnailUrl\":\"https:\/\/files.sunoresearch.com.br\/n\/uploads\/2022\/07\/vibra.jpg\",\"keywords\":[\"Eneva (ENEV3)\",\"fus\u00f5es e aquisi\u00e7\u00f5es\",\"Vibra Energia (VBBR3)\"],\"articleSection\":[\"Neg\u00f3cios\"],\"inLanguage\":\"pt-BR\"},{\"@type\":\"WebPage\",\"@id\":\"https:\/\/www.suno.com.br\/noticias\/vibra-vbbr3-nao-interesse-fusao-eneva-even3-gss\/\",\"url\":\"https:\/\/www.suno.com.br\/noticias\/vibra-vbbr3-nao-interesse-fusao-eneva-even3-gss\/\",\"name\":\"Vibra (VBBR3) n\u00e3o tem interesse em fus\u00e3o com a Eneva (ENEV3)\",\"isPartOf\":{\"@id\":\"https:\/\/www.suno.com.br\/noticias\/#website\"},\"primaryImageOfPage\":{\"@id\":\"https:\/\/www.suno.com.br\/noticias\/vibra-vbbr3-nao-interesse-fusao-eneva-even3-gss\/#primaryimage\"},\"image\":{\"@id\":\"https:\/\/www.suno.com.br\/noticias\/vibra-vbbr3-nao-interesse-fusao-eneva-even3-gss\/#primaryimage\"},\"thumbnailUrl\":\"https:\/\/files.sunoresearch.com.br\/n\/uploads\/2022\/07\/vibra.jpg\",\"datePublished\":\"2024-03-03T19:54:43+00:00\",\"dateModified\":\"2024-03-03T19:54:46+00:00\",\"description\":\"Ap\u00f3s novos rumores sobre a poss\u00edvel fus\u00e3o, o CEO da Vibra (VBBR3), Ernesto Pousada, disse que a empresa n\u00e3o tem interesse no acordo.\",\"breadcrumb\":{\"@id\":\"https:\/\/www.suno.com.br\/noticias\/vibra-vbbr3-nao-interesse-fusao-eneva-even3-gss\/#breadcrumb\"},\"inLanguage\":\"pt-BR\",\"potentialAction\":[{\"@type\":\"ReadAction\",\"target\":[\"https:\/\/www.suno.com.br\/noticias\/vibra-vbbr3-nao-interesse-fusao-eneva-even3-gss\/\"]}]},{\"@type\":\"ImageObject\",\"inLanguage\":\"pt-BR\",\"@id\":\"https:\/\/www.suno.com.br\/noticias\/vibra-vbbr3-nao-interesse-fusao-eneva-even3-gss\/#primaryimage\",\"url\":\"https:\/\/files.sunoresearch.com.br\/n\/uploads\/2022\/07\/vibra.jpg\",\"contentUrl\":\"https:\/\/files.sunoresearch.com.br\/n\/uploads\/2022\/07\/vibra.jpg\",\"width\":1200,\"height\":917,\"caption\":\"Vibra (VBBR3). Foto: Divulga\u00e7\u00e3o \/ Vibra Energia.\"},{\"@type\":\"BreadcrumbList\",\"@id\":\"https:\/\/www.suno.com.br\/noticias\/vibra-vbbr3-nao-interesse-fusao-eneva-even3-gss\/#breadcrumb\",\"itemListElement\":[{\"@type\":\"ListItem\",\"position\":1,\"name\":\"Not\u00edcias\",\"item\":\"https:\/\/www.suno.com.br\/noticias\/\"},{\"@type\":\"ListItem\",\"position\":2,\"name\":\"Neg\u00f3cios\",\"item\":\"https:\/\/www.suno.com.br\/noticias\/negocios\/\"},{\"@type\":\"ListItem\",\"position\":3,\"name\":\"Vibra (VBBR3) n\u00e3o est\u00e1 interessada em fus\u00e3o com a Eneva (ENEV3), diz CEO\"}]},{\"@type\":\"WebSite\",\"@id\":\"https:\/\/www.suno.com.br\/noticias\/#website\",\"url\":\"https:\/\/www.suno.com.br\/noticias\/\",\"name\":\"Suno Not\u00edcias\",\"description\":\"Seu portal de informa\u00e7\u00e3o sobre o mundo dos investimentos\",\"publisher\":{\"@id\":\"https:\/\/www.suno.com.br\/noticias\/#organization\"},\"potentialAction\":[{\"@type\":\"SearchAction\",\"target\":{\"@type\":\"EntryPoint\",\"urlTemplate\":\"https:\/\/www.suno.com.br\/noticias\/?s={search_term_string}\"},\"query-input\":{\"@type\":\"PropertyValueSpecification\",\"valueRequired\":true,\"valueName\":\"search_term_string\"}}],\"inLanguage\":\"pt-BR\"},{\"@type\":\"Organization\",\"@id\":\"https:\/\/www.suno.com.br\/noticias\/#organization\",\"name\":\"Suno Not\u00edcias\",\"url\":\"https:\/\/www.suno.com.br\/noticias\/\",\"logo\":{\"@type\":\"ImageObject\",\"inLanguage\":\"pt-BR\",\"@id\":\"https:\/\/www.suno.com.br\/noticias\/#\/schema\/logo\/image\/\",\"url\":\"https:\/\/files.sunoresearch.com.br\/n\/uploads\/2021\/09\/suno-logo.png\",\"contentUrl\":\"https:\/\/files.sunoresearch.com.br\/n\/uploads\/2021\/09\/suno-logo.png\",\"width\":180,\"height\":180,\"caption\":\"Suno Not\u00edcias\"},\"image\":{\"@id\":\"https:\/\/www.suno.com.br\/noticias\/#\/schema\/logo\/image\/\"},\"sameAs\":[\"https:\/\/facebook.com\/sunoresearch\",\"https:\/\/x.com\/sunoresearch\",\"https:\/\/www.instagram.com\/suno\",\"https:\/\/www.linkedin.com\/company\/suno-research\/\",\"https:\/\/www.youtube.com\/c\/sunoresearch\"]},{\"@type\":\"Person\",\"@id\":\"https:\/\/www.suno.com.br\/noticias\/#\/schema\/person\/4a72de8e10febe6d8a50711404b010b3\",\"name\":\"Guilherme Serrano Silva\",\"image\":{\"@type\":\"ImageObject\",\"inLanguage\":\"pt-BR\",\"@id\":\"https:\/\/www.suno.com.br\/noticias\/#\/schema\/person\/image\/\",\"url\":\"https:\/\/secure.gravatar.com\/avatar\/aba5eb082d0443f542e94a82c79e9d50?s=96&r=g\",\"contentUrl\":\"https:\/\/secure.gravatar.com\/avatar\/aba5eb082d0443f542e94a82c79e9d50?s=96&r=g\",\"caption\":\"Guilherme Serrano Silva\"},\"description\":\"Jornalista formado pela Faculdade C\u00e1sper L\u00edbero e p\u00f3s-graduado em Can\u00e7\u00e3o Popular pela Faculdade Santa Marcelina. Passagens por R\u00e1dio Gazeta AM, gazetaesportiva.com e TC R\u00e1dio.\",\"url\":\"https:\/\/www.suno.com.br\/noticias\/author\/guilhermeserranosilvagmail-com\/\"}]}<\/script>\n<!-- \/ Yoast SEO plugin. -->","yoast_head_json":{"title":"Vibra (VBBR3) n\u00e3o tem interesse em fus\u00e3o com a Eneva (ENEV3)","description":"Ap\u00f3s novos rumores sobre a poss\u00edvel fus\u00e3o, o CEO da Vibra (VBBR3), Ernesto Pousada, disse que a empresa n\u00e3o tem interesse no acordo.","robots":{"index":"index","follow":"follow","max-snippet":"max-snippet:-1","max-image-preview":"max-image-preview:large","max-video-preview":"max-video-preview:-1"},"canonical":"https:\/\/www.suno.com.br\/noticias\/vibra-vbbr3-nao-interesse-fusao-eneva-even3-gss\/","og_locale":"pt_BR","og_type":"article","og_title":"Vibra (VBBR3) n\u00e3o tem interesse em fus\u00e3o com a Eneva (ENEV3)","og_description":"Ap\u00f3s novos rumores sobre a poss\u00edvel fus\u00e3o, o CEO da Vibra (VBBR3), Ernesto Pousada, disse que a empresa n\u00e3o tem interesse no acordo.","og_url":"https:\/\/www.suno.com.br\/noticias\/vibra-vbbr3-nao-interesse-fusao-eneva-even3-gss\/","og_site_name":"Suno Not\u00edcias","article_publisher":"https:\/\/facebook.com\/sunoresearch","og_image":[{"width":1200,"height":917,"url":"https:\/\/files.sunoresearch.com.br\/n\/uploads\/2022\/07\/vibra.jpg","type":"image\/jpeg"}],"author":"Guilherme Serrano Silva","twitter_card":"summary_large_image","twitter_creator":"@sunoresearch","twitter_site":"@sunoresearch","twitter_misc":{"Escrito por":"Guilherme Serrano Silva"},"schema":{"@context":"https:\/\/schema.org","@graph":[{"@type":"NewsArticle","@id":"https:\/\/www.suno.com.br\/noticias\/vibra-vbbr3-nao-interesse-fusao-eneva-even3-gss\/#article","isPartOf":{"@id":"https:\/\/www.suno.com.br\/noticias\/vibra-vbbr3-nao-interesse-fusao-eneva-even3-gss\/"},"author":{"name":"Guilherme Serrano Silva","@id":"https:\/\/www.suno.com.br\/noticias\/#\/schema\/person\/4a72de8e10febe6d8a50711404b010b3"},"headline":"Vibra (VBBR3) n\u00e3o est\u00e1 interessada em fus\u00e3o com a Eneva (ENEV3), diz CEO","datePublished":"2024-03-03T19:54:43+00:00","dateModified":"2024-03-03T19:54:46+00:00","mainEntityOfPage":{"@id":"https:\/\/www.suno.com.br\/noticias\/vibra-vbbr3-nao-interesse-fusao-eneva-even3-gss\/"},"wordCount":453,"publisher":{"@id":"https:\/\/www.suno.com.br\/noticias\/#organization"},"image":{"@id":"https:\/\/www.suno.com.br\/noticias\/vibra-vbbr3-nao-interesse-fusao-eneva-even3-gss\/#primaryimage"},"thumbnailUrl":"https:\/\/files.sunoresearch.com.br\/n\/uploads\/2022\/07\/vibra.jpg","keywords":["Eneva (ENEV3)","fus\u00f5es e aquisi\u00e7\u00f5es","Vibra Energia (VBBR3)"],"articleSection":["Neg\u00f3cios"],"inLanguage":"pt-BR"},{"@type":"WebPage","@id":"https:\/\/www.suno.com.br\/noticias\/vibra-vbbr3-nao-interesse-fusao-eneva-even3-gss\/","url":"https:\/\/www.suno.com.br\/noticias\/vibra-vbbr3-nao-interesse-fusao-eneva-even3-gss\/","name":"Vibra (VBBR3) n\u00e3o tem interesse em fus\u00e3o com a Eneva (ENEV3)","isPartOf":{"@id":"https:\/\/www.suno.com.br\/noticias\/#website"},"primaryImageOfPage":{"@id":"https:\/\/www.suno.com.br\/noticias\/vibra-vbbr3-nao-interesse-fusao-eneva-even3-gss\/#primaryimage"},"image":{"@id":"https:\/\/www.suno.com.br\/noticias\/vibra-vbbr3-nao-interesse-fusao-eneva-even3-gss\/#primaryimage"},"thumbnailUrl":"https:\/\/files.sunoresearch.com.br\/n\/uploads\/2022\/07\/vibra.jpg","datePublished":"2024-03-03T19:54:43+00:00","dateModified":"2024-03-03T19:54:46+00:00","description":"Ap\u00f3s novos rumores sobre a poss\u00edvel fus\u00e3o, o CEO da Vibra (VBBR3), Ernesto Pousada, disse que a empresa n\u00e3o tem interesse no acordo.","breadcrumb":{"@id":"https:\/\/www.suno.com.br\/noticias\/vibra-vbbr3-nao-interesse-fusao-eneva-even3-gss\/#breadcrumb"},"inLanguage":"pt-BR","potentialAction":[{"@type":"ReadAction","target":["https:\/\/www.suno.com.br\/noticias\/vibra-vbbr3-nao-interesse-fusao-eneva-even3-gss\/"]}]},{"@type":"ImageObject","inLanguage":"pt-BR","@id":"https:\/\/www.suno.com.br\/noticias\/vibra-vbbr3-nao-interesse-fusao-eneva-even3-gss\/#primaryimage","url":"https:\/\/files.sunoresearch.com.br\/n\/uploads\/2022\/07\/vibra.jpg","contentUrl":"https:\/\/files.sunoresearch.com.br\/n\/uploads\/2022\/07\/vibra.jpg","width":1200,"height":917,"caption":"Vibra (VBBR3). Foto: Divulga\u00e7\u00e3o \/ Vibra Energia."},{"@type":"BreadcrumbList","@id":"https:\/\/www.suno.com.br\/noticias\/vibra-vbbr3-nao-interesse-fusao-eneva-even3-gss\/#breadcrumb","itemListElement":[{"@type":"ListItem","position":1,"name":"Not\u00edcias","item":"https:\/\/www.suno.com.br\/noticias\/"},{"@type":"ListItem","position":2,"name":"Neg\u00f3cios","item":"https:\/\/www.suno.com.br\/noticias\/negocios\/"},{"@type":"ListItem","position":3,"name":"Vibra (VBBR3) n\u00e3o est\u00e1 interessada em fus\u00e3o com a Eneva (ENEV3), diz CEO"}]},{"@type":"WebSite","@id":"https:\/\/www.suno.com.br\/noticias\/#website","url":"https:\/\/www.suno.com.br\/noticias\/","name":"Suno Not\u00edcias","description":"Seu portal de informa\u00e7\u00e3o sobre o mundo dos investimentos","publisher":{"@id":"https:\/\/www.suno.com.br\/noticias\/#organization"},"potentialAction":[{"@type":"SearchAction","target":{"@type":"EntryPoint","urlTemplate":"https:\/\/www.suno.com.br\/noticias\/?s={search_term_string}"},"query-input":{"@type":"PropertyValueSpecification","valueRequired":true,"valueName":"search_term_string"}}],"inLanguage":"pt-BR"},{"@type":"Organization","@id":"https:\/\/www.suno.com.br\/noticias\/#organization","name":"Suno Not\u00edcias","url":"https:\/\/www.suno.com.br\/noticias\/","logo":{"@type":"ImageObject","inLanguage":"pt-BR","@id":"https:\/\/www.suno.com.br\/noticias\/#\/schema\/logo\/image\/","url":"https:\/\/files.sunoresearch.com.br\/n\/uploads\/2021\/09\/suno-logo.png","contentUrl":"https:\/\/files.sunoresearch.com.br\/n\/uploads\/2021\/09\/suno-logo.png","width":180,"height":180,"caption":"Suno Not\u00edcias"},"image":{"@id":"https:\/\/www.suno.com.br\/noticias\/#\/schema\/logo\/image\/"},"sameAs":["https:\/\/facebook.com\/sunoresearch","https:\/\/x.com\/sunoresearch","https:\/\/www.instagram.com\/suno","https:\/\/www.linkedin.com\/company\/suno-research\/","https:\/\/www.youtube.com\/c\/sunoresearch"]},{"@type":"Person","@id":"https:\/\/www.suno.com.br\/noticias\/#\/schema\/person\/4a72de8e10febe6d8a50711404b010b3","name":"Guilherme Serrano Silva","image":{"@type":"ImageObject","inLanguage":"pt-BR","@id":"https:\/\/www.suno.com.br\/noticias\/#\/schema\/person\/image\/","url":"https:\/\/secure.gravatar.com\/avatar\/aba5eb082d0443f542e94a82c79e9d50?s=96&r=g","contentUrl":"https:\/\/secure.gravatar.com\/avatar\/aba5eb082d0443f542e94a82c79e9d50?s=96&r=g","caption":"Guilherme Serrano Silva"},"description":"Jornalista formado pela Faculdade C\u00e1sper L\u00edbero e p\u00f3s-graduado em Can\u00e7\u00e3o Popular pela Faculdade Santa Marcelina. Passagens por R\u00e1dio Gazeta AM, gazetaesportiva.com e TC R\u00e1dio.","url":"https:\/\/www.suno.com.br\/noticias\/author\/guilhermeserranosilvagmail-com\/"}]}},"default_loop_html":"<div class=\"cardsPage__listCard__boxs\"><div class=\"cardsPage__listCard__boxs__img\"><a href=\"https:\/\/www.suno.com.br\/noticias\/vibra-vbbr3-nao-interesse-fusao-eneva-even3-gss\/\"><img class=\"mask\" src=\"https:\/\/www.suno.com.br\/noticias\/wp-content\/themes\/suno\/resources\/images\/spotlight\/spotlight1img\/bg-mask.png\" alt=\"Image Mask\"\/><img src=\"https:\/\/files.sunoresearch.com.br\/n\/uploads\/2022\/07\/vibra-400x200.jpg\" alt=\"Vibra (VBBR3) n\u00e3o est\u00e1 interessada em fus\u00e3o com a Eneva (ENEV3), diz CEO\"\/><\/a><span class=\"spotlightCategory\"><a href=\"https:\/\/www.suno.com.br\/noticias\/negocios\/\">Neg\u00f3cios<\/a><\/span><\/div><div class=\"cardsPage__listCard__boxs__content\"><a href=\"https:\/\/www.suno.com.br\/noticias\/vibra-vbbr3-nao-interesse-fusao-eneva-even3-gss\/\"><h2 class=\"content__title\">Vibra (VBBR3) n\u00e3o est\u00e1 interessada em fus\u00e3o com a Eneva (ENEV3), diz CEO<\/h2><\/a><div class=\"newsContent__article__meta\"><div class=\"newsContent__article__meta__authorBox\"><a href=\"https:\/\/www.suno.com.br\/noticias\/author\/guilhermeserranosilvagmail-com\/\" class=\"authorBox__avatar noMobi\"><img src=\"https:\/\/files.sunoresearch.com.br\/n\/uploads\/2023\/09\/WhatsApp-Image-2023-09-05-at-11.02.17-150x150.jpeg\" alt=\"Guilherme Serrano Silva\"><\/a><div class=\"authorBox__name\"><span>por\n\t\t\t<a href=\"https:\/\/www.suno.com.br\/noticias\/author\/guilhermeserranosilvagmail-com\/\"><span itemprop=\"author\">Guilherme Serrano Silva<\/span><\/a><\/span><time datetime=\"2024-03-03T16:54:43-03:00\" itemprop=\"datePublished\">03\/03\/2024 16:54<\/time><\/div><\/div><\/div><\/div><\/div>","single_layout":"posts","amp_enabled":true,"_links":{"self":[{"href":"https:\/\/www.suno.com.br\/noticias\/wp-json\/wp\/v2\/posts\/529125"}],"collection":[{"href":"https:\/\/www.suno.com.br\/noticias\/wp-json\/wp\/v2\/posts"}],"about":[{"href":"https:\/\/www.suno.com.br\/noticias\/wp-json\/wp\/v2\/types\/post"}],"author":[{"embeddable":true,"href":"https:\/\/www.suno.com.br\/noticias\/wp-json\/wp\/v2\/users\/322"}],"replies":[{"embeddable":true,"href":"https:\/\/www.suno.com.br\/noticias\/wp-json\/wp\/v2\/comments?post=529125"}],"version-history":[{"count":2,"href":"https:\/\/www.suno.com.br\/noticias\/wp-json\/wp\/v2\/posts\/529125\/revisions"}],"predecessor-version":[{"id":529128,"href":"https:\/\/www.suno.com.br\/noticias\/wp-json\/wp\/v2\/posts\/529125\/revisions\/529128"}],"wp:featuredmedia":[{"embeddable":true,"href":"https:\/\/www.suno.com.br\/noticias\/wp-json\/wp\/v2\/media\/273499"}],"wp:attachment":[{"href":"https:\/\/www.suno.com.br\/noticias\/wp-json\/wp\/v2\/media?parent=529125"}],"wp:term":[{"taxonomy":"category","embeddable":true,"href":"https:\/\/www.suno.com.br\/noticias\/wp-json\/wp\/v2\/categories?post=529125"},{"taxonomy":"post_tag","embeddable":true,"href":"https:\/\/www.suno.com.br\/noticias\/wp-json\/wp\/v2\/tags?post=529125"},{"taxonomy":"suno_strategy","embeddable":true,"href":"https:\/\/www.suno.com.br\/noticias\/wp-json\/wp\/v2\/suno_strategy?post=529125"}],"curies":[{"name":"wp","href":"https:\/\/api.w.org\/{rel}","templated":true}]}}