{"id":529087,"date":"2024-03-03T10:58:22","date_gmt":"2024-03-03T13:58:22","guid":{"rendered":"https:\/\/www.suno.com.br\/noticias\/?p=529087"},"modified":"2024-03-03T10:58:25","modified_gmt":"2024-03-03T13:58:25","slug":"dolar-encerra-semana-baixa-fez-preco-gss","status":"publish","type":"post","link":"https:\/\/www.suno.com.br\/noticias\/dolar-encerra-semana-baixa-fez-preco-gss\/","title":{"rendered":"D\u00f3lar encerra a semana em baixa: entenda o que impactou a cota\u00e7\u00e3o"},"content":{"rendered":"<p>O <strong>d\u00f3lar<\/strong> fechou o preg\u00e3o de sexta-feira (01) em queda de 0,35%, cotado a R$ 4,9553. Com isso, a divisa acumulou recuo de 0,76% na semana. Entenda, a seguir, o que impactou na cota\u00e7\u00e3o do d\u00f3lar durante os \u00faltimos dias.<\/p>\t<div class=\"wrapper-featured-image\">\n\t\t<figure class=\"spotlightImg\">\n\n\t\t\t<picture>\n\t\t\t\t<source media=\"(max-width: 768px)\" srcset=\"https:\/\/files.sunoresearch.com.br\/n\/uploads\/2023\/09\/comprar-dolar-cotacao-400x200.jpg\">\n\t\t\t\t<img loading=\"lazy\" decoding=\"async\" class=\"newsContent__article__imgCapa lazyloadDisabled \" src=\"https:\/\/files.sunoresearch.com.br\/n\/uploads\/2023\/09\/comprar-dolar-cotacao-800x450.jpg\" width=\"800\" height=\"450\" alt=\"D\u00f3lar encerra a semana em baixa: entenda o que impactou a cota\u00e7\u00e3o\" fetchpriority=high \/>\n\t\t\t<\/picture>\n\n\t\t\t<figcaption class=\"wp-caption-text wp-caption-text--show\">a\u00e7\u00f5es para investir. Foto: Pexels<\/figcaption>\n\t\t<\/figure>\n\t<\/div>\n\n\n\n\n\n\n\n\t<p>\n\t\t<a href=\"\" target=\"_blank\" data-element=\"shortcode-suno-banner\" title=\"Banner SUNO, clique e saiba mais\">\n\t\t\t<picture>\n\t\t\t\t<source media=\"(max-width: 500px)\" srcset=\"\">\n\t\t\t\t<img class=\"newsContent__article__imgCapa newsContent__article__imgCapa--banner\"\n\t\t\t\t\tsrc=\"\"\n\t\t\t\t\tdata-promo-id=\"240038\"\t\t\t\t\t\t\t\t\t\t\t\t\t\t\talt=\"\"\n\t\t\t\t>\n\t\t\t<\/picture>\n\t\t<\/a>\n\t<\/p>\n\n\n\n\n\n<p>A semana contou com uma agenda cheia, recheada de <a class=\"suno-keyword\" data-force=\"no\" data-priority=\"1\" href=\"https:\/\/www.suno.com.br\/artigos\/indicadores-economicos\/\" target=\"_blank\" rel=\"noopener\">indicadores econ\u00f4micos<\/a> que influenciaram na flutua\u00e7\u00e3o do <strong>d\u00f3lar frente ao real<\/strong>. Al\u00e9m disso, o fechamento do m\u00eas ainda trouxe um elemento adicional para o cen\u00e1rio, como explica Diego Costa, head de c\u00e2mbio para o norte e nordeste da B&amp;T C\u00e2mbio.<\/p>\n\n\n\n<p>&#8220;A semana come\u00e7ou sob grande expectativa nos mercados, com olhares voltados para indicadores-chave como o PCE, IPCA-15, PIB e balan\u00e7os corporativos, al\u00e9m de pronunciamentos dos representantes dos bancos centrais, que ultimamente tem mexido com os \u00e2nimos dos investidores. O fechamento de fevereiro na quinta-feira acrescentou outro elemento \u00e0 agenda econ\u00f4mica: a disputa em torno da forma\u00e7\u00e3o da ptax&#8221;, diz.<\/p>\n\n\n\n<p>Um dos dados mais aguardados da semana, o <strong>PCE<\/strong>, subiu 2,4% em janeiro na base anual, em linha com as estimativas. <\/p>\n\n\n\n<p>&#8220;Antes da divulga\u00e7\u00e3o do PCE e dos dados do <a class=\"suno-keyword\" target=\"_blank\" data-force=\"no\" data-priority=\"2\" href=\"https:\/\/www.suno.com.br\/artigos\/mercado-de-trabalho\/\" rel=\"noopener\">mercado de trabalho<\/a> nos Estados Unidos, o d\u00f3lar se aproximou novamente de R$ 5,00, mas come\u00e7ou a recuar ainda na manh\u00e3 de quinta-feira. Esse movimento veio ap\u00f3s o \u00edndice de infla\u00e7\u00e3o atender \u00e0s expectativas e os pedidos de seguro-desemprego superarem as previs\u00f5es, aliviando preocupa\u00e7\u00f5es de que o Federal Reserve adotasse uma <a class=\"suno-keyword\" target=\"_blank\" data-force=\"no\" data-priority=\"1\" href=\"https:\/\/www.suno.com.br\/artigos\/politica-monetaria\/\" rel=\"noopener\">pol\u00edtica monet\u00e1ria<\/a> excessivamente restritiva&#8221;, afirma costa.<\/p>\n\n\n\t<p>\n\t\t<a href=\"https:\/\/lp.suno.com.br\/ebook-gratuito-investindo-no-exterior\/\" target=\"_blank\" data-element=\"shortcode-suno-banner\" title=\"Banner SUNO, clique e saiba mais\">\n\t\t\t<picture>\n\t\t\t\t<source media=\"(max-width: 500px)\" srcset=\"https:\/\/files.sunoresearch.com.br\/n\/uploads\/2023\/03\/400x300-Investindo-no-exterior.png\">\n\t\t\t\t<img class=\"newsContent__article__imgCapa newsContent__article__imgCapa--banner\"\n\t\t\t\t\tsrc=\"https:\/\/files.sunoresearch.com.br\/n\/uploads\/2023\/03\/1420x240-Investindo-no-exterior.png\"\n\t\t\t\t\tdata-promo-id=\"383161\"\t\t\t\t\t\t\t\t\t\twidth='1420' height='240'\t\t\t\t\talt=\"https:\/\/files.sunoresearch.com.br\/n\/uploads\/2023\/03\/1420x240-Investindo-no-exterior.png\"\n\t\t\t\t>\n\t\t\t<\/picture>\n\t\t<\/a>\n\t<\/p>\n\n\n\n\n\n<p>J\u00e1 o <strong>PIB brasileiro<\/strong> ficou est\u00e1vel no quarto trimestre e fechou 2023 em alta de 2,9%, o que tamb\u00e9m contribuiu para o ambiente mais favor\u00e1vel em rela\u00e7\u00e3o ao <strong>real contra o d\u00f3lar<\/strong>.<\/p>\n\n\n\n<p>&#8220;O real teve valoriza\u00e7\u00e3o em rela\u00e7\u00e3o ao d\u00f3lar na sexta-feira, que continuou a recuar globalmente, impulsionado pelas expectativas de novos est\u00edmulos econ\u00f4micos na China e pela estabilidade do PIB brasileiro, que sugere que o atual ritmo de cortes na Selic pode ser mantido, a menos que ocorram mudan\u00e7as significativas no cen\u00e1rio global&#8221;, explica o especialista.<\/p>\n\n\n\n<p>Na pr\u00f3xima semana, a <strong>cota\u00e7\u00e3o do d\u00f3lar<\/strong> deve continuar sendo influenciada pela agenda de indicadores econ\u00f4micos, que dar\u00e3o novos sinais a respeito da condu\u00e7\u00e3o da <strong>pol\u00edtica monet\u00e1ria<\/strong> sobretudo nos Estados Unidos.<\/p>\n\n\n\n<p>&#8220;Com a infla\u00e7\u00e3o ainda sem mostrar sinais claros de desacelera\u00e7\u00e3o, os investidores permanecer\u00e3o atentos aos pr\u00f3ximos <a class=\"suno-keyword\" target=\"_blank\" data-force=\"no\" data-priority=\"1\" href=\"https:\/\/www.suno.com.br\/artigos\/indicadores-economicos\/\" rel=\"noopener\">indicadores econ\u00f4micos<\/a> para ajustar suas expectativas em rela\u00e7\u00e3o \u00e0s taxas de juros ao redor do mundo. No Brasil, os focos ser\u00e3o a infla\u00e7\u00e3o ao produtor, PMI, Produ\u00e7\u00e3o Industrial e o Balan\u00e7o Or\u00e7ament\u00e1rio, em meio a preocupa\u00e7\u00f5es fiscais. Internacionalmente, ser\u00e3o importantes o PMI, os relat\u00f3rios do <a class=\"suno-keyword\" target=\"_blank\" data-force=\"no\" data-priority=\"2\" href=\"https:\/\/www.suno.com.br\/artigos\/mercado-de-trabalho\/\" rel=\"noopener\">mercado de trabalho<\/a> ADP, Jolts e, especialmente, o <strong>Payroll nos Estados Unidos<\/strong>, al\u00e9m da decis\u00e3o de juros do Banco Central Europeu, e na Alemanha, a infla\u00e7\u00e3o ao produtor e produ\u00e7\u00e3o industrial. Na China, os destaques ficar\u00e3o por conta do PMI, da balan\u00e7a comercial e da infla\u00e7\u00e3o ao consumidor&#8221;, completa Diego Costa, citando eventos que podem impactar na cota\u00e7\u00e3o do <strong>d\u00f3lar<\/strong>.<\/p>\n\n\n\t<p>\n\t\t<a href=\"https:\/\/lp.suno.com.br\/planilha-da-vida-financeira\/\" target=\"_blank\" data-element=\"shortcode-suno-banner\" title=\"Banner SUNO, clique e saiba mais\">\n\t\t\t<picture>\n\t\t\t\t<source media=\"(max-width: 500px)\" srcset=\"https:\/\/files.sunoresearch.com.br\/n\/uploads\/2023\/04\/400x300-Planilha-vida-financeira-true.png\">\n\t\t\t\t<img class=\"newsContent__article__imgCapa newsContent__article__imgCapa--banner\"\n\t\t\t\t\tsrc=\"https:\/\/files.sunoresearch.com.br\/n\/uploads\/2023\/04\/1420x240-Planilha-vida-financeira-true.png\"\n\t\t\t\t\tdata-promo-id=\"383123\"\t\t\t\t\t\t\t\t\t\twidth='1420' height='240'\t\t\t\t\talt=\"https:\/\/files.sunoresearch.com.br\/n\/uploads\/2023\/04\/1420x240-Planilha-vida-financeira-true.png\"\n\t\t\t\t>\n\t\t\t<\/picture>\n\t\t<\/a>\n\t<\/p>\n\n\n","protected":false},"excerpt":{"rendered":"<p>O d\u00f3lar fechou o preg\u00e3o de sexta-feira (01) em queda de 0,35%, cotado a R$ 4,9553. Com isso, a divisa acumulou recuo de 0,76% na semana. Entenda, a seguir, o que impactou na cota\u00e7\u00e3o do d\u00f3lar durante os \u00faltimos dias. a\u00e7\u00f5es para investir. Foto: Pexels A semana contou com uma agenda cheia, recheada de indicadores [&hellip;]<\/p>\n","protected":false},"author":322,"featured_media":455693,"comment_status":"closed","ping_status":"closed","sticky":false,"template":"","format":"standard","meta":[],"categories":[64],"tags":[326],"suno_strategy":[],"class_list":["post-529087","post","type-post","status-publish","format-standard","has-post-thumbnail","hentry","category-negocios","tag-dolar"],"yoast_head":"<!-- This site is optimized with the Yoast SEO plugin v24.4 - https:\/\/yoast.com\/wordpress\/plugins\/seo\/ -->\n<title>D\u00f3lar encerra a semana em baixa: entenda o que fez pre\u00e7o<\/title>\n<meta name=\"description\" content=\"O d\u00f3lar fechou o preg\u00e3o de sexta-feira (01) em queda de 0,35%, cotado a R$ 4,9553. Com isso, a divisa acumulou recuo de 0,76% na semana.\" \/>\n<meta name=\"robots\" content=\"index, follow, max-snippet:-1, max-image-preview:large, max-video-preview:-1\" \/>\n<link rel=\"canonical\" href=\"https:\/\/www.suno.com.br\/noticias\/dolar-encerra-semana-baixa-fez-preco-gss\/\" \/>\n<meta property=\"og:locale\" content=\"pt_BR\" \/>\n<meta property=\"og:type\" content=\"article\" \/>\n<meta property=\"og:title\" content=\"D\u00f3lar encerra a semana em baixa: entenda o que fez pre\u00e7o\" \/>\n<meta property=\"og:description\" content=\"O d\u00f3lar fechou o preg\u00e3o de sexta-feira (01) em queda de 0,35%, cotado a R$ 4,9553. Com isso, a divisa acumulou recuo de 0,76% na semana.\" \/>\n<meta property=\"og:url\" content=\"https:\/\/www.suno.com.br\/noticias\/dolar-encerra-semana-baixa-fez-preco-gss\/\" \/>\n<meta property=\"og:site_name\" content=\"Suno Not\u00edcias\" \/>\n<meta property=\"article:publisher\" content=\"https:\/\/facebook.com\/sunoresearch\" \/>\n<meta property=\"og:image\" content=\"https:\/\/files.sunoresearch.com.br\/n\/uploads\/2023\/09\/comprar-dolar-cotacao.jpg\" \/>\n\t<meta property=\"og:image:width\" content=\"1200\" \/>\n\t<meta property=\"og:image:height\" content=\"800\" \/>\n\t<meta property=\"og:image:type\" content=\"image\/jpeg\" \/>\n<meta name=\"author\" content=\"Guilherme Serrano Silva\" \/>\n<meta name=\"twitter:card\" content=\"summary_large_image\" \/>\n<meta name=\"twitter:creator\" content=\"@sunoresearch\" \/>\n<meta name=\"twitter:site\" content=\"@sunoresearch\" \/>\n<meta name=\"twitter:label1\" content=\"Escrito por\" \/>\n\t<meta name=\"twitter:data1\" content=\"Guilherme Serrano Silva\" \/>\n\t<meta name=\"twitter:label2\" content=\"Est. tempo de leitura\" \/>\n\t<meta name=\"twitter:data2\" content=\"3 minutos\" \/>\n<script type=\"application\/ld+json\" class=\"yoast-schema-graph\">{\"@context\":\"https:\/\/schema.org\",\"@graph\":[{\"@type\":\"NewsArticle\",\"@id\":\"https:\/\/www.suno.com.br\/noticias\/dolar-encerra-semana-baixa-fez-preco-gss\/#article\",\"isPartOf\":{\"@id\":\"https:\/\/www.suno.com.br\/noticias\/dolar-encerra-semana-baixa-fez-preco-gss\/\"},\"author\":{\"name\":\"Guilherme Serrano Silva\",\"@id\":\"https:\/\/www.suno.com.br\/noticias\/#\/schema\/person\/4a72de8e10febe6d8a50711404b010b3\"},\"headline\":\"D\u00f3lar encerra a semana em baixa: entenda o que impactou a cota\u00e7\u00e3o\",\"datePublished\":\"2024-03-03T13:58:22+00:00\",\"dateModified\":\"2024-03-03T13:58:25+00:00\",\"mainEntityOfPage\":{\"@id\":\"https:\/\/www.suno.com.br\/noticias\/dolar-encerra-semana-baixa-fez-preco-gss\/\"},\"wordCount\":560,\"publisher\":{\"@id\":\"https:\/\/www.suno.com.br\/noticias\/#organization\"},\"image\":{\"@id\":\"https:\/\/www.suno.com.br\/noticias\/dolar-encerra-semana-baixa-fez-preco-gss\/#primaryimage\"},\"thumbnailUrl\":\"https:\/\/files.sunoresearch.com.br\/n\/uploads\/2023\/09\/comprar-dolar-cotacao.jpg\",\"keywords\":[\"d\u00f3lar\"],\"articleSection\":[\"Neg\u00f3cios\"],\"inLanguage\":\"pt-BR\"},{\"@type\":\"WebPage\",\"@id\":\"https:\/\/www.suno.com.br\/noticias\/dolar-encerra-semana-baixa-fez-preco-gss\/\",\"url\":\"https:\/\/www.suno.com.br\/noticias\/dolar-encerra-semana-baixa-fez-preco-gss\/\",\"name\":\"D\u00f3lar encerra a semana em baixa: entenda o que fez pre\u00e7o\",\"isPartOf\":{\"@id\":\"https:\/\/www.suno.com.br\/noticias\/#website\"},\"primaryImageOfPage\":{\"@id\":\"https:\/\/www.suno.com.br\/noticias\/dolar-encerra-semana-baixa-fez-preco-gss\/#primaryimage\"},\"image\":{\"@id\":\"https:\/\/www.suno.com.br\/noticias\/dolar-encerra-semana-baixa-fez-preco-gss\/#primaryimage\"},\"thumbnailUrl\":\"https:\/\/files.sunoresearch.com.br\/n\/uploads\/2023\/09\/comprar-dolar-cotacao.jpg\",\"datePublished\":\"2024-03-03T13:58:22+00:00\",\"dateModified\":\"2024-03-03T13:58:25+00:00\",\"description\":\"O d\u00f3lar fechou o preg\u00e3o de sexta-feira (01) em queda de 0,35%, cotado a R$ 4,9553. Com isso, a divisa acumulou recuo de 0,76% na semana.\",\"breadcrumb\":{\"@id\":\"https:\/\/www.suno.com.br\/noticias\/dolar-encerra-semana-baixa-fez-preco-gss\/#breadcrumb\"},\"inLanguage\":\"pt-BR\",\"potentialAction\":[{\"@type\":\"ReadAction\",\"target\":[\"https:\/\/www.suno.com.br\/noticias\/dolar-encerra-semana-baixa-fez-preco-gss\/\"]}]},{\"@type\":\"ImageObject\",\"inLanguage\":\"pt-BR\",\"@id\":\"https:\/\/www.suno.com.br\/noticias\/dolar-encerra-semana-baixa-fez-preco-gss\/#primaryimage\",\"url\":\"https:\/\/files.sunoresearch.com.br\/n\/uploads\/2023\/09\/comprar-dolar-cotacao.jpg\",\"contentUrl\":\"https:\/\/files.sunoresearch.com.br\/n\/uploads\/2023\/09\/comprar-dolar-cotacao.jpg\",\"width\":1200,\"height\":800,\"caption\":\"a\u00e7\u00f5es para investir. Foto: Pexels\"},{\"@type\":\"BreadcrumbList\",\"@id\":\"https:\/\/www.suno.com.br\/noticias\/dolar-encerra-semana-baixa-fez-preco-gss\/#breadcrumb\",\"itemListElement\":[{\"@type\":\"ListItem\",\"position\":1,\"name\":\"Not\u00edcias\",\"item\":\"https:\/\/www.suno.com.br\/noticias\/\"},{\"@type\":\"ListItem\",\"position\":2,\"name\":\"Neg\u00f3cios\",\"item\":\"https:\/\/www.suno.com.br\/noticias\/negocios\/\"},{\"@type\":\"ListItem\",\"position\":3,\"name\":\"D\u00f3lar encerra a semana em baixa: entenda o que impactou a cota\u00e7\u00e3o\"}]},{\"@type\":\"WebSite\",\"@id\":\"https:\/\/www.suno.com.br\/noticias\/#website\",\"url\":\"https:\/\/www.suno.com.br\/noticias\/\",\"name\":\"Suno Not\u00edcias\",\"description\":\"Seu portal de informa\u00e7\u00e3o sobre o mundo dos investimentos\",\"publisher\":{\"@id\":\"https:\/\/www.suno.com.br\/noticias\/#organization\"},\"potentialAction\":[{\"@type\":\"SearchAction\",\"target\":{\"@type\":\"EntryPoint\",\"urlTemplate\":\"https:\/\/www.suno.com.br\/noticias\/?s={search_term_string}\"},\"query-input\":{\"@type\":\"PropertyValueSpecification\",\"valueRequired\":true,\"valueName\":\"search_term_string\"}}],\"inLanguage\":\"pt-BR\"},{\"@type\":\"Organization\",\"@id\":\"https:\/\/www.suno.com.br\/noticias\/#organization\",\"name\":\"Suno Not\u00edcias\",\"url\":\"https:\/\/www.suno.com.br\/noticias\/\",\"logo\":{\"@type\":\"ImageObject\",\"inLanguage\":\"pt-BR\",\"@id\":\"https:\/\/www.suno.com.br\/noticias\/#\/schema\/logo\/image\/\",\"url\":\"https:\/\/files.sunoresearch.com.br\/n\/uploads\/2021\/09\/suno-logo.png\",\"contentUrl\":\"https:\/\/files.sunoresearch.com.br\/n\/uploads\/2021\/09\/suno-logo.png\",\"width\":180,\"height\":180,\"caption\":\"Suno Not\u00edcias\"},\"image\":{\"@id\":\"https:\/\/www.suno.com.br\/noticias\/#\/schema\/logo\/image\/\"},\"sameAs\":[\"https:\/\/facebook.com\/sunoresearch\",\"https:\/\/x.com\/sunoresearch\",\"https:\/\/www.instagram.com\/suno\",\"https:\/\/www.linkedin.com\/company\/suno-research\/\",\"https:\/\/www.youtube.com\/c\/sunoresearch\"]},{\"@type\":\"Person\",\"@id\":\"https:\/\/www.suno.com.br\/noticias\/#\/schema\/person\/4a72de8e10febe6d8a50711404b010b3\",\"name\":\"Guilherme Serrano Silva\",\"image\":{\"@type\":\"ImageObject\",\"inLanguage\":\"pt-BR\",\"@id\":\"https:\/\/www.suno.com.br\/noticias\/#\/schema\/person\/image\/\",\"url\":\"https:\/\/secure.gravatar.com\/avatar\/aba5eb082d0443f542e94a82c79e9d50?s=96&r=g\",\"contentUrl\":\"https:\/\/secure.gravatar.com\/avatar\/aba5eb082d0443f542e94a82c79e9d50?s=96&r=g\",\"caption\":\"Guilherme Serrano Silva\"},\"description\":\"Jornalista formado pela Faculdade C\u00e1sper L\u00edbero e p\u00f3s-graduado em Can\u00e7\u00e3o Popular pela Faculdade Santa Marcelina. Passagens por R\u00e1dio Gazeta AM, gazetaesportiva.com e TC R\u00e1dio.\",\"url\":\"https:\/\/www.suno.com.br\/noticias\/author\/guilhermeserranosilvagmail-com\/\"}]}<\/script>\n<!-- \/ Yoast SEO plugin. -->","yoast_head_json":{"title":"D\u00f3lar encerra a semana em baixa: entenda o que fez pre\u00e7o","description":"O d\u00f3lar fechou o preg\u00e3o de sexta-feira (01) em queda de 0,35%, cotado a R$ 4,9553. Com isso, a divisa acumulou recuo de 0,76% na semana.","robots":{"index":"index","follow":"follow","max-snippet":"max-snippet:-1","max-image-preview":"max-image-preview:large","max-video-preview":"max-video-preview:-1"},"canonical":"https:\/\/www.suno.com.br\/noticias\/dolar-encerra-semana-baixa-fez-preco-gss\/","og_locale":"pt_BR","og_type":"article","og_title":"D\u00f3lar encerra a semana em baixa: entenda o que fez pre\u00e7o","og_description":"O d\u00f3lar fechou o preg\u00e3o de sexta-feira (01) em queda de 0,35%, cotado a R$ 4,9553. Com isso, a divisa acumulou recuo de 0,76% na semana.","og_url":"https:\/\/www.suno.com.br\/noticias\/dolar-encerra-semana-baixa-fez-preco-gss\/","og_site_name":"Suno Not\u00edcias","article_publisher":"https:\/\/facebook.com\/sunoresearch","og_image":[{"width":1200,"height":800,"url":"https:\/\/files.sunoresearch.com.br\/n\/uploads\/2023\/09\/comprar-dolar-cotacao.jpg","type":"image\/jpeg"}],"author":"Guilherme Serrano Silva","twitter_card":"summary_large_image","twitter_creator":"@sunoresearch","twitter_site":"@sunoresearch","twitter_misc":{"Escrito por":"Guilherme Serrano Silva","Est. tempo de leitura":"3 minutos"},"schema":{"@context":"https:\/\/schema.org","@graph":[{"@type":"NewsArticle","@id":"https:\/\/www.suno.com.br\/noticias\/dolar-encerra-semana-baixa-fez-preco-gss\/#article","isPartOf":{"@id":"https:\/\/www.suno.com.br\/noticias\/dolar-encerra-semana-baixa-fez-preco-gss\/"},"author":{"name":"Guilherme Serrano Silva","@id":"https:\/\/www.suno.com.br\/noticias\/#\/schema\/person\/4a72de8e10febe6d8a50711404b010b3"},"headline":"D\u00f3lar encerra a semana em baixa: entenda o que impactou a cota\u00e7\u00e3o","datePublished":"2024-03-03T13:58:22+00:00","dateModified":"2024-03-03T13:58:25+00:00","mainEntityOfPage":{"@id":"https:\/\/www.suno.com.br\/noticias\/dolar-encerra-semana-baixa-fez-preco-gss\/"},"wordCount":560,"publisher":{"@id":"https:\/\/www.suno.com.br\/noticias\/#organization"},"image":{"@id":"https:\/\/www.suno.com.br\/noticias\/dolar-encerra-semana-baixa-fez-preco-gss\/#primaryimage"},"thumbnailUrl":"https:\/\/files.sunoresearch.com.br\/n\/uploads\/2023\/09\/comprar-dolar-cotacao.jpg","keywords":["d\u00f3lar"],"articleSection":["Neg\u00f3cios"],"inLanguage":"pt-BR"},{"@type":"WebPage","@id":"https:\/\/www.suno.com.br\/noticias\/dolar-encerra-semana-baixa-fez-preco-gss\/","url":"https:\/\/www.suno.com.br\/noticias\/dolar-encerra-semana-baixa-fez-preco-gss\/","name":"D\u00f3lar encerra a semana em baixa: entenda o que fez pre\u00e7o","isPartOf":{"@id":"https:\/\/www.suno.com.br\/noticias\/#website"},"primaryImageOfPage":{"@id":"https:\/\/www.suno.com.br\/noticias\/dolar-encerra-semana-baixa-fez-preco-gss\/#primaryimage"},"image":{"@id":"https:\/\/www.suno.com.br\/noticias\/dolar-encerra-semana-baixa-fez-preco-gss\/#primaryimage"},"thumbnailUrl":"https:\/\/files.sunoresearch.com.br\/n\/uploads\/2023\/09\/comprar-dolar-cotacao.jpg","datePublished":"2024-03-03T13:58:22+00:00","dateModified":"2024-03-03T13:58:25+00:00","description":"O d\u00f3lar fechou o preg\u00e3o de sexta-feira (01) em queda de 0,35%, cotado a R$ 4,9553. Com isso, a divisa acumulou recuo de 0,76% na semana.","breadcrumb":{"@id":"https:\/\/www.suno.com.br\/noticias\/dolar-encerra-semana-baixa-fez-preco-gss\/#breadcrumb"},"inLanguage":"pt-BR","potentialAction":[{"@type":"ReadAction","target":["https:\/\/www.suno.com.br\/noticias\/dolar-encerra-semana-baixa-fez-preco-gss\/"]}]},{"@type":"ImageObject","inLanguage":"pt-BR","@id":"https:\/\/www.suno.com.br\/noticias\/dolar-encerra-semana-baixa-fez-preco-gss\/#primaryimage","url":"https:\/\/files.sunoresearch.com.br\/n\/uploads\/2023\/09\/comprar-dolar-cotacao.jpg","contentUrl":"https:\/\/files.sunoresearch.com.br\/n\/uploads\/2023\/09\/comprar-dolar-cotacao.jpg","width":1200,"height":800,"caption":"a\u00e7\u00f5es para investir. Foto: Pexels"},{"@type":"BreadcrumbList","@id":"https:\/\/www.suno.com.br\/noticias\/dolar-encerra-semana-baixa-fez-preco-gss\/#breadcrumb","itemListElement":[{"@type":"ListItem","position":1,"name":"Not\u00edcias","item":"https:\/\/www.suno.com.br\/noticias\/"},{"@type":"ListItem","position":2,"name":"Neg\u00f3cios","item":"https:\/\/www.suno.com.br\/noticias\/negocios\/"},{"@type":"ListItem","position":3,"name":"D\u00f3lar encerra a semana em baixa: entenda o que impactou a cota\u00e7\u00e3o"}]},{"@type":"WebSite","@id":"https:\/\/www.suno.com.br\/noticias\/#website","url":"https:\/\/www.suno.com.br\/noticias\/","name":"Suno Not\u00edcias","description":"Seu portal de informa\u00e7\u00e3o sobre o mundo dos investimentos","publisher":{"@id":"https:\/\/www.suno.com.br\/noticias\/#organization"},"potentialAction":[{"@type":"SearchAction","target":{"@type":"EntryPoint","urlTemplate":"https:\/\/www.suno.com.br\/noticias\/?s={search_term_string}"},"query-input":{"@type":"PropertyValueSpecification","valueRequired":true,"valueName":"search_term_string"}}],"inLanguage":"pt-BR"},{"@type":"Organization","@id":"https:\/\/www.suno.com.br\/noticias\/#organization","name":"Suno Not\u00edcias","url":"https:\/\/www.suno.com.br\/noticias\/","logo":{"@type":"ImageObject","inLanguage":"pt-BR","@id":"https:\/\/www.suno.com.br\/noticias\/#\/schema\/logo\/image\/","url":"https:\/\/files.sunoresearch.com.br\/n\/uploads\/2021\/09\/suno-logo.png","contentUrl":"https:\/\/files.sunoresearch.com.br\/n\/uploads\/2021\/09\/suno-logo.png","width":180,"height":180,"caption":"Suno Not\u00edcias"},"image":{"@id":"https:\/\/www.suno.com.br\/noticias\/#\/schema\/logo\/image\/"},"sameAs":["https:\/\/facebook.com\/sunoresearch","https:\/\/x.com\/sunoresearch","https:\/\/www.instagram.com\/suno","https:\/\/www.linkedin.com\/company\/suno-research\/","https:\/\/www.youtube.com\/c\/sunoresearch"]},{"@type":"Person","@id":"https:\/\/www.suno.com.br\/noticias\/#\/schema\/person\/4a72de8e10febe6d8a50711404b010b3","name":"Guilherme Serrano Silva","image":{"@type":"ImageObject","inLanguage":"pt-BR","@id":"https:\/\/www.suno.com.br\/noticias\/#\/schema\/person\/image\/","url":"https:\/\/secure.gravatar.com\/avatar\/aba5eb082d0443f542e94a82c79e9d50?s=96&r=g","contentUrl":"https:\/\/secure.gravatar.com\/avatar\/aba5eb082d0443f542e94a82c79e9d50?s=96&r=g","caption":"Guilherme Serrano Silva"},"description":"Jornalista formado pela Faculdade C\u00e1sper L\u00edbero e p\u00f3s-graduado em Can\u00e7\u00e3o Popular pela Faculdade Santa Marcelina. Passagens por R\u00e1dio Gazeta AM, gazetaesportiva.com e TC R\u00e1dio.","url":"https:\/\/www.suno.com.br\/noticias\/author\/guilhermeserranosilvagmail-com\/"}]}},"default_loop_html":"<div class=\"cardsPage__listCard__boxs\"><div class=\"cardsPage__listCard__boxs__img\"><a href=\"https:\/\/www.suno.com.br\/noticias\/dolar-encerra-semana-baixa-fez-preco-gss\/\"><img class=\"mask\" src=\"https:\/\/www.suno.com.br\/noticias\/wp-content\/themes\/suno\/resources\/images\/spotlight\/spotlight1img\/bg-mask.png\" alt=\"Image Mask\"\/><img src=\"https:\/\/files.sunoresearch.com.br\/n\/uploads\/2023\/09\/comprar-dolar-cotacao-400x200.jpg\" alt=\"D\u00f3lar encerra a semana em baixa: entenda o que impactou a cota\u00e7\u00e3o\"\/><\/a><span class=\"spotlightCategory\"><a href=\"https:\/\/www.suno.com.br\/noticias\/negocios\/\">Neg\u00f3cios<\/a><\/span><\/div><div class=\"cardsPage__listCard__boxs__content\"><a href=\"https:\/\/www.suno.com.br\/noticias\/dolar-encerra-semana-baixa-fez-preco-gss\/\"><h2 class=\"content__title\">D\u00f3lar encerra a semana em baixa: entenda o que impactou a cota\u00e7\u00e3o<\/h2><\/a><div class=\"newsContent__article__meta\"><div class=\"newsContent__article__meta__authorBox\"><a href=\"https:\/\/www.suno.com.br\/noticias\/author\/guilhermeserranosilvagmail-com\/\" class=\"authorBox__avatar noMobi\"><img src=\"https:\/\/files.sunoresearch.com.br\/n\/uploads\/2023\/09\/WhatsApp-Image-2023-09-05-at-11.02.17-150x150.jpeg\" alt=\"Guilherme Serrano Silva\"><\/a><div class=\"authorBox__name\"><span>por\n\t\t\t<a href=\"https:\/\/www.suno.com.br\/noticias\/author\/guilhermeserranosilvagmail-com\/\"><span itemprop=\"author\">Guilherme Serrano Silva<\/span><\/a><\/span><time datetime=\"2024-03-03T10:58:22-03:00\" itemprop=\"datePublished\">03\/03\/2024 10:58<\/time><\/div><\/div><\/div><\/div><\/div>","single_layout":"posts","amp_enabled":true,"_links":{"self":[{"href":"https:\/\/www.suno.com.br\/noticias\/wp-json\/wp\/v2\/posts\/529087"}],"collection":[{"href":"https:\/\/www.suno.com.br\/noticias\/wp-json\/wp\/v2\/posts"}],"about":[{"href":"https:\/\/www.suno.com.br\/noticias\/wp-json\/wp\/v2\/types\/post"}],"author":[{"embeddable":true,"href":"https:\/\/www.suno.com.br\/noticias\/wp-json\/wp\/v2\/users\/322"}],"replies":[{"embeddable":true,"href":"https:\/\/www.suno.com.br\/noticias\/wp-json\/wp\/v2\/comments?post=529087"}],"version-history":[{"count":2,"href":"https:\/\/www.suno.com.br\/noticias\/wp-json\/wp\/v2\/posts\/529087\/revisions"}],"predecessor-version":[{"id":529089,"href":"https:\/\/www.suno.com.br\/noticias\/wp-json\/wp\/v2\/posts\/529087\/revisions\/529089"}],"wp:featuredmedia":[{"embeddable":true,"href":"https:\/\/www.suno.com.br\/noticias\/wp-json\/wp\/v2\/media\/455693"}],"wp:attachment":[{"href":"https:\/\/www.suno.com.br\/noticias\/wp-json\/wp\/v2\/media?parent=529087"}],"wp:term":[{"taxonomy":"category","embeddable":true,"href":"https:\/\/www.suno.com.br\/noticias\/wp-json\/wp\/v2\/categories?post=529087"},{"taxonomy":"post_tag","embeddable":true,"href":"https:\/\/www.suno.com.br\/noticias\/wp-json\/wp\/v2\/tags?post=529087"},{"taxonomy":"suno_strategy","embeddable":true,"href":"https:\/\/www.suno.com.br\/noticias\/wp-json\/wp\/v2\/suno_strategy?post=529087"}],"curies":[{"name":"wp","href":"https:\/\/api.w.org\/{rel}","templated":true}]}}