{"id":529017,"date":"2024-03-02T13:04:00","date_gmt":"2024-03-02T16:04:00","guid":{"rendered":"https:\/\/www.suno.com.br\/noticias\/?p=529017"},"modified":"2024-03-02T13:04:03","modified_gmt":"2024-03-02T16:04:03","slug":"mercado-projecao-pib-em-2024-jvj","status":"publish","type":"post","link":"https:\/\/www.suno.com.br\/noticias\/mercado-projecao-pib-em-2024-jvj\/","title":{"rendered":"Com corte de juros no radar, mercado faz nova previs\u00e3o para o PIB em 2024; veja a proje\u00e7\u00e3o atual"},"content":{"rendered":"<p>O mercado ajustou nesta sexta, 1\u00ba, suas proje\u00e7\u00f5es para o crescimento do <a class=\"suno-keyword\" data-force=\"no\" data-priority=\"2\" href=\"https:\/\/www.suno.com.br\/artigos\/pib-produto-interno-bruto\/\" target=\"_blank\" rel=\"noopener\">Produto Interno Bruto (<strong>PIB<\/strong>)<\/a> em 2024, com a mediana saindo de 1,7% para 1,8%, mostra pesquisa feita pelo Proje\u00e7\u00f5es Broadcast (sistema de not\u00edcias em tempo real do Grupo Estado). J\u00e1 a estimativa para o crescimento da economia brasileira no primeiro trimestre permaneceu inalterada, em 0,4%, ap\u00f3s estabilidade (0%) no quarto trimestre do ano passado. Os analistas projetam avan\u00e7o de 0,5% do PIB no segundo trimestre; de 0,4% no terceiro; e de 0,5% nos \u00faltimos tr\u00eas meses do ano.<\/p>\t<div class=\"wrapper-featured-image\">\n\t\t<figure class=\"spotlightImg\">\n\n\t\t\t<picture>\n\t\t\t\t<source media=\"(max-width: 768px)\" srcset=\"https:\/\/files.sunoresearch.com.br\/n\/uploads\/2023\/06\/PIB-400x200.jpg\">\n\t\t\t\t<img loading=\"lazy\" decoding=\"async\" class=\"newsContent__article__imgCapa lazyloadDisabled \" src=\"https:\/\/files.sunoresearch.com.br\/n\/uploads\/2023\/06\/PIB-800x450.jpg\" width=\"800\" height=\"450\" alt=\"Com corte de juros no radar, mercado faz nova previs\u00e3o para o PIB em 2024; veja a proje\u00e7\u00e3o atual\" fetchpriority=high \/>\n\t\t\t<\/picture>\n\n\t\t\t<figcaption class=\"wp-caption-text wp-caption-text--show\">Economista do JPMorgan prev\u00ea crescimento do PIB brasileiro em 2025. Foto: Pixabay<\/figcaption>\n\t\t<\/figure>\n\t<\/div>\n\n\n\n\n\n\t<p>\n\t\t<a href=\"https:\/\/lp.suno.com.br\/ebook-como-analisar-uma-acao\/\" target=\"_blank\" data-element=\"shortcode-suno-banner\" title=\"Banner SUNO, clique e saiba mais\">\n\t\t\t<picture>\n\t\t\t\t<source media=\"(max-width: 500px)\" srcset=\"https:\/\/files.sunoresearch.com.br\/n\/uploads\/2023\/12\/Ebook-Acoes-Mobile.jpg\">\n\t\t\t\t<img class=\"newsContent__article__imgCapa newsContent__article__imgCapa--banner\"\n\t\t\t\t\tsrc=\"https:\/\/files.sunoresearch.com.br\/n\/uploads\/2023\/12\/Ebook-Acoes-Desktop.webp\"\n\t\t\t\t\tdata-promo-id=\"311260\"\t\t\t\t\t\t\t\t\t\twidth='1420' height='286'\t\t\t\t\talt=\"https:\/\/files.sunoresearch.com.br\/n\/uploads\/2023\/12\/Ebook-Acoes-Desktop.webp\"\n\t\t\t\t>\n\t\t\t<\/picture>\n\t\t<\/a>\n\t<\/p>\n\n\n\n\n\n<p>A redu\u00e7\u00e3o de ritmo em rela\u00e7\u00e3o a 2023 (alta de 2,9%) tem a ver com a expectativa de que a agricultura n\u00e3o deve ter o mesmo desempenho neste ano, por conta de efeitos clim\u00e1ticos. Os dados da Companhia Nacional da Abastecimento (Conab) apontam para 316,7 milh\u00f5es de toneladas na safra 2023\/2024, 1,5% abaixo do observado na safra 2022\/2023. Sem a for\u00e7a do setor, os analistas afirmam que novas redu\u00e7\u00f5es da <strong>Selic<\/strong> e a amplia\u00e7\u00e3o do cr\u00e9dito, al\u00e9m de um <a class=\"suno-keyword\" data-force=\"no\" data-priority=\"2\" href=\"https:\/\/www.suno.com.br\/artigos\/mercado-de-trabalho\/\" target=\"_blank\" rel=\"noopener\">mercado de trabalho<\/a> ainda forte, devem sustentar a atividade do Pa\u00eds.<\/p>\n\n\n\n<p>Ap\u00f3s a divulga\u00e7\u00e3o dos dados de 2023, v\u00e1rias <a class=\"suno-keyword\" data-force=\"no\" data-priority=\"1\" href=\"https:\/\/www.suno.com.br\/artigos\/instituicoes-financeiras\/\" target=\"_blank\" rel=\"noopener\">institui\u00e7\u00f5es financeiras<\/a> reiteraram suas <strong>proje\u00e7\u00f5es para o PIB de 2024<\/strong>, como Bank of America (2,2%), G5 Partners (2,1%), UBS BB (2,0%), Bradesco (2,0%), Ita\u00fa Unibanco (1,8%), PicPay (1,8%), Citi (1,5%), Banco BV (1,5%) e WHG (1,5%).<\/p>\n\n\n\t<div data-element=\"shortcode-read-more\" class=\"knowMore\">\n\t\t\t\t<span class=\"knowMore__title\">Leia mais<\/span>\n\t\t\t\t<a class=\"knowMore__link\" href=\"https:\/\/www.suno.com.br\/noticias\/cmn-ajusta-resolucao-certificados-imobiliarios-agricolas-cri-cra-jvj\/\">\n\t\t\tCMN ajusta resolu\u00e7\u00e3o sobre certificados imobili\u00e1rios e agr\u00edcolas; o que muda?\t\t<\/a>\n\t<\/div>\n\n\n\n\n<p>Houve em parte do mercado, por\u00e9m, um movimento de aumento das proje\u00e7\u00f5es. O BTG Pactual subiu de 1,7% para 2,0% a <strong>estimativa para o PIB<\/strong> do ano, e a Porto Asset Management, de 1,5% para 1,8%. A XP Investimentos colocou sob revis\u00e3o o cen\u00e1rio anterior de crescimento de 1,5% e afirmou, em nota, que o resultado deve ficar mais pr\u00f3ximo de 2,0%.<\/p>\n\n\n\n<p>O economista-chefe da Porto Asset, Felipe Sichel, considerou a consolida\u00e7\u00e3o da melhora no cen\u00e1rio de cr\u00e9dito ao rever sua proje\u00e7\u00e3o para o <strong>PIB<\/strong>. A conjuntura, afirma, reflete o efeito inicial do ciclo de cortes da <a class=\"suno-keyword\" data-force=\"no\" data-priority=\"3\" href=\"https:\/\/www.suno.com.br\/artigos\/taxa-selic\/\" target=\"_blank\" rel=\"noopener\">taxa Selic<\/a>. Ao comentar os dados divulgados ontem pelo IBGE, o ministro da Fazenda, Fernando Haddad, reiterou a previs\u00e3o de crescimento de 2,2% para 2024, ao apostar em tend\u00eancia positiva para a ind\u00fastria e a constru\u00e7\u00e3o civil ao longo do ano.<\/p>\n\n\n\n<p>(Com informa\u00e7\u00f5es s\u00e3o do jornal O Estado de S. Paulo e Estad\u00e3o Conte\u00fado)<\/p>\n\n\n\t<p>\n\t\t<a href=\"https:\/\/lp2.suno.com.br\/cl\/black-friday-2025\/?utm_campaign=_SNCDF0E4858_\" target=\"_blank\" data-element=\"shortcode-suno-banner\" title=\"Banner SUNO, clique e saiba mais\">\n\t\t\t<picture>\n\t\t\t\t<source media=\"(max-width: 500px)\" srcset=\"https:\/\/files.sunoresearch.com.br\/n\/uploads\/2025\/10\/Artigos-e-Noticias-Banner-Home-artigos-01-Mobile_-400x300-1-png.webp\">\n\t\t\t\t<img class=\"newsContent__article__imgCapa newsContent__article__imgCapa--banner\"\n\t\t\t\t\tsrc=\"https:\/\/files.sunoresearch.com.br\/n\/uploads\/2025\/10\/Artigos-e-Noticias-Banner-Home-artigos-01-Desktop_-1420x240-1-png.webp\"\n\t\t\t\t\tdata-promo-id=\"311259\"\t\t\t\t\t\t\t\t\t\twidth='1420' height='240'\t\t\t\t\talt=\"https:\/\/files.sunoresearch.com.br\/n\/uploads\/2025\/10\/Artigos-e-Noticias-Banner-Home-artigos-01-Desktop_-1420x240-1-png.webp\"\n\t\t\t\t>\n\t\t\t<\/picture>\n\t\t<\/a>\n\t<\/p>\n\n\n","protected":false},"excerpt":{"rendered":"<p>O mercado ajustou nesta sexta, 1\u00ba, suas proje\u00e7\u00f5es para o crescimento do Produto Interno Bruto (PIB) em 2024, com a mediana saindo de 1,7% para 1,8%, mostra pesquisa feita pelo Proje\u00e7\u00f5es Broadcast (sistema de not\u00edcias em tempo real do Grupo Estado). J\u00e1 a estimativa para o crescimento da economia brasileira no primeiro trimestre permaneceu inalterada, [&hellip;]<\/p>\n","protected":false},"author":173,"featured_media":411896,"comment_status":"closed","ping_status":"closed","sticky":false,"template":"","format":"standard","meta":[],"categories":[64],"tags":[807],"suno_strategy":[],"class_list":["post-529017","post","type-post","status-publish","format-standard","has-post-thumbnail","hentry","category-negocios","tag-produto-interno-bruto-pib"],"yoast_head":"<!-- This site is optimized with the Yoast SEO plugin v24.4 - https:\/\/yoast.com\/wordpress\/plugins\/seo\/ -->\n<title>Mercado faz nova previs\u00e3o para o PIB em 2024; veja a proje\u00e7\u00e3o<\/title>\n<meta name=\"description\" content=\"Com o corte de juros no radar, o mercado j\u00e1 fez uma nova previs\u00e3o para o PIB no ano de 2024. Veja qual \u00e9 a proje\u00e7\u00e3o atual.\" \/>\n<meta name=\"robots\" content=\"index, follow, max-snippet:-1, max-image-preview:large, max-video-preview:-1\" \/>\n<link rel=\"canonical\" href=\"https:\/\/www.suno.com.br\/noticias\/mercado-projecao-pib-em-2024-jvj\/\" \/>\n<meta property=\"og:locale\" content=\"pt_BR\" \/>\n<meta property=\"og:type\" content=\"article\" \/>\n<meta property=\"og:title\" content=\"Mercado faz nova previs\u00e3o para o PIB em 2024; veja a proje\u00e7\u00e3o\" \/>\n<meta property=\"og:description\" content=\"Com o corte de juros no radar, o mercado j\u00e1 fez uma nova previs\u00e3o para o PIB no ano de 2024. Veja qual \u00e9 a proje\u00e7\u00e3o atual.\" \/>\n<meta property=\"og:url\" content=\"https:\/\/www.suno.com.br\/noticias\/mercado-projecao-pib-em-2024-jvj\/\" \/>\n<meta property=\"og:site_name\" content=\"Suno Not\u00edcias\" \/>\n<meta property=\"article:publisher\" content=\"https:\/\/facebook.com\/sunoresearch\" \/>\n<meta property=\"og:image\" content=\"https:\/\/files.sunoresearch.com.br\/n\/uploads\/2023\/06\/PIB.jpg\" \/>\n\t<meta property=\"og:image:width\" content=\"1280\" \/>\n\t<meta property=\"og:image:height\" content=\"853\" \/>\n\t<meta property=\"og:image:type\" content=\"image\/jpeg\" \/>\n<meta name=\"author\" content=\"Jo\u00e3o Vitor\" \/>\n<meta name=\"twitter:card\" content=\"summary_large_image\" \/>\n<meta name=\"twitter:creator\" content=\"@sunoresearch\" \/>\n<meta name=\"twitter:site\" content=\"@sunoresearch\" \/>\n<meta name=\"twitter:label1\" content=\"Escrito por\" \/>\n\t<meta name=\"twitter:data1\" content=\"Jo\u00e3o Vitor\" \/>\n\t<meta name=\"twitter:label2\" content=\"Est. tempo de leitura\" \/>\n\t<meta name=\"twitter:data2\" content=\"3 minutos\" \/>\n<script type=\"application\/ld+json\" class=\"yoast-schema-graph\">{\"@context\":\"https:\/\/schema.org\",\"@graph\":[{\"@type\":\"NewsArticle\",\"@id\":\"https:\/\/www.suno.com.br\/noticias\/mercado-projecao-pib-em-2024-jvj\/#article\",\"isPartOf\":{\"@id\":\"https:\/\/www.suno.com.br\/noticias\/mercado-projecao-pib-em-2024-jvj\/\"},\"author\":{\"name\":\"Jo\u00e3o Vitor\",\"@id\":\"https:\/\/www.suno.com.br\/noticias\/#\/schema\/person\/87fc6973867c52dd884811905c43afba\"},\"headline\":\"Com corte de juros no radar, mercado faz nova previs\u00e3o para o PIB em 2024; veja a proje\u00e7\u00e3o atual\",\"datePublished\":\"2024-03-02T16:04:00+00:00\",\"dateModified\":\"2024-03-02T16:04:03+00:00\",\"mainEntityOfPage\":{\"@id\":\"https:\/\/www.suno.com.br\/noticias\/mercado-projecao-pib-em-2024-jvj\/\"},\"wordCount\":406,\"publisher\":{\"@id\":\"https:\/\/www.suno.com.br\/noticias\/#organization\"},\"image\":{\"@id\":\"https:\/\/www.suno.com.br\/noticias\/mercado-projecao-pib-em-2024-jvj\/#primaryimage\"},\"thumbnailUrl\":\"https:\/\/files.sunoresearch.com.br\/n\/uploads\/2023\/06\/PIB.jpg\",\"keywords\":[\"Produto Interno Bruto (PIB)\"],\"articleSection\":[\"Neg\u00f3cios\"],\"inLanguage\":\"pt-BR\"},{\"@type\":\"WebPage\",\"@id\":\"https:\/\/www.suno.com.br\/noticias\/mercado-projecao-pib-em-2024-jvj\/\",\"url\":\"https:\/\/www.suno.com.br\/noticias\/mercado-projecao-pib-em-2024-jvj\/\",\"name\":\"Mercado faz nova previs\u00e3o para o PIB em 2024; veja a proje\u00e7\u00e3o\",\"isPartOf\":{\"@id\":\"https:\/\/www.suno.com.br\/noticias\/#website\"},\"primaryImageOfPage\":{\"@id\":\"https:\/\/www.suno.com.br\/noticias\/mercado-projecao-pib-em-2024-jvj\/#primaryimage\"},\"image\":{\"@id\":\"https:\/\/www.suno.com.br\/noticias\/mercado-projecao-pib-em-2024-jvj\/#primaryimage\"},\"thumbnailUrl\":\"https:\/\/files.sunoresearch.com.br\/n\/uploads\/2023\/06\/PIB.jpg\",\"datePublished\":\"2024-03-02T16:04:00+00:00\",\"dateModified\":\"2024-03-02T16:04:03+00:00\",\"description\":\"Com o corte de juros no radar, o mercado j\u00e1 fez uma nova previs\u00e3o para o PIB no ano de 2024. Veja qual \u00e9 a proje\u00e7\u00e3o atual.\",\"breadcrumb\":{\"@id\":\"https:\/\/www.suno.com.br\/noticias\/mercado-projecao-pib-em-2024-jvj\/#breadcrumb\"},\"inLanguage\":\"pt-BR\",\"potentialAction\":[{\"@type\":\"ReadAction\",\"target\":[\"https:\/\/www.suno.com.br\/noticias\/mercado-projecao-pib-em-2024-jvj\/\"]}]},{\"@type\":\"ImageObject\",\"inLanguage\":\"pt-BR\",\"@id\":\"https:\/\/www.suno.com.br\/noticias\/mercado-projecao-pib-em-2024-jvj\/#primaryimage\",\"url\":\"https:\/\/files.sunoresearch.com.br\/n\/uploads\/2023\/06\/PIB.jpg\",\"contentUrl\":\"https:\/\/files.sunoresearch.com.br\/n\/uploads\/2023\/06\/PIB.jpg\",\"width\":1280,\"height\":853,\"caption\":\"Economista do JPMorgan prev\u00ea crescimento do PIB brasileiro em 2025. Foto: Pixabay\"},{\"@type\":\"BreadcrumbList\",\"@id\":\"https:\/\/www.suno.com.br\/noticias\/mercado-projecao-pib-em-2024-jvj\/#breadcrumb\",\"itemListElement\":[{\"@type\":\"ListItem\",\"position\":1,\"name\":\"Not\u00edcias\",\"item\":\"https:\/\/www.suno.com.br\/noticias\/\"},{\"@type\":\"ListItem\",\"position\":2,\"name\":\"Neg\u00f3cios\",\"item\":\"https:\/\/www.suno.com.br\/noticias\/negocios\/\"},{\"@type\":\"ListItem\",\"position\":3,\"name\":\"Com corte de juros no radar, mercado faz nova previs\u00e3o para o PIB em 2024; veja a proje\u00e7\u00e3o atual\"}]},{\"@type\":\"WebSite\",\"@id\":\"https:\/\/www.suno.com.br\/noticias\/#website\",\"url\":\"https:\/\/www.suno.com.br\/noticias\/\",\"name\":\"Suno Not\u00edcias\",\"description\":\"Seu portal de informa\u00e7\u00e3o sobre o mundo dos investimentos\",\"publisher\":{\"@id\":\"https:\/\/www.suno.com.br\/noticias\/#organization\"},\"potentialAction\":[{\"@type\":\"SearchAction\",\"target\":{\"@type\":\"EntryPoint\",\"urlTemplate\":\"https:\/\/www.suno.com.br\/noticias\/?s={search_term_string}\"},\"query-input\":{\"@type\":\"PropertyValueSpecification\",\"valueRequired\":true,\"valueName\":\"search_term_string\"}}],\"inLanguage\":\"pt-BR\"},{\"@type\":\"Organization\",\"@id\":\"https:\/\/www.suno.com.br\/noticias\/#organization\",\"name\":\"Suno Not\u00edcias\",\"url\":\"https:\/\/www.suno.com.br\/noticias\/\",\"logo\":{\"@type\":\"ImageObject\",\"inLanguage\":\"pt-BR\",\"@id\":\"https:\/\/www.suno.com.br\/noticias\/#\/schema\/logo\/image\/\",\"url\":\"https:\/\/files.sunoresearch.com.br\/n\/uploads\/2021\/09\/suno-logo.png\",\"contentUrl\":\"https:\/\/files.sunoresearch.com.br\/n\/uploads\/2021\/09\/suno-logo.png\",\"width\":180,\"height\":180,\"caption\":\"Suno Not\u00edcias\"},\"image\":{\"@id\":\"https:\/\/www.suno.com.br\/noticias\/#\/schema\/logo\/image\/\"},\"sameAs\":[\"https:\/\/facebook.com\/sunoresearch\",\"https:\/\/x.com\/sunoresearch\",\"https:\/\/www.instagram.com\/suno\",\"https:\/\/www.linkedin.com\/company\/suno-research\/\",\"https:\/\/www.youtube.com\/c\/sunoresearch\"]},{\"@type\":\"Person\",\"@id\":\"https:\/\/www.suno.com.br\/noticias\/#\/schema\/person\/87fc6973867c52dd884811905c43afba\",\"name\":\"Jo\u00e3o Vitor\",\"image\":{\"@type\":\"ImageObject\",\"inLanguage\":\"pt-BR\",\"@id\":\"https:\/\/www.suno.com.br\/noticias\/#\/schema\/person\/image\/\",\"url\":\"https:\/\/secure.gravatar.com\/avatar\/2843227ca03ccf8cc7ccca45204c127e?s=96&r=g\",\"contentUrl\":\"https:\/\/secure.gravatar.com\/avatar\/2843227ca03ccf8cc7ccca45204c127e?s=96&r=g\",\"caption\":\"Jo\u00e3o Vitor\"},\"description\":\"Redator profissional, com atua\u00e7\u00e3o no mercado editorial na produ\u00e7\u00e3o de not\u00edcias e conte\u00fados sobre o mercado de a\u00e7\u00f5es, fundos imobili\u00e1rios e economia popular. Graduando em Engenharia Qu\u00edmica pela Unesp, tamb\u00e9m j\u00e1 atuou como consultor financeiro.\",\"url\":\"https:\/\/www.suno.com.br\/noticias\/author\/joao-vitor-jacintho\/\"}]}<\/script>\n<!-- \/ Yoast SEO plugin. -->","yoast_head_json":{"title":"Mercado faz nova previs\u00e3o para o PIB em 2024; veja a proje\u00e7\u00e3o","description":"Com o corte de juros no radar, o mercado j\u00e1 fez uma nova previs\u00e3o para o PIB no ano de 2024. Veja qual \u00e9 a proje\u00e7\u00e3o atual.","robots":{"index":"index","follow":"follow","max-snippet":"max-snippet:-1","max-image-preview":"max-image-preview:large","max-video-preview":"max-video-preview:-1"},"canonical":"https:\/\/www.suno.com.br\/noticias\/mercado-projecao-pib-em-2024-jvj\/","og_locale":"pt_BR","og_type":"article","og_title":"Mercado faz nova previs\u00e3o para o PIB em 2024; veja a proje\u00e7\u00e3o","og_description":"Com o corte de juros no radar, o mercado j\u00e1 fez uma nova previs\u00e3o para o PIB no ano de 2024. Veja qual \u00e9 a proje\u00e7\u00e3o atual.","og_url":"https:\/\/www.suno.com.br\/noticias\/mercado-projecao-pib-em-2024-jvj\/","og_site_name":"Suno Not\u00edcias","article_publisher":"https:\/\/facebook.com\/sunoresearch","og_image":[{"width":1280,"height":853,"url":"https:\/\/files.sunoresearch.com.br\/n\/uploads\/2023\/06\/PIB.jpg","type":"image\/jpeg"}],"author":"Jo\u00e3o Vitor","twitter_card":"summary_large_image","twitter_creator":"@sunoresearch","twitter_site":"@sunoresearch","twitter_misc":{"Escrito por":"Jo\u00e3o Vitor","Est. tempo de leitura":"3 minutos"},"schema":{"@context":"https:\/\/schema.org","@graph":[{"@type":"NewsArticle","@id":"https:\/\/www.suno.com.br\/noticias\/mercado-projecao-pib-em-2024-jvj\/#article","isPartOf":{"@id":"https:\/\/www.suno.com.br\/noticias\/mercado-projecao-pib-em-2024-jvj\/"},"author":{"name":"Jo\u00e3o Vitor","@id":"https:\/\/www.suno.com.br\/noticias\/#\/schema\/person\/87fc6973867c52dd884811905c43afba"},"headline":"Com corte de juros no radar, mercado faz nova previs\u00e3o para o PIB em 2024; veja a proje\u00e7\u00e3o atual","datePublished":"2024-03-02T16:04:00+00:00","dateModified":"2024-03-02T16:04:03+00:00","mainEntityOfPage":{"@id":"https:\/\/www.suno.com.br\/noticias\/mercado-projecao-pib-em-2024-jvj\/"},"wordCount":406,"publisher":{"@id":"https:\/\/www.suno.com.br\/noticias\/#organization"},"image":{"@id":"https:\/\/www.suno.com.br\/noticias\/mercado-projecao-pib-em-2024-jvj\/#primaryimage"},"thumbnailUrl":"https:\/\/files.sunoresearch.com.br\/n\/uploads\/2023\/06\/PIB.jpg","keywords":["Produto Interno Bruto (PIB)"],"articleSection":["Neg\u00f3cios"],"inLanguage":"pt-BR"},{"@type":"WebPage","@id":"https:\/\/www.suno.com.br\/noticias\/mercado-projecao-pib-em-2024-jvj\/","url":"https:\/\/www.suno.com.br\/noticias\/mercado-projecao-pib-em-2024-jvj\/","name":"Mercado faz nova previs\u00e3o para o PIB em 2024; veja a proje\u00e7\u00e3o","isPartOf":{"@id":"https:\/\/www.suno.com.br\/noticias\/#website"},"primaryImageOfPage":{"@id":"https:\/\/www.suno.com.br\/noticias\/mercado-projecao-pib-em-2024-jvj\/#primaryimage"},"image":{"@id":"https:\/\/www.suno.com.br\/noticias\/mercado-projecao-pib-em-2024-jvj\/#primaryimage"},"thumbnailUrl":"https:\/\/files.sunoresearch.com.br\/n\/uploads\/2023\/06\/PIB.jpg","datePublished":"2024-03-02T16:04:00+00:00","dateModified":"2024-03-02T16:04:03+00:00","description":"Com o corte de juros no radar, o mercado j\u00e1 fez uma nova previs\u00e3o para o PIB no ano de 2024. Veja qual \u00e9 a proje\u00e7\u00e3o atual.","breadcrumb":{"@id":"https:\/\/www.suno.com.br\/noticias\/mercado-projecao-pib-em-2024-jvj\/#breadcrumb"},"inLanguage":"pt-BR","potentialAction":[{"@type":"ReadAction","target":["https:\/\/www.suno.com.br\/noticias\/mercado-projecao-pib-em-2024-jvj\/"]}]},{"@type":"ImageObject","inLanguage":"pt-BR","@id":"https:\/\/www.suno.com.br\/noticias\/mercado-projecao-pib-em-2024-jvj\/#primaryimage","url":"https:\/\/files.sunoresearch.com.br\/n\/uploads\/2023\/06\/PIB.jpg","contentUrl":"https:\/\/files.sunoresearch.com.br\/n\/uploads\/2023\/06\/PIB.jpg","width":1280,"height":853,"caption":"Economista do JPMorgan prev\u00ea crescimento do PIB brasileiro em 2025. Foto: Pixabay"},{"@type":"BreadcrumbList","@id":"https:\/\/www.suno.com.br\/noticias\/mercado-projecao-pib-em-2024-jvj\/#breadcrumb","itemListElement":[{"@type":"ListItem","position":1,"name":"Not\u00edcias","item":"https:\/\/www.suno.com.br\/noticias\/"},{"@type":"ListItem","position":2,"name":"Neg\u00f3cios","item":"https:\/\/www.suno.com.br\/noticias\/negocios\/"},{"@type":"ListItem","position":3,"name":"Com corte de juros no radar, mercado faz nova previs\u00e3o para o PIB em 2024; veja a proje\u00e7\u00e3o atual"}]},{"@type":"WebSite","@id":"https:\/\/www.suno.com.br\/noticias\/#website","url":"https:\/\/www.suno.com.br\/noticias\/","name":"Suno Not\u00edcias","description":"Seu portal de informa\u00e7\u00e3o sobre o mundo dos investimentos","publisher":{"@id":"https:\/\/www.suno.com.br\/noticias\/#organization"},"potentialAction":[{"@type":"SearchAction","target":{"@type":"EntryPoint","urlTemplate":"https:\/\/www.suno.com.br\/noticias\/?s={search_term_string}"},"query-input":{"@type":"PropertyValueSpecification","valueRequired":true,"valueName":"search_term_string"}}],"inLanguage":"pt-BR"},{"@type":"Organization","@id":"https:\/\/www.suno.com.br\/noticias\/#organization","name":"Suno Not\u00edcias","url":"https:\/\/www.suno.com.br\/noticias\/","logo":{"@type":"ImageObject","inLanguage":"pt-BR","@id":"https:\/\/www.suno.com.br\/noticias\/#\/schema\/logo\/image\/","url":"https:\/\/files.sunoresearch.com.br\/n\/uploads\/2021\/09\/suno-logo.png","contentUrl":"https:\/\/files.sunoresearch.com.br\/n\/uploads\/2021\/09\/suno-logo.png","width":180,"height":180,"caption":"Suno Not\u00edcias"},"image":{"@id":"https:\/\/www.suno.com.br\/noticias\/#\/schema\/logo\/image\/"},"sameAs":["https:\/\/facebook.com\/sunoresearch","https:\/\/x.com\/sunoresearch","https:\/\/www.instagram.com\/suno","https:\/\/www.linkedin.com\/company\/suno-research\/","https:\/\/www.youtube.com\/c\/sunoresearch"]},{"@type":"Person","@id":"https:\/\/www.suno.com.br\/noticias\/#\/schema\/person\/87fc6973867c52dd884811905c43afba","name":"Jo\u00e3o Vitor","image":{"@type":"ImageObject","inLanguage":"pt-BR","@id":"https:\/\/www.suno.com.br\/noticias\/#\/schema\/person\/image\/","url":"https:\/\/secure.gravatar.com\/avatar\/2843227ca03ccf8cc7ccca45204c127e?s=96&r=g","contentUrl":"https:\/\/secure.gravatar.com\/avatar\/2843227ca03ccf8cc7ccca45204c127e?s=96&r=g","caption":"Jo\u00e3o Vitor"},"description":"Redator profissional, com atua\u00e7\u00e3o no mercado editorial na produ\u00e7\u00e3o de not\u00edcias e conte\u00fados sobre o mercado de a\u00e7\u00f5es, fundos imobili\u00e1rios e economia popular. Graduando em Engenharia Qu\u00edmica pela Unesp, tamb\u00e9m j\u00e1 atuou como consultor financeiro.","url":"https:\/\/www.suno.com.br\/noticias\/author\/joao-vitor-jacintho\/"}]}},"default_loop_html":"<div class=\"cardsPage__listCard__boxs\"><div class=\"cardsPage__listCard__boxs__img\"><a href=\"https:\/\/www.suno.com.br\/noticias\/mercado-projecao-pib-em-2024-jvj\/\"><img class=\"mask\" src=\"https:\/\/www.suno.com.br\/noticias\/wp-content\/themes\/suno\/resources\/images\/spotlight\/spotlight1img\/bg-mask.png\" alt=\"Image Mask\"\/><img src=\"https:\/\/files.sunoresearch.com.br\/n\/uploads\/2023\/06\/PIB-400x200.jpg\" alt=\"Com corte de juros no radar, mercado faz nova previs\u00e3o para o PIB em 2024; veja a proje\u00e7\u00e3o atual\"\/><\/a><span class=\"spotlightCategory\"><a href=\"https:\/\/www.suno.com.br\/noticias\/negocios\/\">Neg\u00f3cios<\/a><\/span><\/div><div class=\"cardsPage__listCard__boxs__content\"><a href=\"https:\/\/www.suno.com.br\/noticias\/mercado-projecao-pib-em-2024-jvj\/\"><h2 class=\"content__title\">Com corte de juros no radar, mercado faz nova previs\u00e3o para o PIB em 2024; veja a proje\u00e7\u00e3o atual<\/h2><\/a><div class=\"newsContent__article__meta\"><div class=\"newsContent__article__meta__authorBox\"><a href=\"https:\/\/www.suno.com.br\/noticias\/author\/joao-vitor-jacintho\/\" class=\"authorBox__avatar noMobi\"><img src=\"https:\/\/secure.gravatar.com\/avatar\/2843227ca03ccf8cc7ccca45204c127e?s=96&#038;r=g\" alt=\"Jo\u00e3o Vitor Jacintho\"><\/a><div class=\"authorBox__name\"><span>por\n\t\t\t<a href=\"https:\/\/www.suno.com.br\/noticias\/author\/joao-vitor-jacintho\/\"><span itemprop=\"author\">Jo\u00e3o Vitor Jacintho<\/span><\/a><\/span><time datetime=\"2024-03-02T13:04:00-03:00\" itemprop=\"datePublished\">02\/03\/2024 13:04<\/time><\/div><\/div><\/div><\/div><\/div>","single_layout":"posts","amp_enabled":true,"_links":{"self":[{"href":"https:\/\/www.suno.com.br\/noticias\/wp-json\/wp\/v2\/posts\/529017"}],"collection":[{"href":"https:\/\/www.suno.com.br\/noticias\/wp-json\/wp\/v2\/posts"}],"about":[{"href":"https:\/\/www.suno.com.br\/noticias\/wp-json\/wp\/v2\/types\/post"}],"author":[{"embeddable":true,"href":"https:\/\/www.suno.com.br\/noticias\/wp-json\/wp\/v2\/users\/173"}],"replies":[{"embeddable":true,"href":"https:\/\/www.suno.com.br\/noticias\/wp-json\/wp\/v2\/comments?post=529017"}],"version-history":[{"count":3,"href":"https:\/\/www.suno.com.br\/noticias\/wp-json\/wp\/v2\/posts\/529017\/revisions"}],"predecessor-version":[{"id":529043,"href":"https:\/\/www.suno.com.br\/noticias\/wp-json\/wp\/v2\/posts\/529017\/revisions\/529043"}],"wp:featuredmedia":[{"embeddable":true,"href":"https:\/\/www.suno.com.br\/noticias\/wp-json\/wp\/v2\/media\/411896"}],"wp:attachment":[{"href":"https:\/\/www.suno.com.br\/noticias\/wp-json\/wp\/v2\/media?parent=529017"}],"wp:term":[{"taxonomy":"category","embeddable":true,"href":"https:\/\/www.suno.com.br\/noticias\/wp-json\/wp\/v2\/categories?post=529017"},{"taxonomy":"post_tag","embeddable":true,"href":"https:\/\/www.suno.com.br\/noticias\/wp-json\/wp\/v2\/tags?post=529017"},{"taxonomy":"suno_strategy","embeddable":true,"href":"https:\/\/www.suno.com.br\/noticias\/wp-json\/wp\/v2\/suno_strategy?post=529017"}],"curies":[{"name":"wp","href":"https:\/\/api.w.org\/{rel}","templated":true}]}}