{"id":528997,"date":"2024-03-01T23:01:33","date_gmt":"2024-03-02T02:01:33","guid":{"rendered":"https:\/\/www.suno.com.br\/noticias\/?p=528997"},"modified":"2024-03-01T23:19:59","modified_gmt":"2024-03-02T02:19:59","slug":"cmn-ajusta-cris-cras-certificados-imobiliarios-agricolas","status":"publish","type":"post","link":"https:\/\/www.suno.com.br\/noticias\/cmn-ajusta-cris-cras-certificados-imobiliarios-agricolas\/","title":{"rendered":"CRIs e CRAs: governo ajusta resolu\u00e7\u00e3o sobre emiss\u00f5es de certificados imobili\u00e1rios e agr\u00edcolas"},"content":{"rendered":"<p>Contratos comerciais, como duplicatas, loca\u00e7\u00e3o, compra e venda de im\u00f3veis podem ser usados como lastro (garantia de valor) para emiss\u00f5es dos <a class=\"suno-keyword\" target=\"_blank\" data-force=\"no\" data-priority=\"1\" href=\"https:\/\/www.suno.com.br\/artigos\/certificados-recebiveis-imobiliarios\/\" rel=\"noopener\">Certificados de Receb\u00edveis Imobili\u00e1rios<\/a> (CRI) e do Agroneg\u00f3cio (CRA). Em reuni\u00e3o extraordin\u00e1ria nesta sexta-feira (1\u00ba), o Conselho Monet\u00e1rio Nacional (<strong>CMN<\/strong>) ajustou a resolu\u00e7\u00e3o do in\u00edcio de fevereiro que mudou as regras de t\u00edtulos agr\u00edcolas e imobili\u00e1rios.<\/p>\t<div class=\"wrapper-featured-image\">\n\t\t<figure class=\"spotlightImg\">\n\n\t\t\t<picture>\n\t\t\t\t<source media=\"(max-width: 768px)\" srcset=\"https:\/\/files.sunoresearch.com.br\/n\/uploads\/2020\/09\/5d0414ff-economia-400x200.webp\">\n\t\t\t\t<img loading=\"lazy\" decoding=\"async\" class=\"newsContent__article__imgCapa lazyloadDisabled \" src=\"https:\/\/files.sunoresearch.com.br\/n\/uploads\/2020\/09\/5d0414ff-economia-800x450.webp\" width=\"800\" height=\"450\" alt=\"CRIs e CRAs: governo ajusta resolu\u00e7\u00e3o sobre emiss\u00f5es de certificados imobili\u00e1rios e agr\u00edcolas\" fetchpriority=high \/>\n\t\t\t<\/picture>\n\n\t\t\t<figcaption class=\"wp-caption-text wp-caption-text--show\">CMN muda regras de emiss\u00f5es para CRIs e CRAs; Foto:Pexels.<\/figcaption>\n\t\t<\/figure>\n\t<\/div>\n\n\n\n\n\n\t<p>\n\t\t<a href=\"\" target=\"_blank\" data-element=\"shortcode-suno-banner\" title=\"Banner SUNO, clique e saiba mais\">\n\t\t\t<picture>\n\t\t\t\t<source media=\"(max-width: 500px)\" srcset=\"\">\n\t\t\t\t<img class=\"newsContent__article__imgCapa newsContent__article__imgCapa--banner\"\n\t\t\t\t\tsrc=\"\"\n\t\t\t\t\tdata-promo-id=\"240038\"\t\t\t\t\t\t\t\t\t\t\t\t\t\t\talt=\"\"\n\t\t\t\t>\n\t\t\t<\/picture>\n\t\t<\/a>\n\t<\/p>\n\n\n\n\n\n\n\n<p>Em nota, o <strong>Minist\u00e9rio da Fazenda<\/strong> informou que a proibi\u00e7\u00e3o de que opera\u00e7\u00f5es n\u00e3o relacionadas aos <strong>empreendimentos agropecu\u00e1rios e imobili\u00e1rios<\/strong> sirvam como lastro vale apenas para instrumentos de \u201cnatureza estritamente financeira\u201d, sem afetar os contratos comerciais. A resolu\u00e7\u00e3o do m\u00eas passado restringiu as emiss\u00f5es de t\u00edtulos agr\u00edcolas e imobili\u00e1rios porque esses pap\u00e9is estavam financiando projetos n\u00e3o diretamente ligados \u00e0s duas \u00e1reas e serviam de instrumento para empresas deixarem de pagar <a class=\"suno-keyword\" target=\"_blank\" data-force=\"no\" data-priority=\"2\" href=\"https:\/\/www.suno.com.br\/guias\/imposto-de-renda-guia\/\" rel=\"noopener\">Imposto de Renda<\/a>.<\/p>\n\n\n\n<h2 class=\"wp-block-heading\">CMN: outras altera\u00e7\u00f5es<\/h2>\n\n\n\n<p>A segunda<strong> altera\u00e7\u00e3o do CMN <\/strong>esclareceu que os t\u00edtulos de d\u00edvida cujos emissores n\u00e3o sejam caracterizados como devedores, codevedores ou garantidores podem ser usados como lastro do <strong>CRA<\/strong> e do <strong>CRI<\/strong>. O Minist\u00e9rio da Fazenda informou que a proibi\u00e7\u00e3o dessa pr\u00e1tica prejudicaria a <a class=\"suno-keyword\" target=\"_blank\" data-force=\"no\" data-priority=\"1\" href=\"https:\/\/www.suno.com.br\/artigos\/cedula-de-credito-imobiliario\/\" rel=\"noopener\">C\u00e9dula de Cr\u00e9dito Imobili\u00e1rio<\/a> (CCI), t\u00edtulo privado emitido por um credor imobili\u00e1rio.<\/p>\n\n\n\n<p>Diferentemente das Letras de Cr\u00e9dito Imobili\u00e1rio (<strong>LCI)<\/strong> e do Agroneg\u00f3cio (<strong>LCA<\/strong>) e das Letras Imobili\u00e1rias Garantidas (LIG), emitidas por <a class=\"suno-keyword\" target=\"_blank\" data-force=\"no\" data-priority=\"1\" href=\"https:\/\/www.suno.com.br\/artigos\/instituicoes-financeiras\/\" rel=\"noopener\">institui\u00e7\u00f5es financeiras<\/a>, o CRI e o CRA s\u00e3o emitidos por companhias securitizadoras (de convers\u00e3o de pap\u00e9is) e envolvem a convers\u00e3o de contratos comerciais. Os tr\u00eas primeiros instrumentos s\u00e3o isentos de Imposto de Renda e t\u00eam garantias caso a institui\u00e7\u00e3o financeira quebre. O CRA e o CRI n\u00e3o s\u00e3o garantidos, com o comprador assumindo o risco de a companhia quebrar.<\/p>\n\n\n\n<p>O \u00faltimo ajuste, informou o Minist\u00e9rio da Fazenda, restringiu a aplica\u00e7\u00e3o das proibi\u00e7\u00f5es da resolu\u00e7\u00e3o de fevereiro a \u201cinstitui\u00e7\u00f5es financeiras ou entidades autorizadas a funcionar pelo <strong>Banco Central<\/strong> do Brasil, entidades que integram conglomerado prudencial, ou suas respectivas controladas\u201d.<\/p>\n\n\n\n<p>No comunicado, o Minist\u00e9rio da Fazenda destacou que as altera\u00e7\u00f5es pretendem &#8220;harmonizar o entendimento dos agentes de mercado a respeito de aspectos relacionados aos lastros eleg\u00edveis&#8221; para as <strong>emiss\u00f5es de CRA e de CRI<\/strong>. \u201cO CMN buscou, com isso, reafirmar a possibilidade de empresas t\u00edpicas do agroneg\u00f3cio ou do setor imobili\u00e1rio, as quais n\u00e3o possuam liga\u00e7\u00e3o direta com institui\u00e7\u00f5es do sistema financeiro, realizarem opera\u00e7\u00f5es de securitiza\u00e7\u00e3o por meio de CRA e CRI\u201d, explicou a pasta.<\/p>\n\n\n\t<p>\n\t\t<a href=\"https:\/\/lp.suno.com.br\/ebook-gratuito-investindo-no-exterior\/\" target=\"_blank\" data-element=\"shortcode-suno-banner\" title=\"Banner SUNO, clique e saiba mais\">\n\t\t\t<picture>\n\t\t\t\t<source media=\"(max-width: 500px)\" srcset=\"https:\/\/files.sunoresearch.com.br\/n\/uploads\/2023\/03\/400x300-Investindo-no-exterior.png\">\n\t\t\t\t<img class=\"newsContent__article__imgCapa newsContent__article__imgCapa--banner\"\n\t\t\t\t\tsrc=\"https:\/\/files.sunoresearch.com.br\/n\/uploads\/2023\/03\/1420x240-Investindo-no-exterior.png\"\n\t\t\t\t\tdata-promo-id=\"383161\"\t\t\t\t\t\t\t\t\t\twidth='1420' height='240'\t\t\t\t\talt=\"https:\/\/files.sunoresearch.com.br\/n\/uploads\/2023\/03\/1420x240-Investindo-no-exterior.png\"\n\t\t\t\t>\n\t\t\t<\/picture>\n\t\t<\/a>\n\t<\/p>\n\n\n\n\n\n<h2 class=\"wp-block-heading\">Cancelamento<\/h2>\n\n\n\n<p>As<strong> mudan\u00e7as aprovadas pelo CMN<\/strong> entram em vigor imediatamente. \u00d3rg\u00e3o que re\u00fane os ministros da Fazenda, do Planejamento e o presidente do Banco Central, o CMN deveria ter realizado a reuni\u00e3o ordin\u00e1ria de fevereiro nesta quinta-feira (29), mas o encontro foi cancelado \u201cpor falta de assunto\u201d. Nesta semana, o ministro da Fazenda, Fernando Haddad, e o presidente do Banco Central, <a class=\"suno-keyword\" target=\"_blank\" data-force=\"no\" data-priority=\"2\" href=\"https:\/\/www.suno.com.br\/tudo-sobre\/roberto-campos-neto\/\" rel=\"noopener\">Roberto Campos Neto<\/a>, participaram da reuni\u00e3o de ministros das Finan\u00e7as do G20, grupo que re\u00fane as 20 maiores economias do planeta. A ministra do Planejamento, Simone Tebet, viajou com o presidente Luiz In\u00e1cio Lula da Silva para a Guiana.<\/p>\n\n\n\n<p><em>Com Ag\u00eancia Brasil<\/em><\/p>\n\n\n\t<p>\n\t\t<a href=\"https:\/\/lp.suno.com.br\/planilha-da-vida-financeira\/\" target=\"_blank\" data-element=\"shortcode-suno-banner\" title=\"Banner SUNO, clique e saiba mais\">\n\t\t\t<picture>\n\t\t\t\t<source media=\"(max-width: 500px)\" srcset=\"https:\/\/files.sunoresearch.com.br\/n\/uploads\/2023\/04\/400x300-Planilha-vida-financeira-true.png\">\n\t\t\t\t<img class=\"newsContent__article__imgCapa newsContent__article__imgCapa--banner\"\n\t\t\t\t\tsrc=\"https:\/\/files.sunoresearch.com.br\/n\/uploads\/2023\/04\/1420x240-Planilha-vida-financeira-true.png\"\n\t\t\t\t\tdata-promo-id=\"383123\"\t\t\t\t\t\t\t\t\t\twidth='1420' height='240'\t\t\t\t\talt=\"https:\/\/files.sunoresearch.com.br\/n\/uploads\/2023\/04\/1420x240-Planilha-vida-financeira-true.png\"\n\t\t\t\t>\n\t\t\t<\/picture>\n\t\t<\/a>\n\t<\/p>\n\n\n","protected":false},"excerpt":{"rendered":"<p>Contratos comerciais, como duplicatas, loca\u00e7\u00e3o, compra e venda de im\u00f3veis podem ser usados como lastro (garantia de valor) para emiss\u00f5es dos Certificados de Receb\u00edveis Imobili\u00e1rios (CRI) e do Agroneg\u00f3cio (CRA). Em reuni\u00e3o extraordin\u00e1ria nesta sexta-feira (1\u00ba), o Conselho Monet\u00e1rio Nacional (CMN) ajustou a resolu\u00e7\u00e3o do in\u00edcio de fevereiro que mudou as regras de t\u00edtulos agr\u00edcolas [&hellip;]<\/p>\n","protected":false},"author":98,"featured_media":87408,"comment_status":"closed","ping_status":"closed","sticky":false,"template":"","format":"standard","meta":[],"categories":[62],"tags":[1842,1062,1897,106336],"suno_strategy":[],"class_list":["post-528997","post","type-post","status-publish","format-standard","has-post-thumbnail","hentry","category-economia","tag-banco-central-bc","tag-conselho-monetario-nacional-cmn","tag-cra","tag-cri"],"yoast_head":"<!-- This site is optimized with the Yoast SEO plugin v24.4 - https:\/\/yoast.com\/wordpress\/plugins\/seo\/ -->\n<title>CMN ajusta resolu\u00e7\u00e3o sobre certificados imobili\u00e1rios e agr\u00edcolas<\/title>\n<meta name=\"description\" content=\"O Conselho Monet\u00e1rio Nacional (CMN) ajustou a resolu\u00e7\u00e3o do in\u00edcio de fevereiro que mudou as regras de t\u00edtulos agr\u00edcolas e imobili\u00e1rios\" \/>\n<meta name=\"robots\" content=\"index, follow, max-snippet:-1, max-image-preview:large, max-video-preview:-1\" \/>\n<link rel=\"canonical\" href=\"https:\/\/www.suno.com.br\/noticias\/cmn-ajusta-cris-cras-certificados-imobiliarios-agricolas\/\" \/>\n<meta property=\"og:locale\" content=\"pt_BR\" \/>\n<meta property=\"og:type\" content=\"article\" \/>\n<meta property=\"og:title\" content=\"CMN ajusta resolu\u00e7\u00e3o sobre certificados imobili\u00e1rios e agr\u00edcolas\" \/>\n<meta property=\"og:description\" content=\"O Conselho Monet\u00e1rio Nacional (CMN) ajustou a resolu\u00e7\u00e3o do in\u00edcio de fevereiro que mudou as regras de t\u00edtulos agr\u00edcolas e imobili\u00e1rios\" \/>\n<meta property=\"og:url\" content=\"https:\/\/www.suno.com.br\/noticias\/cmn-ajusta-cris-cras-certificados-imobiliarios-agricolas\/\" \/>\n<meta property=\"og:site_name\" content=\"Suno Not\u00edcias\" \/>\n<meta property=\"article:publisher\" content=\"https:\/\/facebook.com\/sunoresearch\" \/>\n<meta property=\"og:image\" content=\"https:\/\/files.sunoresearch.com.br\/n\/uploads\/2020\/09\/5d0414ff-economia.jpg\" \/>\n\t<meta property=\"og:image:width\" content=\"1600\" \/>\n\t<meta property=\"og:image:height\" content=\"1066\" \/>\n\t<meta property=\"og:image:type\" content=\"image\/jpeg\" \/>\n<meta name=\"author\" content=\"Marco Ant\u00f4nio Lopes\" \/>\n<meta name=\"twitter:card\" content=\"summary_large_image\" \/>\n<meta name=\"twitter:creator\" content=\"@sunoresearch\" \/>\n<meta name=\"twitter:site\" content=\"@sunoresearch\" \/>\n<meta name=\"twitter:label1\" content=\"Escrito por\" \/>\n\t<meta name=\"twitter:data1\" content=\"Marco Ant\u00f4nio Lopes\" \/>\n\t<meta name=\"twitter:label2\" content=\"Est. tempo de leitura\" \/>\n\t<meta name=\"twitter:data2\" content=\"3 minutos\" \/>\n<script type=\"application\/ld+json\" class=\"yoast-schema-graph\">{\"@context\":\"https:\/\/schema.org\",\"@graph\":[{\"@type\":\"NewsArticle\",\"@id\":\"https:\/\/www.suno.com.br\/noticias\/cmn-ajusta-cris-cras-certificados-imobiliarios-agricolas\/#article\",\"isPartOf\":{\"@id\":\"https:\/\/www.suno.com.br\/noticias\/cmn-ajusta-cris-cras-certificados-imobiliarios-agricolas\/\"},\"author\":{\"name\":\"Marco Ant\u00f4nio Lopes\",\"@id\":\"https:\/\/www.suno.com.br\/noticias\/#\/schema\/person\/829bbe8d57f84333b966b96229c6bf5f\"},\"headline\":\"CRIs e CRAs: governo ajusta resolu\u00e7\u00e3o sobre emiss\u00f5es de certificados imobili\u00e1rios e agr\u00edcolas\",\"datePublished\":\"2024-03-02T02:01:33+00:00\",\"dateModified\":\"2024-03-02T02:19:59+00:00\",\"mainEntityOfPage\":{\"@id\":\"https:\/\/www.suno.com.br\/noticias\/cmn-ajusta-cris-cras-certificados-imobiliarios-agricolas\/\"},\"wordCount\":589,\"publisher\":{\"@id\":\"https:\/\/www.suno.com.br\/noticias\/#organization\"},\"image\":{\"@id\":\"https:\/\/www.suno.com.br\/noticias\/cmn-ajusta-cris-cras-certificados-imobiliarios-agricolas\/#primaryimage\"},\"thumbnailUrl\":\"https:\/\/files.sunoresearch.com.br\/n\/uploads\/2020\/09\/5d0414ff-economia-jpg.webp\",\"keywords\":[\"Banco Central (BC)\",\"Conselho Monet\u00e1rio Nacional (CMN)\",\"CRA\",\"CRI\"],\"articleSection\":[\"Economia\"],\"inLanguage\":\"pt-BR\"},{\"@type\":\"WebPage\",\"@id\":\"https:\/\/www.suno.com.br\/noticias\/cmn-ajusta-cris-cras-certificados-imobiliarios-agricolas\/\",\"url\":\"https:\/\/www.suno.com.br\/noticias\/cmn-ajusta-cris-cras-certificados-imobiliarios-agricolas\/\",\"name\":\"CMN ajusta resolu\u00e7\u00e3o sobre certificados imobili\u00e1rios e agr\u00edcolas\",\"isPartOf\":{\"@id\":\"https:\/\/www.suno.com.br\/noticias\/#website\"},\"primaryImageOfPage\":{\"@id\":\"https:\/\/www.suno.com.br\/noticias\/cmn-ajusta-cris-cras-certificados-imobiliarios-agricolas\/#primaryimage\"},\"image\":{\"@id\":\"https:\/\/www.suno.com.br\/noticias\/cmn-ajusta-cris-cras-certificados-imobiliarios-agricolas\/#primaryimage\"},\"thumbnailUrl\":\"https:\/\/files.sunoresearch.com.br\/n\/uploads\/2020\/09\/5d0414ff-economia-jpg.webp\",\"datePublished\":\"2024-03-02T02:01:33+00:00\",\"dateModified\":\"2024-03-02T02:19:59+00:00\",\"description\":\"O Conselho Monet\u00e1rio Nacional (CMN) ajustou a resolu\u00e7\u00e3o do in\u00edcio de fevereiro que mudou as regras de t\u00edtulos agr\u00edcolas e imobili\u00e1rios\",\"breadcrumb\":{\"@id\":\"https:\/\/www.suno.com.br\/noticias\/cmn-ajusta-cris-cras-certificados-imobiliarios-agricolas\/#breadcrumb\"},\"inLanguage\":\"pt-BR\",\"potentialAction\":[{\"@type\":\"ReadAction\",\"target\":[\"https:\/\/www.suno.com.br\/noticias\/cmn-ajusta-cris-cras-certificados-imobiliarios-agricolas\/\"]}]},{\"@type\":\"ImageObject\",\"inLanguage\":\"pt-BR\",\"@id\":\"https:\/\/www.suno.com.br\/noticias\/cmn-ajusta-cris-cras-certificados-imobiliarios-agricolas\/#primaryimage\",\"url\":\"https:\/\/files.sunoresearch.com.br\/n\/uploads\/2020\/09\/5d0414ff-economia-jpg.webp\",\"contentUrl\":\"https:\/\/files.sunoresearch.com.br\/n\/uploads\/2020\/09\/5d0414ff-economia-jpg.webp\",\"width\":1600,\"height\":1066,\"caption\":\"CMN muda regras de emiss\u00f5es para CRIs e CRAs; Foto:Pexels.\"},{\"@type\":\"BreadcrumbList\",\"@id\":\"https:\/\/www.suno.com.br\/noticias\/cmn-ajusta-cris-cras-certificados-imobiliarios-agricolas\/#breadcrumb\",\"itemListElement\":[{\"@type\":\"ListItem\",\"position\":1,\"name\":\"Not\u00edcias\",\"item\":\"https:\/\/www.suno.com.br\/noticias\/\"},{\"@type\":\"ListItem\",\"position\":2,\"name\":\"Economia\",\"item\":\"https:\/\/www.suno.com.br\/noticias\/economia\/\"},{\"@type\":\"ListItem\",\"position\":3,\"name\":\"CRIs e CRAs: governo ajusta resolu\u00e7\u00e3o sobre emiss\u00f5es de certificados imobili\u00e1rios e agr\u00edcolas\"}]},{\"@type\":\"WebSite\",\"@id\":\"https:\/\/www.suno.com.br\/noticias\/#website\",\"url\":\"https:\/\/www.suno.com.br\/noticias\/\",\"name\":\"Suno Not\u00edcias\",\"description\":\"Seu portal de informa\u00e7\u00e3o sobre o mundo dos investimentos\",\"publisher\":{\"@id\":\"https:\/\/www.suno.com.br\/noticias\/#organization\"},\"potentialAction\":[{\"@type\":\"SearchAction\",\"target\":{\"@type\":\"EntryPoint\",\"urlTemplate\":\"https:\/\/www.suno.com.br\/noticias\/?s={search_term_string}\"},\"query-input\":{\"@type\":\"PropertyValueSpecification\",\"valueRequired\":true,\"valueName\":\"search_term_string\"}}],\"inLanguage\":\"pt-BR\"},{\"@type\":\"Organization\",\"@id\":\"https:\/\/www.suno.com.br\/noticias\/#organization\",\"name\":\"Suno Not\u00edcias\",\"url\":\"https:\/\/www.suno.com.br\/noticias\/\",\"logo\":{\"@type\":\"ImageObject\",\"inLanguage\":\"pt-BR\",\"@id\":\"https:\/\/www.suno.com.br\/noticias\/#\/schema\/logo\/image\/\",\"url\":\"https:\/\/files.sunoresearch.com.br\/n\/uploads\/2021\/09\/suno-logo.png\",\"contentUrl\":\"https:\/\/files.sunoresearch.com.br\/n\/uploads\/2021\/09\/suno-logo.png\",\"width\":180,\"height\":180,\"caption\":\"Suno Not\u00edcias\"},\"image\":{\"@id\":\"https:\/\/www.suno.com.br\/noticias\/#\/schema\/logo\/image\/\"},\"sameAs\":[\"https:\/\/facebook.com\/sunoresearch\",\"https:\/\/x.com\/sunoresearch\",\"https:\/\/www.instagram.com\/suno\",\"https:\/\/www.linkedin.com\/company\/suno-research\/\",\"https:\/\/www.youtube.com\/c\/sunoresearch\"]},{\"@type\":\"Person\",\"@id\":\"https:\/\/www.suno.com.br\/noticias\/#\/schema\/person\/829bbe8d57f84333b966b96229c6bf5f\",\"name\":\"Marco Ant\u00f4nio Lopes\",\"image\":{\"@type\":\"ImageObject\",\"inLanguage\":\"pt-BR\",\"@id\":\"https:\/\/www.suno.com.br\/noticias\/#\/schema\/person\/image\/\",\"url\":\"https:\/\/secure.gravatar.com\/avatar\/385167b012fbc1cde32c5446ee253313?s=96&r=g\",\"contentUrl\":\"https:\/\/secure.gravatar.com\/avatar\/385167b012fbc1cde32c5446ee253313?s=96&r=g\",\"caption\":\"Marco Ant\u00f4nio Lopes\"},\"description\":\"Jornalista, \u00e9 editor no Suno Not\u00edcias. Trabalhou nas revistas Playboy, Super, Veja Comer &amp; Beber, Homem Vogue e Universo Masculino, al\u00e9m dos portais Abril.com, R7, nas editorias de Home, Esportes, Hora 7, Entretenimento e Geral, e Eu Quero Investir. Autor do livro Bruce Lee: Definitivo (Editora Conrad). Colaborou nas revistas Nova, Veja SP, Grandes Guerras, Placar, Bizz, Casa Claudia e Quatro Rodas.\",\"url\":\"https:\/\/www.suno.com.br\/noticias\/author\/marco-lopes\/\"}]}<\/script>\n<!-- \/ Yoast SEO plugin. -->","yoast_head_json":{"title":"CMN ajusta resolu\u00e7\u00e3o sobre certificados imobili\u00e1rios e agr\u00edcolas","description":"O Conselho Monet\u00e1rio Nacional (CMN) ajustou a resolu\u00e7\u00e3o do in\u00edcio de fevereiro que mudou as regras de t\u00edtulos agr\u00edcolas e imobili\u00e1rios","robots":{"index":"index","follow":"follow","max-snippet":"max-snippet:-1","max-image-preview":"max-image-preview:large","max-video-preview":"max-video-preview:-1"},"canonical":"https:\/\/www.suno.com.br\/noticias\/cmn-ajusta-cris-cras-certificados-imobiliarios-agricolas\/","og_locale":"pt_BR","og_type":"article","og_title":"CMN ajusta resolu\u00e7\u00e3o sobre certificados imobili\u00e1rios e agr\u00edcolas","og_description":"O Conselho Monet\u00e1rio Nacional (CMN) ajustou a resolu\u00e7\u00e3o do in\u00edcio de fevereiro que mudou as regras de t\u00edtulos agr\u00edcolas e imobili\u00e1rios","og_url":"https:\/\/www.suno.com.br\/noticias\/cmn-ajusta-cris-cras-certificados-imobiliarios-agricolas\/","og_site_name":"Suno Not\u00edcias","article_publisher":"https:\/\/facebook.com\/sunoresearch","og_image":[{"width":1600,"height":1066,"url":"https:\/\/files.sunoresearch.com.br\/n\/uploads\/2020\/09\/5d0414ff-economia.jpg","type":"image\/jpeg"}],"author":"Marco Ant\u00f4nio Lopes","twitter_card":"summary_large_image","twitter_creator":"@sunoresearch","twitter_site":"@sunoresearch","twitter_misc":{"Escrito por":"Marco Ant\u00f4nio Lopes","Est. tempo de leitura":"3 minutos"},"schema":{"@context":"https:\/\/schema.org","@graph":[{"@type":"NewsArticle","@id":"https:\/\/www.suno.com.br\/noticias\/cmn-ajusta-cris-cras-certificados-imobiliarios-agricolas\/#article","isPartOf":{"@id":"https:\/\/www.suno.com.br\/noticias\/cmn-ajusta-cris-cras-certificados-imobiliarios-agricolas\/"},"author":{"name":"Marco Ant\u00f4nio Lopes","@id":"https:\/\/www.suno.com.br\/noticias\/#\/schema\/person\/829bbe8d57f84333b966b96229c6bf5f"},"headline":"CRIs e CRAs: governo ajusta resolu\u00e7\u00e3o sobre emiss\u00f5es de certificados imobili\u00e1rios e agr\u00edcolas","datePublished":"2024-03-02T02:01:33+00:00","dateModified":"2024-03-02T02:19:59+00:00","mainEntityOfPage":{"@id":"https:\/\/www.suno.com.br\/noticias\/cmn-ajusta-cris-cras-certificados-imobiliarios-agricolas\/"},"wordCount":589,"publisher":{"@id":"https:\/\/www.suno.com.br\/noticias\/#organization"},"image":{"@id":"https:\/\/www.suno.com.br\/noticias\/cmn-ajusta-cris-cras-certificados-imobiliarios-agricolas\/#primaryimage"},"thumbnailUrl":"https:\/\/files.sunoresearch.com.br\/n\/uploads\/2020\/09\/5d0414ff-economia-jpg.webp","keywords":["Banco Central (BC)","Conselho Monet\u00e1rio Nacional (CMN)","CRA","CRI"],"articleSection":["Economia"],"inLanguage":"pt-BR"},{"@type":"WebPage","@id":"https:\/\/www.suno.com.br\/noticias\/cmn-ajusta-cris-cras-certificados-imobiliarios-agricolas\/","url":"https:\/\/www.suno.com.br\/noticias\/cmn-ajusta-cris-cras-certificados-imobiliarios-agricolas\/","name":"CMN ajusta resolu\u00e7\u00e3o sobre certificados imobili\u00e1rios e agr\u00edcolas","isPartOf":{"@id":"https:\/\/www.suno.com.br\/noticias\/#website"},"primaryImageOfPage":{"@id":"https:\/\/www.suno.com.br\/noticias\/cmn-ajusta-cris-cras-certificados-imobiliarios-agricolas\/#primaryimage"},"image":{"@id":"https:\/\/www.suno.com.br\/noticias\/cmn-ajusta-cris-cras-certificados-imobiliarios-agricolas\/#primaryimage"},"thumbnailUrl":"https:\/\/files.sunoresearch.com.br\/n\/uploads\/2020\/09\/5d0414ff-economia-jpg.webp","datePublished":"2024-03-02T02:01:33+00:00","dateModified":"2024-03-02T02:19:59+00:00","description":"O Conselho Monet\u00e1rio Nacional (CMN) ajustou a resolu\u00e7\u00e3o do in\u00edcio de fevereiro que mudou as regras de t\u00edtulos agr\u00edcolas e imobili\u00e1rios","breadcrumb":{"@id":"https:\/\/www.suno.com.br\/noticias\/cmn-ajusta-cris-cras-certificados-imobiliarios-agricolas\/#breadcrumb"},"inLanguage":"pt-BR","potentialAction":[{"@type":"ReadAction","target":["https:\/\/www.suno.com.br\/noticias\/cmn-ajusta-cris-cras-certificados-imobiliarios-agricolas\/"]}]},{"@type":"ImageObject","inLanguage":"pt-BR","@id":"https:\/\/www.suno.com.br\/noticias\/cmn-ajusta-cris-cras-certificados-imobiliarios-agricolas\/#primaryimage","url":"https:\/\/files.sunoresearch.com.br\/n\/uploads\/2020\/09\/5d0414ff-economia-jpg.webp","contentUrl":"https:\/\/files.sunoresearch.com.br\/n\/uploads\/2020\/09\/5d0414ff-economia-jpg.webp","width":1600,"height":1066,"caption":"CMN muda regras de emiss\u00f5es para CRIs e CRAs; Foto:Pexels."},{"@type":"BreadcrumbList","@id":"https:\/\/www.suno.com.br\/noticias\/cmn-ajusta-cris-cras-certificados-imobiliarios-agricolas\/#breadcrumb","itemListElement":[{"@type":"ListItem","position":1,"name":"Not\u00edcias","item":"https:\/\/www.suno.com.br\/noticias\/"},{"@type":"ListItem","position":2,"name":"Economia","item":"https:\/\/www.suno.com.br\/noticias\/economia\/"},{"@type":"ListItem","position":3,"name":"CRIs e CRAs: governo ajusta resolu\u00e7\u00e3o sobre emiss\u00f5es de certificados imobili\u00e1rios e agr\u00edcolas"}]},{"@type":"WebSite","@id":"https:\/\/www.suno.com.br\/noticias\/#website","url":"https:\/\/www.suno.com.br\/noticias\/","name":"Suno Not\u00edcias","description":"Seu portal de informa\u00e7\u00e3o sobre o mundo dos investimentos","publisher":{"@id":"https:\/\/www.suno.com.br\/noticias\/#organization"},"potentialAction":[{"@type":"SearchAction","target":{"@type":"EntryPoint","urlTemplate":"https:\/\/www.suno.com.br\/noticias\/?s={search_term_string}"},"query-input":{"@type":"PropertyValueSpecification","valueRequired":true,"valueName":"search_term_string"}}],"inLanguage":"pt-BR"},{"@type":"Organization","@id":"https:\/\/www.suno.com.br\/noticias\/#organization","name":"Suno Not\u00edcias","url":"https:\/\/www.suno.com.br\/noticias\/","logo":{"@type":"ImageObject","inLanguage":"pt-BR","@id":"https:\/\/www.suno.com.br\/noticias\/#\/schema\/logo\/image\/","url":"https:\/\/files.sunoresearch.com.br\/n\/uploads\/2021\/09\/suno-logo.png","contentUrl":"https:\/\/files.sunoresearch.com.br\/n\/uploads\/2021\/09\/suno-logo.png","width":180,"height":180,"caption":"Suno Not\u00edcias"},"image":{"@id":"https:\/\/www.suno.com.br\/noticias\/#\/schema\/logo\/image\/"},"sameAs":["https:\/\/facebook.com\/sunoresearch","https:\/\/x.com\/sunoresearch","https:\/\/www.instagram.com\/suno","https:\/\/www.linkedin.com\/company\/suno-research\/","https:\/\/www.youtube.com\/c\/sunoresearch"]},{"@type":"Person","@id":"https:\/\/www.suno.com.br\/noticias\/#\/schema\/person\/829bbe8d57f84333b966b96229c6bf5f","name":"Marco Ant\u00f4nio Lopes","image":{"@type":"ImageObject","inLanguage":"pt-BR","@id":"https:\/\/www.suno.com.br\/noticias\/#\/schema\/person\/image\/","url":"https:\/\/secure.gravatar.com\/avatar\/385167b012fbc1cde32c5446ee253313?s=96&r=g","contentUrl":"https:\/\/secure.gravatar.com\/avatar\/385167b012fbc1cde32c5446ee253313?s=96&r=g","caption":"Marco Ant\u00f4nio Lopes"},"description":"Jornalista, \u00e9 editor no Suno Not\u00edcias. Trabalhou nas revistas Playboy, Super, Veja Comer &amp; Beber, Homem Vogue e Universo Masculino, al\u00e9m dos portais Abril.com, R7, nas editorias de Home, Esportes, Hora 7, Entretenimento e Geral, e Eu Quero Investir. Autor do livro Bruce Lee: Definitivo (Editora Conrad). Colaborou nas revistas Nova, Veja SP, Grandes Guerras, Placar, Bizz, Casa Claudia e Quatro Rodas.","url":"https:\/\/www.suno.com.br\/noticias\/author\/marco-lopes\/"}]}},"default_loop_html":"<div class=\"cardsPage__listCard__boxs\"><div class=\"cardsPage__listCard__boxs__img\"><a href=\"https:\/\/www.suno.com.br\/noticias\/cmn-ajusta-cris-cras-certificados-imobiliarios-agricolas\/\"><img class=\"mask\" src=\"https:\/\/www.suno.com.br\/noticias\/wp-content\/themes\/suno\/resources\/images\/spotlight\/spotlight1img\/bg-mask.png\" alt=\"Image Mask\"\/><img src=\"https:\/\/files.sunoresearch.com.br\/n\/uploads\/2020\/09\/5d0414ff-economia-400x200.webp\" alt=\"CRIs e CRAs: governo ajusta resolu\u00e7\u00e3o sobre emiss\u00f5es de certificados imobili\u00e1rios e agr\u00edcolas\"\/><\/a><span class=\"spotlightCategory\"><a href=\"https:\/\/www.suno.com.br\/noticias\/economia\/\">Economia<\/a><\/span><\/div><div class=\"cardsPage__listCard__boxs__content\"><a href=\"https:\/\/www.suno.com.br\/noticias\/cmn-ajusta-cris-cras-certificados-imobiliarios-agricolas\/\"><h2 class=\"content__title\">CRIs e CRAs: governo ajusta resolu\u00e7\u00e3o sobre emiss\u00f5es de certificados imobili\u00e1rios e agr\u00edcolas<\/h2><\/a><div class=\"newsContent__article__meta\"><div class=\"newsContent__article__meta__authorBox\"><a href=\"https:\/\/www.suno.com.br\/noticias\/author\/marco-lopes\/\" class=\"authorBox__avatar noMobi\"><img src=\"https:\/\/secure.gravatar.com\/avatar\/385167b012fbc1cde32c5446ee253313?s=96&#038;r=g\" alt=\"Marco Ant\u00f4nio Lopes\"><\/a><div class=\"authorBox__name\"><span>por\n\t\t\t<a href=\"https:\/\/www.suno.com.br\/noticias\/author\/marco-lopes\/\"><span itemprop=\"author\">Marco Ant\u00f4nio Lopes<\/span><\/a><\/span><time datetime=\"2024-03-01T23:01:33-03:00\" itemprop=\"datePublished\">01\/03\/2024 23:01<\/time><\/div><\/div><\/div><\/div><\/div>","single_layout":"posts","amp_enabled":true,"_links":{"self":[{"href":"https:\/\/www.suno.com.br\/noticias\/wp-json\/wp\/v2\/posts\/528997"}],"collection":[{"href":"https:\/\/www.suno.com.br\/noticias\/wp-json\/wp\/v2\/posts"}],"about":[{"href":"https:\/\/www.suno.com.br\/noticias\/wp-json\/wp\/v2\/types\/post"}],"author":[{"embeddable":true,"href":"https:\/\/www.suno.com.br\/noticias\/wp-json\/wp\/v2\/users\/98"}],"replies":[{"embeddable":true,"href":"https:\/\/www.suno.com.br\/noticias\/wp-json\/wp\/v2\/comments?post=528997"}],"version-history":[{"count":3,"href":"https:\/\/www.suno.com.br\/noticias\/wp-json\/wp\/v2\/posts\/528997\/revisions"}],"predecessor-version":[{"id":529006,"href":"https:\/\/www.suno.com.br\/noticias\/wp-json\/wp\/v2\/posts\/528997\/revisions\/529006"}],"wp:featuredmedia":[{"embeddable":true,"href":"https:\/\/www.suno.com.br\/noticias\/wp-json\/wp\/v2\/media\/87408"}],"wp:attachment":[{"href":"https:\/\/www.suno.com.br\/noticias\/wp-json\/wp\/v2\/media?parent=528997"}],"wp:term":[{"taxonomy":"category","embeddable":true,"href":"https:\/\/www.suno.com.br\/noticias\/wp-json\/wp\/v2\/categories?post=528997"},{"taxonomy":"post_tag","embeddable":true,"href":"https:\/\/www.suno.com.br\/noticias\/wp-json\/wp\/v2\/tags?post=528997"},{"taxonomy":"suno_strategy","embeddable":true,"href":"https:\/\/www.suno.com.br\/noticias\/wp-json\/wp\/v2\/suno_strategy?post=528997"}],"curies":[{"name":"wp","href":"https:\/\/api.w.org\/{rel}","templated":true}]}}