{"id":528982,"date":"2024-03-02T12:43:40","date_gmt":"2024-03-02T15:43:40","guid":{"rendered":"https:\/\/www.suno.com.br\/noticias\/?p=528982"},"modified":"2024-03-02T12:43:43","modified_gmt":"2024-03-02T15:43:43","slug":"cmn-ajusta-resolucao-certificados-imobiliarios-agricolas-cri-cra-jvj","status":"publish","type":"post","link":"https:\/\/www.suno.com.br\/noticias\/cmn-ajusta-resolucao-certificados-imobiliarios-agricolas-cri-cra-jvj\/","title":{"rendered":"CMN ajusta resolu\u00e7\u00e3o sobre certificados imobili\u00e1rios e agr\u00edcolas; o que muda?"},"content":{"rendered":"<p>Contratos comerciais, como duplicatas, loca\u00e7\u00e3o, compra e venda de im\u00f3veis podem ser usados como lastro (garantia de valor) para emiss\u00f5es dos <a class=\"suno-keyword\" data-force=\"no\" data-priority=\"1\" href=\"https:\/\/www.suno.com.br\/artigos\/certificados-recebiveis-imobiliarios\/\" target=\"_blank\" rel=\"noopener\">Certificados de Receb\u00edveis Imobili\u00e1rios<\/a> (CRI) e do Agroneg\u00f3cio (CRA). Em reuni\u00e3o extraordin\u00e1ria nesta sexta-feira (1\u00ba), o <a class=\"suno-keyword\" data-force=\"no\" data-priority=\"1\" href=\"https:\/\/www.suno.com.br\/artigos\/cmn-conselho-monetario-nacional\/\" target=\"_blank\" rel=\"noopener\">Conselho Monet\u00e1rio Nacional (<strong>CMN<\/strong>)<\/a> ajustou a resolu\u00e7\u00e3o do in\u00edcio de fevereiro que mudou as regras de t\u00edtulos agr\u00edcolas e imobili\u00e1rios.<img decoding=\"async\" style=\"width: 1px; height: 1px; display: inline;\" src=\"https:\/\/agenciabrasil.ebc.com.br\/ebc.png?id=1583837&amp;o=rss\"><img decoding=\"async\" style=\"width: 1px; height: 1px; display: inline;\" src=\"https:\/\/agenciabrasil.ebc.com.br\/ebc.gif?id=1583837&amp;o=rss\"><\/p>\t<div class=\"wrapper-featured-image\">\n\t\t<figure class=\"spotlightImg\">\n\n\t\t\t<picture>\n\t\t\t\t<source media=\"(max-width: 768px)\" srcset=\"https:\/\/files.sunoresearch.com.br\/n\/uploads\/2023\/08\/mercado-sobe-400x200.jpg\">\n\t\t\t\t<img loading=\"lazy\" decoding=\"async\" class=\"newsContent__article__imgCapa lazyloadDisabled \" src=\"https:\/\/files.sunoresearch.com.br\/n\/uploads\/2023\/08\/mercado-sobe-800x450.jpg\" width=\"800\" height=\"450\" alt=\"CMN ajusta resolu\u00e7\u00e3o sobre certificados imobili\u00e1rios e agr\u00edcolas; o que muda?\" fetchpriority=high \/>\n\t\t\t<\/picture>\n\n\t\t\t<figcaption class=\"wp-caption-text wp-caption-text--show\">CMN ajusta resolu\u00e7\u00e3o sobre certificados imobili\u00e1rios e agr\u00edcolas; o que muda? Foto: iStock<\/figcaption>\n\t\t<\/figure>\n\t<\/div>\n\n\n\n\n\n\t<p>\n\t\t<a href=\"https:\/\/lp.suno.com.br\/ebook-como-analisar-uma-acao\/\" target=\"_blank\" data-element=\"shortcode-suno-banner\" title=\"Banner SUNO, clique e saiba mais\">\n\t\t\t<picture>\n\t\t\t\t<source media=\"(max-width: 500px)\" srcset=\"https:\/\/files.sunoresearch.com.br\/n\/uploads\/2023\/12\/Ebook-Acoes-Mobile.jpg\">\n\t\t\t\t<img class=\"newsContent__article__imgCapa newsContent__article__imgCapa--banner\"\n\t\t\t\t\tsrc=\"https:\/\/files.sunoresearch.com.br\/n\/uploads\/2023\/12\/Ebook-Acoes-Desktop.webp\"\n\t\t\t\t\tdata-promo-id=\"311260\"\t\t\t\t\t\t\t\t\t\twidth='1420' height='286'\t\t\t\t\talt=\"https:\/\/files.sunoresearch.com.br\/n\/uploads\/2023\/12\/Ebook-Acoes-Desktop.webp\"\n\t\t\t\t>\n\t\t\t<\/picture>\n\t\t<\/a>\n\t<\/p>\n\n\n\n\n\n<p>Em nota, o <strong>Minist\u00e9rio da Fazenda<\/strong> informou que a proibi\u00e7\u00e3o de que opera\u00e7\u00f5es n\u00e3o relacionadas aos empreendimentos agropecu\u00e1rios e imobili\u00e1rios sirvam como lastro vale apenas para instrumentos de \u201cnatureza estritamente financeira\u201d, sem afetar os contratos comerciais. A resolu\u00e7\u00e3o do m\u00eas passado restringiu as emiss\u00f5es de t\u00edtulos agr\u00edcolas e imobili\u00e1rios porque esses pap\u00e9is estavam financiando projetos n\u00e3o diretamente ligados \u00e0s duas \u00e1reas e serviam de instrumento para empresas deixarem de pagar Imposto de Renda.<\/p>\n\n\n\n<h2 class=\"wp-block-heading\">Outras altera\u00e7\u00f5es<\/h2>\n\n\n\n<p>A segunda <strong>altera\u00e7\u00e3o do CMN <\/strong>esclareceu que os t\u00edtulos de d\u00edvida cujos emissores n\u00e3o sejam caracterizados como devedores, codevedores ou garantidores podem ser usados como lastro do CRA e do CRI. O Minist\u00e9rio da Fazenda informou que a proibi\u00e7\u00e3o dessa pr\u00e1tica prejudicaria a <a class=\"suno-keyword\" data-force=\"no\" data-priority=\"1\" href=\"https:\/\/www.suno.com.br\/artigos\/cedula-de-credito-imobiliario\/\" target=\"_blank\" rel=\"noopener\">C\u00e9dula de Cr\u00e9dito Imobili\u00e1rio<\/a> (CCI), t\u00edtulo privado emitido por um credor imobili\u00e1rio.<\/p>\n\n\n\t<div data-element=\"shortcode-read-more\" class=\"knowMore\">\n\t\t\t\t<span class=\"knowMore__title\">Leia mais<\/span>\n\t\t\t\t<a class=\"knowMore__link\" href=\"https:\/\/www.suno.com.br\/noticias\/fundos-imobiliarios-maiores-altas-fevereiro-2024-jvj\/\">\n\t\t\tXPPR11 dispara 20%; veja os fundos imobili\u00e1rios que mais subiram em fevereiro\t\t<\/a>\n\t<\/div>\n\n\n\n\n<p>Diferentemente das <strong>Letras de Cr\u00e9dito Imobili\u00e1rio (LCI)<\/strong> e do Agroneg\u00f3cio (LCA) e das Letras Imobili\u00e1rias Garantidas (LIG), emitidas por <a class=\"suno-keyword\" data-force=\"no\" data-priority=\"1\" href=\"https:\/\/www.suno.com.br\/artigos\/instituicoes-financeiras\/\" target=\"_blank\" rel=\"noopener\">institui\u00e7\u00f5es financeiras<\/a>, o CRI e o CRA s\u00e3o emitidos por companhias securitizadoras (de convers\u00e3o de pap\u00e9is) e envolvem a convers\u00e3o de contratos comerciais. Os tr\u00eas primeiros instrumentos s\u00e3o isentos de Imposto de Renda e t\u00eam garantias caso a institui\u00e7\u00e3o financeira quebre. O CRA e o CRI n\u00e3o s\u00e3o garantidos, com o comprador assumindo o risco de a companhia quebrar.<\/p>\n\n\n\n<p>O \u00faltimo ajuste, informou o Minist\u00e9rio da Fazenda, restringiu a aplica\u00e7\u00e3o das proibi\u00e7\u00f5es da resolu\u00e7\u00e3o de fevereiro a \u201cinstitui\u00e7\u00f5es financeiras ou entidades autorizadas a funcionar pelo Banco Central do Brasil, entidades que integram conglomerado prudencial, ou suas respectivas controladas\u201d.<\/p>\n\n\n\n<p>No comunicado, o Minist\u00e9rio da Fazenda destacou que as altera\u00e7\u00f5es pretendem &#8220;harmonizar o entendimento dos agentes de mercado a respeito de aspectos relacionados aos lastros eleg\u00edveis&#8221; para as emiss\u00f5es de CRA e de CRI. \u201cO CMN buscou, com isso, reafirmar a possibilidade de empresas t\u00edpicas do agroneg\u00f3cio ou do setor imobili\u00e1rio, as quais n\u00e3o possuam liga\u00e7\u00e3o direta com institui\u00e7\u00f5es do sistema financeiro, realizarem opera\u00e7\u00f5es de securitiza\u00e7\u00e3o por meio de <strong>CRA e CRI<\/strong>\u201d, explicou a pasta.<\/p>\n\n\n\n<h2 class=\"wp-block-heading\">Cancelamento<\/h2>\n\n\n\n<p>As mudan\u00e7as aprovadas entram em vigor imediatamente. \u00d3rg\u00e3o que re\u00fane os ministros da Fazenda, do Planejamento e o presidente do Banco Central, o <strong>CMN <\/strong>deveria ter realizado a reuni\u00e3o ordin\u00e1ria de fevereiro nesta quinta-feira (29), mas o encontro foi cancelado \u201cpor falta de assunto\u201d.<\/p>\n\n\n\n<p>Nesta semana, o ministro da Fazenda, Fernando Haddad, e o presidente do Banco Central, <a class=\"suno-keyword\" target=\"_blank\" data-force=\"no\" data-priority=\"2\" href=\"https:\/\/www.suno.com.br\/tudo-sobre\/roberto-campos-neto\/\" rel=\"noopener\">Roberto Campos Neto<\/a>, participaram da reuni\u00e3o de ministros das Finan\u00e7as do G20, grupo que re\u00fane as 20 maiores economias do planeta. A ministra do Planejamento, Simone Tebet, viajou com o presidente Luiz In\u00e1cio Lula da Silva para a Guiana.<\/p>\n\n\n\n<p>(Com informa\u00e7\u00f5es de Ag\u00eancia Brasil)<\/p>\n\n\n\t<p>\n\t\t<a href=\"https:\/\/lp2.suno.com.br\/cl\/black-friday-2025\/?utm_campaign=_SNCDF0E4858_\" target=\"_blank\" data-element=\"shortcode-suno-banner\" title=\"Banner SUNO, clique e saiba mais\">\n\t\t\t<picture>\n\t\t\t\t<source media=\"(max-width: 500px)\" srcset=\"https:\/\/files.sunoresearch.com.br\/n\/uploads\/2025\/10\/Artigos-e-Noticias-Banner-Home-artigos-01-Mobile_-400x300-1-png.webp\">\n\t\t\t\t<img class=\"newsContent__article__imgCapa newsContent__article__imgCapa--banner\"\n\t\t\t\t\tsrc=\"https:\/\/files.sunoresearch.com.br\/n\/uploads\/2025\/10\/Artigos-e-Noticias-Banner-Home-artigos-01-Desktop_-1420x240-1-png.webp\"\n\t\t\t\t\tdata-promo-id=\"311259\"\t\t\t\t\t\t\t\t\t\twidth='1420' height='240'\t\t\t\t\talt=\"https:\/\/files.sunoresearch.com.br\/n\/uploads\/2025\/10\/Artigos-e-Noticias-Banner-Home-artigos-01-Desktop_-1420x240-1-png.webp\"\n\t\t\t\t>\n\t\t\t<\/picture>\n\t\t<\/a>\n\t<\/p>\n\n\n","protected":false},"excerpt":{"rendered":"<p>Contratos comerciais, como duplicatas, loca\u00e7\u00e3o, compra e venda de im\u00f3veis podem ser usados como lastro (garantia de valor) para emiss\u00f5es dos Certificados de Receb\u00edveis Imobili\u00e1rios (CRI) e do Agroneg\u00f3cio (CRA). Em reuni\u00e3o extraordin\u00e1ria nesta sexta-feira (1\u00ba), o Conselho Monet\u00e1rio Nacional (CMN) ajustou a resolu\u00e7\u00e3o do in\u00edcio de fevereiro que mudou as regras de t\u00edtulos agr\u00edcolas [&hellip;]<\/p>\n","protected":false},"author":173,"featured_media":449152,"comment_status":"closed","ping_status":"closed","sticky":false,"template":"","format":"standard","meta":[],"categories":[62],"tags":[1062],"suno_strategy":[],"class_list":["post-528982","post","type-post","status-publish","format-standard","has-post-thumbnail","hentry","category-economia","tag-conselho-monetario-nacional-cmn"],"yoast_head":"<!-- This site is optimized with the Yoast SEO plugin v24.4 - https:\/\/yoast.com\/wordpress\/plugins\/seo\/ -->\n<title>CMN ajusta resolu\u00e7\u00e3o sobre certificados imobili\u00e1rios e agr\u00edcolas<\/title>\n<meta name=\"description\" content=\"O Conselho Monet\u00e1rio Nacional (CMN) ajustou a resolu\u00e7\u00e3o sobre os certificados imobili\u00e1rios e agr\u00edcolas. Confira o que mudou.\" \/>\n<meta name=\"robots\" content=\"index, follow, max-snippet:-1, max-image-preview:large, max-video-preview:-1\" \/>\n<link rel=\"canonical\" href=\"https:\/\/www.suno.com.br\/noticias\/cmn-ajusta-resolucao-certificados-imobiliarios-agricolas-cri-cra-jvj\/\" \/>\n<meta property=\"og:locale\" content=\"pt_BR\" \/>\n<meta property=\"og:type\" content=\"article\" \/>\n<meta property=\"og:title\" content=\"CMN ajusta resolu\u00e7\u00e3o sobre certificados imobili\u00e1rios e agr\u00edcolas\" \/>\n<meta property=\"og:description\" content=\"O Conselho Monet\u00e1rio Nacional (CMN) ajustou a resolu\u00e7\u00e3o sobre os certificados imobili\u00e1rios e agr\u00edcolas. Confira o que mudou.\" \/>\n<meta property=\"og:url\" content=\"https:\/\/www.suno.com.br\/noticias\/cmn-ajusta-resolucao-certificados-imobiliarios-agricolas-cri-cra-jvj\/\" \/>\n<meta property=\"og:site_name\" content=\"Suno Not\u00edcias\" \/>\n<meta property=\"article:publisher\" content=\"https:\/\/facebook.com\/sunoresearch\" \/>\n<meta property=\"og:image\" content=\"https:\/\/files.sunoresearch.com.br\/n\/uploads\/2023\/08\/mercado-sobe.jpg\" \/>\n\t<meta property=\"og:image:width\" content=\"1200\" \/>\n\t<meta property=\"og:image:height\" content=\"800\" \/>\n\t<meta property=\"og:image:type\" content=\"image\/jpeg\" \/>\n<meta name=\"author\" content=\"Jo\u00e3o Vitor\" \/>\n<meta name=\"twitter:card\" content=\"summary_large_image\" \/>\n<meta name=\"twitter:creator\" content=\"@sunoresearch\" \/>\n<meta name=\"twitter:site\" content=\"@sunoresearch\" \/>\n<meta name=\"twitter:label1\" content=\"Escrito por\" \/>\n\t<meta name=\"twitter:data1\" content=\"Jo\u00e3o Vitor\" \/>\n\t<meta name=\"twitter:label2\" content=\"Est. tempo de leitura\" \/>\n\t<meta name=\"twitter:data2\" content=\"4 minutos\" \/>\n<script type=\"application\/ld+json\" class=\"yoast-schema-graph\">{\"@context\":\"https:\/\/schema.org\",\"@graph\":[{\"@type\":\"NewsArticle\",\"@id\":\"https:\/\/www.suno.com.br\/noticias\/cmn-ajusta-resolucao-certificados-imobiliarios-agricolas-cri-cra-jvj\/#article\",\"isPartOf\":{\"@id\":\"https:\/\/www.suno.com.br\/noticias\/cmn-ajusta-resolucao-certificados-imobiliarios-agricolas-cri-cra-jvj\/\"},\"author\":{\"name\":\"Jo\u00e3o Vitor\",\"@id\":\"https:\/\/www.suno.com.br\/noticias\/#\/schema\/person\/87fc6973867c52dd884811905c43afba\"},\"headline\":\"CMN ajusta resolu\u00e7\u00e3o sobre certificados imobili\u00e1rios e agr\u00edcolas; o que muda?\",\"datePublished\":\"2024-03-02T15:43:40+00:00\",\"dateModified\":\"2024-03-02T15:43:43+00:00\",\"mainEntityOfPage\":{\"@id\":\"https:\/\/www.suno.com.br\/noticias\/cmn-ajusta-resolucao-certificados-imobiliarios-agricolas-cri-cra-jvj\/\"},\"wordCount\":583,\"publisher\":{\"@id\":\"https:\/\/www.suno.com.br\/noticias\/#organization\"},\"image\":{\"@id\":\"https:\/\/www.suno.com.br\/noticias\/cmn-ajusta-resolucao-certificados-imobiliarios-agricolas-cri-cra-jvj\/#primaryimage\"},\"thumbnailUrl\":\"https:\/\/files.sunoresearch.com.br\/n\/uploads\/2023\/08\/mercado-sobe.jpg\",\"keywords\":[\"Conselho Monet\u00e1rio Nacional (CMN)\"],\"articleSection\":[\"Economia\"],\"inLanguage\":\"pt-BR\"},{\"@type\":\"WebPage\",\"@id\":\"https:\/\/www.suno.com.br\/noticias\/cmn-ajusta-resolucao-certificados-imobiliarios-agricolas-cri-cra-jvj\/\",\"url\":\"https:\/\/www.suno.com.br\/noticias\/cmn-ajusta-resolucao-certificados-imobiliarios-agricolas-cri-cra-jvj\/\",\"name\":\"CMN ajusta resolu\u00e7\u00e3o sobre certificados imobili\u00e1rios e agr\u00edcolas\",\"isPartOf\":{\"@id\":\"https:\/\/www.suno.com.br\/noticias\/#website\"},\"primaryImageOfPage\":{\"@id\":\"https:\/\/www.suno.com.br\/noticias\/cmn-ajusta-resolucao-certificados-imobiliarios-agricolas-cri-cra-jvj\/#primaryimage\"},\"image\":{\"@id\":\"https:\/\/www.suno.com.br\/noticias\/cmn-ajusta-resolucao-certificados-imobiliarios-agricolas-cri-cra-jvj\/#primaryimage\"},\"thumbnailUrl\":\"https:\/\/files.sunoresearch.com.br\/n\/uploads\/2023\/08\/mercado-sobe.jpg\",\"datePublished\":\"2024-03-02T15:43:40+00:00\",\"dateModified\":\"2024-03-02T15:43:43+00:00\",\"description\":\"O Conselho Monet\u00e1rio Nacional (CMN) ajustou a resolu\u00e7\u00e3o sobre os certificados imobili\u00e1rios e agr\u00edcolas. Confira o que mudou.\",\"breadcrumb\":{\"@id\":\"https:\/\/www.suno.com.br\/noticias\/cmn-ajusta-resolucao-certificados-imobiliarios-agricolas-cri-cra-jvj\/#breadcrumb\"},\"inLanguage\":\"pt-BR\",\"potentialAction\":[{\"@type\":\"ReadAction\",\"target\":[\"https:\/\/www.suno.com.br\/noticias\/cmn-ajusta-resolucao-certificados-imobiliarios-agricolas-cri-cra-jvj\/\"]}]},{\"@type\":\"ImageObject\",\"inLanguage\":\"pt-BR\",\"@id\":\"https:\/\/www.suno.com.br\/noticias\/cmn-ajusta-resolucao-certificados-imobiliarios-agricolas-cri-cra-jvj\/#primaryimage\",\"url\":\"https:\/\/files.sunoresearch.com.br\/n\/uploads\/2023\/08\/mercado-sobe.jpg\",\"contentUrl\":\"https:\/\/files.sunoresearch.com.br\/n\/uploads\/2023\/08\/mercado-sobe.jpg\",\"width\":1200,\"height\":800,\"caption\":\"CMN ajusta resolu\u00e7\u00e3o sobre certificados imobili\u00e1rios e agr\u00edcolas; o que muda? Foto: iStock\"},{\"@type\":\"BreadcrumbList\",\"@id\":\"https:\/\/www.suno.com.br\/noticias\/cmn-ajusta-resolucao-certificados-imobiliarios-agricolas-cri-cra-jvj\/#breadcrumb\",\"itemListElement\":[{\"@type\":\"ListItem\",\"position\":1,\"name\":\"Not\u00edcias\",\"item\":\"https:\/\/www.suno.com.br\/noticias\/\"},{\"@type\":\"ListItem\",\"position\":2,\"name\":\"Economia\",\"item\":\"https:\/\/www.suno.com.br\/noticias\/economia\/\"},{\"@type\":\"ListItem\",\"position\":3,\"name\":\"CMN ajusta resolu\u00e7\u00e3o sobre certificados imobili\u00e1rios e agr\u00edcolas; o que muda?\"}]},{\"@type\":\"WebSite\",\"@id\":\"https:\/\/www.suno.com.br\/noticias\/#website\",\"url\":\"https:\/\/www.suno.com.br\/noticias\/\",\"name\":\"Suno Not\u00edcias\",\"description\":\"Seu portal de informa\u00e7\u00e3o sobre o mundo dos investimentos\",\"publisher\":{\"@id\":\"https:\/\/www.suno.com.br\/noticias\/#organization\"},\"potentialAction\":[{\"@type\":\"SearchAction\",\"target\":{\"@type\":\"EntryPoint\",\"urlTemplate\":\"https:\/\/www.suno.com.br\/noticias\/?s={search_term_string}\"},\"query-input\":{\"@type\":\"PropertyValueSpecification\",\"valueRequired\":true,\"valueName\":\"search_term_string\"}}],\"inLanguage\":\"pt-BR\"},{\"@type\":\"Organization\",\"@id\":\"https:\/\/www.suno.com.br\/noticias\/#organization\",\"name\":\"Suno Not\u00edcias\",\"url\":\"https:\/\/www.suno.com.br\/noticias\/\",\"logo\":{\"@type\":\"ImageObject\",\"inLanguage\":\"pt-BR\",\"@id\":\"https:\/\/www.suno.com.br\/noticias\/#\/schema\/logo\/image\/\",\"url\":\"https:\/\/files.sunoresearch.com.br\/n\/uploads\/2021\/09\/suno-logo.png\",\"contentUrl\":\"https:\/\/files.sunoresearch.com.br\/n\/uploads\/2021\/09\/suno-logo.png\",\"width\":180,\"height\":180,\"caption\":\"Suno Not\u00edcias\"},\"image\":{\"@id\":\"https:\/\/www.suno.com.br\/noticias\/#\/schema\/logo\/image\/\"},\"sameAs\":[\"https:\/\/facebook.com\/sunoresearch\",\"https:\/\/x.com\/sunoresearch\",\"https:\/\/www.instagram.com\/suno\",\"https:\/\/www.linkedin.com\/company\/suno-research\/\",\"https:\/\/www.youtube.com\/c\/sunoresearch\"]},{\"@type\":\"Person\",\"@id\":\"https:\/\/www.suno.com.br\/noticias\/#\/schema\/person\/87fc6973867c52dd884811905c43afba\",\"name\":\"Jo\u00e3o Vitor\",\"image\":{\"@type\":\"ImageObject\",\"inLanguage\":\"pt-BR\",\"@id\":\"https:\/\/www.suno.com.br\/noticias\/#\/schema\/person\/image\/\",\"url\":\"https:\/\/secure.gravatar.com\/avatar\/2843227ca03ccf8cc7ccca45204c127e?s=96&r=g\",\"contentUrl\":\"https:\/\/secure.gravatar.com\/avatar\/2843227ca03ccf8cc7ccca45204c127e?s=96&r=g\",\"caption\":\"Jo\u00e3o Vitor\"},\"description\":\"Redator profissional, com atua\u00e7\u00e3o no mercado editorial na produ\u00e7\u00e3o de not\u00edcias e conte\u00fados sobre o mercado de a\u00e7\u00f5es, fundos imobili\u00e1rios e economia popular. Graduando em Engenharia Qu\u00edmica pela Unesp, tamb\u00e9m j\u00e1 atuou como consultor financeiro.\",\"url\":\"https:\/\/www.suno.com.br\/noticias\/author\/joao-vitor-jacintho\/\"}]}<\/script>\n<!-- \/ Yoast SEO plugin. -->","yoast_head_json":{"title":"CMN ajusta resolu\u00e7\u00e3o sobre certificados imobili\u00e1rios e agr\u00edcolas","description":"O Conselho Monet\u00e1rio Nacional (CMN) ajustou a resolu\u00e7\u00e3o sobre os certificados imobili\u00e1rios e agr\u00edcolas. Confira o que mudou.","robots":{"index":"index","follow":"follow","max-snippet":"max-snippet:-1","max-image-preview":"max-image-preview:large","max-video-preview":"max-video-preview:-1"},"canonical":"https:\/\/www.suno.com.br\/noticias\/cmn-ajusta-resolucao-certificados-imobiliarios-agricolas-cri-cra-jvj\/","og_locale":"pt_BR","og_type":"article","og_title":"CMN ajusta resolu\u00e7\u00e3o sobre certificados imobili\u00e1rios e agr\u00edcolas","og_description":"O Conselho Monet\u00e1rio Nacional (CMN) ajustou a resolu\u00e7\u00e3o sobre os certificados imobili\u00e1rios e agr\u00edcolas. Confira o que mudou.","og_url":"https:\/\/www.suno.com.br\/noticias\/cmn-ajusta-resolucao-certificados-imobiliarios-agricolas-cri-cra-jvj\/","og_site_name":"Suno Not\u00edcias","article_publisher":"https:\/\/facebook.com\/sunoresearch","og_image":[{"width":1200,"height":800,"url":"https:\/\/files.sunoresearch.com.br\/n\/uploads\/2023\/08\/mercado-sobe.jpg","type":"image\/jpeg"}],"author":"Jo\u00e3o Vitor","twitter_card":"summary_large_image","twitter_creator":"@sunoresearch","twitter_site":"@sunoresearch","twitter_misc":{"Escrito por":"Jo\u00e3o Vitor","Est. tempo de leitura":"4 minutos"},"schema":{"@context":"https:\/\/schema.org","@graph":[{"@type":"NewsArticle","@id":"https:\/\/www.suno.com.br\/noticias\/cmn-ajusta-resolucao-certificados-imobiliarios-agricolas-cri-cra-jvj\/#article","isPartOf":{"@id":"https:\/\/www.suno.com.br\/noticias\/cmn-ajusta-resolucao-certificados-imobiliarios-agricolas-cri-cra-jvj\/"},"author":{"name":"Jo\u00e3o Vitor","@id":"https:\/\/www.suno.com.br\/noticias\/#\/schema\/person\/87fc6973867c52dd884811905c43afba"},"headline":"CMN ajusta resolu\u00e7\u00e3o sobre certificados imobili\u00e1rios e agr\u00edcolas; o que muda?","datePublished":"2024-03-02T15:43:40+00:00","dateModified":"2024-03-02T15:43:43+00:00","mainEntityOfPage":{"@id":"https:\/\/www.suno.com.br\/noticias\/cmn-ajusta-resolucao-certificados-imobiliarios-agricolas-cri-cra-jvj\/"},"wordCount":583,"publisher":{"@id":"https:\/\/www.suno.com.br\/noticias\/#organization"},"image":{"@id":"https:\/\/www.suno.com.br\/noticias\/cmn-ajusta-resolucao-certificados-imobiliarios-agricolas-cri-cra-jvj\/#primaryimage"},"thumbnailUrl":"https:\/\/files.sunoresearch.com.br\/n\/uploads\/2023\/08\/mercado-sobe.jpg","keywords":["Conselho Monet\u00e1rio Nacional (CMN)"],"articleSection":["Economia"],"inLanguage":"pt-BR"},{"@type":"WebPage","@id":"https:\/\/www.suno.com.br\/noticias\/cmn-ajusta-resolucao-certificados-imobiliarios-agricolas-cri-cra-jvj\/","url":"https:\/\/www.suno.com.br\/noticias\/cmn-ajusta-resolucao-certificados-imobiliarios-agricolas-cri-cra-jvj\/","name":"CMN ajusta resolu\u00e7\u00e3o sobre certificados imobili\u00e1rios e agr\u00edcolas","isPartOf":{"@id":"https:\/\/www.suno.com.br\/noticias\/#website"},"primaryImageOfPage":{"@id":"https:\/\/www.suno.com.br\/noticias\/cmn-ajusta-resolucao-certificados-imobiliarios-agricolas-cri-cra-jvj\/#primaryimage"},"image":{"@id":"https:\/\/www.suno.com.br\/noticias\/cmn-ajusta-resolucao-certificados-imobiliarios-agricolas-cri-cra-jvj\/#primaryimage"},"thumbnailUrl":"https:\/\/files.sunoresearch.com.br\/n\/uploads\/2023\/08\/mercado-sobe.jpg","datePublished":"2024-03-02T15:43:40+00:00","dateModified":"2024-03-02T15:43:43+00:00","description":"O Conselho Monet\u00e1rio Nacional (CMN) ajustou a resolu\u00e7\u00e3o sobre os certificados imobili\u00e1rios e agr\u00edcolas. Confira o que mudou.","breadcrumb":{"@id":"https:\/\/www.suno.com.br\/noticias\/cmn-ajusta-resolucao-certificados-imobiliarios-agricolas-cri-cra-jvj\/#breadcrumb"},"inLanguage":"pt-BR","potentialAction":[{"@type":"ReadAction","target":["https:\/\/www.suno.com.br\/noticias\/cmn-ajusta-resolucao-certificados-imobiliarios-agricolas-cri-cra-jvj\/"]}]},{"@type":"ImageObject","inLanguage":"pt-BR","@id":"https:\/\/www.suno.com.br\/noticias\/cmn-ajusta-resolucao-certificados-imobiliarios-agricolas-cri-cra-jvj\/#primaryimage","url":"https:\/\/files.sunoresearch.com.br\/n\/uploads\/2023\/08\/mercado-sobe.jpg","contentUrl":"https:\/\/files.sunoresearch.com.br\/n\/uploads\/2023\/08\/mercado-sobe.jpg","width":1200,"height":800,"caption":"CMN ajusta resolu\u00e7\u00e3o sobre certificados imobili\u00e1rios e agr\u00edcolas; o que muda? Foto: iStock"},{"@type":"BreadcrumbList","@id":"https:\/\/www.suno.com.br\/noticias\/cmn-ajusta-resolucao-certificados-imobiliarios-agricolas-cri-cra-jvj\/#breadcrumb","itemListElement":[{"@type":"ListItem","position":1,"name":"Not\u00edcias","item":"https:\/\/www.suno.com.br\/noticias\/"},{"@type":"ListItem","position":2,"name":"Economia","item":"https:\/\/www.suno.com.br\/noticias\/economia\/"},{"@type":"ListItem","position":3,"name":"CMN ajusta resolu\u00e7\u00e3o sobre certificados imobili\u00e1rios e agr\u00edcolas; o que muda?"}]},{"@type":"WebSite","@id":"https:\/\/www.suno.com.br\/noticias\/#website","url":"https:\/\/www.suno.com.br\/noticias\/","name":"Suno Not\u00edcias","description":"Seu portal de informa\u00e7\u00e3o sobre o mundo dos investimentos","publisher":{"@id":"https:\/\/www.suno.com.br\/noticias\/#organization"},"potentialAction":[{"@type":"SearchAction","target":{"@type":"EntryPoint","urlTemplate":"https:\/\/www.suno.com.br\/noticias\/?s={search_term_string}"},"query-input":{"@type":"PropertyValueSpecification","valueRequired":true,"valueName":"search_term_string"}}],"inLanguage":"pt-BR"},{"@type":"Organization","@id":"https:\/\/www.suno.com.br\/noticias\/#organization","name":"Suno Not\u00edcias","url":"https:\/\/www.suno.com.br\/noticias\/","logo":{"@type":"ImageObject","inLanguage":"pt-BR","@id":"https:\/\/www.suno.com.br\/noticias\/#\/schema\/logo\/image\/","url":"https:\/\/files.sunoresearch.com.br\/n\/uploads\/2021\/09\/suno-logo.png","contentUrl":"https:\/\/files.sunoresearch.com.br\/n\/uploads\/2021\/09\/suno-logo.png","width":180,"height":180,"caption":"Suno Not\u00edcias"},"image":{"@id":"https:\/\/www.suno.com.br\/noticias\/#\/schema\/logo\/image\/"},"sameAs":["https:\/\/facebook.com\/sunoresearch","https:\/\/x.com\/sunoresearch","https:\/\/www.instagram.com\/suno","https:\/\/www.linkedin.com\/company\/suno-research\/","https:\/\/www.youtube.com\/c\/sunoresearch"]},{"@type":"Person","@id":"https:\/\/www.suno.com.br\/noticias\/#\/schema\/person\/87fc6973867c52dd884811905c43afba","name":"Jo\u00e3o Vitor","image":{"@type":"ImageObject","inLanguage":"pt-BR","@id":"https:\/\/www.suno.com.br\/noticias\/#\/schema\/person\/image\/","url":"https:\/\/secure.gravatar.com\/avatar\/2843227ca03ccf8cc7ccca45204c127e?s=96&r=g","contentUrl":"https:\/\/secure.gravatar.com\/avatar\/2843227ca03ccf8cc7ccca45204c127e?s=96&r=g","caption":"Jo\u00e3o Vitor"},"description":"Redator profissional, com atua\u00e7\u00e3o no mercado editorial na produ\u00e7\u00e3o de not\u00edcias e conte\u00fados sobre o mercado de a\u00e7\u00f5es, fundos imobili\u00e1rios e economia popular. Graduando em Engenharia Qu\u00edmica pela Unesp, tamb\u00e9m j\u00e1 atuou como consultor financeiro.","url":"https:\/\/www.suno.com.br\/noticias\/author\/joao-vitor-jacintho\/"}]}},"default_loop_html":"<div class=\"cardsPage__listCard__boxs\"><div class=\"cardsPage__listCard__boxs__img\"><a href=\"https:\/\/www.suno.com.br\/noticias\/cmn-ajusta-resolucao-certificados-imobiliarios-agricolas-cri-cra-jvj\/\"><img class=\"mask\" src=\"https:\/\/www.suno.com.br\/noticias\/wp-content\/themes\/suno\/resources\/images\/spotlight\/spotlight1img\/bg-mask.png\" alt=\"Image Mask\"\/><img src=\"https:\/\/files.sunoresearch.com.br\/n\/uploads\/2023\/08\/mercado-sobe-400x200.jpg\" alt=\"CMN ajusta resolu\u00e7\u00e3o sobre certificados imobili\u00e1rios e agr\u00edcolas; o que muda?\"\/><\/a><span class=\"spotlightCategory\"><a href=\"https:\/\/www.suno.com.br\/noticias\/economia\/\">Economia<\/a><\/span><\/div><div class=\"cardsPage__listCard__boxs__content\"><a href=\"https:\/\/www.suno.com.br\/noticias\/cmn-ajusta-resolucao-certificados-imobiliarios-agricolas-cri-cra-jvj\/\"><h2 class=\"content__title\">CMN ajusta resolu\u00e7\u00e3o sobre certificados imobili\u00e1rios e agr\u00edcolas; o que muda?<\/h2><\/a><div class=\"newsContent__article__meta\"><div class=\"newsContent__article__meta__authorBox\"><a href=\"https:\/\/www.suno.com.br\/noticias\/author\/joao-vitor-jacintho\/\" class=\"authorBox__avatar noMobi\"><img src=\"https:\/\/secure.gravatar.com\/avatar\/2843227ca03ccf8cc7ccca45204c127e?s=96&#038;r=g\" alt=\"Jo\u00e3o Vitor Jacintho\"><\/a><div class=\"authorBox__name\"><span>por\n\t\t\t<a href=\"https:\/\/www.suno.com.br\/noticias\/author\/joao-vitor-jacintho\/\"><span itemprop=\"author\">Jo\u00e3o Vitor Jacintho<\/span><\/a><\/span><time datetime=\"2024-03-02T12:43:40-03:00\" itemprop=\"datePublished\">02\/03\/2024 12:43<\/time><\/div><\/div><\/div><\/div><\/div>","single_layout":"posts","amp_enabled":true,"_links":{"self":[{"href":"https:\/\/www.suno.com.br\/noticias\/wp-json\/wp\/v2\/posts\/528982"}],"collection":[{"href":"https:\/\/www.suno.com.br\/noticias\/wp-json\/wp\/v2\/posts"}],"about":[{"href":"https:\/\/www.suno.com.br\/noticias\/wp-json\/wp\/v2\/types\/post"}],"author":[{"embeddable":true,"href":"https:\/\/www.suno.com.br\/noticias\/wp-json\/wp\/v2\/users\/173"}],"replies":[{"embeddable":true,"href":"https:\/\/www.suno.com.br\/noticias\/wp-json\/wp\/v2\/comments?post=528982"}],"version-history":[{"count":3,"href":"https:\/\/www.suno.com.br\/noticias\/wp-json\/wp\/v2\/posts\/528982\/revisions"}],"predecessor-version":[{"id":529039,"href":"https:\/\/www.suno.com.br\/noticias\/wp-json\/wp\/v2\/posts\/528982\/revisions\/529039"}],"wp:featuredmedia":[{"embeddable":true,"href":"https:\/\/www.suno.com.br\/noticias\/wp-json\/wp\/v2\/media\/449152"}],"wp:attachment":[{"href":"https:\/\/www.suno.com.br\/noticias\/wp-json\/wp\/v2\/media?parent=528982"}],"wp:term":[{"taxonomy":"category","embeddable":true,"href":"https:\/\/www.suno.com.br\/noticias\/wp-json\/wp\/v2\/categories?post=528982"},{"taxonomy":"post_tag","embeddable":true,"href":"https:\/\/www.suno.com.br\/noticias\/wp-json\/wp\/v2\/tags?post=528982"},{"taxonomy":"suno_strategy","embeddable":true,"href":"https:\/\/www.suno.com.br\/noticias\/wp-json\/wp\/v2\/suno_strategy?post=528982"}],"curies":[{"name":"wp","href":"https:\/\/api.w.org\/{rel}","templated":true}]}}