{"id":52871,"date":"2020-02-13T11:03:42","date_gmt":"2020-02-13T13:03:42","guid":{"rendered":"https:\/\/www.suno.com.br\/noticias\/?p=52871"},"modified":"2021-06-21T06:21:28","modified_gmt":"2021-06-21T09:21:28","slug":"duratex-reverte-prejuizo-e-lucra","status":"publish","type":"post","link":"https:\/\/www.suno.com.br\/noticias\/duratex-reverte-prejuizo-e-lucra\/","title":{"rendered":"Duratex reverte preju\u00edzo e lucra R$ 284,7 milh\u00f5es no 4T19"},"content":{"rendered":"<p>A <a href=\"https:\/\/www.suno.com.br\/acoes\/dtex3\/\"><strong>Duratex<\/strong> (DTEX3)<\/a> anunciou, na \u00faltima quarta-feira (12), que reverteu o <strong>preju\u00edzo<\/strong> de R$ 141,9 milh\u00f5es no per\u00edodo de outubro a dezembro de 2018, e lucrou R$ 284,7 milh\u00f5es no mesmo intervalo do ano passado.<\/p>\t<div class=\"wrapper-featured-image\">\n\t\t<figure class=\"spotlightImg\">\n\n\t\t\t<picture>\n\t\t\t\t<source media=\"(max-width: 768px)\" srcset=\"https:\/\/files.sunoresearch.com.br\/n\/uploads\/2019\/10\/0c8a840b-duratex-400x200.webp\">\n\t\t\t\t<img loading=\"lazy\" decoding=\"async\" class=\"newsContent__article__imgCapa lazyloadDisabled newsContent__article__imgCapa--noCaption\" src=\"https:\/\/files.sunoresearch.com.br\/n\/uploads\/2019\/10\/0c8a840b-duratex-800x450.webp\" width=\"800\" height=\"450\" alt=\"Duratex reverte preju\u00edzo e lucra R$ 284,7 milh\u00f5es no 4T19\" fetchpriority=high \/>\n\t\t\t<\/picture>\n\n\t\t\t<figcaption class=\"wp-caption-text wp-caption-text--hide\">Dexco (DXCO3) vai pagar R$ 249 milh\u00f5es em JCP; Veja o valor por a\u00e7\u00e3o e a data de pagamento. Foto: Divulga\u00e7\u00e3o<\/figcaption>\n\t\t<\/figure>\n\t<\/div>\n\n\n\n<p>No entanto, a Duratex apresentou uma queda de 6% do <a href=\"https:\/\/www.suno.com.br\/artigos\/lucro-liquido\/\"><strong>lucro l\u00edquido<\/strong><\/a> no acumulado anual. Enquanto em 2018 a empresa teve ganhos na ordem de R$ 431,7 milh\u00f5es, no ano passado, o lucro foi de R$ 405,7 milh\u00f5es.<\/p>\n<p>O <a href=\"https:\/\/www.suno.com.br\/artigos\/ebitda\/\"><strong>Ebitda<\/strong> (lucro antes de juros, impostos, deprecia\u00e7\u00e3o e amortiza\u00e7\u00e3o) ajustado<\/a>, no quarto trimestre do ano passado, foi de R$ 278,3 milh\u00f5es, crescimento de 17,5% em compara\u00e7\u00e3o com o mesmo per\u00edodo do ano anterior. Na rela\u00e7\u00e3o anual, o indicador foi de R$ 908,9 milh\u00f5es em 2019, alta de 7,1%.<\/p>\n<p><a href=\"https:\/\/www.suno.com.br\/noticias\/banco-do-brasil-registra-lucro-liquido-de-r-56-bilhoes-no-4t19\/\">Saiba mais: Banco do Brasil registra lucro l\u00edquido de R$ 5,6 bilh\u00f5es no 4T19<\/a><\/p>\n<p>A empresa destaca uma maior efici\u00eancia operacional &#8220;resultando em uma cont\u00ednua melhora da <strong>Margem Ebitda<\/strong>, que atingiu 15,3% no quarto trimestre e 15,5% em 2019.<\/p>\n<p>A alavancagem da empresa, que \u00e9 medida pela rela\u00e7\u00e3o entre a <strong>d\u00edvida l\u00edquida<\/strong> e pelo Ebitda, sofreu uma redu\u00e7\u00e3o de 0,6x, para 1,88x.<\/p>\n<p>A receita l\u00edquida consolidada subiu 17,6% na compara\u00e7\u00e3o trimestral, atingindo R$ 1,4 bilh\u00e3o. O montante considera a parcela referente \u00e0 venda de ativos florestais para a Turvinho Participa\u00e7\u00f5es e a Bracell SP Celulose.<\/p>\n\t<p>\n\t\t<a href=\"https:\/\/lp.suno.com.br\/ebook-gratuito-investindo-no-exterior\/\" target=\"_blank\" data-element=\"shortcode-suno-banner\" title=\"Banner SUNO, clique e saiba mais\">\n\t\t\t<picture>\n\t\t\t\t<source media=\"(max-width: 500px)\" srcset=\"https:\/\/files.sunoresearch.com.br\/n\/uploads\/2023\/03\/400x300-Investindo-no-exterior.png\">\n\t\t\t\t<img class=\"newsContent__article__imgCapa newsContent__article__imgCapa--banner\"\n\t\t\t\t\tsrc=\"https:\/\/files.sunoresearch.com.br\/n\/uploads\/2023\/03\/1420x240-Investindo-no-exterior.png\"\n\t\t\t\t\tdata-promo-id=\"383161\"\t\t\t\t\t\t\t\t\t\twidth='1420' height='240'\t\t\t\t\talt=\"https:\/\/files.sunoresearch.com.br\/n\/uploads\/2023\/03\/1420x240-Investindo-no-exterior.png\"\n\t\t\t\t>\n\t\t\t<\/picture>\n\t\t<\/a>\n\t<\/p>\n\n\n<p>Todavia, &#8220;a desvaloriza\u00e7\u00e3o cambial aliada \u00e0 piora no cen\u00e1rio competitivo, impactaram os resultados da Duratex Colombia, que no ano teve sua receita l\u00edquida retra\u00edda em 6,4% sob 2018&#8221;, informou a administra\u00e7\u00e3o da empresa em comunicado.<\/p>\n<p>A <a href=\"https:\/\/www.suno.com.br\/artigos\/geracao-de-caixa\/\">gera\u00e7\u00e3o de caixa da companhia<\/a> foi de R$ 359,8 milh\u00f5es no \u00faltimo trimestre de 2019, melhora de R$ 211,9 milh\u00f5es frente ao terceiro trimestre. Al\u00e9m disso, na compara\u00e7\u00e3o anual, foram gerados R$ 459,7 milh\u00f5es, mais que o dobro do gerado um ano antes.<\/p>\n<p>Na \u00faltima quarta-feira, as a\u00e7\u00f5es da <strong>Duratex<\/strong> apresentaram alta de 4,38% na <a href=\"https:\/\/www.suno.com.br\/artigos\/b3\/\">Bolsa de Valores de S\u00e3o Paulo (B3)<\/a>, cotadas a R$ 16,44. Nos \u00faltimos 12 meses, os pap\u00e9is da empresa valorizaram 35,42%.<\/p>\n\n","protected":false},"excerpt":{"rendered":"<p>A Duratex (DTEX3) anunciou, na \u00faltima quarta-feira (12), que reverteu o preju\u00edzo de R$ 141,9 milh\u00f5es no per\u00edodo de outubro a dezembro de 2018, e lucrou R$ 284,7 milh\u00f5es no mesmo intervalo do ano passado. Dexco (DXCO3) vai pagar R$ 249 milh\u00f5es em JCP; Veja o valor por a\u00e7\u00e3o e a data de pagamento. Foto: [&hellip;]<\/p>\n","protected":false},"author":24,"featured_media":42910,"comment_status":"closed","ping_status":"closed","sticky":false,"template":"","format":"standard","meta":[],"categories":[64],"tags":[451,1607],"suno_strategy":[],"class_list":["post-52871","post","type-post","status-publish","format-standard","has-post-thumbnail","hentry","category-negocios","tag-duratex-dtex3","tag-resultado-das-empresas"],"yoast_head":"<!-- This site is optimized with the Yoast SEO plugin v24.4 - https:\/\/yoast.com\/wordpress\/plugins\/seo\/ -->\n<title>Duratex reverte preju\u00edzo e lucra R$ 284,7 milh\u00f5es no 4T19<\/title>\n<meta name=\"description\" content=\"A Duratex anunciou que reverteu o preju\u00edzo de R$ 141,9 milh\u00f5es no per\u00edodo de outubro a dezembro de 2018. Clique aqui e saiba mais.\" \/>\n<meta name=\"robots\" content=\"index, follow, max-snippet:-1, max-image-preview:large, max-video-preview:-1\" \/>\n<link rel=\"canonical\" href=\"https:\/\/www.suno.com.br\/noticias\/duratex-reverte-prejuizo-e-lucra\/\" \/>\n<meta property=\"og:locale\" content=\"pt_BR\" \/>\n<meta property=\"og:type\" content=\"article\" \/>\n<meta property=\"og:title\" content=\"Duratex reverte preju\u00edzo e lucra R$ 284,7 milh\u00f5es no 4T19\" \/>\n<meta property=\"og:description\" content=\"A Duratex anunciou que reverteu o preju\u00edzo de R$ 141,9 milh\u00f5es no per\u00edodo de outubro a dezembro de 2018. Clique aqui e saiba mais.\" \/>\n<meta property=\"og:url\" content=\"https:\/\/www.suno.com.br\/noticias\/duratex-reverte-prejuizo-e-lucra\/\" \/>\n<meta property=\"og:site_name\" content=\"Suno Not\u00edcias\" \/>\n<meta property=\"article:publisher\" content=\"https:\/\/facebook.com\/sunoresearch\" \/>\n<meta property=\"og:image\" content=\"https:\/\/files.sunoresearch.com.br\/n\/uploads\/2019\/10\/0c8a840b-duratex.jpg\" \/>\n\t<meta property=\"og:image:width\" content=\"2000\" \/>\n\t<meta property=\"og:image:height\" content=\"1345\" \/>\n\t<meta property=\"og:image:type\" content=\"image\/jpeg\" \/>\n<meta name=\"author\" content=\"Jader Lazarini\" \/>\n<meta name=\"twitter:card\" content=\"summary_large_image\" \/>\n<meta name=\"twitter:creator\" content=\"@sunoresearch\" \/>\n<meta name=\"twitter:site\" content=\"@sunoresearch\" \/>\n<meta name=\"twitter:label1\" content=\"Escrito por\" \/>\n\t<meta name=\"twitter:data1\" content=\"Jader Lazarini\" \/>\n\t<meta name=\"twitter:label2\" content=\"Est. tempo de leitura\" \/>\n\t<meta name=\"twitter:data2\" content=\"2 minutos\" \/>\n<script type=\"application\/ld+json\" class=\"yoast-schema-graph\">{\"@context\":\"https:\/\/schema.org\",\"@graph\":[{\"@type\":\"NewsArticle\",\"@id\":\"https:\/\/www.suno.com.br\/noticias\/duratex-reverte-prejuizo-e-lucra\/#article\",\"isPartOf\":{\"@id\":\"https:\/\/www.suno.com.br\/noticias\/duratex-reverte-prejuizo-e-lucra\/\"},\"author\":{\"name\":\"Jader Lazarini\",\"@id\":\"https:\/\/www.suno.com.br\/noticias\/#\/schema\/person\/918d79de1f0281f01599b93f9ea6e23f\"},\"headline\":\"Duratex reverte preju\u00edzo e lucra R$ 284,7 milh\u00f5es no 4T19\",\"datePublished\":\"2020-02-13T13:03:42+00:00\",\"dateModified\":\"2021-06-21T09:21:28+00:00\",\"mainEntityOfPage\":{\"@id\":\"https:\/\/www.suno.com.br\/noticias\/duratex-reverte-prejuizo-e-lucra\/\"},\"wordCount\":359,\"publisher\":{\"@id\":\"https:\/\/www.suno.com.br\/noticias\/#organization\"},\"image\":{\"@id\":\"https:\/\/www.suno.com.br\/noticias\/duratex-reverte-prejuizo-e-lucra\/#primaryimage\"},\"thumbnailUrl\":\"https:\/\/files.sunoresearch.com.br\/n\/uploads\/2019\/10\/0c8a840b-duratex-jpg.webp\",\"keywords\":[\"Duratex (DTEX3)\",\"Resultado das empresas\"],\"articleSection\":[\"Neg\u00f3cios\"],\"inLanguage\":\"pt-BR\"},{\"@type\":\"WebPage\",\"@id\":\"https:\/\/www.suno.com.br\/noticias\/duratex-reverte-prejuizo-e-lucra\/\",\"url\":\"https:\/\/www.suno.com.br\/noticias\/duratex-reverte-prejuizo-e-lucra\/\",\"name\":\"Duratex reverte preju\u00edzo e lucra R$ 284,7 milh\u00f5es no 4T19\",\"isPartOf\":{\"@id\":\"https:\/\/www.suno.com.br\/noticias\/#website\"},\"primaryImageOfPage\":{\"@id\":\"https:\/\/www.suno.com.br\/noticias\/duratex-reverte-prejuizo-e-lucra\/#primaryimage\"},\"image\":{\"@id\":\"https:\/\/www.suno.com.br\/noticias\/duratex-reverte-prejuizo-e-lucra\/#primaryimage\"},\"thumbnailUrl\":\"https:\/\/files.sunoresearch.com.br\/n\/uploads\/2019\/10\/0c8a840b-duratex-jpg.webp\",\"datePublished\":\"2020-02-13T13:03:42+00:00\",\"dateModified\":\"2021-06-21T09:21:28+00:00\",\"description\":\"A Duratex anunciou que reverteu o preju\u00edzo de R$ 141,9 milh\u00f5es no per\u00edodo de outubro a dezembro de 2018. Clique aqui e saiba mais.\",\"breadcrumb\":{\"@id\":\"https:\/\/www.suno.com.br\/noticias\/duratex-reverte-prejuizo-e-lucra\/#breadcrumb\"},\"inLanguage\":\"pt-BR\",\"potentialAction\":[{\"@type\":\"ReadAction\",\"target\":[\"https:\/\/www.suno.com.br\/noticias\/duratex-reverte-prejuizo-e-lucra\/\"]}]},{\"@type\":\"ImageObject\",\"inLanguage\":\"pt-BR\",\"@id\":\"https:\/\/www.suno.com.br\/noticias\/duratex-reverte-prejuizo-e-lucra\/#primaryimage\",\"url\":\"https:\/\/files.sunoresearch.com.br\/n\/uploads\/2019\/10\/0c8a840b-duratex-jpg.webp\",\"contentUrl\":\"https:\/\/files.sunoresearch.com.br\/n\/uploads\/2019\/10\/0c8a840b-duratex-jpg.webp\",\"width\":2000,\"height\":1345,\"caption\":\"Dexco (DXCO3) vai pagar R$ 249 milh\u00f5es em JCP; Veja o valor por a\u00e7\u00e3o e a data de pagamento. Foto: Divulga\u00e7\u00e3o\"},{\"@type\":\"BreadcrumbList\",\"@id\":\"https:\/\/www.suno.com.br\/noticias\/duratex-reverte-prejuizo-e-lucra\/#breadcrumb\",\"itemListElement\":[{\"@type\":\"ListItem\",\"position\":1,\"name\":\"Not\u00edcias\",\"item\":\"https:\/\/www.suno.com.br\/noticias\/\"},{\"@type\":\"ListItem\",\"position\":2,\"name\":\"Neg\u00f3cios\",\"item\":\"https:\/\/www.suno.com.br\/noticias\/negocios\/\"},{\"@type\":\"ListItem\",\"position\":3,\"name\":\"Duratex reverte preju\u00edzo e lucra R$ 284,7 milh\u00f5es no 4T19\"}]},{\"@type\":\"WebSite\",\"@id\":\"https:\/\/www.suno.com.br\/noticias\/#website\",\"url\":\"https:\/\/www.suno.com.br\/noticias\/\",\"name\":\"Suno Not\u00edcias\",\"description\":\"Seu portal de informa\u00e7\u00e3o sobre o mundo dos investimentos\",\"publisher\":{\"@id\":\"https:\/\/www.suno.com.br\/noticias\/#organization\"},\"potentialAction\":[{\"@type\":\"SearchAction\",\"target\":{\"@type\":\"EntryPoint\",\"urlTemplate\":\"https:\/\/www.suno.com.br\/noticias\/?s={search_term_string}\"},\"query-input\":{\"@type\":\"PropertyValueSpecification\",\"valueRequired\":true,\"valueName\":\"search_term_string\"}}],\"inLanguage\":\"pt-BR\"},{\"@type\":\"Organization\",\"@id\":\"https:\/\/www.suno.com.br\/noticias\/#organization\",\"name\":\"Suno Not\u00edcias\",\"url\":\"https:\/\/www.suno.com.br\/noticias\/\",\"logo\":{\"@type\":\"ImageObject\",\"inLanguage\":\"pt-BR\",\"@id\":\"https:\/\/www.suno.com.br\/noticias\/#\/schema\/logo\/image\/\",\"url\":\"https:\/\/files.sunoresearch.com.br\/n\/uploads\/2021\/09\/suno-logo.png\",\"contentUrl\":\"https:\/\/files.sunoresearch.com.br\/n\/uploads\/2021\/09\/suno-logo.png\",\"width\":180,\"height\":180,\"caption\":\"Suno Not\u00edcias\"},\"image\":{\"@id\":\"https:\/\/www.suno.com.br\/noticias\/#\/schema\/logo\/image\/\"},\"sameAs\":[\"https:\/\/facebook.com\/sunoresearch\",\"https:\/\/x.com\/sunoresearch\",\"https:\/\/www.instagram.com\/suno\",\"https:\/\/www.linkedin.com\/company\/suno-research\/\",\"https:\/\/www.youtube.com\/c\/sunoresearch\"]},{\"@type\":\"Person\",\"@id\":\"https:\/\/www.suno.com.br\/noticias\/#\/schema\/person\/918d79de1f0281f01599b93f9ea6e23f\",\"name\":\"Jader Lazarini\",\"image\":{\"@type\":\"ImageObject\",\"inLanguage\":\"pt-BR\",\"@id\":\"https:\/\/www.suno.com.br\/noticias\/#\/schema\/person\/image\/\",\"url\":\"https:\/\/secure.gravatar.com\/avatar\/3c1ad8caa51589841baeb923fcddea97?s=96&r=g\",\"contentUrl\":\"https:\/\/secure.gravatar.com\/avatar\/3c1ad8caa51589841baeb923fcddea97?s=96&r=g\",\"caption\":\"Jader Lazarini\"},\"description\":\"Jader Lazarini escreve sobre investimentos, finan\u00e7as, economia e neg\u00f3cios. \u00c9 bacharel em Rela\u00e7\u00f5es Internacionais e analista CNPI (2619).\",\"url\":\"https:\/\/www.suno.com.br\/noticias\/author\/jader-lazarini\/\"}]}<\/script>\n<!-- \/ Yoast SEO plugin. -->","yoast_head_json":{"title":"Duratex reverte preju\u00edzo e lucra R$ 284,7 milh\u00f5es no 4T19","description":"A Duratex anunciou que reverteu o preju\u00edzo de R$ 141,9 milh\u00f5es no per\u00edodo de outubro a dezembro de 2018. Clique aqui e saiba mais.","robots":{"index":"index","follow":"follow","max-snippet":"max-snippet:-1","max-image-preview":"max-image-preview:large","max-video-preview":"max-video-preview:-1"},"canonical":"https:\/\/www.suno.com.br\/noticias\/duratex-reverte-prejuizo-e-lucra\/","og_locale":"pt_BR","og_type":"article","og_title":"Duratex reverte preju\u00edzo e lucra R$ 284,7 milh\u00f5es no 4T19","og_description":"A Duratex anunciou que reverteu o preju\u00edzo de R$ 141,9 milh\u00f5es no per\u00edodo de outubro a dezembro de 2018. Clique aqui e saiba mais.","og_url":"https:\/\/www.suno.com.br\/noticias\/duratex-reverte-prejuizo-e-lucra\/","og_site_name":"Suno Not\u00edcias","article_publisher":"https:\/\/facebook.com\/sunoresearch","og_image":[{"width":2000,"height":1345,"url":"https:\/\/files.sunoresearch.com.br\/n\/uploads\/2019\/10\/0c8a840b-duratex.jpg","type":"image\/jpeg"}],"author":"Jader Lazarini","twitter_card":"summary_large_image","twitter_creator":"@sunoresearch","twitter_site":"@sunoresearch","twitter_misc":{"Escrito por":"Jader Lazarini","Est. tempo de leitura":"2 minutos"},"schema":{"@context":"https:\/\/schema.org","@graph":[{"@type":"NewsArticle","@id":"https:\/\/www.suno.com.br\/noticias\/duratex-reverte-prejuizo-e-lucra\/#article","isPartOf":{"@id":"https:\/\/www.suno.com.br\/noticias\/duratex-reverte-prejuizo-e-lucra\/"},"author":{"name":"Jader Lazarini","@id":"https:\/\/www.suno.com.br\/noticias\/#\/schema\/person\/918d79de1f0281f01599b93f9ea6e23f"},"headline":"Duratex reverte preju\u00edzo e lucra R$ 284,7 milh\u00f5es no 4T19","datePublished":"2020-02-13T13:03:42+00:00","dateModified":"2021-06-21T09:21:28+00:00","mainEntityOfPage":{"@id":"https:\/\/www.suno.com.br\/noticias\/duratex-reverte-prejuizo-e-lucra\/"},"wordCount":359,"publisher":{"@id":"https:\/\/www.suno.com.br\/noticias\/#organization"},"image":{"@id":"https:\/\/www.suno.com.br\/noticias\/duratex-reverte-prejuizo-e-lucra\/#primaryimage"},"thumbnailUrl":"https:\/\/files.sunoresearch.com.br\/n\/uploads\/2019\/10\/0c8a840b-duratex-jpg.webp","keywords":["Duratex (DTEX3)","Resultado das empresas"],"articleSection":["Neg\u00f3cios"],"inLanguage":"pt-BR"},{"@type":"WebPage","@id":"https:\/\/www.suno.com.br\/noticias\/duratex-reverte-prejuizo-e-lucra\/","url":"https:\/\/www.suno.com.br\/noticias\/duratex-reverte-prejuizo-e-lucra\/","name":"Duratex reverte preju\u00edzo e lucra R$ 284,7 milh\u00f5es no 4T19","isPartOf":{"@id":"https:\/\/www.suno.com.br\/noticias\/#website"},"primaryImageOfPage":{"@id":"https:\/\/www.suno.com.br\/noticias\/duratex-reverte-prejuizo-e-lucra\/#primaryimage"},"image":{"@id":"https:\/\/www.suno.com.br\/noticias\/duratex-reverte-prejuizo-e-lucra\/#primaryimage"},"thumbnailUrl":"https:\/\/files.sunoresearch.com.br\/n\/uploads\/2019\/10\/0c8a840b-duratex-jpg.webp","datePublished":"2020-02-13T13:03:42+00:00","dateModified":"2021-06-21T09:21:28+00:00","description":"A Duratex anunciou que reverteu o preju\u00edzo de R$ 141,9 milh\u00f5es no per\u00edodo de outubro a dezembro de 2018. Clique aqui e saiba mais.","breadcrumb":{"@id":"https:\/\/www.suno.com.br\/noticias\/duratex-reverte-prejuizo-e-lucra\/#breadcrumb"},"inLanguage":"pt-BR","potentialAction":[{"@type":"ReadAction","target":["https:\/\/www.suno.com.br\/noticias\/duratex-reverte-prejuizo-e-lucra\/"]}]},{"@type":"ImageObject","inLanguage":"pt-BR","@id":"https:\/\/www.suno.com.br\/noticias\/duratex-reverte-prejuizo-e-lucra\/#primaryimage","url":"https:\/\/files.sunoresearch.com.br\/n\/uploads\/2019\/10\/0c8a840b-duratex-jpg.webp","contentUrl":"https:\/\/files.sunoresearch.com.br\/n\/uploads\/2019\/10\/0c8a840b-duratex-jpg.webp","width":2000,"height":1345,"caption":"Dexco (DXCO3) vai pagar R$ 249 milh\u00f5es em JCP; Veja o valor por a\u00e7\u00e3o e a data de pagamento. Foto: Divulga\u00e7\u00e3o"},{"@type":"BreadcrumbList","@id":"https:\/\/www.suno.com.br\/noticias\/duratex-reverte-prejuizo-e-lucra\/#breadcrumb","itemListElement":[{"@type":"ListItem","position":1,"name":"Not\u00edcias","item":"https:\/\/www.suno.com.br\/noticias\/"},{"@type":"ListItem","position":2,"name":"Neg\u00f3cios","item":"https:\/\/www.suno.com.br\/noticias\/negocios\/"},{"@type":"ListItem","position":3,"name":"Duratex reverte preju\u00edzo e lucra R$ 284,7 milh\u00f5es no 4T19"}]},{"@type":"WebSite","@id":"https:\/\/www.suno.com.br\/noticias\/#website","url":"https:\/\/www.suno.com.br\/noticias\/","name":"Suno Not\u00edcias","description":"Seu portal de informa\u00e7\u00e3o sobre o mundo dos investimentos","publisher":{"@id":"https:\/\/www.suno.com.br\/noticias\/#organization"},"potentialAction":[{"@type":"SearchAction","target":{"@type":"EntryPoint","urlTemplate":"https:\/\/www.suno.com.br\/noticias\/?s={search_term_string}"},"query-input":{"@type":"PropertyValueSpecification","valueRequired":true,"valueName":"search_term_string"}}],"inLanguage":"pt-BR"},{"@type":"Organization","@id":"https:\/\/www.suno.com.br\/noticias\/#organization","name":"Suno Not\u00edcias","url":"https:\/\/www.suno.com.br\/noticias\/","logo":{"@type":"ImageObject","inLanguage":"pt-BR","@id":"https:\/\/www.suno.com.br\/noticias\/#\/schema\/logo\/image\/","url":"https:\/\/files.sunoresearch.com.br\/n\/uploads\/2021\/09\/suno-logo.png","contentUrl":"https:\/\/files.sunoresearch.com.br\/n\/uploads\/2021\/09\/suno-logo.png","width":180,"height":180,"caption":"Suno Not\u00edcias"},"image":{"@id":"https:\/\/www.suno.com.br\/noticias\/#\/schema\/logo\/image\/"},"sameAs":["https:\/\/facebook.com\/sunoresearch","https:\/\/x.com\/sunoresearch","https:\/\/www.instagram.com\/suno","https:\/\/www.linkedin.com\/company\/suno-research\/","https:\/\/www.youtube.com\/c\/sunoresearch"]},{"@type":"Person","@id":"https:\/\/www.suno.com.br\/noticias\/#\/schema\/person\/918d79de1f0281f01599b93f9ea6e23f","name":"Jader Lazarini","image":{"@type":"ImageObject","inLanguage":"pt-BR","@id":"https:\/\/www.suno.com.br\/noticias\/#\/schema\/person\/image\/","url":"https:\/\/secure.gravatar.com\/avatar\/3c1ad8caa51589841baeb923fcddea97?s=96&r=g","contentUrl":"https:\/\/secure.gravatar.com\/avatar\/3c1ad8caa51589841baeb923fcddea97?s=96&r=g","caption":"Jader Lazarini"},"description":"Jader Lazarini escreve sobre investimentos, finan\u00e7as, economia e neg\u00f3cios. \u00c9 bacharel em Rela\u00e7\u00f5es Internacionais e analista CNPI (2619).","url":"https:\/\/www.suno.com.br\/noticias\/author\/jader-lazarini\/"}]}},"default_loop_html":"<div class=\"cardsPage__listCard__boxs\"><div class=\"cardsPage__listCard__boxs__img\"><a href=\"https:\/\/www.suno.com.br\/noticias\/duratex-reverte-prejuizo-e-lucra\/\"><img class=\"mask\" src=\"https:\/\/www.suno.com.br\/noticias\/wp-content\/themes\/suno\/resources\/images\/spotlight\/spotlight1img\/bg-mask.png\" alt=\"Image Mask\"\/><img src=\"https:\/\/files.sunoresearch.com.br\/n\/uploads\/2019\/10\/0c8a840b-duratex-400x200.webp\" alt=\"Duratex reverte preju\u00edzo e lucra R$ 284,7 milh\u00f5es no 4T19\"\/><\/a><span class=\"spotlightCategory\"><a href=\"https:\/\/www.suno.com.br\/noticias\/negocios\/\">Neg\u00f3cios<\/a><\/span><\/div><div class=\"cardsPage__listCard__boxs__content\"><a href=\"https:\/\/www.suno.com.br\/noticias\/duratex-reverte-prejuizo-e-lucra\/\"><h2 class=\"content__title\">Duratex reverte preju\u00edzo e lucra R$ 284,7 milh\u00f5es no 4T19<\/h2><\/a><div class=\"newsContent__article__meta\"><div class=\"newsContent__article__meta__authorBox\"><a href=\"https:\/\/www.suno.com.br\/noticias\/author\/jader-lazarini\/\" class=\"authorBox__avatar noMobi\"><img src=\"https:\/\/files.sunoresearch.com.br\/n\/uploads\/2021\/01\/178e6598-foto-perfil-2-150x150.jpg\" alt=\"Jader Lazarini\"><\/a><div class=\"authorBox__name\"><span>por\n\t\t\t<a href=\"https:\/\/www.suno.com.br\/noticias\/author\/jader-lazarini\/\"><span itemprop=\"author\">Jader Lazarini<\/span><\/a><\/span><time datetime=\"2020-02-13T11:03:42-03:00\" itemprop=\"datePublished\">13\/02\/2020 11:03<\/time><\/div><\/div><\/div><\/div><\/div>","single_layout":"posts","amp_enabled":true,"_links":{"self":[{"href":"https:\/\/www.suno.com.br\/noticias\/wp-json\/wp\/v2\/posts\/52871"}],"collection":[{"href":"https:\/\/www.suno.com.br\/noticias\/wp-json\/wp\/v2\/posts"}],"about":[{"href":"https:\/\/www.suno.com.br\/noticias\/wp-json\/wp\/v2\/types\/post"}],"author":[{"embeddable":true,"href":"https:\/\/www.suno.com.br\/noticias\/wp-json\/wp\/v2\/users\/24"}],"replies":[{"embeddable":true,"href":"https:\/\/www.suno.com.br\/noticias\/wp-json\/wp\/v2\/comments?post=52871"}],"version-history":[{"count":1,"href":"https:\/\/www.suno.com.br\/noticias\/wp-json\/wp\/v2\/posts\/52871\/revisions"}],"predecessor-version":[{"id":159765,"href":"https:\/\/www.suno.com.br\/noticias\/wp-json\/wp\/v2\/posts\/52871\/revisions\/159765"}],"wp:featuredmedia":[{"embeddable":true,"href":"https:\/\/www.suno.com.br\/noticias\/wp-json\/wp\/v2\/media\/42910"}],"wp:attachment":[{"href":"https:\/\/www.suno.com.br\/noticias\/wp-json\/wp\/v2\/media?parent=52871"}],"wp:term":[{"taxonomy":"category","embeddable":true,"href":"https:\/\/www.suno.com.br\/noticias\/wp-json\/wp\/v2\/categories?post=52871"},{"taxonomy":"post_tag","embeddable":true,"href":"https:\/\/www.suno.com.br\/noticias\/wp-json\/wp\/v2\/tags?post=52871"},{"taxonomy":"suno_strategy","embeddable":true,"href":"https:\/\/www.suno.com.br\/noticias\/wp-json\/wp\/v2\/suno_strategy?post=52871"}],"curies":[{"name":"wp","href":"https:\/\/api.w.org\/{rel}","templated":true}]}}