{"id":5284,"date":"2018-10-15T10:52:28","date_gmt":"2018-10-15T13:52:28","guid":{"rendered":"https:\/\/www.suno.com.br\/noticias\/?p=5284"},"modified":"2018-10-15T10:54:55","modified_gmt":"2018-10-15T13:54:55","slug":"ibovespa-abre-1510","status":"publish","type":"post","link":"https:\/\/www.suno.com.br\/noticias\/ibovespa-abre-1510\/","title":{"rendered":"Ibovespa abre a semana com alta de +0,77%; d\u00f3lar cai para R$3,74"},"content":{"rendered":"<p>A abertura do mercado desta segunda-feira, 15 de outubro, do Ibovespa apresentou alta. Por volta de 10h46, o \u00edndice da Bolsa de Valores de S\u00e3o Paulo apresentava 83.556 de pontua\u00e7\u00e3o, com varia\u00e7\u00e3o de +0,77%. O d\u00f3lar teve queda de -0,74%, sendo avaliado em R$3,74.<\/p>\t<div class=\"wrapper-featured-image\">\n\t\t<figure class=\"spotlightImg\">\n\n\t\t\t<picture>\n\t\t\t\t<source media=\"(max-width: 768px)\" srcset=\"https:\/\/files.sunoresearch.com.br\/n\/uploads\/2018\/10\/e8867acb-ibovespa-4-400x200.webp\">\n\t\t\t\t<img loading=\"lazy\" decoding=\"async\" class=\"newsContent__article__imgCapa lazyloadDisabled newsContent__article__imgCapa--noCaption\" src=\"https:\/\/files.sunoresearch.com.br\/n\/uploads\/2018\/10\/e8867acb-ibovespa-4-800x450.webp\" width=\"800\" height=\"450\" alt=\"Ibovespa abre a semana com alta de +0,77%; d\u00f3lar cai para R$3,74\" fetchpriority=high \/>\n\t\t\t<\/picture>\n\n\t\t\t<figcaption class=\"wp-caption-text wp-caption-text--hide\">Ibovespa cai 1,13% com incertezas internas e tens\u00f5es no exterior<\/figcaption>\n\t\t<\/figure>\n\t<\/div>\n\n\n<p>Ap\u00f3s o feriado, a alta no \u00edndices do <strong>Ibovespa <\/strong>acontecem em meio a valoriza\u00e7\u00e3o das a\u00e7\u00f5es da Petrobras, Eletrobras e da Vale.<\/p>\n<p>No caso da petroleira, o crescimento acontece ap\u00f3s a nova alta do Petr\u00f3leo.<\/p>\n<p>J\u00e1 a Vale teve crescimento de 10% em rela\u00e7\u00e3o a produ\u00e7\u00e3o de min\u00e9rio de ferro.<\/p>\n<p>Tamb\u00e9m vale se destacar como os t\u00edtulos da Smiles ficar\u00e3o ap\u00f3s o an\u00fancio da Gol, que n\u00e3o renovar\u00e1 seu contrato com a empresa.<\/p>\n<p>Agentes apontam que o dia ser\u00e1 de volatilidade no mercado financeiro nacional.<\/p>\n<p><b>Elei\u00e7\u00f5es<\/b><\/p>\n<p>Antes das divulga\u00e7\u00e3o do Ibope, prevista para esta noite, a\u00a0BTG\/FBS apresentou seu levantamento para presidente no in\u00edcio desta segunda-feira.<\/p>\n<p>O levantamento traz um cen\u00e1rio mais positivo a Jair Bolsonaro (PSL).<\/p>\n<p>Isto porque o capit\u00e3o reformado aparece com 59% da inten\u00e7\u00e3o de votos, contra 41% de Fernando Haddad.<\/p>\n<p>18 pontos percentuais de diferen\u00e7a.<\/p>\n<p><strong>Bolsas mundiais<\/strong><\/p>\n<p>As bolsas asi\u00e1ticas encerram em queda de mais de 1%. Sendo que Xangai teve seu menor \u00edndice desde novembro de 2014.<\/p>\n<p>Os n\u00fameros negativos refletem o que foi a semana anterior. Desde que o Banco Central chin\u00eas anunciou a redu\u00e7\u00e3o de spread, as bolsas do continente est\u00e3o inst\u00e1veis.<\/p>\n<p>J\u00e1 as bolsas europeias operam perto de 0%. As incertezas vindas do velho continente acontecem em meio a estagna\u00e7\u00e3o das negocia\u00e7\u00f5es sobre o Brexit.<\/p>\n<p>As bolsas dos Estados Unidos operam em queda. A tens\u00e3o crescente vinda do Oriente M\u00e9dio, em especial a Ar\u00e1bia Saudita, tem deixado o mundo apreensivo.<\/p>\n<p>Alem disto, a &#8220;guerra comercial&#8221; entre China e EUA segue causando impacto.<\/p>\n<p>&nbsp;<\/p>\n","protected":false},"excerpt":{"rendered":"<p>A abertura do mercado desta segunda-feira, 15 de outubro, do Ibovespa apresentou alta. Por volta de 10h46, o \u00edndice da Bolsa de Valores de S\u00e3o Paulo apresentava 83.556 de pontua\u00e7\u00e3o, com varia\u00e7\u00e3o de +0,77%. O d\u00f3lar teve queda de -0,74%, sendo avaliado em R$3,74. Ibovespa cai 1,13% com incertezas internas e tens\u00f5es no exterior Ap\u00f3s [&hellip;]<\/p>\n","protected":false},"author":7,"featured_media":4881,"comment_status":"closed","ping_status":"closed","sticky":false,"template":"","format":"standard","meta":[],"categories":[60],"tags":[309,697,455,716,489,721,719,595,637,676],"suno_strategy":[],"class_list":["post-5284","post","type-post","status-publish","format-standard","has-post-thumbnail","hentry","category-mercado","tag-bolsa-de-valores","tag-eleicoes","tag-eletrobras-elet3-elet5-elet6","tag-fernando-haddad","tag-gol-linhas-aereas-goll11-goll4","tag-ibovespa","tag-jair-bolsonaro","tag-petrobras-petr4","tag-smiles-smls3","tag-vale-vale3"],"yoast_head":"<!-- This site is optimized with the Yoast SEO plugin v24.4 - https:\/\/yoast.com\/wordpress\/plugins\/seo\/ -->\n<title>Ibovespa abre a semana com alta de +0,77%; d\u00f3lar cai para R$3,74<\/title>\n<meta name=\"description\" content=\"Ibovespa abre a segunda em alta de +0,77% em meio as elei\u00e7\u00f5es e o aumento da tens\u00e3o no cen\u00e1rio externo. Clique para saber mais.\" \/>\n<meta name=\"robots\" content=\"index, follow, max-snippet:-1, max-image-preview:large, max-video-preview:-1\" \/>\n<link rel=\"canonical\" href=\"https:\/\/www.suno.com.br\/noticias\/ibovespa-abre-1510\/\" \/>\n<meta property=\"og:locale\" content=\"pt_BR\" \/>\n<meta property=\"og:type\" content=\"article\" \/>\n<meta property=\"og:title\" content=\"Ibovespa abre a semana com alta de +0,77%; d\u00f3lar cai para R$3,74\" \/>\n<meta property=\"og:description\" content=\"Ibovespa abre a segunda em alta de +0,77% em meio as elei\u00e7\u00f5es e o aumento da tens\u00e3o no cen\u00e1rio externo. Clique para saber mais.\" \/>\n<meta property=\"og:url\" content=\"https:\/\/www.suno.com.br\/noticias\/ibovespa-abre-1510\/\" \/>\n<meta property=\"og:site_name\" content=\"Suno Not\u00edcias\" \/>\n<meta property=\"article:publisher\" content=\"https:\/\/facebook.com\/sunoresearch\" \/>\n<meta property=\"article:author\" content=\"https:\/\/www.linkedin.com\/in\/mateus-vasconcellos-4b3542123\/\" \/>\n<meta property=\"og:image\" content=\"https:\/\/files.sunoresearch.com.br\/n\/uploads\/2018\/10\/e8867acb-ibovespa-4-scaled.webp\" \/>\n\t<meta property=\"og:image:width\" content=\"2560\" \/>\n\t<meta property=\"og:image:height\" content=\"1359\" \/>\n\t<meta property=\"og:image:type\" content=\"image\/jpeg\" \/>\n<meta name=\"author\" content=\"Mateus Vasconcellos\" \/>\n<meta name=\"twitter:card\" content=\"summary_large_image\" \/>\n<meta name=\"twitter:creator\" content=\"@sunoresearch\" \/>\n<meta name=\"twitter:site\" content=\"@sunoresearch\" \/>\n<meta name=\"twitter:label1\" content=\"Escrito por\" \/>\n\t<meta name=\"twitter:data1\" content=\"Mateus Vasconcellos\" \/>\n\t<meta name=\"twitter:label2\" content=\"Est. tempo de leitura\" \/>\n\t<meta name=\"twitter:data2\" content=\"2 minutos\" \/>\n<script type=\"application\/ld+json\" class=\"yoast-schema-graph\">{\"@context\":\"https:\/\/schema.org\",\"@graph\":[{\"@type\":\"NewsArticle\",\"@id\":\"https:\/\/www.suno.com.br\/noticias\/ibovespa-abre-1510\/#article\",\"isPartOf\":{\"@id\":\"https:\/\/www.suno.com.br\/noticias\/ibovespa-abre-1510\/\"},\"author\":{\"name\":\"Mateus Vasconcellos\",\"@id\":\"https:\/\/www.suno.com.br\/noticias\/#\/schema\/person\/ff5cc30ec6c0b55b6d3f3cfc4378b74e\"},\"headline\":\"Ibovespa abre a semana com alta de +0,77%; d\u00f3lar cai para R$3,74\",\"datePublished\":\"2018-10-15T13:52:28+00:00\",\"dateModified\":\"2018-10-15T13:54:55+00:00\",\"mainEntityOfPage\":{\"@id\":\"https:\/\/www.suno.com.br\/noticias\/ibovespa-abre-1510\/\"},\"wordCount\":334,\"publisher\":{\"@id\":\"https:\/\/www.suno.com.br\/noticias\/#organization\"},\"image\":{\"@id\":\"https:\/\/www.suno.com.br\/noticias\/ibovespa-abre-1510\/#primaryimage\"},\"thumbnailUrl\":\"https:\/\/files.sunoresearch.com.br\/n\/uploads\/2018\/10\/e8867acb-ibovespa-4-scaled.webp\",\"keywords\":[\"Bolsa de Valores\",\"Elei\u00e7\u00f5es\",\"Eletrobras (ELET3\/ELET5\/ELET6)\",\"Fernando Haddad\",\"Gol Linhas A\u00e9reas (GOLL11\/GOLL4)\",\"Ibovespa\",\"Jair Bolsonaro\",\"Petrobras (PETR4)\",\"Smiles (SMLS3)\",\"Vale (VALE3)\"],\"articleSection\":[\"Mercado\"],\"inLanguage\":\"pt-BR\"},{\"@type\":\"WebPage\",\"@id\":\"https:\/\/www.suno.com.br\/noticias\/ibovespa-abre-1510\/\",\"url\":\"https:\/\/www.suno.com.br\/noticias\/ibovespa-abre-1510\/\",\"name\":\"Ibovespa abre a semana com alta de +0,77%; d\u00f3lar cai para R$3,74\",\"isPartOf\":{\"@id\":\"https:\/\/www.suno.com.br\/noticias\/#website\"},\"primaryImageOfPage\":{\"@id\":\"https:\/\/www.suno.com.br\/noticias\/ibovespa-abre-1510\/#primaryimage\"},\"image\":{\"@id\":\"https:\/\/www.suno.com.br\/noticias\/ibovespa-abre-1510\/#primaryimage\"},\"thumbnailUrl\":\"https:\/\/files.sunoresearch.com.br\/n\/uploads\/2018\/10\/e8867acb-ibovespa-4-scaled.webp\",\"datePublished\":\"2018-10-15T13:52:28+00:00\",\"dateModified\":\"2018-10-15T13:54:55+00:00\",\"description\":\"Ibovespa abre a segunda em alta de +0,77% em meio as elei\u00e7\u00f5es e o aumento da tens\u00e3o no cen\u00e1rio externo. Clique para saber mais.\",\"breadcrumb\":{\"@id\":\"https:\/\/www.suno.com.br\/noticias\/ibovespa-abre-1510\/#breadcrumb\"},\"inLanguage\":\"pt-BR\",\"potentialAction\":[{\"@type\":\"ReadAction\",\"target\":[\"https:\/\/www.suno.com.br\/noticias\/ibovespa-abre-1510\/\"]}]},{\"@type\":\"ImageObject\",\"inLanguage\":\"pt-BR\",\"@id\":\"https:\/\/www.suno.com.br\/noticias\/ibovespa-abre-1510\/#primaryimage\",\"url\":\"https:\/\/files.sunoresearch.com.br\/n\/uploads\/2018\/10\/e8867acb-ibovespa-4-scaled.webp\",\"contentUrl\":\"https:\/\/files.sunoresearch.com.br\/n\/uploads\/2018\/10\/e8867acb-ibovespa-4-scaled.webp\",\"width\":2560,\"height\":1359,\"caption\":\"Ibovespa cai 1,13% com incertezas internas e tens\u00f5es no exterior\"},{\"@type\":\"BreadcrumbList\",\"@id\":\"https:\/\/www.suno.com.br\/noticias\/ibovespa-abre-1510\/#breadcrumb\",\"itemListElement\":[{\"@type\":\"ListItem\",\"position\":1,\"name\":\"Not\u00edcias\",\"item\":\"https:\/\/www.suno.com.br\/noticias\/\"},{\"@type\":\"ListItem\",\"position\":2,\"name\":\"Mercado\",\"item\":\"https:\/\/www.suno.com.br\/noticias\/mercado\/\"},{\"@type\":\"ListItem\",\"position\":3,\"name\":\"Ibovespa abre a semana com alta de +0,77%; d\u00f3lar cai para R$3,74\"}]},{\"@type\":\"WebSite\",\"@id\":\"https:\/\/www.suno.com.br\/noticias\/#website\",\"url\":\"https:\/\/www.suno.com.br\/noticias\/\",\"name\":\"Suno Not\u00edcias\",\"description\":\"Seu portal de informa\u00e7\u00e3o sobre o mundo dos investimentos\",\"publisher\":{\"@id\":\"https:\/\/www.suno.com.br\/noticias\/#organization\"},\"potentialAction\":[{\"@type\":\"SearchAction\",\"target\":{\"@type\":\"EntryPoint\",\"urlTemplate\":\"https:\/\/www.suno.com.br\/noticias\/?s={search_term_string}\"},\"query-input\":{\"@type\":\"PropertyValueSpecification\",\"valueRequired\":true,\"valueName\":\"search_term_string\"}}],\"inLanguage\":\"pt-BR\"},{\"@type\":\"Organization\",\"@id\":\"https:\/\/www.suno.com.br\/noticias\/#organization\",\"name\":\"Suno Not\u00edcias\",\"url\":\"https:\/\/www.suno.com.br\/noticias\/\",\"logo\":{\"@type\":\"ImageObject\",\"inLanguage\":\"pt-BR\",\"@id\":\"https:\/\/www.suno.com.br\/noticias\/#\/schema\/logo\/image\/\",\"url\":\"https:\/\/files.sunoresearch.com.br\/n\/uploads\/2021\/09\/suno-logo.png\",\"contentUrl\":\"https:\/\/files.sunoresearch.com.br\/n\/uploads\/2021\/09\/suno-logo.png\",\"width\":180,\"height\":180,\"caption\":\"Suno Not\u00edcias\"},\"image\":{\"@id\":\"https:\/\/www.suno.com.br\/noticias\/#\/schema\/logo\/image\/\"},\"sameAs\":[\"https:\/\/facebook.com\/sunoresearch\",\"https:\/\/x.com\/sunoresearch\",\"https:\/\/www.instagram.com\/suno\",\"https:\/\/www.linkedin.com\/company\/suno-research\/\",\"https:\/\/www.youtube.com\/c\/sunoresearch\"]},{\"@type\":\"Person\",\"@id\":\"https:\/\/www.suno.com.br\/noticias\/#\/schema\/person\/ff5cc30ec6c0b55b6d3f3cfc4378b74e\",\"name\":\"Mateus Vasconcellos\",\"image\":{\"@type\":\"ImageObject\",\"inLanguage\":\"pt-BR\",\"@id\":\"https:\/\/www.suno.com.br\/noticias\/#\/schema\/person\/image\/\",\"url\":\"https:\/\/secure.gravatar.com\/avatar\/8d725238a0ef7530bdf58578a222f948?s=96&r=g\",\"contentUrl\":\"https:\/\/secure.gravatar.com\/avatar\/8d725238a0ef7530bdf58578a222f948?s=96&r=g\",\"caption\":\"Mateus Vasconcellos\"},\"description\":\"Formado em jornalismo pela Universidade Presbiteriana Mackenzie, Mateus Vasconcellos escreve sobre o mercado financeiro para o portal de not\u00edcias da Suno Research. Antes da Suno, teve passagem pelo Observat\u00f3rio do Terceiro Setor e \u00e9 vencedor do 7\u00b0 Pr\u00eamio Jovem Jornalista Fernando Pacheco Jord\u00e3o.\",\"sameAs\":[\"https:\/\/www.suno.com.br\",\"https:\/\/www.linkedin.com\/in\/mateus-vasconcellos-4b3542123\/\"],\"url\":\"https:\/\/www.suno.com.br\/noticias\/author\/mateus-vasconcellos\/\"}]}<\/script>\n<!-- \/ Yoast SEO plugin. -->","yoast_head_json":{"title":"Ibovespa abre a semana com alta de +0,77%; d\u00f3lar cai para R$3,74","description":"Ibovespa abre a segunda em alta de +0,77% em meio as elei\u00e7\u00f5es e o aumento da tens\u00e3o no cen\u00e1rio externo. Clique para saber mais.","robots":{"index":"index","follow":"follow","max-snippet":"max-snippet:-1","max-image-preview":"max-image-preview:large","max-video-preview":"max-video-preview:-1"},"canonical":"https:\/\/www.suno.com.br\/noticias\/ibovespa-abre-1510\/","og_locale":"pt_BR","og_type":"article","og_title":"Ibovespa abre a semana com alta de +0,77%; d\u00f3lar cai para R$3,74","og_description":"Ibovespa abre a segunda em alta de +0,77% em meio as elei\u00e7\u00f5es e o aumento da tens\u00e3o no cen\u00e1rio externo. Clique para saber mais.","og_url":"https:\/\/www.suno.com.br\/noticias\/ibovespa-abre-1510\/","og_site_name":"Suno Not\u00edcias","article_publisher":"https:\/\/facebook.com\/sunoresearch","article_author":"https:\/\/www.linkedin.com\/in\/mateus-vasconcellos-4b3542123\/","og_image":[{"width":2560,"height":1359,"url":"https:\/\/files.sunoresearch.com.br\/n\/uploads\/2018\/10\/e8867acb-ibovespa-4-scaled.webp","type":"image\/jpeg"}],"author":"Mateus Vasconcellos","twitter_card":"summary_large_image","twitter_creator":"@sunoresearch","twitter_site":"@sunoresearch","twitter_misc":{"Escrito por":"Mateus Vasconcellos","Est. tempo de leitura":"2 minutos"},"schema":{"@context":"https:\/\/schema.org","@graph":[{"@type":"NewsArticle","@id":"https:\/\/www.suno.com.br\/noticias\/ibovespa-abre-1510\/#article","isPartOf":{"@id":"https:\/\/www.suno.com.br\/noticias\/ibovespa-abre-1510\/"},"author":{"name":"Mateus Vasconcellos","@id":"https:\/\/www.suno.com.br\/noticias\/#\/schema\/person\/ff5cc30ec6c0b55b6d3f3cfc4378b74e"},"headline":"Ibovespa abre a semana com alta de +0,77%; d\u00f3lar cai para R$3,74","datePublished":"2018-10-15T13:52:28+00:00","dateModified":"2018-10-15T13:54:55+00:00","mainEntityOfPage":{"@id":"https:\/\/www.suno.com.br\/noticias\/ibovespa-abre-1510\/"},"wordCount":334,"publisher":{"@id":"https:\/\/www.suno.com.br\/noticias\/#organization"},"image":{"@id":"https:\/\/www.suno.com.br\/noticias\/ibovespa-abre-1510\/#primaryimage"},"thumbnailUrl":"https:\/\/files.sunoresearch.com.br\/n\/uploads\/2018\/10\/e8867acb-ibovespa-4-scaled.webp","keywords":["Bolsa de Valores","Elei\u00e7\u00f5es","Eletrobras (ELET3\/ELET5\/ELET6)","Fernando Haddad","Gol Linhas A\u00e9reas (GOLL11\/GOLL4)","Ibovespa","Jair Bolsonaro","Petrobras (PETR4)","Smiles (SMLS3)","Vale (VALE3)"],"articleSection":["Mercado"],"inLanguage":"pt-BR"},{"@type":"WebPage","@id":"https:\/\/www.suno.com.br\/noticias\/ibovespa-abre-1510\/","url":"https:\/\/www.suno.com.br\/noticias\/ibovespa-abre-1510\/","name":"Ibovespa abre a semana com alta de +0,77%; d\u00f3lar cai para R$3,74","isPartOf":{"@id":"https:\/\/www.suno.com.br\/noticias\/#website"},"primaryImageOfPage":{"@id":"https:\/\/www.suno.com.br\/noticias\/ibovespa-abre-1510\/#primaryimage"},"image":{"@id":"https:\/\/www.suno.com.br\/noticias\/ibovespa-abre-1510\/#primaryimage"},"thumbnailUrl":"https:\/\/files.sunoresearch.com.br\/n\/uploads\/2018\/10\/e8867acb-ibovespa-4-scaled.webp","datePublished":"2018-10-15T13:52:28+00:00","dateModified":"2018-10-15T13:54:55+00:00","description":"Ibovespa abre a segunda em alta de +0,77% em meio as elei\u00e7\u00f5es e o aumento da tens\u00e3o no cen\u00e1rio externo. Clique para saber mais.","breadcrumb":{"@id":"https:\/\/www.suno.com.br\/noticias\/ibovespa-abre-1510\/#breadcrumb"},"inLanguage":"pt-BR","potentialAction":[{"@type":"ReadAction","target":["https:\/\/www.suno.com.br\/noticias\/ibovespa-abre-1510\/"]}]},{"@type":"ImageObject","inLanguage":"pt-BR","@id":"https:\/\/www.suno.com.br\/noticias\/ibovespa-abre-1510\/#primaryimage","url":"https:\/\/files.sunoresearch.com.br\/n\/uploads\/2018\/10\/e8867acb-ibovespa-4-scaled.webp","contentUrl":"https:\/\/files.sunoresearch.com.br\/n\/uploads\/2018\/10\/e8867acb-ibovespa-4-scaled.webp","width":2560,"height":1359,"caption":"Ibovespa cai 1,13% com incertezas internas e tens\u00f5es no exterior"},{"@type":"BreadcrumbList","@id":"https:\/\/www.suno.com.br\/noticias\/ibovespa-abre-1510\/#breadcrumb","itemListElement":[{"@type":"ListItem","position":1,"name":"Not\u00edcias","item":"https:\/\/www.suno.com.br\/noticias\/"},{"@type":"ListItem","position":2,"name":"Mercado","item":"https:\/\/www.suno.com.br\/noticias\/mercado\/"},{"@type":"ListItem","position":3,"name":"Ibovespa abre a semana com alta de +0,77%; d\u00f3lar cai para R$3,74"}]},{"@type":"WebSite","@id":"https:\/\/www.suno.com.br\/noticias\/#website","url":"https:\/\/www.suno.com.br\/noticias\/","name":"Suno Not\u00edcias","description":"Seu portal de informa\u00e7\u00e3o sobre o mundo dos investimentos","publisher":{"@id":"https:\/\/www.suno.com.br\/noticias\/#organization"},"potentialAction":[{"@type":"SearchAction","target":{"@type":"EntryPoint","urlTemplate":"https:\/\/www.suno.com.br\/noticias\/?s={search_term_string}"},"query-input":{"@type":"PropertyValueSpecification","valueRequired":true,"valueName":"search_term_string"}}],"inLanguage":"pt-BR"},{"@type":"Organization","@id":"https:\/\/www.suno.com.br\/noticias\/#organization","name":"Suno Not\u00edcias","url":"https:\/\/www.suno.com.br\/noticias\/","logo":{"@type":"ImageObject","inLanguage":"pt-BR","@id":"https:\/\/www.suno.com.br\/noticias\/#\/schema\/logo\/image\/","url":"https:\/\/files.sunoresearch.com.br\/n\/uploads\/2021\/09\/suno-logo.png","contentUrl":"https:\/\/files.sunoresearch.com.br\/n\/uploads\/2021\/09\/suno-logo.png","width":180,"height":180,"caption":"Suno Not\u00edcias"},"image":{"@id":"https:\/\/www.suno.com.br\/noticias\/#\/schema\/logo\/image\/"},"sameAs":["https:\/\/facebook.com\/sunoresearch","https:\/\/x.com\/sunoresearch","https:\/\/www.instagram.com\/suno","https:\/\/www.linkedin.com\/company\/suno-research\/","https:\/\/www.youtube.com\/c\/sunoresearch"]},{"@type":"Person","@id":"https:\/\/www.suno.com.br\/noticias\/#\/schema\/person\/ff5cc30ec6c0b55b6d3f3cfc4378b74e","name":"Mateus Vasconcellos","image":{"@type":"ImageObject","inLanguage":"pt-BR","@id":"https:\/\/www.suno.com.br\/noticias\/#\/schema\/person\/image\/","url":"https:\/\/secure.gravatar.com\/avatar\/8d725238a0ef7530bdf58578a222f948?s=96&r=g","contentUrl":"https:\/\/secure.gravatar.com\/avatar\/8d725238a0ef7530bdf58578a222f948?s=96&r=g","caption":"Mateus Vasconcellos"},"description":"Formado em jornalismo pela Universidade Presbiteriana Mackenzie, Mateus Vasconcellos escreve sobre o mercado financeiro para o portal de not\u00edcias da Suno Research. Antes da Suno, teve passagem pelo Observat\u00f3rio do Terceiro Setor e \u00e9 vencedor do 7\u00b0 Pr\u00eamio Jovem Jornalista Fernando Pacheco Jord\u00e3o.","sameAs":["https:\/\/www.suno.com.br","https:\/\/www.linkedin.com\/in\/mateus-vasconcellos-4b3542123\/"],"url":"https:\/\/www.suno.com.br\/noticias\/author\/mateus-vasconcellos\/"}]}},"default_loop_html":"<div class=\"cardsPage__listCard__boxs\"><div class=\"cardsPage__listCard__boxs__img\"><a href=\"https:\/\/www.suno.com.br\/noticias\/ibovespa-abre-1510\/\"><img class=\"mask\" src=\"https:\/\/www.suno.com.br\/noticias\/wp-content\/themes\/suno\/resources\/images\/spotlight\/spotlight1img\/bg-mask.png\" alt=\"Image Mask\"\/><img src=\"https:\/\/files.sunoresearch.com.br\/n\/uploads\/2018\/10\/e8867acb-ibovespa-4-400x200.webp\" alt=\"Ibovespa abre a semana com alta de +0,77%; d\u00f3lar cai para R$3,74\"\/><\/a><span class=\"spotlightCategory\"><a href=\"https:\/\/www.suno.com.br\/noticias\/mercado\/\">Mercado<\/a><\/span><\/div><div class=\"cardsPage__listCard__boxs__content\"><a href=\"https:\/\/www.suno.com.br\/noticias\/ibovespa-abre-1510\/\"><h2 class=\"content__title\">Ibovespa abre a semana com alta de +0,77%; d\u00f3lar cai para R$3,74<\/h2><\/a><div class=\"newsContent__article__meta\"><div class=\"newsContent__article__meta__authorBox\"><a href=\"https:\/\/www.suno.com.br\/noticias\/author\/mateus-vasconcellos\/\" class=\"authorBox__avatar noMobi\"><img src=\"https:\/\/secure.gravatar.com\/avatar\/8d725238a0ef7530bdf58578a222f948?s=96&#038;r=g\" alt=\"Mateus Vasconcellos\"><\/a><div class=\"authorBox__name\"><span>por\n\t\t\t<a href=\"https:\/\/www.suno.com.br\/noticias\/author\/mateus-vasconcellos\/\"><span itemprop=\"author\">Mateus Vasconcellos<\/span><\/a><\/span><time datetime=\"2018-10-15T10:52:28-03:00\" itemprop=\"datePublished\">15\/10\/2018 10:52<\/time><\/div><\/div><\/div><\/div><\/div>","single_layout":"posts","amp_enabled":true,"_links":{"self":[{"href":"https:\/\/www.suno.com.br\/noticias\/wp-json\/wp\/v2\/posts\/5284"}],"collection":[{"href":"https:\/\/www.suno.com.br\/noticias\/wp-json\/wp\/v2\/posts"}],"about":[{"href":"https:\/\/www.suno.com.br\/noticias\/wp-json\/wp\/v2\/types\/post"}],"author":[{"embeddable":true,"href":"https:\/\/www.suno.com.br\/noticias\/wp-json\/wp\/v2\/users\/7"}],"replies":[{"embeddable":true,"href":"https:\/\/www.suno.com.br\/noticias\/wp-json\/wp\/v2\/comments?post=5284"}],"version-history":[{"count":0,"href":"https:\/\/www.suno.com.br\/noticias\/wp-json\/wp\/v2\/posts\/5284\/revisions"}],"wp:featuredmedia":[{"embeddable":true,"href":"https:\/\/www.suno.com.br\/noticias\/wp-json\/wp\/v2\/media\/4881"}],"wp:attachment":[{"href":"https:\/\/www.suno.com.br\/noticias\/wp-json\/wp\/v2\/media?parent=5284"}],"wp:term":[{"taxonomy":"category","embeddable":true,"href":"https:\/\/www.suno.com.br\/noticias\/wp-json\/wp\/v2\/categories?post=5284"},{"taxonomy":"post_tag","embeddable":true,"href":"https:\/\/www.suno.com.br\/noticias\/wp-json\/wp\/v2\/tags?post=5284"},{"taxonomy":"suno_strategy","embeddable":true,"href":"https:\/\/www.suno.com.br\/noticias\/wp-json\/wp\/v2\/suno_strategy?post=5284"}],"curies":[{"name":"wp","href":"https:\/\/api.w.org\/{rel}","templated":true}]}}