{"id":528365,"date":"2024-02-29T22:44:04","date_gmt":"2024-03-01T01:44:04","guid":{"rendered":"https:\/\/www.suno.com.br\/noticias\/?p=528365"},"modified":"2024-02-29T22:44:12","modified_gmt":"2024-03-01T01:44:12","slug":"prio-prio3-aumento-capital-investidores-alerta-itau-bba-mm","status":"publish","type":"post","link":"https:\/\/www.suno.com.br\/noticias\/prio-prio3-aumento-capital-investidores-alerta-itau-bba-mm\/","title":{"rendered":"Prio (PRIO3): aumento de capital de R$ 2 bilh\u00f5es pode decepcionar investidores, alerta BBA. Entenda por qu\u00ea"},"content":{"rendered":"<p>Depois que o <a class=\"suno-keyword\" target=\"_blank\" data-force=\"no\" data-priority=\"1\" href=\"https:\/\/www.suno.com.br\/artigos\/conselho-administracao\/\" rel=\"noopener\">conselho de administra\u00e7\u00e3o<\/a> da <strong>Prio<\/strong> (PRIO3) revelou ao mercado ter aprovado o aumento do capital social de R$ 2 bilh\u00f5es, mediante capitaliza\u00e7\u00e3o de recursos alocados na <a class=\"suno-keyword\" target=\"_blank\" data-force=\"no\" data-priority=\"1\" href=\"https:\/\/www.suno.com.br\/artigos\/reserva-de-lucros\/\" rel=\"noopener\">reserva de lucros<\/a> denominada &#8220;reserva de investimentos\u201d, o Ita\u00fa BBA disse, nesta quinta-feira (29), que a medida prioriza crescimento, mas pode gerar expectativas altas para investidores imediatistas.<\/p>\t<div class=\"wrapper-featured-image\">\n\t\t<figure class=\"spotlightImg\">\n\n\t\t\t<picture>\n\t\t\t\t<source media=\"(max-width: 768px)\" srcset=\"https:\/\/files.sunoresearch.com.br\/n\/uploads\/2022\/12\/plataforma-de-petroleo-400x200.jpg\">\n\t\t\t\t<img loading=\"lazy\" decoding=\"async\" class=\"newsContent__article__imgCapa lazyloadDisabled \" src=\"https:\/\/files.sunoresearch.com.br\/n\/uploads\/2022\/12\/plataforma-de-petroleo-800x450.jpg\" width=\"800\" height=\"450\" alt=\"Prio (PRIO3): aumento de capital de R$ 2 bilh\u00f5es pode decepcionar investidores, alerta BBA. Entenda por qu\u00ea\" fetchpriority=high \/>\n\t\t\t<\/picture>\n\n\t\t\t<figcaption class=\"wp-caption-text wp-caption-text--show\">Prio (PRIO3). - Foto: Pixabay<\/figcaption>\n\t\t<\/figure>\n\t<\/div>\n\n\n\n\n\n\t<p>\n\t\t<a href=\"https:\/\/lp.suno.com.br\/planilha-da-vida-financeira\/\" target=\"_blank\" data-element=\"shortcode-suno-banner\" title=\"Banner SUNO, clique e saiba mais\">\n\t\t\t<picture>\n\t\t\t\t<source media=\"(max-width: 500px)\" srcset=\"https:\/\/files.sunoresearch.com.br\/n\/uploads\/2023\/04\/400x300-Planilha-vida-financeira-true.png\">\n\t\t\t\t<img class=\"newsContent__article__imgCapa newsContent__article__imgCapa--banner\"\n\t\t\t\t\tsrc=\"https:\/\/files.sunoresearch.com.br\/n\/uploads\/2023\/04\/1420x240-Planilha-vida-financeira-true.png\"\n\t\t\t\t\tdata-promo-id=\"106682\"\t\t\t\t\t\t\t\t\t\twidth='1420' height='240'\t\t\t\t\talt=\"https:\/\/files.sunoresearch.com.br\/n\/uploads\/2023\/04\/1420x240-Planilha-vida-financeira-true.png\"\n\t\t\t\t>\n\t\t\t<\/picture>\n\t\t<\/a>\n\t<\/p>\n\n\n\n\n\n\n\n<p>Em relat\u00f3rio, a analista Monique Martins pontua que o objetivo da reserva de <strong>investimentos da Prio<\/strong> \u00e9 fortalecer ativos em produ\u00e7\u00e3o, financiar projetos de desenvolvimento e explorar oportunidades futuras, alinhando-se \u00e0 estrat\u00e9gia de crescimento da empresa e buscando equilibrar as expectativas dos acionistas.<\/p>\n\n\n\n<p>Al\u00e9m disso, segundo a estrategista, o <strong>an\u00fancio da Prio sobre aumento de capital<\/strong> reafirma a clara inten\u00e7\u00e3o da Prio em priorizar a expans\u00e3o do neg\u00f3cio, mantendo flexibilidade financeira para reinvestir em ativos. Contudo, Martins pondera que a abordagem pode tomar outro rumo.<\/p>\n\n\n\n<p>\u201cEmbora n\u00e3o possamos descartar a possibilidade de a empresa equilibrar seu plano de crescimento com o pagamento aos <strong>acionistas da Prio<\/strong> em 2024, pensamos que o an\u00fancio pode decepcionar um pouco os investidores que esperavam que a empresa estivesse mais aberta ao pagamento de <a class=\"suno-keyword\" target=\"_blank\" data-force=\"no\" data-priority=\"1\" href=\"https:\/\/www.suno.com.br\/guias\/dividendos\/\" rel=\"noopener\">dividendos<\/a> a <a class=\"suno-keyword\" target=\"_blank\" data-force=\"no\" data-priority=\"1\" href=\"https:\/\/www.suno.com.br\/artigos\/curto-prazo\/\" rel=\"noopener\">curto prazo<\/a>\u201d, alerta.<\/p>\n\n\n\n<p>Ap\u00f3s a capitaliza\u00e7\u00e3o, segundo o BBA, a <a class=\"suno-keyword\" target=\"_blank\" data-force=\"no\" data-priority=\"1\" href=\"https:\/\/www.suno.com.br\/artigos\/reserva-de-lucros\/\" rel=\"noopener\">reserva de lucros<\/a> remanescente de R$ 1,3 bilh\u00e3o da Prio ser\u00e1 equivalente a cerca de 16% do <strong>capital social da Prio<\/strong> e deve aumentar para at\u00e9 R$ 6,0 bilh\u00f5es (80% do novo capital social). \u201cDessa forma, a capitaliza\u00e7\u00e3o da reserva de lucros d\u00e1 ao Prio mais flexibilidade para decidir a melhor aloca\u00e7\u00e3o para o lucro do ano, podendo ser por meio de pagamento de <a class=\"suno-keyword\" target=\"_blank\" data-force=\"no\" data-priority=\"1\" href=\"https:\/\/www.suno.com.br\/guias\/dividendos\/\" rel=\"noopener\">dividendos<\/a> e\/ou aumento das reservas de lucros\u201d, escreve Martins.<\/p>\n\n\n\n<p>O BBA estima que a empresa, com a divulga\u00e7\u00e3o de resultados do quarto semestre de 2023 (<strong>4T23 da Prio<\/strong>), apresente <a class=\"suno-keyword\" target=\"_blank\" data-force=\"no\" data-priority=\"1\" href=\"https:\/\/www.suno.com.br\/artigos\/lucro-liquido\/\" rel=\"noopener\">lucro l\u00edquido<\/a> de R$ 4,7 bilh\u00f5es em 2023.<\/p>\n\n\n\t<p>\n\t\t<a href=\"https:\/\/lp.suno.com.br\/ebook-como-analisar-uma-acao\/\" target=\"_blank\" data-element=\"shortcode-suno-banner\" title=\"Banner SUNO, clique e saiba mais\">\n\t\t\t<picture>\n\t\t\t\t<source media=\"(max-width: 500px)\" srcset=\"https:\/\/files.sunoresearch.com.br\/n\/uploads\/2023\/03\/Ebook-Acoes-Mobile.jpg\">\n\t\t\t\t<img class=\"newsContent__article__imgCapa newsContent__article__imgCapa--banner\"\n\t\t\t\t\tsrc=\"https:\/\/files.sunoresearch.com.br\/n\/uploads\/2023\/03\/Ebook-Acoes-Desktop.jpg\"\n\t\t\t\t\tdata-promo-id=\"378302\"\t\t\t\t\t\t\t\t\t\twidth='1420' height='286'\t\t\t\t\talt=\"https:\/\/files.sunoresearch.com.br\/n\/uploads\/2023\/03\/Ebook-Acoes-Desktop.jpg\"\n\t\t\t\t>\n\t\t\t<\/picture>\n\t\t<\/a>\n\t<\/p>\n\n\n\n\n\n<h2 class=\"wp-block-heading\">Prio \u00e9 a favorita do BTG entre as empresas juniores de petr\u00f3leo<\/h2>\n\n\n\n<p>O BTG Pactual projeta um quarto trimestre de 2023 (4T23) sem muitos catalisadores positivos para as empresas juniores de petr\u00f3leo. Neste contexto, a<strong>&nbsp;Prio<\/strong>&nbsp;(PRIO3) continua sendo a principal escolha do banco no segmento, suportada pela robusta&nbsp;<a href=\"https:\/\/www.suno.com.br\/artigos\/geracao-de-caixa\/\" target=\"_blank\" rel=\"noreferrer noopener\">gera\u00e7\u00e3o de caixa<\/a>&nbsp;em 2024 e 2025.<\/p>\n\n\n\n<p>A Prio divulgar\u00e1 seus resultados em 11 de mar\u00e7o, antes da&nbsp;<a target=\"_blank\" href=\"https:\/\/www.suno.com.br\/artigos\/abertura-do-mercado\/\" rel=\"noreferrer noopener\">abertura do mercado<\/a>. Embora a produ\u00e7\u00e3o esteja est\u00e1vel em 100,3 kb\/d (aumento de 0,4% trimestre a trimestre), as vendas ca\u00edram 14% para 8,4 milh\u00f5es de barris.&nbsp;<\/p>\n\n\n\n<p>\u201cIsso, combinado com pre\u00e7os mais baixos do petr\u00f3leo e despesas de marketing mais altas, leva \u00e0 previs\u00e3o de um Ebitda (Lucro antes de juros, impostos,&nbsp;<a target=\"_blank\" href=\"https:\/\/www.suno.com.br\/artigos\/depreciacao-amortizacao\/\" rel=\"noreferrer noopener\">deprecia\u00e7\u00e3o e amortiza\u00e7\u00e3o<\/a>) IFRS16 de US$ 517 milh\u00f5es (US$ 505 milh\u00f5es ex-IFRS16), uma redu\u00e7\u00e3o de 20% em rela\u00e7\u00e3o ao trimestre anterior\u201d, comenta o BTG.&nbsp;<\/p>\n\n\n\n<p>Os&nbsp;<strong>custos de produ\u00e7\u00e3o da Prio<\/strong>&nbsp;s\u00e3o estimados em US$ 6,8\/bbl, ultrapassando o limite de US$ 7\/bbl pela primeira vez. As receitas l\u00edquidas s\u00e3o projetadas em US$ 664 milh\u00f5es, com lucros de US$ 311 milh\u00f5es e fluxo de caixa de US$ 266 milh\u00f5es.<\/p>\n\n\n\n<p>Pelo lado da&nbsp;<strong>3R Petroleum (RRRP3)<\/strong>, que ir\u00e1 divulgar os resultados dia 6 de mar\u00e7o,&nbsp;\u00e9 esperada uma queda sequencial do Ebitda de 14%, para US$ 146 milh\u00f5es (R$ 723 milh\u00f5es), explicado principalmente pelos fortes resultados de downstream no terceiro trimestre.&nbsp;<\/p>\n\n\n\n<p>\u201cNossa previs\u00e3o de Ebitda n\u00e3o incorpora resultados de refino, portanto, em uma compara\u00e7\u00e3o \u201cmesma base\u201d (apenas upstream\/corporate), a queda do Ebitda dever\u00e1 ser pequena (-4,7% t\/t) decorrente dos pre\u00e7os mais baixos do petr\u00f3leo\u201d, explica o BTG.<\/p>\n\n\n\n<p>No quarto trimestre, espera-se que a 3R Petroleum apresente melhorias operacionais significativas devido ao crescimento da produ\u00e7\u00e3o em 8% para 46,1 mil boe\/d. Isso ajudar\u00e1 a empresa a diluir custos fixos, especialmente no campo Papa-Terra. As estimativas para o trimestre incluem receitas l\u00edquidas de US$ 278 milh\u00f5es e&nbsp; lucros de US$ 122 milh\u00f5es.&nbsp;<\/p>\n\n\n\n<p>Por fim, a&nbsp;<strong>PetroRec\u00f4ncavo (RECV3)&nbsp;<\/strong>divulgar\u00e1 seus resultados em 5 de mar\u00e7o, ap\u00f3s o&nbsp;<a target=\"_blank\" href=\"https:\/\/www.suno.com.br\/artigos\/fechamento-do-mercado\/\" rel=\"noreferrer noopener\">fechamento do mercado<\/a>. No quarto trimestre, a empresa enfrentou contratempos devido a paralisa\u00e7\u00f5es de manuten\u00e7\u00e3o em ativos midstream operados pela RRRP. Isso resultou em uma produ\u00e7\u00e3o menor de 25,4 kboe\/d (-9% trimestre a trimestre), redu\u00e7\u00e3o na monetiza\u00e7\u00e3o do g\u00e1s e maiores despesas com vendas devido ao uso de transporte rodovi\u00e1rio.&nbsp;<\/p>\n\n\n\n<p>Prev\u00ea-se que o Ebitda caia 25% para US$ 58 milh\u00f5es, o menor em 2023. No entanto, a produ\u00e7\u00e3o de janeiro da empresa mostrou melhorias, sugerindo alguma normaliza\u00e7\u00e3o das opera\u00e7\u00f5es no primeiro trimestre de 2024. \u201cAs estimativas para o quarto trimestre incluem receitas l\u00edquidas de US$ 139 milh\u00f5es, lucro de US$ 21 milh\u00f5es e fluxo de caixa de US$ 14 milh\u00f5es\u201d, diz o BTG.&nbsp;<\/p>\n\n\n\t<p>\n\t\t<a href=\"https:\/\/lp.suno.com.br\/planilha-da-vida-financeira\/\" target=\"_blank\" data-element=\"shortcode-suno-banner\" title=\"Banner SUNO, clique e saiba mais\">\n\t\t\t<picture>\n\t\t\t\t<source media=\"(max-width: 500px)\" srcset=\"https:\/\/files.sunoresearch.com.br\/n\/uploads\/2023\/04\/400x300-Planilha-vida-financeira-true.png\">\n\t\t\t\t<img class=\"newsContent__article__imgCapa newsContent__article__imgCapa--banner\"\n\t\t\t\t\tsrc=\"https:\/\/files.sunoresearch.com.br\/n\/uploads\/2023\/04\/1420x240-Planilha-vida-financeira-true.png\"\n\t\t\t\t\tdata-promo-id=\"383123\"\t\t\t\t\t\t\t\t\t\twidth='1420' height='240'\t\t\t\t\talt=\"https:\/\/files.sunoresearch.com.br\/n\/uploads\/2023\/04\/1420x240-Planilha-vida-financeira-true.png\"\n\t\t\t\t>\n\t\t\t<\/picture>\n\t\t<\/a>\n\t<\/p>\n\n\n","protected":false},"excerpt":{"rendered":"<p>Depois que o conselho de administra\u00e7\u00e3o da Prio (PRIO3) revelou ao mercado ter aprovado o aumento do capital social de R$ 2 bilh\u00f5es, mediante capitaliza\u00e7\u00e3o de recursos alocados na reserva de lucros denominada &#8220;reserva de investimentos\u201d, o Ita\u00fa BBA disse, nesta quinta-feira (29), que a medida prioriza crescimento, mas pode gerar expectativas altas para investidores [&hellip;]<\/p>\n","protected":false},"author":345,"featured_media":334306,"comment_status":"closed","ping_status":"closed","sticky":false,"template":"","format":"standard","meta":[],"categories":[64],"tags":[286,107114],"suno_strategy":[],"class_list":["post-528365","post","type-post","status-publish","format-standard","has-post-thumbnail","hentry","category-negocios","tag-acoes","tag-prio-prio3"],"yoast_head":"<!-- This site is optimized with the Yoast SEO plugin v24.4 - https:\/\/yoast.com\/wordpress\/plugins\/seo\/ -->\n<title>Prio (PRIO3): aumento de capital pode decepcionar, diz BBA<\/title>\n<meta name=\"description\" content=\"O Ita\u00fa BBA disse, que a medida da Prio foca em crescimento, mas pode gerar expectativas altas para investidores imediatistas.\" \/>\n<meta name=\"robots\" content=\"index, follow, max-snippet:-1, max-image-preview:large, max-video-preview:-1\" \/>\n<link rel=\"canonical\" href=\"https:\/\/www.suno.com.br\/noticias\/prio-prio3-aumento-capital-investidores-alerta-itau-bba-mm\/\" \/>\n<meta property=\"og:locale\" content=\"pt_BR\" \/>\n<meta property=\"og:type\" content=\"article\" \/>\n<meta property=\"og:title\" content=\"Prio (PRIO3): aumento de capital pode decepcionar, diz BBA\" \/>\n<meta property=\"og:description\" content=\"O Ita\u00fa BBA disse, que a medida da Prio foca em crescimento, mas pode gerar expectativas altas para investidores imediatistas.\" \/>\n<meta property=\"og:url\" content=\"https:\/\/www.suno.com.br\/noticias\/prio-prio3-aumento-capital-investidores-alerta-itau-bba-mm\/\" \/>\n<meta property=\"og:site_name\" content=\"Suno Not\u00edcias\" \/>\n<meta property=\"article:publisher\" content=\"https:\/\/facebook.com\/sunoresearch\" \/>\n<meta property=\"og:image\" content=\"https:\/\/files.sunoresearch.com.br\/n\/uploads\/2022\/12\/plataforma-de-petroleo.jpg\" \/>\n\t<meta property=\"og:image:width\" content=\"1200\" \/>\n\t<meta property=\"og:image:height\" content=\"800\" \/>\n\t<meta property=\"og:image:type\" content=\"image\/jpeg\" \/>\n<meta name=\"author\" content=\"Murilo Melo\" \/>\n<meta name=\"twitter:card\" content=\"summary_large_image\" \/>\n<meta name=\"twitter:creator\" content=\"@sunoresearch\" \/>\n<meta name=\"twitter:site\" content=\"@sunoresearch\" \/>\n<meta name=\"twitter:label1\" content=\"Escrito por\" \/>\n\t<meta name=\"twitter:data1\" content=\"Murilo Melo\" \/>\n\t<meta name=\"twitter:label2\" content=\"Est. tempo de leitura\" \/>\n\t<meta name=\"twitter:data2\" content=\"5 minutos\" \/>\n<script type=\"application\/ld+json\" class=\"yoast-schema-graph\">{\"@context\":\"https:\/\/schema.org\",\"@graph\":[{\"@type\":\"NewsArticle\",\"@id\":\"https:\/\/www.suno.com.br\/noticias\/prio-prio3-aumento-capital-investidores-alerta-itau-bba-mm\/#article\",\"isPartOf\":{\"@id\":\"https:\/\/www.suno.com.br\/noticias\/prio-prio3-aumento-capital-investidores-alerta-itau-bba-mm\/\"},\"author\":{\"name\":\"Murilo Melo\",\"@id\":\"https:\/\/www.suno.com.br\/noticias\/#\/schema\/person\/32d4feb215afe4b317d446bb442400dd\"},\"headline\":\"Prio (PRIO3): aumento de capital de R$ 2 bilh\u00f5es pode decepcionar investidores, alerta BBA. Entenda por qu\u00ea\",\"datePublished\":\"2024-03-01T01:44:04+00:00\",\"dateModified\":\"2024-03-01T01:44:12+00:00\",\"mainEntityOfPage\":{\"@id\":\"https:\/\/www.suno.com.br\/noticias\/prio-prio3-aumento-capital-investidores-alerta-itau-bba-mm\/\"},\"wordCount\":823,\"publisher\":{\"@id\":\"https:\/\/www.suno.com.br\/noticias\/#organization\"},\"image\":{\"@id\":\"https:\/\/www.suno.com.br\/noticias\/prio-prio3-aumento-capital-investidores-alerta-itau-bba-mm\/#primaryimage\"},\"thumbnailUrl\":\"https:\/\/files.sunoresearch.com.br\/n\/uploads\/2022\/12\/plataforma-de-petroleo.jpg\",\"keywords\":[\"A\u00e7\u00f5es\",\"Prio (PRIO3)\"],\"articleSection\":[\"Neg\u00f3cios\"],\"inLanguage\":\"pt-BR\"},{\"@type\":\"WebPage\",\"@id\":\"https:\/\/www.suno.com.br\/noticias\/prio-prio3-aumento-capital-investidores-alerta-itau-bba-mm\/\",\"url\":\"https:\/\/www.suno.com.br\/noticias\/prio-prio3-aumento-capital-investidores-alerta-itau-bba-mm\/\",\"name\":\"Prio (PRIO3): aumento de capital pode decepcionar, diz BBA\",\"isPartOf\":{\"@id\":\"https:\/\/www.suno.com.br\/noticias\/#website\"},\"primaryImageOfPage\":{\"@id\":\"https:\/\/www.suno.com.br\/noticias\/prio-prio3-aumento-capital-investidores-alerta-itau-bba-mm\/#primaryimage\"},\"image\":{\"@id\":\"https:\/\/www.suno.com.br\/noticias\/prio-prio3-aumento-capital-investidores-alerta-itau-bba-mm\/#primaryimage\"},\"thumbnailUrl\":\"https:\/\/files.sunoresearch.com.br\/n\/uploads\/2022\/12\/plataforma-de-petroleo.jpg\",\"datePublished\":\"2024-03-01T01:44:04+00:00\",\"dateModified\":\"2024-03-01T01:44:12+00:00\",\"description\":\"O Ita\u00fa BBA disse, que a medida da Prio foca em crescimento, mas pode gerar expectativas altas para investidores imediatistas.\",\"breadcrumb\":{\"@id\":\"https:\/\/www.suno.com.br\/noticias\/prio-prio3-aumento-capital-investidores-alerta-itau-bba-mm\/#breadcrumb\"},\"inLanguage\":\"pt-BR\",\"potentialAction\":[{\"@type\":\"ReadAction\",\"target\":[\"https:\/\/www.suno.com.br\/noticias\/prio-prio3-aumento-capital-investidores-alerta-itau-bba-mm\/\"]}]},{\"@type\":\"ImageObject\",\"inLanguage\":\"pt-BR\",\"@id\":\"https:\/\/www.suno.com.br\/noticias\/prio-prio3-aumento-capital-investidores-alerta-itau-bba-mm\/#primaryimage\",\"url\":\"https:\/\/files.sunoresearch.com.br\/n\/uploads\/2022\/12\/plataforma-de-petroleo.jpg\",\"contentUrl\":\"https:\/\/files.sunoresearch.com.br\/n\/uploads\/2022\/12\/plataforma-de-petroleo.jpg\",\"width\":1200,\"height\":800,\"caption\":\"Prio (PRIO3). - Foto: Pixabay\"},{\"@type\":\"BreadcrumbList\",\"@id\":\"https:\/\/www.suno.com.br\/noticias\/prio-prio3-aumento-capital-investidores-alerta-itau-bba-mm\/#breadcrumb\",\"itemListElement\":[{\"@type\":\"ListItem\",\"position\":1,\"name\":\"Not\u00edcias\",\"item\":\"https:\/\/www.suno.com.br\/noticias\/\"},{\"@type\":\"ListItem\",\"position\":2,\"name\":\"Neg\u00f3cios\",\"item\":\"https:\/\/www.suno.com.br\/noticias\/negocios\/\"},{\"@type\":\"ListItem\",\"position\":3,\"name\":\"Prio (PRIO3): aumento de capital de R$ 2 bilh\u00f5es pode decepcionar investidores, alerta BBA. Entenda por qu\u00ea\"}]},{\"@type\":\"WebSite\",\"@id\":\"https:\/\/www.suno.com.br\/noticias\/#website\",\"url\":\"https:\/\/www.suno.com.br\/noticias\/\",\"name\":\"Suno Not\u00edcias\",\"description\":\"Seu portal de informa\u00e7\u00e3o sobre o mundo dos investimentos\",\"publisher\":{\"@id\":\"https:\/\/www.suno.com.br\/noticias\/#organization\"},\"potentialAction\":[{\"@type\":\"SearchAction\",\"target\":{\"@type\":\"EntryPoint\",\"urlTemplate\":\"https:\/\/www.suno.com.br\/noticias\/?s={search_term_string}\"},\"query-input\":{\"@type\":\"PropertyValueSpecification\",\"valueRequired\":true,\"valueName\":\"search_term_string\"}}],\"inLanguage\":\"pt-BR\"},{\"@type\":\"Organization\",\"@id\":\"https:\/\/www.suno.com.br\/noticias\/#organization\",\"name\":\"Suno Not\u00edcias\",\"url\":\"https:\/\/www.suno.com.br\/noticias\/\",\"logo\":{\"@type\":\"ImageObject\",\"inLanguage\":\"pt-BR\",\"@id\":\"https:\/\/www.suno.com.br\/noticias\/#\/schema\/logo\/image\/\",\"url\":\"https:\/\/files.sunoresearch.com.br\/n\/uploads\/2021\/09\/suno-logo.png\",\"contentUrl\":\"https:\/\/files.sunoresearch.com.br\/n\/uploads\/2021\/09\/suno-logo.png\",\"width\":180,\"height\":180,\"caption\":\"Suno Not\u00edcias\"},\"image\":{\"@id\":\"https:\/\/www.suno.com.br\/noticias\/#\/schema\/logo\/image\/\"},\"sameAs\":[\"https:\/\/facebook.com\/sunoresearch\",\"https:\/\/x.com\/sunoresearch\",\"https:\/\/www.instagram.com\/suno\",\"https:\/\/www.linkedin.com\/company\/suno-research\/\",\"https:\/\/www.youtube.com\/c\/sunoresearch\"]},{\"@type\":\"Person\",\"@id\":\"https:\/\/www.suno.com.br\/noticias\/#\/schema\/person\/32d4feb215afe4b317d446bb442400dd\",\"name\":\"Murilo Melo\",\"image\":{\"@type\":\"ImageObject\",\"inLanguage\":\"pt-BR\",\"@id\":\"https:\/\/www.suno.com.br\/noticias\/#\/schema\/person\/image\/\",\"url\":\"https:\/\/secure.gravatar.com\/avatar\/af7a693198b592028493c0e8b0583d4f?s=96&r=g\",\"contentUrl\":\"https:\/\/secure.gravatar.com\/avatar\/af7a693198b592028493c0e8b0583d4f?s=96&r=g\",\"caption\":\"Murilo Melo\"},\"description\":\"\u00c9 um jornalista e letr\u00f3logo com vasta experi\u00eancia em economia, finan\u00e7as e mercado. J\u00e1 foi rep\u00f3rter de jornais, revistas e sites noticiosos como A Tarde, Correio e Folha de S.Paulo. No Suno Not\u00edcias, escreve sobre neg\u00f3cios\",\"url\":\"https:\/\/www.suno.com.br\/noticias\/author\/murilomelo-jornalismogmail-com\/\"}]}<\/script>\n<!-- \/ Yoast SEO plugin. -->","yoast_head_json":{"title":"Prio (PRIO3): aumento de capital pode decepcionar, diz BBA","description":"O Ita\u00fa BBA disse, que a medida da Prio foca em crescimento, mas pode gerar expectativas altas para investidores imediatistas.","robots":{"index":"index","follow":"follow","max-snippet":"max-snippet:-1","max-image-preview":"max-image-preview:large","max-video-preview":"max-video-preview:-1"},"canonical":"https:\/\/www.suno.com.br\/noticias\/prio-prio3-aumento-capital-investidores-alerta-itau-bba-mm\/","og_locale":"pt_BR","og_type":"article","og_title":"Prio (PRIO3): aumento de capital pode decepcionar, diz BBA","og_description":"O Ita\u00fa BBA disse, que a medida da Prio foca em crescimento, mas pode gerar expectativas altas para investidores imediatistas.","og_url":"https:\/\/www.suno.com.br\/noticias\/prio-prio3-aumento-capital-investidores-alerta-itau-bba-mm\/","og_site_name":"Suno Not\u00edcias","article_publisher":"https:\/\/facebook.com\/sunoresearch","og_image":[{"width":1200,"height":800,"url":"https:\/\/files.sunoresearch.com.br\/n\/uploads\/2022\/12\/plataforma-de-petroleo.jpg","type":"image\/jpeg"}],"author":"Murilo Melo","twitter_card":"summary_large_image","twitter_creator":"@sunoresearch","twitter_site":"@sunoresearch","twitter_misc":{"Escrito por":"Murilo Melo","Est. tempo de leitura":"5 minutos"},"schema":{"@context":"https:\/\/schema.org","@graph":[{"@type":"NewsArticle","@id":"https:\/\/www.suno.com.br\/noticias\/prio-prio3-aumento-capital-investidores-alerta-itau-bba-mm\/#article","isPartOf":{"@id":"https:\/\/www.suno.com.br\/noticias\/prio-prio3-aumento-capital-investidores-alerta-itau-bba-mm\/"},"author":{"name":"Murilo Melo","@id":"https:\/\/www.suno.com.br\/noticias\/#\/schema\/person\/32d4feb215afe4b317d446bb442400dd"},"headline":"Prio (PRIO3): aumento de capital de R$ 2 bilh\u00f5es pode decepcionar investidores, alerta BBA. Entenda por qu\u00ea","datePublished":"2024-03-01T01:44:04+00:00","dateModified":"2024-03-01T01:44:12+00:00","mainEntityOfPage":{"@id":"https:\/\/www.suno.com.br\/noticias\/prio-prio3-aumento-capital-investidores-alerta-itau-bba-mm\/"},"wordCount":823,"publisher":{"@id":"https:\/\/www.suno.com.br\/noticias\/#organization"},"image":{"@id":"https:\/\/www.suno.com.br\/noticias\/prio-prio3-aumento-capital-investidores-alerta-itau-bba-mm\/#primaryimage"},"thumbnailUrl":"https:\/\/files.sunoresearch.com.br\/n\/uploads\/2022\/12\/plataforma-de-petroleo.jpg","keywords":["A\u00e7\u00f5es","Prio (PRIO3)"],"articleSection":["Neg\u00f3cios"],"inLanguage":"pt-BR"},{"@type":"WebPage","@id":"https:\/\/www.suno.com.br\/noticias\/prio-prio3-aumento-capital-investidores-alerta-itau-bba-mm\/","url":"https:\/\/www.suno.com.br\/noticias\/prio-prio3-aumento-capital-investidores-alerta-itau-bba-mm\/","name":"Prio (PRIO3): aumento de capital pode decepcionar, diz BBA","isPartOf":{"@id":"https:\/\/www.suno.com.br\/noticias\/#website"},"primaryImageOfPage":{"@id":"https:\/\/www.suno.com.br\/noticias\/prio-prio3-aumento-capital-investidores-alerta-itau-bba-mm\/#primaryimage"},"image":{"@id":"https:\/\/www.suno.com.br\/noticias\/prio-prio3-aumento-capital-investidores-alerta-itau-bba-mm\/#primaryimage"},"thumbnailUrl":"https:\/\/files.sunoresearch.com.br\/n\/uploads\/2022\/12\/plataforma-de-petroleo.jpg","datePublished":"2024-03-01T01:44:04+00:00","dateModified":"2024-03-01T01:44:12+00:00","description":"O Ita\u00fa BBA disse, que a medida da Prio foca em crescimento, mas pode gerar expectativas altas para investidores imediatistas.","breadcrumb":{"@id":"https:\/\/www.suno.com.br\/noticias\/prio-prio3-aumento-capital-investidores-alerta-itau-bba-mm\/#breadcrumb"},"inLanguage":"pt-BR","potentialAction":[{"@type":"ReadAction","target":["https:\/\/www.suno.com.br\/noticias\/prio-prio3-aumento-capital-investidores-alerta-itau-bba-mm\/"]}]},{"@type":"ImageObject","inLanguage":"pt-BR","@id":"https:\/\/www.suno.com.br\/noticias\/prio-prio3-aumento-capital-investidores-alerta-itau-bba-mm\/#primaryimage","url":"https:\/\/files.sunoresearch.com.br\/n\/uploads\/2022\/12\/plataforma-de-petroleo.jpg","contentUrl":"https:\/\/files.sunoresearch.com.br\/n\/uploads\/2022\/12\/plataforma-de-petroleo.jpg","width":1200,"height":800,"caption":"Prio (PRIO3). - Foto: Pixabay"},{"@type":"BreadcrumbList","@id":"https:\/\/www.suno.com.br\/noticias\/prio-prio3-aumento-capital-investidores-alerta-itau-bba-mm\/#breadcrumb","itemListElement":[{"@type":"ListItem","position":1,"name":"Not\u00edcias","item":"https:\/\/www.suno.com.br\/noticias\/"},{"@type":"ListItem","position":2,"name":"Neg\u00f3cios","item":"https:\/\/www.suno.com.br\/noticias\/negocios\/"},{"@type":"ListItem","position":3,"name":"Prio (PRIO3): aumento de capital de R$ 2 bilh\u00f5es pode decepcionar investidores, alerta BBA. Entenda por qu\u00ea"}]},{"@type":"WebSite","@id":"https:\/\/www.suno.com.br\/noticias\/#website","url":"https:\/\/www.suno.com.br\/noticias\/","name":"Suno Not\u00edcias","description":"Seu portal de informa\u00e7\u00e3o sobre o mundo dos investimentos","publisher":{"@id":"https:\/\/www.suno.com.br\/noticias\/#organization"},"potentialAction":[{"@type":"SearchAction","target":{"@type":"EntryPoint","urlTemplate":"https:\/\/www.suno.com.br\/noticias\/?s={search_term_string}"},"query-input":{"@type":"PropertyValueSpecification","valueRequired":true,"valueName":"search_term_string"}}],"inLanguage":"pt-BR"},{"@type":"Organization","@id":"https:\/\/www.suno.com.br\/noticias\/#organization","name":"Suno Not\u00edcias","url":"https:\/\/www.suno.com.br\/noticias\/","logo":{"@type":"ImageObject","inLanguage":"pt-BR","@id":"https:\/\/www.suno.com.br\/noticias\/#\/schema\/logo\/image\/","url":"https:\/\/files.sunoresearch.com.br\/n\/uploads\/2021\/09\/suno-logo.png","contentUrl":"https:\/\/files.sunoresearch.com.br\/n\/uploads\/2021\/09\/suno-logo.png","width":180,"height":180,"caption":"Suno Not\u00edcias"},"image":{"@id":"https:\/\/www.suno.com.br\/noticias\/#\/schema\/logo\/image\/"},"sameAs":["https:\/\/facebook.com\/sunoresearch","https:\/\/x.com\/sunoresearch","https:\/\/www.instagram.com\/suno","https:\/\/www.linkedin.com\/company\/suno-research\/","https:\/\/www.youtube.com\/c\/sunoresearch"]},{"@type":"Person","@id":"https:\/\/www.suno.com.br\/noticias\/#\/schema\/person\/32d4feb215afe4b317d446bb442400dd","name":"Murilo Melo","image":{"@type":"ImageObject","inLanguage":"pt-BR","@id":"https:\/\/www.suno.com.br\/noticias\/#\/schema\/person\/image\/","url":"https:\/\/secure.gravatar.com\/avatar\/af7a693198b592028493c0e8b0583d4f?s=96&r=g","contentUrl":"https:\/\/secure.gravatar.com\/avatar\/af7a693198b592028493c0e8b0583d4f?s=96&r=g","caption":"Murilo Melo"},"description":"\u00c9 um jornalista e letr\u00f3logo com vasta experi\u00eancia em economia, finan\u00e7as e mercado. J\u00e1 foi rep\u00f3rter de jornais, revistas e sites noticiosos como A Tarde, Correio e Folha de S.Paulo. No Suno Not\u00edcias, escreve sobre neg\u00f3cios","url":"https:\/\/www.suno.com.br\/noticias\/author\/murilomelo-jornalismogmail-com\/"}]}},"default_loop_html":"<div class=\"cardsPage__listCard__boxs\"><div class=\"cardsPage__listCard__boxs__img\"><a href=\"https:\/\/www.suno.com.br\/noticias\/prio-prio3-aumento-capital-investidores-alerta-itau-bba-mm\/\"><img class=\"mask\" src=\"https:\/\/www.suno.com.br\/noticias\/wp-content\/themes\/suno\/resources\/images\/spotlight\/spotlight1img\/bg-mask.png\" alt=\"Image Mask\"\/><img src=\"https:\/\/files.sunoresearch.com.br\/n\/uploads\/2022\/12\/plataforma-de-petroleo-400x200.jpg\" alt=\"Prio (PRIO3): aumento de capital de R$ 2 bilh\u00f5es pode decepcionar investidores, alerta BBA. Entenda por qu\u00ea\"\/><\/a><span class=\"spotlightCategory\"><a href=\"https:\/\/www.suno.com.br\/noticias\/negocios\/\">Neg\u00f3cios<\/a><\/span><\/div><div class=\"cardsPage__listCard__boxs__content\"><a href=\"https:\/\/www.suno.com.br\/noticias\/prio-prio3-aumento-capital-investidores-alerta-itau-bba-mm\/\"><h2 class=\"content__title\">Prio (PRIO3): aumento de capital de R$ 2 bilh\u00f5es pode decepcionar investidores, alerta BBA. Entenda por qu\u00ea<\/h2><\/a><div class=\"newsContent__article__meta\"><div class=\"newsContent__article__meta__authorBox\"><a href=\"https:\/\/www.suno.com.br\/noticias\/author\/murilomelo-jornalismogmail-com\/\" class=\"authorBox__avatar noMobi\"><img src=\"https:\/\/files.sunoresearch.com.br\/n\/uploads\/2024\/02\/Murilo_Melo_Jornalista-e1708476456132-150x150.jpeg\" alt=\"Murilo Melo\"><\/a><div class=\"authorBox__name\"><span>por\n\t\t\t<a href=\"https:\/\/www.suno.com.br\/noticias\/author\/murilomelo-jornalismogmail-com\/\"><span itemprop=\"author\">Murilo Melo<\/span><\/a><\/span><time datetime=\"2024-02-29T22:44:04-03:00\" itemprop=\"datePublished\">29\/02\/2024 22:44<\/time><\/div><\/div><\/div><\/div><\/div>","single_layout":"posts","amp_enabled":true,"_links":{"self":[{"href":"https:\/\/www.suno.com.br\/noticias\/wp-json\/wp\/v2\/posts\/528365"}],"collection":[{"href":"https:\/\/www.suno.com.br\/noticias\/wp-json\/wp\/v2\/posts"}],"about":[{"href":"https:\/\/www.suno.com.br\/noticias\/wp-json\/wp\/v2\/types\/post"}],"author":[{"embeddable":true,"href":"https:\/\/www.suno.com.br\/noticias\/wp-json\/wp\/v2\/users\/345"}],"replies":[{"embeddable":true,"href":"https:\/\/www.suno.com.br\/noticias\/wp-json\/wp\/v2\/comments?post=528365"}],"version-history":[{"count":2,"href":"https:\/\/www.suno.com.br\/noticias\/wp-json\/wp\/v2\/posts\/528365\/revisions"}],"predecessor-version":[{"id":528398,"href":"https:\/\/www.suno.com.br\/noticias\/wp-json\/wp\/v2\/posts\/528365\/revisions\/528398"}],"wp:featuredmedia":[{"embeddable":true,"href":"https:\/\/www.suno.com.br\/noticias\/wp-json\/wp\/v2\/media\/334306"}],"wp:attachment":[{"href":"https:\/\/www.suno.com.br\/noticias\/wp-json\/wp\/v2\/media?parent=528365"}],"wp:term":[{"taxonomy":"category","embeddable":true,"href":"https:\/\/www.suno.com.br\/noticias\/wp-json\/wp\/v2\/categories?post=528365"},{"taxonomy":"post_tag","embeddable":true,"href":"https:\/\/www.suno.com.br\/noticias\/wp-json\/wp\/v2\/tags?post=528365"},{"taxonomy":"suno_strategy","embeddable":true,"href":"https:\/\/www.suno.com.br\/noticias\/wp-json\/wp\/v2\/suno_strategy?post=528365"}],"curies":[{"name":"wp","href":"https:\/\/api.w.org\/{rel}","templated":true}]}}