{"id":528356,"date":"2024-02-29T21:32:40","date_gmt":"2024-03-01T00:32:40","guid":{"rendered":"https:\/\/www.suno.com.br\/noticias\/?p=528356"},"modified":"2024-02-29T22:22:33","modified_gmt":"2024-03-01T01:22:33","slug":"g20-ministros-nao-chegam-a-consenso-comunicado-conjunto","status":"publish","type":"post","link":"https:\/\/www.suno.com.br\/noticias\/g20-ministros-nao-chegam-a-consenso-comunicado-conjunto\/","title":{"rendered":"Ministros dos G20 encerram encontro sem consenso sobre comunicado conjunto; veja motivo"},"content":{"rendered":"<p>Em entrevista \u00e0 imprensa&nbsp;na noite desta quinta-feira no encerramento do <strong>G20<\/strong>, o ministro da Fazenda, Fernando Haddad, admitiu que n\u00e3o houve consenso entre os&nbsp;pa\u00edses do bloco para elaborar um comunicado conjunto sobre o evento, que reuniu ministros de finan\u00e7as e dos Bancos Centrais do bloco, em S\u00e3o Paulo.<img decoding=\"async\" style=\"width: 1px; height: 1px; display: inline;\" src=\"https:\/\/agenciabrasil.ebc.com.br\/ebc.png?id=1583698&amp;o=rss\"><img decoding=\"async\" style=\"width: 1px; height: 1px; display: inline;\" src=\"https:\/\/agenciabrasil.ebc.com.br\/ebc.gif?id=1583698&amp;o=rss\"><\/p>\t<div class=\"wrapper-featured-image\">\n\t\t<figure class=\"spotlightImg\">\n\n\t\t\t<picture>\n\t\t\t\t<source media=\"(max-width: 768px)\" srcset=\"https:\/\/files.sunoresearch.com.br\/n\/uploads\/2023\/06\/haddad-programa-desenrola-brasil-400x200.jpg\">\n\t\t\t\t<img loading=\"lazy\" decoding=\"async\" class=\"newsContent__article__imgCapa lazyloadDisabled \" src=\"https:\/\/files.sunoresearch.com.br\/n\/uploads\/2023\/06\/haddad-programa-desenrola-brasil-800x450.jpg\" width=\"800\" height=\"450\" alt=\"Ministros dos G20 encerram encontro sem consenso sobre comunicado conjunto; veja motivo\" fetchpriority=high \/>\n\t\t\t<\/picture>\n\n\t\t\t<figcaption class=\"wp-caption-text wp-caption-text--show\">Foto: Diogo Zacarias\/Minist\u00e9rio da Fazenda<\/figcaption>\n\t\t<\/figure>\n\t<\/div>\n\n\n\n\n\n\t<p>\n\t\t<a href=\"\" target=\"_blank\" data-element=\"shortcode-suno-banner\" title=\"Banner SUNO, clique e saiba mais\">\n\t\t\t<picture>\n\t\t\t\t<source media=\"(max-width: 500px)\" srcset=\"\">\n\t\t\t\t<img class=\"newsContent__article__imgCapa newsContent__article__imgCapa--banner\"\n\t\t\t\t\tsrc=\"\"\n\t\t\t\t\tdata-promo-id=\"240038\"\t\t\t\t\t\t\t\t\t\t\t\t\t\t\talt=\"\"\n\t\t\t\t>\n\t\t\t<\/picture>\n\t\t<\/a>\n\t<\/p>\n\n\n\n\n\n\n\n<p>Segundo o <strong>ministro da Fazenda<\/strong>, houve entendimento em torno dos temas espec\u00edficos trabalhados na trilha financeira, mas a <strong>falta de consenso no G20<\/strong> recaiu quanto \u00e0 refer\u00eancia sobre&nbsp;conflitos geopol\u00edticos. \u201cNo que diz respeito \u00e0 trilha financeira, houve consenso em tudo o que n\u00f3s tratamos. N\u00f3s n\u00e3o discutimos temas dos conflitos geopol\u00edticos em nossas reuni\u00f5es. Isso n\u00e3o foi trazido para discuss\u00e3o em plen\u00e1rio. E a\u00ed fica muito dif\u00edcil quando os ministros e os presidentes dos Bancos Centrais n\u00e3o participam da discuss\u00e3o, chegar a um consenso sobre um tema que n\u00e3o era e n\u00e3o foi tratado no \u00e2mbito da trilha financeira\u201d, disse o ministro.<\/p>\n\n\n\n<h2 class=\"wp-block-heading\">G20: consenso na &#8220;trilha financeira&#8221; e impasse em quest\u00f5es geopol\u00edticas<\/h2>\n\n\n\n<p>No entanto, acrescentou Haddad, dever\u00e1 ser publicado nas &#8220;pr\u00f3ximas horas&#8221; um documento&nbsp;no site do <a class=\"suno-keyword\" target=\"_blank\" data-force=\"no\" data-priority=\"2\" href=\"https:\/\/www.suno.com.br\/artigos\/ministerio-da-fazenda\/\" rel=\"noopener\">Minist\u00e9rio da Fazenda<\/a>, j\u00e1 que o Brasil ocupa a presid\u00eancia do bloco neste momento. \u201cVamos divulgar aquilo que seria consenso da trilha financeira no site do Minist\u00e9rio nas pr\u00f3ximas horas. Isso est\u00e1 fechado e seria assinado se n\u00e3o fosse a insist\u00eancia de alguns <strong>membros do G20 <\/strong>de fazer constar uma nota, que seria at\u00e9 de rodap\u00e9, que n\u00e3o comporia o corpo do comunicado, fazendo refer\u00eancia a essas quest\u00f5es sobre as quais houve uma certa insist\u00eancia\u201d.<\/p>\n\n\n\n<p>Para Haddad, os conflitos geopol\u00edticos&nbsp;que geraram o impasse na reuni\u00e3o de <strong>ministros do G20<\/strong>&nbsp;deveriam ter sido tratados nos eventos diplom\u00e1ticos \u2013 e n\u00e3o na trilha financeira. \u201cEsse comunicado da presid\u00eancia \u00e9 a express\u00e3o consensual daquilo que foi discutido no \u00e2mbito do f\u00f3rum ao qual pertencemos. N\u00f3s hav\u00edamos nutrido a esperan\u00e7a de que temas mais sens\u00edveis relativos \u00e0 geopol\u00edtica fossem debatidos exclusivamente no <em>track<\/em> diplom\u00e1tico. Imagin\u00e1vamos que essa divis\u00e3o de trabalho pudesse acontecer. Mas como na reuni\u00e3o da semana passada, no Rio de Janeiro, n\u00e3o se chegou a uma reda\u00e7\u00e3o comum, isso acabou contaminando o estabelecimento de um consenso na nossa, se tornou quase uma impossibilidade l\u00f3gica. Se n\u00e3o foi poss\u00edvel l\u00e1, dificilmente ir\u00edamos chegar a uma solu\u00e7\u00e3o satisfat\u00f3ria aqui\u201d.<\/p>\n\n\n\n<p>Questionado por jornalistas se a falta de consenso para a elabora\u00e7\u00e3o de um documento conjunto o deixou frustrado, Haddad respondeu que a \u201c<strong>reuni\u00e3o [do G20]<\/strong> foi um sucesso, a trilha financeira foi um sucesso\u201d.<\/p>\n\n\n\n<p>\u201cFomos aplaudidos no resultado da reuni\u00e3o. O final da reuni\u00e3o foi apote\u00f3tico. Mas agora vamos trabalhar mais duro nessas quest\u00f5es onde houve dissenso\u201d, afirmou.<\/p>\n\n\n\t<p>\n\t\t<a href=\"https:\/\/lp.suno.com.br\/ebook-gratuito-investindo-no-exterior\/\" target=\"_blank\" data-element=\"shortcode-suno-banner\" title=\"Banner SUNO, clique e saiba mais\">\n\t\t\t<picture>\n\t\t\t\t<source media=\"(max-width: 500px)\" srcset=\"https:\/\/files.sunoresearch.com.br\/n\/uploads\/2023\/03\/400x300-Investindo-no-exterior.png\">\n\t\t\t\t<img class=\"newsContent__article__imgCapa newsContent__article__imgCapa--banner\"\n\t\t\t\t\tsrc=\"https:\/\/files.sunoresearch.com.br\/n\/uploads\/2023\/03\/1420x240-Investindo-no-exterior.png\"\n\t\t\t\t\tdata-promo-id=\"383161\"\t\t\t\t\t\t\t\t\t\twidth='1420' height='240'\t\t\t\t\talt=\"https:\/\/files.sunoresearch.com.br\/n\/uploads\/2023\/03\/1420x240-Investindo-no-exterior.png\"\n\t\t\t\t>\n\t\t\t<\/picture>\n\t\t<\/a>\n\t<\/p>\n\n\n\n\n\n<h2 class=\"wp-block-heading\">Tributa\u00e7\u00e3o de grandes fortunas<\/h2>\n\n\n\n<p>Haddad disse ainda que o Brasil espera concluir a<strong> presid\u00eancia no G20<\/strong>, que termina em novembro deste ano, tendo encerrado&nbsp;os pilares 1 e 2 da Organiza\u00e7\u00e3o para a Coopera\u00e7\u00e3o e <a class=\"suno-keyword\" target=\"_blank\" data-force=\"no\" data-priority=\"1\" href=\"https:\/\/www.suno.com.br\/artigos\/desenvolvimento-economico\/\" rel=\"noopener\">Desenvolvimento Econ\u00f4mico<\/a> ou Econ\u00f3mico (OCDE). Os dois pilares tratam da distribui\u00e7\u00e3o dos direitos de tributa\u00e7\u00e3o sobre os lucros das multinacionais entre os pa\u00edses e&nbsp;o estabelecimento de uma tributa\u00e7\u00e3o m\u00ednima global para essas empresas globais. \u201cNossa inten\u00e7\u00e3o \u00e9 abrir um horizonte de discuss\u00f5es que passem por temas que n\u00e3o foram tratados\u201d.<\/p>\n\n\n\n<p>Durante a realiza\u00e7\u00e3o do <strong>G20 em S\u00e3o Paulo<\/strong>, Haddad chegou a propor um terceiro pilar: a tributa\u00e7\u00e3o sobre os bilion\u00e1rios.<\/p>\n\n\n\n<p>\u201cComo os dois primeiros pilares, haver\u00e1 muito debate a respeito disso [pilar 3], o que \u00e9 absolutamente natural, at\u00e9 porque nem todo pa\u00eds sente da mesma maneira esse problema que foi trazido pelo <strong>G20<\/strong> pelo Brasil. H\u00e1 pa\u00edses bem equacionados em rela\u00e7\u00e3o a isso e que n\u00e3o sofrem com a falta de regras internacionais sobre tributa\u00e7\u00e3o. Em geral, [s\u00e3o] os pa\u00edses muito ricos\u201d, explicou.<\/p>\n\n\n\n<h2 class=\"wp-block-heading\">Chances de pouso suave da economia global sobem, diz documento do G20<\/h2>\n\n\n\n<p>A probabilidade de que a economia global desacelere de forma suave aumentou, informou um documento divulgado pela<strong> presid\u00eancia do G20 <\/strong>(grupo das 20 maiores economias do planeta), atualmente a cargo do Brasil. Sem um comunicado conjunto oficial, o governo brasileiro emitiu um resumo com as conclus\u00f5es das reuni\u00f5es entre os ministros de Finan\u00e7as e presidentes dos Bancos Centrais do grupo.<img decoding=\"async\" src=\"https:\/\/agenciabrasil.ebc.com.br\/ebc.png?id=1583708&amp;o=rss\"><img decoding=\"async\" src=\"https:\/\/agenciabrasil.ebc.com.br\/ebc.gif?id=1583708&amp;o=rss\"><\/p>\n\n\n\n<p>Intitulado \u201cResumo do Presidente\u201d, o documento ressalta que as perspectivas de crescimento no m\u00e9dio prazo permanecem moderadas, e as estimativas indicam que o crescimento econ\u00f4mico global se estabilizar\u00e1 em um n\u00edvel mais baixo. De acordo com os pa\u00edses, o principal desafio consiste em estabelecer medidas que estimulem o crescimento econ\u00f4mico e, ao mesmo tempo, mantenham a sustentabilidade nos Or\u00e7amentos e criem reservas.<\/p>\n\n\n\n<p>\u201cReiteramos a necessidade de pol\u00edticas fiscais, monet\u00e1rias, financeiras e estruturais bem calibradas e comunicadas para promover pol\u00edticas fortes, sustent\u00e1veis, crescimento equilibrado e inclusivo, manter a estabilidade macroecon\u00f4mica e financeira e ajudar a limitar as repercuss\u00f5es negativas [da desacelera\u00e7\u00e3o global]\u201d, destaca o resumo.<\/p>\n\n\n\n<p>Em rela\u00e7\u00e3o \u00e0 infla\u00e7\u00e3o, os ministros de Finan\u00e7as e presidentes dos Bancos Centrais destacaram que o papel fundamental das autoridades monet\u00e1rias consiste em garantir que a infla\u00e7\u00e3o convirja para as metas estabelecidas. Segundo o documento, a situa\u00e7\u00e3o est\u00e1 menos grave que nos anos anteriores.<\/p>\n\n\n\n<blockquote class=\"wp-block-quote is-layout-flow wp-block-quote-is-layout-flow\">\n<p>\u201cA infla\u00e7\u00e3o diminuiu na maioria das economias, gra\u00e7as, em grande parte, a pol\u00edticas monet\u00e1rias adequadas, \u00e0 redu\u00e7\u00e3o dos estrangulamentos na cadeia de abastecimento e \u00e0 modera\u00e7\u00e3o dos pre\u00e7os das mat\u00e9rias-primas\u201d, aponta o <strong>G20<\/strong>.<\/p>\n\n\n\n<h2 class=\"wp-block-heading\">Israel e Ucr\u00e2nia<\/h2>\n<\/blockquote>\n\n\n\n<p>De 2021 a 2023, a infla\u00e7\u00e3o global acelerou, impulsionada pelo estrangulamento das cadeias globais de produ\u00e7\u00e3o, por causa de restri\u00e7\u00f5es \u00e0 covid-19 impostas pela China, e pelo in\u00edcio da guerra entre R\u00fassia e Ucr\u00e2nia. O comunicado conjunto n\u00e3o saiu por falta de acordo \u00e0 men\u00e7\u00e3o dos conflitos no leste europeu e da guerra na Faixa de Gaza, mas incluiu uma nota de rodap\u00e9.<\/p>\n\n\n\n<blockquote class=\"wp-block-quote is-layout-flow wp-block-quote-is-layout-flow\">\n<p>\u201cOs ministros trocaram opini\u00f5es sobre guerras, conflitos e crises humanit\u00e1rias em curso, destacando a Ucr\u00e2nia e Gaza. A presid\u00eancia brasileira do<strong> G20 <\/strong>observou que a trilha das finan\u00e7as n\u00e3o \u00e9 o f\u00f3rum mais apropriado para resolver quest\u00f5es geopol\u00edticas e prop\u00f4s que estas quest\u00f5es continuem a ser discutidas em f\u00f3runs e reuni\u00f5es relevantes\u201d, destacou o texto, repetindo a declara\u00e7\u00e3o do ministro da Fazenda, Fernando Haddad, durante a entrevista coletiva de encerramento do encontro.<\/p>\n\n\n\n<h2 class=\"wp-block-heading\">Reforma do FMI<\/h2>\n\n\n\n<p>Os pa\u00edses tamb\u00e9m assumiram o compromisso de alcan\u00e7ar os Objetivos de Desenvolvimento Sustent\u00e1vel das Na\u00e7\u00f5es Unidas e de \u201cdar prioridade para uma implementa\u00e7\u00e3o \u00e1gil\u201d da reforma das cotas do Fundo Monet\u00e1rio Internacional (FMI).<\/p>\n\n\n\n<p>Entre os principais riscos para a economia global, apontou o documento do<strong> G20<\/strong>, est\u00e3o as guerras e a escalada dos conflitos, a fragmenta\u00e7\u00e3o geoecon\u00f4mica, o crescimento do protecionismo e a perturba\u00e7\u00e3o das rotas comerciais. Entre os pontos positivos, est\u00e3o uma desinfla\u00e7\u00e3o mais r\u00e1pida que o previsto e uma \u201cconsolida\u00e7\u00e3o fiscal\u201d mais favor\u00e1vel ao crescimento, ancorada em arcabou\u00e7os fiscais mais cr\u00edveis.<\/p>\n\n\n\n<p><em>Com Ag\u00eancia Brasil<\/em><\/p>\n<\/blockquote>\n\n\n\t<p>\n\t\t<a href=\"https:\/\/lp.suno.com.br\/planilha-da-vida-financeira\/\" target=\"_blank\" data-element=\"shortcode-suno-banner\" title=\"Banner SUNO, clique e saiba mais\">\n\t\t\t<picture>\n\t\t\t\t<source media=\"(max-width: 500px)\" srcset=\"https:\/\/files.sunoresearch.com.br\/n\/uploads\/2023\/04\/400x300-Planilha-vida-financeira-true.png\">\n\t\t\t\t<img class=\"newsContent__article__imgCapa newsContent__article__imgCapa--banner\"\n\t\t\t\t\tsrc=\"https:\/\/files.sunoresearch.com.br\/n\/uploads\/2023\/04\/1420x240-Planilha-vida-financeira-true.png\"\n\t\t\t\t\tdata-promo-id=\"383123\"\t\t\t\t\t\t\t\t\t\twidth='1420' height='240'\t\t\t\t\talt=\"https:\/\/files.sunoresearch.com.br\/n\/uploads\/2023\/04\/1420x240-Planilha-vida-financeira-true.png\"\n\t\t\t\t>\n\t\t\t<\/picture>\n\t\t<\/a>\n\t<\/p>\n\n\n","protected":false},"excerpt":{"rendered":"<p>Em entrevista \u00e0 imprensa&nbsp;na noite desta quinta-feira no encerramento do G20, o ministro da Fazenda, Fernando Haddad, admitiu que n\u00e3o houve consenso entre os&nbsp;pa\u00edses do bloco para elaborar um comunicado conjunto sobre o evento, que reuniu ministros de finan\u00e7as e dos Bancos Centrais do bloco, em S\u00e3o Paulo. Foto: Diogo Zacarias\/Minist\u00e9rio da Fazenda Segundo o [&hellip;]<\/p>\n","protected":false},"author":43,"featured_media":413518,"comment_status":"closed","ping_status":"closed","sticky":false,"template":"","format":"standard","meta":[],"categories":[62],"tags":[716,801],"suno_strategy":[],"class_list":["post-528356","post","type-post","status-publish","format-standard","has-post-thumbnail","hentry","category-economia","tag-fernando-haddad","tag-g20"],"yoast_head":"<!-- This site is optimized with the Yoast SEO plugin v24.4 - https:\/\/yoast.com\/wordpress\/plugins\/seo\/ -->\n<title>Ministros dos G20 n\u00e3o chegam a consenso sobre comunicado<\/title>\n<meta name=\"description\" content=\"No encerramento do G20, o ministro da Fazenda, Fernando Haddad, admitiu que n\u00e3o houve consenso para elaborar um comunicado conjunto\" \/>\n<meta name=\"robots\" content=\"index, follow, max-snippet:-1, max-image-preview:large, max-video-preview:-1\" \/>\n<link rel=\"canonical\" href=\"https:\/\/www.suno.com.br\/noticias\/g20-ministros-nao-chegam-a-consenso-comunicado-conjunto\/\" \/>\n<meta property=\"og:locale\" content=\"pt_BR\" \/>\n<meta property=\"og:type\" content=\"article\" \/>\n<meta property=\"og:title\" content=\"Ministros dos G20 n\u00e3o chegam a consenso sobre comunicado\" \/>\n<meta property=\"og:description\" content=\"No encerramento do G20, o ministro da Fazenda, Fernando Haddad, admitiu que n\u00e3o houve consenso para elaborar um comunicado conjunto\" \/>\n<meta property=\"og:url\" content=\"https:\/\/www.suno.com.br\/noticias\/g20-ministros-nao-chegam-a-consenso-comunicado-conjunto\/\" \/>\n<meta property=\"og:site_name\" content=\"Suno Not\u00edcias\" \/>\n<meta property=\"article:publisher\" content=\"https:\/\/facebook.com\/sunoresearch\" \/>\n<meta property=\"article:author\" content=\"https:\/\/www.facebook.com\/sunonoticias\/\" \/>\n<meta property=\"og:image\" content=\"https:\/\/files.sunoresearch.com.br\/n\/uploads\/2023\/06\/haddad-programa-desenrola-brasil.jpg\" \/>\n\t<meta property=\"og:image:width\" content=\"1200\" \/>\n\t<meta property=\"og:image:height\" content=\"800\" \/>\n\t<meta property=\"og:image:type\" content=\"image\/jpeg\" \/>\n<meta name=\"author\" content=\"Reda\u00e7\u00e3o Suno Not\u00edcias\" \/>\n<meta name=\"twitter:card\" content=\"summary_large_image\" \/>\n<meta name=\"twitter:creator\" content=\"@https:\/\/twitter.com\/sunoresearch\" \/>\n<meta name=\"twitter:site\" content=\"@sunoresearch\" \/>\n<meta name=\"twitter:label1\" content=\"Escrito por\" \/>\n\t<meta name=\"twitter:data1\" content=\"Reda\u00e7\u00e3o Suno Not\u00edcias\" \/>\n\t<meta name=\"twitter:label2\" content=\"Est. tempo de leitura\" \/>\n\t<meta name=\"twitter:data2\" content=\"6 minutos\" \/>\n<script type=\"application\/ld+json\" class=\"yoast-schema-graph\">{\"@context\":\"https:\/\/schema.org\",\"@graph\":[{\"@type\":\"NewsArticle\",\"@id\":\"https:\/\/www.suno.com.br\/noticias\/g20-ministros-nao-chegam-a-consenso-comunicado-conjunto\/#article\",\"isPartOf\":{\"@id\":\"https:\/\/www.suno.com.br\/noticias\/g20-ministros-nao-chegam-a-consenso-comunicado-conjunto\/\"},\"author\":{\"name\":\"Reda\u00e7\u00e3o Suno Not\u00edcias\",\"@id\":\"https:\/\/www.suno.com.br\/noticias\/#\/schema\/person\/c1b1bd3727fa852bd045e9dbff3673ea\"},\"headline\":\"Ministros dos G20 encerram encontro sem consenso sobre comunicado conjunto; veja motivo\",\"datePublished\":\"2024-03-01T00:32:40+00:00\",\"dateModified\":\"2024-03-01T01:22:33+00:00\",\"mainEntityOfPage\":{\"@id\":\"https:\/\/www.suno.com.br\/noticias\/g20-ministros-nao-chegam-a-consenso-comunicado-conjunto\/\"},\"wordCount\":1262,\"publisher\":{\"@id\":\"https:\/\/www.suno.com.br\/noticias\/#organization\"},\"image\":{\"@id\":\"https:\/\/www.suno.com.br\/noticias\/g20-ministros-nao-chegam-a-consenso-comunicado-conjunto\/#primaryimage\"},\"thumbnailUrl\":\"https:\/\/files.sunoresearch.com.br\/n\/uploads\/2023\/06\/haddad-programa-desenrola-brasil.jpg\",\"keywords\":[\"Fernando Haddad\",\"G20\"],\"articleSection\":[\"Economia\"],\"inLanguage\":\"pt-BR\"},{\"@type\":\"WebPage\",\"@id\":\"https:\/\/www.suno.com.br\/noticias\/g20-ministros-nao-chegam-a-consenso-comunicado-conjunto\/\",\"url\":\"https:\/\/www.suno.com.br\/noticias\/g20-ministros-nao-chegam-a-consenso-comunicado-conjunto\/\",\"name\":\"Ministros dos G20 n\u00e3o chegam a consenso sobre comunicado\",\"isPartOf\":{\"@id\":\"https:\/\/www.suno.com.br\/noticias\/#website\"},\"primaryImageOfPage\":{\"@id\":\"https:\/\/www.suno.com.br\/noticias\/g20-ministros-nao-chegam-a-consenso-comunicado-conjunto\/#primaryimage\"},\"image\":{\"@id\":\"https:\/\/www.suno.com.br\/noticias\/g20-ministros-nao-chegam-a-consenso-comunicado-conjunto\/#primaryimage\"},\"thumbnailUrl\":\"https:\/\/files.sunoresearch.com.br\/n\/uploads\/2023\/06\/haddad-programa-desenrola-brasil.jpg\",\"datePublished\":\"2024-03-01T00:32:40+00:00\",\"dateModified\":\"2024-03-01T01:22:33+00:00\",\"description\":\"No encerramento do G20, o ministro da Fazenda, Fernando Haddad, admitiu que n\u00e3o houve consenso para elaborar um comunicado conjunto\",\"breadcrumb\":{\"@id\":\"https:\/\/www.suno.com.br\/noticias\/g20-ministros-nao-chegam-a-consenso-comunicado-conjunto\/#breadcrumb\"},\"inLanguage\":\"pt-BR\",\"potentialAction\":[{\"@type\":\"ReadAction\",\"target\":[\"https:\/\/www.suno.com.br\/noticias\/g20-ministros-nao-chegam-a-consenso-comunicado-conjunto\/\"]}]},{\"@type\":\"ImageObject\",\"inLanguage\":\"pt-BR\",\"@id\":\"https:\/\/www.suno.com.br\/noticias\/g20-ministros-nao-chegam-a-consenso-comunicado-conjunto\/#primaryimage\",\"url\":\"https:\/\/files.sunoresearch.com.br\/n\/uploads\/2023\/06\/haddad-programa-desenrola-brasil.jpg\",\"contentUrl\":\"https:\/\/files.sunoresearch.com.br\/n\/uploads\/2023\/06\/haddad-programa-desenrola-brasil.jpg\",\"width\":1200,\"height\":800,\"caption\":\"Foto: Diogo Zacarias\/Minist\u00e9rio da Fazenda\"},{\"@type\":\"BreadcrumbList\",\"@id\":\"https:\/\/www.suno.com.br\/noticias\/g20-ministros-nao-chegam-a-consenso-comunicado-conjunto\/#breadcrumb\",\"itemListElement\":[{\"@type\":\"ListItem\",\"position\":1,\"name\":\"Not\u00edcias\",\"item\":\"https:\/\/www.suno.com.br\/noticias\/\"},{\"@type\":\"ListItem\",\"position\":2,\"name\":\"Economia\",\"item\":\"https:\/\/www.suno.com.br\/noticias\/economia\/\"},{\"@type\":\"ListItem\",\"position\":3,\"name\":\"Ministros dos G20 encerram encontro sem consenso sobre comunicado conjunto; veja motivo\"}]},{\"@type\":\"WebSite\",\"@id\":\"https:\/\/www.suno.com.br\/noticias\/#website\",\"url\":\"https:\/\/www.suno.com.br\/noticias\/\",\"name\":\"Suno Not\u00edcias\",\"description\":\"Seu portal de informa\u00e7\u00e3o sobre o mundo dos investimentos\",\"publisher\":{\"@id\":\"https:\/\/www.suno.com.br\/noticias\/#organization\"},\"potentialAction\":[{\"@type\":\"SearchAction\",\"target\":{\"@type\":\"EntryPoint\",\"urlTemplate\":\"https:\/\/www.suno.com.br\/noticias\/?s={search_term_string}\"},\"query-input\":{\"@type\":\"PropertyValueSpecification\",\"valueRequired\":true,\"valueName\":\"search_term_string\"}}],\"inLanguage\":\"pt-BR\"},{\"@type\":\"Organization\",\"@id\":\"https:\/\/www.suno.com.br\/noticias\/#organization\",\"name\":\"Suno Not\u00edcias\",\"url\":\"https:\/\/www.suno.com.br\/noticias\/\",\"logo\":{\"@type\":\"ImageObject\",\"inLanguage\":\"pt-BR\",\"@id\":\"https:\/\/www.suno.com.br\/noticias\/#\/schema\/logo\/image\/\",\"url\":\"https:\/\/files.sunoresearch.com.br\/n\/uploads\/2021\/09\/suno-logo.png\",\"contentUrl\":\"https:\/\/files.sunoresearch.com.br\/n\/uploads\/2021\/09\/suno-logo.png\",\"width\":180,\"height\":180,\"caption\":\"Suno Not\u00edcias\"},\"image\":{\"@id\":\"https:\/\/www.suno.com.br\/noticias\/#\/schema\/logo\/image\/\"},\"sameAs\":[\"https:\/\/facebook.com\/sunoresearch\",\"https:\/\/x.com\/sunoresearch\",\"https:\/\/www.instagram.com\/suno\",\"https:\/\/www.linkedin.com\/company\/suno-research\/\",\"https:\/\/www.youtube.com\/c\/sunoresearch\"]},{\"@type\":\"Person\",\"@id\":\"https:\/\/www.suno.com.br\/noticias\/#\/schema\/person\/c1b1bd3727fa852bd045e9dbff3673ea\",\"name\":\"Reda\u00e7\u00e3o Suno Not\u00edcias\",\"image\":{\"@type\":\"ImageObject\",\"inLanguage\":\"pt-BR\",\"@id\":\"https:\/\/www.suno.com.br\/noticias\/#\/schema\/person\/image\/\",\"url\":\"https:\/\/secure.gravatar.com\/avatar\/b8104b9b5a71985d5238ee59fbe418af?s=96&r=g\",\"contentUrl\":\"https:\/\/secure.gravatar.com\/avatar\/b8104b9b5a71985d5238ee59fbe418af?s=96&r=g\",\"caption\":\"Reda\u00e7\u00e3o Suno Not\u00edcias\"},\"description\":\"O Suno Not\u00edcias \u00e9 um portal de informa\u00e7\u00f5es sobre Mercado Financeiro, Pol\u00edtica, Neg\u00f3cios, Economia e Finan\u00e7as Pessoais.\",\"sameAs\":[\"https:\/\/www.suno.com.br\/noticias\",\"https:\/\/www.facebook.com\/sunonoticias\/\",\"https:\/\/www.instagram.com\/sunonoticias\/\",\"https:\/\/x.com\/https:\/\/twitter.com\/sunoresearch\",\"https:\/\/www.youtube.com\/sunonoticias\"],\"url\":\"https:\/\/www.suno.com.br\/noticias\/author\/redacao-suno\/\"}]}<\/script>\n<!-- \/ Yoast SEO plugin. -->","yoast_head_json":{"title":"Ministros dos G20 n\u00e3o chegam a consenso sobre comunicado","description":"No encerramento do G20, o ministro da Fazenda, Fernando Haddad, admitiu que n\u00e3o houve consenso para elaborar um comunicado conjunto","robots":{"index":"index","follow":"follow","max-snippet":"max-snippet:-1","max-image-preview":"max-image-preview:large","max-video-preview":"max-video-preview:-1"},"canonical":"https:\/\/www.suno.com.br\/noticias\/g20-ministros-nao-chegam-a-consenso-comunicado-conjunto\/","og_locale":"pt_BR","og_type":"article","og_title":"Ministros dos G20 n\u00e3o chegam a consenso sobre comunicado","og_description":"No encerramento do G20, o ministro da Fazenda, Fernando Haddad, admitiu que n\u00e3o houve consenso para elaborar um comunicado conjunto","og_url":"https:\/\/www.suno.com.br\/noticias\/g20-ministros-nao-chegam-a-consenso-comunicado-conjunto\/","og_site_name":"Suno Not\u00edcias","article_publisher":"https:\/\/facebook.com\/sunoresearch","article_author":"https:\/\/www.facebook.com\/sunonoticias\/","og_image":[{"width":1200,"height":800,"url":"https:\/\/files.sunoresearch.com.br\/n\/uploads\/2023\/06\/haddad-programa-desenrola-brasil.jpg","type":"image\/jpeg"}],"author":"Reda\u00e7\u00e3o Suno Not\u00edcias","twitter_card":"summary_large_image","twitter_creator":"@https:\/\/twitter.com\/sunoresearch","twitter_site":"@sunoresearch","twitter_misc":{"Escrito por":"Reda\u00e7\u00e3o Suno Not\u00edcias","Est. tempo de leitura":"6 minutos"},"schema":{"@context":"https:\/\/schema.org","@graph":[{"@type":"NewsArticle","@id":"https:\/\/www.suno.com.br\/noticias\/g20-ministros-nao-chegam-a-consenso-comunicado-conjunto\/#article","isPartOf":{"@id":"https:\/\/www.suno.com.br\/noticias\/g20-ministros-nao-chegam-a-consenso-comunicado-conjunto\/"},"author":{"name":"Reda\u00e7\u00e3o Suno Not\u00edcias","@id":"https:\/\/www.suno.com.br\/noticias\/#\/schema\/person\/c1b1bd3727fa852bd045e9dbff3673ea"},"headline":"Ministros dos G20 encerram encontro sem consenso sobre comunicado conjunto; veja motivo","datePublished":"2024-03-01T00:32:40+00:00","dateModified":"2024-03-01T01:22:33+00:00","mainEntityOfPage":{"@id":"https:\/\/www.suno.com.br\/noticias\/g20-ministros-nao-chegam-a-consenso-comunicado-conjunto\/"},"wordCount":1262,"publisher":{"@id":"https:\/\/www.suno.com.br\/noticias\/#organization"},"image":{"@id":"https:\/\/www.suno.com.br\/noticias\/g20-ministros-nao-chegam-a-consenso-comunicado-conjunto\/#primaryimage"},"thumbnailUrl":"https:\/\/files.sunoresearch.com.br\/n\/uploads\/2023\/06\/haddad-programa-desenrola-brasil.jpg","keywords":["Fernando Haddad","G20"],"articleSection":["Economia"],"inLanguage":"pt-BR"},{"@type":"WebPage","@id":"https:\/\/www.suno.com.br\/noticias\/g20-ministros-nao-chegam-a-consenso-comunicado-conjunto\/","url":"https:\/\/www.suno.com.br\/noticias\/g20-ministros-nao-chegam-a-consenso-comunicado-conjunto\/","name":"Ministros dos G20 n\u00e3o chegam a consenso sobre comunicado","isPartOf":{"@id":"https:\/\/www.suno.com.br\/noticias\/#website"},"primaryImageOfPage":{"@id":"https:\/\/www.suno.com.br\/noticias\/g20-ministros-nao-chegam-a-consenso-comunicado-conjunto\/#primaryimage"},"image":{"@id":"https:\/\/www.suno.com.br\/noticias\/g20-ministros-nao-chegam-a-consenso-comunicado-conjunto\/#primaryimage"},"thumbnailUrl":"https:\/\/files.sunoresearch.com.br\/n\/uploads\/2023\/06\/haddad-programa-desenrola-brasil.jpg","datePublished":"2024-03-01T00:32:40+00:00","dateModified":"2024-03-01T01:22:33+00:00","description":"No encerramento do G20, o ministro da Fazenda, Fernando Haddad, admitiu que n\u00e3o houve consenso para elaborar um comunicado conjunto","breadcrumb":{"@id":"https:\/\/www.suno.com.br\/noticias\/g20-ministros-nao-chegam-a-consenso-comunicado-conjunto\/#breadcrumb"},"inLanguage":"pt-BR","potentialAction":[{"@type":"ReadAction","target":["https:\/\/www.suno.com.br\/noticias\/g20-ministros-nao-chegam-a-consenso-comunicado-conjunto\/"]}]},{"@type":"ImageObject","inLanguage":"pt-BR","@id":"https:\/\/www.suno.com.br\/noticias\/g20-ministros-nao-chegam-a-consenso-comunicado-conjunto\/#primaryimage","url":"https:\/\/files.sunoresearch.com.br\/n\/uploads\/2023\/06\/haddad-programa-desenrola-brasil.jpg","contentUrl":"https:\/\/files.sunoresearch.com.br\/n\/uploads\/2023\/06\/haddad-programa-desenrola-brasil.jpg","width":1200,"height":800,"caption":"Foto: Diogo Zacarias\/Minist\u00e9rio da Fazenda"},{"@type":"BreadcrumbList","@id":"https:\/\/www.suno.com.br\/noticias\/g20-ministros-nao-chegam-a-consenso-comunicado-conjunto\/#breadcrumb","itemListElement":[{"@type":"ListItem","position":1,"name":"Not\u00edcias","item":"https:\/\/www.suno.com.br\/noticias\/"},{"@type":"ListItem","position":2,"name":"Economia","item":"https:\/\/www.suno.com.br\/noticias\/economia\/"},{"@type":"ListItem","position":3,"name":"Ministros dos G20 encerram encontro sem consenso sobre comunicado conjunto; veja motivo"}]},{"@type":"WebSite","@id":"https:\/\/www.suno.com.br\/noticias\/#website","url":"https:\/\/www.suno.com.br\/noticias\/","name":"Suno Not\u00edcias","description":"Seu portal de informa\u00e7\u00e3o sobre o mundo dos investimentos","publisher":{"@id":"https:\/\/www.suno.com.br\/noticias\/#organization"},"potentialAction":[{"@type":"SearchAction","target":{"@type":"EntryPoint","urlTemplate":"https:\/\/www.suno.com.br\/noticias\/?s={search_term_string}"},"query-input":{"@type":"PropertyValueSpecification","valueRequired":true,"valueName":"search_term_string"}}],"inLanguage":"pt-BR"},{"@type":"Organization","@id":"https:\/\/www.suno.com.br\/noticias\/#organization","name":"Suno Not\u00edcias","url":"https:\/\/www.suno.com.br\/noticias\/","logo":{"@type":"ImageObject","inLanguage":"pt-BR","@id":"https:\/\/www.suno.com.br\/noticias\/#\/schema\/logo\/image\/","url":"https:\/\/files.sunoresearch.com.br\/n\/uploads\/2021\/09\/suno-logo.png","contentUrl":"https:\/\/files.sunoresearch.com.br\/n\/uploads\/2021\/09\/suno-logo.png","width":180,"height":180,"caption":"Suno Not\u00edcias"},"image":{"@id":"https:\/\/www.suno.com.br\/noticias\/#\/schema\/logo\/image\/"},"sameAs":["https:\/\/facebook.com\/sunoresearch","https:\/\/x.com\/sunoresearch","https:\/\/www.instagram.com\/suno","https:\/\/www.linkedin.com\/company\/suno-research\/","https:\/\/www.youtube.com\/c\/sunoresearch"]},{"@type":"Person","@id":"https:\/\/www.suno.com.br\/noticias\/#\/schema\/person\/c1b1bd3727fa852bd045e9dbff3673ea","name":"Reda\u00e7\u00e3o Suno Not\u00edcias","image":{"@type":"ImageObject","inLanguage":"pt-BR","@id":"https:\/\/www.suno.com.br\/noticias\/#\/schema\/person\/image\/","url":"https:\/\/secure.gravatar.com\/avatar\/b8104b9b5a71985d5238ee59fbe418af?s=96&r=g","contentUrl":"https:\/\/secure.gravatar.com\/avatar\/b8104b9b5a71985d5238ee59fbe418af?s=96&r=g","caption":"Reda\u00e7\u00e3o Suno Not\u00edcias"},"description":"O Suno Not\u00edcias \u00e9 um portal de informa\u00e7\u00f5es sobre Mercado Financeiro, Pol\u00edtica, Neg\u00f3cios, Economia e Finan\u00e7as Pessoais.","sameAs":["https:\/\/www.suno.com.br\/noticias","https:\/\/www.facebook.com\/sunonoticias\/","https:\/\/www.instagram.com\/sunonoticias\/","https:\/\/x.com\/https:\/\/twitter.com\/sunoresearch","https:\/\/www.youtube.com\/sunonoticias"],"url":"https:\/\/www.suno.com.br\/noticias\/author\/redacao-suno\/"}]}},"default_loop_html":"<div class=\"cardsPage__listCard__boxs\"><div class=\"cardsPage__listCard__boxs__img\"><a href=\"https:\/\/www.suno.com.br\/noticias\/g20-ministros-nao-chegam-a-consenso-comunicado-conjunto\/\"><img class=\"mask\" src=\"https:\/\/www.suno.com.br\/noticias\/wp-content\/themes\/suno\/resources\/images\/spotlight\/spotlight1img\/bg-mask.png\" alt=\"Image Mask\"\/><img src=\"https:\/\/files.sunoresearch.com.br\/n\/uploads\/2023\/06\/haddad-programa-desenrola-brasil-400x200.jpg\" alt=\"Ministros dos G20 encerram encontro sem consenso sobre comunicado conjunto; veja motivo\"\/><\/a><span class=\"spotlightCategory\"><a href=\"https:\/\/www.suno.com.br\/noticias\/economia\/\">Economia<\/a><\/span><\/div><div class=\"cardsPage__listCard__boxs__content\"><a href=\"https:\/\/www.suno.com.br\/noticias\/g20-ministros-nao-chegam-a-consenso-comunicado-conjunto\/\"><h2 class=\"content__title\">Ministros dos G20 encerram encontro sem consenso sobre comunicado conjunto; veja motivo<\/h2><\/a><div class=\"newsContent__article__meta\"><div class=\"newsContent__article__meta__authorBox\"><a href=\"https:\/\/www.suno.com.br\/noticias\/author\/redacao-suno\/\" class=\"authorBox__avatar noMobi\"><img src=\"https:\/\/files.sunoresearch.com.br\/n\/uploads\/2020\/08\/0ace682d-redacao-1-150x150.webp\" alt=\"Reda\u00e7\u00e3o Suno Not\u00edcias\"><\/a><div class=\"authorBox__name\"><span>por\n\t\t\t<a href=\"https:\/\/www.suno.com.br\/noticias\/author\/redacao-suno\/\"><span itemprop=\"author\">Reda\u00e7\u00e3o Suno Not\u00edcias<\/span><\/a><\/span><time datetime=\"2024-02-29T21:32:40-03:00\" itemprop=\"datePublished\">29\/02\/2024 21:32<\/time><\/div><\/div><\/div><\/div><\/div>","single_layout":"posts","amp_enabled":true,"_links":{"self":[{"href":"https:\/\/www.suno.com.br\/noticias\/wp-json\/wp\/v2\/posts\/528356"}],"collection":[{"href":"https:\/\/www.suno.com.br\/noticias\/wp-json\/wp\/v2\/posts"}],"about":[{"href":"https:\/\/www.suno.com.br\/noticias\/wp-json\/wp\/v2\/types\/post"}],"author":[{"embeddable":true,"href":"https:\/\/www.suno.com.br\/noticias\/wp-json\/wp\/v2\/users\/43"}],"replies":[{"embeddable":true,"href":"https:\/\/www.suno.com.br\/noticias\/wp-json\/wp\/v2\/comments?post=528356"}],"version-history":[{"count":2,"href":"https:\/\/www.suno.com.br\/noticias\/wp-json\/wp\/v2\/posts\/528356\/revisions"}],"predecessor-version":[{"id":528394,"href":"https:\/\/www.suno.com.br\/noticias\/wp-json\/wp\/v2\/posts\/528356\/revisions\/528394"}],"wp:featuredmedia":[{"embeddable":true,"href":"https:\/\/www.suno.com.br\/noticias\/wp-json\/wp\/v2\/media\/413518"}],"wp:attachment":[{"href":"https:\/\/www.suno.com.br\/noticias\/wp-json\/wp\/v2\/media?parent=528356"}],"wp:term":[{"taxonomy":"category","embeddable":true,"href":"https:\/\/www.suno.com.br\/noticias\/wp-json\/wp\/v2\/categories?post=528356"},{"taxonomy":"post_tag","embeddable":true,"href":"https:\/\/www.suno.com.br\/noticias\/wp-json\/wp\/v2\/tags?post=528356"},{"taxonomy":"suno_strategy","embeddable":true,"href":"https:\/\/www.suno.com.br\/noticias\/wp-json\/wp\/v2\/suno_strategy?post=528356"}],"curies":[{"name":"wp","href":"https:\/\/api.w.org\/{rel}","templated":true}]}}