{"id":528276,"date":"2024-02-29T18:44:50","date_gmt":"2024-02-29T21:44:50","guid":{"rendered":"https:\/\/www.suno.com.br\/noticias\/?p=528276"},"modified":"2024-02-29T19:30:40","modified_gmt":"2024-02-29T22:30:40","slug":"ibovespa-ambev-abev3-queda-29-02-24-jvj","status":"publish","type":"post","link":"https:\/\/www.suno.com.br\/noticias\/ibovespa-ambev-abev3-queda-29-02-24-jvj\/","title":{"rendered":"Ibovespa cai 0,87%, aos 129 mil pontos, mas sobe no m\u00eas; Ambev (ABEV3) recua 6,5% e JBS (JBSS3) fecha em alta"},"content":{"rendered":"<p>O<strong> Ibovespa <\/strong>encerrou a sess\u00e3o desta quinta-feira (29) em baixa de 0,87%, aos 129.020,02 pontos. A m\u00ednima di\u00e1ria foi de 128.669,29 pontos, enquanto a m\u00e1xima foi de 130.154,84 pontos. No m\u00eas de fevereiro, o \u00edndice avan\u00e7ou 0,99% &#8211; depois da queda de 4,79% ao longo de janeiro. J\u00e1 o volume financeiro do dia somou R$ 28,8 bilh\u00f5es.<\/p>\t<div class=\"wrapper-featured-image\">\n\t\t<figure class=\"spotlightImg\">\n\n\t\t\t<picture>\n\t\t\t\t<source media=\"(max-width: 768px)\" srcset=\"https:\/\/files.sunoresearch.com.br\/n\/uploads\/2023\/05\/mercado-sobe-400x200.jpg\">\n\t\t\t\t<img loading=\"lazy\" decoding=\"async\" class=\"newsContent__article__imgCapa lazyloadDisabled \" src=\"https:\/\/files.sunoresearch.com.br\/n\/uploads\/2023\/05\/mercado-sobe-800x450.jpg\" width=\"800\" height=\"450\" alt=\"Ibovespa cai 0,87%, aos 129 mil pontos, mas sobe no m\u00eas; Ambev (ABEV3) recua 6,5% e JBS (JBSS3) fecha em alta\" fetchpriority=high \/>\n\t\t\t<\/picture>\n\n\t\t\t<figcaption class=\"wp-caption-text wp-caption-text--show\">SNEL11. Foto: iStock<\/figcaption>\n\t\t<\/figure>\n\t<\/div>\n\n\n\n\n\n\t<p>\n\t\t<a href=\"https:\/\/lp.suno.com.br\/ebook-como-analisar-uma-acao\/\" target=\"_blank\" data-element=\"shortcode-suno-banner\" title=\"Banner SUNO, clique e saiba mais\">\n\t\t\t<picture>\n\t\t\t\t<source media=\"(max-width: 500px)\" srcset=\"https:\/\/files.sunoresearch.com.br\/n\/uploads\/2023\/12\/Ebook-Acoes-Mobile.jpg\">\n\t\t\t\t<img class=\"newsContent__article__imgCapa newsContent__article__imgCapa--banner\"\n\t\t\t\t\tsrc=\"https:\/\/files.sunoresearch.com.br\/n\/uploads\/2023\/12\/Ebook-Acoes-Desktop.webp\"\n\t\t\t\t\tdata-promo-id=\"311260\"\t\t\t\t\t\t\t\t\t\twidth='1420' height='286'\t\t\t\t\talt=\"https:\/\/files.sunoresearch.com.br\/n\/uploads\/2023\/12\/Ebook-Acoes-Desktop.webp\"\n\t\t\t\t>\n\t\t\t<\/picture>\n\t\t<\/a>\n\t<\/p>\n\n\n\n\n\n<p>O <strong>Ibovespa hoje <\/strong>se descolou das principais Bolsas de Valores de Nova York, que fecharam o dia no campo positivo.<\/p>\n\n\n\n<ul class=\"wp-block-list\">\n<li>Dow Jones: +0,12%, aos 38.994,29 pontos;<\/li>\n\n\n\n<li>S&amp;P500: +0,52%, aos 5.095,88 pontos;<\/li>\n\n\n\n<li>Nasdaq: +0,90%, aos 16.091,92 pontos.<\/li>\n<\/ul>\n\n\n\n<p>Segundo Alexsandro Nishimura, economista e s\u00f3cio da Nomos, o Ibovespa hoje continuou descolado dos seus pares da <a class=\"suno-keyword\" data-force=\"no\" data-priority=\"3\" href=\"https:\/\/www.suno.com.br\/guias\/bolsa-de-valores\/\" target=\"_blank\" rel=\"noopener\">Bolsa de Valores<\/a> de Nova York, como tem sido a t\u00f4nica recente, sem conseguido acompanhar o rali das \u201ctechs\u201d, comandadas pelo entusiasmo com a intelig\u00eancia artificial (IA).<\/p>\n\n\n\t<div data-element=\"shortcode-read-more\" class=\"knowMore\">\n\t\t\t\t<span class=\"knowMore__title\">Leia mais<\/span>\n\t\t\t\t<a class=\"knowMore__link\" href=\"https:\/\/www.suno.com.br\/noticias\/xp-itau-itub4-aumente-distribuicao-lucros-evm\/\">\n\t\t\tXP espera que Ita\u00fa (ITUB4) aumente distribui\u00e7\u00e3o dos seus lucros\t\t<\/a>\n\t<\/div>\n\n\n\n\n<p>\u201cEspecificamente, hoje, enquanto as bolsas norte-americanas se apoiaram no al\u00edvio com a infla\u00e7\u00e3o, o IBOV sentiu o peso da queda de <a class=\"suno-keyword\" data-force=\"no\" data-priority=\"1\" href=\"https:\/\/www.suno.com.br\/artigos\/acoes-blue-chips\/\" target=\"_blank\" rel=\"noopener\">blue chips<\/a> como bancos, <strong>Ambev<\/strong> <strong>(ABEV3)<\/strong> e <strong>Petrobras (PETR4)<\/strong>, mas foi um movimento bem generalizado\u201d, explicou.<\/p>\n\n\n\n<p>Um dos temas importantes hoje foi a divulga\u00e7\u00e3o dos novos dados da PNAD Cont\u00ednua, que apresentaram um \u201caquecimento\u201d do mercado de trabalho. Os dados de desemprego foram inferiores \u00e0s expectativas. Al\u00e9m disso, a renda avan\u00e7ou, o que poderia influenciar no processo de desinfla\u00e7\u00e3o.<\/p>\n\n\n\n<p>\u201cIsso gerou indaga\u00e7\u00f5es sobre como o Copom pode fazer a leitura e aumentando a chance do Copom n\u00e3o esticar os cortes muito abaixo dos 10%, quem sabe sequer rompendo a barreira do um d\u00edgito\u201d, destaca Nishimura.<\/p>\n\n\n\n<p>As <strong>a\u00e7\u00f5es da <a class=\"suno-keyword\" data-force=\"yes\" data-priority=\"2\" href=\"https:\/\/www.suno.com.br\/acoes\/PETR4\/\" target=\"_blank\" rel=\"noopener\">Petrobras (PETR4)<\/a><\/strong> apresentaram um preg\u00e3o com bastante volatilidade, diante da altern\u00e2ncia de sinais, entre uma tentativa de recupera\u00e7\u00e3o depois do forte sell-off de ontem (28), em raz\u00e3o dos receios em rela\u00e7\u00e3o ao pagamento de <a class=\"suno-keyword\" data-force=\"no\" data-priority=\"1\" href=\"https:\/\/www.suno.com.br\/guias\/dividendos\/\" target=\"_blank\" rel=\"noopener\">dividendos<\/a>, mas sob press\u00e3o pela queda do petr\u00f3leo nos mercados internacionais, diante dos temores em rela\u00e7\u00e3o \u00e0 demanda.<\/p>\n\n\n\n<p>Ap\u00f3s o tombo de mais de 5% para Petrobras ON e PN ontem, com a repondera\u00e7\u00e3o das expectativas sobre dividendos &#8211; tendo em vista os sinais dados pelo presidente da estatal, Jean Paul Prates -, as a\u00e7\u00f5es da empresa seguiram em baixa, hoje de 0,91% (ON) e de 0,72% (PN), no fechamento. O dia tamb\u00e9m foi negativo para as a\u00e7\u00f5es de grandes bancos, com destaque para Ita\u00fa (ITUB4, 2,47%). Na ponta ganhadora do Ibovespa, ficaram Marfrig (MRFG3, +3,88%), JBS (JBSS3,+2,72%) e Petz (PETZ4,+2,21%). No lado oposto, P\u00e3o de A\u00e7\u00facar (PCAR3, -8,62%), ap\u00f3s resultados trimestrais, e Ultrapar (UGPA3, -3,86%).<\/p>\n\n\n\n<p>Diante da baixa do petr\u00f3leo hoje (29) e a partir de um ambiente macro com maior <a class=\"suno-keyword\" data-force=\"no\" data-priority=\"1\" href=\"https:\/\/www.suno.com.br\/artigos\/aversao-ao-risco\/\" target=\"_blank\" rel=\"noopener\">avers\u00e3o ao risco<\/a>, todo o setor de petr\u00f3leo foi puxado para baixo na <strong>Bolsa de Valores<\/strong> brasileira (B3).<\/p>\n\n\n\n<p>As a\u00e7\u00f5es da Ambev foram impactadas ap\u00f3s divulga\u00e7\u00e3o do novo<a href=\"https:\/\/www.suno.com.br\/noticias\/ambev-abev3-lucro-btg-xp-safra-cpf\/\"> balan\u00e7o trimestral da companhia<\/a>, cujos resultados ficaram abaixo do esperado.<\/p>\n\n\n\n<p>Na \u00faltima sess\u00e3o de janeiro, o d\u00f3lar havia fechado a R$ 4,9374 e, ao longo de fevereiro, teve alta de 0,72% frente \u00e0 moeda brasileira, a R$ 4,9725, Assim, ao fim de janeiro, o \u00edndice da B3, em d\u00f3lar, estava em 25.874,40 pontos, refletindo ent\u00e3o o avan\u00e7o de 1,73% da moeda americana no m\u00eas, frente ao real, e a queda de 4,79% acumulada pelo Ibovespa no primeiro m\u00eas do ano. Agora, na moeda americana, o Ibovespa foi um pouco al\u00e9m, a 25.946,71 pontos, mas ainda bem abaixo do n\u00edvel de fechamento de 2023, aos 27.647,67 pontos, quando o \u00edndice da B3 estava em suas m\u00e1ximas hist\u00f3ricas nominais.<\/p>\n\n\n\n<p>&#8220;A queda nesta \u00faltima sess\u00e3o do m\u00eas foi muito puxada pelas a\u00e7\u00f5es de bancos, basicamente em realiza\u00e7\u00e3o de lucros &#8211; \u00e0 exce\u00e7\u00e3o de Bradesco, que j\u00e1 vinha depreciado desde o \u00faltimo balan\u00e7o &#8211; e pelo prosseguimento do ajuste em Petrobras. Vale mostrou leve recupera\u00e7\u00e3o na sess\u00e3o, mas continua bem depreciada em rela\u00e7\u00e3o a dezembro, quando a a\u00e7\u00e3o estava a R$ 77 ou R$ 78. China em meio a d\u00favidas sobre o n\u00edvel de atividade econ\u00f4mica e a incerteza sobre a sucess\u00e3o no comando da empresa pesaram, desde ent\u00e3o, sobre a a\u00e7\u00e3o da mineradora&#8221;, diz Gabriel Mota, operador de renda vari\u00e1vel da Manchester Investimentos.<\/p>\n\n\n\n<p>Hoje, Vale (VALE3), a principal a\u00e7\u00e3o do Ibovespa, subiu 0,37%, a R$ 66,99 &#8211; no ano, a a\u00e7\u00e3o ainda recua 13,23%, com perda de 1,14% em fevereiro.<\/p>\n\n\n\n<p>Na agenda externa, destaque para a divulga\u00e7\u00e3o, na manh\u00e3, da m\u00e9trica preferida do BC dos Estados Unidos para monitorar a infla\u00e7\u00e3o ao consumidor no pa\u00eds, o \u00edndice PCE, que avan\u00e7ou 2,4% ao ano, dentro da expectativa do mercado, assim como o n\u00facleo (+2,8%), em janeiro, observa a Toro Investimentos. Ambas as leituras ficaram abaixo do resultado de janeiro, quando o \u00edndice cheio havia avan\u00e7ado 2,6% e o n\u00facleo, 2,9%, em termos anuais.<\/p>\n\n\n\n<p>&#8220;Na parte de infla\u00e7\u00e3o, nos Estados Unidos veio indicador muito pr\u00f3ximo ao que era esperado pelo mercado, o que \u00e9 um al\u00edvio, porque se trata de dado que o Fed acompanha de perto. Uma acelera\u00e7\u00e3o resultaria em preocupa\u00e7\u00f5es quanto ao in\u00edcio do processo de redu\u00e7\u00e3o de juros, aguardado para o meio do ano, quando se espera que o BC americano ter\u00e1 conforto para iniciar o corte. O n\u00famero de hoje corrobora essa expectativa, resultando em um pouco de fechamento da taxa de juros de 10 anos dos EUA, refer\u00eancia do mercado em todo o mundo&#8221;, diz M\u00f4nica Ara\u00fajo, estrategista de renda vari\u00e1vel da InvestSmart XP.<\/p>\n\n\n\n<h2 class=\"wp-block-heading\"><a><\/a>Maiores altas do Ibovespa<\/h2>\n\n\n\n<ul class=\"wp-block-list\">\n<li>Marfrig (MRFG3): +3,88%<\/li>\n\n\n\n<li>JBS (JBSS3): +2,72%<\/li>\n\n\n\n<li>Petz (PETZ3): +2,21%<\/li>\n\n\n\n<li>Cyrela (CYRE3): +2,08%<\/li>\n\n\n\n<li>Embraer (EMBR3): +2,05%<\/li>\n<\/ul>\n\n\n\n<h2 class=\"wp-block-heading\"><a><\/a>Maiores quedas do Ibovespa<\/h2>\n\n\n\n<ul class=\"wp-block-list\">\n<li>Grupo P\u00e3o de A\u00e7\u00facar (PCAR3): -8,62%<\/li>\n\n\n\n<li>Ambev (ABEV3): -6,47%<\/li>\n\n\n\n<li>Ultrapar (UGPA3): -3,86%<\/li>\n\n\n\n<li>Tim (TIMS3): -3,61%<\/li>\n\n\n\n<li>Hypera (HYPE3): -3,41%<\/li>\n<\/ul>\n\n\n\n<h2 class=\"wp-block-heading\"><a><\/a>\u00daltimo fechamento do Ibovespa<\/h2>\n\n\n\n<p>O <strong>Ibovespa<\/strong> encerrou a sess\u00e3o desta quarta-feira (28) em queda de 1,16%, aos 130.155,43 pontos.<\/p>\n\n\n\n<p><em>Com Estad\u00e3o Conte\u00fado<\/em><\/p>\n\n\n\t<p>\n\t\t<a href=\"https:\/\/lp2.suno.com.br\/cl\/black-friday-2025\/?utm_campaign=_SNCDF0E4858_\" target=\"_blank\" data-element=\"shortcode-suno-banner\" title=\"Banner SUNO, clique e saiba mais\">\n\t\t\t<picture>\n\t\t\t\t<source media=\"(max-width: 500px)\" srcset=\"https:\/\/files.sunoresearch.com.br\/n\/uploads\/2025\/10\/Artigos-e-Noticias-Banner-Home-artigos-01-Mobile_-400x300-1-png.webp\">\n\t\t\t\t<img class=\"newsContent__article__imgCapa newsContent__article__imgCapa--banner\"\n\t\t\t\t\tsrc=\"https:\/\/files.sunoresearch.com.br\/n\/uploads\/2025\/10\/Artigos-e-Noticias-Banner-Home-artigos-01-Desktop_-1420x240-1-png.webp\"\n\t\t\t\t\tdata-promo-id=\"311259\"\t\t\t\t\t\t\t\t\t\twidth='1420' height='240'\t\t\t\t\talt=\"https:\/\/files.sunoresearch.com.br\/n\/uploads\/2025\/10\/Artigos-e-Noticias-Banner-Home-artigos-01-Desktop_-1420x240-1-png.webp\"\n\t\t\t\t>\n\t\t\t<\/picture>\n\t\t<\/a>\n\t<\/p>\n\n\n","protected":false},"excerpt":{"rendered":"<p>O Ibovespa encerrou a sess\u00e3o desta quinta-feira (29) em baixa de 0,87%, aos 129.020,02 pontos. A m\u00ednima di\u00e1ria foi de 128.669,29 pontos, enquanto a m\u00e1xima foi de 130.154,84 pontos. No m\u00eas de fevereiro, o \u00edndice avan\u00e7ou 0,99% &#8211; depois da queda de 4,79% ao longo de janeiro. J\u00e1 o volume financeiro do dia somou R$ [&hellip;]<\/p>\n","protected":false},"author":173,"featured_media":408640,"comment_status":"closed","ping_status":"closed","sticky":false,"template":"","format":"standard","meta":[],"categories":[64],"tags":[721,106949],"suno_strategy":[],"class_list":["post-528276","post","type-post","status-publish","format-standard","has-post-thumbnail","hentry","category-negocios","tag-ibovespa","tag-ibovespa-fechamento"],"yoast_head":"<!-- This site is optimized with the Yoast SEO plugin v24.4 - https:\/\/yoast.com\/wordpress\/plugins\/seo\/ -->\n<title>Ibovespa cai 0,87%, aos 129 mil pontos, mas sobe no m\u00eas<\/title>\n<meta name=\"description\" content=\"O Ibovespa encerrou a sess\u00e3o desta quinta-feira (29) em baixa de 0,87%, aos 129.020,02 pontos. No m\u00eas de fevereiro, o \u00edndice avan\u00e7ou 0,99%\" \/>\n<meta name=\"robots\" content=\"index, follow, max-snippet:-1, max-image-preview:large, max-video-preview:-1\" \/>\n<link rel=\"canonical\" href=\"https:\/\/www.suno.com.br\/noticias\/ibovespa-ambev-abev3-queda-29-02-24-jvj\/\" \/>\n<meta property=\"og:locale\" content=\"pt_BR\" \/>\n<meta property=\"og:type\" content=\"article\" \/>\n<meta property=\"og:title\" content=\"Ibovespa cai 0,87%, aos 129 mil pontos, mas sobe no m\u00eas\" \/>\n<meta property=\"og:description\" content=\"O Ibovespa encerrou a sess\u00e3o desta quinta-feira (29) em baixa de 0,87%, aos 129.020,02 pontos. No m\u00eas de fevereiro, o \u00edndice avan\u00e7ou 0,99%\" \/>\n<meta property=\"og:url\" content=\"https:\/\/www.suno.com.br\/noticias\/ibovespa-ambev-abev3-queda-29-02-24-jvj\/\" \/>\n<meta property=\"og:site_name\" content=\"Suno Not\u00edcias\" \/>\n<meta property=\"article:publisher\" content=\"https:\/\/facebook.com\/sunoresearch\" \/>\n<meta property=\"og:image\" content=\"https:\/\/files.sunoresearch.com.br\/n\/uploads\/2023\/05\/mercado-sobe.jpg\" \/>\n\t<meta property=\"og:image:width\" content=\"1200\" \/>\n\t<meta property=\"og:image:height\" content=\"800\" \/>\n\t<meta property=\"og:image:type\" content=\"image\/jpeg\" \/>\n<meta name=\"author\" content=\"Jo\u00e3o Vitor\" \/>\n<meta name=\"twitter:card\" content=\"summary_large_image\" \/>\n<meta name=\"twitter:creator\" content=\"@sunoresearch\" \/>\n<meta name=\"twitter:site\" content=\"@sunoresearch\" \/>\n<meta name=\"twitter:label1\" content=\"Escrito por\" \/>\n\t<meta name=\"twitter:data1\" content=\"Jo\u00e3o Vitor\" \/>\n\t<meta name=\"twitter:label2\" content=\"Est. tempo de leitura\" \/>\n\t<meta name=\"twitter:data2\" content=\"6 minutos\" \/>\n<script type=\"application\/ld+json\" class=\"yoast-schema-graph\">{\"@context\":\"https:\/\/schema.org\",\"@graph\":[{\"@type\":\"NewsArticle\",\"@id\":\"https:\/\/www.suno.com.br\/noticias\/ibovespa-ambev-abev3-queda-29-02-24-jvj\/#article\",\"isPartOf\":{\"@id\":\"https:\/\/www.suno.com.br\/noticias\/ibovespa-ambev-abev3-queda-29-02-24-jvj\/\"},\"author\":{\"name\":\"Jo\u00e3o Vitor\",\"@id\":\"https:\/\/www.suno.com.br\/noticias\/#\/schema\/person\/87fc6973867c52dd884811905c43afba\"},\"headline\":\"Ibovespa cai 0,87%, aos 129 mil pontos, mas sobe no m\u00eas; Ambev (ABEV3) recua 6,5% e JBS (JBSS3) fecha em alta\",\"datePublished\":\"2024-02-29T21:44:50+00:00\",\"dateModified\":\"2024-02-29T22:30:40+00:00\",\"mainEntityOfPage\":{\"@id\":\"https:\/\/www.suno.com.br\/noticias\/ibovespa-ambev-abev3-queda-29-02-24-jvj\/\"},\"wordCount\":1009,\"publisher\":{\"@id\":\"https:\/\/www.suno.com.br\/noticias\/#organization\"},\"image\":{\"@id\":\"https:\/\/www.suno.com.br\/noticias\/ibovespa-ambev-abev3-queda-29-02-24-jvj\/#primaryimage\"},\"thumbnailUrl\":\"https:\/\/files.sunoresearch.com.br\/n\/uploads\/2023\/05\/mercado-sobe.jpg\",\"keywords\":[\"Ibovespa\",\"Ibovespa fechamento\"],\"articleSection\":[\"Neg\u00f3cios\"],\"inLanguage\":\"pt-BR\"},{\"@type\":\"WebPage\",\"@id\":\"https:\/\/www.suno.com.br\/noticias\/ibovespa-ambev-abev3-queda-29-02-24-jvj\/\",\"url\":\"https:\/\/www.suno.com.br\/noticias\/ibovespa-ambev-abev3-queda-29-02-24-jvj\/\",\"name\":\"Ibovespa cai 0,87%, aos 129 mil pontos, mas sobe no m\u00eas\",\"isPartOf\":{\"@id\":\"https:\/\/www.suno.com.br\/noticias\/#website\"},\"primaryImageOfPage\":{\"@id\":\"https:\/\/www.suno.com.br\/noticias\/ibovespa-ambev-abev3-queda-29-02-24-jvj\/#primaryimage\"},\"image\":{\"@id\":\"https:\/\/www.suno.com.br\/noticias\/ibovespa-ambev-abev3-queda-29-02-24-jvj\/#primaryimage\"},\"thumbnailUrl\":\"https:\/\/files.sunoresearch.com.br\/n\/uploads\/2023\/05\/mercado-sobe.jpg\",\"datePublished\":\"2024-02-29T21:44:50+00:00\",\"dateModified\":\"2024-02-29T22:30:40+00:00\",\"description\":\"O Ibovespa encerrou a sess\u00e3o desta quinta-feira (29) em baixa de 0,87%, aos 129.020,02 pontos. No m\u00eas de fevereiro, o \u00edndice avan\u00e7ou 0,99%\",\"breadcrumb\":{\"@id\":\"https:\/\/www.suno.com.br\/noticias\/ibovespa-ambev-abev3-queda-29-02-24-jvj\/#breadcrumb\"},\"inLanguage\":\"pt-BR\",\"potentialAction\":[{\"@type\":\"ReadAction\",\"target\":[\"https:\/\/www.suno.com.br\/noticias\/ibovespa-ambev-abev3-queda-29-02-24-jvj\/\"]}]},{\"@type\":\"ImageObject\",\"inLanguage\":\"pt-BR\",\"@id\":\"https:\/\/www.suno.com.br\/noticias\/ibovespa-ambev-abev3-queda-29-02-24-jvj\/#primaryimage\",\"url\":\"https:\/\/files.sunoresearch.com.br\/n\/uploads\/2023\/05\/mercado-sobe.jpg\",\"contentUrl\":\"https:\/\/files.sunoresearch.com.br\/n\/uploads\/2023\/05\/mercado-sobe.jpg\",\"width\":1200,\"height\":800,\"caption\":\"SNEL11. Foto: iStock\"},{\"@type\":\"BreadcrumbList\",\"@id\":\"https:\/\/www.suno.com.br\/noticias\/ibovespa-ambev-abev3-queda-29-02-24-jvj\/#breadcrumb\",\"itemListElement\":[{\"@type\":\"ListItem\",\"position\":1,\"name\":\"Not\u00edcias\",\"item\":\"https:\/\/www.suno.com.br\/noticias\/\"},{\"@type\":\"ListItem\",\"position\":2,\"name\":\"Neg\u00f3cios\",\"item\":\"https:\/\/www.suno.com.br\/noticias\/negocios\/\"},{\"@type\":\"ListItem\",\"position\":3,\"name\":\"Ibovespa cai 0,87%, aos 129 mil pontos, mas sobe no m\u00eas; Ambev (ABEV3) recua 6,5% e JBS (JBSS3) fecha em alta\"}]},{\"@type\":\"WebSite\",\"@id\":\"https:\/\/www.suno.com.br\/noticias\/#website\",\"url\":\"https:\/\/www.suno.com.br\/noticias\/\",\"name\":\"Suno Not\u00edcias\",\"description\":\"Seu portal de informa\u00e7\u00e3o sobre o mundo dos investimentos\",\"publisher\":{\"@id\":\"https:\/\/www.suno.com.br\/noticias\/#organization\"},\"potentialAction\":[{\"@type\":\"SearchAction\",\"target\":{\"@type\":\"EntryPoint\",\"urlTemplate\":\"https:\/\/www.suno.com.br\/noticias\/?s={search_term_string}\"},\"query-input\":{\"@type\":\"PropertyValueSpecification\",\"valueRequired\":true,\"valueName\":\"search_term_string\"}}],\"inLanguage\":\"pt-BR\"},{\"@type\":\"Organization\",\"@id\":\"https:\/\/www.suno.com.br\/noticias\/#organization\",\"name\":\"Suno Not\u00edcias\",\"url\":\"https:\/\/www.suno.com.br\/noticias\/\",\"logo\":{\"@type\":\"ImageObject\",\"inLanguage\":\"pt-BR\",\"@id\":\"https:\/\/www.suno.com.br\/noticias\/#\/schema\/logo\/image\/\",\"url\":\"https:\/\/files.sunoresearch.com.br\/n\/uploads\/2021\/09\/suno-logo.png\",\"contentUrl\":\"https:\/\/files.sunoresearch.com.br\/n\/uploads\/2021\/09\/suno-logo.png\",\"width\":180,\"height\":180,\"caption\":\"Suno Not\u00edcias\"},\"image\":{\"@id\":\"https:\/\/www.suno.com.br\/noticias\/#\/schema\/logo\/image\/\"},\"sameAs\":[\"https:\/\/facebook.com\/sunoresearch\",\"https:\/\/x.com\/sunoresearch\",\"https:\/\/www.instagram.com\/suno\",\"https:\/\/www.linkedin.com\/company\/suno-research\/\",\"https:\/\/www.youtube.com\/c\/sunoresearch\"]},{\"@type\":\"Person\",\"@id\":\"https:\/\/www.suno.com.br\/noticias\/#\/schema\/person\/87fc6973867c52dd884811905c43afba\",\"name\":\"Jo\u00e3o Vitor\",\"image\":{\"@type\":\"ImageObject\",\"inLanguage\":\"pt-BR\",\"@id\":\"https:\/\/www.suno.com.br\/noticias\/#\/schema\/person\/image\/\",\"url\":\"https:\/\/secure.gravatar.com\/avatar\/2843227ca03ccf8cc7ccca45204c127e?s=96&r=g\",\"contentUrl\":\"https:\/\/secure.gravatar.com\/avatar\/2843227ca03ccf8cc7ccca45204c127e?s=96&r=g\",\"caption\":\"Jo\u00e3o Vitor\"},\"description\":\"Redator profissional, com atua\u00e7\u00e3o no mercado editorial na produ\u00e7\u00e3o de not\u00edcias e conte\u00fados sobre o mercado de a\u00e7\u00f5es, fundos imobili\u00e1rios e economia popular. Graduando em Engenharia Qu\u00edmica pela Unesp, tamb\u00e9m j\u00e1 atuou como consultor financeiro.\",\"url\":\"https:\/\/www.suno.com.br\/noticias\/author\/joao-vitor-jacintho\/\"}]}<\/script>\n<!-- \/ Yoast SEO plugin. -->","yoast_head_json":{"title":"Ibovespa cai 0,87%, aos 129 mil pontos, mas sobe no m\u00eas","description":"O Ibovespa encerrou a sess\u00e3o desta quinta-feira (29) em baixa de 0,87%, aos 129.020,02 pontos. No m\u00eas de fevereiro, o \u00edndice avan\u00e7ou 0,99%","robots":{"index":"index","follow":"follow","max-snippet":"max-snippet:-1","max-image-preview":"max-image-preview:large","max-video-preview":"max-video-preview:-1"},"canonical":"https:\/\/www.suno.com.br\/noticias\/ibovespa-ambev-abev3-queda-29-02-24-jvj\/","og_locale":"pt_BR","og_type":"article","og_title":"Ibovespa cai 0,87%, aos 129 mil pontos, mas sobe no m\u00eas","og_description":"O Ibovespa encerrou a sess\u00e3o desta quinta-feira (29) em baixa de 0,87%, aos 129.020,02 pontos. No m\u00eas de fevereiro, o \u00edndice avan\u00e7ou 0,99%","og_url":"https:\/\/www.suno.com.br\/noticias\/ibovespa-ambev-abev3-queda-29-02-24-jvj\/","og_site_name":"Suno Not\u00edcias","article_publisher":"https:\/\/facebook.com\/sunoresearch","og_image":[{"width":1200,"height":800,"url":"https:\/\/files.sunoresearch.com.br\/n\/uploads\/2023\/05\/mercado-sobe.jpg","type":"image\/jpeg"}],"author":"Jo\u00e3o Vitor","twitter_card":"summary_large_image","twitter_creator":"@sunoresearch","twitter_site":"@sunoresearch","twitter_misc":{"Escrito por":"Jo\u00e3o Vitor","Est. tempo de leitura":"6 minutos"},"schema":{"@context":"https:\/\/schema.org","@graph":[{"@type":"NewsArticle","@id":"https:\/\/www.suno.com.br\/noticias\/ibovespa-ambev-abev3-queda-29-02-24-jvj\/#article","isPartOf":{"@id":"https:\/\/www.suno.com.br\/noticias\/ibovespa-ambev-abev3-queda-29-02-24-jvj\/"},"author":{"name":"Jo\u00e3o Vitor","@id":"https:\/\/www.suno.com.br\/noticias\/#\/schema\/person\/87fc6973867c52dd884811905c43afba"},"headline":"Ibovespa cai 0,87%, aos 129 mil pontos, mas sobe no m\u00eas; Ambev (ABEV3) recua 6,5% e JBS (JBSS3) fecha em alta","datePublished":"2024-02-29T21:44:50+00:00","dateModified":"2024-02-29T22:30:40+00:00","mainEntityOfPage":{"@id":"https:\/\/www.suno.com.br\/noticias\/ibovespa-ambev-abev3-queda-29-02-24-jvj\/"},"wordCount":1009,"publisher":{"@id":"https:\/\/www.suno.com.br\/noticias\/#organization"},"image":{"@id":"https:\/\/www.suno.com.br\/noticias\/ibovespa-ambev-abev3-queda-29-02-24-jvj\/#primaryimage"},"thumbnailUrl":"https:\/\/files.sunoresearch.com.br\/n\/uploads\/2023\/05\/mercado-sobe.jpg","keywords":["Ibovespa","Ibovespa fechamento"],"articleSection":["Neg\u00f3cios"],"inLanguage":"pt-BR"},{"@type":"WebPage","@id":"https:\/\/www.suno.com.br\/noticias\/ibovespa-ambev-abev3-queda-29-02-24-jvj\/","url":"https:\/\/www.suno.com.br\/noticias\/ibovespa-ambev-abev3-queda-29-02-24-jvj\/","name":"Ibovespa cai 0,87%, aos 129 mil pontos, mas sobe no m\u00eas","isPartOf":{"@id":"https:\/\/www.suno.com.br\/noticias\/#website"},"primaryImageOfPage":{"@id":"https:\/\/www.suno.com.br\/noticias\/ibovespa-ambev-abev3-queda-29-02-24-jvj\/#primaryimage"},"image":{"@id":"https:\/\/www.suno.com.br\/noticias\/ibovespa-ambev-abev3-queda-29-02-24-jvj\/#primaryimage"},"thumbnailUrl":"https:\/\/files.sunoresearch.com.br\/n\/uploads\/2023\/05\/mercado-sobe.jpg","datePublished":"2024-02-29T21:44:50+00:00","dateModified":"2024-02-29T22:30:40+00:00","description":"O Ibovespa encerrou a sess\u00e3o desta quinta-feira (29) em baixa de 0,87%, aos 129.020,02 pontos. No m\u00eas de fevereiro, o \u00edndice avan\u00e7ou 0,99%","breadcrumb":{"@id":"https:\/\/www.suno.com.br\/noticias\/ibovespa-ambev-abev3-queda-29-02-24-jvj\/#breadcrumb"},"inLanguage":"pt-BR","potentialAction":[{"@type":"ReadAction","target":["https:\/\/www.suno.com.br\/noticias\/ibovespa-ambev-abev3-queda-29-02-24-jvj\/"]}]},{"@type":"ImageObject","inLanguage":"pt-BR","@id":"https:\/\/www.suno.com.br\/noticias\/ibovespa-ambev-abev3-queda-29-02-24-jvj\/#primaryimage","url":"https:\/\/files.sunoresearch.com.br\/n\/uploads\/2023\/05\/mercado-sobe.jpg","contentUrl":"https:\/\/files.sunoresearch.com.br\/n\/uploads\/2023\/05\/mercado-sobe.jpg","width":1200,"height":800,"caption":"SNEL11. Foto: iStock"},{"@type":"BreadcrumbList","@id":"https:\/\/www.suno.com.br\/noticias\/ibovespa-ambev-abev3-queda-29-02-24-jvj\/#breadcrumb","itemListElement":[{"@type":"ListItem","position":1,"name":"Not\u00edcias","item":"https:\/\/www.suno.com.br\/noticias\/"},{"@type":"ListItem","position":2,"name":"Neg\u00f3cios","item":"https:\/\/www.suno.com.br\/noticias\/negocios\/"},{"@type":"ListItem","position":3,"name":"Ibovespa cai 0,87%, aos 129 mil pontos, mas sobe no m\u00eas; Ambev (ABEV3) recua 6,5% e JBS (JBSS3) fecha em alta"}]},{"@type":"WebSite","@id":"https:\/\/www.suno.com.br\/noticias\/#website","url":"https:\/\/www.suno.com.br\/noticias\/","name":"Suno Not\u00edcias","description":"Seu portal de informa\u00e7\u00e3o sobre o mundo dos investimentos","publisher":{"@id":"https:\/\/www.suno.com.br\/noticias\/#organization"},"potentialAction":[{"@type":"SearchAction","target":{"@type":"EntryPoint","urlTemplate":"https:\/\/www.suno.com.br\/noticias\/?s={search_term_string}"},"query-input":{"@type":"PropertyValueSpecification","valueRequired":true,"valueName":"search_term_string"}}],"inLanguage":"pt-BR"},{"@type":"Organization","@id":"https:\/\/www.suno.com.br\/noticias\/#organization","name":"Suno Not\u00edcias","url":"https:\/\/www.suno.com.br\/noticias\/","logo":{"@type":"ImageObject","inLanguage":"pt-BR","@id":"https:\/\/www.suno.com.br\/noticias\/#\/schema\/logo\/image\/","url":"https:\/\/files.sunoresearch.com.br\/n\/uploads\/2021\/09\/suno-logo.png","contentUrl":"https:\/\/files.sunoresearch.com.br\/n\/uploads\/2021\/09\/suno-logo.png","width":180,"height":180,"caption":"Suno Not\u00edcias"},"image":{"@id":"https:\/\/www.suno.com.br\/noticias\/#\/schema\/logo\/image\/"},"sameAs":["https:\/\/facebook.com\/sunoresearch","https:\/\/x.com\/sunoresearch","https:\/\/www.instagram.com\/suno","https:\/\/www.linkedin.com\/company\/suno-research\/","https:\/\/www.youtube.com\/c\/sunoresearch"]},{"@type":"Person","@id":"https:\/\/www.suno.com.br\/noticias\/#\/schema\/person\/87fc6973867c52dd884811905c43afba","name":"Jo\u00e3o Vitor","image":{"@type":"ImageObject","inLanguage":"pt-BR","@id":"https:\/\/www.suno.com.br\/noticias\/#\/schema\/person\/image\/","url":"https:\/\/secure.gravatar.com\/avatar\/2843227ca03ccf8cc7ccca45204c127e?s=96&r=g","contentUrl":"https:\/\/secure.gravatar.com\/avatar\/2843227ca03ccf8cc7ccca45204c127e?s=96&r=g","caption":"Jo\u00e3o Vitor"},"description":"Redator profissional, com atua\u00e7\u00e3o no mercado editorial na produ\u00e7\u00e3o de not\u00edcias e conte\u00fados sobre o mercado de a\u00e7\u00f5es, fundos imobili\u00e1rios e economia popular. Graduando em Engenharia Qu\u00edmica pela Unesp, tamb\u00e9m j\u00e1 atuou como consultor financeiro.","url":"https:\/\/www.suno.com.br\/noticias\/author\/joao-vitor-jacintho\/"}]}},"default_loop_html":"<div class=\"cardsPage__listCard__boxs\"><div class=\"cardsPage__listCard__boxs__img\"><a href=\"https:\/\/www.suno.com.br\/noticias\/ibovespa-ambev-abev3-queda-29-02-24-jvj\/\"><img class=\"mask\" src=\"https:\/\/www.suno.com.br\/noticias\/wp-content\/themes\/suno\/resources\/images\/spotlight\/spotlight1img\/bg-mask.png\" alt=\"Image Mask\"\/><img src=\"https:\/\/files.sunoresearch.com.br\/n\/uploads\/2023\/05\/mercado-sobe-400x200.jpg\" alt=\"Ibovespa cai 0,87%, aos 129 mil pontos, mas sobe no m\u00eas; Ambev (ABEV3) recua 6,5% e JBS (JBSS3) fecha em alta\"\/><\/a><span class=\"spotlightCategory\"><a href=\"https:\/\/www.suno.com.br\/noticias\/negocios\/\">Neg\u00f3cios<\/a><\/span><\/div><div class=\"cardsPage__listCard__boxs__content\"><a href=\"https:\/\/www.suno.com.br\/noticias\/ibovespa-ambev-abev3-queda-29-02-24-jvj\/\"><h2 class=\"content__title\">Ibovespa cai 0,87%, aos 129 mil pontos, mas sobe no m\u00eas; Ambev (ABEV3) recua 6,5% e JBS (JBSS3) fecha em alta<\/h2><\/a><div class=\"newsContent__article__meta\"><div class=\"newsContent__article__meta__authorBox\"><a href=\"https:\/\/www.suno.com.br\/noticias\/author\/joao-vitor-jacintho\/\" class=\"authorBox__avatar noMobi\"><img src=\"https:\/\/secure.gravatar.com\/avatar\/2843227ca03ccf8cc7ccca45204c127e?s=96&#038;r=g\" alt=\"Jo\u00e3o Vitor Jacintho\"><\/a><div class=\"authorBox__name\"><span>por\n\t\t\t<a href=\"https:\/\/www.suno.com.br\/noticias\/author\/joao-vitor-jacintho\/\"><span itemprop=\"author\">Jo\u00e3o Vitor Jacintho<\/span><\/a><\/span><time datetime=\"2024-02-29T18:44:50-03:00\" itemprop=\"datePublished\">29\/02\/2024 18:44<\/time><\/div><\/div><\/div><\/div><\/div>","single_layout":"posts","amp_enabled":true,"_links":{"self":[{"href":"https:\/\/www.suno.com.br\/noticias\/wp-json\/wp\/v2\/posts\/528276"}],"collection":[{"href":"https:\/\/www.suno.com.br\/noticias\/wp-json\/wp\/v2\/posts"}],"about":[{"href":"https:\/\/www.suno.com.br\/noticias\/wp-json\/wp\/v2\/types\/post"}],"author":[{"embeddable":true,"href":"https:\/\/www.suno.com.br\/noticias\/wp-json\/wp\/v2\/users\/173"}],"replies":[{"embeddable":true,"href":"https:\/\/www.suno.com.br\/noticias\/wp-json\/wp\/v2\/comments?post=528276"}],"version-history":[{"count":2,"href":"https:\/\/www.suno.com.br\/noticias\/wp-json\/wp\/v2\/posts\/528276\/revisions"}],"predecessor-version":[{"id":528315,"href":"https:\/\/www.suno.com.br\/noticias\/wp-json\/wp\/v2\/posts\/528276\/revisions\/528315"}],"wp:featuredmedia":[{"embeddable":true,"href":"https:\/\/www.suno.com.br\/noticias\/wp-json\/wp\/v2\/media\/408640"}],"wp:attachment":[{"href":"https:\/\/www.suno.com.br\/noticias\/wp-json\/wp\/v2\/media?parent=528276"}],"wp:term":[{"taxonomy":"category","embeddable":true,"href":"https:\/\/www.suno.com.br\/noticias\/wp-json\/wp\/v2\/categories?post=528276"},{"taxonomy":"post_tag","embeddable":true,"href":"https:\/\/www.suno.com.br\/noticias\/wp-json\/wp\/v2\/tags?post=528276"},{"taxonomy":"suno_strategy","embeddable":true,"href":"https:\/\/www.suno.com.br\/noticias\/wp-json\/wp\/v2\/suno_strategy?post=528276"}],"curies":[{"name":"wp","href":"https:\/\/api.w.org\/{rel}","templated":true}]}}