{"id":528090,"date":"2024-02-29T13:10:27","date_gmt":"2024-02-29T16:10:27","guid":{"rendered":"https:\/\/www.suno.com.br\/noticias\/?p=528090"},"modified":"2024-02-29T13:10:34","modified_gmt":"2024-02-29T16:10:34","slug":"mercado-livre-meli34-reforca-apoio-psicologico-morte-funcionario-gss","status":"publish","type":"post","link":"https:\/\/www.suno.com.br\/noticias\/mercado-livre-meli34-reforca-apoio-psicologico-morte-funcionario-gss\/","title":{"rendered":"Mercado Livre (MELI34): ap\u00f3s morte de funcion\u00e1rio em Cajamar, empresa vai refor\u00e7ar apoio psicol\u00f3gico"},"content":{"rendered":"<p>Conforme antecipado pelo Intercept Brasil, um funcion\u00e1rio do <strong>Mercado Livre<\/strong> (<a class=\"suno-keyword\" data-force=\"yes\" data-priority=\"2\" href=\"https:\/\/www.suno.com.br\/bdrs\/meli34\/\" target=\"_blank\" rel=\"noopener\">MELI34<\/a>) faleceu na \u00faltima segunda-feira (19) em Cajamar (SP), onde se localiza um dos centros de distribui\u00e7\u00e3o da companhia. Ao Suno Not\u00edcias, a assessoria de imprensa da varejista informou que a companhia est\u00e1 refor\u00e7ando o apoio psicol\u00f3gico aos seus funcion\u00e1rios.<\/p>\t<div class=\"wrapper-featured-image\">\n\t\t<figure class=\"spotlightImg\">\n\n\t\t\t<picture>\n\t\t\t\t<source media=\"(max-width: 768px)\" srcset=\"https:\/\/files.sunoresearch.com.br\/n\/uploads\/2023\/11\/CD-Mercado-Livre-400x200.jpg\">\n\t\t\t\t<img loading=\"lazy\" decoding=\"async\" class=\"newsContent__article__imgCapa lazyloadDisabled \" src=\"https:\/\/files.sunoresearch.com.br\/n\/uploads\/2023\/11\/CD-Mercado-Livre-800x450.jpg\" width=\"800\" height=\"450\" alt=\"Mercado Livre (MELI34): ap\u00f3s morte de funcion\u00e1rio em Cajamar, empresa vai refor\u00e7ar apoio psicol\u00f3gico\" fetchpriority=high \/>\n\t\t\t<\/picture>\n\n\t\t\t<figcaption class=\"wp-caption-text wp-caption-text--show\">Mercado Livre. Foto: Divulga\u00e7\u00e3o.<\/figcaption>\n\t\t<\/figure>\n\t<\/div>\n\n\n\n\n\n\n\n\t<p>\n\t\t<a href=\"https:\/\/lp.suno.com.br\/planilha-da-vida-financeira\/\" target=\"_blank\" data-element=\"shortcode-suno-banner\" title=\"Banner SUNO, clique e saiba mais\">\n\t\t\t<picture>\n\t\t\t\t<source media=\"(max-width: 500px)\" srcset=\"https:\/\/files.sunoresearch.com.br\/n\/uploads\/2023\/04\/400x300-Planilha-vida-financeira-true.png\">\n\t\t\t\t<img class=\"newsContent__article__imgCapa newsContent__article__imgCapa--banner\"\n\t\t\t\t\tsrc=\"https:\/\/files.sunoresearch.com.br\/n\/uploads\/2023\/04\/1420x240-Planilha-vida-financeira-true.png\"\n\t\t\t\t\tdata-promo-id=\"106682\"\t\t\t\t\t\t\t\t\t\twidth='1420' height='240'\t\t\t\t\talt=\"https:\/\/files.sunoresearch.com.br\/n\/uploads\/2023\/04\/1420x240-Planilha-vida-financeira-true.png\"\n\t\t\t\t>\n\t\t\t<\/picture>\n\t\t<\/a>\n\t<\/p>\n\n\n\n\n\n<p>O homem cometeu suic\u00eddio no <strong>centro de distribui\u00e7\u00e3o do Mercado Livre<\/strong> em Cajamar, conforme noticiado em alguns ve\u00edculos e confirmado pela assessoria de imprensa da varejista, que complementou dizendo que o ele foi retirado do local ainda com vida.<\/p>\n\n\n\n<p>De acordo com a assessoria, o colaborador foi atendido prontamente pelos bombeiros e socorristas que trabalham no local e levado de ambul\u00e2ncia at\u00e9 a UPA (Unidade de Pronto Atendimento) de Cajamar, onde faleceu. Ap\u00f3s o ocorrido, a empresa disse ter refor\u00e7ado o suporte para os funcion\u00e1rios, ampliando o n\u00famero de psic\u00f3logos dispon\u00edveis para os que l\u00e1 trabalham.<\/p>\n\n\n\n<p>Confira, na \u00edntegra, a nota divulgada pelo Mercado Livre a respeito do caso:<\/p>\n\n\n\n<p><strong>Nota Mercado Livre<\/strong><\/p>\n\n\n\n<p><em>O Mercado Livre expressa profundo pesar pelo falecimento de um colaborador (cujo nome preservamos em respeito \u00e0 fam\u00edlia) que prestava servi\u00e7o, por meio da empresa Randstad, em um dos seus centros de distribui\u00e7\u00e3o de Cajamar (SP). O colaborador atentou contra a pr\u00f3pria vida, na \u00faltima segunda-feira (19), logo ap\u00f3s receber a not\u00edcia de que seu contrato de trabalho tempor\u00e1rio n\u00e3o seria prorrogado. Esse profissional atuava no nosso centro de distribui\u00e7\u00e3o h\u00e1 apenas seis meses. <\/em><\/p>\n\n\n\n<p><em>Assim que aconteceu a queda, ele foi atendido em menos de um minuto por bombeiros e m\u00e9dicos socorristas que ficam de plant\u00e3o no local, garantindo o socorro imediato e remo\u00e7\u00e3o para a ambul\u00e2ncia, ainda com vida, em menos de seis minutos ao todo. O atendimento profissional seguiu as normas de seguran\u00e7a e isolamos a \u00e1rea imediatamente para a per\u00edcia policial. <\/em><\/p>\n\n\n\n<p><em>Ap\u00f3s o atendimento m\u00e9dico no centro de distribui\u00e7\u00e3o e do encaminhamento do profissional via ambul\u00e2ncia ao atendimento no m\u00e9dico mais pr\u00f3ximo, o caso foi reportado para as autoridades mediante a lavratura de boletim de ocorr\u00eancia, que permitiu que elas prontamente iniciassem a investiga\u00e7\u00e3o necess\u00e1ria. Todas as pessoas convocadas a prestar depoimento, envolvidas no atendimento, est\u00e3o \u00e0 disposi\u00e7\u00e3o das autoridades para colaborar com as investiga\u00e7\u00f5es em curso. Uma per\u00edcia policial tamb\u00e9m foi realizada no local da queda, que permaneceu isolado desde o in\u00edcio at\u00e9 a chegada das autoridades. <\/em><\/p>\n\n\n\t<p>\n\t\t<a href=\"https:\/\/lp.suno.com.br\/ebook-como-analisar-uma-acao\/\" target=\"_blank\" data-element=\"shortcode-suno-banner\" title=\"Banner SUNO, clique e saiba mais\">\n\t\t\t<picture>\n\t\t\t\t<source media=\"(max-width: 500px)\" srcset=\"https:\/\/files.sunoresearch.com.br\/n\/uploads\/2023\/03\/Ebook-Acoes-Mobile.jpg\">\n\t\t\t\t<img class=\"newsContent__article__imgCapa newsContent__article__imgCapa--banner\"\n\t\t\t\t\tsrc=\"https:\/\/files.sunoresearch.com.br\/n\/uploads\/2023\/03\/Ebook-Acoes-Desktop.jpg\"\n\t\t\t\t\tdata-promo-id=\"378302\"\t\t\t\t\t\t\t\t\t\twidth='1420' height='286'\t\t\t\t\talt=\"https:\/\/files.sunoresearch.com.br\/n\/uploads\/2023\/03\/Ebook-Acoes-Desktop.jpg\"\n\t\t\t\t>\n\t\t\t<\/picture>\n\t\t<\/a>\n\t<\/p>\n\n\n\n\n\n<p><em>Desde o ocorrido, n\u00f3s e a Randstad colaboramos com as investiga\u00e7\u00f5es em curso, conduzidas pelas autoridades locais, assim como mantivemos contato e suporte integral aos familiares. No mesmo dia, e ao longo da semana, conduzimos conversas cuidadosas, e com a presen\u00e7a de psic\u00f3logos, junto \u00e0s equipes presentes e com os demais profissionais que atuam nesta opera\u00e7\u00e3o, alguns deles colegas desse profissional. O atendimento psicol\u00f3gico foi oferecido individualmente a todas as pessoas que trabalham no local, colaboradores pr\u00f3prios e terceiros, com o aumento no n\u00famero de psic\u00f3logos dispon\u00edveis na opera\u00e7\u00e3o. <\/em><\/p>\n\n\n\n<p><em>Em respeito e solidariedade \u00e0 fam\u00edlia e aos protocolos das autoridades locais, n\u00e3o estamos fornecendo detalhes sobre o assunto fora do inqu\u00e9rito policial em curso. Nossos centros de distribui\u00e7\u00e3o abrigam milhares de colaboradores e parceiros e temos um ambiente seguro e saud\u00e1vel para todos, em constante aprimoramento. Al\u00e9m de pesquisas, acompanhamos o quadro de l\u00edderes e parceiros para garantir uma gest\u00e3o em linha com as nossas pr\u00e1ticas e valores. Contamos com suporte psicol\u00f3gico acess\u00edvel a todos os funcion\u00e1rios do <strong>Mercado Livre<\/strong> por meio de uma plataforma virtual especializada. Tamb\u00e9m est\u00e3o dispon\u00edveis outras ferramentas de suporte a colaboradores e parceiros, um Canal de \u00c9tica que funciona de maneira sigilosa para acompanhamento e investiga\u00e7\u00f5es internas.<\/em><\/p>\n\n\n\t<p>\n\t\t<a href=\"https:\/\/lp.suno.com.br\/planilha-da-vida-financeira\/\" target=\"_blank\" data-element=\"shortcode-suno-banner\" title=\"Banner SUNO, clique e saiba mais\">\n\t\t\t<picture>\n\t\t\t\t<source media=\"(max-width: 500px)\" srcset=\"https:\/\/files.sunoresearch.com.br\/n\/uploads\/2023\/04\/400x300-Planilha-vida-financeira-true.png\">\n\t\t\t\t<img class=\"newsContent__article__imgCapa newsContent__article__imgCapa--banner\"\n\t\t\t\t\tsrc=\"https:\/\/files.sunoresearch.com.br\/n\/uploads\/2023\/04\/1420x240-Planilha-vida-financeira-true.png\"\n\t\t\t\t\tdata-promo-id=\"383123\"\t\t\t\t\t\t\t\t\t\twidth='1420' height='240'\t\t\t\t\talt=\"https:\/\/files.sunoresearch.com.br\/n\/uploads\/2023\/04\/1420x240-Planilha-vida-financeira-true.png\"\n\t\t\t\t>\n\t\t\t<\/picture>\n\t\t<\/a>\n\t<\/p>\n\n\n","protected":false},"excerpt":{"rendered":"<p>Conforme antecipado pelo Intercept Brasil, um funcion\u00e1rio do Mercado Livre (MELI34) faleceu na \u00faltima segunda-feira (19) em Cajamar (SP), onde se localiza um dos centros de distribui\u00e7\u00e3o da companhia. Ao Suno Not\u00edcias, a assessoria de imprensa da varejista informou que a companhia est\u00e1 refor\u00e7ando o apoio psicol\u00f3gico aos seus funcion\u00e1rios. Mercado Livre. Foto: Divulga\u00e7\u00e3o. O [&hellip;]<\/p>\n","protected":false},"author":322,"featured_media":489845,"comment_status":"closed","ping_status":"closed","sticky":false,"template":"","format":"standard","meta":[],"categories":[64],"tags":[1235],"suno_strategy":[],"class_list":["post-528090","post","type-post","status-publish","format-standard","has-post-thumbnail","hentry","category-negocios","tag-mercado-livre-meli34"],"yoast_head":"<!-- This site is optimized with the Yoast SEO plugin v24.4 - https:\/\/yoast.com\/wordpress\/plugins\/seo\/ -->\n<title>Mercado Livre (MELI34) refor\u00e7a apoio ap\u00f3s morte de funcion\u00e1rio<\/title>\n<meta name=\"description\" content=\"Um funcion\u00e1rio do Mercado Livre (MELI34) cometeu suic\u00eddio no centro de distribui\u00e7\u00e3o da empresa em Cajamar (SP).\" \/>\n<meta name=\"robots\" content=\"index, follow, max-snippet:-1, max-image-preview:large, max-video-preview:-1\" \/>\n<link rel=\"canonical\" href=\"https:\/\/www.suno.com.br\/noticias\/mercado-livre-meli34-reforca-apoio-psicologico-morte-funcionario-gss\/\" \/>\n<meta property=\"og:locale\" content=\"pt_BR\" \/>\n<meta property=\"og:type\" content=\"article\" \/>\n<meta property=\"og:title\" content=\"Mercado Livre (MELI34) refor\u00e7a apoio ap\u00f3s morte de funcion\u00e1rio\" \/>\n<meta property=\"og:description\" content=\"Um funcion\u00e1rio do Mercado Livre (MELI34) cometeu suic\u00eddio no centro de distribui\u00e7\u00e3o da empresa em Cajamar (SP).\" \/>\n<meta property=\"og:url\" content=\"https:\/\/www.suno.com.br\/noticias\/mercado-livre-meli34-reforca-apoio-psicologico-morte-funcionario-gss\/\" \/>\n<meta property=\"og:site_name\" content=\"Suno Not\u00edcias\" \/>\n<meta property=\"article:publisher\" content=\"https:\/\/facebook.com\/sunoresearch\" \/>\n<meta property=\"og:image\" content=\"https:\/\/files.sunoresearch.com.br\/n\/uploads\/2023\/11\/CD-Mercado-Livre.jpg\" \/>\n\t<meta property=\"og:image:width\" content=\"1200\" \/>\n\t<meta property=\"og:image:height\" content=\"675\" \/>\n\t<meta property=\"og:image:type\" content=\"image\/jpeg\" \/>\n<meta name=\"author\" content=\"Guilherme Serrano Silva\" \/>\n<meta name=\"twitter:card\" content=\"summary_large_image\" \/>\n<meta name=\"twitter:creator\" content=\"@sunoresearch\" \/>\n<meta name=\"twitter:site\" content=\"@sunoresearch\" \/>\n<meta name=\"twitter:label1\" content=\"Escrito por\" \/>\n\t<meta name=\"twitter:data1\" content=\"Guilherme Serrano Silva\" \/>\n\t<meta name=\"twitter:label2\" content=\"Est. tempo de leitura\" \/>\n\t<meta name=\"twitter:data2\" content=\"4 minutos\" \/>\n<script type=\"application\/ld+json\" class=\"yoast-schema-graph\">{\"@context\":\"https:\/\/schema.org\",\"@graph\":[{\"@type\":\"NewsArticle\",\"@id\":\"https:\/\/www.suno.com.br\/noticias\/mercado-livre-meli34-reforca-apoio-psicologico-morte-funcionario-gss\/#article\",\"isPartOf\":{\"@id\":\"https:\/\/www.suno.com.br\/noticias\/mercado-livre-meli34-reforca-apoio-psicologico-morte-funcionario-gss\/\"},\"author\":{\"name\":\"Guilherme Serrano Silva\",\"@id\":\"https:\/\/www.suno.com.br\/noticias\/#\/schema\/person\/4a72de8e10febe6d8a50711404b010b3\"},\"headline\":\"Mercado Livre (MELI34): ap\u00f3s morte de funcion\u00e1rio em Cajamar, empresa vai refor\u00e7ar apoio psicol\u00f3gico\",\"datePublished\":\"2024-02-29T16:10:27+00:00\",\"dateModified\":\"2024-02-29T16:10:34+00:00\",\"mainEntityOfPage\":{\"@id\":\"https:\/\/www.suno.com.br\/noticias\/mercado-livre-meli34-reforca-apoio-psicologico-morte-funcionario-gss\/\"},\"wordCount\":680,\"publisher\":{\"@id\":\"https:\/\/www.suno.com.br\/noticias\/#organization\"},\"image\":{\"@id\":\"https:\/\/www.suno.com.br\/noticias\/mercado-livre-meli34-reforca-apoio-psicologico-morte-funcionario-gss\/#primaryimage\"},\"thumbnailUrl\":\"https:\/\/files.sunoresearch.com.br\/n\/uploads\/2023\/11\/CD-Mercado-Livre.jpg\",\"keywords\":[\"Mercado Livre (MELI34)\"],\"articleSection\":[\"Neg\u00f3cios\"],\"inLanguage\":\"pt-BR\"},{\"@type\":\"WebPage\",\"@id\":\"https:\/\/www.suno.com.br\/noticias\/mercado-livre-meli34-reforca-apoio-psicologico-morte-funcionario-gss\/\",\"url\":\"https:\/\/www.suno.com.br\/noticias\/mercado-livre-meli34-reforca-apoio-psicologico-morte-funcionario-gss\/\",\"name\":\"Mercado Livre (MELI34) refor\u00e7a apoio ap\u00f3s morte de funcion\u00e1rio\",\"isPartOf\":{\"@id\":\"https:\/\/www.suno.com.br\/noticias\/#website\"},\"primaryImageOfPage\":{\"@id\":\"https:\/\/www.suno.com.br\/noticias\/mercado-livre-meli34-reforca-apoio-psicologico-morte-funcionario-gss\/#primaryimage\"},\"image\":{\"@id\":\"https:\/\/www.suno.com.br\/noticias\/mercado-livre-meli34-reforca-apoio-psicologico-morte-funcionario-gss\/#primaryimage\"},\"thumbnailUrl\":\"https:\/\/files.sunoresearch.com.br\/n\/uploads\/2023\/11\/CD-Mercado-Livre.jpg\",\"datePublished\":\"2024-02-29T16:10:27+00:00\",\"dateModified\":\"2024-02-29T16:10:34+00:00\",\"description\":\"Um funcion\u00e1rio do Mercado Livre (MELI34) cometeu suic\u00eddio no centro de distribui\u00e7\u00e3o da empresa em Cajamar (SP).\",\"breadcrumb\":{\"@id\":\"https:\/\/www.suno.com.br\/noticias\/mercado-livre-meli34-reforca-apoio-psicologico-morte-funcionario-gss\/#breadcrumb\"},\"inLanguage\":\"pt-BR\",\"potentialAction\":[{\"@type\":\"ReadAction\",\"target\":[\"https:\/\/www.suno.com.br\/noticias\/mercado-livre-meli34-reforca-apoio-psicologico-morte-funcionario-gss\/\"]}]},{\"@type\":\"ImageObject\",\"inLanguage\":\"pt-BR\",\"@id\":\"https:\/\/www.suno.com.br\/noticias\/mercado-livre-meli34-reforca-apoio-psicologico-morte-funcionario-gss\/#primaryimage\",\"url\":\"https:\/\/files.sunoresearch.com.br\/n\/uploads\/2023\/11\/CD-Mercado-Livre.jpg\",\"contentUrl\":\"https:\/\/files.sunoresearch.com.br\/n\/uploads\/2023\/11\/CD-Mercado-Livre.jpg\",\"width\":1200,\"height\":675,\"caption\":\"Mercado Livre. Foto: Divulga\u00e7\u00e3o.\"},{\"@type\":\"BreadcrumbList\",\"@id\":\"https:\/\/www.suno.com.br\/noticias\/mercado-livre-meli34-reforca-apoio-psicologico-morte-funcionario-gss\/#breadcrumb\",\"itemListElement\":[{\"@type\":\"ListItem\",\"position\":1,\"name\":\"Not\u00edcias\",\"item\":\"https:\/\/www.suno.com.br\/noticias\/\"},{\"@type\":\"ListItem\",\"position\":2,\"name\":\"Neg\u00f3cios\",\"item\":\"https:\/\/www.suno.com.br\/noticias\/negocios\/\"},{\"@type\":\"ListItem\",\"position\":3,\"name\":\"Mercado Livre (MELI34): ap\u00f3s morte de funcion\u00e1rio em Cajamar, empresa vai refor\u00e7ar apoio psicol\u00f3gico\"}]},{\"@type\":\"WebSite\",\"@id\":\"https:\/\/www.suno.com.br\/noticias\/#website\",\"url\":\"https:\/\/www.suno.com.br\/noticias\/\",\"name\":\"Suno Not\u00edcias\",\"description\":\"Seu portal de informa\u00e7\u00e3o sobre o mundo dos investimentos\",\"publisher\":{\"@id\":\"https:\/\/www.suno.com.br\/noticias\/#organization\"},\"potentialAction\":[{\"@type\":\"SearchAction\",\"target\":{\"@type\":\"EntryPoint\",\"urlTemplate\":\"https:\/\/www.suno.com.br\/noticias\/?s={search_term_string}\"},\"query-input\":{\"@type\":\"PropertyValueSpecification\",\"valueRequired\":true,\"valueName\":\"search_term_string\"}}],\"inLanguage\":\"pt-BR\"},{\"@type\":\"Organization\",\"@id\":\"https:\/\/www.suno.com.br\/noticias\/#organization\",\"name\":\"Suno Not\u00edcias\",\"url\":\"https:\/\/www.suno.com.br\/noticias\/\",\"logo\":{\"@type\":\"ImageObject\",\"inLanguage\":\"pt-BR\",\"@id\":\"https:\/\/www.suno.com.br\/noticias\/#\/schema\/logo\/image\/\",\"url\":\"https:\/\/files.sunoresearch.com.br\/n\/uploads\/2021\/09\/suno-logo.png\",\"contentUrl\":\"https:\/\/files.sunoresearch.com.br\/n\/uploads\/2021\/09\/suno-logo.png\",\"width\":180,\"height\":180,\"caption\":\"Suno Not\u00edcias\"},\"image\":{\"@id\":\"https:\/\/www.suno.com.br\/noticias\/#\/schema\/logo\/image\/\"},\"sameAs\":[\"https:\/\/facebook.com\/sunoresearch\",\"https:\/\/x.com\/sunoresearch\",\"https:\/\/www.instagram.com\/suno\",\"https:\/\/www.linkedin.com\/company\/suno-research\/\",\"https:\/\/www.youtube.com\/c\/sunoresearch\"]},{\"@type\":\"Person\",\"@id\":\"https:\/\/www.suno.com.br\/noticias\/#\/schema\/person\/4a72de8e10febe6d8a50711404b010b3\",\"name\":\"Guilherme Serrano Silva\",\"image\":{\"@type\":\"ImageObject\",\"inLanguage\":\"pt-BR\",\"@id\":\"https:\/\/www.suno.com.br\/noticias\/#\/schema\/person\/image\/\",\"url\":\"https:\/\/secure.gravatar.com\/avatar\/aba5eb082d0443f542e94a82c79e9d50?s=96&r=g\",\"contentUrl\":\"https:\/\/secure.gravatar.com\/avatar\/aba5eb082d0443f542e94a82c79e9d50?s=96&r=g\",\"caption\":\"Guilherme Serrano Silva\"},\"description\":\"Jornalista formado pela Faculdade C\u00e1sper L\u00edbero e p\u00f3s-graduado em Can\u00e7\u00e3o Popular pela Faculdade Santa Marcelina. Passagens por R\u00e1dio Gazeta AM, gazetaesportiva.com e TC R\u00e1dio.\",\"url\":\"https:\/\/www.suno.com.br\/noticias\/author\/guilhermeserranosilvagmail-com\/\"}]}<\/script>\n<!-- \/ Yoast SEO plugin. -->","yoast_head_json":{"title":"Mercado Livre (MELI34) refor\u00e7a apoio ap\u00f3s morte de funcion\u00e1rio","description":"Um funcion\u00e1rio do Mercado Livre (MELI34) cometeu suic\u00eddio no centro de distribui\u00e7\u00e3o da empresa em Cajamar (SP).","robots":{"index":"index","follow":"follow","max-snippet":"max-snippet:-1","max-image-preview":"max-image-preview:large","max-video-preview":"max-video-preview:-1"},"canonical":"https:\/\/www.suno.com.br\/noticias\/mercado-livre-meli34-reforca-apoio-psicologico-morte-funcionario-gss\/","og_locale":"pt_BR","og_type":"article","og_title":"Mercado Livre (MELI34) refor\u00e7a apoio ap\u00f3s morte de funcion\u00e1rio","og_description":"Um funcion\u00e1rio do Mercado Livre (MELI34) cometeu suic\u00eddio no centro de distribui\u00e7\u00e3o da empresa em Cajamar (SP).","og_url":"https:\/\/www.suno.com.br\/noticias\/mercado-livre-meli34-reforca-apoio-psicologico-morte-funcionario-gss\/","og_site_name":"Suno Not\u00edcias","article_publisher":"https:\/\/facebook.com\/sunoresearch","og_image":[{"width":1200,"height":675,"url":"https:\/\/files.sunoresearch.com.br\/n\/uploads\/2023\/11\/CD-Mercado-Livre.jpg","type":"image\/jpeg"}],"author":"Guilherme Serrano Silva","twitter_card":"summary_large_image","twitter_creator":"@sunoresearch","twitter_site":"@sunoresearch","twitter_misc":{"Escrito por":"Guilherme Serrano Silva","Est. tempo de leitura":"4 minutos"},"schema":{"@context":"https:\/\/schema.org","@graph":[{"@type":"NewsArticle","@id":"https:\/\/www.suno.com.br\/noticias\/mercado-livre-meli34-reforca-apoio-psicologico-morte-funcionario-gss\/#article","isPartOf":{"@id":"https:\/\/www.suno.com.br\/noticias\/mercado-livre-meli34-reforca-apoio-psicologico-morte-funcionario-gss\/"},"author":{"name":"Guilherme Serrano Silva","@id":"https:\/\/www.suno.com.br\/noticias\/#\/schema\/person\/4a72de8e10febe6d8a50711404b010b3"},"headline":"Mercado Livre (MELI34): ap\u00f3s morte de funcion\u00e1rio em Cajamar, empresa vai refor\u00e7ar apoio psicol\u00f3gico","datePublished":"2024-02-29T16:10:27+00:00","dateModified":"2024-02-29T16:10:34+00:00","mainEntityOfPage":{"@id":"https:\/\/www.suno.com.br\/noticias\/mercado-livre-meli34-reforca-apoio-psicologico-morte-funcionario-gss\/"},"wordCount":680,"publisher":{"@id":"https:\/\/www.suno.com.br\/noticias\/#organization"},"image":{"@id":"https:\/\/www.suno.com.br\/noticias\/mercado-livre-meli34-reforca-apoio-psicologico-morte-funcionario-gss\/#primaryimage"},"thumbnailUrl":"https:\/\/files.sunoresearch.com.br\/n\/uploads\/2023\/11\/CD-Mercado-Livre.jpg","keywords":["Mercado Livre (MELI34)"],"articleSection":["Neg\u00f3cios"],"inLanguage":"pt-BR"},{"@type":"WebPage","@id":"https:\/\/www.suno.com.br\/noticias\/mercado-livre-meli34-reforca-apoio-psicologico-morte-funcionario-gss\/","url":"https:\/\/www.suno.com.br\/noticias\/mercado-livre-meli34-reforca-apoio-psicologico-morte-funcionario-gss\/","name":"Mercado Livre (MELI34) refor\u00e7a apoio ap\u00f3s morte de funcion\u00e1rio","isPartOf":{"@id":"https:\/\/www.suno.com.br\/noticias\/#website"},"primaryImageOfPage":{"@id":"https:\/\/www.suno.com.br\/noticias\/mercado-livre-meli34-reforca-apoio-psicologico-morte-funcionario-gss\/#primaryimage"},"image":{"@id":"https:\/\/www.suno.com.br\/noticias\/mercado-livre-meli34-reforca-apoio-psicologico-morte-funcionario-gss\/#primaryimage"},"thumbnailUrl":"https:\/\/files.sunoresearch.com.br\/n\/uploads\/2023\/11\/CD-Mercado-Livre.jpg","datePublished":"2024-02-29T16:10:27+00:00","dateModified":"2024-02-29T16:10:34+00:00","description":"Um funcion\u00e1rio do Mercado Livre (MELI34) cometeu suic\u00eddio no centro de distribui\u00e7\u00e3o da empresa em Cajamar (SP).","breadcrumb":{"@id":"https:\/\/www.suno.com.br\/noticias\/mercado-livre-meli34-reforca-apoio-psicologico-morte-funcionario-gss\/#breadcrumb"},"inLanguage":"pt-BR","potentialAction":[{"@type":"ReadAction","target":["https:\/\/www.suno.com.br\/noticias\/mercado-livre-meli34-reforca-apoio-psicologico-morte-funcionario-gss\/"]}]},{"@type":"ImageObject","inLanguage":"pt-BR","@id":"https:\/\/www.suno.com.br\/noticias\/mercado-livre-meli34-reforca-apoio-psicologico-morte-funcionario-gss\/#primaryimage","url":"https:\/\/files.sunoresearch.com.br\/n\/uploads\/2023\/11\/CD-Mercado-Livre.jpg","contentUrl":"https:\/\/files.sunoresearch.com.br\/n\/uploads\/2023\/11\/CD-Mercado-Livre.jpg","width":1200,"height":675,"caption":"Mercado Livre. Foto: Divulga\u00e7\u00e3o."},{"@type":"BreadcrumbList","@id":"https:\/\/www.suno.com.br\/noticias\/mercado-livre-meli34-reforca-apoio-psicologico-morte-funcionario-gss\/#breadcrumb","itemListElement":[{"@type":"ListItem","position":1,"name":"Not\u00edcias","item":"https:\/\/www.suno.com.br\/noticias\/"},{"@type":"ListItem","position":2,"name":"Neg\u00f3cios","item":"https:\/\/www.suno.com.br\/noticias\/negocios\/"},{"@type":"ListItem","position":3,"name":"Mercado Livre (MELI34): ap\u00f3s morte de funcion\u00e1rio em Cajamar, empresa vai refor\u00e7ar apoio psicol\u00f3gico"}]},{"@type":"WebSite","@id":"https:\/\/www.suno.com.br\/noticias\/#website","url":"https:\/\/www.suno.com.br\/noticias\/","name":"Suno Not\u00edcias","description":"Seu portal de informa\u00e7\u00e3o sobre o mundo dos investimentos","publisher":{"@id":"https:\/\/www.suno.com.br\/noticias\/#organization"},"potentialAction":[{"@type":"SearchAction","target":{"@type":"EntryPoint","urlTemplate":"https:\/\/www.suno.com.br\/noticias\/?s={search_term_string}"},"query-input":{"@type":"PropertyValueSpecification","valueRequired":true,"valueName":"search_term_string"}}],"inLanguage":"pt-BR"},{"@type":"Organization","@id":"https:\/\/www.suno.com.br\/noticias\/#organization","name":"Suno Not\u00edcias","url":"https:\/\/www.suno.com.br\/noticias\/","logo":{"@type":"ImageObject","inLanguage":"pt-BR","@id":"https:\/\/www.suno.com.br\/noticias\/#\/schema\/logo\/image\/","url":"https:\/\/files.sunoresearch.com.br\/n\/uploads\/2021\/09\/suno-logo.png","contentUrl":"https:\/\/files.sunoresearch.com.br\/n\/uploads\/2021\/09\/suno-logo.png","width":180,"height":180,"caption":"Suno Not\u00edcias"},"image":{"@id":"https:\/\/www.suno.com.br\/noticias\/#\/schema\/logo\/image\/"},"sameAs":["https:\/\/facebook.com\/sunoresearch","https:\/\/x.com\/sunoresearch","https:\/\/www.instagram.com\/suno","https:\/\/www.linkedin.com\/company\/suno-research\/","https:\/\/www.youtube.com\/c\/sunoresearch"]},{"@type":"Person","@id":"https:\/\/www.suno.com.br\/noticias\/#\/schema\/person\/4a72de8e10febe6d8a50711404b010b3","name":"Guilherme Serrano Silva","image":{"@type":"ImageObject","inLanguage":"pt-BR","@id":"https:\/\/www.suno.com.br\/noticias\/#\/schema\/person\/image\/","url":"https:\/\/secure.gravatar.com\/avatar\/aba5eb082d0443f542e94a82c79e9d50?s=96&r=g","contentUrl":"https:\/\/secure.gravatar.com\/avatar\/aba5eb082d0443f542e94a82c79e9d50?s=96&r=g","caption":"Guilherme Serrano Silva"},"description":"Jornalista formado pela Faculdade C\u00e1sper L\u00edbero e p\u00f3s-graduado em Can\u00e7\u00e3o Popular pela Faculdade Santa Marcelina. Passagens por R\u00e1dio Gazeta AM, gazetaesportiva.com e TC R\u00e1dio.","url":"https:\/\/www.suno.com.br\/noticias\/author\/guilhermeserranosilvagmail-com\/"}]}},"default_loop_html":"<div class=\"cardsPage__listCard__boxs\"><div class=\"cardsPage__listCard__boxs__img\"><a href=\"https:\/\/www.suno.com.br\/noticias\/mercado-livre-meli34-reforca-apoio-psicologico-morte-funcionario-gss\/\"><img class=\"mask\" src=\"https:\/\/www.suno.com.br\/noticias\/wp-content\/themes\/suno\/resources\/images\/spotlight\/spotlight1img\/bg-mask.png\" alt=\"Image Mask\"\/><img src=\"https:\/\/files.sunoresearch.com.br\/n\/uploads\/2023\/11\/CD-Mercado-Livre-400x200.jpg\" alt=\"Mercado Livre (MELI34): ap\u00f3s morte de funcion\u00e1rio em Cajamar, empresa vai refor\u00e7ar apoio psicol\u00f3gico\"\/><\/a><span class=\"spotlightCategory\"><a href=\"https:\/\/www.suno.com.br\/noticias\/negocios\/\">Neg\u00f3cios<\/a><\/span><\/div><div class=\"cardsPage__listCard__boxs__content\"><a href=\"https:\/\/www.suno.com.br\/noticias\/mercado-livre-meli34-reforca-apoio-psicologico-morte-funcionario-gss\/\"><h2 class=\"content__title\">Mercado Livre (MELI34): ap\u00f3s morte de funcion\u00e1rio em Cajamar, empresa vai refor\u00e7ar apoio psicol\u00f3gico<\/h2><\/a><div class=\"newsContent__article__meta\"><div class=\"newsContent__article__meta__authorBox\"><a href=\"https:\/\/www.suno.com.br\/noticias\/author\/guilhermeserranosilvagmail-com\/\" class=\"authorBox__avatar noMobi\"><img src=\"https:\/\/files.sunoresearch.com.br\/n\/uploads\/2023\/09\/WhatsApp-Image-2023-09-05-at-11.02.17-150x150.jpeg\" alt=\"Guilherme Serrano Silva\"><\/a><div class=\"authorBox__name\"><span>por\n\t\t\t<a href=\"https:\/\/www.suno.com.br\/noticias\/author\/guilhermeserranosilvagmail-com\/\"><span itemprop=\"author\">Guilherme Serrano Silva<\/span><\/a><\/span><time datetime=\"2024-02-29T13:10:27-03:00\" itemprop=\"datePublished\">29\/02\/2024 13:10<\/time><\/div><\/div><\/div><\/div><\/div>","single_layout":"posts","amp_enabled":true,"_links":{"self":[{"href":"https:\/\/www.suno.com.br\/noticias\/wp-json\/wp\/v2\/posts\/528090"}],"collection":[{"href":"https:\/\/www.suno.com.br\/noticias\/wp-json\/wp\/v2\/posts"}],"about":[{"href":"https:\/\/www.suno.com.br\/noticias\/wp-json\/wp\/v2\/types\/post"}],"author":[{"embeddable":true,"href":"https:\/\/www.suno.com.br\/noticias\/wp-json\/wp\/v2\/users\/322"}],"replies":[{"embeddable":true,"href":"https:\/\/www.suno.com.br\/noticias\/wp-json\/wp\/v2\/comments?post=528090"}],"version-history":[{"count":2,"href":"https:\/\/www.suno.com.br\/noticias\/wp-json\/wp\/v2\/posts\/528090\/revisions"}],"predecessor-version":[{"id":528163,"href":"https:\/\/www.suno.com.br\/noticias\/wp-json\/wp\/v2\/posts\/528090\/revisions\/528163"}],"wp:featuredmedia":[{"embeddable":true,"href":"https:\/\/www.suno.com.br\/noticias\/wp-json\/wp\/v2\/media\/489845"}],"wp:attachment":[{"href":"https:\/\/www.suno.com.br\/noticias\/wp-json\/wp\/v2\/media?parent=528090"}],"wp:term":[{"taxonomy":"category","embeddable":true,"href":"https:\/\/www.suno.com.br\/noticias\/wp-json\/wp\/v2\/categories?post=528090"},{"taxonomy":"post_tag","embeddable":true,"href":"https:\/\/www.suno.com.br\/noticias\/wp-json\/wp\/v2\/tags?post=528090"},{"taxonomy":"suno_strategy","embeddable":true,"href":"https:\/\/www.suno.com.br\/noticias\/wp-json\/wp\/v2\/suno_strategy?post=528090"}],"curies":[{"name":"wp","href":"https:\/\/api.w.org\/{rel}","templated":true}]}}