{"id":528031,"date":"2024-02-29T10:43:20","date_gmt":"2024-02-29T13:43:20","guid":{"rendered":"https:\/\/www.suno.com.br\/noticias\/?p=528031"},"modified":"2024-02-29T10:43:28","modified_gmt":"2024-02-29T13:43:28","slug":"braskem-brkm5-cpi-convoca-ceo-gpj","status":"publish","type":"post","link":"https:\/\/www.suno.com.br\/noticias\/braskem-brkm5-cpi-convoca-ceo-gpj\/","title":{"rendered":"Braskem (BRKM5): CPI convoca CEO e diretor de comunica\u00e7\u00e3o para depoimento"},"content":{"rendered":"<p>A Comiss\u00e3o Parlamentar de Inqu\u00e9rito (CPI) da <strong>Braskem<\/strong> (<a href=\"https:\/\/statusinvest.com.br\/acoes\/brkm5\">BRKM5<\/a>) aprovou nesta quarta-feira (28) oito convoca\u00e7\u00f5es para depoimentos sobre os danos ambientais causados pela extra\u00e7\u00e3o mineral em Macei\u00f3, incluindo a do diretor-presidente da companhia, Roberto Bischoff, e a do diretor de comunica\u00e7\u00e3o, Marcelo Arantes. As informa\u00e7\u00f5es s\u00e3o da Ag\u00eancia Senado.<\/p>\t<div class=\"wrapper-featured-image\">\n\t\t<figure class=\"spotlightImg\">\n\n\t\t\t<picture>\n\t\t\t\t<source media=\"(max-width: 768px)\" srcset=\"https:\/\/files.sunoresearch.com.br\/n\/uploads\/2022\/11\/braskem-brkm5-bofa-eleva-preco-alvo-upside-400x200.jpg\">\n\t\t\t\t<img loading=\"lazy\" decoding=\"async\" class=\"newsContent__article__imgCapa lazyloadDisabled \" src=\"https:\/\/files.sunoresearch.com.br\/n\/uploads\/2022\/11\/braskem-brkm5-bofa-eleva-preco-alvo-upside-800x450.jpg\" width=\"800\" height=\"450\" alt=\"Braskem (BRKM5): CPI convoca CEO e diretor de comunica\u00e7\u00e3o para depoimento\" fetchpriority=high \/>\n\t\t\t<\/picture>\n\n\t\t\t<figcaption class=\"wp-caption-text wp-caption-text--show\">Braskem (BRKM5). Foto: Divulga\u00e7\u00e3o<\/figcaption>\n\t\t<\/figure>\n\t<\/div>\n\n\n\n\n\n\n\n\t<p>\n\t\t<a href=\"https:\/\/lp.suno.com.br\/planilha-da-vida-financeira\/\" target=\"_blank\" data-element=\"shortcode-suno-banner\" title=\"Banner SUNO, clique e saiba mais\">\n\t\t\t<picture>\n\t\t\t\t<source media=\"(max-width: 500px)\" srcset=\"https:\/\/files.sunoresearch.com.br\/n\/uploads\/2023\/04\/400x300-Planilha-vida-financeira-true.png\">\n\t\t\t\t<img class=\"newsContent__article__imgCapa newsContent__article__imgCapa--banner\"\n\t\t\t\t\tsrc=\"https:\/\/files.sunoresearch.com.br\/n\/uploads\/2023\/04\/1420x240-Planilha-vida-financeira-true.png\"\n\t\t\t\t\tdata-promo-id=\"106682\"\t\t\t\t\t\t\t\t\t\twidth='1420' height='240'\t\t\t\t\talt=\"https:\/\/files.sunoresearch.com.br\/n\/uploads\/2023\/04\/1420x240-Planilha-vida-financeira-true.png\"\n\t\t\t\t>\n\t\t\t<\/picture>\n\t\t<\/a>\n\t<\/p>\n\n\n\n\n\n<p>Segundo a publica\u00e7\u00e3o, a vota\u00e7\u00e3o dos requerimentos ocorreu com a retomada da reuni\u00e3o na ter\u00e7a-feira (27), que foi suspensa pelo presidente da CPI, o senador <strong>Omar Aziz<\/strong> (PSD-AM).<\/p>\n\n\n\n<p>Com as convoca\u00e7\u00f5es, ser\u00e3o obrigados a depor na <strong>CPI da Braskem<\/strong>, al\u00e9m do CEO:<\/p>\n\n\n\n<ul class=\"wp-block-list\">\n<li><strong>Marcelo Arantes<\/strong>, diretor de comunica\u00e7\u00e3o da Braskem; <\/li>\n\n\n\n<li><strong>Thales Sampaio<\/strong>, coordenador dos estudos da antiga Companhia de Pesquisa de Recursos Minerais (CPRM, atual Servi\u00e7o Geol\u00f3gico do Brasil), que conclu\u00edram pela responsabiliza\u00e7\u00e3o da Braskem no desastre; <\/li>\n\n\n\n<li><strong>Mauro Henrique Moreira Sousa<\/strong>, diretor-geral da Ag\u00eancia Nacional de Minera\u00e7\u00e3o (ANM);<\/li>\n\n\n\n<li><strong>Jos\u00e9 Geraldo Marques<\/strong>, ativista em ecologia, p\u00f3s-doutor em meio ambiente e v\u00edtima da evacua\u00e7\u00e3o dos bairros atingidos; <\/li>\n\n\n\n<li><strong>Abel Galindo Marques<\/strong>, engenheiro civil e professor aposentado da Universidade Federal de Alagoas; <\/li>\n\n\n\n<li><strong>Natallya de Almeida Levino<\/strong>, professora da Universidade Federal de Alagoas; <\/li>\n\n\n\n<li><strong>Wolnei Wolff Barreiros<\/strong>, chefe da Secretaria Nacional de Prote\u00e7\u00e3o e Defesa Civil do Minist\u00e9rio da Integra\u00e7\u00e3o e do Desenvolvimento Regional.<\/li>\n<\/ul>\n\n\n\n<p>A CPI da Braskem foi criada pelo requerimento do senador <strong>Renan Calheiros<\/strong> (MDB-AL) para investigar os efeitos da responsabilidade jur\u00eddica e socioambiental da Braskem no <strong>afundamento do solo em Macei\u00f3<\/strong>. <\/p>\n\n\n\n<p>Com 11 membros titulares e sete suplentes, a <strong>comiss\u00e3o da Braskem<\/strong> tem at\u00e9 o dia 22 de maio para funcionar e limite de gastos de R$ 120 mil.<\/p>\n\n\n\n<p>A extra\u00e7\u00e3o do mineral <strong>sal-gema da Braskem <\/strong>ocorre desde os anos 1970 nos arredores da Lagoa Munda\u00fa, na capital alagoana. Desde 2018, os bairros Pinheiro, Mutange, Bom Parto, entre outros que ficam pr\u00f3ximos \u00e0s opera\u00e7\u00f5es da Braskem, v\u00eam registrando danos estruturais em ruas e edif\u00edcios, com afundamento do solo e crateras. Mais de 14 mil im\u00f3veis foram afetados e condenados. <\/p>\n\n\n\n<p>As atividades de extra\u00e7\u00e3o da <strong>Braskem <\/strong>foram encerradas em 2019.<\/p>\n\n\n\n\t<div data-element=\"shortcode-read-more\" class=\"readToo\">\n\t\t\t\t<span class=\"readToo__title\">Leia mais<\/span>\n\t\t\t\t<ul class=\"readToo__list\">\n\t\t\t<li><a href=\"https:\/\/www.suno.com.br\/noticias\/vale-vale3-conselheiros-cfo-comando-empresa-gpj\/\">Vale (VALE3): conselheiros querem CFO no comando da mineradora, diz coluna<\/a><\/li><li><a href=\"https:\/\/www.suno.com.br\/noticias\/suzano-suzb3-ceo-rumo-rail3-gpj\/\">Suzano (SUZB3): CEO da Rumo (RAIL3) assumir\u00e1 comando da companhia<\/a><\/li><li><a href=\"https:\/\/www.suno.com.br\/noticias\/petrobras-petr4-acordo-setor-fertilizantes-gss\/\">Petrobras (PETR4) assina acordo visando setor de fertilizantes<\/a><\/li>\t\t<\/ul>\n\t<\/div>\n\n\n\n\n<h2 class=\"wp-block-heading\">Braskem (BRKM5): apesar de melhorias operacionais, analistas projetam resultados fracos no 4T23<\/h2>\n\n\n\n<p>Ap\u00f3s a<strong>&nbsp;Braskem<\/strong>&nbsp;(BRKM5) divulgar seu relat\u00f3rio de produ\u00e7\u00e3o e vendas do 4T23, os analistas projetam que os resultados financeiros ficar\u00e3o abaixo da m\u00e9dia hist\u00f3rica no trimestre.<\/p>\n\n\n\n<p>\u201cO 4T23 continuou a ser um per\u00edodo dif\u00edcil para o setor petroqu\u00edmico, com pre\u00e7os e spreads permanecendo em n\u00edveis historicamente baixos. No entanto, em rela\u00e7\u00e3o ao 3T23, a maioria dos spreads melhorou, especialmente o PE \u00e0 base de etano (beneficiando principalmente a rentabilidade do M\u00e9xico)\u201d, comenta a XP.&nbsp;<\/p>\n\n\n\n<p>Segundo a corretora, o balan\u00e7o desfavor\u00e1vel entre&nbsp;<a target=\"_blank\" href=\"https:\/\/www.suno.com.br\/artigos\/oferta-demanda\/\" rel=\"noreferrer noopener\">oferta e demanda<\/a>&nbsp;continua a pesar sobre as taxas de utiliza\u00e7\u00e3o e as vendas no Brasil (com uma nova baixa hist\u00f3rica dos crackers de etano), embora a unidade do M\u00e9xico tenha apresentado uma recupera\u00e7\u00e3o trimestral. Os volumes de vendas dos segmentos foram impactados principalmente pelo efeito da sazonalidade no per\u00edodo.<\/p>\n\n\n\n<p>A XP estima<strong>&nbsp;fracos resultados da Braskem<\/strong>&nbsp;no 4T23, com um EBITDA (Lucro antes de juros, impostos,&nbsp;<a href=\"https:\/\/www.suno.com.br\/artigos\/depreciacao-amortizacao\/\" target=\"_blank\" rel=\"noreferrer noopener\">deprecia\u00e7\u00e3o e amortiza\u00e7\u00e3o<\/a>) ajustado de R$ 1,05 bilh\u00e3o.&nbsp;<\/p>\n\n\n\n<p>O Santander aponta como pontos positivos a redu\u00e7\u00e3o no consumo de caixa livre (FCF) e uma redu\u00e7\u00e3o no \u00edndice de&nbsp;<a href=\"https:\/\/www.suno.com.br\/artigos\/divida-liquida\/\" target=\"_blank\" rel=\"noreferrer noopener\">d\u00edvida l\u00edquida<\/a>\/EBITDA trimestre a trimestre. \u201cA Braskem pode estar entrando em um per\u00edodo de resultados um pouco melhores, com spreads marginalmente melhores. O resultado para minorit\u00e1rios da venda da<strong>&nbsp;participa\u00e7\u00e3o da Novonor<\/strong>&nbsp;permanece incerto\u201d, afirma o banco.&nbsp;<\/p>\n\n\n\n<p>Para&nbsp;o BB Investimentos, o&nbsp;destaque positivo foi a recupera\u00e7\u00e3o de&nbsp;n\u00edveis de produ\u00e7\u00e3o na opera\u00e7\u00e3o no M\u00e9xico e o aumento na taxa m\u00e9dia de utiliza\u00e7\u00e3o nos Estados Unidos e Europa, al\u00e9m do crecimento de 10% no spread de PE base etano no mercado internacional.&nbsp;<\/p>\n\n\n\n<p>\u201cAl\u00e9m dos eventos de M&amp;A, tamb\u00e9m deve estar no radar dos investidores algum eventual novo provisionamento para Alagoas, dados os acontecimentos mais recentes e in\u00edcio previsto para esta semana dos trabalhos de uma CPI parlamentar sobre o<strong>&nbsp;acidente geol\u00f3gico em Alagoas<\/strong>\u201d, informa a equipe do BB Investimentos.&nbsp;<\/p>\n\n\n\n<p>O BB Investimentos e o Santander\u00a0t\u00eam recomenda\u00e7\u00e3o neutra para as<strong>\u00a0<\/strong>a\u00e7\u00f5es da<strong> Braskem<\/strong>, com pre\u00e7os-alvo de R$ 27 e R$ 22,50, respectivamente.<\/p>\n\n\n\t<p>\n\t\t<a href=\"https:\/\/lp.suno.com.br\/ebook-como-analisar-uma-acao\/\" target=\"_blank\" data-element=\"shortcode-suno-banner\" title=\"Banner SUNO, clique e saiba mais\">\n\t\t\t<picture>\n\t\t\t\t<source media=\"(max-width: 500px)\" srcset=\"https:\/\/files.sunoresearch.com.br\/n\/uploads\/2023\/03\/Ebook-Acoes-Mobile.jpg\">\n\t\t\t\t<img class=\"newsContent__article__imgCapa newsContent__article__imgCapa--banner\"\n\t\t\t\t\tsrc=\"https:\/\/files.sunoresearch.com.br\/n\/uploads\/2023\/03\/Ebook-Acoes-Desktop.jpg\"\n\t\t\t\t\tdata-promo-id=\"378302\"\t\t\t\t\t\t\t\t\t\twidth='1420' height='286'\t\t\t\t\talt=\"https:\/\/files.sunoresearch.com.br\/n\/uploads\/2023\/03\/Ebook-Acoes-Desktop.jpg\"\n\t\t\t\t>\n\t\t\t<\/picture>\n\t\t<\/a>\n\t<\/p>\n\n\n\n\n\n<h2 class=\"wp-block-heading\">Desempenho das a\u00e7\u00f5es de Braskem<\/h2>\n\n\n\n<div class=\"pluginQuotation\">\n  <p class=\"ticker\">\n    Cota\u00e7\u00e3o <span>BRKM5<\/span>\n  <\/p>\n  <div class=\"info\">\n    <div class=\"leftSide\">\n      Gr\u00e1fico gerado em: 29\/02\/2024    <\/div>\n\t\t\t\t\t<div class=\"rightSide\">\n\t\t\t\t\t<span class=\"period\">\n\t\t\t\t\t\t5 Dias\t\t\t\t\t<\/span>\n\t\t\t<\/div>\n\t\t  <\/div>\n\n  <div id=\"chart-6769be20849a0611f02adc99cacbba85\" data-block-hash=\"6769be20849a0611f02adc99cacbba85\"  class=\"chart\" style=\"width:100%;height:400px;\"><\/div>\n\n  <div class=\"pluginQuotation__footer\">\n    <div class=\"dataChart\">\n\n      <div class=\"dataChart__div1 variation\">\n        <div class=\"value-negative\">\n          -2,73 (-0,58%)        <\/div>\n        <div class=\"text\">\n          Varia\u00e7\u00e3o do per\u00edodo\n        <\/div>\n      <\/div>\n\n      <div class=\"dataChart__div2 minMax\">\n        <div class=\"value\">\n          R$\u00a020,64        <\/div>\n        <div class=\"text\">\n          M\u00ednima\n        <\/div>\n      <\/div>\n\n      <div class=\"dataChart__div3 minMax\">\n        <div class=\"value\">\n          R$\u00a021,30        <\/div>\n        <div class=\"text\">\n          M\u00e1xima\n        <\/div>\n      <\/div>\n\n\t\t\t<div class=\"dataChart__div4 rightSide\">\n\t\t\t\t<div class=\"analiticaSource\">\n\t\t\t\t\t<span>\n\t\t\t\t\t\tFonte:\n\t\t\t\t\t<\/span>\n\t\t\t\t\t<img decoding=\"async\" class=\"analiticaLogo\" src=\"https:\/\/www.suno.com.br\/noticias\/wp-content\/plugins\/suno-block-ticker-quotation\/src\/suno-analitica-logo.png\" alt=\"Logo Suno Anal\u00edtica\" \/>\n\t\t\t\t<\/div>\n\n\t\t\t\t<a href=\"https:\/\/www.suno.com.br\/analitica\/acoes\/BRKM5\" target=\"_blank\">\n\t\t\t\t\t<span>\n\t\t\t\t\t\tVer mais cota\u00e7\u00f5es\n\t\t\t\t\t<\/span>\n\t\t\t\t\t<svg xmlns=\"http:\/\/www.w3.org\/2000\/svg\" width=\"9\" height=\"8\" viewBox=\"0 0 9 8\" fill=\"none\">\n\t\t\t\t\t\t<path d=\"M4.20996 0L3.50496 0.705L6.29496 3.5H0.209961V4.5H6.29496L3.50496 7.295L4.20996 8L8.20996 4L4.20996 0Z\" fill=\"#D42126\" \/>\n\t\t\t\t\t<\/svg>\n\t\t\t\t<\/a>\n    <\/div>\n\n    <\/div>\n  <\/div>\n<\/div>\n\n\n<script type=\"text\/javascript\">\n  let chart_6769be20849a0611f02adc99cacbba85 = document.getElementById('chart-6769be20849a0611f02adc99cacbba85');\n  let data_json_6769be20849a0611f02adc99cacbba85 = \"[{\\\"date\\\":\\\"27\\\\\\\/02\\\\\\\/24 13:30\\\",\\\"value\\\":21.22},{\\\"date\\\":\\\"27\\\\\\\/02\\\\\\\/24 13:40\\\",\\\"value\\\":21.23},{\\\"date\\\":\\\"27\\\\\\\/02\\\\\\\/24 13:50\\\",\\\"value\\\":21.29},{\\\"date\\\":\\\"27\\\\\\\/02\\\\\\\/24 14:00\\\",\\\"value\\\":21.3},{\\\"date\\\":\\\"27\\\\\\\/02\\\\\\\/24 14:10\\\",\\\"value\\\":21.28},{\\\"date\\\":\\\"28\\\\\\\/02\\\\\\\/24 10:20\\\",\\\"value\\\":20.9},{\\\"date\\\":\\\"28\\\\\\\/02\\\\\\\/24 10:30\\\",\\\"value\\\":20.99},{\\\"date\\\":\\\"28\\\\\\\/02\\\\\\\/24 10:40\\\",\\\"value\\\":20.86},{\\\"date\\\":\\\"28\\\\\\\/02\\\\\\\/24 10:50\\\",\\\"value\\\":20.95},{\\\"date\\\":\\\"28\\\\\\\/02\\\\\\\/24 11:00\\\",\\\"value\\\":20.86},{\\\"date\\\":\\\"28\\\\\\\/02\\\\\\\/24 14:30\\\",\\\"value\\\":21.02},{\\\"date\\\":\\\"28\\\\\\\/02\\\\\\\/24 14:40\\\",\\\"value\\\":20.99},{\\\"date\\\":\\\"28\\\\\\\/02\\\\\\\/24 14:50\\\",\\\"value\\\":20.97},{\\\"date\\\":\\\"28\\\\\\\/02\\\\\\\/24 15:00\\\",\\\"value\\\":20.98},{\\\"date\\\":\\\"28\\\\\\\/02\\\\\\\/24 15:10\\\",\\\"value\\\":20.64}]\";\n  let isPositive_6769be20849a0611f02adc99cacbba85 = \"\";\n\n  let color_6769be20849a0611f02adc99cacbba85 = isPositive_6769be20849a0611f02adc99cacbba85 ? '#3AB53A' : '#D92C2D';\n\n  let data_6769be20849a0611f02adc99cacbba85 = JSON.parse(data_json_6769be20849a0611f02adc99cacbba85);\n\n  const result_6769be20849a0611f02adc99cacbba85 = {\n    date: [],\n    value: [],\n  };\n\n  data_6769be20849a0611f02adc99cacbba85.forEach((item) => {\n    result_6769be20849a0611f02adc99cacbba85.date.push(item.date);\n    result_6769be20849a0611f02adc99cacbba85.value.push(Number(item.value));\n  });\n\n  let option_6769be20849a0611f02adc99cacbba85 = {\n    \/\/ variavel de cor global\n    color: [color_6769be20849a0611f02adc99cacbba85],\n    title: {\n      text: '',\n    },\n    tooltip: {\n      trigger: 'axis',\n      axisPointer: {\n        type: 'cross',\n        label: {\n          \/\/ cor dos valores em X e Y\n          backgroundColor: color_6769be20849a0611f02adc99cacbba85,\n          formatter: (value) => {\n            if (typeof value.value === 'number') {\n              return Number(value.value).toLocaleString('pt-br', {\n                style: 'currency',\n                currency: 'BRL'\n              });\n            }\n            return value.value;\n          },\n        },\n      },\n      valueFormatter: (value) => Number(value).toLocaleString('pt-br', {\n        style: 'currency',\n        currency: 'BRL'\n      }),\n    },\n    legend: {\n      \/\/ data: ['Valor de Fechamento'],\n      show: false,\n    },\n    toolbox: {\n      feature: {\n        saveAsImage: {\n          show: false,\n        },\n      },\n    },\n    grid: {\n      left: '0px',\n      right: '0px',\n      bottom: '0px',\n      containLabel: true,\n    },\n    xAxis: [{\n      type: 'category',\n      data: result_6769be20849a0611f02adc99cacbba85.date,\n      boundaryGap: true,\n    }],\n    yAxis: [{\n      type: 'value',\n      min: Math.min(...result_6769be20849a0611f02adc99cacbba85.value),\n      max: Math.max(...result_6769be20849a0611f02adc99cacbba85.value),\n      axisLabel: {\n        formatter: (value) => value.toLocaleString('pt-br', {\n          style: 'currency',\n          currency: 'BRL'\n        }),\n      },\n    }],\n    series: [{\n      name: 'Valor de Fechamento',\n      type: 'line',\n      stack: 'Total',\n      \/\/ cor do grafico\n      areaStyle: {},\n      emphasis: {\n        focus: 'series',\n      },\n      data: result_6769be20849a0611f02adc99cacbba85.value,\n      \/\/ cor da linha\n      lineStyle: {\n        color: color_6769be20849a0611f02adc99cacbba85,\n      },\n    }, ],\n  };\n\n\twindow.chart_6769be20849a0611f02adc99cacbba85 = {\n\t\tel: chart_6769be20849a0611f02adc99cacbba85,\n\t\toption: option_6769be20849a0611f02adc99cacbba85\t};\n\n\n<\/script>\n\n\n\n<p><em>*Com informa\u00e7\u00f5es da Ag\u00eancia Senado<\/em><\/p>\n\n\n\t<p>\n\t\t<a href=\"https:\/\/lp.suno.com.br\/planilha-da-vida-financeira\/\" target=\"_blank\" data-element=\"shortcode-suno-banner\" title=\"Banner SUNO, clique e saiba mais\">\n\t\t\t<picture>\n\t\t\t\t<source media=\"(max-width: 500px)\" srcset=\"https:\/\/files.sunoresearch.com.br\/n\/uploads\/2023\/04\/400x300-Planilha-vida-financeira-true.png\">\n\t\t\t\t<img class=\"newsContent__article__imgCapa newsContent__article__imgCapa--banner\"\n\t\t\t\t\tsrc=\"https:\/\/files.sunoresearch.com.br\/n\/uploads\/2023\/04\/1420x240-Planilha-vida-financeira-true.png\"\n\t\t\t\t\tdata-promo-id=\"383123\"\t\t\t\t\t\t\t\t\t\twidth='1420' height='240'\t\t\t\t\talt=\"https:\/\/files.sunoresearch.com.br\/n\/uploads\/2023\/04\/1420x240-Planilha-vida-financeira-true.png\"\n\t\t\t\t>\n\t\t\t<\/picture>\n\t\t<\/a>\n\t<\/p>\n\n\n","protected":false},"excerpt":{"rendered":"<p>A Comiss\u00e3o Parlamentar de Inqu\u00e9rito (CPI) da Braskem (BRKM5) aprovou nesta quarta-feira (28) oito convoca\u00e7\u00f5es para depoimentos sobre os danos ambientais causados pela extra\u00e7\u00e3o mineral em Macei\u00f3, incluindo a do diretor-presidente da companhia, Roberto Bischoff, e a do diretor de comunica\u00e7\u00e3o, Marcelo Arantes. As informa\u00e7\u00f5es s\u00e3o da Ag\u00eancia Senado. Braskem (BRKM5). Foto: Divulga\u00e7\u00e3o Segundo a [&hellip;]<\/p>\n","protected":false},"author":313,"featured_media":325787,"comment_status":"closed","ping_status":"closed","sticky":false,"template":"","format":"standard","meta":[],"categories":[64],"tags":[395],"suno_strategy":[],"class_list":["post-528031","post","type-post","status-publish","format-standard","has-post-thumbnail","hentry","category-negocios","tag-braskem-brkm3-brkm5-brkm6"],"yoast_head":"<!-- This site is optimized with the Yoast SEO plugin v24.4 - https:\/\/yoast.com\/wordpress\/plugins\/seo\/ -->\n<title>Braskem (BRKM5): CPI convoca CEO para depor<\/title>\n<meta name=\"description\" content=\"A CPI da Braskem foi criada para investigar os efeitos da responsabilidade da empresa no afundamento do solo em Macei\u00f3.\" \/>\n<meta name=\"robots\" content=\"index, follow, max-snippet:-1, max-image-preview:large, max-video-preview:-1\" \/>\n<link rel=\"canonical\" href=\"https:\/\/www.suno.com.br\/noticias\/braskem-brkm5-cpi-convoca-ceo-gpj\/\" \/>\n<meta property=\"og:locale\" content=\"pt_BR\" \/>\n<meta property=\"og:type\" content=\"article\" \/>\n<meta property=\"og:title\" content=\"Braskem (BRKM5): CPI convoca CEO para depor\" \/>\n<meta property=\"og:description\" content=\"A CPI da Braskem foi criada para investigar os efeitos da responsabilidade da empresa no afundamento do solo em Macei\u00f3.\" \/>\n<meta property=\"og:url\" content=\"https:\/\/www.suno.com.br\/noticias\/braskem-brkm5-cpi-convoca-ceo-gpj\/\" \/>\n<meta property=\"og:site_name\" content=\"Suno Not\u00edcias\" \/>\n<meta property=\"article:publisher\" content=\"https:\/\/facebook.com\/sunoresearch\" \/>\n<meta property=\"og:image\" content=\"https:\/\/files.sunoresearch.com.br\/n\/uploads\/2022\/11\/braskem-brkm5-bofa-eleva-preco-alvo-upside.jpg\" \/>\n\t<meta property=\"og:image:width\" content=\"1200\" \/>\n\t<meta property=\"og:image:height\" content=\"800\" \/>\n\t<meta property=\"og:image:type\" content=\"image\/jpeg\" \/>\n<meta name=\"author\" content=\"Giovanni Porf\u00edrio Jacomino\" \/>\n<meta name=\"twitter:card\" content=\"summary_large_image\" \/>\n<meta name=\"twitter:creator\" content=\"@sunoresearch\" \/>\n<meta name=\"twitter:site\" content=\"@sunoresearch\" \/>\n<meta name=\"twitter:label1\" content=\"Escrito por\" \/>\n\t<meta name=\"twitter:data1\" content=\"Giovanni Porf\u00edrio Jacomino\" \/>\n\t<meta name=\"twitter:label2\" content=\"Est. tempo de leitura\" \/>\n\t<meta name=\"twitter:data2\" content=\"4 minutos\" \/>\n<script type=\"application\/ld+json\" class=\"yoast-schema-graph\">{\"@context\":\"https:\/\/schema.org\",\"@graph\":[{\"@type\":\"NewsArticle\",\"@id\":\"https:\/\/www.suno.com.br\/noticias\/braskem-brkm5-cpi-convoca-ceo-gpj\/#article\",\"isPartOf\":{\"@id\":\"https:\/\/www.suno.com.br\/noticias\/braskem-brkm5-cpi-convoca-ceo-gpj\/\"},\"author\":{\"name\":\"Giovanni Porf\u00edrio Jacomino\",\"@id\":\"https:\/\/www.suno.com.br\/noticias\/#\/schema\/person\/d0f32748bbca4bee871fa191ee4e2d40\"},\"headline\":\"Braskem (BRKM5): CPI convoca CEO e diretor de comunica\u00e7\u00e3o para depoimento\",\"datePublished\":\"2024-02-29T13:43:20+00:00\",\"dateModified\":\"2024-02-29T13:43:28+00:00\",\"mainEntityOfPage\":{\"@id\":\"https:\/\/www.suno.com.br\/noticias\/braskem-brkm5-cpi-convoca-ceo-gpj\/\"},\"wordCount\":790,\"publisher\":{\"@id\":\"https:\/\/www.suno.com.br\/noticias\/#organization\"},\"image\":{\"@id\":\"https:\/\/www.suno.com.br\/noticias\/braskem-brkm5-cpi-convoca-ceo-gpj\/#primaryimage\"},\"thumbnailUrl\":\"https:\/\/files.sunoresearch.com.br\/n\/uploads\/2022\/11\/braskem-brkm5-bofa-eleva-preco-alvo-upside.jpg\",\"keywords\":[\"Braskem (BRKM3\/BRKM5\/BRKM6)\"],\"articleSection\":[\"Neg\u00f3cios\"],\"inLanguage\":\"pt-BR\"},{\"@type\":\"WebPage\",\"@id\":\"https:\/\/www.suno.com.br\/noticias\/braskem-brkm5-cpi-convoca-ceo-gpj\/\",\"url\":\"https:\/\/www.suno.com.br\/noticias\/braskem-brkm5-cpi-convoca-ceo-gpj\/\",\"name\":\"Braskem (BRKM5): CPI convoca CEO para depor\",\"isPartOf\":{\"@id\":\"https:\/\/www.suno.com.br\/noticias\/#website\"},\"primaryImageOfPage\":{\"@id\":\"https:\/\/www.suno.com.br\/noticias\/braskem-brkm5-cpi-convoca-ceo-gpj\/#primaryimage\"},\"image\":{\"@id\":\"https:\/\/www.suno.com.br\/noticias\/braskem-brkm5-cpi-convoca-ceo-gpj\/#primaryimage\"},\"thumbnailUrl\":\"https:\/\/files.sunoresearch.com.br\/n\/uploads\/2022\/11\/braskem-brkm5-bofa-eleva-preco-alvo-upside.jpg\",\"datePublished\":\"2024-02-29T13:43:20+00:00\",\"dateModified\":\"2024-02-29T13:43:28+00:00\",\"description\":\"A CPI da Braskem foi criada para investigar os efeitos da responsabilidade da empresa no afundamento do solo em Macei\u00f3.\",\"breadcrumb\":{\"@id\":\"https:\/\/www.suno.com.br\/noticias\/braskem-brkm5-cpi-convoca-ceo-gpj\/#breadcrumb\"},\"inLanguage\":\"pt-BR\",\"potentialAction\":[{\"@type\":\"ReadAction\",\"target\":[\"https:\/\/www.suno.com.br\/noticias\/braskem-brkm5-cpi-convoca-ceo-gpj\/\"]}]},{\"@type\":\"ImageObject\",\"inLanguage\":\"pt-BR\",\"@id\":\"https:\/\/www.suno.com.br\/noticias\/braskem-brkm5-cpi-convoca-ceo-gpj\/#primaryimage\",\"url\":\"https:\/\/files.sunoresearch.com.br\/n\/uploads\/2022\/11\/braskem-brkm5-bofa-eleva-preco-alvo-upside.jpg\",\"contentUrl\":\"https:\/\/files.sunoresearch.com.br\/n\/uploads\/2022\/11\/braskem-brkm5-bofa-eleva-preco-alvo-upside.jpg\",\"width\":1200,\"height\":800,\"caption\":\"Braskem (BRKM5). Foto: Divulga\u00e7\u00e3o\"},{\"@type\":\"BreadcrumbList\",\"@id\":\"https:\/\/www.suno.com.br\/noticias\/braskem-brkm5-cpi-convoca-ceo-gpj\/#breadcrumb\",\"itemListElement\":[{\"@type\":\"ListItem\",\"position\":1,\"name\":\"Not\u00edcias\",\"item\":\"https:\/\/www.suno.com.br\/noticias\/\"},{\"@type\":\"ListItem\",\"position\":2,\"name\":\"Neg\u00f3cios\",\"item\":\"https:\/\/www.suno.com.br\/noticias\/negocios\/\"},{\"@type\":\"ListItem\",\"position\":3,\"name\":\"Braskem (BRKM5): CPI convoca CEO e diretor de comunica\u00e7\u00e3o para depoimento\"}]},{\"@type\":\"WebSite\",\"@id\":\"https:\/\/www.suno.com.br\/noticias\/#website\",\"url\":\"https:\/\/www.suno.com.br\/noticias\/\",\"name\":\"Suno Not\u00edcias\",\"description\":\"Seu portal de informa\u00e7\u00e3o sobre o mundo dos investimentos\",\"publisher\":{\"@id\":\"https:\/\/www.suno.com.br\/noticias\/#organization\"},\"potentialAction\":[{\"@type\":\"SearchAction\",\"target\":{\"@type\":\"EntryPoint\",\"urlTemplate\":\"https:\/\/www.suno.com.br\/noticias\/?s={search_term_string}\"},\"query-input\":{\"@type\":\"PropertyValueSpecification\",\"valueRequired\":true,\"valueName\":\"search_term_string\"}}],\"inLanguage\":\"pt-BR\"},{\"@type\":\"Organization\",\"@id\":\"https:\/\/www.suno.com.br\/noticias\/#organization\",\"name\":\"Suno Not\u00edcias\",\"url\":\"https:\/\/www.suno.com.br\/noticias\/\",\"logo\":{\"@type\":\"ImageObject\",\"inLanguage\":\"pt-BR\",\"@id\":\"https:\/\/www.suno.com.br\/noticias\/#\/schema\/logo\/image\/\",\"url\":\"https:\/\/files.sunoresearch.com.br\/n\/uploads\/2021\/09\/suno-logo.png\",\"contentUrl\":\"https:\/\/files.sunoresearch.com.br\/n\/uploads\/2021\/09\/suno-logo.png\",\"width\":180,\"height\":180,\"caption\":\"Suno Not\u00edcias\"},\"image\":{\"@id\":\"https:\/\/www.suno.com.br\/noticias\/#\/schema\/logo\/image\/\"},\"sameAs\":[\"https:\/\/facebook.com\/sunoresearch\",\"https:\/\/x.com\/sunoresearch\",\"https:\/\/www.instagram.com\/suno\",\"https:\/\/www.linkedin.com\/company\/suno-research\/\",\"https:\/\/www.youtube.com\/c\/sunoresearch\"]},{\"@type\":\"Person\",\"@id\":\"https:\/\/www.suno.com.br\/noticias\/#\/schema\/person\/d0f32748bbca4bee871fa191ee4e2d40\",\"name\":\"Giovanni Porf\u00edrio Jacomino\",\"image\":{\"@type\":\"ImageObject\",\"inLanguage\":\"pt-BR\",\"@id\":\"https:\/\/www.suno.com.br\/noticias\/#\/schema\/person\/image\/\",\"url\":\"https:\/\/secure.gravatar.com\/avatar\/efb32e19b730a121cb7a80f41ffec01a?s=96&r=g\",\"contentUrl\":\"https:\/\/secure.gravatar.com\/avatar\/efb32e19b730a121cb7a80f41ffec01a?s=96&r=g\",\"caption\":\"Giovanni Porf\u00edrio Jacomino\"},\"description\":\"Giovanni Porf\u00edrio Jacomino \u00e9 jornalista formado pela Universidade Estadual de Londrina (UEL) e p\u00f3s-graduado em Produ\u00e7\u00e3o e Pr\u00e1ticas Jornal\u00edsticas na Contemporaneidade na Faculdade C\u00e1sper L\u00edbero (FCL). Foi editor web no Startupi e no Finsiders, atuando ainda como editor no TC Mover, portal de not\u00edcias da TradersClub, fazendo a cobertura de assuntos relacionados ao mercado financeiro interno e externo. Atualmente, \u00e9 Rep\u00f3rter do Suno Not\u00edcias.\",\"url\":\"https:\/\/www.suno.com.br\/noticias\/author\/giovanni-porfiriosuno-com-br\/\"}]}<\/script>\n<!-- \/ Yoast SEO plugin. -->","yoast_head_json":{"title":"Braskem (BRKM5): CPI convoca CEO para depor","description":"A CPI da Braskem foi criada para investigar os efeitos da responsabilidade da empresa no afundamento do solo em Macei\u00f3.","robots":{"index":"index","follow":"follow","max-snippet":"max-snippet:-1","max-image-preview":"max-image-preview:large","max-video-preview":"max-video-preview:-1"},"canonical":"https:\/\/www.suno.com.br\/noticias\/braskem-brkm5-cpi-convoca-ceo-gpj\/","og_locale":"pt_BR","og_type":"article","og_title":"Braskem (BRKM5): CPI convoca CEO para depor","og_description":"A CPI da Braskem foi criada para investigar os efeitos da responsabilidade da empresa no afundamento do solo em Macei\u00f3.","og_url":"https:\/\/www.suno.com.br\/noticias\/braskem-brkm5-cpi-convoca-ceo-gpj\/","og_site_name":"Suno Not\u00edcias","article_publisher":"https:\/\/facebook.com\/sunoresearch","og_image":[{"width":1200,"height":800,"url":"https:\/\/files.sunoresearch.com.br\/n\/uploads\/2022\/11\/braskem-brkm5-bofa-eleva-preco-alvo-upside.jpg","type":"image\/jpeg"}],"author":"Giovanni Porf\u00edrio Jacomino","twitter_card":"summary_large_image","twitter_creator":"@sunoresearch","twitter_site":"@sunoresearch","twitter_misc":{"Escrito por":"Giovanni Porf\u00edrio Jacomino","Est. tempo de leitura":"4 minutos"},"schema":{"@context":"https:\/\/schema.org","@graph":[{"@type":"NewsArticle","@id":"https:\/\/www.suno.com.br\/noticias\/braskem-brkm5-cpi-convoca-ceo-gpj\/#article","isPartOf":{"@id":"https:\/\/www.suno.com.br\/noticias\/braskem-brkm5-cpi-convoca-ceo-gpj\/"},"author":{"name":"Giovanni Porf\u00edrio Jacomino","@id":"https:\/\/www.suno.com.br\/noticias\/#\/schema\/person\/d0f32748bbca4bee871fa191ee4e2d40"},"headline":"Braskem (BRKM5): CPI convoca CEO e diretor de comunica\u00e7\u00e3o para depoimento","datePublished":"2024-02-29T13:43:20+00:00","dateModified":"2024-02-29T13:43:28+00:00","mainEntityOfPage":{"@id":"https:\/\/www.suno.com.br\/noticias\/braskem-brkm5-cpi-convoca-ceo-gpj\/"},"wordCount":790,"publisher":{"@id":"https:\/\/www.suno.com.br\/noticias\/#organization"},"image":{"@id":"https:\/\/www.suno.com.br\/noticias\/braskem-brkm5-cpi-convoca-ceo-gpj\/#primaryimage"},"thumbnailUrl":"https:\/\/files.sunoresearch.com.br\/n\/uploads\/2022\/11\/braskem-brkm5-bofa-eleva-preco-alvo-upside.jpg","keywords":["Braskem (BRKM3\/BRKM5\/BRKM6)"],"articleSection":["Neg\u00f3cios"],"inLanguage":"pt-BR"},{"@type":"WebPage","@id":"https:\/\/www.suno.com.br\/noticias\/braskem-brkm5-cpi-convoca-ceo-gpj\/","url":"https:\/\/www.suno.com.br\/noticias\/braskem-brkm5-cpi-convoca-ceo-gpj\/","name":"Braskem (BRKM5): CPI convoca CEO para depor","isPartOf":{"@id":"https:\/\/www.suno.com.br\/noticias\/#website"},"primaryImageOfPage":{"@id":"https:\/\/www.suno.com.br\/noticias\/braskem-brkm5-cpi-convoca-ceo-gpj\/#primaryimage"},"image":{"@id":"https:\/\/www.suno.com.br\/noticias\/braskem-brkm5-cpi-convoca-ceo-gpj\/#primaryimage"},"thumbnailUrl":"https:\/\/files.sunoresearch.com.br\/n\/uploads\/2022\/11\/braskem-brkm5-bofa-eleva-preco-alvo-upside.jpg","datePublished":"2024-02-29T13:43:20+00:00","dateModified":"2024-02-29T13:43:28+00:00","description":"A CPI da Braskem foi criada para investigar os efeitos da responsabilidade da empresa no afundamento do solo em Macei\u00f3.","breadcrumb":{"@id":"https:\/\/www.suno.com.br\/noticias\/braskem-brkm5-cpi-convoca-ceo-gpj\/#breadcrumb"},"inLanguage":"pt-BR","potentialAction":[{"@type":"ReadAction","target":["https:\/\/www.suno.com.br\/noticias\/braskem-brkm5-cpi-convoca-ceo-gpj\/"]}]},{"@type":"ImageObject","inLanguage":"pt-BR","@id":"https:\/\/www.suno.com.br\/noticias\/braskem-brkm5-cpi-convoca-ceo-gpj\/#primaryimage","url":"https:\/\/files.sunoresearch.com.br\/n\/uploads\/2022\/11\/braskem-brkm5-bofa-eleva-preco-alvo-upside.jpg","contentUrl":"https:\/\/files.sunoresearch.com.br\/n\/uploads\/2022\/11\/braskem-brkm5-bofa-eleva-preco-alvo-upside.jpg","width":1200,"height":800,"caption":"Braskem (BRKM5). Foto: Divulga\u00e7\u00e3o"},{"@type":"BreadcrumbList","@id":"https:\/\/www.suno.com.br\/noticias\/braskem-brkm5-cpi-convoca-ceo-gpj\/#breadcrumb","itemListElement":[{"@type":"ListItem","position":1,"name":"Not\u00edcias","item":"https:\/\/www.suno.com.br\/noticias\/"},{"@type":"ListItem","position":2,"name":"Neg\u00f3cios","item":"https:\/\/www.suno.com.br\/noticias\/negocios\/"},{"@type":"ListItem","position":3,"name":"Braskem (BRKM5): CPI convoca CEO e diretor de comunica\u00e7\u00e3o para depoimento"}]},{"@type":"WebSite","@id":"https:\/\/www.suno.com.br\/noticias\/#website","url":"https:\/\/www.suno.com.br\/noticias\/","name":"Suno Not\u00edcias","description":"Seu portal de informa\u00e7\u00e3o sobre o mundo dos investimentos","publisher":{"@id":"https:\/\/www.suno.com.br\/noticias\/#organization"},"potentialAction":[{"@type":"SearchAction","target":{"@type":"EntryPoint","urlTemplate":"https:\/\/www.suno.com.br\/noticias\/?s={search_term_string}"},"query-input":{"@type":"PropertyValueSpecification","valueRequired":true,"valueName":"search_term_string"}}],"inLanguage":"pt-BR"},{"@type":"Organization","@id":"https:\/\/www.suno.com.br\/noticias\/#organization","name":"Suno Not\u00edcias","url":"https:\/\/www.suno.com.br\/noticias\/","logo":{"@type":"ImageObject","inLanguage":"pt-BR","@id":"https:\/\/www.suno.com.br\/noticias\/#\/schema\/logo\/image\/","url":"https:\/\/files.sunoresearch.com.br\/n\/uploads\/2021\/09\/suno-logo.png","contentUrl":"https:\/\/files.sunoresearch.com.br\/n\/uploads\/2021\/09\/suno-logo.png","width":180,"height":180,"caption":"Suno Not\u00edcias"},"image":{"@id":"https:\/\/www.suno.com.br\/noticias\/#\/schema\/logo\/image\/"},"sameAs":["https:\/\/facebook.com\/sunoresearch","https:\/\/x.com\/sunoresearch","https:\/\/www.instagram.com\/suno","https:\/\/www.linkedin.com\/company\/suno-research\/","https:\/\/www.youtube.com\/c\/sunoresearch"]},{"@type":"Person","@id":"https:\/\/www.suno.com.br\/noticias\/#\/schema\/person\/d0f32748bbca4bee871fa191ee4e2d40","name":"Giovanni Porf\u00edrio Jacomino","image":{"@type":"ImageObject","inLanguage":"pt-BR","@id":"https:\/\/www.suno.com.br\/noticias\/#\/schema\/person\/image\/","url":"https:\/\/secure.gravatar.com\/avatar\/efb32e19b730a121cb7a80f41ffec01a?s=96&r=g","contentUrl":"https:\/\/secure.gravatar.com\/avatar\/efb32e19b730a121cb7a80f41ffec01a?s=96&r=g","caption":"Giovanni Porf\u00edrio Jacomino"},"description":"Giovanni Porf\u00edrio Jacomino \u00e9 jornalista formado pela Universidade Estadual de Londrina (UEL) e p\u00f3s-graduado em Produ\u00e7\u00e3o e Pr\u00e1ticas Jornal\u00edsticas na Contemporaneidade na Faculdade C\u00e1sper L\u00edbero (FCL). Foi editor web no Startupi e no Finsiders, atuando ainda como editor no TC Mover, portal de not\u00edcias da TradersClub, fazendo a cobertura de assuntos relacionados ao mercado financeiro interno e externo. Atualmente, \u00e9 Rep\u00f3rter do Suno Not\u00edcias.","url":"https:\/\/www.suno.com.br\/noticias\/author\/giovanni-porfiriosuno-com-br\/"}]}},"default_loop_html":"<div class=\"cardsPage__listCard__boxs\"><div class=\"cardsPage__listCard__boxs__img\"><a href=\"https:\/\/www.suno.com.br\/noticias\/braskem-brkm5-cpi-convoca-ceo-gpj\/\"><img class=\"mask\" src=\"https:\/\/www.suno.com.br\/noticias\/wp-content\/themes\/suno\/resources\/images\/spotlight\/spotlight1img\/bg-mask.png\" alt=\"Image Mask\"\/><img src=\"https:\/\/files.sunoresearch.com.br\/n\/uploads\/2022\/11\/braskem-brkm5-bofa-eleva-preco-alvo-upside-400x200.jpg\" alt=\"Braskem (BRKM5): CPI convoca CEO e diretor de comunica\u00e7\u00e3o para depoimento\"\/><\/a><span class=\"spotlightCategory\"><a href=\"https:\/\/www.suno.com.br\/noticias\/negocios\/\">Neg\u00f3cios<\/a><\/span><\/div><div class=\"cardsPage__listCard__boxs__content\"><a href=\"https:\/\/www.suno.com.br\/noticias\/braskem-brkm5-cpi-convoca-ceo-gpj\/\"><h2 class=\"content__title\">Braskem (BRKM5): CPI convoca CEO e diretor de comunica\u00e7\u00e3o para depoimento<\/h2><\/a><div class=\"newsContent__article__meta\"><div class=\"newsContent__article__meta__authorBox\"><a href=\"https:\/\/www.suno.com.br\/noticias\/author\/guilhermeserranosilvagmail-com\/\" class=\"authorBox__avatar noMobi\"><img src=\"https:\/\/files.sunoresearch.com.br\/n\/uploads\/2023\/09\/WhatsApp-Image-2023-09-05-at-11.02.17-150x150.jpeg\" alt=\"Guilherme Serrano Silva\"><\/a><div class=\"authorBox__name\"><span>por\n\t\t\t<a href=\"https:\/\/www.suno.com.br\/noticias\/author\/guilhermeserranosilvagmail-com\/\"><span itemprop=\"author\">Guilherme Serrano Silva<\/span><\/a><\/span><time datetime=\"2024-02-29T10:43:20-03:00\" itemprop=\"datePublished\">29\/02\/2024 10:43<\/time><\/div><\/div><\/div><\/div><\/div>","single_layout":"posts","amp_enabled":true,"_links":{"self":[{"href":"https:\/\/www.suno.com.br\/noticias\/wp-json\/wp\/v2\/posts\/528031"}],"collection":[{"href":"https:\/\/www.suno.com.br\/noticias\/wp-json\/wp\/v2\/posts"}],"about":[{"href":"https:\/\/www.suno.com.br\/noticias\/wp-json\/wp\/v2\/types\/post"}],"author":[{"embeddable":true,"href":"https:\/\/www.suno.com.br\/noticias\/wp-json\/wp\/v2\/users\/313"}],"replies":[{"embeddable":true,"href":"https:\/\/www.suno.com.br\/noticias\/wp-json\/wp\/v2\/comments?post=528031"}],"version-history":[{"count":2,"href":"https:\/\/www.suno.com.br\/noticias\/wp-json\/wp\/v2\/posts\/528031\/revisions"}],"predecessor-version":[{"id":528054,"href":"https:\/\/www.suno.com.br\/noticias\/wp-json\/wp\/v2\/posts\/528031\/revisions\/528054"}],"wp:featuredmedia":[{"embeddable":true,"href":"https:\/\/www.suno.com.br\/noticias\/wp-json\/wp\/v2\/media\/325787"}],"wp:attachment":[{"href":"https:\/\/www.suno.com.br\/noticias\/wp-json\/wp\/v2\/media?parent=528031"}],"wp:term":[{"taxonomy":"category","embeddable":true,"href":"https:\/\/www.suno.com.br\/noticias\/wp-json\/wp\/v2\/categories?post=528031"},{"taxonomy":"post_tag","embeddable":true,"href":"https:\/\/www.suno.com.br\/noticias\/wp-json\/wp\/v2\/tags?post=528031"},{"taxonomy":"suno_strategy","embeddable":true,"href":"https:\/\/www.suno.com.br\/noticias\/wp-json\/wp\/v2\/suno_strategy?post=528031"}],"curies":[{"name":"wp","href":"https:\/\/api.w.org\/{rel}","templated":true}]}}