{"id":528002,"date":"2024-02-29T09:58:59","date_gmt":"2024-02-29T12:58:59","guid":{"rendered":"https:\/\/www.suno.com.br\/noticias\/?p=528002"},"modified":"2024-02-29T09:59:05","modified_gmt":"2024-02-29T12:59:05","slug":"vale-vale3-conselheiros-cfo-comando-empresa-gpj","status":"publish","type":"post","link":"https:\/\/www.suno.com.br\/noticias\/vale-vale3-conselheiros-cfo-comando-empresa-gpj\/","title":{"rendered":"Vale (VALE3): conselheiros querem CFO no comando da mineradora, diz coluna"},"content":{"rendered":"<p>Os conselheiros da <strong>Vale<\/strong> (<a href=\"https:\/\/statusinvest.com.br\/acoes\/vale3\">VALE3<\/a>) que apoiaram a recondu\u00e7\u00e3o do atual CEO da mineradora, Eduardo Bartolomeu, em reuni\u00e3o extraordin\u00e1ria realizada h\u00e1 duas semanas, se articulam agora em torno de Gustavo Pimenta, atual diretor-financeiro (CFO) da companhia. A apura\u00e7\u00e3o \u00e9 do colunista Lauro Jardim, do jornal O Globo.<\/p>\t<div class=\"wrapper-featured-image\">\n\t\t<figure class=\"spotlightImg\">\n\n\t\t\t<picture>\n\t\t\t\t<source media=\"(max-width: 768px)\" srcset=\"https:\/\/files.sunoresearch.com.br\/n\/uploads\/2024\/02\/gustavo-pimenta-1-400x200.jpg\">\n\t\t\t\t<img loading=\"lazy\" decoding=\"async\" class=\"newsContent__article__imgCapa lazyloadDisabled \" src=\"https:\/\/files.sunoresearch.com.br\/n\/uploads\/2024\/02\/gustavo-pimenta-1-800x450.jpg\" width=\"800\" height=\"450\" alt=\"Vale (VALE3): conselheiros querem CFO no comando da mineradora, diz coluna\" fetchpriority=high \/>\n\t\t\t<\/picture>\n\n\t\t\t<figcaption class=\"wp-caption-text wp-caption-text--show\">Gustavo Pimenta, CEO da Vale. Foto: Reprodu\u00e7\u00e3o\/Linkedin.<\/figcaption>\n\t\t<\/figure>\n\t<\/div>\n\n\n\n\n\n\n\n\t<p>\n\t\t<a href=\"\" target=\"_blank\" data-element=\"shortcode-suno-banner\" title=\"Banner SUNO, clique e saiba mais\">\n\t\t\t<picture>\n\t\t\t\t<source media=\"(max-width: 500px)\" srcset=\"\">\n\t\t\t\t<img class=\"newsContent__article__imgCapa newsContent__article__imgCapa--banner\"\n\t\t\t\t\tsrc=\"\"\n\t\t\t\t\tdata-promo-id=\"250706\"\t\t\t\t\t\t\t\t\t\t\t\t\t\t\talt=\"\"\n\t\t\t\t>\n\t\t\t<\/picture>\n\t\t<\/a>\n\t<\/p>\n\n\n\n\n\n<p>De acordo com a publica\u00e7\u00e3o, a ideia do grupo \u00e9 de que <strong>Bartolomeu<\/strong> fique mais um ano no <strong>comando da Vale<\/strong>, fazendo a transi\u00e7\u00e3o, e Pimenta complemente o mandato.<\/p>\n\n\n\n<p>Por outro lado, diz Jardim, a equipe de oposi\u00e7\u00e3o deseja que o processo de escolha seja feito conforme a <strong>governan\u00e7a da Vale<\/strong> determina: a contrata\u00e7\u00e3o de um head hunter para a indica\u00e7\u00e3o de uma lista tr\u00edplice, que poderia contar com o nome do atual diretor-financeiro.<\/p>\n\n\n\n<p>Na \u00faltima ter\u00e7a-feira (27), o presidente Luiz In\u00e1cio Lula da Silva disse que a Vale \u201cn\u00e3o pode pensar que \u00e9 dona do Brasil\u201d e que \u201cas empresas brasileiras precisam estar de acordo com o entendimento de desenvolvimento do governo brasileiro\u201d. Ele deu as declara\u00e7\u00f5es em entrevista \u00e0&nbsp;<em>RedeTV!<\/em>, que foi gravada pela manh\u00e3 e transmitida na noite de ter\u00e7a.<\/p>\n\n\n\n<p>Lula foi questionado sobre as not\u00edcias de que tentou emplacar o\u00a0<strong>ex-ministro da Fazenda<\/strong>\u00a0<strong>Guido Mantega<\/strong> na presid\u00eancia da empresa e sobre como acompanha a sucess\u00e3o no comando da Vale. Lula disse que n\u00e3o discute o assunto, mas a \u201cquest\u00e3o mineral\u201d do Brasil, e afirmou que pretende ter uma nova pol\u00edtica para a \u00e1rea.<\/p>\n\n\n\n<p>Como mostrou o Estad\u00e3o, a tentativa de interfer\u00eancia do governo na sucess\u00e3o da Vale produziu uma divis\u00e3o entre os acionistas da companhia que paralisou a decis\u00e3o sobre quem vai presidir uma das&nbsp;<strong>maiores empresas do pa\u00eds<\/strong>.<\/p>\n\n\n\t<p>\n\t\t<a href=\"https:\/\/lp.suno.com.br\/ebook-como-analisar-uma-acao\/\" target=\"_blank\" data-element=\"shortcode-suno-banner\" title=\"Banner SUNO, clique e saiba mais\">\n\t\t\t<picture>\n\t\t\t\t<source media=\"(max-width: 500px)\" srcset=\"https:\/\/files.sunoresearch.com.br\/n\/uploads\/2023\/03\/Ebook-Acoes-Mobile.jpg\">\n\t\t\t\t<img class=\"newsContent__article__imgCapa newsContent__article__imgCapa--banner\"\n\t\t\t\t\tsrc=\"https:\/\/files.sunoresearch.com.br\/n\/uploads\/2023\/03\/Ebook-Acoes-Desktop.jpg\"\n\t\t\t\t\tdata-promo-id=\"378302\"\t\t\t\t\t\t\t\t\t\twidth='1420' height='286'\t\t\t\t\talt=\"https:\/\/files.sunoresearch.com.br\/n\/uploads\/2023\/03\/Ebook-Acoes-Desktop.jpg\"\n\t\t\t\t>\n\t\t\t<\/picture>\n\t\t<\/a>\n\t<\/p>\n\n\n\n\n\n<p>Lula mencionou problemas causados por empreendimentos da Vale, como o rompimento da barragem em Brumadinho (MG) e disse que a empresa precisa ter responsabilidade. \u201cN\u00e3o \u00e9 o Brasil que \u00e9 da Vale, \u00e9 a Vale que \u00e9 do Brasil\u201d, declarou o&nbsp;<strong>presidente da Rep\u00fablica<\/strong>.<\/p>\n\n\n\n<p>O petista disse que a empresa, a&nbsp;<strong>maior companhia privada do Brasil<\/strong>&nbsp;e uma das maiores mineradoras do mundo, tem vendido mais ativos do que min\u00e9rio de ferro. \u201cO potencial do Brasil tem que ser explorado, e a Vale n\u00e3o pode ter monop\u00f3lio\u201d, afirmou o presidente.<\/p>\n\n\n\n<p>Lula tamb\u00e9m defendeu subs\u00eddios para fortalecer a ind\u00fastria. Mencionou que os Estados Unidos criaram uma pol\u00edtica nacional para renovar seu parque industrial. O presidente afirmou que quer construir um complexo industrial de sa\u00fade e falou em uma pol\u00edtica que fa\u00e7a a ind\u00fastria voltar a ser de 20% a 25% do&nbsp;<strong>PIB brasileiro<\/strong>.<\/p>\n\n\n\n<p>Ainda sobre a Vale, na tentativa de destravar a sucess\u00e3o do CEO, a mineradora considera algumas alternativas, como a de estabelecer mandato de transi\u00e7\u00e3o para o atual presidente, Eduardo Bartolomeo \u2013 assim, nessa recondu\u00e7\u00e3o, o mandato seria menor do que o estipulado no estatuto da companhia, que \u00e9 de tr\u00eas anos, e incluiria o compromisso de se trabalhar mais adiante por uma sucess\u00e3o, apurou o jornal Valor Econ\u00f4mico.<\/p>\n\n\n\n<p>No m\u00eas passado, o jornal j\u00e1 havia adiantado que a possibilidade de um mandato mais curto para a presid\u00eancia da <strong>Vale<\/strong> era uma alternativa em estudo, mas depois, essa hip\u00f3tese n\u00e3o foi aventada publicamente.<\/p>\n\n\n\n<p><em>*Com informa\u00e7\u00f5es de Estad\u00e3o Conte\u00fado<\/em><\/p>\n\n\n\t<p>\n\t\t<a href=\"https:\/\/lp.suno.com.br\/plataforma-de-controle-de-investimentos\/\" target=\"_blank\" data-element=\"shortcode-suno-banner\" title=\"Banner SUNO, clique e saiba mais\">\n\t\t\t<picture>\n\t\t\t\t<source media=\"(max-width: 500px)\" srcset=\"https:\/\/files.sunoresearch.com.br\/n\/uploads\/2023\/03\/400x300-Controle-de-Investimentos.png\">\n\t\t\t\t<img class=\"newsContent__article__imgCapa newsContent__article__imgCapa--banner\"\n\t\t\t\t\tsrc=\"https:\/\/files.sunoresearch.com.br\/n\/uploads\/2023\/03\/1420x240-Controle-de-Investimentos.png\"\n\t\t\t\t\tdata-promo-id=\"383162\"\t\t\t\t\t\t\t\t\t\twidth='1420' height='240'\t\t\t\t\talt=\"https:\/\/files.sunoresearch.com.br\/n\/uploads\/2023\/03\/1420x240-Controle-de-Investimentos.png\"\n\t\t\t\t>\n\t\t\t<\/picture>\n\t\t<\/a>\n\t<\/p>\n\n\n","protected":false},"excerpt":{"rendered":"<p>Os conselheiros da Vale (VALE3) que apoiaram a recondu\u00e7\u00e3o do atual CEO da mineradora, Eduardo Bartolomeu, em reuni\u00e3o extraordin\u00e1ria realizada h\u00e1 duas semanas, se articulam agora em torno de Gustavo Pimenta, atual diretor-financeiro (CFO) da companhia. A apura\u00e7\u00e3o \u00e9 do colunista Lauro Jardim, do jornal O Globo. Gustavo Pimenta, CEO da Vale. Foto: Reprodu\u00e7\u00e3o\/Linkedin. De [&hellip;]<\/p>\n","protected":false},"author":313,"featured_media":528008,"comment_status":"closed","ping_status":"closed","sticky":false,"template":"","format":"standard","meta":[],"categories":[64],"tags":[676],"suno_strategy":[],"class_list":["post-528002","post","type-post","status-publish","format-standard","has-post-thumbnail","hentry","category-negocios","tag-vale-vale3"],"yoast_head":"<!-- This site is optimized with the Yoast SEO plugin v24.4 - https:\/\/yoast.com\/wordpress\/plugins\/seo\/ -->\n<title>Vale (VALE3): conselheiros querem CFO no comando da empresa<\/title>\n<meta name=\"description\" content=\"Segundo O Globo, um grupo deseja que Bartolomeu fique mais um ano no comando da Vale, fazendo a transi\u00e7\u00e3o, e Pimenta complemente o mandato.\" \/>\n<meta name=\"robots\" content=\"index, follow, max-snippet:-1, max-image-preview:large, max-video-preview:-1\" \/>\n<link rel=\"canonical\" href=\"https:\/\/www.suno.com.br\/noticias\/vale-vale3-conselheiros-cfo-comando-empresa-gpj\/\" \/>\n<meta property=\"og:locale\" content=\"pt_BR\" \/>\n<meta property=\"og:type\" content=\"article\" \/>\n<meta property=\"og:title\" content=\"Vale (VALE3): conselheiros querem CFO no comando da empresa\" \/>\n<meta property=\"og:description\" content=\"Segundo O Globo, um grupo deseja que Bartolomeu fique mais um ano no comando da Vale, fazendo a transi\u00e7\u00e3o, e Pimenta complemente o mandato.\" \/>\n<meta property=\"og:url\" content=\"https:\/\/www.suno.com.br\/noticias\/vale-vale3-conselheiros-cfo-comando-empresa-gpj\/\" \/>\n<meta property=\"og:site_name\" content=\"Suno Not\u00edcias\" \/>\n<meta property=\"article:publisher\" content=\"https:\/\/facebook.com\/sunoresearch\" \/>\n<meta property=\"og:image\" content=\"https:\/\/files.sunoresearch.com.br\/n\/uploads\/2024\/02\/gustavo-pimenta-1.jpg\" \/>\n\t<meta property=\"og:image:width\" content=\"1200\" \/>\n\t<meta property=\"og:image:height\" content=\"800\" \/>\n\t<meta property=\"og:image:type\" content=\"image\/jpeg\" \/>\n<meta name=\"author\" content=\"Giovanni Porf\u00edrio Jacomino\" \/>\n<meta name=\"twitter:card\" content=\"summary_large_image\" \/>\n<meta name=\"twitter:creator\" content=\"@sunoresearch\" \/>\n<meta name=\"twitter:site\" content=\"@sunoresearch\" \/>\n<meta name=\"twitter:label1\" content=\"Escrito por\" \/>\n\t<meta name=\"twitter:data1\" content=\"Giovanni Porf\u00edrio Jacomino\" \/>\n\t<meta name=\"twitter:label2\" content=\"Est. tempo de leitura\" \/>\n\t<meta name=\"twitter:data2\" content=\"3 minutos\" \/>\n<script type=\"application\/ld+json\" class=\"yoast-schema-graph\">{\"@context\":\"https:\/\/schema.org\",\"@graph\":[{\"@type\":\"NewsArticle\",\"@id\":\"https:\/\/www.suno.com.br\/noticias\/vale-vale3-conselheiros-cfo-comando-empresa-gpj\/#article\",\"isPartOf\":{\"@id\":\"https:\/\/www.suno.com.br\/noticias\/vale-vale3-conselheiros-cfo-comando-empresa-gpj\/\"},\"author\":{\"name\":\"Giovanni Porf\u00edrio Jacomino\",\"@id\":\"https:\/\/www.suno.com.br\/noticias\/#\/schema\/person\/d0f32748bbca4bee871fa191ee4e2d40\"},\"headline\":\"Vale (VALE3): conselheiros querem CFO no comando da mineradora, diz coluna\",\"datePublished\":\"2024-02-29T12:58:59+00:00\",\"dateModified\":\"2024-02-29T12:59:05+00:00\",\"mainEntityOfPage\":{\"@id\":\"https:\/\/www.suno.com.br\/noticias\/vale-vale3-conselheiros-cfo-comando-empresa-gpj\/\"},\"wordCount\":586,\"publisher\":{\"@id\":\"https:\/\/www.suno.com.br\/noticias\/#organization\"},\"image\":{\"@id\":\"https:\/\/www.suno.com.br\/noticias\/vale-vale3-conselheiros-cfo-comando-empresa-gpj\/#primaryimage\"},\"thumbnailUrl\":\"https:\/\/files.sunoresearch.com.br\/n\/uploads\/2024\/02\/gustavo-pimenta-1.jpg\",\"keywords\":[\"Vale (VALE3)\"],\"articleSection\":[\"Neg\u00f3cios\"],\"inLanguage\":\"pt-BR\"},{\"@type\":\"WebPage\",\"@id\":\"https:\/\/www.suno.com.br\/noticias\/vale-vale3-conselheiros-cfo-comando-empresa-gpj\/\",\"url\":\"https:\/\/www.suno.com.br\/noticias\/vale-vale3-conselheiros-cfo-comando-empresa-gpj\/\",\"name\":\"Vale (VALE3): conselheiros querem CFO no comando da empresa\",\"isPartOf\":{\"@id\":\"https:\/\/www.suno.com.br\/noticias\/#website\"},\"primaryImageOfPage\":{\"@id\":\"https:\/\/www.suno.com.br\/noticias\/vale-vale3-conselheiros-cfo-comando-empresa-gpj\/#primaryimage\"},\"image\":{\"@id\":\"https:\/\/www.suno.com.br\/noticias\/vale-vale3-conselheiros-cfo-comando-empresa-gpj\/#primaryimage\"},\"thumbnailUrl\":\"https:\/\/files.sunoresearch.com.br\/n\/uploads\/2024\/02\/gustavo-pimenta-1.jpg\",\"datePublished\":\"2024-02-29T12:58:59+00:00\",\"dateModified\":\"2024-02-29T12:59:05+00:00\",\"description\":\"Segundo O Globo, um grupo deseja que Bartolomeu fique mais um ano no comando da Vale, fazendo a transi\u00e7\u00e3o, e Pimenta complemente o mandato.\",\"breadcrumb\":{\"@id\":\"https:\/\/www.suno.com.br\/noticias\/vale-vale3-conselheiros-cfo-comando-empresa-gpj\/#breadcrumb\"},\"inLanguage\":\"pt-BR\",\"potentialAction\":[{\"@type\":\"ReadAction\",\"target\":[\"https:\/\/www.suno.com.br\/noticias\/vale-vale3-conselheiros-cfo-comando-empresa-gpj\/\"]}]},{\"@type\":\"ImageObject\",\"inLanguage\":\"pt-BR\",\"@id\":\"https:\/\/www.suno.com.br\/noticias\/vale-vale3-conselheiros-cfo-comando-empresa-gpj\/#primaryimage\",\"url\":\"https:\/\/files.sunoresearch.com.br\/n\/uploads\/2024\/02\/gustavo-pimenta-1.jpg\",\"contentUrl\":\"https:\/\/files.sunoresearch.com.br\/n\/uploads\/2024\/02\/gustavo-pimenta-1.jpg\",\"width\":1200,\"height\":800,\"caption\":\"Gustavo Pimenta, CEO da Vale. Foto: Reprodu\u00e7\u00e3o\/Linkedin.\"},{\"@type\":\"BreadcrumbList\",\"@id\":\"https:\/\/www.suno.com.br\/noticias\/vale-vale3-conselheiros-cfo-comando-empresa-gpj\/#breadcrumb\",\"itemListElement\":[{\"@type\":\"ListItem\",\"position\":1,\"name\":\"Not\u00edcias\",\"item\":\"https:\/\/www.suno.com.br\/noticias\/\"},{\"@type\":\"ListItem\",\"position\":2,\"name\":\"Neg\u00f3cios\",\"item\":\"https:\/\/www.suno.com.br\/noticias\/negocios\/\"},{\"@type\":\"ListItem\",\"position\":3,\"name\":\"Vale (VALE3): conselheiros querem CFO no comando da mineradora, diz coluna\"}]},{\"@type\":\"WebSite\",\"@id\":\"https:\/\/www.suno.com.br\/noticias\/#website\",\"url\":\"https:\/\/www.suno.com.br\/noticias\/\",\"name\":\"Suno Not\u00edcias\",\"description\":\"Seu portal de informa\u00e7\u00e3o sobre o mundo dos investimentos\",\"publisher\":{\"@id\":\"https:\/\/www.suno.com.br\/noticias\/#organization\"},\"potentialAction\":[{\"@type\":\"SearchAction\",\"target\":{\"@type\":\"EntryPoint\",\"urlTemplate\":\"https:\/\/www.suno.com.br\/noticias\/?s={search_term_string}\"},\"query-input\":{\"@type\":\"PropertyValueSpecification\",\"valueRequired\":true,\"valueName\":\"search_term_string\"}}],\"inLanguage\":\"pt-BR\"},{\"@type\":\"Organization\",\"@id\":\"https:\/\/www.suno.com.br\/noticias\/#organization\",\"name\":\"Suno Not\u00edcias\",\"url\":\"https:\/\/www.suno.com.br\/noticias\/\",\"logo\":{\"@type\":\"ImageObject\",\"inLanguage\":\"pt-BR\",\"@id\":\"https:\/\/www.suno.com.br\/noticias\/#\/schema\/logo\/image\/\",\"url\":\"https:\/\/files.sunoresearch.com.br\/n\/uploads\/2021\/09\/suno-logo.png\",\"contentUrl\":\"https:\/\/files.sunoresearch.com.br\/n\/uploads\/2021\/09\/suno-logo.png\",\"width\":180,\"height\":180,\"caption\":\"Suno Not\u00edcias\"},\"image\":{\"@id\":\"https:\/\/www.suno.com.br\/noticias\/#\/schema\/logo\/image\/\"},\"sameAs\":[\"https:\/\/facebook.com\/sunoresearch\",\"https:\/\/x.com\/sunoresearch\",\"https:\/\/www.instagram.com\/suno\",\"https:\/\/www.linkedin.com\/company\/suno-research\/\",\"https:\/\/www.youtube.com\/c\/sunoresearch\"]},{\"@type\":\"Person\",\"@id\":\"https:\/\/www.suno.com.br\/noticias\/#\/schema\/person\/d0f32748bbca4bee871fa191ee4e2d40\",\"name\":\"Giovanni Porf\u00edrio Jacomino\",\"image\":{\"@type\":\"ImageObject\",\"inLanguage\":\"pt-BR\",\"@id\":\"https:\/\/www.suno.com.br\/noticias\/#\/schema\/person\/image\/\",\"url\":\"https:\/\/secure.gravatar.com\/avatar\/efb32e19b730a121cb7a80f41ffec01a?s=96&r=g\",\"contentUrl\":\"https:\/\/secure.gravatar.com\/avatar\/efb32e19b730a121cb7a80f41ffec01a?s=96&r=g\",\"caption\":\"Giovanni Porf\u00edrio Jacomino\"},\"description\":\"Giovanni Porf\u00edrio Jacomino \u00e9 jornalista formado pela Universidade Estadual de Londrina (UEL) e p\u00f3s-graduado em Produ\u00e7\u00e3o e Pr\u00e1ticas Jornal\u00edsticas na Contemporaneidade na Faculdade C\u00e1sper L\u00edbero (FCL). Foi editor web no Startupi e no Finsiders, atuando ainda como editor no TC Mover, portal de not\u00edcias da TradersClub, fazendo a cobertura de assuntos relacionados ao mercado financeiro interno e externo. Atualmente, \u00e9 Rep\u00f3rter do Suno Not\u00edcias.\",\"url\":\"https:\/\/www.suno.com.br\/noticias\/author\/giovanni-porfiriosuno-com-br\/\"}]}<\/script>\n<!-- \/ Yoast SEO plugin. -->","yoast_head_json":{"title":"Vale (VALE3): conselheiros querem CFO no comando da empresa","description":"Segundo O Globo, um grupo deseja que Bartolomeu fique mais um ano no comando da Vale, fazendo a transi\u00e7\u00e3o, e Pimenta complemente o mandato.","robots":{"index":"index","follow":"follow","max-snippet":"max-snippet:-1","max-image-preview":"max-image-preview:large","max-video-preview":"max-video-preview:-1"},"canonical":"https:\/\/www.suno.com.br\/noticias\/vale-vale3-conselheiros-cfo-comando-empresa-gpj\/","og_locale":"pt_BR","og_type":"article","og_title":"Vale (VALE3): conselheiros querem CFO no comando da empresa","og_description":"Segundo O Globo, um grupo deseja que Bartolomeu fique mais um ano no comando da Vale, fazendo a transi\u00e7\u00e3o, e Pimenta complemente o mandato.","og_url":"https:\/\/www.suno.com.br\/noticias\/vale-vale3-conselheiros-cfo-comando-empresa-gpj\/","og_site_name":"Suno Not\u00edcias","article_publisher":"https:\/\/facebook.com\/sunoresearch","og_image":[{"width":1200,"height":800,"url":"https:\/\/files.sunoresearch.com.br\/n\/uploads\/2024\/02\/gustavo-pimenta-1.jpg","type":"image\/jpeg"}],"author":"Giovanni Porf\u00edrio Jacomino","twitter_card":"summary_large_image","twitter_creator":"@sunoresearch","twitter_site":"@sunoresearch","twitter_misc":{"Escrito por":"Giovanni Porf\u00edrio Jacomino","Est. tempo de leitura":"3 minutos"},"schema":{"@context":"https:\/\/schema.org","@graph":[{"@type":"NewsArticle","@id":"https:\/\/www.suno.com.br\/noticias\/vale-vale3-conselheiros-cfo-comando-empresa-gpj\/#article","isPartOf":{"@id":"https:\/\/www.suno.com.br\/noticias\/vale-vale3-conselheiros-cfo-comando-empresa-gpj\/"},"author":{"name":"Giovanni Porf\u00edrio Jacomino","@id":"https:\/\/www.suno.com.br\/noticias\/#\/schema\/person\/d0f32748bbca4bee871fa191ee4e2d40"},"headline":"Vale (VALE3): conselheiros querem CFO no comando da mineradora, diz coluna","datePublished":"2024-02-29T12:58:59+00:00","dateModified":"2024-02-29T12:59:05+00:00","mainEntityOfPage":{"@id":"https:\/\/www.suno.com.br\/noticias\/vale-vale3-conselheiros-cfo-comando-empresa-gpj\/"},"wordCount":586,"publisher":{"@id":"https:\/\/www.suno.com.br\/noticias\/#organization"},"image":{"@id":"https:\/\/www.suno.com.br\/noticias\/vale-vale3-conselheiros-cfo-comando-empresa-gpj\/#primaryimage"},"thumbnailUrl":"https:\/\/files.sunoresearch.com.br\/n\/uploads\/2024\/02\/gustavo-pimenta-1.jpg","keywords":["Vale (VALE3)"],"articleSection":["Neg\u00f3cios"],"inLanguage":"pt-BR"},{"@type":"WebPage","@id":"https:\/\/www.suno.com.br\/noticias\/vale-vale3-conselheiros-cfo-comando-empresa-gpj\/","url":"https:\/\/www.suno.com.br\/noticias\/vale-vale3-conselheiros-cfo-comando-empresa-gpj\/","name":"Vale (VALE3): conselheiros querem CFO no comando da empresa","isPartOf":{"@id":"https:\/\/www.suno.com.br\/noticias\/#website"},"primaryImageOfPage":{"@id":"https:\/\/www.suno.com.br\/noticias\/vale-vale3-conselheiros-cfo-comando-empresa-gpj\/#primaryimage"},"image":{"@id":"https:\/\/www.suno.com.br\/noticias\/vale-vale3-conselheiros-cfo-comando-empresa-gpj\/#primaryimage"},"thumbnailUrl":"https:\/\/files.sunoresearch.com.br\/n\/uploads\/2024\/02\/gustavo-pimenta-1.jpg","datePublished":"2024-02-29T12:58:59+00:00","dateModified":"2024-02-29T12:59:05+00:00","description":"Segundo O Globo, um grupo deseja que Bartolomeu fique mais um ano no comando da Vale, fazendo a transi\u00e7\u00e3o, e Pimenta complemente o mandato.","breadcrumb":{"@id":"https:\/\/www.suno.com.br\/noticias\/vale-vale3-conselheiros-cfo-comando-empresa-gpj\/#breadcrumb"},"inLanguage":"pt-BR","potentialAction":[{"@type":"ReadAction","target":["https:\/\/www.suno.com.br\/noticias\/vale-vale3-conselheiros-cfo-comando-empresa-gpj\/"]}]},{"@type":"ImageObject","inLanguage":"pt-BR","@id":"https:\/\/www.suno.com.br\/noticias\/vale-vale3-conselheiros-cfo-comando-empresa-gpj\/#primaryimage","url":"https:\/\/files.sunoresearch.com.br\/n\/uploads\/2024\/02\/gustavo-pimenta-1.jpg","contentUrl":"https:\/\/files.sunoresearch.com.br\/n\/uploads\/2024\/02\/gustavo-pimenta-1.jpg","width":1200,"height":800,"caption":"Gustavo Pimenta, CEO da Vale. Foto: Reprodu\u00e7\u00e3o\/Linkedin."},{"@type":"BreadcrumbList","@id":"https:\/\/www.suno.com.br\/noticias\/vale-vale3-conselheiros-cfo-comando-empresa-gpj\/#breadcrumb","itemListElement":[{"@type":"ListItem","position":1,"name":"Not\u00edcias","item":"https:\/\/www.suno.com.br\/noticias\/"},{"@type":"ListItem","position":2,"name":"Neg\u00f3cios","item":"https:\/\/www.suno.com.br\/noticias\/negocios\/"},{"@type":"ListItem","position":3,"name":"Vale (VALE3): conselheiros querem CFO no comando da mineradora, diz coluna"}]},{"@type":"WebSite","@id":"https:\/\/www.suno.com.br\/noticias\/#website","url":"https:\/\/www.suno.com.br\/noticias\/","name":"Suno Not\u00edcias","description":"Seu portal de informa\u00e7\u00e3o sobre o mundo dos investimentos","publisher":{"@id":"https:\/\/www.suno.com.br\/noticias\/#organization"},"potentialAction":[{"@type":"SearchAction","target":{"@type":"EntryPoint","urlTemplate":"https:\/\/www.suno.com.br\/noticias\/?s={search_term_string}"},"query-input":{"@type":"PropertyValueSpecification","valueRequired":true,"valueName":"search_term_string"}}],"inLanguage":"pt-BR"},{"@type":"Organization","@id":"https:\/\/www.suno.com.br\/noticias\/#organization","name":"Suno Not\u00edcias","url":"https:\/\/www.suno.com.br\/noticias\/","logo":{"@type":"ImageObject","inLanguage":"pt-BR","@id":"https:\/\/www.suno.com.br\/noticias\/#\/schema\/logo\/image\/","url":"https:\/\/files.sunoresearch.com.br\/n\/uploads\/2021\/09\/suno-logo.png","contentUrl":"https:\/\/files.sunoresearch.com.br\/n\/uploads\/2021\/09\/suno-logo.png","width":180,"height":180,"caption":"Suno Not\u00edcias"},"image":{"@id":"https:\/\/www.suno.com.br\/noticias\/#\/schema\/logo\/image\/"},"sameAs":["https:\/\/facebook.com\/sunoresearch","https:\/\/x.com\/sunoresearch","https:\/\/www.instagram.com\/suno","https:\/\/www.linkedin.com\/company\/suno-research\/","https:\/\/www.youtube.com\/c\/sunoresearch"]},{"@type":"Person","@id":"https:\/\/www.suno.com.br\/noticias\/#\/schema\/person\/d0f32748bbca4bee871fa191ee4e2d40","name":"Giovanni Porf\u00edrio Jacomino","image":{"@type":"ImageObject","inLanguage":"pt-BR","@id":"https:\/\/www.suno.com.br\/noticias\/#\/schema\/person\/image\/","url":"https:\/\/secure.gravatar.com\/avatar\/efb32e19b730a121cb7a80f41ffec01a?s=96&r=g","contentUrl":"https:\/\/secure.gravatar.com\/avatar\/efb32e19b730a121cb7a80f41ffec01a?s=96&r=g","caption":"Giovanni Porf\u00edrio Jacomino"},"description":"Giovanni Porf\u00edrio Jacomino \u00e9 jornalista formado pela Universidade Estadual de Londrina (UEL) e p\u00f3s-graduado em Produ\u00e7\u00e3o e Pr\u00e1ticas Jornal\u00edsticas na Contemporaneidade na Faculdade C\u00e1sper L\u00edbero (FCL). Foi editor web no Startupi e no Finsiders, atuando ainda como editor no TC Mover, portal de not\u00edcias da TradersClub, fazendo a cobertura de assuntos relacionados ao mercado financeiro interno e externo. Atualmente, \u00e9 Rep\u00f3rter do Suno Not\u00edcias.","url":"https:\/\/www.suno.com.br\/noticias\/author\/giovanni-porfiriosuno-com-br\/"}]}},"default_loop_html":"<div class=\"cardsPage__listCard__boxs\"><div class=\"cardsPage__listCard__boxs__img\"><a href=\"https:\/\/www.suno.com.br\/noticias\/vale-vale3-conselheiros-cfo-comando-empresa-gpj\/\"><img class=\"mask\" src=\"https:\/\/www.suno.com.br\/noticias\/wp-content\/themes\/suno\/resources\/images\/spotlight\/spotlight1img\/bg-mask.png\" alt=\"Image Mask\"\/><img src=\"https:\/\/files.sunoresearch.com.br\/n\/uploads\/2024\/02\/gustavo-pimenta-1-400x200.jpg\" alt=\"Vale (VALE3): conselheiros querem CFO no comando da mineradora, diz coluna\"\/><\/a><span class=\"spotlightCategory\"><a href=\"https:\/\/www.suno.com.br\/noticias\/negocios\/\">Neg\u00f3cios<\/a><\/span><\/div><div class=\"cardsPage__listCard__boxs__content\"><a href=\"https:\/\/www.suno.com.br\/noticias\/vale-vale3-conselheiros-cfo-comando-empresa-gpj\/\"><h2 class=\"content__title\">Vale (VALE3): conselheiros querem CFO no comando da mineradora, diz coluna<\/h2><\/a><div class=\"newsContent__article__meta\"><div class=\"newsContent__article__meta__authorBox\"><a href=\"https:\/\/www.suno.com.br\/noticias\/author\/giovanni-porfiriosuno-com-br\/\" class=\"authorBox__avatar noMobi\"><img src=\"https:\/\/files.sunoresearch.com.br\/n\/uploads\/2024\/05\/DSCF4115-1-1-150x150.webp\" alt=\"Giovanni Porf\u00edrio Jacomino\"><\/a><div class=\"authorBox__name\"><span>por\n\t\t\t<a href=\"https:\/\/www.suno.com.br\/noticias\/author\/giovanni-porfiriosuno-com-br\/\"><span itemprop=\"author\">Giovanni Porf\u00edrio Jacomino<\/span><\/a><\/span><time datetime=\"2024-02-29T09:58:59-03:00\" itemprop=\"datePublished\">29\/02\/2024 09:58<\/time><\/div><\/div><\/div><\/div><\/div>","single_layout":"posts","amp_enabled":true,"_links":{"self":[{"href":"https:\/\/www.suno.com.br\/noticias\/wp-json\/wp\/v2\/posts\/528002"}],"collection":[{"href":"https:\/\/www.suno.com.br\/noticias\/wp-json\/wp\/v2\/posts"}],"about":[{"href":"https:\/\/www.suno.com.br\/noticias\/wp-json\/wp\/v2\/types\/post"}],"author":[{"embeddable":true,"href":"https:\/\/www.suno.com.br\/noticias\/wp-json\/wp\/v2\/users\/313"}],"replies":[{"embeddable":true,"href":"https:\/\/www.suno.com.br\/noticias\/wp-json\/wp\/v2\/comments?post=528002"}],"version-history":[{"count":2,"href":"https:\/\/www.suno.com.br\/noticias\/wp-json\/wp\/v2\/posts\/528002\/revisions"}],"predecessor-version":[{"id":528030,"href":"https:\/\/www.suno.com.br\/noticias\/wp-json\/wp\/v2\/posts\/528002\/revisions\/528030"}],"wp:featuredmedia":[{"embeddable":true,"href":"https:\/\/www.suno.com.br\/noticias\/wp-json\/wp\/v2\/media\/528008"}],"wp:attachment":[{"href":"https:\/\/www.suno.com.br\/noticias\/wp-json\/wp\/v2\/media?parent=528002"}],"wp:term":[{"taxonomy":"category","embeddable":true,"href":"https:\/\/www.suno.com.br\/noticias\/wp-json\/wp\/v2\/categories?post=528002"},{"taxonomy":"post_tag","embeddable":true,"href":"https:\/\/www.suno.com.br\/noticias\/wp-json\/wp\/v2\/tags?post=528002"},{"taxonomy":"suno_strategy","embeddable":true,"href":"https:\/\/www.suno.com.br\/noticias\/wp-json\/wp\/v2\/suno_strategy?post=528002"}],"curies":[{"name":"wp","href":"https:\/\/api.w.org\/{rel}","templated":true}]}}