{"id":527927,"date":"2024-02-29T07:54:09","date_gmt":"2024-02-29T10:54:09","guid":{"rendered":"https:\/\/www.suno.com.br\/noticias\/?p=527927"},"modified":"2024-02-29T07:54:15","modified_gmt":"2024-02-29T10:54:15","slug":"ambev-abev3-lucro-cai-4t23-gpj","status":"publish","type":"post","link":"https:\/\/www.suno.com.br\/noticias\/ambev-abev3-lucro-cai-4t23-gpj\/","title":{"rendered":"Ambev (ABEV3): lucro l\u00edquido cai 10,9% no quarto trimestre, para R$ 4,5 bilh\u00f5es"},"content":{"rendered":"<p>A&nbsp;<a href=\"https:\/\/www.suno.com.br\/acoes\/ABEV3\/\"><strong>Ambev<\/strong>&nbsp;(ABEV3)<\/a>&nbsp;reportou um&nbsp;<a href=\"https:\/\/www.suno.com.br\/artigos\/lucro-liquido\/\">lucro l\u00edquido<\/a>&nbsp;de R$ 4,528 bilh\u00f5es no quarto trimestre de 2023 (4T23), conforme balan\u00e7o divulgado nesta ter\u00e7a-feira (31). A cifra representa uma queda de 10,9% em rela\u00e7\u00e3o ao mesmo per\u00edodo do ano passado.<\/p>\t<div class=\"wrapper-featured-image\">\n\t\t<figure class=\"spotlightImg\">\n\n\t\t\t<picture>\n\t\t\t\t<source media=\"(max-width: 768px)\" srcset=\"https:\/\/files.sunoresearch.com.br\/n\/uploads\/2024\/01\/ambev-abev3-400x200.jpg\">\n\t\t\t\t<img loading=\"lazy\" decoding=\"async\" class=\"newsContent__article__imgCapa lazyloadDisabled \" src=\"https:\/\/files.sunoresearch.com.br\/n\/uploads\/2024\/01\/ambev-abev3-800x450.jpg\" width=\"800\" height=\"450\" alt=\"Ambev (ABEV3): lucro l\u00edquido cai 10,9% no quarto trimestre, para R$ 4,5 bilh\u00f5es\" fetchpriority=high \/>\n\t\t\t<\/picture>\n\n\t\t\t<figcaption class=\"wp-caption-text wp-caption-text--show\">Ambev (ABEV3) - Foto: Reprodu\u00e7\u00e3o<\/figcaption>\n\t\t<\/figure>\n\t<\/div>\n\n\n\n\n\n\n\n\t<p>\n\t\t<a href=\"https:\/\/lp.suno.com.br\/planilha-da-vida-financeira\/\" target=\"_blank\" data-element=\"shortcode-suno-banner\" title=\"Banner SUNO, clique e saiba mais\">\n\t\t\t<picture>\n\t\t\t\t<source media=\"(max-width: 500px)\" srcset=\"https:\/\/files.sunoresearch.com.br\/n\/uploads\/2023\/04\/400x300-Planilha-vida-financeira-true.png\">\n\t\t\t\t<img class=\"newsContent__article__imgCapa newsContent__article__imgCapa--banner\"\n\t\t\t\t\tsrc=\"https:\/\/files.sunoresearch.com.br\/n\/uploads\/2023\/04\/1420x240-Planilha-vida-financeira-true.png\"\n\t\t\t\t\tdata-promo-id=\"106682\"\t\t\t\t\t\t\t\t\t\twidth='1420' height='240'\t\t\t\t\talt=\"https:\/\/files.sunoresearch.com.br\/n\/uploads\/2023\/04\/1420x240-Planilha-vida-financeira-true.png\"\n\t\t\t\t>\n\t\t\t<\/picture>\n\t\t<\/a>\n\t<\/p>\n\n\n\n\n\n<p>A queda no <strong>lucro da Ambev<\/strong>, segundo a companhia, ocorreu devido \u00e0 deprecia\u00e7\u00e3o cambial na Argentina e ao faseamento das provis\u00f5es de dedutibilidade fiscal do JCP.<\/p>\n\n\n\n<p>J\u00e1 o&nbsp;<strong>lucro l\u00edquido ajustado da Ambev<\/strong>&nbsp;ficou em R$ 4,667 bilh\u00f5es, diminui\u00e7\u00e3o de 11,9% frente aos R$ 5,299 bilh\u00f5es registrados no mesmo intervalo de 2022.<\/p>\n\n\n\n<p>A&nbsp;<strong><a href=\"https:\/\/www.suno.com.br\/artigos\/o-que-receita-liquida\/\" target=\"_blank\" rel=\"noreferrer noopener\">receita l\u00edquida<\/a>&nbsp;da Ambev<\/strong>&nbsp;foi de R$ 19,989 bilh\u00f5es no trimestre, queda de 11,9% frente os R$ 22,693 bilh\u00f5es registrados no resultado no mesmo per\u00edodo do ano anterior. &#8220;O desempenho foi impulsionado pelo crescimento da receita l\u00edquida por hectolitro (ROL\/hl) de 29,7% no 4T23&#8221;, disse a companhia.<\/p>\n\n\n\n<p>O Ebitda (lucro antes de juros, impostos,&nbsp;<a href=\"https:\/\/www.suno.com.br\/artigos\/depreciacao-amortizacao\/\" target=\"_blank\" rel=\"noreferrer noopener\">deprecia\u00e7\u00e3o e amortiza\u00e7\u00e3o<\/a>) ajustado, por sua vez, foi de R$ 7,151 bilh\u00f5es, aumento de 0,6% ante o n\u00famero registrado no mesmo per\u00edodo do ano de 2022.<\/p>\n\n\n\n<p>De acordo com a Ambev, os volumes consolidados do 4T23 ficaram praticamente est\u00e1veis, uma vez que o crescimento na Am\u00e9rica Central e Caribe (CAC) (+7,7%) e no Brasil (+0,8%) foi compensado pela Am\u00e9rica Latina Sul (LAS) (-3,8%) e Canad\u00e1 (-7,4%), onde os volumes continuaram a ser impactados principalmente pelo decl\u00ednio das ind\u00fastrias.<\/p>\n\n\n\n<p>Entre os meses de outubro e dezembro, o&nbsp;<strong><a href=\"https:\/\/www.suno.com.br\/artigos\/resultado-financeiro\/\">resultado financeiro<\/a>&nbsp;da Ambev<\/strong>&nbsp;ficou negativo em R$ 700,5 milh\u00f5es, uma redu\u00e7\u00e3o de R$ 379,4 milh\u00f5es em rela\u00e7\u00e3o ao mesmo per\u00edodo do ano anterior.<\/p>\n\n\n\n<p>\u201cEntregamos um final de ano forte, liderado pelo Brasil e pela CAC. 2023 foi mais um ano de melhoria consistente, na medida em que a execu\u00e7\u00e3o da nossa estrat\u00e9gia proporcionou crescimento sustentado e melhor rentabilidade\u201d, disse o&nbsp;<strong>CEO da Ambev<\/strong>, Jean Jereissati.<\/p>\n\n\n\n<p>A <strong>Ambev<\/strong> espera que o CPV (custo dos produtos vendidos) por hectolitro, excluindo <a href=\"https:\/\/www.suno.com.br\/artigos\/depreciacao-amortizacao\/\">deprecia\u00e7\u00e3o e amortiza\u00e7\u00e3o<\/a>, para o seu neg\u00f3cio de cervejas no Brasil, diminua entre 0,5% e 3,0% no ano de 2024, em raz\u00e3o das condi\u00e7\u00f5es favor\u00e1veis das commodities e do c\u00e2mbio.<\/p>\n\n\n\t<p>\n\t\t<a href=\"https:\/\/lp.suno.com.br\/ebook-como-analisar-uma-acao\/\" target=\"_blank\" data-element=\"shortcode-suno-banner\" title=\"Banner SUNO, clique e saiba mais\">\n\t\t\t<picture>\n\t\t\t\t<source media=\"(max-width: 500px)\" srcset=\"https:\/\/files.sunoresearch.com.br\/n\/uploads\/2023\/03\/Ebook-Acoes-Mobile.jpg\">\n\t\t\t\t<img class=\"newsContent__article__imgCapa newsContent__article__imgCapa--banner\"\n\t\t\t\t\tsrc=\"https:\/\/files.sunoresearch.com.br\/n\/uploads\/2023\/03\/Ebook-Acoes-Desktop.jpg\"\n\t\t\t\t\tdata-promo-id=\"378302\"\t\t\t\t\t\t\t\t\t\twidth='1420' height='286'\t\t\t\t\talt=\"https:\/\/files.sunoresearch.com.br\/n\/uploads\/2023\/03\/Ebook-Acoes-Desktop.jpg\"\n\t\t\t\t>\n\t\t\t<\/picture>\n\t\t<\/a>\n\t<\/p>\n\n\n\n\n\n<h2 class=\"wp-block-heading\">Desempenho das a\u00e7\u00f5es de Ambev<\/h2>\n\n\n\n<p>No fechamento de quarta-feira (28), as a\u00e7\u00f5es de<strong> Ambev<\/strong> subiram 1,05%, cotadas a R$ 13,45, segundo o Status Invest.<\/p>\n\n\n\n<div class=\"pluginQuotation\">\n  <p class=\"ticker\">\n    Cota\u00e7\u00e3o <span>ABEV3<\/span>\n  <\/p>\n  <div class=\"info\">\n    <div class=\"leftSide\">\n      Gr\u00e1fico gerado em: 29\/02\/2024    <\/div>\n\t\t\t\t\t<div class=\"rightSide\">\n\t\t\t\t\t<span class=\"period\">\n\t\t\t\t\t\t1 Dia\t\t\t\t\t<\/span>\n\t\t\t<\/div>\n\t\t  <\/div>\n\n  <div id=\"chart-1aa8d40ced80d0f4a44cf82f99d6ffdb\" data-block-hash=\"1aa8d40ced80d0f4a44cf82f99d6ffdb\"  class=\"chart\" style=\"width:100%;height:400px;\"><\/div>\n\n  <div class=\"pluginQuotation__footer\">\n    <div class=\"dataChart\">\n\n      <div class=\"dataChart__div1 variation\">\n        <div class=\"value-negative\">\n          0,00 (0,00%)        <\/div>\n        <div class=\"text\">\n          Varia\u00e7\u00e3o do per\u00edodo\n        <\/div>\n      <\/div>\n\n      <div class=\"dataChart__div2 minMax\">\n        <div class=\"value\">\n          R$\u00a013,45        <\/div>\n        <div class=\"text\">\n          M\u00ednima\n        <\/div>\n      <\/div>\n\n      <div class=\"dataChart__div3 minMax\">\n        <div class=\"value\">\n          R$\u00a013,57        <\/div>\n        <div class=\"text\">\n          M\u00e1xima\n        <\/div>\n      <\/div>\n\n\t\t\t<div class=\"dataChart__div4 rightSide\">\n\t\t\t\t<div class=\"analiticaSource\">\n\t\t\t\t\t<span>\n\t\t\t\t\t\tFonte:\n\t\t\t\t\t<\/span>\n\t\t\t\t\t<img decoding=\"async\" class=\"analiticaLogo\" src=\"https:\/\/www.suno.com.br\/noticias\/wp-content\/plugins\/suno-block-ticker-quotation\/src\/suno-analitica-logo.png\" alt=\"Logo Suno Anal\u00edtica\" \/>\n\t\t\t\t<\/div>\n\n\t\t\t\t<a href=\"https:\/\/www.suno.com.br\/analitica\/acoes\/ABEV3\" target=\"_blank\">\n\t\t\t\t\t<span>\n\t\t\t\t\t\tVer mais cota\u00e7\u00f5es\n\t\t\t\t\t<\/span>\n\t\t\t\t\t<svg xmlns=\"http:\/\/www.w3.org\/2000\/svg\" width=\"9\" height=\"8\" viewBox=\"0 0 9 8\" fill=\"none\">\n\t\t\t\t\t\t<path d=\"M4.20996 0L3.50496 0.705L6.29496 3.5H0.209961V4.5H6.29496L3.50496 7.295L4.20996 8L8.20996 4L4.20996 0Z\" fill=\"#D42126\" \/>\n\t\t\t\t\t<\/svg>\n\t\t\t\t<\/a>\n    <\/div>\n\n    <\/div>\n  <\/div>\n<\/div>\n\n\n<script type=\"text\/javascript\">\n  let chart_1aa8d40ced80d0f4a44cf82f99d6ffdb = document.getElementById('chart-1aa8d40ced80d0f4a44cf82f99d6ffdb');\n  let data_json_1aa8d40ced80d0f4a44cf82f99d6ffdb = \"[{\\\"date\\\":\\\"28\\\\\\\/02\\\\\\\/24 12:10\\\",\\\"value\\\":13.45},{\\\"date\\\":\\\"28\\\\\\\/02\\\\\\\/24 12:12\\\",\\\"value\\\":13.45},{\\\"date\\\":\\\"28\\\\\\\/02\\\\\\\/24 12:14\\\",\\\"value\\\":13.46},{\\\"date\\\":\\\"28\\\\\\\/02\\\\\\\/24 12:16\\\",\\\"value\\\":13.46},{\\\"date\\\":\\\"28\\\\\\\/02\\\\\\\/24 12:18\\\",\\\"value\\\":13.47},{\\\"date\\\":\\\"28\\\\\\\/02\\\\\\\/24 12:20\\\",\\\"value\\\":13.47},{\\\"date\\\":\\\"28\\\\\\\/02\\\\\\\/24 12:22\\\",\\\"value\\\":13.48},{\\\"date\\\":\\\"28\\\\\\\/02\\\\\\\/24 12:24\\\",\\\"value\\\":13.46},{\\\"date\\\":\\\"28\\\\\\\/02\\\\\\\/24 12:26\\\",\\\"value\\\":13.45},{\\\"date\\\":\\\"28\\\\\\\/02\\\\\\\/24 12:28\\\",\\\"value\\\":13.46},{\\\"date\\\":\\\"28\\\\\\\/02\\\\\\\/24 12:30\\\",\\\"value\\\":13.46},{\\\"date\\\":\\\"28\\\\\\\/02\\\\\\\/24 12:32\\\",\\\"value\\\":13.45},{\\\"date\\\":\\\"28\\\\\\\/02\\\\\\\/24 12:34\\\",\\\"value\\\":13.45},{\\\"date\\\":\\\"28\\\\\\\/02\\\\\\\/24 12:36\\\",\\\"value\\\":13.47},{\\\"date\\\":\\\"28\\\\\\\/02\\\\\\\/24 12:38\\\",\\\"value\\\":13.47},{\\\"date\\\":\\\"28\\\\\\\/02\\\\\\\/24 12:40\\\",\\\"value\\\":13.47},{\\\"date\\\":\\\"28\\\\\\\/02\\\\\\\/24 12:42\\\",\\\"value\\\":13.49},{\\\"date\\\":\\\"28\\\\\\\/02\\\\\\\/24 12:44\\\",\\\"value\\\":13.48},{\\\"date\\\":\\\"28\\\\\\\/02\\\\\\\/24 12:46\\\",\\\"value\\\":13.49},{\\\"date\\\":\\\"28\\\\\\\/02\\\\\\\/24 12:48\\\",\\\"value\\\":13.52},{\\\"date\\\":\\\"28\\\\\\\/02\\\\\\\/24 12:50\\\",\\\"value\\\":13.51},{\\\"date\\\":\\\"28\\\\\\\/02\\\\\\\/24 12:52\\\",\\\"value\\\":13.5},{\\\"date\\\":\\\"28\\\\\\\/02\\\\\\\/24 12:54\\\",\\\"value\\\":13.48},{\\\"date\\\":\\\"28\\\\\\\/02\\\\\\\/24 12:56\\\",\\\"value\\\":13.48},{\\\"date\\\":\\\"28\\\\\\\/02\\\\\\\/24 13:34\\\",\\\"value\\\":13.5},{\\\"date\\\":\\\"28\\\\\\\/02\\\\\\\/24 13:36\\\",\\\"value\\\":13.49},{\\\"date\\\":\\\"28\\\\\\\/02\\\\\\\/24 13:38\\\",\\\"value\\\":13.52},{\\\"date\\\":\\\"28\\\\\\\/02\\\\\\\/24 13:40\\\",\\\"value\\\":13.52},{\\\"date\\\":\\\"28\\\\\\\/02\\\\\\\/24 13:42\\\",\\\"value\\\":13.52},{\\\"date\\\":\\\"28\\\\\\\/02\\\\\\\/24 13:44\\\",\\\"value\\\":13.52},{\\\"date\\\":\\\"28\\\\\\\/02\\\\\\\/24 13:46\\\",\\\"value\\\":13.55},{\\\"date\\\":\\\"28\\\\\\\/02\\\\\\\/24 13:48\\\",\\\"value\\\":13.54},{\\\"date\\\":\\\"28\\\\\\\/02\\\\\\\/24 13:50\\\",\\\"value\\\":13.54},{\\\"date\\\":\\\"28\\\\\\\/02\\\\\\\/24 13:52\\\",\\\"value\\\":13.53},{\\\"date\\\":\\\"28\\\\\\\/02\\\\\\\/24 13:54\\\",\\\"value\\\":13.54},{\\\"date\\\":\\\"28\\\\\\\/02\\\\\\\/24 13:56\\\",\\\"value\\\":13.56},{\\\"date\\\":\\\"28\\\\\\\/02\\\\\\\/24 13:58\\\",\\\"value\\\":13.57},{\\\"date\\\":\\\"28\\\\\\\/02\\\\\\\/24 14:00\\\",\\\"value\\\":13.55},{\\\"date\\\":\\\"28\\\\\\\/02\\\\\\\/24 14:02\\\",\\\"value\\\":13.55},{\\\"date\\\":\\\"28\\\\\\\/02\\\\\\\/24 14:04\\\",\\\"value\\\":13.56},{\\\"date\\\":\\\"28\\\\\\\/02\\\\\\\/24 14:06\\\",\\\"value\\\":13.56},{\\\"date\\\":\\\"28\\\\\\\/02\\\\\\\/24 14:08\\\",\\\"value\\\":13.54},{\\\"date\\\":\\\"28\\\\\\\/02\\\\\\\/24 14:10\\\",\\\"value\\\":13.45},{\\\"date\\\":\\\"28\\\\\\\/02\\\\\\\/24 14:12\\\",\\\"value\\\":13.5},{\\\"date\\\":\\\"28\\\\\\\/02\\\\\\\/24 14:14\\\",\\\"value\\\":13.52},{\\\"date\\\":\\\"28\\\\\\\/02\\\\\\\/24 14:16\\\",\\\"value\\\":13.51},{\\\"date\\\":\\\"28\\\\\\\/02\\\\\\\/24 14:18\\\",\\\"value\\\":13.45}]\";\n  let isPositive_1aa8d40ced80d0f4a44cf82f99d6ffdb = true;\n\n  let color_1aa8d40ced80d0f4a44cf82f99d6ffdb = isPositive_1aa8d40ced80d0f4a44cf82f99d6ffdb ? '#3AB53A' : '#D92C2D';\n\n  let data_1aa8d40ced80d0f4a44cf82f99d6ffdb = JSON.parse(data_json_1aa8d40ced80d0f4a44cf82f99d6ffdb);\n\n  const result_1aa8d40ced80d0f4a44cf82f99d6ffdb = {\n    date: [],\n    value: [],\n  };\n\n  data_1aa8d40ced80d0f4a44cf82f99d6ffdb.forEach((item) => {\n    result_1aa8d40ced80d0f4a44cf82f99d6ffdb.date.push(item.date);\n    result_1aa8d40ced80d0f4a44cf82f99d6ffdb.value.push(Number(item.value));\n  });\n\n  let option_1aa8d40ced80d0f4a44cf82f99d6ffdb = {\n    \/\/ variavel de cor global\n    color: [color_1aa8d40ced80d0f4a44cf82f99d6ffdb],\n    title: {\n      text: '',\n    },\n    tooltip: {\n      trigger: 'axis',\n      axisPointer: {\n        type: 'cross',\n        label: {\n          \/\/ cor dos valores em X e Y\n          backgroundColor: color_1aa8d40ced80d0f4a44cf82f99d6ffdb,\n          formatter: (value) => {\n            if (typeof value.value === 'number') {\n              return Number(value.value).toLocaleString('pt-br', {\n                style: 'currency',\n                currency: 'BRL'\n              });\n            }\n            return value.value;\n          },\n        },\n      },\n      valueFormatter: (value) => Number(value).toLocaleString('pt-br', {\n        style: 'currency',\n        currency: 'BRL'\n      }),\n    },\n    legend: {\n      \/\/ data: ['Valor de Fechamento'],\n      show: false,\n    },\n    toolbox: {\n      feature: {\n        saveAsImage: {\n          show: false,\n        },\n      },\n    },\n    grid: {\n      left: '0px',\n      right: '0px',\n      bottom: '0px',\n      containLabel: true,\n    },\n    xAxis: [{\n      type: 'category',\n      data: result_1aa8d40ced80d0f4a44cf82f99d6ffdb.date,\n      boundaryGap: true,\n    }],\n    yAxis: [{\n      type: 'value',\n      min: Math.min(...result_1aa8d40ced80d0f4a44cf82f99d6ffdb.value),\n      max: Math.max(...result_1aa8d40ced80d0f4a44cf82f99d6ffdb.value),\n      axisLabel: {\n        formatter: (value) => value.toLocaleString('pt-br', {\n          style: 'currency',\n          currency: 'BRL'\n        }),\n      },\n    }],\n    series: [{\n      name: 'Valor de Fechamento',\n      type: 'line',\n      stack: 'Total',\n      \/\/ cor do grafico\n      areaStyle: {},\n      emphasis: {\n        focus: 'series',\n      },\n      data: result_1aa8d40ced80d0f4a44cf82f99d6ffdb.value,\n      \/\/ cor da linha\n      lineStyle: {\n        color: color_1aa8d40ced80d0f4a44cf82f99d6ffdb,\n      },\n    }, ],\n  };\n\n\twindow.chart_1aa8d40ced80d0f4a44cf82f99d6ffdb = {\n\t\tel: chart_1aa8d40ced80d0f4a44cf82f99d6ffdb,\n\t\toption: option_1aa8d40ced80d0f4a44cf82f99d6ffdb\t};\n\n\n<\/script>\n\n\n\t<p>\n\t\t<a href=\"https:\/\/lp.suno.com.br\/planilha-da-vida-financeira\/\" target=\"_blank\" data-element=\"shortcode-suno-banner\" title=\"Banner SUNO, clique e saiba mais\">\n\t\t\t<picture>\n\t\t\t\t<source media=\"(max-width: 500px)\" srcset=\"https:\/\/files.sunoresearch.com.br\/n\/uploads\/2023\/04\/400x300-Planilha-vida-financeira-true.png\">\n\t\t\t\t<img class=\"newsContent__article__imgCapa newsContent__article__imgCapa--banner\"\n\t\t\t\t\tsrc=\"https:\/\/files.sunoresearch.com.br\/n\/uploads\/2023\/04\/1420x240-Planilha-vida-financeira-true.png\"\n\t\t\t\t\tdata-promo-id=\"383123\"\t\t\t\t\t\t\t\t\t\twidth='1420' height='240'\t\t\t\t\talt=\"https:\/\/files.sunoresearch.com.br\/n\/uploads\/2023\/04\/1420x240-Planilha-vida-financeira-true.png\"\n\t\t\t\t>\n\t\t\t<\/picture>\n\t\t<\/a>\n\t<\/p>\n\n\n","protected":false},"excerpt":{"rendered":"<p>A&nbsp;Ambev&nbsp;(ABEV3)&nbsp;reportou um&nbsp;lucro l\u00edquido&nbsp;de R$ 4,528 bilh\u00f5es no quarto trimestre de 2023 (4T23), conforme balan\u00e7o divulgado nesta ter\u00e7a-feira (31). A cifra representa uma queda de 10,9% em rela\u00e7\u00e3o ao mesmo per\u00edodo do ano passado. Ambev (ABEV3) &#8211; Foto: Reprodu\u00e7\u00e3o A queda no lucro da Ambev, segundo a companhia, ocorreu devido \u00e0 deprecia\u00e7\u00e3o cambial na Argentina e [&hellip;]<\/p>\n","protected":false},"author":313,"featured_media":514491,"comment_status":"closed","ping_status":"closed","sticky":false,"template":"","format":"standard","meta":[],"categories":[64],"tags":[359,1029,1607],"suno_strategy":[],"class_list":["post-527927","post","type-post","status-publish","format-standard","has-post-thumbnail","hentry","category-negocios","tag-ambev-abev3","tag-balancos-trimestrais","tag-resultado-das-empresas"],"yoast_head":"<!-- This site is optimized with the Yoast SEO plugin v24.4 - https:\/\/yoast.com\/wordpress\/plugins\/seo\/ -->\n<title>Ambev (ABEV3): lucro l\u00edquido cai 10,9% no 4T, para R$ 4,5 bilh\u00f5es<\/title>\n<meta name=\"description\" content=\"Segundo a Ambev, a queda ocorreu devido \u00e0 deprecia\u00e7\u00e3o cambial na Argentina e ao faseamento das provis\u00f5es de dedutibilidade fiscal do JCP.\" \/>\n<meta name=\"robots\" content=\"index, follow, max-snippet:-1, max-image-preview:large, max-video-preview:-1\" \/>\n<link rel=\"canonical\" href=\"https:\/\/www.suno.com.br\/noticias\/ambev-abev3-lucro-cai-4t23-gpj\/\" \/>\n<meta property=\"og:locale\" content=\"pt_BR\" \/>\n<meta property=\"og:type\" content=\"article\" \/>\n<meta property=\"og:title\" content=\"Ambev (ABEV3): lucro l\u00edquido cai 10,9% no 4T, para R$ 4,5 bilh\u00f5es\" \/>\n<meta property=\"og:description\" content=\"Segundo a Ambev, a queda ocorreu devido \u00e0 deprecia\u00e7\u00e3o cambial na Argentina e ao faseamento das provis\u00f5es de dedutibilidade fiscal do JCP.\" \/>\n<meta property=\"og:url\" content=\"https:\/\/www.suno.com.br\/noticias\/ambev-abev3-lucro-cai-4t23-gpj\/\" \/>\n<meta property=\"og:site_name\" content=\"Suno Not\u00edcias\" \/>\n<meta property=\"article:publisher\" content=\"https:\/\/facebook.com\/sunoresearch\" \/>\n<meta property=\"og:image\" content=\"https:\/\/files.sunoresearch.com.br\/n\/uploads\/2024\/01\/ambev-abev3.jpg\" \/>\n\t<meta property=\"og:image:width\" content=\"1200\" \/>\n\t<meta property=\"og:image:height\" content=\"800\" \/>\n\t<meta property=\"og:image:type\" content=\"image\/jpeg\" \/>\n<meta name=\"author\" content=\"Giovanni Porf\u00edrio Jacomino\" \/>\n<meta name=\"twitter:card\" content=\"summary_large_image\" \/>\n<meta name=\"twitter:creator\" content=\"@sunoresearch\" \/>\n<meta name=\"twitter:site\" content=\"@sunoresearch\" \/>\n<meta name=\"twitter:label1\" content=\"Escrito por\" \/>\n\t<meta name=\"twitter:data1\" content=\"Giovanni Porf\u00edrio Jacomino\" \/>\n\t<meta name=\"twitter:label2\" content=\"Est. tempo de leitura\" \/>\n\t<meta name=\"twitter:data2\" content=\"3 minutos\" \/>\n<script type=\"application\/ld+json\" class=\"yoast-schema-graph\">{\"@context\":\"https:\/\/schema.org\",\"@graph\":[{\"@type\":\"NewsArticle\",\"@id\":\"https:\/\/www.suno.com.br\/noticias\/ambev-abev3-lucro-cai-4t23-gpj\/#article\",\"isPartOf\":{\"@id\":\"https:\/\/www.suno.com.br\/noticias\/ambev-abev3-lucro-cai-4t23-gpj\/\"},\"author\":{\"name\":\"Giovanni Porf\u00edrio Jacomino\",\"@id\":\"https:\/\/www.suno.com.br\/noticias\/#\/schema\/person\/d0f32748bbca4bee871fa191ee4e2d40\"},\"headline\":\"Ambev (ABEV3): lucro l\u00edquido cai 10,9% no quarto trimestre, para R$ 4,5 bilh\u00f5es\",\"datePublished\":\"2024-02-29T10:54:09+00:00\",\"dateModified\":\"2024-02-29T10:54:15+00:00\",\"mainEntityOfPage\":{\"@id\":\"https:\/\/www.suno.com.br\/noticias\/ambev-abev3-lucro-cai-4t23-gpj\/\"},\"wordCount\":418,\"publisher\":{\"@id\":\"https:\/\/www.suno.com.br\/noticias\/#organization\"},\"image\":{\"@id\":\"https:\/\/www.suno.com.br\/noticias\/ambev-abev3-lucro-cai-4t23-gpj\/#primaryimage\"},\"thumbnailUrl\":\"https:\/\/files.sunoresearch.com.br\/n\/uploads\/2024\/01\/ambev-abev3.jpg\",\"keywords\":[\"AMBEV (ABEV3)\",\"balan\u00e7os trimestrais\",\"Resultado das empresas\"],\"articleSection\":[\"Neg\u00f3cios\"],\"inLanguage\":\"pt-BR\"},{\"@type\":\"WebPage\",\"@id\":\"https:\/\/www.suno.com.br\/noticias\/ambev-abev3-lucro-cai-4t23-gpj\/\",\"url\":\"https:\/\/www.suno.com.br\/noticias\/ambev-abev3-lucro-cai-4t23-gpj\/\",\"name\":\"Ambev (ABEV3): lucro l\u00edquido cai 10,9% no 4T, para R$ 4,5 bilh\u00f5es\",\"isPartOf\":{\"@id\":\"https:\/\/www.suno.com.br\/noticias\/#website\"},\"primaryImageOfPage\":{\"@id\":\"https:\/\/www.suno.com.br\/noticias\/ambev-abev3-lucro-cai-4t23-gpj\/#primaryimage\"},\"image\":{\"@id\":\"https:\/\/www.suno.com.br\/noticias\/ambev-abev3-lucro-cai-4t23-gpj\/#primaryimage\"},\"thumbnailUrl\":\"https:\/\/files.sunoresearch.com.br\/n\/uploads\/2024\/01\/ambev-abev3.jpg\",\"datePublished\":\"2024-02-29T10:54:09+00:00\",\"dateModified\":\"2024-02-29T10:54:15+00:00\",\"description\":\"Segundo a Ambev, a queda ocorreu devido \u00e0 deprecia\u00e7\u00e3o cambial na Argentina e ao faseamento das provis\u00f5es de dedutibilidade fiscal do JCP.\",\"breadcrumb\":{\"@id\":\"https:\/\/www.suno.com.br\/noticias\/ambev-abev3-lucro-cai-4t23-gpj\/#breadcrumb\"},\"inLanguage\":\"pt-BR\",\"potentialAction\":[{\"@type\":\"ReadAction\",\"target\":[\"https:\/\/www.suno.com.br\/noticias\/ambev-abev3-lucro-cai-4t23-gpj\/\"]}]},{\"@type\":\"ImageObject\",\"inLanguage\":\"pt-BR\",\"@id\":\"https:\/\/www.suno.com.br\/noticias\/ambev-abev3-lucro-cai-4t23-gpj\/#primaryimage\",\"url\":\"https:\/\/files.sunoresearch.com.br\/n\/uploads\/2024\/01\/ambev-abev3.jpg\",\"contentUrl\":\"https:\/\/files.sunoresearch.com.br\/n\/uploads\/2024\/01\/ambev-abev3.jpg\",\"width\":1200,\"height\":800,\"caption\":\"Ambev (ABEV3) - Foto: Reprodu\u00e7\u00e3o\"},{\"@type\":\"BreadcrumbList\",\"@id\":\"https:\/\/www.suno.com.br\/noticias\/ambev-abev3-lucro-cai-4t23-gpj\/#breadcrumb\",\"itemListElement\":[{\"@type\":\"ListItem\",\"position\":1,\"name\":\"Not\u00edcias\",\"item\":\"https:\/\/www.suno.com.br\/noticias\/\"},{\"@type\":\"ListItem\",\"position\":2,\"name\":\"Neg\u00f3cios\",\"item\":\"https:\/\/www.suno.com.br\/noticias\/negocios\/\"},{\"@type\":\"ListItem\",\"position\":3,\"name\":\"Ambev (ABEV3): lucro l\u00edquido cai 10,9% no quarto trimestre, para R$ 4,5 bilh\u00f5es\"}]},{\"@type\":\"WebSite\",\"@id\":\"https:\/\/www.suno.com.br\/noticias\/#website\",\"url\":\"https:\/\/www.suno.com.br\/noticias\/\",\"name\":\"Suno Not\u00edcias\",\"description\":\"Seu portal de informa\u00e7\u00e3o sobre o mundo dos investimentos\",\"publisher\":{\"@id\":\"https:\/\/www.suno.com.br\/noticias\/#organization\"},\"potentialAction\":[{\"@type\":\"SearchAction\",\"target\":{\"@type\":\"EntryPoint\",\"urlTemplate\":\"https:\/\/www.suno.com.br\/noticias\/?s={search_term_string}\"},\"query-input\":{\"@type\":\"PropertyValueSpecification\",\"valueRequired\":true,\"valueName\":\"search_term_string\"}}],\"inLanguage\":\"pt-BR\"},{\"@type\":\"Organization\",\"@id\":\"https:\/\/www.suno.com.br\/noticias\/#organization\",\"name\":\"Suno Not\u00edcias\",\"url\":\"https:\/\/www.suno.com.br\/noticias\/\",\"logo\":{\"@type\":\"ImageObject\",\"inLanguage\":\"pt-BR\",\"@id\":\"https:\/\/www.suno.com.br\/noticias\/#\/schema\/logo\/image\/\",\"url\":\"https:\/\/files.sunoresearch.com.br\/n\/uploads\/2021\/09\/suno-logo.png\",\"contentUrl\":\"https:\/\/files.sunoresearch.com.br\/n\/uploads\/2021\/09\/suno-logo.png\",\"width\":180,\"height\":180,\"caption\":\"Suno Not\u00edcias\"},\"image\":{\"@id\":\"https:\/\/www.suno.com.br\/noticias\/#\/schema\/logo\/image\/\"},\"sameAs\":[\"https:\/\/facebook.com\/sunoresearch\",\"https:\/\/x.com\/sunoresearch\",\"https:\/\/www.instagram.com\/suno\",\"https:\/\/www.linkedin.com\/company\/suno-research\/\",\"https:\/\/www.youtube.com\/c\/sunoresearch\"]},{\"@type\":\"Person\",\"@id\":\"https:\/\/www.suno.com.br\/noticias\/#\/schema\/person\/d0f32748bbca4bee871fa191ee4e2d40\",\"name\":\"Giovanni Porf\u00edrio Jacomino\",\"image\":{\"@type\":\"ImageObject\",\"inLanguage\":\"pt-BR\",\"@id\":\"https:\/\/www.suno.com.br\/noticias\/#\/schema\/person\/image\/\",\"url\":\"https:\/\/secure.gravatar.com\/avatar\/efb32e19b730a121cb7a80f41ffec01a?s=96&r=g\",\"contentUrl\":\"https:\/\/secure.gravatar.com\/avatar\/efb32e19b730a121cb7a80f41ffec01a?s=96&r=g\",\"caption\":\"Giovanni Porf\u00edrio Jacomino\"},\"description\":\"Giovanni Porf\u00edrio Jacomino \u00e9 jornalista formado pela Universidade Estadual de Londrina (UEL) e p\u00f3s-graduado em Produ\u00e7\u00e3o e Pr\u00e1ticas Jornal\u00edsticas na Contemporaneidade na Faculdade C\u00e1sper L\u00edbero (FCL). Foi editor web no Startupi e no Finsiders, atuando ainda como editor no TC Mover, portal de not\u00edcias da TradersClub, fazendo a cobertura de assuntos relacionados ao mercado financeiro interno e externo. Atualmente, \u00e9 Rep\u00f3rter do Suno Not\u00edcias.\",\"url\":\"https:\/\/www.suno.com.br\/noticias\/author\/giovanni-porfiriosuno-com-br\/\"}]}<\/script>\n<!-- \/ Yoast SEO plugin. -->","yoast_head_json":{"title":"Ambev (ABEV3): lucro l\u00edquido cai 10,9% no 4T, para R$ 4,5 bilh\u00f5es","description":"Segundo a Ambev, a queda ocorreu devido \u00e0 deprecia\u00e7\u00e3o cambial na Argentina e ao faseamento das provis\u00f5es de dedutibilidade fiscal do JCP.","robots":{"index":"index","follow":"follow","max-snippet":"max-snippet:-1","max-image-preview":"max-image-preview:large","max-video-preview":"max-video-preview:-1"},"canonical":"https:\/\/www.suno.com.br\/noticias\/ambev-abev3-lucro-cai-4t23-gpj\/","og_locale":"pt_BR","og_type":"article","og_title":"Ambev (ABEV3): lucro l\u00edquido cai 10,9% no 4T, para R$ 4,5 bilh\u00f5es","og_description":"Segundo a Ambev, a queda ocorreu devido \u00e0 deprecia\u00e7\u00e3o cambial na Argentina e ao faseamento das provis\u00f5es de dedutibilidade fiscal do JCP.","og_url":"https:\/\/www.suno.com.br\/noticias\/ambev-abev3-lucro-cai-4t23-gpj\/","og_site_name":"Suno Not\u00edcias","article_publisher":"https:\/\/facebook.com\/sunoresearch","og_image":[{"width":1200,"height":800,"url":"https:\/\/files.sunoresearch.com.br\/n\/uploads\/2024\/01\/ambev-abev3.jpg","type":"image\/jpeg"}],"author":"Giovanni Porf\u00edrio Jacomino","twitter_card":"summary_large_image","twitter_creator":"@sunoresearch","twitter_site":"@sunoresearch","twitter_misc":{"Escrito por":"Giovanni Porf\u00edrio Jacomino","Est. tempo de leitura":"3 minutos"},"schema":{"@context":"https:\/\/schema.org","@graph":[{"@type":"NewsArticle","@id":"https:\/\/www.suno.com.br\/noticias\/ambev-abev3-lucro-cai-4t23-gpj\/#article","isPartOf":{"@id":"https:\/\/www.suno.com.br\/noticias\/ambev-abev3-lucro-cai-4t23-gpj\/"},"author":{"name":"Giovanni Porf\u00edrio Jacomino","@id":"https:\/\/www.suno.com.br\/noticias\/#\/schema\/person\/d0f32748bbca4bee871fa191ee4e2d40"},"headline":"Ambev (ABEV3): lucro l\u00edquido cai 10,9% no quarto trimestre, para R$ 4,5 bilh\u00f5es","datePublished":"2024-02-29T10:54:09+00:00","dateModified":"2024-02-29T10:54:15+00:00","mainEntityOfPage":{"@id":"https:\/\/www.suno.com.br\/noticias\/ambev-abev3-lucro-cai-4t23-gpj\/"},"wordCount":418,"publisher":{"@id":"https:\/\/www.suno.com.br\/noticias\/#organization"},"image":{"@id":"https:\/\/www.suno.com.br\/noticias\/ambev-abev3-lucro-cai-4t23-gpj\/#primaryimage"},"thumbnailUrl":"https:\/\/files.sunoresearch.com.br\/n\/uploads\/2024\/01\/ambev-abev3.jpg","keywords":["AMBEV (ABEV3)","balan\u00e7os trimestrais","Resultado das empresas"],"articleSection":["Neg\u00f3cios"],"inLanguage":"pt-BR"},{"@type":"WebPage","@id":"https:\/\/www.suno.com.br\/noticias\/ambev-abev3-lucro-cai-4t23-gpj\/","url":"https:\/\/www.suno.com.br\/noticias\/ambev-abev3-lucro-cai-4t23-gpj\/","name":"Ambev (ABEV3): lucro l\u00edquido cai 10,9% no 4T, para R$ 4,5 bilh\u00f5es","isPartOf":{"@id":"https:\/\/www.suno.com.br\/noticias\/#website"},"primaryImageOfPage":{"@id":"https:\/\/www.suno.com.br\/noticias\/ambev-abev3-lucro-cai-4t23-gpj\/#primaryimage"},"image":{"@id":"https:\/\/www.suno.com.br\/noticias\/ambev-abev3-lucro-cai-4t23-gpj\/#primaryimage"},"thumbnailUrl":"https:\/\/files.sunoresearch.com.br\/n\/uploads\/2024\/01\/ambev-abev3.jpg","datePublished":"2024-02-29T10:54:09+00:00","dateModified":"2024-02-29T10:54:15+00:00","description":"Segundo a Ambev, a queda ocorreu devido \u00e0 deprecia\u00e7\u00e3o cambial na Argentina e ao faseamento das provis\u00f5es de dedutibilidade fiscal do JCP.","breadcrumb":{"@id":"https:\/\/www.suno.com.br\/noticias\/ambev-abev3-lucro-cai-4t23-gpj\/#breadcrumb"},"inLanguage":"pt-BR","potentialAction":[{"@type":"ReadAction","target":["https:\/\/www.suno.com.br\/noticias\/ambev-abev3-lucro-cai-4t23-gpj\/"]}]},{"@type":"ImageObject","inLanguage":"pt-BR","@id":"https:\/\/www.suno.com.br\/noticias\/ambev-abev3-lucro-cai-4t23-gpj\/#primaryimage","url":"https:\/\/files.sunoresearch.com.br\/n\/uploads\/2024\/01\/ambev-abev3.jpg","contentUrl":"https:\/\/files.sunoresearch.com.br\/n\/uploads\/2024\/01\/ambev-abev3.jpg","width":1200,"height":800,"caption":"Ambev (ABEV3) - Foto: Reprodu\u00e7\u00e3o"},{"@type":"BreadcrumbList","@id":"https:\/\/www.suno.com.br\/noticias\/ambev-abev3-lucro-cai-4t23-gpj\/#breadcrumb","itemListElement":[{"@type":"ListItem","position":1,"name":"Not\u00edcias","item":"https:\/\/www.suno.com.br\/noticias\/"},{"@type":"ListItem","position":2,"name":"Neg\u00f3cios","item":"https:\/\/www.suno.com.br\/noticias\/negocios\/"},{"@type":"ListItem","position":3,"name":"Ambev (ABEV3): lucro l\u00edquido cai 10,9% no quarto trimestre, para R$ 4,5 bilh\u00f5es"}]},{"@type":"WebSite","@id":"https:\/\/www.suno.com.br\/noticias\/#website","url":"https:\/\/www.suno.com.br\/noticias\/","name":"Suno Not\u00edcias","description":"Seu portal de informa\u00e7\u00e3o sobre o mundo dos investimentos","publisher":{"@id":"https:\/\/www.suno.com.br\/noticias\/#organization"},"potentialAction":[{"@type":"SearchAction","target":{"@type":"EntryPoint","urlTemplate":"https:\/\/www.suno.com.br\/noticias\/?s={search_term_string}"},"query-input":{"@type":"PropertyValueSpecification","valueRequired":true,"valueName":"search_term_string"}}],"inLanguage":"pt-BR"},{"@type":"Organization","@id":"https:\/\/www.suno.com.br\/noticias\/#organization","name":"Suno Not\u00edcias","url":"https:\/\/www.suno.com.br\/noticias\/","logo":{"@type":"ImageObject","inLanguage":"pt-BR","@id":"https:\/\/www.suno.com.br\/noticias\/#\/schema\/logo\/image\/","url":"https:\/\/files.sunoresearch.com.br\/n\/uploads\/2021\/09\/suno-logo.png","contentUrl":"https:\/\/files.sunoresearch.com.br\/n\/uploads\/2021\/09\/suno-logo.png","width":180,"height":180,"caption":"Suno Not\u00edcias"},"image":{"@id":"https:\/\/www.suno.com.br\/noticias\/#\/schema\/logo\/image\/"},"sameAs":["https:\/\/facebook.com\/sunoresearch","https:\/\/x.com\/sunoresearch","https:\/\/www.instagram.com\/suno","https:\/\/www.linkedin.com\/company\/suno-research\/","https:\/\/www.youtube.com\/c\/sunoresearch"]},{"@type":"Person","@id":"https:\/\/www.suno.com.br\/noticias\/#\/schema\/person\/d0f32748bbca4bee871fa191ee4e2d40","name":"Giovanni Porf\u00edrio Jacomino","image":{"@type":"ImageObject","inLanguage":"pt-BR","@id":"https:\/\/www.suno.com.br\/noticias\/#\/schema\/person\/image\/","url":"https:\/\/secure.gravatar.com\/avatar\/efb32e19b730a121cb7a80f41ffec01a?s=96&r=g","contentUrl":"https:\/\/secure.gravatar.com\/avatar\/efb32e19b730a121cb7a80f41ffec01a?s=96&r=g","caption":"Giovanni Porf\u00edrio Jacomino"},"description":"Giovanni Porf\u00edrio Jacomino \u00e9 jornalista formado pela Universidade Estadual de Londrina (UEL) e p\u00f3s-graduado em Produ\u00e7\u00e3o e Pr\u00e1ticas Jornal\u00edsticas na Contemporaneidade na Faculdade C\u00e1sper L\u00edbero (FCL). Foi editor web no Startupi e no Finsiders, atuando ainda como editor no TC Mover, portal de not\u00edcias da TradersClub, fazendo a cobertura de assuntos relacionados ao mercado financeiro interno e externo. Atualmente, \u00e9 Rep\u00f3rter do Suno Not\u00edcias.","url":"https:\/\/www.suno.com.br\/noticias\/author\/giovanni-porfiriosuno-com-br\/"}]}},"default_loop_html":"<div class=\"cardsPage__listCard__boxs\"><div class=\"cardsPage__listCard__boxs__img\"><a href=\"https:\/\/www.suno.com.br\/noticias\/ambev-abev3-lucro-cai-4t23-gpj\/\"><img class=\"mask\" src=\"https:\/\/www.suno.com.br\/noticias\/wp-content\/themes\/suno\/resources\/images\/spotlight\/spotlight1img\/bg-mask.png\" alt=\"Image Mask\"\/><img src=\"https:\/\/files.sunoresearch.com.br\/n\/uploads\/2024\/01\/ambev-abev3-400x200.jpg\" alt=\"Ambev (ABEV3): lucro l\u00edquido cai 10,9% no quarto trimestre, para R$ 4,5 bilh\u00f5es\"\/><\/a><span class=\"spotlightCategory\"><a href=\"https:\/\/www.suno.com.br\/noticias\/negocios\/\">Neg\u00f3cios<\/a><\/span><\/div><div class=\"cardsPage__listCard__boxs__content\"><a href=\"https:\/\/www.suno.com.br\/noticias\/ambev-abev3-lucro-cai-4t23-gpj\/\"><h2 class=\"content__title\">Ambev (ABEV3): lucro l\u00edquido cai 10,9% no quarto trimestre, para R$ 4,5 bilh\u00f5es<\/h2><\/a><div class=\"newsContent__article__meta\"><div class=\"newsContent__article__meta__authorBox\"><a href=\"https:\/\/www.suno.com.br\/noticias\/author\/giovanni-porfiriosuno-com-br\/\" class=\"authorBox__avatar noMobi\"><img src=\"https:\/\/files.sunoresearch.com.br\/n\/uploads\/2024\/05\/DSCF4115-1-1-150x150.webp\" alt=\"Giovanni Porf\u00edrio Jacomino\"><\/a><div class=\"authorBox__name\"><span>por\n\t\t\t<a href=\"https:\/\/www.suno.com.br\/noticias\/author\/giovanni-porfiriosuno-com-br\/\"><span itemprop=\"author\">Giovanni Porf\u00edrio Jacomino<\/span><\/a><\/span><time datetime=\"2024-02-29T07:54:09-03:00\" itemprop=\"datePublished\">29\/02\/2024 07:54<\/time><\/div><\/div><\/div><\/div><\/div>","single_layout":"posts","amp_enabled":true,"_links":{"self":[{"href":"https:\/\/www.suno.com.br\/noticias\/wp-json\/wp\/v2\/posts\/527927"}],"collection":[{"href":"https:\/\/www.suno.com.br\/noticias\/wp-json\/wp\/v2\/posts"}],"about":[{"href":"https:\/\/www.suno.com.br\/noticias\/wp-json\/wp\/v2\/types\/post"}],"author":[{"embeddable":true,"href":"https:\/\/www.suno.com.br\/noticias\/wp-json\/wp\/v2\/users\/313"}],"replies":[{"embeddable":true,"href":"https:\/\/www.suno.com.br\/noticias\/wp-json\/wp\/v2\/comments?post=527927"}],"version-history":[{"count":2,"href":"https:\/\/www.suno.com.br\/noticias\/wp-json\/wp\/v2\/posts\/527927\/revisions"}],"predecessor-version":[{"id":527954,"href":"https:\/\/www.suno.com.br\/noticias\/wp-json\/wp\/v2\/posts\/527927\/revisions\/527954"}],"wp:featuredmedia":[{"embeddable":true,"href":"https:\/\/www.suno.com.br\/noticias\/wp-json\/wp\/v2\/media\/514491"}],"wp:attachment":[{"href":"https:\/\/www.suno.com.br\/noticias\/wp-json\/wp\/v2\/media?parent=527927"}],"wp:term":[{"taxonomy":"category","embeddable":true,"href":"https:\/\/www.suno.com.br\/noticias\/wp-json\/wp\/v2\/categories?post=527927"},{"taxonomy":"post_tag","embeddable":true,"href":"https:\/\/www.suno.com.br\/noticias\/wp-json\/wp\/v2\/tags?post=527927"},{"taxonomy":"suno_strategy","embeddable":true,"href":"https:\/\/www.suno.com.br\/noticias\/wp-json\/wp\/v2\/suno_strategy?post=527927"}],"curies":[{"name":"wp","href":"https:\/\/api.w.org\/{rel}","templated":true}]}}